{"id":7,"name":"Gustavo Montenegro","url":"","description":"Periodista, escritor, contador de historias. Naci\u00f3 en Guatemala, 1971. Egresado de la Carrera de Comunicaci\u00f3n Universidad Rafael Land\u00edvar. Fue docente universitario y ha trabajado en varios medios de comunicaci\u00f3n, entre ellos Prensa Libre, entre 1996 y 2022. Actualmente dirige SoyMigrante.com\/revista","link":"https:\/\/soymigrante.com\/revista\/author\/gustavo\/","slug":"gustavo","avatar_urls":{"24":"https:\/\/soymigrante.com\/revista\/wp-content\/litespeed\/avatar\/cf58c0fecfb5f4204972e53debc356ff.jpg?ver=1777142961","48":"https:\/\/soymigrante.com\/revista\/wp-content\/litespeed\/avatar\/bbae93117c65096fe933e45c5027b2b3.jpg?ver=1777142961","96":"https:\/\/soymigrante.com\/revista\/wp-content\/litespeed\/avatar\/995d60cb45e4d804caf3a157af068370.jpg?ver=1777072174"},"meta":[],"acf":[],"elementor_introduction":{"yoast-introduction":true,"aioseo-introduction":true,"ai-get-started-announcement":true,"globals_introduction":true,"favorites-notice":true,"e-apps":true,"ai_promotion_introduction_code":true,"ai_promotion_introduction_media-edit":true,"ai_promotion_introduction_media":true,"ai_promotion_introduction_textarea":true,"ai_promotion_introduction_container":true,"ai_get_started":true,"copilot-promotion-opt-in-feedback":true,"kit_elements_defaults_create_dialog":true,"e-ai-attachment-badge":true,"e-editor-one-notice-pointer":true},"_links":{"self":[{"href":"https:\/\/soymigrante.com\/revista\/wp-json\/wp\/v2\/users\/7","targetHints":{"allow":["GET"]}}],"collection":[{"href":"https:\/\/soymigrante.com\/revista\/wp-json\/wp\/v2\/users"}]}}