{"id":23,"name":"Beatriz Tercero","url":"","description":"Comunicadora guatemalteca con experiencia de m\u00e1s de 10 a\u00f1os en actualidad nacional e internacional, cultura y periodismo de soluciones. Tambi\u00e9n ha laborado en comunicaci\u00f3n institucional y manejo de redes sociales.","link":"https:\/\/soymigrante.com\/revista\/author\/beatriz-tercero\/","slug":"beatriz-tercero","avatar_urls":{"24":"https:\/\/soymigrante.com\/revista\/wp-content\/litespeed\/avatar\/f297dd41110a87eeeab809ea65ac418e.jpg?ver=1777134241","48":"https:\/\/soymigrante.com\/revista\/wp-content\/litespeed\/avatar\/bdccd6a1c7e15a98ea22b0ebae1bf176.jpg?ver=1777134241","96":"https:\/\/soymigrante.com\/revista\/wp-content\/litespeed\/avatar\/bd9d8802a609662631705b4ad2ffc66f.jpg?ver=1777079136"},"meta":[],"acf":[],"elementor_introduction":{"ai-get-started-announcement":true,"aioseo-introduction":true,"globals_introduction":true},"_links":{"self":[{"href":"https:\/\/soymigrante.com\/revista\/wp-json\/wp\/v2\/users\/23","targetHints":{"allow":["GET"]}}],"collection":[{"href":"https:\/\/soymigrante.com\/revista\/wp-json\/wp\/v2\/users"}]}}