{"id":9994,"date":"2024-10-04T10:57:43","date_gmt":"2024-10-04T16:57:43","guid":{"rendered":"https:\/\/soymigrante.com\/revista\/?p=9994"},"modified":"2024-10-04T10:57:44","modified_gmt":"2024-10-04T16:57:44","slug":"tips-y-tutoriales-para-mejorar-retratos-y-fotografias-de-productos","status":"publish","type":"post","link":"https:\/\/soymigrante.com\/revista\/tips-y-tutoriales-para-mejorar-retratos-y-fotografias-de-productos\/","title":{"rendered":"Tips y tutoriales para mejorar retratos y fotograf\u00edas de productos"},"content":{"rendered":"\t\t<div data-elementor-type=\"wp-post\" data-elementor-id=\"9994\" class=\"elementor elementor-9994\" data-elementor-post-type=\"post\">\n\t\t\t\t<div data-particle_enable=\"false\" data-particle-mobile-disabled=\"false\" class=\"elementor-element elementor-element-419f58e e-flex e-con-boxed e-con e-parent\" data-id=\"419f58e\" data-element_type=\"container\" data-e-type=\"container\">\n\t\t\t\t\t<div class=\"e-con-inner\">\n\t\t\t\t<div class=\"elementor-element elementor-element-d978a31 elementor-widget elementor-widget-heading\" data-id=\"d978a31\" data-element_type=\"widget\" data-e-type=\"widget\" data-widget_type=\"heading.default\">\n\t\t\t\t\t<h2 class=\"elementor-heading-title elementor-size-default\">Con las herramientas adecuadas y una dedicaci\u00f3n constante al aprendizaje, cualquiera puede mejorar sus habilidades fotogr\u00e1ficas.<\/h2>\t\t\t\t<\/div>\n\t\t\t\t\t<\/div>\n\t\t\t\t<\/div>\n\t\t<div data-particle_enable=\"false\" data-particle-mobile-disabled=\"false\" class=\"elementor-element elementor-element-92eb841 e-flex e-con-boxed e-con e-parent\" data-id=\"92eb841\" data-element_type=\"container\" data-e-type=\"container\">\n\t\t\t\t\t<div class=\"e-con-inner\">\n\t\t\t\t<div class=\"elementor-element elementor-element-0a84e88 elementor-widget elementor-widget-text-editor\" data-id=\"0a84e88\" data-element_type=\"widget\" data-e-type=\"widget\" data-widget_type=\"text-editor.default\">\n\t\t\t\t\t\t\t\t\t<p>En la era digital, las c\u00e1maras en los smartphones han evolucionado hasta niveles sorprendentes, permitiendo que cualquiera pueda capturar im\u00e1genes de alta calidad sin la necesidad de equipos profesionales. Sin embargo,<a href=\"https:\/\/soymigrante.com\/revista\/category\/mejor\/\" target=\"_blank\" rel=\"noopener\"> tomar una excelente fotograf\u00eda va m\u00e1s all\u00e1 de apuntar y disparar;<\/a> requiere una combinaci\u00f3n de conocimientos t\u00e9cnicos, creatividad y pr\u00e1ctica. Afortunadamente, existen aplicaciones y tutoriales que te pueden guiar para dominar el arte de la fotograf\u00eda.<\/p><p>Aplicaciones imprescindibles para tomar y editar fotos:<\/p>\t\t\t\t\t\t\t\t<\/div>\n\t\t\t\t\t<\/div>\n\t\t\t\t<\/div>\n\t\t<div data-particle_enable=\"false\" data-particle-mobile-disabled=\"false\" class=\"elementor-element elementor-element-d4794be e-flex e-con-boxed e-con e-parent\" data-id=\"d4794be\" data-element_type=\"container\" data-e-type=\"container\">\n\t\t\t\t\t<div class=\"e-con-inner\">\n\t\t\t\t<div class=\"elementor-element elementor-element-9e23c93 elementor-widget elementor-widget-image\" data-id=\"9e23c93\" data-element_type=\"widget\" data-e-type=\"widget\" data-widget_type=\"image.default\">\n\t\t\t\t\t\t\t\t\t\t\t\t\t\t\t<img fetchpriority=\"high\" decoding=\"async\" width=\"768\" height=\"510\" src=\"https:\/\/soymigrante.com\/revista\/wp-content\/uploads\/2024\/10\/Aplicaciones-y-tutoriales-para-mejorar-tu-fotografias-2-1024x680.webp\" class=\"attachment-large size-large wp-image-9996\" alt=\"Captura de tel\u00e9fono m\u00f3vil tomando una foto de una orilla rocosa cerca del agua, destacando la tecnolog\u00eda y fotograf\u00eda en la vida cotidiana.\" srcset=\"https:\/\/soymigrante.com\/revista\/wp-content\/uploads\/2024\/10\/Aplicaciones-y-tutoriales-para-mejorar-tu-fotografias-2-1024x680.webp 1024w, https:\/\/soymigrante.com\/revista\/wp-content\/uploads\/2024\/10\/Aplicaciones-y-tutoriales-para-mejorar-tu-fotografias-2-300x199.webp 300w, https:\/\/soymigrante.com\/revista\/wp-content\/uploads\/2024\/10\/Aplicaciones-y-tutoriales-para-mejorar-tu-fotografias-2-768x510.webp 768w, https:\/\/soymigrante.com\/revista\/wp-content\/uploads\/2024\/10\/Aplicaciones-y-tutoriales-para-mejorar-tu-fotografias-2-750x498.webp 750w, https:\/\/soymigrante.com\/revista\/wp-content\/uploads\/2024\/10\/Aplicaciones-y-tutoriales-para-mejorar-tu-fotografias-2-1140x757.webp 1140w, https:\/\/soymigrante.com\/revista\/wp-content\/uploads\/2024\/10\/Aplicaciones-y-tutoriales-para-mejorar-tu-fotografias-2.webp 1280w\" sizes=\"(max-width: 768px) 100vw, 768px\" title=\"Aplicaciones y tutoriales para mejorar tu fotografias 2 \u2013 SoyMigrante.com REVISTA\" \/>\t\t\t\t\t\t\t\t\t\t\t\t\t\t\t<\/div>\n\t\t\t\t\t<\/div>\n\t\t\t\t<\/div>\n\t\t<div data-particle_enable=\"false\" data-particle-mobile-disabled=\"false\" class=\"elementor-element elementor-element-c47dccb e-flex e-con-boxed e-con e-parent\" data-id=\"c47dccb\" data-element_type=\"container\" data-e-type=\"container\">\n\t\t\t\t\t<div class=\"e-con-inner\">\n\t\t\t\t<div class=\"elementor-element elementor-element-71ce217 elementor-widget elementor-widget-text-editor\" data-id=\"71ce217\" data-element_type=\"widget\" data-e-type=\"widget\" data-widget_type=\"text-editor.default\">\n\t\t\t\t\t\t\t\t\t<div><a href=\"https:\/\/www.vsco.co\/\" target=\"_blank\" rel=\"noopener\"><strong>1. VSCO:<\/strong><\/a> Esta popular aplicaci\u00f3n ofrece una amplia gama de filtros y herramientas de edici\u00f3n. Con una interfaz f\u00e1cil de usar, te permite ajustar la exposici\u00f3n, el contraste, la saturaci\u00f3n y m\u00e1s. Su comunidad tambi\u00e9n inspira a los usuarios a aprender nuevas t\u00e9cnicas.<\/div><div><strong>2.<a href=\"https:\/\/play.google.com\/store\/apps\/details?id=com.niksoftware.snapseed&amp;hl=en&amp;pli=1\" target=\"_blank\" rel=\"noopener\">Snapseed<\/a>:<\/strong> Desarrollada por Google, Snapseed es conocida por su poder de edici\u00f3n avanzada. Desde ajustes b\u00e1sicos como el brillo, hasta funciones m\u00e1s complejas como el ajuste selectivo, es ideal para quienes buscan controlar cada detalle de sus fotos.<\/div><div><strong>3.<a href=\"https:\/\/www.adobe.com\/la\/products\/photoshop-lightroom\/campaign\/pricing.html?gclid=CjwKCAjwgfm3BhBeEiwAFfxrGyvYu_Rp8zJd1YOR_cSF_m5F7AyWmYvsDQQap0izZWJNojbZaIb79hoCKhcQAvD_BwE&amp;sdid=19SCDFSM&amp;mv=search&amp;mv2=paidsearch&amp;ef_id=CjwKCAjwgfm3BhBeEiwAFfxrGyvYu_Rp8zJd1YOR_cSF_m5F7AyWmYvsDQQap0izZWJNojbZaIb79hoCKhcQAvD_BwE:G:s&amp;s_kwcid=AL!3085!3!459896392444!e!!g!!adobe%20lightroom!9499870559!97813450558&amp;gad_source=1\" target=\"_blank\" rel=\"noopener\">Adobe Lightroom:<\/a><\/strong> Una versi\u00f3n m\u00f3vil del famoso programa de edici\u00f3n fotogr\u00e1fica, Lightroom permite ajustar las luces, sombras, colores y detalles de las fotos con precisi\u00f3n. Su ventaja es la capacidad de trabajar con archivos RAW, permitiendo una edici\u00f3n m\u00e1s profunda y profesional.<\/div><div><strong>4.<a href=\"https:\/\/www.procamera-app.com\/en\/\" target=\"_blank\" rel=\"noopener\">ProCamera<\/a>:<\/strong> Esta app ofrece controles manuales para la c\u00e1mara de tu smartphone, como ISO, velocidad de obturaci\u00f3n y enfoque. Ideal para quienes desean tener m\u00e1s control sobre sus tomas, simulando la experiencia de usar una c\u00e1mara DSLR.<\/div>\t\t\t\t\t\t\t\t<\/div>\n\t\t\t\t\t<\/div>\n\t\t\t\t<\/div>\n\t\t<div data-particle_enable=\"false\" data-particle-mobile-disabled=\"false\" class=\"elementor-element elementor-element-60287a5 e-flex e-con-boxed e-con e-parent\" data-id=\"60287a5\" data-element_type=\"container\" data-e-type=\"container\">\n\t\t\t\t\t<div class=\"e-con-inner\">\n\t\t\t\t<div class=\"elementor-element elementor-element-8fcf603 elementor-widget elementor-widget-video\" data-id=\"8fcf603\" data-element_type=\"widget\" data-e-type=\"widget\" data-settings=\"{&quot;youtube_url&quot;:&quot;https:\\\/\\\/www.youtube.com\\\/watch?v=GlRLVoi6yt4&quot;,&quot;video_type&quot;:&quot;youtube&quot;,&quot;controls&quot;:&quot;yes&quot;}\" data-widget_type=\"video.default\">\n\t\t\t\t\t\t\t<div class=\"elementor-wrapper elementor-open-inline\">\n\t\t\t<div class=\"elementor-video\"><\/div>\t\t<\/div>\n\t\t\t\t\t\t<\/div>\n\t\t\t\t\t<\/div>\n\t\t\t\t<\/div>\n\t\t<div data-particle_enable=\"false\" data-particle-mobile-disabled=\"false\" class=\"elementor-element elementor-element-56bafdc e-flex e-con-boxed e-con e-parent\" data-id=\"56bafdc\" data-element_type=\"container\" data-e-type=\"container\">\n\t\t\t\t\t<div class=\"e-con-inner\">\n\t\t\t\t<div class=\"elementor-element elementor-element-e0763d8 elementor-widget elementor-widget-heading\" data-id=\"e0763d8\" data-element_type=\"widget\" data-e-type=\"widget\" data-widget_type=\"heading.default\">\n\t\t\t\t\t<h3 class=\"elementor-heading-title elementor-size-default\">Tutoriales en l\u00ednea para perfeccionar tus fotos<\/h3>\t\t\t\t<\/div>\n\t\t\t\t\t<\/div>\n\t\t\t\t<\/div>\n\t\t<div data-particle_enable=\"false\" data-particle-mobile-disabled=\"false\" class=\"elementor-element elementor-element-03c1616 e-flex e-con-boxed e-con e-parent\" data-id=\"03c1616\" data-element_type=\"container\" data-e-type=\"container\">\n\t\t\t\t\t<div class=\"e-con-inner\">\n\t\t\t\t<div class=\"elementor-element elementor-element-f746062 elementor-widget elementor-widget-text-editor\" data-id=\"f746062\" data-element_type=\"widget\" data-e-type=\"widget\" data-widget_type=\"text-editor.default\">\n\t\t\t\t\t\t\t\t\t<p>El acceso a tutoriales en l\u00ednea ha democratizado el aprendizaje de la fotograf\u00eda, permitiendo que cualquier persona con ganas de mejorar pueda hacerlo a su propio ritmo. Aqu\u00ed algunos de los mejores recursos:<\/p>\t\t\t\t\t\t\t\t<\/div>\n\t\t\t\t\t<\/div>\n\t\t\t\t<\/div>\n\t\t<div data-particle_enable=\"false\" data-particle-mobile-disabled=\"false\" class=\"elementor-element elementor-element-097ec3f e-flex e-con-boxed e-con e-parent\" data-id=\"097ec3f\" data-element_type=\"container\" data-e-type=\"container\">\n\t\t\t\t\t<div class=\"e-con-inner\">\n\t\t\t\t<div class=\"elementor-element elementor-element-cd8e646 elementor-widget elementor-widget-text-editor\" data-id=\"cd8e646\" data-element_type=\"widget\" data-e-type=\"widget\" data-widget_type=\"text-editor.default\">\n\t\t\t\t\t\t\t\t\t<div><strong>1.<a href=\"https:\/\/www.youtube.com\/\" target=\"_blank\" rel=\"noopener\"> YouTube:<\/a><\/strong> Plataformas como YouTube albergan miles de tutoriales gratuitos, desde los m\u00e1s b\u00e1sicos hasta los m\u00e1s avanzados. Canales como Peter McKinnon y Mango Street ofrecen consejos sobre composici\u00f3n, edici\u00f3n y t\u00e9cnicas espec\u00edficas, todo de manera accesible para fot\u00f3grafos de cualquier nivel.<\/div><div><strong>2.<a href=\"https:\/\/www.skillshare.com\/en\/\" target=\"_blank\" rel=\"noopener\">Skillshare<\/a>:<\/strong> Esta plataforma de aprendizaje ofrece cursos de fotograf\u00eda impartidos por profesionales. Aunque es de pago, tiene un per\u00edodo de prueba gratuito que permite acceder a clases sobre temas como fotograf\u00eda con luz natural, retrato y edici\u00f3n avanzada.<\/div><div><strong>3.<a href=\"https:\/\/www.udemy.com\/topic\/coaching\/?utm_source=adwords&amp;utm_medium=udemyads&amp;utm_campaign=Branded-Topic_la.ES_cc.LATAM&amp;campaigntype=Search&amp;portfolio=BrandTopic&amp;language=ES&amp;product=Course&amp;test=&amp;audience=Keyword&amp;topic=&amp;priority=&amp;utm_content=deal4584&amp;utm_term=_._ag_122876100163_._ad_604167449248_._kw_entrenamiento%20de%20udemy_._de_c_._dm__._pl__._ti_kwd-1301459262185_._li_9069801_._pd__._&amp;matchtype=b&amp;gad_source=1&amp;gclid=CjwKCAjwgfm3BhBeEiwAFfxrG3DokwhVhuWh1HOwylNWHmF_qYtcOxmyLCHO5IRS3MdflbrhMt2eARoC3BQQAvD_BwE\" target=\"_blank\" rel=\"noopener\">Udemy<\/a>:<\/strong> Con una oferta similar a Skillshare, Udemy ofrece cursos de pago sobre diversas \u00e1reas de la fotograf\u00eda, tanto para principiantes como para usuarios avanzados que buscan mejorar en \u00e1reas espec\u00edficas, como fotograf\u00eda de paisajes o retratos.<\/div><div><strong>4.<a href=\"https:\/\/www.masterclass.com\/?&amp;campaignid=20654081747&amp;adgroupid=160260243731&amp;adid=710854529245&amp;utm_term=masterclass&amp;utm_campaign=%5BMC%5D+%7C+Search+%7C+Brand+%7C+Keywords_Consolidated_EM_PM_BM+%7C+ROW_US+%7C+EN+%7C+MAX+%7C+EG&amp;utm_source=google&amp;utm_medium=search&amp;utm_content=710854529245&amp;hsa_acc=9801000675&amp;hsa_cam=16376419640&amp;hsa_grp=160260243731&amp;hsa_ad=710854529245&amp;hsa_src=g&amp;hsa_tgt=kwd-66880027&amp;hsa_kw=masterclass&amp;hsa_mt=e&amp;hsa_net=adwords&amp;hsa_ver=3&amp;gad_source=1&amp;gclid=CjwKCAjwgfm3BhBeEiwAFfxrG1JG_GpnFMVmJeNjUB9PqgEEWOPO3rbgMExOeqjwZqJkL0GKKugTSRoC4hIQAvD_BwE&amp;gclsrc=aw.ds\" target=\"_blank\" rel=\"noopener\">MasterClass<\/a>:<\/strong> Aqu\u00ed, profesionales reconocidos, como Annie Leibovitz, comparten su experiencia y ense\u00f1an las mejores t\u00e9cnicas de composici\u00f3n, iluminaci\u00f3n y estilo.<\/div>\t\t\t\t\t\t\t\t<\/div>\n\t\t\t\t\t<\/div>\n\t\t\t\t<\/div>\n\t\t<div data-particle_enable=\"false\" data-particle-mobile-disabled=\"false\" class=\"elementor-element elementor-element-95c34c3 e-flex e-con-boxed e-con e-parent\" data-id=\"95c34c3\" data-element_type=\"container\" data-e-type=\"container\">\n\t\t\t\t\t<div class=\"e-con-inner\">\n\t\t\t\t<div class=\"elementor-element elementor-element-bd2d181 elementor-widget elementor-widget-video\" data-id=\"bd2d181\" data-element_type=\"widget\" data-e-type=\"widget\" data-settings=\"{&quot;youtube_url&quot;:&quot;https:\\\/\\\/www.youtube.com\\\/watch?v=BMiY2z9-LsM&quot;,&quot;video_type&quot;:&quot;youtube&quot;,&quot;controls&quot;:&quot;yes&quot;}\" data-widget_type=\"video.default\">\n\t\t\t\t\t\t\t<div class=\"elementor-wrapper elementor-open-inline\">\n\t\t\t<div class=\"elementor-video\"><\/div>\t\t<\/div>\n\t\t\t\t\t\t<\/div>\n\t\t\t\t\t<\/div>\n\t\t\t\t<\/div>\n\t\t<div data-particle_enable=\"false\" data-particle-mobile-disabled=\"false\" class=\"elementor-element elementor-element-d55585f e-flex e-con-boxed e-con e-parent\" data-id=\"d55585f\" data-element_type=\"container\" data-e-type=\"container\">\n\t\t\t\t\t<div class=\"e-con-inner\">\n\t\t\t\t<div class=\"elementor-element elementor-element-4115f25 elementor-widget elementor-widget-heading\" data-id=\"4115f25\" data-element_type=\"widget\" data-e-type=\"widget\" data-widget_type=\"heading.default\">\n\t\t\t\t\t<h3 class=\"elementor-heading-title elementor-size-default\">Consejos finales para mejorar tus fotos<\/h3>\t\t\t\t<\/div>\n\t\t\t\t\t<\/div>\n\t\t\t\t<\/div>\n\t\t<div data-particle_enable=\"false\" data-particle-mobile-disabled=\"false\" class=\"elementor-element elementor-element-f2a07af e-flex e-con-boxed e-con e-parent\" data-id=\"f2a07af\" data-element_type=\"container\" data-e-type=\"container\">\n\t\t\t\t\t<div class=\"e-con-inner\">\n\t\t\t\t<div class=\"elementor-element elementor-element-424d46c elementor-widget elementor-widget-text-editor\" data-id=\"424d46c\" data-element_type=\"widget\" data-e-type=\"widget\" data-widget_type=\"text-editor.default\">\n\t\t\t\t\t\t\t\t\t<p>Adem\u00e1s de contar con las herramientas y el conocimiento adecuado, la pr\u00e1ctica es esencial para dominar la fotograf\u00eda. Aqu\u00ed algunos consejos clave:<\/p>\t\t\t\t\t\t\t\t<\/div>\n\t\t\t\t\t<\/div>\n\t\t\t\t<\/div>\n\t\t<div data-particle_enable=\"false\" data-particle-mobile-disabled=\"false\" class=\"elementor-element elementor-element-a1ef302 e-flex e-con-boxed e-con e-parent\" data-id=\"a1ef302\" data-element_type=\"container\" data-e-type=\"container\">\n\t\t\t\t\t<div class=\"e-con-inner\">\n\t\t\t\t<div class=\"elementor-element elementor-element-67c2c50 elementor-widget elementor-widget-text-editor\" data-id=\"67c2c50\" data-element_type=\"widget\" data-e-type=\"widget\" data-widget_type=\"text-editor.default\">\n\t\t\t\t\t\t\t\t\t<div><strong>\u2022Explora la luz:<\/strong> La iluminaci\u00f3n es uno de los aspectos m\u00e1s importantes en la fotograf\u00eda. Juega con la luz natural y artificial para obtener efectos \u00fanicos en tus fotos.<\/div><div><strong>\u2022Composici\u00f3n:<\/strong> Aplica la regla de los tercios, l\u00edneas, gu\u00eda y otros principios para lograr una composici\u00f3n equilibrada y visualmente atractiva.<\/div><div><strong>\u2022Dispara en RAW:<\/strong> Si tu smartphone lo permite, toma fotos en formato RAW para tener m\u00e1s libertad a la hora de editarlas sin perder calidad.<\/div><div><strong>\u2022S\u00e9 creativo:<\/strong> Experimenta con \u00e1ngulos, perspectivas y estilos. La fotograf\u00eda es un arte, y no hay una \u00fanica manera de hacerlo bien.<\/div>\t\t\t\t\t\t\t\t<\/div>\n\t\t\t\t\t<\/div>\n\t\t\t\t<\/div>\n\t\t<div data-particle_enable=\"false\" data-particle-mobile-disabled=\"false\" class=\"elementor-element elementor-element-0bb4519 e-flex e-con-boxed e-con e-parent\" data-id=\"0bb4519\" data-element_type=\"container\" data-e-type=\"container\">\n\t\t\t\t\t<div class=\"e-con-inner\">\n\t\t\t\t<div class=\"elementor-element elementor-element-bca5c7a elementor-widget elementor-widget-text-editor\" data-id=\"bca5c7a\" data-element_type=\"widget\" data-e-type=\"widget\" data-widget_type=\"text-editor.default\">\n\t\t\t\t\t\t\t\t\t<p>Ya sea que quieras capturar los momentos cotidianos o desarrollar un estilo art\u00edstico, las aplicaciones y tutoriales disponibles son un excelente punto de partida para convertirte en un mejor fot\u00f3grafo.<\/p>\t\t\t\t\t\t\t\t<\/div>\n\t\t\t\t\t<\/div>\n\t\t\t\t<\/div>\n\t\t<div data-particle_enable=\"false\" data-particle-mobile-disabled=\"false\" class=\"elementor-element elementor-element-196f65e e-flex e-con-boxed e-con e-parent\" data-id=\"196f65e\" data-element_type=\"container\" data-e-type=\"container\">\n\t\t\t\t\t<div class=\"e-con-inner\">\n\t\t\t\t<div class=\"elementor-element elementor-element-41d729a elementor-widget elementor-widget-video\" data-id=\"41d729a\" data-element_type=\"widget\" data-e-type=\"widget\" data-settings=\"{&quot;youtube_url&quot;:&quot;https:\\\/\\\/www.youtube.com\\\/watch?v=Wsw7EBqHnyc&quot;,&quot;video_type&quot;:&quot;youtube&quot;,&quot;controls&quot;:&quot;yes&quot;}\" data-widget_type=\"video.default\">\n\t\t\t\t\t\t\t<div class=\"elementor-wrapper elementor-open-inline\">\n\t\t\t<div class=\"elementor-video\"><\/div>\t\t<\/div>\n\t\t\t\t\t\t<\/div>\n\t\t\t\t\t<\/div>\n\t\t\t\t<\/div>\n\t\t<div data-particle_enable=\"false\" data-particle-mobile-disabled=\"false\" class=\"elementor-element elementor-element-886429a e-flex e-con-boxed e-con e-parent\" data-id=\"886429a\" data-element_type=\"container\" data-e-type=\"container\">\n\t\t\t\t\t<div class=\"e-con-inner\">\n\t\t\t\t<div class=\"elementor-element elementor-element-f63f327 elementor-widget elementor-widget-heading\" data-id=\"f63f327\" data-element_type=\"widget\" data-e-type=\"widget\" data-widget_type=\"heading.default\">\n\t\t\t\t\t<h2 class=\"elementor-heading-title elementor-size-default\">Te puede interesar...<\/h2>\t\t\t\t<\/div>\n\t\t\t\t\t<\/div>\n\t\t\t\t<\/div>\n\t\t<div data-particle_enable=\"false\" data-particle-mobile-disabled=\"false\" class=\"elementor-element elementor-element-7bb5ee0 e-flex e-con-boxed e-con e-parent\" data-id=\"7bb5ee0\" data-element_type=\"container\" data-e-type=\"container\">\n\t\t\t\t\t<div class=\"e-con-inner\">\n\t\t\t\t<div class=\"elementor-element elementor-element-f16590f elementor-widget elementor-widget-blfe-post-grid\" data-id=\"f16590f\" data-element_type=\"widget\" data-e-type=\"widget\" data-settings=\"{&quot;columns&quot;:&quot;3&quot;,&quot;columns_tablet&quot;:&quot;6&quot;,&quot;columns_mobile&quot;:&quot;12&quot;,&quot;hero1_layout_column_gap&quot;:{&quot;unit&quot;:&quot;px&quot;,&quot;size&quot;:30,&quot;sizes&quot;:[]},&quot;hero1_layout_column_gap_tablet&quot;:{&quot;unit&quot;:&quot;px&quot;,&quot;size&quot;:&quot;&quot;,&quot;sizes&quot;:[]},&quot;hero1_layout_column_gap_mobile&quot;:{&quot;unit&quot;:&quot;px&quot;,&quot;size&quot;:&quot;&quot;,&quot;sizes&quot;:[]},&quot;hero1_layout_row_gap&quot;:{&quot;unit&quot;:&quot;px&quot;,&quot;size&quot;:30,&quot;sizes&quot;:[]},&quot;hero1_layout_row_gap_tablet&quot;:{&quot;unit&quot;:&quot;px&quot;,&quot;size&quot;:&quot;&quot;,&quot;sizes&quot;:[]},&quot;hero1_layout_row_gap_mobile&quot;:{&quot;unit&quot;:&quot;px&quot;,&quot;size&quot;:&quot;&quot;,&quot;sizes&quot;:[]}}\" data-widget_type=\"blfe-post-grid.hero1\">\n\t\t\t\t<div class=\"elementor-widget-container\">\n\t\t\t\t\t\n                        <div class=\"blfe-post-grid-container \">\n            \n                <div data-skin=\"hero1\" class=\"blfe-row blfe-posts-inner blfe-hero1 blfe-posts-inner blfe-col-3 blfe-col-tab-6 blfe-col-mob-12     \">\n                            <div class=\"blfe-post-grid-item\">\n            <div class=\"blfe-post-grid-item-inner blfe-modern-zoom\">\n                        <div class=\"blfe-post-grid-bg-image\">\n            <a class=\"blfe-post-grid-image-inner\" href=\"https:\/\/soymigrante.com\/revista\/los-10-tipos-de-te-mas-populares-en-guatemala-tradicion-salud-y-sabor\/\" title=\"Los 10 tipos de t\u00e9 m\u00e1s populares en Guatemala: tradici\u00f3n, salud y sabor\" rel=\"nofollow\" target=\"_blank\"><img decoding=\"async\" src=\"https:\/\/soymigrante.com\/revista\/wp-content\/uploads\/2025\/05\/tes-e1747937376312.webp\" alt=\"Los 10 tipos de t\u00e9 m\u00e1s populares en Guatemala: tradici\u00f3n, salud y sabor\"\/><\/a>        <\/div>\n                        <div class=\"blfe-post-grid-details\">\n                    <div class=\"blfe-post-grid-details-inner\">\n                        <span class=\"blfe-post-category\"><a href=\"https:\/\/soymigrante.com\/revista\/category\/guate-nuestra\/\">Guate Nuestra<\/a><\/span>                        <h3 class=\"blfe-post-grid-title\">\n            <a href=\"https:\/\/soymigrante.com\/revista\/los-10-tipos-de-te-mas-populares-en-guatemala-tradicion-salud-y-sabor\/\" title=\"Los 10 tipos de t\u00e9 m\u00e1s populares en Guatemala: tradici\u00f3n, salud y sabor\" rel=\"nofollow\" target=\"_blank\">Los 10 tipos de t\u00e9 m\u00e1s populares en Guatemala: tradici\u00f3n, salud y sabor<\/a>\n            <\/h3>                                                            <div class=\"blfe-post-grid-meta\">\n                <span class=\"blfe-post-grid-time\"><i class=\"fas fa-book-reader\"><\/i>4 Min read<\/span>            <\/div>\n                                                        <\/div>\n                <\/div>\n\n            <\/div>\n        <\/div>\n                <div class=\"blfe-post-grid-item\">\n            <div class=\"blfe-post-grid-item-inner blfe-modern-zoom\">\n                        <div class=\"blfe-post-grid-bg-image\">\n            <a class=\"blfe-post-grid-image-inner\" href=\"https:\/\/soymigrante.com\/revista\/atoles-guatemaltecos-arroz-con-leche-postre-tradicional-sigue-endulzando-generaciones\/\" title=\"Atoles guatemaltecos: Arroz con leche, postre tradicional sigue endulzando generaciones\" rel=\"nofollow\" target=\"_blank\"><img decoding=\"async\" src=\"https:\/\/soymigrante.com\/revista\/wp-content\/uploads\/2025\/01\/arroz-con-leche-1-scaled.webp\" alt=\"Atoles guatemaltecos: Arroz con leche, postre tradicional sigue endulzando generaciones\"\/><\/a>        <\/div>\n                        <div class=\"blfe-post-grid-details\">\n                    <div class=\"blfe-post-grid-details-inner\">\n                        <span class=\"blfe-post-category\"><a href=\"https:\/\/soymigrante.com\/revista\/category\/guate-nuestra\/\">Guate Nuestra<\/a><\/span>                        <h3 class=\"blfe-post-grid-title\">\n            <a href=\"https:\/\/soymigrante.com\/revista\/atoles-guatemaltecos-arroz-con-leche-postre-tradicional-sigue-endulzando-generaciones\/\" title=\"Atoles guatemaltecos: Arroz con leche, postre tradicional sigue endulzando generaciones\" rel=\"nofollow\" target=\"_blank\">Atoles guatemaltecos: Arroz con leche, postre tradicional sigue endulzando generaciones<\/a>\n            <\/h3>                                                            <div class=\"blfe-post-grid-meta\">\n                <span class=\"blfe-post-grid-time\"><i class=\"fas fa-book-reader\"><\/i>3 Min read<\/span>            <\/div>\n                                                        <\/div>\n                <\/div>\n\n            <\/div>\n        <\/div>\n                <div class=\"blfe-post-grid-item\">\n            <div class=\"blfe-post-grid-item-inner blfe-modern-zoom\">\n                        <div class=\"blfe-post-grid-bg-image\">\n            <a class=\"blfe-post-grid-image-inner\" href=\"https:\/\/soymigrante.com\/revista\/ya-viene-el-festival-de-las-flores-de-antigua-guatemala-2024\/\" title=\"Festival de las Flores de Antigua 2024 celebra las maravillas de Guatemala: ven a verlo\" rel=\"nofollow\" target=\"_blank\"><img decoding=\"async\" src=\"https:\/\/soymigrante.com\/revista\/wp-content\/uploads\/2024\/11\/festival-de-las-flores-antigua-guatemala.webp\" alt=\"Festival de las Flores de Antigua 2024 celebra las maravillas de Guatemala: ven a verlo\"\/><\/a>        <\/div>\n                        <div class=\"blfe-post-grid-details\">\n                    <div class=\"blfe-post-grid-details-inner\">\n                        <span class=\"blfe-post-category\"><a href=\"https:\/\/soymigrante.com\/revista\/category\/guate-nuestra\/\">Guate Nuestra<\/a><\/span>                        <h3 class=\"blfe-post-grid-title\">\n            <a href=\"https:\/\/soymigrante.com\/revista\/ya-viene-el-festival-de-las-flores-de-antigua-guatemala-2024\/\" title=\"Festival de las Flores de Antigua 2024 celebra las maravillas de Guatemala: ven a verlo\" rel=\"nofollow\" target=\"_blank\">Festival de las Flores de Antigua 2024 celebra las maravillas de Guatemala: ven a verlo<\/a>\n            <\/h3>                                                            <div class=\"blfe-post-grid-meta\">\n                <span class=\"blfe-post-grid-time\"><i class=\"fas fa-book-reader\"><\/i>5 Min read<\/span>            <\/div>\n                                                        <\/div>\n                <\/div>\n\n            <\/div>\n        <\/div>\n                        <\/div>\n\n                        <\/div>\n            \n                        <div class=\"blfe-post-footer\">\n                        <\/div>\n            \t\t\t\t<\/div>\n\t\t\t\t<\/div>\n\t\t\t\t\t<\/div>\n\t\t\t\t<\/div>\n\t\t\t\t<\/div>\n\t\t","protected":false},"excerpt":{"rendered":"<p>Con las herramientas adecuadas y una dedicaci\u00f3n constante al aprendizaje, cualquiera puede mejorar sus habilidades fotogr\u00e1ficas. En la era digital, las c\u00e1maras en los smartphones han evolucionado hasta niveles sorprendentes, permitiendo que cualquiera pueda capturar im\u00e1genes de alta calidad sin la necesidad de equipos profesionales. Sin embargo, tomar una excelente fotograf\u00eda va m\u00e1s all\u00e1 de [&hellip;]<\/p>\n","protected":false},"author":19,"featured_media":10016,"comment_status":"open","ping_status":"open","sticky":false,"template":"","format":"standard","meta":{"_acf_changed":false,"_eb_attr":"","footnotes":""},"categories":[55],"tags":[],"class_list":["post-9994","post","type-post","status-publish","format-standard","has-post-thumbnail","hentry","category-bienestar"],"acf":[],"aioseo_notices":[],"aioseo_head":"\n\t\t<!-- All in One SEO Pro 4.9.6.2 - aioseo.com -->\n\t<meta name=\"description\" content=\"La ciudad colonial de Antigua Guatemala celebra este 16 y 17 de noviembre el Festival de las Flores, dedicado a Guatemala,Tierra de las Maravillas.\" \/>\n\t<meta name=\"robots\" content=\"max-snippet:-1, max-image-preview:large, max-video-preview:-1\" \/>\n\t<meta name=\"author\" content=\"Beatriz Tercero\"\/>\n\t<link rel=\"canonical\" href=\"https:\/\/soymigrante.com\/revista\/ya-viene-el-festival-de-las-flores-de-antigua-guatemala-2024\/\" \/>\n\t<meta name=\"generator\" content=\"All in One SEO Pro (AIOSEO) 4.9.6.2\" \/>\n\n\t\t<link rel=\"preconnect\" href=\"https:\/\/fonts.googleapis.com\" crossorigin>\n<link rel=\"preconnect\" href=\"https:\/\/fonts.gstatic.com\" crossorigin>\n\t\t<meta property=\"og:locale\" content=\"es_ES\" \/>\n\t\t<meta property=\"og:site_name\" content=\"SoyMigrante.com REVISTA \u2013 Nuestra misi\u00f3n es reconocer y dignificar al migrante.\" \/>\n\t\t<meta property=\"og:type\" content=\"article\" \/>\n\t\t<meta property=\"og:title\" content=\"El Festival de Flores de Antigua Guatemala te espera\" \/>\n\t\t<meta property=\"og:description\" content=\"La ciudad colonial de Antigua Guatemala celebra este 16 y 17 de noviembre el Festival de las Flores, dedicado a Guatemala,Tierra de las Maravillas.\" \/>\n\t\t<meta property=\"og:url\" content=\"https:\/\/soymigrante.com\/revista\/ya-viene-el-festival-de-las-flores-de-antigua-guatemala-2024\/\" \/>\n\t\t<meta property=\"og:image\" content=\"https:\/\/soymigrante.com\/revista\/wp-content\/uploads\/2024\/11\/festival-de-las-flores-antigua-guatemala.webp\" \/>\n\t\t<meta property=\"og:image:secure_url\" content=\"https:\/\/soymigrante.com\/revista\/wp-content\/uploads\/2024\/11\/festival-de-las-flores-antigua-guatemala.webp\" \/>\n\t\t<meta property=\"og:image:width\" content=\"1018\" \/>\n\t\t<meta property=\"og:image:height\" content=\"1018\" \/>\n\t\t<meta property=\"article:published_time\" content=\"2024-11-16T15:29:32+00:00\" \/>\n\t\t<meta property=\"article:modified_time\" content=\"2024-11-16T16:24:02+00:00\" \/>\n\t\t<meta property=\"article:publisher\" content=\"https:\/\/www.facebook.com\/soymigrantecom\" \/>\n\t\t<meta name=\"twitter:card\" content=\"summary_large_image\" \/>\n\t\t<meta name=\"twitter:site\" content=\"@SoyMigrante_com\" \/>\n\t\t<meta name=\"twitter:title\" content=\"El Festival de Flores de Antigua Guatemala te espera\" \/>\n\t\t<meta name=\"twitter:description\" content=\"La ciudad colonial de Antigua Guatemala celebra este 16 y 17 de noviembre el Festival de las Flores, dedicado a Guatemala,Tierra de las Maravillas.\" \/>\n\t\t<meta name=\"twitter:creator\" content=\"@SoyMigrante_com\" \/>\n\t\t<meta name=\"twitter:image\" content=\"https:\/\/soymigrante.com\/revista\/wp-content\/uploads\/2024\/11\/festival-de-las-flores-antigua-guatemala.webp\" \/>\n\t\t<!-- All in One SEO Pro -->\r\n\t\t<title>El Festival de Flores de Antigua Guatemala te espera<\/title>\n\n","aioseo_head_json":{"title":"El Festival de Flores de Antigua Guatemala te espera","description":"La ciudad colonial de Antigua Guatemala celebra este 16 y 17 de noviembre el Festival de las Flores, dedicado a Guatemala,Tierra de las Maravillas.","canonical_url":"https:\/\/soymigrante.com\/revista\/ya-viene-el-festival-de-las-flores-de-antigua-guatemala-2024\/","robots":"max-snippet:-1, max-image-preview:large, max-video-preview:-1","keywords":"","webmasterTools":{"miscellaneous":"&lt;link rel=\"preconnect\" href=\"https:\/\/fonts.googleapis.com\" crossorigin&gt;\n&lt;link rel=\"preconnect\" href=\"https:\/\/fonts.gstatic.com\" crossorigin&gt;"},"schema":null,"og:locale":"es_ES","og:site_name":"SoyMigrante.com REVISTA \u2013 Nuestra misi\u00f3n es reconocer y dignificar al migrante.","og:type":"article","og:title":"El Festival de Flores de Antigua Guatemala te espera","og:description":"La ciudad colonial de Antigua Guatemala celebra este 16 y 17 de noviembre el Festival de las Flores, dedicado a Guatemala,Tierra de las Maravillas.","og:url":"https:\/\/soymigrante.com\/revista\/ya-viene-el-festival-de-las-flores-de-antigua-guatemala-2024\/","og:image":"https:\/\/soymigrante.com\/revista\/wp-content\/uploads\/2024\/11\/festival-de-las-flores-antigua-guatemala.webp","og:image:secure_url":"https:\/\/soymigrante.com\/revista\/wp-content\/uploads\/2024\/11\/festival-de-las-flores-antigua-guatemala.webp","og:image:width":1018,"og:image:height":1018,"article:published_time":"2024-11-16T15:29:32+00:00","article:modified_time":"2024-11-16T16:24:02+00:00","article:publisher":"https:\/\/www.facebook.com\/soymigrantecom","twitter:card":"summary_large_image","twitter:site":"@SoyMigrante_com","twitter:title":"El Festival de Flores de Antigua Guatemala te espera","twitter:description":"La ciudad colonial de Antigua Guatemala celebra este 16 y 17 de noviembre el Festival de las Flores, dedicado a Guatemala,Tierra de las Maravillas.","twitter:creator":"@SoyMigrante_com","twitter:image":"https:\/\/soymigrante.com\/revista\/wp-content\/uploads\/2024\/11\/festival-de-las-flores-antigua-guatemala.webp"},"aioseo_meta_data":{"post_id":"9994","title":null,"description":"Lo que se ve se vende: este es un concepto clave para el comercio digital. Presentar una mejor foto de tu producto o de quien lo fabrica puede potenciar ventas","keywords":null,"keyphrases":{"focus":{"keyphrase":"Fotograf\u00edas","score":60,"analysis":{"keyphraseInTitle":{"score":9,"maxScore":9,"error":0},"keyphraseInDescription":{"score":3,"maxScore":9,"error":1},"keyphraseLength":{"score":9,"maxScore":9,"error":0,"length":2},"keyphraseInURL":{"score":5,"maxScore":5,"error":0},"keyphraseInIntroduction":{"score":3,"maxScore":9,"error":1},"keyphraseInSubHeadings":{"score":3,"maxScore":9,"error":1},"keyphraseInImageAlt":{"score":9,"maxScore":9,"error":0},"keywordDensity":{"score":0,"type":"low","maxScore":9,"error":1}}},"additional":[{"keyphrase":"Aplicaciones","score":67,"analysis":{"keyphraseInDescription":{"score":3,"maxScore":9,"error":1},"keyphraseLength":{"score":9,"maxScore":9,"error":0,"length":1},"keyphraseInIntroduction":{"score":9,"maxScore":9,"error":0},"keyphraseInImageAlt":{"score":9,"maxScore":9,"error":0},"keywordDensity":{"score":0,"type":"low","maxScore":9,"error":1}}}]},"primary_term":null,"canonical_url":null,"og_title":null,"og_description":null,"og_object_type":"default","og_image_type":"default","og_image_url":null,"og_image_width":null,"og_image_height":null,"og_image_custom_url":null,"og_image_custom_fields":null,"og_video":"","og_custom_url":null,"og_article_section":null,"og_article_tags":null,"twitter_use_og":false,"twitter_card":"default","twitter_image_type":"default","twitter_image_url":null,"twitter_image_custom_url":null,"twitter_image_custom_fields":null,"twitter_title":null,"twitter_description":null,"schema":{"blockGraphs":[],"customGraphs":[],"default":{"data":{"Article":[],"Course":[],"Dataset":[],"FAQPage":[],"Movie":[],"Person":[],"Product":[],"ProductReview":[],"Car":[],"Recipe":[],"Service":[],"SoftwareApplication":[],"WebPage":[]},"graphName":"Article","isEnabled":true},"graphs":[]},"schema_type":"default","schema_type_options":null,"pillar_content":false,"robots_default":true,"robots_noindex":false,"robots_noarchive":false,"robots_nosnippet":false,"robots_nofollow":false,"robots_noimageindex":false,"robots_noodp":false,"robots_notranslate":false,"robots_max_snippet":"-1","robots_max_videopreview":"-1","robots_max_imagepreview":"large","priority":null,"frequency":"default","local_seo":null,"seo_analyzer_scan_date":"2025-10-08 23:32:43","breadcrumb_settings":null,"limit_modified_date":false,"reviewed_by":null,"open_ai":"{\"title\":{\"suggestions\":[],\"usage\":0},\"description\":{\"suggestions\":[],\"usage\":0}}","ai":null,"created":"2024-10-03 19:54:01","updated":"2026-02-04 14:10:25"},"aioseo_breadcrumb":"<div class=\"aioseo-breadcrumbs\"><span class=\"aioseo-breadcrumb\">\n\t<a href=\"https:\/\/soymigrante.com\/revista\" title=\"Home\">Home<\/a>\n<\/span><span class=\"aioseo-breadcrumb-separator\">\u00bb<\/span><span class=\"aioseo-breadcrumb\">\n\t<a href=\"https:\/\/soymigrante.com\/revista\/category\/bienestar\/\" title=\"Bienestar\">Bienestar<\/a>\n<\/span><span class=\"aioseo-breadcrumb-separator\">\u00bb<\/span><span class=\"aioseo-breadcrumb\">\n\tTips y tutoriales para mejorar retratos y fotograf\u00edas de productos\n<\/span><\/div>","aioseo_breadcrumb_json":[{"label":"Home","link":"https:\/\/soymigrante.com\/revista"},{"label":"Bienestar","link":"https:\/\/soymigrante.com\/revista\/category\/bienestar\/"},{"label":"Tips y tutoriales para mejorar retratos y fotograf\u00edas de productos","link":"https:\/\/soymigrante.com\/revista\/tips-y-tutoriales-para-mejorar-retratos-y-fotografias-de-productos\/"}],"_links":{"self":[{"href":"https:\/\/soymigrante.com\/revista\/wp-json\/wp\/v2\/posts\/9994","targetHints":{"allow":["GET"]}}],"collection":[{"href":"https:\/\/soymigrante.com\/revista\/wp-json\/wp\/v2\/posts"}],"about":[{"href":"https:\/\/soymigrante.com\/revista\/wp-json\/wp\/v2\/types\/post"}],"author":[{"embeddable":true,"href":"https:\/\/soymigrante.com\/revista\/wp-json\/wp\/v2\/users\/19"}],"replies":[{"embeddable":true,"href":"https:\/\/soymigrante.com\/revista\/wp-json\/wp\/v2\/comments?post=9994"}],"version-history":[{"count":0,"href":"https:\/\/soymigrante.com\/revista\/wp-json\/wp\/v2\/posts\/9994\/revisions"}],"wp:featuredmedia":[{"embeddable":true,"href":"https:\/\/soymigrante.com\/revista\/wp-json\/wp\/v2\/media\/10016"}],"wp:attachment":[{"href":"https:\/\/soymigrante.com\/revista\/wp-json\/wp\/v2\/media?parent=9994"}],"wp:term":[{"taxonomy":"category","embeddable":true,"href":"https:\/\/soymigrante.com\/revista\/wp-json\/wp\/v2\/categories?post=9994"},{"taxonomy":"post_tag","embeddable":true,"href":"https:\/\/soymigrante.com\/revista\/wp-json\/wp\/v2\/tags?post=9994"}],"curies":[{"name":"wp","href":"https:\/\/api.w.org\/{rel}","templated":true}]}}