{"id":9989,"date":"2024-10-08T11:16:53","date_gmt":"2024-10-08T17:16:53","guid":{"rendered":"https:\/\/soymigrante.com\/revista\/?p=9989"},"modified":"2024-10-09T08:40:04","modified_gmt":"2024-10-09T14:40:04","slug":"claves-para-enfrentar-posibles-situaciones-de-discriminacion-sobre-todo-a-mujeres-hispanas","status":"publish","type":"post","link":"https:\/\/soymigrante.com\/revista\/claves-para-enfrentar-posibles-situaciones-de-discriminacion-sobre-todo-a-mujeres-hispanas\/","title":{"rendered":"Claves para enfrentar posibles situaciones de discriminaci\u00f3n, sobre todo a mujeres hispanas"},"content":{"rendered":"\t\t<div data-elementor-type=\"wp-post\" data-elementor-id=\"9989\" class=\"elementor elementor-9989\" data-elementor-post-type=\"post\">\n\t\t\t\t<div data-particle_enable=\"false\" data-particle-mobile-disabled=\"false\" class=\"elementor-element elementor-element-a9eac5c e-flex e-con-boxed e-con e-parent\" data-id=\"a9eac5c\" data-element_type=\"container\" data-e-type=\"container\">\n\t\t\t\t\t<div class=\"e-con-inner\">\n\t\t\t\t<div class=\"elementor-element elementor-element-4756956 elementor-widget elementor-widget-heading\" data-id=\"4756956\" data-element_type=\"widget\" data-e-type=\"widget\" data-widget_type=\"heading.default\">\n\t\t\t\t\t<h2 class=\"elementor-heading-title elementor-size-default\">La discriminaci\u00f3n de g\u00e9nero y raza sigue siendo una realidad diaria para muchas mujeres hispanas en los Estados Unidos. <\/h2>\t\t\t\t<\/div>\n\t\t\t\t\t<\/div>\n\t\t\t\t<\/div>\n\t\t<div data-particle_enable=\"false\" data-particle-mobile-disabled=\"false\" class=\"elementor-element elementor-element-c515ce5 e-flex e-con-boxed e-con e-parent\" data-id=\"c515ce5\" data-element_type=\"container\" data-e-type=\"container\">\n\t\t\t\t\t<div class=\"e-con-inner\">\n\t\t\t\t<div class=\"elementor-element elementor-element-e0e476c elementor-widget elementor-widget-text-editor\" data-id=\"e0e476c\" data-element_type=\"widget\" data-e-type=\"widget\" data-widget_type=\"text-editor.default\">\n\t\t\t\t\t\t\t\t\t<p>A pesar de los avances en los derechos civiles y de las mujeres, las barreras culturales y sociales contin\u00faan limitando las oportunidades de estas mujeres en el \u00e1mbito laboral, educativo y de salud. Esta discriminaci\u00f3n no solo las afecta individualmente, <a href=\"https:\/\/soymigrante.com\/revista\/la-falta-de-educacion-formal-limitaciones-y-oportunidades\/\" target=\"_blank\" rel=\"noopener\">sino que perpet\u00faa desigualdades sist\u00e9micas que obstaculizan su crecimiento y el de sus comunidades.<\/a><\/p>\t\t\t\t\t\t\t\t<\/div>\n\t\t\t\t\t<\/div>\n\t\t\t\t<\/div>\n\t\t<div data-particle_enable=\"false\" data-particle-mobile-disabled=\"false\" class=\"elementor-element elementor-element-b6df5cc e-flex e-con-boxed e-con e-parent\" data-id=\"b6df5cc\" data-element_type=\"container\" data-e-type=\"container\">\n\t\t\t\t\t<div class=\"e-con-inner\">\n\t\t\t\t<div class=\"elementor-element elementor-element-b56f68b elementor-widget elementor-widget-image\" data-id=\"b56f68b\" data-element_type=\"widget\" data-e-type=\"widget\" data-widget_type=\"image.default\">\n\t\t\t\t\t\t\t\t\t\t\t\t\t\t\t<img fetchpriority=\"high\" decoding=\"async\" width=\"768\" height=\"431\" src=\"https:\/\/soymigrante.com\/revista\/wp-content\/uploads\/2024\/10\/Discriminacion-contra-las-hispanas-asi-puedes-enfrentarlo2-1024x574.webp\" class=\"attachment-large size-large wp-image-9993\" alt=\"SoyMigrante.com REVISTA, mujer sonriente disfrutando en un parque de diversiones con atracciones coloridas, destacando experiencias y cultura para migrantes en su publicaci\u00f3n digital.\" srcset=\"https:\/\/soymigrante.com\/revista\/wp-content\/uploads\/2024\/10\/Discriminacion-contra-las-hispanas-asi-puedes-enfrentarlo2-1024x574.webp 1024w, https:\/\/soymigrante.com\/revista\/wp-content\/uploads\/2024\/10\/Discriminacion-contra-las-hispanas-asi-puedes-enfrentarlo2-300x168.webp 300w, https:\/\/soymigrante.com\/revista\/wp-content\/uploads\/2024\/10\/Discriminacion-contra-las-hispanas-asi-puedes-enfrentarlo2-768x430.webp 768w, https:\/\/soymigrante.com\/revista\/wp-content\/uploads\/2024\/10\/Discriminacion-contra-las-hispanas-asi-puedes-enfrentarlo2-750x420.webp 750w, https:\/\/soymigrante.com\/revista\/wp-content\/uploads\/2024\/10\/Discriminacion-contra-las-hispanas-asi-puedes-enfrentarlo2-1140x639.webp 1140w, https:\/\/soymigrante.com\/revista\/wp-content\/uploads\/2024\/10\/Discriminacion-contra-las-hispanas-asi-puedes-enfrentarlo2.webp 1280w\" sizes=\"(max-width: 768px) 100vw, 768px\" title=\"Discriminacio\u0301n contra las hispanas asi\u0301 puedes enfrentarlo2 \u2013 SoyMigrante.com REVISTA\" \/>\t\t\t\t\t\t\t\t\t\t\t\t\t\t\t<\/div>\n\t\t\t\t\t<\/div>\n\t\t\t\t<\/div>\n\t\t<div data-particle_enable=\"false\" data-particle-mobile-disabled=\"false\" class=\"elementor-element elementor-element-9400756 e-flex e-con-boxed e-con e-parent\" data-id=\"9400756\" data-element_type=\"container\" data-e-type=\"container\">\n\t\t\t\t\t<div class=\"e-con-inner\">\n\t\t\t\t<div class=\"elementor-element elementor-element-050878e elementor-widget elementor-widget-heading\" data-id=\"050878e\" data-element_type=\"widget\" data-e-type=\"widget\" data-widget_type=\"heading.default\">\n\t\t\t\t\t<h3 class=\"elementor-heading-title elementor-size-default\">El panorama de la discriminaci\u00f3n<\/h3>\t\t\t\t<\/div>\n\t\t\t\t\t<\/div>\n\t\t\t\t<\/div>\n\t\t<div data-particle_enable=\"false\" data-particle-mobile-disabled=\"false\" class=\"elementor-element elementor-element-2751d56 e-flex e-con-boxed e-con e-parent\" data-id=\"2751d56\" data-element_type=\"container\" data-e-type=\"container\">\n\t\t\t\t\t<div class=\"e-con-inner\">\n\t\t\t\t<div class=\"elementor-element elementor-element-d052fde elementor-widget elementor-widget-text-editor\" data-id=\"d052fde\" data-element_type=\"widget\" data-e-type=\"widget\" data-widget_type=\"text-editor.default\">\n\t\t\t\t\t\t\t\t\t<p>Las mujeres hispanas suelen enfrentarse a <a href=\"https:\/\/soymigrante.com\/revista\/la-falta-de-educacion-formal-limitaciones-y-oportunidades\/\" target=\"_blank\" rel=\"noopener\">una doble discriminaci\u00f3n, no solo por ser mujeres, sino tambi\u00e9n por ser latinas.<\/a> Seg\u00fan la Oficina de Estad\u00edsticas Laborales de EE. UU., las hispanas ganan un promedio de 55 centavos por cada d\u00f3lar que ganan los hombres blancos no hispanos. Esta brecha salarial refleja la subvaloraci\u00f3n del trabajo de las mujeres latinas, quienes a menudo ocupan trabajos de baja remuneraci\u00f3n con poca estabilidad y escasas oportunidades de avance.<\/p><p>En muchos casos, estas mujeres tambi\u00e9n enfrentan discriminaci\u00f3n en el acceso a servicios b\u00e1sicos como atenci\u00f3n m\u00e9dica. Las barreras ling\u00fc\u00edsticas, la falta de seguro m\u00e9dico y el temor a ser discriminadas por su estatus migratorio complican a\u00fan m\u00e1s su situaci\u00f3n, limitando su acceso a una atenci\u00f3n integral y de calidad.<\/p>\t\t\t\t\t\t\t\t<\/div>\n\t\t\t\t\t<\/div>\n\t\t\t\t<\/div>\n\t\t<div data-particle_enable=\"false\" data-particle-mobile-disabled=\"false\" class=\"elementor-element elementor-element-2acf397 e-flex e-con-boxed e-con e-parent\" data-id=\"2acf397\" data-element_type=\"container\" data-e-type=\"container\">\n\t\t\t\t\t<div class=\"e-con-inner\">\n\t\t\t\t<div class=\"elementor-element elementor-element-96b59e3 elementor-widget elementor-widget-image\" data-id=\"96b59e3\" data-element_type=\"widget\" data-e-type=\"widget\" data-widget_type=\"image.default\">\n\t\t\t\t\t\t\t\t\t\t\t\t\t\t\t<img decoding=\"async\" width=\"768\" height=\"512\" src=\"https:\/\/soymigrante.com\/revista\/wp-content\/uploads\/2024\/10\/Discriminacion-contra-las-hispanas-asi-puedes-enfrentarlo3-1024x682.webp\" class=\"attachment-large size-large wp-image-9992\" alt=\"Rostro de mujer joven sonriendo en terraza urbana al atardecer, expresi\u00f3n de felicidad y confianza, fondo de edificios modernos y cielo nublado.\" srcset=\"https:\/\/soymigrante.com\/revista\/wp-content\/uploads\/2024\/10\/Discriminacion-contra-las-hispanas-asi-puedes-enfrentarlo3-1024x682.webp 1024w, https:\/\/soymigrante.com\/revista\/wp-content\/uploads\/2024\/10\/Discriminacion-contra-las-hispanas-asi-puedes-enfrentarlo3-300x200.webp 300w, https:\/\/soymigrante.com\/revista\/wp-content\/uploads\/2024\/10\/Discriminacion-contra-las-hispanas-asi-puedes-enfrentarlo3-768x512.webp 768w, https:\/\/soymigrante.com\/revista\/wp-content\/uploads\/2024\/10\/Discriminacion-contra-las-hispanas-asi-puedes-enfrentarlo3-750x500.webp 750w, https:\/\/soymigrante.com\/revista\/wp-content\/uploads\/2024\/10\/Discriminacion-contra-las-hispanas-asi-puedes-enfrentarlo3-1140x760.webp 1140w, https:\/\/soymigrante.com\/revista\/wp-content\/uploads\/2024\/10\/Discriminacion-contra-las-hispanas-asi-puedes-enfrentarlo3.webp 1280w\" sizes=\"(max-width: 768px) 100vw, 768px\" title=\"Discriminacio\u0301n contra las hispanas asi\u0301 puedes enfrentarlo3 \u2013 SoyMigrante.com REVISTA\" \/>\t\t\t\t\t\t\t\t\t\t\t\t\t\t\t<\/div>\n\t\t\t\t\t<\/div>\n\t\t\t\t<\/div>\n\t\t<div data-particle_enable=\"false\" data-particle-mobile-disabled=\"false\" class=\"elementor-element elementor-element-8711d2e e-flex e-con-boxed e-con e-parent\" data-id=\"8711d2e\" data-element_type=\"container\" data-e-type=\"container\">\n\t\t\t\t\t<div class=\"e-con-inner\">\n\t\t\t\t<div class=\"elementor-element elementor-element-fc681f5 elementor-widget elementor-widget-heading\" data-id=\"fc681f5\" data-element_type=\"widget\" data-e-type=\"widget\" data-widget_type=\"heading.default\">\n\t\t\t\t\t<h3 class=\"elementor-heading-title elementor-size-default\">\u00bfQu\u00e9 se puede hacer?<\/h3>\t\t\t\t<\/div>\n\t\t\t\t\t<\/div>\n\t\t\t\t<\/div>\n\t\t<div data-particle_enable=\"false\" data-particle-mobile-disabled=\"false\" class=\"elementor-element elementor-element-217e24b e-flex e-con-boxed e-con e-parent\" data-id=\"217e24b\" data-element_type=\"container\" data-e-type=\"container\">\n\t\t\t\t\t<div class=\"e-con-inner\">\n\t\t\t\t<div class=\"elementor-element elementor-element-aa8a86e elementor-widget elementor-widget-text-editor\" data-id=\"aa8a86e\" data-element_type=\"widget\" data-e-type=\"widget\" data-widget_type=\"text-editor.default\">\n\t\t\t\t\t\t\t\t\t<p>Para combatir la discriminaci\u00f3n contra las mujeres hispanas, es necesario adoptar un enfoque multifac\u00e9tico:<\/p>\t\t\t\t\t\t\t\t<\/div>\n\t\t\t\t\t<\/div>\n\t\t\t\t<\/div>\n\t\t<div data-particle_enable=\"false\" data-particle-mobile-disabled=\"false\" class=\"elementor-element elementor-element-dbdc52a e-flex e-con-boxed e-con e-parent\" data-id=\"dbdc52a\" data-element_type=\"container\" data-e-type=\"container\">\n\t\t\t\t\t<div class=\"e-con-inner\">\n\t\t\t\t<div class=\"elementor-element elementor-element-3dc0b49 elementor-widget elementor-widget-text-editor\" data-id=\"3dc0b49\" data-element_type=\"widget\" data-e-type=\"widget\" data-widget_type=\"text-editor.default\">\n\t\t\t\t\t\t\t\t\t<div><strong>1. Educaci\u00f3n y concienciaci\u00f3n:<\/strong> El primer paso para luchar contra la discriminaci\u00f3n es la educaci\u00f3n. Las campa\u00f1as que promueven la igualdad de g\u00e9nero y de raza pueden ayudar a cambiar la percepci\u00f3n de las mujeres latinas y destacar sus contribuciones a la sociedad. <a href=\"https:\/\/soymigrante.com\/revista\/la-falta-de-educacion-formal-limitaciones-y-oportunidades\/\" target=\"_blank\" rel=\"noopener\">Es fundamental que las empresas, organizaciones y comunidades reconozcan la diversidad cultural como un valor<\/a> y no como un obst\u00e1culo.<\/div><div><strong>2. Apoyo en el lugar de trabajo:<\/strong> Las empresas deben implementar pol\u00edticas de igualdad salarial y oportunidades de crecimiento profesional para las mujeres hispanas. Adem\u00e1s, proporcionar capacitaciones sobre diversidad y prevenci\u00f3n del acoso puede crear un ambiente laboral m\u00e1s inclusivo.<\/div><div><strong>3. Protecci\u00f3n legal:<\/strong> Las mujeres hispanas tienen derecho a un trato igualitario en el lugar de trabajo y en la sociedad en general. Leyes como la Ley de Igualdad Salarial y el T\u00edtulo VII de la Ley de Derechos Civiles protegen contra la discriminaci\u00f3n por g\u00e9nero y raza. Sin embargo, es crucial que las mujeres conozcan sus derechos y est\u00e9n preparadas para denunciarlos cuando sean vulnerados.<\/div>\t\t\t\t\t\t\t\t<\/div>\n\t\t\t\t\t<\/div>\n\t\t\t\t<\/div>\n\t\t<div data-particle_enable=\"false\" data-particle-mobile-disabled=\"false\" class=\"elementor-element elementor-element-fa1f492 e-flex e-con-boxed e-con e-parent\" data-id=\"fa1f492\" data-element_type=\"container\" data-e-type=\"container\">\n\t\t\t\t\t<div class=\"e-con-inner\">\n\t\t\t\t<div class=\"elementor-element elementor-element-13ee437 elementor-widget elementor-widget-image\" data-id=\"13ee437\" data-element_type=\"widget\" data-e-type=\"widget\" data-widget_type=\"image.default\">\n\t\t\t\t\t\t\t\t\t\t\t\t\t\t\t<img decoding=\"async\" width=\"768\" height=\"512\" src=\"https:\/\/soymigrante.com\/revista\/wp-content\/uploads\/2024\/10\/Discriminacion-contra-las-hispanas-asi-puedes-enfrentarlo4-1024x682.webp\" class=\"attachment-large size-large wp-image-9991\" alt=\"Archivo: personas-estudiando-en-biblioteca.jpg.\" srcset=\"https:\/\/soymigrante.com\/revista\/wp-content\/uploads\/2024\/10\/Discriminacion-contra-las-hispanas-asi-puedes-enfrentarlo4-1024x682.webp 1024w, https:\/\/soymigrante.com\/revista\/wp-content\/uploads\/2024\/10\/Discriminacion-contra-las-hispanas-asi-puedes-enfrentarlo4-300x200.webp 300w, https:\/\/soymigrante.com\/revista\/wp-content\/uploads\/2024\/10\/Discriminacion-contra-las-hispanas-asi-puedes-enfrentarlo4-768x512.webp 768w, https:\/\/soymigrante.com\/revista\/wp-content\/uploads\/2024\/10\/Discriminacion-contra-las-hispanas-asi-puedes-enfrentarlo4-750x500.webp 750w, https:\/\/soymigrante.com\/revista\/wp-content\/uploads\/2024\/10\/Discriminacion-contra-las-hispanas-asi-puedes-enfrentarlo4-1140x760.webp 1140w, https:\/\/soymigrante.com\/revista\/wp-content\/uploads\/2024\/10\/Discriminacion-contra-las-hispanas-asi-puedes-enfrentarlo4.webp 1280w\" sizes=\"(max-width: 768px) 100vw, 768px\" title=\"Discriminacio\u0301n contra las hispanas asi\u0301 puedes enfrentarlo4 \u2013 SoyMigrante.com REVISTA\" \/>\t\t\t\t\t\t\t\t\t\t\t\t\t\t\t<\/div>\n\t\t\t\t\t<\/div>\n\t\t\t\t<\/div>\n\t\t<div data-particle_enable=\"false\" data-particle-mobile-disabled=\"false\" class=\"elementor-element elementor-element-8b7920d e-flex e-con-boxed e-con e-parent\" data-id=\"8b7920d\" data-element_type=\"container\" data-e-type=\"container\">\n\t\t\t\t\t<div class=\"e-con-inner\">\n\t\t\t\t<div class=\"elementor-element elementor-element-4a9f49f elementor-widget elementor-widget-heading\" data-id=\"4a9f49f\" data-element_type=\"widget\" data-e-type=\"widget\" data-widget_type=\"heading.default\">\n\t\t\t\t\t<h3 class=\"elementor-heading-title elementor-size-default\">C\u00f3mo buscar ayuda<\/h3>\t\t\t\t<\/div>\n\t\t\t\t\t<\/div>\n\t\t\t\t<\/div>\n\t\t<div data-particle_enable=\"false\" data-particle-mobile-disabled=\"false\" class=\"elementor-element elementor-element-48d5631 e-flex e-con-boxed e-con e-parent\" data-id=\"48d5631\" data-element_type=\"container\" data-e-type=\"container\">\n\t\t\t\t\t<div class=\"e-con-inner\">\n\t\t\t\t<div class=\"elementor-element elementor-element-76ec5ce elementor-widget elementor-widget-text-editor\" data-id=\"76ec5ce\" data-element_type=\"widget\" data-e-type=\"widget\" data-widget_type=\"text-editor.default\">\n\t\t\t\t\t\t\t\t\t<p>Existen recursos a los que las mujeres hispanas pueden acudir en caso de ser v\u00edctimas de discriminaci\u00f3n:<\/p>\t\t\t\t\t\t\t\t<\/div>\n\t\t\t\t\t<\/div>\n\t\t\t\t<\/div>\n\t\t<div data-particle_enable=\"false\" data-particle-mobile-disabled=\"false\" class=\"elementor-element elementor-element-3f05480 e-flex e-con-boxed e-con e-parent\" data-id=\"3f05480\" data-element_type=\"container\" data-e-type=\"container\">\n\t\t\t\t\t<div class=\"e-con-inner\">\n\t\t\t\t<div class=\"elementor-element elementor-element-2a4b82c elementor-widget elementor-widget-text-editor\" data-id=\"2a4b82c\" data-element_type=\"widget\" data-e-type=\"widget\" data-widget_type=\"text-editor.default\">\n\t\t\t\t\t\t\t\t\t<div><strong>\u2022Organizaciones comunitarias y defensoras de derechos civiles:<\/strong> Grupos como Latina Equal Pay y Mujeres Latinas en Acci\u00f3n ofrecen apoyo y asesor\u00eda a mujeres latinas que enfrentan discriminaci\u00f3n en el lugar de trabajo. Adem\u00e1s, brindan recursos educativos y programas de liderazgo para empoderar a estas mujeres.<\/div><div><strong>\u2022L\u00edneas de ayuda y asistencia legal:<\/strong> La Comisi\u00f3n de Igualdad de Oportunidades en el Empleo (EEOC, por sus siglas en ingl\u00e9s) permite que cualquier persona presente una queja por discriminaci\u00f3n. Existen organizaciones sin fines de lucro que ofrecen representaci\u00f3n legal gratuita o a bajo costo para mujeres que no pueden costear un abogado.<\/div><div><strong>\u2022Grupos de apoyo y redes:<\/strong> Las <a href=\"https:\/\/soymigrante.com\/revista\/la-falta-de-educacion-formal-limitaciones-y-oportunidades\/\" target=\"_blank\" rel=\"noopener\">mujeres hispanas tambi\u00e9n pueden encontrar consuelo y apoyo en grupos de mujeres que han pasado por experiencias similares.<\/a> Estas redes permiten compartir recursos, brindar acompa\u00f1amiento emocional y desarrollar estrategias para superar los desaf\u00edos.<\/div>\t\t\t\t\t\t\t\t<\/div>\n\t\t\t\t\t<\/div>\n\t\t\t\t<\/div>\n\t\t<div data-particle_enable=\"false\" data-particle-mobile-disabled=\"false\" class=\"elementor-element elementor-element-0319f02 e-flex e-con-boxed e-con e-parent\" data-id=\"0319f02\" data-element_type=\"container\" data-e-type=\"container\">\n\t\t\t\t\t<div class=\"e-con-inner\">\n\t\t\t\t<div class=\"elementor-element elementor-element-00f80a5 elementor-widget elementor-widget-text-editor\" data-id=\"00f80a5\" data-element_type=\"widget\" data-e-type=\"widget\" data-widget_type=\"text-editor.default\">\n\t\t\t\t\t\t\t\t\t<p>La discriminaci\u00f3n contra las mujeres hispanas es un problema que debe abordarse con urgencia. La lucha por la igualdad requiere la acci\u00f3n conjunta de gobiernos, empresas, organizaciones y comunidades. Es fundamental que las mujeres hispanas sepan que no est\u00e1n solas en esta batalla y que existen recursos para apoyarlas y ayudarlas a defender sus derechos. <a href=\"https:\/\/soymigrante.com\/revista\/la-falta-de-educacion-formal-limitaciones-y-oportunidades\/\" target=\"_blank\" rel=\"noopener\">Con educaci\u00f3n, solidaridad y apoyo legal, es posible avanzar hacia una sociedad m\u00e1s justa e inclusiva para todas.<\/a><\/p>\t\t\t\t\t\t\t\t<\/div>\n\t\t\t\t\t<\/div>\n\t\t\t\t<\/div>\n\t\t<div data-particle_enable=\"false\" data-particle-mobile-disabled=\"false\" class=\"elementor-element elementor-element-2409556 e-flex e-con-boxed e-con e-parent\" data-id=\"2409556\" data-element_type=\"container\" data-e-type=\"container\">\n\t\t\t\t\t<div class=\"e-con-inner\">\n\t\t\t\t<div class=\"elementor-element elementor-element-8a1c2dd elementor-widget elementor-widget-video\" data-id=\"8a1c2dd\" data-element_type=\"widget\" data-e-type=\"widget\" data-settings=\"{&quot;youtube_url&quot;:&quot;https:\\\/\\\/www.youtube.com\\\/watch?v=cGI_AP2Wy90&quot;,&quot;video_type&quot;:&quot;youtube&quot;,&quot;controls&quot;:&quot;yes&quot;}\" data-widget_type=\"video.default\">\n\t\t\t\t\t\t\t<div class=\"elementor-wrapper elementor-open-inline\">\n\t\t\t<div class=\"elementor-video\"><\/div>\t\t<\/div>\n\t\t\t\t\t\t<\/div>\n\t\t\t\t\t<\/div>\n\t\t\t\t<\/div>\n\t\t<div data-particle_enable=\"false\" data-particle-mobile-disabled=\"false\" class=\"elementor-element elementor-element-8388c69 e-flex e-con-boxed e-con e-parent\" data-id=\"8388c69\" data-element_type=\"container\" data-e-type=\"container\">\n\t\t\t\t\t<div class=\"e-con-inner\">\n\t\t\t\t<div class=\"elementor-element elementor-element-85bc22c elementor-widget elementor-widget-heading\" data-id=\"85bc22c\" data-element_type=\"widget\" data-e-type=\"widget\" data-widget_type=\"heading.default\">\n\t\t\t\t\t<h2 class=\"elementor-heading-title elementor-size-default\">Te puede interesar...<\/h2>\t\t\t\t<\/div>\n\t\t\t\t\t<\/div>\n\t\t\t\t<\/div>\n\t\t<div data-particle_enable=\"false\" data-particle-mobile-disabled=\"false\" class=\"elementor-element elementor-element-a5dd894 e-flex e-con-boxed e-con e-parent\" data-id=\"a5dd894\" data-element_type=\"container\" data-e-type=\"container\">\n\t\t\t\t\t<div class=\"e-con-inner\">\n\t\t\t\t<div class=\"elementor-element elementor-element-3f0e5e3 elementor-widget elementor-widget-blfe-post-grid\" data-id=\"3f0e5e3\" data-element_type=\"widget\" data-e-type=\"widget\" data-settings=\"{&quot;columns&quot;:&quot;3&quot;,&quot;columns_tablet&quot;:&quot;6&quot;,&quot;columns_mobile&quot;:&quot;12&quot;,&quot;hero1_layout_column_gap&quot;:{&quot;unit&quot;:&quot;px&quot;,&quot;size&quot;:30,&quot;sizes&quot;:[]},&quot;hero1_layout_column_gap_tablet&quot;:{&quot;unit&quot;:&quot;px&quot;,&quot;size&quot;:&quot;&quot;,&quot;sizes&quot;:[]},&quot;hero1_layout_column_gap_mobile&quot;:{&quot;unit&quot;:&quot;px&quot;,&quot;size&quot;:&quot;&quot;,&quot;sizes&quot;:[]},&quot;hero1_layout_row_gap&quot;:{&quot;unit&quot;:&quot;px&quot;,&quot;size&quot;:30,&quot;sizes&quot;:[]},&quot;hero1_layout_row_gap_tablet&quot;:{&quot;unit&quot;:&quot;px&quot;,&quot;size&quot;:&quot;&quot;,&quot;sizes&quot;:[]},&quot;hero1_layout_row_gap_mobile&quot;:{&quot;unit&quot;:&quot;px&quot;,&quot;size&quot;:&quot;&quot;,&quot;sizes&quot;:[]}}\" data-widget_type=\"blfe-post-grid.hero1\">\n\t\t\t\t<div class=\"elementor-widget-container\">\n\t\t\t\t\t\n                        <div class=\"blfe-post-grid-container \">\n            \n                <div data-skin=\"hero1\" class=\"blfe-row blfe-posts-inner blfe-hero1 blfe-posts-inner blfe-col-3 blfe-col-tab-6 blfe-col-mob-12     \">\n                            <div class=\"blfe-post-grid-item\">\n            <div class=\"blfe-post-grid-item-inner blfe-modern-zoom\">\n                        <div class=\"blfe-post-grid-bg-image\">\n            <a class=\"blfe-post-grid-image-inner\" href=\"https:\/\/soymigrante.com\/revista\/artesania-ornamental-chick-boss-hecha-por-artesanos-peten-gana-premio-internacional\/\" title=\"Artesan\u00eda ornamental Chick Boss, hecha por artesanos Pet\u00e9n, gana premio internacional\" rel=\"nofollow\" target=\"_blank\"><img decoding=\"async\" src=\"https:\/\/soymigrante.com\/revista\/wp-content\/uploads\/2025\/09\/artesania-e1758914870636.jpg\" alt=\"Artesan\u00eda ornamental Chick Boss, hecha por artesanos Pet\u00e9n, gana premio internacional\"\/><\/a>        <\/div>\n                        <div class=\"blfe-post-grid-details\">\n                    <div class=\"blfe-post-grid-details-inner\">\n                        <span class=\"blfe-post-category\"><a href=\"https:\/\/soymigrante.com\/revista\/category\/guate-nuestra\/\">Guate Nuestra<\/a><\/span>                        <h3 class=\"blfe-post-grid-title\">\n            <a href=\"https:\/\/soymigrante.com\/revista\/artesania-ornamental-chick-boss-hecha-por-artesanos-peten-gana-premio-internacional\/\" title=\"Artesan\u00eda ornamental Chick Boss, hecha por artesanos Pet\u00e9n, gana premio internacional\" rel=\"nofollow\" target=\"_blank\">Artesan\u00eda ornamental Chick Boss, hecha por artesanos Pet\u00e9n, gana premio internacional<\/a>\n            <\/h3>                                                            <div class=\"blfe-post-grid-meta\">\n                <span class=\"blfe-post-grid-time\"><i class=\"fas fa-book-reader\"><\/i>3 Min read<\/span>            <\/div>\n                                                        <\/div>\n                <\/div>\n\n            <\/div>\n        <\/div>\n                <div class=\"blfe-post-grid-item\">\n            <div class=\"blfe-post-grid-item-inner blfe-modern-zoom\">\n                        <div class=\"blfe-post-grid-bg-image\">\n            <a class=\"blfe-post-grid-image-inner\" href=\"https:\/\/soymigrante.com\/revista\/emprendedora-isabel-rey-hallo-en-la-venta-en-linea-la-oportunidad-de-cuidar-a-su-hijo\/\" title=\"Emprendedora Isabel Rey vende accesorios en l\u00ednea, cuida a su hijo y ahora est\u00e1 en MERCADO\" rel=\"nofollow\" target=\"_blank\"><img decoding=\"async\" src=\"https:\/\/soymigrante.com\/revista\/wp-content\/uploads\/2025\/06\/Isabel-Rey-la-emprendedora-que-encontro-en-la-venta-en-linea-una-forma-de-cuidar-a-su-hijo-4.jpeg\" alt=\"Emprendedora Isabel Rey vende accesorios en l\u00ednea, cuida a su hijo y ahora est\u00e1 en MERCADO\"\/><\/a>        <\/div>\n                        <div class=\"blfe-post-grid-details\">\n                    <div class=\"blfe-post-grid-details-inner\">\n                        <span class=\"blfe-post-category\"><a href=\"https:\/\/soymigrante.com\/revista\/category\/guate-nuestra\/\">Guate Nuestra<\/a><\/span>                        <h3 class=\"blfe-post-grid-title\">\n            <a href=\"https:\/\/soymigrante.com\/revista\/emprendedora-isabel-rey-hallo-en-la-venta-en-linea-la-oportunidad-de-cuidar-a-su-hijo\/\" title=\"Emprendedora Isabel Rey vende accesorios en l\u00ednea, cuida a su hijo y ahora est\u00e1 en MERCADO\" rel=\"nofollow\" target=\"_blank\">Emprendedora Isabel Rey vende accesorios en l\u00ednea, cuida a su hijo y ahora est\u00e1 en MERCADO<\/a>\n            <\/h3>                                                            <div class=\"blfe-post-grid-meta\">\n                <span class=\"blfe-post-grid-time\"><i class=\"fas fa-book-reader\"><\/i>5 Min read<\/span>            <\/div>\n                                                        <\/div>\n                <\/div>\n\n            <\/div>\n        <\/div>\n                <div class=\"blfe-post-grid-item\">\n            <div class=\"blfe-post-grid-item-inner blfe-modern-zoom\">\n                        <div class=\"blfe-post-grid-bg-image\">\n            <a class=\"blfe-post-grid-image-inner\" href=\"https:\/\/soymigrante.com\/revista\/persistir-es-dignidad-cantautora-maya-kaqchikel-sara-curruchich-desde-francia\/\" title=\"&#8220;Persistir es dignidad&#8221;: cantautora maya kaqchikel Sara Curruchich desde Francia\" rel=\"nofollow\" target=\"_blank\"><img decoding=\"async\" src=\"https:\/\/soymigrante.com\/revista\/wp-content\/uploads\/2025\/10\/sara-curruchich-cantautora-maya-4.jpg\" alt=\"&#8220;Persistir es dignidad&#8221;: cantautora maya kaqchikel Sara Curruchich desde Francia\"\/><\/a>        <\/div>\n                        <div class=\"blfe-post-grid-details\">\n                    <div class=\"blfe-post-grid-details-inner\">\n                        <span class=\"blfe-post-category\"><a href=\"https:\/\/soymigrante.com\/revista\/category\/guate-nuestra\/\">Guate Nuestra<\/a><\/span>                        <h3 class=\"blfe-post-grid-title\">\n            <a href=\"https:\/\/soymigrante.com\/revista\/persistir-es-dignidad-cantautora-maya-kaqchikel-sara-curruchich-desde-francia\/\" title=\"&#8220;Persistir es dignidad&#8221;: cantautora maya kaqchikel Sara Curruchich desde Francia\" rel=\"nofollow\" target=\"_blank\">&#8220;Persistir es dignidad&#8221;: cantautora maya kaqchikel Sara Curruchich desde Francia<\/a>\n            <\/h3>                                                            <div class=\"blfe-post-grid-meta\">\n                <span class=\"blfe-post-grid-time\"><i class=\"fas fa-book-reader\"><\/i>7 Min read<\/span>            <\/div>\n                                                        <\/div>\n                <\/div>\n\n            <\/div>\n        <\/div>\n                        <\/div>\n\n                        <\/div>\n            \n                        <div class=\"blfe-post-footer\">\n                        <\/div>\n            \t\t\t\t<\/div>\n\t\t\t\t<\/div>\n\t\t\t\t\t<\/div>\n\t\t\t\t<\/div>\n\t\t\t\t<\/div>\n\t\t","protected":false},"excerpt":{"rendered":"<p>La discriminaci\u00f3n de g\u00e9nero y raza sigue siendo una realidad diaria para muchas mujeres hispanas en los Estados Unidos. A pesar de los avances en los derechos civiles y de las mujeres, las barreras culturales y sociales contin\u00faan limitando las oportunidades de estas mujeres en el \u00e1mbito laboral, educativo y de salud. Esta discriminaci\u00f3n no [&hellip;]<\/p>\n","protected":false},"author":19,"featured_media":9990,"comment_status":"open","ping_status":"open","sticky":false,"template":"","format":"standard","meta":{"_acf_changed":false,"_eb_attr":"","footnotes":""},"categories":[55],"tags":[],"class_list":["post-9989","post","type-post","status-publish","format-standard","has-post-thumbnail","hentry","category-bienestar"],"acf":[],"aioseo_notices":[],"aioseo_head":"\n\t\t<!-- All in One SEO Pro 4.9.6.2 - aioseo.com -->\n\t<meta name=\"description\" content=\"&quot;Persistir tambi\u00e9n es un acto de dignidad&quot;, dice en entrevista desde Francia, la cantautora maya k&#039;aqchiq&#039;el Sara Curruchich. Cantar\u00e1 en Par\u00eds, Roma y Helsinki.\" \/>\n\t<meta name=\"robots\" content=\"max-snippet:-1, max-image-preview:large, max-video-preview:-1\" \/>\n\t<meta name=\"author\" content=\"Gustavo Montenegro\"\/>\n\t<link rel=\"canonical\" href=\"https:\/\/soymigrante.com\/revista\/persistir-es-dignidad-cantautora-maya-kaqchikel-sara-curruchich-desde-francia\/\" \/>\n\t<meta name=\"generator\" content=\"All in One SEO Pro (AIOSEO) 4.9.6.2\" \/>\n\n\t\t<link rel=\"preconnect\" href=\"https:\/\/fonts.googleapis.com\" crossorigin>\n<link rel=\"preconnect\" href=\"https:\/\/fonts.gstatic.com\" crossorigin>\n\t\t<meta property=\"og:locale\" content=\"es_ES\" \/>\n\t\t<meta property=\"og:site_name\" content=\"SoyMigrante.com REVISTA \u2013 Nuestra misi\u00f3n es reconocer y dignificar al migrante.\" \/>\n\t\t<meta property=\"og:type\" content=\"article\" \/>\n\t\t<meta property=\"og:title\" content=\"Sara Curruchich de gira en Europa: &quot;Persistir es dignidad&quot;\" \/>\n\t\t<meta property=\"og:description\" content=\"&quot;Persistir tambi\u00e9n es un acto de dignidad&quot;, dice en entrevista desde Francia, la cantautora maya k&#039;aqchiq&#039;el Sara Curruchich. Cantar\u00e1 en Par\u00eds, Roma y Helsinki.\" \/>\n\t\t<meta property=\"og:url\" content=\"https:\/\/soymigrante.com\/revista\/persistir-es-dignidad-cantautora-maya-kaqchikel-sara-curruchich-desde-francia\/\" \/>\n\t\t<meta property=\"og:image\" content=\"https:\/\/soymigrante.com\/revista\/wp-content\/uploads\/2025\/10\/sara-curruchich-cantautora-maya-4.jpg\" \/>\n\t\t<meta property=\"og:image:secure_url\" content=\"https:\/\/soymigrante.com\/revista\/wp-content\/uploads\/2025\/10\/sara-curruchich-cantautora-maya-4.jpg\" \/>\n\t\t<meta property=\"og:image:width\" content=\"1536\" \/>\n\t\t<meta property=\"og:image:height\" content=\"1536\" \/>\n\t\t<meta property=\"article:published_time\" content=\"2025-10-03T12:19:54+00:00\" \/>\n\t\t<meta property=\"article:modified_time\" content=\"2025-10-03T12:26:29+00:00\" \/>\n\t\t<meta property=\"article:publisher\" content=\"https:\/\/www.facebook.com\/soymigrantecom\" \/>\n\t\t<meta name=\"twitter:card\" content=\"summary_large_image\" \/>\n\t\t<meta name=\"twitter:site\" content=\"@SoyMigrante_com\" \/>\n\t\t<meta name=\"twitter:title\" content=\"Sara Curruchich de gira en Europa: &quot;Persistir es dignidad&quot;\" \/>\n\t\t<meta name=\"twitter:description\" content=\"&quot;Persistir tambi\u00e9n es un acto de dignidad&quot;, dice en entrevista desde Francia, la cantautora maya k&#039;aqchiq&#039;el Sara Curruchich. Cantar\u00e1 en Par\u00eds, Roma y Helsinki.\" \/>\n\t\t<meta name=\"twitter:creator\" content=\"@SoyMigrante_com\" \/>\n\t\t<meta name=\"twitter:image\" content=\"https:\/\/soymigrante.com\/revista\/wp-content\/uploads\/2025\/10\/sara-curruchich-cantautora-maya-4.jpg\" \/>\n\t\t<!-- All in One SEO Pro -->\r\n\t\t<title>Sara Curruchich de gira en Europa: &quot;Persistir es dignidad&quot;<\/title>\n\n","aioseo_head_json":{"title":"Sara Curruchich de gira en Europa: \"Persistir es dignidad\"","description":"\"Persistir tambi\u00e9n es un acto de dignidad\", dice en entrevista desde Francia, la cantautora maya k'aqchiq'el Sara Curruchich. Cantar\u00e1 en Par\u00eds, Roma y Helsinki.","canonical_url":"https:\/\/soymigrante.com\/revista\/persistir-es-dignidad-cantautora-maya-kaqchikel-sara-curruchich-desde-francia\/","robots":"max-snippet:-1, max-image-preview:large, max-video-preview:-1","keywords":"","webmasterTools":{"miscellaneous":"&lt;link rel=\"preconnect\" href=\"https:\/\/fonts.googleapis.com\" crossorigin&gt;\n&lt;link rel=\"preconnect\" href=\"https:\/\/fonts.gstatic.com\" crossorigin&gt;"},"schema":null,"og:locale":"es_ES","og:site_name":"SoyMigrante.com REVISTA \u2013 Nuestra misi\u00f3n es reconocer y dignificar al migrante.","og:type":"article","og:title":"Sara Curruchich de gira en Europa: &quot;Persistir es dignidad&quot;","og:description":"&quot;Persistir tambi\u00e9n es un acto de dignidad&quot;, dice en entrevista desde Francia, la cantautora maya k'aqchiq'el Sara Curruchich. Cantar\u00e1 en Par\u00eds, Roma y Helsinki.","og:url":"https:\/\/soymigrante.com\/revista\/persistir-es-dignidad-cantautora-maya-kaqchikel-sara-curruchich-desde-francia\/","og:image":"https:\/\/soymigrante.com\/revista\/wp-content\/uploads\/2025\/10\/sara-curruchich-cantautora-maya-4.jpg","og:image:secure_url":"https:\/\/soymigrante.com\/revista\/wp-content\/uploads\/2025\/10\/sara-curruchich-cantautora-maya-4.jpg","og:image:width":1536,"og:image:height":1536,"article:published_time":"2025-10-03T12:19:54+00:00","article:modified_time":"2025-10-03T12:26:29+00:00","article:publisher":"https:\/\/www.facebook.com\/soymigrantecom","twitter:card":"summary_large_image","twitter:site":"@SoyMigrante_com","twitter:title":"Sara Curruchich de gira en Europa: &quot;Persistir es dignidad&quot;","twitter:description":"&quot;Persistir tambi\u00e9n es un acto de dignidad&quot;, dice en entrevista desde Francia, la cantautora maya k'aqchiq'el Sara Curruchich. Cantar\u00e1 en Par\u00eds, Roma y Helsinki.","twitter:creator":"@SoyMigrante_com","twitter:image":"https:\/\/soymigrante.com\/revista\/wp-content\/uploads\/2025\/10\/sara-curruchich-cantautora-maya-4.jpg"},"aioseo_meta_data":{"post_id":"9989","title":"Claves para abordar posibles situaciones de discriminaci\u00f3n","description":"Es lamentable pero a\u00fan se dan casos de discriminaci\u00f3n por origen, estatus migratorio, color de la piel. EE.UU. es un pa\u00eds de derechos y se puede actuar.","keywords":null,"keyphrases":{"focus":{"keyphrase":"Discriminaci\u00f3n","score":100,"analysis":{"keyphraseInTitle":{"score":9,"maxScore":9,"error":0},"keyphraseInDescription":{"score":9,"maxScore":9,"error":0},"keyphraseLength":{"score":9,"maxScore":9,"error":0,"length":2},"keyphraseInURL":{"score":5,"maxScore":5,"error":0},"keyphraseInIntroduction":{"score":9,"maxScore":9,"error":0},"keyphraseInSubHeadings":{"score":9,"maxScore":9,"error":0},"keyphraseInImageAlt":{"score":9,"maxScore":9,"error":0},"keywordDensity":{"type":"best","score":9,"maxScore":9,"error":0}}},"additional":[{"keyphrase":"discriminaci\u00f3n","score":100,"analysis":{"keyphraseInDescription":{"score":9,"maxScore":9,"error":0},"keyphraseLength":{"score":9,"maxScore":9,"error":0,"length":2},"keyphraseInIntroduction":{"score":9,"maxScore":9,"error":0},"keyphraseInImageAlt":{"score":9,"maxScore":9,"error":0},"keywordDensity":{"type":"best","score":9,"maxScore":9,"error":0}}}]},"primary_term":null,"canonical_url":null,"og_title":null,"og_description":null,"og_object_type":"default","og_image_type":"default","og_image_url":null,"og_image_width":null,"og_image_height":null,"og_image_custom_url":null,"og_image_custom_fields":null,"og_video":"","og_custom_url":null,"og_article_section":null,"og_article_tags":null,"twitter_use_og":false,"twitter_card":"default","twitter_image_type":"default","twitter_image_url":null,"twitter_image_custom_url":null,"twitter_image_custom_fields":null,"twitter_title":null,"twitter_description":null,"schema":{"blockGraphs":[],"customGraphs":[],"default":{"data":{"Article":[],"Course":[],"Dataset":[],"FAQPage":[],"Movie":[],"Person":[],"Product":[],"ProductReview":[],"Car":[],"Recipe":[],"Service":[],"SoftwareApplication":[],"WebPage":[]},"graphName":"Article","isEnabled":true},"graphs":[]},"schema_type":"default","schema_type_options":null,"pillar_content":false,"robots_default":true,"robots_noindex":false,"robots_noarchive":false,"robots_nosnippet":false,"robots_nofollow":false,"robots_noimageindex":false,"robots_noodp":false,"robots_notranslate":false,"robots_max_snippet":"-1","robots_max_videopreview":"-1","robots_max_imagepreview":"large","priority":null,"frequency":"default","local_seo":null,"seo_analyzer_scan_date":"2025-10-08 23:33:52","breadcrumb_settings":null,"limit_modified_date":false,"reviewed_by":null,"open_ai":"{\"title\":{\"suggestions\":[],\"usage\":0},\"description\":{\"suggestions\":[],\"usage\":0}}","ai":null,"created":"2024-10-03 19:08:52","updated":"2026-02-04 14:49:03"},"aioseo_breadcrumb":"<div class=\"aioseo-breadcrumbs\"><span class=\"aioseo-breadcrumb\">\n\t<a href=\"https:\/\/soymigrante.com\/revista\" title=\"Home\">Home<\/a>\n<\/span><span class=\"aioseo-breadcrumb-separator\">\u00bb<\/span><span class=\"aioseo-breadcrumb\">\n\t<a href=\"https:\/\/soymigrante.com\/revista\/category\/bienestar\/\" title=\"Bienestar\">Bienestar<\/a>\n<\/span><span class=\"aioseo-breadcrumb-separator\">\u00bb<\/span><span class=\"aioseo-breadcrumb\">\n\tClaves para enfrentar posibles situaciones de discriminaci\u00f3n, sobre todo a mujeres hispanas\n<\/span><\/div>","aioseo_breadcrumb_json":[{"label":"Home","link":"https:\/\/soymigrante.com\/revista"},{"label":"Bienestar","link":"https:\/\/soymigrante.com\/revista\/category\/bienestar\/"},{"label":"Claves para enfrentar posibles situaciones de discriminaci\u00f3n, sobre todo a mujeres hispanas","link":"https:\/\/soymigrante.com\/revista\/claves-para-enfrentar-posibles-situaciones-de-discriminacion-sobre-todo-a-mujeres-hispanas\/"}],"_links":{"self":[{"href":"https:\/\/soymigrante.com\/revista\/wp-json\/wp\/v2\/posts\/9989","targetHints":{"allow":["GET"]}}],"collection":[{"href":"https:\/\/soymigrante.com\/revista\/wp-json\/wp\/v2\/posts"}],"about":[{"href":"https:\/\/soymigrante.com\/revista\/wp-json\/wp\/v2\/types\/post"}],"author":[{"embeddable":true,"href":"https:\/\/soymigrante.com\/revista\/wp-json\/wp\/v2\/users\/19"}],"replies":[{"embeddable":true,"href":"https:\/\/soymigrante.com\/revista\/wp-json\/wp\/v2\/comments?post=9989"}],"version-history":[{"count":0,"href":"https:\/\/soymigrante.com\/revista\/wp-json\/wp\/v2\/posts\/9989\/revisions"}],"wp:featuredmedia":[{"embeddable":true,"href":"https:\/\/soymigrante.com\/revista\/wp-json\/wp\/v2\/media\/9990"}],"wp:attachment":[{"href":"https:\/\/soymigrante.com\/revista\/wp-json\/wp\/v2\/media?parent=9989"}],"wp:term":[{"taxonomy":"category","embeddable":true,"href":"https:\/\/soymigrante.com\/revista\/wp-json\/wp\/v2\/categories?post=9989"},{"taxonomy":"post_tag","embeddable":true,"href":"https:\/\/soymigrante.com\/revista\/wp-json\/wp\/v2\/tags?post=9989"}],"curies":[{"name":"wp","href":"https:\/\/api.w.org\/{rel}","templated":true}]}}