{"id":9963,"date":"2024-10-02T23:32:05","date_gmt":"2024-10-03T05:32:05","guid":{"rendered":"https:\/\/soymigrante.com\/revista\/?p=9963"},"modified":"2024-10-04T16:43:53","modified_gmt":"2024-10-04T22:43:53","slug":"solidaridad-migrante-guatemalteca-aflora-en-emergencia-de-carolina-del-norte","status":"publish","type":"post","link":"https:\/\/soymigrante.com\/revista\/solidaridad-migrante-guatemalteca-aflora-en-emergencia-de-carolina-del-norte\/","title":{"rendered":"Solidaridad migrante guatemalteca aflora en emergencia de Carolina del Norte"},"content":{"rendered":"\t\t<div data-elementor-type=\"wp-post\" data-elementor-id=\"9963\" class=\"elementor elementor-9963\" data-elementor-post-type=\"post\">\n\t\t\t\t<div data-particle_enable=\"false\" data-particle-mobile-disabled=\"false\" class=\"elementor-element elementor-element-0dd0373 e-flex e-con-boxed e-con e-parent\" data-id=\"0dd0373\" data-element_type=\"container\" data-e-type=\"container\">\n\t\t\t\t\t<div class=\"e-con-inner\">\n\t\t\t\t<div class=\"elementor-element elementor-element-771a16b elementor-widget elementor-widget-heading\" data-id=\"771a16b\" data-element_type=\"widget\" data-e-type=\"widget\" data-widget_type=\"heading.default\">\n\t\t\t\t\t<h2 class=\"elementor-heading-title elementor-size-default\">Migrantes chapines se unen para ayudar a afectados por crecidas e inundaciones en Carolina del Norte. \"Si eres un migrante indocumentado no tengas miedo de pedir ayuda, porque hay una orden para ayudar a todos sin distingo de status migratorio\", dice M\u00f3nica del Cid, de La Casa del Guatemalteco, quien brinda m\u00e1s datos.<\/h2>\t\t\t\t<\/div>\n\t\t\t\t\t<\/div>\n\t\t\t\t<\/div>\n\t\t<div data-particle_enable=\"false\" data-particle-mobile-disabled=\"false\" class=\"elementor-element elementor-element-9ff29e2 e-flex e-con-boxed e-con e-parent\" data-id=\"9ff29e2\" data-element_type=\"container\" data-e-type=\"container\">\n\t\t\t\t\t<div class=\"e-con-inner\">\n\t\t\t\t<div class=\"elementor-element elementor-element-38a516f elementor-widget elementor-widget-text-editor\" data-id=\"38a516f\" data-element_type=\"widget\" data-e-type=\"widget\" data-widget_type=\"text-editor.default\">\n\t\t\t\t\t\t\t\t\t<p>&#8220;Llevo 18 a\u00f1os apoyando en diversas causas, a trav\u00e9s de la Casa del Guatemalteco, pero nunca hab\u00edamos visto algo as\u00ed. La crecida se llev\u00f3 pueblos completos, es una gran tragedia. Hay mucha gente desaparecida pero tambi\u00e9n comunidades aisladas, sin electricidad ni paso por carretera, entre ellas Morganton, Carolina del Norte&#8221;, explica la guatemalteca M\u00f3nica del Cid, integrante de la Casa del Guatemalteco, organizaci\u00f3n comunitaria de apoyo y servicio.<\/p><p>En este momento hay agencias estatales y federales de EE.UU. apoyando a cientos de comunidades afectadas, as\u00ed tambi\u00e9n iglesias, organizaciones no gubernamentales y asociaciones. Los guatemaltecos no pod\u00edan quedarse atr\u00e1s:\u00a0\u00a0<\/p><p><br \/><span style=\"color: var( --e-global-color-text ); text-align: var(--text-align);\">&#8220;Hemos hecho colectas de apoyo para Guatemala cuando la tragedia del volc\u00e1n de Fuego, o para las inundaciones en Izabal, pero ahora la necesidad est\u00e1 aqu\u00ed pero s\u00ed una situaci\u00f3n cr\u00edtica, hay muchos desaparecidos y todav\u00eda no se conoce la cifra total de afectados&#8221;, explica M\u00f3nica, quien reside en Carolina del Norte desde hace 23 a\u00f1os.<\/span><\/p><p>\u00a0<\/p>\t\t\t\t\t\t\t\t<\/div>\n\t\t\t\t\t<\/div>\n\t\t\t\t<\/div>\n\t\t<div data-particle_enable=\"false\" data-particle-mobile-disabled=\"false\" class=\"elementor-element elementor-element-e3c8e2c e-flex e-con-boxed e-con e-parent\" data-id=\"e3c8e2c\" data-element_type=\"container\" data-e-type=\"container\">\n\t\t\t\t\t<div class=\"e-con-inner\">\n\t\t\t\t<div class=\"elementor-element elementor-element-b2e70e4 elementor-widget elementor-widget-image\" data-id=\"b2e70e4\" data-element_type=\"widget\" data-e-type=\"widget\" data-widget_type=\"image.default\">\n\t\t\t\t\t\t\t\t\t\t\t\t<figure class=\"wp-caption\">\n\t\t\t\t\t\t\t\t\t\t<img fetchpriority=\"high\" decoding=\"async\" width=\"768\" height=\"768\" src=\"https:\/\/soymigrante.com\/revista\/wp-content\/uploads\/2024\/10\/solidaridad-migrante-guatemalteca-1.webp\" class=\"attachment-large size-large wp-image-9966\" alt=\"Cruz de acopio para ayuda en emergencias, con informaci\u00f3n sobre centros en Guatemala y servicios de apoyo, incluyendo agua y alimentos enlatados no perecederos.\" srcset=\"https:\/\/soymigrante.com\/revista\/wp-content\/uploads\/2024\/10\/solidaridad-migrante-guatemalteca-1.webp 800w, https:\/\/soymigrante.com\/revista\/wp-content\/uploads\/2024\/10\/solidaridad-migrante-guatemalteca-1-300x300.webp 300w, https:\/\/soymigrante.com\/revista\/wp-content\/uploads\/2024\/10\/solidaridad-migrante-guatemalteca-1-150x150.webp 150w, https:\/\/soymigrante.com\/revista\/wp-content\/uploads\/2024\/10\/solidaridad-migrante-guatemalteca-1-768x768.webp 768w, https:\/\/soymigrante.com\/revista\/wp-content\/uploads\/2024\/10\/solidaridad-migrante-guatemalteca-1-75x75.webp 75w, https:\/\/soymigrante.com\/revista\/wp-content\/uploads\/2024\/10\/solidaridad-migrante-guatemalteca-1-750x750.webp 750w\" sizes=\"(max-width: 768px) 100vw, 768px\" title=\"Negocios guatemaltecos en Carolina del Norte se han convertido en centros de acopio de donativos, se enfrentan sin embargo al desabastecimiento de productos b\u00e1sicos en supermercados.  A\u00fan as\u00ed, muchos migrantes chapines y de otras nacionalidades han acudido a dejar sus donativos. \u2013 SoyMigrante.com REVISTA\" \/>\t\t\t\t\t\t\t\t\t\t\t<figcaption class=\"widget-image-caption wp-caption-text\">Centros de acopio en Guatemala para ayuda en emergencias, ofreciendo agua, alimentos enlatados no perecederos y apoyo comunitario en situaciones de desastre.<\/figcaption>\n\t\t\t\t\t\t\t\t\t\t<\/figure>\n\t\t\t\t\t\t\t\t\t<\/div>\n\t\t\t\t\t<\/div>\n\t\t\t\t<\/div>\n\t\t<div data-particle_enable=\"false\" data-particle-mobile-disabled=\"false\" class=\"elementor-element elementor-element-fa04b74 e-flex e-con-boxed e-con e-parent\" data-id=\"fa04b74\" data-element_type=\"container\" data-e-type=\"container\">\n\t\t\t\t\t<div class=\"e-con-inner\">\n\t\t\t\t<div class=\"elementor-element elementor-element-1d17308 elementor-widget elementor-widget-heading\" data-id=\"1d17308\" data-element_type=\"widget\" data-e-type=\"widget\" data-widget_type=\"heading.default\">\n\t\t\t\t\t<h3 class=\"elementor-heading-title elementor-size-default\">Solidaridad guatemalteca a prueba de todo<\/h3>\t\t\t\t<\/div>\n\t\t\t\t\t<\/div>\n\t\t\t\t<\/div>\n\t\t<div data-particle_enable=\"false\" data-particle-mobile-disabled=\"false\" class=\"elementor-element elementor-element-2f19ea1 e-flex e-con-boxed e-con e-parent\" data-id=\"2f19ea1\" data-element_type=\"container\" data-e-type=\"container\">\n\t\t\t\t\t<div class=\"e-con-inner\">\n\t\t\t\t<div class=\"elementor-element elementor-element-cd5cded elementor-widget elementor-widget-text-editor\" data-id=\"cd5cded\" data-element_type=\"widget\" data-e-type=\"widget\" data-widget_type=\"text-editor.default\">\n\t\t\t\t\t\t\t\t\t<p>Lorem ipsum\u00a0&#8220;Hay muchos guatemaltecos de habla mam, k&#8217;iche, q&#8217;anjob&#8217;al, que trabajaban en polleras y en el campo. Pero que hoy est\u00e1n incomunicados, por falta de electricidad o da\u00f1os en carreteras. Por eso desde el s\u00e1bado est\u00e1bamos en alerta y se convoc\u00f3 a varios negocios de Guatemaltecos en Carolina del Norte, para que fueran centros de acopio. Todos aceptaron&#8221;, relata.<\/p><p><span style=\"font-style: normal; font-variant-ligatures: normal; font-variant-caps: normal; font-weight: 400; font-size: 16px; font-family: Roboto, sans-serif; color: #000000;\">\u00a0<\/span><span style=\"font-style: normal; font-variant-ligatures: normal; font-variant-caps: normal; font-weight: 400; font-size: 16px; font-family: Roboto, sans-serif; color: var( --e-global-color-text ); text-align: var(--text-align);\">&#8220;El restaurante Antigua Guatemala, el Rinc\u00f3n Latino, La Guatemalteca, talleres mec\u00e1nicos Aranda y Red Line est\u00e1n participando. La empresa TuCaja express nos ofreci\u00f3 fletes para llevar los donativos, pero el problema es a\u00fan m\u00e1s grande&#8221;.\u00a0<\/span><\/p>\t\t\t\t\t\t\t\t<\/div>\n\t\t\t\t\t<\/div>\n\t\t\t\t<\/div>\n\t\t<div data-particle_enable=\"false\" data-particle-mobile-disabled=\"false\" class=\"elementor-element elementor-element-0dfb952 e-flex e-con-boxed e-con e-parent\" data-id=\"0dfb952\" data-element_type=\"container\" data-e-type=\"container\">\n\t\t\t\t\t<div class=\"e-con-inner\">\n\t\t\t\t<div class=\"elementor-element elementor-element-57c2285 elementor-widget elementor-widget-image\" data-id=\"57c2285\" data-element_type=\"widget\" data-e-type=\"widget\" data-widget_type=\"image.default\">\n\t\t\t\t\t\t\t\t\t\t\t\t<figure class=\"wp-caption\">\n\t\t\t\t\t\t\t\t\t\t<img decoding=\"async\" width=\"491\" height=\"616\" src=\"https:\/\/soymigrante.com\/revista\/wp-content\/uploads\/2024\/10\/Captura-de-pantalla-2024-10-02-221206.webp\" class=\"attachment-large size-large wp-image-9967\" alt=\"Personas conversando en un puesto improvisado con productos y comida en la calle en un entorno urbano, destacando la cultura y comunidad migrante.\" srcset=\"https:\/\/soymigrante.com\/revista\/wp-content\/uploads\/2024\/10\/Captura-de-pantalla-2024-10-02-221206.webp 491w, https:\/\/soymigrante.com\/revista\/wp-content\/uploads\/2024\/10\/Captura-de-pantalla-2024-10-02-221206-239x300.webp 239w\" sizes=\"(max-width: 491px) 100vw, 491px\" title=\"Desde el s\u00e1bado 28 comenzaron los primeros llamados a recaudar v\u00edveres para damnificados, en ciudades como Morganton, fuertemente impactadas. \u2013 SoyMigrante.com REVISTA\" \/>\t\t\t\t\t\t\t\t\t\t\t<figcaption class=\"widget-image-caption wp-caption-text\">Personas conversando en un puesto improvisado en la calle, con productos y comida, reflejando la vida y cultura de la comunidad migrante en un entorno urbano.<\/figcaption>\n\t\t\t\t\t\t\t\t\t\t<\/figure>\n\t\t\t\t\t\t\t\t\t<\/div>\n\t\t\t\t\t<\/div>\n\t\t\t\t<\/div>\n\t\t<div data-particle_enable=\"false\" data-particle-mobile-disabled=\"false\" class=\"elementor-element elementor-element-06e3879 e-flex e-con-boxed e-con e-parent\" data-id=\"06e3879\" data-element_type=\"container\" data-e-type=\"container\">\n\t\t\t\t\t<div class=\"e-con-inner\">\n\t\t\t\t<div class=\"elementor-element elementor-element-6f36255 elementor-widget elementor-widget-heading\" data-id=\"6f36255\" data-element_type=\"widget\" data-e-type=\"widget\" data-widget_type=\"heading.default\">\n\t\t\t\t\t<h3 class=\"elementor-heading-title elementor-size-default\">Buscan ayudar a guatemaltecos en Morganton, NC<\/h3>\t\t\t\t<\/div>\n\t\t\t\t\t<\/div>\n\t\t\t\t<\/div>\n\t\t<div data-particle_enable=\"false\" data-particle-mobile-disabled=\"false\" class=\"elementor-element elementor-element-9104f62 e-flex e-con-boxed e-con e-parent\" data-id=\"9104f62\" data-element_type=\"container\" data-e-type=\"container\">\n\t\t\t\t\t<div class=\"e-con-inner\">\n\t\t\t\t<div class=\"elementor-element elementor-element-ed94326 elementor-widget elementor-widget-text-editor\" data-id=\"ed94326\" data-element_type=\"widget\" data-e-type=\"widget\" data-widget_type=\"text-editor.default\">\n\t\t\t\t\t\t\t\t\t<p>&#8220;Hay una huelga de puertos y es un problema: porque tenemos gente sin luz y sin agua, escasea la f\u00f3rmula para beb\u00e9s y muchas de esas mercanc\u00edas llegan por mar desde Nueva York o Virginia. Entonces los supermercados se les est\u00e1 agotando el producto. Los cargamentos por carretera se atrasan. Entonces estamos preocupados&#8221;, agrega la guatemalteca.<\/p><p><span style=\"color: var( --e-global-color-text ); text-align: var(--text-align);\">&#8220;Queremos ayudar a Morganton y hay un migrante guatemalteco llamado Basilio, quien siempre colabora en todo y lo sigue haciendo a pesar de que la ca\u00edda de un \u00e1rbol destruy\u00f3 su casa. Estamos viendo necesidades muy duras y esto apenas empieza&#8221;.<\/span><\/p><p><span style=\"color: var( --e-global-color-text ); text-align: var(--text-align);\">M\u00f3nica del Cid tiene 23 a\u00f1os de vivir en Carolina del Norte y junto a su esposo tienen un taller de mec\u00e1nica. Creci\u00f3 en la colonia Monserrat, zona 4 de Mixco. Desde 2006 forma parte de la Casa del Guatemalteco. &#8220;Siempre me ha gustado ayudar, desde que era ni\u00f1a y aqu\u00ed seguimos apoyando&#8221;. Tambi\u00e9n es una de las l\u00edderes voluntarias que recaudan firmas y apoyos para la solicitud de TPS para Guatemaltecos.<\/span><\/p>\t\t\t\t\t\t\t\t<\/div>\n\t\t\t\t\t<\/div>\n\t\t\t\t<\/div>\n\t\t<div data-particle_enable=\"false\" data-particle-mobile-disabled=\"false\" class=\"elementor-element elementor-element-bb6ba02 e-flex e-con-boxed e-con e-parent\" data-id=\"bb6ba02\" data-element_type=\"container\" data-e-type=\"container\">\n\t\t\t\t\t<div class=\"e-con-inner\">\n\t\t\t\t<div class=\"elementor-element elementor-element-9e7407f elementor-widget elementor-widget-html\" data-id=\"9e7407f\" data-element_type=\"widget\" data-e-type=\"widget\" data-widget_type=\"html.default\">\n\t\t\t\t\t<iframe src=\"https:\/\/www.facebook.com\/plugins\/video.php?height=476&href=https%3A%2F%2Fwww.facebook.com%2FlittleguatemalaLLC%2Fvideos%2F1183653849378811%2F&show_text=false&width=267&t=236\" width=\"267\" height=\"476\" style=\"border:none;overflow:hidden\" scrolling=\"no\" frameborder=\"0\" allowfullscreen=\"true\" allow=\"autoplay; clipboard-write; encrypted-media; picture-in-picture; web-share\" allowFullScreen=\"true\"><\/iframe>\t\t\t\t<\/div>\n\t\t\t\t\t<\/div>\n\t\t\t\t<\/div>\n\t\t<div data-particle_enable=\"false\" data-particle-mobile-disabled=\"false\" class=\"elementor-element elementor-element-c3d2151 e-flex e-con-boxed e-con e-parent\" data-id=\"c3d2151\" data-element_type=\"container\" data-e-type=\"container\">\n\t\t\t\t\t<div class=\"e-con-inner\">\n\t\t\t\t<div class=\"elementor-element elementor-element-5496e96 elementor-widget elementor-widget-heading\" data-id=\"5496e96\" data-element_type=\"widget\" data-e-type=\"widget\" data-widget_type=\"heading.default\">\n\t\t\t\t\t<h3 class=\"elementor-heading-title elementor-size-default\">Little Guatemala est\u00e1 a la orden (y se regala caf\u00e9 a quien lo necesite)<\/h3>\t\t\t\t<\/div>\n\t\t\t\t\t<\/div>\n\t\t\t\t<\/div>\n\t\t<div data-particle_enable=\"false\" data-particle-mobile-disabled=\"false\" class=\"elementor-element elementor-element-01c5f33 e-flex e-con-boxed e-con e-parent\" data-id=\"01c5f33\" data-element_type=\"container\" data-e-type=\"container\">\n\t\t\t\t\t<div class=\"e-con-inner\">\n\t\t\t\t<div class=\"elementor-element elementor-element-1bb8468 elementor-widget elementor-widget-text-editor\" data-id=\"1bb8468\" data-element_type=\"widget\" data-e-type=\"widget\" data-widget_type=\"text-editor.default\">\n\t\t\t\t\t\t\t\t\t<p><a href=\"https:\/\/soymigrante.com\/revista\/little-guatemala-florece-en-carolina-del-norte-el-sueno-del-migrante-y-emprendedor-cristian-ramazzini\/\">Christian Rammazzini, migrante guatemalteco y fundador del caf\u00e9 y centro comunitario Little Guatemala, en Morganton,<\/a> coment\u00f3 a SoyMigrante.com\u00a0 &#8220;Estamos vivos de puro milagro de Dios&#8221;, sin dar m\u00e1s detalles. Sin embargo, a trav\u00e9s de sus redes sociales convoca a voluntarios para un equipo de remoci\u00f3n de \u00e1rboles ca\u00eddos, sobre todo aquellos que cierran acceso a entradas de casas.\u00a0<\/p><p>&#8220;Estamos tratando de ver qu\u00e9 se hace por la comunidad. Vamos a remover \u00e1rboles, si alguien quiere ser voluntario, me puede llamar para hacer este trabajo sin costo ni sueldo alguno. Necesitamos hachas,\u00a0 machetes o herramientas para cortar&#8221;.<br \/>&#8220;Tambi\u00e9n estamos regalando un cafecito a quien lo necesite. Tratemos de ser positivos en esta situaci\u00f3n tan dura. S\u00e9 que hay muchas v\u00edctimas y es una tragedia, pero estemos agarrados de la mano de Dios. Son tiempos duros que nos hacen ver la fragilidad de la vida. Estoy para a ayudar a quien lo necesite&#8221;.<\/p><p>Si alguien quiere contactarlo para ayuda, puede ir al facebook de Little Guatemala y enviarle mensaje.<\/p>\t\t\t\t\t\t\t\t<\/div>\n\t\t\t\t\t<\/div>\n\t\t\t\t<\/div>\n\t\t<div data-particle_enable=\"false\" data-particle-mobile-disabled=\"false\" class=\"elementor-element elementor-element-52048ff e-flex e-con-boxed e-con e-parent\" data-id=\"52048ff\" data-element_type=\"container\" data-e-type=\"container\">\n\t\t\t\t\t<div class=\"e-con-inner\">\n\t\t\t\t<div class=\"elementor-element elementor-element-9b6021f elementor-widget elementor-widget-facebook-page\" data-id=\"9b6021f\" data-element_type=\"widget\" data-e-type=\"widget\" data-widget_type=\"facebook-page.default\">\n\t\t\t\t\t<div class=\"elementor-facebook-widget fb-page\" data-href=\"https:\/\/www.facebook.com\/littleguatemalaLLC\" data-tabs=\"timeline\" data-height=\"500px\" data-width=\"500px\" data-small-header=\"false\" data-hide-cover=\"false\" data-show-facepile=\"true\" data-hide-cta=\"false\" style=\"min-height: 1px;height:500px\"><\/div>\t\t\t\t<\/div>\n\t\t\t\t\t<\/div>\n\t\t\t\t<\/div>\n\t\t<div data-particle_enable=\"false\" data-particle-mobile-disabled=\"false\" class=\"elementor-element elementor-element-3ba6801 e-flex e-con-boxed e-con e-parent\" data-id=\"3ba6801\" data-element_type=\"container\" data-e-type=\"container\">\n\t\t\t\t\t<div class=\"e-con-inner\">\n\t\t\t\t<div class=\"elementor-element elementor-element-2e79929 elementor-widget elementor-widget-heading\" data-id=\"2e79929\" data-element_type=\"widget\" data-e-type=\"widget\" data-widget_type=\"heading.default\">\n\t\t\t\t\t<h3 class=\"elementor-heading-title elementor-size-default\">Hay que vencer el miedo y pedir ayuda: M\u00f3nica del Cid<\/h3>\t\t\t\t<\/div>\n\t\t\t\t\t<\/div>\n\t\t\t\t<\/div>\n\t\t<div data-particle_enable=\"false\" data-particle-mobile-disabled=\"false\" class=\"elementor-element elementor-element-0eb0bf4 e-flex e-con-boxed e-con e-parent\" data-id=\"0eb0bf4\" data-element_type=\"container\" data-e-type=\"container\">\n\t\t\t\t\t<div class=\"e-con-inner\">\n\t\t\t\t<div class=\"elementor-element elementor-element-8231079 elementor-widget elementor-widget-text-editor\" data-id=\"8231079\" data-element_type=\"widget\" data-e-type=\"widget\" data-widget_type=\"text-editor.default\">\n\t\t\t\t\t\t\t\t\t<p>El temor es una barrera para la ayuda y tambi\u00e9n la dificultad del idioma, explica M\u00f3nica. &#8220;Hay migrantes guatemaltecos que solo hablan un idioma, como mam, keqchi&#8217;, q&#8217;anjob&#8217;al y no hay suficientes traductores.\u00a0 \u00a0Esta es una barrera. La otra es el temor, porque hay muchos indocumentados y no se atreven a pedir ayuda por miedo a que los detengan por su situaci\u00f3n migratoria&#8221;.<\/p><p><span style=\"color: var( --e-global-color-text ); text-align: var(--text-align);\">&#8220;En este momento hay una orden del gobernador Ray Cooper para que se atienda a la gente y se le ayude sin averiguar ni importar su status migratorio en todas las zonas afectadas. Pero la gente est\u00e1 muy asustada por el desastre, por las carencias y no quieren pedir ayuda, porque temen ser deportados..<\/span><\/p><p><span style=\"color: var( --e-global-color-text ); text-align: var(--text-align);\">&#8220;Entonces, que los guatemaltecos damnificados no tengan miedo de pedir ayuda, de ir a los lugares de reparto de comida. Juntros podemos ayudarnos&#8221;, finaliza M\u00f3nica del Cid.\u00a0<\/span><\/p>\t\t\t\t\t\t\t\t<\/div>\n\t\t\t\t\t<\/div>\n\t\t\t\t<\/div>\n\t\t<div data-particle_enable=\"false\" data-particle-mobile-disabled=\"false\" class=\"elementor-element elementor-element-9b6887e e-flex e-con-boxed e-con e-parent\" data-id=\"9b6887e\" data-element_type=\"container\" data-e-type=\"container\">\n\t\t\t\t\t<div class=\"e-con-inner\">\n\t\t\t\t<div class=\"elementor-element elementor-element-658d242 elementor-widget elementor-widget-image\" data-id=\"658d242\" data-element_type=\"widget\" data-e-type=\"widget\" data-widget_type=\"image.default\">\n\t\t\t\t\t\t\t\t\t\t\t\t<figure class=\"wp-caption\">\n\t\t\t\t\t\t\t\t\t\t<img decoding=\"async\" width=\"673\" height=\"1024\" src=\"https:\/\/soymigrante.com\/revista\/wp-content\/uploads\/2024\/09\/leonel-arenas-migrante-4-1-e1727933333533-673x1024.webp\" class=\"attachment-large size-large wp-image-9613\" alt=\"Bandera de Guatemala en manifestaci\u00f3n con personas con diversidad cultural frente a la Casa Blanca.\" srcset=\"https:\/\/soymigrante.com\/revista\/wp-content\/uploads\/2024\/09\/leonel-arenas-migrante-4-1-e1727933333533-673x1024.webp 673w, https:\/\/soymigrante.com\/revista\/wp-content\/uploads\/2024\/09\/leonel-arenas-migrante-4-1-e1727933333533-197x300.webp 197w, https:\/\/soymigrante.com\/revista\/wp-content\/uploads\/2024\/09\/leonel-arenas-migrante-4-1-e1727933333533-768x1168.webp 768w, https:\/\/soymigrante.com\/revista\/wp-content\/uploads\/2024\/09\/leonel-arenas-migrante-4-1-e1727933333533-750x1141.webp 750w, https:\/\/soymigrante.com\/revista\/wp-content\/uploads\/2024\/09\/leonel-arenas-migrante-4-1-e1727933333533.webp 816w\" sizes=\"(max-width: 673px) 100vw, 673px\" title=\"M\u00f3nica del Cid, l\u00edder migrante guatemalteca  de Carolina del Norte, durante una actividad en favor del TPS Guatemalteco. Junto a ella, Leonel Arenas, lider migrante guatemalteco de Connecticut. \u2013 SoyMigrante.com REVISTA\" \/>\t\t\t\t\t\t\t\t\t\t\t<figcaption class=\"widget-image-caption wp-caption-text\">Celebraci\u00f3n cultural y lucha por derechos de migrantes guatemaltecos en Washington D.C.<\/figcaption>\n\t\t\t\t\t\t\t\t\t\t<\/figure>\n\t\t\t\t\t\t\t\t\t<\/div>\n\t\t\t\t\t<\/div>\n\t\t\t\t<\/div>\n\t\t<div data-particle_enable=\"false\" data-particle-mobile-disabled=\"false\" class=\"elementor-element elementor-element-2371b00 e-flex e-con-boxed e-con e-parent\" data-id=\"2371b00\" data-element_type=\"container\" data-e-type=\"container\">\n\t\t\t\t\t<div class=\"e-con-inner\">\n\t\t\t\t<div class=\"elementor-element elementor-element-646e550 elementor-widget elementor-widget-heading\" data-id=\"646e550\" data-element_type=\"widget\" data-e-type=\"widget\" data-widget_type=\"heading.default\">\n\t\t\t\t\t<h4 class=\"elementor-heading-title elementor-size-default\">Actualizaci\u00f3n: Este viernes 4 oct, Christian Ramazzini, de Little Guatemala particip\u00f3 en la  corta de ramas y troncos<\/h4>\t\t\t\t<\/div>\n\t\t\t\t\t<\/div>\n\t\t\t\t<\/div>\n\t\t<div data-particle_enable=\"false\" data-particle-mobile-disabled=\"false\" class=\"elementor-element elementor-element-61d6c53 e-flex e-con-boxed e-con e-parent\" data-id=\"61d6c53\" data-element_type=\"container\" data-e-type=\"container\">\n\t\t\t\t\t<div class=\"e-con-inner\">\n\t\t\t\t<div class=\"elementor-element elementor-element-b730b89 elementor-widget elementor-widget-facebook-embed\" data-id=\"b730b89\" data-element_type=\"widget\" data-e-type=\"widget\" data-widget_type=\"facebook-embed.default\">\n\t\t\t\t\t<div style=\"min-height: 1px\" class=\"elementor-facebook-widget fb-video\" data-href=\"https:\/\/www.facebook.com\/littleguatemalaLLC\/videos\/1196267598131916\" data-show-text=\"false\" data-allowfullscreen=\"false\" data-autoplay=\"false\" data-show-captions=\"false\"><\/div>\t\t\t\t<\/div>\n\t\t\t\t\t<\/div>\n\t\t\t\t<\/div>\n\t\t<div data-particle_enable=\"false\" data-particle-mobile-disabled=\"false\" class=\"elementor-element elementor-element-aa90430 e-flex e-con-boxed e-con e-parent\" data-id=\"aa90430\" data-element_type=\"container\" data-e-type=\"container\">\n\t\t\t\t\t<div class=\"e-con-inner\">\n\t\t\t\t<div class=\"elementor-element elementor-element-bc94fb3 elementor-widget elementor-widget-heading\" data-id=\"bc94fb3\" data-element_type=\"widget\" data-e-type=\"widget\" data-widget_type=\"heading.default\">\n\t\t\t\t\t<h2 class=\"elementor-heading-title elementor-size-default\">Uni\u00f3n y fortaleza guatemalteca<\/h2>\t\t\t\t<\/div>\n\t\t\t\t\t<\/div>\n\t\t\t\t<\/div>\n\t\t<div data-particle_enable=\"false\" data-particle-mobile-disabled=\"false\" class=\"elementor-element elementor-element-9157deb e-flex e-con-boxed e-con e-parent\" data-id=\"9157deb\" data-element_type=\"container\" data-e-type=\"container\">\n\t\t\t\t\t<div class=\"e-con-inner\">\n\t\t\t\t<div class=\"elementor-element elementor-element-7fb8c02 elementor-grid-eael-col-3 elementor-grid-tablet-eael-col-2 elementor-grid-mobile-eael-col-1 elementor-widget elementor-widget-eael-post-grid\" data-id=\"7fb8c02\" data-element_type=\"widget\" data-e-type=\"widget\" data-settings=\"{&quot;eael_post_grid_columns&quot;:&quot;eael-col-3&quot;,&quot;eael_post_grid_columns_tablet&quot;:&quot;eael-col-2&quot;,&quot;eael_post_grid_columns_mobile&quot;:&quot;eael-col-1&quot;}\" data-widget_type=\"eael-post-grid.default\">\n\t\t\t\t\t<div id=\"eael-post-grid-7fb8c02\" class=\"eael-post-grid-container\">\n            <div class=\"eael-post-grid eael-post-appender eael-post-appender-7fb8c02 eael-post-grid-style-one\" data-layout-mode=\"masonry\"><article class=\"eael-grid-post  eael-post-grid-column eael-pg-post-9925 category-estamos-unidos\" data-id=\"9925\">\n        <div class=\"eael-grid-post-holder\">\n            <div class=\"eael-grid-post-holder-inner\"><div class=\"eael-entry-media\"><div class=\"eael-entry-overlay fade-in\"><i class=\"far fa-hand-pointer\" aria-hidden=\"true\"><\/i><a href=\"https:\/\/soymigrante.com\/revista\/ninos-festejan-su-dia-gracias-a-aportes-de-migrantes-guatemaltecos\/\"><\/a><\/div><div class=\"eael-entry-thumbnail \">\n                <img loading=\"lazy\" decoding=\"async\" width=\"1024\" height=\"1024\" src=\"https:\/\/soymigrante.com\/revista\/wp-content\/uploads\/2024\/10\/dia-del-nino-2024-1024x1024.webp\" class=\"attachment-large size-large wp-image-9926\" alt=\"Torta de cumplea\u00f1os con ni\u00f1os en aula escolar, celebraci\u00f3n en comunidad educativa, actividades culturales y sociales, Revista SoyMigrante.com, integraci\u00f3n y alegr\u00eda infantil.\" srcset=\"https:\/\/soymigrante.com\/revista\/wp-content\/uploads\/2024\/10\/dia-del-nino-2024-1024x1024.webp 1024w, https:\/\/soymigrante.com\/revista\/wp-content\/uploads\/2024\/10\/dia-del-nino-2024-300x300.webp 300w, https:\/\/soymigrante.com\/revista\/wp-content\/uploads\/2024\/10\/dia-del-nino-2024-150x150.webp 150w, https:\/\/soymigrante.com\/revista\/wp-content\/uploads\/2024\/10\/dia-del-nino-2024-768x768.webp 768w, https:\/\/soymigrante.com\/revista\/wp-content\/uploads\/2024\/10\/dia-del-nino-2024-75x75.webp 75w, https:\/\/soymigrante.com\/revista\/wp-content\/uploads\/2024\/10\/dia-del-nino-2024-750x750.webp 750w, https:\/\/soymigrante.com\/revista\/wp-content\/uploads\/2024\/10\/dia-del-nino-2024-1140x1140.webp 1140w, https:\/\/soymigrante.com\/revista\/wp-content\/uploads\/2024\/10\/dia-del-nino-2024.webp 1200w\" sizes=\"(max-width: 1024px) 100vw, 1024px\" \/>\n            <\/div>\n        <\/div><div class=\"eael-entry-wrapper\"><header class=\"eael-entry-header\"><h2 class=\"eael-entry-title\"><a class=\"eael-grid-post-link\" href=\"https:\/\/soymigrante.com\/revista\/ninos-festejan-su-dia-gracias-a-aportes-de-migrantes-guatemaltecos\/\" title=\"Ni\u00f1os festejan su D\u00eda gracias a aportes de migrantes guatemaltecos\">Ni\u00f1os festejan su D\u00eda gracias a aportes de migrantes guatemaltecos<\/a><\/h2><\/header><div class=\"eael-entry-content\">\n                        <div class=\"eael-grid-post-excerpt\"><a href=\"https:\/\/soymigrante.com\/revista\/ninos-festejan-su-dia-gracias-a-aportes-de-migrantes-guatemaltecos\/\" class=\"eael-post-elements-readmore-btn\">CONOCE SU HISTORIA <\/a><\/div>\n                    <\/div><\/div><\/div>\n        <\/div>\n    <\/article><article class=\"eael-grid-post  eael-post-grid-column eael-pg-post-6247 category-estamos-unidos\" data-id=\"6247\">\n        <div class=\"eael-grid-post-holder\">\n            <div class=\"eael-grid-post-holder-inner\"><div class=\"eael-entry-media\"><div class=\"eael-entry-overlay fade-in\"><i class=\"far fa-hand-pointer\" aria-hidden=\"true\"><\/i><a href=\"https:\/\/soymigrante.com\/revista\/solidaridad-migrantes-hispanos-oklahoma-victimas-tornado-sulphur\/\"><\/a><\/div><div class=\"eael-entry-thumbnail \">\n                <img loading=\"lazy\" decoding=\"async\" width=\"533\" height=\"595\" src=\"https:\/\/soymigrante.com\/revista\/wp-content\/uploads\/2024\/04\/Captura-de-pantalla-2024-04-30-234934.webp\" class=\"attachment-large size-large wp-image-6248\" alt=\"Manos con aud\u00edfonos y gafas de sol en evento de migrantes en exteriores, sonriendo y mostrando actitud positiva.\" srcset=\"https:\/\/soymigrante.com\/revista\/wp-content\/uploads\/2024\/04\/Captura-de-pantalla-2024-04-30-234934.webp 533w, https:\/\/soymigrante.com\/revista\/wp-content\/uploads\/2024\/04\/Captura-de-pantalla-2024-04-30-234934-269x300.webp 269w\" sizes=\"(max-width: 533px) 100vw, 533px\" \/>\n            <\/div>\n        <\/div><div class=\"eael-entry-wrapper\"><header class=\"eael-entry-header\"><h2 class=\"eael-entry-title\"><a class=\"eael-grid-post-link\" href=\"https:\/\/soymigrante.com\/revista\/solidaridad-migrantes-hispanos-oklahoma-victimas-tornado-sulphur\/\" title=\"Migrantes ayudan a damnificados por tornado en Sulphur, Oklahoma\">Migrantes ayudan a damnificados por tornado en Sulphur, Oklahoma<\/a><\/h2><\/header><div class=\"eael-entry-content\">\n                        <div class=\"eael-grid-post-excerpt\"><a href=\"https:\/\/soymigrante.com\/revista\/solidaridad-migrantes-hispanos-oklahoma-victimas-tornado-sulphur\/\" class=\"eael-post-elements-readmore-btn\">CONOCE SU HISTORIA <\/a><\/div>\n                    <\/div><\/div><\/div>\n        <\/div>\n    <\/article><article class=\"eael-grid-post  eael-post-grid-column eael-pg-post-4880 category-estamos-unidos\" data-id=\"4880\">\n        <div class=\"eael-grid-post-holder\">\n            <div class=\"eael-grid-post-holder-inner\"><div class=\"eael-entry-media\"><div class=\"eael-entry-overlay fade-in\"><i class=\"far fa-hand-pointer\" aria-hidden=\"true\"><\/i><a href=\"https:\/\/soymigrante.com\/revista\/migrantes-guatemaltecos-apoyaron-jornada-medica-en-occidente-del-pais\/\"><\/a><\/div><div class=\"eael-entry-thumbnail \">\n                <img loading=\"lazy\" decoding=\"async\" width=\"1024\" height=\"630\" src=\"https:\/\/soymigrante.com\/revista\/wp-content\/uploads\/2024\/02\/PORTADA-LIMARY-1024x630.webp\" class=\"attachment-large size-large wp-image-4912\" alt=\"Limary Gramajo es hija de migrantes guatemaltecos, Gracias al apoyo de becas y prestamos estudiantiles Limary estar\u00e1 a punto de graduarse como ginec\u00f3loga obstetra. Desde que supo de la misi\u00f3n en Guatemala se motivo a reunir insumos para las comunidades a las que se realizaba la jornada con el apoyo de la comunidad migrante guatemalteca radicada en Oklahoma\" srcset=\"https:\/\/soymigrante.com\/revista\/wp-content\/uploads\/2024\/02\/PORTADA-LIMARY-1024x630.webp 1024w, https:\/\/soymigrante.com\/revista\/wp-content\/uploads\/2024\/02\/PORTADA-LIMARY-300x185.webp 300w, https:\/\/soymigrante.com\/revista\/wp-content\/uploads\/2024\/02\/PORTADA-LIMARY-768x473.webp 768w, https:\/\/soymigrante.com\/revista\/wp-content\/uploads\/2024\/02\/PORTADA-LIMARY-750x462.webp 750w, https:\/\/soymigrante.com\/revista\/wp-content\/uploads\/2024\/02\/PORTADA-LIMARY.webp 1300w\" sizes=\"(max-width: 1024px) 100vw, 1024px\" \/>\n            <\/div>\n        <\/div><div class=\"eael-entry-wrapper\"><header class=\"eael-entry-header\"><h2 class=\"eael-entry-title\"><a class=\"eael-grid-post-link\" href=\"https:\/\/soymigrante.com\/revista\/migrantes-guatemaltecos-apoyaron-jornada-medica-en-occidente-del-pais\/\" title=\"Solidaridad migrante acompa\u00f1a misi\u00f3n de m\u00e9dicos de EE.UU. en Xela y Totonicap\u00e1n\">Solidaridad migrante acompa\u00f1a misi\u00f3n de m\u00e9dicos de EE.UU. en Xela y Totonicap\u00e1n<\/a><\/h2><\/header><div class=\"eael-entry-content\">\n                        <div class=\"eael-grid-post-excerpt\"><a href=\"https:\/\/soymigrante.com\/revista\/migrantes-guatemaltecos-apoyaron-jornada-medica-en-occidente-del-pais\/\" class=\"eael-post-elements-readmore-btn\">CONOCE SU HISTORIA <\/a><\/div>\n                    <\/div><\/div><\/div>\n        <\/div>\n    <\/article><\/div>\n            <div class=\"clearfix\"><\/div>\n        <\/div>\t\t\t\t<\/div>\n\t\t\t\t\t<\/div>\n\t\t\t\t<\/div>\n\t\t\t\t<\/div>\n\t\t","protected":false},"excerpt":{"rendered":"<p>Migrantes chapines se unen para ayudar a afectados por crecidas e inundaciones en Carolina del Norte. &#8220;Si eres un migrante indocumentado no tengas miedo de pedir ayuda, porque hay una orden para ayudar a todos sin distingo de status migratorio&#8221;, dice M\u00f3nica del Cid, de La Casa del Guatemalteco, quien brinda m\u00e1s datos. &#8220;Llevo 18 [&hellip;]<\/p>\n","protected":false},"author":7,"featured_media":9968,"comment_status":"open","ping_status":"open","sticky":false,"template":"","format":"standard","meta":{"_acf_changed":false,"_eb_attr":"","footnotes":""},"categories":[54],"tags":[],"class_list":["post-9963","post","type-post","status-publish","format-standard","has-post-thumbnail","hentry","category-estamos-unidos"],"acf":[],"aioseo_notices":[],"aioseo_head":"\n\t\t<!-- All in One SEO Pro 4.9.6.2 - aioseo.com -->\n\t<meta name=\"description\" content=\"Limayre\" \/>\n\t<meta name=\"robots\" content=\"max-snippet:-1, max-image-preview:large, max-video-preview:-1\" \/>\n\t<meta name=\"author\" content=\"Diana Batz\"\/>\n\t<link rel=\"canonical\" href=\"https:\/\/soymigrante.com\/revista\/migrantes-guatemaltecos-apoyaron-jornada-medica-en-occidente-del-pais\/\" \/>\n\t<meta name=\"generator\" content=\"All in One SEO Pro (AIOSEO) 4.9.6.2\" \/>\n\n\t\t<link rel=\"preconnect\" href=\"https:\/\/fonts.googleapis.com\" crossorigin>\n<link rel=\"preconnect\" href=\"https:\/\/fonts.gstatic.com\" crossorigin>\n\t\t<meta property=\"og:locale\" content=\"es_ES\" \/>\n\t\t<meta property=\"og:site_name\" content=\"SoyMigrante.com REVISTA \u2013 Nuestra misi\u00f3n es reconocer y dignificar al migrante.\" \/>\n\t\t<meta property=\"og:type\" content=\"article\" \/>\n\t\t<meta property=\"og:title\" content=\"Jornada m\u00e9dica en Guatemala con ayuda de migrantes chapines\" \/>\n\t\t<meta property=\"og:description\" content=\"Limayre\" \/>\n\t\t<meta property=\"og:url\" content=\"https:\/\/soymigrante.com\/revista\/migrantes-guatemaltecos-apoyaron-jornada-medica-en-occidente-del-pais\/\" \/>\n\t\t<meta property=\"og:image\" content=\"https:\/\/soymigrante.com\/revista\/wp-content\/uploads\/2024\/02\/PORTADA-LIMARY.webp\" \/>\n\t\t<meta property=\"og:image:secure_url\" content=\"https:\/\/soymigrante.com\/revista\/wp-content\/uploads\/2024\/02\/PORTADA-LIMARY.webp\" \/>\n\t\t<meta property=\"og:image:width\" content=\"1300\" \/>\n\t\t<meta property=\"og:image:height\" content=\"800\" \/>\n\t\t<meta property=\"article:published_time\" content=\"2024-02-16T04:48:37+00:00\" \/>\n\t\t<meta property=\"article:modified_time\" content=\"2024-04-30T12:07:37+00:00\" \/>\n\t\t<meta property=\"article:publisher\" content=\"https:\/\/www.facebook.com\/soymigrantecom\" \/>\n\t\t<meta name=\"twitter:card\" content=\"summary_large_image\" \/>\n\t\t<meta name=\"twitter:site\" content=\"@SoyMigrante_com\" \/>\n\t\t<meta name=\"twitter:title\" content=\"Jornada m\u00e9dica en Guatemala con ayuda de migrantes chapines\" \/>\n\t\t<meta name=\"twitter:description\" content=\"Limayre\" \/>\n\t\t<meta name=\"twitter:creator\" content=\"@SoyMigrante_com\" \/>\n\t\t<meta name=\"twitter:image\" content=\"https:\/\/soymigrante.com\/revista\/wp-content\/uploads\/2024\/02\/PORTADA-LIMARY.webp\" \/>\n\t\t<!-- All in One SEO Pro -->\r\n\t\t<title>Jornada m\u00e9dica en Guatemala con ayuda de migrantes chapines<\/title>\n\n","aioseo_head_json":{"title":"Jornada m\u00e9dica en Guatemala con ayuda de migrantes chapines","description":"Limayre","canonical_url":"https:\/\/soymigrante.com\/revista\/migrantes-guatemaltecos-apoyaron-jornada-medica-en-occidente-del-pais\/","robots":"max-snippet:-1, max-image-preview:large, max-video-preview:-1","keywords":"","webmasterTools":{"miscellaneous":"&lt;link rel=\"preconnect\" href=\"https:\/\/fonts.googleapis.com\" crossorigin&gt;\n&lt;link rel=\"preconnect\" href=\"https:\/\/fonts.gstatic.com\" crossorigin&gt;"},"schema":null,"og:locale":"es_ES","og:site_name":"SoyMigrante.com REVISTA \u2013 Nuestra misi\u00f3n es reconocer y dignificar al migrante.","og:type":"article","og:title":"Jornada m\u00e9dica en Guatemala con ayuda de migrantes chapines","og:description":"Limayre","og:url":"https:\/\/soymigrante.com\/revista\/migrantes-guatemaltecos-apoyaron-jornada-medica-en-occidente-del-pais\/","og:image":"https:\/\/soymigrante.com\/revista\/wp-content\/uploads\/2024\/02\/PORTADA-LIMARY.webp","og:image:secure_url":"https:\/\/soymigrante.com\/revista\/wp-content\/uploads\/2024\/02\/PORTADA-LIMARY.webp","og:image:width":1300,"og:image:height":800,"article:published_time":"2024-02-16T04:48:37+00:00","article:modified_time":"2024-04-30T12:07:37+00:00","article:publisher":"https:\/\/www.facebook.com\/soymigrantecom","twitter:card":"summary_large_image","twitter:site":"@SoyMigrante_com","twitter:title":"Jornada m\u00e9dica en Guatemala con ayuda de migrantes chapines","twitter:description":"Limayre","twitter:creator":"@SoyMigrante_com","twitter:image":"https:\/\/soymigrante.com\/revista\/wp-content\/uploads\/2024\/02\/PORTADA-LIMARY.webp"},"aioseo_meta_data":{"post_id":"9963","title":"Solidaridad guatemalteca en Carolina del Norte tras hurac\u00e1n","description":"Migrantes chapines en Carolina del Norte recaudan v\u00edveres en apoyo de damnificados. M\u00f3nica del Cid, de la Casa del Guatemalteco, expone la situaci\u00f3n y dificultades","keywords":null,"keyphrases":{"focus":{"keyphrase":"Carolina del Norte","score":91,"analysis":{"keyphraseInTitle":{"score":9,"maxScore":9,"error":0},"keyphraseInDescription":{"score":9,"maxScore":9,"error":0},"keyphraseLength":{"score":9,"maxScore":9,"error":0,"length":3},"keyphraseInURL":{"score":5,"maxScore":5,"error":0},"keyphraseInIntroduction":{"score":9,"maxScore":9,"error":0},"keyphraseInSubHeadings":{"score":3,"maxScore":9,"error":1},"keyphraseInImageAlt":{"score":9,"maxScore":9,"error":0},"keywordDensity":{"type":"best","score":9,"maxScore":9,"error":0}}},"additional":[{"keyphrase":"Guatemalteca","score":87,"analysis":{"keyphraseInDescription":{"score":3,"maxScore":9,"error":1},"keyphraseLength":{"score":9,"maxScore":9,"error":0,"length":1},"keyphraseInIntroduction":{"score":9,"maxScore":9,"error":0},"keyphraseInImageAlt":{"score":9,"maxScore":9,"error":0},"keywordDensity":{"type":"best","score":9,"maxScore":9,"error":0}}},{"keyphrase":"Migrante","score":73,"analysis":{"keyphraseInDescription":{"score":3,"maxScore":9,"error":1},"keyphraseLength":{"score":9,"maxScore":9,"error":0,"length":1},"keyphraseInIntroduction":{"score":3,"maxScore":9,"error":1},"keyphraseInImageAlt":{"score":9,"maxScore":9,"error":0},"keywordDensity":{"type":"best","score":9,"maxScore":9,"error":0}}}]},"primary_term":null,"canonical_url":null,"og_title":null,"og_description":null,"og_object_type":"default","og_image_type":"default","og_image_url":null,"og_image_width":null,"og_image_height":null,"og_image_custom_url":null,"og_image_custom_fields":null,"og_video":"","og_custom_url":null,"og_article_section":null,"og_article_tags":null,"twitter_use_og":false,"twitter_card":"default","twitter_image_type":"default","twitter_image_url":null,"twitter_image_custom_url":null,"twitter_image_custom_fields":null,"twitter_title":null,"twitter_description":null,"schema":{"blockGraphs":[],"customGraphs":[],"default":{"data":{"Article":[],"Course":[],"Dataset":[],"FAQPage":[],"Movie":[],"Person":[],"Product":[],"ProductReview":[],"Car":[],"Recipe":[],"Service":[],"SoftwareApplication":[],"WebPage":[]},"graphName":"Article","isEnabled":true},"graphs":[]},"schema_type":"default","schema_type_options":null,"pillar_content":false,"robots_default":true,"robots_noindex":false,"robots_noarchive":false,"robots_nosnippet":false,"robots_nofollow":false,"robots_noimageindex":false,"robots_noodp":false,"robots_notranslate":false,"robots_max_snippet":"-1","robots_max_videopreview":"-1","robots_max_imagepreview":"large","priority":null,"frequency":"default","local_seo":null,"seo_analyzer_scan_date":"2025-10-08 23:28:16","breadcrumb_settings":null,"limit_modified_date":false,"reviewed_by":null,"open_ai":"{\"title\":{\"suggestions\":[],\"usage\":0},\"description\":{\"suggestions\":[],\"usage\":0}}","ai":null,"created":"2024-10-03 04:19:53","updated":"2026-02-04 14:10:24"},"aioseo_breadcrumb":"<div class=\"aioseo-breadcrumbs\"><span class=\"aioseo-breadcrumb\">\n\t<a href=\"https:\/\/soymigrante.com\/revista\" title=\"Home\">Home<\/a>\n<\/span><span class=\"aioseo-breadcrumb-separator\">\u00bb<\/span><span class=\"aioseo-breadcrumb\">\n\t<a href=\"https:\/\/soymigrante.com\/revista\/category\/estamos-unidos\/\" title=\"Estamos Unidos\">Estamos Unidos<\/a>\n<\/span><span class=\"aioseo-breadcrumb-separator\">\u00bb<\/span><span class=\"aioseo-breadcrumb\">\n\tSolidaridad migrante guatemalteca aflora en emergencia de Carolina del Norte\n<\/span><\/div>","aioseo_breadcrumb_json":[{"label":"Home","link":"https:\/\/soymigrante.com\/revista"},{"label":"Estamos Unidos","link":"https:\/\/soymigrante.com\/revista\/category\/estamos-unidos\/"},{"label":"Solidaridad migrante guatemalteca aflora en emergencia de Carolina del Norte","link":"https:\/\/soymigrante.com\/revista\/solidaridad-migrante-guatemalteca-aflora-en-emergencia-de-carolina-del-norte\/"}],"_links":{"self":[{"href":"https:\/\/soymigrante.com\/revista\/wp-json\/wp\/v2\/posts\/9963","targetHints":{"allow":["GET"]}}],"collection":[{"href":"https:\/\/soymigrante.com\/revista\/wp-json\/wp\/v2\/posts"}],"about":[{"href":"https:\/\/soymigrante.com\/revista\/wp-json\/wp\/v2\/types\/post"}],"author":[{"embeddable":true,"href":"https:\/\/soymigrante.com\/revista\/wp-json\/wp\/v2\/users\/7"}],"replies":[{"embeddable":true,"href":"https:\/\/soymigrante.com\/revista\/wp-json\/wp\/v2\/comments?post=9963"}],"version-history":[{"count":0,"href":"https:\/\/soymigrante.com\/revista\/wp-json\/wp\/v2\/posts\/9963\/revisions"}],"wp:featuredmedia":[{"embeddable":true,"href":"https:\/\/soymigrante.com\/revista\/wp-json\/wp\/v2\/media\/9968"}],"wp:attachment":[{"href":"https:\/\/soymigrante.com\/revista\/wp-json\/wp\/v2\/media?parent=9963"}],"wp:term":[{"taxonomy":"category","embeddable":true,"href":"https:\/\/soymigrante.com\/revista\/wp-json\/wp\/v2\/categories?post=9963"},{"taxonomy":"post_tag","embeddable":true,"href":"https:\/\/soymigrante.com\/revista\/wp-json\/wp\/v2\/tags?post=9963"}],"curies":[{"name":"wp","href":"https:\/\/api.w.org\/{rel}","templated":true}]}}