{"id":9943,"date":"2024-11-08T09:00:00","date_gmt":"2024-11-08T15:00:00","guid":{"rendered":"https:\/\/soymigrante.com\/revista\/?p=9943"},"modified":"2024-12-21T17:38:58","modified_gmt":"2024-12-21T23:38:58","slug":"potencia-el-emprendedor-que-llevas-dentro-con-estas-siete-cualidades","status":"publish","type":"post","link":"https:\/\/soymigrante.com\/revista\/potencia-el-emprendedor-que-llevas-dentro-con-estas-siete-cualidades\/","title":{"rendered":"Potencia tu esp\u00edritu de emprendimiento con estas siete cualidades y algo m\u00e1s&#8230;"},"content":{"rendered":"\t\t<div data-elementor-type=\"wp-post\" data-elementor-id=\"9943\" class=\"elementor elementor-9943\" data-elementor-post-type=\"post\">\n\t\t\t\t<div data-particle_enable=\"false\" data-particle-mobile-disabled=\"false\" class=\"elementor-element elementor-element-41e8bc7 e-flex e-con-boxed e-con e-parent\" data-id=\"41e8bc7\" data-element_type=\"container\" data-e-type=\"container\">\n\t\t\t\t\t<div class=\"e-con-inner\">\n\t\t\t\t<div class=\"elementor-element elementor-element-ff51e81 elementor-widget elementor-widget-heading\" data-id=\"ff51e81\" data-element_type=\"widget\" data-e-type=\"widget\" data-widget_type=\"heading.default\">\n\t\t\t\t\t<h2 class=\"elementor-heading-title elementor-size-default\">Todo emprendedor tiene cualidades, pero a menudo estas se ven puestas a prueba cuando implementa su negocio. Estas son algunas claves para construir esas herramientas de actitud y fortaleza<\/h2>\t\t\t\t<\/div>\n\t\t\t\t\t<\/div>\n\t\t\t\t<\/div>\n\t\t<div data-particle_enable=\"false\" data-particle-mobile-disabled=\"false\" class=\"elementor-element elementor-element-4d4d15a e-flex e-con-boxed e-con e-parent\" data-id=\"4d4d15a\" data-element_type=\"container\" data-e-type=\"container\">\n\t\t\t\t\t<div class=\"e-con-inner\">\n\t\t\t\t<div class=\"elementor-element elementor-element-2b98940 elementor-widget elementor-widget-text-editor\" data-id=\"2b98940\" data-element_type=\"widget\" data-e-type=\"widget\" data-widget_type=\"text-editor.default\">\n\t\t\t\t\t\t\t\t\t<p>Los emprendedores generan nuevas oportunidades laborales, lo que ayuda a reducir el desempleo y a impulsar\u00a0<a href=\"https:\/\/soymigrante.com\/revista\/como-hacer-un-presupuesto-para-alcanzar-metas-y-evitar-claveles\/\" target=\"_blank\" rel=\"noopener\">la econom\u00eda local.\u00a0<\/a>Aportan nuevas ideas y soluciones, impulsando la innovaci\u00f3n en productos, servicios y procesos. Esto puede mejorar la calidad de vida y\u00a0<a style=\"text-align: var(--text-align)\" href=\"https:\/\/soymigrante.com\/revista\/libertad-financiera-se-puede-construir-con-cinco-habitos\/\" target=\"_blank\" rel=\"noopener\">satisfacer necesidades no atendidas.<\/a><\/p><p>Muchos emprendedores buscan resolver problemas sociales y ambientales, creando empresas con un enfoque en la sostenibilidad y la responsabilidad social. Pero no siempre es f\u00e1cil emprender. As\u00ed que te compartimos los pro y contra de un emprendedor para que tomes nota.<\/p>\t\t\t\t\t\t\t\t<\/div>\n\t\t\t\t\t<\/div>\n\t\t\t\t<\/div>\n\t\t<div data-particle_enable=\"false\" data-particle-mobile-disabled=\"false\" class=\"elementor-element elementor-element-6937489 e-flex e-con-boxed e-con e-parent\" data-id=\"6937489\" data-element_type=\"container\" data-e-type=\"container\">\n\t\t\t\t\t<div class=\"e-con-inner\">\n\t\t\t\t<div class=\"elementor-element elementor-element-6b76d23 elementor-widget elementor-widget-image\" data-id=\"6b76d23\" data-element_type=\"widget\" data-e-type=\"widget\" data-widget_type=\"image.default\">\n\t\t\t\t\t\t\t\t\t\t\t\t<figure class=\"wp-caption\">\n\t\t\t\t\t\t\t\t\t\t<img fetchpriority=\"high\" decoding=\"async\" width=\"768\" height=\"520\" src=\"https:\/\/soymigrante.com\/revista\/wp-content\/uploads\/2024\/11\/emprendedores-mercado-3.webp\" class=\"attachment-large size-large wp-image-12674\" alt=\"Artesan\u00eda de cer\u00e1mica hecha a mano por un joven artesano que trabaja en un taller de cer\u00e1mica en un entorno de f\u00e1brica o estudio de cer\u00e1mica con utensilios y moldes tradicionales.\" srcset=\"https:\/\/soymigrante.com\/revista\/wp-content\/uploads\/2024\/11\/emprendedores-mercado-3.webp 902w, https:\/\/soymigrante.com\/revista\/wp-content\/uploads\/2024\/11\/emprendedores-mercado-3-300x203.webp 300w, https:\/\/soymigrante.com\/revista\/wp-content\/uploads\/2024\/11\/emprendedores-mercado-3-768x520.jpg 768w, https:\/\/soymigrante.com\/revista\/wp-content\/uploads\/2024\/11\/emprendedores-mercado-3-750x508.webp 750w\" sizes=\"(max-width: 768px) 100vw, 768px\" title=\"Nunca es f\u00e1cil la ruta del emprendedor. Siempre hay tramos y situaciones adversas, pero se debe mantener claro el objetivo para seguir adelante. \u2013 SoyMigrante.com REVISTA\" \/>\t\t\t\t\t\t\t\t\t\t\t<figcaption class=\"widget-image-caption wp-caption-text\">Joven artesano en taller de cer\u00e1mica, trabajando en la elaboraci\u00f3n de piezas de cer\u00e1mica hechas a mano en un entorno profesional con utensilios y moldes tradicionales.<\/figcaption>\n\t\t\t\t\t\t\t\t\t\t<\/figure>\n\t\t\t\t\t\t\t\t\t<\/div>\n\t\t\t\t\t<\/div>\n\t\t\t\t<\/div>\n\t\t<div data-particle_enable=\"false\" data-particle-mobile-disabled=\"false\" class=\"elementor-element elementor-element-a1a1721 e-flex e-con-boxed e-con e-parent\" data-id=\"a1a1721\" data-element_type=\"container\" data-e-type=\"container\">\n\t\t\t\t\t<div class=\"e-con-inner\">\n\t\t\t\t<div class=\"elementor-element elementor-element-899f511 elementor-widget elementor-widget-heading\" data-id=\"899f511\" data-element_type=\"widget\" data-e-type=\"widget\" data-widget_type=\"heading.default\">\n\t\t\t\t\t<h3 class=\"elementor-heading-title elementor-size-default\">Pon en pr\u00e1ctica estos consejos:<\/h3>\t\t\t\t<\/div>\n\t\t\t\t\t<\/div>\n\t\t\t\t<\/div>\n\t\t<div data-particle_enable=\"false\" data-particle-mobile-disabled=\"false\" class=\"elementor-element elementor-element-fbb95a0 e-flex e-con-boxed e-con e-parent\" data-id=\"fbb95a0\" data-element_type=\"container\" data-e-type=\"container\">\n\t\t\t\t\t<div class=\"e-con-inner\">\n\t\t\t\t<div class=\"elementor-element elementor-element-23b31b7 elementor-icon-list--layout-traditional elementor-list-item-link-full_width elementor-widget elementor-widget-icon-list\" data-id=\"23b31b7\" data-element_type=\"widget\" data-e-type=\"widget\" data-widget_type=\"icon-list.default\">\n\t\t\t\t\t\t\t<ul class=\"elementor-icon-list-items\">\n\t\t\t\t\t\t\t<li class=\"elementor-icon-list-item\">\n\t\t\t\t\t\t\t\t\t\t\t<span class=\"elementor-icon-list-icon\">\n\t\t\t\t\t\t\t<i aria-hidden=\"true\" class=\"fas fa-check\"><\/i>\t\t\t\t\t\t<\/span>\n\t\t\t\t\t\t\t\t\t\t<span class=\"elementor-icon-list-text\"><b>Creatividad: <\/b>Innovar y encontrar soluciones \u00fanicas a problemas comunes, aprovechando los recursos locales.<\/span>\n\t\t\t\t\t\t\t\t\t<\/li>\n\t\t\t\t\t\t\t\t<li class=\"elementor-icon-list-item\">\n\t\t\t\t\t\t\t\t\t\t\t<span class=\"elementor-icon-list-icon\">\n\t\t\t\t\t\t\t<i aria-hidden=\"true\" class=\"fas fa-check\"><\/i>\t\t\t\t\t\t<\/span>\n\t\t\t\t\t\t\t\t\t\t<span class=\"elementor-icon-list-text\"><b>Trabajo en equipo: <\/b>Valorar la colaboraci\u00f3n y construir redes de apoyo con otros emprendedores y la comunidad.<\/span>\n\t\t\t\t\t\t\t\t\t<\/li>\n\t\t\t\t\t\t\t\t<li class=\"elementor-icon-list-item\">\n\t\t\t\t\t\t\t\t\t\t\t<span class=\"elementor-icon-list-icon\">\n\t\t\t\t\t\t\t<i aria-hidden=\"true\" class=\"fas fa-check\"><\/i>\t\t\t\t\t\t<\/span>\n\t\t\t\t\t\t\t\t\t\t<span class=\"elementor-icon-list-text\"><b>Compromiso social:<\/b> Muchas iniciativas buscan no solo el \u00e9xito personal, sino tambi\u00e9n el bienestar de la comunidad, promoviendo pr\u00e1cticas sostenibles y \u00e9ticas.<\/span>\n\t\t\t\t\t\t\t\t\t<\/li>\n\t\t\t\t\t\t\t\t<li class=\"elementor-icon-list-item\">\n\t\t\t\t\t\t\t\t\t\t\t<span class=\"elementor-icon-list-icon\">\n\t\t\t\t\t\t\t<i aria-hidden=\"true\" class=\"fas fa-check\"><\/i>\t\t\t\t\t\t<\/span>\n\t\t\t\t\t\t\t\t\t\t<span class=\"elementor-icon-list-text\"><b>Pasi\u00f3n:<\/b> Un fuerte deseo de realizar sus ideas y proyectos, lo que impulsa la motivaci\u00f3n y la dedicaci\u00f3n.<\/span>\n\t\t\t\t\t\t\t\t\t<\/li>\n\t\t\t\t\t\t\t\t<li class=\"elementor-icon-list-item\">\n\t\t\t\t\t\t\t\t\t\t\t<span class=\"elementor-icon-list-icon\">\n\t\t\t\t\t\t\t<i aria-hidden=\"true\" class=\"fas fa-check\"><\/i>\t\t\t\t\t\t<\/span>\n\t\t\t\t\t\t\t\t\t\t<span class=\"elementor-icon-list-text\"><b>Visi\u00f3n a largo plazo: <\/b>Capacidad de planificar y pensar en el futuro, m\u00e1s all\u00e1 de las ganancias inmediatas para Adaptarse a cambios en el mercado y las circunstancias <\/span>\n\t\t\t\t\t\t\t\t\t<\/li>\n\t\t\t\t\t\t\t\t<li class=\"elementor-icon-list-item\">\n\t\t\t\t\t\t\t\t\t\t\t<span class=\"elementor-icon-list-icon\">\n\t\t\t\t\t\t\t<i aria-hidden=\"true\" class=\"fas fa-check\"><\/i>\t\t\t\t\t\t<\/span>\n\t\t\t\t\t\t\t\t\t\t<span class=\"elementor-icon-list-text\"><b>Aprovechamiento de recursos limitados: <\/b>Saber maximizar lo que tienen a su disposici\u00f3n, desde financiamiento hasta insumos.<\/span>\n\t\t\t\t\t\t\t\t\t<\/li>\n\t\t\t\t\t\t\t\t<li class=\"elementor-icon-list-item\">\n\t\t\t\t\t\t\t\t\t\t\t<span class=\"elementor-icon-list-icon\">\n\t\t\t\t\t\t\t<i aria-hidden=\"true\" class=\"fas fa-check\"><\/i>\t\t\t\t\t\t<\/span>\n\t\t\t\t\t\t\t\t\t\t<span class=\"elementor-icon-list-text\"><b>Educaci\u00f3n continua:<\/b> Un deseo de aprender y mejorar, ya sea a trav\u00e9s de la formaci\u00f3n formal o la experiencia pr\u00e1ctica.<\/span>\n\t\t\t\t\t\t\t\t\t<\/li>\n\t\t\t\t\t\t<\/ul>\n\t\t\t\t\t\t<\/div>\n\t\t\t\t\t<\/div>\n\t\t\t\t<\/div>\n\t\t<div data-particle_enable=\"false\" data-particle-mobile-disabled=\"false\" class=\"elementor-element elementor-element-246122a e-flex e-con-boxed e-con e-parent\" data-id=\"246122a\" data-element_type=\"container\" data-e-type=\"container\">\n\t\t\t\t\t<div class=\"e-con-inner\">\n\t\t\t\t<div class=\"elementor-element elementor-element-12ca584 elementor-widget elementor-widget-video\" data-id=\"12ca584\" data-element_type=\"widget\" data-e-type=\"widget\" data-settings=\"{&quot;youtube_url&quot;:&quot;https:\\\/\\\/www.youtube.com\\\/watch?app=desktop&amp;v=5mqmxyYYJFI&quot;,&quot;start&quot;:29,&quot;video_type&quot;:&quot;youtube&quot;,&quot;controls&quot;:&quot;yes&quot;}\" data-widget_type=\"video.default\">\n\t\t\t\t\t\t\t<div class=\"elementor-wrapper elementor-open-inline\">\n\t\t\t<div class=\"elementor-video\"><\/div>\t\t<\/div>\n\t\t\t\t\t\t<\/div>\n\t\t\t\t\t<\/div>\n\t\t\t\t<\/div>\n\t\t<div data-particle_enable=\"false\" data-particle-mobile-disabled=\"false\" class=\"elementor-element elementor-element-dbc0f06 e-flex e-con-boxed e-con e-parent\" data-id=\"dbc0f06\" data-element_type=\"container\" data-e-type=\"container\">\n\t\t\t\t\t<div class=\"e-con-inner\">\n\t\t\t\t<div class=\"elementor-element elementor-element-de5fc1f elementor-widget elementor-widget-text-editor\" data-id=\"de5fc1f\" data-element_type=\"widget\" data-e-type=\"widget\" data-widget_type=\"text-editor.default\">\n\t\t\t\t\t\t\t\t\t<p>Es importante<a href=\"https:\/\/soymigrante.com\/revista\/cuanto-mantienes-enfocada-tu-atencion-en-el-trabajo\/\" target=\"_blank\" rel=\"noopener\"> encontrar un equilibrio<\/a>\u00a0en estas cualidades para maximizar\u00a0<a href=\"https:\/\/soymigrante.com\/revista\/levantarse-temprano-no-solo-es-necesidad-tiene-muchos-beneficios\/\" target=\"_blank\" rel=\"noopener\">el potencial<\/a>\u00a0y minimizar los riesgos.<\/p>\t\t\t\t\t\t\t\t<\/div>\n\t\t\t\t\t<\/div>\n\t\t\t\t<\/div>\n\t\t<div data-particle_enable=\"false\" data-particle-mobile-disabled=\"false\" class=\"elementor-element elementor-element-a0738b9 e-flex e-con-boxed e-con e-parent\" data-id=\"a0738b9\" data-element_type=\"container\" data-e-type=\"container\">\n\t\t\t\t\t<div class=\"e-con-inner\">\n\t\t\t\t<div class=\"elementor-element elementor-element-6600258 elementor-widget elementor-widget-image\" data-id=\"6600258\" data-element_type=\"widget\" data-e-type=\"widget\" data-widget_type=\"image.default\">\n\t\t\t\t\t\t\t\t\t\t\t\t<figure class=\"wp-caption\">\n\t\t\t\t\t\t\t\t\t\t<img decoding=\"async\" width=\"768\" height=\"441\" src=\"https:\/\/soymigrante.com\/revista\/wp-content\/uploads\/2024\/11\/emprendedores-mercado-2-1024x588.jpg\" class=\"attachment-large size-large wp-image-12675\" alt=\"Mujer inmigrante cuidando plantas en un invernadero, promoviendo la jardiner\u00eda y la integraci\u00f3n cultural en la comunidad. Persona con guantes verdes, disfrutando de actividades agr\u00edcolas.\" srcset=\"https:\/\/soymigrante.com\/revista\/wp-content\/uploads\/2024\/11\/emprendedores-mercado-2-1024x588.jpg 1024w, https:\/\/soymigrante.com\/revista\/wp-content\/uploads\/2024\/11\/emprendedores-mercado-2-300x172.webp 300w, https:\/\/soymigrante.com\/revista\/wp-content\/uploads\/2024\/11\/emprendedores-mercado-2-768x441.jpg 768w, https:\/\/soymigrante.com\/revista\/wp-content\/uploads\/2024\/11\/emprendedores-mercado-2-750x431.webp 750w, https:\/\/soymigrante.com\/revista\/wp-content\/uploads\/2024\/11\/emprendedores-mercado-2-1140x655.jpg 1140w, https:\/\/soymigrante.com\/revista\/wp-content\/uploads\/2024\/11\/emprendedores-mercado-2.webp 1535w\" sizes=\"(max-width: 768px) 100vw, 768px\" title=\"Por m\u00e1s que te guste una actividad, la exigencia del p\u00fablico y los imprevistos econ\u00f3micos o log\u00edsticos pueden poner cierta tensi\u00f3n a algunos d\u00edas. Sin embargo, es all\u00ed donde la disciplina se vuelve estrat\u00e9gica. \u2013 SoyMigrante.com REVISTA\" \/>\t\t\t\t\t\t\t\t\t\t\t<figcaption class=\"widget-image-caption wp-caption-text\">Joven inmigrante trabajando en un invernadero con flores, promoviendo vida y cultura en su entorno. Actividad relacionada con horticultura, migrantes rurales y integraci\u00f3n social.<\/figcaption>\n\t\t\t\t\t\t\t\t\t\t<\/figure>\n\t\t\t\t\t\t\t\t\t<\/div>\n\t\t\t\t\t<\/div>\n\t\t\t\t<\/div>\n\t\t<div data-particle_enable=\"false\" data-particle-mobile-disabled=\"false\" class=\"elementor-element elementor-element-11ea59d e-flex e-con-boxed e-con e-parent\" data-id=\"11ea59d\" data-element_type=\"container\" data-e-type=\"container\">\n\t\t\t\t\t<div class=\"e-con-inner\">\n\t\t\t\t<div class=\"elementor-element elementor-element-7dcab62 elementor-widget elementor-widget-heading\" data-id=\"7dcab62\" data-element_type=\"widget\" data-e-type=\"widget\" data-widget_type=\"heading.default\">\n\t\t\t\t\t<h3 class=\"elementor-heading-title elementor-size-default\">Lo que debes evitar:<\/h3>\t\t\t\t<\/div>\n\t\t\t\t\t<\/div>\n\t\t\t\t<\/div>\n\t\t<div data-particle_enable=\"false\" data-particle-mobile-disabled=\"false\" class=\"elementor-element elementor-element-e78b979 e-flex e-con-boxed e-con e-parent\" data-id=\"e78b979\" data-element_type=\"container\" data-e-type=\"container\">\n\t\t\t\t\t<div class=\"e-con-inner\">\n\t\t\t\t<div class=\"elementor-element elementor-element-ff59315 elementor-icon-list--layout-traditional elementor-list-item-link-full_width elementor-widget elementor-widget-icon-list\" data-id=\"ff59315\" data-element_type=\"widget\" data-e-type=\"widget\" data-widget_type=\"icon-list.default\">\n\t\t\t\t\t\t\t<ul class=\"elementor-icon-list-items\">\n\t\t\t\t\t\t\t<li class=\"elementor-icon-list-item\">\n\t\t\t\t\t\t\t\t\t\t\t<span class=\"elementor-icon-list-icon\">\n\t\t\t\t\t\t\t<i aria-hidden=\"true\" class=\"fas fa-arrow-alt-circle-right\"><\/i>\t\t\t\t\t\t<\/span>\n\t\t\t\t\t\t\t\t\t\t<span class=\"elementor-icon-list-text\"><b>Alta tolerancia al riesgo:<\/b> Puede llevar a decisiones impulsivas que resulten en p\u00e9rdidas financieras o fallos en el negocio.<\/span>\n\t\t\t\t\t\t\t\t\t<\/li>\n\t\t\t\t\t\t\t\t<li class=\"elementor-icon-list-item\">\n\t\t\t\t\t\t\t\t\t\t\t<span class=\"elementor-icon-list-icon\">\n\t\t\t\t\t\t\t<i aria-hidden=\"true\" class=\"fas fa-arrow-circle-right\"><\/i>\t\t\t\t\t\t<\/span>\n\t\t\t\t\t\t\t\t\t\t<span class=\"elementor-icon-list-text\"><b>Innovaci\u00f3n constante:<\/b> A veces, la b\u00fasqueda de nuevas ideas puede provocar falta de enfoque en los proyectos actuales, lo que puede desestabilizar la operaci\u00f3n.<\/span>\n\t\t\t\t\t\t\t\t\t<\/li>\n\t\t\t\t\t\t\t\t<li class=\"elementor-icon-list-item\">\n\t\t\t\t\t\t\t\t\t\t\t<span class=\"elementor-icon-list-icon\">\n\t\t\t\t\t\t\t<i aria-hidden=\"true\" class=\"fas fa-arrow-circle-right\"><\/i>\t\t\t\t\t\t<\/span>\n\t\t\t\t\t\t\t\t\t\t<span class=\"elementor-icon-list-text\"><b>Resiliencia: <\/b>Aunque es crucial, una excesiva resiliencia puede llevar a ignorar se\u00f1ales de alerta y evitar cambios necesarios.<\/span>\n\t\t\t\t\t\t\t\t\t<\/li>\n\t\t\t\t\t\t\t\t<li class=\"elementor-icon-list-item\">\n\t\t\t\t\t\t\t\t\t\t\t<span class=\"elementor-icon-list-icon\">\n\t\t\t\t\t\t\t<i aria-hidden=\"true\" class=\"fas fa-arrow-circle-right\"><\/i>\t\t\t\t\t\t<\/span>\n\t\t\t\t\t\t\t\t\t\t<span class=\"elementor-icon-list-text\"><b>Pasi\u00f3n:<\/b> Tambi\u00e9n puede ser un contra si no puede llevar a la sobrecarga de trabajo y al agotamiento, especialmente si se ignoran las se\u00f1ales de necesidad de descanso.<\/span>\n\t\t\t\t\t\t\t\t\t<\/li>\n\t\t\t\t\t\t\t\t<li class=\"elementor-icon-list-item\">\n\t\t\t\t\t\t\t\t\t\t\t<span class=\"elementor-icon-list-icon\">\n\t\t\t\t\t\t\t<i aria-hidden=\"true\" class=\"fas fa-arrow-circle-right\"><\/i>\t\t\t\t\t\t<\/span>\n\t\t\t\t\t\t\t\t\t\t<span class=\"elementor-icon-list-text\"><b>Adaptabilidad: <\/b>Esta cualidad, si no se equilibra, puede hacer que un emprendedor cambie de direcci\u00f3n con frecuencia, dificultando la construcci\u00f3n de una identidad de marca clara.<\/span>\n\t\t\t\t\t\t\t\t\t<\/li>\n\t\t\t\t\t\t\t\t<li class=\"elementor-icon-list-item\">\n\t\t\t\t\t\t\t\t\t\t\t<span class=\"elementor-icon-list-icon\">\n\t\t\t\t\t\t\t<i aria-hidden=\"true\" class=\"fas fa-arrow-circle-right\"><\/i>\t\t\t\t\t\t<\/span>\n\t\t\t\t\t\t\t\t\t\t<span class=\"elementor-icon-list-text\"><b>Liderazgo fuerte:<\/b> A veces, esto puede traducirse en micromanagement, donde el emprendedor se involucra demasiado en todos los aspectos, lo que puede desmotivar al equipo.<\/span>\n\t\t\t\t\t\t\t\t\t<\/li>\n\t\t\t\t\t\t\t\t<li class=\"elementor-icon-list-item\">\n\t\t\t\t\t\t\t\t\t\t\t<span class=\"elementor-icon-list-icon\">\n\t\t\t\t\t\t\t<i aria-hidden=\"true\" class=\"fas fa-arrow-circle-right\"><\/i>\t\t\t\t\t\t<\/span>\n\t\t\t\t\t\t\t\t\t\t<span class=\"elementor-icon-list-text\"><b>Creatividad: <\/b>Si no se canaliza adecuadamente, puede llevar a la generaci\u00f3n de ideas poco pr\u00e1cticas o poco viables. Es importante encontrar un equilibrio en estas cualidades para maximizar el potencial y minimizar los riesgos.<\/span>\n\t\t\t\t\t\t\t\t\t<\/li>\n\t\t\t\t\t\t<\/ul>\n\t\t\t\t\t\t<\/div>\n\t\t\t\t\t<\/div>\n\t\t\t\t<\/div>\n\t\t<div data-particle_enable=\"false\" data-particle-mobile-disabled=\"false\" class=\"elementor-element elementor-element-99fc193 e-flex e-con-boxed e-con e-parent\" data-id=\"99fc193\" data-element_type=\"container\" data-e-type=\"container\">\n\t\t\t\t\t<div class=\"e-con-inner\">\n\t\t\t\t<div class=\"elementor-element elementor-element-12b3e11 elementor-widget elementor-widget-text-editor\" data-id=\"12b3e11\" data-element_type=\"widget\" data-e-type=\"widget\" data-widget_type=\"text-editor.default\">\n\t\t\t\t\t\t\t\t\t<p>\u00a0<\/p><p>En resumen, ser emprendedor\u00a0no solo beneficia al individuo, sino que tambi\u00e9n tiene un impacto positivo en la sociedad y\u00a0<a style=\"text-align: var(--text-align)\" href=\"https:\/\/soymigrante.com\/revista\/experto-responde-es-mejor-alquilar-o-comprar-casa-en-usa\/\" target=\"_blank\" rel=\"noopener\">la econom\u00eda en general.<\/a><\/p>\t\t\t\t\t\t\t\t<\/div>\n\t\t\t\t\t<\/div>\n\t\t\t\t<\/div>\n\t\t<div data-particle_enable=\"false\" data-particle-mobile-disabled=\"false\" class=\"elementor-element elementor-element-3b13c75 e-flex e-con-boxed e-con e-parent\" data-id=\"3b13c75\" data-element_type=\"container\" data-e-type=\"container\">\n\t\t\t\t\t<div class=\"e-con-inner\">\n\t\t\t\t<div class=\"elementor-element elementor-element-64caba7 elementor-widget elementor-widget-heading\" data-id=\"64caba7\" data-element_type=\"widget\" data-e-type=\"widget\" data-widget_type=\"heading.default\">\n\t\t\t\t\t<h3 class=\"elementor-heading-title elementor-size-default\">Lee m\u00e1s art\u00edculos de econom\u00eda<\/h3>\t\t\t\t<\/div>\n\t\t\t\t\t<\/div>\n\t\t\t\t<\/div>\n\t\t<div data-particle_enable=\"false\" data-particle-mobile-disabled=\"false\" class=\"elementor-element elementor-element-743da25 e-flex e-con-boxed e-con e-parent\" data-id=\"743da25\" data-element_type=\"container\" data-e-type=\"container\">\n\t\t\t\t\t<div class=\"e-con-inner\">\n\t\t\t\t<div class=\"elementor-element elementor-element-f3f4757 elementor-grid-eael-col-3 elementor-grid-tablet-eael-col-2 elementor-grid-mobile-eael-col-1 elementor-widget elementor-widget-eael-post-grid\" data-id=\"f3f4757\" data-element_type=\"widget\" data-e-type=\"widget\" data-settings=\"{&quot;eael_post_grid_columns&quot;:&quot;eael-col-3&quot;,&quot;eael_post_grid_columns_tablet&quot;:&quot;eael-col-2&quot;,&quot;eael_post_grid_columns_mobile&quot;:&quot;eael-col-1&quot;}\" data-widget_type=\"eael-post-grid.default\">\n\t\t\t\t\t<div id=\"eael-post-grid-f3f4757\" class=\"eael-post-grid-container\">\n            <div class=\"eael-post-grid eael-post-appender eael-post-appender-f3f4757 eael-post-grid-style-one\" data-layout-mode=\"masonry\"><article class=\"eael-grid-post  eael-post-grid-column eael-pg-post-9718 category-bienestar\" data-id=\"9718\">\n        <div class=\"eael-grid-post-holder\">\n            <div class=\"eael-grid-post-holder-inner\"><div class=\"eael-entry-media\"><div class=\"eael-entry-overlay fade-in\"><i class=\"far fa-hand-pointer\" aria-hidden=\"true\"><\/i><a href=\"https:\/\/soymigrante.com\/revista\/como-hacer-un-presupuesto-para-alcanzar-metas-y-evitar-claveles\/\"><\/a><\/div><div class=\"eael-entry-thumbnail \">\n                <img decoding=\"async\" width=\"828\" height=\"828\" src=\"https:\/\/soymigrante.com\/revista\/wp-content\/uploads\/2024\/09\/presupuesto-en-el-hogar.webp\" class=\"attachment-large size-large wp-image-9725\" alt=\"Foto de un joven digital sentado con pierna doblada, usando un smartphone, rodeado de gr\u00e1ficos digitales, un gato rosa y una taza de caf\u00e9, representando contenido digital y tecnolog\u00eda.\" srcset=\"https:\/\/soymigrante.com\/revista\/wp-content\/uploads\/2024\/09\/presupuesto-en-el-hogar.webp 828w, https:\/\/soymigrante.com\/revista\/wp-content\/uploads\/2024\/09\/presupuesto-en-el-hogar-300x300.webp 300w, https:\/\/soymigrante.com\/revista\/wp-content\/uploads\/2024\/09\/presupuesto-en-el-hogar-150x150.webp 150w, https:\/\/soymigrante.com\/revista\/wp-content\/uploads\/2024\/09\/presupuesto-en-el-hogar-768x768.webp 768w, https:\/\/soymigrante.com\/revista\/wp-content\/uploads\/2024\/09\/presupuesto-en-el-hogar-75x75.webp 75w, https:\/\/soymigrante.com\/revista\/wp-content\/uploads\/2024\/09\/presupuesto-en-el-hogar-750x750.webp 750w\" sizes=\"(max-width: 828px) 100vw, 828px\" \/>\n            <\/div>\n        <\/div><div class=\"eael-entry-wrapper\"><header class=\"eael-entry-header\"><h2 class=\"eael-entry-title\"><a class=\"eael-grid-post-link\" href=\"https:\/\/soymigrante.com\/revista\/como-hacer-un-presupuesto-para-alcanzar-metas-y-evitar-claveles\/\" title=\"C\u00f3mo hacer un presupuesto para alcanzar sue\u00f1os y evitar deudas\">C\u00f3mo hacer un presupuesto para alcanzar sue\u00f1os y evitar deudas<\/a><\/h2><\/header><div class=\"eael-entry-content\">\n                        <div class=\"eael-grid-post-excerpt\"><a href=\"https:\/\/soymigrante.com\/revista\/como-hacer-un-presupuesto-para-alcanzar-metas-y-evitar-claveles\/\" class=\"eael-post-elements-readmore-btn\">CONOCE SU HISTORIA <\/a><\/div>\n                    <\/div><\/div><\/div>\n        <\/div>\n    <\/article><article class=\"eael-grid-post  eael-post-grid-column eael-pg-post-4301 category-estamos-unidos tags-remesas-migrantes\" data-id=\"4301\">\n        <div class=\"eael-grid-post-holder\">\n            <div class=\"eael-grid-post-holder-inner\"><div class=\"eael-entry-media\"><div class=\"eael-entry-overlay fade-in\"><i class=\"far fa-hand-pointer\" aria-hidden=\"true\"><\/i><a href=\"https:\/\/soymigrante.com\/revista\/remesas-migrantes-cifra-record-guatemala-economia-dependenc\/\"><\/a><\/div><div class=\"eael-entry-thumbnail \">\n                <img loading=\"lazy\" decoding=\"async\" width=\"1024\" height=\"555\" src=\"https:\/\/soymigrante.com\/revista\/wp-content\/uploads\/2024\/01\/Captura-de-pantalla-2024-01-09-112350-1024x555.webp\" class=\"attachment-large size-large wp-image-4302\" alt=\"\" srcset=\"https:\/\/soymigrante.com\/revista\/wp-content\/uploads\/2024\/01\/Captura-de-pantalla-2024-01-09-112350-1024x555.webp 1024w, https:\/\/soymigrante.com\/revista\/wp-content\/uploads\/2024\/01\/Captura-de-pantalla-2024-01-09-112350-300x163.webp 300w, https:\/\/soymigrante.com\/revista\/wp-content\/uploads\/2024\/01\/Captura-de-pantalla-2024-01-09-112350-768x416.webp 768w, https:\/\/soymigrante.com\/revista\/wp-content\/uploads\/2024\/01\/Captura-de-pantalla-2024-01-09-112350-750x406.webp 750w, https:\/\/soymigrante.com\/revista\/wp-content\/uploads\/2024\/01\/Captura-de-pantalla-2024-01-09-112350-1140x618.webp 1140w, https:\/\/soymigrante.com\/revista\/wp-content\/uploads\/2024\/01\/Captura-de-pantalla-2024-01-09-112350.webp 1451w\" sizes=\"(max-width: 1024px) 100vw, 1024px\" \/>\n            <\/div>\n        <\/div><div class=\"eael-entry-wrapper\"><header class=\"eael-entry-header\"><h2 class=\"eael-entry-title\"><a class=\"eael-grid-post-link\" href=\"https:\/\/soymigrante.com\/revista\/remesas-migrantes-cifra-record-guatemala-economia-dependenc\/\" title=\"An\u00e1lisis: Econom\u00eda guatemalteca depende cada vez m\u00e1s de remesas migrantes\">An\u00e1lisis: Econom\u00eda guatemalteca depende cada vez m\u00e1s de remesas migrantes<\/a><\/h2><\/header><div class=\"eael-entry-content\">\n                        <div class=\"eael-grid-post-excerpt\"><a href=\"https:\/\/soymigrante.com\/revista\/remesas-migrantes-cifra-record-guatemala-economia-dependenc\/\" class=\"eael-post-elements-readmore-btn\">CONOCE SU HISTORIA <\/a><\/div>\n                    <\/div><\/div><\/div>\n        <\/div>\n    <\/article><article class=\"eael-grid-post  eael-post-grid-column eael-pg-post-1855 category-bienestar\" data-id=\"1855\">\n        <div class=\"eael-grid-post-holder\">\n            <div class=\"eael-grid-post-holder-inner\"><div class=\"eael-entry-media\"><div class=\"eael-entry-overlay fade-in\"><i class=\"far fa-hand-pointer\" aria-hidden=\"true\"><\/i><a href=\"https:\/\/soymigrante.com\/revista\/importancia-del-ahorro-migrantes-guatemaltecos\/\"><\/a><\/div><div class=\"eael-entry-thumbnail \">\n                <img loading=\"lazy\" decoding=\"async\" width=\"1024\" height=\"699\" src=\"https:\/\/soymigrante.com\/revista\/wp-content\/uploads\/2023\/07\/Captura-de-pantalla-2023-07-13-232819-1024x699.webp\" class=\"attachment-large size-large wp-image-1859\" alt=\"\" srcset=\"https:\/\/soymigrante.com\/revista\/wp-content\/uploads\/2023\/07\/Captura-de-pantalla-2023-07-13-232819-1024x699.webp 1024w, https:\/\/soymigrante.com\/revista\/wp-content\/uploads\/2023\/07\/Captura-de-pantalla-2023-07-13-232819-300x205.webp 300w, https:\/\/soymigrante.com\/revista\/wp-content\/uploads\/2023\/07\/Captura-de-pantalla-2023-07-13-232819-768x524.webp 768w, https:\/\/soymigrante.com\/revista\/wp-content\/uploads\/2023\/07\/Captura-de-pantalla-2023-07-13-232819-750x512.webp 750w, https:\/\/soymigrante.com\/revista\/wp-content\/uploads\/2023\/07\/Captura-de-pantalla-2023-07-13-232819-1140x778.webp 1140w, https:\/\/soymigrante.com\/revista\/wp-content\/uploads\/2023\/07\/Captura-de-pantalla-2023-07-13-232819.webp 1175w\" sizes=\"(max-width: 1024px) 100vw, 1024px\" \/>\n            <\/div>\n        <\/div><div class=\"eael-entry-wrapper\"><header class=\"eael-entry-header\"><h2 class=\"eael-entry-title\"><a class=\"eael-grid-post-link\" href=\"https:\/\/soymigrante.com\/revista\/importancia-del-ahorro-migrantes-guatemaltecos\/\" title=\"7 claves para ahorrar que quiz\u00e1 ya hab\u00edas pensado&#8230; o tal vez no\">7 claves para ahorrar que quiz\u00e1 ya hab\u00edas pensado&#8230; o tal vez no<\/a><\/h2><\/header><div class=\"eael-entry-content\">\n                        <div class=\"eael-grid-post-excerpt\"><a href=\"https:\/\/soymigrante.com\/revista\/importancia-del-ahorro-migrantes-guatemaltecos\/\" class=\"eael-post-elements-readmore-btn\">CONOCE SU HISTORIA <\/a><\/div>\n                    <\/div><\/div><\/div>\n        <\/div>\n    <\/article><\/div>\n            <div class=\"clearfix\"><\/div>\n        <\/div>\t\t\t\t<\/div>\n\t\t\t\t\t<\/div>\n\t\t\t\t<\/div>\n\t\t\t\t<\/div>\n\t\t","protected":false},"excerpt":{"rendered":"<p>Todo emprendedor tiene cualidades, pero a menudo estas se ven puestas a prueba cuando implementa su negocio. Estas son algunas claves para construir esas herramientas de actitud y fortaleza Los emprendedores generan nuevas oportunidades laborales, lo que ayuda a reducir el desempleo y a impulsar\u00a0la econom\u00eda local.\u00a0Aportan nuevas ideas y soluciones, impulsando la innovaci\u00f3n en [&hellip;]<\/p>\n","protected":false},"author":23,"featured_media":12672,"comment_status":"open","ping_status":"open","sticky":false,"template":"","format":"standard","meta":{"_acf_changed":false,"_eb_attr":"","footnotes":""},"categories":[55],"tags":[],"class_list":["post-9943","post","type-post","status-publish","format-standard","has-post-thumbnail","hentry","category-bienestar"],"acf":[],"aioseo_notices":[],"aioseo_head":"\n\t\t<!-- All in One SEO Pro 4.9.6.2 - aioseo.com -->\n\t<meta name=\"description\" content=\"Explora 7 claves esenciales para desarrollar un h\u00e1bito de ahorro s\u00f3lido, especialmente dise\u00f1adas para migrantes en busca de estabilidad financiera\" \/>\n\t<meta name=\"robots\" content=\"max-snippet:-1, max-image-preview:large, max-video-preview:-1\" \/>\n\t<meta name=\"author\" content=\"SoyMigrante.com REVISTA\"\/>\n\t<link rel=\"canonical\" href=\"https:\/\/soymigrante.com\/revista\/importancia-del-ahorro-migrantes-guatemaltecos\/\" \/>\n\t<meta name=\"generator\" content=\"All in One SEO Pro (AIOSEO) 4.9.6.2\" \/>\n\n\t\t<link rel=\"preconnect\" href=\"https:\/\/fonts.googleapis.com\" crossorigin>\n<link rel=\"preconnect\" href=\"https:\/\/fonts.gstatic.com\" crossorigin>\n\t\t<meta property=\"og:locale\" content=\"es_ES\" \/>\n\t\t<meta property=\"og:site_name\" content=\"SoyMigrante.com REVISTA \u2013 Nuestra misi\u00f3n es reconocer y dignificar al migrante.\" \/>\n\t\t<meta property=\"og:type\" content=\"article\" \/>\n\t\t<meta property=\"og:title\" content=\"7 claves para ahorrar que quiz\u00e1 ya hab\u00edas pensado\u2026 o tal vez no\" \/>\n\t\t<meta property=\"og:description\" content=\"Explora 7 claves esenciales para desarrollar un h\u00e1bito de ahorro s\u00f3lido, especialmente dise\u00f1adas para migrantes en busca de estabilidad financiera\" \/>\n\t\t<meta property=\"og:url\" content=\"https:\/\/soymigrante.com\/revista\/importancia-del-ahorro-migrantes-guatemaltecos\/\" \/>\n\t\t<meta property=\"og:image\" content=\"https:\/\/soymigrante.com\/revista\/wp-content\/uploads\/2023\/07\/Captura-de-pantalla-2023-07-13-232819.webp\" \/>\n\t\t<meta property=\"og:image:secure_url\" content=\"https:\/\/soymigrante.com\/revista\/wp-content\/uploads\/2023\/07\/Captura-de-pantalla-2023-07-13-232819.webp\" \/>\n\t\t<meta property=\"og:image:width\" content=\"1175\" \/>\n\t\t<meta property=\"og:image:height\" content=\"802\" \/>\n\t\t<meta property=\"article:published_time\" content=\"2023-07-14T06:02:10+00:00\" \/>\n\t\t<meta property=\"article:modified_time\" content=\"2024-07-31T14:11:25+00:00\" \/>\n\t\t<meta property=\"article:publisher\" content=\"https:\/\/www.facebook.com\/soymigrantecom\" \/>\n\t\t<meta name=\"twitter:card\" content=\"summary_large_image\" \/>\n\t\t<meta name=\"twitter:site\" content=\"@SoyMigrante_com\" \/>\n\t\t<meta name=\"twitter:title\" content=\"7 claves para ahorrar que quiz\u00e1 ya hab\u00edas pensado\u2026 o tal vez no\" \/>\n\t\t<meta name=\"twitter:description\" content=\"Explora 7 claves esenciales para desarrollar un h\u00e1bito de ahorro s\u00f3lido, especialmente dise\u00f1adas para migrantes en busca de estabilidad financiera\" \/>\n\t\t<meta name=\"twitter:creator\" content=\"@SoyMigrante_com\" \/>\n\t\t<meta name=\"twitter:image\" content=\"https:\/\/soymigrante.com\/revista\/wp-content\/uploads\/2023\/07\/Captura-de-pantalla-2023-07-13-232819.webp\" \/>\n\t\t<!-- All in One SEO Pro -->\r\n\t\t<title>7 claves para ahorrar que quiz\u00e1 ya hab\u00edas pensado\u2026 o tal vez no<\/title>\n\n","aioseo_head_json":{"title":"7 claves para ahorrar que quiz\u00e1 ya hab\u00edas pensado\u2026 o tal vez no","description":"Explora 7 claves esenciales para desarrollar un h\u00e1bito de ahorro s\u00f3lido, especialmente dise\u00f1adas para migrantes en busca de estabilidad financiera","canonical_url":"https:\/\/soymigrante.com\/revista\/importancia-del-ahorro-migrantes-guatemaltecos\/","robots":"max-snippet:-1, max-image-preview:large, max-video-preview:-1","keywords":"","webmasterTools":{"miscellaneous":"&lt;link rel=\"preconnect\" href=\"https:\/\/fonts.googleapis.com\" crossorigin&gt;\n&lt;link rel=\"preconnect\" href=\"https:\/\/fonts.gstatic.com\" crossorigin&gt;"},"schema":null,"og:locale":"es_ES","og:site_name":"SoyMigrante.com REVISTA \u2013 Nuestra misi\u00f3n es reconocer y dignificar al migrante.","og:type":"article","og:title":"7 claves para ahorrar que quiz\u00e1 ya hab\u00edas pensado\u2026 o tal vez no","og:description":"Explora 7 claves esenciales para desarrollar un h\u00e1bito de ahorro s\u00f3lido, especialmente dise\u00f1adas para migrantes en busca de estabilidad financiera","og:url":"https:\/\/soymigrante.com\/revista\/importancia-del-ahorro-migrantes-guatemaltecos\/","og:image":"https:\/\/soymigrante.com\/revista\/wp-content\/uploads\/2023\/07\/Captura-de-pantalla-2023-07-13-232819.webp","og:image:secure_url":"https:\/\/soymigrante.com\/revista\/wp-content\/uploads\/2023\/07\/Captura-de-pantalla-2023-07-13-232819.webp","og:image:width":1175,"og:image:height":802,"article:published_time":"2023-07-14T06:02:10+00:00","article:modified_time":"2024-07-31T14:11:25+00:00","article:publisher":"https:\/\/www.facebook.com\/soymigrantecom","twitter:card":"summary_large_image","twitter:site":"@SoyMigrante_com","twitter:title":"7 claves para ahorrar que quiz\u00e1 ya hab\u00edas pensado\u2026 o tal vez no","twitter:description":"Explora 7 claves esenciales para desarrollar un h\u00e1bito de ahorro s\u00f3lido, especialmente dise\u00f1adas para migrantes en busca de estabilidad financiera","twitter:creator":"@SoyMigrante_com","twitter:image":"https:\/\/soymigrante.com\/revista\/wp-content\/uploads\/2023\/07\/Captura-de-pantalla-2023-07-13-232819.webp"},"aioseo_meta_data":{"post_id":"9943","title":"Potencia el emprendedor que llevas dentro con estas siete cualidades","description":"Te compartimos algunas actitudes sanas que un emprendedor exitoso debe tener, y cuales puedes aprender a manejar como herramientas pr\u00e1cticas y as\u00ed avanzar al futuro.","keywords":null,"keyphrases":{"focus":{"keyphrase":"emprendedor","score":82,"analysis":{"keyphraseInTitle":{"score":9,"maxScore":9,"error":0},"keyphraseInDescription":{"score":9,"maxScore":9,"error":0},"keyphraseLength":{"score":9,"maxScore":9,"error":0,"length":1},"keyphraseInURL":{"score":5,"maxScore":5,"error":0},"keyphraseInIntroduction":{"score":3,"maxScore":9,"error":1},"keyphraseInSubHeadings":{"score":3,"maxScore":9,"error":1},"keyphraseInImageAlt":{"score":9,"maxScore":9,"error":0},"keywordDensity":{"type":"best","score":9,"maxScore":9,"error":0}}},"additional":[{"keyphrase":"emprendedor exitoso","score":53,"analysis":{"keyphraseInDescription":{"score":9,"maxScore":9,"error":0},"keyphraseLength":{"score":9,"maxScore":9,"error":0,"length":2},"keyphraseInIntroduction":{"score":3,"maxScore":9,"error":1},"keyphraseInImageAlt":{"score":3,"maxScore":9,"error":1},"keywordDensity":{"score":0,"type":"low","maxScore":9,"error":1}}},{"keyphrase":"cualidades de un emprendedor","score":40,"analysis":{"keyphraseInDescription":{"score":3,"maxScore":9,"error":1},"keyphraseLength":{"score":9,"maxScore":9,"error":0,"length":4},"keyphraseInIntroduction":{"score":3,"maxScore":9,"error":1},"keyphraseInImageAlt":{"score":3,"maxScore":9,"error":1},"keywordDensity":{"score":0,"type":"low","maxScore":9,"error":1}}}]},"primary_term":null,"canonical_url":null,"og_title":null,"og_description":null,"og_object_type":"default","og_image_type":"default","og_image_url":null,"og_image_width":null,"og_image_height":null,"og_image_custom_url":null,"og_image_custom_fields":null,"og_video":"","og_custom_url":null,"og_article_section":null,"og_article_tags":null,"twitter_use_og":false,"twitter_card":"default","twitter_image_type":"default","twitter_image_url":null,"twitter_image_custom_url":null,"twitter_image_custom_fields":null,"twitter_title":null,"twitter_description":null,"schema":{"blockGraphs":[],"customGraphs":[],"default":{"data":{"Article":[],"Course":[],"Dataset":[],"FAQPage":[],"Movie":[],"Person":[],"Product":[],"ProductReview":[],"Car":[],"Recipe":[],"Service":[],"SoftwareApplication":[],"WebPage":[]},"graphName":"Article","isEnabled":true},"graphs":[]},"schema_type":"default","schema_type_options":null,"pillar_content":false,"robots_default":true,"robots_noindex":false,"robots_noarchive":false,"robots_nosnippet":false,"robots_nofollow":false,"robots_noimageindex":false,"robots_noodp":false,"robots_notranslate":false,"robots_max_snippet":"-1","robots_max_videopreview":"-1","robots_max_imagepreview":"large","priority":null,"frequency":"default","local_seo":null,"seo_analyzer_scan_date":"2025-10-09 00:07:23","breadcrumb_settings":null,"limit_modified_date":false,"reviewed_by":null,"open_ai":"{\"title\":{\"suggestions\":[],\"usage\":0},\"description\":{\"suggestions\":[],\"usage\":0}}","ai":null,"created":"2024-10-02 18:57:10","updated":"2026-02-04 15:53:14"},"aioseo_breadcrumb":"<div class=\"aioseo-breadcrumbs\"><span class=\"aioseo-breadcrumb\">\n\t<a href=\"https:\/\/soymigrante.com\/revista\" title=\"Home\">Home<\/a>\n<\/span><span class=\"aioseo-breadcrumb-separator\">\u00bb<\/span><span class=\"aioseo-breadcrumb\">\n\t<a href=\"https:\/\/soymigrante.com\/revista\/category\/bienestar\/\" title=\"Bienestar\">Bienestar<\/a>\n<\/span><span class=\"aioseo-breadcrumb-separator\">\u00bb<\/span><span class=\"aioseo-breadcrumb\">\n\tPotencia tu esp\u00edritu de emprendimiento con estas siete cualidades y algo m\u00e1s\u2026\n<\/span><\/div>","aioseo_breadcrumb_json":[{"label":"Home","link":"https:\/\/soymigrante.com\/revista"},{"label":"Bienestar","link":"https:\/\/soymigrante.com\/revista\/category\/bienestar\/"},{"label":"Potencia tu esp\u00edritu de emprendimiento con estas siete cualidades y algo m\u00e1s&#8230;","link":"https:\/\/soymigrante.com\/revista\/potencia-el-emprendedor-que-llevas-dentro-con-estas-siete-cualidades\/"}],"_links":{"self":[{"href":"https:\/\/soymigrante.com\/revista\/wp-json\/wp\/v2\/posts\/9943","targetHints":{"allow":["GET"]}}],"collection":[{"href":"https:\/\/soymigrante.com\/revista\/wp-json\/wp\/v2\/posts"}],"about":[{"href":"https:\/\/soymigrante.com\/revista\/wp-json\/wp\/v2\/types\/post"}],"author":[{"embeddable":true,"href":"https:\/\/soymigrante.com\/revista\/wp-json\/wp\/v2\/users\/23"}],"replies":[{"embeddable":true,"href":"https:\/\/soymigrante.com\/revista\/wp-json\/wp\/v2\/comments?post=9943"}],"version-history":[{"count":0,"href":"https:\/\/soymigrante.com\/revista\/wp-json\/wp\/v2\/posts\/9943\/revisions"}],"wp:featuredmedia":[{"embeddable":true,"href":"https:\/\/soymigrante.com\/revista\/wp-json\/wp\/v2\/media\/12672"}],"wp:attachment":[{"href":"https:\/\/soymigrante.com\/revista\/wp-json\/wp\/v2\/media?parent=9943"}],"wp:term":[{"taxonomy":"category","embeddable":true,"href":"https:\/\/soymigrante.com\/revista\/wp-json\/wp\/v2\/categories?post=9943"},{"taxonomy":"post_tag","embeddable":true,"href":"https:\/\/soymigrante.com\/revista\/wp-json\/wp\/v2\/tags?post=9943"}],"curies":[{"name":"wp","href":"https:\/\/api.w.org\/{rel}","templated":true}]}}