{"id":9934,"date":"2025-11-24T07:58:54","date_gmt":"2025-11-24T13:58:54","guid":{"rendered":"https:\/\/soymigrante.com\/revista\/?p=9934"},"modified":"2025-11-24T07:59:06","modified_gmt":"2025-11-24T13:59:06","slug":"dia-de-accion-de-gracias-ocasion-de-compartir-en-una-cultura-distinta","status":"publish","type":"post","link":"https:\/\/soymigrante.com\/revista\/dia-de-accion-de-gracias-ocasion-de-compartir-en-una-cultura-distinta\/","title":{"rendered":"Ya viene el D\u00eda de Acci\u00f3n de Gracias en USA: ocasi\u00f3n para compartir en una cultura distinta"},"content":{"rendered":"\t\t<div data-elementor-type=\"wp-post\" data-elementor-id=\"9934\" class=\"elementor elementor-9934\" data-elementor-post-type=\"post\">\n\t\t\t\t<div data-particle_enable=\"false\" data-particle-mobile-disabled=\"false\" class=\"elementor-element elementor-element-1aeeb43 e-flex e-con-boxed e-con e-parent\" data-id=\"1aeeb43\" data-element_type=\"container\" data-e-type=\"container\">\n\t\t\t\t\t<div class=\"e-con-inner\">\n\t\t\t\t<div class=\"elementor-element elementor-element-a362fde elementor-widget elementor-widget-heading\" data-id=\"a362fde\" data-element_type=\"widget\" data-e-type=\"widget\" data-widget_type=\"heading.default\">\n\t\t\t\t\t<h2 class=\"elementor-heading-title elementor-size-default\">El D\u00eda de Acci\u00f3n de Gracias, una de las festividades m\u00e1s arraigadas en la cultura estadounidense, pero los migrantes se integran y aportan a esta costumbre, que se celebra el \u00faltimo jueves de noviembre.\n<\/h2>\t\t\t\t<\/div>\n\t\t\t\t\t<\/div>\n\t\t\t\t<\/div>\n\t\t<div data-particle_enable=\"false\" data-particle-mobile-disabled=\"false\" class=\"elementor-element elementor-element-c38aa0f e-flex e-con-boxed e-con e-parent\" data-id=\"c38aa0f\" data-element_type=\"container\" data-e-type=\"container\">\n\t\t\t\t\t<div class=\"e-con-inner\">\n\t\t\t\t<div class=\"elementor-element elementor-element-441d104 elementor-widget elementor-widget-text-editor\" data-id=\"441d104\" data-element_type=\"widget\" data-e-type=\"widget\" data-widget_type=\"text-editor.default\">\n\t\t\t\t\t\t\t\t\t<p>La tradici\u00f3n del D\u00eda de Acci\u00f3n de Gracias, se remonta a 1621, cuando los peregrinos ingleses que llegaron a Plymouth, Massachusetts, celebraron una cosecha exitosa junto a los nativos Wampanoag. Este evento simbolizaba la gratitud por la abundancia y la cooperaci\u00f3n entre ambos grupos en un momento en que la supervivencia depend\u00eda del apoyo mutuo.<\/p><p>Con el tiempo, el D\u00eda de Acci\u00f3n de Gracias fue evolucionando y, en 1863, durante la Guerra Civil, el presidente Abraham Lincoln lo proclam\u00f3 como un d\u00eda de fiesta nacional, destinado a unir a una naci\u00f3n dividida. El \u00faltimo jueves de noviembre marca una celebraci\u00f3n anual que gira en torno a la familia, la gratitud y, por supuesto, la comida, con el pavo como protagonista.<\/p>\t\t\t\t\t\t\t\t<\/div>\n\t\t\t\t\t<\/div>\n\t\t\t\t<\/div>\n\t\t<div data-particle_enable=\"false\" data-particle-mobile-disabled=\"false\" class=\"elementor-element elementor-element-939e8c6 e-flex e-con-boxed e-con e-parent\" data-id=\"939e8c6\" data-element_type=\"container\" data-e-type=\"container\">\n\t\t\t\t\t<div class=\"e-con-inner\">\n\t\t\t\t<div class=\"elementor-element elementor-element-2e742b4 elementor-widget elementor-widget-html\" data-id=\"2e742b4\" data-element_type=\"widget\" data-e-type=\"widget\" data-widget_type=\"html.default\">\n\t\t\t\t\t<iframe src=\"https:\/\/www.vozdeamerica.com\/embed\/player\/0\/6326580.html?type=video\" frameborder=\"0\" scrolling=\"no\" width=\"640\" height=\"360\" allowfullscreen><\/iframe>\t\t\t\t<\/div>\n\t\t\t\t\t<\/div>\n\t\t\t\t<\/div>\n\t\t<div data-particle_enable=\"false\" data-particle-mobile-disabled=\"false\" class=\"elementor-element elementor-element-ba2fc07 e-flex e-con-boxed e-con e-parent\" data-id=\"ba2fc07\" data-element_type=\"container\" data-e-type=\"container\">\n\t\t\t\t\t<div class=\"e-con-inner\">\n\t\t\t\t<div class=\"elementor-element elementor-element-d252585 elementor-widget elementor-widget-heading\" data-id=\"d252585\" data-element_type=\"widget\" data-e-type=\"widget\" data-widget_type=\"heading.default\">\n\t\t\t\t\t<h3 class=\"elementor-heading-title elementor-size-default\">La adaptaci\u00f3n de los guatemaltecos migrantes<\/h3>\t\t\t\t<\/div>\n\t\t\t\t\t<\/div>\n\t\t\t\t<\/div>\n\t\t<div data-particle_enable=\"false\" data-particle-mobile-disabled=\"false\" class=\"elementor-element elementor-element-e79e691 e-flex e-con-boxed e-con e-parent\" data-id=\"e79e691\" data-element_type=\"container\" data-e-type=\"container\">\n\t\t\t\t\t<div class=\"e-con-inner\">\n\t\t\t\t<div class=\"elementor-element elementor-element-4315f2e elementor-widget elementor-widget-text-editor\" data-id=\"4315f2e\" data-element_type=\"widget\" data-e-type=\"widget\" data-widget_type=\"text-editor.default\">\n\t\t\t\t\t\t\t\t\t<p>Para las<a href=\"https:\/\/soymigrante.com\/revista\/claves-para-la-valorar-el-origen-guatemalteco-y-reforzar-la-dignidad-como-migrante-en-ee-uu\/\" target=\"_blank\" rel=\"noopener\"> nuevas generaciones de guatemaltecos migrantes en Estados Unidos,<\/a> el D\u00eda de Acci\u00f3n de Gracias puede representar un desaf\u00edo de identidad cultural. Mientras tratan de mantener vivas sus tradiciones guatemaltecas, como el D\u00eda de Todos los Santos o la Semana Santa, se ven inmersos en un entorno que celebra festividades que pueden parecer ajenas.<\/p><p>Sin embargo, muchos guatemaltecos, especialmente aquellos que han nacido o crecido en Estados Unidos, encuentran maneras de adaptar esta celebraci\u00f3n a sus propias costumbres.<\/p><p>Las reuniones familiares para el D\u00eda de Acci\u00f3n de Gracias a menudo se convierten en una mezcla de lo tradicional estadounidense y lo guatemalteco. Junto al pavo, no es raro encontrar platillos como tamales, fiambre, o frijoles negros, seg\u00fan Daniela Pojoc, una migrante guatemalteca en Chicago.<\/p><p>Esta fusi\u00f3n de sabores refleja la dualidad cultural que experimentan estas generaciones: una vida cotidiana en un pa\u00eds que ofrece nuevas oportunidades,<a href=\"https:\/\/soymigrante.com\/revista\/claves-para-la-valorar-el-origen-guatemalteco-y-reforzar-la-dignidad-como-migrante-en-ee-uu\/\" target=\"_blank\" rel=\"noopener\"> mientras conservan el amor por sus ra\u00edces.<\/a><\/p>\t\t\t\t\t\t\t\t<\/div>\n\t\t\t\t\t<\/div>\n\t\t\t\t<\/div>\n\t\t<div data-particle_enable=\"false\" data-particle-mobile-disabled=\"false\" class=\"elementor-element elementor-element-35baa91 e-flex e-con-boxed e-con e-parent\" data-id=\"35baa91\" data-element_type=\"container\" data-e-type=\"container\">\n\t\t\t\t\t<div class=\"e-con-inner\">\n\t\t\t\t<div class=\"elementor-element elementor-element-e4a18c0 elementor-widget elementor-widget-image\" data-id=\"e4a18c0\" data-element_type=\"widget\" data-e-type=\"widget\" data-widget_type=\"image.default\">\n\t\t\t\t\t\t\t\t\t\t\t\t\t\t\t<img fetchpriority=\"high\" decoding=\"async\" width=\"683\" height=\"1024\" src=\"https:\/\/soymigrante.com\/revista\/wp-content\/uploads\/2024\/10\/El-Dia-de-Accion-de-Gracias-y-la-adaptacion-de-los-migrantes-2-683x1024.webp\" class=\"attachment-large size-large wp-image-9936\" alt=\"Calabaza de oto\u00f1o con tradiciones gastron\u00f3micas mexicanas y recetas de celebraci\u00f3n para inmigrantes en la revista SoyMigrante.com.\" srcset=\"https:\/\/soymigrante.com\/revista\/wp-content\/uploads\/2024\/10\/El-Dia-de-Accion-de-Gracias-y-la-adaptacion-de-los-migrantes-2-683x1024.webp 683w, https:\/\/soymigrante.com\/revista\/wp-content\/uploads\/2024\/10\/El-Dia-de-Accion-de-Gracias-y-la-adaptacion-de-los-migrantes-2-200x300.webp 200w, https:\/\/soymigrante.com\/revista\/wp-content\/uploads\/2024\/10\/El-Dia-de-Accion-de-Gracias-y-la-adaptacion-de-los-migrantes-2-768x1152.webp 768w, https:\/\/soymigrante.com\/revista\/wp-content\/uploads\/2024\/10\/El-Dia-de-Accion-de-Gracias-y-la-adaptacion-de-los-migrantes-2-scaled.webp 1280w\" sizes=\"(max-width: 683px) 100vw, 683px\" title=\"El Di\u0301a de Accio\u0301n de Gracias y la adaptacio\u0301n de los migrantes 2 \u2013 SoyMigrante.com REVISTA\" \/>\t\t\t\t\t\t\t\t\t\t\t\t\t\t\t<\/div>\n\t\t\t\t\t<\/div>\n\t\t\t\t<\/div>\n\t\t<div data-particle_enable=\"false\" data-particle-mobile-disabled=\"false\" class=\"elementor-element elementor-element-92f1426 e-flex e-con-boxed e-con e-parent\" data-id=\"92f1426\" data-element_type=\"container\" data-e-type=\"container\">\n\t\t\t\t\t<div class=\"e-con-inner\">\n\t\t\t\t<div class=\"elementor-element elementor-element-7148b74 elementor-widget elementor-widget-heading\" data-id=\"7148b74\" data-element_type=\"widget\" data-e-type=\"widget\" data-widget_type=\"heading.default\">\n\t\t\t\t\t<h3 class=\"elementor-heading-title elementor-size-default\">Una nueva tradici\u00f3n en la comunidad<\/h3>\t\t\t\t<\/div>\n\t\t\t\t\t<\/div>\n\t\t\t\t<\/div>\n\t\t<div data-particle_enable=\"false\" data-particle-mobile-disabled=\"false\" class=\"elementor-element elementor-element-2837cd9 e-flex e-con-boxed e-con e-parent\" data-id=\"2837cd9\" data-element_type=\"container\" data-e-type=\"container\">\n\t\t\t\t\t<div class=\"e-con-inner\">\n\t\t\t\t<div class=\"elementor-element elementor-element-fbd9914 elementor-widget elementor-widget-text-editor\" data-id=\"fbd9914\" data-element_type=\"widget\" data-e-type=\"widget\" data-widget_type=\"text-editor.default\">\n\t\t\t\t\t\t\t\t\t<p>Para muchos j\u00f3venes guatemaltecos, el D\u00eda de Acci\u00f3n de Gracias tambi\u00e9n ofrece una oportunidad de reflexionar sobre el sacrificio y el esfuerzo que sus familias han hecho al migrar a Estados Unidos. A trav\u00e9s de esta celebraci\u00f3n, no solo muestran gratitud por la estabilidad y las oportunidades que han encontrado, sino tambi\u00e9n por el legado de trabajo duro que les han transmitido sus padres y abuelos.<\/p><p>Adem\u00e1s, <a href=\"https:\/\/soymigrante.com\/revista\/claves-para-la-valorar-el-origen-guatemalteco-y-reforzar-la-dignidad-como-migrante-en-ee-uu\/\" target=\"_blank\" rel=\"noopener\">para aquellos guatemaltecos que llevan pocos a\u00f1os en Estados Unidos, el D\u00eda de Acci\u00f3n de Gracias puede ser un punto de inflexi\u00f3n en su proceso de adaptaci\u00f3n<\/a>. Algunos migrantes expresan que, al principio, era una festividad que no comprend\u00edan del todo, pero con el paso del tiempo, encuentran en ella un motivo de uni\u00f3n con sus nuevas comunidades, ya sea participando en actividades de caridad o compartiendo una comida con amigos y vecinos de diferentes or\u00edgenes.<\/p>\t\t\t\t\t\t\t\t<\/div>\n\t\t\t\t\t<\/div>\n\t\t\t\t<\/div>\n\t\t<div data-particle_enable=\"false\" data-particle-mobile-disabled=\"false\" class=\"elementor-element elementor-element-df77fb7 e-flex e-con-boxed e-con e-parent\" data-id=\"df77fb7\" data-element_type=\"container\" data-e-type=\"container\">\n\t\t\t\t\t<div class=\"e-con-inner\">\n\t\t\t\t<div class=\"elementor-element elementor-element-57c9a2b elementor-widget elementor-widget-image\" data-id=\"57c9a2b\" data-element_type=\"widget\" data-e-type=\"widget\" data-widget_type=\"image.default\">\n\t\t\t\t\t\t\t\t\t\t\t\t\t\t\t<img decoding=\"async\" width=\"1024\" height=\"683\" src=\"https:\/\/soymigrante.com\/revista\/wp-content\/uploads\/2024\/10\/El-Dia-de-Accion-de-Gracias-y-la-adaptacion-de-los-migrantes-3-1024x683.webp\" class=\"attachment-large size-large wp-image-9937\" alt=\"Jugoso pavo asado de Navidad en mesa familiar con vino tinto y acompa\u00f1amientos, celebraci\u00f3n y reuni\u00f3n familiar, tem\u00e1tica de gastronom\u00eda y tradiciones navide\u00f1as, contenido para revista SoyMigrante.com.\" srcset=\"https:\/\/soymigrante.com\/revista\/wp-content\/uploads\/2024\/10\/El-Dia-de-Accion-de-Gracias-y-la-adaptacion-de-los-migrantes-3-1024x683.webp 1024w, https:\/\/soymigrante.com\/revista\/wp-content\/uploads\/2024\/10\/El-Dia-de-Accion-de-Gracias-y-la-adaptacion-de-los-migrantes-3-300x200.webp 300w, https:\/\/soymigrante.com\/revista\/wp-content\/uploads\/2024\/10\/El-Dia-de-Accion-de-Gracias-y-la-adaptacion-de-los-migrantes-3-768x512.webp 768w, https:\/\/soymigrante.com\/revista\/wp-content\/uploads\/2024\/10\/El-Dia-de-Accion-de-Gracias-y-la-adaptacion-de-los-migrantes-3-1536x1024.webp 1536w, https:\/\/soymigrante.com\/revista\/wp-content\/uploads\/2024\/10\/El-Dia-de-Accion-de-Gracias-y-la-adaptacion-de-los-migrantes-3-scaled.webp 1920w, https:\/\/soymigrante.com\/revista\/wp-content\/uploads\/2024\/10\/El-Dia-de-Accion-de-Gracias-y-la-adaptacion-de-los-migrantes-3-750x500.webp 750w, https:\/\/soymigrante.com\/revista\/wp-content\/uploads\/2024\/10\/El-Dia-de-Accion-de-Gracias-y-la-adaptacion-de-los-migrantes-3-1140x760.jpg 1140w\" sizes=\"(max-width: 1024px) 100vw, 1024px\" title=\"El Di\u0301a de Accio\u0301n de Gracias y la adaptacio\u0301n de los migrantes 3 \u2013 SoyMigrante.com REVISTA\" \/>\t\t\t\t\t\t\t\t\t\t\t\t\t\t\t<\/div>\n\t\t\t\t\t<\/div>\n\t\t\t\t<\/div>\n\t\t<div data-particle_enable=\"false\" data-particle-mobile-disabled=\"false\" class=\"elementor-element elementor-element-139d8f8 e-flex e-con-boxed e-con e-parent\" data-id=\"139d8f8\" data-element_type=\"container\" data-e-type=\"container\">\n\t\t\t\t\t<div class=\"e-con-inner\">\n\t\t\t\t<div class=\"elementor-element elementor-element-d0119e7 elementor-widget elementor-widget-heading\" data-id=\"d0119e7\" data-element_type=\"widget\" data-e-type=\"widget\" data-widget_type=\"heading.default\">\n\t\t\t\t\t<h3 class=\"elementor-heading-title elementor-size-default\">Un futuro con dos ra\u00edces<\/h3>\t\t\t\t<\/div>\n\t\t\t\t\t<\/div>\n\t\t\t\t<\/div>\n\t\t<div data-particle_enable=\"false\" data-particle-mobile-disabled=\"false\" class=\"elementor-element elementor-element-6fe50d5 e-flex e-con-boxed e-con e-parent\" data-id=\"6fe50d5\" data-element_type=\"container\" data-e-type=\"container\">\n\t\t\t\t\t<div class=\"e-con-inner\">\n\t\t\t\t<div class=\"elementor-element elementor-element-d6f4d6d elementor-widget elementor-widget-text-editor\" data-id=\"d6f4d6d\" data-element_type=\"widget\" data-e-type=\"widget\" data-widget_type=\"text-editor.default\">\n\t\t\t\t\t\t\t\t\t<p><a href=\"https:\/\/soymigrante.com\/revista\/claves-para-la-valorar-el-origen-guatemalteco-y-reforzar-la-dignidad-como-migrante-en-ee-uu\/\" target=\"_blank\" rel=\"noopener\">La experiencia de las nuevas generaciones de guatemaltecos migrantes en Estados Unidos<\/a> es un reflejo de c\u00f3mo las tradiciones pueden evolucionar y enriquecerse en un contexto de diversidad cultural. El D\u00eda de Acci\u00f3n de Gracias, para ellos, no es solo una festividad estadounidense, sino una oportunidad para mezclar lo mejor de dos mundos: el agradecimiento por lo que tienen y el orgullo de qui\u00e9nes son.<\/p><p>En un pa\u00eds en el que las migraciones est\u00e1n transformando la identidad nacional, los guatemaltecos, como muchos otros grupos migrantes, est\u00e1n redefiniendo lo que significa ser parte de la sociedad estadounidense, adaptando las costumbres a sus propias historias y creando nuevas tradiciones que honran tanto su pasado como su futuro.<\/p>\t\t\t\t\t\t\t\t<\/div>\n\t\t\t\t\t<\/div>\n\t\t\t\t<\/div>\n\t\t<div data-particle_enable=\"false\" data-particle-mobile-disabled=\"false\" class=\"elementor-element elementor-element-1ac9b74 e-flex e-con-boxed e-con e-parent\" data-id=\"1ac9b74\" data-element_type=\"container\" data-e-type=\"container\">\n\t\t\t\t\t<div class=\"e-con-inner\">\n\t\t\t\t<div class=\"elementor-element elementor-element-fb44386 elementor-widget elementor-widget-heading\" data-id=\"fb44386\" data-element_type=\"widget\" data-e-type=\"widget\" data-widget_type=\"heading.default\">\n\t\t\t\t\t<h2 class=\"elementor-heading-title elementor-size-default\">Quiz\u00e1 tambi\u00e9n podr\u00edan interesarte estos temas<\/h2>\t\t\t\t<\/div>\n\t\t\t\t\t<\/div>\n\t\t\t\t<\/div>\n\t\t<div data-particle_enable=\"false\" data-particle-mobile-disabled=\"false\" class=\"elementor-element elementor-element-24266ee e-flex e-con-boxed e-con e-parent\" data-id=\"24266ee\" data-element_type=\"container\" data-e-type=\"container\">\n\t\t\t\t\t<div class=\"e-con-inner\">\n\t\t\t\t<div class=\"elementor-element elementor-element-1a03903 elementor-grid-eael-col-3 elementor-grid-tablet-eael-col-2 elementor-grid-mobile-eael-col-1 elementor-widget elementor-widget-eael-post-grid\" data-id=\"1a03903\" data-element_type=\"widget\" data-e-type=\"widget\" data-settings=\"{&quot;eael_post_grid_columns&quot;:&quot;eael-col-3&quot;,&quot;eael_post_grid_columns_tablet&quot;:&quot;eael-col-2&quot;,&quot;eael_post_grid_columns_mobile&quot;:&quot;eael-col-1&quot;}\" data-widget_type=\"eael-post-grid.default\">\n\t\t\t\t\t<div id=\"eael-post-grid-1a03903\" class=\"eael-post-grid-container\">\n            <div class=\"eael-post-grid eael-post-appender eael-post-appender-1a03903 eael-post-grid-style-one\" data-layout-mode=\"masonry\"><article class=\"eael-grid-post  eael-post-grid-column eael-pg-post-3495 category-exitos\" data-id=\"3495\">\n        <div class=\"eael-grid-post-holder\">\n            <div class=\"eael-grid-post-holder-inner\"><div class=\"eael-entry-media\"><div class=\"eael-entry-overlay fade-in\"><i class=\"far fa-hand-pointer\" aria-hidden=\"true\"><\/i><a href=\"https:\/\/soymigrante.com\/revista\/en-un-dia-de-accion-de-gracias-se-conocieron-los-migrantes-carlos-y-lidia\/\"><\/a><\/div><div class=\"eael-entry-thumbnail eael-image-ratio\">\n                <img decoding=\"async\" width=\"991\" height=\"835\" src=\"https:\/\/soymigrante.com\/revista\/wp-content\/uploads\/2023\/11\/fam-perez-45.webp\" class=\"attachment-large size-large wp-image-3496\" alt=\"\" srcset=\"https:\/\/soymigrante.com\/revista\/wp-content\/uploads\/2023\/11\/fam-perez-45.webp 991w, https:\/\/soymigrante.com\/revista\/wp-content\/uploads\/2023\/11\/fam-perez-45-300x253.webp 300w, https:\/\/soymigrante.com\/revista\/wp-content\/uploads\/2023\/11\/fam-perez-45-768x647.webp 768w, https:\/\/soymigrante.com\/revista\/wp-content\/uploads\/2023\/11\/fam-perez-45-750x632.webp 750w\" sizes=\"(max-width: 991px) 100vw, 991px\" \/>\n            <\/div>\n        <\/div><div class=\"eael-entry-wrapper\"><header class=\"eael-entry-header\"><h2 class=\"eael-entry-title\"><a class=\"eael-grid-post-link\" href=\"https:\/\/soymigrante.com\/revista\/en-un-dia-de-accion-de-gracias-se-conocieron-los-migrantes-carlos-y-lidia\/\" title=\"En D\u00eda de Acci\u00f3n de Gracias se conocieron los migrantes Carlos y Lidia\">En D\u00eda de Acci\u00f3n de Gracias se conocieron los migrantes Carlos y Lidia<\/a><\/h2><\/header><div class=\"eael-entry-content\">\n                        <div class=\"eael-grid-post-excerpt\"><a href=\"https:\/\/soymigrante.com\/revista\/en-un-dia-de-accion-de-gracias-se-conocieron-los-migrantes-carlos-y-lidia\/\" class=\"eael-post-elements-readmore-btn\">CONOCE SU HISTORIA <\/a><\/div>\n                    <\/div><\/div><\/div>\n        <\/div>\n    <\/article><article class=\"eael-grid-post  eael-post-grid-column eael-pg-post-7781 category-recetas-guatemaltecas\" data-id=\"7781\">\n        <div class=\"eael-grid-post-holder\">\n            <div class=\"eael-grid-post-holder-inner\"><div class=\"eael-entry-media\"><div class=\"eael-entry-overlay fade-in\"><i class=\"far fa-hand-pointer\" aria-hidden=\"true\"><\/i><a href=\"https:\/\/soymigrante.com\/revista\/tamales-de-guatemala-variedad-y-recetas-de-una-tradicion-de-sabor\/\"><\/a><\/div><div class=\"eael-entry-thumbnail eael-image-ratio\">\n                <img loading=\"lazy\" decoding=\"async\" width=\"480\" height=\"480\" src=\"https:\/\/soymigrante.com\/revista\/wp-content\/uploads\/2024\/08\/tamales-de-Guatemala.webp\" class=\"attachment-large size-large wp-image-7782\" alt=\"Mochilas de hoja de pl\u00e1tano envueltas en cuerda, utilizadas en festividades tradicionales mexicanas y eventos culturales. Perfectas para specialidades gastron\u00f3micas y celebraciones folcl\u00f3ricas.\" srcset=\"https:\/\/soymigrante.com\/revista\/wp-content\/uploads\/2024\/08\/tamales-de-Guatemala.webp 480w, https:\/\/soymigrante.com\/revista\/wp-content\/uploads\/2024\/08\/tamales-de-Guatemala-300x300.webp 300w, https:\/\/soymigrante.com\/revista\/wp-content\/uploads\/2024\/08\/tamales-de-Guatemala-150x150.webp 150w, https:\/\/soymigrante.com\/revista\/wp-content\/uploads\/2024\/08\/tamales-de-Guatemala-75x75.webp 75w\" sizes=\"(max-width: 480px) 100vw, 480px\" \/>\n            <\/div>\n        <\/div><div class=\"eael-entry-wrapper\"><header class=\"eael-entry-header\"><h2 class=\"eael-entry-title\"><a class=\"eael-grid-post-link\" href=\"https:\/\/soymigrante.com\/revista\/tamales-de-guatemala-variedad-y-recetas-de-una-tradicion-de-sabor\/\" title=\"Tamales guatemaltecos: variedad y recetascon una misma tradici\u00f3n sin fronteras\">Tamales guatemaltecos: variedad y recetascon una misma tradici\u00f3n sin fronteras<\/a><\/h2><\/header><div class=\"eael-entry-content\">\n                        <div class=\"eael-grid-post-excerpt\"><a href=\"https:\/\/soymigrante.com\/revista\/tamales-de-guatemala-variedad-y-recetas-de-una-tradicion-de-sabor\/\" class=\"eael-post-elements-readmore-btn\">CONOCE SU HISTORIA <\/a><\/div>\n                    <\/div><\/div><\/div>\n        <\/div>\n    <\/article><article class=\"eael-grid-post  eael-post-grid-column eael-pg-post-13232 category-bienestar\" data-id=\"13232\">\n        <div class=\"eael-grid-post-holder\">\n            <div class=\"eael-grid-post-holder-inner\"><div class=\"eael-entry-media\"><div class=\"eael-entry-overlay fade-in\"><i class=\"far fa-hand-pointer\" aria-hidden=\"true\"><\/i><a href=\"https:\/\/soymigrante.com\/revista\/temas-que-puede-ser-mejor-evitar-en-las-cenas-de-accion-de-gracias-y-navidad\/\"><\/a><\/div><div class=\"eael-entry-thumbnail eael-image-ratio\">\n                <img loading=\"lazy\" decoding=\"async\" width=\"1024\" height=\"1024\" src=\"https:\/\/soymigrante.com\/revista\/wp-content\/uploads\/2024\/11\/reunion-familiar-navidad-en-guatemala.png\" class=\"attachment-large size-large wp-image-50089\" alt=\"reunion familiar navidad en guatemala\" srcset=\"https:\/\/soymigrante.com\/revista\/wp-content\/uploads\/2024\/11\/reunion-familiar-navidad-en-guatemala.png 1024w, https:\/\/soymigrante.com\/revista\/wp-content\/uploads\/2024\/11\/reunion-familiar-navidad-en-guatemala-300x300.png 300w, https:\/\/soymigrante.com\/revista\/wp-content\/uploads\/2024\/11\/reunion-familiar-navidad-en-guatemala-150x150.png 150w, https:\/\/soymigrante.com\/revista\/wp-content\/uploads\/2024\/11\/reunion-familiar-navidad-en-guatemala-768x768.png 768w, https:\/\/soymigrante.com\/revista\/wp-content\/uploads\/2024\/11\/reunion-familiar-navidad-en-guatemala-75x75.png 75w, https:\/\/soymigrante.com\/revista\/wp-content\/uploads\/2024\/11\/reunion-familiar-navidad-en-guatemala-750x750.png 750w\" sizes=\"(max-width: 1024px) 100vw, 1024px\" \/>\n            <\/div>\n        <\/div><div class=\"eael-entry-wrapper\"><header class=\"eael-entry-header\"><h2 class=\"eael-entry-title\"><a class=\"eael-grid-post-link\" href=\"https:\/\/soymigrante.com\/revista\/temas-que-puede-ser-mejor-evitar-en-las-cenas-de-accion-de-gracias-y-navidad\/\" title=\"Temas de conversaci\u00f3n que resulta mejor evitar en reuniones familiares navide\u00f1as\">Temas de conversaci\u00f3n que resulta mejor evitar en reuniones familiares navide\u00f1as<\/a><\/h2><\/header><div class=\"eael-entry-content\">\n                        <div class=\"eael-grid-post-excerpt\"><a href=\"https:\/\/soymigrante.com\/revista\/temas-que-puede-ser-mejor-evitar-en-las-cenas-de-accion-de-gracias-y-navidad\/\" class=\"eael-post-elements-readmore-btn\">CONOCE SU HISTORIA <\/a><\/div>\n                    <\/div><\/div><\/div>\n        <\/div>\n    <\/article><\/div>\n            <div class=\"clearfix\"><\/div>\n        <\/div>\t\t\t\t<\/div>\n\t\t\t\t\t<\/div>\n\t\t\t\t<\/div>\n\t\t\t\t<\/div>\n\t\t","protected":false},"excerpt":{"rendered":"<p>El D\u00eda de Acci\u00f3n de Gracias, una de las festividades m\u00e1s arraigadas en la cultura estadounidense, pero los migrantes se integran y aportan a esta costumbre, que se celebra el \u00faltimo jueves de noviembre. La tradici\u00f3n del D\u00eda de Acci\u00f3n de Gracias, se remonta a 1621, cuando los peregrinos ingleses que llegaron a Plymouth, Massachusetts, [&hellip;]<\/p>\n","protected":false},"author":1,"featured_media":48905,"comment_status":"open","ping_status":"open","sticky":false,"template":"","format":"standard","meta":{"_acf_changed":false,"_eb_attr":"","footnotes":""},"categories":[58],"tags":[],"class_list":["post-9934","post","type-post","status-publish","format-standard","has-post-thumbnail","hentry","category-guate-nuestra"],"acf":[],"aioseo_notices":[],"aioseo_head":"\n\t\t<!-- All in One SEO Pro 4.9.6.2 - aioseo.com -->\n\t<meta name=\"description\" content=\"Las reuniones familiares Navidad son muy ansiadas, pero tambi\u00e9n traen memorias. En favor de la armon\u00eda hay temas que resulta mejor evitar traer a colaci\u00f3n.\" \/>\n\t<meta name=\"robots\" content=\"max-snippet:-1, max-image-preview:large, max-video-preview:-1\" \/>\n\t<meta name=\"author\" content=\"SoyMigrante.com REVISTA\"\/>\n\t<link rel=\"canonical\" href=\"https:\/\/soymigrante.com\/revista\/temas-que-puede-ser-mejor-evitar-en-las-cenas-de-accion-de-gracias-y-navidad\/\" \/>\n\t<meta name=\"generator\" content=\"All in One SEO Pro (AIOSEO) 4.9.6.2\" \/>\n\n\t\t<link rel=\"preconnect\" href=\"https:\/\/fonts.googleapis.com\" crossorigin>\n<link rel=\"preconnect\" href=\"https:\/\/fonts.gstatic.com\" crossorigin>\n\t\t<meta property=\"og:locale\" content=\"es_ES\" \/>\n\t\t<meta property=\"og:site_name\" content=\"SoyMigrante.com REVISTA \u2013 Nuestra misi\u00f3n es reconocer y dignificar al migrante.\" \/>\n\t\t<meta property=\"og:type\" content=\"article\" \/>\n\t\t<meta property=\"og:title\" content=\"Temas que es mejor evitar en la cena de Acci\u00f3n de Gracias\" \/>\n\t\t<meta property=\"og:description\" content=\"Las reuniones familiares Navidad son muy ansiadas, pero tambi\u00e9n traen memorias. En favor de la armon\u00eda hay temas que resulta mejor evitar traer a colaci\u00f3n.\" \/>\n\t\t<meta property=\"og:url\" content=\"https:\/\/soymigrante.com\/revista\/temas-que-puede-ser-mejor-evitar-en-las-cenas-de-accion-de-gracias-y-navidad\/\" \/>\n\t\t<meta property=\"og:image\" content=\"https:\/\/soymigrante.com\/revista\/wp-content\/uploads\/2024\/11\/reunion-familiar-navidad-en-guatemala.png\" \/>\n\t\t<meta property=\"og:image:secure_url\" content=\"https:\/\/soymigrante.com\/revista\/wp-content\/uploads\/2024\/11\/reunion-familiar-navidad-en-guatemala.png\" \/>\n\t\t<meta property=\"og:image:width\" content=\"1024\" \/>\n\t\t<meta property=\"og:image:height\" content=\"1024\" \/>\n\t\t<meta property=\"article:published_time\" content=\"2025-12-23T16:12:38+00:00\" \/>\n\t\t<meta property=\"article:modified_time\" content=\"2025-12-23T16:14:08+00:00\" \/>\n\t\t<meta property=\"article:publisher\" content=\"https:\/\/www.facebook.com\/soymigrantecom\" \/>\n\t\t<meta name=\"twitter:card\" content=\"summary_large_image\" \/>\n\t\t<meta name=\"twitter:site\" content=\"@SoyMigrante_com\" \/>\n\t\t<meta name=\"twitter:title\" content=\"Temas que es mejor evitar en la cena de Acci\u00f3n de Gracias\" \/>\n\t\t<meta name=\"twitter:description\" content=\"Las reuniones familiares Navidad son muy ansiadas, pero tambi\u00e9n traen memorias. En favor de la armon\u00eda hay temas que resulta mejor evitar traer a colaci\u00f3n.\" \/>\n\t\t<meta name=\"twitter:creator\" content=\"@SoyMigrante_com\" \/>\n\t\t<meta name=\"twitter:image\" content=\"https:\/\/soymigrante.com\/revista\/wp-content\/uploads\/2024\/11\/reunion-familiar-navidad-en-guatemala.png\" \/>\n\t\t<!-- All in One SEO Pro -->\r\n\t\t<title>Temas que es mejor evitar en la cena de Acci\u00f3n de Gracias<\/title>\n\n","aioseo_head_json":{"title":"Temas que es mejor evitar en la cena de Acci\u00f3n de Gracias","description":"Las reuniones familiares Navidad son muy ansiadas, pero tambi\u00e9n traen memorias. En favor de la armon\u00eda hay temas que resulta mejor evitar traer a colaci\u00f3n.","canonical_url":"https:\/\/soymigrante.com\/revista\/temas-que-puede-ser-mejor-evitar-en-las-cenas-de-accion-de-gracias-y-navidad\/","robots":"max-snippet:-1, max-image-preview:large, max-video-preview:-1","keywords":"","webmasterTools":{"miscellaneous":"&lt;link rel=\"preconnect\" href=\"https:\/\/fonts.googleapis.com\" crossorigin&gt;\n&lt;link rel=\"preconnect\" href=\"https:\/\/fonts.gstatic.com\" crossorigin&gt;"},"schema":null,"og:locale":"es_ES","og:site_name":"SoyMigrante.com REVISTA \u2013 Nuestra misi\u00f3n es reconocer y dignificar al migrante.","og:type":"article","og:title":"Temas que es mejor evitar en la cena de Acci\u00f3n de Gracias","og:description":"Las reuniones familiares Navidad son muy ansiadas, pero tambi\u00e9n traen memorias. En favor de la armon\u00eda hay temas que resulta mejor evitar traer a colaci\u00f3n.","og:url":"https:\/\/soymigrante.com\/revista\/temas-que-puede-ser-mejor-evitar-en-las-cenas-de-accion-de-gracias-y-navidad\/","og:image":"https:\/\/soymigrante.com\/revista\/wp-content\/uploads\/2024\/11\/reunion-familiar-navidad-en-guatemala.png","og:image:secure_url":"https:\/\/soymigrante.com\/revista\/wp-content\/uploads\/2024\/11\/reunion-familiar-navidad-en-guatemala.png","og:image:width":1024,"og:image:height":1024,"article:published_time":"2025-12-23T16:12:38+00:00","article:modified_time":"2025-12-23T16:14:08+00:00","article:publisher":"https:\/\/www.facebook.com\/soymigrantecom","twitter:card":"summary_large_image","twitter:site":"@SoyMigrante_com","twitter:title":"Temas que es mejor evitar en la cena de Acci\u00f3n de Gracias","twitter:description":"Las reuniones familiares Navidad son muy ansiadas, pero tambi\u00e9n traen memorias. En favor de la armon\u00eda hay temas que resulta mejor evitar traer a colaci\u00f3n.","twitter:creator":"@SoyMigrante_com","twitter:image":"https:\/\/soymigrante.com\/revista\/wp-content\/uploads\/2024\/11\/reunion-familiar-navidad-en-guatemala.png"},"aioseo_meta_data":{"post_id":"9934","title":"D\u00eda de Acci\u00f3n de Gracias: ocasi\u00f3n para asimilar otra cultura","description":"Tradici\u00f3n muy propia de USA tuvo un origen en una vivencia migratoria siglos atr\u00e1s. Los hispanos en USA tambi\u00e9n la pueden hacer propia y enriquecedora","keywords":null,"keyphrases":{"focus":{"keyphrase":"acci\u00f3n de gracias","score":74,"analysis":{"keyphraseInTitle":{"score":9,"maxScore":9,"error":0},"keyphraseInDescription":{"score":3,"maxScore":9,"error":1},"keyphraseLength":{"score":9,"maxScore":9,"error":0,"length":4},"keyphraseInURL":{"score":5,"maxScore":5,"error":0},"keyphraseInIntroduction":{"score":9,"maxScore":9,"error":0},"keyphraseInSubHeadings":{"score":3,"maxScore":9,"error":1},"keyphraseInImageAlt":{"score":3,"maxScore":9,"error":1},"keywordDensity":{"type":"best","score":9,"maxScore":9,"error":0}}},"additional":[{"keyphrase":"migrantes","score":73,"analysis":{"keyphraseInDescription":{"score":3,"maxScore":9,"error":1},"keyphraseLength":{"score":9,"maxScore":9,"error":0,"length":1},"keyphraseInIntroduction":{"score":3,"maxScore":9,"error":1},"keyphraseInImageAlt":{"score":9,"maxScore":9,"error":0},"keywordDensity":{"type":"best","score":9,"maxScore":9,"error":0}}},{"keyphrase":"acci\u00f3n de gracias","score":73,"analysis":{"keyphraseInDescription":{"score":3,"maxScore":9,"error":1},"keyphraseLength":{"score":9,"maxScore":9,"error":0,"length":4},"keyphraseInIntroduction":{"score":9,"maxScore":9,"error":0},"keyphraseInImageAlt":{"score":3,"maxScore":9,"error":1},"keywordDensity":{"type":"best","score":9,"maxScore":9,"error":0}}}]},"primary_term":null,"canonical_url":null,"og_title":null,"og_description":null,"og_object_type":"default","og_image_type":"default","og_image_url":null,"og_image_width":null,"og_image_height":null,"og_image_custom_url":null,"og_image_custom_fields":null,"og_video":"","og_custom_url":null,"og_article_section":null,"og_article_tags":null,"twitter_use_og":false,"twitter_card":"default","twitter_image_type":"default","twitter_image_url":null,"twitter_image_custom_url":null,"twitter_image_custom_fields":null,"twitter_title":null,"twitter_description":null,"schema":{"blockGraphs":[],"customGraphs":[],"default":{"data":{"Article":[],"Course":[],"Dataset":[],"FAQPage":[],"Movie":[],"Person":[],"Product":[],"ProductReview":[],"Car":[],"Recipe":[],"Service":[],"SoftwareApplication":[],"WebPage":[]},"graphName":"NewsArticle","isEnabled":true},"graphs":[]},"schema_type":"default","schema_type_options":null,"pillar_content":false,"robots_default":true,"robots_noindex":false,"robots_noarchive":false,"robots_nosnippet":false,"robots_nofollow":false,"robots_noimageindex":false,"robots_noodp":false,"robots_notranslate":false,"robots_max_snippet":"-1","robots_max_videopreview":"-1","robots_max_imagepreview":"large","priority":null,"frequency":"default","local_seo":null,"seo_analyzer_scan_date":"2025-11-24 14:02:12","breadcrumb_settings":null,"limit_modified_date":false,"reviewed_by":"0","open_ai":"{\"title\":{\"suggestions\":[],\"usage\":0},\"description\":{\"suggestions\":[],\"usage\":0}}","ai":{"faqs":[],"keyPoints":[],"titles":[],"descriptions":[],"socialPosts":{"email":[],"linkedin":[],"twitter":[],"facebook":[],"instagram":[]}},"created":"2024-10-02 16:00:48","updated":"2026-02-05 07:08:41"},"aioseo_breadcrumb":"<div class=\"aioseo-breadcrumbs\"><span class=\"aioseo-breadcrumb\">\n\t<a href=\"https:\/\/soymigrante.com\/revista\" title=\"Home\">Home<\/a>\n<\/span><span class=\"aioseo-breadcrumb-separator\">\u00bb<\/span><span class=\"aioseo-breadcrumb\">\n\t<a href=\"https:\/\/soymigrante.com\/revista\/category\/guate-nuestra\/\" title=\"Guate Nuestra\">Guate Nuestra<\/a>\n<\/span><span class=\"aioseo-breadcrumb-separator\">\u00bb<\/span><span class=\"aioseo-breadcrumb\">\n\tYa viene el D\u00eda de Acci\u00f3n de Gracias en USA: ocasi\u00f3n para compartir en una cultura distinta\n<\/span><\/div>","aioseo_breadcrumb_json":[{"label":"Home","link":"https:\/\/soymigrante.com\/revista"},{"label":"Guate Nuestra","link":"https:\/\/soymigrante.com\/revista\/category\/guate-nuestra\/"},{"label":"Ya viene el D\u00eda de Acci\u00f3n de Gracias en USA: ocasi\u00f3n para compartir en una cultura distinta","link":"https:\/\/soymigrante.com\/revista\/dia-de-accion-de-gracias-ocasion-de-compartir-en-una-cultura-distinta\/"}],"_links":{"self":[{"href":"https:\/\/soymigrante.com\/revista\/wp-json\/wp\/v2\/posts\/9934","targetHints":{"allow":["GET"]}}],"collection":[{"href":"https:\/\/soymigrante.com\/revista\/wp-json\/wp\/v2\/posts"}],"about":[{"href":"https:\/\/soymigrante.com\/revista\/wp-json\/wp\/v2\/types\/post"}],"author":[{"embeddable":true,"href":"https:\/\/soymigrante.com\/revista\/wp-json\/wp\/v2\/users\/1"}],"replies":[{"embeddable":true,"href":"https:\/\/soymigrante.com\/revista\/wp-json\/wp\/v2\/comments?post=9934"}],"version-history":[{"count":9,"href":"https:\/\/soymigrante.com\/revista\/wp-json\/wp\/v2\/posts\/9934\/revisions"}],"predecessor-version":[{"id":48914,"href":"https:\/\/soymigrante.com\/revista\/wp-json\/wp\/v2\/posts\/9934\/revisions\/48914"}],"wp:featuredmedia":[{"embeddable":true,"href":"https:\/\/soymigrante.com\/revista\/wp-json\/wp\/v2\/media\/48905"}],"wp:attachment":[{"href":"https:\/\/soymigrante.com\/revista\/wp-json\/wp\/v2\/media?parent=9934"}],"wp:term":[{"taxonomy":"category","embeddable":true,"href":"https:\/\/soymigrante.com\/revista\/wp-json\/wp\/v2\/categories?post=9934"},{"taxonomy":"post_tag","embeddable":true,"href":"https:\/\/soymigrante.com\/revista\/wp-json\/wp\/v2\/tags?post=9934"}],"curies":[{"name":"wp","href":"https:\/\/api.w.org\/{rel}","templated":true}]}}