{"id":9925,"date":"2024-10-02T01:02:05","date_gmt":"2024-10-02T07:02:05","guid":{"rendered":"https:\/\/soymigrante.com\/revista\/?p=9925"},"modified":"2024-11-01T09:26:15","modified_gmt":"2024-11-01T15:26:15","slug":"ninos-festejan-su-dia-gracias-a-aportes-de-migrantes-guatemaltecos","status":"publish","type":"post","link":"https:\/\/soymigrante.com\/revista\/ninos-festejan-su-dia-gracias-a-aportes-de-migrantes-guatemaltecos\/","title":{"rendered":"Ni\u00f1os festejan su D\u00eda gracias a aportes de migrantes guatemaltecos"},"content":{"rendered":"\t\t<div data-elementor-type=\"wp-post\" data-elementor-id=\"9925\" class=\"elementor elementor-9925\" data-elementor-post-type=\"post\">\n\t\t\t\t<div data-particle_enable=\"false\" data-particle-mobile-disabled=\"false\" class=\"elementor-element elementor-element-cbd5eb3 e-flex e-con-boxed e-con e-parent\" data-id=\"cbd5eb3\" data-element_type=\"container\" data-e-type=\"container\">\n\t\t\t\t\t<div class=\"e-con-inner\">\n\t\t\t\t<div class=\"elementor-element elementor-element-99c9d93 elementor-widget elementor-widget-heading\" data-id=\"99c9d93\" data-element_type=\"widget\" data-e-type=\"widget\" data-widget_type=\"heading.default\">\n\t\t\t\t\t<h2 class=\"elementor-heading-title elementor-size-default\">Sonrisas, alegr\u00eda, ilusi\u00f3n y una vivencia de solidaridad sin fronteras vivieron ni\u00f1os de escuelas de La Gomera, Escuintla y de la zona 8 capitalina, gracias a la generosidad de migrantes guatemaltecos. Estas son las historias.<\/h2>\t\t\t\t<\/div>\n\t\t\t\t\t<\/div>\n\t\t\t\t<\/div>\n\t\t<div data-particle_enable=\"false\" data-particle-mobile-disabled=\"false\" class=\"elementor-element elementor-element-0037b82 e-flex e-con-boxed e-con e-parent\" data-id=\"0037b82\" data-element_type=\"container\" data-e-type=\"container\">\n\t\t\t\t\t<div class=\"e-con-inner\">\n\t\t\t\t<div class=\"elementor-element elementor-element-cbf0268 elementor-widget elementor-widget-text-editor\" data-id=\"cbf0268\" data-element_type=\"widget\" data-e-type=\"widget\" data-widget_type=\"text-editor.default\">\n\t\t\t\t\t\t\t\t\t<p>Los n\u00fameros hablan de un gran esfuerzo. &#8220;Yo no realic\u00e9 esto: amigos migrantes guatemaltecos que creen y conf\u00edan en nuestro amor a nuestro pueblo dieron los donativos para poder festejar el D\u00eda del Ni\u00f1o en escuelas de La Gomera, incluyendo el parcelamiento Nuevo Mundo, donde nac\u00ed&#8221;, expresa el migrante guatemalteco Leonel Arenas, radicado en Connecticut.<\/p><p>4 mil 130 ni\u00f1os degustaron 59 pasteles de 70 porciones; otros 2,370 saborearon 79 pasteles de 30 porciones: en total, 6500 porciones servidas en el D\u00eda del Ni\u00f1o en diversas escuelas del \u00e1rea urbana y rural de La Gomera, Escuintla. &#8220;Fueron 90 migrantes guatemaltecos quienes donaron recursos para hacer posible esta magia que da ilusi\u00f3n a las vidas de estos ni\u00f1os, agrega Arenas, quien comenz\u00f3 esta actividad hace cinco a\u00f1os, justo en tiempos de pandemia, con a idea de dar esperanza.<\/p>\t\t\t\t\t\t\t\t<\/div>\n\t\t\t\t\t<\/div>\n\t\t\t\t<\/div>\n\t\t<div data-particle_enable=\"false\" data-particle-mobile-disabled=\"false\" class=\"elementor-element elementor-element-594747e e-flex e-con-boxed e-con e-parent\" data-id=\"594747e\" data-element_type=\"container\" data-e-type=\"container\">\n\t\t\t\t\t<div class=\"e-con-inner\">\n\t\t\t\t<div class=\"elementor-element elementor-element-866e4fc elementor-widget elementor-widget-image\" data-id=\"866e4fc\" data-element_type=\"widget\" data-e-type=\"widget\" data-widget_type=\"image.default\">\n\t\t\t\t\t\t\t\t\t\t\t\t<figure class=\"wp-caption\">\n\t\t\t\t\t\t\t\t\t\t<img fetchpriority=\"high\" decoding=\"async\" width=\"768\" height=\"576\" src=\"https:\/\/soymigrante.com\/revista\/wp-content\/uploads\/2024\/10\/dia-del-nino-festejo-2024-3-1024x768.webp\" class=\"attachment-large size-large wp-image-9928\" alt=\"Ni\u00f1os escolares en Guatemala con pelotas y dulces, celebrando en un entorno al aire libre, promoviendo la educaci\u00f3n y la integraci\u00f3n infantil.\" srcset=\"https:\/\/soymigrante.com\/revista\/wp-content\/uploads\/2024\/10\/dia-del-nino-festejo-2024-3-1024x768.webp 1024w, https:\/\/soymigrante.com\/revista\/wp-content\/uploads\/2024\/10\/dia-del-nino-festejo-2024-3-300x225.webp 300w, https:\/\/soymigrante.com\/revista\/wp-content\/uploads\/2024\/10\/dia-del-nino-festejo-2024-3-768x576.webp 768w, https:\/\/soymigrante.com\/revista\/wp-content\/uploads\/2024\/10\/dia-del-nino-festejo-2024-3-750x563.webp 750w, https:\/\/soymigrante.com\/revista\/wp-content\/uploads\/2024\/10\/dia-del-nino-festejo-2024-3-1140x855.webp 1140w, https:\/\/soymigrante.com\/revista\/wp-content\/uploads\/2024\/10\/dia-del-nino-festejo-2024-3.webp 1280w\" sizes=\"(max-width: 768px) 100vw, 768px\" title=\"Ni\u00f1os y ni\u00f1as de todos los grados de preprimaria y primaria, de las escuelas beneficiadas, recibieron su porci\u00f3n de pastel migrante y una pelota: un monto que abarc\u00f3 a m\u00e1s de 6 mil infantes y que fue sufragado con donantes que conf\u00edan en la labor de Leonel Arenas. \u2013 SoyMigrante.com REVISTA\" \/>\t\t\t\t\t\t\t\t\t\t\t<figcaption class=\"widget-image-caption wp-caption-text\">Ni\u00f1os de Guatemala recibiendo balones y dulces en una actividad comunitaria solidaria, promoviendo la diversi\u00f3n y la uni\u00f3n familiar en su comunidad.<\/figcaption>\n\t\t\t\t\t\t\t\t\t\t<\/figure>\n\t\t\t\t\t\t\t\t\t<\/div>\n\t\t\t\t\t<\/div>\n\t\t\t\t<\/div>\n\t\t<div data-particle_enable=\"false\" data-particle-mobile-disabled=\"false\" class=\"elementor-element elementor-element-1211d3e e-flex e-con-boxed e-con e-parent\" data-id=\"1211d3e\" data-element_type=\"container\" data-e-type=\"container\">\n\t\t\t\t\t<div class=\"e-con-inner\">\n\t\t\t\t<div class=\"elementor-element elementor-element-ed288dc elementor-widget elementor-widget-heading\" data-id=\"ed288dc\" data-element_type=\"widget\" data-e-type=\"widget\" data-widget_type=\"heading.default\">\n\t\t\t\t\t<h3 class=\"elementor-heading-title elementor-size-default\">Colaboraciones y esfuerzos aportados<\/h3>\t\t\t\t<\/div>\n\t\t\t\t\t<\/div>\n\t\t\t\t<\/div>\n\t\t<div data-particle_enable=\"false\" data-particle-mobile-disabled=\"false\" class=\"elementor-element elementor-element-7f2ce93 e-flex e-con-boxed e-con e-parent\" data-id=\"7f2ce93\" data-element_type=\"container\" data-e-type=\"container\">\n\t\t\t\t\t<div class=\"e-con-inner\">\n\t\t\t\t<div class=\"elementor-element elementor-element-3dd4c09 elementor-widget elementor-widget-text-editor\" data-id=\"3dd4c09\" data-element_type=\"widget\" data-e-type=\"widget\" data-widget_type=\"text-editor.default\">\n\t\t\t\t\t\t\t\t\t<p>&#8220;Mi hijo Mibsar Obed Arenas, en La Gomera, Escuintla, es quien coordina la compra de pasteles y pelotas, junto con maestros de escuelas beneficarias. Diez voluntarios ayudan en la repartici\u00f3n. Daniela Herrera se encarga de la decoraci\u00f3n para crear un ambiente de alegr\u00eda para los infantes en sus escuelas&#8221;, relata Arenas, quie comenz\u00f3 la recaudaci\u00f3n de donativos para los pasteles desde el 10 de septiembre.<\/p><p>&#8220;Despu\u00e9s de 2 semanas de trabajo y prisas, }ahora me siento satisfecho de decir Misi\u00f3n Cumplida por 5to a\u00f1o. Mi recompensa ver tantas caritas felices, ver en videos la algarab\u00eda y las emociones, y tambi\u00e9n saber que compatriotas aportan con tanto cari\u00f1o a la ni\u00f1ez&#8221;, agrega Arenas.<\/p>\t\t\t\t\t\t\t\t<\/div>\n\t\t\t\t\t<\/div>\n\t\t\t\t<\/div>\n\t\t<div data-particle_enable=\"false\" data-particle-mobile-disabled=\"false\" class=\"elementor-element elementor-element-01c44ad e-flex e-con-boxed e-con e-parent\" data-id=\"01c44ad\" data-element_type=\"container\" data-e-type=\"container\">\n\t\t\t\t\t<div class=\"e-con-inner\">\n\t\t\t\t<div class=\"elementor-element elementor-element-0ebaa8b elementor-widget elementor-widget-facebook-embed\" data-id=\"0ebaa8b\" data-element_type=\"widget\" data-e-type=\"widget\" data-widget_type=\"facebook-embed.default\">\n\t\t\t\t\t<div style=\"min-height: 1px\" class=\"elementor-facebook-widget fb-video\" data-href=\"https:\/\/www.facebook.com\/leonel.arenas.984\/videos\/552686273932749\" data-show-text=\"false\" data-allowfullscreen=\"false\" data-autoplay=\"false\" data-show-captions=\"false\"><\/div>\t\t\t\t<\/div>\n\t\t\t\t\t<\/div>\n\t\t\t\t<\/div>\n\t\t<div data-particle_enable=\"false\" data-particle-mobile-disabled=\"false\" class=\"elementor-element elementor-element-51d354d e-flex e-con-boxed e-con e-parent\" data-id=\"51d354d\" data-element_type=\"container\" data-e-type=\"container\">\n\t\t\t\t\t<div class=\"e-con-inner\">\n\t\t\t\t<div class=\"elementor-element elementor-element-f9d4c93 elementor-widget elementor-widget-heading\" data-id=\"f9d4c93\" data-element_type=\"widget\" data-e-type=\"widget\" data-widget_type=\"heading.default\">\n\t\t\t\t\t<h3 class=\"elementor-heading-title elementor-size-default\">Una primera vez que esperan sea tradici\u00f3n<\/h3>\t\t\t\t<\/div>\n\t\t\t\t\t<\/div>\n\t\t\t\t<\/div>\n\t\t<div data-particle_enable=\"false\" data-particle-mobile-disabled=\"false\" class=\"elementor-element elementor-element-f1ae682 e-flex e-con-boxed e-con e-parent\" data-id=\"f1ae682\" data-element_type=\"container\" data-e-type=\"container\">\n\t\t\t\t\t<div class=\"e-con-inner\">\n\t\t\t\t<div class=\"elementor-element elementor-element-3c860ff elementor-widget elementor-widget-text-editor\" data-id=\"3c860ff\" data-element_type=\"widget\" data-e-type=\"widget\" data-widget_type=\"text-editor.default\">\n\t\t\t\t\t\t\t\t\t<p>As\u00ed tambi\u00e9n la escuela Santos Toru\u00f1o fue el lugar elegido por la organizaci\u00f3n Damas Guatemaltecas Unidas de Texas, para efectuar un festejo a los ni\u00f1os de primaria.\u00a0<\/p><p>&#8220;Es la primera vez que se realiza, nuestra intenci\u00f3n fue de poner una sonrisa en las caritas de los ni\u00f1os en este tiempo tan dif\u00edcil que estamos pasando, es una escuelita de bajos recursos y ten\u00edan muchos a\u00f1os de no celebrarle el d\u00eda del ni\u00f1o a los alumnos&#8221;, relata Kiara Vera, benefactora de la actividad, quien cont\u00f3 con el apoyo de su hermana Cindirella en Guatemala.<\/p><p>Los ni\u00f1os tuvieron una peque\u00f1a refacci\u00f3n, la presentaci\u00f3n de un divertido payaso, juegos y actividades para dar ilusi\u00f3n en su d\u00eda.<\/p>\t\t\t\t\t\t\t\t<\/div>\n\t\t\t\t\t<\/div>\n\t\t\t\t<\/div>\n\t\t<div data-particle_enable=\"false\" data-particle-mobile-disabled=\"false\" class=\"elementor-element elementor-element-88731b1 e-flex e-con-boxed e-con e-parent\" data-id=\"88731b1\" data-element_type=\"container\" data-e-type=\"container\">\n\t\t\t\t\t<div class=\"e-con-inner\">\n\t\t\t\t<div class=\"elementor-element elementor-element-9895f0d elementor-widget elementor-widget-image\" data-id=\"9895f0d\" data-element_type=\"widget\" data-e-type=\"widget\" data-widget_type=\"image.default\">\n\t\t\t\t\t\t\t\t\t\t\t\t<figure class=\"wp-caption\">\n\t\t\t\t\t\t\t\t\t\t<img decoding=\"async\" width=\"768\" height=\"355\" src=\"https:\/\/soymigrante.com\/revista\/wp-content\/uploads\/2024\/10\/dia-del-nino-festejo-2024-11-1024x473.webp\" class=\"attachment-large size-large wp-image-9929\" alt=\"Diversi\u00f3n infantil en celebraci\u00f3n escolar con decoraciones coloridas y ni\u00f1os jugando en un evento festivo de bienvenida.\" srcset=\"https:\/\/soymigrante.com\/revista\/wp-content\/uploads\/2024\/10\/dia-del-nino-festejo-2024-11-1024x473.webp 1024w, https:\/\/soymigrante.com\/revista\/wp-content\/uploads\/2024\/10\/dia-del-nino-festejo-2024-11-300x139.webp 300w, https:\/\/soymigrante.com\/revista\/wp-content\/uploads\/2024\/10\/dia-del-nino-festejo-2024-11-768x355.webp 768w, https:\/\/soymigrante.com\/revista\/wp-content\/uploads\/2024\/10\/dia-del-nino-festejo-2024-11-1536x709.webp 1536w, https:\/\/soymigrante.com\/revista\/wp-content\/uploads\/2024\/10\/dia-del-nino-festejo-2024-11-750x346.webp 750w, https:\/\/soymigrante.com\/revista\/wp-content\/uploads\/2024\/10\/dia-del-nino-festejo-2024-11-1140x527.webp 1140w, https:\/\/soymigrante.com\/revista\/wp-content\/uploads\/2024\/10\/dia-del-nino-festejo-2024-11.webp 1600w\" sizes=\"(max-width: 768px) 100vw, 768px\" title=\"Un d\u00eda de felicidad: la escuela Santos Toru\u00f1o de la zona 8 dcapitalina, festej\u00f3 de nuevo  el D\u00eda del Ni\u00f1o despu\u00e9s de varios a\u00f1os sin hacerlo gracias al aporte de damas guatemaltecas migrantes. \u2013 SoyMigrante.com REVISTA\" \/>\t\t\t\t\t\t\t\t\t\t\t<figcaption class=\"widget-image-caption wp-caption-text\">Celebraci\u00f3n infantil en escuela con ni\u00f1os jugando y decoraciones de fiesta, promoviendo la integraci\u00f3n y alegr\u00eda en eventos escolares.<\/figcaption>\n\t\t\t\t\t\t\t\t\t\t<\/figure>\n\t\t\t\t\t\t\t\t\t<\/div>\n\t\t\t\t\t<\/div>\n\t\t\t\t<\/div>\n\t\t<div data-particle_enable=\"false\" data-particle-mobile-disabled=\"false\" class=\"elementor-element elementor-element-365a8e9 e-flex e-con-boxed e-con e-parent\" data-id=\"365a8e9\" data-element_type=\"container\" data-e-type=\"container\">\n\t\t\t\t\t<div class=\"e-con-inner\">\n\t\t\t\t<div class=\"elementor-element elementor-element-cb3e4da elementor-widget elementor-widget-image\" data-id=\"cb3e4da\" data-element_type=\"widget\" data-e-type=\"widget\" data-widget_type=\"image.default\">\n\t\t\t\t\t\t\t\t\t\t\t\t<figure class=\"wp-caption\">\n\t\t\t\t\t\t\t\t\t\t<img decoding=\"async\" width=\"768\" height=\"355\" src=\"https:\/\/soymigrante.com\/revista\/wp-content\/uploads\/2024\/10\/dia-del-nino-2024-2-1024x473.webp\" class=\"attachment-large size-large wp-image-9930\" alt=\"Maquillaje infantil en evento escolar en M\u00e9xico.\" srcset=\"https:\/\/soymigrante.com\/revista\/wp-content\/uploads\/2024\/10\/dia-del-nino-2024-2-1024x473.webp 1024w, https:\/\/soymigrante.com\/revista\/wp-content\/uploads\/2024\/10\/dia-del-nino-2024-2-300x139.webp 300w, https:\/\/soymigrante.com\/revista\/wp-content\/uploads\/2024\/10\/dia-del-nino-2024-2-768x355.webp 768w, https:\/\/soymigrante.com\/revista\/wp-content\/uploads\/2024\/10\/dia-del-nino-2024-2-1536x709.webp 1536w, https:\/\/soymigrante.com\/revista\/wp-content\/uploads\/2024\/10\/dia-del-nino-2024-2-750x346.webp 750w, https:\/\/soymigrante.com\/revista\/wp-content\/uploads\/2024\/10\/dia-del-nino-2024-2-1140x527.webp 1140w, https:\/\/soymigrante.com\/revista\/wp-content\/uploads\/2024\/10\/dia-del-nino-2024-2.webp 1600w\" sizes=\"(max-width: 768px) 100vw, 768px\" title=\"La actividad de pintacaritas atrajo la atenci\u00f3n de muchas ni\u00f1as de la escuela Santos Toru\u00f1o. \u2013 SoyMigrante.com REVISTA\" \/>\t\t\t\t\t\t\t\t\t\t\t<figcaption class=\"widget-image-caption wp-caption-text\">Ni\u00f1as en fila disfrutando de un puesto de belleza y maquillaje en una feria escolar en M\u00e9xico.<\/figcaption>\n\t\t\t\t\t\t\t\t\t\t<\/figure>\n\t\t\t\t\t\t\t\t\t<\/div>\n\t\t\t\t\t<\/div>\n\t\t\t\t<\/div>\n\t\t<div data-particle_enable=\"false\" data-particle-mobile-disabled=\"false\" class=\"elementor-element elementor-element-3268c86 e-flex e-con-boxed e-con e-parent\" data-id=\"3268c86\" data-element_type=\"container\" data-e-type=\"container\">\n\t\t\t\t\t<div class=\"e-con-inner\">\n\t\t\t\t<div class=\"elementor-element elementor-element-b6ba529 elementor-widget elementor-widget-heading\" data-id=\"b6ba529\" data-element_type=\"widget\" data-e-type=\"widget\" data-widget_type=\"heading.default\">\n\t\t\t\t\t<h3 class=\"elementor-heading-title elementor-size-default\">Unos d\u00edas despu\u00e9s, D\u00eda del Ni\u00f1o se festeja as\u00ed en aldea de Escuintla<\/h3>\t\t\t\t<\/div>\n\t\t\t\t\t<\/div>\n\t\t\t\t<\/div>\n\t\t<div data-particle_enable=\"false\" data-particle-mobile-disabled=\"false\" class=\"elementor-element elementor-element-b7ce2cf e-flex e-con-boxed e-con e-parent\" data-id=\"b7ce2cf\" data-element_type=\"container\" data-e-type=\"container\">\n\t\t\t\t\t<div class=\"e-con-inner\">\n\t\t\t\t<div class=\"elementor-element elementor-element-be0646e elementor-widget elementor-widget-html\" data-id=\"be0646e\" data-element_type=\"widget\" data-e-type=\"widget\" data-widget_type=\"html.default\">\n\t\t\t\t\t<iframe src=\"https:\/\/www.facebook.com\/plugins\/post.php?href=https%3A%2F%2Fwww.facebook.com%2Fleonel.arenas.984%2Fposts%2Fpfbid02xSh96XdpkRJto3xMX3poVWZN5jAgPnqiJkEGbHjrBPFV4v3AR57vmyE1ep5Q5UyHl&show_text=true&width=500\" width=\"500\" height=\"703\" style=\"border:none;overflow:hidden\" scrolling=\"no\" frameborder=\"0\" allowfullscreen=\"true\" allow=\"autoplay; clipboard-write; encrypted-media; picture-in-picture; web-share\"><\/iframe>\t\t\t\t<\/div>\n\t\t\t\t\t<\/div>\n\t\t\t\t<\/div>\n\t\t<div data-particle_enable=\"false\" data-particle-mobile-disabled=\"false\" class=\"elementor-element elementor-element-989ad6f e-flex e-con-boxed e-con e-parent\" data-id=\"989ad6f\" data-element_type=\"container\" data-e-type=\"container\">\n\t\t\t\t\t<div class=\"e-con-inner\">\n\t\t\t\t<div class=\"elementor-element elementor-element-2a953e8 elementor-widget elementor-widget-heading\" data-id=\"2a953e8\" data-element_type=\"widget\" data-e-type=\"widget\" data-widget_type=\"heading.default\">\n\t\t\t\t\t<h2 class=\"elementor-heading-title elementor-size-default\">Generosidad migrante sin fronteras<\/h2>\t\t\t\t<\/div>\n\t\t\t\t\t<\/div>\n\t\t\t\t<\/div>\n\t\t<div data-particle_enable=\"false\" data-particle-mobile-disabled=\"false\" class=\"elementor-element elementor-element-5bf777a e-flex e-con-boxed e-con e-parent\" data-id=\"5bf777a\" data-element_type=\"container\" data-e-type=\"container\">\n\t\t\t\t\t<div class=\"e-con-inner\">\n\t\t\t\t<div class=\"elementor-element elementor-element-4c14a96 elementor-grid-eael-col-3 elementor-grid-tablet-eael-col-2 elementor-grid-mobile-eael-col-1 elementor-widget elementor-widget-eael-post-grid\" data-id=\"4c14a96\" data-element_type=\"widget\" data-e-type=\"widget\" data-settings=\"{&quot;eael_post_grid_columns&quot;:&quot;eael-col-3&quot;,&quot;eael_post_grid_columns_tablet&quot;:&quot;eael-col-2&quot;,&quot;eael_post_grid_columns_mobile&quot;:&quot;eael-col-1&quot;}\" data-widget_type=\"eael-post-grid.default\">\n\t\t\t\t\t<div id=\"eael-post-grid-4c14a96\" class=\"eael-post-grid-container\">\n            <div class=\"eael-post-grid eael-post-appender eael-post-appender-4c14a96 eael-post-grid-style-one\" data-layout-mode=\"masonry\"><article class=\"eael-grid-post  eael-post-grid-column eael-pg-post-5160 category-exitos\" data-id=\"5160\">\n        <div class=\"eael-grid-post-holder\">\n            <div class=\"eael-grid-post-holder-inner\"><div class=\"eael-entry-media\"><div class=\"eael-entry-overlay fade-in\"><i class=\"far fa-hand-pointer\" aria-hidden=\"true\"><\/i><a href=\"https:\/\/soymigrante.com\/revista\/willy-barreno-ayuda-migrantes-quetzaltenango-proyecto\/\"><\/a><\/div><div class=\"eael-entry-thumbnail \">\n                <img loading=\"lazy\" decoding=\"async\" width=\"1024\" height=\"768\" src=\"https:\/\/soymigrante.com\/revista\/wp-content\/uploads\/2024\/03\/Chef-Willy-Barreno-3-1024x768.webp\" class=\"attachment-large size-large wp-image-5186\" alt=\"\" srcset=\"https:\/\/soymigrante.com\/revista\/wp-content\/uploads\/2024\/03\/Chef-Willy-Barreno-3-1024x768.webp 1024w, https:\/\/soymigrante.com\/revista\/wp-content\/uploads\/2024\/03\/Chef-Willy-Barreno-3-300x225.webp 300w, https:\/\/soymigrante.com\/revista\/wp-content\/uploads\/2024\/03\/Chef-Willy-Barreno-3-768x576.webp 768w, https:\/\/soymigrante.com\/revista\/wp-content\/uploads\/2024\/03\/Chef-Willy-Barreno-3-750x563.webp 750w, https:\/\/soymigrante.com\/revista\/wp-content\/uploads\/2024\/03\/Chef-Willy-Barreno-3-1140x855.webp 1140w, https:\/\/soymigrante.com\/revista\/wp-content\/uploads\/2024\/03\/Chef-Willy-Barreno-3.webp 1440w\" sizes=\"(max-width: 1024px) 100vw, 1024px\" \/>\n            <\/div>\n        <\/div><div class=\"eael-entry-wrapper\"><header class=\"eael-entry-header\"><h2 class=\"eael-entry-title\"><a class=\"eael-grid-post-link\" href=\"https:\/\/soymigrante.com\/revista\/willy-barreno-ayuda-migrantes-quetzaltenango-proyecto\/\" title=\"Willy Barreno: chef migrante ayuda a migrantes en su propia tierra\">Willy Barreno: chef migrante ayuda a migrantes en su propia tierra<\/a><\/h2><\/header><div class=\"eael-entry-content\">\n                        <div class=\"eael-grid-post-excerpt\"><a href=\"https:\/\/soymigrante.com\/revista\/willy-barreno-ayuda-migrantes-quetzaltenango-proyecto\/\" class=\"eael-post-elements-readmore-btn\">CONOCE SU HISTORIA <\/a><\/div>\n                    <\/div><\/div><\/div>\n        <\/div>\n    <\/article><article class=\"eael-grid-post  eael-post-grid-column eael-pg-post-3696 category-estamos-unidos\" data-id=\"3696\">\n        <div class=\"eael-grid-post-holder\">\n            <div class=\"eael-grid-post-holder-inner\"><div class=\"eael-entry-media\"><div class=\"eael-entry-overlay fade-in\"><i class=\"far fa-hand-pointer\" aria-hidden=\"true\"><\/i><a href=\"https:\/\/soymigrante.com\/revista\/reconocen-aporte-de-migrantes-guatemaltecos-en-oklahoma\/\"><\/a><\/div><div class=\"eael-entry-thumbnail \">\n                <img loading=\"lazy\" decoding=\"async\" width=\"1024\" height=\"576\" src=\"https:\/\/soymigrante.com\/revista\/wp-content\/uploads\/2023\/12\/Galardonados--1024x576.webp\" class=\"attachment-large size-large wp-image-3688\" alt=\"\" srcset=\"https:\/\/soymigrante.com\/revista\/wp-content\/uploads\/2023\/12\/Galardonados--1024x576.webp 1024w, https:\/\/soymigrante.com\/revista\/wp-content\/uploads\/2023\/12\/Galardonados--300x169.webp 300w, https:\/\/soymigrante.com\/revista\/wp-content\/uploads\/2023\/12\/Galardonados--768x432.webp 768w, https:\/\/soymigrante.com\/revista\/wp-content\/uploads\/2023\/12\/Galardonados--1536x864.webp 1536w, https:\/\/soymigrante.com\/revista\/wp-content\/uploads\/2023\/12\/Galardonados--750x422.webp 750w, https:\/\/soymigrante.com\/revista\/wp-content\/uploads\/2023\/12\/Galardonados--1140x641.webp 1140w, https:\/\/soymigrante.com\/revista\/wp-content\/uploads\/2023\/12\/Galardonados-.webp 1920w\" sizes=\"(max-width: 1024px) 100vw, 1024px\" \/>\n            <\/div>\n        <\/div><div class=\"eael-entry-wrapper\"><header class=\"eael-entry-header\"><h2 class=\"eael-entry-title\"><a class=\"eael-grid-post-link\" href=\"https:\/\/soymigrante.com\/revista\/reconocen-aporte-de-migrantes-guatemaltecos-en-oklahoma\/\" title=\"Reconocen aporte de migrantes guatemaltecos en Oklahoma\">Reconocen aporte de migrantes guatemaltecos en Oklahoma<\/a><\/h2><\/header><div class=\"eael-entry-content\">\n                        <div class=\"eael-grid-post-excerpt\"><a href=\"https:\/\/soymigrante.com\/revista\/reconocen-aporte-de-migrantes-guatemaltecos-en-oklahoma\/\" class=\"eael-post-elements-readmore-btn\">CONOCE SU HISTORIA <\/a><\/div>\n                    <\/div><\/div><\/div>\n        <\/div>\n    <\/article><article class=\"eael-grid-post  eael-post-grid-column eael-pg-post-859 category-exitos tags-nueva-york\" data-id=\"859\">\n        <div class=\"eael-grid-post-holder\">\n            <div class=\"eael-grid-post-holder-inner\"><div class=\"eael-entry-media\"><div class=\"eael-entry-overlay fade-in\"><i class=\"far fa-hand-pointer\" aria-hidden=\"true\"><\/i><a href=\"https:\/\/soymigrante.com\/revista\/yuntos-impulsa-un-camino-a-la-generosidad\/\"><\/a><\/div><div class=\"eael-entry-thumbnail \">\n                <img loading=\"lazy\" decoding=\"async\" width=\"960\" height=\"833\" src=\"https:\/\/soymigrante.com\/revista\/wp-content\/uploads\/2023\/04\/MARVIN-RODRIGUEZ-EN-ANTIGUA-GUATEMALA.webp\" class=\"attachment-large size-large wp-image-868\" alt=\"\" srcset=\"https:\/\/soymigrante.com\/revista\/wp-content\/uploads\/2023\/04\/MARVIN-RODRIGUEZ-EN-ANTIGUA-GUATEMALA.webp 960w, https:\/\/soymigrante.com\/revista\/wp-content\/uploads\/2023\/04\/MARVIN-RODRIGUEZ-EN-ANTIGUA-GUATEMALA-300x260.webp 300w, https:\/\/soymigrante.com\/revista\/wp-content\/uploads\/2023\/04\/MARVIN-RODRIGUEZ-EN-ANTIGUA-GUATEMALA-768x666.jpeg 768w, https:\/\/soymigrante.com\/revista\/wp-content\/uploads\/2023\/04\/MARVIN-RODRIGUEZ-EN-ANTIGUA-GUATEMALA-750x651.webp 750w\" sizes=\"(max-width: 960px) 100vw, 960px\" \/>\n            <\/div>\n        <\/div><div class=\"eael-entry-wrapper\"><header class=\"eael-entry-header\"><h2 class=\"eael-entry-title\"><a class=\"eael-grid-post-link\" href=\"https:\/\/soymigrante.com\/revista\/yuntos-impulsa-un-camino-a-la-generosidad\/\" title=\"Generosidad impulsa la iniciativa Yuntos, de Marvin Rodr\u00edguez\">Generosidad impulsa la iniciativa Yuntos, de Marvin Rodr\u00edguez<\/a><\/h2><\/header><div class=\"eael-entry-content\">\n                        <div class=\"eael-grid-post-excerpt\"><a href=\"https:\/\/soymigrante.com\/revista\/yuntos-impulsa-un-camino-a-la-generosidad\/\" class=\"eael-post-elements-readmore-btn\">CONOCE SU HISTORIA <\/a><\/div>\n                    <\/div><\/div><\/div>\n        <\/div>\n    <\/article><\/div>\n            <div class=\"clearfix\"><\/div>\n        <\/div>\t\t\t\t<\/div>\n\t\t\t\t\t<\/div>\n\t\t\t\t<\/div>\n\t\t\t\t<\/div>\n\t\t","protected":false},"excerpt":{"rendered":"<p>Sonrisas, alegr\u00eda, ilusi\u00f3n y una vivencia de solidaridad sin fronteras vivieron ni\u00f1os de escuelas de La Gomera, Escuintla y de la zona 8 capitalina, gracias a la generosidad de migrantes guatemaltecos. Estas son las historias. Los n\u00fameros hablan de un gran esfuerzo. &#8220;Yo no realic\u00e9 esto: amigos migrantes guatemaltecos que creen y conf\u00edan en nuestro [&hellip;]<\/p>\n","protected":false},"author":7,"featured_media":9926,"comment_status":"open","ping_status":"open","sticky":false,"template":"","format":"standard","meta":{"_acf_changed":false,"_eb_attr":"","footnotes":""},"categories":[54],"tags":[],"class_list":["post-9925","post","type-post","status-publish","format-standard","has-post-thumbnail","hentry","category-estamos-unidos"],"acf":[],"aioseo_notices":[],"aioseo_head":"\n\t\t<!-- All in One SEO Pro 4.9.6.2 - aioseo.com -->\n\t<meta name=\"description\" content=\"Marvin Rodr\u00edguez es profesional de la programaci\u00f3n, trabaja en Boston, Massachussets. Resuelve intrincados desaf\u00edos tecnol\u00f3gicos pero tambi\u00e9n aporta nuevos pasos en su Palencia, natal. Nunca debemos olvidar de donde venimos\u201d, declara Marvin Rodr\u00edguez, analista de programaci\u00f3n guatemalteco radicado en Boston, Massachussets, fundador de la iniciativa Yuntos: cuyo objetivo es recaudar zapatos de medio uso los\" \/>\n\t<meta name=\"robots\" content=\"max-snippet:-1, max-image-preview:large, max-video-preview:-1\" \/>\n\t<meta name=\"author\" content=\"Gustavo Montenegro\"\/>\n\t<link rel=\"canonical\" href=\"https:\/\/soymigrante.com\/revista\/yuntos-impulsa-un-camino-a-la-generosidad\/\" \/>\n\t<meta name=\"generator\" content=\"All in One SEO Pro (AIOSEO) 4.9.6.2\" \/>\n\n\t\t<link rel=\"preconnect\" href=\"https:\/\/fonts.googleapis.com\" crossorigin>\n<link rel=\"preconnect\" href=\"https:\/\/fonts.gstatic.com\" crossorigin>\n\t\t<meta property=\"og:locale\" content=\"es_ES\" \/>\n\t\t<meta property=\"og:site_name\" content=\"SoyMigrante.com REVISTA \u2013 Nuestra misi\u00f3n es reconocer y dignificar al migrante.\" \/>\n\t\t<meta property=\"og:type\" content=\"article\" \/>\n\t\t<meta property=\"og:title\" content=\"Generosidad impulsa la iniciativa Yuntos, de Marvin Rodr\u00edguez\" \/>\n\t\t<meta property=\"og:description\" content=\"Marvin Rodr\u00edguez es profesional de la programaci\u00f3n, trabaja en Boston, Massachussets. Resuelve intrincados desaf\u00edos tecnol\u00f3gicos pero tambi\u00e9n aporta nuevos pasos en su Palencia, natal. Nunca debemos olvidar de donde venimos\u201d, declara Marvin Rodr\u00edguez, analista de programaci\u00f3n guatemalteco radicado en Boston, Massachussets, fundador de la iniciativa Yuntos: cuyo objetivo es recaudar zapatos de medio uso los\" \/>\n\t\t<meta property=\"og:url\" content=\"https:\/\/soymigrante.com\/revista\/yuntos-impulsa-un-camino-a-la-generosidad\/\" \/>\n\t\t<meta property=\"og:image\" content=\"https:\/\/soymigrante.com\/revista\/wp-content\/uploads\/2023\/04\/MARVIN-RODRIGUEZ-EN-ANTIGUA-GUATEMALA.webp\" \/>\n\t\t<meta property=\"og:image:secure_url\" content=\"https:\/\/soymigrante.com\/revista\/wp-content\/uploads\/2023\/04\/MARVIN-RODRIGUEZ-EN-ANTIGUA-GUATEMALA.webp\" \/>\n\t\t<meta property=\"og:image:width\" content=\"960\" \/>\n\t\t<meta property=\"og:image:height\" content=\"833\" \/>\n\t\t<meta property=\"article:published_time\" content=\"2023-05-26T00:07:24+00:00\" \/>\n\t\t<meta property=\"article:modified_time\" content=\"2026-03-11T20:36:34+00:00\" \/>\n\t\t<meta property=\"article:publisher\" content=\"https:\/\/www.facebook.com\/soymigrantecom\" \/>\n\t\t<meta name=\"twitter:card\" content=\"summary_large_image\" \/>\n\t\t<meta name=\"twitter:site\" content=\"@SoyMigrante_com\" \/>\n\t\t<meta name=\"twitter:title\" content=\"Generosidad impulsa la iniciativa Yuntos, de Marvin Rodr\u00edguez\" \/>\n\t\t<meta name=\"twitter:description\" content=\"Marvin Rodr\u00edguez es profesional de la programaci\u00f3n, trabaja en Boston, Massachussets. Resuelve intrincados desaf\u00edos tecnol\u00f3gicos pero tambi\u00e9n aporta nuevos pasos en su Palencia, natal. Nunca debemos olvidar de donde venimos\u201d, declara Marvin Rodr\u00edguez, analista de programaci\u00f3n guatemalteco radicado en Boston, Massachussets, fundador de la iniciativa Yuntos: cuyo objetivo es recaudar zapatos de medio uso los\" \/>\n\t\t<meta name=\"twitter:creator\" content=\"@SoyMigrante_com\" \/>\n\t\t<meta name=\"twitter:image\" content=\"https:\/\/soymigrante.com\/revista\/wp-content\/uploads\/2023\/04\/MARVIN-RODRIGUEZ-EN-ANTIGUA-GUATEMALA.webp\" \/>\n\t\t<!-- All in One SEO Pro -->\r\n\t\t<title>Generosidad impulsa la iniciativa Yuntos, de Marvin Rodr\u00edguez<\/title>\n\n","aioseo_head_json":{"title":"Generosidad impulsa la iniciativa Yuntos, de Marvin Rodr\u00edguez","description":"Marvin Rodr\u00edguez es profesional de la programaci\u00f3n, trabaja en Boston, Massachussets. Resuelve intrincados desaf\u00edos tecnol\u00f3gicos pero tambi\u00e9n aporta nuevos pasos en su Palencia, natal. Nunca debemos olvidar de donde venimos\u201d, declara Marvin Rodr\u00edguez, analista de programaci\u00f3n guatemalteco radicado en Boston, Massachussets, fundador de la iniciativa Yuntos: cuyo objetivo es recaudar zapatos de medio uso los","canonical_url":"https:\/\/soymigrante.com\/revista\/yuntos-impulsa-un-camino-a-la-generosidad\/","robots":"max-snippet:-1, max-image-preview:large, max-video-preview:-1","keywords":"","webmasterTools":{"miscellaneous":"&lt;link rel=\"preconnect\" href=\"https:\/\/fonts.googleapis.com\" crossorigin&gt;\n&lt;link rel=\"preconnect\" href=\"https:\/\/fonts.gstatic.com\" crossorigin&gt;"},"schema":null,"og:locale":"es_ES","og:site_name":"SoyMigrante.com REVISTA \u2013 Nuestra misi\u00f3n es reconocer y dignificar al migrante.","og:type":"article","og:title":"Generosidad impulsa la iniciativa Yuntos, de Marvin Rodr\u00edguez","og:description":"Marvin Rodr\u00edguez es profesional de la programaci\u00f3n, trabaja en Boston, Massachussets. Resuelve intrincados desaf\u00edos tecnol\u00f3gicos pero tambi\u00e9n aporta nuevos pasos en su Palencia, natal. Nunca debemos olvidar de donde venimos\u201d, declara Marvin Rodr\u00edguez, analista de programaci\u00f3n guatemalteco radicado en Boston, Massachussets, fundador de la iniciativa Yuntos: cuyo objetivo es recaudar zapatos de medio uso los","og:url":"https:\/\/soymigrante.com\/revista\/yuntos-impulsa-un-camino-a-la-generosidad\/","og:image":"https:\/\/soymigrante.com\/revista\/wp-content\/uploads\/2023\/04\/MARVIN-RODRIGUEZ-EN-ANTIGUA-GUATEMALA.webp","og:image:secure_url":"https:\/\/soymigrante.com\/revista\/wp-content\/uploads\/2023\/04\/MARVIN-RODRIGUEZ-EN-ANTIGUA-GUATEMALA.webp","og:image:width":960,"og:image:height":833,"article:published_time":"2023-05-26T00:07:24+00:00","article:modified_time":"2026-03-11T20:36:34+00:00","article:publisher":"https:\/\/www.facebook.com\/soymigrantecom","twitter:card":"summary_large_image","twitter:site":"@SoyMigrante_com","twitter:title":"Generosidad impulsa la iniciativa Yuntos, de Marvin Rodr\u00edguez","twitter:description":"Marvin Rodr\u00edguez es profesional de la programaci\u00f3n, trabaja en Boston, Massachussets. Resuelve intrincados desaf\u00edos tecnol\u00f3gicos pero tambi\u00e9n aporta nuevos pasos en su Palencia, natal. Nunca debemos olvidar de donde venimos\u201d, declara Marvin Rodr\u00edguez, analista de programaci\u00f3n guatemalteco radicado en Boston, Massachussets, fundador de la iniciativa Yuntos: cuyo objetivo es recaudar zapatos de medio uso los","twitter:creator":"@SoyMigrante_com","twitter:image":"https:\/\/soymigrante.com\/revista\/wp-content\/uploads\/2023\/04\/MARVIN-RODRIGUEZ-EN-ANTIGUA-GUATEMALA.webp"},"aioseo_meta_data":{"post_id":"9925","title":"Celebran D\u00eda del Ni\u00f1o gracias a aportes de migrantes en USA","description":"Sonrisas, alegr\u00eda, ilusi\u00f3n y vivencia de fraternidad sin fronteras vivieron ni\u00f1os de una escuela capitalina y de La Gomera, Escuintla, con donativos de migrantes.","keywords":null,"keyphrases":{"focus":{"keyphrase":"D\u00eda del Ni\u00f1o","score":59,"analysis":{"keyphraseInTitle":{"score":9,"maxScore":9,"error":0},"keyphraseInDescription":{"score":3,"maxScore":9,"error":1},"keyphraseLength":{"score":6,"maxScore":9,"error":1,"length":5},"keyphraseInURL":{"score":1,"maxScore":5,"error":1}}},"additional":[{"keyphrase":"Migrantes","score":100,"analysis":{"keyphraseInDescription":{"score":9,"maxScore":9,"error":0},"keyphraseLength":{"score":9,"maxScore":9,"error":0,"length":1}}},{"keyphrase":"Donativos","score":100,"analysis":{"keyphraseInDescription":{"score":9,"maxScore":9,"error":0},"keyphraseLength":{"score":9,"maxScore":9,"error":0,"length":1}}}]},"primary_term":null,"canonical_url":null,"og_title":null,"og_description":null,"og_object_type":"default","og_image_type":"default","og_image_url":null,"og_image_width":null,"og_image_height":null,"og_image_custom_url":null,"og_image_custom_fields":null,"og_video":"","og_custom_url":null,"og_article_section":null,"og_article_tags":null,"twitter_use_og":false,"twitter_card":"default","twitter_image_type":"default","twitter_image_url":null,"twitter_image_custom_url":null,"twitter_image_custom_fields":null,"twitter_title":null,"twitter_description":null,"schema":{"blockGraphs":[],"customGraphs":[],"default":{"data":{"Article":[],"Course":[],"Dataset":[],"FAQPage":[],"Movie":[],"Person":[],"Product":[],"ProductReview":[],"Car":[],"Recipe":[],"Service":[],"SoftwareApplication":[],"WebPage":[]},"graphName":"Article","isEnabled":true},"graphs":[]},"schema_type":"default","schema_type_options":null,"pillar_content":false,"robots_default":true,"robots_noindex":false,"robots_noarchive":false,"robots_nosnippet":false,"robots_nofollow":false,"robots_noimageindex":false,"robots_noodp":false,"robots_notranslate":false,"robots_max_snippet":"-1","robots_max_videopreview":"-1","robots_max_imagepreview":"large","priority":null,"frequency":"default","local_seo":null,"seo_analyzer_scan_date":"2025-10-08 23:28:15","breadcrumb_settings":null,"limit_modified_date":false,"reviewed_by":null,"open_ai":"{\"title\":{\"suggestions\":[],\"usage\":0},\"description\":{\"suggestions\":[],\"usage\":0}}","ai":null,"created":"2024-10-02 06:36:00","updated":"2026-02-04 14:07:21"},"aioseo_breadcrumb":"<div class=\"aioseo-breadcrumbs\"><span class=\"aioseo-breadcrumb\">\n\t<a href=\"https:\/\/soymigrante.com\/revista\" title=\"Home\">Home<\/a>\n<\/span><span class=\"aioseo-breadcrumb-separator\">\u00bb<\/span><span class=\"aioseo-breadcrumb\">\n\t<a href=\"https:\/\/soymigrante.com\/revista\/category\/estamos-unidos\/\" title=\"Estamos Unidos\">Estamos Unidos<\/a>\n<\/span><span class=\"aioseo-breadcrumb-separator\">\u00bb<\/span><span class=\"aioseo-breadcrumb\">\n\tNi\u00f1os festejan su D\u00eda gracias a aportes de migrantes guatemaltecos\n<\/span><\/div>","aioseo_breadcrumb_json":[{"label":"Home","link":"https:\/\/soymigrante.com\/revista"},{"label":"Estamos Unidos","link":"https:\/\/soymigrante.com\/revista\/category\/estamos-unidos\/"},{"label":"Ni\u00f1os festejan su D\u00eda gracias a aportes de migrantes guatemaltecos","link":"https:\/\/soymigrante.com\/revista\/ninos-festejan-su-dia-gracias-a-aportes-de-migrantes-guatemaltecos\/"}],"_links":{"self":[{"href":"https:\/\/soymigrante.com\/revista\/wp-json\/wp\/v2\/posts\/9925","targetHints":{"allow":["GET"]}}],"collection":[{"href":"https:\/\/soymigrante.com\/revista\/wp-json\/wp\/v2\/posts"}],"about":[{"href":"https:\/\/soymigrante.com\/revista\/wp-json\/wp\/v2\/types\/post"}],"author":[{"embeddable":true,"href":"https:\/\/soymigrante.com\/revista\/wp-json\/wp\/v2\/users\/7"}],"replies":[{"embeddable":true,"href":"https:\/\/soymigrante.com\/revista\/wp-json\/wp\/v2\/comments?post=9925"}],"version-history":[{"count":0,"href":"https:\/\/soymigrante.com\/revista\/wp-json\/wp\/v2\/posts\/9925\/revisions"}],"wp:featuredmedia":[{"embeddable":true,"href":"https:\/\/soymigrante.com\/revista\/wp-json\/wp\/v2\/media\/9926"}],"wp:attachment":[{"href":"https:\/\/soymigrante.com\/revista\/wp-json\/wp\/v2\/media?parent=9925"}],"wp:term":[{"taxonomy":"category","embeddable":true,"href":"https:\/\/soymigrante.com\/revista\/wp-json\/wp\/v2\/categories?post=9925"},{"taxonomy":"post_tag","embeddable":true,"href":"https:\/\/soymigrante.com\/revista\/wp-json\/wp\/v2\/tags?post=9925"}],"curies":[{"name":"wp","href":"https:\/\/api.w.org\/{rel}","templated":true}]}}