{"id":9914,"date":"2024-10-03T07:40:26","date_gmt":"2024-10-03T13:40:26","guid":{"rendered":"https:\/\/soymigrante.com\/revista\/?p=9914"},"modified":"2024-10-03T07:41:12","modified_gmt":"2024-10-03T13:41:12","slug":"10-razones-para-buscar-y-asumir-nuevos-aprendizajes-para-el-desarrollo-personal","status":"publish","type":"post","link":"https:\/\/soymigrante.com\/revista\/10-razones-para-buscar-y-asumir-nuevos-aprendizajes-para-el-desarrollo-personal\/","title":{"rendered":"10 razones para buscar y asumir nuevos aprendizajes para el desarrollo personal"},"content":{"rendered":"\t\t<div data-elementor-type=\"wp-post\" data-elementor-id=\"9914\" class=\"elementor elementor-9914\" data-elementor-post-type=\"post\">\n\t\t\t\t<div data-particle_enable=\"false\" data-particle-mobile-disabled=\"false\" class=\"elementor-element elementor-element-67e6528 e-flex e-con-boxed e-con e-parent\" data-id=\"67e6528\" data-element_type=\"container\" data-e-type=\"container\">\n\t\t\t\t\t<div class=\"e-con-inner\">\n\t\t\t\t<div class=\"elementor-element elementor-element-5aa90fa elementor-widget elementor-widget-heading\" data-id=\"5aa90fa\" data-element_type=\"widget\" data-e-type=\"widget\" data-widget_type=\"heading.default\">\n\t\t\t\t\t<h2 class=\"elementor-heading-title elementor-size-default\">Definitivamente el desarrollo continuo debe ser siempre un objetivo, sobre todo para los migrantes.  En Estados Unidos el 61 % de  adultos busca oportunidades de desarrollo profesional en una compa\u00f1\u00eda durante la b\u00fasqueda de un nuevo trabajo.<\/h2>\t\t\t\t<\/div>\n\t\t\t\t\t<\/div>\n\t\t\t\t<\/div>\n\t\t<div data-particle_enable=\"false\" data-particle-mobile-disabled=\"false\" class=\"elementor-element elementor-element-f968519 e-flex e-con-boxed e-con e-parent\" data-id=\"f968519\" data-element_type=\"container\" data-e-type=\"container\">\n\t\t\t\t\t<div class=\"e-con-inner\">\n\t\t\t\t<div class=\"elementor-element elementor-element-3642934 elementor-widget elementor-widget-text-editor\" data-id=\"3642934\" data-element_type=\"widget\" data-e-type=\"widget\" data-widget_type=\"text-editor.default\">\n\t\t\t\t\t\t\t\t\t<p>La capacitaci\u00f3n es de beneficio personal, si las empresas te dan la oportunidad de enriquecer tu conocimiento profesional y, si no, no hay excusa para que busques alternativas que te har\u00e1n una persona, al final, m\u00e1s cotizada o entrenada en el \u00e1rea que te desempe\u00f1as en tu trabajo o negocio.<\/p><p>Como lo mencionamos al principio, un 61% de los empleados de una empresa buscan que esta les ofrezca capacitaci\u00f3n en sus \u00e1reas de importante, seg\u00fan el sitio americano de capacitaciones\u00a0<a href=\"https:\/\/espanol.nationwide.com\/\" target=\"_blank\" rel=\"noopener\">Nationwide,\u00a0<\/a>es decir que la b\u00fasqueda del desarrollo humano es fundamental para tus aspiraciones profesionales.<\/p>\t\t\t\t\t\t\t\t<\/div>\n\t\t\t\t\t<\/div>\n\t\t\t\t<\/div>\n\t\t<div data-particle_enable=\"false\" data-particle-mobile-disabled=\"false\" class=\"elementor-element elementor-element-3f44924 e-flex e-con-boxed e-con e-parent\" data-id=\"3f44924\" data-element_type=\"container\" data-e-type=\"container\">\n\t\t\t\t\t<div class=\"e-con-inner\">\n\t\t\t\t<div class=\"elementor-element elementor-element-2400e07 elementor-widget elementor-widget-image\" data-id=\"2400e07\" data-element_type=\"widget\" data-e-type=\"widget\" data-widget_type=\"image.default\">\n\t\t\t\t\t\t\t\t\t\t\t\t<figure class=\"wp-caption\">\n\t\t\t\t\t\t\t\t\t\t<img fetchpriority=\"high\" decoding=\"async\" width=\"768\" height=\"512\" src=\"https:\/\/soymigrante.com\/revista\/wp-content\/uploads\/2024\/10\/capacitacion-soy-migrante-1024x683.jpg\" class=\"attachment-large size-large wp-image-9915\" alt=\"Estudiante migrante recibiendo formaci\u00f3n en un aula moderna, promoviendo derechos e integraci\u00f3n de migrantes en programas de capacitaci\u00f3n laboral y educaci\u00f3n en Espa\u00f1a.\" srcset=\"https:\/\/soymigrante.com\/revista\/wp-content\/uploads\/2024\/10\/capacitacion-soy-migrante-1024x683.jpg 1024w, https:\/\/soymigrante.com\/revista\/wp-content\/uploads\/2024\/10\/capacitacion-soy-migrante-300x200.jpg 300w, https:\/\/soymigrante.com\/revista\/wp-content\/uploads\/2024\/10\/capacitacion-soy-migrante-768x512.jpg 768w, https:\/\/soymigrante.com\/revista\/wp-content\/uploads\/2024\/10\/capacitacion-soy-migrante-1536x1024.jpg 1536w, https:\/\/soymigrante.com\/revista\/wp-content\/uploads\/2024\/10\/capacitacion-soy-migrante.webp 1920w\" sizes=\"(max-width: 768px) 100vw, 768px\" title=\"Capacitaci\u00f3n personal \u2013 SoyMigrante.com REVISTA\" \/>\t\t\t\t\t\t\t\t\t\t\t<figcaption class=\"widget-image-caption wp-caption-text\">Sesi\u00f3n de capacitaci\u00f3n laboral para migrantes en un aula moderna. Enfocada en derechos, integraci\u00f3n y oportunidades para la comunidad migrante en Espa\u00f1a.<\/figcaption>\n\t\t\t\t\t\t\t\t\t\t<\/figure>\n\t\t\t\t\t\t\t\t\t<\/div>\n\t\t\t\t\t<\/div>\n\t\t\t\t<\/div>\n\t\t<div data-particle_enable=\"false\" data-particle-mobile-disabled=\"false\" class=\"elementor-element elementor-element-dc286b7 e-flex e-con-boxed e-con e-parent\" data-id=\"dc286b7\" data-element_type=\"container\" data-e-type=\"container\">\n\t\t\t\t\t<div class=\"e-con-inner\">\n\t\t\t\t<div class=\"elementor-element elementor-element-ca55bf3 elementor-widget elementor-widget-heading\" data-id=\"ca55bf3\" data-element_type=\"widget\" data-e-type=\"widget\" data-widget_type=\"heading.default\">\n\t\t\t\t\t<h3 class=\"elementor-heading-title elementor-size-default\">Estos son 10 beneficios de capacitarte:<\/h3>\t\t\t\t<\/div>\n\t\t\t\t\t<\/div>\n\t\t\t\t<\/div>\n\t\t<div data-particle_enable=\"false\" data-particle-mobile-disabled=\"false\" class=\"elementor-element elementor-element-2fb7480 e-flex e-con-boxed e-con e-parent\" data-id=\"2fb7480\" data-element_type=\"container\" data-e-type=\"container\">\n\t\t\t\t\t<div class=\"e-con-inner\">\n\t\t\t\t<div class=\"elementor-element elementor-element-e795625 elementor-invisible elementor-widget elementor-widget-text-editor\" data-id=\"e795625\" data-element_type=\"widget\" data-e-type=\"widget\" data-settings=\"{&quot;_animation&quot;:&quot;fadeInDown&quot;}\" data-widget_type=\"text-editor.default\">\n\t\t\t\t\t\t\t\t\t<p><b>1. Actualizaci\u00f3n de conocimientos:<\/b> En un mundo en constante cambio, las capacitaciones permiten a las personas mantenerse al d\u00eda con nuevas tecnolog\u00edas, tendencias y m\u00e9todos en su campo.<br \/><b>2. Mejora de habilidades:<\/b> Fortalecen tanto habilidades t\u00e9cnicas como blandas, lo que puede aumentar\u00a0<a href=\"https:\/\/soymigrante.com\/revista\/cuanto-mantienes-enfocada-tu-atencion-en-el-trabajo\/\" target=\"_blank\" rel=\"noopener\">la eficiencia<\/a>\u00a0y la calidad del trabajo.<br \/><b>3. Motivaci\u00f3n y compromiso: <\/b>Invertir en la formaci\u00f3n de los empleados demuestra que la organizaci\u00f3n valora su desarrollo, lo que puede aumentar la satisfacci\u00f3n y el compromiso.<br \/><b>4. Adaptaci\u00f3n al cambio:<\/b> Las capacitaciones ayudan a las personas a adaptarse mejor a cambios en el entorno laboral, lo que puede ser crucial en<a style=\"text-align: var(--text-align)\" href=\"https:\/\/soymigrante.com\/revista\/levantarse-temprano-no-solo-es-necesidad-tiene-muchos-beneficios\/\" target=\"_blank\" rel=\"noopener\">\u00a0tiempos de transici\u00f3n.<\/a><\/p>\t\t\t\t\t\t\t\t<\/div>\n\t\t\t\t\t<\/div>\n\t\t\t\t<\/div>\n\t\t<div data-particle_enable=\"false\" data-particle-mobile-disabled=\"false\" class=\"elementor-element elementor-element-50a3d38 e-flex e-con-boxed e-con e-parent\" data-id=\"50a3d38\" data-element_type=\"container\" data-e-type=\"container\">\n\t\t\t\t\t<div class=\"e-con-inner\">\n\t\t\t\t<div class=\"elementor-element elementor-element-07b123f elementor-invisible elementor-widget elementor-widget-text-editor\" data-id=\"07b123f\" data-element_type=\"widget\" data-e-type=\"widget\" data-settings=\"{&quot;_animation&quot;:&quot;fadeInRight&quot;}\" data-widget_type=\"text-editor.default\">\n\t\t\t\t\t\t\t\t\t<p><span style=\"font-family: Roboto, sans-serif;font-size: 16px;font-style: normal\"><b>5. Fomento de la innovaci\u00f3n:<\/b><\/span><span style=\"font-family: Roboto, sans-serif;font-size: 16px;font-style: normal;font-weight: 400\"> Un personal capacitado tiende a ser m\u00e1s creativo y abierto a nuevas ideas, lo que puede impulsar&nbsp;<\/span><a href=\"https:\/\/soymigrante.com\/revista\/networking-puede-marcar-la-mejora-de-tu-vida-laboral\/\" target=\"_blank\">la innovaci\u00f3n<\/a><span style=\"font-family: Roboto, sans-serif;font-size: 16px;font-style: normal;font-weight: 400\">&nbsp;dentro de la empresa.<\/span><br><span style=\"font-family: Roboto, sans-serif;font-size: 16px;font-style: normal\"><b>6. Mejora del trabajo en equipo: <\/b><\/span><span style=\"font-family: Roboto, sans-serif;font-size: 16px;font-style: normal;font-weight: 400\">Las capacitaciones en habilidades interpersonales y de comunicaci\u00f3n fomentan un mejor ambiente laboral y colaboraci\u00f3n entre los equipos.<\/span><br><span style=\"font-family: Roboto, sans-serif;font-size: 16px;font-style: normal\"><b>7. Aumento de la competitividad:<\/b><\/span><span style=\"font-family: Roboto, sans-serif;font-size: 16px;font-style: normal;font-weight: 400\"> Las organizaciones que capacitan a su personal suelen tener una ventaja competitiva, ya que cuentan con un equipo m\u00e1s preparado y eficiente.<\/span><\/p>\t\t\t\t\t\t\t\t<\/div>\n\t\t\t\t\t<\/div>\n\t\t\t\t<\/div>\n\t\t<div data-particle_enable=\"false\" data-particle-mobile-disabled=\"false\" class=\"elementor-element elementor-element-8d35580 e-flex e-con-boxed e-con e-parent\" data-id=\"8d35580\" data-element_type=\"container\" data-e-type=\"container\">\n\t\t\t\t\t<div class=\"e-con-inner\">\n\t\t\t\t<div class=\"elementor-element elementor-element-3dfca5b elementor-invisible elementor-widget elementor-widget-text-editor\" data-id=\"3dfca5b\" data-element_type=\"widget\" data-e-type=\"widget\" data-settings=\"{&quot;_animation&quot;:&quot;zoomInLeft&quot;}\" data-widget_type=\"text-editor.default\">\n\t\t\t\t\t\t\t\t\t<p><span style=\"font-family: Roboto, sans-serif;font-size: 16px;font-style: normal\"><b>8. Desarrollo de liderazgo: <\/b><\/span><span style=\"font-family: Roboto, sans-serif;font-size: 16px;font-style: normal;font-weight: 400\">Las capacitaciones pueden ayudar a identificar y desarrollar futuros l\u00edderes dentro de la organizaci\u00f3n, lo que asegura una continuidad en la gesti\u00f3n.<\/span><br \/><span style=\"font-family: Roboto, sans-serif;font-size: 16px;font-style: normal\"><b>9. Reducci\u00f3n de errores: <\/b><\/span><span style=\"font-family: Roboto, sans-serif;font-size: 16px;font-style: normal;font-weight: 400\">Una formaci\u00f3n adecuada puede disminuir la cantidad de errores y fallos en los procesos, lo que a su vez reduce costos.<\/span><br \/><span style=\"font-family: Roboto, sans-serif;font-size: 16px;font-style: normal\"><b>10. Atracci\u00f3n y retenci\u00f3n de talento:<\/b><\/span><span style=\"font-family: Roboto, sans-serif;font-size: 16px;font-style: normal;font-weight: 400\"> Las empresas que ofrecen oportunidades de desarrollo profesional suelen atraer a mejores candidatos y retener a su personal.<\/span><\/p><p>\u00a0<\/p>\t\t\t\t\t\t\t\t<\/div>\n\t\t\t\t\t<\/div>\n\t\t\t\t<\/div>\n\t\t<div data-particle_enable=\"false\" data-particle-mobile-disabled=\"false\" class=\"elementor-element elementor-element-9472922 e-flex e-con-boxed e-con e-parent\" data-id=\"9472922\" data-element_type=\"container\" data-e-type=\"container\">\n\t\t\t\t\t<div class=\"e-con-inner\">\n\t\t\t\t<div class=\"elementor-element elementor-element-d262f6c elementor-widget elementor-widget-video\" data-id=\"d262f6c\" data-element_type=\"widget\" data-e-type=\"widget\" data-settings=\"{&quot;youtube_url&quot;:&quot;https:\\\/\\\/www.youtube.com\\\/watch?v=WN3KMTSzv-U&quot;,&quot;video_type&quot;:&quot;youtube&quot;,&quot;controls&quot;:&quot;yes&quot;}\" data-widget_type=\"video.default\">\n\t\t\t\t\t\t\t<div class=\"elementor-wrapper elementor-open-inline\">\n\t\t\t<div class=\"elementor-video\"><\/div>\t\t<\/div>\n\t\t\t\t\t\t<\/div>\n\t\t\t\t\t<\/div>\n\t\t\t\t<\/div>\n\t\t<div data-particle_enable=\"false\" data-particle-mobile-disabled=\"false\" class=\"elementor-element elementor-element-1add400 e-flex e-con-boxed e-con e-parent\" data-id=\"1add400\" data-element_type=\"container\" data-e-type=\"container\">\n\t\t\t\t\t<div class=\"e-con-inner\">\n\t\t\t\t<div class=\"elementor-element elementor-element-e647086 elementor-widget elementor-widget-text-editor\" data-id=\"e647086\" data-element_type=\"widget\" data-e-type=\"widget\" data-widget_type=\"text-editor.default\">\n\t\t\t\t\t\t\t\t\t<p>En resumen, las capacitaciones no solo benefician a los empleados, sino que tambi\u00e9n contribuyen al \u00e9xito a largo plazo de las organizaciones o de tus negocios.<\/p>\t\t\t\t\t\t\t\t<\/div>\n\t\t\t\t\t<\/div>\n\t\t\t\t<\/div>\n\t\t<div data-particle_enable=\"false\" data-particle-mobile-disabled=\"false\" class=\"elementor-element elementor-element-9a5c417 e-flex e-con-boxed e-con e-parent\" data-id=\"9a5c417\" data-element_type=\"container\" data-e-type=\"container\">\n\t\t\t\t\t<div class=\"e-con-inner\">\n\t\t\t\t<div class=\"elementor-element elementor-element-bf276de elementor-widget elementor-widget-heading\" data-id=\"bf276de\" data-element_type=\"widget\" data-e-type=\"widget\" data-widget_type=\"heading.default\">\n\t\t\t\t\t<h3 class=\"elementor-heading-title elementor-size-default\">Practica estos buenos h\u00e1bitos<\/h3>\t\t\t\t<\/div>\n\t\t\t\t\t<\/div>\n\t\t\t\t<\/div>\n\t\t<div data-particle_enable=\"false\" data-particle-mobile-disabled=\"false\" class=\"elementor-element elementor-element-2b8f040 e-flex e-con-boxed e-con e-parent\" data-id=\"2b8f040\" data-element_type=\"container\" data-e-type=\"container\">\n\t\t\t\t\t<div class=\"e-con-inner\">\n\t\t\t\t<div class=\"elementor-element elementor-element-f642c81 elementor-grid-eael-col-3 elementor-grid-tablet-eael-col-2 elementor-grid-mobile-eael-col-1 elementor-widget elementor-widget-eael-post-grid\" data-id=\"f642c81\" data-element_type=\"widget\" data-e-type=\"widget\" data-settings=\"{&quot;eael_post_grid_columns&quot;:&quot;eael-col-3&quot;,&quot;eael_post_grid_columns_tablet&quot;:&quot;eael-col-2&quot;,&quot;eael_post_grid_columns_mobile&quot;:&quot;eael-col-1&quot;}\" data-widget_type=\"eael-post-grid.default\">\n\t\t\t\t\t<div id=\"eael-post-grid-f642c81\" class=\"eael-post-grid-container\">\n            <div class=\"eael-post-grid eael-post-appender eael-post-appender-f642c81 eael-post-grid-style-one\" data-layout-mode=\"masonry\"><article class=\"eael-grid-post  eael-post-grid-column eael-pg-post-9493 category-bienestar\" data-id=\"9493\">\n        <div class=\"eael-grid-post-holder\">\n            <div class=\"eael-grid-post-holder-inner\"><div class=\"eael-entry-media\"><div class=\"eael-entry-overlay fade-in\"><i class=\"far fa-hand-pointer\" aria-hidden=\"true\"><\/i><a href=\"https:\/\/soymigrante.com\/revista\/cuanto-mantienes-enfocada-tu-atencion-en-el-trabajo\/\"><\/a><\/div><div class=\"eael-entry-thumbnail \">\n                <img decoding=\"async\" width=\"637\" height=\"637\" src=\"https:\/\/soymigrante.com\/revista\/wp-content\/uploads\/2024\/09\/trabajo-enfoque-rendimiento-1-2.webp\" class=\"attachment-large size-large wp-image-9609\" alt=\"Carpintero trabajando en taller con herramientas el\u00e9ctricas, enfoque en empleo y habilidades para migrantes en la construcci\u00f3n.\" srcset=\"https:\/\/soymigrante.com\/revista\/wp-content\/uploads\/2024\/09\/trabajo-enfoque-rendimiento-1-2.webp 637w, https:\/\/soymigrante.com\/revista\/wp-content\/uploads\/2024\/09\/trabajo-enfoque-rendimiento-1-2-300x300.webp 300w, https:\/\/soymigrante.com\/revista\/wp-content\/uploads\/2024\/09\/trabajo-enfoque-rendimiento-1-2-150x150.webp 150w, https:\/\/soymigrante.com\/revista\/wp-content\/uploads\/2024\/09\/trabajo-enfoque-rendimiento-1-2-75x75.webp 75w\" sizes=\"(max-width: 637px) 100vw, 637px\" \/>\n            <\/div>\n        <\/div><div class=\"eael-entry-wrapper\"><header class=\"eael-entry-header\"><h2 class=\"eael-entry-title\"><a class=\"eael-grid-post-link\" href=\"https:\/\/soymigrante.com\/revista\/cuanto-mantienes-enfocada-tu-atencion-en-el-trabajo\/\" title=\"\u00bfCu\u00e1nto mantienes enfocada tu atenci\u00f3n en el trabajo?\">\u00bfCu\u00e1nto mantienes enfocada tu atenci\u00f3n en el trabajo?<\/a><\/h2><\/header><div class=\"eael-entry-content\">\n                        <div class=\"eael-grid-post-excerpt\"><a href=\"https:\/\/soymigrante.com\/revista\/cuanto-mantienes-enfocada-tu-atencion-en-el-trabajo\/\" class=\"eael-post-elements-readmore-btn\">CONOCE SU HISTORIA <\/a><\/div>\n                    <\/div><\/div><\/div>\n        <\/div>\n    <\/article><article class=\"eael-grid-post  eael-post-grid-column eael-pg-post-9449 category-bienestar\" data-id=\"9449\">\n        <div class=\"eael-grid-post-holder\">\n            <div class=\"eael-grid-post-holder-inner\"><div class=\"eael-entry-media\"><div class=\"eael-entry-overlay fade-in\"><i class=\"far fa-hand-pointer\" aria-hidden=\"true\"><\/i><a href=\"https:\/\/soymigrante.com\/revista\/networking-puede-marcar-la-mejora-de-tu-vida-laboral\/\"><\/a><\/div><div class=\"eael-entry-thumbnail \">\n                <img decoding=\"async\" width=\"1024\" height=\"682\" src=\"https:\/\/soymigrante.com\/revista\/wp-content\/uploads\/2024\/09\/Networking-La-clave-para-el-crecimiento-profesional3-1024x682.webp\" class=\"attachment-large size-large wp-image-9450\" alt=\"Trabajadora migrante usando laptop para rebista SoyMigrante.com REVISTA, comunicaci\u00f3n y derechos de migrantes en l\u00ednea.\" \/>\n            <\/div>\n        <\/div><div class=\"eael-entry-wrapper\"><header class=\"eael-entry-header\"><h2 class=\"eael-entry-title\"><a class=\"eael-grid-post-link\" href=\"https:\/\/soymigrante.com\/revista\/networking-puede-marcar-la-mejora-de-tu-vida-laboral\/\" title=\"Networking puede iniciar esa mejora laboral que esperas. Hazlo as\u00ed\">Networking puede iniciar esa mejora laboral que esperas. Hazlo as\u00ed<\/a><\/h2><\/header><div class=\"eael-entry-content\">\n                        <div class=\"eael-grid-post-excerpt\"><a href=\"https:\/\/soymigrante.com\/revista\/networking-puede-marcar-la-mejora-de-tu-vida-laboral\/\" class=\"eael-post-elements-readmore-btn\">CONOCE SU HISTORIA <\/a><\/div>\n                    <\/div><\/div><\/div>\n        <\/div>\n    <\/article><article class=\"eael-grid-post  eael-post-grid-column eael-pg-post-8187 category-bienestar\" data-id=\"8187\">\n        <div class=\"eael-grid-post-holder\">\n            <div class=\"eael-grid-post-holder-inner\"><div class=\"eael-entry-media\"><div class=\"eael-entry-overlay fade-in\"><i class=\"far fa-hand-pointer\" aria-hidden=\"true\"><\/i><a href=\"https:\/\/soymigrante.com\/revista\/aunque-tu-trabajo-en-ee-uu-sea-extenuante-recuerda-que-tus-hijos-aprenden-jugando\/\"><\/a><\/div><div class=\"eael-entry-thumbnail \">\n                <img loading=\"lazy\" decoding=\"async\" width=\"1024\" height=\"1024\" src=\"https:\/\/soymigrante.com\/revista\/wp-content\/uploads\/2024\/08\/padres-jugando-con-sus-hijos-soy-migrante-1-scaled-e1724182673371-1024x1024.webp\" class=\"attachment-large size-large wp-image-8197\" alt=\"Hombre y ni\u00f1a jugando a un juego de apilamiento con bloques de madera en un ambiente familiar y acogedor.\" srcset=\"https:\/\/soymigrante.com\/revista\/wp-content\/uploads\/2024\/08\/padres-jugando-con-sus-hijos-soy-migrante-1-scaled-e1724182673371-1024x1024.webp 1024w, https:\/\/soymigrante.com\/revista\/wp-content\/uploads\/2024\/08\/padres-jugando-con-sus-hijos-soy-migrante-1-scaled-e1724182673371-300x300.webp 300w, https:\/\/soymigrante.com\/revista\/wp-content\/uploads\/2024\/08\/padres-jugando-con-sus-hijos-soy-migrante-1-scaled-e1724182673371-150x150.webp 150w, https:\/\/soymigrante.com\/revista\/wp-content\/uploads\/2024\/08\/padres-jugando-con-sus-hijos-soy-migrante-1-scaled-e1724182673371-768x768.webp 768w, https:\/\/soymigrante.com\/revista\/wp-content\/uploads\/2024\/08\/padres-jugando-con-sus-hijos-soy-migrante-1-scaled-e1724182673371-1536x1536.webp 1536w, https:\/\/soymigrante.com\/revista\/wp-content\/uploads\/2024\/08\/padres-jugando-con-sus-hijos-soy-migrante-1-scaled-e1724182673371-75x75.webp 75w, https:\/\/soymigrante.com\/revista\/wp-content\/uploads\/2024\/08\/padres-jugando-con-sus-hijos-soy-migrante-1-scaled-e1724182673371-750x750.webp 750w, https:\/\/soymigrante.com\/revista\/wp-content\/uploads\/2024\/08\/padres-jugando-con-sus-hijos-soy-migrante-1-scaled-e1724182673371-1140x1140.webp 1140w, https:\/\/soymigrante.com\/revista\/wp-content\/uploads\/2024\/08\/padres-jugando-con-sus-hijos-soy-migrante-1-scaled-e1724182673371.webp 1728w\" sizes=\"(max-width: 1024px) 100vw, 1024px\" \/>\n            <\/div>\n        <\/div><div class=\"eael-entry-wrapper\"><header class=\"eael-entry-header\"><h2 class=\"eael-entry-title\"><a class=\"eael-grid-post-link\" href=\"https:\/\/soymigrante.com\/revista\/aunque-tu-trabajo-en-ee-uu-sea-extenuante-recuerda-que-tus-hijos-aprenden-jugando\/\" title=\"Aunque tu trabajo en EE. UU. sea extenuante, recuerda que tus hijos aprenden jugando\">Aunque tu trabajo en EE. UU. sea extenuante, recuerda que tus hijos aprenden jugando<\/a><\/h2><\/header><div class=\"eael-entry-content\">\n                        <div class=\"eael-grid-post-excerpt\"><a href=\"https:\/\/soymigrante.com\/revista\/aunque-tu-trabajo-en-ee-uu-sea-extenuante-recuerda-que-tus-hijos-aprenden-jugando\/\" class=\"eael-post-elements-readmore-btn\">CONOCE SU HISTORIA <\/a><\/div>\n                    <\/div><\/div><\/div>\n        <\/div>\n    <\/article><\/div>\n            <div class=\"clearfix\"><\/div>\n        <\/div>\t\t\t\t<\/div>\n\t\t\t\t\t<\/div>\n\t\t\t\t<\/div>\n\t\t\t\t<\/div>\n\t\t","protected":false},"excerpt":{"rendered":"<p>Definitivamente el desarrollo continuo debe ser siempre un objetivo, sobre todo para los migrantes. En Estados Unidos el 61 % de adultos busca oportunidades de desarrollo profesional en una compa\u00f1\u00eda durante la b\u00fasqueda de un nuevo trabajo. La capacitaci\u00f3n es de beneficio personal, si las empresas te dan la oportunidad de enriquecer tu conocimiento profesional [&hellip;]<\/p>\n","protected":false},"author":23,"featured_media":9971,"comment_status":"open","ping_status":"open","sticky":false,"template":"","format":"standard","meta":{"_acf_changed":false,"_eb_attr":"","footnotes":""},"categories":[55],"tags":[],"class_list":["post-9914","post","type-post","status-publish","format-standard","has-post-thumbnail","hentry","category-bienestar"],"acf":[],"aioseo_notices":[],"aioseo_head":"\n\t\t<!-- All in One SEO Pro 4.9.6.2 - aioseo.com -->\n\t<meta name=\"description\" content=\"A veces es limitado el tiempo de los padres para compartir con sus hijos, pero es a trav\u00e9s de jugar con ellos que se construye un v\u00ednculo desde su infancia.\" \/>\n\t<meta name=\"robots\" content=\"max-snippet:-1, max-image-preview:large, max-video-preview:-1\" \/>\n\t<meta name=\"author\" content=\"Beatriz Tercero\"\/>\n\t<link rel=\"canonical\" href=\"https:\/\/soymigrante.com\/revista\/aunque-tu-trabajo-en-ee-uu-sea-extenuante-recuerda-que-tus-hijos-aprenden-jugando\/\" \/>\n\t<meta name=\"generator\" content=\"All in One SEO Pro (AIOSEO) 4.9.6.2\" \/>\n\n\t\t<link rel=\"preconnect\" href=\"https:\/\/fonts.googleapis.com\" crossorigin>\n<link rel=\"preconnect\" href=\"https:\/\/fonts.gstatic.com\" crossorigin>\n\t\t<meta property=\"og:locale\" content=\"es_ES\" \/>\n\t\t<meta property=\"og:site_name\" content=\"SoyMigrante.com REVISTA \u2013 Nuestra misi\u00f3n es reconocer y dignificar al migrante.\" \/>\n\t\t<meta property=\"og:type\" content=\"article\" \/>\n\t\t<meta property=\"og:title\" content=\"Aunque tu trabajo es cansado pasa tiempo con tus hijos\" \/>\n\t\t<meta property=\"og:description\" content=\"A veces es limitado el tiempo de los padres para compartir con sus hijos, pero es a trav\u00e9s de jugar con ellos que se construye un v\u00ednculo desde su infancia.\" \/>\n\t\t<meta property=\"og:url\" content=\"https:\/\/soymigrante.com\/revista\/aunque-tu-trabajo-en-ee-uu-sea-extenuante-recuerda-que-tus-hijos-aprenden-jugando\/\" \/>\n\t\t<meta property=\"og:image\" content=\"https:\/\/soymigrante.com\/revista\/wp-content\/uploads\/2024\/08\/padres-jugando-con-sus-hijos-soy-migrante-1-scaled-e1724182673371.webp\" \/>\n\t\t<meta property=\"og:image:secure_url\" content=\"https:\/\/soymigrante.com\/revista\/wp-content\/uploads\/2024\/08\/padres-jugando-con-sus-hijos-soy-migrante-1-scaled-e1724182673371.webp\" \/>\n\t\t<meta property=\"og:image:width\" content=\"1728\" \/>\n\t\t<meta property=\"og:image:height\" content=\"1728\" \/>\n\t\t<meta property=\"article:published_time\" content=\"2024-08-20T19:53:07+00:00\" \/>\n\t\t<meta property=\"article:modified_time\" content=\"2024-08-20T19:53:56+00:00\" \/>\n\t\t<meta property=\"article:publisher\" content=\"https:\/\/www.facebook.com\/soymigrantecom\" \/>\n\t\t<meta name=\"twitter:card\" content=\"summary_large_image\" \/>\n\t\t<meta name=\"twitter:site\" content=\"@SoyMigrante_com\" \/>\n\t\t<meta name=\"twitter:title\" content=\"Aunque tu trabajo es cansado pasa tiempo con tus hijos\" \/>\n\t\t<meta name=\"twitter:description\" content=\"A veces es limitado el tiempo de los padres para compartir con sus hijos, pero es a trav\u00e9s de jugar con ellos que se construye un v\u00ednculo desde su infancia.\" \/>\n\t\t<meta name=\"twitter:creator\" content=\"@SoyMigrante_com\" \/>\n\t\t<meta name=\"twitter:image\" content=\"https:\/\/soymigrante.com\/revista\/wp-content\/uploads\/2024\/08\/padres-jugando-con-sus-hijos-soy-migrante-1-scaled-e1724182673371.webp\" \/>\n\t\t<!-- All in One SEO Pro -->\r\n\t\t<title>Aunque tu trabajo es cansado pasa tiempo con tus hijos<\/title>\n\n","aioseo_head_json":{"title":"Aunque tu trabajo es cansado pasa tiempo con tus hijos","description":"A veces es limitado el tiempo de los padres para compartir con sus hijos, pero es a trav\u00e9s de jugar con ellos que se construye un v\u00ednculo desde su infancia.","canonical_url":"https:\/\/soymigrante.com\/revista\/aunque-tu-trabajo-en-ee-uu-sea-extenuante-recuerda-que-tus-hijos-aprenden-jugando\/","robots":"max-snippet:-1, max-image-preview:large, max-video-preview:-1","keywords":"","webmasterTools":{"miscellaneous":"&lt;link rel=\"preconnect\" href=\"https:\/\/fonts.googleapis.com\" crossorigin&gt;\n&lt;link rel=\"preconnect\" href=\"https:\/\/fonts.gstatic.com\" crossorigin&gt;"},"schema":null,"og:locale":"es_ES","og:site_name":"SoyMigrante.com REVISTA \u2013 Nuestra misi\u00f3n es reconocer y dignificar al migrante.","og:type":"article","og:title":"Aunque tu trabajo es cansado pasa tiempo con tus hijos","og:description":"A veces es limitado el tiempo de los padres para compartir con sus hijos, pero es a trav\u00e9s de jugar con ellos que se construye un v\u00ednculo desde su infancia.","og:url":"https:\/\/soymigrante.com\/revista\/aunque-tu-trabajo-en-ee-uu-sea-extenuante-recuerda-que-tus-hijos-aprenden-jugando\/","og:image":"https:\/\/soymigrante.com\/revista\/wp-content\/uploads\/2024\/08\/padres-jugando-con-sus-hijos-soy-migrante-1-scaled-e1724182673371.webp","og:image:secure_url":"https:\/\/soymigrante.com\/revista\/wp-content\/uploads\/2024\/08\/padres-jugando-con-sus-hijos-soy-migrante-1-scaled-e1724182673371.webp","og:image:width":1728,"og:image:height":1728,"article:published_time":"2024-08-20T19:53:07+00:00","article:modified_time":"2024-08-20T19:53:56+00:00","article:publisher":"https:\/\/www.facebook.com\/soymigrantecom","twitter:card":"summary_large_image","twitter:site":"@SoyMigrante_com","twitter:title":"Aunque tu trabajo es cansado pasa tiempo con tus hijos","twitter:description":"A veces es limitado el tiempo de los padres para compartir con sus hijos, pero es a trav\u00e9s de jugar con ellos que se construye un v\u00ednculo desde su infancia.","twitter:creator":"@SoyMigrante_com","twitter:image":"https:\/\/soymigrante.com\/revista\/wp-content\/uploads\/2024\/08\/padres-jugando-con-sus-hijos-soy-migrante-1-scaled-e1724182673371.webp"},"aioseo_meta_data":{"post_id":"9914","title":"Crecimiento personal: 10 razones para disponerse al aprendizaje","description":"En Estados Unidos el 61 % de los adultos busca oportunidades de desarrollo profesional en una compa\u00f1\u00eda durante la b\u00fasqueda de un nuevo trabajo.","keywords":null,"keyphrases":{"focus":{"keyphrase":"Aprendizajes","score":37,"analysis":{"keyphraseInTitle":{"score":3,"maxScore":9,"error":1},"keyphraseInDescription":{"score":3,"maxScore":9,"error":1},"keyphraseLength":{"score":9,"maxScore":9,"error":0,"length":1},"keyphraseInURL":{"score":1,"maxScore":5,"error":1},"keyphraseInIntroduction":{"score":3,"maxScore":9,"error":1},"keyphraseInSubHeadings":{"score":3,"maxScore":9,"error":1},"keyphraseInImageAlt":{"score":3,"maxScore":9,"error":1},"keywordDensity":{"score":0,"type":"low","maxScore":9,"error":1}}},"additional":[{"keyphrase":"Crecimiento personal","score":40,"analysis":{"keyphraseInDescription":{"score":3,"maxScore":9,"error":1},"keyphraseLength":{"score":9,"maxScore":9,"error":0,"length":2},"keyphraseInIntroduction":{"score":3,"maxScore":9,"error":1},"keyphraseInImageAlt":{"score":3,"maxScore":9,"error":1},"keywordDensity":{"score":0,"type":"low","maxScore":9,"error":1}}}]},"primary_term":null,"canonical_url":null,"og_title":null,"og_description":null,"og_object_type":"default","og_image_type":"default","og_image_url":null,"og_image_width":null,"og_image_height":null,"og_image_custom_url":null,"og_image_custom_fields":null,"og_video":"","og_custom_url":null,"og_article_section":null,"og_article_tags":null,"twitter_use_og":false,"twitter_card":"default","twitter_image_type":"default","twitter_image_url":null,"twitter_image_custom_url":null,"twitter_image_custom_fields":null,"twitter_title":null,"twitter_description":null,"schema":{"blockGraphs":[],"customGraphs":[],"default":{"data":{"Article":[],"Course":[],"Dataset":[],"FAQPage":[],"Movie":[],"Person":[],"Product":[],"ProductReview":[],"Car":[],"Recipe":[],"Service":[],"SoftwareApplication":[],"WebPage":[]},"graphName":"Article","isEnabled":true},"graphs":[]},"schema_type":"default","schema_type_options":null,"pillar_content":false,"robots_default":true,"robots_noindex":false,"robots_noarchive":false,"robots_nosnippet":false,"robots_nofollow":false,"robots_noimageindex":false,"robots_noodp":false,"robots_notranslate":false,"robots_max_snippet":"-1","robots_max_videopreview":"-1","robots_max_imagepreview":"large","priority":null,"frequency":"default","local_seo":null,"seo_analyzer_scan_date":"2025-10-08 23:28:16","breadcrumb_settings":null,"limit_modified_date":false,"reviewed_by":null,"open_ai":"{\"title\":{\"suggestions\":[],\"usage\":0},\"description\":{\"suggestions\":[],\"usage\":0}}","ai":null,"created":"2024-10-01 20:14:43","updated":"2026-02-04 14:10:24"},"aioseo_breadcrumb":"<div class=\"aioseo-breadcrumbs\"><span class=\"aioseo-breadcrumb\">\n\t<a href=\"https:\/\/soymigrante.com\/revista\" title=\"Home\">Home<\/a>\n<\/span><span class=\"aioseo-breadcrumb-separator\">\u00bb<\/span><span class=\"aioseo-breadcrumb\">\n\t<a href=\"https:\/\/soymigrante.com\/revista\/category\/bienestar\/\" title=\"Bienestar\">Bienestar<\/a>\n<\/span><span class=\"aioseo-breadcrumb-separator\">\u00bb<\/span><span class=\"aioseo-breadcrumb\">\n\t10 razones para buscar y asumir nuevos aprendizajes para el desarrollo personal\n<\/span><\/div>","aioseo_breadcrumb_json":[{"label":"Home","link":"https:\/\/soymigrante.com\/revista"},{"label":"Bienestar","link":"https:\/\/soymigrante.com\/revista\/category\/bienestar\/"},{"label":"10 razones para buscar y asumir nuevos aprendizajes para el desarrollo personal","link":"https:\/\/soymigrante.com\/revista\/10-razones-para-buscar-y-asumir-nuevos-aprendizajes-para-el-desarrollo-personal\/"}],"_links":{"self":[{"href":"https:\/\/soymigrante.com\/revista\/wp-json\/wp\/v2\/posts\/9914","targetHints":{"allow":["GET"]}}],"collection":[{"href":"https:\/\/soymigrante.com\/revista\/wp-json\/wp\/v2\/posts"}],"about":[{"href":"https:\/\/soymigrante.com\/revista\/wp-json\/wp\/v2\/types\/post"}],"author":[{"embeddable":true,"href":"https:\/\/soymigrante.com\/revista\/wp-json\/wp\/v2\/users\/23"}],"replies":[{"embeddable":true,"href":"https:\/\/soymigrante.com\/revista\/wp-json\/wp\/v2\/comments?post=9914"}],"version-history":[{"count":0,"href":"https:\/\/soymigrante.com\/revista\/wp-json\/wp\/v2\/posts\/9914\/revisions"}],"wp:featuredmedia":[{"embeddable":true,"href":"https:\/\/soymigrante.com\/revista\/wp-json\/wp\/v2\/media\/9971"}],"wp:attachment":[{"href":"https:\/\/soymigrante.com\/revista\/wp-json\/wp\/v2\/media?parent=9914"}],"wp:term":[{"taxonomy":"category","embeddable":true,"href":"https:\/\/soymigrante.com\/revista\/wp-json\/wp\/v2\/categories?post=9914"},{"taxonomy":"post_tag","embeddable":true,"href":"https:\/\/soymigrante.com\/revista\/wp-json\/wp\/v2\/tags?post=9914"}],"curies":[{"name":"wp","href":"https:\/\/api.w.org\/{rel}","templated":true}]}}