{"id":9908,"date":"2024-10-04T07:07:39","date_gmt":"2024-10-04T13:07:39","guid":{"rendered":"https:\/\/soymigrante.com\/revista\/?p=9908"},"modified":"2024-10-04T07:07:40","modified_gmt":"2024-10-04T13:07:40","slug":"como-cultivar-el-orgullo-cultural-latino-a-tus-hijos-en-estados-unidos","status":"publish","type":"post","link":"https:\/\/soymigrante.com\/revista\/como-cultivar-el-orgullo-cultural-latino-a-tus-hijos-en-estados-unidos\/","title":{"rendered":"C\u00f3mo cultivar el orgullo cultural latino a tus hijos en Estados Unidos"},"content":{"rendered":"\t\t<div data-elementor-type=\"wp-post\" data-elementor-id=\"9908\" class=\"elementor elementor-9908\" data-elementor-post-type=\"post\">\n\t\t\t\t<div data-particle_enable=\"false\" data-particle-mobile-disabled=\"false\" class=\"elementor-element elementor-element-31dd41c e-flex e-con-boxed e-con e-parent\" data-id=\"31dd41c\" data-element_type=\"container\" data-e-type=\"container\">\n\t\t\t\t\t<div class=\"e-con-inner\">\n\t\t\t\t<div class=\"elementor-element elementor-element-e298dba elementor-widget elementor-widget-heading\" data-id=\"e298dba\" data-element_type=\"widget\" data-e-type=\"widget\" data-widget_type=\"heading.default\">\n\t\t\t\t\t<h2 class=\"elementor-heading-title elementor-size-default\">La poblaci\u00f3n hispana en Estados Unidos super\u00f3 los 63 millones de habitantes, seg\u00fan informe del sitio estad\u00edstico Statista. \u00a1C\u00f3mo no sentirse orgulloso t\u00fa y tus hijos de la herencia que representa la cultura latina!<\/h2>\t\t\t\t<\/div>\n\t\t\t\t\t<\/div>\n\t\t\t\t<\/div>\n\t\t<div data-particle_enable=\"false\" data-particle-mobile-disabled=\"false\" class=\"elementor-element elementor-element-a4d0609 e-flex e-con-boxed e-con e-parent\" data-id=\"a4d0609\" data-element_type=\"container\" data-e-type=\"container\">\n\t\t\t\t\t<div class=\"e-con-inner\">\n\t\t\t\t<div class=\"elementor-element elementor-element-ec9b5c8 elementor-widget elementor-widget-text-editor\" data-id=\"ec9b5c8\" data-element_type=\"widget\" data-e-type=\"widget\" data-widget_type=\"text-editor.default\">\n\t\t\t\t\t\t\t\t\t<p>Los 63 millones de habla hispana representan un 19.1% de la poblaci\u00f3n estadounidense, entre ellos hablamos de culturas como la mexicana, salvadore\u00f1a, guatemalteca, entre otros.<\/p><p>El fen\u00f3meno de la globalizaci\u00f3n ha logrado que los ni\u00f1os, adolescentes y j\u00f3venes est\u00e9n m\u00e1s presentes en compartir con otras culturas. Esto les permite una visi\u00f3n m\u00e1s amplia sobre estilos diferentes de vida a la suya, ese\u00a0<a href=\"https:\/\/soymigrante.com\/revista\/como-lidiar-con-el-choque-cultural-en-ninos-y-jovenes-al-llegar-a-usa\/\" target=\"_blank\" rel=\"noopener\">intercambio cultural\u00a0<\/a>est\u00e1 integrado por valores, tolerancia y respeto de formas diferentes lo que causa curiosidad por el mundo que los rodeo.<\/p><p>El avance de la migraci\u00f3n en Estados Unidos es un hecho evidente,\u00a0<a style=\"text-align: var(--text-align)\" href=\"https:\/\/es.statista.com\/estadisticas\/600570\/porcentaje-de-poblacion-de-estados-unidos--2060-por-raza-y-origen-hispano\/\" target=\"_blank\" rel=\"noopener\">refiere Statista.<\/a><\/p>\t\t\t\t\t\t\t\t<\/div>\n\t\t\t\t\t<\/div>\n\t\t\t\t<\/div>\n\t\t<div data-particle_enable=\"false\" data-particle-mobile-disabled=\"false\" class=\"elementor-element elementor-element-a40a05d e-flex e-con-boxed e-con e-parent\" data-id=\"a40a05d\" data-element_type=\"container\" data-e-type=\"container\">\n\t\t\t\t\t<div class=\"e-con-inner\">\n\t\t\t\t<div class=\"elementor-element elementor-element-d21d08b elementor-widget elementor-widget-image\" data-id=\"d21d08b\" data-element_type=\"widget\" data-e-type=\"widget\" data-widget_type=\"image.default\">\n\t\t\t\t\t\t\t\t\t\t\t\t<figure class=\"wp-caption\">\n\t\t\t\t\t\t\t\t\t\t<img fetchpriority=\"high\" decoding=\"async\" width=\"768\" height=\"549\" src=\"https:\/\/soymigrante.com\/revista\/wp-content\/uploads\/2024\/10\/orgullo-latino-soy-migrante4-1024x732.webp\" class=\"attachment-large size-large wp-image-9909\" alt=\"Pancarta, banderas y p\u00fablico en evento de celebraci\u00f3n con tem\u00e1tica migrante y cultura en un espacio al aire libre. Personas de diferentes edades disfrutan de la festividad, mostrando orgullo por su identidad y comunidad.\" srcset=\"https:\/\/soymigrante.com\/revista\/wp-content\/uploads\/2024\/10\/orgullo-latino-soy-migrante4-1024x732.webp 1024w, https:\/\/soymigrante.com\/revista\/wp-content\/uploads\/2024\/10\/orgullo-latino-soy-migrante4-300x214.webp 300w, https:\/\/soymigrante.com\/revista\/wp-content\/uploads\/2024\/10\/orgullo-latino-soy-migrante4-768x549.webp 768w, https:\/\/soymigrante.com\/revista\/wp-content\/uploads\/2024\/10\/orgullo-latino-soy-migrante4-1536x1097.webp 1536w, https:\/\/soymigrante.com\/revista\/wp-content\/uploads\/2024\/10\/orgullo-latino-soy-migrante4-120x86.webp 120w, https:\/\/soymigrante.com\/revista\/wp-content\/uploads\/2024\/10\/orgullo-latino-soy-migrante4-350x250.webp 350w, https:\/\/soymigrante.com\/revista\/wp-content\/uploads\/2024\/10\/orgullo-latino-soy-migrante4-750x536.webp 750w, https:\/\/soymigrante.com\/revista\/wp-content\/uploads\/2024\/10\/orgullo-latino-soy-migrante4-1140x814.webp 1140w, https:\/\/soymigrante.com\/revista\/wp-content\/uploads\/2024\/10\/orgullo-latino-soy-migrante4.webp 1920w\" sizes=\"(max-width: 768px) 100vw, 768px\" title=\"orgullo latino soy migrante4 \u2013 SoyMigrante.com REVISTA\" \/>\t\t\t\t\t\t\t\t\t\t\t<figcaption class=\"widget-image-caption wp-caption-text\">Celebraci\u00f3n de la comunidad migrante en Guatemala, mostrando diversidad cultural y apoyo en evento p\u00fablico con banderas y asistentes de diferentes edades.<\/figcaption>\n\t\t\t\t\t\t\t\t\t\t<\/figure>\n\t\t\t\t\t\t\t\t\t<\/div>\n\t\t\t\t\t<\/div>\n\t\t\t\t<\/div>\n\t\t<div data-particle_enable=\"false\" data-particle-mobile-disabled=\"false\" class=\"elementor-element elementor-element-66ba6e2 e-flex e-con-boxed e-con e-parent\" data-id=\"66ba6e2\" data-element_type=\"container\" data-e-type=\"container\">\n\t\t\t\t\t<div class=\"e-con-inner\">\n\t\t\t\t<div class=\"elementor-element elementor-element-024f235 elementor-widget elementor-widget-heading\" data-id=\"024f235\" data-element_type=\"widget\" data-e-type=\"widget\" data-widget_type=\"heading.default\">\n\t\t\t\t\t<h3 class=\"elementor-heading-title elementor-size-default\">Sigue estos consejos:<\/h3>\t\t\t\t<\/div>\n\t\t\t\t\t<\/div>\n\t\t\t\t<\/div>\n\t\t<div data-particle_enable=\"false\" data-particle-mobile-disabled=\"false\" class=\"elementor-element elementor-element-a5e39f8 e-flex e-con-boxed e-con e-parent\" data-id=\"a5e39f8\" data-element_type=\"container\" data-e-type=\"container\">\n\t\t\t\t\t<div class=\"e-con-inner\">\n\t\t\t\t<div class=\"elementor-element elementor-element-c77c6b9 elementor-widget elementor-widget-text-editor\" data-id=\"c77c6b9\" data-element_type=\"widget\" data-e-type=\"widget\" data-widget_type=\"text-editor.default\">\n\t\t\t\t\t\t\t\t\t<p><b>Cuentos y tradiciones:<\/b> Comparte historias, mitos y leyendas de tu pa\u00eds. Puedes hacerlo a trav\u00e9s de cuentos antes de dormir o narraciones familiares en reuniones.<br \/><b>Cocina tradicional:<\/b> Prepara platos t\u00edpicos juntos. La comida es una forma poderosa de\u00a0<a href=\"https:\/\/soymigrante.com\/revista\/en-que-consiste-el-orgullo-de-ser-guatemalteco-un-tesoro-de-multiculturalidad\/\" target=\"_blank\" rel=\"noopener\">conectar con la cultura\u00a0<\/a>y transmitir recetas familiares.<br \/><b>Celebraciones y festividades:<\/b> Celebra las fiestas tradicionales. Involucra a tus hijos en la preparaci\u00f3n y las actividades, explicando su significado y origen.<br \/><b>M\u00fasica y danzas: <\/b>Escucha m\u00fasica t\u00edpica y ense\u00f1a a tus hijos a bailar. Puedes incluso participar en clases o grupos comunitarios que celebren estas tradiciones.<br \/><b>Aprender el idioma:<\/b> Si el idioma de tu pa\u00eds de origen es diferente al del pa\u00eds de acogida, promueve su uso en casa. Lee libros, mira pel\u00edculas y habla en ese idioma tanto como sea posible.<br \/><b>Conexi\u00f3n con la comunidad: <\/b>Busca grupos culturales o comunidades de migrantes donde tus hijos puedan interactuar con otros\u00a0<a href=\"https:\/\/soymigrante.com\/revista\/pueblo-ladino-integra-raices-y-mestizajes-de-guatemala\/\" target=\"_blank\" rel=\"noopener\">que com<\/a>parten su herencia.<\/p>\t\t\t\t\t\t\t\t<\/div>\n\t\t\t\t\t<\/div>\n\t\t\t\t<\/div>\n\t\t<div data-particle_enable=\"false\" data-particle-mobile-disabled=\"false\" class=\"elementor-element elementor-element-a151d59 e-flex e-con-boxed e-con e-parent\" data-id=\"a151d59\" data-element_type=\"container\" data-e-type=\"container\">\n\t\t\t\t\t<div class=\"e-con-inner\">\n\t\t\t\t<div class=\"elementor-element elementor-element-0e457e8 elementor-widget elementor-widget-image\" data-id=\"0e457e8\" data-element_type=\"widget\" data-e-type=\"widget\" data-widget_type=\"image.default\">\n\t\t\t\t\t\t\t\t\t\t\t\t<figure class=\"wp-caption\">\n\t\t\t\t\t\t\t\t\t\t<img decoding=\"async\" width=\"768\" height=\"549\" src=\"https:\/\/soymigrante.com\/revista\/wp-content\/uploads\/2024\/10\/orgullo-latino-soy-migrante-1024x732.webp\" class=\"attachment-large size-large wp-image-9910\" alt=\"Jovenes ind\u00edgenas bailando en festival cultural mexicano, celebraci\u00f3n de tradiciones y diversidad cultural en comunidad local.\" srcset=\"https:\/\/soymigrante.com\/revista\/wp-content\/uploads\/2024\/10\/orgullo-latino-soy-migrante-1024x732.webp 1024w, https:\/\/soymigrante.com\/revista\/wp-content\/uploads\/2024\/10\/orgullo-latino-soy-migrante-300x214.webp 300w, https:\/\/soymigrante.com\/revista\/wp-content\/uploads\/2024\/10\/orgullo-latino-soy-migrante-768x549.webp 768w, https:\/\/soymigrante.com\/revista\/wp-content\/uploads\/2024\/10\/orgullo-latino-soy-migrante-1536x1097.webp 1536w, https:\/\/soymigrante.com\/revista\/wp-content\/uploads\/2024\/10\/orgullo-latino-soy-migrante-120x86.webp 120w, https:\/\/soymigrante.com\/revista\/wp-content\/uploads\/2024\/10\/orgullo-latino-soy-migrante-350x250.webp 350w, https:\/\/soymigrante.com\/revista\/wp-content\/uploads\/2024\/10\/orgullo-latino-soy-migrante-750x536.webp 750w, https:\/\/soymigrante.com\/revista\/wp-content\/uploads\/2024\/10\/orgullo-latino-soy-migrante-1140x814.webp 1140w, https:\/\/soymigrante.com\/revista\/wp-content\/uploads\/2024\/10\/orgullo-latino-soy-migrante.webp 1920w\" sizes=\"(max-width: 768px) 100vw, 768px\" title=\"orgullo latino soy migrante \u2013 SoyMigrante.com REVISTA\" \/>\t\t\t\t\t\t\t\t\t\t\t<figcaption class=\"widget-image-caption wp-caption-text\">El festival cultural en M\u00e9xico presenta danza tradicional, indumentaria t\u00edpica y uni\u00f3n comunitaria en un evento que celebra la cultura ind\u00edgena y sus tradiciones ancestrales.<\/figcaption>\n\t\t\t\t\t\t\t\t\t\t<\/figure>\n\t\t\t\t\t\t\t\t\t<\/div>\n\t\t\t\t\t<\/div>\n\t\t\t\t<\/div>\n\t\t<div data-particle_enable=\"false\" data-particle-mobile-disabled=\"false\" class=\"elementor-element elementor-element-9280b6e e-flex e-con-boxed e-con e-parent\" data-id=\"9280b6e\" data-element_type=\"container\" data-e-type=\"container\">\n\t\t\t\t\t<div class=\"e-con-inner\">\n\t\t\t\t<div class=\"elementor-element elementor-element-9b9d805 elementor-widget elementor-widget-text-editor\" data-id=\"9b9d805\" data-element_type=\"widget\" data-e-type=\"widget\" data-widget_type=\"text-editor.default\">\n\t\t\t\t\t\t\t\t\t<p>\u00a0<b>Artes y manualidades: <\/b>Realiza actividades art\u00edsticas que reflejen tradiciones de tu pa\u00eds, como la artesan\u00eda o la pintura.<br \/><b>Historia y geograf\u00eda:<\/b> Ense\u00f1a a\u00a0<a href=\"https:\/\/soymigrante.com\/revista\/tema-dificil-pero-necesario-como-hablar-a-los-hijos-sobre-el-peligro-de-las-drogas\/\" target=\"_blank\" rel=\"noopener\">tus hijos\u00a0<\/a>sobre la historia y la geograf\u00eda de tu pa\u00eds,\u00a0<a href=\"https:\/\/soymigrante.com\/revista\/tierra-de-libres-y-valientes-articulo-escritor-manuel-orantes\/\" target=\"_blank\" rel=\"noopener\">utilizando libros<\/a>, documentales y recursos en l\u00ednea.<br \/><b>Valores y costumbres: <\/b>Habla sobre los valores y costumbres que son importantes en tu cultura, como el respeto a los mayores o la importancia de la familia.<br \/><b>Viajes y visitas: <\/b>Si es posible, visita tu pa\u00eds de origen con tus hijos para que vivan la cultura de primera mano. Tambi\u00e9n puedes llevarles a lugares donde se celebren eventos culturales.<br \/><b>Di\u00e1logo abierto: <\/b>Fomenta un ambiente donde tus hijos puedan hacer preguntas sobre tu cultura y compartir sus propias experiencias.<br \/><b>Integraci\u00f3n cultural:<\/b> Ens\u00e9\u00f1ales a apreciar tanto su cultura de origen como la del pa\u00eds en el que viven, fomentando un sentido de<a style=\"text-align: var(--text-align)\" href=\"https:\/\/soymigrante.com\/revista\/joyas-mayas-migrantes-ocarina-del-siglo-8-de-alta-verapaz-en-el-museo-de-arte-de-denver\/\" target=\"_blank\" rel=\"noopener\">identidad multicultural.<\/a><\/p>\t\t\t\t\t\t\t\t<\/div>\n\t\t\t\t\t<\/div>\n\t\t\t\t<\/div>\n\t\t<div data-particle_enable=\"false\" data-particle-mobile-disabled=\"false\" class=\"elementor-element elementor-element-4baad51 e-flex e-con-boxed e-con e-parent\" data-id=\"4baad51\" data-element_type=\"container\" data-e-type=\"container\">\n\t\t\t\t\t<div class=\"e-con-inner\">\n\t\t\t\t<div class=\"elementor-element elementor-element-b1ceab4 elementor-widget elementor-widget-facebook-embed\" data-id=\"b1ceab4\" data-element_type=\"widget\" data-e-type=\"widget\" data-widget_type=\"facebook-embed.default\">\n\t\t\t\t\t<div style=\"min-height: 1px\" class=\"elementor-facebook-widget fb-post\" data-href=\"https:\/\/fb.watch\/uY38TEcmId\/\" data-show-text=\"false\"><\/div>\t\t\t\t<\/div>\n\t\t\t\t\t<\/div>\n\t\t\t\t<\/div>\n\t\t<div data-particle_enable=\"false\" data-particle-mobile-disabled=\"false\" class=\"elementor-element elementor-element-03a6a33 e-flex e-con-boxed e-con e-parent\" data-id=\"03a6a33\" data-element_type=\"container\" data-e-type=\"container\">\n\t\t\t\t\t<div class=\"e-con-inner\">\n\t\t\t\t<div class=\"elementor-element elementor-element-bc5b124 elementor-widget elementor-widget-text-editor\" data-id=\"bc5b124\" data-element_type=\"widget\" data-e-type=\"widget\" data-widget_type=\"text-editor.default\">\n\t\t\t\t\t\t\t\t\t<p>Al final, la clave es crear un entorno donde la cultura del pa\u00eds de origen se sienta viva y relevante en la vida cotidiana de tus hijos.<\/p>\t\t\t\t\t\t\t\t<\/div>\n\t\t\t\t\t<\/div>\n\t\t\t\t<\/div>\n\t\t<div data-particle_enable=\"false\" data-particle-mobile-disabled=\"false\" class=\"elementor-element elementor-element-f3da9bd e-flex e-con-boxed e-con e-parent\" data-id=\"f3da9bd\" data-element_type=\"container\" data-e-type=\"container\">\n\t\t\t\t\t<div class=\"e-con-inner\">\n\t\t\t\t<div class=\"elementor-element elementor-element-1334a2c elementor-widget elementor-widget-heading\" data-id=\"1334a2c\" data-element_type=\"widget\" data-e-type=\"widget\" data-widget_type=\"heading.default\">\n\t\t\t\t\t<h3 class=\"elementor-heading-title elementor-size-default\">Aprende sobre la cultura maya<\/h3>\t\t\t\t<\/div>\n\t\t\t\t\t<\/div>\n\t\t\t\t<\/div>\n\t\t<div data-particle_enable=\"false\" data-particle-mobile-disabled=\"false\" class=\"elementor-element elementor-element-9255588 e-flex e-con-boxed e-con e-parent\" data-id=\"9255588\" data-element_type=\"container\" data-e-type=\"container\">\n\t\t\t\t\t<div class=\"e-con-inner\">\n\t\t\t\t<div class=\"elementor-element elementor-element-9ca7999 elementor-grid-eael-col-3 elementor-grid-tablet-eael-col-2 elementor-grid-mobile-eael-col-1 elementor-widget elementor-widget-eael-post-grid\" data-id=\"9ca7999\" data-element_type=\"widget\" data-e-type=\"widget\" data-settings=\"{&quot;eael_post_grid_columns&quot;:&quot;eael-col-3&quot;,&quot;eael_post_grid_columns_tablet&quot;:&quot;eael-col-2&quot;,&quot;eael_post_grid_columns_mobile&quot;:&quot;eael-col-1&quot;}\" data-widget_type=\"eael-post-grid.default\">\n\t\t\t\t\t<div id=\"eael-post-grid-9ca7999\" class=\"eael-post-grid-container\">\n            <div class=\"eael-post-grid eael-post-appender eael-post-appender-9ca7999 eael-post-grid-style-one\" data-layout-mode=\"masonry\"><article class=\"eael-grid-post  eael-post-grid-column eael-pg-post-8528 category-guate-nuestra\" data-id=\"8528\">\n        <div class=\"eael-grid-post-holder\">\n            <div class=\"eael-grid-post-holder-inner\"><div class=\"eael-entry-media\"><div class=\"eael-entry-overlay fade-in\"><i class=\"far fa-hand-pointer\" aria-hidden=\"true\"><\/i><a href=\"https:\/\/soymigrante.com\/revista\/7-curiosidades-del-sitio-arqueologico-maya-quirigua-que-quiza-ya-sabias-o-tal-vez-no\/\"><\/a><\/div><div class=\"eael-entry-thumbnail \">\n                <img decoding=\"async\" width=\"612\" height=\"612\" src=\"https:\/\/soymigrante.com\/revista\/wp-content\/uploads\/2024\/08\/quirigua-2.webp\" class=\"attachment-large size-large wp-image-8889\" alt=\"Arte maya en piedra, escultura monumental ancestral, relieves arqueol\u00f3gicos de la cultura precolombina en M\u00e9xico.\" srcset=\"https:\/\/soymigrante.com\/revista\/wp-content\/uploads\/2024\/08\/quirigua-2.webp 612w, https:\/\/soymigrante.com\/revista\/wp-content\/uploads\/2024\/08\/quirigua-2-300x300.webp 300w, https:\/\/soymigrante.com\/revista\/wp-content\/uploads\/2024\/08\/quirigua-2-150x150.webp 150w, https:\/\/soymigrante.com\/revista\/wp-content\/uploads\/2024\/08\/quirigua-2-75x75.webp 75w\" sizes=\"(max-width: 612px) 100vw, 612px\" \/>\n            <\/div>\n        <\/div><div class=\"eael-entry-wrapper\"><header class=\"eael-entry-header\"><h2 class=\"eael-entry-title\"><a class=\"eael-grid-post-link\" href=\"https:\/\/soymigrante.com\/revista\/7-curiosidades-del-sitio-arqueologico-maya-quirigua-que-quiza-ya-sabias-o-tal-vez-no\/\" title=\"El majestuoso sitio arqueol\u00f3gico maya de Quirigu\u00e1: 7 detalles que tal vez ya conoc\u00edas (o quiz\u00e1 no)\">El majestuoso sitio arqueol\u00f3gico maya de Quirigu\u00e1: 7 detalles que tal vez ya conoc\u00edas (o quiz\u00e1 no)<\/a><\/h2><\/header><div class=\"eael-entry-content\">\n                        <div class=\"eael-grid-post-excerpt\"><a href=\"https:\/\/soymigrante.com\/revista\/7-curiosidades-del-sitio-arqueologico-maya-quirigua-que-quiza-ya-sabias-o-tal-vez-no\/\" class=\"eael-post-elements-readmore-btn\">CONOCE SU HISTORIA <\/a><\/div>\n                    <\/div><\/div><\/div>\n        <\/div>\n    <\/article><article class=\"eael-grid-post  eael-post-grid-column eael-pg-post-1185 category-estamos-unidos\" data-id=\"1185\">\n        <div class=\"eael-grid-post-holder\">\n            <div class=\"eael-grid-post-holder-inner\"><div class=\"eael-entry-media\"><div class=\"eael-entry-overlay fade-in\"><i class=\"far fa-hand-pointer\" aria-hidden=\"true\"><\/i><a href=\"https:\/\/soymigrante.com\/revista\/danza-maya-de-las-guacamayas-impresiona-en-estados-unidos\/\"><\/a><\/div><div class=\"eael-entry-thumbnail \">\n                <img loading=\"lazy\" decoding=\"async\" width=\"949\" height=\"971\" src=\"https:\/\/soymigrante.com\/revista\/wp-content\/uploads\/2023\/06\/xixo-rax-danza-de-las-guacamayas-2.webp\" class=\"attachment-large size-large wp-image-29236\" alt=\"Artista en vestimenta tradicional ind\u00edgena mexicana en una presentaci\u00f3n cultural en SoyMigrante.com REVISTA.\" srcset=\"https:\/\/soymigrante.com\/revista\/wp-content\/uploads\/2023\/06\/xixo-rax-danza-de-las-guacamayas-2.webp 949w, https:\/\/soymigrante.com\/revista\/wp-content\/uploads\/2023\/06\/xixo-rax-danza-de-las-guacamayas-2-293x300.jpg 293w, https:\/\/soymigrante.com\/revista\/wp-content\/uploads\/2023\/06\/xixo-rax-danza-de-las-guacamayas-2-768x786.jpg 768w, https:\/\/soymigrante.com\/revista\/wp-content\/uploads\/2023\/06\/xixo-rax-danza-de-las-guacamayas-2-750x767.webp 750w\" sizes=\"(max-width: 949px) 100vw, 949px\" \/>\n            <\/div>\n        <\/div><div class=\"eael-entry-wrapper\"><header class=\"eael-entry-header\"><h2 class=\"eael-entry-title\"><a class=\"eael-grid-post-link\" href=\"https:\/\/soymigrante.com\/revista\/danza-maya-de-las-guacamayas-impresiona-en-estados-unidos\/\" title=\"Danza de las Guacamayas de Santa Cruz Verapaz vuela por 7 ciudades de Estados Unidos\">Danza de las Guacamayas de Santa Cruz Verapaz vuela por 7 ciudades de Estados Unidos<\/a><\/h2><\/header><div class=\"eael-entry-content\">\n                        <div class=\"eael-grid-post-excerpt\"><a href=\"https:\/\/soymigrante.com\/revista\/danza-maya-de-las-guacamayas-impresiona-en-estados-unidos\/\" class=\"eael-post-elements-readmore-btn\">CONOCE SU HISTORIA <\/a><\/div>\n                    <\/div><\/div><\/div>\n        <\/div>\n    <\/article><article class=\"eael-grid-post  eael-post-grid-column eael-pg-post-8882 category-guate-nuestra\" data-id=\"8882\">\n        <div class=\"eael-grid-post-holder\">\n            <div class=\"eael-grid-post-holder-inner\"><div class=\"eael-entry-media\"><div class=\"eael-entry-overlay fade-in\"><i class=\"far fa-hand-pointer\" aria-hidden=\"true\"><\/i><a href=\"https:\/\/soymigrante.com\/revista\/zaculeu-antigua-capital-mam-no-deja-de-sorprender\/\"><\/a><\/div><div class=\"eael-entry-thumbnail \">\n                <img loading=\"lazy\" decoding=\"async\" width=\"1024\" height=\"1024\" src=\"https:\/\/soymigrante.com\/revista\/wp-content\/uploads\/2024\/09\/Zaculue2-1024x1024.webp\" class=\"attachment-large size-large wp-image-8887\" alt=\"Ancient Mayan pyramids in Mexico, archaeological site surrounded by lush green forests, showcasing Mayan architecture and history, part of the cultural heritage featured in SoyMigrante.com REVISTA.\" srcset=\"https:\/\/soymigrante.com\/revista\/wp-content\/uploads\/2024\/09\/Zaculue2-1024x1024.webp 1024w, https:\/\/soymigrante.com\/revista\/wp-content\/uploads\/2024\/09\/Zaculue2-300x300.webp 300w, https:\/\/soymigrante.com\/revista\/wp-content\/uploads\/2024\/09\/Zaculue2-150x150.webp 150w, https:\/\/soymigrante.com\/revista\/wp-content\/uploads\/2024\/09\/Zaculue2-768x768.webp 768w, https:\/\/soymigrante.com\/revista\/wp-content\/uploads\/2024\/09\/Zaculue2-75x75.webp 75w, https:\/\/soymigrante.com\/revista\/wp-content\/uploads\/2024\/09\/Zaculue2-750x750.webp 750w, https:\/\/soymigrante.com\/revista\/wp-content\/uploads\/2024\/09\/Zaculue2.webp 1080w\" sizes=\"(max-width: 1024px) 100vw, 1024px\" \/>\n            <\/div>\n        <\/div><div class=\"eael-entry-wrapper\"><header class=\"eael-entry-header\"><h2 class=\"eael-entry-title\"><a class=\"eael-grid-post-link\" href=\"https:\/\/soymigrante.com\/revista\/zaculeu-antigua-capital-mam-no-deja-de-sorprender\/\" title=\"Zaculeu, antigua capital Mam no deja de sorprender\">Zaculeu, antigua capital Mam no deja de sorprender<\/a><\/h2><\/header><div class=\"eael-entry-content\">\n                        <div class=\"eael-grid-post-excerpt\"><a href=\"https:\/\/soymigrante.com\/revista\/zaculeu-antigua-capital-mam-no-deja-de-sorprender\/\" class=\"eael-post-elements-readmore-btn\">CONOCE SU HISTORIA <\/a><\/div>\n                    <\/div><\/div><\/div>\n        <\/div>\n    <\/article><\/div>\n            <div class=\"clearfix\"><\/div>\n        <\/div>\t\t\t\t<\/div>\n\t\t\t\t\t<\/div>\n\t\t\t\t<\/div>\n\t\t\t\t<\/div>\n\t\t","protected":false},"excerpt":{"rendered":"<p>La poblaci\u00f3n hispana en Estados Unidos super\u00f3 los 63 millones de habitantes, seg\u00fan informe del sitio estad\u00edstico Statista. \u00a1C\u00f3mo no sentirse orgulloso t\u00fa y tus hijos de la herencia que representa la cultura latina! Los 63 millones de habla hispana representan un 19.1% de la poblaci\u00f3n estadounidense, entre ellos hablamos de culturas como la mexicana, [&hellip;]<\/p>\n","protected":false},"author":23,"featured_media":9912,"comment_status":"open","ping_status":"open","sticky":false,"template":"","format":"standard","meta":{"_acf_changed":true,"_eb_attr":"","footnotes":""},"categories":[55],"tags":[],"class_list":["post-9908","post","type-post","status-publish","format-standard","has-post-thumbnail","hentry","category-bienestar"],"acf":[],"aioseo_notices":[],"aioseo_head":"\n\t\t<!-- All in One SEO Pro 4.9.6.2 - aioseo.com -->\n\t<meta name=\"description\" content=\"El r\u00edo Selegua y la aldea del mismo nombre, rodean este sitio arqueol\u00f3gico y hacen de esta ciudad postcl\u00e1sica emblema de la cultura Mam.\" \/>\n\t<meta name=\"robots\" content=\"max-snippet:-1, max-image-preview:large, max-video-preview:-1\" \/>\n\t<meta name=\"author\" content=\"Beatriz Tercero\"\/>\n\t<link rel=\"canonical\" href=\"https:\/\/soymigrante.com\/revista\/zaculeu-antigua-capital-mam-no-deja-de-sorprender\/\" \/>\n\t<meta name=\"generator\" content=\"All in One SEO Pro (AIOSEO) 4.9.6.2\" \/>\n\n\t\t<link rel=\"preconnect\" href=\"https:\/\/fonts.googleapis.com\" crossorigin>\n<link rel=\"preconnect\" href=\"https:\/\/fonts.gstatic.com\" crossorigin>\n\t\t<meta property=\"og:locale\" content=\"es_ES\" \/>\n\t\t<meta property=\"og:site_name\" content=\"SoyMigrante.com REVISTA \u2013 Nuestra misi\u00f3n es reconocer y dignificar al migrante.\" \/>\n\t\t<meta property=\"og:type\" content=\"article\" \/>\n\t\t<meta property=\"og:title\" content=\"Zaculeu, capital del se\u00f1or\u00edo Mam sigue deslumbrando\" \/>\n\t\t<meta property=\"og:description\" content=\"El r\u00edo Selegua y la aldea del mismo nombre, rodean este sitio arqueol\u00f3gico y hacen de esta ciudad postcl\u00e1sica emblema de la cultura Mam.\" \/>\n\t\t<meta property=\"og:url\" content=\"https:\/\/soymigrante.com\/revista\/zaculeu-antigua-capital-mam-no-deja-de-sorprender\/\" \/>\n\t\t<meta property=\"og:image\" content=\"https:\/\/soymigrante.com\/revista\/wp-content\/uploads\/2024\/09\/Zaculue2.webp\" \/>\n\t\t<meta property=\"og:image:secure_url\" content=\"https:\/\/soymigrante.com\/revista\/wp-content\/uploads\/2024\/09\/Zaculue2.webp\" \/>\n\t\t<meta property=\"og:image:width\" content=\"1080\" \/>\n\t\t<meta property=\"og:image:height\" content=\"1080\" \/>\n\t\t<meta property=\"article:published_time\" content=\"2024-09-10T20:13:56+00:00\" \/>\n\t\t<meta property=\"article:modified_time\" content=\"2024-09-10T20:20:03+00:00\" \/>\n\t\t<meta property=\"article:publisher\" content=\"https:\/\/www.facebook.com\/soymigrantecom\" \/>\n\t\t<meta name=\"twitter:card\" content=\"summary_large_image\" \/>\n\t\t<meta name=\"twitter:site\" content=\"@SoyMigrante_com\" \/>\n\t\t<meta name=\"twitter:title\" content=\"Zaculeu, capital del se\u00f1or\u00edo Mam sigue deslumbrando\" \/>\n\t\t<meta name=\"twitter:description\" content=\"El r\u00edo Selegua y la aldea del mismo nombre, rodean este sitio arqueol\u00f3gico y hacen de esta ciudad postcl\u00e1sica emblema de la cultura Mam.\" \/>\n\t\t<meta name=\"twitter:creator\" content=\"@SoyMigrante_com\" \/>\n\t\t<meta name=\"twitter:image\" content=\"https:\/\/soymigrante.com\/revista\/wp-content\/uploads\/2024\/09\/Zaculue2.webp\" \/>\n\t\t<!-- All in One SEO Pro -->\r\n\t\t<title>Zaculeu, capital del se\u00f1or\u00edo Mam sigue deslumbrando<\/title>\n\n","aioseo_head_json":{"title":"Zaculeu, capital del se\u00f1or\u00edo Mam sigue deslumbrando","description":"El r\u00edo Selegua y la aldea del mismo nombre, rodean este sitio arqueol\u00f3gico y hacen de esta ciudad postcl\u00e1sica emblema de la cultura Mam.","canonical_url":"https:\/\/soymigrante.com\/revista\/zaculeu-antigua-capital-mam-no-deja-de-sorprender\/","robots":"max-snippet:-1, max-image-preview:large, max-video-preview:-1","keywords":"","webmasterTools":{"miscellaneous":"&lt;link rel=\"preconnect\" href=\"https:\/\/fonts.googleapis.com\" crossorigin&gt;\n&lt;link rel=\"preconnect\" href=\"https:\/\/fonts.gstatic.com\" crossorigin&gt;"},"schema":null,"og:locale":"es_ES","og:site_name":"SoyMigrante.com REVISTA \u2013 Nuestra misi\u00f3n es reconocer y dignificar al migrante.","og:type":"article","og:title":"Zaculeu, capital del se\u00f1or\u00edo Mam sigue deslumbrando","og:description":"El r\u00edo Selegua y la aldea del mismo nombre, rodean este sitio arqueol\u00f3gico y hacen de esta ciudad postcl\u00e1sica emblema de la cultura Mam.","og:url":"https:\/\/soymigrante.com\/revista\/zaculeu-antigua-capital-mam-no-deja-de-sorprender\/","og:image":"https:\/\/soymigrante.com\/revista\/wp-content\/uploads\/2024\/09\/Zaculue2.webp","og:image:secure_url":"https:\/\/soymigrante.com\/revista\/wp-content\/uploads\/2024\/09\/Zaculue2.webp","og:image:width":1080,"og:image:height":1080,"article:published_time":"2024-09-10T20:13:56+00:00","article:modified_time":"2024-09-10T20:20:03+00:00","article:publisher":"https:\/\/www.facebook.com\/soymigrantecom","twitter:card":"summary_large_image","twitter:site":"@SoyMigrante_com","twitter:title":"Zaculeu, capital del se\u00f1or\u00edo Mam sigue deslumbrando","twitter:description":"El r\u00edo Selegua y la aldea del mismo nombre, rodean este sitio arqueol\u00f3gico y hacen de esta ciudad postcl\u00e1sica emblema de la cultura Mam.","twitter:creator":"@SoyMigrante_com","twitter:image":"https:\/\/soymigrante.com\/revista\/wp-content\/uploads\/2024\/09\/Zaculue2.webp"},"aioseo_meta_data":{"post_id":"9908","title":"C\u00f3mo cultivar el orgullo cultural latino a tus hijos","description":"La poblaci\u00f3n hispana en Estados Unidos super\u00f3 los 63 millones de habitantes, seg\u00fan informe del sitio estad\u00edstico Statista","keywords":null,"keyphrases":{"focus":{"keyphrase":"orgullo cultural","score":51,"analysis":{"keyphraseInTitle":{"score":9,"maxScore":9,"error":0},"keyphraseInDescription":{"score":3,"maxScore":9,"error":1},"keyphraseLength":{"score":9,"maxScore":9,"error":0,"length":2},"keyphraseInURL":{"score":5,"maxScore":5,"error":0},"keyphraseInIntroduction":{"score":3,"maxScore":9,"error":1},"keyphraseInSubHeadings":{"score":3,"maxScore":9,"error":1},"keyphraseInImageAlt":{"score":3,"maxScore":9,"error":1},"keywordDensity":{"score":0,"type":"low","maxScore":9,"error":1}}},"additional":[{"keyphrase":"migrante","score":40,"analysis":{"keyphraseInDescription":{"score":3,"maxScore":9,"error":1},"keyphraseLength":{"score":9,"maxScore":9,"error":0,"length":1},"keyphraseInIntroduction":{"score":3,"maxScore":9,"error":1},"keyphraseInImageAlt":{"score":3,"maxScore":9,"error":1},"keywordDensity":{"score":0,"type":"low","maxScore":9,"error":1}}},{"keyphrase":"soy guatemalteco","score":40,"analysis":{"keyphraseInDescription":{"score":3,"maxScore":9,"error":1},"keyphraseLength":{"score":9,"maxScore":9,"error":0,"length":2},"keyphraseInIntroduction":{"score":3,"maxScore":9,"error":1},"keyphraseInImageAlt":{"score":3,"maxScore":9,"error":1},"keywordDensity":{"score":0,"type":"low","maxScore":9,"error":1}}},{"keyphrase":"cultura","score":40,"analysis":{"keyphraseInDescription":{"score":3,"maxScore":9,"error":1},"keyphraseLength":{"score":9,"maxScore":9,"error":0,"length":1},"keyphraseInIntroduction":{"score":3,"maxScore":9,"error":1},"keyphraseInImageAlt":{"score":3,"maxScore":9,"error":1},"keywordDensity":{"type":"high","score":0,"maxScore":9,"error":1}}}]},"primary_term":null,"canonical_url":null,"og_title":null,"og_description":null,"og_object_type":"default","og_image_type":"default","og_image_url":null,"og_image_width":null,"og_image_height":null,"og_image_custom_url":null,"og_image_custom_fields":null,"og_video":"","og_custom_url":null,"og_article_section":null,"og_article_tags":null,"twitter_use_og":false,"twitter_card":"default","twitter_image_type":"default","twitter_image_url":null,"twitter_image_custom_url":null,"twitter_image_custom_fields":null,"twitter_title":null,"twitter_description":null,"schema":{"blockGraphs":[],"customGraphs":[],"default":{"data":{"Article":[],"Course":[],"Dataset":[],"FAQPage":[],"Movie":[],"Person":[],"Product":[],"ProductReview":[],"Car":[],"Recipe":[],"Service":[],"SoftwareApplication":[],"WebPage":[]},"graphName":"Article","isEnabled":true},"graphs":[]},"schema_type":"default","schema_type_options":null,"pillar_content":false,"robots_default":true,"robots_noindex":false,"robots_noarchive":false,"robots_nosnippet":false,"robots_nofollow":false,"robots_noimageindex":false,"robots_noodp":false,"robots_notranslate":false,"robots_max_snippet":"-1","robots_max_videopreview":"-1","robots_max_imagepreview":"large","priority":null,"frequency":"default","local_seo":null,"seo_analyzer_scan_date":"2025-10-08 23:30:17","breadcrumb_settings":null,"limit_modified_date":false,"reviewed_by":null,"open_ai":"{\"title\":{\"suggestions\":[],\"usage\":0},\"description\":{\"suggestions\":[],\"usage\":0}}","ai":null,"created":"2024-10-01 19:15:17","updated":"2026-02-04 14:10:25"},"aioseo_breadcrumb":"<div class=\"aioseo-breadcrumbs\"><span class=\"aioseo-breadcrumb\">\n\t<a href=\"https:\/\/soymigrante.com\/revista\" title=\"Home\">Home<\/a>\n<\/span><span class=\"aioseo-breadcrumb-separator\">\u00bb<\/span><span class=\"aioseo-breadcrumb\">\n\t<a href=\"https:\/\/soymigrante.com\/revista\/category\/bienestar\/\" title=\"Bienestar\">Bienestar<\/a>\n<\/span><span class=\"aioseo-breadcrumb-separator\">\u00bb<\/span><span class=\"aioseo-breadcrumb\">\n\tC\u00f3mo cultivar el orgullo cultural latino a tus hijos en Estados Unidos\n<\/span><\/div>","aioseo_breadcrumb_json":[{"label":"Home","link":"https:\/\/soymigrante.com\/revista"},{"label":"Bienestar","link":"https:\/\/soymigrante.com\/revista\/category\/bienestar\/"},{"label":"C\u00f3mo cultivar el orgullo cultural latino a tus hijos en Estados Unidos","link":"https:\/\/soymigrante.com\/revista\/como-cultivar-el-orgullo-cultural-latino-a-tus-hijos-en-estados-unidos\/"}],"_links":{"self":[{"href":"https:\/\/soymigrante.com\/revista\/wp-json\/wp\/v2\/posts\/9908","targetHints":{"allow":["GET"]}}],"collection":[{"href":"https:\/\/soymigrante.com\/revista\/wp-json\/wp\/v2\/posts"}],"about":[{"href":"https:\/\/soymigrante.com\/revista\/wp-json\/wp\/v2\/types\/post"}],"author":[{"embeddable":true,"href":"https:\/\/soymigrante.com\/revista\/wp-json\/wp\/v2\/users\/23"}],"replies":[{"embeddable":true,"href":"https:\/\/soymigrante.com\/revista\/wp-json\/wp\/v2\/comments?post=9908"}],"version-history":[{"count":0,"href":"https:\/\/soymigrante.com\/revista\/wp-json\/wp\/v2\/posts\/9908\/revisions"}],"wp:featuredmedia":[{"embeddable":true,"href":"https:\/\/soymigrante.com\/revista\/wp-json\/wp\/v2\/media\/9912"}],"wp:attachment":[{"href":"https:\/\/soymigrante.com\/revista\/wp-json\/wp\/v2\/media?parent=9908"}],"wp:term":[{"taxonomy":"category","embeddable":true,"href":"https:\/\/soymigrante.com\/revista\/wp-json\/wp\/v2\/categories?post=9908"},{"taxonomy":"post_tag","embeddable":true,"href":"https:\/\/soymigrante.com\/revista\/wp-json\/wp\/v2\/tags?post=9908"}],"curies":[{"name":"wp","href":"https:\/\/api.w.org\/{rel}","templated":true}]}}