{"id":9902,"date":"2024-10-02T13:49:37","date_gmt":"2024-10-02T19:49:37","guid":{"rendered":"https:\/\/soymigrante.com\/revista\/?p=9902"},"modified":"2024-10-02T14:00:04","modified_gmt":"2024-10-02T20:00:04","slug":"la-falta-de-educacion-formal-limitaciones-y-oportunidades","status":"publish","type":"post","link":"https:\/\/soymigrante.com\/revista\/la-falta-de-educacion-formal-limitaciones-y-oportunidades\/","title":{"rendered":"La falta de educaci\u00f3n formal: limitaciones y oportunidades"},"content":{"rendered":"\t\t<div data-elementor-type=\"wp-post\" data-elementor-id=\"9902\" class=\"elementor elementor-9902\" data-elementor-post-type=\"post\">\n\t\t\t\t<div data-particle_enable=\"false\" data-particle-mobile-disabled=\"false\" class=\"elementor-element elementor-element-e99e2ce e-flex e-con-boxed e-con e-parent\" data-id=\"e99e2ce\" data-element_type=\"container\" data-e-type=\"container\">\n\t\t\t\t\t<div class=\"e-con-inner\">\n\t\t\t\t<div class=\"elementor-element elementor-element-f46664f elementor-widget elementor-widget-heading\" data-id=\"f46664f\" data-element_type=\"widget\" data-e-type=\"widget\" data-widget_type=\"heading.default\">\n\t\t\t\t\t<h2 class=\"elementor-heading-title elementor-size-default\">A pesar de las limitaciones que conlleva la falta de educaci\u00f3n formal, es crucial recordar que nunca es tarde para aprender.<\/h2>\t\t\t\t<\/div>\n\t\t\t\t\t<\/div>\n\t\t\t\t<\/div>\n\t\t<div data-particle_enable=\"false\" data-particle-mobile-disabled=\"false\" class=\"elementor-element elementor-element-5878c88 e-flex e-con-boxed e-con e-parent\" data-id=\"5878c88\" data-element_type=\"container\" data-e-type=\"container\">\n\t\t\t\t\t<div class=\"e-con-inner\">\n\t\t\t\t<div class=\"elementor-element elementor-element-ea00008 elementor-widget elementor-widget-text-editor\" data-id=\"ea00008\" data-element_type=\"widget\" data-e-type=\"widget\" data-widget_type=\"text-editor.default\">\n\t\t\t\t\t\t\t\t\t<p>La educaci\u00f3n es uno de los pilares fundamentales para el desarrollo personal y profesional,<a href=\"https:\/\/soymigrante.com\/revista\/networking-puede-marcar-la-mejora-de-tu-vida-laboral\/\" target=\"_blank\" rel=\"noopener\"> y para muchos, la falta de acceso a una educaci\u00f3n formal es un obst\u00e1culo que puede marcar profundamente sus vidas.<\/a> En diversas regiones del mundo, miles de personas se ven privadas de oportunidades educativas debido a factores como la pobreza, el aislamiento geogr\u00e1fico, la inestabilidad pol\u00edtica o las desigualdades sociales. Sin embargo, aunque la falta de educaci\u00f3n formal puede traer consigo numerosas limitaciones, nunca es tarde para aprender y abrir nuevos caminos hacia un futuro mejor.<\/p>\t\t\t\t\t\t\t\t<\/div>\n\t\t\t\t\t<\/div>\n\t\t\t\t<\/div>\n\t\t<div data-particle_enable=\"false\" data-particle-mobile-disabled=\"false\" class=\"elementor-element elementor-element-5f56a5d e-flex e-con-boxed e-con e-parent\" data-id=\"5f56a5d\" data-element_type=\"container\" data-e-type=\"container\">\n\t\t\t\t\t<div class=\"e-con-inner\">\n\t\t\t\t<div class=\"elementor-element elementor-element-5c091fd elementor-widget elementor-widget-heading\" data-id=\"5c091fd\" data-element_type=\"widget\" data-e-type=\"widget\" data-widget_type=\"heading.default\">\n\t\t\t\t\t<h3 class=\"elementor-heading-title elementor-size-default\">Limitaciones a enfrentar sin una educaci\u00f3n formal<\/h3>\t\t\t\t<\/div>\n\t\t\t\t\t<\/div>\n\t\t\t\t<\/div>\n\t\t<div data-particle_enable=\"false\" data-particle-mobile-disabled=\"false\" class=\"elementor-element elementor-element-5002a0a e-flex e-con-boxed e-con e-parent\" data-id=\"5002a0a\" data-element_type=\"container\" data-e-type=\"container\">\n\t\t\t\t\t<div class=\"e-con-inner\">\n\t\t\t\t<div class=\"elementor-element elementor-element-98c84f2 elementor-widget elementor-widget-text-editor\" data-id=\"98c84f2\" data-element_type=\"widget\" data-e-type=\"widget\" data-widget_type=\"text-editor.default\">\n\t\t\t\t\t\t\t\t\t<p>No haber tenido acceso a la educaci\u00f3n formal puede acarrear diversas dificultades a lo largo de la vida. Las siguientes son algunas de las principales limitaciones que quienes no han recibido una instrucci\u00f3n acad\u00e9mica estructurada pueden enfrentar:<\/p>\t\t\t\t\t\t\t\t<\/div>\n\t\t\t\t\t<\/div>\n\t\t\t\t<\/div>\n\t\t<div data-particle_enable=\"false\" data-particle-mobile-disabled=\"false\" class=\"elementor-element elementor-element-f85e1c6 e-flex e-con-boxed e-con e-parent\" data-id=\"f85e1c6\" data-element_type=\"container\" data-e-type=\"container\">\n\t\t\t\t\t<div class=\"e-con-inner\">\n\t\t\t\t<div class=\"elementor-element elementor-element-79c54e3 elementor-widget elementor-widget-text-editor\" data-id=\"79c54e3\" data-element_type=\"widget\" data-e-type=\"widget\" data-widget_type=\"text-editor.default\">\n\t\t\t\t\t\t\t\t\t<p><strong>1. Menores oportunidades laborales:<\/strong> <a href=\"https:\/\/soymigrante.com\/revista\/networking-puede-marcar-la-mejora-de-tu-vida-laboral\/\" target=\"_blank\" rel=\"noopener\">En el mundo laboral, los requisitos acad\u00e9micos suelen ser un filtro clave para acceder a empleos bien remunerados o con estabilidad.<\/a> Las personas sin un diploma de educaci\u00f3n secundaria o universitaria suelen verse relegadas a trabajos informales o mal pagados, con pocas o nulas posibilidades de crecimiento profesional.<\/p>\t\t\t\t\t\t\t\t<\/div>\n\t\t\t\t\t<\/div>\n\t\t\t\t<\/div>\n\t\t<div data-particle_enable=\"false\" data-particle-mobile-disabled=\"false\" class=\"elementor-element elementor-element-7d40e1f e-flex e-con-boxed e-con e-parent\" data-id=\"7d40e1f\" data-element_type=\"container\" data-e-type=\"container\">\n\t\t\t\t\t<div class=\"e-con-inner\">\n\t\t\t\t<div class=\"elementor-element elementor-element-39cb8a7 elementor-widget elementor-widget-text-editor\" data-id=\"39cb8a7\" data-element_type=\"widget\" data-e-type=\"widget\" data-widget_type=\"text-editor.default\">\n\t\t\t\t\t\t\t\t\t<p><strong>2. Dificultad para desarrollar habilidades cr\u00edticas:<\/strong> La educaci\u00f3n formal proporciona herramientas para desarrollar habilidades esenciales como el pensamiento cr\u00edtico, la resoluci\u00f3n de problemas y la capacidad de an\u00e1lisis. Estas habilidades no solo son necesarias para la vida laboral, sino tambi\u00e9n para enfrentar situaciones cotidianas de manera efectiva y tomar decisiones informadas.<\/p>\t\t\t\t\t\t\t\t<\/div>\n\t\t\t\t\t<\/div>\n\t\t\t\t<\/div>\n\t\t<div data-particle_enable=\"false\" data-particle-mobile-disabled=\"false\" class=\"elementor-element elementor-element-520c5e2 e-flex e-con-boxed e-con e-parent\" data-id=\"520c5e2\" data-element_type=\"container\" data-e-type=\"container\">\n\t\t\t\t\t<div class=\"e-con-inner\">\n\t\t\t\t<div class=\"elementor-element elementor-element-41af725 elementor-widget elementor-widget-text-editor\" data-id=\"41af725\" data-element_type=\"widget\" data-e-type=\"widget\" data-widget_type=\"text-editor.default\">\n\t\t\t\t\t\t\t\t\t<p><strong>3. Limitaciones en el acceso a la informaci\u00f3n:<\/strong> Sin educaci\u00f3n formal, el acceso a informaci\u00f3n puede ser limitado, especialmente en un mundo donde el conocimiento especializado es cada vez m\u00e1s valioso. La comprensi\u00f3n de textos complejos o el uso de herramientas digitales avanzadas pueden ser barreras dif\u00edciles de superar para quienes no han recibido una formaci\u00f3n acad\u00e9mica.<\/p>\t\t\t\t\t\t\t\t<\/div>\n\t\t\t\t\t<\/div>\n\t\t\t\t<\/div>\n\t\t<div data-particle_enable=\"false\" data-particle-mobile-disabled=\"false\" class=\"elementor-element elementor-element-e6dda1e e-flex e-con-boxed e-con e-parent\" data-id=\"e6dda1e\" data-element_type=\"container\" data-e-type=\"container\">\n\t\t\t\t\t<div class=\"e-con-inner\">\n\t\t\t\t<div class=\"elementor-element elementor-element-aeae2c1 elementor-widget elementor-widget-text-editor\" data-id=\"aeae2c1\" data-element_type=\"widget\" data-e-type=\"widget\" data-widget_type=\"text-editor.default\">\n\t\t\t\t\t\t\t\t\t<p><strong>4. Mayor vulnerabilidad social y econ\u00f3mica:<\/strong> Las personas sin educaci\u00f3n formal tienden a ser m\u00e1s vulnerables ante las crisis econ\u00f3micas, la falta de acceso a servicios b\u00e1sicos o las injusticias laborales. <a href=\"https:\/\/soymigrante.com\/revista\/networking-puede-marcar-la-mejora-de-tu-vida-laboral\/\" target=\"_blank\" rel=\"noopener\">Al no contar con las habilidades o el conocimiento necesario para defender sus derechos o mejorar sus condiciones<\/a>, pueden quedar atrapadas en ciclos de pobreza.<\/p>\t\t\t\t\t\t\t\t<\/div>\n\t\t\t\t\t<\/div>\n\t\t\t\t<\/div>\n\t\t<div data-particle_enable=\"false\" data-particle-mobile-disabled=\"false\" class=\"elementor-element elementor-element-246cfed e-flex e-con-boxed e-con e-parent\" data-id=\"246cfed\" data-element_type=\"container\" data-e-type=\"container\">\n\t\t\t\t\t<div class=\"e-con-inner\">\n\t\t\t\t<div class=\"elementor-element elementor-element-437a1b9 elementor-widget elementor-widget-text-editor\" data-id=\"437a1b9\" data-element_type=\"widget\" data-e-type=\"widget\" data-widget_type=\"text-editor.default\">\n\t\t\t\t\t\t\t\t\t<p><strong>5. Desigualdades generacionales:<\/strong> Sin acceso a la educaci\u00f3n formal, las oportunidades de crecimiento y desarrollo para las futuras generaciones tambi\u00e9n se ven comprometidas. Los hijos de personas sin educaci\u00f3n formal tienen m\u00e1s probabilidades de enfrentar las mismas barreras que sus padres, perpetuando la desigualdad.<\/p>\t\t\t\t\t\t\t\t<\/div>\n\t\t\t\t\t<\/div>\n\t\t\t\t<\/div>\n\t\t<div data-particle_enable=\"false\" data-particle-mobile-disabled=\"false\" class=\"elementor-element elementor-element-6bca23f e-flex e-con-boxed e-con e-parent\" data-id=\"6bca23f\" data-element_type=\"container\" data-e-type=\"container\">\n\t\t\t\t\t<div class=\"e-con-inner\">\n\t\t\t\t<div class=\"elementor-element elementor-element-66e149c elementor-widget elementor-widget-video\" data-id=\"66e149c\" data-element_type=\"widget\" data-e-type=\"widget\" data-settings=\"{&quot;youtube_url&quot;:&quot;https:\\\/\\\/www.youtube.com\\\/watch?v=t52DzuHOG5w&quot;,&quot;video_type&quot;:&quot;youtube&quot;,&quot;controls&quot;:&quot;yes&quot;}\" data-widget_type=\"video.default\">\n\t\t\t\t\t\t\t<div class=\"elementor-wrapper elementor-open-inline\">\n\t\t\t<div class=\"elementor-video\"><\/div>\t\t<\/div>\n\t\t\t\t\t\t<\/div>\n\t\t\t\t\t<\/div>\n\t\t\t\t<\/div>\n\t\t<div data-particle_enable=\"false\" data-particle-mobile-disabled=\"false\" class=\"elementor-element elementor-element-542821e e-flex e-con-boxed e-con e-parent\" data-id=\"542821e\" data-element_type=\"container\" data-e-type=\"container\">\n\t\t\t\t\t<div class=\"e-con-inner\">\n\t\t\t\t<div class=\"elementor-element elementor-element-43f14f3 elementor-widget elementor-widget-heading\" data-id=\"43f14f3\" data-element_type=\"widget\" data-e-type=\"widget\" data-widget_type=\"heading.default\">\n\t\t\t\t\t<h3 class=\"elementor-heading-title elementor-size-default\">Nunca es tarde para aprender: La educaci\u00f3n como un camino en constante evoluci\u00f3n<\/h3>\t\t\t\t<\/div>\n\t\t\t\t\t<\/div>\n\t\t\t\t<\/div>\n\t\t<div data-particle_enable=\"false\" data-particle-mobile-disabled=\"false\" class=\"elementor-element elementor-element-c194cda e-flex e-con-boxed e-con e-parent\" data-id=\"c194cda\" data-element_type=\"container\" data-e-type=\"container\">\n\t\t\t\t\t<div class=\"e-con-inner\">\n\t\t\t\t<div class=\"elementor-element elementor-element-6e8f53d elementor-widget elementor-widget-text-editor\" data-id=\"6e8f53d\" data-element_type=\"widget\" data-e-type=\"widget\" data-widget_type=\"text-editor.default\">\n\t\t\t\t\t\t\t\t\t<p>A pesar de las limitaciones que conlleva la falta de <a href=\"https:\/\/soymigrante.com\/revista\/networking-puede-marcar-la-mejora-de-tu-vida-laboral\/\" target=\"_blank\" rel=\"noopener\">educaci\u00f3n formal, es crucial recordar que nunca es tarde para aprender.<\/a> Existen m\u00faltiples caminos para acceder a la educaci\u00f3n, aunque no sea a trav\u00e9s de los m\u00e9todos convencionales. A lo largo de la historia, muchas personas han demostrado que es posible superar las barreras educativas y lograr grandes cosas a trav\u00e9s de la autodisciplina, la curiosidad y la perseverancia.<\/p>\t\t\t\t\t\t\t\t<\/div>\n\t\t\t\t\t<\/div>\n\t\t\t\t<\/div>\n\t\t<div data-particle_enable=\"false\" data-particle-mobile-disabled=\"false\" class=\"elementor-element elementor-element-61e0639 e-flex e-con-boxed e-con e-parent\" data-id=\"61e0639\" data-element_type=\"container\" data-e-type=\"container\">\n\t\t\t\t\t<div class=\"e-con-inner\">\n\t\t\t\t<div class=\"elementor-element elementor-element-a489fb5 elementor-widget elementor-widget-text-editor\" data-id=\"a489fb5\" data-element_type=\"widget\" data-e-type=\"widget\" data-widget_type=\"text-editor.default\">\n\t\t\t\t\t\t\t\t\t<p><strong>1. Aprendizaje autodidacta:<\/strong> En la era de la informaci\u00f3n, el acceso a conocimientos est\u00e1 m\u00e1s al alcance que nunca. Internet ofrece una cantidad casi ilimitada de recursos educativos, desde videos y tutoriales hasta cursos gratuitos en plataformas de aprendizaje. El autodidactismo permite que cualquier persona, sin importar su nivel acad\u00e9mico, pueda aprender sobre una variedad de temas y desarrollar nuevas habilidades.<\/p>\t\t\t\t\t\t\t\t<\/div>\n\t\t\t\t\t<\/div>\n\t\t\t\t<\/div>\n\t\t<div data-particle_enable=\"false\" data-particle-mobile-disabled=\"false\" class=\"elementor-element elementor-element-c62df60 e-flex e-con-boxed e-con e-parent\" data-id=\"c62df60\" data-element_type=\"container\" data-e-type=\"container\">\n\t\t\t\t\t<div class=\"e-con-inner\">\n\t\t\t\t<div class=\"elementor-element elementor-element-37088ea elementor-widget elementor-widget-text-editor\" data-id=\"37088ea\" data-element_type=\"widget\" data-e-type=\"widget\" data-widget_type=\"text-editor.default\">\n\t\t\t\t\t\t\t\t\t<p><strong>2. Educaci\u00f3n t\u00e9cnica y vocacional:<\/strong> <a href=\"https:\/\/soymigrante.com\/revista\/networking-puede-marcar-la-mejora-de-tu-vida-laboral\/\" target=\"_blank\" rel=\"noopener\">Los programas de formaci\u00f3n t\u00e9cnica y vocacional son una excelente alternativa para quienes no han tenido acceso a la educaci\u00f3n formal<\/a>, pero desean adquirir habilidades pr\u00e1cticas y directamente aplicables en el mundo laboral. Este tipo de educaci\u00f3n est\u00e1 dise\u00f1ada para ser accesible y asequible, y puede ofrecer una v\u00eda r\u00e1pida hacia mejores oportunidades laborales.<\/p>\t\t\t\t\t\t\t\t<\/div>\n\t\t\t\t\t<\/div>\n\t\t\t\t<\/div>\n\t\t<div data-particle_enable=\"false\" data-particle-mobile-disabled=\"false\" class=\"elementor-element elementor-element-34c3e38 e-flex e-con-boxed e-con e-parent\" data-id=\"34c3e38\" data-element_type=\"container\" data-e-type=\"container\">\n\t\t\t\t\t<div class=\"e-con-inner\">\n\t\t\t\t<div class=\"elementor-element elementor-element-cd52f39 elementor-widget elementor-widget-text-editor\" data-id=\"cd52f39\" data-element_type=\"widget\" data-e-type=\"widget\" data-widget_type=\"text-editor.default\">\n\t\t\t\t\t\t\t\t\t<p><strong>3. Escuelas para adultos y programas de alfabetizaci\u00f3n:<\/strong> En muchos pa\u00edses existen programas de educaci\u00f3n para adultos que permiten a personas de cualquier edad obtener un t\u00edtulo de educaci\u00f3n secundaria o aprender a leer y escribir. Estos programas ofrecen una segunda oportunidad para aquellos que, por diversas razones, no pudieron completar su educaci\u00f3n en su juventud.<\/p>\t\t\t\t\t\t\t\t<\/div>\n\t\t\t\t\t<\/div>\n\t\t\t\t<\/div>\n\t\t<div data-particle_enable=\"false\" data-particle-mobile-disabled=\"false\" class=\"elementor-element elementor-element-6375f53 e-flex e-con-boxed e-con e-parent\" data-id=\"6375f53\" data-element_type=\"container\" data-e-type=\"container\">\n\t\t\t\t\t<div class=\"e-con-inner\">\n\t\t\t\t<div class=\"elementor-element elementor-element-1bb2016 elementor-widget elementor-widget-text-editor\" data-id=\"1bb2016\" data-element_type=\"widget\" data-e-type=\"widget\" data-widget_type=\"text-editor.default\">\n\t\t\t\t\t\t\t\t\t<p><strong>4. Desarrollo de habilidades blandas:<\/strong> Las habilidades blandas, como la comunicaci\u00f3n efectiva, la empat\u00eda y el trabajo en equipo, son tan importantes como las habilidades t\u00e9cnicas. Estas habilidades se pueden desarrollar a lo largo de la vida y no dependen exclusivamente de una educaci\u00f3n formal. Participar en actividades comunitarias, voluntariados o proyectos colaborativos puede ayudar a fortalecer estas capacidades.<\/p>\t\t\t\t\t\t\t\t<\/div>\n\t\t\t\t\t<\/div>\n\t\t\t\t<\/div>\n\t\t<div data-particle_enable=\"false\" data-particle-mobile-disabled=\"false\" class=\"elementor-element elementor-element-86d90ff e-flex e-con-boxed e-con e-parent\" data-id=\"86d90ff\" data-element_type=\"container\" data-e-type=\"container\">\n\t\t\t\t\t<div class=\"e-con-inner\">\n\t\t\t\t<div class=\"elementor-element elementor-element-84bc763 elementor-widget elementor-widget-text-editor\" data-id=\"84bc763\" data-element_type=\"widget\" data-e-type=\"widget\" data-widget_type=\"text-editor.default\">\n\t\t\t\t\t\t\t\t\t<p><strong>5. Fomento del esp\u00edritu emprendedor:<\/strong> <a href=\"https:\/\/soymigrante.com\/revista\/networking-puede-marcar-la-mejora-de-tu-vida-laboral\/\" target=\"_blank\" rel=\"noopener\">La falta de educaci\u00f3n formal no debe ser una barrera para emprender.<\/a> De hecho, muchas personas que carecen de estudios avanzados han encontrado el \u00e9xito al crear sus propios negocios, bas\u00e1ndose en sus conocimientos pr\u00e1cticos y en su capacidad para adaptarse y aprender sobre la marcha. El esp\u00edritu emprendedor puede ser una poderosa herramienta para superar las barreras educativas.<\/p>\t\t\t\t\t\t\t\t<\/div>\n\t\t\t\t\t<\/div>\n\t\t\t\t<\/div>\n\t\t<div data-particle_enable=\"false\" data-particle-mobile-disabled=\"false\" class=\"elementor-element elementor-element-382438c e-flex e-con-boxed e-con e-parent\" data-id=\"382438c\" data-element_type=\"container\" data-e-type=\"container\">\n\t\t\t\t\t<div class=\"e-con-inner\">\n\t\t\t\t<div class=\"elementor-element elementor-element-74c0d8a elementor-widget elementor-widget-video\" data-id=\"74c0d8a\" data-element_type=\"widget\" data-e-type=\"widget\" data-settings=\"{&quot;youtube_url&quot;:&quot;https:\\\/\\\/www.youtube.com\\\/watch?v=0xLwYHyO1Dw&quot;,&quot;video_type&quot;:&quot;youtube&quot;,&quot;controls&quot;:&quot;yes&quot;}\" data-widget_type=\"video.default\">\n\t\t\t\t\t\t\t<div class=\"elementor-wrapper elementor-open-inline\">\n\t\t\t<div class=\"elementor-video\"><\/div>\t\t<\/div>\n\t\t\t\t\t\t<\/div>\n\t\t\t\t\t<\/div>\n\t\t\t\t<\/div>\n\t\t<div data-particle_enable=\"false\" data-particle-mobile-disabled=\"false\" class=\"elementor-element elementor-element-74f130e e-flex e-con-boxed e-con e-parent\" data-id=\"74f130e\" data-element_type=\"container\" data-e-type=\"container\">\n\t\t\t\t\t<div class=\"e-con-inner\">\n\t\t\t\t<div class=\"elementor-element elementor-element-28769fb elementor-widget elementor-widget-heading\" data-id=\"28769fb\" data-element_type=\"widget\" data-e-type=\"widget\" data-widget_type=\"heading.default\">\n\t\t\t\t\t<h3 class=\"elementor-heading-title elementor-size-default\">La educaci\u00f3n: Un derecho universal<\/h3>\t\t\t\t<\/div>\n\t\t\t\t\t<\/div>\n\t\t\t\t<\/div>\n\t\t<div data-particle_enable=\"false\" data-particle-mobile-disabled=\"false\" class=\"elementor-element elementor-element-0fa33ea e-flex e-con-boxed e-con e-parent\" data-id=\"0fa33ea\" data-element_type=\"container\" data-e-type=\"container\">\n\t\t\t\t\t<div class=\"e-con-inner\">\n\t\t\t\t<div class=\"elementor-element elementor-element-5a28720 elementor-widget elementor-widget-text-editor\" data-id=\"5a28720\" data-element_type=\"widget\" data-e-type=\"widget\" data-widget_type=\"text-editor.default\">\n\t\t\t\t\t\t\t\t\t<p>Es importante recordar que, aunque existen alternativas para quienes no han tenido acceso a la educaci\u00f3n formal, el derecho a una educaci\u00f3n de calidad debe ser garantizado para todos. Los gobiernos y las sociedades tienen la responsabilidad de trabajar juntos para asegurar que las nuevas generaciones tengan acceso a las herramientas educativas necesarias para enfrentar los desaf\u00edos del futuro.<\/p><p><a href=\"https:\/\/soymigrante.com\/revista\/networking-puede-marcar-la-mejora-de-tu-vida-laboral\/\" target=\"_blank\" rel=\"noopener\">En \u00faltima instancia, la falta de educaci\u00f3n formal no debe ser vista como un obst\u00e1culo insuperable, sino como un desaf\u00edo<\/a> que puede abordarse mediante el esfuerzo, la motivaci\u00f3n y las oportunidades que ofrece el aprendizaje a lo largo de la vida. Porque, como reza el dicho: &#8220;Nunca es tarde para aprender&#8221;. El conocimiento est\u00e1 ah\u00ed, esperando a ser descubierto, y el primer paso para acceder a \u00e9l es la voluntad de seguir adelante, sin importar las circunstancias.<\/p>\t\t\t\t\t\t\t\t<\/div>\n\t\t\t\t\t<\/div>\n\t\t\t\t<\/div>\n\t\t<div data-particle_enable=\"false\" data-particle-mobile-disabled=\"false\" class=\"elementor-element elementor-element-d5c4d59 e-flex e-con-boxed e-con e-parent\" data-id=\"d5c4d59\" data-element_type=\"container\" data-e-type=\"container\">\n\t\t\t\t\t<div class=\"e-con-inner\">\n\t\t\t\t<div class=\"elementor-element elementor-element-ace7c08 elementor-widget elementor-widget-heading\" data-id=\"ace7c08\" data-element_type=\"widget\" data-e-type=\"widget\" data-widget_type=\"heading.default\">\n\t\t\t\t\t<h2 class=\"elementor-heading-title elementor-size-default\">Te puede interesar...<\/h2>\t\t\t\t<\/div>\n\t\t\t\t\t<\/div>\n\t\t\t\t<\/div>\n\t\t<div data-particle_enable=\"false\" data-particle-mobile-disabled=\"false\" class=\"elementor-element elementor-element-b7b7d79 e-flex e-con-boxed e-con e-parent\" data-id=\"b7b7d79\" data-element_type=\"container\" data-e-type=\"container\">\n\t\t\t\t\t<div class=\"e-con-inner\">\n\t\t\t\t<div class=\"elementor-element elementor-element-4cebbaa elementor-widget elementor-widget-blfe-post-grid\" data-id=\"4cebbaa\" data-element_type=\"widget\" data-e-type=\"widget\" data-settings=\"{&quot;columns&quot;:&quot;3&quot;,&quot;columns_tablet&quot;:&quot;6&quot;,&quot;columns_mobile&quot;:&quot;12&quot;,&quot;hero1_layout_column_gap&quot;:{&quot;unit&quot;:&quot;px&quot;,&quot;size&quot;:30,&quot;sizes&quot;:[]},&quot;hero1_layout_column_gap_tablet&quot;:{&quot;unit&quot;:&quot;px&quot;,&quot;size&quot;:&quot;&quot;,&quot;sizes&quot;:[]},&quot;hero1_layout_column_gap_mobile&quot;:{&quot;unit&quot;:&quot;px&quot;,&quot;size&quot;:&quot;&quot;,&quot;sizes&quot;:[]},&quot;hero1_layout_row_gap&quot;:{&quot;unit&quot;:&quot;px&quot;,&quot;size&quot;:30,&quot;sizes&quot;:[]},&quot;hero1_layout_row_gap_tablet&quot;:{&quot;unit&quot;:&quot;px&quot;,&quot;size&quot;:&quot;&quot;,&quot;sizes&quot;:[]},&quot;hero1_layout_row_gap_mobile&quot;:{&quot;unit&quot;:&quot;px&quot;,&quot;size&quot;:&quot;&quot;,&quot;sizes&quot;:[]}}\" data-widget_type=\"blfe-post-grid.hero1\">\n\t\t\t\t<div class=\"elementor-widget-container\">\n\t\t\t\t\t\n                        <div class=\"blfe-post-grid-container \">\n            \n                <div data-skin=\"hero1\" class=\"blfe-row blfe-posts-inner blfe-hero1 blfe-posts-inner blfe-col-3 blfe-col-tab-6 blfe-col-mob-12     \">\n                            <div class=\"blfe-post-grid-item\">\n            <div class=\"blfe-post-grid-item-inner blfe-modern-zoom\">\n                        <div class=\"blfe-post-grid-bg-image\">\n            <a class=\"blfe-post-grid-image-inner\" href=\"https:\/\/soymigrante.com\/revista\/prevenir-riesgo-de-ictus-o-derrame-cerebral-consejos\/\" title=\"\u00bfSabes c\u00f3mo se puede prevenir el riesgo de ictus o derrame cerebral?\" rel=\"nofollow\" target=\"_blank\"><img decoding=\"async\" src=\"https:\/\/soymigrante.com\/revista\/wp-content\/uploads\/2025\/05\/Prevenir-un-derrame-cerebral-la-importancia-de-conocer-los-riesgos1-e1747851437235.webp\" alt=\"\u00bfSabes c\u00f3mo se puede prevenir el riesgo de ictus o derrame cerebral?\"\/><\/a>        <\/div>\n                        <div class=\"blfe-post-grid-details\">\n                    <div class=\"blfe-post-grid-details-inner\">\n                        <span class=\"blfe-post-category\"><a href=\"https:\/\/soymigrante.com\/revista\/category\/bienestar\/\">Bienestar<\/a><\/span>                        <h3 class=\"blfe-post-grid-title\">\n            <a href=\"https:\/\/soymigrante.com\/revista\/prevenir-riesgo-de-ictus-o-derrame-cerebral-consejos\/\" title=\"\u00bfSabes c\u00f3mo se puede prevenir el riesgo de ictus o derrame cerebral?\" rel=\"nofollow\" target=\"_blank\">\u00bfSabes c\u00f3mo se puede prevenir el riesgo de ictus o derrame cerebral?<\/a>\n            <\/h3>                                                            <div class=\"blfe-post-grid-meta\">\n                <span class=\"blfe-post-grid-time\"><i class=\"fas fa-book-reader\"><\/i>3 Min read<\/span>            <\/div>\n                                                        <\/div>\n                <\/div>\n\n            <\/div>\n        <\/div>\n                <div class=\"blfe-post-grid-item\">\n            <div class=\"blfe-post-grid-item-inner blfe-modern-zoom\">\n                        <div class=\"blfe-post-grid-bg-image\">\n            <a class=\"blfe-post-grid-image-inner\" href=\"https:\/\/soymigrante.com\/revista\/como-ensenar-a-los-ninos-a-reconocer-y-vencer-la-frustracion\/\" title=\"Como ense\u00f1ar a los ni\u00f1os a reconocer y vencer la frustraci\u00f3n\" rel=\"nofollow\" target=\"_blank\"><img decoding=\"async\" src=\"https:\/\/soymigrante.com\/revista\/wp-content\/uploads\/2024\/06\/footballer-5010770_1280-e1718137863274.webp\" alt=\"Como ense\u00f1ar a los ni\u00f1os a reconocer y vencer la frustraci\u00f3n\"\/><\/a>        <\/div>\n                        <div class=\"blfe-post-grid-details\">\n                    <div class=\"blfe-post-grid-details-inner\">\n                        <span class=\"blfe-post-category\"><a href=\"https:\/\/soymigrante.com\/revista\/category\/bienestar\/\">Bienestar<\/a><\/span>                        <h3 class=\"blfe-post-grid-title\">\n            <a href=\"https:\/\/soymigrante.com\/revista\/como-ensenar-a-los-ninos-a-reconocer-y-vencer-la-frustracion\/\" title=\"Como ense\u00f1ar a los ni\u00f1os a reconocer y vencer la frustraci\u00f3n\" rel=\"nofollow\" target=\"_blank\">Como ense\u00f1ar a los ni\u00f1os a reconocer y vencer la frustraci\u00f3n<\/a>\n            <\/h3>                                                            <div class=\"blfe-post-grid-meta\">\n                <span class=\"blfe-post-grid-time\"><i class=\"fas fa-book-reader\"><\/i>5 Min read<\/span>            <\/div>\n                                                        <\/div>\n                <\/div>\n\n            <\/div>\n        <\/div>\n                <div class=\"blfe-post-grid-item\">\n            <div class=\"blfe-post-grid-item-inner blfe-modern-zoom\">\n                        <div class=\"blfe-post-grid-bg-image\">\n            <a class=\"blfe-post-grid-image-inner\" href=\"https:\/\/soymigrante.com\/revista\/como-afrontar-la-perdida-de-una-mascota\/\" title=\"C\u00f3mo afrontar la p\u00e9rdida de una mascota\" rel=\"nofollow\" target=\"_blank\"><img decoding=\"async\" src=\"https:\/\/soymigrante.com\/revista\/wp-content\/uploads\/2025\/07\/Como-afrontar-el-duelo-por-la-perdida-de-una-mascota3-e1751927054258.webp\" alt=\"C\u00f3mo afrontar la p\u00e9rdida de una mascota\"\/><\/a>        <\/div>\n                        <div class=\"blfe-post-grid-details\">\n                    <div class=\"blfe-post-grid-details-inner\">\n                        <span class=\"blfe-post-category\"><a href=\"https:\/\/soymigrante.com\/revista\/category\/bienestar\/salud-emocional\/\">Salud Emocional<\/a><\/span>                        <h3 class=\"blfe-post-grid-title\">\n            <a href=\"https:\/\/soymigrante.com\/revista\/como-afrontar-la-perdida-de-una-mascota\/\" title=\"C\u00f3mo afrontar la p\u00e9rdida de una mascota\" rel=\"nofollow\" target=\"_blank\">C\u00f3mo afrontar la p\u00e9rdida de una mascota<\/a>\n            <\/h3>                                                            <div class=\"blfe-post-grid-meta\">\n                <span class=\"blfe-post-grid-time\"><i class=\"fas fa-book-reader\"><\/i>3 Min read<\/span>            <\/div>\n                                                        <\/div>\n                <\/div>\n\n            <\/div>\n        <\/div>\n                        <\/div>\n\n                        <\/div>\n            \n                        <div class=\"blfe-post-footer\">\n                        <\/div>\n            \t\t\t\t<\/div>\n\t\t\t\t<\/div>\n\t\t\t\t\t<\/div>\n\t\t\t\t<\/div>\n\t\t\t\t<\/div>\n\t\t","protected":false},"excerpt":{"rendered":"<p>A pesar de las limitaciones que conlleva la falta de educaci\u00f3n formal, es crucial recordar que nunca es tarde para aprender. La educaci\u00f3n es uno de los pilares fundamentales para el desarrollo personal y profesional, y para muchos, la falta de acceso a una educaci\u00f3n formal es un obst\u00e1culo que puede marcar profundamente sus vidas. [&hellip;]<\/p>\n","protected":false},"author":19,"featured_media":9952,"comment_status":"open","ping_status":"open","sticky":false,"template":"","format":"standard","meta":{"_acf_changed":false,"_eb_attr":"","footnotes":""},"categories":[55],"tags":[],"class_list":["post-9902","post","type-post","status-publish","format-standard","has-post-thumbnail","hentry","category-bienestar"],"acf":[],"aioseo_notices":[],"aioseo_head":"\n\t\t<!-- All in One SEO Pro 4.9.6.2 - aioseo.com -->\n\t<meta name=\"description\" content=\"Para muchas personas, una mascota no es solo un animal de compa\u00f1\u00eda, sino parte de la familia. Cuando muere, el dolor y el duelo puede ser profundo.\" \/>\n\t<meta name=\"robots\" content=\"max-snippet:-1, max-image-preview:large, max-video-preview:-1\" \/>\n\t<meta name=\"author\" content=\"Marysabel Aldana\"\/>\n\t<link rel=\"canonical\" href=\"https:\/\/soymigrante.com\/revista\/como-afrontar-la-perdida-de-una-mascota\/\" \/>\n\t<meta name=\"generator\" content=\"All in One SEO Pro (AIOSEO) 4.9.6.2\" \/>\n\n\t\t<link rel=\"preconnect\" href=\"https:\/\/fonts.googleapis.com\" crossorigin>\n<link rel=\"preconnect\" href=\"https:\/\/fonts.gstatic.com\" crossorigin>\n\t\t<meta property=\"og:locale\" content=\"es_ES\" \/>\n\t\t<meta property=\"og:site_name\" content=\"SoyMigrante.com REVISTA \u2013 Nuestra misi\u00f3n es reconocer y dignificar al migrante.\" \/>\n\t\t<meta property=\"og:type\" content=\"article\" \/>\n\t\t<meta property=\"og:title\" content=\"C\u00f3mo afrontar la p\u00e9rdida de una mascota\" \/>\n\t\t<meta property=\"og:description\" content=\"Para muchas personas, una mascota no es solo un animal de compa\u00f1\u00eda, sino parte de la familia. Cuando muere, el dolor y el duelo puede ser profundo.\" \/>\n\t\t<meta property=\"og:url\" content=\"https:\/\/soymigrante.com\/revista\/como-afrontar-la-perdida-de-una-mascota\/\" \/>\n\t\t<meta property=\"og:image\" content=\"https:\/\/soymigrante.com\/revista\/wp-content\/uploads\/2025\/07\/Como-afrontar-el-duelo-por-la-perdida-de-una-mascota3-e1751927054258.webp\" \/>\n\t\t<meta property=\"og:image:secure_url\" content=\"https:\/\/soymigrante.com\/revista\/wp-content\/uploads\/2025\/07\/Como-afrontar-el-duelo-por-la-perdida-de-una-mascota3-e1751927054258.webp\" \/>\n\t\t<meta property=\"og:image:width\" content=\"1600\" \/>\n\t\t<meta property=\"og:image:height\" content=\"1066\" \/>\n\t\t<meta property=\"article:published_time\" content=\"2025-07-08T10:00:00+00:00\" \/>\n\t\t<meta property=\"article:modified_time\" content=\"2025-08-27T15:36:44+00:00\" \/>\n\t\t<meta property=\"article:publisher\" content=\"https:\/\/www.facebook.com\/soymigrantecom\" \/>\n\t\t<meta name=\"twitter:card\" content=\"summary_large_image\" \/>\n\t\t<meta name=\"twitter:site\" content=\"@SoyMigrante_com\" \/>\n\t\t<meta name=\"twitter:title\" content=\"C\u00f3mo afrontar la p\u00e9rdida de una mascota\" \/>\n\t\t<meta name=\"twitter:description\" content=\"Para muchas personas, una mascota no es solo un animal de compa\u00f1\u00eda, sino parte de la familia. Cuando muere, el dolor y el duelo puede ser profundo.\" \/>\n\t\t<meta name=\"twitter:creator\" content=\"@SoyMigrante_com\" \/>\n\t\t<meta name=\"twitter:image\" content=\"https:\/\/soymigrante.com\/revista\/wp-content\/uploads\/2025\/07\/Como-afrontar-el-duelo-por-la-perdida-de-una-mascota3-e1751927054258.webp\" \/>\n\t\t<!-- All in One SEO Pro -->\r\n\t\t<title>C\u00f3mo afrontar la p\u00e9rdida de una mascota<\/title>\n\n","aioseo_head_json":{"title":"C\u00f3mo afrontar la p\u00e9rdida de una mascota","description":"Para muchas personas, una mascota no es solo un animal de compa\u00f1\u00eda, sino parte de la familia. Cuando muere, el dolor y el duelo puede ser profundo.","canonical_url":"https:\/\/soymigrante.com\/revista\/como-afrontar-la-perdida-de-una-mascota\/","robots":"max-snippet:-1, max-image-preview:large, max-video-preview:-1","keywords":"","webmasterTools":{"miscellaneous":"&lt;link rel=\"preconnect\" href=\"https:\/\/fonts.googleapis.com\" crossorigin&gt;\n&lt;link rel=\"preconnect\" href=\"https:\/\/fonts.gstatic.com\" crossorigin&gt;"},"schema":null,"og:locale":"es_ES","og:site_name":"SoyMigrante.com REVISTA \u2013 Nuestra misi\u00f3n es reconocer y dignificar al migrante.","og:type":"article","og:title":"C\u00f3mo afrontar la p\u00e9rdida de una mascota","og:description":"Para muchas personas, una mascota no es solo un animal de compa\u00f1\u00eda, sino parte de la familia. Cuando muere, el dolor y el duelo puede ser profundo.","og:url":"https:\/\/soymigrante.com\/revista\/como-afrontar-la-perdida-de-una-mascota\/","og:image":"https:\/\/soymigrante.com\/revista\/wp-content\/uploads\/2025\/07\/Como-afrontar-el-duelo-por-la-perdida-de-una-mascota3-e1751927054258.webp","og:image:secure_url":"https:\/\/soymigrante.com\/revista\/wp-content\/uploads\/2025\/07\/Como-afrontar-el-duelo-por-la-perdida-de-una-mascota3-e1751927054258.webp","og:image:width":1600,"og:image:height":1066,"article:published_time":"2025-07-08T10:00:00+00:00","article:modified_time":"2025-08-27T15:36:44+00:00","article:publisher":"https:\/\/www.facebook.com\/soymigrantecom","twitter:card":"summary_large_image","twitter:site":"@SoyMigrante_com","twitter:title":"C\u00f3mo afrontar la p\u00e9rdida de una mascota","twitter:description":"Para muchas personas, una mascota no es solo un animal de compa\u00f1\u00eda, sino parte de la familia. Cuando muere, el dolor y el duelo puede ser profundo.","twitter:creator":"@SoyMigrante_com","twitter:image":"https:\/\/soymigrante.com\/revista\/wp-content\/uploads\/2025\/07\/Como-afrontar-el-duelo-por-la-perdida-de-una-mascota3-e1751927054258.webp"},"aioseo_meta_data":{"post_id":"9902","title":null,"description":"A pesar de las limitaciones que conlleva la falta de educaci\u00f3n formal, es crucial recordar que nunca es tarde para aprender.","keywords":null,"keyphrases":{"focus":{"keyphrase":"Limitaciones","score":100,"analysis":{"keyphraseInTitle":{"score":9,"maxScore":9,"error":0},"keyphraseInDescription":{"score":9,"maxScore":9,"error":0},"keyphraseLength":{"score":9,"maxScore":9,"error":0,"length":1},"keyphraseInURL":{"score":5,"maxScore":5,"error":0},"keyphraseInIntroduction":{"score":9,"maxScore":9,"error":0},"keyphraseInSubHeadings":{"score":9,"maxScore":9,"error":0},"keyphraseInImageAlt":{"score":9,"maxScore":9,"error":0},"keywordDensity":{"type":"best","score":9,"maxScore":9,"error":0}}},"additional":[{"keyphrase":"oportunidades","score":67,"analysis":{"keyphraseInDescription":{"score":3,"maxScore":9,"error":1},"keyphraseLength":{"score":9,"maxScore":9,"error":0,"length":1},"keyphraseInIntroduction":{"score":9,"maxScore":9,"error":0},"keyphraseInImageAlt":{"score":9,"maxScore":9,"error":0},"keywordDensity":{"score":0,"type":"low","maxScore":9,"error":1}}},{"keyphrase":"limitaciones","score":100,"analysis":{"keyphraseInDescription":{"score":9,"maxScore":9,"error":0},"keyphraseLength":{"score":9,"maxScore":9,"error":0,"length":1},"keyphraseInIntroduction":{"score":9,"maxScore":9,"error":0},"keyphraseInImageAlt":{"score":9,"maxScore":9,"error":0},"keywordDensity":{"type":"best","score":9,"maxScore":9,"error":0}}}]},"primary_term":null,"canonical_url":null,"og_title":null,"og_description":null,"og_object_type":"default","og_image_type":"default","og_image_url":null,"og_image_width":null,"og_image_height":null,"og_image_custom_url":null,"og_image_custom_fields":null,"og_video":"","og_custom_url":null,"og_article_section":null,"og_article_tags":null,"twitter_use_og":false,"twitter_card":"default","twitter_image_type":"default","twitter_image_url":null,"twitter_image_custom_url":null,"twitter_image_custom_fields":null,"twitter_title":null,"twitter_description":null,"schema":{"blockGraphs":[],"customGraphs":[],"default":{"data":{"Article":[],"Course":[],"Dataset":[],"FAQPage":[],"Movie":[],"Person":[],"Product":[],"ProductReview":[],"Car":[],"Recipe":[],"Service":[],"SoftwareApplication":[],"WebPage":[]},"graphName":"Article","isEnabled":true},"graphs":[]},"schema_type":"default","schema_type_options":null,"pillar_content":false,"robots_default":true,"robots_noindex":false,"robots_noarchive":false,"robots_nosnippet":false,"robots_nofollow":false,"robots_noimageindex":false,"robots_noodp":false,"robots_notranslate":false,"robots_max_snippet":"-1","robots_max_videopreview":"-1","robots_max_imagepreview":"large","priority":null,"frequency":"default","local_seo":null,"seo_analyzer_scan_date":"2025-10-08 23:28:15","breadcrumb_settings":null,"limit_modified_date":false,"reviewed_by":null,"open_ai":"{\"title\":{\"suggestions\":[],\"usage\":0},\"description\":{\"suggestions\":[],\"usage\":0}}","ai":null,"created":"2024-10-01 18:09:13","updated":"2026-02-04 14:07:21"},"aioseo_breadcrumb":"<div class=\"aioseo-breadcrumbs\"><span class=\"aioseo-breadcrumb\">\n\t<a href=\"https:\/\/soymigrante.com\/revista\" title=\"Home\">Home<\/a>\n<\/span><span class=\"aioseo-breadcrumb-separator\">\u00bb<\/span><span class=\"aioseo-breadcrumb\">\n\t<a href=\"https:\/\/soymigrante.com\/revista\/category\/bienestar\/\" title=\"Bienestar\">Bienestar<\/a>\n<\/span><span class=\"aioseo-breadcrumb-separator\">\u00bb<\/span><span class=\"aioseo-breadcrumb\">\n\tLa falta de educaci\u00f3n formal: limitaciones y oportunidades\n<\/span><\/div>","aioseo_breadcrumb_json":[{"label":"Home","link":"https:\/\/soymigrante.com\/revista"},{"label":"Bienestar","link":"https:\/\/soymigrante.com\/revista\/category\/bienestar\/"},{"label":"La falta de educaci\u00f3n formal: limitaciones y oportunidades","link":"https:\/\/soymigrante.com\/revista\/la-falta-de-educacion-formal-limitaciones-y-oportunidades\/"}],"_links":{"self":[{"href":"https:\/\/soymigrante.com\/revista\/wp-json\/wp\/v2\/posts\/9902","targetHints":{"allow":["GET"]}}],"collection":[{"href":"https:\/\/soymigrante.com\/revista\/wp-json\/wp\/v2\/posts"}],"about":[{"href":"https:\/\/soymigrante.com\/revista\/wp-json\/wp\/v2\/types\/post"}],"author":[{"embeddable":true,"href":"https:\/\/soymigrante.com\/revista\/wp-json\/wp\/v2\/users\/19"}],"replies":[{"embeddable":true,"href":"https:\/\/soymigrante.com\/revista\/wp-json\/wp\/v2\/comments?post=9902"}],"version-history":[{"count":0,"href":"https:\/\/soymigrante.com\/revista\/wp-json\/wp\/v2\/posts\/9902\/revisions"}],"wp:featuredmedia":[{"embeddable":true,"href":"https:\/\/soymigrante.com\/revista\/wp-json\/wp\/v2\/media\/9952"}],"wp:attachment":[{"href":"https:\/\/soymigrante.com\/revista\/wp-json\/wp\/v2\/media?parent=9902"}],"wp:term":[{"taxonomy":"category","embeddable":true,"href":"https:\/\/soymigrante.com\/revista\/wp-json\/wp\/v2\/categories?post=9902"},{"taxonomy":"post_tag","embeddable":true,"href":"https:\/\/soymigrante.com\/revista\/wp-json\/wp\/v2\/tags?post=9902"}],"curies":[{"name":"wp","href":"https:\/\/api.w.org\/{rel}","templated":true}]}}