{"id":9883,"date":"2024-09-30T16:47:04","date_gmt":"2024-09-30T22:47:04","guid":{"rendered":"https:\/\/soymigrante.com\/revista\/?p=9883"},"modified":"2024-10-31T22:01:59","modified_gmt":"2024-11-01T04:01:59","slug":"obispo-de-l-a-aboga-por-tps-en-misa-de-jornada-del-migrante","status":"publish","type":"post","link":"https:\/\/soymigrante.com\/revista\/obispo-de-l-a-aboga-por-tps-en-misa-de-jornada-del-migrante\/","title":{"rendered":"Obispo de Los Angeles aboga por TPS en misa de jornada del migrante"},"content":{"rendered":"\t\t<div data-elementor-type=\"wp-post\" data-elementor-id=\"9883\" class=\"elementor elementor-9883\" data-elementor-post-type=\"post\">\n\t\t\t\t<div data-particle_enable=\"false\" data-particle-mobile-disabled=\"false\" class=\"elementor-element elementor-element-4185505 e-flex e-con-boxed e-con e-parent\" data-id=\"4185505\" data-element_type=\"container\" data-e-type=\"container\">\n\t\t\t\t\t<div class=\"e-con-inner\">\n\t\t\t\t<div class=\"elementor-element elementor-element-1318519 elementor-widget elementor-widget-heading\" data-id=\"1318519\" data-element_type=\"widget\" data-e-type=\"widget\" data-widget_type=\"heading.default\">\n\t\t\t\t\t<h2 class=\"elementor-heading-title elementor-size-default\">La Jornada Mundial del Migrante y Refugiado fue, en Los Angeles, California, un d\u00eda para visibilizar la lucha de los guatemaltecos por el TPS y de todos los hispanos por un futuro m\u00e1s pr\u00f3spero en la Uni\u00f3n Americana.<\/h2>\t\t\t\t<\/div>\n\t\t\t\t\t<\/div>\n\t\t\t\t<\/div>\n\t\t<div data-particle_enable=\"false\" data-particle-mobile-disabled=\"false\" class=\"elementor-element elementor-element-894739b e-flex e-con-boxed e-con e-parent\" data-id=\"894739b\" data-element_type=\"container\" data-e-type=\"container\">\n\t\t\t\t\t<div class=\"e-con-inner\">\n\t\t\t\t<div class=\"elementor-element elementor-element-d87af88 elementor-widget elementor-widget-text-editor\" data-id=\"d87af88\" data-element_type=\"widget\" data-e-type=\"widget\" data-widget_type=\"text-editor.default\">\n\t\t\t\t\t\t\t\t\t<p>El 29 de septiembre se celebra la Jornada Mundial del Migrante y Refugiado, una fecha proclamada por la Iglesia Cat\u00f3lica para recordar la realidad que viven millones de personas que, a causa de la violencia, la pobreza o la falta de oportunidades, se ven obligadas a dejar sus pa\u00edses en busca de un futuro mejor.<\/p><p>Este a\u00f1o, la conmemoraci\u00f3n adquiere un significado especial para la comunidad guatemalteca en Estados Unidos, quienes llevan meses impulsando la aprobaci\u00f3n del<a href=\"https:\/\/soymigrante.com\/revista\/municipalidades-se-han-unido-a-peticion-de-tps-guatemalteco\/\" target=\"_blank\" rel=\"noopener\"> Estatus de Protecci\u00f3n Temporal (TPS)<\/a> como una medida de alivio para miles de migrantes.<\/p><p>En el marco de la Jornada Mundial del Migrante y Refugiado, decenas de guatemaltecos se reunieron en Los \u00c1ngeles para participar en una misa especial, donde recibieron una bendici\u00f3n por su lucha migratoria. El acto, que estuvo lleno de solidaridad y apoyo, fue liderado por un obispo de la arquidi\u00f3cesis de Los \u00c1ngeles, quien abog\u00f3 por los derechos de los guatemaltecos, recordando la importancia de la compasi\u00f3n y la justicia para todos los migrantes. El obispo hizo un llamado a las autoridades estadounidenses a proteger a quienes han huido de la violencia y la pobreza, y a darles la oportunidad de vivir y trabajar con dignidad.<\/p><p>La participaci\u00f3n de la comunidad guatemalteca en la misa no solo reafirm\u00f3 su fe, <a href=\"https:\/\/soymigrante.com\/revista\/municipalidades-se-han-unido-a-peticion-de-tps-guatemalteco\/\" target=\"_blank\" rel=\"noopener\">sino tambi\u00e9n su compromiso con la lucha por el TPS,<\/a> una causa que contin\u00faa uniendo a cientos de migrantes en todo Estados Unidos.<\/p>\t\t\t\t\t\t\t\t<\/div>\n\t\t\t\t\t<\/div>\n\t\t\t\t<\/div>\n\t\t<div data-particle_enable=\"false\" data-particle-mobile-disabled=\"false\" class=\"elementor-element elementor-element-8b25ef2 e-flex e-con-boxed e-con e-parent\" data-id=\"8b25ef2\" data-element_type=\"container\" data-e-type=\"container\">\n\t\t\t\t\t<div class=\"e-con-inner\">\n\t\t\t\t<div class=\"elementor-element elementor-element-e6a09dc elementor-widget elementor-widget-facebook-embed\" data-id=\"e6a09dc\" data-element_type=\"widget\" data-e-type=\"widget\" data-widget_type=\"facebook-embed.default\">\n\t\t\t\t\t<div style=\"min-height: 1px\" class=\"elementor-facebook-widget fb-post\" data-href=\"https:\/\/www.facebook.com\/tolita.laapostolita.5\/videos\/1545412789206231\" data-show-text=\"false\"><\/div>\t\t\t\t<\/div>\n\t\t\t\t\t<\/div>\n\t\t\t\t<\/div>\n\t\t<div data-particle_enable=\"false\" data-particle-mobile-disabled=\"false\" class=\"elementor-element elementor-element-3e409cd e-flex e-con-boxed e-con e-parent\" data-id=\"3e409cd\" data-element_type=\"container\" data-e-type=\"container\">\n\t\t\t\t\t<div class=\"e-con-inner\">\n\t\t\t\t<div class=\"elementor-element elementor-element-fb16fe3 elementor-widget elementor-widget-heading\" data-id=\"fb16fe3\" data-element_type=\"widget\" data-e-type=\"widget\" data-widget_type=\"heading.default\">\n\t\t\t\t\t<h3 class=\"elementor-heading-title elementor-size-default\">La realidad de los guatemaltecos en el exilio<\/h3>\t\t\t\t<\/div>\n\t\t\t\t\t<\/div>\n\t\t\t\t<\/div>\n\t\t<div data-particle_enable=\"false\" data-particle-mobile-disabled=\"false\" class=\"elementor-element elementor-element-29591fd e-flex e-con-boxed e-con e-parent\" data-id=\"29591fd\" data-element_type=\"container\" data-e-type=\"container\">\n\t\t\t\t\t<div class=\"e-con-inner\">\n\t\t\t\t<div class=\"elementor-element elementor-element-df18ee1 elementor-widget elementor-widget-text-editor\" data-id=\"df18ee1\" data-element_type=\"widget\" data-e-type=\"widget\" data-widget_type=\"text-editor.default\">\n\t\t\t\t\t\t\t\t\t<p>Miles de guatemaltecos han emigrado a Estados Unidos en busca de seguridad y mejores condiciones de vida, enfrentando en el camino enormes desaf\u00edos. La mayor\u00eda de ellos se han asentado en estados como California, Texas y Florida, donde contribuyen de manera significativa a las econom\u00edas locales, trabajando en la agricultura, la construcci\u00f3n y otros sectores. Sin embargo, su estatus migratorio irregular los deja en una situaci\u00f3n de vulnerabilidad extrema.<\/p><p><a href=\"https:\/\/soymigrante.com\/revista\/municipalidades-se-han-unido-a-peticion-de-tps-guatemalteco\/\" target=\"_blank\" rel=\"noopener\">El TPS, que ha sido otorgado a ciudadanos de otros pa\u00edses en condiciones similares<\/a>, les permitir\u00eda vivir y trabajar legalmente en EE.UU., brind\u00e1ndoles una protecci\u00f3n temporal frente a la deportaci\u00f3n. Los guatemaltecos, quienes enfrentan una situaci\u00f3n de inestabilidad pol\u00edtica y social en su pa\u00eds, contin\u00faan en su lucha para ser incluidos en este programa.<\/p>\t\t\t\t\t\t\t\t<\/div>\n\t\t\t\t\t<\/div>\n\t\t\t\t<\/div>\n\t\t<div data-particle_enable=\"false\" data-particle-mobile-disabled=\"false\" class=\"elementor-element elementor-element-a806ff1 e-flex e-con-boxed e-con e-parent\" data-id=\"a806ff1\" data-element_type=\"container\" data-e-type=\"container\">\n\t\t\t\t\t<div class=\"e-con-inner\">\n\t\t\t\t<div class=\"elementor-element elementor-element-37f0153 elementor-widget elementor-widget-gallery\" data-id=\"37f0153\" data-element_type=\"widget\" data-e-type=\"widget\" data-settings=\"{&quot;columns&quot;:2,&quot;lazyload&quot;:&quot;yes&quot;,&quot;gallery_layout&quot;:&quot;grid&quot;,&quot;columns_tablet&quot;:2,&quot;columns_mobile&quot;:1,&quot;gap&quot;:{&quot;unit&quot;:&quot;px&quot;,&quot;size&quot;:10,&quot;sizes&quot;:[]},&quot;gap_tablet&quot;:{&quot;unit&quot;:&quot;px&quot;,&quot;size&quot;:10,&quot;sizes&quot;:[]},&quot;gap_mobile&quot;:{&quot;unit&quot;:&quot;px&quot;,&quot;size&quot;:10,&quot;sizes&quot;:[]},&quot;link_to&quot;:&quot;file&quot;,&quot;aspect_ratio&quot;:&quot;3:2&quot;,&quot;overlay_background&quot;:&quot;yes&quot;,&quot;content_hover_animation&quot;:&quot;fade-in&quot;}\" data-widget_type=\"gallery.default\">\n\t\t\t\t\t\t\t<div class=\"elementor-gallery__container\">\n\t\t\t\t\t\t\t<a class=\"e-gallery-item elementor-gallery-item elementor-animated-content\" href=\"https:\/\/soymigrante.com\/revista\/wp-content\/uploads\/2024\/09\/Obispo-de-aboga-por-TPS-en-misa-de-jornada-del-migrante.webp\" data-elementor-open-lightbox=\"yes\" data-elementor-lightbox-slideshow=\"37f0153\" data-elementor-lightbox-title=\"Obispo de aboga por TPS en misa de jornada del migrante\" data-elementor-lightbox-description=\"Fotograf\u00eda de una ceremonia cat\u00f3lica en un templo, con sacerdotes vestidos con vestimentas lit\u00fargicas y la congregaci\u00f3n en oraci\u00f3n. La escena refleja tradici\u00f3n y fe.\" data-e-action-hash=\"#elementor-action%3Aaction%3Dlightbox%26settings%3DeyJpZCI6OTg4NSwidXJsIjoiaHR0cHM6XC9cL3NveW1pZ3JhbnRlLmNvbVwvcmV2aXN0YVwvd3AtY29udGVudFwvdXBsb2Fkc1wvMjAyNFwvMDlcL09iaXNwby1kZS1hYm9nYS1wb3ItVFBTLWVuLW1pc2EtZGUtam9ybmFkYS1kZWwtbWlncmFudGUud2VicCIsInNsaWRlc2hvdyI6IjM3ZjAxNTMifQ%3D%3D\">\n\t\t\t\t\t<div class=\"e-gallery-image elementor-gallery-item__image\" data-thumbnail=\"https:\/\/soymigrante.com\/revista\/wp-content\/uploads\/2024\/09\/Obispo-de-aboga-por-TPS-en-misa-de-jornada-del-migrante-768x432.webp\" data-width=\"768\" data-height=\"432\" aria-label=\"Celebraci\u00f3n religiosa en una iglesia con presencia de obispos y fieles durante una misa o ceremonia especial.\" role=\"img\" ><\/div>\n\t\t\t\t\t\t\t\t\t\t\t<div class=\"elementor-gallery-item__overlay\"><\/div>\n\t\t\t\t\t\t\t\t\t\t\t\t\t\t<\/a>\n\t\t\t\t\t\t\t<a class=\"e-gallery-item elementor-gallery-item elementor-animated-content\" href=\"https:\/\/soymigrante.com\/revista\/wp-content\/uploads\/2024\/09\/Obispo-de-aboga-por-TPS-en-misa-de-jornada-del-migrante2.webp\" data-elementor-open-lightbox=\"yes\" data-elementor-lightbox-slideshow=\"37f0153\" data-elementor-lightbox-title=\"Obispo de aboga por TPS en misa de jornada del migrante2\" data-elementor-lightbox-description=\"Obispo de L.A. aboga por TPS en misa de jornada del migrante\" data-e-action-hash=\"#elementor-action%3Aaction%3Dlightbox%26settings%3DeyJpZCI6OTg4NiwidXJsIjoiaHR0cHM6XC9cL3NveW1pZ3JhbnRlLmNvbVwvcmV2aXN0YVwvd3AtY29udGVudFwvdXBsb2Fkc1wvMjAyNFwvMDlcL09iaXNwby1kZS1hYm9nYS1wb3ItVFBTLWVuLW1pc2EtZGUtam9ybmFkYS1kZWwtbWlncmFudGUyLndlYnAiLCJzbGlkZXNob3ciOiIzN2YwMTUzIn0%3D\">\n\t\t\t\t\t<div class=\"e-gallery-image elementor-gallery-item__image\" data-thumbnail=\"https:\/\/soymigrante.com\/revista\/wp-content\/uploads\/2024\/09\/Obispo-de-aboga-por-TPS-en-misa-de-jornada-del-migrante2-768x576.webp\" data-width=\"768\" data-height=\"576\" aria-label=\"Diversidad cultural y comunidad migrante en evento religioso en una iglesia moderna, refleja integraci\u00f3n y participaci\u00f3n en actividades culturales y sociales.\" role=\"img\" ><\/div>\n\t\t\t\t\t\t\t\t\t\t\t<div class=\"elementor-gallery-item__overlay\"><\/div>\n\t\t\t\t\t\t\t\t\t\t\t\t\t\t<\/a>\n\t\t\t\t\t\t\t<a class=\"e-gallery-item elementor-gallery-item elementor-animated-content\" href=\"https:\/\/soymigrante.com\/revista\/wp-content\/uploads\/2024\/09\/Obispo-de-aboga-por-TPS-en-misa-de-jornada-del-migrante3.webp\" data-elementor-open-lightbox=\"yes\" data-elementor-lightbox-slideshow=\"37f0153\" data-elementor-lightbox-title=\"Obispo de L.A. aboga por TPS en misa de jornada del migrante\" data-elementor-lightbox-description=\"Obispo de L.A. aboga por TPS en misa de jornada del migrante\" data-e-action-hash=\"#elementor-action%3Aaction%3Dlightbox%26settings%3DeyJpZCI6OTg4NywidXJsIjoiaHR0cHM6XC9cL3NveW1pZ3JhbnRlLmNvbVwvcmV2aXN0YVwvd3AtY29udGVudFwvdXBsb2Fkc1wvMjAyNFwvMDlcL09iaXNwby1kZS1hYm9nYS1wb3ItVFBTLWVuLW1pc2EtZGUtam9ybmFkYS1kZWwtbWlncmFudGUzLndlYnAiLCJzbGlkZXNob3ciOiIzN2YwMTUzIn0%3D\">\n\t\t\t\t\t<div class=\"e-gallery-image elementor-gallery-item__image\" data-thumbnail=\"https:\/\/soymigrante.com\/revista\/wp-content\/uploads\/2024\/09\/Obispo-de-aboga-por-TPS-en-misa-de-jornada-del-migrante3-768x686.webp\" data-width=\"768\" data-height=\"686\" aria-label=\"Celebraci\u00f3n cultural ind\u00edgena con representantes y comunidad en evento de SoyMigrante.com REVISTA, resaltando diversidad y expresiones culturales en migrantes y comunidad en un espacio social.\" role=\"img\" ><\/div>\n\t\t\t\t\t\t\t\t\t\t\t<div class=\"elementor-gallery-item__overlay\"><\/div>\n\t\t\t\t\t\t\t\t\t\t\t\t\t\t<\/a>\n\t\t\t\t\t\t\t<a class=\"e-gallery-item elementor-gallery-item elementor-animated-content\" href=\"https:\/\/soymigrante.com\/revista\/wp-content\/uploads\/2024\/09\/Obispo-de-aboga-por-TPS-en-misa-de-jornada-del-migrante4.webp\" data-elementor-open-lightbox=\"yes\" data-elementor-lightbox-slideshow=\"37f0153\" data-elementor-lightbox-title=\"Obispo de aboga por TPS en misa de jornada del migrante4\" data-elementor-lightbox-description=\"Grupo diverso de personas en un evento cultural sobre migraci\u00f3n y comunidad, promoviendo la inclusi\u00f3n, la diversidad y la valoraci\u00f3n de las ra\u00edces culturales en espacios institucionales.\" data-e-action-hash=\"#elementor-action%3Aaction%3Dlightbox%26settings%3DeyJpZCI6OTg4OCwidXJsIjoiaHR0cHM6XC9cL3NveW1pZ3JhbnRlLmNvbVwvcmV2aXN0YVwvd3AtY29udGVudFwvdXBsb2Fkc1wvMjAyNFwvMDlcL09iaXNwby1kZS1hYm9nYS1wb3ItVFBTLWVuLW1pc2EtZGUtam9ybmFkYS1kZWwtbWlncmFudGU0LndlYnAiLCJzbGlkZXNob3ciOiIzN2YwMTUzIn0%3D\">\n\t\t\t\t\t<div class=\"e-gallery-image elementor-gallery-item__image\" data-thumbnail=\"https:\/\/soymigrante.com\/revista\/wp-content\/uploads\/2024\/09\/Obispo-de-aboga-por-TPS-en-misa-de-jornada-del-migrante4-768x690.webp\" data-width=\"768\" data-height=\"690\" aria-label=\"Camino hacia la inclusi\u00f3n racial en la comunidad migrante en una conferencia cultural en un auditorio moderno.\" role=\"img\" ><\/div>\n\t\t\t\t\t\t\t\t\t\t\t<div class=\"elementor-gallery-item__overlay\"><\/div>\n\t\t\t\t\t\t\t\t\t\t\t\t\t\t<\/a>\n\t\t\t\t\t<\/div>\n\t\t\t\t\t<\/div>\n\t\t\t\t\t<\/div>\n\t\t\t\t<\/div>\n\t\t<div data-particle_enable=\"false\" data-particle-mobile-disabled=\"false\" class=\"elementor-element elementor-element-75471b0 e-flex e-con-boxed e-con e-parent\" data-id=\"75471b0\" data-element_type=\"container\" data-e-type=\"container\">\n\t\t\t\t\t<div class=\"e-con-inner\">\n\t\t\t\t<div class=\"elementor-element elementor-element-4a0b7fc elementor-widget elementor-widget-heading\" data-id=\"4a0b7fc\" data-element_type=\"widget\" data-e-type=\"widget\" data-widget_type=\"heading.default\">\n\t\t\t\t\t<h3 class=\"elementor-heading-title elementor-size-default\">Una lucha constante por el TPS<\/h3>\t\t\t\t<\/div>\n\t\t\t\t\t<\/div>\n\t\t\t\t<\/div>\n\t\t<div data-particle_enable=\"false\" data-particle-mobile-disabled=\"false\" class=\"elementor-element elementor-element-27aec63 e-flex e-con-boxed e-con e-parent\" data-id=\"27aec63\" data-element_type=\"container\" data-e-type=\"container\">\n\t\t\t\t\t<div class=\"e-con-inner\">\n\t\t\t\t<div class=\"elementor-element elementor-element-852f3fd elementor-widget elementor-widget-text-editor\" data-id=\"852f3fd\" data-element_type=\"widget\" data-e-type=\"widget\" data-widget_type=\"text-editor.default\">\n\t\t\t\t\t\t\t\t\t<p>Desde hace varios a\u00f1os, activistas guatemaltecos han alzado su voz para lograr la aprobaci\u00f3n del TPS para sus compatriotas. Un ejemplo de ello es Elizabeth Guerra, una guatemalteca que desde hace cuatro a\u00f1os se ha convertido en una l\u00edder dentro de la comunidad migrante en Estados Unidos. Ella, junto con otros activistas, se ha colocado frente al consulado de Guatemala en varias ciudades del pa\u00eds para recoger firmas y <a href=\"https:\/\/soymigrante.com\/revista\/municipalidades-se-han-unido-a-peticion-de-tps-guatemalteco\/\" target=\"_blank\" rel=\"noopener\">movilizar a la comunidad en apoyo a la aprobaci\u00f3n del TPS.<\/a><\/p>\t\t\t\t\t\t\t\t<\/div>\n\t\t\t\t\t<\/div>\n\t\t\t\t<\/div>\n\t\t<div data-particle_enable=\"false\" data-particle-mobile-disabled=\"false\" class=\"elementor-element elementor-element-ea80229 e-flex e-con-boxed e-con e-parent\" data-id=\"ea80229\" data-element_type=\"container\" data-e-type=\"container\">\n\t\t\t\t\t<div class=\"e-con-inner\">\n\t\t\t\t<div class=\"elementor-element elementor-element-e1d77f1 elementor-widget elementor-widget-heading\" data-id=\"e1d77f1\" data-element_type=\"widget\" data-e-type=\"widget\" data-widget_type=\"heading.default\">\n\t\t\t\t\t<h3 class=\"elementor-heading-title elementor-size-default\">El Impacto del TPS en la comunidad guatemalteca<\/h3>\t\t\t\t<\/div>\n\t\t\t\t\t<\/div>\n\t\t\t\t<\/div>\n\t\t<div data-particle_enable=\"false\" data-particle-mobile-disabled=\"false\" class=\"elementor-element elementor-element-c08f2f9 e-flex e-con-boxed e-con e-parent\" data-id=\"c08f2f9\" data-element_type=\"container\" data-e-type=\"container\">\n\t\t\t\t\t<div class=\"e-con-inner\">\n\t\t\t\t<div class=\"elementor-element elementor-element-27d6820 elementor-widget elementor-widget-text-editor\" data-id=\"27d6820\" data-element_type=\"widget\" data-e-type=\"widget\" data-widget_type=\"text-editor.default\">\n\t\t\t\t\t\t\t\t\t<p>El Estatus de Protecci\u00f3n Temporal no solo otorgar\u00eda seguridad a miles de guatemaltecos, sino que tambi\u00e9n tendr\u00eda un impacto positivo en sus familias y comunidades. Para muchos migrantes, la deportaci\u00f3n no solo representa la p\u00e9rdida de un empleo, sino tambi\u00e9n la separaci\u00f3n de sus seres queridos y la ruptura de los lazos que han formado durante a\u00f1os en Estados Unidos. <a href=\"https:\/\/soymigrante.com\/revista\/municipalidades-se-han-unido-a-peticion-de-tps-guatemalteco\/\" target=\"_blank\" rel=\"noopener\">La posibilidad de regularizar su situaci\u00f3n bajo el TPS permitir\u00eda a muchos de ellos salir de las sombras y contribuir plenamente a la sociedad estadounidense.<\/a><\/p><p>Organizaciones de derechos humanos, grupos religiosos y l\u00edderes comunitarios se han unido a los esfuerzos de la comunidad guatemalteca para presionar al Congreso y a la administraci\u00f3n estadounidense en la aprobaci\u00f3n de esta medida. La lucha no ha sido f\u00e1cil, pero la perseverancia de los migrantes y su deseo de un futuro mejor han mantenido viva la esperanza.<\/p>\t\t\t\t\t\t\t\t<\/div>\n\t\t\t\t\t<\/div>\n\t\t\t\t<\/div>\n\t\t<div data-particle_enable=\"false\" data-particle-mobile-disabled=\"false\" class=\"elementor-element elementor-element-6e80e01 e-flex e-con-boxed e-con e-parent\" data-id=\"6e80e01\" data-element_type=\"container\" data-e-type=\"container\">\n\t\t\t\t\t<div class=\"e-con-inner\">\n\t\t\t\t<div class=\"elementor-element elementor-element-fd4bf98 elementor-widget elementor-widget-gallery\" data-id=\"fd4bf98\" data-element_type=\"widget\" data-e-type=\"widget\" data-settings=\"{&quot;columns&quot;:2,&quot;lazyload&quot;:&quot;yes&quot;,&quot;gallery_layout&quot;:&quot;grid&quot;,&quot;columns_tablet&quot;:2,&quot;columns_mobile&quot;:1,&quot;gap&quot;:{&quot;unit&quot;:&quot;px&quot;,&quot;size&quot;:10,&quot;sizes&quot;:[]},&quot;gap_tablet&quot;:{&quot;unit&quot;:&quot;px&quot;,&quot;size&quot;:10,&quot;sizes&quot;:[]},&quot;gap_mobile&quot;:{&quot;unit&quot;:&quot;px&quot;,&quot;size&quot;:10,&quot;sizes&quot;:[]},&quot;link_to&quot;:&quot;file&quot;,&quot;aspect_ratio&quot;:&quot;3:2&quot;,&quot;overlay_background&quot;:&quot;yes&quot;,&quot;content_hover_animation&quot;:&quot;fade-in&quot;}\" data-widget_type=\"gallery.default\">\n\t\t\t\t\t\t\t<div class=\"elementor-gallery__container\">\n\t\t\t\t\t\t\t<a class=\"e-gallery-item elementor-gallery-item elementor-animated-content\" href=\"https:\/\/soymigrante.com\/revista\/wp-content\/uploads\/2024\/09\/Obispo-de-aboga-por-TPS-en-misa-de-jornada-del-migrante6.webp\" data-elementor-open-lightbox=\"yes\" data-elementor-lightbox-slideshow=\"fd4bf98\" data-elementor-lightbox-title=\"Obispo de aboga por TPS en misa de jornada del migrante6\" data-elementor-lightbox-description=\"Familia migrante en iglesia cat\u00f3lica, celebraci\u00f3n religiosa y cultura hispana.\" data-e-action-hash=\"#elementor-action%3Aaction%3Dlightbox%26settings%3DeyJpZCI6OTg4OSwidXJsIjoiaHR0cHM6XC9cL3NveW1pZ3JhbnRlLmNvbVwvcmV2aXN0YVwvd3AtY29udGVudFwvdXBsb2Fkc1wvMjAyNFwvMDlcL09iaXNwby1kZS1hYm9nYS1wb3ItVFBTLWVuLW1pc2EtZGUtam9ybmFkYS1kZWwtbWlncmFudGU2LndlYnAiLCJzbGlkZXNob3ciOiJmZDRiZjk4In0%3D\">\n\t\t\t\t\t<div class=\"e-gallery-image elementor-gallery-item__image\" data-thumbnail=\"https:\/\/soymigrante.com\/revista\/wp-content\/uploads\/2024\/09\/Obispo-de-aboga-por-TPS-en-misa-de-jornada-del-migrante6-768x1365.webp\" data-width=\"768\" data-height=\"1365\" aria-label=\"Modo de vida de migrantes y comunidad hispana en el extranjero.\" role=\"img\" ><\/div>\n\t\t\t\t\t\t\t\t\t\t\t<div class=\"elementor-gallery-item__overlay\"><\/div>\n\t\t\t\t\t\t\t\t\t\t\t\t\t\t<\/a>\n\t\t\t\t\t\t\t<a class=\"e-gallery-item elementor-gallery-item elementor-animated-content\" href=\"https:\/\/soymigrante.com\/revista\/wp-content\/uploads\/2024\/09\/Obispo-de-aboga-por-TPS-en-misa-de-jornada-del-migrante7.webp\" data-elementor-open-lightbox=\"yes\" data-elementor-lightbox-slideshow=\"fd4bf98\" data-elementor-lightbox-title=\"Obispo de aboga por TPS en misa de jornada del migrante7\" data-elementor-lightbox-description=\"Imagen de un grupo diverso de migrantes en evento cultural y social, promoviendo la integraci\u00f3n y identidad en SoyMigrante.com REVISTA.\" data-e-action-hash=\"#elementor-action%3Aaction%3Dlightbox%26settings%3DeyJpZCI6OTg5MCwidXJsIjoiaHR0cHM6XC9cL3NveW1pZ3JhbnRlLmNvbVwvcmV2aXN0YVwvd3AtY29udGVudFwvdXBsb2Fkc1wvMjAyNFwvMDlcL09iaXNwby1kZS1hYm9nYS1wb3ItVFBTLWVuLW1pc2EtZGUtam9ybmFkYS1kZWwtbWlncmFudGU3LndlYnAiLCJzbGlkZXNob3ciOiJmZDRiZjk4In0%3D\">\n\t\t\t\t\t<div class=\"e-gallery-image elementor-gallery-item__image\" data-thumbnail=\"https:\/\/soymigrante.com\/revista\/wp-content\/uploads\/2024\/09\/Obispo-de-aboga-por-TPS-en-misa-de-jornada-del-migrante7-768x441.webp\" data-width=\"768\" data-height=\"441\" aria-label=\"Diversidad cultural y migrante en evento de SoyMigrante.com REVISTA con comunidad latina en espacio espiritual y cultural.\" role=\"img\" ><\/div>\n\t\t\t\t\t\t\t\t\t\t\t<div class=\"elementor-gallery-item__overlay\"><\/div>\n\t\t\t\t\t\t\t\t\t\t\t\t\t\t<\/a>\n\t\t\t\t\t\t\t<a class=\"e-gallery-item elementor-gallery-item elementor-animated-content\" href=\"https:\/\/soymigrante.com\/revista\/wp-content\/uploads\/2024\/09\/Obispo-de-aboga-por-TPS-en-misa-de-jornada-del-migrante8.webp\" data-elementor-open-lightbox=\"yes\" data-elementor-lightbox-slideshow=\"fd4bf98\" data-elementor-lightbox-title=\"Obispo de L.A. aboga por TPS en misa de jornada del migrante\" data-elementor-lightbox-description=\"Imagen de un grupo de personas en un evento cultural, con muchos sonriendo y luciendo trajes tradicionales. La escena refleja alegr\u00eda, comunidad, diversidad cultural y orgullo por las ra\u00edces en un ambiente moderno y acogedor.\" data-e-action-hash=\"#elementor-action%3Aaction%3Dlightbox%26settings%3DeyJpZCI6OTg5MSwidXJsIjoiaHR0cHM6XC9cL3NveW1pZ3JhbnRlLmNvbVwvcmV2aXN0YVwvd3AtY29udGVudFwvdXBsb2Fkc1wvMjAyNFwvMDlcL09iaXNwby1kZS1hYm9nYS1wb3ItVFBTLWVuLW1pc2EtZGUtam9ybmFkYS1kZWwtbWlncmFudGU4LndlYnAiLCJzbGlkZXNob3ciOiJmZDRiZjk4In0%3D\">\n\t\t\t\t\t<div class=\"e-gallery-image elementor-gallery-item__image\" data-thumbnail=\"https:\/\/soymigrante.com\/revista\/wp-content\/uploads\/2024\/09\/Obispo-de-aboga-por-TPS-en-misa-de-jornada-del-migrante8.webp\" data-width=\"629\" data-height=\"790\" aria-label=\"Celebraci\u00f3n cultural con personas en trajes tradicionales, mostrando diversidad y alegr\u00eda en un evento comunitario en un espacio moderno.\" role=\"img\" ><\/div>\n\t\t\t\t\t\t\t\t\t\t\t<div class=\"elementor-gallery-item__overlay\"><\/div>\n\t\t\t\t\t\t\t\t\t\t\t\t\t\t<\/a>\n\t\t\t\t\t\t\t<a class=\"e-gallery-item elementor-gallery-item elementor-animated-content\" href=\"https:\/\/soymigrante.com\/revista\/wp-content\/uploads\/2024\/09\/Obispo-de-aboga-por-TPS-en-misa-de-jornada-del-migrante9.webp\" data-elementor-open-lightbox=\"yes\" data-elementor-lightbox-slideshow=\"fd4bf98\" data-elementor-lightbox-title=\"Obispo de aboga por TPS en misa de jornada del migrante9\" data-elementor-lightbox-description=\"Una mujer y un hombre con vestimenta t\u00edpica y uniforme militar revisando documentos en un evento de la comunidad migrante, enfatizando el orgullo cultural y el reconocimiento hist\u00f3rico en la revista SoyMigrante.com REVISTA.\" data-e-action-hash=\"#elementor-action%3Aaction%3Dlightbox%26settings%3DeyJpZCI6OTg5MiwidXJsIjoiaHR0cHM6XC9cL3NveW1pZ3JhbnRlLmNvbVwvcmV2aXN0YVwvd3AtY29udGVudFwvdXBsb2Fkc1wvMjAyNFwvMDlcL09iaXNwby1kZS1hYm9nYS1wb3ItVFBTLWVuLW1pc2EtZGUtam9ybmFkYS1kZWwtbWlncmFudGU5LndlYnAiLCJzbGlkZXNob3ciOiJmZDRiZjk4In0%3D\">\n\t\t\t\t\t<div class=\"e-gallery-image elementor-gallery-item__image\" data-thumbnail=\"https:\/\/soymigrante.com\/revista\/wp-content\/uploads\/2024\/09\/Obispo-de-aboga-por-TPS-en-misa-de-jornada-del-migrante9-768x1024.webp\" data-width=\"768\" data-height=\"1024\" aria-label=\"Hombre y mujer en traje tradicional y uniforme militar firmando documentos en un evento cultural, mostrando el fortalecimiento de identidad y memoria hist\u00f3rica en la comunidad migrante.\" role=\"img\" ><\/div>\n\t\t\t\t\t\t\t\t\t\t\t<div class=\"elementor-gallery-item__overlay\"><\/div>\n\t\t\t\t\t\t\t\t\t\t\t\t\t\t<\/a>\n\t\t\t\t\t\t\t<a class=\"e-gallery-item elementor-gallery-item elementor-animated-content\" href=\"https:\/\/soymigrante.com\/revista\/wp-content\/uploads\/2024\/09\/Obispo-de-aboga-por-TPS-en-misa-de-jornada-del-migrante10.webp\" data-elementor-open-lightbox=\"yes\" data-elementor-lightbox-slideshow=\"fd4bf98\" data-elementor-lightbox-title=\"Obispo de aboga por TPS en misa de jornada del migrante10\" data-elementor-lightbox-description=\"Grupo diverso de inmigrantes participando en evento cultural promovido por SoyMigrante.com REVISTA, resaltando la riqueza de las comunidades migrantes y su participaci\u00f3n en actividades culturales.\" data-e-action-hash=\"#elementor-action%3Aaction%3Dlightbox%26settings%3DeyJpZCI6OTg5MywidXJsIjoiaHR0cHM6XC9cL3NveW1pZ3JhbnRlLmNvbVwvcmV2aXN0YVwvd3AtY29udGVudFwvdXBsb2Fkc1wvMjAyNFwvMDlcL09iaXNwby1kZS1hYm9nYS1wb3ItVFBTLWVuLW1pc2EtZGUtam9ybmFkYS1kZWwtbWlncmFudGUxMC53ZWJwIiwic2xpZGVzaG93IjoiZmQ0YmY5OCJ9\">\n\t\t\t\t\t<div class=\"e-gallery-image elementor-gallery-item__image\" data-thumbnail=\"https:\/\/soymigrante.com\/revista\/wp-content\/uploads\/2024\/09\/Obispo-de-aboga-por-TPS-en-misa-de-jornada-del-migrante10-768x1023.jpeg\" data-width=\"768\" data-height=\"1023\" aria-label=\"Diversidad cultural y comunidad inmigrante en evento de SoyMigrante.com REVISTA.\" role=\"img\" ><\/div>\n\t\t\t\t\t\t\t\t\t\t\t<div class=\"elementor-gallery-item__overlay\"><\/div>\n\t\t\t\t\t\t\t\t\t\t\t\t\t\t<\/a>\n\t\t\t\t\t<\/div>\n\t\t\t\t\t<\/div>\n\t\t\t\t\t<\/div>\n\t\t\t\t<\/div>\n\t\t<div data-particle_enable=\"false\" data-particle-mobile-disabled=\"false\" class=\"elementor-element elementor-element-e7cb340 e-flex e-con-boxed e-con e-parent\" data-id=\"e7cb340\" data-element_type=\"container\" data-e-type=\"container\">\n\t\t\t\t\t<div class=\"e-con-inner\">\n\t\t\t\t<div class=\"elementor-element elementor-element-ebc9565 elementor-widget elementor-widget-heading\" data-id=\"ebc9565\" data-element_type=\"widget\" data-e-type=\"widget\" data-widget_type=\"heading.default\">\n\t\t\t\t\t<h3 class=\"elementor-heading-title elementor-size-default\">Reflexi\u00f3n en la Jornada Mundial del Migrante y Refugiado<\/h3>\t\t\t\t<\/div>\n\t\t\t\t\t<\/div>\n\t\t\t\t<\/div>\n\t\t<div data-particle_enable=\"false\" data-particle-mobile-disabled=\"false\" class=\"elementor-element elementor-element-df453fa e-flex e-con-boxed e-con e-parent\" data-id=\"df453fa\" data-element_type=\"container\" data-e-type=\"container\">\n\t\t\t\t\t<div class=\"e-con-inner\">\n\t\t\t\t<div class=\"elementor-element elementor-element-c4c16fe elementor-widget elementor-widget-text-editor\" data-id=\"c4c16fe\" data-element_type=\"widget\" data-e-type=\"widget\" data-widget_type=\"text-editor.default\">\n\t\t\t\t\t\t\t\t\t<p><a href=\"https:\/\/soymigrante.com\/revista\/municipalidades-se-han-unido-a-peticion-de-tps-guatemalteco\/\" target=\"_blank\" rel=\"noopener\">En este 29 de septiembre, D\u00eda Mundial del Migrante y Refugiado<\/a>, es importante reflexionar sobre la situaci\u00f3n de los millones de personas desplazadas en el mundo. Para los guatemaltecos en Estados Unidos, esta fecha simboliza no solo la necesidad de visibilizar su realidad, sino tambi\u00e9n de seguir luchando por un derecho fundamental: el derecho a vivir sin miedo, con dignidad y con la certeza de que sus aportes son reconocidos.<\/p><p>En su mensaje, el Papa Francisco, mencion\u00f3 un discurso para quienes sue\u00f1an con un futuro mejor. \u201cMuchos emigrantes experimentan a Dios como compa\u00f1ero de viaje, gu\u00eda y ancla de salvaci\u00f3n. Se encomiendan a \u00c9l antes de partir y a \u00c9l acuden en situaciones de necesidad. En \u00c9l buscan consuelo en los momentos de desesperaci\u00f3n. Gracias a \u00c9l, hay buenos samaritanos en el camino. A \u00c9l, en la oraci\u00f3n, conf\u00edan sus esperanzas. Imaginemos cu\u00e1ntas biblias, evangelios, libros de oraciones y rosarios acompa\u00f1an a los emigrantes en sus viajes a trav\u00e9s de desiertos, r\u00edos y mares, y de las fronteras de todos los continentes\u201d.<\/p><p>\u201cDios no solo camina con su pueblo, sino tambi\u00e9n en su pueblo, en el sentido de que se identifica con los hombres y las mujeres en su caminar por la historia \u2015especialmente con los \u00faltimos, los pobres, los marginados\u2015, como prolongaci\u00f3n del misterio de la Encarnaci\u00f3n\u201d, mencion\u00f3 en Santo Padre.<\/p><p>El TPS se ha convertido en una bandera de esperanza para miles de familias guatemaltecas que desean continuar construyendo su vida en un pa\u00eds que tambi\u00e9n sienten suyo. La comunidad migrante guatemalteca nos recuerda que el camino hacia la justicia y la igualdad es largo, pero nunca imposible.<\/p>\t\t\t\t\t\t\t\t<\/div>\n\t\t\t\t\t<\/div>\n\t\t\t\t<\/div>\n\t\t<div data-particle_enable=\"false\" data-particle-mobile-disabled=\"false\" class=\"elementor-element elementor-element-98b17d6 e-flex e-con-boxed e-con e-parent\" data-id=\"98b17d6\" data-element_type=\"container\" data-e-type=\"container\">\n\t\t\t\t\t<div class=\"e-con-inner\">\n\t\t\t\t<div class=\"elementor-element elementor-element-e77132f elementor-widget elementor-widget-heading\" data-id=\"e77132f\" data-element_type=\"widget\" data-e-type=\"widget\" data-widget_type=\"heading.default\">\n\t\t\t\t\t<h2 class=\"elementor-heading-title elementor-size-default\">Guatemala se lleva en el coraz\u00f3n<\/h2>\t\t\t\t<\/div>\n\t\t\t\t\t<\/div>\n\t\t\t\t<\/div>\n\t\t<div data-particle_enable=\"false\" data-particle-mobile-disabled=\"false\" class=\"elementor-element elementor-element-648a33c e-flex e-con-boxed e-con e-parent\" data-id=\"648a33c\" data-element_type=\"container\" data-e-type=\"container\">\n\t\t\t\t\t<div class=\"e-con-inner\">\n\t\t\t\t<div class=\"elementor-element elementor-element-c9ca49a elementor-grid-eael-col-3 elementor-grid-tablet-eael-col-2 elementor-grid-mobile-eael-col-1 elementor-widget elementor-widget-eael-post-grid\" data-id=\"c9ca49a\" data-element_type=\"widget\" data-e-type=\"widget\" data-settings=\"{&quot;eael_post_grid_columns&quot;:&quot;eael-col-3&quot;,&quot;eael_post_grid_columns_tablet&quot;:&quot;eael-col-2&quot;,&quot;eael_post_grid_columns_mobile&quot;:&quot;eael-col-1&quot;}\" data-widget_type=\"eael-post-grid.default\">\n\t\t\t\t\t<div id=\"eael-post-grid-c9ca49a\" class=\"eael-post-grid-container\">\n            <div class=\"eael-post-grid eael-post-appender eael-post-appender-c9ca49a eael-post-grid-style-one\" data-layout-mode=\"masonry\"><article class=\"eael-grid-post  eael-post-grid-column eael-pg-post-9490 category-estamos-unidos\" data-id=\"9490\">\n        <div class=\"eael-grid-post-holder\">\n            <div class=\"eael-grid-post-holder-inner\"><div class=\"eael-entry-media\"><div class=\"eael-entry-overlay fade-in\"><i class=\"far fa-hand-pointer\" aria-hidden=\"true\"><\/i><a href=\"https:\/\/soymigrante.com\/revista\/11-ciudades-y-55-congresistas-de-ee-uu-se-suman-a-peticion-de-tps-guatemalteco\/\"><\/a><\/div><div class=\"eael-entry-thumbnail \">\n                <img fetchpriority=\"high\" decoding=\"async\" width=\"1024\" height=\"1024\" src=\"https:\/\/soymigrante.com\/revista\/wp-content\/uploads\/2024\/06\/tps-Guatemala-migrantes-5-1024x1024.webp\" class=\"attachment-large size-large wp-image-9488\" alt=\"Diversidad cultural de migrantes en Guatemala celebrando con trajes tradicionales y banderas nacionales en evento comunitario.\" srcset=\"https:\/\/soymigrante.com\/revista\/wp-content\/uploads\/2024\/06\/tps-Guatemala-migrantes-5-1024x1024.webp 1024w, https:\/\/soymigrante.com\/revista\/wp-content\/uploads\/2024\/06\/tps-Guatemala-migrantes-5-300x300.webp 300w, https:\/\/soymigrante.com\/revista\/wp-content\/uploads\/2024\/06\/tps-Guatemala-migrantes-5-150x150.webp 150w, https:\/\/soymigrante.com\/revista\/wp-content\/uploads\/2024\/06\/tps-Guatemala-migrantes-5-768x768.webp 768w, https:\/\/soymigrante.com\/revista\/wp-content\/uploads\/2024\/06\/tps-Guatemala-migrantes-5-75x75.webp 75w, https:\/\/soymigrante.com\/revista\/wp-content\/uploads\/2024\/06\/tps-Guatemala-migrantes-5-750x750.webp 750w, https:\/\/soymigrante.com\/revista\/wp-content\/uploads\/2024\/06\/tps-Guatemala-migrantes-5-1140x1140.webp 1140w, https:\/\/soymigrante.com\/revista\/wp-content\/uploads\/2024\/06\/tps-Guatemala-migrantes-5.webp 1416w\" sizes=\"(max-width: 1024px) 100vw, 1024px\" \/>\n            <\/div>\n        <\/div><div class=\"eael-entry-wrapper\"><header class=\"eael-entry-header\"><h2 class=\"eael-entry-title\"><a class=\"eael-grid-post-link\" href=\"https:\/\/soymigrante.com\/revista\/11-ciudades-y-55-congresistas-de-ee-uu-se-suman-a-peticion-de-tps-guatemalteco\/\" title=\"60 congresistas, 22 senadores y 11 ciudades de EE.UU. apoyan solicitud de TPS Guatemalteco\">60 congresistas, 22 senadores y 11 ciudades de EE.UU. apoyan solicitud de TPS Guatemalteco<\/a><\/h2><\/header><div class=\"eael-entry-content\">\n                        <div class=\"eael-grid-post-excerpt\"><a href=\"https:\/\/soymigrante.com\/revista\/11-ciudades-y-55-congresistas-de-ee-uu-se-suman-a-peticion-de-tps-guatemalteco\/\" class=\"eael-post-elements-readmore-btn\">CONOCE SU HISTORIA <\/a><\/div>\n                    <\/div><\/div><\/div>\n        <\/div>\n    <\/article><article class=\"eael-grid-post  eael-post-grid-column eael-pg-post-7108 category-estamos-unidos\" data-id=\"7108\">\n        <div class=\"eael-grid-post-holder\">\n            <div class=\"eael-grid-post-holder-inner\"><div class=\"eael-entry-media\"><div class=\"eael-entry-overlay fade-in\"><i class=\"far fa-hand-pointer\" aria-hidden=\"true\"><\/i><a href=\"https:\/\/soymigrante.com\/revista\/migrantes-guatemaltecos-en-40-estados-de-ee-uu-se-unen-en-busca-de-un-tps\/\"><\/a><\/div><div class=\"eael-entry-thumbnail \">\n                <img decoding=\"async\" width=\"857\" height=\"857\" src=\"https:\/\/soymigrante.com\/revista\/wp-content\/uploads\/2024\/06\/Captura-de-pantalla-2024-06-24-002314.webp\" class=\"attachment-large size-large wp-image-7117\" alt=\"Guatemaltecos migrantes en manifestaci\u00f3n por derechos laborales en Washington, protestando por TPS y justicia migratoria en EE. UU. y Guatemala.\" srcset=\"https:\/\/soymigrante.com\/revista\/wp-content\/uploads\/2024\/06\/Captura-de-pantalla-2024-06-24-002314.webp 857w, https:\/\/soymigrante.com\/revista\/wp-content\/uploads\/2024\/06\/Captura-de-pantalla-2024-06-24-002314-300x300.webp 300w, https:\/\/soymigrante.com\/revista\/wp-content\/uploads\/2024\/06\/Captura-de-pantalla-2024-06-24-002314-150x150.webp 150w, https:\/\/soymigrante.com\/revista\/wp-content\/uploads\/2024\/06\/Captura-de-pantalla-2024-06-24-002314-768x768.webp 768w, https:\/\/soymigrante.com\/revista\/wp-content\/uploads\/2024\/06\/Captura-de-pantalla-2024-06-24-002314-75x75.webp 75w, https:\/\/soymigrante.com\/revista\/wp-content\/uploads\/2024\/06\/Captura-de-pantalla-2024-06-24-002314-750x750.webp 750w\" sizes=\"(max-width: 857px) 100vw, 857px\" \/>\n            <\/div>\n        <\/div><div class=\"eael-entry-wrapper\"><header class=\"eael-entry-header\"><h2 class=\"eael-entry-title\"><a class=\"eael-grid-post-link\" href=\"https:\/\/soymigrante.com\/revista\/migrantes-guatemaltecos-en-40-estados-de-ee-uu-se-unen-en-busca-de-un-tps\/\" title=\"Migrantes guatemaltecos en 40 Estados de EE.UU. unen esfuerzos por un TPS\">Migrantes guatemaltecos en 40 Estados de EE.UU. unen esfuerzos por un TPS<\/a><\/h2><\/header><div class=\"eael-entry-content\">\n                        <div class=\"eael-grid-post-excerpt\"><a href=\"https:\/\/soymigrante.com\/revista\/migrantes-guatemaltecos-en-40-estados-de-ee-uu-se-unen-en-busca-de-un-tps\/\" class=\"eael-post-elements-readmore-btn\">CONOCE SU HISTORIA <\/a><\/div>\n                    <\/div><\/div><\/div>\n        <\/div>\n    <\/article><article class=\"eael-grid-post  eael-post-grid-column eael-pg-post-1507 category-lugar-de-voces\" data-id=\"1507\">\n        <div class=\"eael-grid-post-holder\">\n            <div class=\"eael-grid-post-holder-inner\"><div class=\"eael-entry-media\"><div class=\"eael-entry-overlay fade-in\"><i class=\"far fa-hand-pointer\" aria-hidden=\"true\"><\/i><a href=\"https:\/\/soymigrante.com\/revista\/estados-unidos-amplia-tps-para-migrantes-de-3-paises-y-guatemaltecos-siguen-sin-lograr-ese-beneficio\/\"><\/a><\/div><div class=\"eael-entry-thumbnail \">\n                <img decoding=\"async\" width=\"751\" height=\"417\" src=\"https:\/\/soymigrante.com\/revista\/wp-content\/uploads\/2023\/06\/guatemala-tps-2.webp\" class=\"attachment-large size-large wp-image-1512\" alt=\"\" srcset=\"https:\/\/soymigrante.com\/revista\/wp-content\/uploads\/2023\/06\/guatemala-tps-2.webp 751w, https:\/\/soymigrante.com\/revista\/wp-content\/uploads\/2023\/06\/guatemala-tps-2-300x167.webp 300w\" sizes=\"(max-width: 751px) 100vw, 751px\" \/>\n            <\/div>\n        <\/div><div class=\"eael-entry-wrapper\"><header class=\"eael-entry-header\"><h2 class=\"eael-entry-title\"><a class=\"eael-grid-post-link\" href=\"https:\/\/soymigrante.com\/revista\/estados-unidos-amplia-tps-para-migrantes-de-3-paises-y-guatemaltecos-siguen-sin-lograr-ese-beneficio\/\" title=\"Estados Unidos ampl\u00eda TPS a migrantes de 3 pa\u00edses pero Guatemala sigue sin ese beneficio\">Estados Unidos ampl\u00eda TPS a migrantes de 3 pa\u00edses pero Guatemala sigue sin ese beneficio<\/a><\/h2><\/header><div class=\"eael-entry-content\">\n                        <div class=\"eael-grid-post-excerpt\"><a href=\"https:\/\/soymigrante.com\/revista\/estados-unidos-amplia-tps-para-migrantes-de-3-paises-y-guatemaltecos-siguen-sin-lograr-ese-beneficio\/\" class=\"eael-post-elements-readmore-btn\">CONOCE SU HISTORIA <\/a><\/div>\n                    <\/div><\/div><\/div>\n        <\/div>\n    <\/article><\/div>\n            <div class=\"clearfix\"><\/div>\n        <\/div>\t\t\t\t<\/div>\n\t\t\t\t\t<\/div>\n\t\t\t\t<\/div>\n\t\t\t\t<\/div>\n\t\t","protected":false},"excerpt":{"rendered":"<p>La Jornada Mundial del Migrante y Refugiado fue, en Los Angeles, California, un d\u00eda para visibilizar la lucha de los guatemaltecos por el TPS y de todos los hispanos por un futuro m\u00e1s pr\u00f3spero en la Uni\u00f3n Americana. El 29 de septiembre se celebra la Jornada Mundial del Migrante y Refugiado, una fecha proclamada por [&hellip;]<\/p>\n","protected":false},"author":19,"featured_media":9884,"comment_status":"open","ping_status":"open","sticky":false,"template":"","format":"standard","meta":{"_acf_changed":false,"_eb_attr":"","footnotes":""},"categories":[58],"tags":[],"class_list":["post-9883","post","type-post","status-publish","format-standard","has-post-thumbnail","hentry","category-guate-nuestra"],"acf":[],"aioseo_notices":[],"aioseo_head":"\n\t\t<!-- All in One SEO Pro 4.9.6.2 - aioseo.com -->\n\t<meta name=\"description\" content=\"Gobierno de Joe Biden extiende beneficio de TPS a El Salvador, Honduras, Nicaragua y Nepal, pero Guatemala sigue sin recibirlo pese a m\u00faltiples peticiones\" \/>\n\t<meta name=\"robots\" content=\"max-snippet:-1, max-image-preview:large, max-video-preview:-1\" \/>\n\t<meta name=\"author\" content=\"SoyMigrante.com REVISTA\"\/>\n\t<link rel=\"canonical\" href=\"https:\/\/soymigrante.com\/revista\/estados-unidos-amplia-tps-para-migrantes-de-3-paises-y-guatemaltecos-siguen-sin-lograr-ese-beneficio\/\" \/>\n\t<meta name=\"generator\" content=\"All in One SEO Pro (AIOSEO) 4.9.6.2\" \/>\n\n\t\t<link rel=\"preconnect\" href=\"https:\/\/fonts.googleapis.com\" crossorigin>\n<link rel=\"preconnect\" href=\"https:\/\/fonts.gstatic.com\" crossorigin>\n\t\t<meta property=\"og:locale\" content=\"es_ES\" \/>\n\t\t<meta property=\"og:site_name\" content=\"SoyMigrante.com REVISTA \u2013 Nuestra misi\u00f3n es reconocer y dignificar al migrante.\" \/>\n\t\t<meta property=\"og:type\" content=\"article\" \/>\n\t\t<meta property=\"og:title\" content=\"Estados Unidos ampl\u00eda TPS a migrantes de 3 pa\u00edses pero Guatemala sigue sin ese beneficio\" \/>\n\t\t<meta property=\"og:description\" content=\"Gobierno de Joe Biden extiende beneficio de TPS a El Salvador, Honduras, Nicaragua y Nepal, pero Guatemala sigue sin recibirlo pese a m\u00faltiples peticiones\" \/>\n\t\t<meta property=\"og:url\" content=\"https:\/\/soymigrante.com\/revista\/estados-unidos-amplia-tps-para-migrantes-de-3-paises-y-guatemaltecos-siguen-sin-lograr-ese-beneficio\/\" \/>\n\t\t<meta property=\"og:image\" content=\"https:\/\/soymigrante.com\/revista\/wp-content\/uploads\/2023\/06\/guatemala-tps-2.webp\" \/>\n\t\t<meta property=\"og:image:secure_url\" content=\"https:\/\/soymigrante.com\/revista\/wp-content\/uploads\/2023\/06\/guatemala-tps-2.webp\" \/>\n\t\t<meta property=\"og:image:width\" content=\"751\" \/>\n\t\t<meta property=\"og:image:height\" content=\"417\" \/>\n\t\t<meta property=\"article:published_time\" content=\"2023-06-20T21:44:30+00:00\" \/>\n\t\t<meta property=\"article:modified_time\" content=\"2024-07-31T21:37:12+00:00\" \/>\n\t\t<meta property=\"article:publisher\" content=\"https:\/\/www.facebook.com\/soymigrantecom\" \/>\n\t\t<meta name=\"twitter:card\" content=\"summary_large_image\" \/>\n\t\t<meta name=\"twitter:site\" content=\"@SoyMigrante_com\" \/>\n\t\t<meta name=\"twitter:title\" content=\"Estados Unidos ampl\u00eda TPS a migrantes de 3 pa\u00edses pero Guatemala sigue sin ese beneficio\" \/>\n\t\t<meta name=\"twitter:description\" content=\"Gobierno de Joe Biden extiende beneficio de TPS a El Salvador, Honduras, Nicaragua y Nepal, pero Guatemala sigue sin recibirlo pese a m\u00faltiples peticiones\" \/>\n\t\t<meta name=\"twitter:creator\" content=\"@SoyMigrante_com\" \/>\n\t\t<meta name=\"twitter:image\" content=\"https:\/\/soymigrante.com\/revista\/wp-content\/uploads\/2023\/06\/guatemala-tps-2.webp\" \/>\n\t\t<!-- All in One SEO Pro -->\r\n\t\t<title>Estados Unidos ampl\u00eda TPS a migrantes de 3 pa\u00edses pero Guatemala sigue sin ese beneficio<\/title>\n\n","aioseo_head_json":{"title":"Estados Unidos ampl\u00eda TPS a migrantes de 3 pa\u00edses pero Guatemala sigue sin ese beneficio","description":"Gobierno de Joe Biden extiende beneficio de TPS a El Salvador, Honduras, Nicaragua y Nepal, pero Guatemala sigue sin recibirlo pese a m\u00faltiples peticiones","canonical_url":"https:\/\/soymigrante.com\/revista\/estados-unidos-amplia-tps-para-migrantes-de-3-paises-y-guatemaltecos-siguen-sin-lograr-ese-beneficio\/","robots":"max-snippet:-1, max-image-preview:large, max-video-preview:-1","keywords":"","webmasterTools":{"miscellaneous":"&lt;link rel=\"preconnect\" href=\"https:\/\/fonts.googleapis.com\" crossorigin&gt;\n&lt;link rel=\"preconnect\" href=\"https:\/\/fonts.gstatic.com\" crossorigin&gt;"},"schema":null,"og:locale":"es_ES","og:site_name":"SoyMigrante.com REVISTA \u2013 Nuestra misi\u00f3n es reconocer y dignificar al migrante.","og:type":"article","og:title":"Estados Unidos ampl\u00eda TPS a migrantes de 3 pa\u00edses pero Guatemala sigue sin ese beneficio","og:description":"Gobierno de Joe Biden extiende beneficio de TPS a El Salvador, Honduras, Nicaragua y Nepal, pero Guatemala sigue sin recibirlo pese a m\u00faltiples peticiones","og:url":"https:\/\/soymigrante.com\/revista\/estados-unidos-amplia-tps-para-migrantes-de-3-paises-y-guatemaltecos-siguen-sin-lograr-ese-beneficio\/","og:image":"https:\/\/soymigrante.com\/revista\/wp-content\/uploads\/2023\/06\/guatemala-tps-2.webp","og:image:secure_url":"https:\/\/soymigrante.com\/revista\/wp-content\/uploads\/2023\/06\/guatemala-tps-2.webp","og:image:width":751,"og:image:height":417,"article:published_time":"2023-06-20T21:44:30+00:00","article:modified_time":"2024-07-31T21:37:12+00:00","article:publisher":"https:\/\/www.facebook.com\/soymigrantecom","twitter:card":"summary_large_image","twitter:site":"@SoyMigrante_com","twitter:title":"Estados Unidos ampl\u00eda TPS a migrantes de 3 pa\u00edses pero Guatemala sigue sin ese beneficio","twitter:description":"Gobierno de Joe Biden extiende beneficio de TPS a El Salvador, Honduras, Nicaragua y Nepal, pero Guatemala sigue sin recibirlo pese a m\u00faltiples peticiones","twitter:creator":"@SoyMigrante_com","twitter:image":"https:\/\/soymigrante.com\/revista\/wp-content\/uploads\/2023\/06\/guatemala-tps-2.webp"},"aioseo_meta_data":{"post_id":"9883","title":"Obispo de Los Angeles aboga por TPS guatemalteco en misa migrante","description":"Recordando el \u00e9xodo del pueblo de Irsael, se valor\u00f3 el largo camino de los migrantes que buscan un futuro mejor, en ceremonia en la Catedral de Los Angeles","keywords":null,"keyphrases":{"focus":{"keyphrase":"migrante","score":91,"analysis":{"keyphraseInTitle":{"score":9,"maxScore":9,"error":0},"keyphraseInDescription":{"score":3,"maxScore":9,"error":1},"keyphraseLength":{"score":9,"maxScore":9,"error":0,"length":1},"keyphraseInURL":{"score":5,"maxScore":5,"error":0},"keyphraseInIntroduction":{"score":9,"maxScore":9,"error":0},"keyphraseInSubHeadings":{"score":9,"maxScore":9,"error":0},"keyphraseInImageAlt":{"score":9,"maxScore":9,"error":0},"keywordDensity":{"type":"best","score":9,"maxScore":9,"error":0}}},"additional":[{"keyphrase":"migrante","score":87,"analysis":{"keyphraseInDescription":{"score":3,"maxScore":9,"error":1},"keyphraseLength":{"score":9,"maxScore":9,"error":0,"length":1},"keyphraseInIntroduction":{"score":9,"maxScore":9,"error":0},"keyphraseInImageAlt":{"score":9,"maxScore":9,"error":0},"keywordDensity":{"type":"best","score":9,"maxScore":9,"error":0}}}]},"primary_term":null,"canonical_url":null,"og_title":null,"og_description":null,"og_object_type":"default","og_image_type":"default","og_image_url":null,"og_image_width":null,"og_image_height":null,"og_image_custom_url":null,"og_image_custom_fields":null,"og_video":"","og_custom_url":null,"og_article_section":null,"og_article_tags":null,"twitter_use_og":false,"twitter_card":"default","twitter_image_type":"default","twitter_image_url":null,"twitter_image_custom_url":null,"twitter_image_custom_fields":null,"twitter_title":null,"twitter_description":null,"schema":{"blockGraphs":[],"customGraphs":[],"default":{"data":{"Article":[],"Course":[],"Dataset":[],"FAQPage":[],"Movie":[],"Person":[],"Product":[],"ProductReview":[],"Car":[],"Recipe":[],"Service":[],"SoftwareApplication":[],"WebPage":[]},"graphName":"Article","isEnabled":true},"graphs":[]},"schema_type":"default","schema_type_options":null,"pillar_content":false,"robots_default":true,"robots_noindex":false,"robots_noarchive":false,"robots_nosnippet":false,"robots_nofollow":false,"robots_noimageindex":false,"robots_noodp":false,"robots_notranslate":false,"robots_max_snippet":"-1","robots_max_videopreview":"-1","robots_max_imagepreview":"large","priority":null,"frequency":"default","local_seo":null,"seo_analyzer_scan_date":"2025-10-08 23:25:19","breadcrumb_settings":null,"limit_modified_date":false,"reviewed_by":null,"open_ai":"{\"title\":{\"suggestions\":[],\"usage\":0},\"description\":{\"suggestions\":[],\"usage\":0}}","ai":null,"created":"2024-09-30 20:03:03","updated":"2026-02-04 14:07:20"},"aioseo_breadcrumb":"<div class=\"aioseo-breadcrumbs\"><span class=\"aioseo-breadcrumb\">\n\t<a href=\"https:\/\/soymigrante.com\/revista\" title=\"Home\">Home<\/a>\n<\/span><span class=\"aioseo-breadcrumb-separator\">\u00bb<\/span><span class=\"aioseo-breadcrumb\">\n\t<a href=\"https:\/\/soymigrante.com\/revista\/category\/guate-nuestra\/\" title=\"Guate Nuestra\">Guate Nuestra<\/a>\n<\/span><span class=\"aioseo-breadcrumb-separator\">\u00bb<\/span><span class=\"aioseo-breadcrumb\">\n\tObispo de Los Angeles aboga por TPS en misa de jornada del migrante\n<\/span><\/div>","aioseo_breadcrumb_json":[{"label":"Home","link":"https:\/\/soymigrante.com\/revista"},{"label":"Guate Nuestra","link":"https:\/\/soymigrante.com\/revista\/category\/guate-nuestra\/"},{"label":"Obispo de Los Angeles aboga por TPS en misa de jornada del migrante","link":"https:\/\/soymigrante.com\/revista\/obispo-de-l-a-aboga-por-tps-en-misa-de-jornada-del-migrante\/"}],"_links":{"self":[{"href":"https:\/\/soymigrante.com\/revista\/wp-json\/wp\/v2\/posts\/9883","targetHints":{"allow":["GET"]}}],"collection":[{"href":"https:\/\/soymigrante.com\/revista\/wp-json\/wp\/v2\/posts"}],"about":[{"href":"https:\/\/soymigrante.com\/revista\/wp-json\/wp\/v2\/types\/post"}],"author":[{"embeddable":true,"href":"https:\/\/soymigrante.com\/revista\/wp-json\/wp\/v2\/users\/19"}],"replies":[{"embeddable":true,"href":"https:\/\/soymigrante.com\/revista\/wp-json\/wp\/v2\/comments?post=9883"}],"version-history":[{"count":0,"href":"https:\/\/soymigrante.com\/revista\/wp-json\/wp\/v2\/posts\/9883\/revisions"}],"wp:featuredmedia":[{"embeddable":true,"href":"https:\/\/soymigrante.com\/revista\/wp-json\/wp\/v2\/media\/9884"}],"wp:attachment":[{"href":"https:\/\/soymigrante.com\/revista\/wp-json\/wp\/v2\/media?parent=9883"}],"wp:term":[{"taxonomy":"category","embeddable":true,"href":"https:\/\/soymigrante.com\/revista\/wp-json\/wp\/v2\/categories?post=9883"},{"taxonomy":"post_tag","embeddable":true,"href":"https:\/\/soymigrante.com\/revista\/wp-json\/wp\/v2\/tags?post=9883"}],"curies":[{"name":"wp","href":"https:\/\/api.w.org\/{rel}","templated":true}]}}