{"id":9868,"date":"2024-10-02T07:11:00","date_gmt":"2024-10-02T13:11:00","guid":{"rendered":"https:\/\/soymigrante.com\/revista\/?p=9868"},"modified":"2024-10-02T08:27:40","modified_gmt":"2024-10-02T14:27:40","slug":"thelma-carrera-cocina-con-el-sabor-de-la-generosidad-en-connecticut","status":"publish","type":"post","link":"https:\/\/soymigrante.com\/revista\/thelma-carrera-cocina-con-el-sabor-de-la-generosidad-en-connecticut\/","title":{"rendered":"Thelma Carrera cocina con el sabor de la generosidad en Connecticut"},"content":{"rendered":"\t\t<div data-elementor-type=\"wp-post\" data-elementor-id=\"9868\" class=\"elementor elementor-9868\" data-elementor-post-type=\"post\">\n\t\t\t\t<div data-particle_enable=\"false\" data-particle-mobile-disabled=\"false\" class=\"elementor-element elementor-element-58c7e4d e-flex e-con-boxed e-con e-parent\" data-id=\"58c7e4d\" data-element_type=\"container\" data-e-type=\"container\">\n\t\t\t\t\t<div class=\"e-con-inner\">\n\t\t\t\t<div class=\"elementor-element elementor-element-51884ae elementor-widget elementor-widget-heading\" data-id=\"51884ae\" data-element_type=\"widget\" data-e-type=\"widget\" data-widget_type=\"heading.default\">\n\t\t\t\t\t<h2 class=\"elementor-heading-title elementor-size-default\">Thelma Carrera Rivera es originaria de Sanarate, El Progreso, y decidi\u00f3 migrar a USA para construir, junto a su esposo, el anhelo que en Guatemala sent\u00eda lejos de alcanzar: \u201cTrabajar para construir su casita\u201d. \n<\/h2>\t\t\t\t<\/div>\n\t\t\t\t\t<\/div>\n\t\t\t\t<\/div>\n\t\t<div data-particle_enable=\"false\" data-particle-mobile-disabled=\"false\" class=\"elementor-element elementor-element-a8c2ccd e-flex e-con-boxed e-con e-parent\" data-id=\"a8c2ccd\" data-element_type=\"container\" data-e-type=\"container\">\n\t\t\t\t\t<div class=\"e-con-inner\">\n\t\t\t\t<div class=\"elementor-element elementor-element-8fc6fd6 elementor-widget elementor-widget-text-editor\" data-id=\"8fc6fd6\" data-element_type=\"widget\" data-e-type=\"widget\" data-widget_type=\"text-editor.default\">\n\t\t\t\t\t\t\t\t\t<p>Son las 11.45 de la ma\u00f1ana en\u00a0<a href=\"https:\/\/soymigrante.com\/revista\/estrella-recinos-retrata-sonrisas-amor-e-historias-en-connecticut\/\" target=\"_blank\" rel=\"noopener\">Connecticut<\/a>, Thelma Carrera Rivera responde con un \u201cAl\u00f3\u201d. Era un s\u00e1bado de descanso, pero Thelma aprovecha para hacer la limpieza de su hogar, y al mismo tiempo, compartir con Soy Migrante sobre su vida, historia y sue\u00f1os en Estados Unidos, pa\u00eds que se ha vuelto su hogar desde hace 23 a\u00f1os.<\/p><p>\u201cUno sue\u00f1a con tener sus cosas. Desde los 15 a\u00f1os quer\u00eda irme a Estados Unidos. Quer\u00eda venir a trabajar para hacer mi casita y ayudar a mi familia\u201d, recuerda con nostalgia Thelma quien junto a su esposo y sus tres hijos cultivan una familia con ra\u00edces guatemaltecas en el estado de Connectictut.\u00a0<\/p>\t\t\t\t\t\t\t\t<\/div>\n\t\t\t\t\t<\/div>\n\t\t\t\t<\/div>\n\t\t<div data-particle_enable=\"false\" data-particle-mobile-disabled=\"false\" class=\"elementor-element elementor-element-13deda6 e-flex e-con-boxed e-con e-parent\" data-id=\"13deda6\" data-element_type=\"container\" data-e-type=\"container\">\n\t\t\t\t\t<div class=\"e-con-inner\">\n\t\t\t\t<div class=\"elementor-element elementor-element-6437050 elementor-widget elementor-widget-image\" data-id=\"6437050\" data-element_type=\"widget\" data-e-type=\"widget\" data-widget_type=\"image.default\">\n\t\t\t\t\t\t\t\t\t\t\t\t<figure class=\"wp-caption\">\n\t\t\t\t\t\t\t\t\t\t<img fetchpriority=\"high\" decoding=\"async\" width=\"528\" height=\"719\" src=\"https:\/\/soymigrante.com\/revista\/wp-content\/uploads\/2024\/09\/thelma-carrera-soy-migrante3.webp\" class=\"attachment-large size-large wp-image-9881\" alt=\"Santa mujer con vestido tradicional en celebraci\u00f3n cultural mexicana frente a una estatua religiosa rodeada de decoraciones patri\u00f3ticas, destacando la cultura y tradiciones mexicanas.\" srcset=\"https:\/\/soymigrante.com\/revista\/wp-content\/uploads\/2024\/09\/thelma-carrera-soy-migrante3.webp 528w, https:\/\/soymigrante.com\/revista\/wp-content\/uploads\/2024\/09\/thelma-carrera-soy-migrante3-220x300.webp 220w\" sizes=\"(max-width: 528px) 100vw, 528px\" title=\"thelma carrera soy migrante3 \u2013 SoyMigrante.com REVISTA\" \/>\t\t\t\t\t\t\t\t\t\t\t<figcaption class=\"widget-image-caption wp-caption-text\">Una mujer en vestido folkl\u00f3rico sentado en el suelo en un espacio decorado con motivos patri\u00f3ticos, en honor a la Virgen de Guadalupe.<\/figcaption>\n\t\t\t\t\t\t\t\t\t\t<\/figure>\n\t\t\t\t\t\t\t\t\t<\/div>\n\t\t\t\t\t<\/div>\n\t\t\t\t<\/div>\n\t\t<div data-particle_enable=\"false\" data-particle-mobile-disabled=\"false\" class=\"elementor-element elementor-element-9791c3b e-flex e-con-boxed e-con e-parent\" data-id=\"9791c3b\" data-element_type=\"container\" data-e-type=\"container\">\n\t\t\t\t\t<div class=\"e-con-inner\">\n\t\t\t\t<div class=\"elementor-element elementor-element-d957911 elementor-widget elementor-widget-text-editor\" data-id=\"d957911\" data-element_type=\"widget\" data-e-type=\"widget\" data-widget_type=\"text-editor.default\">\n\t\t\t\t\t\t\t\t\t<p>Recuerda que en su pueblo hab\u00eda pobreza, no hab\u00eda luz y el camino de acceso era complicado. Aunqu era feliz en el campo a pesar de ello. Los palos de mangos o jocotes eran perfectos para jugar en la haza\u00f1a de alcanzar los frutos de los \u00e1rboles y comerlos frescos. Viene de una familia numerosa, pues era una de los 9 hijos.<\/p><p>Aunque vivir en el campo era una bendici\u00f3n, pero el acceso a la educaci\u00f3n, salud, entre otros aspectos, hac\u00edan que la vida de Thelma y su familia se viera limitada y asediada por la pobreza. No ten\u00edan opci\u00f3n trabajaban para ayudar econ\u00f3micamente en el hogar, pero no estudiaban.<\/p><p>\u201cUno en Guatemala tiene su casita humilde, pero es grande, hay campo, y cuando llegu\u00e9 (a<a href=\"https:\/\/soymigrante.com\/revista\/leonel-arenas-conecta-a-migrantes-en-connecticut-con-nobles-causas\/\" target=\"_blank\" rel=\"noopener\"> Connecticut<\/a>) al cuarto peque\u00f1o donde viv\u00eda mi esposo estaba arrepentida. Mi esposo me dijo, si quer\u00e9s te compro un boleto y te regres\u00e1s. Pero dije: Mi meta era trabajar, ahorrar y comprar su casa. Y dijo que no. No me regreso\u201d, comparte Thelma.<\/p>\t\t\t\t\t\t\t\t<\/div>\n\t\t\t\t\t<\/div>\n\t\t\t\t<\/div>\n\t\t<div data-particle_enable=\"false\" data-particle-mobile-disabled=\"false\" class=\"elementor-element elementor-element-4257c27 e-flex e-con-boxed e-con e-parent\" data-id=\"4257c27\" data-element_type=\"container\" data-e-type=\"container\">\n\t\t\t\t\t<div class=\"e-con-inner\">\n\t\t\t\t<div class=\"elementor-element elementor-element-fc411e7 elementor-widget elementor-widget-image\" data-id=\"fc411e7\" data-element_type=\"widget\" data-e-type=\"widget\" data-widget_type=\"image.default\">\n\t\t\t\t\t\t\t\t\t\t\t\t<figure class=\"wp-caption\">\n\t\t\t\t\t\t\t\t\t\t<img decoding=\"async\" width=\"464\" height=\"400\" src=\"https:\/\/soymigrante.com\/revista\/wp-content\/uploads\/2024\/09\/thelma-carrera-historia-de-exito-soy-migrante.webp\" class=\"attachment-large size-large wp-image-9882\" alt=\"Comida ofrecida a migrantes en evento comunitario, destacando la solidaridad y cultura migrante en Espa\u00f1a, en un ambiente de apoyo y camarader\u00eda.\" srcset=\"https:\/\/soymigrante.com\/revista\/wp-content\/uploads\/2024\/09\/thelma-carrera-historia-de-exito-soy-migrante.webp 464w, https:\/\/soymigrante.com\/revista\/wp-content\/uploads\/2024\/09\/thelma-carrera-historia-de-exito-soy-migrante-300x259.webp 300w\" sizes=\"(max-width: 464px) 100vw, 464px\" title=\"thelma carrera historia de exito soy migrante \u2013 SoyMigrante.com REVISTA\" \/>\t\t\t\t\t\t\t\t\t\t\t<figcaption class=\"widget-image-caption wp-caption-text\">Distribuci\u00f3n de alimentos y atenci\u00f3n a migrantes en evento comunitario, promoviendo integraci\u00f3n y solidaridad.<\/figcaption>\n\t\t\t\t\t\t\t\t\t\t<\/figure>\n\t\t\t\t\t\t\t\t\t<\/div>\n\t\t\t\t\t<\/div>\n\t\t\t\t<\/div>\n\t\t<div data-particle_enable=\"false\" data-particle-mobile-disabled=\"false\" class=\"elementor-element elementor-element-2469f8e e-flex e-con-boxed e-con e-parent\" data-id=\"2469f8e\" data-element_type=\"container\" data-e-type=\"container\">\n\t\t\t\t\t<div class=\"e-con-inner\">\n\t\t\t\t<div class=\"elementor-element elementor-element-1d9bbb6 elementor-widget elementor-widget-text-editor\" data-id=\"1d9bbb6\" data-element_type=\"widget\" data-e-type=\"widget\" data-widget_type=\"text-editor.default\">\n\t\t\t\t\t\t\t\t\t<p>Para alcanzar ese objetivo en USA, Thelma comenz\u00f3 cuidando un ni\u00f1o de 3 meses, recuerda. A los 3 a\u00f1os dej\u00f3 de hacerlo. Luego busc\u00f3 oportunidad para limpiar casas y desde entonces, gracias a ello ha logrado apoyar a sus hijos y a su esposo para construir el hogar que ahora han formado a base de mucho esfuerzo y sacrificios.<\/p>\t\t\t\t\t\t\t\t<\/div>\n\t\t\t\t\t<\/div>\n\t\t\t\t<\/div>\n\t\t<div data-particle_enable=\"false\" data-particle-mobile-disabled=\"false\" class=\"elementor-element elementor-element-66e695a e-flex e-con-boxed e-con e-parent\" data-id=\"66e695a\" data-element_type=\"container\" data-e-type=\"container\">\n\t\t\t\t\t<div class=\"e-con-inner\">\n\t\t\t\t<div class=\"elementor-element elementor-element-5e864b2 elementor-widget elementor-widget-heading\" data-id=\"5e864b2\" data-element_type=\"widget\" data-e-type=\"widget\" data-widget_type=\"heading.default\">\n\t\t\t\t\t<h3 class=\"elementor-heading-title elementor-size-default\">El saz\u00f3n de Thelma hecho con amor<\/h3>\t\t\t\t<\/div>\n\t\t\t\t\t<\/div>\n\t\t\t\t<\/div>\n\t\t<div data-particle_enable=\"false\" data-particle-mobile-disabled=\"false\" class=\"elementor-element elementor-element-3c7d8ac e-flex e-con-boxed e-con e-parent\" data-id=\"3c7d8ac\" data-element_type=\"container\" data-e-type=\"container\">\n\t\t\t\t\t<div class=\"e-con-inner\">\n\t\t\t\t<div class=\"elementor-element elementor-element-b9e0130 elementor-widget elementor-widget-text-editor\" data-id=\"b9e0130\" data-element_type=\"widget\" data-e-type=\"widget\" data-widget_type=\"text-editor.default\">\n\t\t\t\t\t\t\t\t\t<p>Como en muchos pa\u00edses del mundo, cada Navidad en la casa de Thelma se dan regalos. Recuerda en una ocasi\u00f3n que lo que hab\u00eda ahorrado para los regalos de sus hijos ella decidi\u00f3 usar ese&nbsp;<a href=\"https:\/\/soymigrante.com\/revista\/la-empresaria-francesca-kennedy-y-su-conexion-inquebrantable-con-atitlan\/\" target=\"_blank\" rel=\"noopener\">dinero para ayudar&nbsp;<\/a>a una familia en pobreza extrema en Guatemala.<\/p>\n<p>\u201cMis hijos me preguntaron qu\u00e9 les regalar\u00eda para Navidad. Les dije que esta vez no habr\u00eda regalos. El dinero que ten\u00eda lo us\u00e9 para enviarlo a Guatemala, a una familia que no iban a tener para comer tamales. Ten\u00eda el video de la familia que recibi\u00f3 la ayuda y se los ense\u00f1\u00e9. Me dijeron. Oh, mami est\u00e1 bien mami\u201d, relata Thelma quien a trav\u00e9s de actos as\u00ed les ha inculcado que ayudar a otros es una bendici\u00f3n.<\/p>\t\t\t\t\t\t\t\t<\/div>\n\t\t\t\t\t<\/div>\n\t\t\t\t<\/div>\n\t\t<div data-particle_enable=\"false\" data-particle-mobile-disabled=\"false\" class=\"elementor-element elementor-element-1e1d99f e-flex e-con-boxed e-con e-parent\" data-id=\"1e1d99f\" data-element_type=\"container\" data-e-type=\"container\">\n\t\t\t\t\t<div class=\"e-con-inner\">\n\t\t\t\t<div class=\"elementor-element elementor-element-12c2e3b elementor-widget elementor-widget-image\" data-id=\"12c2e3b\" data-element_type=\"widget\" data-e-type=\"widget\" data-widget_type=\"image.default\">\n\t\t\t\t\t\t\t\t\t\t\t\t<figure class=\"wp-caption\">\n\t\t\t\t\t\t\t\t\t\t<img decoding=\"async\" width=\"720\" height=\"960\" src=\"https:\/\/soymigrante.com\/revista\/wp-content\/uploads\/2024\/09\/thelma-carrera-soy-migrante4.webp\" class=\"attachment-medium_large size-medium_large wp-image-9880\" alt=\"1. Reclamo de un abrazo rom\u00e1ntico entre pareja en jard\u00edn durante celebraci\u00f3n al aire libre en Estados Unidos.\" srcset=\"https:\/\/soymigrante.com\/revista\/wp-content\/uploads\/2024\/09\/thelma-carrera-soy-migrante4.webp 720w, https:\/\/soymigrante.com\/revista\/wp-content\/uploads\/2024\/09\/thelma-carrera-soy-migrante4-225x300.webp 225w\" sizes=\"(max-width: 720px) 100vw, 720px\" title=\"thelma carrera soy migrante4 \u2013 SoyMigrante.com REVISTA\" \/>\t\t\t\t\t\t\t\t\t\t\t<figcaption class=\"widget-image-caption wp-caption-text\">2. Pareja bailando y disfrutando en celebraci\u00f3n familiar en jard\u00edn, con ambiente alegre y cercano en un vecindario.<\/figcaption>\n\t\t\t\t\t\t\t\t\t\t<\/figure>\n\t\t\t\t\t\t\t\t\t<\/div>\n\t\t\t\t\t<\/div>\n\t\t\t\t<\/div>\n\t\t<div data-particle_enable=\"false\" data-particle-mobile-disabled=\"false\" class=\"elementor-element elementor-element-3278819 e-flex e-con-boxed e-con e-parent\" data-id=\"3278819\" data-element_type=\"container\" data-e-type=\"container\">\n\t\t\t\t\t<div class=\"e-con-inner\">\n\t\t\t\t<div class=\"elementor-element elementor-element-1047d6c elementor-widget elementor-widget-text-editor\" data-id=\"1047d6c\" data-element_type=\"widget\" data-e-type=\"widget\" data-widget_type=\"text-editor.default\">\n\t\t\t\t\t\t\t\t\t<p>Actualmente Thelma contin\u00faa limpiando entre 3 a 5 casas diarias, pero ahora cuenta con la ayuda de otras personas para sacar esa tarea diaria. Se levanta temprano para preparar la comida de su esposo. Un d\u00eda previo prepara la comida para el d\u00eda siguiente para sus hijos. Luego se dispone ir a dejar a su hija peque\u00f1a a la escuela.\u00a0<\/p><p>A veces Thelma regresa a casa a las 17 horas. Para ello su hija mayor cuida de la m\u00e1s peque\u00f1a, pero con Thelma tienen el acuerdo que para que ella pueda trabajar m\u00e1s horas y ganar m\u00e1s, necesita del apoyo en casa. Todos contribuyen y trabajan en equipo. La recompensa llega el fin de semana cuando sus hijos le piden ir a un centro comercial o comer algo por ah\u00ed.<\/p>\t\t\t\t\t\t\t\t<\/div>\n\t\t\t\t\t<\/div>\n\t\t\t\t<\/div>\n\t\t<div data-particle_enable=\"false\" data-particle-mobile-disabled=\"false\" class=\"elementor-element elementor-element-4320804 e-flex e-con-boxed e-con e-parent\" data-id=\"4320804\" data-element_type=\"container\" data-e-type=\"container\">\n\t\t\t\t\t<div class=\"e-con-inner\">\n\t\t\t\t<div class=\"elementor-element elementor-element-58c389b elementor-widget elementor-widget-image\" data-id=\"58c389b\" data-element_type=\"widget\" data-e-type=\"widget\" data-widget_type=\"image.default\">\n\t\t\t\t\t\t\t\t\t\t\t\t<figure class=\"wp-caption\">\n\t\t\t\t\t\t\t\t\t\t<img loading=\"lazy\" decoding=\"async\" width=\"720\" height=\"960\" src=\"https:\/\/soymigrante.com\/revista\/wp-content\/uploads\/2024\/09\/thelma-carrera-soy-migrante2.webp\" class=\"attachment-medium_large size-medium_large wp-image-9879\" alt=\"Feliz encuentro entre generaciones en una celebraci\u00f3n de cumplea\u00f1os en un parque con un pastel decorado, donde una joven abraza a una anciana rodeados de amigos y familiares.\" srcset=\"https:\/\/soymigrante.com\/revista\/wp-content\/uploads\/2024\/09\/thelma-carrera-soy-migrante2.webp 720w, https:\/\/soymigrante.com\/revista\/wp-content\/uploads\/2024\/09\/thelma-carrera-soy-migrante2-225x300.webp 225w\" sizes=\"(max-width: 720px) 100vw, 720px\" title=\"thelma carrera soy migrante2 \u2013 SoyMigrante.com REVISTA\" \/>\t\t\t\t\t\t\t\t\t\t\t<figcaption class=\"widget-image-caption wp-caption-text\">Nueva imagen para revista SoyMigrante.com, que muestra momentos emotivos de comunidades migrantes y eventos familiares en espacios abiertos.<\/figcaption>\n\t\t\t\t\t\t\t\t\t\t<\/figure>\n\t\t\t\t\t\t\t\t\t<\/div>\n\t\t\t\t\t<\/div>\n\t\t\t\t<\/div>\n\t\t<div data-particle_enable=\"false\" data-particle-mobile-disabled=\"false\" class=\"elementor-element elementor-element-f287d53 e-flex e-con-boxed e-con e-parent\" data-id=\"f287d53\" data-element_type=\"container\" data-e-type=\"container\">\n\t\t\t\t\t<div class=\"e-con-inner\">\n\t\t\t\t<div class=\"elementor-element elementor-element-dd3568a elementor-widget elementor-widget-text-editor\" data-id=\"dd3568a\" data-element_type=\"widget\" data-e-type=\"widget\" data-widget_type=\"text-editor.default\">\n\t\t\t\t\t\t\t\t\t<p>\u201cA mi me mandan videos de all\u00e1 (Guatemala) de familias que necesitan ayuda. As\u00ed que hay d\u00edas en los que me pongo a cocinar y aviso por chat que tal d\u00eda har\u00e9 tamales, rellenitos para vender. La gente me compra, pero no saben que esa venta que estoy haciendo es para ayudar a recaudar US$100 o lo que pueda para enviarlo a Guate y ayudar a la gente\u201d, refiere Thelma.<\/p><p>\u201cYo siempre digo mientras uno tenga salud y\u00a0<a href=\"https:\/\/soymigrante.com\/revista\/los-guatemaltecos-sabemos-hacer-de-todoarquitecto-migrante-luis-cortez\/\" target=\"_blank\" rel=\"noopener\">trabajo ah\u00ed tiene todo<\/a>. Cuando uno es luchador y si no tiene trabajo fuera, uno puede cocinar. Trabajo hay en la casa\u201d, expresa Thelma quien defienden que no hay excusa para superarse en la vida y menos lejos de la tierra que lo ve a uno nacer.<\/p>\t\t\t\t\t\t\t\t<\/div>\n\t\t\t\t\t<\/div>\n\t\t\t\t<\/div>\n\t\t<div data-particle_enable=\"false\" data-particle-mobile-disabled=\"false\" class=\"elementor-element elementor-element-edfa160 e-flex e-con-boxed e-con e-parent\" data-id=\"edfa160\" data-element_type=\"container\" data-e-type=\"container\">\n\t\t\t\t\t<div class=\"e-con-inner\">\n\t\t\t\t<div class=\"elementor-element elementor-element-9519e8c elementor-arrows-position-inside elementor-pagination-position-outside elementor-widget elementor-widget-image-carousel\" data-id=\"9519e8c\" data-element_type=\"widget\" data-e-type=\"widget\" data-settings=\"{&quot;slides_to_show&quot;:&quot;1&quot;,&quot;navigation&quot;:&quot;both&quot;,&quot;autoplay&quot;:&quot;yes&quot;,&quot;pause_on_hover&quot;:&quot;yes&quot;,&quot;pause_on_interaction&quot;:&quot;yes&quot;,&quot;autoplay_speed&quot;:5000,&quot;infinite&quot;:&quot;yes&quot;,&quot;effect&quot;:&quot;slide&quot;,&quot;speed&quot;:500}\" data-widget_type=\"image-carousel.default\">\n\t\t\t\t\t\t\t<div class=\"elementor-image-carousel-wrapper swiper\" role=\"region\" aria-roledescription=\"carousel\" aria-label=\"Carrusel de im\u00e1genes\" dir=\"ltr\">\n\t\t\t<div class=\"elementor-image-carousel swiper-wrapper\" aria-live=\"off\">\n\t\t\t\t\t\t\t\t<div class=\"swiper-slide\" role=\"group\" aria-roledescription=\"slide\" aria-label=\"1 de 5\"><figure class=\"swiper-slide-inner\"><img decoding=\"async\" class=\"swiper-slide-image\" src=\"https:\/\/soymigrante.com\/revista\/wp-content\/uploads\/2024\/09\/platillos-de-thelma-carrera-soy-migrante1.webp\" alt=\"SoyMigrante.com REVISTA - Mujeres hispanas preparando tortillas tradicionales, resaltando la cultura y la gastronom\u00eda de la comunidad migrante en Estados Unidos.\" \/><\/figure><\/div><div class=\"swiper-slide\" role=\"group\" aria-roledescription=\"slide\" aria-label=\"2 de 5\"><figure class=\"swiper-slide-inner\"><img decoding=\"async\" class=\"swiper-slide-image\" src=\"https:\/\/soymigrante.com\/revista\/wp-content\/uploads\/2024\/09\/platillos-de-thelma-carrera-soy-migrante-768x1024.webp\" alt=\"Fritangas mexicanas tradicionales, pollo y verduras, en bandeja de aluminio con cebolla y perejil, rodeadas de lechuga fresca, ideal para recetas tradicionales en M\u00e9xico y para eventos sociales.\" \/><\/figure><\/div><div class=\"swiper-slide\" role=\"group\" aria-roledescription=\"slide\" aria-label=\"3 de 5\"><figure class=\"swiper-slide-inner\"><img decoding=\"async\" class=\"swiper-slide-image\" src=\"https:\/\/soymigrante.com\/revista\/wp-content\/uploads\/2024\/09\/platillos-de-thelma-carrera-soy-migrante2-768x1024.webp\" alt=\"Frituras tradicionales mexicanas, empanadas de carne y verduras, en fuente de aluminio, listas para servir, comida popular, plato casero, gastronom\u00eda mexicana, aperitivo, comida callejera, receta casera, ingredientes frescos.\" \/><\/figure><\/div><div class=\"swiper-slide\" role=\"group\" aria-roledescription=\"slide\" aria-label=\"4 de 5\"><figure class=\"swiper-slide-inner\"><img decoding=\"async\" class=\"swiper-slide-image\" src=\"https:\/\/soymigrante.com\/revista\/wp-content\/uploads\/2024\/09\/platillos-de-thelma-carrera-soy-migrante4-768x1024.webp\" alt=\"Tarta de elote tradicional mexicana en presentaci\u00f3n de l\u00ednea, con papel aluminio y utensilios de comida, resaltando cultura y gastronom\u00eda en el contexto de migrantes.\" \/><\/figure><\/div><div class=\"swiper-slide\" role=\"group\" aria-roledescription=\"slide\" aria-label=\"5 de 5\"><figure class=\"swiper-slide-inner\"><img decoding=\"async\" class=\"swiper-slide-image\" src=\"https:\/\/soymigrante.com\/revista\/wp-content\/uploads\/2024\/09\/platillos-de-thelma-carrera-soy-migrante3-1-768x1063.webp\" alt=\"Discos de tortilla de ma\u00edz tradicionales mexicanas en presentaci\u00f3n circular en un plato de tela decorativa.\" \/><\/figure><\/div>\t\t\t<\/div>\n\t\t\t\t\t\t\t\t\t\t\t\t<div class=\"elementor-swiper-button elementor-swiper-button-prev\" role=\"button\" tabindex=\"0\">\n\t\t\t\t\t\t<i aria-hidden=\"true\" class=\"eicon-chevron-left\"><\/i>\t\t\t\t\t<\/div>\n\t\t\t\t\t<div class=\"elementor-swiper-button elementor-swiper-button-next\" role=\"button\" tabindex=\"0\">\n\t\t\t\t\t\t<i aria-hidden=\"true\" class=\"eicon-chevron-right\"><\/i>\t\t\t\t\t<\/div>\n\t\t\t\t\n\t\t\t\t\t\t\t\t\t<div class=\"swiper-pagination\"><\/div>\n\t\t\t\t\t\t\t\t\t<\/div>\n\t\t\t\t\t\t<\/div>\n\t\t\t\t\t<\/div>\n\t\t\t\t<\/div>\n\t\t<div data-particle_enable=\"false\" data-particle-mobile-disabled=\"false\" class=\"elementor-element elementor-element-8463b4d e-flex e-con-boxed e-con e-parent\" data-id=\"8463b4d\" data-element_type=\"container\" data-e-type=\"container\">\n\t\t\t\t\t<div class=\"e-con-inner\">\n\t\t\t\t<div class=\"elementor-element elementor-element-f315e72 elementor-widget elementor-widget-heading\" data-id=\"f315e72\" data-element_type=\"widget\" data-e-type=\"widget\" data-widget_type=\"heading.default\">\n\t\t\t\t\t<h3 class=\"elementor-heading-title elementor-size-default\">Agradecida de vivir en USA<\/h3>\t\t\t\t<\/div>\n\t\t\t\t\t<\/div>\n\t\t\t\t<\/div>\n\t\t<div data-particle_enable=\"false\" data-particle-mobile-disabled=\"false\" class=\"elementor-element elementor-element-01d6129 e-flex e-con-boxed e-con e-parent\" data-id=\"01d6129\" data-element_type=\"container\" data-e-type=\"container\">\n\t\t\t\t\t<div class=\"e-con-inner\">\n\t\t\t\t<div class=\"elementor-element elementor-element-0bc4e93 elementor-widget elementor-widget-text-editor\" data-id=\"0bc4e93\" data-element_type=\"widget\" data-e-type=\"widget\" data-widget_type=\"text-editor.default\">\n\t\t\t\t\t\t\t\t\t<p>Tambi\u00e9n refiere que en estos 26 a\u00f1os jam\u00e1s ha tenido alg\u00fan inconveniente con nadie ni con la ley. Thelma tiene claro que\u00a0<a href=\"https:\/\/soymigrante.com\/revista\/esvin-gomez-retalteco-migrante-impulsa-el-movimiento-tps-en-california\/\" target=\"_blank\" rel=\"noopener\">vivir en USA\u00a0<\/a>es seguir y respetar las normas, pero que es una oportunidad para alcanzar los sue\u00f1os y salir adelante. Y como muchos guatemaltecos en USA, no pierde la esperanza que cuando su hijo mayor, quien ya va a la universidad, pueda apoyarla en acelerar el proceso de ciudadan\u00eda.<\/p><p>Thelma recuerda que hace 26 a\u00f1os a ella le tom\u00f3 llegar a ese pa\u00eds 17 d\u00edas, llenos de barreras, cansancio, hambre, pero est\u00e1 agradecida con lo que USA le ha permitido construir: su casa, un hogar y ayudar a trav\u00e9s de la venta de platillos guatemaltecos a otros paisanos que como ella una vez no pod\u00edan costear gastos de primera necesidad.<\/p><p>\u201cEl que quiere, quiere. El que no, no\u201d, insiste una Thelma determinada en seguir trabajando para el bienestar de su familia y para seguir ayudando a quien lo necesite.<\/p>\t\t\t\t\t\t\t\t<\/div>\n\t\t\t\t\t<\/div>\n\t\t\t\t<\/div>\n\t\t<div data-particle_enable=\"false\" data-particle-mobile-disabled=\"false\" class=\"elementor-element elementor-element-e1d0764 e-flex e-con-boxed e-con e-parent\" data-id=\"e1d0764\" data-element_type=\"container\" data-e-type=\"container\">\n\t\t\t\t\t<div class=\"e-con-inner\">\n\t\t\t\t<div class=\"elementor-element elementor-element-cb20d18 elementor-widget elementor-widget-heading\" data-id=\"cb20d18\" data-element_type=\"widget\" data-e-type=\"widget\" data-widget_type=\"heading.default\">\n\t\t\t\t\t<h2 class=\"elementor-heading-title elementor-size-default\">Ejemplos a seguir<\/h2>\t\t\t\t<\/div>\n\t\t\t\t\t<\/div>\n\t\t\t\t<\/div>\n\t\t<div data-particle_enable=\"false\" data-particle-mobile-disabled=\"false\" class=\"elementor-element elementor-element-4089d05 e-flex e-con-boxed e-con e-parent\" data-id=\"4089d05\" data-element_type=\"container\" data-e-type=\"container\">\n\t\t\t\t\t<div class=\"e-con-inner\">\n\t\t\t\t<div class=\"elementor-element elementor-element-b9a16cb elementor-grid-eael-col-3 elementor-grid-tablet-eael-col-2 elementor-grid-mobile-eael-col-1 elementor-widget elementor-widget-eael-post-grid\" data-id=\"b9a16cb\" data-element_type=\"widget\" data-e-type=\"widget\" data-settings=\"{&quot;eael_post_grid_columns&quot;:&quot;eael-col-3&quot;,&quot;eael_post_grid_columns_tablet&quot;:&quot;eael-col-2&quot;,&quot;eael_post_grid_columns_mobile&quot;:&quot;eael-col-1&quot;}\" data-widget_type=\"eael-post-grid.default\">\n\t\t\t\t\t<div id=\"eael-post-grid-b9a16cb\" class=\"eael-post-grid-container\">\n            <div class=\"eael-post-grid eael-post-appender eael-post-appender-b9a16cb eael-post-grid-style-one\" data-layout-mode=\"masonry\"><article class=\"eael-grid-post  eael-post-grid-column eael-pg-post-9776 category-exitos\" data-id=\"9776\">\n        <div class=\"eael-grid-post-holder\">\n            <div class=\"eael-grid-post-holder-inner\"><div class=\"eael-entry-media\"><div class=\"eael-entry-overlay fade-in\"><i class=\"far fa-hand-pointer\" aria-hidden=\"true\"><\/i><a href=\"https:\/\/soymigrante.com\/revista\/esvin-gomez-retalteco-migrante-impulsa-el-movimiento-tps-en-california\/\"><\/a><\/div><div class=\"eael-entry-thumbnail \">\n                <img loading=\"lazy\" decoding=\"async\" width=\"1024\" height=\"1024\" src=\"https:\/\/soymigrante.com\/revista\/wp-content\/uploads\/2024\/09\/Esvin-Gomez-defiende-el-TPS-en-USA3-e1727724241599-1024x1024.webp\" class=\"attachment-large size-large wp-image-9830\" alt=\"Turista en un centro comercial de EE.UU., sostiene una hoja con el logotipo de TPS, en un entorno urbano con decoraciones de Halloween y figura de Mickey Mouse disfrazada.\" srcset=\"https:\/\/soymigrante.com\/revista\/wp-content\/uploads\/2024\/09\/Esvin-Gomez-defiende-el-TPS-en-USA3-e1727724241599-1024x1024.webp 1024w, https:\/\/soymigrante.com\/revista\/wp-content\/uploads\/2024\/09\/Esvin-Gomez-defiende-el-TPS-en-USA3-e1727724241599-300x300.webp 300w, https:\/\/soymigrante.com\/revista\/wp-content\/uploads\/2024\/09\/Esvin-Gomez-defiende-el-TPS-en-USA3-e1727724241599-150x150.webp 150w, https:\/\/soymigrante.com\/revista\/wp-content\/uploads\/2024\/09\/Esvin-Gomez-defiende-el-TPS-en-USA3-e1727724241599-768x768.webp 768w, https:\/\/soymigrante.com\/revista\/wp-content\/uploads\/2024\/09\/Esvin-Gomez-defiende-el-TPS-en-USA3-e1727724241599-75x75.webp 75w, https:\/\/soymigrante.com\/revista\/wp-content\/uploads\/2024\/09\/Esvin-Gomez-defiende-el-TPS-en-USA3-e1727724241599-750x750.webp 750w, https:\/\/soymigrante.com\/revista\/wp-content\/uploads\/2024\/09\/Esvin-Gomez-defiende-el-TPS-en-USA3-e1727724241599-1140x1140.webp 1140w, https:\/\/soymigrante.com\/revista\/wp-content\/uploads\/2024\/09\/Esvin-Gomez-defiende-el-TPS-en-USA3-e1727724241599.webp 1440w\" sizes=\"(max-width: 1024px) 100vw, 1024px\" \/>\n            <\/div>\n        <\/div><div class=\"eael-entry-wrapper\"><header class=\"eael-entry-header\"><h2 class=\"eael-entry-title\"><a class=\"eael-grid-post-link\" href=\"https:\/\/soymigrante.com\/revista\/esvin-gomez-retalteco-migrante-impulsa-el-movimiento-tps-en-california\/\" title=\"&#8220;Lo vamos a lograr&#8221;: Esvin G\u00f3mez, migrante retalteco apoya el movimiento TPS en California\">&#8220;Lo vamos a lograr&#8221;: Esvin G\u00f3mez, migrante retalteco apoya el movimiento TPS en California<\/a><\/h2><\/header><div class=\"eael-entry-content\">\n                        <div class=\"eael-grid-post-excerpt\"><a href=\"https:\/\/soymigrante.com\/revista\/esvin-gomez-retalteco-migrante-impulsa-el-movimiento-tps-en-california\/\" class=\"eael-post-elements-readmore-btn\">CONOCE SU HISTORIA <\/a><\/div>\n                    <\/div><\/div><\/div>\n        <\/div>\n    <\/article><article class=\"eael-grid-post  eael-post-grid-column eael-pg-post-2281 category-exitos\" data-id=\"2281\">\n        <div class=\"eael-grid-post-holder\">\n            <div class=\"eael-grid-post-holder-inner\"><div class=\"eael-entry-media\"><div class=\"eael-entry-overlay fade-in\"><i class=\"far fa-hand-pointer\" aria-hidden=\"true\"><\/i><a href=\"https:\/\/soymigrante.com\/revista\/rosario-rodriguez-cineasta-guatemalteca-nueva-york\/\"><\/a><\/div><div class=\"eael-entry-thumbnail \">\n                <img loading=\"lazy\" decoding=\"async\" width=\"1024\" height=\"834\" src=\"https:\/\/soymigrante.com\/revista\/wp-content\/uploads\/2023\/08\/rosie-1024x834.webp\" class=\"attachment-large size-large wp-image-2341\" alt=\"Rosario Rodr\u00edguez, cineasta guatemalteca y migrante\" srcset=\"https:\/\/soymigrante.com\/revista\/wp-content\/uploads\/2023\/08\/rosie-1024x834.webp 1024w, https:\/\/soymigrante.com\/revista\/wp-content\/uploads\/2023\/08\/rosie-300x244.webp 300w, https:\/\/soymigrante.com\/revista\/wp-content\/uploads\/2023\/08\/rosie-768x626.webp 768w, https:\/\/soymigrante.com\/revista\/wp-content\/uploads\/2023\/08\/rosie-750x611.webp 750w, https:\/\/soymigrante.com\/revista\/wp-content\/uploads\/2023\/08\/rosie-1140x929.webp 1140w, https:\/\/soymigrante.com\/revista\/wp-content\/uploads\/2023\/08\/rosie.webp 1425w\" sizes=\"(max-width: 1024px) 100vw, 1024px\" \/>\n            <\/div>\n        <\/div><div class=\"eael-entry-wrapper\"><header class=\"eael-entry-header\"><h2 class=\"eael-entry-title\"><a class=\"eael-grid-post-link\" href=\"https:\/\/soymigrante.com\/revista\/rosario-rodriguez-cineasta-guatemalteca-nueva-york\/\" title=\"Rosario Rodr\u00edguez: La cineasta guatemalteca que brilla en Nueva York\">Rosario Rodr\u00edguez: La cineasta guatemalteca que brilla en Nueva York<\/a><\/h2><\/header><div class=\"eael-entry-content\">\n                        <div class=\"eael-grid-post-excerpt\"><a href=\"https:\/\/soymigrante.com\/revista\/rosario-rodriguez-cineasta-guatemalteca-nueva-york\/\" class=\"eael-post-elements-readmore-btn\">CONOCE SU HISTORIA <\/a><\/div>\n                    <\/div><\/div><\/div>\n        <\/div>\n    <\/article><article class=\"eael-grid-post  eael-post-grid-column eael-pg-post-208 category-exitos-guatemala tags-connecticut\" data-id=\"208\">\n        <div class=\"eael-grid-post-holder\">\n            <div class=\"eael-grid-post-holder-inner\"><div class=\"eael-entry-media\"><div class=\"eael-entry-overlay fade-in\"><i class=\"far fa-hand-pointer\" aria-hidden=\"true\"><\/i><a href=\"https:\/\/soymigrante.com\/revista\/elisa-escamilla-emprendedora-invierte-en-guatemala\/\"><\/a><\/div><div class=\"eael-entry-thumbnail \">\n                <img loading=\"lazy\" decoding=\"async\" width=\"1024\" height=\"624\" src=\"https:\/\/soymigrante.com\/revista\/wp-content\/uploads\/2023\/03\/SOY-ELISA-ESCAMILLA-ENTREVISTA-3-1024x624.jpg\" class=\"attachment-large size-large wp-image-944\" alt=\"Para Elisa Escamilla, el mayor \u00e9xito y su m\u00e1xima prioridad en la vida es su familia.\" srcset=\"https:\/\/soymigrante.com\/revista\/wp-content\/uploads\/2023\/03\/SOY-ELISA-ESCAMILLA-ENTREVISTA-3-1024x624.jpg 1024w, https:\/\/soymigrante.com\/revista\/wp-content\/uploads\/2023\/03\/SOY-ELISA-ESCAMILLA-ENTREVISTA-3-300x183.webp 300w, https:\/\/soymigrante.com\/revista\/wp-content\/uploads\/2023\/03\/SOY-ELISA-ESCAMILLA-ENTREVISTA-3-768x468.jpg 768w, https:\/\/soymigrante.com\/revista\/wp-content\/uploads\/2023\/03\/SOY-ELISA-ESCAMILLA-ENTREVISTA-3-1536x936.jpg 1536w, https:\/\/soymigrante.com\/revista\/wp-content\/uploads\/2023\/03\/SOY-ELISA-ESCAMILLA-ENTREVISTA-3-750x457.webp 750w, https:\/\/soymigrante.com\/revista\/wp-content\/uploads\/2023\/03\/SOY-ELISA-ESCAMILLA-ENTREVISTA-3-1140x694.jpg 1140w, https:\/\/soymigrante.com\/revista\/wp-content\/uploads\/2023\/03\/SOY-ELISA-ESCAMILLA-ENTREVISTA-3.webp 1768w\" sizes=\"(max-width: 1024px) 100vw, 1024px\" \/>\n            <\/div>\n        <\/div><div class=\"eael-entry-wrapper\"><header class=\"eael-entry-header\"><h2 class=\"eael-entry-title\"><a class=\"eael-grid-post-link\" href=\"https:\/\/soymigrante.com\/revista\/elisa-escamilla-emprendedora-invierte-en-guatemala\/\" title=\"Elisa Escamilla: una historia de amor, foto y grandes objetivos.\">Elisa Escamilla: una historia de amor, foto y grandes objetivos.<\/a><\/h2><\/header><div class=\"eael-entry-content\">\n                        <div class=\"eael-grid-post-excerpt\"><a href=\"https:\/\/soymigrante.com\/revista\/elisa-escamilla-emprendedora-invierte-en-guatemala\/\" class=\"eael-post-elements-readmore-btn\">CONOCE SU HISTORIA <\/a><\/div>\n                    <\/div><\/div><\/div>\n        <\/div>\n    <\/article><\/div>\n            <div class=\"clearfix\"><\/div>\n        <\/div>\t\t\t\t<\/div>\n\t\t\t\t\t<\/div>\n\t\t\t\t<\/div>\n\t\t\t\t<\/div>\n\t\t","protected":false},"excerpt":{"rendered":"<p>Thelma Carrera Rivera es originaria de Sanarate, El Progreso, y decidi\u00f3 migrar a USA para construir, junto a su esposo, el anhelo que en Guatemala sent\u00eda lejos de alcanzar: \u201cTrabajar para construir su casita\u201d. Son las 11.45 de la ma\u00f1ana en\u00a0Connecticut, Thelma Carrera Rivera responde con un \u201cAl\u00f3\u201d. Era un s\u00e1bado de descanso, pero Thelma [&hellip;]<\/p>\n","protected":false},"author":23,"featured_media":9871,"comment_status":"open","ping_status":"open","sticky":false,"template":"","format":"standard","meta":{"_acf_changed":false,"_eb_attr":"","footnotes":""},"categories":[50],"tags":[],"class_list":["post-9868","post","type-post","status-publish","format-standard","has-post-thumbnail","hentry","category-exitos"],"acf":[],"aioseo_notices":[],"aioseo_head":"\n\t\t<!-- All in One SEO Pro 4.9.6.2 - aioseo.com -->\n\t<meta name=\"description\" content=\"Elisa es emprendedora desde los 17 a\u00f1os, pero circunstancias del destino la llevaron a los 23 a\u00f1os hasta Connecticut, EE. UU. en donde se encuentra su coraz\u00f3n y desde donde dirige La Fototienda, en Guatemala Elisa Escamilla viaj\u00f3 a EE.UU. a los 23 a\u00f1os en un viaje tur\u00edstico que termin\u00f3 siendo una vida. Su primer\" \/>\n\t<meta name=\"robots\" content=\"max-snippet:-1, max-image-preview:large, max-video-preview:-1\" \/>\n\t<meta name=\"author\" content=\"Gustavo Montenegro\"\/>\n\t<link rel=\"canonical\" href=\"https:\/\/soymigrante.com\/revista\/elisa-escamilla-emprendedora-invierte-en-guatemala\/\" \/>\n\t<meta name=\"generator\" content=\"All in One SEO Pro (AIOSEO) 4.9.6.2\" \/>\n\n\t\t<link rel=\"preconnect\" href=\"https:\/\/fonts.googleapis.com\" crossorigin>\n<link rel=\"preconnect\" href=\"https:\/\/fonts.gstatic.com\" crossorigin>\n\t\t<meta property=\"og:locale\" content=\"es_ES\" \/>\n\t\t<meta property=\"og:site_name\" content=\"SoyMigrante.com REVISTA \u2013 Nuestra misi\u00f3n es reconocer y dignificar al migrante.\" \/>\n\t\t<meta property=\"og:type\" content=\"article\" \/>\n\t\t<meta property=\"og:title\" content=\"Elisa Escamilla: una historia de amor, foto y grandes objetivos.\" \/>\n\t\t<meta property=\"og:description\" content=\"Elisa es emprendedora desde los 17 a\u00f1os, pero circunstancias del destino la llevaron a los 23 a\u00f1os hasta Connecticut, EE. UU. en donde se encuentra su coraz\u00f3n y desde donde dirige La Fototienda, en Guatemala Elisa Escamilla viaj\u00f3 a EE.UU. a los 23 a\u00f1os en un viaje tur\u00edstico que termin\u00f3 siendo una vida. Su primer\" \/>\n\t\t<meta property=\"og:url\" content=\"https:\/\/soymigrante.com\/revista\/elisa-escamilla-emprendedora-invierte-en-guatemala\/\" \/>\n\t\t<meta property=\"og:image\" content=\"https:\/\/soymigrante.com\/revista\/wp-content\/uploads\/2023\/03\/SOY-ELISA-ESCAMILLA-ENTREVISTA-3.webp\" \/>\n\t\t<meta property=\"og:image:secure_url\" content=\"https:\/\/soymigrante.com\/revista\/wp-content\/uploads\/2023\/03\/SOY-ELISA-ESCAMILLA-ENTREVISTA-3.webp\" \/>\n\t\t<meta property=\"og:image:width\" content=\"1768\" \/>\n\t\t<meta property=\"og:image:height\" content=\"1077\" \/>\n\t\t<meta property=\"article:published_time\" content=\"2023-05-25T00:10:58+00:00\" \/>\n\t\t<meta property=\"article:modified_time\" content=\"2026-03-11T20:40:59+00:00\" \/>\n\t\t<meta property=\"article:publisher\" content=\"https:\/\/www.facebook.com\/soymigrantecom\" \/>\n\t\t<meta name=\"twitter:card\" content=\"summary_large_image\" \/>\n\t\t<meta name=\"twitter:site\" content=\"@SoyMigrante_com\" \/>\n\t\t<meta name=\"twitter:title\" content=\"Elisa Escamilla: una historia de amor, foto y grandes objetivos.\" \/>\n\t\t<meta name=\"twitter:description\" content=\"Elisa es emprendedora desde los 17 a\u00f1os, pero circunstancias del destino la llevaron a los 23 a\u00f1os hasta Connecticut, EE. UU. en donde se encuentra su coraz\u00f3n y desde donde dirige La Fototienda, en Guatemala Elisa Escamilla viaj\u00f3 a EE.UU. a los 23 a\u00f1os en un viaje tur\u00edstico que termin\u00f3 siendo una vida. Su primer\" \/>\n\t\t<meta name=\"twitter:creator\" content=\"@SoyMigrante_com\" \/>\n\t\t<meta name=\"twitter:image\" content=\"https:\/\/soymigrante.com\/revista\/wp-content\/uploads\/2023\/03\/SOY-ELISA-ESCAMILLA-ENTREVISTA-3.webp\" \/>\n\t\t<!-- All in One SEO Pro -->\r\n\t\t<title>Elisa Escamilla: una historia de amor, foto y grandes objetivos.<\/title>\n\n","aioseo_head_json":{"title":"Elisa Escamilla: una historia de amor, foto y grandes objetivos.","description":"Elisa es emprendedora desde los 17 a\u00f1os, pero circunstancias del destino la llevaron a los 23 a\u00f1os hasta Connecticut, EE. UU. en donde se encuentra su coraz\u00f3n y desde donde dirige La Fototienda, en Guatemala Elisa Escamilla viaj\u00f3 a EE.UU. a los 23 a\u00f1os en un viaje tur\u00edstico que termin\u00f3 siendo una vida. Su primer","canonical_url":"https:\/\/soymigrante.com\/revista\/elisa-escamilla-emprendedora-invierte-en-guatemala\/","robots":"max-snippet:-1, max-image-preview:large, max-video-preview:-1","keywords":"","webmasterTools":{"miscellaneous":"&lt;link rel=\"preconnect\" href=\"https:\/\/fonts.googleapis.com\" crossorigin&gt;\n&lt;link rel=\"preconnect\" href=\"https:\/\/fonts.gstatic.com\" crossorigin&gt;"},"schema":null,"og:locale":"es_ES","og:site_name":"SoyMigrante.com REVISTA \u2013 Nuestra misi\u00f3n es reconocer y dignificar al migrante.","og:type":"article","og:title":"Elisa Escamilla: una historia de amor, foto y grandes objetivos.","og:description":"Elisa es emprendedora desde los 17 a\u00f1os, pero circunstancias del destino la llevaron a los 23 a\u00f1os hasta Connecticut, EE. UU. en donde se encuentra su coraz\u00f3n y desde donde dirige La Fototienda, en Guatemala Elisa Escamilla viaj\u00f3 a EE.UU. a los 23 a\u00f1os en un viaje tur\u00edstico que termin\u00f3 siendo una vida. Su primer","og:url":"https:\/\/soymigrante.com\/revista\/elisa-escamilla-emprendedora-invierte-en-guatemala\/","og:image":"https:\/\/soymigrante.com\/revista\/wp-content\/uploads\/2023\/03\/SOY-ELISA-ESCAMILLA-ENTREVISTA-3.webp","og:image:secure_url":"https:\/\/soymigrante.com\/revista\/wp-content\/uploads\/2023\/03\/SOY-ELISA-ESCAMILLA-ENTREVISTA-3.webp","og:image:width":1768,"og:image:height":1077,"article:published_time":"2023-05-25T00:10:58+00:00","article:modified_time":"2026-03-11T20:40:59+00:00","article:publisher":"https:\/\/www.facebook.com\/soymigrantecom","twitter:card":"summary_large_image","twitter:site":"@SoyMigrante_com","twitter:title":"Elisa Escamilla: una historia de amor, foto y grandes objetivos.","twitter:description":"Elisa es emprendedora desde los 17 a\u00f1os, pero circunstancias del destino la llevaron a los 23 a\u00f1os hasta Connecticut, EE. UU. en donde se encuentra su coraz\u00f3n y desde donde dirige La Fototienda, en Guatemala Elisa Escamilla viaj\u00f3 a EE.UU. a los 23 a\u00f1os en un viaje tur\u00edstico que termin\u00f3 siendo una vida. Su primer","twitter:creator":"@SoyMigrante_com","twitter:image":"https:\/\/soymigrante.com\/revista\/wp-content\/uploads\/2023\/03\/SOY-ELISA-ESCAMILLA-ENTREVISTA-3.webp"},"aioseo_meta_data":{"post_id":"9868","title":null,"description":"Thelma Carrera Rivera es originaria de Sanarate, El Progreso, y migr\u00f3 a USA hace 26 a\u00f1os. Trabaja en limpieza, pero vende comida para ayudar a compatriotas.","keywords":null,"keyphrases":{"focus":{"keyphrase":"Saz\u00f3n guatemalteco","score":37,"analysis":{"keyphraseInTitle":{"score":3,"maxScore":9,"error":1},"keyphraseInDescription":{"score":3,"maxScore":9,"error":1},"keyphraseLength":{"score":9,"maxScore":9,"error":0,"length":3},"keyphraseInURL":{"score":1,"maxScore":5,"error":1},"keyphraseInIntroduction":{"score":3,"maxScore":9,"error":1},"keyphraseInSubHeadings":{"score":3,"maxScore":9,"error":1},"keyphraseInImageAlt":{"score":3,"maxScore":9,"error":1},"keywordDensity":{"score":0,"type":"low","maxScore":9,"error":1}}},"additional":[{"keyphrase":"historia migrante","score":40,"analysis":{"keyphraseInDescription":{"score":3,"maxScore":9,"error":1},"keyphraseLength":{"score":9,"maxScore":9,"error":0,"length":2},"keyphraseInIntroduction":{"score":3,"maxScore":9,"error":1},"keyphraseInImageAlt":{"score":3,"maxScore":9,"error":1},"keywordDensity":{"score":0,"type":"low","maxScore":9,"error":1}}},{"keyphrase":"soy guatemalteca","score":40,"analysis":{"keyphraseInDescription":{"score":3,"maxScore":9,"error":1},"keyphraseLength":{"score":9,"maxScore":9,"error":0,"length":2},"keyphraseInIntroduction":{"score":3,"maxScore":9,"error":1},"keyphraseInImageAlt":{"score":3,"maxScore":9,"error":1},"keywordDensity":{"score":0,"type":"low","maxScore":9,"error":1}}}]},"primary_term":null,"canonical_url":null,"og_title":null,"og_description":null,"og_object_type":"default","og_image_type":"default","og_image_url":null,"og_image_width":null,"og_image_height":null,"og_image_custom_url":null,"og_image_custom_fields":null,"og_video":"","og_custom_url":null,"og_article_section":null,"og_article_tags":null,"twitter_use_og":false,"twitter_card":"default","twitter_image_type":"default","twitter_image_url":null,"twitter_image_custom_url":null,"twitter_image_custom_fields":null,"twitter_title":null,"twitter_description":null,"schema":{"blockGraphs":[],"customGraphs":[],"default":{"data":{"Article":[],"Course":[],"Dataset":[],"FAQPage":[],"Movie":[],"Person":[],"Product":[],"ProductReview":[],"Car":[],"Recipe":[],"Service":[],"SoftwareApplication":[],"WebPage":[]},"graphName":"Article","isEnabled":true},"graphs":[]},"schema_type":"default","schema_type_options":null,"pillar_content":false,"robots_default":true,"robots_noindex":false,"robots_noarchive":false,"robots_nosnippet":false,"robots_nofollow":false,"robots_noimageindex":false,"robots_noodp":false,"robots_notranslate":false,"robots_max_snippet":"-1","robots_max_videopreview":"-1","robots_max_imagepreview":"large","priority":null,"frequency":"default","local_seo":null,"seo_analyzer_scan_date":"2025-10-08 23:28:15","breadcrumb_settings":null,"limit_modified_date":false,"reviewed_by":null,"open_ai":"{\"title\":{\"suggestions\":[],\"usage\":0},\"description\":{\"suggestions\":[],\"usage\":0}}","ai":null,"created":"2024-09-30 19:06:19","updated":"2026-02-04 14:07:21"},"aioseo_breadcrumb":"<div class=\"aioseo-breadcrumbs\"><span class=\"aioseo-breadcrumb\">\n\t<a href=\"https:\/\/soymigrante.com\/revista\" title=\"Home\">Home<\/a>\n<\/span><span class=\"aioseo-breadcrumb-separator\">\u00bb<\/span><span class=\"aioseo-breadcrumb\">\n\t<a href=\"https:\/\/soymigrante.com\/revista\/category\/exitos\/\" title=\"\u00c9xitos\">\u00c9xitos<\/a>\n<\/span><span class=\"aioseo-breadcrumb-separator\">\u00bb<\/span><span class=\"aioseo-breadcrumb\">\n\tThelma Carrera cocina con el sabor de la generosidad en Connecticut\n<\/span><\/div>","aioseo_breadcrumb_json":[{"label":"Home","link":"https:\/\/soymigrante.com\/revista"},{"label":"\u00c9xitos","link":"https:\/\/soymigrante.com\/revista\/category\/exitos\/"},{"label":"Thelma Carrera cocina con el sabor de la generosidad en Connecticut","link":"https:\/\/soymigrante.com\/revista\/thelma-carrera-cocina-con-el-sabor-de-la-generosidad-en-connecticut\/"}],"_links":{"self":[{"href":"https:\/\/soymigrante.com\/revista\/wp-json\/wp\/v2\/posts\/9868","targetHints":{"allow":["GET"]}}],"collection":[{"href":"https:\/\/soymigrante.com\/revista\/wp-json\/wp\/v2\/posts"}],"about":[{"href":"https:\/\/soymigrante.com\/revista\/wp-json\/wp\/v2\/types\/post"}],"author":[{"embeddable":true,"href":"https:\/\/soymigrante.com\/revista\/wp-json\/wp\/v2\/users\/23"}],"replies":[{"embeddable":true,"href":"https:\/\/soymigrante.com\/revista\/wp-json\/wp\/v2\/comments?post=9868"}],"version-history":[{"count":0,"href":"https:\/\/soymigrante.com\/revista\/wp-json\/wp\/v2\/posts\/9868\/revisions"}],"wp:featuredmedia":[{"embeddable":true,"href":"https:\/\/soymigrante.com\/revista\/wp-json\/wp\/v2\/media\/9871"}],"wp:attachment":[{"href":"https:\/\/soymigrante.com\/revista\/wp-json\/wp\/v2\/media?parent=9868"}],"wp:term":[{"taxonomy":"category","embeddable":true,"href":"https:\/\/soymigrante.com\/revista\/wp-json\/wp\/v2\/categories?post=9868"},{"taxonomy":"post_tag","embeddable":true,"href":"https:\/\/soymigrante.com\/revista\/wp-json\/wp\/v2\/tags?post=9868"}],"curies":[{"name":"wp","href":"https:\/\/api.w.org\/{rel}","templated":true}]}}