{"id":9856,"date":"2024-12-16T09:02:40","date_gmt":"2024-12-16T15:02:40","guid":{"rendered":"https:\/\/soymigrante.com\/revista\/?p=9856"},"modified":"2024-12-16T09:02:42","modified_gmt":"2024-12-16T15:02:42","slug":"estas-son-cinco-grandes-cualidades-que-identifican-a-los-guatemaltecos","status":"publish","type":"post","link":"https:\/\/soymigrante.com\/revista\/estas-son-cinco-grandes-cualidades-que-identifican-a-los-guatemaltecos\/","title":{"rendered":"Viene el D\u00eda del Migrante: Cinco grandes cualidades que identifican a los guatemaltecos en USA"},"content":{"rendered":"\t\t<div data-elementor-type=\"wp-post\" data-elementor-id=\"9856\" class=\"elementor elementor-9856\" data-elementor-post-type=\"post\">\n\t\t\t\t<div data-particle_enable=\"false\" data-particle-mobile-disabled=\"false\" class=\"elementor-element elementor-element-d34a445 e-flex e-con-boxed e-con e-parent\" data-id=\"d34a445\" data-element_type=\"container\" data-e-type=\"container\">\n\t\t\t\t\t<div class=\"e-con-inner\">\n\t\t\t\t<div class=\"elementor-element elementor-element-34e904c elementor-widget elementor-widget-heading\" data-id=\"34e904c\" data-element_type=\"widget\" data-e-type=\"widget\" data-widget_type=\"heading.default\">\n\t\t\t\t\t<h2 class=\"elementor-heading-title elementor-size-default\">Los guatemaltecos tiene cientos de virtudes que los definen y los caracterizan en todo el mundo, esto hace que sean valiosos en las sociedades. <\/h2>\t\t\t\t<\/div>\n\t\t\t\t\t<\/div>\n\t\t\t\t<\/div>\n\t\t<div data-particle_enable=\"false\" data-particle-mobile-disabled=\"false\" class=\"elementor-element elementor-element-b054e8a e-flex e-con-boxed e-con e-parent\" data-id=\"b054e8a\" data-element_type=\"container\" data-e-type=\"container\">\n\t\t\t\t\t<div class=\"e-con-inner\">\n\t\t\t\t<div class=\"elementor-element elementor-element-c8c3849 elementor-widget elementor-widget-text-editor\" data-id=\"c8c3849\" data-element_type=\"widget\" data-e-type=\"widget\" data-widget_type=\"text-editor.default\">\n\t\t\t\t\t\t\t\t\t<p>Guatemala es un pa\u00eds<a href=\"https:\/\/soymigrante.com\/revista\/category\/guate-nuestra\/\" target=\"_blank\" rel=\"noopener\"> lleno de historia, cultura y, sobre todo, de personas con una incuestionable capacidad de adaptaci\u00f3n y creatividad.<\/a> Sus ciudadanos destacan por una serie de virtudes que los convierten en verdaderos protagonistas del cambio en sus comunidades y fuera de ellas. La originalidad, el esp\u00edritu emprendedor, la agilidad para afrontar los retos y su naturaleza autodidacta son algunas de las caracter\u00edsticas que hacen de los guatemaltecos un pueblo excepcional.<\/p>\t\t\t\t\t\t\t\t<\/div>\n\t\t\t\t\t<\/div>\n\t\t\t\t<\/div>\n\t\t<div data-particle_enable=\"false\" data-particle-mobile-disabled=\"false\" class=\"elementor-element elementor-element-75a7821 e-flex e-con-boxed e-con e-parent\" data-id=\"75a7821\" data-element_type=\"container\" data-e-type=\"container\">\n\t\t\t\t\t<div class=\"e-con-inner\">\n\t\t\t\t<div class=\"elementor-element elementor-element-580e9bc elementor-widget elementor-widget-heading\" data-id=\"580e9bc\" data-element_type=\"widget\" data-e-type=\"widget\" data-widget_type=\"heading.default\">\n\t\t\t\t\t<h3 class=\"elementor-heading-title elementor-size-default\">Originalidad: Innovaci\u00f3n en todos los \u00e1mbitos<\/h3>\t\t\t\t<\/div>\n\t\t\t\t\t<\/div>\n\t\t\t\t<\/div>\n\t\t<div data-particle_enable=\"false\" data-particle-mobile-disabled=\"false\" class=\"elementor-element elementor-element-87ee495 e-flex e-con-boxed e-con e-parent\" data-id=\"87ee495\" data-element_type=\"container\" data-e-type=\"container\">\n\t\t\t\t\t<div class=\"e-con-inner\">\n\t\t\t\t<div class=\"elementor-element elementor-element-c249223 elementor-widget elementor-widget-text-editor\" data-id=\"c249223\" data-element_type=\"widget\" data-e-type=\"widget\" data-widget_type=\"text-editor.default\">\n\t\t\t\t\t\t\t\t\t<p>La originalidad es uno de los rasgos m\u00e1s evidentes de los guatemaltecos. Desde las artesan\u00edas tradicionales hasta la innovaci\u00f3n tecnol\u00f3gica, este pueblo ha sabido conjugar lo mejor de sus ra\u00edces culturales con ideas modernas y frescas. <a href=\"https:\/\/soymigrante.com\/revista\/category\/guate-nuestra\/\" target=\"_blank\" rel=\"noopener\">En las calles y mercados del pa\u00eds, es com\u00fan ver c\u00f3mo los guatemaltecos crean productos \u00fanicos<\/a>, combinando t\u00e9cnicas ancestrales con tendencias contempor\u00e1neas. La capacidad de crear a partir de lo que tienen disponible es un testimonio de su ingenio y visi\u00f3n.<\/p>\t\t\t\t\t\t\t\t<\/div>\n\t\t\t\t\t<\/div>\n\t\t\t\t<\/div>\n\t\t<div data-particle_enable=\"false\" data-particle-mobile-disabled=\"false\" class=\"elementor-element elementor-element-5e5ad65 e-flex e-con-boxed e-con e-parent\" data-id=\"5e5ad65\" data-element_type=\"container\" data-e-type=\"container\">\n\t\t\t\t\t<div class=\"e-con-inner\">\n\t\t\t\t<div class=\"elementor-element elementor-element-d6c16ab elementor-widget elementor-widget-heading\" data-id=\"d6c16ab\" data-element_type=\"widget\" data-e-type=\"widget\" data-widget_type=\"heading.default\">\n\t\t\t\t\t<h3 class=\"elementor-heading-title elementor-size-default\">Impulsores de ideas: l\u00edderes de cambio<\/h3>\t\t\t\t<\/div>\n\t\t\t\t\t<\/div>\n\t\t\t\t<\/div>\n\t\t<div data-particle_enable=\"false\" data-particle-mobile-disabled=\"false\" class=\"elementor-element elementor-element-ec5972c e-flex e-con-boxed e-con e-parent\" data-id=\"ec5972c\" data-element_type=\"container\" data-e-type=\"container\">\n\t\t\t\t\t<div class=\"e-con-inner\">\n\t\t\t\t<div class=\"elementor-element elementor-element-16df905 elementor-widget elementor-widget-text-editor\" data-id=\"16df905\" data-element_type=\"widget\" data-e-type=\"widget\" data-widget_type=\"text-editor.default\">\n\t\t\t\t\t\t\t\t\t<p><a href=\"https:\/\/soymigrante.com\/revista\/category\/guate-nuestra\/\" target=\"_blank\" rel=\"noopener\">Los guatemaltecos no solo son originales, sino tambi\u00e9n grandes impulsores de ideas.<\/a> Tienen un instinto natural para identificar oportunidades y poner en marcha iniciativas que pueden transformar su entorno. Un ejemplo de esto es la creciente cantidad de j\u00f3venes que, sin esperar apoyo gubernamental o institucional, han lanzado sus propios proyectos de impacto social y econ\u00f3mico. Este impulso hacia el cambio ha generado un movimiento de innovaci\u00f3n social que busca mejorar las condiciones de vida de todos los sectores.<\/p>\t\t\t\t\t\t\t\t<\/div>\n\t\t\t\t\t<\/div>\n\t\t\t\t<\/div>\n\t\t<div data-particle_enable=\"false\" data-particle-mobile-disabled=\"false\" class=\"elementor-element elementor-element-e2499bc e-flex e-con-boxed e-con e-parent\" data-id=\"e2499bc\" data-element_type=\"container\" data-e-type=\"container\">\n\t\t\t\t\t<div class=\"e-con-inner\">\n\t\t\t\t<div class=\"elementor-element elementor-element-6709abf elementor-widget elementor-widget-image\" data-id=\"6709abf\" data-element_type=\"widget\" data-e-type=\"widget\" data-widget_type=\"image.default\">\n\t\t\t\t\t\t\t\t\t\t\t\t\t\t\t<img fetchpriority=\"high\" decoding=\"async\" width=\"683\" height=\"1024\" src=\"https:\/\/soymigrante.com\/revista\/wp-content\/uploads\/2024\/09\/Estas-son-las-5-virtudes-que-definen-a-los-guatemaltecos1-683x1024.webp\" class=\"attachment-large size-large wp-image-9858\" alt=\"Caminar fatigada mujer ind\u00edgena cargando bolsas en marcha migrantes en el camino, retrato de inmigraci\u00f3n y desplazamiento en Am\u00e9rica Latina.\" srcset=\"https:\/\/soymigrante.com\/revista\/wp-content\/uploads\/2024\/09\/Estas-son-las-5-virtudes-que-definen-a-los-guatemaltecos1-683x1024.webp 683w, https:\/\/soymigrante.com\/revista\/wp-content\/uploads\/2024\/09\/Estas-son-las-5-virtudes-que-definen-a-los-guatemaltecos1-200x300.webp 200w, https:\/\/soymigrante.com\/revista\/wp-content\/uploads\/2024\/09\/Estas-son-las-5-virtudes-que-definen-a-los-guatemaltecos1-768x1151.webp 768w, https:\/\/soymigrante.com\/revista\/wp-content\/uploads\/2024\/09\/Estas-son-las-5-virtudes-que-definen-a-los-guatemaltecos1-750x1124.webp 750w, https:\/\/soymigrante.com\/revista\/wp-content\/uploads\/2024\/09\/Estas-son-las-5-virtudes-que-definen-a-los-guatemaltecos1.webp 854w\" sizes=\"(max-width: 683px) 100vw, 683px\" title=\"Estas son las 5 virtudes que definen a los guatemaltecos1 \u2013 SoyMigrante.com REVISTA\" \/>\t\t\t\t\t\t\t\t\t\t\t\t\t\t\t<\/div>\n\t\t\t\t\t<\/div>\n\t\t\t\t<\/div>\n\t\t<div data-particle_enable=\"false\" data-particle-mobile-disabled=\"false\" class=\"elementor-element elementor-element-6da5472 e-flex e-con-boxed e-con e-parent\" data-id=\"6da5472\" data-element_type=\"container\" data-e-type=\"container\">\n\t\t\t\t\t<div class=\"e-con-inner\">\n\t\t\t\t<div class=\"elementor-element elementor-element-aa827ba elementor-widget elementor-widget-heading\" data-id=\"aa827ba\" data-element_type=\"widget\" data-e-type=\"widget\" data-widget_type=\"heading.default\">\n\t\t\t\t\t<h3 class=\"elementor-heading-title elementor-size-default\">Esp\u00edritu emprendedor: transformar desaf\u00edos en oportunidades<\/h3>\t\t\t\t<\/div>\n\t\t\t\t\t<\/div>\n\t\t\t\t<\/div>\n\t\t<div data-particle_enable=\"false\" data-particle-mobile-disabled=\"false\" class=\"elementor-element elementor-element-b53e54e e-flex e-con-boxed e-con e-parent\" data-id=\"b53e54e\" data-element_type=\"container\" data-e-type=\"container\">\n\t\t\t\t\t<div class=\"e-con-inner\">\n\t\t\t\t<div class=\"elementor-element elementor-element-c9f91da elementor-widget elementor-widget-text-editor\" data-id=\"c9f91da\" data-element_type=\"widget\" data-e-type=\"widget\" data-widget_type=\"text-editor.default\">\n\t\t\t\t\t\t\t\t\t<p>La cultura del emprendimiento est\u00e1 profundamente arraigada en Guatemala. A pesar de las dificultades econ\u00f3micas y sociales, los guatemaltecos han demostrado ser emprendedores incansables. Con un alto sentido de responsabilidad, muchos comienzan sus propios negocios desde cero, ya sea en \u00e1reas rurales o en las ciudades. Este esp\u00edritu emprendedor no solo es una respuesta a las necesidades econ\u00f3micas, sino tambi\u00e9n un reflejo del deseo de contribuir al desarrollo de sus comunidades. <a href=\"https:\/\/soymigrante.com\/revista\/category\/guate-nuestra\/\" target=\"_blank\" rel=\"noopener\">A trav\u00e9s de peque\u00f1os comercios, empresas familiares o startups tecnol\u00f3gicas, el emprendimiento guatemalteco est\u00e1 dejando huella en el mundo.<\/a><\/p>\t\t\t\t\t\t\t\t<\/div>\n\t\t\t\t\t<\/div>\n\t\t\t\t<\/div>\n\t\t<div data-particle_enable=\"false\" data-particle-mobile-disabled=\"false\" class=\"elementor-element elementor-element-614b643 e-flex e-con-boxed e-con e-parent\" data-id=\"614b643\" data-element_type=\"container\" data-e-type=\"container\">\n\t\t\t\t\t<div class=\"e-con-inner\">\n\t\t\t\t<div class=\"elementor-element elementor-element-c79cdad elementor-widget elementor-widget-heading\" data-id=\"c79cdad\" data-element_type=\"widget\" data-e-type=\"widget\" data-widget_type=\"heading.default\">\n\t\t\t\t\t<h3 class=\"elementor-heading-title elementor-size-default\">Agilidad: capacidad de adaptaci\u00f3n en tiempos de crisis<\/h3>\t\t\t\t<\/div>\n\t\t\t\t\t<\/div>\n\t\t\t\t<\/div>\n\t\t<div data-particle_enable=\"false\" data-particle-mobile-disabled=\"false\" class=\"elementor-element elementor-element-89bb619 e-flex e-con-boxed e-con e-parent\" data-id=\"89bb619\" data-element_type=\"container\" data-e-type=\"container\">\n\t\t\t\t\t<div class=\"e-con-inner\">\n\t\t\t\t<div class=\"elementor-element elementor-element-be330b8 elementor-widget elementor-widget-text-editor\" data-id=\"be330b8\" data-element_type=\"widget\" data-e-type=\"widget\" data-widget_type=\"text-editor.default\">\n\t\t\t\t\t\t\t\t\t<p>Otra virtud que destaca en el pueblo guatemalteco es su agilidad para adaptarse a situaciones adversas. Ante crisis econ\u00f3micas, naturales o pol\u00edticas, han demostrado ser r\u00e1pidos en ajustar sus estrategias y encontrar soluciones. <a href=\"https:\/\/soymigrante.com\/revista\/category\/guate-nuestra\/\" target=\"_blank\" rel=\"noopener\">Esta capacidad de respuesta ha permitido que muchas personas y negocios se mantengan a flote en momentos dif\u00edciles<\/a>. Los guatemaltecos no se rinden f\u00e1cilmente; son resilientes y saben c\u00f3mo transformar los obst\u00e1culos en nuevas oportunidades.<\/p>\t\t\t\t\t\t\t\t<\/div>\n\t\t\t\t\t<\/div>\n\t\t\t\t<\/div>\n\t\t<div data-particle_enable=\"false\" data-particle-mobile-disabled=\"false\" class=\"elementor-element elementor-element-2f3ebf3 e-flex e-con-boxed e-con e-parent\" data-id=\"2f3ebf3\" data-element_type=\"container\" data-e-type=\"container\">\n\t\t\t\t\t<div class=\"e-con-inner\">\n\t\t\t\t<div class=\"elementor-element elementor-element-4e38bc7 elementor-widget elementor-widget-image\" data-id=\"4e38bc7\" data-element_type=\"widget\" data-e-type=\"widget\" data-widget_type=\"image.default\">\n\t\t\t\t\t\t\t\t\t\t\t\t\t\t\t<img decoding=\"async\" width=\"682\" height=\"1024\" src=\"https:\/\/soymigrante.com\/revista\/wp-content\/uploads\/2024\/09\/Estas-son-las-5-virtudes-que-definen-a-los-guatemaltecos3-682x1024.webp\" class=\"attachment-large size-large wp-image-9860\" alt=\"Anciano ind\u00edgena mexicano con vestimenta tradicional, tocado de sombrero y instrumentos de barro, en un entorno urbano vibrante, reflejando cultura, migraci\u00f3n y tradiciones en M\u00e9xico.\" srcset=\"https:\/\/soymigrante.com\/revista\/wp-content\/uploads\/2024\/09\/Estas-son-las-5-virtudes-que-definen-a-los-guatemaltecos3-682x1024.webp 682w, https:\/\/soymigrante.com\/revista\/wp-content\/uploads\/2024\/09\/Estas-son-las-5-virtudes-que-definen-a-los-guatemaltecos3-200x300.webp 200w, https:\/\/soymigrante.com\/revista\/wp-content\/uploads\/2024\/09\/Estas-son-las-5-virtudes-que-definen-a-los-guatemaltecos3-768x1152.webp 768w, https:\/\/soymigrante.com\/revista\/wp-content\/uploads\/2024\/09\/Estas-son-las-5-virtudes-que-definen-a-los-guatemaltecos3-750x1125.webp 750w, https:\/\/soymigrante.com\/revista\/wp-content\/uploads\/2024\/09\/Estas-son-las-5-virtudes-que-definen-a-los-guatemaltecos3.webp 853w\" sizes=\"(max-width: 682px) 100vw, 682px\" title=\"Estas son las 5 virtudes que definen a los guatemaltecos3 \u2013 SoyMigrante.com REVISTA\" \/>\t\t\t\t\t\t\t\t\t\t\t\t\t\t\t<\/div>\n\t\t\t\t\t<\/div>\n\t\t\t\t<\/div>\n\t\t<div data-particle_enable=\"false\" data-particle-mobile-disabled=\"false\" class=\"elementor-element elementor-element-7628468 e-flex e-con-boxed e-con e-parent\" data-id=\"7628468\" data-element_type=\"container\" data-e-type=\"container\">\n\t\t\t\t\t<div class=\"e-con-inner\">\n\t\t\t\t<div class=\"elementor-element elementor-element-00f1ef9 elementor-widget elementor-widget-heading\" data-id=\"00f1ef9\" data-element_type=\"widget\" data-e-type=\"widget\" data-widget_type=\"heading.default\">\n\t\t\t\t\t<h3 class=\"elementor-heading-title elementor-size-default\">Autodidactas: el poder del aprendizaje independiente<\/h3>\t\t\t\t<\/div>\n\t\t\t\t\t<\/div>\n\t\t\t\t<\/div>\n\t\t<div data-particle_enable=\"false\" data-particle-mobile-disabled=\"false\" class=\"elementor-element elementor-element-85ca01e e-flex e-con-boxed e-con e-parent\" data-id=\"85ca01e\" data-element_type=\"container\" data-e-type=\"container\">\n\t\t\t\t\t<div class=\"e-con-inner\">\n\t\t\t\t<div class=\"elementor-element elementor-element-1cb8cb3 elementor-widget elementor-widget-text-editor\" data-id=\"1cb8cb3\" data-element_type=\"widget\" data-e-type=\"widget\" data-widget_type=\"text-editor.default\">\n\t\t\t\t\t\t\t\t\t<p>Una caracter\u00edstica que muchos guatemaltecos comparten es su esp\u00edritu autodidacta. Ante la falta de recursos educativos formales en algunas \u00e1reas, muchas personas optan por aprender de manera independiente. <a href=\"https:\/\/soymigrante.com\/revista\/category\/guate-nuestra\/\" target=\"_blank\" rel=\"noopener\">Ya sea a trav\u00e9s de internet, libros o mediante la observaci\u00f3n y pr\u00e1ctica, los guatemaltecos buscan constantemente mejorar sus habilidades y conocimientos<\/a>. Este deseo de superaci\u00f3n personal ha generado una nueva generaci\u00f3n de profesionales y trabajadores altamente capacitados, que han sido capaces de ense\u00f1ar y compartir su aprendizaje con otros.<\/p>\t\t\t\t\t\t\t\t<\/div>\n\t\t\t\t\t<\/div>\n\t\t\t\t<\/div>\n\t\t<div data-particle_enable=\"false\" data-particle-mobile-disabled=\"false\" class=\"elementor-element elementor-element-7ea5034 e-flex e-con-boxed e-con e-parent\" data-id=\"7ea5034\" data-element_type=\"container\" data-e-type=\"container\">\n\t\t\t\t\t<div class=\"e-con-inner\">\n\t\t\t\t<div class=\"elementor-element elementor-element-31aa77a elementor-widget elementor-widget-heading\" data-id=\"31aa77a\" data-element_type=\"widget\" data-e-type=\"widget\" data-widget_type=\"heading.default\">\n\t\t\t\t\t<h2 class=\"elementor-heading-title elementor-size-default\">Te puede interesar...<\/h2>\t\t\t\t<\/div>\n\t\t\t\t\t<\/div>\n\t\t\t\t<\/div>\n\t\t<div data-particle_enable=\"false\" data-particle-mobile-disabled=\"false\" class=\"elementor-element elementor-element-29f45ec e-flex e-con-boxed e-con e-parent\" data-id=\"29f45ec\" data-element_type=\"container\" data-e-type=\"container\">\n\t\t\t\t\t<div class=\"e-con-inner\">\n\t\t\t\t<div class=\"elementor-element elementor-element-406e92b elementor-widget elementor-widget-blfe-post-grid\" data-id=\"406e92b\" data-element_type=\"widget\" data-e-type=\"widget\" data-settings=\"{&quot;columns&quot;:&quot;3&quot;,&quot;columns_tablet&quot;:&quot;6&quot;,&quot;columns_mobile&quot;:&quot;12&quot;,&quot;hero1_layout_column_gap&quot;:{&quot;unit&quot;:&quot;px&quot;,&quot;size&quot;:30,&quot;sizes&quot;:[]},&quot;hero1_layout_column_gap_tablet&quot;:{&quot;unit&quot;:&quot;px&quot;,&quot;size&quot;:&quot;&quot;,&quot;sizes&quot;:[]},&quot;hero1_layout_column_gap_mobile&quot;:{&quot;unit&quot;:&quot;px&quot;,&quot;size&quot;:&quot;&quot;,&quot;sizes&quot;:[]},&quot;hero1_layout_row_gap&quot;:{&quot;unit&quot;:&quot;px&quot;,&quot;size&quot;:30,&quot;sizes&quot;:[]},&quot;hero1_layout_row_gap_tablet&quot;:{&quot;unit&quot;:&quot;px&quot;,&quot;size&quot;:&quot;&quot;,&quot;sizes&quot;:[]},&quot;hero1_layout_row_gap_mobile&quot;:{&quot;unit&quot;:&quot;px&quot;,&quot;size&quot;:&quot;&quot;,&quot;sizes&quot;:[]}}\" data-widget_type=\"blfe-post-grid.hero1\">\n\t\t\t\t<div class=\"elementor-widget-container\">\n\t\t\t\t\t\n                        <div class=\"blfe-post-grid-container \">\n            \n                <div data-skin=\"hero1\" class=\"blfe-row blfe-posts-inner blfe-hero1 blfe-posts-inner blfe-col-3 blfe-col-tab-6 blfe-col-mob-12     \">\n                            <div class=\"blfe-post-grid-item\">\n            <div class=\"blfe-post-grid-item-inner blfe-modern-zoom\">\n                        <div class=\"blfe-post-grid-bg-image\">\n            <a class=\"blfe-post-grid-image-inner\" href=\"https:\/\/soymigrante.com\/revista\/las-posadas-navidenas-guatemaltecas-son-un-simbolo-migrante-de-esperanza\/\" title=\"Las posadas navide\u00f1as guatemaltecas son un s\u00edmbolo migrante de esperanza\" rel=\"nofollow\" target=\"_blank\"><img decoding=\"async\" src=\"https:\/\/soymigrante.com\/revista\/wp-content\/uploads\/2025\/12\/posada-migrante-en-chicago.jpg\" alt=\"Las posadas navide\u00f1as guatemaltecas son un s\u00edmbolo migrante de esperanza\"\/><\/a>        <\/div>\n                        <div class=\"blfe-post-grid-details\">\n                    <div class=\"blfe-post-grid-details-inner\">\n                        <span class=\"blfe-post-category\"><a href=\"https:\/\/soymigrante.com\/revista\/category\/guate-nuestra\/\">Guate Nuestra<\/a><\/span>                        <h3 class=\"blfe-post-grid-title\">\n            <a href=\"https:\/\/soymigrante.com\/revista\/las-posadas-navidenas-guatemaltecas-son-un-simbolo-migrante-de-esperanza\/\" title=\"Las posadas navide\u00f1as guatemaltecas son un s\u00edmbolo migrante de esperanza\" rel=\"nofollow\" target=\"_blank\">Las posadas navide\u00f1as guatemaltecas son un s\u00edmbolo migrante de esperanza<\/a>\n            <\/h3>                                                            <div class=\"blfe-post-grid-meta\">\n                <span class=\"blfe-post-grid-time\"><i class=\"fas fa-book-reader\"><\/i>4 Min read<\/span>            <\/div>\n                                                        <\/div>\n                <\/div>\n\n            <\/div>\n        <\/div>\n                <div class=\"blfe-post-grid-item\">\n            <div class=\"blfe-post-grid-item-inner blfe-modern-zoom\">\n                        <div class=\"blfe-post-grid-bg-image\">\n            <a class=\"blfe-post-grid-image-inner\" href=\"https:\/\/soymigrante.com\/revista\/si-tienes-un-sueno-siguelo-el-emotivo-mensaje-de-francisco-paez-de-malacates-a-los-jovenes\/\" title=\"Si tienes un sue\u00f1o, s\u00edguelo: el emotivo mensaje de Francisco P\u00e1ez de Malacates a los j\u00f3venes\" rel=\"nofollow\" target=\"_blank\"><img decoding=\"async\" src=\"https:\/\/soymigrante.com\/revista\/wp-content\/uploads\/2025\/08\/Captura-de-pantalla-2025-08-11-152506-e1754947632910.webp\" alt=\"Si tienes un sue\u00f1o, s\u00edguelo: el emotivo mensaje de Francisco P\u00e1ez de Malacates a los j\u00f3venes\"\/><\/a>        <\/div>\n                        <div class=\"blfe-post-grid-details\">\n                    <div class=\"blfe-post-grid-details-inner\">\n                        <span class=\"blfe-post-category\"><a href=\"https:\/\/soymigrante.com\/revista\/category\/guate-nuestra\/\">Guate Nuestra<\/a><\/span>                        <h3 class=\"blfe-post-grid-title\">\n            <a href=\"https:\/\/soymigrante.com\/revista\/si-tienes-un-sueno-siguelo-el-emotivo-mensaje-de-francisco-paez-de-malacates-a-los-jovenes\/\" title=\"Si tienes un sue\u00f1o, s\u00edguelo: el emotivo mensaje de Francisco P\u00e1ez de Malacates a los j\u00f3venes\" rel=\"nofollow\" target=\"_blank\">Si tienes un sue\u00f1o, s\u00edguelo: el emotivo mensaje de Francisco P\u00e1ez de Malacates a los j\u00f3venes<\/a>\n            <\/h3>                                                            <div class=\"blfe-post-grid-meta\">\n                <span class=\"blfe-post-grid-time\"><i class=\"fas fa-book-reader\"><\/i>4 Min read<\/span>            <\/div>\n                                                        <\/div>\n                <\/div>\n\n            <\/div>\n        <\/div>\n                <div class=\"blfe-post-grid-item\">\n            <div class=\"blfe-post-grid-item-inner blfe-modern-zoom\">\n                        <div class=\"blfe-post-grid-bg-image\">\n            <a class=\"blfe-post-grid-image-inner\" href=\"https:\/\/soymigrante.com\/revista\/sara-curruchich-los-migrantes-se-van-buscando-una-vida-mas-digna-por-eso-hay-que-reconocerlos\/\" title=\"Sara Curruchich: \u201cLos migrantes se van, buscando una vida m\u00e1s digna, por eso hay que reconocerlos\u201d\" rel=\"nofollow\" target=\"_blank\"><img decoding=\"async\" src=\"https:\/\/soymigrante.com\/revista\/wp-content\/uploads\/2024\/07\/sara-curruchich-cantautora-maya.webp\" alt=\"Sara Curruchich: \u201cLos migrantes se van, buscando una vida m\u00e1s digna, por eso hay que reconocerlos\u201d\"\/><\/a>        <\/div>\n                        <div class=\"blfe-post-grid-details\">\n                    <div class=\"blfe-post-grid-details-inner\">\n                        <span class=\"blfe-post-category\"><a href=\"https:\/\/soymigrante.com\/revista\/category\/guate-nuestra\/\">Guate Nuestra<\/a><\/span>                        <h3 class=\"blfe-post-grid-title\">\n            <a href=\"https:\/\/soymigrante.com\/revista\/sara-curruchich-los-migrantes-se-van-buscando-una-vida-mas-digna-por-eso-hay-que-reconocerlos\/\" title=\"Sara Curruchich: \u201cLos migrantes se van, buscando una vida m\u00e1s digna, por eso hay que reconocerlos\u201d\" rel=\"nofollow\" target=\"_blank\">Sara Curruchich: \u201cLos migrantes se van, buscando una vida m\u00e1s digna, por eso hay que reconocerlos\u201d<\/a>\n            <\/h3>                                                            <div class=\"blfe-post-grid-meta\">\n                <span class=\"blfe-post-grid-time\"><i class=\"fas fa-book-reader\"><\/i>5 Min read<\/span>            <\/div>\n                                                        <\/div>\n                <\/div>\n\n            <\/div>\n        <\/div>\n                        <\/div>\n\n                        <\/div>\n            \n                        <div class=\"blfe-post-footer\">\n                        <\/div>\n            \t\t\t\t<\/div>\n\t\t\t\t<\/div>\n\t\t\t\t\t<\/div>\n\t\t\t\t<\/div>\n\t\t\t\t<\/div>\n\t\t","protected":false},"excerpt":{"rendered":"<p>Los guatemaltecos tiene cientos de virtudes que los definen y los caracterizan en todo el mundo, esto hace que sean valiosos en las sociedades. Guatemala es un pa\u00eds lleno de historia, cultura y, sobre todo, de personas con una incuestionable capacidad de adaptaci\u00f3n y creatividad. Sus ciudadanos destacan por una serie de virtudes que los [&hellip;]<\/p>\n","protected":false},"author":19,"featured_media":11993,"comment_status":"open","ping_status":"open","sticky":false,"template":"","format":"standard","meta":{"_acf_changed":false,"_eb_attr":"","footnotes":""},"categories":[58],"tags":[],"class_list":["post-9856","post","type-post","status-publish","format-standard","has-post-thumbnail","hentry","category-guate-nuestra"],"acf":[],"aioseo_notices":[],"aioseo_head":"\n\t\t<!-- All in One SEO Pro 4.9.6.2 - aioseo.com -->\n\t<meta name=\"description\" content=\"Cantautora maya kaqchiq&#039;el se present\u00f3 en Estados Unidos y migrantes guatemaltecos acudieron a su concierto. Sara Curruchich reconoce y admira su aporte.\" \/>\n\t<meta name=\"robots\" content=\"max-snippet:-1, max-image-preview:large, max-video-preview:-1\" \/>\n\t<meta name=\"author\" content=\"Marysabel Aldana\"\/>\n\t<link rel=\"canonical\" href=\"https:\/\/soymigrante.com\/revista\/sara-curruchich-los-migrantes-se-van-buscando-una-vida-mas-digna-por-eso-hay-que-reconocerlos\/\" \/>\n\t<meta name=\"generator\" content=\"All in One SEO Pro (AIOSEO) 4.9.6.2\" \/>\n\n\t\t<link rel=\"preconnect\" href=\"https:\/\/fonts.googleapis.com\" crossorigin>\n<link rel=\"preconnect\" href=\"https:\/\/fonts.gstatic.com\" crossorigin>\n\t\t<meta property=\"og:locale\" content=\"es_ES\" \/>\n\t\t<meta property=\"og:site_name\" content=\"SoyMigrante.com REVISTA \u2013 Nuestra misi\u00f3n es reconocer y dignificar al migrante.\" \/>\n\t\t<meta property=\"og:type\" content=\"article\" \/>\n\t\t<meta property=\"og:title\" content=\"&quot;Los migrantes van buscando una vida&quot;: cantante Sara Curruchich\" \/>\n\t\t<meta property=\"og:description\" content=\"Cantautora maya kaqchiq&#039;el se present\u00f3 en Estados Unidos y migrantes guatemaltecos acudieron a su concierto. Sara Curruchich reconoce y admira su aporte.\" \/>\n\t\t<meta property=\"og:url\" content=\"https:\/\/soymigrante.com\/revista\/sara-curruchich-los-migrantes-se-van-buscando-una-vida-mas-digna-por-eso-hay-que-reconocerlos\/\" \/>\n\t\t<meta property=\"og:image\" content=\"https:\/\/soymigrante.com\/revista\/wp-content\/uploads\/2024\/07\/sara-curruchich-cantautora-maya.webp\" \/>\n\t\t<meta property=\"og:image:secure_url\" content=\"https:\/\/soymigrante.com\/revista\/wp-content\/uploads\/2024\/07\/sara-curruchich-cantautora-maya.webp\" \/>\n\t\t<meta property=\"og:image:width\" content=\"465\" \/>\n\t\t<meta property=\"og:image:height\" content=\"465\" \/>\n\t\t<meta property=\"article:published_time\" content=\"2024-07-09T20:36:42+00:00\" \/>\n\t\t<meta property=\"article:modified_time\" content=\"2026-03-06T00:28:32+00:00\" \/>\n\t\t<meta property=\"article:publisher\" content=\"https:\/\/www.facebook.com\/soymigrantecom\" \/>\n\t\t<meta name=\"twitter:card\" content=\"summary_large_image\" \/>\n\t\t<meta name=\"twitter:site\" content=\"@SoyMigrante_com\" \/>\n\t\t<meta name=\"twitter:title\" content=\"&quot;Los migrantes van buscando una vida&quot;: cantante Sara Curruchich\" \/>\n\t\t<meta name=\"twitter:description\" content=\"Cantautora maya kaqchiq&#039;el se present\u00f3 en Estados Unidos y migrantes guatemaltecos acudieron a su concierto. Sara Curruchich reconoce y admira su aporte.\" \/>\n\t\t<meta name=\"twitter:creator\" content=\"@SoyMigrante_com\" \/>\n\t\t<meta name=\"twitter:image\" content=\"https:\/\/soymigrante.com\/revista\/wp-content\/uploads\/2024\/07\/sara-curruchich-cantautora-maya.webp\" \/>\n\t\t<!-- All in One SEO Pro -->\r\n\t\t<title>&quot;Los migrantes van buscando una vida&quot;: cantante Sara Curruchich<\/title>\n\n","aioseo_head_json":{"title":"\"Los migrantes van buscando una vida\": cantante Sara Curruchich","description":"Cantautora maya kaqchiq'el se present\u00f3 en Estados Unidos y migrantes guatemaltecos acudieron a su concierto. Sara Curruchich reconoce y admira su aporte.","canonical_url":"https:\/\/soymigrante.com\/revista\/sara-curruchich-los-migrantes-se-van-buscando-una-vida-mas-digna-por-eso-hay-que-reconocerlos\/","robots":"max-snippet:-1, max-image-preview:large, max-video-preview:-1","keywords":"","webmasterTools":{"miscellaneous":"&lt;link rel=\"preconnect\" href=\"https:\/\/fonts.googleapis.com\" crossorigin&gt;\n&lt;link rel=\"preconnect\" href=\"https:\/\/fonts.gstatic.com\" crossorigin&gt;"},"schema":null,"og:locale":"es_ES","og:site_name":"SoyMigrante.com REVISTA \u2013 Nuestra misi\u00f3n es reconocer y dignificar al migrante.","og:type":"article","og:title":"&quot;Los migrantes van buscando una vida&quot;: cantante Sara Curruchich","og:description":"Cantautora maya kaqchiq'el se present\u00f3 en Estados Unidos y migrantes guatemaltecos acudieron a su concierto. Sara Curruchich reconoce y admira su aporte.","og:url":"https:\/\/soymigrante.com\/revista\/sara-curruchich-los-migrantes-se-van-buscando-una-vida-mas-digna-por-eso-hay-que-reconocerlos\/","og:image":"https:\/\/soymigrante.com\/revista\/wp-content\/uploads\/2024\/07\/sara-curruchich-cantautora-maya.webp","og:image:secure_url":"https:\/\/soymigrante.com\/revista\/wp-content\/uploads\/2024\/07\/sara-curruchich-cantautora-maya.webp","og:image:width":465,"og:image:height":465,"article:published_time":"2024-07-09T20:36:42+00:00","article:modified_time":"2026-03-06T00:28:32+00:00","article:publisher":"https:\/\/www.facebook.com\/soymigrantecom","twitter:card":"summary_large_image","twitter:site":"@SoyMigrante_com","twitter:title":"&quot;Los migrantes van buscando una vida&quot;: cantante Sara Curruchich","twitter:description":"Cantautora maya kaqchiq'el se present\u00f3 en Estados Unidos y migrantes guatemaltecos acudieron a su concierto. Sara Curruchich reconoce y admira su aporte.","twitter:creator":"@SoyMigrante_com","twitter:image":"https:\/\/soymigrante.com\/revista\/wp-content\/uploads\/2024\/07\/sara-curruchich-cantautora-maya.webp"},"aioseo_meta_data":{"post_id":"9856","title":null,"description":"Los guatemaltecos tenemos cualidades dentro y fuera del pa\u00eds, pero los migrantes en EE.UU. suelen destacar a menudo por estas cinco cualidades.","keywords":null,"keyphrases":{"focus":{"keyphrase":"guatemaltecos","score":91,"analysis":{"keyphraseInTitle":{"score":9,"maxScore":9,"error":0},"keyphraseInDescription":{"score":9,"maxScore":9,"error":0},"keyphraseLength":{"score":9,"maxScore":9,"error":0,"length":1},"keyphraseInURL":{"score":5,"maxScore":5,"error":0},"keyphraseInIntroduction":{"score":9,"maxScore":9,"error":0},"keyphraseInSubHeadings":{"score":3,"maxScore":9,"error":1},"keyphraseInImageAlt":{"score":9,"maxScore":9,"error":0},"keywordDensity":{"type":"best","score":9,"maxScore":9,"error":0}}},"additional":[{"keyphrase":"guatemaltecos","score":100,"analysis":{"keyphraseInDescription":{"score":9,"maxScore":9,"error":0},"keyphraseLength":{"score":9,"maxScore":9,"error":0,"length":1},"keyphraseInIntroduction":{"score":9,"maxScore":9,"error":0},"keyphraseInImageAlt":{"score":9,"maxScore":9,"error":0},"keywordDensity":{"type":"best","score":9,"maxScore":9,"error":0}}},{"keyphrase":"virtudes","score":67,"analysis":{"keyphraseInDescription":{"score":3,"maxScore":9,"error":1},"keyphraseLength":{"score":9,"maxScore":9,"error":0,"length":1},"keyphraseInIntroduction":{"score":9,"maxScore":9,"error":0},"keyphraseInImageAlt":{"score":9,"maxScore":9,"error":0},"keywordDensity":{"score":0,"type":"low","maxScore":9,"error":1}}}]},"primary_term":null,"canonical_url":null,"og_title":null,"og_description":null,"og_object_type":"default","og_image_type":"default","og_image_url":null,"og_image_width":null,"og_image_height":null,"og_image_custom_url":null,"og_image_custom_fields":null,"og_video":"","og_custom_url":null,"og_article_section":null,"og_article_tags":null,"twitter_use_og":false,"twitter_card":"default","twitter_image_type":"default","twitter_image_url":null,"twitter_image_custom_url":null,"twitter_image_custom_fields":null,"twitter_title":null,"twitter_description":null,"schema":{"blockGraphs":[],"customGraphs":[],"default":{"data":{"Article":[],"Course":[],"Dataset":[],"FAQPage":[],"Movie":[],"Person":[],"Product":[],"ProductReview":[],"Car":[],"Recipe":[],"Service":[],"SoftwareApplication":[],"WebPage":[]},"graphName":"Article","isEnabled":true},"graphs":[]},"schema_type":"default","schema_type_options":null,"pillar_content":false,"robots_default":true,"robots_noindex":false,"robots_noarchive":false,"robots_nosnippet":false,"robots_nofollow":false,"robots_noimageindex":false,"robots_noodp":false,"robots_notranslate":false,"robots_max_snippet":"-1","robots_max_videopreview":"-1","robots_max_imagepreview":"large","priority":null,"frequency":"default","local_seo":null,"seo_analyzer_scan_date":"2025-10-09 01:04:24","breadcrumb_settings":null,"limit_modified_date":false,"reviewed_by":null,"open_ai":"{\"title\":{\"suggestions\":[],\"usage\":0},\"description\":{\"suggestions\":[],\"usage\":0}}","ai":null,"created":"2024-09-30 18:25:09","updated":"2026-02-04 18:27:04"},"aioseo_breadcrumb":"<div class=\"aioseo-breadcrumbs\"><span class=\"aioseo-breadcrumb\">\n\t<a href=\"https:\/\/soymigrante.com\/revista\" title=\"Home\">Home<\/a>\n<\/span><span class=\"aioseo-breadcrumb-separator\">\u00bb<\/span><span class=\"aioseo-breadcrumb\">\n\t<a href=\"https:\/\/soymigrante.com\/revista\/category\/guate-nuestra\/\" title=\"Guate Nuestra\">Guate Nuestra<\/a>\n<\/span><span class=\"aioseo-breadcrumb-separator\">\u00bb<\/span><span class=\"aioseo-breadcrumb\">\n\tViene el D\u00eda del Migrante: Cinco grandes cualidades que identifican a los guatemaltecos en USA\n<\/span><\/div>","aioseo_breadcrumb_json":[{"label":"Home","link":"https:\/\/soymigrante.com\/revista"},{"label":"Guate Nuestra","link":"https:\/\/soymigrante.com\/revista\/category\/guate-nuestra\/"},{"label":"Viene el D\u00eda del Migrante: Cinco grandes cualidades que identifican a los guatemaltecos en USA","link":"https:\/\/soymigrante.com\/revista\/estas-son-cinco-grandes-cualidades-que-identifican-a-los-guatemaltecos\/"}],"_links":{"self":[{"href":"https:\/\/soymigrante.com\/revista\/wp-json\/wp\/v2\/posts\/9856","targetHints":{"allow":["GET"]}}],"collection":[{"href":"https:\/\/soymigrante.com\/revista\/wp-json\/wp\/v2\/posts"}],"about":[{"href":"https:\/\/soymigrante.com\/revista\/wp-json\/wp\/v2\/types\/post"}],"author":[{"embeddable":true,"href":"https:\/\/soymigrante.com\/revista\/wp-json\/wp\/v2\/users\/19"}],"replies":[{"embeddable":true,"href":"https:\/\/soymigrante.com\/revista\/wp-json\/wp\/v2\/comments?post=9856"}],"version-history":[{"count":0,"href":"https:\/\/soymigrante.com\/revista\/wp-json\/wp\/v2\/posts\/9856\/revisions"}],"wp:featuredmedia":[{"embeddable":true,"href":"https:\/\/soymigrante.com\/revista\/wp-json\/wp\/v2\/media\/11993"}],"wp:attachment":[{"href":"https:\/\/soymigrante.com\/revista\/wp-json\/wp\/v2\/media?parent=9856"}],"wp:term":[{"taxonomy":"category","embeddable":true,"href":"https:\/\/soymigrante.com\/revista\/wp-json\/wp\/v2\/categories?post=9856"},{"taxonomy":"post_tag","embeddable":true,"href":"https:\/\/soymigrante.com\/revista\/wp-json\/wp\/v2\/tags?post=9856"}],"curies":[{"name":"wp","href":"https:\/\/api.w.org\/{rel}","templated":true}]}}