{"id":9854,"date":"2025-04-27T12:19:22","date_gmt":"2025-04-27T18:19:22","guid":{"rendered":"https:\/\/soymigrante.com\/revista\/?p=9854"},"modified":"2025-04-27T12:19:25","modified_gmt":"2025-04-27T18:19:25","slug":"la-oracion-del-papa-francisco-por-los-migrantes","status":"publish","type":"post","link":"https:\/\/soymigrante.com\/revista\/la-oracion-del-papa-francisco-por-los-migrantes\/","title":{"rendered":"La oraci\u00f3n que dej\u00f3 el Papa Francisco para los migrantes"},"content":{"rendered":"\t\t<div data-elementor-type=\"wp-post\" data-elementor-id=\"9854\" class=\"elementor elementor-9854\" data-elementor-post-type=\"post\">\n\t\t\t\t<div data-particle_enable=\"false\" data-particle-mobile-disabled=\"false\" class=\"elementor-element elementor-element-5c080fb e-flex e-con-boxed e-con e-parent\" data-id=\"5c080fb\" data-element_type=\"container\" data-e-type=\"container\">\n\t\t\t\t\t<div class=\"e-con-inner\">\n\t\t\t\t<div class=\"elementor-element elementor-element-5850017 elementor-widget elementor-widget-heading\" data-id=\"5850017\" data-element_type=\"widget\" data-e-type=\"widget\" data-widget_type=\"heading.default\">\n\t\t\t\t\t<h2 class=\"elementor-heading-title elementor-size-default\">El papa Francisco escribi\u00f3 una oraci\u00f3n por los migrantes, con motivo de la jornada cat\u00f3lica mundial por quienes buscan un nuevo futuro lejos de su pa\u00eds ya sea por violencia, pobreza o exclusi\u00f3n. Esta es la plegaria. <\/h2>\t\t\t\t<\/div>\n\t\t\t\t\t<\/div>\n\t\t\t\t<\/div>\n\t\t<div data-particle_enable=\"false\" data-particle-mobile-disabled=\"false\" class=\"elementor-element elementor-element-719bf56 e-flex e-con-boxed e-con e-parent\" data-id=\"719bf56\" data-element_type=\"container\" data-e-type=\"container\">\n\t\t\t\t\t<div class=\"e-con-inner\">\n\t\t\t\t<div class=\"elementor-element elementor-element-2a2048d elementor-widget elementor-widget-text-editor\" data-id=\"2a2048d\" data-element_type=\"widget\" data-e-type=\"widget\" data-widget_type=\"text-editor.default\">\n\t\t\t\t\t\t\t\t\t<p>En su mensaje por la Jornada de Oraci\u00f3n por los Migrantes y Refugiados 2024, el Papa Francisco compar\u00f3 a quienes buscan mejores oportunidades de vida, trabajo y progreso, con el Pueblo de Israel que sali\u00f3 de Egipto. No fue un camino f\u00e1cil as\u00ed como no lo es hoy para millones de personas que salieron de su pa\u00eds. Pero la mejora est\u00e1 en las manos y la sensibilidad de cada persona para ayudar a otro.\u00a0<\/p>\t\t\t\t\t\t\t\t<\/div>\n\t\t\t\t\t<\/div>\n\t\t\t\t<\/div>\n\t\t<div data-particle_enable=\"false\" data-particle-mobile-disabled=\"false\" class=\"elementor-element elementor-element-27a3881 e-flex e-con-boxed e-con e-parent\" data-id=\"27a3881\" data-element_type=\"container\" data-e-type=\"container\">\n\t\t\t\t\t<div class=\"e-con-inner\">\n\t\t\t\t<div class=\"elementor-element elementor-element-6305a58 elementor-widget elementor-widget-image\" data-id=\"6305a58\" data-element_type=\"widget\" data-e-type=\"widget\" data-widget_type=\"image.default\">\n\t\t\t\t\t\t\t\t\t\t\t\t<figure class=\"wp-caption\">\n\t\t\t\t\t\t\t\t\t\t<img fetchpriority=\"high\" decoding=\"async\" width=\"768\" height=\"521\" src=\"https:\/\/soymigrante.com\/revista\/wp-content\/uploads\/2024\/09\/angeles-cuidad-de-moises-gustave-dore.webp\" class=\"attachment-large size-large wp-image-9866\" alt=\"Ni\u00f1os migrantes en un barco en medio de la noche, s\u00edmbolo de esperanza y riesgo en la migraci\u00f3n internacional.\" srcset=\"https:\/\/soymigrante.com\/revista\/wp-content\/uploads\/2024\/09\/angeles-cuidad-de-moises-gustave-dore.webp 1015w, https:\/\/soymigrante.com\/revista\/wp-content\/uploads\/2024\/09\/angeles-cuidad-de-moises-gustave-dore-300x203.webp 300w, https:\/\/soymigrante.com\/revista\/wp-content\/uploads\/2024\/09\/angeles-cuidad-de-moises-gustave-dore-768x521.webp 768w, https:\/\/soymigrante.com\/revista\/wp-content\/uploads\/2024\/09\/angeles-cuidad-de-moises-gustave-dore-750x508.webp 750w\" sizes=\"(max-width: 768px) 100vw, 768px\" title=\"El Papa Francisco invita a ayudar al forastero y al migrante, como testimonio de fe \u2013 SoyMigrante.com REVISTA\" \/>\t\t\t\t\t\t\t\t\t\t\t<figcaption class=\"widget-image-caption wp-caption-text\">Migrantes ni\u00f1os en barco, tema central en la revista SoyMigrante.com, que aborda desaf\u00edos y temas relevantes sobre migraci\u00f3n y derechos.<\/figcaption>\n\t\t\t\t\t\t\t\t\t\t<\/figure>\n\t\t\t\t\t\t\t\t\t<\/div>\n\t\t\t\t\t<\/div>\n\t\t\t\t<\/div>\n\t\t<div data-particle_enable=\"false\" data-particle-mobile-disabled=\"false\" class=\"elementor-element elementor-element-f507759 e-flex e-con-boxed e-con e-parent\" data-id=\"f507759\" data-element_type=\"container\" data-e-type=\"container\">\n\t\t\t\t\t<div class=\"e-con-inner\">\n\t\t\t\t<div class=\"elementor-element elementor-element-00d8332 elementor-widget elementor-widget-text-editor\" data-id=\"00d8332\" data-element_type=\"widget\" data-e-type=\"widget\" data-widget_type=\"text-editor.default\">\n\t\t\t\t\t\t\t\t\t<p><span style=\"color: var( --e-global-color-text ); text-align: var(--text-align);\">Dios, Padre todopoderoso,<br \/><\/span><span style=\"color: var( --e-global-color-text ); text-align: var(--text-align);\">somos tu Iglesia peregrina<br \/><\/span><span style=\"color: var( --e-global-color-text ); text-align: var(--text-align);\">que camina hacia el Reino de los Cielos.<\/span><\/p><p><span style=\"color: var( --e-global-color-text ); text-align: var(--text-align);\"><br \/><\/span><span style=\"color: var( --e-global-color-text ); text-align: var(--text-align);\">Cada uno de nosotros habita en su propia patria,<br \/><\/span><span style=\"color: var( --e-global-color-text ); text-align: var(--text-align);\">pero como si fu\u00e9ramos extranjeros.<br \/><\/span><span style=\"color: var( --e-global-color-text ); text-align: var(--text-align);\">Toda regi\u00f3n extranjera es nuestra patria,<br \/><\/span><span style=\"color: var( --e-global-color-text ); text-align: var(--text-align);\">sin embargo, toda patria es para nosotros tierra extranjera.<\/span><\/p><p><span style=\"color: var( --e-global-color-text ); text-align: var(--text-align);\">Vivimos aqu\u00ed en la tierra,<br \/><\/span><span style=\"color: var( --e-global-color-text ); text-align: var(--text-align);\">pero tenemos nuestra ciudadan\u00eda en el cielo.<br \/><\/span><span style=\"color: var( --e-global-color-text ); text-align: var(--text-align);\">No permitas que nos constituyamos en amos<br \/><\/span><span style=\"color: var( --e-global-color-text ); text-align: var(--text-align);\">de la porci\u00f3n del mundo<br \/><\/span><span style=\"color: var( --e-global-color-text ); text-align: var(--text-align);\">que nos has dado como hogar temporal.<\/span><\/p><p><span style=\"color: var( --e-global-color-text ); text-align: var(--text-align);\">Ay\u00fadanos a no dejar nunca de caminar<br \/><\/span><span style=\"color: var( --e-global-color-text ); text-align: var(--text-align);\">junto con nuestros hermanos y hermanas migrantes<br \/><\/span><span style=\"color: var( --e-global-color-text ); text-align: var(--text-align);\">hacia la morada eterna que t\u00fa nos has preparado.<\/span><\/p><p>Abre nuestros ojos y nuestro coraz\u00f3n<br \/><span style=\"color: var( --e-global-color-text ); text-align: var(--text-align);\">para que cada encuentro con los necesitados<br \/><\/span><span style=\"color: var( --e-global-color-text ); text-align: var(--text-align);\">se convierta tambi\u00e9n en un encuentro con Jes\u00fas,<br \/><\/span><span style=\"color: var( --e-global-color-text ); text-align: var(--text-align);\">Hijo tuyo y Se\u00f1or nuestro.<br \/><\/span><span style=\"color: var( --e-global-color-text ); text-align: var(--text-align);\">Am\u00e9n.<\/span><\/p><div>\u00a0<\/div>\t\t\t\t\t\t\t\t<\/div>\n\t\t\t\t\t<\/div>\n\t\t\t\t<\/div>\n\t\t<div data-particle_enable=\"false\" data-particle-mobile-disabled=\"false\" class=\"elementor-element elementor-element-30219be e-flex e-con-boxed e-con e-parent\" data-id=\"30219be\" data-element_type=\"container\" data-e-type=\"container\">\n\t\t\t\t\t<div class=\"e-con-inner\">\n\t\t\t\t<div class=\"elementor-element elementor-element-79df67d elementor-grid-eael-col-3 elementor-grid-tablet-eael-col-2 elementor-grid-mobile-eael-col-1 elementor-widget elementor-widget-eael-post-grid\" data-id=\"79df67d\" data-element_type=\"widget\" data-e-type=\"widget\" data-settings=\"{&quot;eael_post_grid_columns&quot;:&quot;eael-col-3&quot;,&quot;eael_post_grid_columns_tablet&quot;:&quot;eael-col-2&quot;,&quot;eael_post_grid_columns_mobile&quot;:&quot;eael-col-1&quot;}\" data-widget_type=\"eael-post-grid.default\">\n\t\t\t\t\t<div id=\"eael-post-grid-79df67d\" class=\"eael-post-grid-container\">\n            <div class=\"eael-post-grid eael-post-appender eael-post-appender-79df67d eael-post-grid-style-one\" data-layout-mode=\"masonry\"><article class=\"eael-grid-post  eael-post-grid-column eael-pg-post-4337 category-guate-nuestra\" data-id=\"4337\">\n        <div class=\"eael-grid-post-holder\">\n            <div class=\"eael-grid-post-holder-inner\"><div class=\"eael-entry-media\"><div class=\"eael-entry-overlay fade-in\"><i class=\"far fa-hand-pointer\" aria-hidden=\"true\"><\/i><a href=\"https:\/\/soymigrante.com\/revista\/cristo-esquipulas-veneracion-migrantes-basilica-estados-unidos-guatemala\/\"><\/a><\/div><div class=\"eael-entry-thumbnail \">\n                <img decoding=\"async\" width=\"718\" height=\"651\" src=\"https:\/\/soymigrante.com\/revista\/wp-content\/uploads\/2024\/01\/Captura-de-pantalla-2024-01-10-161343.webp\" class=\"attachment-large size-large wp-image-4338\" alt=\"\" srcset=\"https:\/\/soymigrante.com\/revista\/wp-content\/uploads\/2024\/01\/Captura-de-pantalla-2024-01-10-161343.webp 718w, https:\/\/soymigrante.com\/revista\/wp-content\/uploads\/2024\/01\/Captura-de-pantalla-2024-01-10-161343-300x272.webp 300w\" sizes=\"(max-width: 718px) 100vw, 718px\" \/>\n            <\/div>\n        <\/div><div class=\"eael-entry-wrapper\"><header class=\"eael-entry-header\"><h2 class=\"eael-entry-title\"><a class=\"eael-grid-post-link\" href=\"https:\/\/soymigrante.com\/revista\/cristo-esquipulas-veneracion-migrantes-basilica-estados-unidos-guatemala\/\" title=\"Santo Cristo de Esquipulas: m\u00e1s de cuatro siglos de veneraci\u00f3n sin fronteras\">Santo Cristo de Esquipulas: m\u00e1s de cuatro siglos de veneraci\u00f3n sin fronteras<\/a><\/h2><\/header><div class=\"eael-entry-content\">\n                        <div class=\"eael-grid-post-excerpt\"><a href=\"https:\/\/soymigrante.com\/revista\/cristo-esquipulas-veneracion-migrantes-basilica-estados-unidos-guatemala\/\" class=\"eael-post-elements-readmore-btn\">CONOCE SU HISTORIA <\/a><\/div>\n                    <\/div><\/div><\/div>\n        <\/div>\n    <\/article><article class=\"eael-grid-post  eael-post-grid-column eael-pg-post-8224 category-estamos-unidos\" data-id=\"8224\">\n        <div class=\"eael-grid-post-holder\">\n            <div class=\"eael-grid-post-holder-inner\"><div class=\"eael-entry-media\"><div class=\"eael-entry-overlay fade-in\"><i class=\"far fa-hand-pointer\" aria-hidden=\"true\"><\/i><a href=\"https:\/\/soymigrante.com\/revista\/migrantes-guatemaltecos-en-georgia-buscan-ayuda-y-consuelo\/\"><\/a><\/div><div class=\"eael-entry-thumbnail \">\n                <img decoding=\"async\" width=\"591\" height=\"591\" src=\"https:\/\/soymigrante.com\/revista\/wp-content\/uploads\/2024\/08\/Captura-de-pantalla-2024-08-20-185007.webp\" class=\"attachment-large size-large wp-image-8227\" alt=\"J\u00f3venes en campo abierto disfrutando de la naturaleza en un d\u00eda soleado, mostrando tranquilidad y conexi\u00f3n con el entorno natural.\" srcset=\"https:\/\/soymigrante.com\/revista\/wp-content\/uploads\/2024\/08\/Captura-de-pantalla-2024-08-20-185007.webp 591w, https:\/\/soymigrante.com\/revista\/wp-content\/uploads\/2024\/08\/Captura-de-pantalla-2024-08-20-185007-300x300.webp 300w, https:\/\/soymigrante.com\/revista\/wp-content\/uploads\/2024\/08\/Captura-de-pantalla-2024-08-20-185007-150x150.webp 150w, https:\/\/soymigrante.com\/revista\/wp-content\/uploads\/2024\/08\/Captura-de-pantalla-2024-08-20-185007-75x75.webp 75w\" sizes=\"(max-width: 591px) 100vw, 591px\" \/>\n            <\/div>\n        <\/div><div class=\"eael-entry-wrapper\"><header class=\"eael-entry-header\"><h2 class=\"eael-entry-title\"><a class=\"eael-grid-post-link\" href=\"https:\/\/soymigrante.com\/revista\/migrantes-guatemaltecos-en-georgia-buscan-ayuda-y-consuelo\/\" title=\"Esposos migrantes guatemaltecos en Georgia buscan ayuda&#8230; y un ri\u00f1\u00f3n\">Esposos migrantes guatemaltecos en Georgia buscan ayuda&#8230; y un ri\u00f1\u00f3n<\/a><\/h2><\/header><div class=\"eael-entry-content\">\n                        <div class=\"eael-grid-post-excerpt\"><a href=\"https:\/\/soymigrante.com\/revista\/migrantes-guatemaltecos-en-georgia-buscan-ayuda-y-consuelo\/\" class=\"eael-post-elements-readmore-btn\">CONOCE SU HISTORIA <\/a><\/div>\n                    <\/div><\/div><\/div>\n        <\/div>\n    <\/article><article class=\"eael-grid-post  eael-post-grid-column eael-pg-post-5213 category-bienestar\" data-id=\"5213\">\n        <div class=\"eael-grid-post-holder\">\n            <div class=\"eael-grid-post-holder-inner\"><div class=\"eael-entry-media\"><div class=\"eael-entry-overlay fade-in\"><i class=\"far fa-hand-pointer\" aria-hidden=\"true\"><\/i><a href=\"https:\/\/soymigrante.com\/revista\/oracion-del-migrante-en-ruta-estados-unidos\/\"><\/a><\/div><div class=\"eael-entry-thumbnail \">\n                <img loading=\"lazy\" decoding=\"async\" width=\"650\" height=\"613\" src=\"https:\/\/soymigrante.com\/revista\/wp-content\/uploads\/2024\/03\/oracion-a-santo-toribio-romo-por-los-migrantes.webp\" class=\"attachment-large size-large wp-image-16183\" alt=\"Oraci\u00f3n a Santo Toribio Romo y otras plegarias para orar por los migrantes\" srcset=\"https:\/\/soymigrante.com\/revista\/wp-content\/uploads\/2024\/03\/oracion-a-santo-toribio-romo-por-los-migrantes.webp 650w, https:\/\/soymigrante.com\/revista\/wp-content\/uploads\/2024\/03\/oracion-a-santo-toribio-romo-por-los-migrantes-300x283.jpg 300w\" sizes=\"(max-width: 650px) 100vw, 650px\" \/>\n            <\/div>\n        <\/div><div class=\"eael-entry-wrapper\"><header class=\"eael-entry-header\"><h2 class=\"eael-entry-title\"><a class=\"eael-grid-post-link\" href=\"https:\/\/soymigrante.com\/revista\/oracion-del-migrante-en-ruta-estados-unidos\/\" title=\"Oraci\u00f3n a Santo Toribio Romo y otras plegarias para orar por los migrantes\">Oraci\u00f3n a Santo Toribio Romo y otras plegarias para orar por los migrantes<\/a><\/h2><\/header><div class=\"eael-entry-content\">\n                        <div class=\"eael-grid-post-excerpt\"><a href=\"https:\/\/soymigrante.com\/revista\/oracion-del-migrante-en-ruta-estados-unidos\/\" class=\"eael-post-elements-readmore-btn\">CONOCE SU HISTORIA <\/a><\/div>\n                    <\/div><\/div><\/div>\n        <\/div>\n    <\/article><\/div>\n            <div class=\"clearfix\"><\/div>\n        <\/div>\t\t\t\t<\/div>\n\t\t\t\t\t<\/div>\n\t\t\t\t<\/div>\n\t\t\t\t<\/div>\n\t\t","protected":false},"excerpt":{"rendered":"<p>El papa Francisco escribi\u00f3 una oraci\u00f3n por los migrantes, con motivo de la jornada cat\u00f3lica mundial por quienes buscan un nuevo futuro lejos de su pa\u00eds ya sea por violencia, pobreza o exclusi\u00f3n. Esta es la plegaria. En su mensaje por la Jornada de Oraci\u00f3n por los Migrantes y Refugiados 2024, el Papa Francisco compar\u00f3 [&hellip;]<\/p>\n","protected":false},"author":1,"featured_media":9865,"comment_status":"open","ping_status":"open","sticky":false,"template":"","format":"standard","meta":{"_acf_changed":false,"_eb_attr":"","footnotes":""},"categories":[56],"tags":[],"class_list":["post-9854","post","type-post","status-publish","format-standard","has-post-thumbnail","hentry","category-lugar-de-voces"],"acf":[],"aioseo_notices":[],"aioseo_head":"\n\t\t<!-- All in One SEO Pro 4.9.6.2 - aioseo.com -->\n\t<meta name=\"description\" content=\"Santo Toribio Romo es considerado el patrono de los migrantes de toda nacionalidad que cruzan el territorio mexicano. Esta es la oraci\u00f3n para pedir por ellos.\" \/>\n\t<meta name=\"robots\" content=\"max-snippet:-1, max-image-preview:large, max-video-preview:-1\" \/>\n\t<meta name=\"author\" content=\"Gustavo Montenegro\"\/>\n\t<link rel=\"canonical\" href=\"https:\/\/soymigrante.com\/revista\/oracion-del-migrante-en-ruta-estados-unidos\/\" \/>\n\t<meta name=\"generator\" content=\"All in One SEO Pro (AIOSEO) 4.9.6.2\" \/>\n\n\t\t<link rel=\"preconnect\" href=\"https:\/\/fonts.googleapis.com\" crossorigin>\n<link rel=\"preconnect\" href=\"https:\/\/fonts.gstatic.com\" crossorigin>\n\t\t<meta property=\"og:locale\" content=\"es_ES\" \/>\n\t\t<meta property=\"og:site_name\" content=\"SoyMigrante.com REVISTA \u2013 Nuestra misi\u00f3n es reconocer y dignificar al migrante.\" \/>\n\t\t<meta property=\"og:type\" content=\"article\" \/>\n\t\t<meta property=\"og:title\" content=\"Oraci\u00f3n a Santo Toribio Romo por los migrantes y otras plegarias\" \/>\n\t\t<meta property=\"og:description\" content=\"Santo Toribio Romo es considerado el patrono de los migrantes de toda nacionalidad que cruzan el territorio mexicano. Esta es la oraci\u00f3n para pedir por ellos.\" \/>\n\t\t<meta property=\"og:url\" content=\"https:\/\/soymigrante.com\/revista\/oracion-del-migrante-en-ruta-estados-unidos\/\" \/>\n\t\t<meta property=\"og:image\" content=\"https:\/\/soymigrante.com\/revista\/wp-content\/uploads\/2024\/03\/oracion-a-santo-toribio-romo-por-los-migrantes.webp\" \/>\n\t\t<meta property=\"og:image:secure_url\" content=\"https:\/\/soymigrante.com\/revista\/wp-content\/uploads\/2024\/03\/oracion-a-santo-toribio-romo-por-los-migrantes.webp\" \/>\n\t\t<meta property=\"og:image:width\" content=\"650\" \/>\n\t\t<meta property=\"og:image:height\" content=\"613\" \/>\n\t\t<meta property=\"article:published_time\" content=\"2024-03-06T19:10:07+00:00\" \/>\n\t\t<meta property=\"article:modified_time\" content=\"2025-09-16T14:51:05+00:00\" \/>\n\t\t<meta property=\"article:publisher\" content=\"https:\/\/www.facebook.com\/soymigrantecom\" \/>\n\t\t<meta name=\"twitter:card\" content=\"summary_large_image\" \/>\n\t\t<meta name=\"twitter:site\" content=\"@SoyMigrante_com\" \/>\n\t\t<meta name=\"twitter:title\" content=\"Oraci\u00f3n a Santo Toribio Romo por los migrantes y otras plegarias\" \/>\n\t\t<meta name=\"twitter:description\" content=\"Santo Toribio Romo es considerado el patrono de los migrantes de toda nacionalidad que cruzan el territorio mexicano. Esta es la oraci\u00f3n para pedir por ellos.\" \/>\n\t\t<meta name=\"twitter:creator\" content=\"@SoyMigrante_com\" \/>\n\t\t<meta name=\"twitter:image\" content=\"https:\/\/soymigrante.com\/revista\/wp-content\/uploads\/2024\/03\/oracion-a-santo-toribio-romo-por-los-migrantes.webp\" \/>\n\t\t<!-- All in One SEO Pro -->\r\n\t\t<title>Oraci\u00f3n a Santo Toribio Romo por los migrantes y otras plegarias<\/title>\n\n","aioseo_head_json":{"title":"Oraci\u00f3n a Santo Toribio Romo por los migrantes y otras plegarias","description":"Santo Toribio Romo es considerado el patrono de los migrantes de toda nacionalidad que cruzan el territorio mexicano. Esta es la oraci\u00f3n para pedir por ellos.","canonical_url":"https:\/\/soymigrante.com\/revista\/oracion-del-migrante-en-ruta-estados-unidos\/","robots":"max-snippet:-1, max-image-preview:large, max-video-preview:-1","keywords":"","webmasterTools":{"miscellaneous":"&lt;link rel=\"preconnect\" href=\"https:\/\/fonts.googleapis.com\" crossorigin&gt;\n&lt;link rel=\"preconnect\" href=\"https:\/\/fonts.gstatic.com\" crossorigin&gt;"},"schema":null,"og:locale":"es_ES","og:site_name":"SoyMigrante.com REVISTA \u2013 Nuestra misi\u00f3n es reconocer y dignificar al migrante.","og:type":"article","og:title":"Oraci\u00f3n a Santo Toribio Romo por los migrantes y otras plegarias","og:description":"Santo Toribio Romo es considerado el patrono de los migrantes de toda nacionalidad que cruzan el territorio mexicano. Esta es la oraci\u00f3n para pedir por ellos.","og:url":"https:\/\/soymigrante.com\/revista\/oracion-del-migrante-en-ruta-estados-unidos\/","og:image":"https:\/\/soymigrante.com\/revista\/wp-content\/uploads\/2024\/03\/oracion-a-santo-toribio-romo-por-los-migrantes.webp","og:image:secure_url":"https:\/\/soymigrante.com\/revista\/wp-content\/uploads\/2024\/03\/oracion-a-santo-toribio-romo-por-los-migrantes.webp","og:image:width":650,"og:image:height":613,"article:published_time":"2024-03-06T19:10:07+00:00","article:modified_time":"2025-09-16T14:51:05+00:00","article:publisher":"https:\/\/www.facebook.com\/soymigrantecom","twitter:card":"summary_large_image","twitter:site":"@SoyMigrante_com","twitter:title":"Oraci\u00f3n a Santo Toribio Romo por los migrantes y otras plegarias","twitter:description":"Santo Toribio Romo es considerado el patrono de los migrantes de toda nacionalidad que cruzan el territorio mexicano. Esta es la oraci\u00f3n para pedir por ellos.","twitter:creator":"@SoyMigrante_com","twitter:image":"https:\/\/soymigrante.com\/revista\/wp-content\/uploads\/2024\/03\/oracion-a-santo-toribio-romo-por-los-migrantes.webp"},"aioseo_meta_data":{"post_id":"9854","title":null,"description":"Con motivo de la Jornada Mundial del Migrante y el Refugiado 2024, Papa Francisco or\u00f3 por quienes buscan un mejor futuro lejos de su tierra. Esta es la oraci\u00f3n","keywords":null,"keyphrases":{"focus":{"keyphrase":"migrantes","score":82,"analysis":{"keyphraseInTitle":{"score":9,"maxScore":9,"error":0},"keyphraseInDescription":{"score":3,"maxScore":9,"error":1},"keyphraseLength":{"score":9,"maxScore":9,"error":0,"length":1},"keyphraseInURL":{"score":5,"maxScore":5,"error":0},"keyphraseInIntroduction":{"score":9,"maxScore":9,"error":0},"keyphraseInSubHeadings":{"score":9,"maxScore":9,"error":0},"keyphraseInImageAlt":{"score":3,"maxScore":9,"error":1},"keywordDensity":{"type":"best","score":9,"maxScore":9,"error":0}}},"additional":[{"keyphrase":"Oraci\u00f3n por los migrantes","score":67,"analysis":{"keyphraseInDescription":{"score":3,"maxScore":9,"error":1},"keyphraseLength":{"score":6,"maxScore":9,"error":1,"length":5},"keyphraseInIntroduction":{"score":9,"maxScore":9,"error":0},"keyphraseInImageAlt":{"score":3,"maxScore":9,"error":1},"keywordDensity":{"type":"best","score":9,"maxScore":9,"error":0}}}]},"primary_term":null,"canonical_url":null,"og_title":null,"og_description":null,"og_object_type":"default","og_image_type":"default","og_image_url":null,"og_image_width":null,"og_image_height":null,"og_image_custom_url":null,"og_image_custom_fields":null,"og_video":"","og_custom_url":null,"og_article_section":null,"og_article_tags":null,"twitter_use_og":false,"twitter_card":"default","twitter_image_type":"default","twitter_image_url":null,"twitter_image_custom_url":null,"twitter_image_custom_fields":null,"twitter_title":null,"twitter_description":null,"schema":{"blockGraphs":[],"customGraphs":[],"default":{"data":{"Article":[],"Course":[],"Dataset":[],"FAQPage":[],"Movie":[],"Person":[],"Product":[],"ProductReview":[],"Car":[],"Recipe":[],"Service":[],"SoftwareApplication":[],"WebPage":[]},"graphName":"none","isEnabled":true},"graphs":[]},"schema_type":"default","schema_type_options":null,"pillar_content":false,"robots_default":true,"robots_noindex":false,"robots_noarchive":false,"robots_nosnippet":false,"robots_nofollow":false,"robots_noimageindex":false,"robots_noodp":false,"robots_notranslate":false,"robots_max_snippet":"-1","robots_max_videopreview":"-1","robots_max_imagepreview":"large","priority":null,"frequency":"default","local_seo":null,"seo_analyzer_scan_date":"2025-10-09 04:40:09","breadcrumb_settings":null,"limit_modified_date":false,"reviewed_by":null,"open_ai":"{\"title\":{\"suggestions\":[],\"usage\":0},\"description\":{\"suggestions\":[],\"usage\":0}}","ai":null,"created":"2024-09-30 18:14:54","updated":"2026-02-04 23:21:21"},"aioseo_breadcrumb":"<div class=\"aioseo-breadcrumbs\"><span class=\"aioseo-breadcrumb\">\n\t<a href=\"https:\/\/soymigrante.com\/revista\" title=\"Home\">Home<\/a>\n<\/span><span class=\"aioseo-breadcrumb-separator\">\u00bb<\/span><span class=\"aioseo-breadcrumb\">\n\t<a href=\"https:\/\/soymigrante.com\/revista\/category\/estamos-unidos\/\" title=\"Estamos Unidos\">Estamos Unidos<\/a>\n<\/span><span class=\"aioseo-breadcrumb-separator\">\u00bb<\/span><span class=\"aioseo-breadcrumb\">\n\t<a href=\"https:\/\/soymigrante.com\/revista\/category\/estamos-unidos\/lugar-de-voces\/\" title=\"Lugar de Voces\">Lugar de Voces<\/a>\n<\/span><span class=\"aioseo-breadcrumb-separator\">\u00bb<\/span><span class=\"aioseo-breadcrumb\">\n\tLa oraci\u00f3n que dej\u00f3 el Papa Francisco para los migrantes\n<\/span><\/div>","aioseo_breadcrumb_json":[{"label":"Home","link":"https:\/\/soymigrante.com\/revista"},{"label":"Estamos Unidos","link":"https:\/\/soymigrante.com\/revista\/category\/estamos-unidos\/"},{"label":"Lugar de Voces","link":"https:\/\/soymigrante.com\/revista\/category\/estamos-unidos\/lugar-de-voces\/"},{"label":"La oraci\u00f3n que dej\u00f3 el Papa Francisco para los migrantes","link":"https:\/\/soymigrante.com\/revista\/la-oracion-del-papa-francisco-por-los-migrantes\/"}],"_links":{"self":[{"href":"https:\/\/soymigrante.com\/revista\/wp-json\/wp\/v2\/posts\/9854","targetHints":{"allow":["GET"]}}],"collection":[{"href":"https:\/\/soymigrante.com\/revista\/wp-json\/wp\/v2\/posts"}],"about":[{"href":"https:\/\/soymigrante.com\/revista\/wp-json\/wp\/v2\/types\/post"}],"author":[{"embeddable":true,"href":"https:\/\/soymigrante.com\/revista\/wp-json\/wp\/v2\/users\/1"}],"replies":[{"embeddable":true,"href":"https:\/\/soymigrante.com\/revista\/wp-json\/wp\/v2\/comments?post=9854"}],"version-history":[{"count":3,"href":"https:\/\/soymigrante.com\/revista\/wp-json\/wp\/v2\/posts\/9854\/revisions"}],"predecessor-version":[{"id":31999,"href":"https:\/\/soymigrante.com\/revista\/wp-json\/wp\/v2\/posts\/9854\/revisions\/31999"}],"wp:featuredmedia":[{"embeddable":true,"href":"https:\/\/soymigrante.com\/revista\/wp-json\/wp\/v2\/media\/9865"}],"wp:attachment":[{"href":"https:\/\/soymigrante.com\/revista\/wp-json\/wp\/v2\/media?parent=9854"}],"wp:term":[{"taxonomy":"category","embeddable":true,"href":"https:\/\/soymigrante.com\/revista\/wp-json\/wp\/v2\/categories?post=9854"},{"taxonomy":"post_tag","embeddable":true,"href":"https:\/\/soymigrante.com\/revista\/wp-json\/wp\/v2\/tags?post=9854"}],"curies":[{"name":"wp","href":"https:\/\/api.w.org\/{rel}","templated":true}]}}