{"id":9845,"date":"2024-09-30T10:58:54","date_gmt":"2024-09-30T16:58:54","guid":{"rendered":"https:\/\/soymigrante.com\/revista\/?p=9845"},"modified":"2025-05-19T03:03:00","modified_gmt":"2025-05-19T09:03:00","slug":"joyas-mayas-migrantes-ocarina-del-siglo-8-de-alta-verapaz-en-el-museo-de-arte-de-denver","status":"publish","type":"post","link":"https:\/\/soymigrante.com\/revista\/joyas-mayas-migrantes-ocarina-del-siglo-8-de-alta-verapaz-en-el-museo-de-arte-de-denver\/","title":{"rendered":"Joyas mayas migrantes: Ocarina del siglo 8, de Alta Verapaz, en el Museo de Arte de Denver"},"content":{"rendered":"\t\t<div data-elementor-type=\"wp-post\" data-elementor-id=\"9845\" class=\"elementor elementor-9845\" data-elementor-post-type=\"post\">\n\t\t\t\t<div data-particle_enable=\"false\" data-particle-mobile-disabled=\"false\" class=\"elementor-element elementor-element-5d86c94 e-flex e-con-boxed e-con e-parent\" data-id=\"5d86c94\" data-element_type=\"container\" data-e-type=\"container\">\n\t\t\t\t\t<div class=\"e-con-inner\">\n\t\t\t\t<div class=\"elementor-element elementor-element-1b1c601 elementor-widget elementor-widget-heading\" data-id=\"1b1c601\" data-element_type=\"widget\" data-e-type=\"widget\" data-widget_type=\"heading.default\">\n\t\t\t\t\t<h2 class=\"elementor-heading-title elementor-size-default\">Fascinante efigie de una madre maya, con su hijo en un brazo y un mono en el otro. Proveniente de las tierras altas de Alta Verapaz. Se presume era un objeto ceremonial debido a que tambi\u00e9n es una ocarina.<\/h2>\t\t\t\t<\/div>\n\t\t\t\t\t<\/div>\n\t\t\t\t<\/div>\n\t\t<div data-particle_enable=\"false\" data-particle-mobile-disabled=\"false\" class=\"elementor-element elementor-element-aaab59a e-flex e-con-boxed e-con e-parent\" data-id=\"aaab59a\" data-element_type=\"container\" data-e-type=\"container\">\n\t\t\t\t\t<div class=\"e-con-inner\">\n\t\t\t\t<div class=\"elementor-element elementor-element-2d91e2b elementor-widget elementor-widget-html\" data-id=\"2d91e2b\" data-element_type=\"widget\" data-e-type=\"widget\" data-widget_type=\"html.default\">\n\t\t\t\t\t<div id=\"buzzsprout-player-17186857\"><\/div><script src=\"https:\/\/www.buzzsprout.com\/2444168\/episodes\/17186857-ocarina-maya-joya-maya-migrante-en-el-museo-de-denver.js?container_id=buzzsprout-player-17186857&player=small\" type=\"text\/javascript\" charset=\"utf-8\"><\/script>\t\t\t\t<\/div>\n\t\t\t\t\t<\/div>\n\t\t\t\t<\/div>\n\t\t<div data-particle_enable=\"false\" data-particle-mobile-disabled=\"false\" class=\"elementor-element elementor-element-46e7465 e-flex e-con-boxed e-con e-parent\" data-id=\"46e7465\" data-element_type=\"container\" data-e-type=\"container\">\n\t\t\t\t\t<div class=\"e-con-inner\">\n\t\t\t\t<div class=\"elementor-element elementor-element-be554f1 elementor-widget elementor-widget-text-editor\" data-id=\"be554f1\" data-element_type=\"widget\" data-e-type=\"widget\" data-widget_type=\"text-editor.default\">\n\t\t\t\t\t\t\t\t\t<p>Esta ocarina, creada por un artista maya desconocido en la regi\u00f3n de Alta Verapaz, Guatemala, entre los a\u00f1os 550 y 950 d.C., es un valioso ejemplo de arte prehisp\u00e1nico. Fue encontrada en la regi\u00f3n de <a href=\"https:\/\/soymigrante.com\/revista\/joyas-mayas-migrantes-el-vaso-chama-en-pennsylvania\/\">Alta Verapaz <\/a>y desde 1979 est\u00e1 resguardada en el <a href=\"https:\/\/www.denverartmuseum.org\/en\">Museo de Arte de Denver, Colorado<\/a>, instituci\u00f3n a la que agradecemos el permiso para publicar esta pieza de su colecci\u00f3n.<\/p><p>Es llamativo c\u00f3mo se conserva parte del color original: un llamativo azul y tambi\u00e9n capas de pigmento blanco, a pesar de los m\u00e1s de mil a\u00f1os transcurridos desde su elaboraci\u00f3n.\u00a0<\/p><p>Tiene\u00a0<span style=\"color: var( --e-global-color-text ); text-align: var(--text-align);\">una altura de 34.29\u00a0 cent\u00edmetros, 28 de ancho y\u00a0 14 de fondo.<\/span><\/p><p>\u00a0<\/p>\t\t\t\t\t\t\t\t<\/div>\n\t\t\t\t\t<\/div>\n\t\t\t\t<\/div>\n\t\t<div data-particle_enable=\"false\" data-particle-mobile-disabled=\"false\" class=\"elementor-element elementor-element-b7009c9 e-flex e-con-boxed e-con e-parent\" data-id=\"b7009c9\" data-element_type=\"container\" data-e-type=\"container\">\n\t\t\t\t\t<div class=\"e-con-inner\">\n\t\t\t\t<div class=\"elementor-element elementor-element-9b90975 elementor-widget elementor-widget-image\" data-id=\"9b90975\" data-element_type=\"widget\" data-e-type=\"widget\" data-settings=\"{&quot;motion_fx_motion_fx_mouse&quot;:&quot;yes&quot;,&quot;motion_fx_tilt_effect&quot;:&quot;yes&quot;,&quot;motion_fx_tilt_direction&quot;:&quot;negative&quot;,&quot;motion_fx_tilt_speed&quot;:{&quot;unit&quot;:&quot;px&quot;,&quot;size&quot;:1.7,&quot;sizes&quot;:[]}}\" data-widget_type=\"image.default\">\n\t\t\t\t\t\t\t\t\t\t\t\t<figure class=\"wp-caption\">\n\t\t\t\t\t\t\t\t\t\t<img fetchpriority=\"high\" decoding=\"async\" width=\"627\" height=\"935\" src=\"https:\/\/soymigrante.com\/revista\/wp-content\/uploads\/2024\/09\/ocarina-de-Alta-Verapaz-en-el-Denver-Art-Museumn.webp\" class=\"attachment-large size-large wp-image-9849\" alt=\"Terracotta prehisp\u00e1nica con figura ind\u00edgena, cer\u00e1mica de origen ancestral, cultura antigua, arte ind\u00edgena, decorativa, colecci\u00f3n arqueol\u00f3gica, patrimonio cultural, historia de Mesoam\u00e9rica, artesan\u00eda tradicional.\" srcset=\"https:\/\/soymigrante.com\/revista\/wp-content\/uploads\/2024\/09\/ocarina-de-Alta-Verapaz-en-el-Denver-Art-Museumn.webp 627w, https:\/\/soymigrante.com\/revista\/wp-content\/uploads\/2024\/09\/ocarina-de-Alta-Verapaz-en-el-Denver-Art-Museumn-201x300.webp 201w\" sizes=\"(max-width: 627px) 100vw, 627px\" title=\"Ocarina en forma de figura femenina con un ni\u00f1o y un mono, resguardada en el Museo de Arte de Denver, que otorg\u00f3 permiso a SoyMigrante.com para publicarla.y rese\u00f1ada como parte de la serie Joyas Mayas Migrants. REQUIRED CREDIT: Unknown Maya artist, Alta Verapaz region, Southern Highlands, Guatemala. Ocarina in the Form of a Female Figure with Monkey and Child, 550\u2013950 CE. Denver Art Museum Collection: Gift of Exeter Drilling Company and Mr. and Mrs. Morris A. Long, 1979.3. Photography \u00a9 Denver Art Museum \u2013 SoyMigrante.com REVISTA\" \/>\t\t\t\t\t\t\t\t\t\t\t<figcaption class=\"widget-image-caption wp-caption-text\">Figura cer\u00e1mica ind\u00edgena con detalles culturales, simbolismo ancestral y arte prehisp\u00e1nico mexicano, destacando la historia y tradici\u00f3n ind\u00edgena.<\/figcaption>\n\t\t\t\t\t\t\t\t\t\t<\/figure>\n\t\t\t\t\t\t\t\t\t<\/div>\n\t\t\t\t\t<\/div>\n\t\t\t\t<\/div>\n\t\t<div data-particle_enable=\"false\" data-particle-mobile-disabled=\"false\" class=\"elementor-element elementor-element-172f70e e-flex e-con-boxed e-con e-parent\" data-id=\"172f70e\" data-element_type=\"container\" data-e-type=\"container\">\n\t\t\t\t\t<div class=\"e-con-inner\">\n\t\t\t\t<div class=\"elementor-element elementor-element-7976fda elementor-widget elementor-widget-heading\" data-id=\"7976fda\" data-element_type=\"widget\" data-e-type=\"widget\" data-widget_type=\"heading.default\">\n\t\t\t\t\t<h3 class=\"elementor-heading-title elementor-size-default\">Detalles magistrales<\/h3>\t\t\t\t<\/div>\n\t\t\t\t\t<\/div>\n\t\t\t\t<\/div>\n\t\t<div data-particle_enable=\"false\" data-particle-mobile-disabled=\"false\" class=\"elementor-element elementor-element-2ee7b7f e-flex e-con-boxed e-con e-parent\" data-id=\"2ee7b7f\" data-element_type=\"container\" data-e-type=\"container\">\n\t\t\t\t\t<div class=\"e-con-inner\">\n\t\t\t\t<div class=\"elementor-element elementor-element-069014a elementor-widget elementor-widget-text-editor\" data-id=\"069014a\" data-element_type=\"widget\" data-e-type=\"widget\" data-widget_type=\"text-editor.default\">\n\t\t\t\t\t\t\t\t\t<p style=\"font-style: normal; font-variant-ligatures: normal; font-variant-caps: normal; font-weight: 400; font-size: 16px; font-family: Roboto, sans-serif;\"><span style=\"color: var( --e-global-color-text ); text-align: var(--text-align);\">Esta pieza, resguardada en el Museo de Arte de Denver, Colorado, exhibe la gran habilidad de los artesanos cer\u00e1micos mayas para crear rostros, detalles como manos y pies, as\u00ed como el modelado del simbolismo contenido en el tocado de la figura.\u00a0<\/span><\/p><p style=\"font-style: normal; font-variant-ligatures: normal; font-variant-caps: normal; font-weight: 400; font-size: 16px; font-family: Roboto, sans-serif;\"><span style=\"color: var( --e-global-color-text ); text-align: var(--text-align);\">Por tratarse de una mujer con un ni\u00f1o, se deduce que esta imagen est\u00e1 dedicada a ser una conmemoraci\u00f3n de la\u00a0<\/span><span style=\"color: var( --e-global-color-text ); text-align: var(--text-align);\">fertilidad, la vitalidad y tambi\u00e9n la conexi\u00f3n con la naturaleza.\u00a0<\/span><\/p><p style=\"font-style: normal; font-variant-ligatures: normal; font-variant-caps: normal; font-weight: 400; font-size: 16px; font-family: Roboto, sans-serif;\"><span style=\"color: var( --e-global-color-text ); text-align: var(--text-align);\">En la cosmovisi\u00f3n maya, los monos son guardianes de los bosques y tienen un papel importante en los mitos relacionados con la creaci\u00f3n. Con frecuencia eran utilizados como mascotas, pero eran algo m\u00e1s que una entretenci\u00f3n.<\/span><\/p><p style=\"font-style: normal; font-variant-ligatures: normal; font-variant-caps: normal; font-weight: 400; font-size: 16px; font-family: Roboto, sans-serif;\"><span style=\"color: var( --e-global-color-text ); text-align: var(--text-align);\">Esta ocarina <a href=\"https:\/\/soymigrante.com\/revista\/joyas-mayas-migrantes-el-vaso-chama-en-pennsylvania\/\">es una pieza maya m\u00e1s<\/a> que sali\u00f3 de Guatemala y que es conservada en Estados Unidos en condiciones \u00f3ptimas.<\/span><\/p>\t\t\t\t\t\t\t\t<\/div>\n\t\t\t\t\t<\/div>\n\t\t\t\t<\/div>\n\t\t<div data-particle_enable=\"false\" data-particle-mobile-disabled=\"false\" class=\"elementor-element elementor-element-9472b8b e-flex e-con-boxed e-con e-parent\" data-id=\"9472b8b\" data-element_type=\"container\" data-e-type=\"container\">\n\t\t\t\t\t<div class=\"e-con-inner\">\n\t\t\t\t<div class=\"elementor-element elementor-element-68e3a42 elementor-arrows-position-inside elementor-pagination-position-outside elementor-widget elementor-widget-image-carousel\" data-id=\"68e3a42\" data-element_type=\"widget\" data-e-type=\"widget\" data-settings=\"{&quot;slides_to_show&quot;:&quot;1&quot;,&quot;navigation&quot;:&quot;both&quot;,&quot;autoplay&quot;:&quot;yes&quot;,&quot;pause_on_hover&quot;:&quot;yes&quot;,&quot;pause_on_interaction&quot;:&quot;yes&quot;,&quot;autoplay_speed&quot;:5000,&quot;infinite&quot;:&quot;yes&quot;,&quot;effect&quot;:&quot;slide&quot;,&quot;speed&quot;:500}\" data-widget_type=\"image-carousel.default\">\n\t\t\t\t\t\t\t<div class=\"elementor-image-carousel-wrapper swiper\" role=\"region\" aria-roledescription=\"carousel\" aria-label=\"Carrusel de im\u00e1genes\" dir=\"ltr\">\n\t\t\t<div class=\"elementor-image-carousel swiper-wrapper\" aria-live=\"off\">\n\t\t\t\t\t\t\t\t<div class=\"swiper-slide\" role=\"group\" aria-roledescription=\"slide\" aria-label=\"1 de 2\"><a data-elementor-open-lightbox=\"yes\" data-elementor-lightbox-slideshow=\"68e3a42\" data-elementor-lightbox-title=\"Detalle: N\u00f3tese el remanente de pigmento posiblemente azul o verde, en las plumas de quetzal u hojas de milpa. Unknown Maya artist, Alta Verapaz region, Southern Highlands, Guatemala. Ocarina in the Form of a Female Figure with Monkey and Child, 550\u2013950 CE. Denver Art Museum Collection: Gift of Exeter Drilling Company and Mr. and Mrs. Morris A. Long, 1979.3. Photography \u00a9 Denver Art Museum\" data-elementor-lightbox-description=\"Detalle de una pieza de cer\u00e1mica precolombina con motivo de caballito y patrones geom\u00e9tricos, muestra la habilidad art\u00edstica y simbolismo cultural de las civilizaciones antiguas mexicanas.\" data-e-action-hash=\"#elementor-action%3Aaction%3Dlightbox%26settings%3DeyJpZCI6OTg1MCwidXJsIjoiaHR0cHM6XC9cL3NveW1pZ3JhbnRlLmNvbVwvcmV2aXN0YVwvd3AtY29udGVudFwvdXBsb2Fkc1wvMjAyNFwvMDlcL0NhcHR1cmEtZGUtcGFudGFsbGEtMjAyNC0wOS0zMC0wOTQxMjYud2VicCIsInNsaWRlc2hvdyI6IjY4ZTNhNDIifQ%3D%3D\" href=\"https:\/\/soymigrante.com\/revista\/wp-content\/uploads\/2024\/09\/Captura-de-pantalla-2024-09-30-094126.webp\"><figure class=\"swiper-slide-inner\"><img decoding=\"async\" class=\"swiper-slide-image\" src=\"https:\/\/soymigrante.com\/revista\/wp-content\/uploads\/2024\/09\/Captura-de-pantalla-2024-09-30-094126.webp\" alt=\"Arte prehisp\u00e1nico de cer\u00e1mica con motivos de caballito y dise\u00f1o colorido, representando cultura ind\u00edgena en excelente estado de conservaci\u00f3n.\" \/><figcaption class=\"elementor-image-carousel-caption\">Detalle: N\u00f3tese el remanente de pigmento posiblemente azul o verde, en las plumas de quetzal u hojas de milpa. Unknown Maya artist, Alta Verapaz region, Southern Highlands, Guatemala. Ocarina in the Form of a Female Figure with Monkey and Child, 550\u2013950 CE. Denver Art Museum Collection: Gift of Exeter Drilling Company and Mr. and Mrs. Morris A. Long, 1979.3. Photography \u00a9 Denver Art Museum<\/figcaption><\/figure><\/a><\/div><div class=\"swiper-slide\" role=\"group\" aria-roledescription=\"slide\" aria-label=\"2 de 2\"><a data-elementor-open-lightbox=\"yes\" data-elementor-lightbox-slideshow=\"68e3a42\" data-elementor-lightbox-title=\"Detalle: Glifos alusivos al ma\u00edz y la trascendencia. Unknown Maya artist, Alta Verapaz region, Southern Highlands, Guatemala. Ocarina in the Form\" data-elementor-lightbox-description=\"Figura de cer\u00e1mica antigua con dise\u00f1o de criatura m\u00edtica y ornamentaci\u00f3n tradicional, reflejando la creatividad y las creencias de las culturas originarias de Mesoam\u00e9rica.\" data-e-action-hash=\"#elementor-action%3Aaction%3Dlightbox%26settings%3DeyJpZCI6OTg1MSwidXJsIjoiaHR0cHM6XC9cL3NveW1pZ3JhbnRlLmNvbVwvcmV2aXN0YVwvd3AtY29udGVudFwvdXBsb2Fkc1wvMjAyNFwvMDlcL0NhcHR1cmEtZGUtcGFudGFsbGEtMjAyNC0wOS0zMC0wOTQwNTIud2VicCIsInNsaWRlc2hvdyI6IjY4ZTNhNDIifQ%3D%3D\" href=\"https:\/\/soymigrante.com\/revista\/wp-content\/uploads\/2024\/09\/Captura-de-pantalla-2024-09-30-094052.webp\"><figure class=\"swiper-slide-inner\"><img decoding=\"async\" class=\"swiper-slide-image\" src=\"https:\/\/soymigrante.com\/revista\/wp-content\/uploads\/2024\/09\/Captura-de-pantalla-2024-09-30-094052.webp\" alt=\"Ancient ceramic figurine depicting a mythological creature with detailed carvings, showcasing indigenous artistry and cultural symbolism.\" \/><figcaption class=\"elementor-image-carousel-caption\">Detalle: Glifos alusivos al ma\u00edz y la trascendencia. Unknown Maya artist, Alta Verapaz region, Southern Highlands, Guatemala. Ocarina in the Form<\/figcaption><\/figure><\/a><\/div>\t\t\t<\/div>\n\t\t\t\t\t\t\t\t\t\t\t\t<div class=\"elementor-swiper-button elementor-swiper-button-prev\" role=\"button\" tabindex=\"0\">\n\t\t\t\t\t\t<i aria-hidden=\"true\" class=\"eicon-chevron-left\"><\/i>\t\t\t\t\t<\/div>\n\t\t\t\t\t<div class=\"elementor-swiper-button elementor-swiper-button-next\" role=\"button\" tabindex=\"0\">\n\t\t\t\t\t\t<i aria-hidden=\"true\" class=\"eicon-chevron-right\"><\/i>\t\t\t\t\t<\/div>\n\t\t\t\t\n\t\t\t\t\t\t\t\t\t<div class=\"swiper-pagination\"><\/div>\n\t\t\t\t\t\t\t\t\t<\/div>\n\t\t\t\t\t\t<\/div>\n\t\t\t\t\t<\/div>\n\t\t\t\t<\/div>\n\t\t<div data-particle_enable=\"false\" data-particle-mobile-disabled=\"false\" class=\"elementor-element elementor-element-d9f2082 e-flex e-con-boxed e-con e-parent\" data-id=\"d9f2082\" data-element_type=\"container\" data-e-type=\"container\">\n\t\t\t\t\t<div class=\"e-con-inner\">\n\t\t\t\t<div class=\"elementor-element elementor-element-5695187 elementor-widget elementor-widget-heading\" data-id=\"5695187\" data-element_type=\"widget\" data-e-type=\"widget\" data-widget_type=\"heading.default\">\n\t\t\t\t\t<h3 class=\"elementor-heading-title elementor-size-default\">S\u00edmbolos de ciclo cont\u00ednuo de vida y muerte<\/h3>\t\t\t\t<\/div>\n\t\t\t\t\t<\/div>\n\t\t\t\t<\/div>\n\t\t<div data-particle_enable=\"false\" data-particle-mobile-disabled=\"false\" class=\"elementor-element elementor-element-b5d87b9 e-flex e-con-boxed e-con e-parent\" data-id=\"b5d87b9\" data-element_type=\"container\" data-e-type=\"container\">\n\t\t\t\t\t<div class=\"e-con-inner\">\n\t\t\t\t<div class=\"elementor-element elementor-element-192ede7 elementor-widget elementor-widget-text-editor\" data-id=\"192ede7\" data-element_type=\"widget\" data-e-type=\"widget\" data-widget_type=\"text-editor.default\">\n\t\t\t\t\t\t\t\t\t<p><span style=\"color: var( --e-global-color-text ); text-align: var(--text-align);\">En el tocado de la dama, de un lado hay simbolismos alusivos al ma\u00edz, que entran de un lado y salen del otro convertiros en hojas de milpa. Tambi\u00e9n podr\u00edan interpretarse como plumas de quetzal, debido a que eran un adorno recurrente destinado a grandes personajes. En todo caso, la planta de ma\u00edz, la milpa, era una visualizaci\u00f3n del quetzal.<\/span><\/p><p><span style=\"color: var( --e-global-color-text ); text-align: var(--text-align);\">En todo caso, ma\u00edz y quetzal est\u00e1n relacionados con el viento y la lluvia,\u00a0 el c\u00edclo cont\u00ednuo de nacimiento y muerte,\u00a0 reflejando la conexi\u00f3n espiritual que los mayas ten\u00edan con el entorno natural.<\/span><\/p><p><span style=\"color: var( --e-global-color-text ); text-align: var(--text-align);\"><a href=\"https:\/\/soymigrante.com\/revista\/cual-es-el-origen-del-maiz-este-alimento-es-100-guatemalteco\/\">El ma\u00edz era un cultivo fundamental y sagrado<\/a>, base de la nutrici\u00f3n de los mayas, pero tambi\u00e9n de la Guatemala de hoy.\u00a0<\/span><span style=\"color: var( --e-global-color-text ); text-align: var(--text-align);\">Por tratarse no solo de una figura humana sino de una ocarina, se deduce que era utilizada en posibles rituales de inicio de siembra o cosecha, aunque tambi\u00e9n en ceremonias funerarias.<\/span><\/p>\t\t\t\t\t\t\t\t<\/div>\n\t\t\t\t\t<\/div>\n\t\t\t\t<\/div>\n\t\t<div data-particle_enable=\"false\" data-particle-mobile-disabled=\"false\" class=\"elementor-element elementor-element-f48ec74 e-flex e-con-boxed e-con e-parent\" data-id=\"f48ec74\" data-element_type=\"container\" data-e-type=\"container\">\n\t\t\t\t\t<div class=\"e-con-inner\">\n\t\t\t\t<div class=\"elementor-element elementor-element-e8f68db elementor-invisible elementor-widget elementor-widget-image\" data-id=\"e8f68db\" data-element_type=\"widget\" data-e-type=\"widget\" data-settings=\"{&quot;_animation&quot;:&quot;fadeInLeft&quot;}\" data-widget_type=\"image.default\">\n\t\t\t\t\t\t\t\t\t\t\t\t<figure class=\"wp-caption\">\n\t\t\t\t\t\t\t\t\t\t<img decoding=\"async\" width=\"768\" height=\"648\" src=\"https:\/\/soymigrante.com\/revista\/wp-content\/uploads\/2024\/09\/Ocarina-Maya-Denver-Art-Museum-No-usar-mas-de-1-vez-3.webp\" class=\"attachment-large size-large wp-image-9852\" alt=\"Relieve cultural heritage artifact depicting indigenous or ancient symbolism with detailed carvings.\" srcset=\"https:\/\/soymigrante.com\/revista\/wp-content\/uploads\/2024\/09\/Ocarina-Maya-Denver-Art-Museum-No-usar-mas-de-1-vez-3.webp 837w, https:\/\/soymigrante.com\/revista\/wp-content\/uploads\/2024\/09\/Ocarina-Maya-Denver-Art-Museum-No-usar-mas-de-1-vez-3-300x253.webp 300w, https:\/\/soymigrante.com\/revista\/wp-content\/uploads\/2024\/09\/Ocarina-Maya-Denver-Art-Museum-No-usar-mas-de-1-vez-3-768x648.webp 768w, https:\/\/soymigrante.com\/revista\/wp-content\/uploads\/2024\/09\/Ocarina-Maya-Denver-Art-Museum-No-usar-mas-de-1-vez-3-750x633.webp 750w\" sizes=\"(max-width: 768px) 100vw, 768px\" title=\"Detalle del ni\u00f1o. Mandfatory credit: Unknown Maya artist, Alta Verapaz region, Southern Highlands, Guatemala. Ocarina in the Form of a Female Figure with Monkey and Child, 550\u2013950 CE. Denver Art Museum Collection: Gift of Exeter Drilling Company and Mr. and Mrs. Morris A. Long, 1979.3. Photography \u00a9 Denver Art Museum \u2013 SoyMigrante.com REVISTA\" \/>\t\t\t\t\t\t\t\t\t\t\t<figcaption class=\"widget-image-caption wp-caption-text\">Artefacto de patrimonio cultural con s\u00edmbolos ind\u00edgenas y detalles en relieve, representando historia y cultura ancestral en cer\u00e1mica o escultura antigua.<\/figcaption>\n\t\t\t\t\t\t\t\t\t\t<\/figure>\n\t\t\t\t\t\t\t\t\t<\/div>\n\t\t\t\t\t<\/div>\n\t\t\t\t<\/div>\n\t\t<div data-particle_enable=\"false\" data-particle-mobile-disabled=\"false\" class=\"elementor-element elementor-element-52e10a1 e-flex e-con-boxed e-con e-parent\" data-id=\"52e10a1\" data-element_type=\"container\" data-e-type=\"container\">\n\t\t\t\t\t<div class=\"e-con-inner\">\n\t\t\t\t<div class=\"elementor-element elementor-element-c17e933 elementor-widget elementor-widget-heading\" data-id=\"c17e933\" data-element_type=\"widget\" data-e-type=\"widget\" data-widget_type=\"heading.default\">\n\t\t\t\t\t<h3 class=\"elementor-heading-title elementor-size-default\">Referencias de su origen<\/h3>\t\t\t\t<\/div>\n\t\t\t\t\t<\/div>\n\t\t\t\t<\/div>\n\t\t<div data-particle_enable=\"false\" data-particle-mobile-disabled=\"false\" class=\"elementor-element elementor-element-aed3284 e-flex e-con-boxed e-con e-parent\" data-id=\"aed3284\" data-element_type=\"container\" data-e-type=\"container\">\n\t\t\t\t\t<div class=\"e-con-inner\">\n\t\t\t\t<div class=\"elementor-element elementor-element-89b89e9 elementor-widget elementor-widget-text-editor\" data-id=\"89b89e9\" data-element_type=\"widget\" data-e-type=\"widget\" data-widget_type=\"text-editor.default\">\n\t\t\t\t\t\t\t\t\t<p><span style=\"color: var( --e-global-color-text ); text-align: var(--text-align);\">La pieza fue adquirida por el Museo de Arte de Denver en 1979, despu\u00e9s de pasar por colecciones privadas en Guatemala y Estados Unidos. Actualmente, forma parte de la colecci\u00f3n Artes de las Antiguas Am\u00e9ricas y form\u00f3 parte de la exhibici\u00f3n tem\u00e1tica &#8220;Rhythm &amp; Ritual: Music of the Ancient Americas&#8221; en 2020.<\/span><\/p><p>Seg\u00fan los registros de proveniencia, fue adquirida por Robert Huber (1937-2019) en una tienda llamada La T\u00edpica, en la ciudad de Guatemala. Estuvo en la galer\u00eda Huber Arte Primitivo, en Dixon, Illinois. En 1979 fue comprada por el Denver Art Museum.<\/p><p>\u00a0<\/p>\t\t\t\t\t\t\t\t<\/div>\n\t\t\t\t\t<\/div>\n\t\t\t\t<\/div>\n\t\t<div data-particle_enable=\"false\" data-particle-mobile-disabled=\"false\" class=\"elementor-element elementor-element-f9068c7 e-flex e-con-boxed e-con e-parent\" data-id=\"f9068c7\" data-element_type=\"container\" data-e-type=\"container\">\n\t\t\t\t\t<div class=\"e-con-inner\">\n\t\t\t\t<div class=\"elementor-element elementor-element-a983b4f elementor-invisible elementor-widget elementor-widget-image\" data-id=\"a983b4f\" data-element_type=\"widget\" data-e-type=\"widget\" data-settings=\"{&quot;_animation&quot;:&quot;fadeInRight&quot;}\" data-widget_type=\"image.default\">\n\t\t\t\t\t\t\t\t\t\t\t\t<figure class=\"wp-caption\">\n\t\t\t\t\t\t\t\t\t\t<img decoding=\"async\" width=\"768\" height=\"688\" src=\"https:\/\/soymigrante.com\/revista\/wp-content\/uploads\/2024\/09\/Ocarina-Maya-Denver-Art-Museum-No-usar-mas-de-1-vez-2.webp\" class=\"attachment-large size-large wp-image-9853\" alt=\"Antigua escultura en terracota que representa un rostro con expresiones culturales mexicanas, ideal para art\u00edculos sobre historia y arte del M\u00e9xico ind\u00edgena.\" srcset=\"https:\/\/soymigrante.com\/revista\/wp-content\/uploads\/2024\/09\/Ocarina-Maya-Denver-Art-Museum-No-usar-mas-de-1-vez-2.webp 778w, https:\/\/soymigrante.com\/revista\/wp-content\/uploads\/2024\/09\/Ocarina-Maya-Denver-Art-Museum-No-usar-mas-de-1-vez-2-300x269.webp 300w, https:\/\/soymigrante.com\/revista\/wp-content\/uploads\/2024\/09\/Ocarina-Maya-Denver-Art-Museum-No-usar-mas-de-1-vez-2-768x688.webp 768w, https:\/\/soymigrante.com\/revista\/wp-content\/uploads\/2024\/09\/Ocarina-Maya-Denver-Art-Museum-No-usar-mas-de-1-vez-2-750x672.webp 750w\" sizes=\"(max-width: 768px) 100vw, 768px\" title=\"Detalle del mono. Mandfatory credit: Unknown Maya artist, Alta Verapaz region, Southern Highlands, Guatemala. Ocarina in the Form of a Female Figure with Monkey and Child, 550\u2013950 CE. Denver Art Museum Collection: Gift of Exeter Drilling Company and Mr. and Mrs. Morris A. Long, 1979.3. Photography \u00a9 Denver Art Museum \u2013 SoyMigrante.com REVISTA\" \/>\t\t\t\t\t\t\t\t\t\t\t<figcaption class=\"widget-image-caption wp-caption-text\">Revista SoyMigrante: Cultura, historia y arte mexicano, enfoque en migrantes y comunidades ind\u00edgenas.<\/figcaption>\n\t\t\t\t\t\t\t\t\t\t<\/figure>\n\t\t\t\t\t\t\t\t\t<\/div>\n\t\t\t\t\t<\/div>\n\t\t\t\t<\/div>\n\t\t<div data-particle_enable=\"false\" data-particle-mobile-disabled=\"false\" class=\"elementor-element elementor-element-315deab e-flex e-con-boxed e-con e-parent\" data-id=\"315deab\" data-element_type=\"container\" data-e-type=\"container\">\n\t\t\t\t\t<div class=\"e-con-inner\">\n\t\t\t\t<div class=\"elementor-element elementor-element-a9833e8 elementor-widget elementor-widget-text-editor\" data-id=\"a9833e8\" data-element_type=\"widget\" data-e-type=\"widget\" data-settings=\"{&quot;motion_fx_motion_fx_scrolling&quot;:&quot;yes&quot;,&quot;motion_fx_scale_effect&quot;:&quot;yes&quot;,&quot;motion_fx_scale_speed&quot;:{&quot;unit&quot;:&quot;px&quot;,&quot;size&quot;:-1,&quot;sizes&quot;:[]},&quot;motion_fx_scale_range&quot;:{&quot;unit&quot;:&quot;%&quot;,&quot;size&quot;:&quot;&quot;,&quot;sizes&quot;:{&quot;start&quot;:22,&quot;end&quot;:84}},&quot;motion_fx_scale_direction&quot;:&quot;out-in&quot;,&quot;motion_fx_devices&quot;:[&quot;desktop&quot;,&quot;tablet&quot;,&quot;mobile&quot;]}\" data-widget_type=\"text-editor.default\">\n\t\t\t\t\t\t\t\t\t<p>\u00a0<\/p><p style=\"font-style: normal; font-variant-ligatures: normal; font-variant-caps: normal; font-weight: 400; font-size: 16px; font-family: Roboto, sans-serif;\"><span style=\"font-weight: bold;\">Agradecemos al Denver Art Museum por haber otorgado el permiso de publicar la fotograf\u00eda de esta pieza resguardada en su colecci\u00f3n, para prop\u00f3sitos educativos.<\/span><\/p><p style=\"font-style: normal; font-variant-ligatures: normal; font-variant-caps: normal; font-weight: 400; font-size: 16px; font-family: Roboto, sans-serif;\"><span style=\"font-weight: bold;\">We are so thankful with Denver Art Museum for allowing to publish this image of their coleccion in SoyMigrante.com,\u00a0 for educational purposes.<\/span><\/p>\t\t\t\t\t\t\t\t<\/div>\n\t\t\t\t\t<\/div>\n\t\t\t\t<\/div>\n\t\t<div data-particle_enable=\"false\" data-particle-mobile-disabled=\"false\" class=\"elementor-element elementor-element-ebfa5b2 e-flex e-con-boxed e-con e-parent\" data-id=\"ebfa5b2\" data-element_type=\"container\" data-e-type=\"container\">\n\t\t\t\t\t<div class=\"e-con-inner\">\n\t\t\t\t<div class=\"elementor-element elementor-element-b3d071e elementor-widget elementor-widget-heading\" data-id=\"b3d071e\" data-element_type=\"widget\" data-e-type=\"widget\" data-widget_type=\"heading.default\">\n\t\t\t\t\t<h4 class=\"elementor-heading-title elementor-size-default\">\u00bfQuieres escuchar c\u00f3mo suena una ocarina?<\/h4>\t\t\t\t<\/div>\n\t\t\t\t<div class=\"elementor-element elementor-element-821617b elementor-widget elementor-widget-text-editor\" data-id=\"821617b\" data-element_type=\"widget\" data-e-type=\"widget\" data-widget_type=\"text-editor.default\">\n\t\t\t\t\t\t\t\t\t<p>No pudimos obtener ning\u00fan video o grabaci\u00f3n de la interpretaci\u00f3n de la ocarina del Museo de Denver. Sin embargo existen materiales creados por el maestro ceramista guatemalteco Carlos Chacl\u00e1n, quien ha restaurado m\u00faltiples pizas de cer\u00e1mica maya, incluyendo pitos y ocarinas.\u00a0<\/p>\t\t\t\t\t\t\t\t<\/div>\n\t\t\t\t\t<\/div>\n\t\t\t\t<\/div>\n\t\t<div data-particle_enable=\"false\" data-particle-mobile-disabled=\"false\" class=\"elementor-element elementor-element-25dd0bc e-flex e-con-boxed e-con e-parent\" data-id=\"25dd0bc\" data-element_type=\"container\" data-e-type=\"container\">\n\t\t\t\t\t<div class=\"e-con-inner\">\n\t\t\t\t<div class=\"elementor-element elementor-element-11eb422 elementor-widget elementor-widget-video\" data-id=\"11eb422\" data-element_type=\"widget\" data-e-type=\"widget\" data-settings=\"{&quot;youtube_url&quot;:&quot;https:\\\/\\\/www.youtube.com\\\/watch?v=5YNb8DkqHdA&quot;,&quot;video_type&quot;:&quot;youtube&quot;,&quot;controls&quot;:&quot;yes&quot;}\" data-widget_type=\"video.default\">\n\t\t\t\t\t\t\t<div class=\"elementor-wrapper elementor-open-inline\">\n\t\t\t<div class=\"elementor-video\"><\/div>\t\t<\/div>\n\t\t\t\t\t\t<\/div>\n\t\t\t\t\t<\/div>\n\t\t\t\t<\/div>\n\t\t<div data-particle_enable=\"false\" data-particle-mobile-disabled=\"false\" class=\"elementor-element elementor-element-71a655f e-flex e-con-boxed e-con e-parent\" data-id=\"71a655f\" data-element_type=\"container\" data-e-type=\"container\">\n\t\t\t\t\t<div class=\"e-con-inner\">\n\t\t\t\t<div class=\"elementor-element elementor-element-6002021 elementor-widget elementor-widget-heading\" data-id=\"6002021\" data-element_type=\"widget\" data-e-type=\"widget\" data-widget_type=\"heading.default\">\n\t\t\t\t\t<h2 class=\"elementor-heading-title elementor-size-default\">La riqueza prehisp\u00e1nica de Guatemala es un tesoro para el mundo<\/h2>\t\t\t\t<\/div>\n\t\t\t\t\t<\/div>\n\t\t\t\t<\/div>\n\t\t<div data-particle_enable=\"false\" data-particle-mobile-disabled=\"false\" class=\"elementor-element elementor-element-286b4a1 e-flex e-con-boxed e-con e-parent\" data-id=\"286b4a1\" data-element_type=\"container\" data-e-type=\"container\">\n\t\t\t\t\t<div class=\"e-con-inner\">\n\t\t\t\t<div class=\"elementor-element elementor-element-ab96c56 elementor-grid-eael-col-3 elementor-grid-tablet-eael-col-2 elementor-grid-mobile-eael-col-1 elementor-widget elementor-widget-eael-post-grid\" data-id=\"ab96c56\" data-element_type=\"widget\" data-e-type=\"widget\" data-settings=\"{&quot;eael_post_grid_columns&quot;:&quot;eael-col-3&quot;,&quot;eael_post_grid_columns_tablet&quot;:&quot;eael-col-2&quot;,&quot;eael_post_grid_columns_mobile&quot;:&quot;eael-col-1&quot;}\" data-widget_type=\"eael-post-grid.default\">\n\t\t\t\t\t<div id=\"eael-post-grid-ab96c56\" class=\"eael-post-grid-container\">\n            <div class=\"eael-post-grid eael-post-appender eael-post-appender-ab96c56 eael-post-grid-style-one\" data-layout-mode=\"masonry\"><article class=\"eael-grid-post  eael-post-grid-column eael-pg-post-8528 category-guate-nuestra\" data-id=\"8528\">\n        <div class=\"eael-grid-post-holder\">\n            <div class=\"eael-grid-post-holder-inner\"><div class=\"eael-entry-media\"><div class=\"eael-entry-overlay fade-in\"><i class=\"far fa-hand-pointer\" aria-hidden=\"true\"><\/i><a href=\"https:\/\/soymigrante.com\/revista\/7-curiosidades-del-sitio-arqueologico-maya-quirigua-que-quiza-ya-sabias-o-tal-vez-no\/\"><\/a><\/div><div class=\"eael-entry-thumbnail \">\n                <img loading=\"lazy\" decoding=\"async\" width=\"612\" height=\"612\" src=\"https:\/\/soymigrante.com\/revista\/wp-content\/uploads\/2024\/08\/quirigua-2.webp\" class=\"attachment-large size-large wp-image-8889\" alt=\"Arte maya en piedra, escultura monumental ancestral, relieves arqueol\u00f3gicos de la cultura precolombina en M\u00e9xico.\" srcset=\"https:\/\/soymigrante.com\/revista\/wp-content\/uploads\/2024\/08\/quirigua-2.webp 612w, https:\/\/soymigrante.com\/revista\/wp-content\/uploads\/2024\/08\/quirigua-2-300x300.webp 300w, https:\/\/soymigrante.com\/revista\/wp-content\/uploads\/2024\/08\/quirigua-2-150x150.webp 150w, https:\/\/soymigrante.com\/revista\/wp-content\/uploads\/2024\/08\/quirigua-2-75x75.webp 75w\" sizes=\"(max-width: 612px) 100vw, 612px\" \/>\n            <\/div>\n        <\/div><div class=\"eael-entry-wrapper\"><header class=\"eael-entry-header\"><h2 class=\"eael-entry-title\"><a class=\"eael-grid-post-link\" href=\"https:\/\/soymigrante.com\/revista\/7-curiosidades-del-sitio-arqueologico-maya-quirigua-que-quiza-ya-sabias-o-tal-vez-no\/\" title=\"El majestuoso sitio arqueol\u00f3gico maya de Quirigu\u00e1: 7 detalles que tal vez ya conoc\u00edas (o quiz\u00e1 no)\">El majestuoso sitio arqueol\u00f3gico maya de Quirigu\u00e1: 7 detalles que tal vez ya conoc\u00edas (o quiz\u00e1 no)<\/a><\/h2><\/header><div class=\"eael-entry-content\">\n                        <div class=\"eael-grid-post-excerpt\"><a href=\"https:\/\/soymigrante.com\/revista\/7-curiosidades-del-sitio-arqueologico-maya-quirigua-que-quiza-ya-sabias-o-tal-vez-no\/\" class=\"eael-post-elements-readmore-btn\">CONOCE SU HISTORIA <\/a><\/div>\n                    <\/div><\/div><\/div>\n        <\/div>\n    <\/article><article class=\"eael-grid-post  eael-post-grid-column eael-pg-post-7275 category-guate-nuestra tags-capitales-de-guatemala\" data-id=\"7275\">\n        <div class=\"eael-grid-post-holder\">\n            <div class=\"eael-grid-post-holder-inner\"><div class=\"eael-entry-media\"><div class=\"eael-entry-overlay fade-in\"><i class=\"far fa-hand-pointer\" aria-hidden=\"true\"><\/i><a href=\"https:\/\/soymigrante.com\/revista\/en-iximche-se-fundo-la-primera-capital-de-guatemala-hace-500-anos\/\"><\/a><\/div><div class=\"eael-entry-thumbnail \">\n                <img loading=\"lazy\" decoding=\"async\" width=\"782\" height=\"782\" src=\"https:\/\/soymigrante.com\/revista\/wp-content\/uploads\/2024\/07\/Captura-de-pantalla-2024-07-02-144947.webp\" class=\"attachment-large size-large wp-image-7277\" alt=\"Ruinas arqueol\u00f3gicas en medio de un bosque, vista a\u00e9rea, exploraci\u00f3n hist\u00f3rica y cultura ancestral, vestigios de una antigua civilizaci\u00f3n en un entorno natural.\" srcset=\"https:\/\/soymigrante.com\/revista\/wp-content\/uploads\/2024\/07\/Captura-de-pantalla-2024-07-02-144947.webp 782w, https:\/\/soymigrante.com\/revista\/wp-content\/uploads\/2024\/07\/Captura-de-pantalla-2024-07-02-144947-300x300.webp 300w, https:\/\/soymigrante.com\/revista\/wp-content\/uploads\/2024\/07\/Captura-de-pantalla-2024-07-02-144947-150x150.webp 150w, https:\/\/soymigrante.com\/revista\/wp-content\/uploads\/2024\/07\/Captura-de-pantalla-2024-07-02-144947-768x768.webp 768w, https:\/\/soymigrante.com\/revista\/wp-content\/uploads\/2024\/07\/Captura-de-pantalla-2024-07-02-144947-75x75.webp 75w, https:\/\/soymigrante.com\/revista\/wp-content\/uploads\/2024\/07\/Captura-de-pantalla-2024-07-02-144947-750x750.webp 750w\" sizes=\"(max-width: 782px) 100vw, 782px\" \/>\n            <\/div>\n        <\/div><div class=\"eael-entry-wrapper\"><header class=\"eael-entry-header\"><h2 class=\"eael-entry-title\"><a class=\"eael-grid-post-link\" href=\"https:\/\/soymigrante.com\/revista\/en-iximche-se-fundo-la-primera-capital-de-guatemala-hace-500-anos\/\" title=\"En Iximche se fund\u00f3 la primera capital de Guatemala en 1524\">En Iximche se fund\u00f3 la primera capital de Guatemala en 1524<\/a><\/h2><\/header><div class=\"eael-entry-content\">\n                        <div class=\"eael-grid-post-excerpt\"><a href=\"https:\/\/soymigrante.com\/revista\/en-iximche-se-fundo-la-primera-capital-de-guatemala-hace-500-anos\/\" class=\"eael-post-elements-readmore-btn\">CONOCE SU HISTORIA <\/a><\/div>\n                    <\/div><\/div><\/div>\n        <\/div>\n    <\/article><article class=\"eael-grid-post  eael-post-grid-column eael-pg-post-6808 category-guate-nuestra\" data-id=\"6808\">\n        <div class=\"eael-grid-post-holder\">\n            <div class=\"eael-grid-post-holder-inner\"><div class=\"eael-entry-media\"><div class=\"eael-entry-overlay fade-in\"><i class=\"far fa-hand-pointer\" aria-hidden=\"true\"><\/i><a href=\"https:\/\/soymigrante.com\/revista\/la-danta-de-el-mirador-la-mayor-piramide-del-mundo-7-datos\/\"><\/a><\/div><div class=\"eael-entry-thumbnail \">\n                <img loading=\"lazy\" decoding=\"async\" width=\"466\" height=\"466\" src=\"https:\/\/soymigrante.com\/revista\/wp-content\/uploads\/2024\/06\/la-danta.webp\" class=\"attachment-large size-large wp-image-6810\" alt=\"Formaci\u00f3n geol\u00f3gica con formaciones destacadas en un paisaje \u00e1rido, resaltando la belleza natural y la importancia del medio ambiente en el contexto de la migraci\u00f3n y la cultura.\" srcset=\"https:\/\/soymigrante.com\/revista\/wp-content\/uploads\/2024\/06\/la-danta.webp 466w, https:\/\/soymigrante.com\/revista\/wp-content\/uploads\/2024\/06\/la-danta-300x300.webp 300w, https:\/\/soymigrante.com\/revista\/wp-content\/uploads\/2024\/06\/la-danta-150x150.webp 150w, https:\/\/soymigrante.com\/revista\/wp-content\/uploads\/2024\/06\/la-danta-75x75.webp 75w\" sizes=\"(max-width: 466px) 100vw, 466px\" \/>\n            <\/div>\n        <\/div><div class=\"eael-entry-wrapper\"><header class=\"eael-entry-header\"><h2 class=\"eael-entry-title\"><a class=\"eael-grid-post-link\" href=\"https:\/\/soymigrante.com\/revista\/la-danta-de-el-mirador-la-mayor-piramide-del-mundo-7-datos\/\" title=\"La Danta de El Mirador, la mayor pir\u00e1mide del mundo: 7 datos\">La Danta de El Mirador, la mayor pir\u00e1mide del mundo: 7 datos<\/a><\/h2><\/header><div class=\"eael-entry-content\">\n                        <div class=\"eael-grid-post-excerpt\"><a href=\"https:\/\/soymigrante.com\/revista\/la-danta-de-el-mirador-la-mayor-piramide-del-mundo-7-datos\/\" class=\"eael-post-elements-readmore-btn\">CONOCE SU HISTORIA <\/a><\/div>\n                    <\/div><\/div><\/div>\n        <\/div>\n    <\/article><\/div>\n            <div class=\"clearfix\"><\/div>\n        <\/div>\t\t\t\t<\/div>\n\t\t\t\t\t<\/div>\n\t\t\t\t<\/div>\n\t\t\t\t<\/div>\n\t\t","protected":false},"excerpt":{"rendered":"<p>Fascinante efigie de una madre maya, con su hijo en un brazo y un mono en el otro. Proveniente de las tierras altas de Alta Verapaz. Se presume era un objeto ceremonial debido a que tambi\u00e9n es una ocarina. Esta ocarina, creada por un artista maya desconocido en la regi\u00f3n de Alta Verapaz, Guatemala, entre [&hellip;]<\/p>\n","protected":false},"author":7,"featured_media":9846,"comment_status":"open","ping_status":"open","sticky":false,"template":"","format":"standard","meta":{"_acf_changed":false,"_eb_attr":"","footnotes":""},"categories":[58],"tags":[134],"class_list":["post-9845","post","type-post","status-publish","format-standard","has-post-thumbnail","hentry","category-guate-nuestra","tag-joyas-mayas-migrantes"],"acf":[],"aioseo_notices":[],"aioseo_head":"\n\t\t<!-- All in One SEO Pro 4.9.6.2 - aioseo.com -->\n\t<meta name=\"description\" content=\"La gigantesca pir\u00e1mide La Danta y la antigua ciudad maya de El Mirador en Pet\u00e9n, Guatemala, son s\u00edmbolos de la magnificencia prehisp\u00e1nica: un tesoro cultural, arqueol\u00f3gico y natural que debe ser protegido y conservado. El sitio El Mirador, en el norte de Pet\u00e9n, Guatemala, se encuentra dentro de una cuenca considerada como la Cuna de Es un s\u00edmbolo de la magnificencia maya preshisp\u00e1nica. La Danta es considerada la pir\u00e1mite m\u00e1s grande del mundo, pero en El Mirador hay mucho m\u00e1s. Conoce m\u00e1s.\" \/>\n\t<meta name=\"robots\" content=\"max-snippet:-1, max-image-preview:large, max-video-preview:-1\" \/>\n\t<meta name=\"author\" content=\"Gustavo Montenegro\"\/>\n\t<link rel=\"canonical\" href=\"https:\/\/soymigrante.com\/revista\/joyas-mayas-migrantes-ocarina-del-siglo-8-de-alta-verapaz-en-el-museo-de-arte-de-denver\/\" \/>\n\t<meta name=\"generator\" content=\"All in One SEO Pro (AIOSEO) 4.9.6.2\" \/>\n\n\t\t<link rel=\"preconnect\" href=\"https:\/\/fonts.googleapis.com\" crossorigin>\n<link rel=\"preconnect\" href=\"https:\/\/fonts.gstatic.com\" crossorigin>\n\t\t<meta property=\"og:locale\" content=\"es_ES\" \/>\n\t\t<meta property=\"og:site_name\" content=\"SoyMigrante.com REVISTA \u2013 Nuestra misi\u00f3n es reconocer y dignificar al migrante.\" \/>\n\t\t<meta property=\"og:type\" content=\"article\" \/>\n\t\t<meta property=\"og:title\" content=\"Joyas mayas migrantes: Ocarina del siglo 8 en Museo de Denver\" \/>\n\t\t<meta property=\"og:description\" content=\"Escultura prehisp\u00e1nica de barro de una mujer, un ni\u00f1o y un mono es tambi\u00e9n instrumento de viento. Hallada en La T\u00edpica, Pet\u00e9n, Guatemala. Ahora est\u00e1 en Colorado.\" \/>\n\t\t<meta property=\"og:url\" content=\"https:\/\/soymigrante.com\/revista\/joyas-mayas-migrantes-ocarina-del-siglo-8-de-alta-verapaz-en-el-museo-de-arte-de-denver\/\" \/>\n\t\t<meta property=\"og:image\" content=\"https:\/\/soymigrante.com\/revista\/wp-content\/uploads\/2024\/09\/Ocarina-Maya-Denver-Art-Museum-No-usar-mas-de-1-vez-4.webp\" \/>\n\t\t<meta property=\"og:image:secure_url\" content=\"https:\/\/soymigrante.com\/revista\/wp-content\/uploads\/2024\/09\/Ocarina-Maya-Denver-Art-Museum-No-usar-mas-de-1-vez-4.webp\" \/>\n\t\t<meta property=\"og:image:width\" content=\"714\" \/>\n\t\t<meta property=\"og:image:height\" content=\"714\" \/>\n\t\t<meta property=\"article:published_time\" content=\"2024-09-30T16:58:54+00:00\" \/>\n\t\t<meta property=\"article:modified_time\" content=\"2025-05-19T09:03:00+00:00\" \/>\n\t\t<meta property=\"article:publisher\" content=\"https:\/\/www.facebook.com\/soymigrantecom\" \/>\n\t\t<meta name=\"twitter:card\" content=\"summary_large_image\" \/>\n\t\t<meta name=\"twitter:site\" content=\"@SoyMigrante_com\" \/>\n\t\t<meta name=\"twitter:title\" content=\"Joyas mayas migrantes: Ocarina del siglo 8 en Museo de Denver\" \/>\n\t\t<meta name=\"twitter:description\" content=\"Escultura prehisp\u00e1nica de barro de una mujer, un ni\u00f1o y un mono es tambi\u00e9n instrumento de viento. Hallada en La T\u00edpica, Pet\u00e9n, Guatemala. Ahora est\u00e1 en Colorado.\" \/>\n\t\t<meta name=\"twitter:creator\" content=\"@SoyMigrante_com\" \/>\n\t\t<meta name=\"twitter:image\" content=\"https:\/\/soymigrante.com\/revista\/wp-content\/uploads\/2024\/09\/Ocarina-Maya-Denver-Art-Museum-No-usar-mas-de-1-vez-4.webp\" \/>\n\t\t<!-- All in One SEO Pro -->\r\n\t\t<title>Joyas mayas migrantes: Ocarina del siglo 8 en Museo de Denver<\/title>\n\n","aioseo_head_json":{"title":"Joyas mayas migrantes: Ocarina del siglo 8 en Museo de Denver","description":"Escultura prehisp\u00e1nica de barro de una mujer, un ni\u00f1o y un mono es tambi\u00e9n instrumento de viento. Hallada en La T\u00edpica, Pet\u00e9n, Guatemala. Ahora est\u00e1 en Colorado.","canonical_url":"https:\/\/soymigrante.com\/revista\/joyas-mayas-migrantes-ocarina-del-siglo-8-de-alta-verapaz-en-el-museo-de-arte-de-denver\/","robots":"max-snippet:-1, max-image-preview:large, max-video-preview:-1","keywords":"","webmasterTools":{"miscellaneous":"&lt;link rel=\"preconnect\" href=\"https:\/\/fonts.googleapis.com\" crossorigin&gt;\n&lt;link rel=\"preconnect\" href=\"https:\/\/fonts.gstatic.com\" crossorigin&gt;"},"schema":null,"og:locale":"es_ES","og:site_name":"SoyMigrante.com REVISTA \u2013 Nuestra misi\u00f3n es reconocer y dignificar al migrante.","og:type":"article","og:title":"Joyas mayas migrantes: Ocarina del siglo 8 en Museo de Denver","og:description":"Escultura prehisp\u00e1nica de barro de una mujer, un ni\u00f1o y un mono es tambi\u00e9n instrumento de viento. Hallada en La T\u00edpica, Pet\u00e9n, Guatemala. Ahora est\u00e1 en Colorado.","og:url":"https:\/\/soymigrante.com\/revista\/joyas-mayas-migrantes-ocarina-del-siglo-8-de-alta-verapaz-en-el-museo-de-arte-de-denver\/","og:image":"https:\/\/soymigrante.com\/revista\/wp-content\/uploads\/2024\/09\/Ocarina-Maya-Denver-Art-Museum-No-usar-mas-de-1-vez-4.webp","og:image:secure_url":"https:\/\/soymigrante.com\/revista\/wp-content\/uploads\/2024\/09\/Ocarina-Maya-Denver-Art-Museum-No-usar-mas-de-1-vez-4.webp","og:image:width":714,"og:image:height":714,"article:published_time":"2024-09-30T16:58:54+00:00","article:modified_time":"2025-05-19T09:03:00+00:00","article:publisher":"https:\/\/www.facebook.com\/soymigrantecom","twitter:card":"summary_large_image","twitter:site":"@SoyMigrante_com","twitter:title":"Joyas mayas migrantes: Ocarina del siglo 8 en Museo de Denver","twitter:description":"Escultura prehisp\u00e1nica de barro de una mujer, un ni\u00f1o y un mono es tambi\u00e9n instrumento de viento. Hallada en La T\u00edpica, Pet\u00e9n, Guatemala. Ahora est\u00e1 en Colorado.","twitter:creator":"@SoyMigrante_com","twitter:image":"https:\/\/soymigrante.com\/revista\/wp-content\/uploads\/2024\/09\/Ocarina-Maya-Denver-Art-Museum-No-usar-mas-de-1-vez-4.webp"},"aioseo_meta_data":{"post_id":"9845","title":"Joyas mayas migrantes: Ocarina del siglo 8 en Museo de Denver","description":"Escultura prehisp\u00e1nica de barro de una mujer, un ni\u00f1o y un mono es tambi\u00e9n instrumento de viento. Hallada en La T\u00edpica, Pet\u00e9n, Guatemala. Ahora est\u00e1 en Colorado.","keywords":null,"keyphrases":{"focus":{"keyphrase":"Joyas mayas","score":51,"analysis":{"keyphraseInTitle":{"score":9,"maxScore":9,"error":0},"keyphraseInDescription":{"score":3,"maxScore":9,"error":1},"keyphraseLength":{"score":9,"maxScore":9,"error":0,"length":2},"keyphraseInURL":{"score":5,"maxScore":5,"error":0},"keyphraseInIntroduction":{"score":3,"maxScore":9,"error":1},"keyphraseInSubHeadings":{"score":3,"maxScore":9,"error":1},"keyphraseInImageAlt":{"score":3,"maxScore":9,"error":1},"keywordDensity":{"score":0,"type":"low","maxScore":9,"error":1}}},"additional":[{"keyphrase":"Guatemala","score":100,"analysis":{"keyphraseInDescription":{"score":9,"maxScore":9,"error":0},"keyphraseLength":{"score":9,"maxScore":9,"error":0,"length":1},"keyphraseInIntroduction":{"score":9,"maxScore":9,"error":0},"keyphraseInImageAlt":{"score":9,"maxScore":9,"error":0},"keywordDensity":{"type":"best","score":9,"maxScore":9,"error":0}}}]},"primary_term":null,"canonical_url":null,"og_title":null,"og_description":null,"og_object_type":"default","og_image_type":"default","og_image_url":null,"og_image_width":null,"og_image_height":null,"og_image_custom_url":null,"og_image_custom_fields":null,"og_video":"","og_custom_url":null,"og_article_section":null,"og_article_tags":null,"twitter_use_og":false,"twitter_card":"default","twitter_image_type":"default","twitter_image_url":null,"twitter_image_custom_url":null,"twitter_image_custom_fields":null,"twitter_title":null,"twitter_description":null,"schema":{"blockGraphs":[],"customGraphs":[],"default":{"data":{"Article":[],"Course":[],"Dataset":[],"FAQPage":[],"Movie":[],"Person":[],"Product":[],"ProductReview":[],"Car":[],"Recipe":[],"Service":[],"SoftwareApplication":[],"WebPage":[]},"graphName":"Article","isEnabled":true},"graphs":[]},"schema_type":"default","schema_type_options":null,"pillar_content":false,"robots_default":true,"robots_noindex":false,"robots_noarchive":false,"robots_nosnippet":false,"robots_nofollow":false,"robots_noimageindex":false,"robots_noodp":false,"robots_notranslate":false,"robots_max_snippet":"-1","robots_max_videopreview":"-1","robots_max_imagepreview":"large","priority":null,"frequency":"default","local_seo":null,"seo_analyzer_scan_date":"2025-10-08 23:25:18","breadcrumb_settings":null,"limit_modified_date":false,"reviewed_by":null,"open_ai":"{\"title\":{\"suggestions\":[],\"usage\":0},\"description\":{\"suggestions\":[],\"usage\":0}}","ai":null,"created":"2024-09-30 15:23:29","updated":"2026-02-04 14:01:19"},"aioseo_breadcrumb":"<div class=\"aioseo-breadcrumbs\"><span class=\"aioseo-breadcrumb\">\n\t<a href=\"https:\/\/soymigrante.com\/revista\" title=\"Home\">Home<\/a>\n<\/span><span class=\"aioseo-breadcrumb-separator\">\u00bb<\/span><span class=\"aioseo-breadcrumb\">\n\t<a href=\"https:\/\/soymigrante.com\/revista\/category\/guate-nuestra\/\" title=\"Guate Nuestra\">Guate Nuestra<\/a>\n<\/span><span class=\"aioseo-breadcrumb-separator\">\u00bb<\/span><span class=\"aioseo-breadcrumb\">\n\tJoyas mayas migrantes: Ocarina del siglo 8, de Alta Verapaz, en el Museo de Arte de Denver\n<\/span><\/div>","aioseo_breadcrumb_json":[{"label":"Home","link":"https:\/\/soymigrante.com\/revista"},{"label":"Guate Nuestra","link":"https:\/\/soymigrante.com\/revista\/category\/guate-nuestra\/"},{"label":"Joyas mayas migrantes: Ocarina del siglo 8, de Alta Verapaz, en el Museo de Arte de Denver","link":"https:\/\/soymigrante.com\/revista\/joyas-mayas-migrantes-ocarina-del-siglo-8-de-alta-verapaz-en-el-museo-de-arte-de-denver\/"}],"_links":{"self":[{"href":"https:\/\/soymigrante.com\/revista\/wp-json\/wp\/v2\/posts\/9845","targetHints":{"allow":["GET"]}}],"collection":[{"href":"https:\/\/soymigrante.com\/revista\/wp-json\/wp\/v2\/posts"}],"about":[{"href":"https:\/\/soymigrante.com\/revista\/wp-json\/wp\/v2\/types\/post"}],"author":[{"embeddable":true,"href":"https:\/\/soymigrante.com\/revista\/wp-json\/wp\/v2\/users\/7"}],"replies":[{"embeddable":true,"href":"https:\/\/soymigrante.com\/revista\/wp-json\/wp\/v2\/comments?post=9845"}],"version-history":[{"count":3,"href":"https:\/\/soymigrante.com\/revista\/wp-json\/wp\/v2\/posts\/9845\/revisions"}],"predecessor-version":[{"id":33875,"href":"https:\/\/soymigrante.com\/revista\/wp-json\/wp\/v2\/posts\/9845\/revisions\/33875"}],"wp:featuredmedia":[{"embeddable":true,"href":"https:\/\/soymigrante.com\/revista\/wp-json\/wp\/v2\/media\/9846"}],"wp:attachment":[{"href":"https:\/\/soymigrante.com\/revista\/wp-json\/wp\/v2\/media?parent=9845"}],"wp:term":[{"taxonomy":"category","embeddable":true,"href":"https:\/\/soymigrante.com\/revista\/wp-json\/wp\/v2\/categories?post=9845"},{"taxonomy":"post_tag","embeddable":true,"href":"https:\/\/soymigrante.com\/revista\/wp-json\/wp\/v2\/tags?post=9845"}],"curies":[{"name":"wp","href":"https:\/\/api.w.org\/{rel}","templated":true}]}}