{"id":9834,"date":"2024-09-28T15:08:08","date_gmt":"2024-09-28T21:08:08","guid":{"rendered":"https:\/\/soymigrante.com\/revista\/?p=9834"},"modified":"2024-09-30T00:28:57","modified_gmt":"2024-09-30T06:28:57","slug":"jared-solis-hijo-de-migrantes-guatemaltecos-en-misuri-es-convocado-a-seleccion-sub-17","status":"publish","type":"post","link":"https:\/\/soymigrante.com\/revista\/jared-solis-hijo-de-migrantes-guatemaltecos-en-misuri-es-convocado-a-seleccion-sub-17\/","title":{"rendered":"Jared Sol\u00eds, hijo de migrantes guatemaltecos en Misuri, es convocado a Selecci\u00f3n Sub-17"},"content":{"rendered":"\t\t<div data-elementor-type=\"wp-post\" data-elementor-id=\"9834\" class=\"elementor elementor-9834\" data-elementor-post-type=\"post\">\n\t\t\t\t<div data-particle_enable=\"false\" data-particle-mobile-disabled=\"false\" class=\"elementor-element elementor-element-f8045e3 e-flex e-con-boxed e-con e-parent\" data-id=\"f8045e3\" data-element_type=\"container\" data-e-type=\"container\">\n\t\t\t\t\t<div class=\"e-con-inner\">\n\t\t\t\t<div class=\"elementor-element elementor-element-e2a7dcc elementor-widget elementor-widget-heading\" data-id=\"e2a7dcc\" data-element_type=\"widget\" data-e-type=\"widget\" data-widget_type=\"heading.default\">\n\t\t\t\t\t<h2 class=\"elementor-heading-title elementor-size-default\">\"Mis padres me ense\u00f1aron a amar a Dios y a Guatemala. Por eso para m\u00ed es un sue\u00f1o hecho realidad ser convocado a la Selecci\u00f3n\", dice Jared Sol\u00eds, poco antes de abordar el vuelo desde Misuri a la concentracion de la Sub-17 en ciudad de Guatemala\".<\/h2>\t\t\t\t<\/div>\n\t\t\t\t\t<\/div>\n\t\t\t\t<\/div>\n\t\t<div data-particle_enable=\"false\" data-particle-mobile-disabled=\"false\" class=\"elementor-element elementor-element-e9ffe39 e-flex e-con-boxed e-con e-parent\" data-id=\"e9ffe39\" data-element_type=\"container\" data-e-type=\"container\">\n\t\t\t\t\t<div class=\"e-con-inner\">\n\t\t\t\t<div class=\"elementor-element elementor-element-eb6c438 elementor-widget elementor-widget-text-editor\" data-id=\"eb6c438\" data-element_type=\"widget\" data-e-type=\"widget\" data-widget_type=\"text-editor.default\">\n\t\t\t\t\t\t\t\t\t<p>Apenas en junio, SoyMigrante.com compart\u00eda el gran sue\u00f1o de Alex Sol\u00eds, migrante guatemalteco radicado en Carthage, Missouri, en donde trabaja con maquinaria de un aserradero: que sus dos hijos, Jared (15) y Hamilton (13), pudieran un d\u00eda formar parte de la\u00a0 Selecci\u00f3n Nacional de Futbol.<\/p><p>El talento de ambos brilla al punto que recibieron becas de la prestigiosa escuela futbol\u00edstica Rush. Pero en la \u00faltima semana de septiembre, una parte del gran sue\u00f1o se cumple: Jared fue convocado por la Federaci\u00f3n Nacional de Futbol de Guatemala para integrarse a la Selecci\u00f3n Sub-17. Viaja este domingo rumbo a la Tierra del Quetzal. &#8220;Me siento muy feliz de representar a la azul y blanco&#8221;, dice Jared en la entrevista desde Missouri, poco despu\u00e9s de un entrenamiento.\u00a0<\/p>\t\t\t\t\t\t\t\t<\/div>\n\t\t\t\t\t<\/div>\n\t\t\t\t<\/div>\n\t\t<div data-particle_enable=\"false\" data-particle-mobile-disabled=\"false\" class=\"elementor-element elementor-element-5ce738b e-flex e-con-boxed e-con e-parent\" data-id=\"5ce738b\" data-element_type=\"container\" data-e-type=\"container\">\n\t\t\t\t\t<div class=\"e-con-inner\">\n\t\t\t\t<div class=\"elementor-element elementor-element-c4bbf2e elementor-widget elementor-widget-image\" data-id=\"c4bbf2e\" data-element_type=\"widget\" data-e-type=\"widget\" data-widget_type=\"image.default\">\n\t\t\t\t\t\t\t\t\t\t\t\t<figure class=\"wp-caption\">\n\t\t\t\t\t\t\t\t\t\t<img fetchpriority=\"high\" decoding=\"async\" width=\"768\" height=\"509\" src=\"https:\/\/soymigrante.com\/revista\/wp-content\/uploads\/2024\/09\/Seleccion-Sub17-Migrante-Guatemalteco-1.webp\" class=\"attachment-large size-large wp-image-9837\" alt=\"Ni\u00f1os jugando f\u00fatbol en un campo de c\u00e9sped con conos y porter\u00edas, practicando habilidades deportivas en un entrenamiento al aire libre.\" srcset=\"https:\/\/soymigrante.com\/revista\/wp-content\/uploads\/2024\/09\/Seleccion-Sub17-Migrante-Guatemalteco-1.webp 960w, https:\/\/soymigrante.com\/revista\/wp-content\/uploads\/2024\/09\/Seleccion-Sub17-Migrante-Guatemalteco-1-300x199.webp 300w, https:\/\/soymigrante.com\/revista\/wp-content\/uploads\/2024\/09\/Seleccion-Sub17-Migrante-Guatemalteco-1-768x509.webp 768w, https:\/\/soymigrante.com\/revista\/wp-content\/uploads\/2024\/09\/Seleccion-Sub17-Migrante-Guatemalteco-1-750x497.webp 750w\" sizes=\"(max-width: 768px) 100vw, 768px\" title=\"En la escuela Rush, Jared ha tenido la oportunidad de desarrollar habilidades de alto rendimiento que ahora espera poder aportar en la Sub17 \u2013 SoyMigrante.com REVISTA\" \/>\t\t\t\t\t\t\t\t\t\t\t<figcaption class=\"widget-image-caption wp-caption-text\">J\u00f3venes deportistas en entrenamiento de f\u00fatbol, perfeccionando habilidades en un campo exterior con conos y porter\u00edas, en un entorno natural.<\/figcaption>\n\t\t\t\t\t\t\t\t\t\t<\/figure>\n\t\t\t\t\t\t\t\t\t<\/div>\n\t\t\t\t\t<\/div>\n\t\t\t\t<\/div>\n\t\t<div data-particle_enable=\"false\" data-particle-mobile-disabled=\"false\" class=\"elementor-element elementor-element-10d84e1 e-flex e-con-boxed e-con e-parent\" data-id=\"10d84e1\" data-element_type=\"container\" data-e-type=\"container\">\n\t\t\t\t\t<div class=\"e-con-inner\">\n\t\t\t\t<div class=\"elementor-element elementor-element-6b4e6db elementor-widget elementor-widget-heading\" data-id=\"6b4e6db\" data-element_type=\"widget\" data-e-type=\"widget\" data-widget_type=\"heading.default\">\n\t\t\t\t\t<h4 class=\"elementor-heading-title elementor-size-default\">\u00bfComo nace el deseo de representar a Guatemala en la selecci\u00f3n Sub17?<\/h4>\t\t\t\t<\/div>\n\t\t\t\t\t<\/div>\n\t\t\t\t<\/div>\n\t\t<div data-particle_enable=\"false\" data-particle-mobile-disabled=\"false\" class=\"elementor-element elementor-element-371555a e-flex e-con-boxed e-con e-parent\" data-id=\"371555a\" data-element_type=\"container\" data-e-type=\"container\">\n\t\t\t\t\t<div class=\"e-con-inner\">\n\t\t\t\t<div class=\"elementor-element elementor-element-35b4cb1 elementor-widget elementor-widget-text-editor\" data-id=\"35b4cb1\" data-element_type=\"widget\" data-e-type=\"widget\" data-widget_type=\"text-editor.default\">\n\t\t\t\t\t\t\t\t\t<p>Desde muy peque\u00f1o, quiz\u00e1 como de cinco a\u00f1os, so\u00f1aba con lucir la azul y blanco y representar a Guatemala. Es la patria de mis padres y por eso tambi\u00e9n es m\u00eda. Ya cuando entr\u00e9 a la primera academia Midwest, continu\u00e9 con esa meta y ahora que estoy en Rush, se logra. Es una gran alegr\u00eda.<\/p><h4>\u00bfC\u00f3mo te sientes tras ser convocado?<\/h4><p><span style=\"color: var( --e-global-color-text ); text-align: var(--text-align);\">Bien feliz, yo estoy bien feliz porque voy a representar a mi pa\u00eds, el lugar donde naci\u00f3 mi padre y mi madro. Bien contento ando, porque era un deseo que yo quer\u00eda lograr. Guatemala est\u00e1 en mi coraz\u00f3n porque mis padres tuvieron que salir de all\u00e1 pero nunca se olvidan.<\/span><\/p><p>\u00a0<\/p>\t\t\t\t\t\t\t\t<\/div>\n\t\t\t\t\t<\/div>\n\t\t\t\t<\/div>\n\t\t<div data-particle_enable=\"false\" data-particle-mobile-disabled=\"false\" class=\"elementor-element elementor-element-5ee0117 e-flex e-con-boxed e-con e-parent\" data-id=\"5ee0117\" data-element_type=\"container\" data-e-type=\"container\">\n\t\t\t\t\t<div class=\"e-con-inner\">\n\t\t\t\t<div class=\"elementor-element elementor-element-5c8df6b elementor-widget elementor-widget-image\" data-id=\"5c8df6b\" data-element_type=\"widget\" data-e-type=\"widget\" data-widget_type=\"image.default\">\n\t\t\t\t\t\t\t\t\t\t\t\t\t\t\t<img decoding=\"async\" width=\"768\" height=\"509\" src=\"https:\/\/soymigrante.com\/revista\/wp-content\/uploads\/2024\/09\/Seleccion-Sub17-Migrante-Guatemalteco-1-1.webp\" class=\"attachment-large size-large wp-image-9838\" alt=\"Jugadores j\u00f3venes entrenando f\u00fatbol en campo al aire libre, pr\u00e1ctica deportiva infantil con bal\u00f3n.\" srcset=\"https:\/\/soymigrante.com\/revista\/wp-content\/uploads\/2024\/09\/Seleccion-Sub17-Migrante-Guatemalteco-1-1.webp 960w, https:\/\/soymigrante.com\/revista\/wp-content\/uploads\/2024\/09\/Seleccion-Sub17-Migrante-Guatemalteco-1-1-300x199.webp 300w, https:\/\/soymigrante.com\/revista\/wp-content\/uploads\/2024\/09\/Seleccion-Sub17-Migrante-Guatemalteco-1-1-768x509.webp 768w, https:\/\/soymigrante.com\/revista\/wp-content\/uploads\/2024\/09\/Seleccion-Sub17-Migrante-Guatemalteco-1-1-750x497.webp 750w\" sizes=\"(max-width: 768px) 100vw, 768px\" title=\"En julio 2024, Jared Sol\u00eds particip\u00f3 en un campamento en Espa\u00f1a, en donde tuvo oportunidad de practicar con las ligas menores de equipos como el Atl\u00e9tico de Madrid y el Real Madrid.l \u2013 SoyMigrante.com REVISTA\" \/>\t\t\t\t\t\t\t\t\t\t\t\t\t\t\t<\/div>\n\t\t\t\t\t<\/div>\n\t\t\t\t<\/div>\n\t\t<div data-particle_enable=\"false\" data-particle-mobile-disabled=\"false\" class=\"elementor-element elementor-element-41974f5 e-flex e-con-boxed e-con e-parent\" data-id=\"41974f5\" data-element_type=\"container\" data-e-type=\"container\">\n\t\t\t\t\t<div class=\"e-con-inner\">\n\t\t\t\t<div class=\"elementor-element elementor-element-0ae0d39 elementor-widget elementor-widget-text-editor\" data-id=\"0ae0d39\" data-element_type=\"widget\" data-e-type=\"widget\" data-widget_type=\"text-editor.default\">\n\t\t\t\t\t\t\t\t\t<h4><span style=\"color: var( --e-global-color-text ); text-align: var(--text-align);\">En la academia Rush fuiste becado \u00bfc\u00f3mo es la exigencia all\u00ed?<\/span><\/h4><p>Tiene un nivel alto en el que aprend\u00ed bastante. He aprendido mucho y me ha dado formaci\u00f3n de futbolista, con una visi\u00f3n clara de metas. Sobre todo la disciplina.<\/p><p><span style=\"color: #000000; font-family: Mulish, sans-serif; font-size: 1.25em; font-weight: bold; text-align: var(--text-align);\">\u00bfC\u00f3mo es la exigencia de disciplina?<\/span><\/p><p><span style=\"color: var( --e-global-color-text ); text-align: var(--text-align);\">Es esa forma de practicar y practicar, todos los d\u00edas, sin cansarse. Tener fe y cuando comedo errores, debo aprender de ello.\u00a0 Las ganas de superarte siempre tienen que ser m\u00e1s fuertes y ahora con este llamado a la selecci\u00f3n me motivo a seguir aprendiendo.<\/span><\/p><h4>\u00a0<\/h4><p>\u00a0<\/p>\t\t\t\t\t\t\t\t<\/div>\n\t\t\t\t\t<\/div>\n\t\t\t\t<\/div>\n\t\t<div data-particle_enable=\"false\" data-particle-mobile-disabled=\"false\" class=\"elementor-element elementor-element-8e92cd1 e-flex e-con-boxed e-con e-parent\" data-id=\"8e92cd1\" data-element_type=\"container\" data-e-type=\"container\">\n\t\t\t\t\t<div class=\"e-con-inner\">\n\t\t\t\t<div class=\"elementor-element elementor-element-044560b elementor-grid-eael-col-1 elementor-grid-tablet-eael-col-2 elementor-grid-mobile-eael-col-1 elementor-widget elementor-widget-eael-post-grid\" data-id=\"044560b\" data-element_type=\"widget\" data-e-type=\"widget\" data-settings=\"{&quot;eael_post_grid_columns&quot;:&quot;eael-col-1&quot;,&quot;eael_post_grid_columns_tablet&quot;:&quot;eael-col-2&quot;,&quot;eael_post_grid_columns_mobile&quot;:&quot;eael-col-1&quot;}\" data-widget_type=\"eael-post-grid.default\">\n\t\t\t\t\t<div id=\"eael-post-grid-044560b\" class=\"eael-post-grid-container\">\n            <div class=\"eael-post-grid eael-post-appender eael-post-appender-044560b eael-post-grid-style-one\" data-layout-mode=\"masonry\"><article class=\"eael-grid-post  eael-post-grid-column eael-pg-post-7169 category-exitos-guatemala\" data-id=\"7169\">\n        <div class=\"eael-grid-post-holder\">\n            <div class=\"eael-grid-post-holder-inner\"><div class=\"eael-entry-media\"><div class=\"eael-entry-overlay fade-in\"><i class=\"far fa-hand-pointer\" aria-hidden=\"true\"><\/i><a href=\"https:\/\/soymigrante.com\/revista\/el-sueno-de-la-familia-solis-tiene-madera-futbol-y-fe-en-dios\/\"><\/a><\/div><div class=\"eael-entry-thumbnail \">\n                <img decoding=\"async\" width=\"1016\" height=\"1016\" src=\"https:\/\/soymigrante.com\/revista\/wp-content\/uploads\/2024\/06\/familia-solis-hamilton-alex-sonia-y-jared-1.webp\" class=\"attachment-large size-large wp-image-30395\" alt=\"Personas migrantes en un campo deportivo en la tarde, mostrando integraci\u00f3n y comunidad.\" srcset=\"https:\/\/soymigrante.com\/revista\/wp-content\/uploads\/2024\/06\/familia-solis-hamilton-alex-sonia-y-jared-1.webp 1016w, https:\/\/soymigrante.com\/revista\/wp-content\/uploads\/2024\/06\/familia-solis-hamilton-alex-sonia-y-jared-1-300x300.jpg 300w, https:\/\/soymigrante.com\/revista\/wp-content\/uploads\/2024\/06\/familia-solis-hamilton-alex-sonia-y-jared-1-150x150.jpg 150w, https:\/\/soymigrante.com\/revista\/wp-content\/uploads\/2024\/06\/familia-solis-hamilton-alex-sonia-y-jared-1-768x768.jpg 768w, https:\/\/soymigrante.com\/revista\/wp-content\/uploads\/2024\/06\/familia-solis-hamilton-alex-sonia-y-jared-1-75x75.webp 75w, https:\/\/soymigrante.com\/revista\/wp-content\/uploads\/2024\/06\/familia-solis-hamilton-alex-sonia-y-jared-1-750x750.webp 750w\" sizes=\"(max-width: 1016px) 100vw, 1016px\" \/>\n            <\/div>\n        <\/div><div class=\"eael-entry-wrapper\"><header class=\"eael-entry-header\"><h2 class=\"eael-entry-title\"><a class=\"eael-grid-post-link\" href=\"https:\/\/soymigrante.com\/revista\/el-sueno-de-la-familia-solis-tiene-madera-futbol-y-fe-en-dios\/\" title=\"Sue\u00f1o futbol\u00edstico de la familia Sol\u00eds en Missouri sigue creciendo con fe en Dios\">Sue\u00f1o futbol\u00edstico de la familia Sol\u00eds en Missouri sigue creciendo con fe en Dios<\/a><\/h2><\/header><div class=\"eael-entry-content\">\n                        <div class=\"eael-grid-post-excerpt\"><a href=\"https:\/\/soymigrante.com\/revista\/el-sueno-de-la-familia-solis-tiene-madera-futbol-y-fe-en-dios\/\" class=\"eael-post-elements-readmore-btn\">CONOCE LA HISTORIA DE LA FAMILIA SOL\u00cdS, MIGRANTES GUATEMALTECOS EN MISSOURI<\/a><\/div>\n                    <\/div><\/div><\/div>\n        <\/div>\n    <\/article><\/div>\n            <div class=\"clearfix\"><\/div>\n        <\/div>\t\t\t\t<\/div>\n\t\t\t\t\t<\/div>\n\t\t\t\t<\/div>\n\t\t<div data-particle_enable=\"false\" data-particle-mobile-disabled=\"false\" class=\"elementor-element elementor-element-bbc0ba6 e-flex e-con-boxed e-con e-parent\" data-id=\"bbc0ba6\" data-element_type=\"container\" data-e-type=\"container\">\n\t\t\t\t\t<div class=\"e-con-inner\">\n\t\t\t\t<div class=\"elementor-element elementor-element-9664890 elementor-widget elementor-widget-text-editor\" data-id=\"9664890\" data-element_type=\"widget\" data-e-type=\"widget\" data-widget_type=\"text-editor.default\">\n\t\t\t\t\t\t\t\t\t<h4><span style=\"color: var( --e-global-color-text ); text-align: var(--text-align);\">En la selecci\u00f3n vienen j\u00f3venes de varias partes de Guatemala, tambi\u00e9n otros j\u00f3venes hijos de migrantes \u00bfC\u00f3mo visualizas la formaci\u00f3n del esp\u00edritu de equipo?<\/span><\/h4><p>Pues hablar, hablar, mostrar lo que se puede hacer, pero combinarlo con los dem\u00e1s talentos. Todos tenemos un talento y debemos conocernos. En la selecci\u00f3n seremos como una familia, somos hermanos y todos podemos hablar. Es importante tener fe en nosotros y tambi\u00e9n en cada uno de los dem\u00e1s, para dejar todo en la cancha.<\/p><h4>\u00bfCu\u00e1les son los grandes valores que has aprendido de tus padres?<\/h4><p>Dios.\u00a0 Mis padres me ense\u00f1aron siempre a hablar con \u00c9l, a agradecerle por cada d\u00eda y pedirle su ayuda. Sin Dios nada somos, todo se lo debemos a \u00e9l y por eso debemos adorarle. Por eso Dios es lo primero para m\u00ed.<\/p><p>\u00a0<\/p>\t\t\t\t\t\t\t\t<\/div>\n\t\t\t\t\t<\/div>\n\t\t\t\t<\/div>\n\t\t<div data-particle_enable=\"false\" data-particle-mobile-disabled=\"false\" class=\"elementor-element elementor-element-c2e0a0b e-flex e-con-boxed e-con e-parent\" data-id=\"c2e0a0b\" data-element_type=\"container\" data-e-type=\"container\">\n\t\t\t\t\t<div class=\"e-con-inner\">\n\t\t\t\t<div class=\"elementor-element elementor-element-e2bc662 elementor-widget elementor-widget-image\" data-id=\"e2bc662\" data-element_type=\"widget\" data-e-type=\"widget\" data-widget_type=\"image.default\">\n\t\t\t\t\t\t\t\t\t\t\t\t<figure class=\"wp-caption\">\n\t\t\t\t\t\t\t\t\t\t\t<a href=\"https:\/\/soymigrante.com\/revista\/el-sueno-de-la-familia-solis-tiene-madera-futbol-y-fe-en-dios\/\">\n\t\t\t\t\t\t\t<img loading=\"lazy\" decoding=\"async\" width=\"768\" height=\"530\" src=\"https:\/\/soymigrante.com\/revista\/wp-content\/uploads\/2024\/09\/Seleccion-Sub17-Migrante-Guatemalteco-5-1024x706.webp\" class=\"attachment-large size-large wp-image-9839\" alt=\"Familia de migrantes en un evento deportivo, mostrando integraci\u00f3n y esperanza, resaltando la importancia de la comunidad y el apoyo en el proceso migratorio en M\u00e9xico y Estados Unidos.\" srcset=\"https:\/\/soymigrante.com\/revista\/wp-content\/uploads\/2024\/09\/Seleccion-Sub17-Migrante-Guatemalteco-5-1024x706.webp 1024w, https:\/\/soymigrante.com\/revista\/wp-content\/uploads\/2024\/09\/Seleccion-Sub17-Migrante-Guatemalteco-5-300x207.webp 300w, https:\/\/soymigrante.com\/revista\/wp-content\/uploads\/2024\/09\/Seleccion-Sub17-Migrante-Guatemalteco-5-768x530.webp 768w, https:\/\/soymigrante.com\/revista\/wp-content\/uploads\/2024\/09\/Seleccion-Sub17-Migrante-Guatemalteco-5-750x517.webp 750w, https:\/\/soymigrante.com\/revista\/wp-content\/uploads\/2024\/09\/Seleccion-Sub17-Migrante-Guatemalteco-5-1140x786.webp 1140w, https:\/\/soymigrante.com\/revista\/wp-content\/uploads\/2024\/09\/Seleccion-Sub17-Migrante-Guatemalteco-5.webp 1536w\" sizes=\"(max-width: 768px) 100vw, 768px\" title=\"Chiquirines, La Blanca, San Marcos. Migr\u00f3 a EE.UU. y en Misuri conoci\u00f3 a su esposa Sonia. Sus dos hijos mayores, Jared (a la derecha) y Hamilton,  heredaron de su pap\u00e1 el gusto y la habilidad por el futbol.. \u2013 SoyMigrante.com REVISTA\" \/>\t\t\t\t\t\t\t\t<\/a>\n\t\t\t\t\t\t\t\t\t\t\t<figcaption class=\"widget-image-caption wp-caption-text\">Diversa familia de migrantes celebrando en un campo de f\u00fatbol, reflejando la uni\u00f3n y resiliencia en el contexto migratorio, con \u00e9nfasis en temas de integraci\u00f3n, derechos y comunidad en la revista SoyMigrante.com.<\/figcaption>\n\t\t\t\t\t\t\t\t\t\t<\/figure>\n\t\t\t\t\t\t\t\t\t<\/div>\n\t\t\t\t\t<\/div>\n\t\t\t\t<\/div>\n\t\t<div data-particle_enable=\"false\" data-particle-mobile-disabled=\"false\" class=\"elementor-element elementor-element-39e1fe8 e-flex e-con-boxed e-con e-parent\" data-id=\"39e1fe8\" data-element_type=\"container\" data-e-type=\"container\">\n\t\t\t\t\t<div class=\"e-con-inner\">\n\t\t\t\t<div class=\"elementor-element elementor-element-419cf8b elementor-widget elementor-widget-heading\" data-id=\"419cf8b\" data-element_type=\"widget\" data-e-type=\"widget\" data-widget_type=\"heading.default\">\n\t\t\t\t\t<h2 class=\"elementor-heading-title elementor-size-default\">Nada, absolutamente nada es imposible<\/h2>\t\t\t\t<\/div>\n\t\t\t\t\t<\/div>\n\t\t\t\t<\/div>\n\t\t<div data-particle_enable=\"false\" data-particle-mobile-disabled=\"false\" class=\"elementor-element elementor-element-e30a026 e-flex e-con-boxed e-con e-parent\" data-id=\"e30a026\" data-element_type=\"container\" data-e-type=\"container\">\n\t\t\t\t\t<div class=\"e-con-inner\">\n\t\t\t\t<div class=\"elementor-element elementor-element-896babf elementor-grid-eael-col-3 elementor-grid-tablet-eael-col-2 elementor-grid-mobile-eael-col-1 elementor-widget elementor-widget-eael-post-grid\" data-id=\"896babf\" data-element_type=\"widget\" data-e-type=\"widget\" data-settings=\"{&quot;eael_post_grid_columns&quot;:&quot;eael-col-3&quot;,&quot;eael_post_grid_columns_tablet&quot;:&quot;eael-col-2&quot;,&quot;eael_post_grid_columns_mobile&quot;:&quot;eael-col-1&quot;}\" data-widget_type=\"eael-post-grid.default\">\n\t\t\t\t\t<div id=\"eael-post-grid-896babf\" class=\"eael-post-grid-container\">\n            <div class=\"eael-post-grid eael-post-appender eael-post-appender-896babf eael-post-grid-style-one\" data-layout-mode=\"masonry\"><article class=\"eael-grid-post  eael-post-grid-column eael-pg-post-6544 category-exitos\" data-id=\"6544\">\n        <div class=\"eael-grid-post-holder\">\n            <div class=\"eael-grid-post-holder-inner\"><div class=\"eael-entry-media\"><div class=\"eael-entry-overlay fade-in\"><i class=\"far fa-hand-pointer\" aria-hidden=\"true\"><\/i><a href=\"https:\/\/soymigrante.com\/revista\/recien-graduado-el-guatemalteco-brandon-lopez-se-va-a-microsoft\/\"><\/a><\/div><div class=\"eael-entry-thumbnail \">\n                <img loading=\"lazy\" decoding=\"async\" width=\"1024\" height=\"1021\" src=\"https:\/\/soymigrante.com\/revista\/wp-content\/uploads\/2024\/05\/438275816_965455608917459_8191340244300363998_n-1024x1021.webp\" class=\"attachment-large size-large wp-image-6545\" alt=\"Guatemalteco con toga y birrete sosteniendo la bandera de Guatemala en una calle arbolada, celebrando logros acad\u00e9micos y el orgullo de ser migrante guatemalteco en el extranjero.\" srcset=\"https:\/\/soymigrante.com\/revista\/wp-content\/uploads\/2024\/05\/438275816_965455608917459_8191340244300363998_n-1024x1021.webp 1024w, https:\/\/soymigrante.com\/revista\/wp-content\/uploads\/2024\/05\/438275816_965455608917459_8191340244300363998_n-300x300.webp 300w, https:\/\/soymigrante.com\/revista\/wp-content\/uploads\/2024\/05\/438275816_965455608917459_8191340244300363998_n-150x150.webp 150w, https:\/\/soymigrante.com\/revista\/wp-content\/uploads\/2024\/05\/438275816_965455608917459_8191340244300363998_n-768x766.webp 768w, https:\/\/soymigrante.com\/revista\/wp-content\/uploads\/2024\/05\/438275816_965455608917459_8191340244300363998_n-75x75.webp 75w, https:\/\/soymigrante.com\/revista\/wp-content\/uploads\/2024\/05\/438275816_965455608917459_8191340244300363998_n-750x748.webp 750w, https:\/\/soymigrante.com\/revista\/wp-content\/uploads\/2024\/05\/438275816_965455608917459_8191340244300363998_n.webp 1072w\" sizes=\"(max-width: 1024px) 100vw, 1024px\" \/>\n            <\/div>\n        <\/div><div class=\"eael-entry-wrapper\"><header class=\"eael-entry-header\"><h2 class=\"eael-entry-title\"><a class=\"eael-grid-post-link\" href=\"https:\/\/soymigrante.com\/revista\/recien-graduado-el-guatemalteco-brandon-lopez-se-va-a-microsoft\/\" title=\"El guatemalteco Brandon L\u00f3pez se grad\u00faa y se va a Microsoft\">El guatemalteco Brandon L\u00f3pez se grad\u00faa y se va a Microsoft<\/a><\/h2><\/header><div class=\"eael-entry-content\">\n                        <div class=\"eael-grid-post-excerpt\"><a href=\"https:\/\/soymigrante.com\/revista\/recien-graduado-el-guatemalteco-brandon-lopez-se-va-a-microsoft\/\" class=\"eael-post-elements-readmore-btn\">CONOCE SU HISTORIA <\/a><\/div>\n                    <\/div><\/div><\/div>\n        <\/div>\n    <\/article><article class=\"eael-grid-post  eael-post-grid-column eael-pg-post-3138 category-exitos\" data-id=\"3138\">\n        <div class=\"eael-grid-post-holder\">\n            <div class=\"eael-grid-post-holder-inner\"><div class=\"eael-entry-media\"><div class=\"eael-entry-overlay fade-in\"><i class=\"far fa-hand-pointer\" aria-hidden=\"true\"><\/i><a href=\"https:\/\/soymigrante.com\/revista\/helados-sin-fronteras-y-mucho-mas-logran-los-migrantes-marleny-y-elias\/\"><\/a><\/div><div class=\"eael-entry-thumbnail \">\n                <img loading=\"lazy\" decoding=\"async\" width=\"1024\" height=\"717\" src=\"https:\/\/soymigrante.com\/revista\/wp-content\/uploads\/2023\/11\/HELATISO-e1698866184851-1024x717.webp\" class=\"attachment-large size-large wp-image-3164\" alt=\"Helados migrantes Xelaj\u00fa y sus fundadores los migrantes guatemaltecos El\u00edas Rojas y Marleny P\u00e9rez.\" srcset=\"https:\/\/soymigrante.com\/revista\/wp-content\/uploads\/2023\/11\/HELATISO-e1698866184851-1024x717.webp 1024w, https:\/\/soymigrante.com\/revista\/wp-content\/uploads\/2023\/11\/HELATISO-e1698866184851-300x210.webp 300w, https:\/\/soymigrante.com\/revista\/wp-content\/uploads\/2023\/11\/HELATISO-e1698866184851-768x538.webp 768w, https:\/\/soymigrante.com\/revista\/wp-content\/uploads\/2023\/11\/HELATISO-e1698866184851-750x525.webp 750w, https:\/\/soymigrante.com\/revista\/wp-content\/uploads\/2023\/11\/HELATISO-e1698866184851.webp 1030w\" sizes=\"(max-width: 1024px) 100vw, 1024px\" \/>\n            <\/div>\n        <\/div><div class=\"eael-entry-wrapper\"><header class=\"eael-entry-header\"><h2 class=\"eael-entry-title\"><a class=\"eael-grid-post-link\" href=\"https:\/\/soymigrante.com\/revista\/helados-sin-fronteras-y-mucho-mas-logran-los-migrantes-marleny-y-elias\/\" title=\"Helados sin fronteras y mucho m\u00e1s logran los migrantes Marleny y El\u00edas en Virginia\">Helados sin fronteras y mucho m\u00e1s logran los migrantes Marleny y El\u00edas en Virginia<\/a><\/h2><\/header><div class=\"eael-entry-content\">\n                        <div class=\"eael-grid-post-excerpt\"><a href=\"https:\/\/soymigrante.com\/revista\/helados-sin-fronteras-y-mucho-mas-logran-los-migrantes-marleny-y-elias\/\" class=\"eael-post-elements-readmore-btn\">CONOCE SU HISTORIA <\/a><\/div>\n                    <\/div><\/div><\/div>\n        <\/div>\n    <\/article><article class=\"eael-grid-post  eael-post-grid-column eael-pg-post-1571 category-exitos tags-nueva-york\" data-id=\"1571\">\n        <div class=\"eael-grid-post-holder\">\n            <div class=\"eael-grid-post-holder-inner\"><div class=\"eael-entry-media\"><div class=\"eael-entry-overlay fade-in\"><i class=\"far fa-hand-pointer\" aria-hidden=\"true\"><\/i><a href=\"https:\/\/soymigrante.com\/revista\/esposos-migrantes-luchan-por-un-sueno-en-nueva-york\/\"><\/a><\/div><div class=\"eael-entry-thumbnail \">\n                <img loading=\"lazy\" decoding=\"async\" width=\"1024\" height=\"746\" src=\"https:\/\/soymigrante.com\/revista\/wp-content\/uploads\/2023\/06\/JUAN-E-IRIS-YOJCOM-REDES-1024x746.webp\" class=\"attachment-large size-large wp-image-1573\" alt=\"Juan e Iris Yojcom, esposos migrantes guatemaltecos en Nueva York.\" srcset=\"https:\/\/soymigrante.com\/revista\/wp-content\/uploads\/2023\/06\/JUAN-E-IRIS-YOJCOM-REDES-1024x746.webp 1024w, https:\/\/soymigrante.com\/revista\/wp-content\/uploads\/2023\/06\/JUAN-E-IRIS-YOJCOM-REDES-300x219.webp 300w, https:\/\/soymigrante.com\/revista\/wp-content\/uploads\/2023\/06\/JUAN-E-IRIS-YOJCOM-REDES-768x560.webp 768w, https:\/\/soymigrante.com\/revista\/wp-content\/uploads\/2023\/06\/JUAN-E-IRIS-YOJCOM-REDES-120x86.webp 120w, https:\/\/soymigrante.com\/revista\/wp-content\/uploads\/2023\/06\/JUAN-E-IRIS-YOJCOM-REDES-750x547.webp 750w, https:\/\/soymigrante.com\/revista\/wp-content\/uploads\/2023\/06\/JUAN-E-IRIS-YOJCOM-REDES.webp 1095w\" sizes=\"(max-width: 1024px) 100vw, 1024px\" \/>\n            <\/div>\n        <\/div><div class=\"eael-entry-wrapper\"><header class=\"eael-entry-header\"><h2 class=\"eael-entry-title\"><a class=\"eael-grid-post-link\" href=\"https:\/\/soymigrante.com\/revista\/esposos-migrantes-luchan-por-un-sueno-en-nueva-york\/\" title=\"Esposos migrantes luchan por un sue\u00f1o guatemalteco en Nueva York\">Esposos migrantes luchan por un sue\u00f1o guatemalteco en Nueva York<\/a><\/h2><\/header><div class=\"eael-entry-content\">\n                        <div class=\"eael-grid-post-excerpt\"><a href=\"https:\/\/soymigrante.com\/revista\/esposos-migrantes-luchan-por-un-sueno-en-nueva-york\/\" class=\"eael-post-elements-readmore-btn\">CONOCE SU HISTORIA <\/a><\/div>\n                    <\/div><\/div><\/div>\n        <\/div>\n    <\/article><\/div>\n            <div class=\"clearfix\"><\/div>\n        <\/div>\t\t\t\t<\/div>\n\t\t\t\t\t<\/div>\n\t\t\t\t<\/div>\n\t\t\t\t<\/div>\n\t\t","protected":false},"excerpt":{"rendered":"<p>&#8220;Mis padres me ense\u00f1aron a amar a Dios y a Guatemala. Por eso para m\u00ed es un sue\u00f1o hecho realidad ser convocado a la Selecci\u00f3n&#8221;, dice Jared Sol\u00eds, poco antes de abordar el vuelo desde Misuri a la concentracion de la Sub-17 en ciudad de Guatemala&#8221;. Apenas en junio, SoyMigrante.com compart\u00eda el gran sue\u00f1o de [&hellip;]<\/p>\n","protected":false},"author":7,"featured_media":9835,"comment_status":"open","ping_status":"open","sticky":false,"template":"","format":"standard","meta":{"_acf_changed":true,"_eb_attr":"","footnotes":""},"categories":[54],"tags":[],"class_list":["post-9834","post","type-post","status-publish","format-standard","has-post-thumbnail","hentry","category-estamos-unidos"],"acf":[],"aioseo_notices":[],"aioseo_head":"\n\t\t<!-- All in One SEO Pro 4.9.6.2 - aioseo.com -->\n\t<meta name=\"description\" content=\"Un matrimonio migrante guatemalteco que se vio forzado a dejar su tierra por la crisis de la pandemia. Ella y \u00e9l relatan vivencias y sue\u00f1os. Juan e Iris est\u00e1n a 4 mil kil\u00f3metros de su mayor tesoro: sus hijas. Su mayor fortaleza es compartir juntos el esfuerzo migrante. Trabajan en limpieza y mantenimiento de un\" \/>\n\t<meta name=\"robots\" content=\"max-snippet:-1, max-image-preview:large, max-video-preview:-1\" \/>\n\t<meta name=\"author\" content=\"Gustavo Montenegro\"\/>\n\t<link rel=\"canonical\" href=\"https:\/\/soymigrante.com\/revista\/esposos-migrantes-luchan-por-un-sueno-en-nueva-york\/\" \/>\n\t<meta name=\"generator\" content=\"All in One SEO Pro (AIOSEO) 4.9.6.2\" \/>\n\n\t\t<link rel=\"preconnect\" href=\"https:\/\/fonts.googleapis.com\" crossorigin>\n<link rel=\"preconnect\" href=\"https:\/\/fonts.gstatic.com\" crossorigin>\n\t\t<meta property=\"og:locale\" content=\"es_ES\" \/>\n\t\t<meta property=\"og:site_name\" content=\"SoyMigrante.com REVISTA \u2013 Nuestra misi\u00f3n es reconocer y dignificar al migrante.\" \/>\n\t\t<meta property=\"og:type\" content=\"article\" \/>\n\t\t<meta property=\"og:title\" content=\"Esposos migrantes luchan por un sue\u00f1o guatemalteco en Nueva York\" \/>\n\t\t<meta property=\"og:description\" content=\"Un matrimonio migrante guatemalteco que se vio forzado a dejar su tierra por la crisis de la pandemia. Ella y \u00e9l relatan vivencias y sue\u00f1os. Juan e Iris est\u00e1n a 4 mil kil\u00f3metros de su mayor tesoro: sus hijas. Su mayor fortaleza es compartir juntos el esfuerzo migrante. Trabajan en limpieza y mantenimiento de un\" \/>\n\t\t<meta property=\"og:url\" content=\"https:\/\/soymigrante.com\/revista\/esposos-migrantes-luchan-por-un-sueno-en-nueva-york\/\" \/>\n\t\t<meta property=\"og:image\" content=\"https:\/\/soymigrante.com\/revista\/wp-content\/uploads\/2023\/06\/JUAN-E-IRIS-YOJCOM-REDES.webp\" \/>\n\t\t<meta property=\"og:image:secure_url\" content=\"https:\/\/soymigrante.com\/revista\/wp-content\/uploads\/2023\/06\/JUAN-E-IRIS-YOJCOM-REDES.webp\" \/>\n\t\t<meta property=\"og:image:width\" content=\"1095\" \/>\n\t\t<meta property=\"og:image:height\" content=\"798\" \/>\n\t\t<meta property=\"article:published_time\" content=\"2023-06-23T15:09:23+00:00\" \/>\n\t\t<meta property=\"article:modified_time\" content=\"2026-03-11T22:42:39+00:00\" \/>\n\t\t<meta property=\"article:publisher\" content=\"https:\/\/www.facebook.com\/soymigrantecom\" \/>\n\t\t<meta name=\"twitter:card\" content=\"summary_large_image\" \/>\n\t\t<meta name=\"twitter:site\" content=\"@SoyMigrante_com\" \/>\n\t\t<meta name=\"twitter:title\" content=\"Esposos migrantes luchan por un sue\u00f1o guatemalteco en Nueva York\" \/>\n\t\t<meta name=\"twitter:description\" content=\"Un matrimonio migrante guatemalteco que se vio forzado a dejar su tierra por la crisis de la pandemia. Ella y \u00e9l relatan vivencias y sue\u00f1os. Juan e Iris est\u00e1n a 4 mil kil\u00f3metros de su mayor tesoro: sus hijas. Su mayor fortaleza es compartir juntos el esfuerzo migrante. Trabajan en limpieza y mantenimiento de un\" \/>\n\t\t<meta name=\"twitter:creator\" content=\"@SoyMigrante_com\" \/>\n\t\t<meta name=\"twitter:image\" content=\"https:\/\/soymigrante.com\/revista\/wp-content\/uploads\/2023\/06\/JUAN-E-IRIS-YOJCOM-REDES.webp\" \/>\n\t\t<!-- All in One SEO Pro -->\r\n\t\t<title>Esposos migrantes luchan por un sue\u00f1o guatemalteco en Nueva York<\/title>\n\n","aioseo_head_json":{"title":"Esposos migrantes luchan por un sue\u00f1o guatemalteco en Nueva York","description":"Un matrimonio migrante guatemalteco que se vio forzado a dejar su tierra por la crisis de la pandemia. Ella y \u00e9l relatan vivencias y sue\u00f1os. Juan e Iris est\u00e1n a 4 mil kil\u00f3metros de su mayor tesoro: sus hijas. Su mayor fortaleza es compartir juntos el esfuerzo migrante. Trabajan en limpieza y mantenimiento de un","canonical_url":"https:\/\/soymigrante.com\/revista\/esposos-migrantes-luchan-por-un-sueno-en-nueva-york\/","robots":"max-snippet:-1, max-image-preview:large, max-video-preview:-1","keywords":"","webmasterTools":{"miscellaneous":"&lt;link rel=\"preconnect\" href=\"https:\/\/fonts.googleapis.com\" crossorigin&gt;\n&lt;link rel=\"preconnect\" href=\"https:\/\/fonts.gstatic.com\" crossorigin&gt;"},"schema":null,"og:locale":"es_ES","og:site_name":"SoyMigrante.com REVISTA \u2013 Nuestra misi\u00f3n es reconocer y dignificar al migrante.","og:type":"article","og:title":"Esposos migrantes luchan por un sue\u00f1o guatemalteco en Nueva York","og:description":"Un matrimonio migrante guatemalteco que se vio forzado a dejar su tierra por la crisis de la pandemia. Ella y \u00e9l relatan vivencias y sue\u00f1os. Juan e Iris est\u00e1n a 4 mil kil\u00f3metros de su mayor tesoro: sus hijas. Su mayor fortaleza es compartir juntos el esfuerzo migrante. Trabajan en limpieza y mantenimiento de un","og:url":"https:\/\/soymigrante.com\/revista\/esposos-migrantes-luchan-por-un-sueno-en-nueva-york\/","og:image":"https:\/\/soymigrante.com\/revista\/wp-content\/uploads\/2023\/06\/JUAN-E-IRIS-YOJCOM-REDES.webp","og:image:secure_url":"https:\/\/soymigrante.com\/revista\/wp-content\/uploads\/2023\/06\/JUAN-E-IRIS-YOJCOM-REDES.webp","og:image:width":1095,"og:image:height":798,"article:published_time":"2023-06-23T15:09:23+00:00","article:modified_time":"2026-03-11T22:42:39+00:00","article:publisher":"https:\/\/www.facebook.com\/soymigrantecom","twitter:card":"summary_large_image","twitter:site":"@SoyMigrante_com","twitter:title":"Esposos migrantes luchan por un sue\u00f1o guatemalteco en Nueva York","twitter:description":"Un matrimonio migrante guatemalteco que se vio forzado a dejar su tierra por la crisis de la pandemia. Ella y \u00e9l relatan vivencias y sue\u00f1os. Juan e Iris est\u00e1n a 4 mil kil\u00f3metros de su mayor tesoro: sus hijas. Su mayor fortaleza es compartir juntos el esfuerzo migrante. Trabajan en limpieza y mantenimiento de un","twitter:creator":"@SoyMigrante_com","twitter:image":"https:\/\/soymigrante.com\/revista\/wp-content\/uploads\/2023\/06\/JUAN-E-IRIS-YOJCOM-REDES.webp"},"aioseo_meta_data":{"post_id":"9834","title":"Jared Solis, hijo de guatemaltecos en Misuri ees convocado a Sub17","description":"\"Guatemala est\u00e1 en mi coraz\u00f3n\", dice Jared \"Monkey\" Sol\u00eds, futbolista de 15 a\u00f1os, de padres migrantes en Misuri, convocado a la Selecci\u00f3n guatemalteca Sub-17.","keywords":null,"keyphrases":{"focus":{"keyphrase":"Guatemala","score":68,"analysis":{"keyphraseInTitle":{"score":3,"maxScore":9,"error":1},"keyphraseInDescription":{"score":9,"maxScore":9,"error":0},"keyphraseLength":{"score":9,"maxScore":9,"error":0,"length":1},"keyphraseInURL":{"score":1,"maxScore":5,"error":1},"keyphraseInIntroduction":{"score":3,"maxScore":9,"error":1},"keyphraseInSubHeadings":{"score":9,"maxScore":9,"error":0},"keyphraseInImageAlt":{"score":3,"maxScore":9,"error":1},"keywordDensity":{"type":"best","score":9,"maxScore":9,"error":0}}},"additional":[{"keyphrase":"Selecci\u00f3n","score":87,"analysis":{"keyphraseInDescription":{"score":9,"maxScore":9,"error":0},"keyphraseLength":{"score":9,"maxScore":9,"error":0,"length":2},"keyphraseInIntroduction":{"score":9,"maxScore":9,"error":0},"keyphraseInImageAlt":{"score":3,"maxScore":9,"error":1},"keywordDensity":{"type":"best","score":9,"maxScore":9,"error":0}}},{"keyphrase":"Jared","score":100,"analysis":{"keyphraseInDescription":{"score":9,"maxScore":9,"error":0},"keyphraseLength":{"score":9,"maxScore":9,"error":0,"length":1},"keyphraseInIntroduction":{"score":9,"maxScore":9,"error":0},"keyphraseInImageAlt":{"score":9,"maxScore":9,"error":0},"keywordDensity":{"type":"best","score":9,"maxScore":9,"error":0}}}]},"primary_term":null,"canonical_url":null,"og_title":null,"og_description":null,"og_object_type":"default","og_image_type":"default","og_image_url":null,"og_image_width":null,"og_image_height":null,"og_image_custom_url":null,"og_image_custom_fields":null,"og_video":"","og_custom_url":null,"og_article_section":null,"og_article_tags":null,"twitter_use_og":false,"twitter_card":"default","twitter_image_type":"default","twitter_image_url":null,"twitter_image_custom_url":null,"twitter_image_custom_fields":null,"twitter_title":null,"twitter_description":null,"schema":{"blockGraphs":[],"customGraphs":[],"default":{"data":{"Article":[],"Course":[],"Dataset":[],"FAQPage":[],"Movie":[],"Person":[],"Product":[],"ProductReview":[],"Car":[],"Recipe":[],"Service":[],"SoftwareApplication":[],"WebPage":[]},"graphName":"Article","isEnabled":true},"graphs":[]},"schema_type":"default","schema_type_options":null,"pillar_content":false,"robots_default":true,"robots_noindex":false,"robots_noarchive":false,"robots_nosnippet":false,"robots_nofollow":false,"robots_noimageindex":false,"robots_noodp":false,"robots_notranslate":false,"robots_max_snippet":"-1","robots_max_videopreview":"-1","robots_max_imagepreview":"large","priority":null,"frequency":"default","local_seo":null,"seo_analyzer_scan_date":"2025-10-08 23:25:17","breadcrumb_settings":null,"limit_modified_date":false,"reviewed_by":null,"open_ai":"{\"title\":{\"suggestions\":[],\"usage\":0},\"description\":{\"suggestions\":[],\"usage\":0}}","ai":null,"created":"2024-09-28 20:21:03","updated":"2026-02-04 14:01:19"},"aioseo_breadcrumb":"<div class=\"aioseo-breadcrumbs\"><span class=\"aioseo-breadcrumb\">\n\t<a href=\"https:\/\/soymigrante.com\/revista\" title=\"Home\">Home<\/a>\n<\/span><span class=\"aioseo-breadcrumb-separator\">\u00bb<\/span><span class=\"aioseo-breadcrumb\">\n\t<a href=\"https:\/\/soymigrante.com\/revista\/category\/estamos-unidos\/\" title=\"Estamos Unidos\">Estamos Unidos<\/a>\n<\/span><span class=\"aioseo-breadcrumb-separator\">\u00bb<\/span><span class=\"aioseo-breadcrumb\">\n\tJared Sol\u00eds, hijo de migrantes guatemaltecos en Misuri, es convocado a Selecci\u00f3n Sub-17\n<\/span><\/div>","aioseo_breadcrumb_json":[{"label":"Home","link":"https:\/\/soymigrante.com\/revista"},{"label":"Estamos Unidos","link":"https:\/\/soymigrante.com\/revista\/category\/estamos-unidos\/"},{"label":"Jared Sol\u00eds, hijo de migrantes guatemaltecos en Misuri, es convocado a Selecci\u00f3n Sub-17","link":"https:\/\/soymigrante.com\/revista\/jared-solis-hijo-de-migrantes-guatemaltecos-en-misuri-es-convocado-a-seleccion-sub-17\/"}],"_links":{"self":[{"href":"https:\/\/soymigrante.com\/revista\/wp-json\/wp\/v2\/posts\/9834","targetHints":{"allow":["GET"]}}],"collection":[{"href":"https:\/\/soymigrante.com\/revista\/wp-json\/wp\/v2\/posts"}],"about":[{"href":"https:\/\/soymigrante.com\/revista\/wp-json\/wp\/v2\/types\/post"}],"author":[{"embeddable":true,"href":"https:\/\/soymigrante.com\/revista\/wp-json\/wp\/v2\/users\/7"}],"replies":[{"embeddable":true,"href":"https:\/\/soymigrante.com\/revista\/wp-json\/wp\/v2\/comments?post=9834"}],"version-history":[{"count":0,"href":"https:\/\/soymigrante.com\/revista\/wp-json\/wp\/v2\/posts\/9834\/revisions"}],"wp:featuredmedia":[{"embeddable":true,"href":"https:\/\/soymigrante.com\/revista\/wp-json\/wp\/v2\/media\/9835"}],"wp:attachment":[{"href":"https:\/\/soymigrante.com\/revista\/wp-json\/wp\/v2\/media?parent=9834"}],"wp:term":[{"taxonomy":"category","embeddable":true,"href":"https:\/\/soymigrante.com\/revista\/wp-json\/wp\/v2\/categories?post=9834"},{"taxonomy":"post_tag","embeddable":true,"href":"https:\/\/soymigrante.com\/revista\/wp-json\/wp\/v2\/tags?post=9834"}],"curies":[{"name":"wp","href":"https:\/\/api.w.org\/{rel}","templated":true}]}}