{"id":9789,"date":"2024-11-26T12:00:00","date_gmt":"2024-11-26T18:00:00","guid":{"rendered":"https:\/\/soymigrante.com\/revista\/?p=9789"},"modified":"2024-11-26T07:36:35","modified_gmt":"2024-11-26T13:36:35","slug":"migrantes-pueden-vivir-las-fiestas-de-fin-de-ano-en-usa-sin-perder-identidad-claves-para-lograrlo","status":"publish","type":"post","link":"https:\/\/soymigrante.com\/revista\/migrantes-pueden-vivir-las-fiestas-de-fin-de-ano-en-usa-sin-perder-identidad-claves-para-lograrlo\/","title":{"rendered":"Migrantes pueden vivir las fiestas de fin de a\u00f1o en USA sin perder identidad: claves para lograrlo"},"content":{"rendered":"\t\t<div data-elementor-type=\"wp-post\" data-elementor-id=\"9789\" class=\"elementor elementor-9789\" data-elementor-post-type=\"post\">\n\t\t\t\t<div data-particle_enable=\"false\" data-particle-mobile-disabled=\"false\" class=\"elementor-element elementor-element-cf3bb75 e-flex e-con-boxed e-con e-parent\" data-id=\"cf3bb75\" data-element_type=\"container\" data-e-type=\"container\">\n\t\t\t\t\t<div class=\"e-con-inner\">\n\t\t\t\t<div class=\"elementor-element elementor-element-9aba210 elementor-widget elementor-widget-heading\" data-id=\"9aba210\" data-element_type=\"widget\" data-e-type=\"widget\" data-widget_type=\"heading.default\">\n\t\t\t\t\t<h2 class=\"elementor-heading-title elementor-size-default\">Las fiestas en Guatemala son emblem\u00e1ticas, llenas de sabor, tradici\u00f3n y muy extra\u00f1adas en el extranjero, as\u00ed puede vivirlas. <\/h2>\t\t\t\t<\/div>\n\t\t\t\t\t<\/div>\n\t\t\t\t<\/div>\n\t\t<div data-particle_enable=\"false\" data-particle-mobile-disabled=\"false\" class=\"elementor-element elementor-element-c55ef12 e-flex e-con-boxed e-con e-parent\" data-id=\"c55ef12\" data-element_type=\"container\" data-e-type=\"container\">\n\t\t\t\t\t<div class=\"e-con-inner\">\n\t\t\t\t<div class=\"elementor-element elementor-element-94da059 elementor-widget elementor-widget-text-editor\" data-id=\"94da059\" data-element_type=\"widget\" data-e-type=\"widget\" data-widget_type=\"text-editor.default\">\n\t\t\t\t\t\t\t\t\t<p>Para los guatemaltecos que residen en Estados Unidos, las festividades tradicionales, como el D\u00eda de la Independencia, la Semana Santa, o las celebraciones de fin de a\u00f1o, <a href=\"https:\/\/soymigrante.com\/revista\/category\/guate-nuestra\/\" target=\"_blank\" rel=\"noopener\">pueden despertar un fuerte sentimiento de nostalgia.<\/a><\/p><p>Estar lejos de casa durante estos momentos significativos no es f\u00e1cil, pero hay formas de mantener vivas las tradiciones y sentir la conexi\u00f3n con la cultura guatemalteca, incluso a miles de kil\u00f3metros de distancia.<\/p>\t\t\t\t\t\t\t\t<\/div>\n\t\t\t\t\t<\/div>\n\t\t\t\t<\/div>\n\t\t<div data-particle_enable=\"false\" data-particle-mobile-disabled=\"false\" class=\"elementor-element elementor-element-c3197f2 e-flex e-con-boxed e-con e-parent\" data-id=\"c3197f2\" data-element_type=\"container\" data-e-type=\"container\">\n\t\t\t\t\t<div class=\"e-con-inner\">\n\t\t\t\t<div class=\"elementor-element elementor-element-d4143f0 elementor-widget elementor-widget-heading\" data-id=\"d4143f0\" data-element_type=\"widget\" data-e-type=\"widget\" data-widget_type=\"heading.default\">\n\t\t\t\t\t<h3 class=\"elementor-heading-title elementor-size-default\">1. Conectar con la comunidad guatemalteca en Estados Unidos<\/h3>\t\t\t\t<\/div>\n\t\t\t\t\t<\/div>\n\t\t\t\t<\/div>\n\t\t<div data-particle_enable=\"false\" data-particle-mobile-disabled=\"false\" class=\"elementor-element elementor-element-477f111 e-flex e-con-boxed e-con e-parent\" data-id=\"477f111\" data-element_type=\"container\" data-e-type=\"container\">\n\t\t\t\t\t<div class=\"e-con-inner\">\n\t\t\t\t<div class=\"elementor-element elementor-element-09b8980 elementor-widget elementor-widget-text-editor\" data-id=\"09b8980\" data-element_type=\"widget\" data-e-type=\"widget\" data-widget_type=\"text-editor.default\">\n\t\t\t\t\t\t\t\t\t<p><a href=\"https:\/\/soymigrante.com\/revista\/category\/guate-nuestra\/\" target=\"_blank\" rel=\"noopener\">Una de las mejores maneras de evitar la nostalgia es buscar a otros guatemaltecos en Estados Unidos.<\/a> Muchas ciudades y estados, como Los \u00c1ngeles, Houston, Nueva York y Maryland, cuentan con importantes comunidades guatemaltecas que organizan eventos culturales y celebraciones durante las festividades nacionales.<\/p><p>Celebraciones del 15 de septiembre, por ejemplo, suelen incluir desfiles, actividades folcl\u00f3ricas, m\u00fasica marimba, y presentaciones de bailes tradicionales. Estas actividades son una oportunidad perfecta para reunirse con otros migrantes y compartir el orgullo por las ra\u00edces guatemaltecas.<\/p><p>Adem\u00e1s, es posible que las iglesias o centros comunitarios ofrezcan eventos especiales durante la Semana Santa o las festividades de fin de a\u00f1o, donde se puede participar en tradiciones religiosas, como las alfombras de aserr\u00edn o las procesiones.<\/p>\t\t\t\t\t\t\t\t<\/div>\n\t\t\t\t\t<\/div>\n\t\t\t\t<\/div>\n\t\t<div data-particle_enable=\"false\" data-particle-mobile-disabled=\"false\" class=\"elementor-element elementor-element-aaae4bb e-flex e-con-boxed e-con e-parent\" data-id=\"aaae4bb\" data-element_type=\"container\" data-e-type=\"container\">\n\t\t\t\t\t<div class=\"e-con-inner\">\n\t\t\t\t<div class=\"elementor-element elementor-element-514abc9 elementor-widget elementor-widget-image\" data-id=\"514abc9\" data-element_type=\"widget\" data-e-type=\"widget\" data-widget_type=\"image.default\">\n\t\t\t\t\t\t\t\t\t\t\t\t\t\t\t<img fetchpriority=\"high\" decoding=\"async\" width=\"768\" height=\"577\" src=\"https:\/\/soymigrante.com\/revista\/wp-content\/uploads\/2024\/09\/Los-migrantes-guatemaltecos-pueden-vivir-las-festividades-asi--1024x769.webp\" class=\"attachment-large size-large wp-image-9791\" alt=\"Noria en feria nocturna con luces de colores en un evento tradicional en Guatemala.\" srcset=\"https:\/\/soymigrante.com\/revista\/wp-content\/uploads\/2024\/09\/Los-migrantes-guatemaltecos-pueden-vivir-las-festividades-asi--1024x769.webp 1024w, https:\/\/soymigrante.com\/revista\/wp-content\/uploads\/2024\/09\/Los-migrantes-guatemaltecos-pueden-vivir-las-festividades-asi--300x225.webp 300w, https:\/\/soymigrante.com\/revista\/wp-content\/uploads\/2024\/09\/Los-migrantes-guatemaltecos-pueden-vivir-las-festividades-asi--768x577.webp 768w, https:\/\/soymigrante.com\/revista\/wp-content\/uploads\/2024\/09\/Los-migrantes-guatemaltecos-pueden-vivir-las-festividades-asi--750x563.webp 750w, https:\/\/soymigrante.com\/revista\/wp-content\/uploads\/2024\/09\/Los-migrantes-guatemaltecos-pueden-vivir-las-festividades-asi-.webp 1080w\" sizes=\"(max-width: 768px) 100vw, 768px\" title=\"Los migrantes guatemaltecos pueden vivir las festividades asi\u0301 \u2013 SoyMigrante.com REVISTA\" \/>\t\t\t\t\t\t\t\t\t\t\t\t\t\t\t<\/div>\n\t\t\t\t\t<\/div>\n\t\t\t\t<\/div>\n\t\t<div data-particle_enable=\"false\" data-particle-mobile-disabled=\"false\" class=\"elementor-element elementor-element-e59abf5 e-flex e-con-boxed e-con e-parent\" data-id=\"e59abf5\" data-element_type=\"container\" data-e-type=\"container\">\n\t\t\t\t\t<div class=\"e-con-inner\">\n\t\t\t\t<div class=\"elementor-element elementor-element-1e7babe elementor-widget elementor-widget-heading\" data-id=\"1e7babe\" data-element_type=\"widget\" data-e-type=\"widget\" data-widget_type=\"heading.default\">\n\t\t\t\t\t<h3 class=\"elementor-heading-title elementor-size-default\">2. Mantener vivas las tradiciones en casa<\/h3>\t\t\t\t<\/div>\n\t\t\t\t\t<\/div>\n\t\t\t\t<\/div>\n\t\t<div data-particle_enable=\"false\" data-particle-mobile-disabled=\"false\" class=\"elementor-element elementor-element-9fc5e6c e-flex e-con-boxed e-con e-parent\" data-id=\"9fc5e6c\" data-element_type=\"container\" data-e-type=\"container\">\n\t\t\t\t\t<div class=\"e-con-inner\">\n\t\t\t\t<div class=\"elementor-element elementor-element-0fc7311 elementor-widget elementor-widget-text-editor\" data-id=\"0fc7311\" data-element_type=\"widget\" data-e-type=\"widget\" data-widget_type=\"text-editor.default\">\n\t\t\t\t\t\t\t\t\t<p><a href=\"https:\/\/soymigrante.com\/revista\/category\/guate-nuestra\/\" target=\"_blank\" rel=\"noopener\">Otra manera eficaz de sentir la cercan\u00eda a Guatemala durante las festividades es recrear las tradiciones en el hogar<\/a>. Cocinar platillos t\u00edpicos como tamales, chuchitos, fiambre o paches no solo ofrece un sabor aut\u00e9ntico de Guatemala, sino que tambi\u00e9n evoca recuerdos y sentimientos de pertenencia.<\/p><p>Invitar a amigos y familiares a compartir una comida tradicional puede ser un momento de uni\u00f3n y una forma de transmitir la cultura a las generaciones m\u00e1s j\u00f3venes, que quiz\u00e1s no han tenido la oportunidad de conocer Guatemala de primera mano.<\/p>\t\t\t\t\t\t\t\t<\/div>\n\t\t\t\t\t<\/div>\n\t\t\t\t<\/div>\n\t\t<div data-particle_enable=\"false\" data-particle-mobile-disabled=\"false\" class=\"elementor-element elementor-element-4421bdf e-flex e-con-boxed e-con e-parent\" data-id=\"4421bdf\" data-element_type=\"container\" data-e-type=\"container\">\n\t\t\t\t\t<div class=\"e-con-inner\">\n\t\t\t\t<div class=\"elementor-element elementor-element-4b64c9e elementor-widget elementor-widget-image\" data-id=\"4b64c9e\" data-element_type=\"widget\" data-e-type=\"widget\" data-widget_type=\"image.default\">\n\t\t\t\t\t\t\t\t\t\t\t\t\t\t\t<img decoding=\"async\" width=\"768\" height=\"768\" src=\"https:\/\/soymigrante.com\/revista\/wp-content\/uploads\/2024\/09\/Los-migrantes-guatemaltecos-pueden-vivir-las-festividades-asi-2-1024x1024.webp\" class=\"attachment-large size-large wp-image-9792\" alt=\"Puente Minerva en noche iluminada con feria y actividades culturales en el centro hist\u00f3rico.\" srcset=\"https:\/\/soymigrante.com\/revista\/wp-content\/uploads\/2024\/09\/Los-migrantes-guatemaltecos-pueden-vivir-las-festividades-asi-2-1024x1024.webp 1024w, https:\/\/soymigrante.com\/revista\/wp-content\/uploads\/2024\/09\/Los-migrantes-guatemaltecos-pueden-vivir-las-festividades-asi-2-300x300.webp 300w, https:\/\/soymigrante.com\/revista\/wp-content\/uploads\/2024\/09\/Los-migrantes-guatemaltecos-pueden-vivir-las-festividades-asi-2-150x150.webp 150w, https:\/\/soymigrante.com\/revista\/wp-content\/uploads\/2024\/09\/Los-migrantes-guatemaltecos-pueden-vivir-las-festividades-asi-2-768x768.webp 768w, https:\/\/soymigrante.com\/revista\/wp-content\/uploads\/2024\/09\/Los-migrantes-guatemaltecos-pueden-vivir-las-festividades-asi-2-75x75.webp 75w, https:\/\/soymigrante.com\/revista\/wp-content\/uploads\/2024\/09\/Los-migrantes-guatemaltecos-pueden-vivir-las-festividades-asi-2-750x750.webp 750w, https:\/\/soymigrante.com\/revista\/wp-content\/uploads\/2024\/09\/Los-migrantes-guatemaltecos-pueden-vivir-las-festividades-asi-2.webp 1125w\" sizes=\"(max-width: 768px) 100vw, 768px\" title=\"Los migrantes guatemaltecos pueden vivir las festividades asi\u0301 2 \u2013 SoyMigrante.com REVISTA\" \/>\t\t\t\t\t\t\t\t\t\t\t\t\t\t\t<\/div>\n\t\t\t\t\t<\/div>\n\t\t\t\t<\/div>\n\t\t<div data-particle_enable=\"false\" data-particle-mobile-disabled=\"false\" class=\"elementor-element elementor-element-08adff3 e-flex e-con-boxed e-con e-parent\" data-id=\"08adff3\" data-element_type=\"container\" data-e-type=\"container\">\n\t\t\t\t\t<div class=\"e-con-inner\">\n\t\t\t\t<div class=\"elementor-element elementor-element-72fc88e elementor-widget elementor-widget-heading\" data-id=\"72fc88e\" data-element_type=\"widget\" data-e-type=\"widget\" data-widget_type=\"heading.default\">\n\t\t\t\t\t<h3 class=\"elementor-heading-title elementor-size-default\">3. Utilizar la tecnolog\u00eda para conectar con familiares en Guatemala<\/h3>\t\t\t\t<\/div>\n\t\t\t\t\t<\/div>\n\t\t\t\t<\/div>\n\t\t<div data-particle_enable=\"false\" data-particle-mobile-disabled=\"false\" class=\"elementor-element elementor-element-859f45f e-flex e-con-boxed e-con e-parent\" data-id=\"859f45f\" data-element_type=\"container\" data-e-type=\"container\">\n\t\t\t\t\t<div class=\"e-con-inner\">\n\t\t\t\t<div class=\"elementor-element elementor-element-5b00755 elementor-widget elementor-widget-text-editor\" data-id=\"5b00755\" data-element_type=\"widget\" data-e-type=\"widget\" data-widget_type=\"text-editor.default\">\n\t\t\t\t\t\t\t\t\t<p>Gracias a las redes sociales y las plataformas de videollamadas, como WhatsApp, Zoom o Facebook Messenger, los migrantes guatemaltecos pueden mantenerse conectados con sus seres queridos durante las festividades. Participar virtualmente en las celebraciones familiares en Guatemala, ya sea viendo las procesiones de Semana Santa o los fuegos artificiales del A\u00f1o Nuevo, permite sentir que uno sigue siendo parte de esos momentos especiales.<\/p><p><a href=\"https:\/\/soymigrante.com\/revista\/category\/guate-nuestra\/\" target=\"_blank\" rel=\"noopener\">Tambi\u00e9n es posible unirse a grupos y p\u00e1ginas de redes sociales<\/a> donde otros migrantes guatemaltecos comparten sus experiencias, fotos y videos de c\u00f3mo est\u00e1n celebrando en diferentes partes del mundo. Estas plataformas ofrecen un sentido de comunidad y apoyo mutuo, ayudando a mitigar la soledad y el anhelo de estar en casa.<\/p>\t\t\t\t\t\t\t\t<\/div>\n\t\t\t\t\t<\/div>\n\t\t\t\t<\/div>\n\t\t<div data-particle_enable=\"false\" data-particle-mobile-disabled=\"false\" class=\"elementor-element elementor-element-a96c457 e-flex e-con-boxed e-con e-parent\" data-id=\"a96c457\" data-element_type=\"container\" data-e-type=\"container\">\n\t\t\t\t\t<div class=\"e-con-inner\">\n\t\t\t\t<div class=\"elementor-element elementor-element-1400399 elementor-widget elementor-widget-image\" data-id=\"1400399\" data-element_type=\"widget\" data-e-type=\"widget\" data-widget_type=\"image.default\">\n\t\t\t\t\t\t\t\t\t\t\t\t\t\t\t<img decoding=\"async\" width=\"694\" height=\"1024\" src=\"https:\/\/soymigrante.com\/revista\/wp-content\/uploads\/2024\/09\/Los-migrantes-guatemaltecos-pueden-vivir-las-festividades-asi-3-694x1024.webp\" class=\"attachment-large size-large wp-image-9793\" alt=\"Cargando un ata\u00fad en una ceremonia en la iglesia, con muchos asistentes de espaldas, en un d\u00eda soleado y cielo despejado.\" srcset=\"https:\/\/soymigrante.com\/revista\/wp-content\/uploads\/2024\/09\/Los-migrantes-guatemaltecos-pueden-vivir-las-festividades-asi-3-694x1024.webp 694w, https:\/\/soymigrante.com\/revista\/wp-content\/uploads\/2024\/09\/Los-migrantes-guatemaltecos-pueden-vivir-las-festividades-asi-3-203x300.webp 203w, https:\/\/soymigrante.com\/revista\/wp-content\/uploads\/2024\/09\/Los-migrantes-guatemaltecos-pueden-vivir-las-festividades-asi-3-768x1134.webp 768w, https:\/\/soymigrante.com\/revista\/wp-content\/uploads\/2024\/09\/Los-migrantes-guatemaltecos-pueden-vivir-las-festividades-asi-3-1041x1536.webp 1041w, https:\/\/soymigrante.com\/revista\/wp-content\/uploads\/2024\/09\/Los-migrantes-guatemaltecos-pueden-vivir-las-festividades-asi-3-750x1107.webp 750w, https:\/\/soymigrante.com\/revista\/wp-content\/uploads\/2024\/09\/Los-migrantes-guatemaltecos-pueden-vivir-las-festividades-asi-3-1140x1683.webp 1140w, https:\/\/soymigrante.com\/revista\/wp-content\/uploads\/2024\/09\/Los-migrantes-guatemaltecos-pueden-vivir-las-festividades-asi-3.webp 1301w\" sizes=\"(max-width: 694px) 100vw, 694px\" title=\"Los migrantes guatemaltecos pueden vivir las festividades asi\u0301 3 \u2013 SoyMigrante.com REVISTA\" \/>\t\t\t\t\t\t\t\t\t\t\t\t\t\t\t<\/div>\n\t\t\t\t\t<\/div>\n\t\t\t\t<\/div>\n\t\t<div data-particle_enable=\"false\" data-particle-mobile-disabled=\"false\" class=\"elementor-element elementor-element-d419a21 e-flex e-con-boxed e-con e-parent\" data-id=\"d419a21\" data-element_type=\"container\" data-e-type=\"container\">\n\t\t\t\t\t<div class=\"e-con-inner\">\n\t\t\t\t<div class=\"elementor-element elementor-element-4f3fa78 elementor-widget elementor-widget-heading\" data-id=\"4f3fa78\" data-element_type=\"widget\" data-e-type=\"widget\" data-widget_type=\"heading.default\">\n\t\t\t\t\t<h3 class=\"elementor-heading-title elementor-size-default\">4. Participar en organizaciones guatemaltecas en EE.UU.<\/h3>\t\t\t\t<\/div>\n\t\t\t\t\t<\/div>\n\t\t\t\t<\/div>\n\t\t<div data-particle_enable=\"false\" data-particle-mobile-disabled=\"false\" class=\"elementor-element elementor-element-1301b31 e-flex e-con-boxed e-con e-parent\" data-id=\"1301b31\" data-element_type=\"container\" data-e-type=\"container\">\n\t\t\t\t\t<div class=\"e-con-inner\">\n\t\t\t\t<div class=\"elementor-element elementor-element-6bd5626 elementor-widget elementor-widget-text-editor\" data-id=\"6bd5626\" data-element_type=\"widget\" data-e-type=\"widget\" data-widget_type=\"text-editor.default\">\n\t\t\t\t\t\t\t\t\t<p>Muchas organizaciones guatemaltecas en Estados Unidos est\u00e1n dedicadas a preservar y promover la cultura, al mismo tiempo que apoyan a los migrantes con diferentes recursos. Participar en estas organizaciones no solo ayuda a mantener las tradiciones, sino que tambi\u00e9n brinda la oportunidad de formar lazos m\u00e1s fuertes con otros compatriotas.<\/p><p>Grupos como la Fundaci\u00f3n Guatemalteca Americana o asociaciones regionales y departamentales organizan eventos culturales, talleres de artesan\u00edas, actividades de recaudaci\u00f3n de fondos y campa\u00f1as de apoyo para Guatemala durante todo el a\u00f1o, ofreciendo a los migrantes un espacio para seguir involucrados en las tradiciones nacionales.<\/p>\t\t\t\t\t\t\t\t<\/div>\n\t\t\t\t\t<\/div>\n\t\t\t\t<\/div>\n\t\t<div data-particle_enable=\"false\" data-particle-mobile-disabled=\"false\" class=\"elementor-element elementor-element-ca01216 e-flex e-con-boxed e-con e-parent\" data-id=\"ca01216\" data-element_type=\"container\" data-e-type=\"container\">\n\t\t\t\t\t<div class=\"e-con-inner\">\n\t\t\t\t<div class=\"elementor-element elementor-element-473957c elementor-widget elementor-widget-heading\" data-id=\"473957c\" data-element_type=\"widget\" data-e-type=\"widget\" data-widget_type=\"heading.default\">\n\t\t\t\t\t<h3 class=\"elementor-heading-title elementor-size-default\">5. Crear nuevas tradiciones<\/h3>\t\t\t\t<\/div>\n\t\t\t\t\t<\/div>\n\t\t\t\t<\/div>\n\t\t<div data-particle_enable=\"false\" data-particle-mobile-disabled=\"false\" class=\"elementor-element elementor-element-6d135bc e-flex e-con-boxed e-con e-parent\" data-id=\"6d135bc\" data-element_type=\"container\" data-e-type=\"container\">\n\t\t\t\t\t<div class=\"e-con-inner\">\n\t\t\t\t<div class=\"elementor-element elementor-element-92239d7 elementor-widget elementor-widget-text-editor\" data-id=\"92239d7\" data-element_type=\"widget\" data-e-type=\"widget\" data-widget_type=\"text-editor.default\">\n\t\t\t\t\t\t\t\t\t<p>Aunque es natural extra\u00f1ar las celebraciones tal como se viven en Guatemala, <a href=\"https:\/\/soymigrante.com\/revista\/category\/guate-nuestra\/\" target=\"_blank\" rel=\"noopener\">estar en un nuevo pa\u00eds ofrece la posibilidad de crear tradiciones nuevas que combinen lo mejor de ambas culturas.<\/a> Los migrantes guatemaltecos pueden adaptar las festividades a su entorno, por ejemplo, celebrando el D\u00eda de Acci\u00f3n de Gracias con un toque guatemalteco o integrando elementos de las festividades estadounidenses en sus propias celebraciones.<\/p><p>Crear nuevas tradiciones ayuda a forjar un sentido de pertenencia en el pa\u00eds de residencia, mientras se mantiene el v\u00ednculo con las ra\u00edces. Adem\u00e1s, es una forma de enriquecer las experiencias familiares y transmitir una identidad bicultural a las futuras generaciones.<\/p>\t\t\t\t\t\t\t\t<\/div>\n\t\t\t\t\t<\/div>\n\t\t\t\t<\/div>\n\t\t<div data-particle_enable=\"false\" data-particle-mobile-disabled=\"false\" class=\"elementor-element elementor-element-4880323 e-flex e-con-boxed e-con e-parent\" data-id=\"4880323\" data-element_type=\"container\" data-e-type=\"container\">\n\t\t\t\t\t<div class=\"e-con-inner\">\n\t\t\t\t<div class=\"elementor-element elementor-element-058213c elementor-widget elementor-widget-image\" data-id=\"058213c\" data-element_type=\"widget\" data-e-type=\"widget\" data-widget_type=\"image.default\">\n\t\t\t\t\t\t\t\t\t\t\t\t\t\t\t<img loading=\"lazy\" decoding=\"async\" width=\"768\" height=\"512\" src=\"https:\/\/soymigrante.com\/revista\/wp-content\/uploads\/2024\/09\/Los-migrantes-guatemaltecos-pueden-vivir-las-festividades-asi-4-1024x682.webp\" class=\"attachment-large size-large wp-image-9794\" alt=\"Gran despliegue de la bandera nacional de Guatemala en la Plaza Central durante una ceremonia c\u00edvica, destacando el patriotismo y el orgullo nacional con eventos oficiales y presencia de autoridades.\" srcset=\"https:\/\/soymigrante.com\/revista\/wp-content\/uploads\/2024\/09\/Los-migrantes-guatemaltecos-pueden-vivir-las-festividades-asi-4-1024x682.webp 1024w, https:\/\/soymigrante.com\/revista\/wp-content\/uploads\/2024\/09\/Los-migrantes-guatemaltecos-pueden-vivir-las-festividades-asi-4-300x200.webp 300w, https:\/\/soymigrante.com\/revista\/wp-content\/uploads\/2024\/09\/Los-migrantes-guatemaltecos-pueden-vivir-las-festividades-asi-4-768x512.webp 768w, https:\/\/soymigrante.com\/revista\/wp-content\/uploads\/2024\/09\/Los-migrantes-guatemaltecos-pueden-vivir-las-festividades-asi-4-750x500.webp 750w, https:\/\/soymigrante.com\/revista\/wp-content\/uploads\/2024\/09\/Los-migrantes-guatemaltecos-pueden-vivir-las-festividades-asi-4-1140x760.webp 1140w, https:\/\/soymigrante.com\/revista\/wp-content\/uploads\/2024\/09\/Los-migrantes-guatemaltecos-pueden-vivir-las-festividades-asi-4.webp 1280w\" sizes=\"(max-width: 768px) 100vw, 768px\" title=\"Los migrantes guatemaltecos pueden vivir las festividades asi\u0301 4 \u2013 SoyMigrante.com REVISTA\" \/>\t\t\t\t\t\t\t\t\t\t\t\t\t\t\t<\/div>\n\t\t\t\t\t<\/div>\n\t\t\t\t<\/div>\n\t\t<div data-particle_enable=\"false\" data-particle-mobile-disabled=\"false\" class=\"elementor-element elementor-element-f75de61 e-flex e-con-boxed e-con e-parent\" data-id=\"f75de61\" data-element_type=\"container\" data-e-type=\"container\">\n\t\t\t\t\t<div class=\"e-con-inner\">\n\t\t\t\t<div class=\"elementor-element elementor-element-05e716c elementor-widget elementor-widget-heading\" data-id=\"05e716c\" data-element_type=\"widget\" data-e-type=\"widget\" data-widget_type=\"heading.default\">\n\t\t\t\t\t<h3 class=\"elementor-heading-title elementor-size-default\">6. Cuidar la salud emocional<\/h3>\t\t\t\t<\/div>\n\t\t\t\t\t<\/div>\n\t\t\t\t<\/div>\n\t\t<div data-particle_enable=\"false\" data-particle-mobile-disabled=\"false\" class=\"elementor-element elementor-element-fd42881 e-flex e-con-boxed e-con e-parent\" data-id=\"fd42881\" data-element_type=\"container\" data-e-type=\"container\">\n\t\t\t\t\t<div class=\"e-con-inner\">\n\t\t\t\t<div class=\"elementor-element elementor-element-141541d elementor-widget elementor-widget-text-editor\" data-id=\"141541d\" data-element_type=\"widget\" data-e-type=\"widget\" data-widget_type=\"text-editor.default\">\n\t\t\t\t\t\t\t\t\t<p><a href=\"https:\/\/soymigrante.com\/revista\/category\/guate-nuestra\/\" target=\"_blank\" rel=\"noopener\">La nostalgia puede ser un sentimiento dif\u00edcil de manejar durante las festividades,<\/a> pero es importante reconocer las emociones y buscar maneras saludables de afrontarlas. Hablar con otros migrantes que entienden la experiencia de estar lejos de casa, ya sea en persona o a trav\u00e9s de plataformas en l\u00ednea, puede proporcionar alivio emocional y ayudar a sentirse menos solo.<\/p><p>Tambi\u00e9n es \u00fatil practicar actividades que promuevan el bienestar mental, como el ejercicio, la meditaci\u00f3n o mantener una rutina que ayude a sobrellevar los d\u00edas festivos. Adem\u00e1s, mantenerse activo en actividades sociales o comunitarias durante las festividades puede desviar la atenci\u00f3n de los pensamientos de a\u00f1oranza.<\/p>\t\t\t\t\t\t\t\t<\/div>\n\t\t\t\t\t<\/div>\n\t\t\t\t<\/div>\n\t\t<div data-particle_enable=\"false\" data-particle-mobile-disabled=\"false\" class=\"elementor-element elementor-element-35a36db e-flex e-con-boxed e-con e-parent\" data-id=\"35a36db\" data-element_type=\"container\" data-e-type=\"container\">\n\t\t\t\t\t<div class=\"e-con-inner\">\n\t\t\t\t<div class=\"elementor-element elementor-element-a34bcf0 elementor-widget elementor-widget-text-editor\" data-id=\"a34bcf0\" data-element_type=\"widget\" data-e-type=\"widget\" data-widget_type=\"text-editor.default\">\n\t\t\t\t\t\t\t\t\t<p>Celebrar las festividades guatemaltecas en Estados Unidos puede ser un desaf\u00edo para los migrantes, pero tambi\u00e9n es una oportunidad para fortalecer los lazos con la cultura, la familia y la comunidad. A trav\u00e9s de la participaci\u00f3n en eventos comunitarios, la recreaci\u00f3n de tradiciones en casa y el uso de la tecnolog\u00eda para conectarse con seres queridos en Guatemala, los migrantes pueden reducir la nostalgia y sentirse conectados con su pa\u00eds de origen. Crear nuevas tradiciones y cuidar la salud emocional tambi\u00e9n son pasos clave para disfrutar de las festividades con un sentido renovado de pertenencia, tanto en Guatemala como en Estados Unidos.<\/p>\t\t\t\t\t\t\t\t<\/div>\n\t\t\t\t\t<\/div>\n\t\t\t\t<\/div>\n\t\t<div data-particle_enable=\"false\" data-particle-mobile-disabled=\"false\" class=\"elementor-element elementor-element-31368b4 e-flex e-con-boxed e-con e-parent\" data-id=\"31368b4\" data-element_type=\"container\" data-e-type=\"container\">\n\t\t\t\t\t<div class=\"e-con-inner\">\n\t\t\t\t<div class=\"elementor-element elementor-element-0541d32 elementor-widget elementor-widget-heading\" data-id=\"0541d32\" data-element_type=\"widget\" data-e-type=\"widget\" data-widget_type=\"heading.default\">\n\t\t\t\t\t<h2 class=\"elementor-heading-title elementor-size-default\">Te puede interesar...<\/h2>\t\t\t\t<\/div>\n\t\t\t\t\t<\/div>\n\t\t\t\t<\/div>\n\t\t<div data-particle_enable=\"false\" data-particle-mobile-disabled=\"false\" class=\"elementor-element elementor-element-3170520 e-flex e-con-boxed e-con e-parent\" data-id=\"3170520\" data-element_type=\"container\" data-e-type=\"container\">\n\t\t\t\t\t<div class=\"e-con-inner\">\n\t\t\t\t<div class=\"elementor-element elementor-element-93c7934 elementor-widget elementor-widget-blfe-post-grid\" data-id=\"93c7934\" data-element_type=\"widget\" data-e-type=\"widget\" data-settings=\"{&quot;columns&quot;:&quot;3&quot;,&quot;columns_tablet&quot;:&quot;6&quot;,&quot;columns_mobile&quot;:&quot;12&quot;,&quot;hero1_layout_column_gap&quot;:{&quot;unit&quot;:&quot;px&quot;,&quot;size&quot;:30,&quot;sizes&quot;:[]},&quot;hero1_layout_column_gap_tablet&quot;:{&quot;unit&quot;:&quot;px&quot;,&quot;size&quot;:&quot;&quot;,&quot;sizes&quot;:[]},&quot;hero1_layout_column_gap_mobile&quot;:{&quot;unit&quot;:&quot;px&quot;,&quot;size&quot;:&quot;&quot;,&quot;sizes&quot;:[]},&quot;hero1_layout_row_gap&quot;:{&quot;unit&quot;:&quot;px&quot;,&quot;size&quot;:30,&quot;sizes&quot;:[]},&quot;hero1_layout_row_gap_tablet&quot;:{&quot;unit&quot;:&quot;px&quot;,&quot;size&quot;:&quot;&quot;,&quot;sizes&quot;:[]},&quot;hero1_layout_row_gap_mobile&quot;:{&quot;unit&quot;:&quot;px&quot;,&quot;size&quot;:&quot;&quot;,&quot;sizes&quot;:[]}}\" data-widget_type=\"blfe-post-grid.hero1\">\n\t\t\t\t<div class=\"elementor-widget-container\">\n\t\t\t\t\t\n                        <div class=\"blfe-post-grid-container \">\n            \n                <div data-skin=\"hero1\" class=\"blfe-row blfe-posts-inner blfe-hero1 blfe-posts-inner blfe-col-3 blfe-col-tab-6 blfe-col-mob-12     \">\n                            <div class=\"blfe-post-grid-item\">\n            <div class=\"blfe-post-grid-item-inner blfe-modern-zoom\">\n                        <div class=\"blfe-post-grid-bg-image\">\n            <a class=\"blfe-post-grid-image-inner\" href=\"https:\/\/soymigrante.com\/revista\/como-tramitar-el-pasaporte-guatemalteco-en-estados-unidos\/\" title=\"\u00bfC\u00f3mo tramitar el pasaporte guatemalteco en Estados Unidos?\" rel=\"nofollow\" target=\"_blank\"><img decoding=\"async\" src=\"https:\/\/soymigrante.com\/revista\/wp-content\/uploads\/2023\/10\/El-pasaporte-se-puede-tramitar-desde-las-embajadas-y-consulados-oficiales-en-Estados-Unidos-scaled.webp\" alt=\"\u00bfC\u00f3mo tramitar el pasaporte guatemalteco en Estados Unidos?\"\/><\/a>        <\/div>\n                        <div class=\"blfe-post-grid-details\">\n                    <div class=\"blfe-post-grid-details-inner\">\n                        <span class=\"blfe-post-category\"><a href=\"https:\/\/soymigrante.com\/revista\/category\/recursos-migratorios\/\">Recursos Migratorios<\/a><\/span>                        <h3 class=\"blfe-post-grid-title\">\n            <a href=\"https:\/\/soymigrante.com\/revista\/como-tramitar-el-pasaporte-guatemalteco-en-estados-unidos\/\" title=\"\u00bfC\u00f3mo tramitar el pasaporte guatemalteco en Estados Unidos?\" rel=\"nofollow\" target=\"_blank\">\u00bfC\u00f3mo tramitar el pasaporte guatemalteco en Estados Unidos?<\/a>\n            <\/h3>                                                            <div class=\"blfe-post-grid-meta\">\n                <span class=\"blfe-post-grid-time\"><i class=\"fas fa-book-reader\"><\/i>5 Min read<\/span>            <\/div>\n                                                        <\/div>\n                <\/div>\n\n            <\/div>\n        <\/div>\n                <div class=\"blfe-post-grid-item\">\n            <div class=\"blfe-post-grid-item-inner blfe-modern-zoom\">\n                        <div class=\"blfe-post-grid-bg-image\">\n            <a class=\"blfe-post-grid-image-inner\" href=\"https:\/\/soymigrante.com\/revista\/estas-son-las-128-preguntas-y-respuestas-del-examen-de-ciudadania-usa-2025\/\" title=\"Estas son las 128 preguntas y respuestas del examen de ciudadan\u00eda USA 2025\" rel=\"nofollow\" target=\"_blank\"><img decoding=\"async\" src=\"https:\/\/soymigrante.com\/revista\/wp-content\/uploads\/2025\/10\/ciudadania-examen-y-juramento.jpg\" alt=\"Estas son las 128 preguntas y respuestas del examen de ciudadan\u00eda USA 2025\"\/><\/a>        <\/div>\n                        <div class=\"blfe-post-grid-details\">\n                    <div class=\"blfe-post-grid-details-inner\">\n                        <span class=\"blfe-post-category\"><a href=\"https:\/\/soymigrante.com\/revista\/category\/recursos-migratorios\/\">Recursos Migratorios<\/a><\/span>                        <h3 class=\"blfe-post-grid-title\">\n            <a href=\"https:\/\/soymigrante.com\/revista\/estas-son-las-128-preguntas-y-respuestas-del-examen-de-ciudadania-usa-2025\/\" title=\"Estas son las 128 preguntas y respuestas del examen de ciudadan\u00eda USA 2025\" rel=\"nofollow\" target=\"_blank\">Estas son las 128 preguntas y respuestas del examen de ciudadan\u00eda USA 2025<\/a>\n            <\/h3>                                                            <div class=\"blfe-post-grid-meta\">\n                <span class=\"blfe-post-grid-time\"><i class=\"fas fa-book-reader\"><\/i>4 Min read<\/span>            <\/div>\n                                                        <\/div>\n                <\/div>\n\n            <\/div>\n        <\/div>\n                <div class=\"blfe-post-grid-item\">\n            <div class=\"blfe-post-grid-item-inner blfe-modern-zoom\">\n                        <div class=\"blfe-post-grid-bg-image\">\n            <a class=\"blfe-post-grid-image-inner\" href=\"https:\/\/soymigrante.com\/revista\/abogada-meredith-brown-expone-claves-de-derechos-migrantes-en-estados-unidos\/\" title=\"Abogada Meredith Brown expone claves de derechos migrantes en Estados Unidos\" rel=\"nofollow\" target=\"_blank\"><img decoding=\"async\" src=\"https:\/\/soymigrante.com\/revista\/wp-content\/uploads\/2025\/03\/envato-labs-ai-2536242b-642a-4e3a-8413-4e1b36bff18f.webp\" alt=\"Abogada Meredith Brown expone claves de derechos migrantes en Estados Unidos\"\/><\/a>        <\/div>\n                        <div class=\"blfe-post-grid-details\">\n                    <div class=\"blfe-post-grid-details-inner\">\n                        <span class=\"blfe-post-category\"><a href=\"https:\/\/soymigrante.com\/revista\/category\/recursos-migratorios\/\">Recursos Migratorios<\/a><\/span>                        <h3 class=\"blfe-post-grid-title\">\n            <a href=\"https:\/\/soymigrante.com\/revista\/abogada-meredith-brown-expone-claves-de-derechos-migrantes-en-estados-unidos\/\" title=\"Abogada Meredith Brown expone claves de derechos migrantes en Estados Unidos\" rel=\"nofollow\" target=\"_blank\">Abogada Meredith Brown expone claves de derechos migrantes en Estados Unidos<\/a>\n            <\/h3>                                                            <div class=\"blfe-post-grid-meta\">\n                <span class=\"blfe-post-grid-time\"><i class=\"fas fa-book-reader\"><\/i>4 Min read<\/span>            <\/div>\n                                                        <\/div>\n                <\/div>\n\n            <\/div>\n        <\/div>\n                        <\/div>\n\n                        <\/div>\n            \n                        <div class=\"blfe-post-footer\">\n                        <\/div>\n            \t\t\t\t<\/div>\n\t\t\t\t<\/div>\n\t\t\t\t\t<\/div>\n\t\t\t\t<\/div>\n\t\t\t\t<\/div>\n\t\t","protected":false},"excerpt":{"rendered":"<p>Las fiestas en Guatemala son emblem\u00e1ticas, llenas de sabor, tradici\u00f3n y muy extra\u00f1adas en el extranjero, as\u00ed puede vivirlas. Para los guatemaltecos que residen en Estados Unidos, las festividades tradicionales, como el D\u00eda de la Independencia, la Semana Santa, o las celebraciones de fin de a\u00f1o, pueden despertar un fuerte sentimiento de nostalgia. Estar lejos [&hellip;]<\/p>\n","protected":false},"author":19,"featured_media":9790,"comment_status":"open","ping_status":"open","sticky":false,"template":"","format":"standard","meta":{"_acf_changed":false,"_eb_attr":"","footnotes":""},"categories":[58],"tags":[],"class_list":["post-9789","post","type-post","status-publish","format-standard","has-post-thumbnail","hentry","category-guate-nuestra"],"acf":[],"aioseo_notices":[],"aioseo_head":"\n\t\t<!-- All in One SEO Pro 4.9.6.2 - aioseo.com -->\n\t<meta name=\"description\" content=\"En el conversatorio, la abogada de inmigraci\u00f3n, Meredich Brown y Walter Batres, de la Red Migrante Guatemalteca, expusieron el entorno del 2025 y como actuar.\" \/>\n\t<meta name=\"robots\" content=\"max-snippet:-1, max-image-preview:large, max-video-preview:-1\" \/>\n\t<meta name=\"author\" content=\"Marysabel Aldana\"\/>\n\t<link rel=\"canonical\" href=\"https:\/\/soymigrante.com\/revista\/abogada-meredith-brown-expone-claves-de-derechos-migrantes-en-estados-unidos\/\" \/>\n\t<meta name=\"generator\" content=\"All in One SEO Pro (AIOSEO) 4.9.6.2\" \/>\n\n\t\t<link rel=\"preconnect\" href=\"https:\/\/fonts.googleapis.com\" crossorigin>\n<link rel=\"preconnect\" href=\"https:\/\/fonts.gstatic.com\" crossorigin>\n\t\t<meta property=\"og:locale\" content=\"es_ES\" \/>\n\t\t<meta property=\"og:site_name\" content=\"SoyMigrante.com REVISTA \u2013 Nuestra misi\u00f3n es reconocer y dignificar al migrante.\" \/>\n\t\t<meta property=\"og:type\" content=\"article\" \/>\n\t\t<meta property=\"og:title\" content=\"Abogada Meredith Brown ofrece claves de derechos migrantes\" \/>\n\t\t<meta property=\"og:description\" content=\"En el conversatorio, la abogada de inmigraci\u00f3n, Meredich Brown y Walter Batres, de la Red Migrante Guatemalteca, expusieron el entorno del 2025 y como actuar.\" \/>\n\t\t<meta property=\"og:url\" content=\"https:\/\/soymigrante.com\/revista\/abogada-meredith-brown-expone-claves-de-derechos-migrantes-en-estados-unidos\/\" \/>\n\t\t<meta property=\"og:image\" content=\"https:\/\/soymigrante.com\/revista\/wp-content\/uploads\/2025\/03\/envato-labs-ai-2536242b-642a-4e3a-8413-4e1b36bff18f.webp\" \/>\n\t\t<meta property=\"og:image:secure_url\" content=\"https:\/\/soymigrante.com\/revista\/wp-content\/uploads\/2025\/03\/envato-labs-ai-2536242b-642a-4e3a-8413-4e1b36bff18f.webp\" \/>\n\t\t<meta property=\"og:image:width\" content=\"1024\" \/>\n\t\t<meta property=\"og:image:height\" content=\"1024\" \/>\n\t\t<meta property=\"article:published_time\" content=\"2025-03-07T12:00:37+00:00\" \/>\n\t\t<meta property=\"article:modified_time\" content=\"2025-03-07T12:02:39+00:00\" \/>\n\t\t<meta property=\"article:publisher\" content=\"https:\/\/www.facebook.com\/soymigrantecom\" \/>\n\t\t<meta name=\"twitter:card\" content=\"summary_large_image\" \/>\n\t\t<meta name=\"twitter:site\" content=\"@SoyMigrante_com\" \/>\n\t\t<meta name=\"twitter:title\" content=\"Abogada Meredith Brown ofrece claves de derechos migrantes\" \/>\n\t\t<meta name=\"twitter:description\" content=\"En el conversatorio, la abogada de inmigraci\u00f3n, Meredich Brown y Walter Batres, de la Red Migrante Guatemalteca, expusieron el entorno del 2025 y como actuar.\" \/>\n\t\t<meta name=\"twitter:creator\" content=\"@SoyMigrante_com\" \/>\n\t\t<meta name=\"twitter:image\" content=\"https:\/\/soymigrante.com\/revista\/wp-content\/uploads\/2025\/03\/envato-labs-ai-2536242b-642a-4e3a-8413-4e1b36bff18f.webp\" \/>\n\t\t<!-- All in One SEO Pro -->\r\n\t\t<title>Abogada Meredith Brown ofrece claves de derechos migrantes<\/title>\n\n","aioseo_head_json":{"title":"Abogada Meredith Brown ofrece claves de derechos migrantes","description":"En el conversatorio, la abogada de inmigraci\u00f3n, Meredich Brown y Walter Batres, de la Red Migrante Guatemalteca, expusieron el entorno del 2025 y como actuar.","canonical_url":"https:\/\/soymigrante.com\/revista\/abogada-meredith-brown-expone-claves-de-derechos-migrantes-en-estados-unidos\/","robots":"max-snippet:-1, max-image-preview:large, max-video-preview:-1","keywords":"","webmasterTools":{"miscellaneous":"&lt;link rel=\"preconnect\" href=\"https:\/\/fonts.googleapis.com\" crossorigin&gt;\n&lt;link rel=\"preconnect\" href=\"https:\/\/fonts.gstatic.com\" crossorigin&gt;"},"schema":null,"og:locale":"es_ES","og:site_name":"SoyMigrante.com REVISTA \u2013 Nuestra misi\u00f3n es reconocer y dignificar al migrante.","og:type":"article","og:title":"Abogada Meredith Brown ofrece claves de derechos migrantes","og:description":"En el conversatorio, la abogada de inmigraci\u00f3n, Meredich Brown y Walter Batres, de la Red Migrante Guatemalteca, expusieron el entorno del 2025 y como actuar.","og:url":"https:\/\/soymigrante.com\/revista\/abogada-meredith-brown-expone-claves-de-derechos-migrantes-en-estados-unidos\/","og:image":"https:\/\/soymigrante.com\/revista\/wp-content\/uploads\/2025\/03\/envato-labs-ai-2536242b-642a-4e3a-8413-4e1b36bff18f.webp","og:image:secure_url":"https:\/\/soymigrante.com\/revista\/wp-content\/uploads\/2025\/03\/envato-labs-ai-2536242b-642a-4e3a-8413-4e1b36bff18f.webp","og:image:width":1024,"og:image:height":1024,"article:published_time":"2025-03-07T12:00:37+00:00","article:modified_time":"2025-03-07T12:02:39+00:00","article:publisher":"https:\/\/www.facebook.com\/soymigrantecom","twitter:card":"summary_large_image","twitter:site":"@SoyMigrante_com","twitter:title":"Abogada Meredith Brown ofrece claves de derechos migrantes","twitter:description":"En el conversatorio, la abogada de inmigraci\u00f3n, Meredich Brown y Walter Batres, de la Red Migrante Guatemalteca, expusieron el entorno del 2025 y como actuar.","twitter:creator":"@SoyMigrante_com","twitter:image":"https:\/\/soymigrante.com\/revista\/wp-content\/uploads\/2025\/03\/envato-labs-ai-2536242b-642a-4e3a-8413-4e1b36bff18f.webp"},"aioseo_meta_data":{"post_id":"9789","title":null,"description":"Las fiestas en Guatemala son emblem\u00e1ticas, llenas de sabor, tradici\u00f3n y muy extra\u00f1adas en el extranjero, as\u00ed puede vivirlas.","keywords":null,"keyphrases":{"focus":{"keyphrase":"migrantes","score":74,"analysis":{"keyphraseInTitle":{"score":9,"maxScore":9,"error":0},"keyphraseInDescription":{"score":3,"maxScore":9,"error":1},"keyphraseLength":{"score":9,"maxScore":9,"error":0,"length":1},"keyphraseInURL":{"score":5,"maxScore":5,"error":0},"keyphraseInIntroduction":{"score":3,"maxScore":9,"error":1},"keyphraseInSubHeadings":{"score":3,"maxScore":9,"error":1},"keyphraseInImageAlt":{"score":9,"maxScore":9,"error":0},"keywordDensity":{"type":"best","score":9,"maxScore":9,"error":0}}},"additional":[{"keyphrase":"migrantes","score":73,"analysis":{"keyphraseInDescription":{"score":3,"maxScore":9,"error":1},"keyphraseLength":{"score":9,"maxScore":9,"error":0,"length":1},"keyphraseInIntroduction":{"score":3,"maxScore":9,"error":1},"keyphraseInImageAlt":{"score":9,"maxScore":9,"error":0},"keywordDensity":{"type":"best","score":9,"maxScore":9,"error":0}}},{"keyphrase":"guatemaltecos","score":87,"analysis":{"keyphraseInDescription":{"score":3,"maxScore":9,"error":1},"keyphraseLength":{"score":9,"maxScore":9,"error":0,"length":1},"keyphraseInIntroduction":{"score":9,"maxScore":9,"error":0},"keyphraseInImageAlt":{"score":9,"maxScore":9,"error":0},"keywordDensity":{"type":"best","score":9,"maxScore":9,"error":0}}}]},"primary_term":null,"canonical_url":null,"og_title":null,"og_description":null,"og_object_type":"default","og_image_type":"default","og_image_url":null,"og_image_width":null,"og_image_height":null,"og_image_custom_url":null,"og_image_custom_fields":null,"og_video":"","og_custom_url":null,"og_article_section":null,"og_article_tags":null,"twitter_use_og":false,"twitter_card":"default","twitter_image_type":"default","twitter_image_url":null,"twitter_image_custom_url":null,"twitter_image_custom_fields":null,"twitter_title":null,"twitter_description":null,"schema":{"blockGraphs":[],"customGraphs":[],"default":{"data":{"Article":[],"Course":[],"Dataset":[],"FAQPage":[],"Movie":[],"Person":[],"Product":[],"ProductReview":[],"Car":[],"Recipe":[],"Service":[],"SoftwareApplication":[],"WebPage":[]},"graphName":"Article","isEnabled":true},"graphs":[]},"schema_type":"default","schema_type_options":null,"pillar_content":false,"robots_default":true,"robots_noindex":false,"robots_noarchive":false,"robots_nosnippet":false,"robots_nofollow":false,"robots_noimageindex":false,"robots_noodp":false,"robots_notranslate":false,"robots_max_snippet":"-1","robots_max_videopreview":"-1","robots_max_imagepreview":"large","priority":null,"frequency":"default","local_seo":null,"seo_analyzer_scan_date":"2025-10-09 00:33:10","breadcrumb_settings":null,"limit_modified_date":false,"reviewed_by":null,"open_ai":"{\"title\":{\"suggestions\":[],\"usage\":0},\"description\":{\"suggestions\":[],\"usage\":0}}","ai":null,"created":"2024-09-27 17:43:41","updated":"2026-02-04 16:44:14"},"aioseo_breadcrumb":"<div class=\"aioseo-breadcrumbs\"><span class=\"aioseo-breadcrumb\">\n\t<a href=\"https:\/\/soymigrante.com\/revista\" title=\"Home\">Home<\/a>\n<\/span><span class=\"aioseo-breadcrumb-separator\">\u00bb<\/span><span class=\"aioseo-breadcrumb\">\n\t<a href=\"https:\/\/soymigrante.com\/revista\/category\/guate-nuestra\/\" title=\"Guate Nuestra\">Guate Nuestra<\/a>\n<\/span><span class=\"aioseo-breadcrumb-separator\">\u00bb<\/span><span class=\"aioseo-breadcrumb\">\n\tMigrantes pueden vivir las fiestas de fin de a\u00f1o en USA sin perder identidad: claves para lograrlo\n<\/span><\/div>","aioseo_breadcrumb_json":[{"label":"Home","link":"https:\/\/soymigrante.com\/revista"},{"label":"Guate Nuestra","link":"https:\/\/soymigrante.com\/revista\/category\/guate-nuestra\/"},{"label":"Migrantes pueden vivir las fiestas de fin de a\u00f1o en USA sin perder identidad: claves para lograrlo","link":"https:\/\/soymigrante.com\/revista\/migrantes-pueden-vivir-las-fiestas-de-fin-de-ano-en-usa-sin-perder-identidad-claves-para-lograrlo\/"}],"_links":{"self":[{"href":"https:\/\/soymigrante.com\/revista\/wp-json\/wp\/v2\/posts\/9789","targetHints":{"allow":["GET"]}}],"collection":[{"href":"https:\/\/soymigrante.com\/revista\/wp-json\/wp\/v2\/posts"}],"about":[{"href":"https:\/\/soymigrante.com\/revista\/wp-json\/wp\/v2\/types\/post"}],"author":[{"embeddable":true,"href":"https:\/\/soymigrante.com\/revista\/wp-json\/wp\/v2\/users\/19"}],"replies":[{"embeddable":true,"href":"https:\/\/soymigrante.com\/revista\/wp-json\/wp\/v2\/comments?post=9789"}],"version-history":[{"count":0,"href":"https:\/\/soymigrante.com\/revista\/wp-json\/wp\/v2\/posts\/9789\/revisions"}],"wp:featuredmedia":[{"embeddable":true,"href":"https:\/\/soymigrante.com\/revista\/wp-json\/wp\/v2\/media\/9790"}],"wp:attachment":[{"href":"https:\/\/soymigrante.com\/revista\/wp-json\/wp\/v2\/media?parent=9789"}],"wp:term":[{"taxonomy":"category","embeddable":true,"href":"https:\/\/soymigrante.com\/revista\/wp-json\/wp\/v2\/categories?post=9789"},{"taxonomy":"post_tag","embeddable":true,"href":"https:\/\/soymigrante.com\/revista\/wp-json\/wp\/v2\/tags?post=9789"}],"curies":[{"name":"wp","href":"https:\/\/api.w.org\/{rel}","templated":true}]}}