{"id":9783,"date":"2024-10-01T14:27:18","date_gmt":"2024-10-01T20:27:18","guid":{"rendered":"https:\/\/soymigrante.com\/revista\/?p=9783"},"modified":"2024-10-01T14:27:20","modified_gmt":"2024-10-01T20:27:20","slug":"como-inscribir-a-hijos-de-migrantes-en-escuelas-de-usa","status":"publish","type":"post","link":"https:\/\/soymigrante.com\/revista\/como-inscribir-a-hijos-de-migrantes-en-escuelas-de-usa\/","title":{"rendered":"C\u00f3mo inscribir a hijos de migrantes en escuelas de USA"},"content":{"rendered":"\t\t<div data-elementor-type=\"wp-post\" data-elementor-id=\"9783\" class=\"elementor elementor-9783\" data-elementor-post-type=\"post\">\n\t\t\t\t<div data-particle_enable=\"false\" data-particle-mobile-disabled=\"false\" class=\"elementor-element elementor-element-0b4ccf5 e-flex e-con-boxed e-con e-parent\" data-id=\"0b4ccf5\" data-element_type=\"container\" data-e-type=\"container\">\n\t\t\t\t\t<div class=\"e-con-inner\">\n\t\t\t\t<div class=\"elementor-element elementor-element-b8f107b elementor-widget elementor-widget-heading\" data-id=\"b8f107b\" data-element_type=\"widget\" data-e-type=\"widget\" data-widget_type=\"heading.default\">\n\t\t\t\t\t<h2 class=\"elementor-heading-title elementor-size-default\">La educaci\u00f3n es prioridad para los padres migrantes en Estados Unidos y de esta manera se puede inscribir a los hijos en las escuelas. <\/h2>\t\t\t\t<\/div>\n\t\t\t\t\t<\/div>\n\t\t\t\t<\/div>\n\t\t<div data-particle_enable=\"false\" data-particle-mobile-disabled=\"false\" class=\"elementor-element elementor-element-7463038 e-flex e-con-boxed e-con e-parent\" data-id=\"7463038\" data-element_type=\"container\" data-e-type=\"container\">\n\t\t\t\t\t<div class=\"e-con-inner\">\n\t\t\t\t<div class=\"elementor-element elementor-element-33254ff elementor-widget elementor-widget-text-editor\" data-id=\"33254ff\" data-element_type=\"widget\" data-e-type=\"widget\" data-widget_type=\"text-editor.default\">\n\t\t\t\t\t\t\t\t\t<p>Para muchas familias migrantes guatemaltecas en los Estados Unidos, una de las principales prioridades es garantizar que sus hijos puedan acceder a una educaci\u00f3n de calidad. <a href=\"https:\/\/soymigrante.com\/revista\/como-lidiar-con-el-choque-cultural-en-ninos-y-jovenes-al-llegar-a-usa\/\" target=\"_blank\" rel=\"noopener\">Aunque el sistema educativo estadounidense puede parecer complejo, la inscripci\u00f3n de los hijos de migrantes, independientemente de su estatus migratorio, es un derecho fundamental.<\/a> A continuaci\u00f3n, se detalla el proceso y los requisitos esenciales para inscribir a los hijos de migrantes guatemaltecos en las escuelas p\u00fablicas de Estados Unidos.<\/p>\t\t\t\t\t\t\t\t<\/div>\n\t\t\t\t\t<\/div>\n\t\t\t\t<\/div>\n\t\t<div data-particle_enable=\"false\" data-particle-mobile-disabled=\"false\" class=\"elementor-element elementor-element-35b5cee e-flex e-con-boxed e-con e-parent\" data-id=\"35b5cee\" data-element_type=\"container\" data-e-type=\"container\">\n\t\t\t\t\t<div class=\"e-con-inner\">\n\t\t\t\t<div class=\"elementor-element elementor-element-6145e0c elementor-widget elementor-widget-heading\" data-id=\"6145e0c\" data-element_type=\"widget\" data-e-type=\"widget\" data-widget_type=\"heading.default\">\n\t\t\t\t\t<h3 class=\"elementor-heading-title elementor-size-default\">1. Derecho a la educaci\u00f3n para todos<\/h3>\t\t\t\t<\/div>\n\t\t\t\t\t<\/div>\n\t\t\t\t<\/div>\n\t\t<div data-particle_enable=\"false\" data-particle-mobile-disabled=\"false\" class=\"elementor-element elementor-element-ebbc297 e-flex e-con-boxed e-con e-parent\" data-id=\"ebbc297\" data-element_type=\"container\" data-e-type=\"container\">\n\t\t\t\t\t<div class=\"e-con-inner\">\n\t\t\t\t<div class=\"elementor-element elementor-element-57a4bbb elementor-widget elementor-widget-text-editor\" data-id=\"57a4bbb\" data-element_type=\"widget\" data-e-type=\"widget\" data-widget_type=\"text-editor.default\">\n\t\t\t\t\t\t\t\t\t<p>En Estados Unidos, la educaci\u00f3n es obligatoria para todos los ni\u00f1os en edad escolar, y este derecho es aplicable sin importar el estatus migratorio de la familia. Esto significa que los ni\u00f1os indocumentados o hijos de padres indocumentados tienen el mismo derecho a asistir a las escuelas p\u00fablicas que cualquier otro ni\u00f1o.<\/p><p>El fallo de la Corte Suprema en el caso <a href=\"https:\/\/www.uscourts.gov\/educational-resources\/educational-activities\/access-education-rule-law\" target=\"_blank\" rel=\"noopener\">Plyler v. Doe<\/a> de 1982 garantiza que las escuelas p\u00fablicas no pueden negar la inscripci\u00f3n de un ni\u00f1o debido a su estatus migratorio.<\/p>\t\t\t\t\t\t\t\t<\/div>\n\t\t\t\t\t<\/div>\n\t\t\t\t<\/div>\n\t\t<div data-particle_enable=\"false\" data-particle-mobile-disabled=\"false\" class=\"elementor-element elementor-element-e058f6b e-flex e-con-boxed e-con e-parent\" data-id=\"e058f6b\" data-element_type=\"container\" data-e-type=\"container\">\n\t\t\t\t\t<div class=\"e-con-inner\">\n\t\t\t\t<div class=\"elementor-element elementor-element-aec9743 elementor-widget elementor-widget-heading\" data-id=\"aec9743\" data-element_type=\"widget\" data-e-type=\"widget\" data-widget_type=\"heading.default\">\n\t\t\t\t\t<h3 class=\"elementor-heading-title elementor-size-default\">2. Documentaci\u00f3n necesaria<\/h3>\t\t\t\t<\/div>\n\t\t\t\t\t<\/div>\n\t\t\t\t<\/div>\n\t\t<div data-particle_enable=\"false\" data-particle-mobile-disabled=\"false\" class=\"elementor-element elementor-element-8181699 e-flex e-con-boxed e-con e-parent\" data-id=\"8181699\" data-element_type=\"container\" data-e-type=\"container\">\n\t\t\t\t\t<div class=\"e-con-inner\">\n\t\t\t\t<div class=\"elementor-element elementor-element-e78c439 elementor-widget elementor-widget-text-editor\" data-id=\"e78c439\" data-element_type=\"widget\" data-e-type=\"widget\" data-widget_type=\"text-editor.default\">\n\t\t\t\t\t\t\t\t\t<p>Aunque las escuelas no pueden exigir documentos relacionados con el estatus migratorio, s<a href=\"https:\/\/soymigrante.com\/revista\/como-lidiar-con-el-choque-cultural-en-ninos-y-jovenes-al-llegar-a-usa\/\" target=\"_blank\" rel=\"noopener\">\u00ed pueden solicitar ciertos documentos para asegurarse de que el ni\u00f1o cumple con los requisitos de edad, residencia y salud<\/a>. Estos son los documentos m\u00e1s comunes:<\/p><p><strong>&#8211; Prueba de edad:<\/strong> Para determinar la edad del ni\u00f1o, las escuelas suelen solicitar una copia del acta de nacimiento. Si los padres no tienen el acta de nacimiento a mano, tambi\u00e9n pueden aceptar otros documentos como un pasaporte, una partida bautismal o documentos m\u00e9dicos.<\/p><p><strong>&#8211; Comprobante de residencia:<\/strong> Para inscribir a un ni\u00f1o en una escuela, es necesario demostrar que la familia reside en el distrito escolar correspondiente. Los comprobantes de residencia pueden incluir un contrato de alquiler, una factura de servicios p\u00fablicos, una carta del arrendador o una declaraci\u00f3n notariada si la familia vive con otra persona.<\/p><p><strong>&#8211; Registro de vacunaci\u00f3n:<\/strong> Las escuelas exigen que todos los estudiantes tengan al d\u00eda sus vacunas, seg\u00fan las leyes estatales. En algunos estados, se permiten exenciones m\u00e9dicas o religiosas, pero la mayor\u00eda requiere que los estudiantes est\u00e9n vacunados antes de empezar clases. Si la familia no cuenta con los registros m\u00e9dicos del ni\u00f1o, es posible que pueda obtenerlos en una cl\u00ednica de salud local o a trav\u00e9s de los servicios consulares.<\/p>\t\t\t\t\t\t\t\t<\/div>\n\t\t\t\t\t<\/div>\n\t\t\t\t<\/div>\n\t\t<div data-particle_enable=\"false\" data-particle-mobile-disabled=\"false\" class=\"elementor-element elementor-element-38a018b e-flex e-con-boxed e-con e-parent\" data-id=\"38a018b\" data-element_type=\"container\" data-e-type=\"container\">\n\t\t\t\t\t<div class=\"e-con-inner\">\n\t\t\t\t<div class=\"elementor-element elementor-element-888d52a elementor-widget elementor-widget-heading\" data-id=\"888d52a\" data-element_type=\"widget\" data-e-type=\"widget\" data-widget_type=\"heading.default\">\n\t\t\t\t\t<h3 class=\"elementor-heading-title elementor-size-default\">3. Evaluaciones adicionales<\/h3>\t\t\t\t<\/div>\n\t\t\t\t\t<\/div>\n\t\t\t\t<\/div>\n\t\t<div data-particle_enable=\"false\" data-particle-mobile-disabled=\"false\" class=\"elementor-element elementor-element-94ce164 e-flex e-con-boxed e-con e-parent\" data-id=\"94ce164\" data-element_type=\"container\" data-e-type=\"container\">\n\t\t\t\t\t<div class=\"e-con-inner\">\n\t\t\t\t<div class=\"elementor-element elementor-element-71fb52d elementor-widget elementor-widget-text-editor\" data-id=\"71fb52d\" data-element_type=\"widget\" data-e-type=\"widget\" data-widget_type=\"text-editor.default\">\n\t\t\t\t\t\t\t\t\t<p><a href=\"https:\/\/soymigrante.com\/revista\/como-lidiar-con-el-choque-cultural-en-ninos-y-jovenes-al-llegar-a-usa\/\" target=\"_blank\" rel=\"noopener\">Una vez inscritos, es posible que algunos ni\u00f1os migrantes necesiten evaluaciones adicionales<\/a> para garantizar que se les brinden los apoyos educativos adecuados. Entre estas evaluaciones pueden estar:<\/p><p><strong>&#8211; Prueba de idioma:<\/strong> Los ni\u00f1os cuya primera lengua no es el ingl\u00e9s suelen ser evaluados para determinar su nivel de competencia en ingl\u00e9s. Con base en estos resultados, pueden ser asignados a programas de ingl\u00e9s como segunda lengua (ESL) o programas biling\u00fces.<\/p><p><strong>&#8211; Servicios especiales:<\/strong> Si un ni\u00f1o tiene alguna discapacidad o necesidad educativa especial, los padres deben notificar a la escuela para que se realicen evaluaciones y, de ser necesario, se elabore un Plan de Educaci\u00f3n Individualizado (IEP, por sus siglas en ingl\u00e9s) para brindar los servicios correspondientes.<\/p>\t\t\t\t\t\t\t\t<\/div>\n\t\t\t\t\t<\/div>\n\t\t\t\t<\/div>\n\t\t<div data-particle_enable=\"false\" data-particle-mobile-disabled=\"false\" class=\"elementor-element elementor-element-4066b44 e-flex e-con-boxed e-con e-parent\" data-id=\"4066b44\" data-element_type=\"container\" data-e-type=\"container\">\n\t\t\t\t\t<div class=\"e-con-inner\">\n\t\t\t\t<div class=\"elementor-element elementor-element-228e618 elementor-widget elementor-widget-image\" data-id=\"228e618\" data-element_type=\"widget\" data-e-type=\"widget\" data-widget_type=\"image.default\">\n\t\t\t\t\t\t\t\t\t\t\t\t\t\t\t<img fetchpriority=\"high\" decoding=\"async\" width=\"768\" height=\"510\" src=\"https:\/\/soymigrante.com\/revista\/wp-content\/uploads\/2024\/09\/Como-inscribir-a-los-hijos-de-migrantes-guatemaltecos-en-las-escuelas-de-Estados-Unidos3-1024x680.webp\" class=\"attachment-large size-large wp-image-9787\" alt=\"Dibujos infantiles en aula escolar con l\u00e1pices de colores en soporte de malla roja y decoraciones en color intenso, ni\u00f1os concentrados en actividades creativas, ambiente educativo y divertido, aprendizaje infantil en clase.\" srcset=\"https:\/\/soymigrante.com\/revista\/wp-content\/uploads\/2024\/09\/Como-inscribir-a-los-hijos-de-migrantes-guatemaltecos-en-las-escuelas-de-Estados-Unidos3-1024x680.webp 1024w, https:\/\/soymigrante.com\/revista\/wp-content\/uploads\/2024\/09\/Como-inscribir-a-los-hijos-de-migrantes-guatemaltecos-en-las-escuelas-de-Estados-Unidos3-300x199.webp 300w, https:\/\/soymigrante.com\/revista\/wp-content\/uploads\/2024\/09\/Como-inscribir-a-los-hijos-de-migrantes-guatemaltecos-en-las-escuelas-de-Estados-Unidos3-768x510.webp 768w, https:\/\/soymigrante.com\/revista\/wp-content\/uploads\/2024\/09\/Como-inscribir-a-los-hijos-de-migrantes-guatemaltecos-en-las-escuelas-de-Estados-Unidos3-750x498.webp 750w, https:\/\/soymigrante.com\/revista\/wp-content\/uploads\/2024\/09\/Como-inscribir-a-los-hijos-de-migrantes-guatemaltecos-en-las-escuelas-de-Estados-Unidos3-1140x757.webp 1140w, https:\/\/soymigrante.com\/revista\/wp-content\/uploads\/2024\/09\/Como-inscribir-a-los-hijos-de-migrantes-guatemaltecos-en-las-escuelas-de-Estados-Unidos3.webp 1280w\" sizes=\"(max-width: 768px) 100vw, 768px\" title=\"Co\u0301mo inscribir a los hijos de migrantes guatemaltecos en las escuelas de Estados Unidos3 \u2013 SoyMigrante.com REVISTA\" \/>\t\t\t\t\t\t\t\t\t\t\t\t\t\t\t<\/div>\n\t\t\t\t\t<\/div>\n\t\t\t\t<\/div>\n\t\t<div data-particle_enable=\"false\" data-particle-mobile-disabled=\"false\" class=\"elementor-element elementor-element-63dc450 e-flex e-con-boxed e-con e-parent\" data-id=\"63dc450\" data-element_type=\"container\" data-e-type=\"container\">\n\t\t\t\t\t<div class=\"e-con-inner\">\n\t\t\t\t<div class=\"elementor-element elementor-element-0733ca2 elementor-widget elementor-widget-heading\" data-id=\"0733ca2\" data-element_type=\"widget\" data-e-type=\"widget\" data-widget_type=\"heading.default\">\n\t\t\t\t\t<h3 class=\"elementor-heading-title elementor-size-default\">4. Apoyo a las familias migrantes<\/h3>\t\t\t\t<\/div>\n\t\t\t\t\t<\/div>\n\t\t\t\t<\/div>\n\t\t<div data-particle_enable=\"false\" data-particle-mobile-disabled=\"false\" class=\"elementor-element elementor-element-a4a2378 e-flex e-con-boxed e-con e-parent\" data-id=\"a4a2378\" data-element_type=\"container\" data-e-type=\"container\">\n\t\t\t\t\t<div class=\"e-con-inner\">\n\t\t\t\t<div class=\"elementor-element elementor-element-84fc264 elementor-widget elementor-widget-text-editor\" data-id=\"84fc264\" data-element_type=\"widget\" data-e-type=\"widget\" data-widget_type=\"text-editor.default\">\n\t\t\t\t\t\t\t\t\t<p>Muchas escuelas p\u00fablicas cuentan con personal especializado en ayudar a familias migrantes, incluidos trabajadores sociales, int\u00e9rpretes y consejeros. Adem\u00e1s, varias organizaciones comunitarias, especialmente en \u00e1reas con alta concentraci\u00f3n de migrantes guatemaltecos, ofrecen servicios de apoyo para facilitar el proceso de inscripci\u00f3n escolar.<\/p><p><a href=\"https:\/\/soymigrante.com\/revista\/como-lidiar-con-el-choque-cultural-en-ninos-y-jovenes-al-llegar-a-usa\/\" target=\"_blank\" rel=\"noopener\">En algunos estados y distritos escolares, tambi\u00e9n se ofrecen programas de &#8220;mentor\u00eda&#8221; para estudiantes nuevos,<\/a> facilitando la integraci\u00f3n al sistema escolar estadounidense. Estas iniciativas son vitales para que los ni\u00f1os y sus familias se adapten a su nuevo entorno.<\/p>\t\t\t\t\t\t\t\t<\/div>\n\t\t\t\t\t<\/div>\n\t\t\t\t<\/div>\n\t\t<div data-particle_enable=\"false\" data-particle-mobile-disabled=\"false\" class=\"elementor-element elementor-element-c103f5c e-flex e-con-boxed e-con e-parent\" data-id=\"c103f5c\" data-element_type=\"container\" data-e-type=\"container\">\n\t\t\t\t\t<div class=\"e-con-inner\">\n\t\t\t\t<div class=\"elementor-element elementor-element-c085a10 elementor-widget elementor-widget-heading\" data-id=\"c085a10\" data-element_type=\"widget\" data-e-type=\"widget\" data-widget_type=\"heading.default\">\n\t\t\t\t\t<h3 class=\"elementor-heading-title elementor-size-default\">5. Oportunidades adicionales<\/h3>\t\t\t\t<\/div>\n\t\t\t\t\t<\/div>\n\t\t\t\t<\/div>\n\t\t<div data-particle_enable=\"false\" data-particle-mobile-disabled=\"false\" class=\"elementor-element elementor-element-41f88a8 e-flex e-con-boxed e-con e-parent\" data-id=\"41f88a8\" data-element_type=\"container\" data-e-type=\"container\">\n\t\t\t\t\t<div class=\"e-con-inner\">\n\t\t\t\t<div class=\"elementor-element elementor-element-5a0cbdb elementor-widget elementor-widget-text-editor\" data-id=\"5a0cbdb\" data-element_type=\"widget\" data-e-type=\"widget\" data-widget_type=\"text-editor.default\">\n\t\t\t\t\t\t\t\t\t<p>Aparte de la educaci\u00f3n regular, los hijos de migrantes guatemaltecos pueden beneficiarse de otros programas y servicios ofrecidos por las escuelas, como:<\/p><p>&#8211; Desayuno y almuerzo gratuitos o a bajo costo: Seg\u00fan el nivel de ingresos familiares, los estudiantes pueden calificar para recibir alimentos gratuitos o a precio reducido durante el d\u00eda escolar.<\/p><p><strong>&#8211; Transporte escolar:<\/strong> En muchas \u00e1reas, las escuelas proporcionan transporte gratuito en autob\u00fas para los estudiantes que viven lejos del campus.<\/p><p><strong>&#8211; Programas extracurriculares:<\/strong> Las escuelas suelen ofrecer actividades como deportes, arte y m\u00fasica, que son gratuitas o tienen un costo reducido para los estudiantes.<\/p>\t\t\t\t\t\t\t\t<\/div>\n\t\t\t\t\t<\/div>\n\t\t\t\t<\/div>\n\t\t<div data-particle_enable=\"false\" data-particle-mobile-disabled=\"false\" class=\"elementor-element elementor-element-e91c13e e-flex e-con-boxed e-con e-parent\" data-id=\"e91c13e\" data-element_type=\"container\" data-e-type=\"container\">\n\t\t\t\t\t<div class=\"e-con-inner\">\n\t\t\t\t<div class=\"elementor-element elementor-element-8a93b27 elementor-widget elementor-widget-text-editor\" data-id=\"8a93b27\" data-element_type=\"widget\" data-e-type=\"widget\" data-widget_type=\"text-editor.default\">\n\t\t\t\t\t\t\t\t\t<p><a href=\"https:\/\/soymigrante.com\/revista\/como-lidiar-con-el-choque-cultural-en-ninos-y-jovenes-al-llegar-a-usa\/\" target=\"_blank\" rel=\"noopener\">Inscribir a los hijos de migrantes guatemaltecos en las escuelas de Estados Unidos es un proceso accesible,<\/a> y las familias no deben temer que su estatus migratorio interfiera con este derecho fundamental. Las escuelas est\u00e1n comprometidas a garantizar que todos los ni\u00f1os reciban una educaci\u00f3n adecuada, independientemente de su origen o situaci\u00f3n migratoria. Con los documentos apropiados y el apoyo de la comunidad, los migrantes guatemaltecos pueden asegurarse de que sus hijos se integren al sistema educativo y tengan acceso a las mismas oportunidades que los dem\u00e1s estudiantes en el pa\u00eds.<\/p><p>Es importante que las familias se informen de los recursos disponibles en su comunidad para facilitar este proceso y aprovechar las oportunidades educativas en Estados Unidos.<\/p>\t\t\t\t\t\t\t\t<\/div>\n\t\t\t\t\t<\/div>\n\t\t\t\t<\/div>\n\t\t<div data-particle_enable=\"false\" data-particle-mobile-disabled=\"false\" class=\"elementor-element elementor-element-5c8f967 e-flex e-con-boxed e-con e-parent\" data-id=\"5c8f967\" data-element_type=\"container\" data-e-type=\"container\">\n\t\t\t\t\t<div class=\"e-con-inner\">\n\t\t\t\t<div class=\"elementor-element elementor-element-7479fb4 elementor-widget elementor-widget-heading\" data-id=\"7479fb4\" data-element_type=\"widget\" data-e-type=\"widget\" data-widget_type=\"heading.default\">\n\t\t\t\t\t<h3 class=\"elementor-heading-title elementor-size-default\">C\u00f3mo trasladar a los hijos de migrantes guatemaltecos a otra escuela en Estados Unidos si el ciclo escolar ya empez\u00f3<\/h3>\t\t\t\t<\/div>\n\t\t\t\t\t<\/div>\n\t\t\t\t<\/div>\n\t\t<div data-particle_enable=\"false\" data-particle-mobile-disabled=\"false\" class=\"elementor-element elementor-element-8141635 e-flex e-con-boxed e-con e-parent\" data-id=\"8141635\" data-element_type=\"container\" data-e-type=\"container\">\n\t\t\t\t\t<div class=\"e-con-inner\">\n\t\t\t\t<div class=\"elementor-element elementor-element-cae10a7 elementor-widget elementor-widget-text-editor\" data-id=\"cae10a7\" data-element_type=\"widget\" data-e-type=\"widget\" data-widget_type=\"text-editor.default\">\n\t\t\t\t\t\t\t\t\t<p><a href=\"https:\/\/soymigrante.com\/revista\/como-lidiar-con-el-choque-cultural-en-ninos-y-jovenes-al-llegar-a-usa\/\" target=\"_blank\" rel=\"noopener\">Cambiar a un estudiante de escuela una vez que el ciclo escolar ya ha comenzado puede parecer complicado<\/a> para las familias migrantes guatemaltecas en Estados Unidos, pero el sistema educativo ofrece opciones y apoyo para que esta transici\u00f3n sea lo m\u00e1s fluida posible. A continuaci\u00f3n, se detalla c\u00f3mo es el proceso y los pasos a seguir para lograr un traslado exitoso.<\/p>\t\t\t\t\t\t\t\t<\/div>\n\t\t\t\t\t<\/div>\n\t\t\t\t<\/div>\n\t\t<div data-particle_enable=\"false\" data-particle-mobile-disabled=\"false\" class=\"elementor-element elementor-element-a277242 e-flex e-con-boxed e-con e-parent\" data-id=\"a277242\" data-element_type=\"container\" data-e-type=\"container\">\n\t\t\t\t\t<div class=\"e-con-inner\">\n\t\t\t\t<div class=\"elementor-element elementor-element-543559f elementor-widget elementor-widget-image\" data-id=\"543559f\" data-element_type=\"widget\" data-e-type=\"widget\" data-widget_type=\"image.default\">\n\t\t\t\t\t\t\t\t\t\t\t\t\t\t\t<img decoding=\"async\" width=\"768\" height=\"515\" src=\"https:\/\/soymigrante.com\/revista\/wp-content\/uploads\/2024\/09\/Como-inscribir-a-los-hijos-de-migrantes-guatemaltecos-en-las-escuelas-de-Estados-Unidos2-1024x687.webp\" class=\"attachment-large size-large wp-image-9788\" alt=\"Cami\u00f3n escolar amarillo en carretera con ni\u00f1os inmigrantes con mochilas, s\u00edmbolo de la migraci\u00f3n infantil y escolarizaci\u00f3n en contextos migratorios.\" srcset=\"https:\/\/soymigrante.com\/revista\/wp-content\/uploads\/2024\/09\/Como-inscribir-a-los-hijos-de-migrantes-guatemaltecos-en-las-escuelas-de-Estados-Unidos2-1024x687.webp 1024w, https:\/\/soymigrante.com\/revista\/wp-content\/uploads\/2024\/09\/Como-inscribir-a-los-hijos-de-migrantes-guatemaltecos-en-las-escuelas-de-Estados-Unidos2-300x201.webp 300w, https:\/\/soymigrante.com\/revista\/wp-content\/uploads\/2024\/09\/Como-inscribir-a-los-hijos-de-migrantes-guatemaltecos-en-las-escuelas-de-Estados-Unidos2-768x515.webp 768w, https:\/\/soymigrante.com\/revista\/wp-content\/uploads\/2024\/09\/Como-inscribir-a-los-hijos-de-migrantes-guatemaltecos-en-las-escuelas-de-Estados-Unidos2-750x503.webp 750w, https:\/\/soymigrante.com\/revista\/wp-content\/uploads\/2024\/09\/Como-inscribir-a-los-hijos-de-migrantes-guatemaltecos-en-las-escuelas-de-Estados-Unidos2-1140x765.webp 1140w, https:\/\/soymigrante.com\/revista\/wp-content\/uploads\/2024\/09\/Como-inscribir-a-los-hijos-de-migrantes-guatemaltecos-en-las-escuelas-de-Estados-Unidos2.webp 1280w\" sizes=\"(max-width: 768px) 100vw, 768px\" title=\"Co\u0301mo inscribir a los hijos de migrantes guatemaltecos en las escuelas de Estados Unidos2 \u2013 SoyMigrante.com REVISTA\" \/>\t\t\t\t\t\t\t\t\t\t\t\t\t\t\t<\/div>\n\t\t\t\t\t<\/div>\n\t\t\t\t<\/div>\n\t\t<div data-particle_enable=\"false\" data-particle-mobile-disabled=\"false\" class=\"elementor-element elementor-element-2edaacc e-flex e-con-boxed e-con e-parent\" data-id=\"2edaacc\" data-element_type=\"container\" data-e-type=\"container\">\n\t\t\t\t\t<div class=\"e-con-inner\">\n\t\t\t\t<div class=\"elementor-element elementor-element-7204612 elementor-widget elementor-widget-heading\" data-id=\"7204612\" data-element_type=\"widget\" data-e-type=\"widget\" data-widget_type=\"heading.default\">\n\t\t\t\t\t<h3 class=\"elementor-heading-title elementor-size-default\">1. Determinar la necesidad del traslado<\/h3>\t\t\t\t<\/div>\n\t\t\t\t\t<\/div>\n\t\t\t\t<\/div>\n\t\t<div data-particle_enable=\"false\" data-particle-mobile-disabled=\"false\" class=\"elementor-element elementor-element-ee02df6 e-flex e-con-boxed e-con e-parent\" data-id=\"ee02df6\" data-element_type=\"container\" data-e-type=\"container\">\n\t\t\t\t\t<div class=\"e-con-inner\">\n\t\t\t\t<div class=\"elementor-element elementor-element-cae2fea elementor-widget elementor-widget-text-editor\" data-id=\"cae2fea\" data-element_type=\"widget\" data-e-type=\"widget\" data-widget_type=\"text-editor.default\">\n\t\t\t\t\t\t\t\t\t<p>Antes de iniciar el proceso, es importante evaluar la raz\u00f3n por la cual se necesita el cambio de escuela. Las razones m\u00e1s comunes incluyen mudanzas, la b\u00fasqueda de un programa acad\u00e9mico espec\u00edfico, dificultades de adaptaci\u00f3n o situaciones de acoso escolar.<\/p><p>Es importante conversar con el personal de la escuela actual para explorar si existe alguna soluci\u00f3n dentro de la misma instituci\u00f3n. Sin embargo, si la decisi\u00f3n de trasladar al estudiante es definitiva, es crucial iniciar el proceso lo antes posible para evitar la p\u00e9rdida de clases y asegurar la continuidad de la educaci\u00f3n.<\/p>\t\t\t\t\t\t\t\t<\/div>\n\t\t\t\t\t<\/div>\n\t\t\t\t<\/div>\n\t\t<div data-particle_enable=\"false\" data-particle-mobile-disabled=\"false\" class=\"elementor-element elementor-element-476d3cc e-flex e-con-boxed e-con e-parent\" data-id=\"476d3cc\" data-element_type=\"container\" data-e-type=\"container\">\n\t\t\t\t\t<div class=\"e-con-inner\">\n\t\t\t\t<div class=\"elementor-element elementor-element-4e678d8 elementor-widget elementor-widget-heading\" data-id=\"4e678d8\" data-element_type=\"widget\" data-e-type=\"widget\" data-widget_type=\"heading.default\">\n\t\t\t\t\t<h3 class=\"elementor-heading-title elementor-size-default\">2. Notificar a la escuela actual<\/h3>\t\t\t\t<\/div>\n\t\t\t\t\t<\/div>\n\t\t\t\t<\/div>\n\t\t<div data-particle_enable=\"false\" data-particle-mobile-disabled=\"false\" class=\"elementor-element elementor-element-c03bb79 e-flex e-con-boxed e-con e-parent\" data-id=\"c03bb79\" data-element_type=\"container\" data-e-type=\"container\">\n\t\t\t\t\t<div class=\"e-con-inner\">\n\t\t\t\t<div class=\"elementor-element elementor-element-bd4c826 elementor-widget elementor-widget-text-editor\" data-id=\"bd4c826\" data-element_type=\"widget\" data-e-type=\"widget\" data-widget_type=\"text-editor.default\">\n\t\t\t\t\t\t\t\t\t<p>El primer paso es comunicar a la escuela actual la intenci\u00f3n de trasladar al estudiante. Esto generalmente implica hablar con la oficina administrativa o el consejero escolar. Algunos distritos escolares pueden requerir que se llene un formulario de retiro, donde los padres deben indicar la nueva escuela a la que planean inscribir al ni\u00f1o.<\/p><p>Durante este proceso, la escuela actual proporcionar\u00e1 a la familia un resumen del progreso acad\u00e9mico del estudiante, incluyendo calificaciones, asistencia y reportes disciplinarios, si los hubiera. Este documento es esencial para la inscripci\u00f3n en la nueva escuela y asegura que el estudiante no pierda el reconocimiento de su trabajo previo.<\/p>\t\t\t\t\t\t\t\t<\/div>\n\t\t\t\t\t<\/div>\n\t\t\t\t<\/div>\n\t\t<div data-particle_enable=\"false\" data-particle-mobile-disabled=\"false\" class=\"elementor-element elementor-element-6d16be2 e-flex e-con-boxed e-con e-parent\" data-id=\"6d16be2\" data-element_type=\"container\" data-e-type=\"container\">\n\t\t\t\t\t<div class=\"e-con-inner\">\n\t\t\t\t<div class=\"elementor-element elementor-element-0d4a55b elementor-widget elementor-widget-heading\" data-id=\"0d4a55b\" data-element_type=\"widget\" data-e-type=\"widget\" data-widget_type=\"heading.default\">\n\t\t\t\t\t<h3 class=\"elementor-heading-title elementor-size-default\">3. Buscar la nueva escuela<\/h3>\t\t\t\t<\/div>\n\t\t\t\t\t<\/div>\n\t\t\t\t<\/div>\n\t\t<div data-particle_enable=\"false\" data-particle-mobile-disabled=\"false\" class=\"elementor-element elementor-element-5ee9887 e-flex e-con-boxed e-con e-parent\" data-id=\"5ee9887\" data-element_type=\"container\" data-e-type=\"container\">\n\t\t\t\t\t<div class=\"e-con-inner\">\n\t\t\t\t<div class=\"elementor-element elementor-element-f5a5174 elementor-widget elementor-widget-text-editor\" data-id=\"f5a5174\" data-element_type=\"widget\" data-e-type=\"widget\" data-widget_type=\"text-editor.default\">\n\t\t\t\t\t\t\t\t\t<p>Si el traslado se debe a una mudanza, es necesario determinar cu\u00e1l es la escuela que corresponde seg\u00fan la nueva direcci\u00f3n. En la mayor\u00eda de los casos, cada distrito escolar tiene l\u00edmites geogr\u00e1ficos que asignan a los estudiantes a escuelas espec\u00edficas seg\u00fan su lugar de residencia.<\/p><p>Para inscribirse en la nueva escuela, se seguir\u00e1n los mismos pasos de presentaci\u00f3n de documentos que en una inscripci\u00f3n regular, como la prueba de residencia, registros de vacunaci\u00f3n y certificados acad\u00e9micos de la escuela anterior.<\/p><p>Es importante ponerse en contacto con la nueva escuela lo antes posible para preguntar sobre los requisitos espec\u00edficos del traslado, ya que algunos distritos escolares pueden tener plazos o pol\u00edticas adicionales.<\/p>\t\t\t\t\t\t\t\t<\/div>\n\t\t\t\t\t<\/div>\n\t\t\t\t<\/div>\n\t\t<div data-particle_enable=\"false\" data-particle-mobile-disabled=\"false\" class=\"elementor-element elementor-element-840f725 e-flex e-con-boxed e-con e-parent\" data-id=\"840f725\" data-element_type=\"container\" data-e-type=\"container\">\n\t\t\t\t\t<div class=\"e-con-inner\">\n\t\t\t\t<div class=\"elementor-element elementor-element-af1751b elementor-widget elementor-widget-heading\" data-id=\"af1751b\" data-element_type=\"widget\" data-e-type=\"widget\" data-widget_type=\"heading.default\">\n\t\t\t\t\t<h3 class=\"elementor-heading-title elementor-size-default\">4. Transferencia de documentos acad\u00e9micos<\/h3>\t\t\t\t<\/div>\n\t\t\t\t\t<\/div>\n\t\t\t\t<\/div>\n\t\t<div data-particle_enable=\"false\" data-particle-mobile-disabled=\"false\" class=\"elementor-element elementor-element-c13579d e-flex e-con-boxed e-con e-parent\" data-id=\"c13579d\" data-element_type=\"container\" data-e-type=\"container\">\n\t\t\t\t\t<div class=\"e-con-inner\">\n\t\t\t\t<div class=\"elementor-element elementor-element-becb61a elementor-widget elementor-widget-text-editor\" data-id=\"becb61a\" data-element_type=\"widget\" data-e-type=\"widget\" data-widget_type=\"text-editor.default\">\n\t\t\t\t\t\t\t\t\t<p>Uno de los aspectos m\u00e1s importantes del traslado es asegurarse de que la nueva escuela reciba toda la documentaci\u00f3n acad\u00e9mica del estudiante. Las escuelas suelen manejar esta transferencia directamente entre ellas, pero es recomendable que los padres se aseguren de que todos los documentos, como el historial acad\u00e9mico y el plan de estudios completado, se env\u00eden y se procesen correctamente.<\/p><p>Si el estudiante tiene un <a href=\"https:\/\/www.oeo.wa.gov\/es\/temas-de-educacion\/apoyos-para-estudiantes-con-discapacidades\/que-es-un-programa-de-educacion#:~:text=Un%20IEP%20es%20una%20descripci%C3%B3n,espec%C3%ADficos%20que%20recibir%C3%A1%20un%20ni%C3%B1o.\" target=\"_blank\" rel=\"noopener\">Plan de Educaci\u00f3n Individualizado (IEP)<\/a>, este tambi\u00e9n debe ser transferido para garantizar que el estudiante contin\u00fae recibiendo los servicios especializados necesarios.<\/p>\t\t\t\t\t\t\t\t<\/div>\n\t\t\t\t\t<\/div>\n\t\t\t\t<\/div>\n\t\t<div data-particle_enable=\"false\" data-particle-mobile-disabled=\"false\" class=\"elementor-element elementor-element-aebe53a e-flex e-con-boxed e-con e-parent\" data-id=\"aebe53a\" data-element_type=\"container\" data-e-type=\"container\">\n\t\t\t\t\t<div class=\"e-con-inner\">\n\t\t\t\t<div class=\"elementor-element elementor-element-1870fe1 elementor-widget elementor-widget-heading\" data-id=\"1870fe1\" data-element_type=\"widget\" data-e-type=\"widget\" data-widget_type=\"heading.default\">\n\t\t\t\t\t<h3 class=\"elementor-heading-title elementor-size-default\">5. Evaluaci\u00f3n de nivel acad\u00e9mico<\/h3>\t\t\t\t<\/div>\n\t\t\t\t\t<\/div>\n\t\t\t\t<\/div>\n\t\t<div data-particle_enable=\"false\" data-particle-mobile-disabled=\"false\" class=\"elementor-element elementor-element-415fede e-flex e-con-boxed e-con e-parent\" data-id=\"415fede\" data-element_type=\"container\" data-e-type=\"container\">\n\t\t\t\t\t<div class=\"e-con-inner\">\n\t\t\t\t<div class=\"elementor-element elementor-element-b8c043c elementor-widget elementor-widget-text-editor\" data-id=\"b8c043c\" data-element_type=\"widget\" data-e-type=\"widget\" data-widget_type=\"text-editor.default\">\n\t\t\t\t\t\t\t\t\t<p>En algunos casos, la nueva escuela puede requerir una evaluaci\u00f3n adicional del estudiante para asegurarse de que est\u00e9 ubicado en el nivel adecuado. Esto es especialmente com\u00fan si hay diferencias en el curr\u00edculum entre las escuelas o si el estudiante necesita apoyo en el aprendizaje del ingl\u00e9s.<\/p>\t\t\t\t\t\t\t\t<\/div>\n\t\t\t\t\t<\/div>\n\t\t\t\t<\/div>\n\t\t<div data-particle_enable=\"false\" data-particle-mobile-disabled=\"false\" class=\"elementor-element elementor-element-c95c3d9 e-flex e-con-boxed e-con e-parent\" data-id=\"c95c3d9\" data-element_type=\"container\" data-e-type=\"container\">\n\t\t\t\t\t<div class=\"e-con-inner\">\n\t\t\t\t<div class=\"elementor-element elementor-element-75638a9 elementor-widget elementor-widget-heading\" data-id=\"75638a9\" data-element_type=\"widget\" data-e-type=\"widget\" data-widget_type=\"heading.default\">\n\t\t\t\t\t<h2 class=\"elementor-heading-title elementor-size-default\">Te puede interesar...<\/h2>\t\t\t\t<\/div>\n\t\t\t\t\t<\/div>\n\t\t\t\t<\/div>\n\t\t<div data-particle_enable=\"false\" data-particle-mobile-disabled=\"false\" class=\"elementor-element elementor-element-026e817 e-flex e-con-boxed e-con e-parent\" data-id=\"026e817\" data-element_type=\"container\" data-e-type=\"container\">\n\t\t\t\t\t<div class=\"e-con-inner\">\n\t\t\t\t<div class=\"elementor-element elementor-element-ea276d3 elementor-widget elementor-widget-blfe-post-grid\" data-id=\"ea276d3\" data-element_type=\"widget\" data-e-type=\"widget\" data-settings=\"{&quot;columns&quot;:&quot;3&quot;,&quot;columns_tablet&quot;:&quot;6&quot;,&quot;columns_mobile&quot;:&quot;12&quot;,&quot;hero1_layout_column_gap&quot;:{&quot;unit&quot;:&quot;px&quot;,&quot;size&quot;:30,&quot;sizes&quot;:[]},&quot;hero1_layout_column_gap_tablet&quot;:{&quot;unit&quot;:&quot;px&quot;,&quot;size&quot;:&quot;&quot;,&quot;sizes&quot;:[]},&quot;hero1_layout_column_gap_mobile&quot;:{&quot;unit&quot;:&quot;px&quot;,&quot;size&quot;:&quot;&quot;,&quot;sizes&quot;:[]},&quot;hero1_layout_row_gap&quot;:{&quot;unit&quot;:&quot;px&quot;,&quot;size&quot;:30,&quot;sizes&quot;:[]},&quot;hero1_layout_row_gap_tablet&quot;:{&quot;unit&quot;:&quot;px&quot;,&quot;size&quot;:&quot;&quot;,&quot;sizes&quot;:[]},&quot;hero1_layout_row_gap_mobile&quot;:{&quot;unit&quot;:&quot;px&quot;,&quot;size&quot;:&quot;&quot;,&quot;sizes&quot;:[]}}\" data-widget_type=\"blfe-post-grid.hero1\">\n\t\t\t\t<div class=\"elementor-widget-container\">\n\t\t\t\t\t\n                        <div class=\"blfe-post-grid-container \">\n            \n                <div data-skin=\"hero1\" class=\"blfe-row blfe-posts-inner blfe-hero1 blfe-posts-inner blfe-col-3 blfe-col-tab-6 blfe-col-mob-12     \">\n                            <div class=\"blfe-post-grid-item\">\n            <div class=\"blfe-post-grid-item-inner blfe-modern-zoom\">\n                        <div class=\"blfe-post-grid-bg-image\">\n            <a class=\"blfe-post-grid-image-inner\" href=\"https:\/\/soymigrante.com\/revista\/tamales-de-viaje-acompanan-la-dieta-de-cuaresma-y-semana-santa\/\" title=\"Tamales de viaje acompa\u00f1an la dieta de Cuaresma y Semana Santa\" rel=\"nofollow\" target=\"_blank\"><img decoding=\"async\" src=\"https:\/\/soymigrante.com\/revista\/wp-content\/uploads\/2025\/03\/tamales-de-viaje-e1742243786728.webp\" alt=\"Tamales de viaje acompa\u00f1an la dieta de Cuaresma y Semana Santa\"\/><\/a>        <\/div>\n                        <div class=\"blfe-post-grid-details\">\n                    <div class=\"blfe-post-grid-details-inner\">\n                        <span class=\"blfe-post-category\"><a href=\"https:\/\/soymigrante.com\/revista\/category\/guate-nuestra\/\">Guate Nuestra<\/a><\/span>                        <h3 class=\"blfe-post-grid-title\">\n            <a href=\"https:\/\/soymigrante.com\/revista\/tamales-de-viaje-acompanan-la-dieta-de-cuaresma-y-semana-santa\/\" title=\"Tamales de viaje acompa\u00f1an la dieta de Cuaresma y Semana Santa\" rel=\"nofollow\" target=\"_blank\">Tamales de viaje acompa\u00f1an la dieta de Cuaresma y Semana Santa<\/a>\n            <\/h3>                                                            <div class=\"blfe-post-grid-meta\">\n                <span class=\"blfe-post-grid-time\"><i class=\"fas fa-book-reader\"><\/i>3 Min read<\/span>            <\/div>\n                                                        <\/div>\n                <\/div>\n\n            <\/div>\n        <\/div>\n                <div class=\"blfe-post-grid-item\">\n            <div class=\"blfe-post-grid-item-inner blfe-modern-zoom\">\n                        <div class=\"blfe-post-grid-bg-image\">\n            <a class=\"blfe-post-grid-image-inner\" href=\"https:\/\/soymigrante.com\/revista\/el-menu-de-quesos-de-guatemala-tradicion-y-sabor-inolvidables\/\" title=\"El men\u00fa de quesos de Guatemala re\u00fane tradici\u00f3n y sabor: \u00bfCu\u00e1l es tu preferido?\" rel=\"nofollow\" target=\"_blank\"><img decoding=\"async\" src=\"https:\/\/soymigrante.com\/revista\/wp-content\/uploads\/2025\/04\/queso-portada-e1743800269893.webp\" alt=\"El men\u00fa de quesos de Guatemala re\u00fane tradici\u00f3n y sabor: \u00bfCu\u00e1l es tu preferido?\"\/><\/a>        <\/div>\n                        <div class=\"blfe-post-grid-details\">\n                    <div class=\"blfe-post-grid-details-inner\">\n                        <span class=\"blfe-post-category\"><a href=\"https:\/\/soymigrante.com\/revista\/category\/guate-nuestra\/\">Guate Nuestra<\/a><\/span>                        <h3 class=\"blfe-post-grid-title\">\n            <a href=\"https:\/\/soymigrante.com\/revista\/el-menu-de-quesos-de-guatemala-tradicion-y-sabor-inolvidables\/\" title=\"El men\u00fa de quesos de Guatemala re\u00fane tradici\u00f3n y sabor: \u00bfCu\u00e1l es tu preferido?\" rel=\"nofollow\" target=\"_blank\">El men\u00fa de quesos de Guatemala re\u00fane tradici\u00f3n y sabor: \u00bfCu\u00e1l es tu preferido?<\/a>\n            <\/h3>                                                            <div class=\"blfe-post-grid-meta\">\n                <span class=\"blfe-post-grid-time\"><i class=\"fas fa-book-reader\"><\/i>4 Min read<\/span>            <\/div>\n                                                        <\/div>\n                <\/div>\n\n            <\/div>\n        <\/div>\n                <div class=\"blfe-post-grid-item\">\n            <div class=\"blfe-post-grid-item-inner blfe-modern-zoom\">\n                        <div class=\"blfe-post-grid-bg-image\">\n            <a class=\"blfe-post-grid-image-inner\" href=\"https:\/\/soymigrante.com\/revista\/dos-pilas-sitio-maya-guatemalteco-ciudades-mayas\/\" title=\"\u00bfHas o\u00eddo hablar de Dos Pilas? Una  ciudad maya clave en la historia\" rel=\"nofollow\" target=\"_blank\"><img decoding=\"async\" src=\"https:\/\/soymigrante.com\/revista\/wp-content\/uploads\/2024\/10\/Aguateca-La-ciudad-maya-fortificada-en-el-corazon-de-Peten-1.webp\" alt=\"\u00bfHas o\u00eddo hablar de Dos Pilas? Una  ciudad maya clave en la historia\"\/><\/a>        <\/div>\n                        <div class=\"blfe-post-grid-details\">\n                    <div class=\"blfe-post-grid-details-inner\">\n                        <span class=\"blfe-post-category\"><a href=\"https:\/\/soymigrante.com\/revista\/category\/guate-nuestra\/\">Guate Nuestra<\/a><\/span>                        <h3 class=\"blfe-post-grid-title\">\n            <a href=\"https:\/\/soymigrante.com\/revista\/dos-pilas-sitio-maya-guatemalteco-ciudades-mayas\/\" title=\"\u00bfHas o\u00eddo hablar de Dos Pilas? Una  ciudad maya clave en la historia\" rel=\"nofollow\" target=\"_blank\">\u00bfHas o\u00eddo hablar de Dos Pilas? Una  ciudad maya clave en la historia<\/a>\n            <\/h3>                                                            <div class=\"blfe-post-grid-meta\">\n                <span class=\"blfe-post-grid-time\"><i class=\"fas fa-book-reader\"><\/i>5 Min read<\/span>            <\/div>\n                                                        <\/div>\n                <\/div>\n\n            <\/div>\n        <\/div>\n                        <\/div>\n\n                        <\/div>\n            \n                        <div class=\"blfe-post-footer\">\n                        <\/div>\n            \t\t\t\t<\/div>\n\t\t\t\t<\/div>\n\t\t\t\t\t<\/div>\n\t\t\t\t<\/div>\n\t\t\t\t<\/div>\n\t\t","protected":false},"excerpt":{"rendered":"<p>La educaci\u00f3n es prioridad para los padres migrantes en Estados Unidos y de esta manera se puede inscribir a los hijos en las escuelas. Para muchas familias migrantes guatemaltecas en los Estados Unidos, una de las principales prioridades es garantizar que sus hijos puedan acceder a una educaci\u00f3n de calidad. Aunque el sistema educativo estadounidense [&hellip;]<\/p>\n","protected":false},"author":19,"featured_media":9784,"comment_status":"open","ping_status":"open","sticky":false,"template":"","format":"standard","meta":{"_acf_changed":false,"_eb_attr":"","footnotes":""},"categories":[55],"tags":[],"class_list":["post-9783","post","type-post","status-publish","format-standard","has-post-thumbnail","hentry","category-bienestar"],"acf":[],"aioseo_notices":[],"aioseo_head":"\n\t\t<!-- All in One SEO Pro 4.9.6.2 - aioseo.com -->\n\t<meta name=\"description\" content=\"Dos Pilas sigue siendo un sitio arqueol\u00f3gico maya muy poco conocido a pesar de su gran importancia en el destino de tan grande civilizaci\u00f3n. Conoce algo m\u00e1s.\" \/>\n\t<meta name=\"robots\" content=\"max-snippet:-1, max-image-preview:large, max-video-preview:-1\" \/>\n\t<meta name=\"author\" content=\"Marysabel Aldana\"\/>\n\t<link rel=\"canonical\" href=\"https:\/\/soymigrante.com\/revista\/dos-pilas-sitio-maya-guatemalteco-ciudades-mayas\/\" \/>\n\t<meta name=\"generator\" content=\"All in One SEO Pro (AIOSEO) 4.9.6.2\" \/>\n\n\t\t<link rel=\"preconnect\" href=\"https:\/\/fonts.googleapis.com\" crossorigin>\n<link rel=\"preconnect\" href=\"https:\/\/fonts.gstatic.com\" crossorigin>\n\t\t<meta property=\"og:locale\" content=\"es_ES\" \/>\n\t\t<meta property=\"og:site_name\" content=\"SoyMigrante.com REVISTA \u2013 Nuestra misi\u00f3n es reconocer y dignificar al migrante.\" \/>\n\t\t<meta property=\"og:type\" content=\"article\" \/>\n\t\t<meta property=\"og:title\" content=\"Dos Pilas es una ciudad maya poco conocida pero muy relevante\" \/>\n\t\t<meta property=\"og:description\" content=\"Dos Pilas sigue siendo un sitio arqueol\u00f3gico maya muy poco conocido a pesar de su gran importancia en el destino de tan grande civilizaci\u00f3n. Conoce algo m\u00e1s.\" \/>\n\t\t<meta property=\"og:url\" content=\"https:\/\/soymigrante.com\/revista\/dos-pilas-sitio-maya-guatemalteco-ciudades-mayas\/\" \/>\n\t\t<meta property=\"og:image\" content=\"https:\/\/soymigrante.com\/revista\/wp-content\/uploads\/2024\/10\/Aguateca-La-ciudad-maya-fortificada-en-el-corazon-de-Peten-1.webp\" \/>\n\t\t<meta property=\"og:image:secure_url\" content=\"https:\/\/soymigrante.com\/revista\/wp-content\/uploads\/2024\/10\/Aguateca-La-ciudad-maya-fortificada-en-el-corazon-de-Peten-1.webp\" \/>\n\t\t<meta property=\"og:image:width\" content=\"1920\" \/>\n\t\t<meta property=\"og:image:height\" content=\"1440\" \/>\n\t\t<meta property=\"article:published_time\" content=\"2024-11-14T14:12:36+00:00\" \/>\n\t\t<meta property=\"article:modified_time\" content=\"2024-11-27T18:16:51+00:00\" \/>\n\t\t<meta property=\"article:publisher\" content=\"https:\/\/www.facebook.com\/soymigrantecom\" \/>\n\t\t<meta name=\"twitter:card\" content=\"summary_large_image\" \/>\n\t\t<meta name=\"twitter:site\" content=\"@SoyMigrante_com\" \/>\n\t\t<meta name=\"twitter:title\" content=\"Dos Pilas es una ciudad maya poco conocida pero muy relevante\" \/>\n\t\t<meta name=\"twitter:description\" content=\"Dos Pilas sigue siendo un sitio arqueol\u00f3gico maya muy poco conocido a pesar de su gran importancia en el destino de tan grande civilizaci\u00f3n. Conoce algo m\u00e1s.\" \/>\n\t\t<meta name=\"twitter:creator\" content=\"@SoyMigrante_com\" \/>\n\t\t<meta name=\"twitter:image\" content=\"https:\/\/soymigrante.com\/revista\/wp-content\/uploads\/2024\/10\/Aguateca-La-ciudad-maya-fortificada-en-el-corazon-de-Peten-1.webp\" \/>\n\t\t<!-- All in One SEO Pro -->\r\n\t\t<title>Dos Pilas es una ciudad maya poco conocida pero muy relevante<\/title>\n\n","aioseo_head_json":{"title":"Dos Pilas es una ciudad maya poco conocida pero muy relevante","description":"Dos Pilas sigue siendo un sitio arqueol\u00f3gico maya muy poco conocido a pesar de su gran importancia en el destino de tan grande civilizaci\u00f3n. Conoce algo m\u00e1s.","canonical_url":"https:\/\/soymigrante.com\/revista\/dos-pilas-sitio-maya-guatemalteco-ciudades-mayas\/","robots":"max-snippet:-1, max-image-preview:large, max-video-preview:-1","keywords":"","webmasterTools":{"miscellaneous":"&lt;link rel=\"preconnect\" href=\"https:\/\/fonts.googleapis.com\" crossorigin&gt;\n&lt;link rel=\"preconnect\" href=\"https:\/\/fonts.gstatic.com\" crossorigin&gt;"},"schema":null,"og:locale":"es_ES","og:site_name":"SoyMigrante.com REVISTA \u2013 Nuestra misi\u00f3n es reconocer y dignificar al migrante.","og:type":"article","og:title":"Dos Pilas es una ciudad maya poco conocida pero muy relevante","og:description":"Dos Pilas sigue siendo un sitio arqueol\u00f3gico maya muy poco conocido a pesar de su gran importancia en el destino de tan grande civilizaci\u00f3n. Conoce algo m\u00e1s.","og:url":"https:\/\/soymigrante.com\/revista\/dos-pilas-sitio-maya-guatemalteco-ciudades-mayas\/","og:image":"https:\/\/soymigrante.com\/revista\/wp-content\/uploads\/2024\/10\/Aguateca-La-ciudad-maya-fortificada-en-el-corazon-de-Peten-1.webp","og:image:secure_url":"https:\/\/soymigrante.com\/revista\/wp-content\/uploads\/2024\/10\/Aguateca-La-ciudad-maya-fortificada-en-el-corazon-de-Peten-1.webp","og:image:width":1920,"og:image:height":1440,"article:published_time":"2024-11-14T14:12:36+00:00","article:modified_time":"2024-11-27T18:16:51+00:00","article:publisher":"https:\/\/www.facebook.com\/soymigrantecom","twitter:card":"summary_large_image","twitter:site":"@SoyMigrante_com","twitter:title":"Dos Pilas es una ciudad maya poco conocida pero muy relevante","twitter:description":"Dos Pilas sigue siendo un sitio arqueol\u00f3gico maya muy poco conocido a pesar de su gran importancia en el destino de tan grande civilizaci\u00f3n. Conoce algo m\u00e1s.","twitter:creator":"@SoyMigrante_com","twitter:image":"https:\/\/soymigrante.com\/revista\/wp-content\/uploads\/2024\/10\/Aguateca-La-ciudad-maya-fortificada-en-el-corazon-de-Peten-1.webp"},"aioseo_meta_data":{"post_id":"9783","title":null,"description":"La educaci\u00f3n es prioridad para muchos padres migrantes que desean un mejor futuro para sus hijos. Estos son algunos consejos para registrarlos en planteles de EE.UU.","keywords":null,"keyphrases":{"focus":{"keyphrase":"Escuelas","score":82,"analysis":{"keyphraseInTitle":{"score":9,"maxScore":9,"error":0},"keyphraseInDescription":{"score":3,"maxScore":9,"error":1},"keyphraseLength":{"score":9,"maxScore":9,"error":0,"length":1},"keyphraseInURL":{"score":5,"maxScore":5,"error":0},"keyphraseInIntroduction":{"score":9,"maxScore":9,"error":0},"keyphraseInSubHeadings":{"score":3,"maxScore":9,"error":1},"keyphraseInImageAlt":{"score":9,"maxScore":9,"error":0},"keywordDensity":{"type":"best","score":9,"maxScore":9,"error":0}}},"additional":[{"keyphrase":"Escuelas","score":87,"analysis":{"keyphraseInDescription":{"score":3,"maxScore":9,"error":1},"keyphraseLength":{"score":9,"maxScore":9,"error":0,"length":1},"keyphraseInIntroduction":{"score":9,"maxScore":9,"error":0},"keyphraseInImageAlt":{"score":9,"maxScore":9,"error":0},"keywordDensity":{"type":"best","score":9,"maxScore":9,"error":0}}}]},"primary_term":null,"canonical_url":null,"og_title":null,"og_description":null,"og_object_type":"default","og_image_type":"default","og_image_url":null,"og_image_width":null,"og_image_height":null,"og_image_custom_url":null,"og_image_custom_fields":null,"og_video":"","og_custom_url":null,"og_article_section":null,"og_article_tags":null,"twitter_use_og":false,"twitter_card":"default","twitter_image_type":"default","twitter_image_url":null,"twitter_image_custom_url":null,"twitter_image_custom_fields":null,"twitter_title":null,"twitter_description":null,"schema":{"blockGraphs":[],"customGraphs":[],"default":{"data":{"Article":[],"Course":[],"Dataset":[],"FAQPage":[],"Movie":[],"Person":[],"Product":[],"ProductReview":[],"Car":[],"Recipe":[],"Service":[],"SoftwareApplication":[],"WebPage":[]},"graphName":"Article","isEnabled":true},"graphs":[]},"schema_type":"default","schema_type_options":null,"pillar_content":false,"robots_default":true,"robots_noindex":false,"robots_noarchive":false,"robots_nosnippet":false,"robots_nofollow":false,"robots_noimageindex":false,"robots_noodp":false,"robots_notranslate":false,"robots_max_snippet":"-1","robots_max_videopreview":"-1","robots_max_imagepreview":"large","priority":null,"frequency":"default","local_seo":null,"seo_analyzer_scan_date":"2025-10-08 23:26:27","breadcrumb_settings":null,"limit_modified_date":false,"reviewed_by":null,"open_ai":"{\"title\":{\"suggestions\":[],\"usage\":0},\"description\":{\"suggestions\":[],\"usage\":0}}","ai":null,"created":"2024-09-27 15:40:51","updated":"2026-02-04 14:07:21"},"aioseo_breadcrumb":"<div class=\"aioseo-breadcrumbs\"><span class=\"aioseo-breadcrumb\">\n\t<a href=\"https:\/\/soymigrante.com\/revista\" title=\"Home\">Home<\/a>\n<\/span><span class=\"aioseo-breadcrumb-separator\">\u00bb<\/span><span class=\"aioseo-breadcrumb\">\n\t<a href=\"https:\/\/soymigrante.com\/revista\/category\/bienestar\/\" title=\"Bienestar\">Bienestar<\/a>\n<\/span><span class=\"aioseo-breadcrumb-separator\">\u00bb<\/span><span class=\"aioseo-breadcrumb\">\n\tC\u00f3mo inscribir a hijos de migrantes en escuelas de USA\n<\/span><\/div>","aioseo_breadcrumb_json":[{"label":"Home","link":"https:\/\/soymigrante.com\/revista"},{"label":"Bienestar","link":"https:\/\/soymigrante.com\/revista\/category\/bienestar\/"},{"label":"C\u00f3mo inscribir a hijos de migrantes en escuelas de USA","link":"https:\/\/soymigrante.com\/revista\/como-inscribir-a-hijos-de-migrantes-en-escuelas-de-usa\/"}],"_links":{"self":[{"href":"https:\/\/soymigrante.com\/revista\/wp-json\/wp\/v2\/posts\/9783","targetHints":{"allow":["GET"]}}],"collection":[{"href":"https:\/\/soymigrante.com\/revista\/wp-json\/wp\/v2\/posts"}],"about":[{"href":"https:\/\/soymigrante.com\/revista\/wp-json\/wp\/v2\/types\/post"}],"author":[{"embeddable":true,"href":"https:\/\/soymigrante.com\/revista\/wp-json\/wp\/v2\/users\/19"}],"replies":[{"embeddable":true,"href":"https:\/\/soymigrante.com\/revista\/wp-json\/wp\/v2\/comments?post=9783"}],"version-history":[{"count":0,"href":"https:\/\/soymigrante.com\/revista\/wp-json\/wp\/v2\/posts\/9783\/revisions"}],"wp:featuredmedia":[{"embeddable":true,"href":"https:\/\/soymigrante.com\/revista\/wp-json\/wp\/v2\/media\/9784"}],"wp:attachment":[{"href":"https:\/\/soymigrante.com\/revista\/wp-json\/wp\/v2\/media?parent=9783"}],"wp:term":[{"taxonomy":"category","embeddable":true,"href":"https:\/\/soymigrante.com\/revista\/wp-json\/wp\/v2\/categories?post=9783"},{"taxonomy":"post_tag","embeddable":true,"href":"https:\/\/soymigrante.com\/revista\/wp-json\/wp\/v2\/tags?post=9783"}],"curies":[{"name":"wp","href":"https:\/\/api.w.org\/{rel}","templated":true}]}}