{"id":9776,"date":"2024-09-30T13:53:29","date_gmt":"2024-09-30T19:53:29","guid":{"rendered":"https:\/\/soymigrante.com\/revista\/?p=9776"},"modified":"2024-10-02T08:02:12","modified_gmt":"2024-10-02T14:02:12","slug":"esvin-gomez-retalteco-migrante-impulsa-el-movimiento-tps-en-california","status":"publish","type":"post","link":"https:\/\/soymigrante.com\/revista\/esvin-gomez-retalteco-migrante-impulsa-el-movimiento-tps-en-california\/","title":{"rendered":"&#8220;Lo vamos a lograr&#8221;: Esvin G\u00f3mez, migrante retalteco apoya el movimiento TPS en California"},"content":{"rendered":"\t\t<div data-elementor-type=\"wp-post\" data-elementor-id=\"9776\" class=\"elementor elementor-9776\" data-elementor-post-type=\"post\">\n\t\t\t\t<div data-particle_enable=\"false\" data-particle-mobile-disabled=\"false\" class=\"elementor-element elementor-element-ade01ce e-flex e-con-boxed e-con e-parent\" data-id=\"ade01ce\" data-element_type=\"container\" data-e-type=\"container\">\n\t\t\t\t\t<div class=\"e-con-inner\">\n\t\t\t\t<div class=\"elementor-element elementor-element-e72f0b5 elementor-widget elementor-widget-heading\" data-id=\"e72f0b5\" data-element_type=\"widget\" data-e-type=\"widget\" data-widget_type=\"heading.default\">\n\t\t\t\t\t<h2 class=\"elementor-heading-title elementor-size-default\">Esta es la historia de Esvin Mauricio G\u00f3mez Benavente, quien con toda la fe del mundo y el \u00edmpetu de que el TPS es un derecho y una oportunidad para los guatemaltecos de tener un trabajo digno en Estados Unidos, ha dedicado su vida a defender esta lucha.<\/h2>\t\t\t\t<\/div>\n\t\t\t\t\t<\/div>\n\t\t\t\t<\/div>\n\t\t<div data-particle_enable=\"false\" data-particle-mobile-disabled=\"false\" class=\"elementor-element elementor-element-fdff5e1 e-flex e-con-boxed e-con e-parent\" data-id=\"fdff5e1\" data-element_type=\"container\" data-e-type=\"container\">\n\t\t\t\t\t<div class=\"e-con-inner\">\n\t\t\t\t<div class=\"elementor-element elementor-element-3559dbb elementor-widget elementor-widget-text-editor\" data-id=\"3559dbb\" data-element_type=\"widget\" data-e-type=\"widget\" data-widget_type=\"text-editor.default\">\n\t\t\t\t\t\t\t\t\t<p><span style=\"color: var( --e-global-color-text );text-align: var(--text-align)\">Ten\u00eda solo 23 a\u00f1os cuando decidi\u00f3 dejar su natal San Felipe, Retalhuleu. Lleg\u00f3 a&nbsp; en California ante una cultura desconocida pero convencido de que la situaci\u00f3n del conflicto armado interno en Guatemala representaba un riesgo, se llen\u00f3 de coraje para encontrar un trabajo y un lugar donde vivir en Estados Unidos.&nbsp;<\/span><\/p>\n<div><span style=\"color: var( --e-global-color-text );text-align: var(--text-align)\">\u201cLa guerrilla acab\u00f3 con mi trabajo en una finca llamada el Pacayal, la quemaron. Trabaj\u00e9 como maestro de primaria en Pochuta, Chimaltenango&#8221;, relata sobre su salida de Guatemala hace 31 a\u00f1os.<\/span><br><span style=\"color: var( --e-global-color-text );text-align: var(--text-align)\"><br><\/span><span style=\"color: var( --e-global-color-text );text-align: var(--text-align)\">&#8220;En Estados Unidos he trabajado en la construcci\u00f3n, he aprendido a cambiar pisos, ventanas. He trabajado en el campo y cuando comenc\u00e9 la gente me criticaba del porqu\u00e9 siendo un maestro iba al campo a trabajar\u201d, comparte Esvin quien a sus 56 a\u00f1os est\u00e1 convencido de que le va mejor trabajando \u201cpor su cuenta\u201d. Busca ocupaciones en las que ha adquirido experiencia durante los 31 a\u00f1os que tiene de vivir en EE. UU.<\/span><\/div>\t\t\t\t\t\t\t\t<\/div>\n\t\t\t\t\t<\/div>\n\t\t\t\t<\/div>\n\t\t<div data-particle_enable=\"false\" data-particle-mobile-disabled=\"false\" class=\"elementor-element elementor-element-502b250 e-flex e-con-boxed e-con e-parent\" data-id=\"502b250\" data-element_type=\"container\" data-e-type=\"container\">\n\t\t\t\t\t<div class=\"e-con-inner\">\n\t\t\t\t<div class=\"elementor-element elementor-element-36cc6b2 elementor-widget elementor-widget-image\" data-id=\"36cc6b2\" data-element_type=\"widget\" data-e-type=\"widget\" data-widget_type=\"image.default\">\n\t\t\t\t\t\t\t\t\t\t\t\t<figure class=\"wp-caption\">\n\t\t\t\t\t\t\t\t\t\t<img fetchpriority=\"high\" decoding=\"async\" width=\"768\" height=\"576\" src=\"https:\/\/soymigrante.com\/revista\/wp-content\/uploads\/2024\/09\/Esvin-Gomez-defiende-el-TPS-en-USA8-1024x768.webp\" class=\"attachment-large size-large wp-image-9822\" alt=\"Activistas migrantes en Guatemala promoviendo derechos de migrantes en una conferencia de prensa, con carteles del Movimiento TPS y participaci\u00f3n en medios de comunicaci\u00f3n.\" srcset=\"https:\/\/soymigrante.com\/revista\/wp-content\/uploads\/2024\/09\/Esvin-Gomez-defiende-el-TPS-en-USA8-1024x768.webp 1024w, https:\/\/soymigrante.com\/revista\/wp-content\/uploads\/2024\/09\/Esvin-Gomez-defiende-el-TPS-en-USA8-300x225.webp 300w, https:\/\/soymigrante.com\/revista\/wp-content\/uploads\/2024\/09\/Esvin-Gomez-defiende-el-TPS-en-USA8-768x576.webp 768w, https:\/\/soymigrante.com\/revista\/wp-content\/uploads\/2024\/09\/Esvin-Gomez-defiende-el-TPS-en-USA8-1536x1152.webp 1536w, https:\/\/soymigrante.com\/revista\/wp-content\/uploads\/2024\/09\/Esvin-Gomez-defiende-el-TPS-en-USA8-750x563.webp 750w, https:\/\/soymigrante.com\/revista\/wp-content\/uploads\/2024\/09\/Esvin-Gomez-defiende-el-TPS-en-USA8-1140x855.jpeg 1140w, https:\/\/soymigrante.com\/revista\/wp-content\/uploads\/2024\/09\/Esvin-Gomez-defiende-el-TPS-en-USA8.webp 1920w\" sizes=\"(max-width: 768px) 100vw, 768px\" title=\"Esvin Gomez defiende el TPS en USA8 \u2013 SoyMigrante.com REVISTA\" \/>\t\t\t\t\t\t\t\t\t\t\t<figcaption class=\"widget-image-caption wp-caption-text\">Este imagen refleja la iniciativa de organizaci\u00f3n y movilizaci\u00f3n de migrantes guatemaltecos que buscan protecci\u00f3n y apoyo mediante campa\u00f1as de informaci\u00f3n y participaci\u00f3n c\u00edvica.<\/figcaption>\n\t\t\t\t\t\t\t\t\t\t<\/figure>\n\t\t\t\t\t\t\t\t\t<\/div>\n\t\t\t\t\t<\/div>\n\t\t\t\t<\/div>\n\t\t<div data-particle_enable=\"false\" data-particle-mobile-disabled=\"false\" class=\"elementor-element elementor-element-686e92a e-flex e-con-boxed e-con e-parent\" data-id=\"686e92a\" data-element_type=\"container\" data-e-type=\"container\">\n\t\t\t\t\t<div class=\"e-con-inner\">\n\t\t\t\t<div class=\"elementor-element elementor-element-b80627b elementor-widget elementor-widget-text-editor\" data-id=\"b80627b\" data-element_type=\"widget\" data-e-type=\"widget\" data-widget_type=\"text-editor.default\">\n\t\t\t\t\t\t\t\t\t<p>Pero Esvin no se fue solo. Migr\u00f3 a Estados Unidos junto a su esposa, con quien tiene cuatro hijos, y ahora han forjado esa familia en Santa Ana, California, desde donde se enorgullece de ser guatemalteco y se siente agradecido por la familia que lo apoya a continuar.<\/p>\t\t\t\t\t\t\t\t<\/div>\n\t\t\t\t\t<\/div>\n\t\t\t\t<\/div>\n\t\t<div data-particle_enable=\"false\" data-particle-mobile-disabled=\"false\" class=\"elementor-element elementor-element-123cb9b e-flex e-con-boxed e-con e-parent\" data-id=\"123cb9b\" data-element_type=\"container\" data-e-type=\"container\">\n\t\t\t\t\t<div class=\"e-con-inner\">\n\t\t\t\t<div class=\"elementor-element elementor-element-fc4d093 elementor-widget elementor-widget-heading\" data-id=\"fc4d093\" data-element_type=\"widget\" data-e-type=\"widget\" data-widget_type=\"heading.default\">\n\t\t\t\t\t<h3 class=\"elementor-heading-title elementor-size-default\">Su convicci\u00f3n por apoyar la campa\u00f1a TPS<\/h3>\t\t\t\t<\/div>\n\t\t\t\t\t<\/div>\n\t\t\t\t<\/div>\n\t\t<div data-particle_enable=\"false\" data-particle-mobile-disabled=\"false\" class=\"elementor-element elementor-element-13ff98f e-flex e-con-boxed e-con e-parent\" data-id=\"13ff98f\" data-element_type=\"container\" data-e-type=\"container\">\n\t\t\t\t\t<div class=\"e-con-inner\">\n\t\t\t\t<div class=\"elementor-element elementor-element-001b570 elementor-widget elementor-widget-text-editor\" data-id=\"001b570\" data-element_type=\"widget\" data-e-type=\"widget\" data-widget_type=\"text-editor.default\">\n\t\t\t\t\t\t\t\t\t<p>\u201cDesde el primer d\u00eda que puse un pie en Estados Unidos escuch\u00e9 sobre\u00a0<a href=\"https:\/\/soymigrante.com\/revista\/red-migrante-recolecta-firmas-de-apoyo-a-tps-para-guatemala-en-consulados\/\" target=\"_blank\" rel=\"noopener\">el TPS<\/a>\u00a0y me inform\u00e9. Los guatemaltecos necesitamos tener trabajos dignos. Guatemala es un pa\u00eds que se ha visto afectado por huracanes, desastres naturales. Dios me trajo a este pa\u00eds con un objetivo. No me voy a detener en la lucha para obtener el TPS que beneficie a muchos guatemaltecos\u201d, expresa Esvin.<\/p><p>Esvin ha dedicado su vida a defender el TPS, en la actualidad como miembro del Movimiento Guatemalteco TPS en California se dedica a recolectar firmas. Camina y camina por ciudades californianas en busca de ellas. Tambi\u00e9n se organiza a trav\u00e9s de caravanas.\u00a0<\/p><p>\u201cQuiero un plan diferente para motivar a que los guatemaltecos escuchen y se preparan sobre el TPS. Estoy esperanzado. Estoy motivando a nuestra gente. Les digo que estamos luchando por estar ac\u00e1 (en Estados Unidos) y luchar por la comunidad guatemalteca\u201d, a\u00f1ade.<\/p>\t\t\t\t\t\t\t\t<\/div>\n\t\t\t\t\t<\/div>\n\t\t\t\t<\/div>\n\t\t<div data-particle_enable=\"false\" data-particle-mobile-disabled=\"false\" class=\"elementor-element elementor-element-33e923d e-flex e-con-boxed e-con e-parent\" data-id=\"33e923d\" data-element_type=\"container\" data-e-type=\"container\">\n\t\t\t\t\t<div class=\"e-con-inner\">\n\t\t\t\t<div class=\"elementor-element elementor-element-bc6f9f4 elementor-widget elementor-widget-image\" data-id=\"bc6f9f4\" data-element_type=\"widget\" data-e-type=\"widget\" data-widget_type=\"image.default\">\n\t\t\t\t\t\t\t\t\t\t\t\t<figure class=\"wp-caption\">\n\t\t\t\t\t\t\t\t\t\t<img decoding=\"async\" width=\"768\" height=\"576\" src=\"https:\/\/soymigrante.com\/revista\/wp-content\/uploads\/2024\/09\/Esvin-Gomez-defiende-el-TPS-en-USA12-1024x768.jpeg\" class=\"attachment-large size-large wp-image-9823\" alt=\"Migrantes guatemaltecos con bandera en ciudad extranjera, grupo diverso celebrando uni\u00f3n y cultura en evento nocturno.\" srcset=\"https:\/\/soymigrante.com\/revista\/wp-content\/uploads\/2024\/09\/Esvin-Gomez-defiende-el-TPS-en-USA12-1024x768.jpeg 1024w, https:\/\/soymigrante.com\/revista\/wp-content\/uploads\/2024\/09\/Esvin-Gomez-defiende-el-TPS-en-USA12-300x225.webp 300w, https:\/\/soymigrante.com\/revista\/wp-content\/uploads\/2024\/09\/Esvin-Gomez-defiende-el-TPS-en-USA12-768x576.jpeg 768w, https:\/\/soymigrante.com\/revista\/wp-content\/uploads\/2024\/09\/Esvin-Gomez-defiende-el-TPS-en-USA12-1536x1152.jpeg 1536w, https:\/\/soymigrante.com\/revista\/wp-content\/uploads\/2024\/09\/Esvin-Gomez-defiende-el-TPS-en-USA12-750x563.webp 750w, https:\/\/soymigrante.com\/revista\/wp-content\/uploads\/2024\/09\/Esvin-Gomez-defiende-el-TPS-en-USA12-1140x855.jpeg 1140w, https:\/\/soymigrante.com\/revista\/wp-content\/uploads\/2024\/09\/Esvin-Gomez-defiende-el-TPS-en-USA12.webp 1920w\" sizes=\"(max-width: 768px) 100vw, 768px\" title=\"Esvin Gomez defiende el TPS en USA12 \u2013 SoyMigrante.com REVISTA\" \/>\t\t\t\t\t\t\t\t\t\t\t<figcaption class=\"widget-image-caption wp-caption-text\">Grupo de migrantes guatemaltecos celebrando en ciudad extranjera con bandera, destacando la comunidad y cultura migrante en evento nocturno.<\/figcaption>\n\t\t\t\t\t\t\t\t\t\t<\/figure>\n\t\t\t\t\t\t\t\t\t<\/div>\n\t\t\t\t\t<\/div>\n\t\t\t\t<\/div>\n\t\t<div data-particle_enable=\"false\" data-particle-mobile-disabled=\"false\" class=\"elementor-element elementor-element-e96cefe e-flex e-con-boxed e-con e-parent\" data-id=\"e96cefe\" data-element_type=\"container\" data-e-type=\"container\">\n\t\t\t\t\t<div class=\"e-con-inner\">\n\t\t\t\t<div class=\"elementor-element elementor-element-519d673 elementor-widget elementor-widget-heading\" data-id=\"519d673\" data-element_type=\"widget\" data-e-type=\"widget\" data-widget_type=\"heading.default\">\n\t\t\t\t\t<h3 class=\"elementor-heading-title elementor-size-default\">Solicita firma de apoyo en EE.UU.<\/h3>\t\t\t\t<\/div>\n\t\t\t\t\t<\/div>\n\t\t\t\t<\/div>\n\t\t<div data-particle_enable=\"false\" data-particle-mobile-disabled=\"false\" class=\"elementor-element elementor-element-2d39adb e-flex e-con-boxed e-con e-parent\" data-id=\"2d39adb\" data-element_type=\"container\" data-e-type=\"container\">\n\t\t\t\t\t<div class=\"e-con-inner\">\n\t\t\t\t<div class=\"elementor-element elementor-element-203003a elementor-widget elementor-widget-text-editor\" data-id=\"203003a\" data-element_type=\"widget\" data-e-type=\"widget\" data-widget_type=\"text-editor.default\">\n\t\t\t\t\t\t\t\t\t<p>Esvin est\u00e1 convencido de que un TPS ser\u00e1 posible y por eso su afan es que\u00a0 m\u00e1s guatemaltecos en Estados Unidos se unan a esta solicitud y porque tambi\u00e9n sea una iniciativa que conocida por todos viaj\u00f3 en una ocasi\u00f3n a Disneyland, el parque de diversiones de Disney. Donde incluso obtuvo apoyo de estadounidenses al recaudar firmas.<\/p><p>En abril \u00faltimo, el gobierno de Guatemala solicit\u00f3 formalmente\u00a0<a href=\"https:\/\/soymigrante.com\/revista\/11-ciudades-y-55-congresistas-de-ee-uu-se-suman-a-peticion-de-tps-guatemalteco\/\" target=\"_blank\" rel=\"noopener\">el TPS\u00a0<\/a>al gobierno de Estados Unidos. Integrantes del Movimiento Guatemalteco del TPS viaj\u00f3 a Washington para celebrar una vigilia con el fin de lanzar la voz solicitando que el TPS sea una realidad para los guatemaltecos radicados en ese pa\u00eds.\u00a0<\/p><p>Esvin y su familia decidieron unirse en la distancia a trav\u00e9s de una peque\u00f1a virgilia. Donde tambi\u00e9n aprovech\u00f3 para solicitar m\u00e1s firmas e informar a m\u00e1s connacionales sobre los beneficios que traer\u00eda un Estatus de Protecci\u00f3n Temporal.<\/p>\t\t\t\t\t\t\t\t<\/div>\n\t\t\t\t\t<\/div>\n\t\t\t\t<\/div>\n\t\t<div data-particle_enable=\"false\" data-particle-mobile-disabled=\"false\" class=\"elementor-element elementor-element-32912c9 e-flex e-con-boxed e-con e-parent\" data-id=\"32912c9\" data-element_type=\"container\" data-e-type=\"container\">\n\t\t\t\t\t<div class=\"e-con-inner\">\n\t\t\t\t<div class=\"elementor-element elementor-element-1909845 elementor-widget elementor-widget-image\" data-id=\"1909845\" data-element_type=\"widget\" data-e-type=\"widget\" data-widget_type=\"image.default\">\n\t\t\t\t\t\t\t\t\t\t\t\t<figure class=\"wp-caption\">\n\t\t\t\t\t\t\t\t\t\t<img decoding=\"async\" width=\"768\" height=\"576\" src=\"https:\/\/soymigrante.com\/revista\/wp-content\/uploads\/2024\/09\/Esvin-Gomez-defiende-el-TPS-en-USA10-1024x768.webp\" class=\"attachment-large size-large wp-image-9824\" alt=\"Participantes en evento comunitario promoviendo el voto y los derechos ciudadanos en una feria en el parque. Mujeres y hombres muestran sus folletos de campa\u00f1a para incentivar la participaci\u00f3n electoral.\" srcset=\"https:\/\/soymigrante.com\/revista\/wp-content\/uploads\/2024\/09\/Esvin-Gomez-defiende-el-TPS-en-USA10-1024x768.webp 1024w, https:\/\/soymigrante.com\/revista\/wp-content\/uploads\/2024\/09\/Esvin-Gomez-defiende-el-TPS-en-USA10-300x225.webp 300w, https:\/\/soymigrante.com\/revista\/wp-content\/uploads\/2024\/09\/Esvin-Gomez-defiende-el-TPS-en-USA10-768x576.webp 768w, https:\/\/soymigrante.com\/revista\/wp-content\/uploads\/2024\/09\/Esvin-Gomez-defiende-el-TPS-en-USA10-1536x1152.webp 1536w, https:\/\/soymigrante.com\/revista\/wp-content\/uploads\/2024\/09\/Esvin-Gomez-defiende-el-TPS-en-USA10-750x563.webp 750w, https:\/\/soymigrante.com\/revista\/wp-content\/uploads\/2024\/09\/Esvin-Gomez-defiende-el-TPS-en-USA10-1140x855.webp 1140w, https:\/\/soymigrante.com\/revista\/wp-content\/uploads\/2024\/09\/Esvin-Gomez-defiende-el-TPS-en-USA10.webp 1920w\" sizes=\"(max-width: 768px) 100vw, 768px\" title=\"Esvin Gomez defiende el TPS en USA10 \u2013 SoyMigrante.com REVISTA\" \/>\t\t\t\t\t\t\t\t\t\t\t<figcaption class=\"widget-image-caption wp-caption-text\">Fotograf\u00eda de grupo en un evento pol\u00edtico con puestos de informaci\u00f3n y miembros de la comunidad participando activamente en actividades democr\u00e1ticas.<\/figcaption>\n\t\t\t\t\t\t\t\t\t\t<\/figure>\n\t\t\t\t\t\t\t\t\t<\/div>\n\t\t\t\t\t<\/div>\n\t\t\t\t<\/div>\n\t\t<div data-particle_enable=\"false\" data-particle-mobile-disabled=\"false\" class=\"elementor-element elementor-element-719a79a e-flex e-con-boxed e-con e-parent\" data-id=\"719a79a\" data-element_type=\"container\" data-e-type=\"container\">\n\t\t\t\t\t<div class=\"e-con-inner\">\n\t\t\t\t<div class=\"elementor-element elementor-element-f0f7d2e elementor-widget elementor-widget-heading\" data-id=\"f0f7d2e\" data-element_type=\"widget\" data-e-type=\"widget\" data-widget_type=\"heading.default\">\n\t\t\t\t\t<h3 class=\"elementor-heading-title elementor-size-default\">Tiene residencia legal, pero busca ayudar a m\u00e1s compatriotas <\/h3>\t\t\t\t<\/div>\n\t\t\t\t\t<\/div>\n\t\t\t\t<\/div>\n\t\t<div data-particle_enable=\"false\" data-particle-mobile-disabled=\"false\" class=\"elementor-element elementor-element-faf0da0 e-flex e-con-boxed e-con e-parent\" data-id=\"faf0da0\" data-element_type=\"container\" data-e-type=\"container\">\n\t\t\t\t\t<div class=\"e-con-inner\">\n\t\t\t\t<div class=\"elementor-element elementor-element-b343480 elementor-widget elementor-widget-text-editor\" data-id=\"b343480\" data-element_type=\"widget\" data-e-type=\"widget\" data-widget_type=\"text-editor.default\">\n\t\t\t\t\t\t\t\t\t<p>\u201cGracias a Dios y a mi familia que me han apoyado mucho en esta lucha, eso es un gran apoyo. Nosotros tenemos fe en Dios de que se va a lograr (<a href=\"https:\/\/soymigrante.com\/revista\/elizabeth-calderon-un-tps-me-permitiria-abrazar-otra-vez-a-mis-hijos\/\" target=\"_blank\" rel=\"noopener\">obtener el TPS<\/a>). Cuando explico y pido firmas les digo una cosa: alguien que me venga a decir que tiene miedo por decir su nombre, no est\u00e1 bien. No est\u00e1 diciendo ning\u00fan dato b\u00e1sico para que lo lleguen a buscar. Algunos dicen que es politiquer\u00eda, pero yo les digo que es la \u00fanica organizaci\u00f3n que est\u00e1 hablando por nosotros los guatemaltecos. Vamos a luchar por ello\u201d, refiere con af\u00e1n.<\/p><p><span style=\"color: var( --e-global-color-text );text-align: var(--text-align)\">\u201cLos migrantes representan una de las divisas m\u00e1s importantes a trav\u00e9s de las remesas. Estamos ayudando a la econom\u00eda en Guatemala\u201d, a\u00f1ade.<\/span><\/p><p><span style=\"color: var( --e-global-color-text );text-align: var(--text-align)\">Al preguntarle cu\u00e1l ha sido la principal que lo motivo a trabajar de forma voluntaria buscando firmas y apoyo al TPS, Esvin responde que <a href=\"https:\/\/soymigrante.com\/revista\/migrantes-guatemaltecos-en-40-estados-de-ee-uu-se-unen-en-busca-de-un-tps\/\">busca concientizar a la comunidad<\/a> de que necesitan confiar en el trabajo que hacen, de esa forma \u00e9l se siente \u00fatil y est\u00e1 consciente de que el Movimiento Guatemalteca del TPS es un medio a favor de los guatemaltecos.<br \/><\/span><\/p>\t\t\t\t\t\t\t\t<\/div>\n\t\t\t\t\t<\/div>\n\t\t\t\t<\/div>\n\t\t<div data-particle_enable=\"false\" data-particle-mobile-disabled=\"false\" class=\"elementor-element elementor-element-f5f5ff7 e-flex e-con-boxed e-con e-parent\" data-id=\"f5f5ff7\" data-element_type=\"container\" data-e-type=\"container\">\n\t\t\t\t\t<div class=\"e-con-inner\">\n\t\t\t\t<div class=\"elementor-element elementor-element-86c6936 elementor-arrows-position-inside elementor-pagination-position-outside elementor-widget elementor-widget-image-carousel\" data-id=\"86c6936\" data-element_type=\"widget\" data-e-type=\"widget\" data-settings=\"{&quot;slides_to_show&quot;:&quot;1&quot;,&quot;navigation&quot;:&quot;both&quot;,&quot;autoplay&quot;:&quot;yes&quot;,&quot;pause_on_hover&quot;:&quot;yes&quot;,&quot;pause_on_interaction&quot;:&quot;yes&quot;,&quot;autoplay_speed&quot;:5000,&quot;infinite&quot;:&quot;yes&quot;,&quot;effect&quot;:&quot;slide&quot;,&quot;speed&quot;:500}\" data-widget_type=\"image-carousel.default\">\n\t\t\t\t\t\t\t<div class=\"elementor-image-carousel-wrapper swiper\" role=\"region\" aria-roledescription=\"carousel\" aria-label=\"Carrusel de im\u00e1genes\" dir=\"ltr\">\n\t\t\t<div class=\"elementor-image-carousel swiper-wrapper\" aria-live=\"off\">\n\t\t\t\t\t\t\t\t<div class=\"swiper-slide\" role=\"group\" aria-roledescription=\"slide\" aria-label=\"1 de 8\"><figure class=\"swiper-slide-inner\"><img decoding=\"async\" class=\"swiper-slide-image\" src=\"https:\/\/soymigrante.com\/revista\/wp-content\/uploads\/2024\/09\/Esvin-Gomez-defiende-el-TPS-en-USA4-768x1024.webp\" alt=\"Disnleyland Resort, gu\u00eda del parque, mapa, atracciones, entretenimiento y entretenimiento para visitantes.\" \/><\/figure><\/div><div class=\"swiper-slide\" role=\"group\" aria-roledescription=\"slide\" aria-label=\"2 de 8\"><figure class=\"swiper-slide-inner\"><img decoding=\"async\" class=\"swiper-slide-image\" src=\"https:\/\/soymigrante.com\/revista\/wp-content\/uploads\/2024\/09\/Esvin-Gomez-defiende-el-TPS-en-USA11-768x1024.webp\" alt=\"TPS movimiento electoral, campa\u00f1a de votar con confianza en evento comunitario en el parque. Persona sostiene folleto electoral, rodeada de puestos informativos y asistentes participando en la iniciativa.\" \/><\/figure><\/div><div class=\"swiper-slide\" role=\"group\" aria-roledescription=\"slide\" aria-label=\"3 de 8\"><figure class=\"swiper-slide-inner\"><img decoding=\"async\" class=\"swiper-slide-image\" src=\"https:\/\/soymigrante.com\/revista\/wp-content\/uploads\/2024\/09\/Esvin-Gomez-defiende-el-TPS-en-USA3-e1727724241599-1024x1024.webp\" alt=\"Turista en un centro comercial de EE.UU., sostiene una hoja con el logotipo de TPS, en un entorno urbano con decoraciones de Halloween y figura de Mickey Mouse disfrazada.\" \/><\/figure><\/div><div class=\"swiper-slide\" role=\"group\" aria-roledescription=\"slide\" aria-label=\"4 de 8\"><figure class=\"swiper-slide-inner\"><img decoding=\"async\" class=\"swiper-slide-image\" src=\"https:\/\/soymigrante.com\/revista\/wp-content\/uploads\/2024\/09\/Esvin-Gomez-defiende-el-TPS-en-USA6-768x1024.webp\" alt=\"Candidato apoyando la campa\u00f1a TPS en Tlalnepantla, sosteniendo cartel de respaldo con c\u00f3digo QR para firma digital, promoviendo derechos migratorios y protecci\u00f3n social para migrantes en M\u00e9xico.\" \/><\/figure><\/div><div class=\"swiper-slide\" role=\"group\" aria-roledescription=\"slide\" aria-label=\"5 de 8\"><figure class=\"swiper-slide-inner\"><img decoding=\"async\" class=\"swiper-slide-image\" src=\"https:\/\/soymigrante.com\/revista\/wp-content\/uploads\/2024\/09\/Esvin-Gomez-defiende-el-TPS-en-USA5-768x1024.webp\" alt=\"Migrante y mujer en evento cultural, promoci\u00f3n de derechos y comunidad inmigrante, feria en un parque, celebraci\u00f3n de cultura y apoyo a migrantes en evento comunitario.\" \/><\/figure><\/div><div class=\"swiper-slide\" role=\"group\" aria-roledescription=\"slide\" aria-label=\"6 de 8\"><figure class=\"swiper-slide-inner\"><img decoding=\"async\" class=\"swiper-slide-image\" src=\"https:\/\/soymigrante.com\/revista\/wp-content\/uploads\/2024\/09\/Esvin-Gomez-defiende-el-TPS-en-USA-2-768x1024.webp\" alt=\"Centro de integraci\u00f3n y apoyo a migrantes en Guatemala en evento internacional de migraci\u00f3n, promoviendo derechos y reconocimiento de la comunidad migrante guatemalteca.\" \/><\/figure><\/div><div class=\"swiper-slide\" role=\"group\" aria-roledescription=\"slide\" aria-label=\"7 de 8\"><figure class=\"swiper-slide-inner\"><img decoding=\"async\" class=\"swiper-slide-image\" src=\"https:\/\/soymigrante.com\/revista\/wp-content\/uploads\/2024\/09\/Esvin-Gomez-defiende-el-TPS-en-USA7-768x1024.webp\" alt=\"Cita de apoyo para la comunidad migrante, destacando el movimiento TPS en Guatemala y la importancia de votar, con enfoque en derechos y participaci\u00f3n social.\" \/><\/figure><\/div><div class=\"swiper-slide\" role=\"group\" aria-roledescription=\"slide\" aria-label=\"8 de 8\"><figure class=\"swiper-slide-inner\"><img decoding=\"async\" class=\"swiper-slide-image\" src=\"https:\/\/soymigrante.com\/revista\/wp-content\/uploads\/2024\/09\/Esvin-Gomez-defiende-el-TPS-en-USA-768x1024.webp\" alt=\"\u00c1nimo de inmigrantes en evento comunitario, hombres sonrientes con ropa casual y accesorios llamativos en entorno exterior con \u00e1rboles y cielo azul.\" \/><\/figure><\/div>\t\t\t<\/div>\n\t\t\t\t\t\t\t\t\t\t\t\t<div class=\"elementor-swiper-button elementor-swiper-button-prev\" role=\"button\" tabindex=\"0\">\n\t\t\t\t\t\t<i aria-hidden=\"true\" class=\"eicon-chevron-left\"><\/i>\t\t\t\t\t<\/div>\n\t\t\t\t\t<div class=\"elementor-swiper-button elementor-swiper-button-next\" role=\"button\" tabindex=\"0\">\n\t\t\t\t\t\t<i aria-hidden=\"true\" class=\"eicon-chevron-right\"><\/i>\t\t\t\t\t<\/div>\n\t\t\t\t\n\t\t\t\t\t\t\t\t\t<div class=\"swiper-pagination\"><\/div>\n\t\t\t\t\t\t\t\t\t<\/div>\n\t\t\t\t\t\t<\/div>\n\t\t\t\t\t<\/div>\n\t\t\t\t<\/div>\n\t\t<div data-particle_enable=\"false\" data-particle-mobile-disabled=\"false\" class=\"elementor-element elementor-element-a36fddc e-flex e-con-boxed e-con e-parent\" data-id=\"a36fddc\" data-element_type=\"container\" data-e-type=\"container\">\n\t\t\t\t\t<div class=\"e-con-inner\">\n\t\t\t\t<div class=\"elementor-element elementor-element-aa46cb7 elementor-widget elementor-widget-heading\" data-id=\"aa46cb7\" data-element_type=\"widget\" data-e-type=\"widget\" data-widget_type=\"heading.default\">\n\t\t\t\t\t<h3 class=\"elementor-heading-title elementor-size-default\">Uno a uno, se van sumando m\u00e1s apoyos<\/h3>\t\t\t\t<\/div>\n\t\t\t\t\t<\/div>\n\t\t\t\t<\/div>\n\t\t<div data-particle_enable=\"false\" data-particle-mobile-disabled=\"false\" class=\"elementor-element elementor-element-949e5e3 e-flex e-con-boxed e-con e-parent\" data-id=\"949e5e3\" data-element_type=\"container\" data-e-type=\"container\">\n\t\t\t\t\t<div class=\"e-con-inner\">\n\t\t\t\t<div class=\"elementor-element elementor-element-02ac2b2 elementor-widget elementor-widget-text-editor\" data-id=\"02ac2b2\" data-element_type=\"widget\" data-e-type=\"widget\" data-widget_type=\"text-editor.default\">\n\t\t\t\t\t\t\t\t\t<p>Sobre la unidad entre migrantes guatemaltecos en EE. UU. a favor del TPS, Esvin responde que gracias al trabajo desde el movimiento el inter\u00e9s ha crecido.\u00a0<\/p><p>\u201cLos trabajos est\u00e1 mal pagados por gente que se aprovecha de la condici\u00f3n de los indocumentados.\u00a0<a href=\"https:\/\/soymigrante.com\/revista\/municipalidades-se-han-unido-a-peticion-de-tps-guatemalteco\/\" target=\"_blank\" rel=\"noopener\">Necesitamos apoyo de los guatemaltecos.<\/a>\u00a0Hay personas del gobierno (americano) involucradas en ayudarnos. Vemos que el gobierno de Guatemala comienza a presionar al gobierno de EE. UU. Necesitamos mostrar por qu\u00e9 necesitamos y calificamos para un TPS\u201d, dice.<\/p><p><span style=\"color: var( --e-global-color-text );text-align: var(--text-align)\">\u201cAc\u00e1 en Estados Unidos la vida es cara y a veces ante la falta de trabajo muchos desean moverse a otros estados, necesitamos mejores condiciones laborales. El TPS nos ayudar\u00eda a teber yba base nehir\u201d, puntualiza Esvin.<\/span><\/p>\t\t\t\t\t\t\t\t<\/div>\n\t\t\t\t\t<\/div>\n\t\t\t\t<\/div>\n\t\t<div data-particle_enable=\"false\" data-particle-mobile-disabled=\"false\" class=\"elementor-element elementor-element-43e92f3 e-flex e-con-boxed e-con e-parent\" data-id=\"43e92f3\" data-element_type=\"container\" data-e-type=\"container\">\n\t\t\t\t\t<div class=\"e-con-inner\">\n\t\t\t\t<div class=\"elementor-element elementor-element-6e12d3e elementor-widget elementor-widget-text-editor\" data-id=\"6e12d3e\" data-element_type=\"widget\" data-e-type=\"widget\" data-widget_type=\"text-editor.default\">\n\t\t\t\t\t\t\t\t\t<p>Como buen guatemalteco, confiesa que tambi\u00e9n a fomentado que familias tengan sus huertos en casa, momento propicio que \u00e9l usa para informar a las personas sobre el TPS. Admite tener sembrado tomate, chiltepe, hierba mora, jengibre\u00a0 y hasta ayote, que podr\u00eda ser preparado para el pr\u00f3ximo D\u00eda de los Santos Difuntos en noviembre.\u00a0<\/p><p>Y con 31 a\u00f1os de vivir en Estados Unidos, Esvin defiende fehacientemente que la lucha que hacen para lograr el TPS a favor de los guatemaltecos ser\u00e1 una realidad.\u00a0<\/p>\t\t\t\t\t\t\t\t<\/div>\n\t\t\t\t\t<\/div>\n\t\t\t\t<\/div>\n\t\t<div data-particle_enable=\"false\" data-particle-mobile-disabled=\"false\" class=\"elementor-element elementor-element-adbc8ab e-flex e-con-boxed e-con e-parent\" data-id=\"adbc8ab\" data-element_type=\"container\" data-e-type=\"container\">\n\t\t\t\t\t<div class=\"e-con-inner\">\n\t\t\t\t<div class=\"elementor-element elementor-element-88776aa elementor-widget elementor-widget-facebook-embed\" data-id=\"88776aa\" data-element_type=\"widget\" data-e-type=\"widget\" data-widget_type=\"facebook-embed.default\">\n\t\t\t\t\t<div style=\"min-height: 1px\" class=\"elementor-facebook-widget fb-post\" data-href=\"https:\/\/www.facebook.com\/100010343346263\/videos\/504542445518326\" data-show-text=\"false\"><\/div>\t\t\t\t<\/div>\n\t\t\t\t\t<\/div>\n\t\t\t\t<\/div>\n\t\t<div data-particle_enable=\"false\" data-particle-mobile-disabled=\"false\" class=\"elementor-element elementor-element-0eb0d07 e-flex e-con-boxed e-con e-parent\" data-id=\"0eb0d07\" data-element_type=\"container\" data-e-type=\"container\">\n\t\t\t\t\t<div class=\"e-con-inner\">\n\t\t\t\t<div class=\"elementor-element elementor-element-0a26801 elementor-widget elementor-widget-heading\" data-id=\"0a26801\" data-element_type=\"widget\" data-e-type=\"widget\" data-widget_type=\"heading.default\">\n\t\t\t\t\t<h3 class=\"elementor-heading-title elementor-size-default\">Conoce m\u00e1s sobre el TPS y avances<\/h3>\t\t\t\t<\/div>\n\t\t\t\t\t<\/div>\n\t\t\t\t<\/div>\n\t\t<div data-particle_enable=\"false\" data-particle-mobile-disabled=\"false\" class=\"elementor-element elementor-element-5bc0566 e-flex e-con-boxed e-con e-parent\" data-id=\"5bc0566\" data-element_type=\"container\" data-e-type=\"container\">\n\t\t\t\t\t<div class=\"e-con-inner\">\n\t\t\t\t<div class=\"elementor-element elementor-element-9198ad5 elementor-grid-eael-col-3 elementor-grid-tablet-eael-col-2 elementor-grid-mobile-eael-col-1 elementor-widget elementor-widget-eael-post-grid\" data-id=\"9198ad5\" data-element_type=\"widget\" data-e-type=\"widget\" data-settings=\"{&quot;eael_post_grid_columns&quot;:&quot;eael-col-3&quot;,&quot;eael_post_grid_columns_tablet&quot;:&quot;eael-col-2&quot;,&quot;eael_post_grid_columns_mobile&quot;:&quot;eael-col-1&quot;}\" data-widget_type=\"eael-post-grid.default\">\n\t\t\t\t\t<div id=\"eael-post-grid-9198ad5\" class=\"eael-post-grid-container\">\n            <div class=\"eael-post-grid eael-post-appender eael-post-appender-9198ad5 eael-post-grid-style-one\" data-layout-mode=\"masonry\"><article class=\"eael-grid-post  eael-post-grid-column eael-pg-post-9490 category-estamos-unidos\" data-id=\"9490\">\n        <div class=\"eael-grid-post-holder\">\n            <div class=\"eael-grid-post-holder-inner\"><div class=\"eael-entry-media\"><div class=\"eael-entry-overlay fade-in\"><i class=\"far fa-hand-pointer\" aria-hidden=\"true\"><\/i><a href=\"https:\/\/soymigrante.com\/revista\/11-ciudades-y-55-congresistas-de-ee-uu-se-suman-a-peticion-de-tps-guatemalteco\/\"><\/a><\/div><div class=\"eael-entry-thumbnail \">\n                <img loading=\"lazy\" decoding=\"async\" width=\"1024\" height=\"1024\" src=\"https:\/\/soymigrante.com\/revista\/wp-content\/uploads\/2024\/06\/tps-Guatemala-migrantes-5-1024x1024.webp\" class=\"attachment-large size-large wp-image-9488\" alt=\"Diversidad cultural de migrantes en Guatemala celebrando con trajes tradicionales y banderas nacionales en evento comunitario.\" srcset=\"https:\/\/soymigrante.com\/revista\/wp-content\/uploads\/2024\/06\/tps-Guatemala-migrantes-5-1024x1024.webp 1024w, https:\/\/soymigrante.com\/revista\/wp-content\/uploads\/2024\/06\/tps-Guatemala-migrantes-5-300x300.webp 300w, https:\/\/soymigrante.com\/revista\/wp-content\/uploads\/2024\/06\/tps-Guatemala-migrantes-5-150x150.webp 150w, https:\/\/soymigrante.com\/revista\/wp-content\/uploads\/2024\/06\/tps-Guatemala-migrantes-5-768x768.webp 768w, https:\/\/soymigrante.com\/revista\/wp-content\/uploads\/2024\/06\/tps-Guatemala-migrantes-5-75x75.webp 75w, https:\/\/soymigrante.com\/revista\/wp-content\/uploads\/2024\/06\/tps-Guatemala-migrantes-5-750x750.webp 750w, https:\/\/soymigrante.com\/revista\/wp-content\/uploads\/2024\/06\/tps-Guatemala-migrantes-5-1140x1140.webp 1140w, https:\/\/soymigrante.com\/revista\/wp-content\/uploads\/2024\/06\/tps-Guatemala-migrantes-5.webp 1416w\" sizes=\"(max-width: 1024px) 100vw, 1024px\" \/>\n            <\/div>\n        <\/div><div class=\"eael-entry-wrapper\"><header class=\"eael-entry-header\"><h2 class=\"eael-entry-title\"><a class=\"eael-grid-post-link\" href=\"https:\/\/soymigrante.com\/revista\/11-ciudades-y-55-congresistas-de-ee-uu-se-suman-a-peticion-de-tps-guatemalteco\/\" title=\"60 congresistas, 22 senadores y 11 ciudades de EE.UU. apoyan solicitud de TPS Guatemalteco\">60 congresistas, 22 senadores y 11 ciudades de EE.UU. apoyan solicitud de TPS Guatemalteco<\/a><\/h2><\/header><div class=\"eael-entry-content\">\n                        <div class=\"eael-grid-post-excerpt\"><a href=\"https:\/\/soymigrante.com\/revista\/11-ciudades-y-55-congresistas-de-ee-uu-se-suman-a-peticion-de-tps-guatemalteco\/\" class=\"eael-post-elements-readmore-btn\">CONOCE SU HISTORIA <\/a><\/div>\n                    <\/div><\/div><\/div>\n        <\/div>\n    <\/article><article class=\"eael-grid-post  eael-post-grid-column eael-pg-post-7357 category-estamos-unidos\" data-id=\"7357\">\n        <div class=\"eael-grid-post-holder\">\n            <div class=\"eael-grid-post-holder-inner\"><div class=\"eael-entry-media\"><div class=\"eael-entry-overlay fade-in\"><i class=\"far fa-hand-pointer\" aria-hidden=\"true\"><\/i><a href=\"https:\/\/soymigrante.com\/revista\/municipalidades-se-han-unido-a-peticion-de-tps-guatemalteco\/\"><\/a><\/div><div class=\"eael-entry-thumbnail \">\n                <img loading=\"lazy\" decoding=\"async\" width=\"483\" height=\"483\" src=\"https:\/\/soymigrante.com\/revista\/wp-content\/uploads\/2024\/09\/tps-guatemala-2.webp\" class=\"attachment-large size-large wp-image-9720\" alt=\"Certificaci\u00f3n cultural de mujeres ind\u00edgenas en un evento en la ciudad, mostrando orgullo y tradiciones ancestrales en un entorno urbano.\" srcset=\"https:\/\/soymigrante.com\/revista\/wp-content\/uploads\/2024\/09\/tps-guatemala-2.webp 483w, https:\/\/soymigrante.com\/revista\/wp-content\/uploads\/2024\/09\/tps-guatemala-2-300x300.webp 300w, https:\/\/soymigrante.com\/revista\/wp-content\/uploads\/2024\/09\/tps-guatemala-2-150x150.webp 150w, https:\/\/soymigrante.com\/revista\/wp-content\/uploads\/2024\/09\/tps-guatemala-2-75x75.webp 75w\" sizes=\"(max-width: 483px) 100vw, 483px\" \/>\n            <\/div>\n        <\/div><div class=\"eael-entry-wrapper\"><header class=\"eael-entry-header\"><h2 class=\"eael-entry-title\"><a class=\"eael-grid-post-link\" href=\"https:\/\/soymigrante.com\/revista\/municipalidades-se-han-unido-a-peticion-de-tps-guatemalteco\/\" title=\"Suben a 150 las municipalidades de Guatemala que apoyan solicitud de TPS en EE.UU.\">Suben a 150 las municipalidades de Guatemala que apoyan solicitud de TPS en EE.UU.<\/a><\/h2><\/header><div class=\"eael-entry-content\">\n                        <div class=\"eael-grid-post-excerpt\"><a href=\"https:\/\/soymigrante.com\/revista\/municipalidades-se-han-unido-a-peticion-de-tps-guatemalteco\/\" class=\"eael-post-elements-readmore-btn\">CONOCE SU HISTORIA <\/a><\/div>\n                    <\/div><\/div><\/div>\n        <\/div>\n    <\/article><article class=\"eael-grid-post  eael-post-grid-column eael-pg-post-7733 category-estamos-unidos\" data-id=\"7733\">\n        <div class=\"eael-grid-post-holder\">\n            <div class=\"eael-grid-post-holder-inner\"><div class=\"eael-entry-media\"><div class=\"eael-entry-overlay fade-in\"><i class=\"far fa-hand-pointer\" aria-hidden=\"true\"><\/i><a href=\"https:\/\/soymigrante.com\/revista\/red-migrante-recolecta-firmas-de-apoyo-a-tps-para-guatemala-en-consulados\/\"><\/a><\/div><div class=\"eael-entry-thumbnail \">\n                <img loading=\"lazy\" decoding=\"async\" width=\"730\" height=\"730\" src=\"https:\/\/soymigrante.com\/revista\/wp-content\/uploads\/2024\/07\/consulado-guatemala-tps.webp\" class=\"attachment-large size-large wp-image-7744\" alt=\"Guatemaltecos participando en un evento de migrantes, con banderas y documentos en mano, en un espacio de reuni\u00f3n y capacitaci\u00f3n sobre derechos y oportunidades para la comunidad migrante en Guatemala.\" srcset=\"https:\/\/soymigrante.com\/revista\/wp-content\/uploads\/2024\/07\/consulado-guatemala-tps.webp 730w, https:\/\/soymigrante.com\/revista\/wp-content\/uploads\/2024\/07\/consulado-guatemala-tps-300x300.webp 300w, https:\/\/soymigrante.com\/revista\/wp-content\/uploads\/2024\/07\/consulado-guatemala-tps-150x150.webp 150w, https:\/\/soymigrante.com\/revista\/wp-content\/uploads\/2024\/07\/consulado-guatemala-tps-75x75.webp 75w\" sizes=\"(max-width: 730px) 100vw, 730px\" \/>\n            <\/div>\n        <\/div><div class=\"eael-entry-wrapper\"><header class=\"eael-entry-header\"><h2 class=\"eael-entry-title\"><a class=\"eael-grid-post-link\" href=\"https:\/\/soymigrante.com\/revista\/red-migrante-recolecta-firmas-de-apoyo-a-tps-para-guatemala-en-consulados\/\" title=\"Red Migrante recolecta firmas de apoyo a TPS para Guatemala en consulados.\">Red Migrante recolecta firmas de apoyo a TPS para Guatemala en consulados.<\/a><\/h2><\/header><div class=\"eael-entry-content\">\n                        <div class=\"eael-grid-post-excerpt\"><a href=\"https:\/\/soymigrante.com\/revista\/red-migrante-recolecta-firmas-de-apoyo-a-tps-para-guatemala-en-consulados\/\" class=\"eael-post-elements-readmore-btn\">CONOCE SU HISTORIA <\/a><\/div>\n                    <\/div><\/div><\/div>\n        <\/div>\n    <\/article><\/div>\n            <div class=\"clearfix\"><\/div>\n        <\/div>\t\t\t\t<\/div>\n\t\t\t\t\t<\/div>\n\t\t\t\t<\/div>\n\t\t\t\t<\/div>\n\t\t","protected":false},"excerpt":{"rendered":"<p>Esta es la historia de Esvin Mauricio G\u00f3mez Benavente, quien con toda la fe del mundo y el \u00edmpetu de que el TPS es un derecho y una oportunidad para los guatemaltecos de tener un trabajo digno en Estados Unidos, ha dedicado su vida a defender esta lucha. Ten\u00eda solo 23 a\u00f1os cuando decidi\u00f3 dejar [&hellip;]<\/p>\n","protected":false},"author":23,"featured_media":9830,"comment_status":"open","ping_status":"open","sticky":false,"template":"","format":"standard","meta":{"_acf_changed":true,"_eb_attr":"","footnotes":""},"categories":[50],"tags":[],"class_list":["post-9776","post","type-post","status-publish","format-standard","has-post-thumbnail","hentry","category-exitos"],"acf":[],"aioseo_notices":[],"aioseo_head":"\n\t\t<!-- All in One SEO Pro 4.9.6.2 - aioseo.com -->\n\t<meta name=\"description\" content=\"Migrantes que hacen tr\u00e1mites en consulados pueden unirse en apoyo a solicitud de TPS. Voluntarios de Red Migrante explican de qu\u00e9 se trata y recolectan firmas.\" \/>\n\t<meta name=\"robots\" content=\"max-snippet:-1, max-image-preview:large, max-video-preview:-1\" \/>\n\t<meta name=\"author\" content=\"Marysabel Aldana\"\/>\n\t<link rel=\"canonical\" href=\"https:\/\/soymigrante.com\/revista\/red-migrante-recolecta-firmas-de-apoyo-a-tps-para-guatemala-en-consulados\/\" \/>\n\t<meta name=\"generator\" content=\"All in One SEO Pro (AIOSEO) 4.9.6.2\" \/>\n\n\t\t<link rel=\"preconnect\" href=\"https:\/\/fonts.googleapis.com\" crossorigin>\n<link rel=\"preconnect\" href=\"https:\/\/fonts.gstatic.com\" crossorigin>\n\t\t<meta property=\"og:locale\" content=\"es_ES\" \/>\n\t\t<meta property=\"og:site_name\" content=\"SoyMigrante.com REVISTA \u2013 Nuestra misi\u00f3n es reconocer y dignificar al migrante.\" \/>\n\t\t<meta property=\"og:type\" content=\"article\" \/>\n\t\t<meta property=\"og:title\" content=\"Red Migrante colecta firmas de apoyo a TPS en consulados\" \/>\n\t\t<meta property=\"og:description\" content=\"Migrantes que hacen tr\u00e1mites en consulados pueden unirse en apoyo a solicitud de TPS. Voluntarios de Red Migrante explican de qu\u00e9 se trata y recolectan firmas.\" \/>\n\t\t<meta property=\"og:url\" content=\"https:\/\/soymigrante.com\/revista\/red-migrante-recolecta-firmas-de-apoyo-a-tps-para-guatemala-en-consulados\/\" \/>\n\t\t<meta property=\"og:image\" content=\"https:\/\/soymigrante.com\/revista\/wp-content\/uploads\/2024\/07\/consulado-guatemala-tps.webp\" \/>\n\t\t<meta property=\"og:image:secure_url\" content=\"https:\/\/soymigrante.com\/revista\/wp-content\/uploads\/2024\/07\/consulado-guatemala-tps.webp\" \/>\n\t\t<meta property=\"og:image:width\" content=\"730\" \/>\n\t\t<meta property=\"og:image:height\" content=\"730\" \/>\n\t\t<meta property=\"article:published_time\" content=\"2024-07-30T17:28:08+00:00\" \/>\n\t\t<meta property=\"article:modified_time\" content=\"2024-07-30T17:33:05+00:00\" \/>\n\t\t<meta property=\"article:publisher\" content=\"https:\/\/www.facebook.com\/soymigrantecom\" \/>\n\t\t<meta name=\"twitter:card\" content=\"summary_large_image\" \/>\n\t\t<meta name=\"twitter:site\" content=\"@SoyMigrante_com\" \/>\n\t\t<meta name=\"twitter:title\" content=\"Red Migrante colecta firmas de apoyo a TPS en consulados\" \/>\n\t\t<meta name=\"twitter:description\" content=\"Migrantes que hacen tr\u00e1mites en consulados pueden unirse en apoyo a solicitud de TPS. Voluntarios de Red Migrante explican de qu\u00e9 se trata y recolectan firmas.\" \/>\n\t\t<meta name=\"twitter:creator\" content=\"@SoyMigrante_com\" \/>\n\t\t<meta name=\"twitter:image\" content=\"https:\/\/soymigrante.com\/revista\/wp-content\/uploads\/2024\/07\/consulado-guatemala-tps.webp\" \/>\n\t\t<!-- All in One SEO Pro -->\r\n\t\t<title>Red Migrante colecta firmas de apoyo a TPS en consulados<\/title>\n\n","aioseo_head_json":{"title":"Red Migrante colecta firmas de apoyo a TPS en consulados","description":"Migrantes que hacen tr\u00e1mites en consulados pueden unirse en apoyo a solicitud de TPS. Voluntarios de Red Migrante explican de qu\u00e9 se trata y recolectan firmas.","canonical_url":"https:\/\/soymigrante.com\/revista\/red-migrante-recolecta-firmas-de-apoyo-a-tps-para-guatemala-en-consulados\/","robots":"max-snippet:-1, max-image-preview:large, max-video-preview:-1","keywords":"","webmasterTools":{"miscellaneous":"&lt;link rel=\"preconnect\" href=\"https:\/\/fonts.googleapis.com\" crossorigin&gt;\n&lt;link rel=\"preconnect\" href=\"https:\/\/fonts.gstatic.com\" crossorigin&gt;"},"schema":null,"og:locale":"es_ES","og:site_name":"SoyMigrante.com REVISTA \u2013 Nuestra misi\u00f3n es reconocer y dignificar al migrante.","og:type":"article","og:title":"Red Migrante colecta firmas de apoyo a TPS en consulados","og:description":"Migrantes que hacen tr\u00e1mites en consulados pueden unirse en apoyo a solicitud de TPS. Voluntarios de Red Migrante explican de qu\u00e9 se trata y recolectan firmas.","og:url":"https:\/\/soymigrante.com\/revista\/red-migrante-recolecta-firmas-de-apoyo-a-tps-para-guatemala-en-consulados\/","og:image":"https:\/\/soymigrante.com\/revista\/wp-content\/uploads\/2024\/07\/consulado-guatemala-tps.webp","og:image:secure_url":"https:\/\/soymigrante.com\/revista\/wp-content\/uploads\/2024\/07\/consulado-guatemala-tps.webp","og:image:width":730,"og:image:height":730,"article:published_time":"2024-07-30T17:28:08+00:00","article:modified_time":"2024-07-30T17:33:05+00:00","article:publisher":"https:\/\/www.facebook.com\/soymigrantecom","twitter:card":"summary_large_image","twitter:site":"@SoyMigrante_com","twitter:title":"Red Migrante colecta firmas de apoyo a TPS en consulados","twitter:description":"Migrantes que hacen tr\u00e1mites en consulados pueden unirse en apoyo a solicitud de TPS. Voluntarios de Red Migrante explican de qu\u00e9 se trata y recolectan firmas.","twitter:creator":"@SoyMigrante_com","twitter:image":"https:\/\/soymigrante.com\/revista\/wp-content\/uploads\/2024\/07\/consulado-guatemala-tps.webp"},"aioseo_meta_data":{"post_id":"9776","title":"Esvin G\u00f3mez re\u00fane firmas en California para TPS Guatemalteco","description":"Ten\u00eda 23 a\u00f1os cuando dej\u00f3 su natal San Felipe Retalhuleu. Lleg\u00f3 a North Hollywood en California hace 31 a\u00f1os. Es ciudadano pero apoya un TPS para connacionales.","keywords":null,"keyphrases":{"focus":{"keyphrase":"TPS en California","score":43,"analysis":{"keyphraseInTitle":{"score":3,"maxScore":9,"error":1},"keyphraseInDescription":{"score":3,"maxScore":9,"error":1},"keyphraseLength":{"score":9,"maxScore":9,"error":0,"length":3},"keyphraseInURL":{"score":5,"maxScore":5,"error":0},"keyphraseInIntroduction":{"score":3,"maxScore":9,"error":1},"keyphraseInSubHeadings":{"score":3,"maxScore":9,"error":1},"keyphraseInImageAlt":{"score":3,"maxScore":9,"error":1},"keywordDensity":{"score":0,"type":"low","maxScore":9,"error":1}}},"additional":[{"keyphrase":"Retalteco","score":40,"analysis":{"keyphraseInDescription":{"score":3,"maxScore":9,"error":1},"keyphraseLength":{"score":9,"maxScore":9,"error":0,"length":1},"keyphraseInIntroduction":{"score":3,"maxScore":9,"error":1},"keyphraseInImageAlt":{"score":3,"maxScore":9,"error":1},"keywordDensity":{"score":0,"type":"low","maxScore":9,"error":1}}},{"keyphrase":"TPS","score":87,"analysis":{"keyphraseInDescription":{"score":9,"maxScore":9,"error":0},"keyphraseLength":{"score":9,"maxScore":9,"error":0,"length":1},"keyphraseInIntroduction":{"score":3,"maxScore":9,"error":1},"keyphraseInImageAlt":{"score":9,"maxScore":9,"error":0},"keywordDensity":{"type":"best","score":9,"maxScore":9,"error":0}}},{"keyphrase":"Migrante","score":53,"analysis":{"keyphraseInDescription":{"score":3,"maxScore":9,"error":1},"keyphraseLength":{"score":9,"maxScore":9,"error":0,"length":1},"keyphraseInIntroduction":{"score":3,"maxScore":9,"error":1},"keyphraseInImageAlt":{"score":9,"maxScore":9,"error":0},"keywordDensity":{"score":0,"type":"low","maxScore":9,"error":1}}}]},"primary_term":null,"canonical_url":null,"og_title":null,"og_description":null,"og_object_type":"default","og_image_type":"default","og_image_url":null,"og_image_width":null,"og_image_height":null,"og_image_custom_url":null,"og_image_custom_fields":null,"og_video":"","og_custom_url":null,"og_article_section":null,"og_article_tags":null,"twitter_use_og":false,"twitter_card":"default","twitter_image_type":"default","twitter_image_url":null,"twitter_image_custom_url":null,"twitter_image_custom_fields":null,"twitter_title":null,"twitter_description":null,"schema":{"blockGraphs":[],"customGraphs":[],"default":{"data":{"Article":[],"Course":[],"Dataset":[],"FAQPage":[],"Movie":[],"Person":[],"Product":[],"ProductReview":[],"Car":[],"Recipe":[],"Service":[],"SoftwareApplication":[],"WebPage":[]},"graphName":"Article","isEnabled":true},"graphs":[]},"schema_type":"default","schema_type_options":null,"pillar_content":false,"robots_default":true,"robots_noindex":false,"robots_noarchive":false,"robots_nosnippet":false,"robots_nofollow":false,"robots_noimageindex":false,"robots_noodp":false,"robots_notranslate":false,"robots_max_snippet":"-1","robots_max_videopreview":"-1","robots_max_imagepreview":"large","priority":null,"frequency":"default","local_seo":null,"seo_analyzer_scan_date":"2025-10-08 23:25:18","breadcrumb_settings":null,"limit_modified_date":false,"reviewed_by":null,"open_ai":"{\"title\":{\"suggestions\":[],\"usage\":0},\"description\":{\"suggestions\":[],\"usage\":0}}","ai":null,"created":"2024-09-26 18:40:37","updated":"2026-02-04 14:07:19"},"aioseo_breadcrumb":"<div class=\"aioseo-breadcrumbs\"><span class=\"aioseo-breadcrumb\">\n\t<a href=\"https:\/\/soymigrante.com\/revista\" title=\"Home\">Home<\/a>\n<\/span><span class=\"aioseo-breadcrumb-separator\">\u00bb<\/span><span class=\"aioseo-breadcrumb\">\n\t<a href=\"https:\/\/soymigrante.com\/revista\/category\/exitos\/\" title=\"\u00c9xitos\">\u00c9xitos<\/a>\n<\/span><span class=\"aioseo-breadcrumb-separator\">\u00bb<\/span><span class=\"aioseo-breadcrumb\">\n\t\u201cLo vamos a lograr\u201d: Esvin G\u00f3mez, migrante retalteco apoya el movimiento TPS en California\n<\/span><\/div>","aioseo_breadcrumb_json":[{"label":"Home","link":"https:\/\/soymigrante.com\/revista"},{"label":"\u00c9xitos","link":"https:\/\/soymigrante.com\/revista\/category\/exitos\/"},{"label":"&#8220;Lo vamos a lograr&#8221;: Esvin G\u00f3mez, migrante retalteco apoya el movimiento TPS en California","link":"https:\/\/soymigrante.com\/revista\/esvin-gomez-retalteco-migrante-impulsa-el-movimiento-tps-en-california\/"}],"_links":{"self":[{"href":"https:\/\/soymigrante.com\/revista\/wp-json\/wp\/v2\/posts\/9776","targetHints":{"allow":["GET"]}}],"collection":[{"href":"https:\/\/soymigrante.com\/revista\/wp-json\/wp\/v2\/posts"}],"about":[{"href":"https:\/\/soymigrante.com\/revista\/wp-json\/wp\/v2\/types\/post"}],"author":[{"embeddable":true,"href":"https:\/\/soymigrante.com\/revista\/wp-json\/wp\/v2\/users\/23"}],"replies":[{"embeddable":true,"href":"https:\/\/soymigrante.com\/revista\/wp-json\/wp\/v2\/comments?post=9776"}],"version-history":[{"count":0,"href":"https:\/\/soymigrante.com\/revista\/wp-json\/wp\/v2\/posts\/9776\/revisions"}],"wp:featuredmedia":[{"embeddable":true,"href":"https:\/\/soymigrante.com\/revista\/wp-json\/wp\/v2\/media\/9830"}],"wp:attachment":[{"href":"https:\/\/soymigrante.com\/revista\/wp-json\/wp\/v2\/media?parent=9776"}],"wp:term":[{"taxonomy":"category","embeddable":true,"href":"https:\/\/soymigrante.com\/revista\/wp-json\/wp\/v2\/categories?post=9776"},{"taxonomy":"post_tag","embeddable":true,"href":"https:\/\/soymigrante.com\/revista\/wp-json\/wp\/v2\/tags?post=9776"}],"curies":[{"name":"wp","href":"https:\/\/api.w.org\/{rel}","templated":true}]}}