{"id":9771,"date":"2024-10-11T09:00:12","date_gmt":"2024-10-11T15:00:12","guid":{"rendered":"https:\/\/soymigrante.com\/revista\/?p=9771"},"modified":"2024-11-01T11:33:29","modified_gmt":"2024-11-01T17:33:29","slug":"elizabeth-guerra-una-voz-firme-por-el-tps-para-migrantes-guatemaltecos","status":"publish","type":"post","link":"https:\/\/soymigrante.com\/revista\/elizabeth-guerra-una-voz-firme-por-el-tps-para-migrantes-guatemaltecos\/","title":{"rendered":"Elizabeth Guerra: Una voz firme por el TPS para migrantes guatemaltecos"},"content":{"rendered":"\t\t<div data-elementor-type=\"wp-post\" data-elementor-id=\"9771\" class=\"elementor elementor-9771\" data-elementor-post-type=\"post\">\n\t\t\t\t<div data-particle_enable=\"false\" data-particle-mobile-disabled=\"false\" class=\"elementor-element elementor-element-a664eac e-flex e-con-boxed e-con e-parent\" data-id=\"a664eac\" data-element_type=\"container\" data-e-type=\"container\">\n\t\t\t\t\t<div class=\"e-con-inner\">\n\t\t\t\t<div class=\"elementor-element elementor-element-abb73e2 elementor-widget elementor-widget-heading\" data-id=\"abb73e2\" data-element_type=\"widget\" data-e-type=\"widget\" data-widget_type=\"heading.default\">\n\t\t\t\t\t<h2 class=\"elementor-heading-title elementor-size-default\">Elizabeth Guerra lucha por una vida digna para los migrantes guatemaltecos en Estados Unidos <\/h2>\t\t\t\t<\/div>\n\t\t\t\t\t<\/div>\n\t\t\t\t<\/div>\n\t\t<div data-particle_enable=\"false\" data-particle-mobile-disabled=\"false\" class=\"elementor-element elementor-element-35a0587 e-flex e-con-boxed e-con e-parent\" data-id=\"35a0587\" data-element_type=\"container\" data-e-type=\"container\">\n\t\t\t\t\t<div class=\"e-con-inner\">\n\t\t\t\t<div class=\"elementor-element elementor-element-b2693e5 elementor-widget elementor-widget-text-editor\" data-id=\"b2693e5\" data-element_type=\"widget\" data-e-type=\"widget\" data-widget_type=\"text-editor.default\">\n\t\t\t\t\t\t\t\t\t<p>Elizabeth Guerra es una mujer guatemalteca que, tras cuatro a\u00f1os de haberse radicado en Estados Unidos, se ha convertido en una de las principales impulsoras del <a href=\"https:\/\/soymigrante.com\/revista\/municipalidades-se-han-unido-a-peticion-de-tps-guatemalteco\/\" target=\"_blank\" rel=\"noopener\">Estatus de Protecci\u00f3n Temporal (TPS)<\/a> para los migrantes guatemaltecos.<\/p><p>Con una mezcla de convicci\u00f3n, determinaci\u00f3n y un profundo sentido de responsabilidad hacia su comunidad, Guerra se ha posicionado como un pilar en la lucha por los derechos de los migrantes.<\/p><p>Desde su llegada a suelo estadounidense, Guerra ha presenciado las dificultades que enfrentan miles de sus compatriotas. La mayor\u00eda de los migrantes guatemaltecos que viven en Estados Unidos lo hacen en condiciones de incertidumbre legal, temiendo la deportaci\u00f3n y la separaci\u00f3n de sus familias.<\/p>\t\t\t\t\t\t\t\t<\/div>\n\t\t\t\t\t<\/div>\n\t\t\t\t<\/div>\n\t\t<div data-particle_enable=\"false\" data-particle-mobile-disabled=\"false\" class=\"elementor-element elementor-element-7a6241d e-flex e-con-boxed e-con e-parent\" data-id=\"7a6241d\" data-element_type=\"container\" data-e-type=\"container\">\n\t\t\t\t\t<div class=\"e-con-inner\">\n\t\t\t\t<div class=\"elementor-element elementor-element-4bf21e4 elementor-widget elementor-widget-image\" data-id=\"4bf21e4\" data-element_type=\"widget\" data-e-type=\"widget\" data-widget_type=\"image.default\">\n\t\t\t\t\t\t\t\t\t\t\t\t\t\t\t<img fetchpriority=\"high\" decoding=\"async\" width=\"768\" height=\"576\" src=\"https:\/\/soymigrante.com\/revista\/wp-content\/uploads\/2024\/09\/Elizabeth-Guerra-Una-voz-firme-por-el-TPS-para-migrantes-guatemaltecos-4-1024x768.webp\" class=\"attachment-large size-large wp-image-9775\" alt=\"Personas con tradiciones guatemaltecas, vestimenta t\u00edpica y banderas en un parque, celebrando la cultura y orgullo guatemalteco, en una imagen que resalta la comunidad migrante y su identidad cultural.\" srcset=\"https:\/\/soymigrante.com\/revista\/wp-content\/uploads\/2024\/09\/Elizabeth-Guerra-Una-voz-firme-por-el-TPS-para-migrantes-guatemaltecos-4-1024x768.webp 1024w, https:\/\/soymigrante.com\/revista\/wp-content\/uploads\/2024\/09\/Elizabeth-Guerra-Una-voz-firme-por-el-TPS-para-migrantes-guatemaltecos-4-300x225.webp 300w, https:\/\/soymigrante.com\/revista\/wp-content\/uploads\/2024\/09\/Elizabeth-Guerra-Una-voz-firme-por-el-TPS-para-migrantes-guatemaltecos-4-768x576.webp 768w, https:\/\/soymigrante.com\/revista\/wp-content\/uploads\/2024\/09\/Elizabeth-Guerra-Una-voz-firme-por-el-TPS-para-migrantes-guatemaltecos-4-1536x1152.webp 1536w, https:\/\/soymigrante.com\/revista\/wp-content\/uploads\/2024\/09\/Elizabeth-Guerra-Una-voz-firme-por-el-TPS-para-migrantes-guatemaltecos-4-750x563.webp 750w, https:\/\/soymigrante.com\/revista\/wp-content\/uploads\/2024\/09\/Elizabeth-Guerra-Una-voz-firme-por-el-TPS-para-migrantes-guatemaltecos-4-1140x855.webp 1140w, https:\/\/soymigrante.com\/revista\/wp-content\/uploads\/2024\/09\/Elizabeth-Guerra-Una-voz-firme-por-el-TPS-para-migrantes-guatemaltecos-4.webp 1920w\" sizes=\"(max-width: 768px) 100vw, 768px\" title=\"Elizabeth Guerra Una voz firme por el TPS para migrantes guatemaltecos 4 \u2013 SoyMigrante.com REVISTA\" \/>\t\t\t\t\t\t\t\t\t\t\t\t\t\t\t<\/div>\n\t\t\t\t\t<\/div>\n\t\t\t\t<\/div>\n\t\t<div data-particle_enable=\"false\" data-particle-mobile-disabled=\"false\" class=\"elementor-element elementor-element-39aba77 e-flex e-con-boxed e-con e-parent\" data-id=\"39aba77\" data-element_type=\"container\" data-e-type=\"container\">\n\t\t\t\t\t<div class=\"e-con-inner\">\n\t\t\t\t<div class=\"elementor-element elementor-element-3062cf7 elementor-widget elementor-widget-text-editor\" data-id=\"3062cf7\" data-element_type=\"widget\" data-e-type=\"widget\" data-widget_type=\"text-editor.default\">\n\t\t\t\t\t\t\t\t\t<p>Esto ha motivado a Elizabeth a actuar, no solo por su propio bienestar, sino por el de toda la comunidad guatemalteca.<\/p><p>Elizabeth se fue de Guatemala, por la inseguridad, ella se hab\u00eda encargado de varias comunidades, pero por el miedo a una represalia en su contra, decidi\u00f3 irse a otro lugar.<\/p><p>Para Guerra no fue f\u00e1cil dejar a su familia, pero ten\u00eda que salir de Guatemala y ella tuvo la oportunidad de buscar un nuevo hogar ante la inseguridad, pero ella al irse se dio cuenta de que muchas personas en Estados Unidos no tienen la posibilidad de acceder a ciertos servicios, por ello se ha encargado de ser la voz de los guatemaltecos por el TPS.\u00a0<\/p><p>Guerra se encuentra en Ohio, Estados Unidos, donde su lucha se ha caracterizado por el TPS, para que los guatemaltecos tengan un mejor trabajo.\u00a0\u00a0<\/p><p>\u00a0<\/p>\t\t\t\t\t\t\t\t<\/div>\n\t\t\t\t\t<\/div>\n\t\t\t\t<\/div>\n\t\t<div data-particle_enable=\"false\" data-particle-mobile-disabled=\"false\" class=\"elementor-element elementor-element-7a011ce e-flex e-con-boxed e-con e-parent\" data-id=\"7a011ce\" data-element_type=\"container\" data-e-type=\"container\">\n\t\t\t\t\t<div class=\"e-con-inner\">\n\t\t\t\t<div class=\"elementor-element elementor-element-f2d7997 elementor-widget elementor-widget-heading\" data-id=\"f2d7997\" data-element_type=\"widget\" data-e-type=\"widget\" data-widget_type=\"heading.default\">\n\t\t\t\t\t<h3 class=\"elementor-heading-title elementor-size-default\">Su estrategia de amor por los migrantes<\/h3>\t\t\t\t<\/div>\n\t\t\t\t\t<\/div>\n\t\t\t\t<\/div>\n\t\t<div data-particle_enable=\"false\" data-particle-mobile-disabled=\"false\" class=\"elementor-element elementor-element-3fcddd6 e-flex e-con-boxed e-con e-parent\" data-id=\"3fcddd6\" data-element_type=\"container\" data-e-type=\"container\">\n\t\t\t\t\t<div class=\"e-con-inner\">\n\t\t\t\t<div class=\"elementor-element elementor-element-5250cd3 elementor-widget elementor-widget-text-editor\" data-id=\"5250cd3\" data-element_type=\"widget\" data-e-type=\"widget\" data-widget_type=\"text-editor.default\">\n\t\t\t\t\t\t\t\t\t<p>Una de las principales estrategias de Guerra ha sido colocar su protesta frente al consulado de Guatemala en Estados Unidos. Con pancartas en mano y una actitud inquebrantable, ha solicitado firmas de otros migrantes y simpatizantes de la causa para presionar a las autoridades guatemaltecas y estadounidenses.<\/p><p>La meta es clara: que el gobierno de EE.UU. <a href=\"https:\/\/soymigrante.com\/revista\/municipalidades-se-han-unido-a-peticion-de-tps-guatemalteco\/\" target=\"_blank\" rel=\"noopener\">otorgue el TPS a los guatemaltecos,<\/a> un estatus que les permitir\u00eda trabajar legalmente y vivir sin el temor constante de ser deportados.<\/p><p>El TPS, un programa temporal que protege a ciudadanos de pa\u00edses en crisis, ha sido concedido a otras nacionalidades en el pasado, como salvadore\u00f1os y hondure\u00f1os.<\/p>\t\t\t\t\t\t\t\t<\/div>\n\t\t\t\t\t<\/div>\n\t\t\t\t<\/div>\n\t\t<div data-particle_enable=\"false\" data-particle-mobile-disabled=\"false\" class=\"elementor-element elementor-element-5a0beeb e-flex e-con-boxed e-con e-parent\" data-id=\"5a0beeb\" data-element_type=\"container\" data-e-type=\"container\">\n\t\t\t\t\t<div class=\"e-con-inner\">\n\t\t\t\t<div class=\"elementor-element elementor-element-8dd409a elementor-widget elementor-widget-image\" data-id=\"8dd409a\" data-element_type=\"widget\" data-e-type=\"widget\" data-widget_type=\"image.default\">\n\t\t\t\t\t\t\t\t\t\t\t\t\t\t\t<img decoding=\"async\" width=\"768\" height=\"1024\" src=\"https:\/\/soymigrante.com\/revista\/wp-content\/uploads\/2024\/09\/Elizabeth-Guerra-Una-voz-firme-por-el-TPS-para-migrantes-guatemaltecos-2-768x1024.webp\" class=\"attachment-large size-large wp-image-9773\" alt=\"Familia migrante en Guatemala con bandera, reivindicando derechos y cultura, en el contexto de la Revista SoyMigrante.com.\" srcset=\"https:\/\/soymigrante.com\/revista\/wp-content\/uploads\/2024\/09\/Elizabeth-Guerra-Una-voz-firme-por-el-TPS-para-migrantes-guatemaltecos-2-768x1024.webp 768w, https:\/\/soymigrante.com\/revista\/wp-content\/uploads\/2024\/09\/Elizabeth-Guerra-Una-voz-firme-por-el-TPS-para-migrantes-guatemaltecos-2-225x300.webp 225w, https:\/\/soymigrante.com\/revista\/wp-content\/uploads\/2024\/09\/Elizabeth-Guerra-Una-voz-firme-por-el-TPS-para-migrantes-guatemaltecos-2-1152x1536.webp 1152w, https:\/\/soymigrante.com\/revista\/wp-content\/uploads\/2024\/09\/Elizabeth-Guerra-Una-voz-firme-por-el-TPS-para-migrantes-guatemaltecos-2-750x1000.webp 750w, https:\/\/soymigrante.com\/revista\/wp-content\/uploads\/2024\/09\/Elizabeth-Guerra-Una-voz-firme-por-el-TPS-para-migrantes-guatemaltecos-2-1140x1520.webp 1140w, https:\/\/soymigrante.com\/revista\/wp-content\/uploads\/2024\/09\/Elizabeth-Guerra-Una-voz-firme-por-el-TPS-para-migrantes-guatemaltecos-2.webp 1200w\" sizes=\"(max-width: 768px) 100vw, 768px\" title=\"Elizabeth Guerra Una voz firme por el TPS para migrantes guatemaltecos 2 \u2013 SoyMigrante.com REVISTA\" \/>\t\t\t\t\t\t\t\t\t\t\t\t\t\t\t<\/div>\n\t\t\t\t\t<\/div>\n\t\t\t\t<\/div>\n\t\t<div data-particle_enable=\"false\" data-particle-mobile-disabled=\"false\" class=\"elementor-element elementor-element-29ad2e8 e-flex e-con-boxed e-con e-parent\" data-id=\"29ad2e8\" data-element_type=\"container\" data-e-type=\"container\">\n\t\t\t\t\t<div class=\"e-con-inner\">\n\t\t\t\t<div class=\"elementor-element elementor-element-2c814ca elementor-widget elementor-widget-text-editor\" data-id=\"2c814ca\" data-element_type=\"widget\" data-e-type=\"widget\" data-widget_type=\"text-editor.default\">\n\t\t\t\t\t\t\t\t\t<p>Guerra argumenta que las condiciones en Guatemala, marcadas por la violencia, la inestabilidad pol\u00edtica y los desastres naturales, hacen que sea imperativo incluir a su pa\u00eds en esta lista. <a href=\"https:\/\/soymigrante.com\/revista\/municipalidades-se-han-unido-a-peticion-de-tps-guatemalteco\/\" target=\"_blank\" rel=\"noopener\">Su activismo se ha basado en la construcci\u00f3n de un movimiento que, poco a poco, ha ganado fuerza y visibilidad.<\/a><\/p>\t\t\t\t\t\t\t\t<\/div>\n\t\t\t\t\t<\/div>\n\t\t\t\t<\/div>\n\t\t<div data-particle_enable=\"false\" data-particle-mobile-disabled=\"false\" class=\"elementor-element elementor-element-aa18965 e-flex e-con-boxed e-con e-parent\" data-id=\"aa18965\" data-element_type=\"container\" data-e-type=\"container\">\n\t\t\t\t\t<div class=\"e-con-inner\">\n\t\t\t\t<div class=\"elementor-element elementor-element-f4c47b2 elementor-widget elementor-widget-image\" data-id=\"f4c47b2\" data-element_type=\"widget\" data-e-type=\"widget\" data-widget_type=\"image.default\">\n\t\t\t\t\t\t\t\t\t\t\t\t\t\t\t<img decoding=\"async\" width=\"768\" height=\"576\" src=\"https:\/\/soymigrante.com\/revista\/wp-content\/uploads\/2024\/09\/Elizabeth-Guerra-Una-voz-firme-por-el-TPS-para-migrantes-guatemaltecos-3-1024x768.webp\" class=\"attachment-large size-large wp-image-9774\" alt=\"Guatemaltecas con bandera de Guatemala en un entorno urbano, celebrando la cultura y la migraci\u00f3n, en un d\u00eda soleado con cielo azul y vegetaci\u00f3n verde de fondo.\" srcset=\"https:\/\/soymigrante.com\/revista\/wp-content\/uploads\/2024\/09\/Elizabeth-Guerra-Una-voz-firme-por-el-TPS-para-migrantes-guatemaltecos-3-1024x768.webp 1024w, https:\/\/soymigrante.com\/revista\/wp-content\/uploads\/2024\/09\/Elizabeth-Guerra-Una-voz-firme-por-el-TPS-para-migrantes-guatemaltecos-3-300x225.webp 300w, https:\/\/soymigrante.com\/revista\/wp-content\/uploads\/2024\/09\/Elizabeth-Guerra-Una-voz-firme-por-el-TPS-para-migrantes-guatemaltecos-3-768x576.webp 768w, https:\/\/soymigrante.com\/revista\/wp-content\/uploads\/2024\/09\/Elizabeth-Guerra-Una-voz-firme-por-el-TPS-para-migrantes-guatemaltecos-3-1536x1152.webp 1536w, https:\/\/soymigrante.com\/revista\/wp-content\/uploads\/2024\/09\/Elizabeth-Guerra-Una-voz-firme-por-el-TPS-para-migrantes-guatemaltecos-3-750x563.webp 750w, https:\/\/soymigrante.com\/revista\/wp-content\/uploads\/2024\/09\/Elizabeth-Guerra-Una-voz-firme-por-el-TPS-para-migrantes-guatemaltecos-3-1140x855.webp 1140w, https:\/\/soymigrante.com\/revista\/wp-content\/uploads\/2024\/09\/Elizabeth-Guerra-Una-voz-firme-por-el-TPS-para-migrantes-guatemaltecos-3.webp 1600w\" sizes=\"(max-width: 768px) 100vw, 768px\" title=\"Elizabeth Guerra Una voz firme por el TPS para migrantes guatemaltecos 3 \u2013 SoyMigrante.com REVISTA\" \/>\t\t\t\t\t\t\t\t\t\t\t\t\t\t\t<\/div>\n\t\t\t\t\t<\/div>\n\t\t\t\t<\/div>\n\t\t<div data-particle_enable=\"false\" data-particle-mobile-disabled=\"false\" class=\"elementor-element elementor-element-94063d2 e-flex e-con-boxed e-con e-parent\" data-id=\"94063d2\" data-element_type=\"container\" data-e-type=\"container\">\n\t\t\t\t\t<div class=\"e-con-inner\">\n\t\t\t\t<div class=\"elementor-element elementor-element-62491fb elementor-widget elementor-widget-heading\" data-id=\"62491fb\" data-element_type=\"widget\" data-e-type=\"widget\" data-widget_type=\"heading.default\">\n\t\t\t\t\t<h3 class=\"elementor-heading-title elementor-size-default\">Su lucha por el TPS<\/h3>\t\t\t\t<\/div>\n\t\t\t\t\t<\/div>\n\t\t\t\t<\/div>\n\t\t<div data-particle_enable=\"false\" data-particle-mobile-disabled=\"false\" class=\"elementor-element elementor-element-2499bfa e-flex e-con-boxed e-con e-parent\" data-id=\"2499bfa\" data-element_type=\"container\" data-e-type=\"container\">\n\t\t\t\t\t<div class=\"e-con-inner\">\n\t\t\t\t<div class=\"elementor-element elementor-element-07903c8 elementor-widget elementor-widget-text-editor\" data-id=\"07903c8\" data-element_type=\"widget\" data-e-type=\"widget\" data-widget_type=\"text-editor.default\">\n\t\t\t\t\t\t\t\t\t<p>La persistencia de Elizabeth ha atra\u00eddo la atenci\u00f3n de medios de comunicaci\u00f3n y organizaciones defensoras de los derechos humanos. Gracias a su trabajo, muchas personas han tomado conciencia sobre la necesidad urgente de extender el<a href=\"https:\/\/soymigrante.com\/revista\/municipalidades-se-han-unido-a-peticion-de-tps-guatemalteco\/\" target=\"_blank\" rel=\"noopener\"> TPS a los guatemaltecos.<\/a> Adem\u00e1s de recolectar firmas, Guerra ha trabajado en redes de apoyo para migrantes, brind\u00e1ndoles informaci\u00f3n y asistencia en asuntos legales.<\/p><p>Elizabeth Guerra es el reflejo de una comunidad que, a pesar de las adversidades, sigue luchando por su lugar en Estados Unidos. Con su constante presencia frente al consulado, ha demostrado que la voz de los migrantes guatemaltecos no ser\u00e1 silenciada. S<a href=\"https:\/\/soymigrante.com\/revista\/municipalidades-se-han-unido-a-peticion-de-tps-guatemalteco\/\" target=\"_blank\" rel=\"noopener\">u lucha por el TPS no es solo por un estatus legal, sino por dignidad, seguridad y el futuro de miles de familias.<\/a><\/p><p>Este art\u00edculo no solo destaca su incansable labor, sino tambi\u00e9n la urgencia de que las autoridades escuchen el clamor de quienes, como Elizabeth, buscan un futuro mejor para los suyos en un pa\u00eds que consideran su hogar.<\/p>\t\t\t\t\t\t\t\t<\/div>\n\t\t\t\t\t<\/div>\n\t\t\t\t<\/div>\n\t\t<div data-particle_enable=\"false\" data-particle-mobile-disabled=\"false\" class=\"elementor-element elementor-element-71690c6 e-flex e-con-boxed e-con e-parent\" data-id=\"71690c6\" data-element_type=\"container\" data-e-type=\"container\">\n\t\t\t\t\t<div class=\"e-con-inner\">\n\t\t\t\t<div class=\"elementor-element elementor-element-8c5f470 elementor-widget elementor-widget-heading\" data-id=\"8c5f470\" data-element_type=\"widget\" data-e-type=\"widget\" data-widget_type=\"heading.default\">\n\t\t\t\t\t<h2 class=\"elementor-heading-title elementor-size-default\">Te puede interesar...<\/h2>\t\t\t\t<\/div>\n\t\t\t\t\t<\/div>\n\t\t\t\t<\/div>\n\t\t<div data-particle_enable=\"false\" data-particle-mobile-disabled=\"false\" class=\"elementor-element elementor-element-55e976a e-flex e-con-boxed e-con e-parent\" data-id=\"55e976a\" data-element_type=\"container\" data-e-type=\"container\">\n\t\t\t\t\t<div class=\"e-con-inner\">\n\t\t\t\t<div class=\"elementor-element elementor-element-43b6026 elementor-widget elementor-widget-blfe-post-grid\" data-id=\"43b6026\" data-element_type=\"widget\" data-e-type=\"widget\" data-settings=\"{&quot;columns&quot;:&quot;3&quot;,&quot;columns_tablet&quot;:&quot;6&quot;,&quot;columns_mobile&quot;:&quot;12&quot;,&quot;hero1_layout_column_gap&quot;:{&quot;unit&quot;:&quot;px&quot;,&quot;size&quot;:30,&quot;sizes&quot;:[]},&quot;hero1_layout_column_gap_tablet&quot;:{&quot;unit&quot;:&quot;px&quot;,&quot;size&quot;:&quot;&quot;,&quot;sizes&quot;:[]},&quot;hero1_layout_column_gap_mobile&quot;:{&quot;unit&quot;:&quot;px&quot;,&quot;size&quot;:&quot;&quot;,&quot;sizes&quot;:[]},&quot;hero1_layout_row_gap&quot;:{&quot;unit&quot;:&quot;px&quot;,&quot;size&quot;:30,&quot;sizes&quot;:[]},&quot;hero1_layout_row_gap_tablet&quot;:{&quot;unit&quot;:&quot;px&quot;,&quot;size&quot;:&quot;&quot;,&quot;sizes&quot;:[]},&quot;hero1_layout_row_gap_mobile&quot;:{&quot;unit&quot;:&quot;px&quot;,&quot;size&quot;:&quot;&quot;,&quot;sizes&quot;:[]}}\" data-widget_type=\"blfe-post-grid.hero1\">\n\t\t\t\t<div class=\"elementor-widget-container\">\n\t\t\t\t\t\n                        <div class=\"blfe-post-grid-container \">\n            \n                <div data-skin=\"hero1\" class=\"blfe-row blfe-posts-inner blfe-hero1 blfe-posts-inner blfe-col-3 blfe-col-tab-6 blfe-col-mob-12     \">\n                            <div class=\"blfe-post-grid-item\">\n            <div class=\"blfe-post-grid-item-inner blfe-modern-zoom\">\n                        <div class=\"blfe-post-grid-bg-image\">\n            <a class=\"blfe-post-grid-image-inner\" href=\"https:\/\/soymigrante.com\/revista\/consejos-declaracion-impuestos-estados-unidos-migrantes-experto\/\" title=\"Temporada de impuestos: reportar ingreso personal al IRS es clave para el migrante.\" rel=\"nofollow\" target=\"_blank\"><img decoding=\"async\" src=\"https:\/\/soymigrante.com\/revista\/wp-content\/uploads\/2024\/01\/tax.webp\" alt=\"Temporada de impuestos: reportar ingreso personal al IRS es clave para el migrante.\"\/><\/a>        <\/div>\n                        <div class=\"blfe-post-grid-details\">\n                    <div class=\"blfe-post-grid-details-inner\">\n                        <span class=\"blfe-post-category\"><a href=\"https:\/\/soymigrante.com\/revista\/category\/estamos-unidos\/lugar-de-voces\/\">Lugar de Voces<\/a><\/span>                        <h3 class=\"blfe-post-grid-title\">\n            <a href=\"https:\/\/soymigrante.com\/revista\/consejos-declaracion-impuestos-estados-unidos-migrantes-experto\/\" title=\"Temporada de impuestos: reportar ingreso personal al IRS es clave para el migrante.\" rel=\"nofollow\" target=\"_blank\">Temporada de impuestos: reportar ingreso personal al IRS es clave para el migrante.<\/a>\n            <\/h3>                                                            <div class=\"blfe-post-grid-meta\">\n                <span class=\"blfe-post-grid-time\"><i class=\"fas fa-book-reader\"><\/i>8 Min read<\/span>            <\/div>\n                                                        <\/div>\n                <\/div>\n\n            <\/div>\n        <\/div>\n                <div class=\"blfe-post-grid-item\">\n            <div class=\"blfe-post-grid-item-inner blfe-modern-zoom\">\n                        <div class=\"blfe-post-grid-bg-image\">\n            <a class=\"blfe-post-grid-image-inner\" href=\"https:\/\/soymigrante.com\/revista\/cual-es-el-gran-valor-del-migrante-asi-lo-expresan-migrantes-guatemaltecos\/\" title=\"\u00bfCu\u00e1l es el gran valor del migrante? As\u00ed lo expresan migrantes guatemaltecos\" rel=\"nofollow\" target=\"_blank\"><img decoding=\"async\" src=\"https:\/\/soymigrante.com\/revista\/wp-content\/uploads\/2025\/12\/dia-del-migrante-migrantes-aportan-valor-a-guatemala-2.png\" alt=\"\u00bfCu\u00e1l es el gran valor del migrante? As\u00ed lo expresan migrantes guatemaltecos\"\/><\/a>        <\/div>\n                        <div class=\"blfe-post-grid-details\">\n                    <div class=\"blfe-post-grid-details-inner\">\n                        <span class=\"blfe-post-category\"><a href=\"https:\/\/soymigrante.com\/revista\/category\/estamos-unidos\/\">Estamos Unidos<\/a><\/span>                        <h3 class=\"blfe-post-grid-title\">\n            <a href=\"https:\/\/soymigrante.com\/revista\/cual-es-el-gran-valor-del-migrante-asi-lo-expresan-migrantes-guatemaltecos\/\" title=\"\u00bfCu\u00e1l es el gran valor del migrante? As\u00ed lo expresan migrantes guatemaltecos\" rel=\"nofollow\" target=\"_blank\">\u00bfCu\u00e1l es el gran valor del migrante? As\u00ed lo expresan migrantes guatemaltecos<\/a>\n            <\/h3>                                                            <div class=\"blfe-post-grid-meta\">\n                <span class=\"blfe-post-grid-time\"><i class=\"fas fa-book-reader\"><\/i>6 Min read<\/span>            <\/div>\n                                                        <\/div>\n                <\/div>\n\n            <\/div>\n        <\/div>\n                <div class=\"blfe-post-grid-item\">\n            <div class=\"blfe-post-grid-item-inner blfe-modern-zoom\">\n                        <div class=\"blfe-post-grid-bg-image\">\n            <a class=\"blfe-post-grid-image-inner\" href=\"https:\/\/soymigrante.com\/revista\/donde-encontrar-a-dios-reflexion-migrante-sin-fronteras-opinion\/\" title=\"\u00bfD\u00f3nde encontrar a Dios? Una reflexi\u00f3n migrante sin fronteras\" rel=\"nofollow\" target=\"_blank\"><img decoding=\"async\" src=\"https:\/\/soymigrante.com\/revista\/wp-content\/uploads\/2024\/02\/man.webp\" alt=\"\u00bfD\u00f3nde encontrar a Dios? Una reflexi\u00f3n migrante sin fronteras\"\/><\/a>        <\/div>\n                        <div class=\"blfe-post-grid-details\">\n                    <div class=\"blfe-post-grid-details-inner\">\n                        <span class=\"blfe-post-category\"><a href=\"https:\/\/soymigrante.com\/revista\/category\/estamos-unidos\/lugar-de-voces\/\">Lugar de Voces<\/a><\/span>                        <h3 class=\"blfe-post-grid-title\">\n            <a href=\"https:\/\/soymigrante.com\/revista\/donde-encontrar-a-dios-reflexion-migrante-sin-fronteras-opinion\/\" title=\"\u00bfD\u00f3nde encontrar a Dios? Una reflexi\u00f3n migrante sin fronteras\" rel=\"nofollow\" target=\"_blank\">\u00bfD\u00f3nde encontrar a Dios? Una reflexi\u00f3n migrante sin fronteras<\/a>\n            <\/h3>                                                            <div class=\"blfe-post-grid-meta\">\n                <span class=\"blfe-post-grid-time\"><i class=\"fas fa-book-reader\"><\/i>5 Min read<\/span>            <\/div>\n                                                        <\/div>\n                <\/div>\n\n            <\/div>\n        <\/div>\n                        <\/div>\n\n                        <\/div>\n            \n                        <div class=\"blfe-post-footer\">\n                        <\/div>\n            \t\t\t\t<\/div>\n\t\t\t\t<\/div>\n\t\t\t\t\t<\/div>\n\t\t\t\t<\/div>\n\t\t\t\t<\/div>\n\t\t","protected":false},"excerpt":{"rendered":"<p>Elizabeth Guerra lucha por una vida digna para los migrantes guatemaltecos en Estados Unidos Elizabeth Guerra es una mujer guatemalteca que, tras cuatro a\u00f1os de haberse radicado en Estados Unidos, se ha convertido en una de las principales impulsoras del Estatus de Protecci\u00f3n Temporal (TPS) para los migrantes guatemaltecos. Con una mezcla de convicci\u00f3n, determinaci\u00f3n [&hellip;]<\/p>\n","protected":false},"author":19,"featured_media":10285,"comment_status":"open","ping_status":"open","sticky":false,"template":"","format":"standard","meta":{"_acf_changed":false,"_eb_attr":"","footnotes":""},"categories":[54],"tags":[],"class_list":["post-9771","post","type-post","status-publish","format-standard","has-post-thumbnail","hentry","category-estamos-unidos"],"acf":[],"aioseo_notices":[],"aioseo_head":"\n\t\t<!-- All in One SEO Pro 4.9.6.2 - aioseo.com -->\n\t<meta name=\"description\" content=\"\u00bfD\u00f3nde donde, d\u00f3nde? \u00bfD\u00f3nde encontrar\u00e9 a Dios? \u00bfExiste? Es una cuesti\u00f3n muy humana preguntarla, sobre todo en situaciones adversas, quiz\u00e1 lejos de la tierra natal, como migrante. Por Guillermo Delgado O.P. Fraile Dominico. \u00bfD\u00f3nde donde, d\u00f3nde, donde? \u00bfD\u00f3nde, encontrar\u00e9 al Se\u00f1or? Lo busco entre las estrellas y me canso de mirar, lo busco en el\" \/>\n\t<meta name=\"robots\" content=\"max-snippet:-1, max-image-preview:large, max-video-preview:-1\" \/>\n\t<meta name=\"author\" content=\"Marysabel Aldana\"\/>\n\t<link rel=\"canonical\" href=\"https:\/\/soymigrante.com\/revista\/elizabeth-guerra-una-voz-firme-por-el-tps-para-migrantes-guatemaltecos\/\" \/>\n\t<meta name=\"generator\" content=\"All in One SEO Pro (AIOSEO) 4.9.6.2\" \/>\n\n\t\t<link rel=\"preconnect\" href=\"https:\/\/fonts.googleapis.com\" crossorigin>\n<link rel=\"preconnect\" href=\"https:\/\/fonts.gstatic.com\" crossorigin>\n\t\t<meta property=\"og:locale\" content=\"es_ES\" \/>\n\t\t<meta property=\"og:site_name\" content=\"SoyMigrante.com REVISTA \u2013 Nuestra misi\u00f3n es reconocer y dignificar al migrante.\" \/>\n\t\t<meta property=\"og:type\" content=\"article\" \/>\n\t\t<meta property=\"og:title\" content=\"Elizabeth Guerra impulsa solicitud de TPS para guatemaltecos\" \/>\n\t\t<meta property=\"og:description\" content=\"Ella es ciudadana estadounidense de origen guatemalteco. Sabe de las dificultades que enfrentan muchos connacionales indocumentados y por ello impulsa el TPS\" \/>\n\t\t<meta property=\"og:url\" content=\"https:\/\/soymigrante.com\/revista\/elizabeth-guerra-una-voz-firme-por-el-tps-para-migrantes-guatemaltecos\/\" \/>\n\t\t<meta property=\"og:image\" content=\"https:\/\/soymigrante.com\/revista\/wp-content\/uploads\/2024\/10\/elizabeth-guerra.webp\" \/>\n\t\t<meta property=\"og:image:secure_url\" content=\"https:\/\/soymigrante.com\/revista\/wp-content\/uploads\/2024\/10\/elizabeth-guerra.webp\" \/>\n\t\t<meta property=\"og:image:width\" content=\"1379\" \/>\n\t\t<meta property=\"og:image:height\" content=\"1379\" \/>\n\t\t<meta property=\"article:published_time\" content=\"2024-10-11T15:00:12+00:00\" \/>\n\t\t<meta property=\"article:modified_time\" content=\"2024-11-01T17:33:29+00:00\" \/>\n\t\t<meta property=\"article:publisher\" content=\"https:\/\/www.facebook.com\/soymigrantecom\" \/>\n\t\t<meta name=\"twitter:card\" content=\"summary_large_image\" \/>\n\t\t<meta name=\"twitter:site\" content=\"@SoyMigrante_com\" \/>\n\t\t<meta name=\"twitter:title\" content=\"Elizabeth Guerra impulsa solicitud de TPS para guatemaltecos\" \/>\n\t\t<meta name=\"twitter:description\" content=\"Ella es ciudadana estadounidense de origen guatemalteco. Sabe de las dificultades que enfrentan muchos connacionales indocumentados y por ello impulsa el TPS\" \/>\n\t\t<meta name=\"twitter:creator\" content=\"@SoyMigrante_com\" \/>\n\t\t<meta name=\"twitter:image\" content=\"https:\/\/soymigrante.com\/revista\/wp-content\/uploads\/2024\/10\/elizabeth-guerra.webp\" \/>\n\t\t<!-- All in One SEO Pro -->\r\n\t\t<title>Elizabeth Guerra impulsa solicitud de TPS para guatemaltecos<\/title>\n\n","aioseo_head_json":{"title":"Elizabeth Guerra impulsa solicitud de TPS para guatemaltecos","description":"Ella es ciudadana estadounidense de origen guatemalteco. Sabe de las dificultades que enfrentan muchos connacionales indocumentados y por ello impulsa el TPS","canonical_url":"https:\/\/soymigrante.com\/revista\/elizabeth-guerra-una-voz-firme-por-el-tps-para-migrantes-guatemaltecos\/","robots":"max-snippet:-1, max-image-preview:large, max-video-preview:-1","keywords":"","webmasterTools":{"miscellaneous":"&lt;link rel=\"preconnect\" href=\"https:\/\/fonts.googleapis.com\" crossorigin&gt;\n&lt;link rel=\"preconnect\" href=\"https:\/\/fonts.gstatic.com\" crossorigin&gt;"},"schema":null,"og:locale":"es_ES","og:site_name":"SoyMigrante.com REVISTA \u2013 Nuestra misi\u00f3n es reconocer y dignificar al migrante.","og:type":"article","og:title":"Elizabeth Guerra impulsa solicitud de TPS para guatemaltecos","og:description":"Ella es ciudadana estadounidense de origen guatemalteco. Sabe de las dificultades que enfrentan muchos connacionales indocumentados y por ello impulsa el TPS","og:url":"https:\/\/soymigrante.com\/revista\/elizabeth-guerra-una-voz-firme-por-el-tps-para-migrantes-guatemaltecos\/","og:image":"https:\/\/soymigrante.com\/revista\/wp-content\/uploads\/2024\/10\/elizabeth-guerra.webp","og:image:secure_url":"https:\/\/soymigrante.com\/revista\/wp-content\/uploads\/2024\/10\/elizabeth-guerra.webp","og:image:width":1379,"og:image:height":1379,"article:published_time":"2024-10-11T15:00:12+00:00","article:modified_time":"2024-11-01T17:33:29+00:00","article:publisher":"https:\/\/www.facebook.com\/soymigrantecom","twitter:card":"summary_large_image","twitter:site":"@SoyMigrante_com","twitter:title":"Elizabeth Guerra impulsa solicitud de TPS para guatemaltecos","twitter:description":"Ella es ciudadana estadounidense de origen guatemalteco. Sabe de las dificultades que enfrentan muchos connacionales indocumentados y por ello impulsa el TPS","twitter:creator":"@SoyMigrante_com","twitter:image":"https:\/\/soymigrante.com\/revista\/wp-content\/uploads\/2024\/10\/elizabeth-guerra.webp"},"aioseo_meta_data":{"post_id":"9771","title":"Elizabeth Guerra impulsa solicitud de TPS para guatemaltecos","description":"Ella es ciudadana estadounidense de origen guatemalteco. Sabe de las dificultades que enfrentan muchos connacionales indocumentados y por ello impulsa el TPS","keywords":null,"keyphrases":{"focus":{"keyphrase":"tps","score":91,"analysis":{"keyphraseInTitle":{"score":9,"maxScore":9,"error":0},"keyphraseInDescription":{"score":9,"maxScore":9,"error":0},"keyphraseLength":{"score":9,"maxScore":9,"error":0,"length":1},"keyphraseInURL":{"score":5,"maxScore":5,"error":0},"keyphraseInIntroduction":{"score":9,"maxScore":9,"error":0},"keyphraseInSubHeadings":{"score":3,"maxScore":9,"error":1},"keyphraseInImageAlt":{"score":9,"maxScore":9,"error":0},"keywordDensity":{"type":"best","score":9,"maxScore":9,"error":0}}},"additional":[{"keyphrase":"tps","score":100,"analysis":{"keyphraseInDescription":{"score":9,"maxScore":9,"error":0},"keyphraseLength":{"score":9,"maxScore":9,"error":0,"length":1},"keyphraseInIntroduction":{"score":9,"maxScore":9,"error":0},"keyphraseInImageAlt":{"score":9,"maxScore":9,"error":0},"keywordDensity":{"type":"best","score":9,"maxScore":9,"error":0}}},{"keyphrase":"migrantes","score":87,"analysis":{"keyphraseInDescription":{"score":3,"maxScore":9,"error":1},"keyphraseLength":{"score":9,"maxScore":9,"error":0,"length":1},"keyphraseInIntroduction":{"score":9,"maxScore":9,"error":0},"keyphraseInImageAlt":{"score":9,"maxScore":9,"error":0},"keywordDensity":{"type":"best","score":9,"maxScore":9,"error":0}}}]},"primary_term":null,"canonical_url":null,"og_title":null,"og_description":null,"og_object_type":"default","og_image_type":"default","og_image_url":null,"og_image_width":null,"og_image_height":null,"og_image_custom_url":null,"og_image_custom_fields":null,"og_video":"","og_custom_url":null,"og_article_section":null,"og_article_tags":null,"twitter_use_og":false,"twitter_card":"default","twitter_image_type":"default","twitter_image_url":null,"twitter_image_custom_url":null,"twitter_image_custom_fields":null,"twitter_title":null,"twitter_description":null,"schema":{"blockGraphs":[],"customGraphs":[],"default":{"data":{"Article":[],"Course":[],"Dataset":[],"FAQPage":[],"Movie":[],"Person":[],"Product":[],"ProductReview":[],"Car":[],"Recipe":[],"Service":[],"SoftwareApplication":[],"WebPage":[]},"graphName":"Article","isEnabled":true},"graphs":[]},"schema_type":"default","schema_type_options":null,"pillar_content":false,"robots_default":true,"robots_noindex":false,"robots_noarchive":false,"robots_nosnippet":false,"robots_nofollow":false,"robots_noimageindex":false,"robots_noodp":false,"robots_notranslate":false,"robots_max_snippet":"-1","robots_max_videopreview":"-1","robots_max_imagepreview":"large","priority":null,"frequency":"default","local_seo":null,"seo_analyzer_scan_date":"2025-10-08 23:38:22","breadcrumb_settings":null,"limit_modified_date":false,"reviewed_by":null,"open_ai":"{\"title\":{\"suggestions\":[],\"usage\":0},\"description\":{\"suggestions\":[],\"usage\":0}}","ai":null,"created":"2024-09-26 17:48:40","updated":"2026-02-04 14:55:18"},"aioseo_breadcrumb":"<div class=\"aioseo-breadcrumbs\"><span class=\"aioseo-breadcrumb\">\n\t<a href=\"https:\/\/soymigrante.com\/revista\" title=\"Home\">Home<\/a>\n<\/span><span class=\"aioseo-breadcrumb-separator\">\u00bb<\/span><span class=\"aioseo-breadcrumb\">\n\t<a href=\"https:\/\/soymigrante.com\/revista\/category\/estamos-unidos\/\" title=\"Estamos Unidos\">Estamos Unidos<\/a>\n<\/span><span class=\"aioseo-breadcrumb-separator\">\u00bb<\/span><span class=\"aioseo-breadcrumb\">\n\tElizabeth Guerra: Una voz firme por el TPS para migrantes guatemaltecos\n<\/span><\/div>","aioseo_breadcrumb_json":[{"label":"Home","link":"https:\/\/soymigrante.com\/revista"},{"label":"Estamos Unidos","link":"https:\/\/soymigrante.com\/revista\/category\/estamos-unidos\/"},{"label":"Elizabeth Guerra: Una voz firme por el TPS para migrantes guatemaltecos","link":"https:\/\/soymigrante.com\/revista\/elizabeth-guerra-una-voz-firme-por-el-tps-para-migrantes-guatemaltecos\/"}],"_links":{"self":[{"href":"https:\/\/soymigrante.com\/revista\/wp-json\/wp\/v2\/posts\/9771","targetHints":{"allow":["GET"]}}],"collection":[{"href":"https:\/\/soymigrante.com\/revista\/wp-json\/wp\/v2\/posts"}],"about":[{"href":"https:\/\/soymigrante.com\/revista\/wp-json\/wp\/v2\/types\/post"}],"author":[{"embeddable":true,"href":"https:\/\/soymigrante.com\/revista\/wp-json\/wp\/v2\/users\/19"}],"replies":[{"embeddable":true,"href":"https:\/\/soymigrante.com\/revista\/wp-json\/wp\/v2\/comments?post=9771"}],"version-history":[{"count":0,"href":"https:\/\/soymigrante.com\/revista\/wp-json\/wp\/v2\/posts\/9771\/revisions"}],"wp:featuredmedia":[{"embeddable":true,"href":"https:\/\/soymigrante.com\/revista\/wp-json\/wp\/v2\/media\/10285"}],"wp:attachment":[{"href":"https:\/\/soymigrante.com\/revista\/wp-json\/wp\/v2\/media?parent=9771"}],"wp:term":[{"taxonomy":"category","embeddable":true,"href":"https:\/\/soymigrante.com\/revista\/wp-json\/wp\/v2\/categories?post=9771"},{"taxonomy":"post_tag","embeddable":true,"href":"https:\/\/soymigrante.com\/revista\/wp-json\/wp\/v2\/tags?post=9771"}],"curies":[{"name":"wp","href":"https:\/\/api.w.org\/{rel}","templated":true}]}}