{"id":9748,"date":"2024-09-26T11:12:27","date_gmt":"2024-09-26T17:12:27","guid":{"rendered":"https:\/\/soymigrante.com\/revista\/?p=9748"},"modified":"2024-09-26T11:21:33","modified_gmt":"2024-09-26T17:21:33","slug":"los-guatemaltecos-sabemos-hacer-de-todoarquitecto-migrante-luis-cortez","status":"publish","type":"post","link":"https:\/\/soymigrante.com\/revista\/los-guatemaltecos-sabemos-hacer-de-todoarquitecto-migrante-luis-cortez\/","title":{"rendered":"Los guatemaltecos aprendemos a hacer de todo: arquitecto migrante Luis Cortez"},"content":{"rendered":"\t\t<div data-elementor-type=\"wp-post\" data-elementor-id=\"9748\" class=\"elementor elementor-9748\" data-elementor-post-type=\"post\">\n\t\t\t\t<div data-particle_enable=\"false\" data-particle-mobile-disabled=\"false\" class=\"elementor-element elementor-element-2693dfd e-flex e-con-boxed e-con e-parent\" data-id=\"2693dfd\" data-element_type=\"container\" data-e-type=\"container\">\n\t\t\t\t\t<div class=\"e-con-inner\">\n\t\t\t\t<div class=\"elementor-element elementor-element-d2c490c elementor-widget elementor-widget-heading\" data-id=\"d2c490c\" data-element_type=\"widget\" data-e-type=\"widget\" data-widget_type=\"heading.default\">\n\t\t\t\t\t<h2 class=\"elementor-heading-title elementor-size-default\">Trabaja con una firma de arquitectura de Brooklyn, Nueva York, pero el camino fue largo y pas\u00f3 por bodegas, cocinas y f\u00e1bricas. Hoy ayuda a profesionales hispanos a hallar oportunidades. Esta es la historia de como el arquitecto migrante guatemalteco Luis Cortez construy\u00f3 una nueva vida en USA.<\/h2>\t\t\t\t<\/div>\n\t\t\t\t\t<\/div>\n\t\t\t\t<\/div>\n\t\t<div data-particle_enable=\"false\" data-particle-mobile-disabled=\"false\" class=\"elementor-element elementor-element-ddb3631 e-flex e-con-boxed e-con e-parent\" data-id=\"ddb3631\" data-element_type=\"container\" data-e-type=\"container\">\n\t\t\t\t\t<div class=\"e-con-inner\">\n\t\t\t\t<div class=\"elementor-element elementor-element-9833298 elementor-widget elementor-widget-text-editor\" data-id=\"9833298\" data-element_type=\"widget\" data-e-type=\"widget\" data-widget_type=\"text-editor.default\">\n\t\t\t\t\t\t\t\t\t<p>Todos le dec\u00edan al arquitecto Luis Cortez que se hab\u00eda sacado la loter\u00eda. Obtuvo una visa de residencia en Estados Unidos. Sab\u00eda ingl\u00e9s (&#8220;o cre\u00eda saberlo&#8221;, dice \u00e9l), ten\u00eda el t\u00edtulo de arquitecto graduado en la Universidad de San Carlos. &#8220;Termin\u00e9 la universidad en junio de 2011 y en agosto ya estaba por all\u00e1&#8221;, cuenta.<\/p><p>Fue a Nueva York y ya se visualizaba trabajando para desarrollar edificios. Y finalmente lo lograr\u00eda. Pero no sin haber trabajado descargando camiones, trabajando de operario en una f\u00e1brica de aromatizantes y hasta lavando platos en un restaurante, para poder llegar a fin de mes. Tambi\u00e9n tuvo un trabajo inicial en construcci\u00f3n, pero no como arquitecto, sino como obrero.\u00a0<\/p><p>Esta es la historia de como Luis Cortez tuvo que reconstruir y remodelar su vida y su carrera de arquitectura en EE.UU. As\u00ed como las incre\u00edbles fortalezas del guatemalteco que fue a descubrir all\u00e1.<\/p><p>\u00a0<\/p>\t\t\t\t\t\t\t\t<\/div>\n\t\t\t\t\t<\/div>\n\t\t\t\t<\/div>\n\t\t<div data-particle_enable=\"false\" data-particle-mobile-disabled=\"false\" class=\"elementor-element elementor-element-d1e9cf5 e-flex e-con-boxed e-con e-parent\" data-id=\"d1e9cf5\" data-element_type=\"container\" data-e-type=\"container\">\n\t\t\t\t\t<div class=\"e-con-inner\">\n\t\t\t\t<div class=\"elementor-element elementor-element-9adf45d elementor-widget elementor-widget-image\" data-id=\"9adf45d\" data-element_type=\"widget\" data-e-type=\"widget\" data-widget_type=\"image.default\">\n\t\t\t\t\t\t\t\t\t\t\t\t<figure class=\"wp-caption\">\n\t\t\t\t\t\t\t\t\t\t<img fetchpriority=\"high\" decoding=\"async\" width=\"768\" height=\"772\" src=\"https:\/\/soymigrante.com\/revista\/wp-content\/uploads\/2024\/09\/luis-cortez-3.webp\" class=\"attachment-large size-large wp-image-9752\" alt=\"Retrato de una mujer y un hombre sonriendo, tomados al aire libre frente a un \u00e1rbol y un edificio de viviendas en un d\u00eda soleado, representando historias de migrantes y comunidad.\" srcset=\"https:\/\/soymigrante.com\/revista\/wp-content\/uploads\/2024\/09\/luis-cortez-3.webp 955w, https:\/\/soymigrante.com\/revista\/wp-content\/uploads\/2024\/09\/luis-cortez-3-298x300.webp 298w, https:\/\/soymigrante.com\/revista\/wp-content\/uploads\/2024\/09\/luis-cortez-3-150x150.webp 150w, https:\/\/soymigrante.com\/revista\/wp-content\/uploads\/2024\/09\/luis-cortez-3-768x772.webp 768w, https:\/\/soymigrante.com\/revista\/wp-content\/uploads\/2024\/09\/luis-cortez-3-75x75.webp 75w, https:\/\/soymigrante.com\/revista\/wp-content\/uploads\/2024\/09\/luis-cortez-3-750x754.webp 750w\" sizes=\"(max-width: 768px) 100vw, 768px\" title=\"Luis Cortez sue\u00f1a poder crear, junto a su esposa, tambi\u00e9n arquitecta, una firma de dise\u00f1o en Nueva York. Han superado muchas pruebas y sin duda este objetivo se concretar\u00e1. \u2013 SoyMigrante.com REVISTA\" \/>\t\t\t\t\t\t\t\t\t\t\t<figcaption class=\"widget-image-caption wp-caption-text\">SonMigrante.com REVISTA: historias de migrantes, comunidad y cultura en un d\u00eda soleado en la ciudad.<\/figcaption>\n\t\t\t\t\t\t\t\t\t\t<\/figure>\n\t\t\t\t\t\t\t\t\t<\/div>\n\t\t\t\t\t<\/div>\n\t\t\t\t<\/div>\n\t\t<div data-particle_enable=\"false\" data-particle-mobile-disabled=\"false\" class=\"elementor-element elementor-element-533dc7f e-flex e-con-boxed e-con e-parent\" data-id=\"533dc7f\" data-element_type=\"container\" data-e-type=\"container\">\n\t\t\t\t\t<div class=\"e-con-inner\">\n\t\t\t\t<div class=\"elementor-element elementor-element-86b39ab elementor-widget elementor-widget-text-editor\" data-id=\"86b39ab\" data-element_type=\"widget\" data-e-type=\"widget\" data-widget_type=\"text-editor.default\">\n\t\t\t\t\t\t\t\t\t<h4><span style=\"color: var( --e-global-color-text ); text-align: var(--text-align);\">\u00bfQu\u00e9 plane\u00f3 cuando le dieron el permiso de residencia?<\/span><\/h4><p>Justo cuando nos dieron la visa, todos dec\u00edan: solo andate, vas a ganar en d\u00f3lares, vas a estar bien y olvida tu carrera. Yo decid\u00ed quedarme a terminar mi carrera. Al graduarme todos me dec\u00edan que mejor no, que para qu\u00e9 iba a ir, que iba a perder mi carrera si no me la convalidaban.\u00a0 Pero mi sue\u00f1o siempre era trabajar en Arquitectura. &#8220;Termin\u00e9 la universidad en 2011, en junio, en agosto ya estaba por ac\u00e1 en Nueva York?<\/p><p>\u00a0<\/p><h4>\u00bfC\u00f3mo fueron esos primeros d\u00edas?<\/h4><p>Como todo migrante, nada sali\u00f3 como estaba planeado. En mi mente sab\u00eda ingl\u00e9s o cre\u00eda saberlo. Lo estudi\u00e9. Pero al estar aqu\u00ed no pod\u00eda ni siquiera pedir en McDonalds. Me hablaba la gente y no entend\u00eda nada. Y eso me dificult\u00f3 hallar trabajo, no de arquitecto: de cualquier cosa.\u00a0 Adem\u00e1s, los gastos empiezan a correr desde que llegas. Tuve que trabajar en lo que cayera.<\/p><p>\u00a0<\/p><h4>\u00bfY qu\u00e9 fue lo que cay\u00f3?<\/h4><p>Llegu\u00e9 a Elizabeth, New Jersey, cuando empec\u00e9. Apliqu\u00e9 a una agencia de empleos y ah\u00ed lo mandaban a uno cada d\u00eda a lo que sea. Estuve descargando camiones, tambi\u00e9n trabaj\u00e9 de operario en una f\u00e1brica ensamblando cosas de aromatizanes. Luego me mov\u00ed a Brooklyn, trabaj\u00e9 en construcci\u00f3n, pero como operario. Tambi\u00e9n fui ayudante de mesero. Esto me cost\u00f3 porque necesitaba dominar el ingl\u00e9s y no era bueno. Grababa en mi mente el sonido de lo que dijo la gente y se lo preguntaba a algun compa\u00f1ero hispano. Por ejemplo yo o\u00eda que me dec\u00edan &#8220;mayan\u00edz, mayan\u00edz&#8221;. Lo dec\u00eda y el compa\u00f1ero me dec\u00eda &#8220;te pide mayonesa&#8221;. No fue f\u00e1cil asimilar esa realidad. Uno se visualiza de una forma pero est\u00e1s en otro nivel m\u00e1s bajo.\u00a0<\/p><p>\u00a0<\/p>\t\t\t\t\t\t\t\t<\/div>\n\t\t\t\t\t<\/div>\n\t\t\t\t<\/div>\n\t\t<div data-particle_enable=\"false\" data-particle-mobile-disabled=\"false\" class=\"elementor-element elementor-element-5326265 e-flex e-con-boxed e-con e-parent\" data-id=\"5326265\" data-element_type=\"container\" data-e-type=\"container\">\n\t\t\t\t\t<div class=\"e-con-inner\">\n\t\t\t\t<div class=\"elementor-element elementor-element-4798f92 elementor-widget elementor-widget-heading\" data-id=\"4798f92\" data-element_type=\"widget\" data-e-type=\"widget\" data-widget_type=\"heading.default\">\n\t\t\t\t\t<h4 class=\"elementor-heading-title elementor-size-default\">Como buen arquitecto, Luis Cortez tiene una viva pasi\u00f3n por la fotograf\u00eda<\/h4>\t\t\t\t<\/div>\n\t\t\t\t\t<\/div>\n\t\t\t\t<\/div>\n\t\t<div data-particle_enable=\"false\" data-particle-mobile-disabled=\"false\" class=\"elementor-element elementor-element-bc6a15b e-flex e-con-boxed e-con e-parent\" data-id=\"bc6a15b\" data-element_type=\"container\" data-e-type=\"container\">\n\t\t\t\t\t<div class=\"e-con-inner\">\n\t\t\t\t<div class=\"elementor-element elementor-element-447bdf1 elementor-arrows-position-inside elementor-pagination-position-outside elementor-widget elementor-widget-image-carousel\" data-id=\"447bdf1\" data-element_type=\"widget\" data-e-type=\"widget\" data-settings=\"{&quot;slides_to_show&quot;:&quot;1&quot;,&quot;navigation&quot;:&quot;both&quot;,&quot;autoplay&quot;:&quot;yes&quot;,&quot;pause_on_hover&quot;:&quot;yes&quot;,&quot;pause_on_interaction&quot;:&quot;yes&quot;,&quot;autoplay_speed&quot;:5000,&quot;infinite&quot;:&quot;yes&quot;,&quot;effect&quot;:&quot;slide&quot;,&quot;speed&quot;:500}\" data-widget_type=\"image-carousel.default\">\n\t\t\t\t\t\t\t<div class=\"elementor-image-carousel-wrapper swiper\" role=\"region\" aria-roledescription=\"carousel\" aria-label=\"Carrusel de im\u00e1genes\" dir=\"ltr\">\n\t\t\t<div class=\"elementor-image-carousel swiper-wrapper\" aria-live=\"off\">\n\t\t\t\t\t\t\t\t<div class=\"swiper-slide\" role=\"group\" aria-roledescription=\"slide\" aria-label=\"1 de 8\"><figure class=\"swiper-slide-inner\"><img decoding=\"async\" class=\"swiper-slide-image\" src=\"https:\/\/soymigrante.com\/revista\/wp-content\/uploads\/2024\/09\/Fotos-de-Luis-Cortez-arquitecto-migrante-en-NY-4-1024x636.webp\" alt=\"Isla de nieve en el horizonte con un cielo nublado y carreteras rurales bordeadas de \u00e1rboles verdes.\" \/><\/figure><\/div><div class=\"swiper-slide\" role=\"group\" aria-roledescription=\"slide\" aria-label=\"2 de 8\"><figure class=\"swiper-slide-inner\"><img decoding=\"async\" class=\"swiper-slide-image\" src=\"https:\/\/soymigrante.com\/revista\/wp-content\/uploads\/2024\/09\/Fotos-de-Luis-Cortez-arquitecto-migrante-en-NY-5.webp\" alt=\"Atardecer sobre el skyline de la ciudad con rascacielos reflejados en un lago, evocando belleza y serenidad urbana en un paisaje nocturno.\" \/><\/figure><\/div><div class=\"swiper-slide\" role=\"group\" aria-roledescription=\"slide\" aria-label=\"3 de 8\"><figure class=\"swiper-slide-inner\"><img decoding=\"async\" class=\"swiper-slide-image\" src=\"https:\/\/soymigrante.com\/revista\/wp-content\/uploads\/2024\/09\/Fotos-de-Luis-Cortez-arquitecto-migrante-en-NY-6.webp\" alt=\"Puente de Brooklyn en Nueva York, vista del famoso edificio con cables de suspensi\u00f3n y estructura de acero, fondo azul cielo.\" \/><\/figure><\/div><div class=\"swiper-slide\" role=\"group\" aria-roledescription=\"slide\" aria-label=\"4 de 8\"><figure class=\"swiper-slide-inner\"><img decoding=\"async\" class=\"swiper-slide-image\" src=\"https:\/\/soymigrante.com\/revista\/wp-content\/uploads\/2024\/09\/Fotos-de-Luis-Cortez-arquitecto-migrante-en-NY-7-1024x657.webp\" alt=\"Colorida vista de Antigua Guatemala con arquitectura colonial y cielo azul brillante.\" \/><\/figure><\/div><div class=\"swiper-slide\" role=\"group\" aria-roledescription=\"slide\" aria-label=\"5 de 8\"><figure class=\"swiper-slide-inner\"><img decoding=\"async\" class=\"swiper-slide-image\" src=\"https:\/\/soymigrante.com\/revista\/wp-content\/uploads\/2024\/09\/Fotos-de-Luis-Cortez-arquitecto-migrante-en-NY-8-1024x515.webp\" alt=\"Rascacielos de Nueva York iluminados por la noche, reflejados en el r\u00edo Hudson, vista panor\u00e1mica del skyline de Manhattan, emblem\u00e1tica ciudad estadounidense, centro financiero, cultura y migraci\u00f3n.\" \/><\/figure><\/div><div class=\"swiper-slide\" role=\"group\" aria-roledescription=\"slide\" aria-label=\"6 de 8\"><figure class=\"swiper-slide-inner\"><img decoding=\"async\" class=\"swiper-slide-image\" src=\"https:\/\/soymigrante.com\/revista\/wp-content\/uploads\/2024\/09\/Fotos-de-Luis-Cortez-arquitecto-migrante-en-NY-9-1024x682.webp\" alt=\"Viento en las tejas de un techo antiguo con un p\u00e1jaro posado en la chimenea, en un cielo nublado, en una imagen en blanco y negro que transmite tranquilidad y reflexi\u00f3n.\" \/><\/figure><\/div><div class=\"swiper-slide\" role=\"group\" aria-roledescription=\"slide\" aria-label=\"7 de 8\"><figure class=\"swiper-slide-inner\"><img decoding=\"async\" class=\"swiper-slide-image\" src=\"https:\/\/soymigrante.com\/revista\/wp-content\/uploads\/2024\/09\/Fotos-de-Luis-Cortez-arquitecto-migrante-en-NY-1-1024x682.webp\" alt=\"Moderno edificio de ladrillos con l\u00edneas geom\u00e9tricas en una perspectiva desde abajo, representando arquitectura contempor\u00e1nea y dise\u00f1o urbano para revista SoyMigrante.com REVISTA.\" \/><\/figure><\/div><div class=\"swiper-slide\" role=\"group\" aria-roledescription=\"slide\" aria-label=\"8 de 8\"><figure class=\"swiper-slide-inner\"><img decoding=\"async\" class=\"swiper-slide-image\" src=\"https:\/\/soymigrante.com\/revista\/wp-content\/uploads\/2024\/09\/Fotos-de-Luis-Cortez-arquitecto-migrante-en-NY-2-1024x682.webp\" alt=\"Valla de madera y barandilla en parque urbano con vista a skyline de Nueva York en fondo, en la tarde soleada.\" \/><\/figure><\/div>\t\t\t<\/div>\n\t\t\t\t\t\t\t\t\t\t\t\t<div class=\"elementor-swiper-button elementor-swiper-button-prev\" role=\"button\" tabindex=\"0\">\n\t\t\t\t\t\t<i aria-hidden=\"true\" class=\"eicon-chevron-left\"><\/i>\t\t\t\t\t<\/div>\n\t\t\t\t\t<div class=\"elementor-swiper-button elementor-swiper-button-next\" role=\"button\" tabindex=\"0\">\n\t\t\t\t\t\t<i aria-hidden=\"true\" class=\"eicon-chevron-right\"><\/i>\t\t\t\t\t<\/div>\n\t\t\t\t\n\t\t\t\t\t\t\t\t\t<div class=\"swiper-pagination\"><\/div>\n\t\t\t\t\t\t\t\t\t<\/div>\n\t\t\t\t\t\t<\/div>\n\t\t\t\t\t<\/div>\n\t\t\t\t<\/div>\n\t\t<div data-particle_enable=\"false\" data-particle-mobile-disabled=\"false\" class=\"elementor-element elementor-element-cceb5b8 e-flex e-con-boxed e-con e-parent\" data-id=\"cceb5b8\" data-element_type=\"container\" data-e-type=\"container\">\n\t\t\t\t\t<div class=\"e-con-inner\">\n\t\t\t\t<div class=\"elementor-element elementor-element-bd0a0fa elementor-widget elementor-widget-text-editor\" data-id=\"bd0a0fa\" data-element_type=\"widget\" data-e-type=\"widget\" data-widget_type=\"text-editor.default\">\n\t\t\t\t\t\t\t\t\t<p><span style=\"font-family: Mulish, sans-serif; font-size: 1.25em; font-weight: bold; text-align: var(--text-align);\">\u00bfCu\u00e1ndo lleg\u00f3 el trabajo en arquitectura en NY?<\/span><\/p>\n<p>Antes y despu\u00e9s de mis jornadas de trabajos, aplicaba a puestos en trabajos de arquitectura. Me llamaron. De hecho tuve os entrevistas por tel\u00e9fono. Me fue fatal. Por el ingl\u00e9s. Y porque mi tel\u00e9fono no ten\u00eda buena se\u00f1al, a veces atend\u00eda durante el otro trabajo. A los cinco minutos me dec\u00edan Ok te vamos a llamar. Yo sab\u00eda que me hab\u00eda ido mal: era solo de cerrar el tel\u00e9fono y llorar.&nbsp; Fueron meses duros.<\/p>\n<p><\/p>\n<h4>\u00bfPensaste tirar la toalla en lo de la arquitectura?<\/h4>\n<p>\u00bfPa que me vine? pensaba yo. Mi presupuesto no me alcanzaba, ten\u00eda para unos tres o cuatro meses de plazo. Y ya llegando a diciembre&nbsp; vi que mi&nbsp; cuenta de banco llegando a cero y lo que ganaba no me cansaba para pagar la renta. Ese fue el momento m\u00e1s cr\u00edtico. Pero gracias a Dios justo dos semanas antes de Navidad, surgi\u00f3 un trabajo en Arquitectura.&nbsp;<\/p>\n<p><\/p>\n<h4>Que incre\u00edble<\/h4>\n<p>S\u00ed, fue en esta compa\u00f1\u00eda donde estoy ahora. Pero comenc\u00e9 en el s\u00f3tano de la casa del due\u00f1o. No era una oficina formal. \u00c9l hac\u00eda proyectos por su cuenta. Me entrevist\u00f3. Creo que me fue fatal en ingl\u00e9s, pero&nbsp; me llam\u00f3 y me dijo: no tengo suficiente para pagar tiempo completo, pero s\u00ed tres veces por semana para empezar. No tengo oficina, pero ah\u00ed est\u00e1 mi s\u00f3tano.<\/p>\n<p>Ese s\u00f3tano estaba lleno de juguetes, no ten\u00eda aislamiento t\u00e9rmino y hac\u00eda un gran fr\u00edo en las ma\u00f1anas. Recu\u00e9rdese que diciembre, enero, febrero en Nueva York son helad\u00edsimos. Yo ten\u00eda tres chumpas y me pon\u00eda las tres, todo el d\u00eda.<\/p>\n<p><\/p>\t\t\t\t\t\t\t\t<\/div>\n\t\t\t\t\t<\/div>\n\t\t\t\t<\/div>\n\t\t<div data-particle_enable=\"false\" data-particle-mobile-disabled=\"false\" class=\"elementor-element elementor-element-2d8405f e-flex e-con-boxed e-con e-parent\" data-id=\"2d8405f\" data-element_type=\"container\" data-e-type=\"container\">\n\t\t\t\t\t<div class=\"e-con-inner\">\n\t\t\t\t<div class=\"elementor-element elementor-element-d42ebcd elementor-widget elementor-widget-image\" data-id=\"d42ebcd\" data-element_type=\"widget\" data-e-type=\"widget\" data-widget_type=\"image.default\">\n\t\t\t\t\t\t\t\t\t\t\t\t<figure class=\"wp-caption\">\n\t\t\t\t\t\t\t\t\t\t<img decoding=\"async\" width=\"768\" height=\"767\" src=\"https:\/\/soymigrante.com\/revista\/wp-content\/uploads\/2024\/09\/luis-cortez-arquitecto-1024x1022.webp\" class=\"attachment-large size-large wp-image-9763\" alt=\"Puente de madera en lago con paisaje monta\u00f1oso de fondo, dos personas j\u00f3venes sonriendo y posando en un entorno natural y pintoresco en Guatemala.\" srcset=\"https:\/\/soymigrante.com\/revista\/wp-content\/uploads\/2024\/09\/luis-cortez-arquitecto-1024x1022.webp 1024w, https:\/\/soymigrante.com\/revista\/wp-content\/uploads\/2024\/09\/luis-cortez-arquitecto-300x300.webp 300w, https:\/\/soymigrante.com\/revista\/wp-content\/uploads\/2024\/09\/luis-cortez-arquitecto-150x150.webp 150w, https:\/\/soymigrante.com\/revista\/wp-content\/uploads\/2024\/09\/luis-cortez-arquitecto-768x766.webp 768w, https:\/\/soymigrante.com\/revista\/wp-content\/uploads\/2024\/09\/luis-cortez-arquitecto-75x75.webp 75w, https:\/\/soymigrante.com\/revista\/wp-content\/uploads\/2024\/09\/luis-cortez-arquitecto-750x748.webp 750w, https:\/\/soymigrante.com\/revista\/wp-content\/uploads\/2024\/09\/luis-cortez-arquitecto-1140x1138.webp 1140w, https:\/\/soymigrante.com\/revista\/wp-content\/uploads\/2024\/09\/luis-cortez-arquitecto.webp 1440w\" sizes=\"(max-width: 768px) 100vw, 768px\" title=\"Luis Cortez y su esposa siempre extra\u00f1an el clima, los paisajes y tambi\u00e9n los sabores de Guatemala. Cuando se da la oportunidad visitan su tierra natal. \u2013 SoyMigrante.com REVISTA\" \/>\t\t\t\t\t\t\t\t\t\t\t<figcaption class=\"widget-image-caption wp-caption-text\">D\u00fao joven disfrutando de la naturaleza en un muelle junto al lago, escenario tur\u00edstico de Guatemala, imagen de migrantes en contexto de viajes y cultura.<\/figcaption>\n\t\t\t\t\t\t\t\t\t\t<\/figure>\n\t\t\t\t\t\t\t\t\t<\/div>\n\t\t\t\t\t<\/div>\n\t\t\t\t<\/div>\n\t\t<div data-particle_enable=\"false\" data-particle-mobile-disabled=\"false\" class=\"elementor-element elementor-element-0362303 e-flex e-con-boxed e-con e-parent\" data-id=\"0362303\" data-element_type=\"container\" data-e-type=\"container\">\n\t\t\t\t\t<div class=\"e-con-inner\">\n\t\t\t\t<div class=\"elementor-element elementor-element-bd987d1 elementor-widget elementor-widget-text-editor\" data-id=\"bd987d1\" data-element_type=\"widget\" data-e-type=\"widget\" data-widget_type=\"text-editor.default\">\n\t\t\t\t\t\t\t\t\t<p><span style=\"font-family: Mulish, sans-serif; font-size: 1.25em; font-weight: bold; text-align: var(--text-align);\">\u00bfC\u00f3mo fue esa primera Navidad?<\/span><\/p><p>Dif\u00edcil, dif\u00edcil no no pude ir a Guate no pude tener a mi familia. Una se\u00f1ora que me alquilaba un cuarto en su casa, me invit\u00f3 a pasar la Navidad junto a su familia. Todos fueron bien amables conmigo.\u00a0<\/p><p><span style=\"color: #000000; font-family: Mulish, sans-serif; font-size: 1.25em; font-weight: bold; text-align: var(--text-align);\">\u00bfCu\u00e1nto tiempo estuvo en el s\u00f3tano?<\/span><\/p><p>Estuve dos a\u00f1os, pero recuerdo que un d\u00eda el due\u00f1o compr\u00f3 un calentadorcito port\u00e1til y yo lo ten\u00eda a la par, siempre. Fue un d\u00eda feliz. Despu\u00e9s ya remodelamos el espacio, se contrat\u00f3 a otras tres personas, y despu\u00e9s nos\u00a0 movimos a esta oficina donde estamos ahora.\u00a0<\/p><p><span style=\"color: #000000; font-family: Mulish, sans-serif; font-size: 1.25em; font-weight: bold; text-align: var(--text-align);\">\u00bfQu\u00e9 proyectos desarrollas actualmente?\u00a0<\/span><\/p><p>De todo, desde renovaciones interiores hasta edificios nuevos. El m\u00e1s grande es un edificio de apartamentos y un peque\u00f1o hospital. Tambi\u00e9n hay otros edificios peque\u00f1os, pero efectuamos remodelaciones de interiores, instalaci\u00f3n industrial, comercial, un poco de todo.<\/p><p><span style=\"color: #000000; font-family: Mulish, sans-serif; font-size: 1.25em; font-weight: bold; text-align: var(--text-align);\">\u00bfY qu\u00e9 has descubierto del trabajo arquitect\u00f3nico en USA?<\/span><\/p><p>\u00bfLo principal? Que los guatemaltecos no tenemos nada que envidiearle a los americanos. S\u00ed, los proyectos son de mayor tama\u00f1o. Pero nosotros los arquitectos guatemaltecos, en la carrera nos ense\u00f1an a hacer de todo: el\u00e9ctrico, plomer\u00eda, fundidos, acabados, todo. Ac\u00e1 solo hacen arquitectura como dise\u00f1o y direcci\u00f3n, pero en un proyecto hay dos o tres ingenieros, uno para cada \u00e1rea. Nosotros los guatemaltecos sabemos hacer eso o al menos sabemos ver si lo est\u00e1n haciendo bien. Aqu\u00ed todo es especializado. Los guatemaltecos sabemos hacer de todov\u00a0<\/p>\t\t\t\t\t\t\t\t<\/div>\n\t\t\t\t\t<\/div>\n\t\t\t\t<\/div>\n\t\t<div data-particle_enable=\"false\" data-particle-mobile-disabled=\"false\" class=\"elementor-element elementor-element-83f38eb e-flex e-con-boxed e-con e-parent\" data-id=\"83f38eb\" data-element_type=\"container\" data-e-type=\"container\">\n\t\t\t\t\t<div class=\"e-con-inner\">\n\t\t\t\t<div class=\"elementor-element elementor-element-0c32484 elementor-widget elementor-widget-facebook-embed\" data-id=\"0c32484\" data-element_type=\"widget\" data-e-type=\"widget\" data-widget_type=\"facebook-embed.default\">\n\t\t\t\t\t<div style=\"min-height: 1px\" class=\"elementor-facebook-widget fb-post\" data-href=\"https:\/\/www.facebook.com\/Upwardly.Global\/photos\/a.408535764869\/10155247566869870\/?type=3\" data-show-text=\"true\"><\/div>\t\t\t\t<\/div>\n\t\t\t\t\t<\/div>\n\t\t\t\t<\/div>\n\t\t<div data-particle_enable=\"false\" data-particle-mobile-disabled=\"false\" class=\"elementor-element elementor-element-6b21d7c e-flex e-con-boxed e-con e-parent\" data-id=\"6b21d7c\" data-element_type=\"container\" data-e-type=\"container\">\n\t\t\t\t\t<div class=\"e-con-inner\">\n\t\t\t\t<div class=\"elementor-element elementor-element-e8b2f2c elementor-widget elementor-widget-text-editor\" data-id=\"e8b2f2c\" data-element_type=\"widget\" data-e-type=\"widget\" data-widget_type=\"text-editor.default\">\n\t\t\t\t\t\t\t\t\t<p><span style=\"font-family: Mulish, sans-serif; font-size: 1.25em; font-weight: bold; text-align: var(--text-align);\">Entiendo que participas en una organizaci\u00f3n que ayuda a migrantes profesionales<\/span><\/p><p>Si, soy voluntario de una organizaci\u00f3n llamada Upwardly Global. Muchos arquitectos que conozco de otros pa\u00edses, sobre todo Latinoam\u00e9rica, vienen con esa idea de que como no estudi\u00e9 ac\u00e1, yo no s\u00e9 nada,\u00a0 no s\u00e9 el sistema o que no pueden aplicar su especialidad O creen que aqu\u00ed est\u00e1n las mejores universidades y que son insuperables.\u00a0<\/p><p>Pero yo les digo: los profesionales hispanos traemos licencia para trabaja: estamos preparados para hacer de todo, debido a las mismas limitaciones de nuestros pa\u00edses.\u00a0 Aqu\u00ed sab\u00e9s de electricidad, de plomer\u00eda, de estructura y eso s\u00ed se lo agradezco a la Usac. Aprendemos topograf\u00eda, materiales, resistencias. A m\u00ed me ha tocado ver planos de top\u00f3grafos de aqu\u00ed y al revisarlos tienen errores a corregir. S\u00ed podemos.<\/p><p>\u00a0<\/p><h4>\u00bfCu\u00e1l es el gran valor guatemalteco que te hace fuerte aqu\u00ed?<\/h4><p>El humor. El Guatemalteco a todo le saca chiste cuando no queda de otra. Toca lidiar con los problemas y no queda m\u00e1s que verle el lado positivo o chistoso. Quita la tensi\u00f3n y da soluci\u00f3n. Pero bueno tambi\u00e9n tenemos la \u00e9tica de trabajo, pero sobre todo de nuestra generaciones antes del 2000. A uno lo mandaban a estudiar aunque estuviera lloviendo o con anuncio de hurac\u00e1n. Si estabas enfermo, una pastilla y afuera.\u00a0\u00a0<\/p><p>\u00a0<\/p><h4>\u00bfCu\u00e1l es tu gran sue\u00f1o?<\/h4><p>Crear nuestra propia empresa de dise\u00f1o con mi esposa. Ella tambi\u00e9n es arquitecta. So\u00f1amos con un estudio fundado por chapines que crezca aqu\u00ed en Nueva York.<\/p><p>\u00a0<\/p>\t\t\t\t\t\t\t\t<\/div>\n\t\t\t\t\t<\/div>\n\t\t\t\t<\/div>\n\t\t<div data-particle_enable=\"false\" data-particle-mobile-disabled=\"false\" class=\"elementor-element elementor-element-8ef4f2d e-flex e-con-boxed e-con e-parent\" data-id=\"8ef4f2d\" data-element_type=\"container\" data-e-type=\"container\">\n\t\t\t\t\t<div class=\"e-con-inner\">\n\t\t\t\t<div class=\"elementor-element elementor-element-168cc6d elementor-widget elementor-widget-heading\" data-id=\"168cc6d\" data-element_type=\"widget\" data-e-type=\"widget\" data-widget_type=\"heading.default\">\n\t\t\t\t\t<h2 class=\"elementor-heading-title elementor-size-default\">El talento guatemalteco brilla<\/h2>\t\t\t\t<\/div>\n\t\t\t\t\t<\/div>\n\t\t\t\t<\/div>\n\t\t<div data-particle_enable=\"false\" data-particle-mobile-disabled=\"false\" class=\"elementor-element elementor-element-ba90683 e-flex e-con-boxed e-con e-parent\" data-id=\"ba90683\" data-element_type=\"container\" data-e-type=\"container\">\n\t\t\t\t\t<div class=\"e-con-inner\">\n\t\t\t\t<div class=\"elementor-element elementor-element-cededa8 elementor-grid-eael-col-3 elementor-grid-tablet-eael-col-2 elementor-grid-mobile-eael-col-1 elementor-widget elementor-widget-eael-post-grid\" data-id=\"cededa8\" data-element_type=\"widget\" data-e-type=\"widget\" data-settings=\"{&quot;eael_post_grid_columns&quot;:&quot;eael-col-3&quot;,&quot;eael_post_grid_columns_tablet&quot;:&quot;eael-col-2&quot;,&quot;eael_post_grid_columns_mobile&quot;:&quot;eael-col-1&quot;}\" data-widget_type=\"eael-post-grid.default\">\n\t\t\t\t\t<div id=\"eael-post-grid-cededa8\" class=\"eael-post-grid-container\">\n            <div class=\"eael-post-grid eael-post-appender eael-post-appender-cededa8 eael-post-grid-style-one\" data-layout-mode=\"masonry\"><article class=\"eael-grid-post  eael-post-grid-column eael-pg-post-7063 category-exitos\" data-id=\"7063\">\n        <div class=\"eael-grid-post-holder\">\n            <div class=\"eael-grid-post-holder-inner\"><div class=\"eael-entry-media\"><div class=\"eael-entry-overlay fade-in\"><i class=\"far fa-hand-pointer\" aria-hidden=\"true\"><\/i><a href=\"https:\/\/soymigrante.com\/revista\/revolucion-avicola-impulsa-guatemalteco-reginaldo-marroquin-en-minnesota\/\"><\/a><\/div><div class=\"eael-entry-thumbnail \">\n                <img decoding=\"async\" width=\"865\" height=\"865\" src=\"https:\/\/soymigrante.com\/revista\/wp-content\/uploads\/2024\/06\/regisd.webp\" class=\"attachment-large size-large wp-image-7064\" alt=\"Empleado agr\u00edcola en un huerto de plantas verdes, trabajando en agricultura, exportaci\u00f3n de productos agr\u00edcolas, trabajo en campo, sostenibilidad agr\u00edcola, flexible y amigable con la naturaleza.\" srcset=\"https:\/\/soymigrante.com\/revista\/wp-content\/uploads\/2024\/06\/regisd.webp 865w, https:\/\/soymigrante.com\/revista\/wp-content\/uploads\/2024\/06\/regisd-300x300.webp 300w, https:\/\/soymigrante.com\/revista\/wp-content\/uploads\/2024\/06\/regisd-150x150.webp 150w, https:\/\/soymigrante.com\/revista\/wp-content\/uploads\/2024\/06\/regisd-768x768.webp 768w, https:\/\/soymigrante.com\/revista\/wp-content\/uploads\/2024\/06\/regisd-75x75.webp 75w, https:\/\/soymigrante.com\/revista\/wp-content\/uploads\/2024\/06\/regisd-750x750.webp 750w\" sizes=\"(max-width: 865px) 100vw, 865px\" \/>\n            <\/div>\n        <\/div><div class=\"eael-entry-wrapper\"><header class=\"eael-entry-header\"><h2 class=\"eael-entry-title\"><a class=\"eael-grid-post-link\" href=\"https:\/\/soymigrante.com\/revista\/revolucion-avicola-impulsa-guatemalteco-reginaldo-marroquin-en-minnesota\/\" title=\"Revoluci\u00f3n av\u00edcola impulsa guatemalteco Reginaldo Marroqu\u00edn  en Minnesota\">Revoluci\u00f3n av\u00edcola impulsa guatemalteco Reginaldo Marroqu\u00edn  en Minnesota<\/a><\/h2><\/header><div class=\"eael-entry-content\">\n                        <div class=\"eael-grid-post-excerpt\"><a href=\"https:\/\/soymigrante.com\/revista\/revolucion-avicola-impulsa-guatemalteco-reginaldo-marroquin-en-minnesota\/\" class=\"eael-post-elements-readmore-btn\">CONOCE SU HISTORIA <\/a><\/div>\n                    <\/div><\/div><\/div>\n        <\/div>\n    <\/article><article class=\"eael-grid-post  eael-post-grid-column eael-pg-post-4817 category-exitos\" data-id=\"4817\">\n        <div class=\"eael-grid-post-holder\">\n            <div class=\"eael-grid-post-holder-inner\"><div class=\"eael-entry-media\"><div class=\"eael-entry-overlay fade-in\"><i class=\"far fa-hand-pointer\" aria-hidden=\"true\"><\/i><a href=\"https:\/\/soymigrante.com\/revista\/migrante-guatemalteco-axel-cifuentes-oklahoma-grandes-metas-transformacion\/\"><\/a><\/div><div class=\"eael-entry-thumbnail \">\n                <img loading=\"lazy\" decoding=\"async\" width=\"1024\" height=\"1024\" src=\"https:\/\/soymigrante.com\/revista\/wp-content\/uploads\/2024\/02\/cifuentes.webp\" class=\"attachment-large size-large wp-image-4818\" alt=\"Migrante y arquitecto guatemlteco Axel Cifuentes es el tercero de cuatro hermanos que tienen su propia compa\u00f1\u00eda de bienes ra\u00edces y construcci\u00f3n en Estados Unidos, a donde \u00e9l lleg\u00f3 en 2013 por una pasant\u00eda.\" srcset=\"https:\/\/soymigrante.com\/revista\/wp-content\/uploads\/2024\/02\/cifuentes.webp 1080w, https:\/\/soymigrante.com\/revista\/wp-content\/uploads\/2024\/02\/cifuentes-300x300.webp 300w\" sizes=\"(max-width: 1024px) 100vw, 1024px\" \/>\n            <\/div>\n        <\/div><div class=\"eael-entry-wrapper\"><header class=\"eael-entry-header\"><h2 class=\"eael-entry-title\"><a class=\"eael-grid-post-link\" href=\"https:\/\/soymigrante.com\/revista\/migrante-guatemalteco-axel-cifuentes-oklahoma-grandes-metas-transformacion\/\" title=\"Hermanos migrantes: el arquitecto Axel Cifuentes remodel\u00f3 su futuro\">Hermanos migrantes: el arquitecto Axel Cifuentes remodel\u00f3 su futuro<\/a><\/h2><\/header><div class=\"eael-entry-content\">\n                        <div class=\"eael-grid-post-excerpt\"><a href=\"https:\/\/soymigrante.com\/revista\/migrante-guatemalteco-axel-cifuentes-oklahoma-grandes-metas-transformacion\/\" class=\"eael-post-elements-readmore-btn\">CONOCE SU HISTORIA <\/a><\/div>\n                    <\/div><\/div><\/div>\n        <\/div>\n    <\/article><article class=\"eael-grid-post  eael-post-grid-column eael-pg-post-1829 category-exitos-guatemala tags-texas\" data-id=\"1829\">\n        <div class=\"eael-grid-post-holder\">\n            <div class=\"eael-grid-post-holder-inner\"><div class=\"eael-entry-media\"><div class=\"eael-entry-overlay fade-in\"><i class=\"far fa-hand-pointer\" aria-hidden=\"true\"><\/i><a href=\"https:\/\/soymigrante.com\/revista\/rodolfo-arreaga-agronomo-guatemalteco-migrante\/\"><\/a><\/div><div class=\"eael-entry-thumbnail \">\n                <img loading=\"lazy\" decoding=\"async\" width=\"562\" height=\"562\" src=\"https:\/\/soymigrante.com\/revista\/wp-content\/uploads\/2023\/07\/Migrante-guatemalteco-Rodolfo-Arreaga-empresario-y-trotamundos-2.webp\" class=\"attachment-large size-large wp-image-1832\" alt=\"Migrante guatemalteco Rodolfo Arreaga, es agr\u00f3nomo y ha trabajado en los cinco continentes\" srcset=\"https:\/\/soymigrante.com\/revista\/wp-content\/uploads\/2023\/07\/Migrante-guatemalteco-Rodolfo-Arreaga-empresario-y-trotamundos-2.webp 562w, https:\/\/soymigrante.com\/revista\/wp-content\/uploads\/2023\/07\/Migrante-guatemalteco-Rodolfo-Arreaga-empresario-y-trotamundos-2-300x300.webp 300w, https:\/\/soymigrante.com\/revista\/wp-content\/uploads\/2023\/07\/Migrante-guatemalteco-Rodolfo-Arreaga-empresario-y-trotamundos-2-150x150.webp 150w, https:\/\/soymigrante.com\/revista\/wp-content\/uploads\/2023\/07\/Migrante-guatemalteco-Rodolfo-Arreaga-empresario-y-trotamundos-2-75x75.webp 75w\" sizes=\"(max-width: 562px) 100vw, 562px\" \/>\n            <\/div>\n        <\/div><div class=\"eael-entry-wrapper\"><header class=\"eael-entry-header\"><h2 class=\"eael-entry-title\"><a class=\"eael-grid-post-link\" href=\"https:\/\/soymigrante.com\/revista\/rodolfo-arreaga-agronomo-guatemalteco-migrante\/\" title=\"Agr\u00f3nomo guatemalteco Rodolfo Arreaga conquista los cinco continentes: lecciones aprendidas\">Agr\u00f3nomo guatemalteco Rodolfo Arreaga conquista los cinco continentes: lecciones aprendidas<\/a><\/h2><\/header><div class=\"eael-entry-content\">\n                        <div class=\"eael-grid-post-excerpt\"><a href=\"https:\/\/soymigrante.com\/revista\/rodolfo-arreaga-agronomo-guatemalteco-migrante\/\" class=\"eael-post-elements-readmore-btn\">CONOCE SU HISTORIA <\/a><\/div>\n                    <\/div><\/div><\/div>\n        <\/div>\n    <\/article><\/div>\n            <div class=\"clearfix\"><\/div>\n        <\/div>\t\t\t\t<\/div>\n\t\t\t\t\t<\/div>\n\t\t\t\t<\/div>\n\t\t\t\t<\/div>\n\t\t","protected":false},"excerpt":{"rendered":"<p>Trabaja con una firma de arquitectura de Brooklyn, Nueva York, pero el camino fue largo y pas\u00f3 por bodegas, cocinas y f\u00e1bricas. Hoy ayuda a profesionales hispanos a hallar oportunidades. Esta es la historia de como el arquitecto migrante guatemalteco Luis Cortez construy\u00f3 una nueva vida en USA. Todos le dec\u00edan al arquitecto Luis Cortez [&hellip;]<\/p>\n","protected":false},"author":7,"featured_media":9749,"comment_status":"open","ping_status":"open","sticky":false,"template":"","format":"standard","meta":{"_acf_changed":false,"_eb_attr":"","footnotes":""},"categories":[50],"tags":[],"class_list":["post-9748","post","type-post","status-publish","format-standard","has-post-thumbnail","hentry","category-exitos"],"acf":[],"aioseo_notices":[],"aioseo_head":"\n\t\t<!-- All in One SEO Pro 4.9.6.2 - aioseo.com -->\n\t<meta name=\"description\" content=\"Desde Guatemala hasta Texas, descubre la trayectoria de Rodolfo Arreaga, un migrante que ha dejado huella en la industria agr\u00edcola mundial.\" \/>\n\t<meta name=\"robots\" content=\"max-snippet:-1, max-image-preview:large, max-video-preview:-1\" \/>\n\t<meta name=\"author\" content=\"Gustavo Montenegro\"\/>\n\t<link rel=\"canonical\" href=\"https:\/\/soymigrante.com\/revista\/rodolfo-arreaga-agronomo-guatemalteco-migrante\/\" \/>\n\t<meta name=\"generator\" content=\"All in One SEO Pro (AIOSEO) 4.9.6.2\" \/>\n\n\t\t<link rel=\"preconnect\" href=\"https:\/\/fonts.googleapis.com\" crossorigin>\n<link rel=\"preconnect\" href=\"https:\/\/fonts.gstatic.com\" crossorigin>\n\t\t<meta property=\"og:locale\" content=\"es_ES\" \/>\n\t\t<meta property=\"og:site_name\" content=\"SoyMigrante.com REVISTA \u2013 Nuestra misi\u00f3n es reconocer y dignificar al migrante.\" \/>\n\t\t<meta property=\"og:type\" content=\"article\" \/>\n\t\t<meta property=\"og:title\" content=\"Agr\u00f3nomo guatemalteco Rodolfo Arreaga conquista los cinco continentes: lecciones aprendidas\" \/>\n\t\t<meta property=\"og:description\" content=\"Desde Guatemala hasta Texas, descubre la trayectoria de Rodolfo Arreaga, un migrante que ha dejado huella en la industria agr\u00edcola mundial.\" \/>\n\t\t<meta property=\"og:url\" content=\"https:\/\/soymigrante.com\/revista\/rodolfo-arreaga-agronomo-guatemalteco-migrante\/\" \/>\n\t\t<meta property=\"og:image\" content=\"https:\/\/soymigrante.com\/revista\/wp-content\/uploads\/2023\/07\/Migrante-guatemalteco-Rodolfo-Arreaga-empresario-y-trotamundos-2.webp\" \/>\n\t\t<meta property=\"og:image:secure_url\" content=\"https:\/\/soymigrante.com\/revista\/wp-content\/uploads\/2023\/07\/Migrante-guatemalteco-Rodolfo-Arreaga-empresario-y-trotamundos-2.webp\" \/>\n\t\t<meta property=\"og:image:width\" content=\"562\" \/>\n\t\t<meta property=\"og:image:height\" content=\"562\" \/>\n\t\t<meta property=\"article:published_time\" content=\"2023-07-12T21:16:43+00:00\" \/>\n\t\t<meta property=\"article:modified_time\" content=\"2026-03-11T22:47:44+00:00\" \/>\n\t\t<meta property=\"article:publisher\" content=\"https:\/\/www.facebook.com\/soymigrantecom\" \/>\n\t\t<meta name=\"twitter:card\" content=\"summary_large_image\" \/>\n\t\t<meta name=\"twitter:site\" content=\"@SoyMigrante_com\" \/>\n\t\t<meta name=\"twitter:title\" content=\"Agr\u00f3nomo guatemalteco Rodolfo Arreaga conquista los cinco continentes: lecciones aprendidas\" \/>\n\t\t<meta name=\"twitter:description\" content=\"Desde Guatemala hasta Texas, descubre la trayectoria de Rodolfo Arreaga, un migrante que ha dejado huella en la industria agr\u00edcola mundial.\" \/>\n\t\t<meta name=\"twitter:creator\" content=\"@SoyMigrante_com\" \/>\n\t\t<meta name=\"twitter:image\" content=\"https:\/\/soymigrante.com\/revista\/wp-content\/uploads\/2023\/07\/Migrante-guatemalteco-Rodolfo-Arreaga-empresario-y-trotamundos-2.webp\" \/>\n\t\t<!-- All in One SEO Pro -->\r\n\t\t<title>Agr\u00f3nomo guatemalteco Rodolfo Arreaga conquista los cinco continentes: lecciones aprendidas<\/title>\n\n","aioseo_head_json":{"title":"Agr\u00f3nomo guatemalteco Rodolfo Arreaga conquista los cinco continentes: lecciones aprendidas","description":"Desde Guatemala hasta Texas, descubre la trayectoria de Rodolfo Arreaga, un migrante que ha dejado huella en la industria agr\u00edcola mundial.","canonical_url":"https:\/\/soymigrante.com\/revista\/rodolfo-arreaga-agronomo-guatemalteco-migrante\/","robots":"max-snippet:-1, max-image-preview:large, max-video-preview:-1","keywords":"","webmasterTools":{"miscellaneous":"&lt;link rel=\"preconnect\" href=\"https:\/\/fonts.googleapis.com\" crossorigin&gt;\n&lt;link rel=\"preconnect\" href=\"https:\/\/fonts.gstatic.com\" crossorigin&gt;"},"schema":null,"og:locale":"es_ES","og:site_name":"SoyMigrante.com REVISTA \u2013 Nuestra misi\u00f3n es reconocer y dignificar al migrante.","og:type":"article","og:title":"Agr\u00f3nomo guatemalteco Rodolfo Arreaga conquista los cinco continentes: lecciones aprendidas","og:description":"Desde Guatemala hasta Texas, descubre la trayectoria de Rodolfo Arreaga, un migrante que ha dejado huella en la industria agr\u00edcola mundial.","og:url":"https:\/\/soymigrante.com\/revista\/rodolfo-arreaga-agronomo-guatemalteco-migrante\/","og:image":"https:\/\/soymigrante.com\/revista\/wp-content\/uploads\/2023\/07\/Migrante-guatemalteco-Rodolfo-Arreaga-empresario-y-trotamundos-2.webp","og:image:secure_url":"https:\/\/soymigrante.com\/revista\/wp-content\/uploads\/2023\/07\/Migrante-guatemalteco-Rodolfo-Arreaga-empresario-y-trotamundos-2.webp","og:image:width":562,"og:image:height":562,"article:published_time":"2023-07-12T21:16:43+00:00","article:modified_time":"2026-03-11T22:47:44+00:00","article:publisher":"https:\/\/www.facebook.com\/soymigrantecom","twitter:card":"summary_large_image","twitter:site":"@SoyMigrante_com","twitter:title":"Agr\u00f3nomo guatemalteco Rodolfo Arreaga conquista los cinco continentes: lecciones aprendidas","twitter:description":"Desde Guatemala hasta Texas, descubre la trayectoria de Rodolfo Arreaga, un migrante que ha dejado huella en la industria agr\u00edcola mundial.","twitter:creator":"@SoyMigrante_com","twitter:image":"https:\/\/soymigrante.com\/revista\/wp-content\/uploads\/2023\/07\/Migrante-guatemalteco-Rodolfo-Arreaga-empresario-y-trotamundos-2.webp"},"aioseo_meta_data":{"post_id":"9748","title":"Los chapines hacemos de todo: Luis Cortez, arquitecto en NY","description":"Antes de poder trabajar en arquitectura. Luis Cortez descarg\u00f3 camiones, fue operario de f\u00e1brica y ayudante de construcci\u00f3n en Nueva York. Esta es su historia.","keywords":null,"keyphrases":{"focus":{"keyphrase":"Guatemaltecos","score":43,"analysis":{"keyphraseInTitle":{"score":3,"maxScore":9,"error":1},"keyphraseInDescription":{"score":3,"maxScore":9,"error":1},"keyphraseLength":{"score":9,"maxScore":9,"error":0,"length":1},"keyphraseInURL":{"score":5,"maxScore":5,"error":0},"keyphraseInIntroduction":{"score":3,"maxScore":9,"error":1},"keyphraseInSubHeadings":{"score":3,"maxScore":9,"error":1},"keyphraseInImageAlt":{"score":3,"maxScore":9,"error":1},"keywordDensity":{"score":0,"type":"low","maxScore":9,"error":1}}},"additional":[{"keyphrase":"Chapines","score":40,"analysis":{"keyphraseInDescription":{"score":3,"maxScore":9,"error":1},"keyphraseLength":{"score":9,"maxScore":9,"error":0,"length":1},"keyphraseInIntroduction":{"score":3,"maxScore":9,"error":1},"keyphraseInImageAlt":{"score":3,"maxScore":9,"error":1},"keywordDensity":{"score":0,"type":"low","maxScore":9,"error":1}}},{"keyphrase":"Historia migrante","score":40,"analysis":{"keyphraseInDescription":{"score":3,"maxScore":9,"error":1},"keyphraseLength":{"score":9,"maxScore":9,"error":0,"length":2},"keyphraseInIntroduction":{"score":3,"maxScore":9,"error":1},"keyphraseInImageAlt":{"score":3,"maxScore":9,"error":1},"keywordDensity":{"score":0,"type":"low","maxScore":9,"error":1}}}]},"primary_term":null,"canonical_url":null,"og_title":null,"og_description":null,"og_object_type":"default","og_image_type":"default","og_image_url":null,"og_image_width":null,"og_image_height":null,"og_image_custom_url":null,"og_image_custom_fields":null,"og_video":"","og_custom_url":null,"og_article_section":null,"og_article_tags":null,"twitter_use_og":false,"twitter_card":"default","twitter_image_type":"default","twitter_image_url":null,"twitter_image_custom_url":null,"twitter_image_custom_fields":null,"twitter_title":null,"twitter_description":null,"schema":{"blockGraphs":[],"customGraphs":[],"default":{"data":{"Article":[],"Course":[],"Dataset":[],"FAQPage":[],"Movie":[],"Person":[],"Product":[],"ProductReview":[],"Car":[],"Recipe":[],"Service":[],"SoftwareApplication":[],"WebPage":[]},"graphName":"Article","isEnabled":true},"graphs":[]},"schema_type":"default","schema_type_options":null,"pillar_content":false,"robots_default":true,"robots_noindex":false,"robots_noarchive":false,"robots_nosnippet":false,"robots_nofollow":false,"robots_noimageindex":false,"robots_noodp":false,"robots_notranslate":false,"robots_max_snippet":"-1","robots_max_videopreview":"-1","robots_max_imagepreview":"large","priority":null,"frequency":"default","local_seo":null,"seo_analyzer_scan_date":"2025-10-08 23:21:41","breadcrumb_settings":null,"limit_modified_date":false,"reviewed_by":null,"open_ai":"{\"title\":{\"suggestions\":[],\"usage\":0},\"description\":{\"suggestions\":[],\"usage\":0}}","ai":null,"created":"2024-09-26 16:54:03","updated":"2026-02-04 14:01:17"},"aioseo_breadcrumb":"<div class=\"aioseo-breadcrumbs\"><span class=\"aioseo-breadcrumb\">\n\t<a href=\"https:\/\/soymigrante.com\/revista\" title=\"Home\">Home<\/a>\n<\/span><span class=\"aioseo-breadcrumb-separator\">\u00bb<\/span><span class=\"aioseo-breadcrumb\">\n\t<a href=\"https:\/\/soymigrante.com\/revista\/category\/exitos\/\" title=\"\u00c9xitos\">\u00c9xitos<\/a>\n<\/span><span class=\"aioseo-breadcrumb-separator\">\u00bb<\/span><span class=\"aioseo-breadcrumb\">\n\tLos guatemaltecos aprendemos a hacer de todo: arquitecto migrante Luis Cortez\n<\/span><\/div>","aioseo_breadcrumb_json":[{"label":"Home","link":"https:\/\/soymigrante.com\/revista"},{"label":"\u00c9xitos","link":"https:\/\/soymigrante.com\/revista\/category\/exitos\/"},{"label":"Los guatemaltecos aprendemos a hacer de todo: arquitecto migrante Luis Cortez","link":"https:\/\/soymigrante.com\/revista\/los-guatemaltecos-sabemos-hacer-de-todoarquitecto-migrante-luis-cortez\/"}],"_links":{"self":[{"href":"https:\/\/soymigrante.com\/revista\/wp-json\/wp\/v2\/posts\/9748","targetHints":{"allow":["GET"]}}],"collection":[{"href":"https:\/\/soymigrante.com\/revista\/wp-json\/wp\/v2\/posts"}],"about":[{"href":"https:\/\/soymigrante.com\/revista\/wp-json\/wp\/v2\/types\/post"}],"author":[{"embeddable":true,"href":"https:\/\/soymigrante.com\/revista\/wp-json\/wp\/v2\/users\/7"}],"replies":[{"embeddable":true,"href":"https:\/\/soymigrante.com\/revista\/wp-json\/wp\/v2\/comments?post=9748"}],"version-history":[{"count":0,"href":"https:\/\/soymigrante.com\/revista\/wp-json\/wp\/v2\/posts\/9748\/revisions"}],"wp:featuredmedia":[{"embeddable":true,"href":"https:\/\/soymigrante.com\/revista\/wp-json\/wp\/v2\/media\/9749"}],"wp:attachment":[{"href":"https:\/\/soymigrante.com\/revista\/wp-json\/wp\/v2\/media?parent=9748"}],"wp:term":[{"taxonomy":"category","embeddable":true,"href":"https:\/\/soymigrante.com\/revista\/wp-json\/wp\/v2\/categories?post=9748"},{"taxonomy":"post_tag","embeddable":true,"href":"https:\/\/soymigrante.com\/revista\/wp-json\/wp\/v2\/tags?post=9748"}],"curies":[{"name":"wp","href":"https:\/\/api.w.org\/{rel}","templated":true}]}}