{"id":9747,"date":"2024-10-04T07:19:28","date_gmt":"2024-10-04T13:19:28","guid":{"rendered":"https:\/\/soymigrante.com\/revista\/?p=9747"},"modified":"2024-10-31T22:10:22","modified_gmt":"2024-11-01T04:10:22","slug":"pablo-pineda-un-aliado-humanitario-en-chicago-con-su-restaurante-latin-patio","status":"publish","type":"post","link":"https:\/\/soymigrante.com\/revista\/pablo-pineda-un-aliado-humanitario-en-chicago-con-su-restaurante-latin-patio\/","title":{"rendered":"El guatemalteco Pablo Pineda es un aliado humanitario de los migrantes en Chicago"},"content":{"rendered":"\t\t<div data-elementor-type=\"wp-post\" data-elementor-id=\"9747\" class=\"elementor elementor-9747\" data-elementor-post-type=\"post\">\n\t\t\t\t<div data-particle_enable=\"false\" data-particle-mobile-disabled=\"false\" class=\"elementor-element elementor-element-cc9bbe7 e-flex e-con-boxed e-con e-parent\" data-id=\"cc9bbe7\" data-element_type=\"container\" data-e-type=\"container\">\n\t\t\t\t\t<div class=\"e-con-inner\">\n\t\t\t\t<div class=\"elementor-element elementor-element-0083765 elementor-widget elementor-widget-heading\" data-id=\"0083765\" data-element_type=\"widget\" data-e-type=\"widget\" data-widget_type=\"heading.default\">\n\t\t\t\t\t<h2 class=\"elementor-heading-title elementor-size-default\">En sus a\u00f1oranzas de la infancia Pablo Leonel D\u00edaz Pineda extra\u00f1a el parque central de Canalitos, zona 25 de la capital, que lo vio crecer y que dej\u00f3 hace 22 a\u00f1os a causa de la violencia.\n<\/h2>\t\t\t\t<\/div>\n\t\t\t\t\t<\/div>\n\t\t\t\t<\/div>\n\t\t<div data-particle_enable=\"false\" data-particle-mobile-disabled=\"false\" class=\"elementor-element elementor-element-93a125a e-flex e-con-boxed e-con e-parent\" data-id=\"93a125a\" data-element_type=\"container\" data-e-type=\"container\">\n\t\t\t\t\t<div class=\"e-con-inner\">\n\t\t\t\t<div class=\"elementor-element elementor-element-d031e95 elementor-widget elementor-widget-text-editor\" data-id=\"d031e95\" data-element_type=\"widget\" data-e-type=\"widget\" data-widget_type=\"text-editor.default\">\n\t\t\t\t\t\t\t\t\t<p>&nbsp;A sus 56 a\u00f1os. Leonel D\u00edaz es un guatemalteco que no olvida sus ra\u00edces y como muestra de ello ha dedicado su vida, desde que radica en Illinois&nbsp;<a href=\"https:\/\/soymigrante.com\/revista\/el-popol-vuh-es-migrante-esta-en-chicago-y-8-datos-que-quiza-no-sabias\/\" target=\"_blank\" rel=\"noopener\">Chicago<\/a>, EE. UU., a ayudar a otros hermanos guatemaltecos que como \u00e9l llegan buscando una oportunidad laboral que mejore sus vidas y la de sus familias en Guatemala.&nbsp; Por eso un decidido voluntario de la campa\u00f1a en favor de un TPS para Guatemaltecos, as\u00ed como un empresario con sentido social en la Ciudad de los Vientos.<\/p><p>Al hablar de Guatemala&nbsp; se recuerda de esos platillos que tanto le gustan como las hilachas, la carne guisada, el pepi\u00e1n y como postre, un delicioso mole.<\/p>\n<p>Pablo se vio&nbsp; forzado a dejar el pa\u00eds a consecuencia de las extorsiones. Hace 22 a\u00f1os \u00e9l decidi\u00f3 viajar a Estados Unidos para conocer ese pa\u00eds, pero lamentablemente los proyectos que hab\u00eda construido con su familia en Canalitos, zona 17 ahora zona 24, se vieron frustrados por las amenazas de muerte de delincuentes.<\/p>\t\t\t\t\t\t\t\t<\/div>\n\t\t\t\t\t<\/div>\n\t\t\t\t<\/div>\n\t\t<div data-particle_enable=\"false\" data-particle-mobile-disabled=\"false\" class=\"elementor-element elementor-element-e248966 e-flex e-con-boxed e-con e-parent\" data-id=\"e248966\" data-element_type=\"container\" data-e-type=\"container\">\n\t\t\t\t\t<div class=\"e-con-inner\">\n\t\t\t\t<div class=\"elementor-element elementor-element-21afafe elementor-widget elementor-widget-image\" data-id=\"21afafe\" data-element_type=\"widget\" data-e-type=\"widget\" data-widget_type=\"image.default\">\n\t\t\t\t\t\t\t\t\t\t\t\t<figure class=\"wp-caption\">\n\t\t\t\t\t\t\t\t\t\t<img fetchpriority=\"high\" decoding=\"async\" width=\"768\" height=\"509\" src=\"https:\/\/soymigrante.com\/revista\/wp-content\/uploads\/2024\/09\/Pablo-Pineda-Chicago-Illinoi3.webp\" class=\"attachment-large size-large wp-image-9753\" alt=\"- Personas migrantes recibiendo reconocimiento y celebraci\u00f3n en evento cultural y social en Estados Unidos.\" srcset=\"https:\/\/soymigrante.com\/revista\/wp-content\/uploads\/2024\/09\/Pablo-Pineda-Chicago-Illinoi3.webp 960w, https:\/\/soymigrante.com\/revista\/wp-content\/uploads\/2024\/09\/Pablo-Pineda-Chicago-Illinoi3-300x199.webp 300w, https:\/\/soymigrante.com\/revista\/wp-content\/uploads\/2024\/09\/Pablo-Pineda-Chicago-Illinoi3-768x509.webp 768w, https:\/\/soymigrante.com\/revista\/wp-content\/uploads\/2024\/09\/Pablo-Pineda-Chicago-Illinoi3-750x497.webp 750w\" sizes=\"(max-width: 768px) 100vw, 768px\" title=\"Pablo Pineda Chicago Illinoi3 \u2013 SoyMigrante.com REVISTA\" \/>\t\t\t\t\t\t\t\t\t\t\t<figcaption class=\"widget-image-caption wp-caption-text\">- Celebraci\u00f3n de la comunidad migrante en EE.UU. durante evento con homenaje y reconocimiento a sus contribuciones.<\/figcaption>\n\t\t\t\t\t\t\t\t\t\t<\/figure>\n\t\t\t\t\t\t\t\t\t<\/div>\n\t\t\t\t\t<\/div>\n\t\t\t\t<\/div>\n\t\t<div data-particle_enable=\"false\" data-particle-mobile-disabled=\"false\" class=\"elementor-element elementor-element-6a366e4 e-flex e-con-boxed e-con e-parent\" data-id=\"6a366e4\" data-element_type=\"container\" data-e-type=\"container\">\n\t\t\t\t\t<div class=\"e-con-inner\">\n\t\t\t\t<div class=\"elementor-element elementor-element-d7c3202 elementor-widget elementor-widget-heading\" data-id=\"d7c3202\" data-element_type=\"widget\" data-e-type=\"widget\" data-widget_type=\"heading.default\">\n\t\t\t\t\t<h3 class=\"elementor-heading-title elementor-size-default\">Esp\u00edritu de servicio a toda prueba<\/h3>\t\t\t\t<\/div>\n\t\t\t\t\t<\/div>\n\t\t\t\t<\/div>\n\t\t<div data-particle_enable=\"false\" data-particle-mobile-disabled=\"false\" class=\"elementor-element elementor-element-f73e36c e-flex e-con-boxed e-con e-parent\" data-id=\"f73e36c\" data-element_type=\"container\" data-e-type=\"container\">\n\t\t\t\t\t<div class=\"e-con-inner\">\n\t\t\t\t<div class=\"elementor-element elementor-element-2e77573 elementor-widget elementor-widget-text-editor\" data-id=\"2e77573\" data-element_type=\"widget\" data-e-type=\"widget\" data-widget_type=\"text-editor.default\">\n\t\t\t\t\t\t\t\t\t<p>Viviendo en Canalitos \u00e9l manejaba un picop que se convirti\u00f3 en ambulancia comunitaria, el carro era de su padre, pero debido a la delincuencia en el lugar, se lo robaron. \u201cMe doli\u00f3 tanto, porque me robaron el picop. Dije, me ir\u00e9 un tiempecito para ahorrar y comprar otro carro. Pero Dios ten\u00eda otros planes\u201d, comparte y eso lo motiv\u00f3 a quedarse en Estados Unidos.<\/p><p>Recuerda que junto a su hermana emprendieron un proyecto para alfabetizar a mayores adultos durante 10 a\u00f1os a trav\u00e9s del sistema IGER, luego su hermana y unas amigas abrieron un colegio para ayudar a la ni\u00f1ez local, pero debieron cerrar ante la alarmante situaci\u00f3n que se tornaba violenta. \u201cMi familia tuvo que abandonar Canalitos\u201d, refiere Pablo.<\/p>\t\t\t\t\t\t\t\t<\/div>\n\t\t\t\t\t<\/div>\n\t\t\t\t<\/div>\n\t\t<div data-particle_enable=\"false\" data-particle-mobile-disabled=\"false\" class=\"elementor-element elementor-element-02d657e e-flex e-con-boxed e-con e-parent\" data-id=\"02d657e\" data-element_type=\"container\" data-e-type=\"container\">\n\t\t\t\t\t<div class=\"e-con-inner\">\n\t\t\t\t<div class=\"elementor-element elementor-element-ec66032 elementor-widget elementor-widget-testimonial\" data-id=\"ec66032\" data-element_type=\"widget\" data-e-type=\"widget\" data-widget_type=\"testimonial.default\">\n\t\t\t\t\t\t\t<div class=\"elementor-testimonial-wrapper\">\n\t\t\t\t\t\t\t<div class=\"elementor-testimonial-content\"><span style=\"font-family: Roboto, sans-serif;font-size: 20.8px;font-style: normal;font-weight: 400\">\"El \u00e9xito radica en ponerte al servicio de los dem\u00e1s. La riqueza m\u00e1s grande es la satisfacci\u00f3n de ayudar a otros\u201d.-<\/span><\/div>\n\t\t\t\n\t\t\t\t\t\t<div class=\"elementor-testimonial-meta elementor-has-image elementor-testimonial-image-position-aside\">\n\t\t\t\t<div class=\"elementor-testimonial-meta-inner\">\n\t\t\t\t\t\t\t\t\t\t\t<div class=\"elementor-testimonial-image\">\n\t\t\t\t\t\t\t<img decoding=\"async\" width=\"359\" height=\"359\" src=\"https:\/\/soymigrante.com\/revista\/wp-content\/uploads\/2024\/09\/Pablo-Pineda-Chicago.webp\" class=\"attachment-full size-full wp-image-9751\" alt=\"Migrante sonriendo, retrato de un hombre feliz con gafas y camisa azul, en un ambiente neutro.\" title=\"Pablo Pineda Chicago \u2013 SoyMigrante.com REVISTA\" srcset=\"https:\/\/soymigrante.com\/revista\/wp-content\/uploads\/2024\/09\/Pablo-Pineda-Chicago.webp 359w, https:\/\/soymigrante.com\/revista\/wp-content\/uploads\/2024\/09\/Pablo-Pineda-Chicago-300x300.webp 300w, https:\/\/soymigrante.com\/revista\/wp-content\/uploads\/2024\/09\/Pablo-Pineda-Chicago-150x150.webp 150w, https:\/\/soymigrante.com\/revista\/wp-content\/uploads\/2024\/09\/Pablo-Pineda-Chicago-75x75.webp 75w\" sizes=\"(max-width: 359px) 100vw, 359px\" \/>\t\t\t\t\t\t<\/div>\n\t\t\t\t\t\n\t\t\t\t\t\t\t\t\t\t<div class=\"elementor-testimonial-details\">\n\t\t\t\t\t\t\t\t\t\t\t\t\t\t<div class=\"elementor-testimonial-name\">Pablo Pineda<\/div>\n\t\t\t\t\t\t\t\t\t\t\t\t\t\t\t\t\t\t\t\t\t\t<div class=\"elementor-testimonial-job\">L\u00edder comunitario en Illinois, Chicago <\/div>\n\t\t\t\t\t\t\t\t\t\t\t\t\t<\/div>\n\t\t\t\t\t\t\t\t\t<\/div>\n\t\t\t<\/div>\n\t\t\t\t\t<\/div>\n\t\t\t\t\t\t<\/div>\n\t\t\t\t\t<\/div>\n\t\t\t\t<\/div>\n\t\t<div data-particle_enable=\"false\" data-particle-mobile-disabled=\"false\" class=\"elementor-element elementor-element-0224a98 e-flex e-con-boxed e-con e-parent\" data-id=\"0224a98\" data-element_type=\"container\" data-e-type=\"container\">\n\t\t\t\t\t<div class=\"e-con-inner\">\n\t\t\t\t<div class=\"elementor-element elementor-element-5084ae6 elementor-widget elementor-widget-heading\" data-id=\"5084ae6\" data-element_type=\"widget\" data-e-type=\"widget\" data-widget_type=\"heading.default\">\n\t\t\t\t\t<h3 class=\"elementor-heading-title elementor-size-default\">Anhelo migratorio<\/h3>\t\t\t\t<\/div>\n\t\t\t\t\t<\/div>\n\t\t\t\t<\/div>\n\t\t<div data-particle_enable=\"false\" data-particle-mobile-disabled=\"false\" class=\"elementor-element elementor-element-da328ec e-flex e-con-boxed e-con e-parent\" data-id=\"da328ec\" data-element_type=\"container\" data-e-type=\"container\">\n\t\t\t\t\t<div class=\"e-con-inner\">\n\t\t\t\t<div class=\"elementor-element elementor-element-a13835d elementor-widget elementor-widget-text-editor\" data-id=\"a13835d\" data-element_type=\"widget\" data-e-type=\"widget\" data-widget_type=\"text-editor.default\">\n\t\t\t\t\t\t\t\t\t<p>Pablo se enfoc\u00f3 en trabajar arduamente en Chicago,\u00a0<a href=\"https:\/\/soymigrante.com\/revista\/carlos-horacio-diaz-fue-pionero-en-izar-la-bandera-de-guatemala-en-new-jersey-en-1986\/\" target=\"_blank\" rel=\"noopener\">EE. UU.\u00a0<\/a>Comenz\u00f3 laborando en en tareas de construcci\u00f3n, lavando carros y tambi\u00e9n en la cocina. No ha sido f\u00e1cil, pero desde entonces Pablo ha tenido claro que ayudar a otros es lo mejor que puede hacer para contribuir, a pesar de las circunstancias.<\/p><p><span style=\"font-family: Roboto, sans-serif; font-size: 16px; font-style: normal; font-weight: 400;\">Radicado en Chicago decidi\u00f3 trabajar como voluntario durante seis a\u00f1os en el Centro Romeo donde apoy\u00f3 a programas de educaci\u00f3n para migrantes que no sab\u00edan ingl\u00e9s.\u00a0<\/span><\/p><p><span style=\"font-family: Roboto, sans-serif; font-size: 16px; font-style: normal; font-weight: 400;\">\u201cVoy a amar\u00a0<\/span><a href=\"https:\/\/soymigrante.com\/revista\/claves-para-la-valorar-el-origen-guatemalteco-y-reforzar-la-dignidad-como-migrante-en-ee-uu\/\" target=\"_blank\" rel=\"noopener\">Guatemala\u00a0<\/a><span style=\"font-family: Roboto, sans-serif; font-size: 16px; font-style: normal; font-weight: 400;\">por siempre, pero veo c\u00f3mo disfrutar en lugar donde estoy. Si aqu\u00ed me toca, aqu\u00ed voy a florecer para echarle todas las ganas del mundo\u201d, expresa.<\/span><\/p>\t\t\t\t\t\t\t\t<\/div>\n\t\t\t\t\t<\/div>\n\t\t\t\t<\/div>\n\t\t<div data-particle_enable=\"false\" data-particle-mobile-disabled=\"false\" class=\"elementor-element elementor-element-b4f041a e-flex e-con-boxed e-con e-parent\" data-id=\"b4f041a\" data-element_type=\"container\" data-e-type=\"container\">\n\t\t\t\t\t<div class=\"e-con-inner\">\n\t\t\t\t<div class=\"elementor-element elementor-element-c61704f elementor-widget elementor-widget-heading\" data-id=\"c61704f\" data-element_type=\"widget\" data-e-type=\"widget\" data-widget_type=\"heading.default\">\n\t\t\t\t\t<h3 class=\"elementor-heading-title elementor-size-default\">M\u00e1s que un restaurante<\/h3>\t\t\t\t<\/div>\n\t\t\t\t\t<\/div>\n\t\t\t\t<\/div>\n\t\t<div data-particle_enable=\"false\" data-particle-mobile-disabled=\"false\" class=\"elementor-element elementor-element-3774f4f e-flex e-con-boxed e-con e-parent\" data-id=\"3774f4f\" data-element_type=\"container\" data-e-type=\"container\">\n\t\t\t\t\t<div class=\"e-con-inner\">\n\t\t\t\t<div class=\"elementor-element elementor-element-6cdd0e8 elementor-widget elementor-widget-text-editor\" data-id=\"6cdd0e8\" data-element_type=\"widget\" data-e-type=\"widget\" data-widget_type=\"text-editor.default\">\n\t\t\t\t\t\t\t\t\t<p><span style=\"font-family: Roboto, sans-serif; font-size: 16px; font-style: normal; font-weight: 400;\">A su vida lleg\u00f3 el caso de un guatemalteco quien falleci\u00f3 y la familia deb\u00eda repatriar el cuerpo. El\u00a0<\/span><a href=\"https:\/\/soymigrante.com\/revista\/tarjeta-consular-de-guatemala-tramite-documento\/\" target=\"_blank\" rel=\"noopener\">consulado de Guatemala<\/a><span style=\"font-family: Roboto, sans-serif; font-size: 16px; font-style: normal; font-weight: 400;\">\u00a0ofrece un apoyo de US$1000, pero a veces los casos son m\u00e1s complejos y no alcanzan esos recursos, refiere Pablo.\u00a0<\/span><\/p><p><span style=\"font-family: Roboto, sans-serif; font-size: 16px; font-style: normal; font-weight: 400;\">Pablo asisti\u00f3 a una actividad de apoyo convocada por\u00a0 la comunidad guatemalteca. Se reunieron en un restaurante para recaudar fondos. Fue entonces cuando\u00a0 naci\u00f3 el deseo de tener un lugar propio para servicio de la comunidad guatemalteca.<\/span><\/p>\t\t\t\t\t\t\t\t<\/div>\n\t\t\t\t\t<\/div>\n\t\t\t\t<\/div>\n\t\t<div data-particle_enable=\"false\" data-particle-mobile-disabled=\"false\" class=\"elementor-element elementor-element-f5123f4 e-flex e-con-boxed e-con e-parent\" data-id=\"f5123f4\" data-element_type=\"container\" data-e-type=\"container\">\n\t\t\t\t\t<div class=\"e-con-inner\">\n\t\t\t\t<div class=\"elementor-element elementor-element-849061f elementor-widget elementor-widget-image\" data-id=\"849061f\" data-element_type=\"widget\" data-e-type=\"widget\" data-widget_type=\"image.default\">\n\t\t\t\t\t\t\t\t\t\t\t\t<figure class=\"wp-caption\">\n\t\t\t\t\t\t\t\t\t\t<img decoding=\"async\" width=\"768\" height=\"512\" src=\"https:\/\/soymigrante.com\/revista\/wp-content\/uploads\/2024\/09\/Pablo-Pineda-Chicago-Illinois-soy-migrante2-1024x683.webp\" class=\"attachment-large size-large wp-image-9754\" alt=\"Reconocimiento a la cultura ind\u00edgena en evento de migrantes en M\u00e9xico.\" srcset=\"https:\/\/soymigrante.com\/revista\/wp-content\/uploads\/2024\/09\/Pablo-Pineda-Chicago-Illinois-soy-migrante2-1024x683.webp 1024w, https:\/\/soymigrante.com\/revista\/wp-content\/uploads\/2024\/09\/Pablo-Pineda-Chicago-Illinois-soy-migrante2-300x200.webp 300w, https:\/\/soymigrante.com\/revista\/wp-content\/uploads\/2024\/09\/Pablo-Pineda-Chicago-Illinois-soy-migrante2-768x512.webp 768w, https:\/\/soymigrante.com\/revista\/wp-content\/uploads\/2024\/09\/Pablo-Pineda-Chicago-Illinois-soy-migrante2-1536x1024.webp 1536w, https:\/\/soymigrante.com\/revista\/wp-content\/uploads\/2024\/09\/Pablo-Pineda-Chicago-Illinois-soy-migrante2-750x500.webp 750w, https:\/\/soymigrante.com\/revista\/wp-content\/uploads\/2024\/09\/Pablo-Pineda-Chicago-Illinois-soy-migrante2-1140x760.webp 1140w, https:\/\/soymigrante.com\/revista\/wp-content\/uploads\/2024\/09\/Pablo-Pineda-Chicago-Illinois-soy-migrante2.webp 1920w\" sizes=\"(max-width: 768px) 100vw, 768px\" title=\"Pablo Pineda Chicago Illinois soy migrante2 \u2013 SoyMigrante.com REVISTA\" \/>\t\t\t\t\t\t\t\t\t\t\t<figcaption class=\"widget-image-caption wp-caption-text\">Celebraci\u00f3n y orgullo cultural en celebraci\u00f3n migrante con tradiciones y figuras representativas mexicanas.<\/figcaption>\n\t\t\t\t\t\t\t\t\t\t<\/figure>\n\t\t\t\t\t\t\t\t\t<\/div>\n\t\t\t\t\t<\/div>\n\t\t\t\t<\/div>\n\t\t<div data-particle_enable=\"false\" data-particle-mobile-disabled=\"false\" class=\"elementor-element elementor-element-536de7b e-flex e-con-boxed e-con e-parent\" data-id=\"536de7b\" data-element_type=\"container\" data-e-type=\"container\">\n\t\t\t\t\t<div class=\"e-con-inner\">\n\t\t\t\t<div class=\"elementor-element elementor-element-b891496 elementor-widget elementor-widget-heading\" data-id=\"b891496\" data-element_type=\"widget\" data-e-type=\"widget\" data-widget_type=\"heading.default\">\n\t\t\t\t\t<h3 class=\"elementor-heading-title elementor-size-default\">Latin Patio, abierto a todos<\/h3>\t\t\t\t<\/div>\n\t\t\t\t\t<\/div>\n\t\t\t\t<\/div>\n\t\t<div data-particle_enable=\"false\" data-particle-mobile-disabled=\"false\" class=\"elementor-element elementor-element-7244eca e-flex e-con-boxed e-con e-parent\" data-id=\"7244eca\" data-element_type=\"container\" data-e-type=\"container\">\n\t\t\t\t\t<div class=\"e-con-inner\">\n\t\t\t\t<div class=\"elementor-element elementor-element-0c15873 elementor-widget elementor-widget-text-editor\" data-id=\"0c15873\" data-element_type=\"widget\" data-e-type=\"widget\" data-widget_type=\"text-editor.default\">\n\t\t\t\t\t\t\t\t\t<p>Pablo decidi\u00f3 un d\u00eda, en el 2011 para ser exactos, que deb\u00eda invertir en comprar un restaurante que estaba a la venta en la calle 3515 North Central Avenue 60634 en Illinois, Chicago. Junto a dos exsocios un amigo guatemalteco y un hondure\u00f1o, lo adquiri\u00f3. Decidi\u00f3 arriesgarse e invertir por el bien de la comunidad.<\/p><p>\u201cCuando los guatemaltecos vienen aqu\u00ed (EE. UU.) vienen todos desorientados. No tienen d\u00f3nde conseguir un empleo o vivienda, qui\u00e9n les puede ayudar en cuesti\u00f3n migratoria. Era mi ilusi\u00f3n tener un lugar donde podamos hacerlo\u201d, a\u00f1ade.<\/p><p>Sostener el restaurante no ha sido una tarea f\u00e1cil, algunas veces pens\u00f3 en cerrarlo, pero justamente record\u00f3 que le hab\u00edan regalado un libro de donde extrajo la frase \u201cFlorece donde est\u00e9s\u201d y ello lo motiv\u00f3 a continuar con el restaurante Latin Patio, donde al pasar el tiempo se ha convertido hoy en un centro de reuni\u00f3n comunitario guatemalteco, donde el objetivo que los mueve a unirse como comunidad es ayudar a otros en causas que parecen imposibles pero ellos han ayudado ya a muchos guatemaltecos que llegan a conseguir trabajo, viviendo y\u00a0<a href=\"https:\/\/soymigrante.com\/revista\/como-hacer-un-presupuesto-para-alcanzar-metas-y-evitar-claveles\/\" target=\"_blank\" rel=\"noopener\">recurso econ\u00f3mico<\/a>.<\/p>\t\t\t\t\t\t\t\t<\/div>\n\t\t\t\t\t<\/div>\n\t\t\t\t<\/div>\n\t\t<div data-particle_enable=\"false\" data-particle-mobile-disabled=\"false\" class=\"elementor-element elementor-element-6d685a7 e-flex e-con-boxed e-con e-parent\" data-id=\"6d685a7\" data-element_type=\"container\" data-e-type=\"container\">\n\t\t\t\t\t<div class=\"e-con-inner\">\n\t\t\t\t<div class=\"elementor-element elementor-element-ddd3111 elementor-widget elementor-widget-testimonial\" data-id=\"ddd3111\" data-element_type=\"widget\" data-e-type=\"widget\" data-widget_type=\"testimonial.default\">\n\t\t\t\t\t\t\t<div class=\"elementor-testimonial-wrapper\">\n\t\t\t\t\t\t\t<div class=\"elementor-testimonial-content\">\u201cCuando los guatemaltecos vienen aqu\u00ed (EE. UU.) vienen todos desorientados. No tienen d\u00f3nde conseguir un empleo o vivienda\".-<\/div>\n\t\t\t\n\t\t\t\t\t\t<div class=\"elementor-testimonial-meta\">\n\t\t\t\t<div class=\"elementor-testimonial-meta-inner\">\n\t\t\t\t\t\n\t\t\t\t\t\t\t\t\t\t<div class=\"elementor-testimonial-details\">\n\t\t\t\t\t\t\t\t\t\t\t\t\t\t<div class=\"elementor-testimonial-name\">Pablo Pineda<\/div>\n\t\t\t\t\t\t\t\t\t\t\t\t\t\t\t\t\t\t\t\t\t\t<div class=\"elementor-testimonial-job\">L\u00edder comunitario en Illinois, Chicago <\/div>\n\t\t\t\t\t\t\t\t\t\t\t\t\t<\/div>\n\t\t\t\t\t\t\t\t\t<\/div>\n\t\t\t<\/div>\n\t\t\t\t\t<\/div>\n\t\t\t\t\t\t<\/div>\n\t\t\t\t\t<\/div>\n\t\t\t\t<\/div>\n\t\t<div data-particle_enable=\"false\" data-particle-mobile-disabled=\"false\" class=\"elementor-element elementor-element-2141d06 e-flex e-con-boxed e-con e-parent\" data-id=\"2141d06\" data-element_type=\"container\" data-e-type=\"container\">\n\t\t\t\t\t<div class=\"e-con-inner\">\n\t\t\t\t<div class=\"elementor-element elementor-element-8e001a0 elementor-widget elementor-widget-heading\" data-id=\"8e001a0\" data-element_type=\"widget\" data-e-type=\"widget\" data-widget_type=\"heading.default\">\n\t\t\t\t\t<h3 class=\"elementor-heading-title elementor-size-default\">Cada caso recibe apoyo<\/h3>\t\t\t\t<\/div>\n\t\t\t\t\t<\/div>\n\t\t\t\t<\/div>\n\t\t<div data-particle_enable=\"false\" data-particle-mobile-disabled=\"false\" class=\"elementor-element elementor-element-81ee670 e-flex e-con-boxed e-con e-parent\" data-id=\"81ee670\" data-element_type=\"container\" data-e-type=\"container\">\n\t\t\t\t\t<div class=\"e-con-inner\">\n\t\t\t\t<div class=\"elementor-element elementor-element-5bc4ad0 elementor-widget elementor-widget-text-editor\" data-id=\"5bc4ad0\" data-element_type=\"widget\" data-e-type=\"widget\" data-widget_type=\"text-editor.default\">\n\t\t\t\t\t\t\t\t\t<p>Pablo recuerda tambi\u00e9n en caso de una ni\u00f1a que necesitaba un trasplante de h\u00edgado, solo ten\u00eda tres meses de vida. \u00c9l junto a la comunidad guatemalteca se reunieron en su restaurante para buscar recaudar fondos. Lo lograron. Cinco ni\u00f1os m\u00e1s con casos similares han recibido ayuda econ\u00f3mica de esa comunidad, en la que Pablo es la voz que los une y sensibiliza sobre la importancia de ayudar a otros.<\/p><p>As\u00ed es como poco a poco el restaurante Latin Patio no solamente es un lugar en el que puedes disfrutar de platillos t\u00edpicos guatemaltecos, programar alguna actividad sino tambi\u00e9n es un lugar que da esperanza a aquellos guatemaltecos que ante el temor y la a\u00f1oranza de estar lejos de\u00a0<a href=\"https:\/\/soymigrante.com\/revista\/guatemaltecos-somos-parte-de-una-gran-union-hispana-leonel-arenas\/\" target=\"_blank\" rel=\"noopener\">Guatemala<\/a>, encuentran en Pablo y el restaurante una gota inalcanzable de apoyo para construir un mejor futuro en Estados Unidos y poder ayudar a sus familias.<\/p>\t\t\t\t\t\t\t\t<\/div>\n\t\t\t\t\t<\/div>\n\t\t\t\t<\/div>\n\t\t<div data-particle_enable=\"false\" data-particle-mobile-disabled=\"false\" class=\"elementor-element elementor-element-e4da39c e-flex e-con-boxed e-con e-parent\" data-id=\"e4da39c\" data-element_type=\"container\" data-e-type=\"container\">\n\t\t\t\t\t<div class=\"e-con-inner\">\n\t\t\t\t<div class=\"elementor-element elementor-element-3e86645 elementor-arrows-position-inside elementor-pagination-position-outside elementor-widget elementor-widget-image-carousel\" data-id=\"3e86645\" data-element_type=\"widget\" data-e-type=\"widget\" data-settings=\"{&quot;slides_to_show&quot;:&quot;1&quot;,&quot;navigation&quot;:&quot;both&quot;,&quot;autoplay&quot;:&quot;yes&quot;,&quot;pause_on_hover&quot;:&quot;yes&quot;,&quot;pause_on_interaction&quot;:&quot;yes&quot;,&quot;autoplay_speed&quot;:5000,&quot;infinite&quot;:&quot;yes&quot;,&quot;effect&quot;:&quot;slide&quot;,&quot;speed&quot;:500}\" data-widget_type=\"image-carousel.default\">\n\t\t\t\t\t\t\t<div class=\"elementor-image-carousel-wrapper swiper\" role=\"region\" aria-roledescription=\"carousel\" aria-label=\"Carrusel de im\u00e1genes\" dir=\"ltr\">\n\t\t\t<div class=\"elementor-image-carousel swiper-wrapper\" aria-live=\"off\">\n\t\t\t\t\t\t\t\t<div class=\"swiper-slide\" role=\"group\" aria-roledescription=\"slide\" aria-label=\"1 de 4\"><figure class=\"swiper-slide-inner\"><img decoding=\"async\" class=\"swiper-slide-image\" src=\"https:\/\/soymigrante.com\/revista\/wp-content\/uploads\/2024\/09\/comunidad-guatemalteca-pablo-pineda-chicago-soy-migrante-1024x1024.webp\" alt=\"Diversidad cultural de la comunidad migrante en Estados Unidos, celebraci\u00f3n de la inmigraci\u00f3n en evento social con participaci\u00f3n de diversas familias y l\u00edderes comunitarios.\" \/><\/figure><\/div><div class=\"swiper-slide\" role=\"group\" aria-roledescription=\"slide\" aria-label=\"2 de 4\"><figure class=\"swiper-slide-inner\"><img decoding=\"async\" class=\"swiper-slide-image\" src=\"https:\/\/soymigrante.com\/revista\/wp-content\/uploads\/2024\/09\/2c06bd53-bb4f-4848-ace2-bd68496634a0-1024x760.webp\" alt=\"Juegos de mesa en comunidad migrante en M\u00e9xico, promoviendo integraci\u00f3n, cultura y apoyo entre migrantes latinoamericanos en el pa\u00eds.\" \/><\/figure><\/div><div class=\"swiper-slide\" role=\"group\" aria-roledescription=\"slide\" aria-label=\"3 de 4\"><figure class=\"swiper-slide-inner\"><img decoding=\"async\" class=\"swiper-slide-image\" src=\"https:\/\/soymigrante.com\/revista\/wp-content\/uploads\/2024\/09\/Pablo-Pineda-Chicago-Illinois-soy-migrante.webp\" alt=\"Reconocimiento de la comunidad migrante en Guatemala en ceremonia con premiaci\u00f3n y reconocimiento.\" \/><\/figure><\/div><div class=\"swiper-slide\" role=\"group\" aria-roledescription=\"slide\" aria-label=\"4 de 4\"><figure class=\"swiper-slide-inner\"><img decoding=\"async\" class=\"swiper-slide-image\" src=\"https:\/\/soymigrante.com\/revista\/wp-content\/uploads\/2024\/09\/a94eb194-6857-452e-8fb5-9f487276b5b6-1024x897.webp\" alt=\"Diversos l\u00edderes y activistas en un encuentro cultural, promoviendo la migraci\u00f3n y comunidad en M\u00e9xico, con un ambiente acogedor y relaciones diplom\u00e1ticas.\" \/><\/figure><\/div>\t\t\t<\/div>\n\t\t\t\t\t\t\t\t\t\t\t\t<div class=\"elementor-swiper-button elementor-swiper-button-prev\" role=\"button\" tabindex=\"0\">\n\t\t\t\t\t\t<i aria-hidden=\"true\" class=\"eicon-chevron-left\"><\/i>\t\t\t\t\t<\/div>\n\t\t\t\t\t<div class=\"elementor-swiper-button elementor-swiper-button-next\" role=\"button\" tabindex=\"0\">\n\t\t\t\t\t\t<i aria-hidden=\"true\" class=\"eicon-chevron-right\"><\/i>\t\t\t\t\t<\/div>\n\t\t\t\t\n\t\t\t\t\t\t\t\t\t<div class=\"swiper-pagination\"><\/div>\n\t\t\t\t\t\t\t\t\t<\/div>\n\t\t\t\t\t\t<\/div>\n\t\t\t\t\t<\/div>\n\t\t\t\t<\/div>\n\t\t<div data-particle_enable=\"false\" data-particle-mobile-disabled=\"false\" class=\"elementor-element elementor-element-97c6d46 e-flex e-con-boxed e-con e-parent\" data-id=\"97c6d46\" data-element_type=\"container\" data-e-type=\"container\">\n\t\t\t\t\t<div class=\"e-con-inner\">\n\t\t\t\t<div class=\"elementor-element elementor-element-6a77c9c elementor-widget elementor-widget-heading\" data-id=\"6a77c9c\" data-element_type=\"widget\" data-e-type=\"widget\" data-widget_type=\"heading.default\">\n\t\t\t\t\t<h3 class=\"elementor-heading-title elementor-size-default\">Retos migratorios del guatemalteco en Chicago<\/h3>\t\t\t\t<\/div>\n\t\t\t\t\t<\/div>\n\t\t\t\t<\/div>\n\t\t<div data-particle_enable=\"false\" data-particle-mobile-disabled=\"false\" class=\"elementor-element elementor-element-78a65e2 e-flex e-con-boxed e-con e-parent\" data-id=\"78a65e2\" data-element_type=\"container\" data-e-type=\"container\">\n\t\t\t\t\t<div class=\"e-con-inner\">\n\t\t\t\t<div class=\"elementor-element elementor-element-bb9f21e elementor-widget elementor-widget-text-editor\" data-id=\"bb9f21e\" data-element_type=\"widget\" data-e-type=\"widget\" data-widget_type=\"text-editor.default\">\n\t\t\t\t\t\t\t\t\t<p>Una barrera que ha podido observar Pablo para el guatemalteco que llega a Chicago es el idioma, refiere que hay muchos originarios de Salcaj\u00e1, Quetzaltenango, que no hablan siquiera el espa\u00f1ol. Muchos han enfrentado situaciones de deportaci\u00f3n, pero \u00e9l junto a una amiga abogada buscan la forma de ayudarlos y de buscar un traductor.\u00a0<\/p><p>Ejemplo de la ardua labor que Pablo y otros integrantes altruistas hacen es la de una madre guatemalteca que estaba a punto de ser deportada con sus hijos, actualmente logr\u00f3 quedarse y trabajar en Estados Unidos.<\/p><p>Para cuando ocurri\u00f3 la tragedia del Volc\u00e1n de Fuego, la comunidad guatemalteca en Chicago logr\u00f3 recaudar US$33 mil. Con ello hicieron tres casas y tambi\u00e9n enviaron tres furgones de ayuda a los afectados, refiere Pablo.<\/p>\t\t\t\t\t\t\t\t<\/div>\n\t\t\t\t\t<\/div>\n\t\t\t\t<\/div>\n\t\t<div data-particle_enable=\"false\" data-particle-mobile-disabled=\"false\" class=\"elementor-element elementor-element-b20077c e-flex e-con-boxed e-con e-parent\" data-id=\"b20077c\" data-element_type=\"container\" data-e-type=\"container\">\n\t\t\t\t\t<div class=\"e-con-inner\">\n\t\t\t\t<div class=\"elementor-element elementor-element-3db9473 elementor-widget elementor-widget-image\" data-id=\"3db9473\" data-element_type=\"widget\" data-e-type=\"widget\" data-widget_type=\"image.default\">\n\t\t\t\t\t\t\t\t\t\t\t\t<figure class=\"wp-caption\">\n\t\t\t\t\t\t\t\t\t\t<img loading=\"lazy\" decoding=\"async\" width=\"768\" height=\"976\" src=\"https:\/\/soymigrante.com\/revista\/wp-content\/uploads\/2024\/09\/Pablo-Pineda-Chicago-Illinois-soy-migrante3-768x976.webp\" class=\"attachment-medium_large size-medium_large wp-image-9768\" alt=\"Cami\u00f3n de bomberos en un anuncio de venta de equipo de bomberos en Guatemala, con texto promocional para un evento de garage sale y apoyo comunitario. | Caricatura de un bombero con equipo, promoviendo eventos solidarios y venta de objetos en Guatemala. | Anuncio en cartel ofreciendo ayuda y venta de objetos en un garage sale beneficencia para bomberos en Zona 24 Guatemala, con tem\u00e1tica de apoyo comunitario y celebraci\u00f3n nacional. | relevance.\" srcset=\"https:\/\/soymigrante.com\/revista\/wp-content\/uploads\/2024\/09\/Pablo-Pineda-Chicago-Illinois-soy-migrante3-768x976.webp 768w, https:\/\/soymigrante.com\/revista\/wp-content\/uploads\/2024\/09\/Pablo-Pineda-Chicago-Illinois-soy-migrante3-236x300.webp 236w, https:\/\/soymigrante.com\/revista\/wp-content\/uploads\/2024\/09\/Pablo-Pineda-Chicago-Illinois-soy-migrante3-805x1024.webp 805w, https:\/\/soymigrante.com\/revista\/wp-content\/uploads\/2024\/09\/Pablo-Pineda-Chicago-Illinois-soy-migrante3-750x953.webp 750w, https:\/\/soymigrante.com\/revista\/wp-content\/uploads\/2024\/09\/Pablo-Pineda-Chicago-Illinois-soy-migrante3.webp 1080w\" sizes=\"(max-width: 768px) 100vw, 768px\" title=\"Pablo Pineda Chicago Illinois soy migrante3 \u2013 SoyMigrante.com REVISTA\" \/>\t\t\t\t\t\t\t\t\t\t\t<figcaption class=\"widget-image-caption wp-caption-text\">Venta de art\u00edculos en buen estado para ayuda a bomberos en Guatemala durante el garage sale, con actividades festivas para celebrar la independencia y apoyar a los bomberos locales.<\/figcaption>\n\t\t\t\t\t\t\t\t\t\t<\/figure>\n\t\t\t\t\t\t\t\t\t<\/div>\n\t\t\t\t\t<\/div>\n\t\t\t\t<\/div>\n\t\t<div data-particle_enable=\"false\" data-particle-mobile-disabled=\"false\" class=\"elementor-element elementor-element-e4a3fae e-flex e-con-boxed e-con e-parent\" data-id=\"e4a3fae\" data-element_type=\"container\" data-e-type=\"container\">\n\t\t\t\t\t<div class=\"e-con-inner\">\n\t\t\t\t<div class=\"elementor-element elementor-element-90d54b1 elementor-widget elementor-widget-text-editor\" data-id=\"90d54b1\" data-element_type=\"widget\" data-e-type=\"widget\" data-widget_type=\"text-editor.default\">\n\t\t\t\t\t\t\t\t\t<p>\u201cQueremos dejar j\u00f3venes, hay que prepara a la juventud. El regalo m\u00e1s grande que da la vida es dejar un legado. El \u00e9xito radica en ponerte al servicio de los dem\u00e1s. La riqueza m\u00e1s grande es la satisfacci\u00f3n de ayudar a otros\u201d, dice Pablo sentado en un \u00e1rea del restaurante Latin Patio mientras platicaba con Soy Migrante a la esperaba que algunas personas se acercaran al lugar para comprar algunos art\u00edculos, que justo servir\u00e1n de colecta para apoyar a bomberos independientes en Canalitos.<\/p>\t\t\t\t\t\t\t\t<\/div>\n\t\t\t\t\t<\/div>\n\t\t\t\t<\/div>\n\t\t<div data-particle_enable=\"false\" data-particle-mobile-disabled=\"false\" class=\"elementor-element elementor-element-7a91848 e-flex e-con-boxed e-con e-parent\" data-id=\"7a91848\" data-element_type=\"container\" data-e-type=\"container\">\n\t\t\t\t\t<div class=\"e-con-inner\">\n\t\t\t\t<div class=\"elementor-element elementor-element-d5ab620 elementor-widget elementor-widget-text-editor\" data-id=\"d5ab620\" data-element_type=\"widget\" data-e-type=\"widget\" data-widget_type=\"text-editor.default\">\n\t\t\t\t\t\t\t\t\t<p>Pablo y organizaciones de guatemaltecas en Chicago tambi\u00e9n trabajan Ad Honorem para solicitar&nbsp;<a href=\"https:\/\/soymigrante.com\/revista\/municipalidades-se-han-unido-a-peticion-de-tps-guatemalteco\/\" target=\"_blank\">el TPS<\/a>, una iniciativa que ha surgido de otras voces guatemaltecas desde el Movimiento Guatemalteco TPS en Los \u00c1ngeles, y por la que est\u00e1n convencidos de que muchos guatemaltecos tendr\u00e1n la oportunidad de ser beneficiados en el futuro.<\/p>\t\t\t\t\t\t\t\t<\/div>\n\t\t\t\t\t<\/div>\n\t\t\t\t<\/div>\n\t\t<div data-particle_enable=\"false\" data-particle-mobile-disabled=\"false\" class=\"elementor-element elementor-element-2d830b7 e-flex e-con-boxed e-con e-parent\" data-id=\"2d830b7\" data-element_type=\"container\" data-e-type=\"container\">\n\t\t\t\t\t<div class=\"e-con-inner\">\n\t\t\t\t<div class=\"elementor-element elementor-element-5c9f126 elementor-widget elementor-widget-heading\" data-id=\"5c9f126\" data-element_type=\"widget\" data-e-type=\"widget\" data-widget_type=\"heading.default\">\n\t\t\t\t\t<h3 class=\"elementor-heading-title elementor-size-default\">Historias inspiradoras<\/h3>\t\t\t\t<\/div>\n\t\t\t\t\t<\/div>\n\t\t\t\t<\/div>\n\t\t<div data-particle_enable=\"false\" data-particle-mobile-disabled=\"false\" class=\"elementor-element elementor-element-7c52e9d e-flex e-con-boxed e-con e-parent\" data-id=\"7c52e9d\" data-element_type=\"container\" data-e-type=\"container\">\n\t\t\t\t\t<div class=\"e-con-inner\">\n\t\t\t\t<div class=\"elementor-element elementor-element-b464460 elementor-grid-eael-col-3 elementor-grid-tablet-eael-col-2 elementor-grid-mobile-eael-col-1 elementor-widget elementor-widget-eael-post-grid\" data-id=\"b464460\" data-element_type=\"widget\" data-e-type=\"widget\" data-settings=\"{&quot;eael_post_grid_columns&quot;:&quot;eael-col-3&quot;,&quot;eael_post_grid_columns_tablet&quot;:&quot;eael-col-2&quot;,&quot;eael_post_grid_columns_mobile&quot;:&quot;eael-col-1&quot;}\" data-widget_type=\"eael-post-grid.default\">\n\t\t\t\t\t<div id=\"eael-post-grid-b464460\" class=\"eael-post-grid-container\">\n            <div class=\"eael-post-grid eael-post-appender eael-post-appender-b464460 eael-post-grid-style-one\" data-layout-mode=\"masonry\"><article class=\"eael-grid-post  eael-post-grid-column eael-pg-post-5160 category-exitos\" data-id=\"5160\">\n        <div class=\"eael-grid-post-holder\">\n            <div class=\"eael-grid-post-holder-inner\"><div class=\"eael-entry-media\"><div class=\"eael-entry-overlay fade-in\"><i class=\"far fa-hand-pointer\" aria-hidden=\"true\"><\/i><a href=\"https:\/\/soymigrante.com\/revista\/willy-barreno-ayuda-migrantes-quetzaltenango-proyecto\/\"><\/a><\/div><div class=\"eael-entry-thumbnail \">\n                <img loading=\"lazy\" decoding=\"async\" width=\"1024\" height=\"768\" src=\"https:\/\/soymigrante.com\/revista\/wp-content\/uploads\/2024\/03\/Chef-Willy-Barreno-3-1024x768.webp\" class=\"attachment-large size-large wp-image-5186\" alt=\"\" srcset=\"https:\/\/soymigrante.com\/revista\/wp-content\/uploads\/2024\/03\/Chef-Willy-Barreno-3-1024x768.webp 1024w, https:\/\/soymigrante.com\/revista\/wp-content\/uploads\/2024\/03\/Chef-Willy-Barreno-3-300x225.webp 300w, https:\/\/soymigrante.com\/revista\/wp-content\/uploads\/2024\/03\/Chef-Willy-Barreno-3-768x576.webp 768w, https:\/\/soymigrante.com\/revista\/wp-content\/uploads\/2024\/03\/Chef-Willy-Barreno-3-750x563.webp 750w, https:\/\/soymigrante.com\/revista\/wp-content\/uploads\/2024\/03\/Chef-Willy-Barreno-3-1140x855.webp 1140w, https:\/\/soymigrante.com\/revista\/wp-content\/uploads\/2024\/03\/Chef-Willy-Barreno-3.webp 1440w\" sizes=\"(max-width: 1024px) 100vw, 1024px\" \/>\n            <\/div>\n        <\/div><div class=\"eael-entry-wrapper\"><header class=\"eael-entry-header\"><h2 class=\"eael-entry-title\"><a class=\"eael-grid-post-link\" href=\"https:\/\/soymigrante.com\/revista\/willy-barreno-ayuda-migrantes-quetzaltenango-proyecto\/\" title=\"Willy Barreno: chef migrante ayuda a migrantes en su propia tierra\">Willy Barreno: chef migrante ayuda a migrantes en su propia tierra<\/a><\/h2><\/header><div class=\"eael-entry-content\">\n                        <div class=\"eael-grid-post-excerpt\"><a href=\"https:\/\/soymigrante.com\/revista\/willy-barreno-ayuda-migrantes-quetzaltenango-proyecto\/\" class=\"eael-post-elements-readmore-btn\">CONOCE SU HISTORIA <\/a><\/div>\n                    <\/div><\/div><\/div>\n        <\/div>\n    <\/article><article class=\"eael-grid-post  eael-post-grid-column eael-pg-post-774 category-exitos tags-california\" data-id=\"774\">\n        <div class=\"eael-grid-post-holder\">\n            <div class=\"eael-grid-post-holder-inner\"><div class=\"eael-entry-media\"><div class=\"eael-entry-overlay fade-in\"><i class=\"far fa-hand-pointer\" aria-hidden=\"true\"><\/i><a href=\"https:\/\/soymigrante.com\/revista\/asi-nacio-un-nucleo-de-sabor-guatemalteco-en-el-corazon-de-los-angeles\/\"><\/a><\/div><div class=\"eael-entry-thumbnail \">\n                <img loading=\"lazy\" decoding=\"async\" width=\"736\" height=\"1024\" src=\"https:\/\/soymigrante.com\/revista\/wp-content\/uploads\/2023\/03\/1-EXITOS-RESTAURANTE-PUCHICA-LA-FERNANDO-LURSSEN-1-736x1024.jpg\" class=\"attachment-large size-large wp-image-775\" alt=\"Restaurante guatemalteco P\u00fachica en Los Angeles\" srcset=\"https:\/\/soymigrante.com\/revista\/wp-content\/uploads\/2023\/03\/1-EXITOS-RESTAURANTE-PUCHICA-LA-FERNANDO-LURSSEN-1-736x1024.jpg 736w, https:\/\/soymigrante.com\/revista\/wp-content\/uploads\/2023\/03\/1-EXITOS-RESTAURANTE-PUCHICA-LA-FERNANDO-LURSSEN-1-216x300.webp 216w, https:\/\/soymigrante.com\/revista\/wp-content\/uploads\/2023\/03\/1-EXITOS-RESTAURANTE-PUCHICA-LA-FERNANDO-LURSSEN-1.webp 750w\" sizes=\"(max-width: 736px) 100vw, 736px\" \/>\n            <\/div>\n        <\/div><div class=\"eael-entry-wrapper\"><header class=\"eael-entry-header\"><h2 class=\"eael-entry-title\"><a class=\"eael-grid-post-link\" href=\"https:\/\/soymigrante.com\/revista\/asi-nacio-un-nucleo-de-sabor-guatemalteco-en-el-corazon-de-los-angeles\/\" title=\"As\u00ed naci\u00f3 el restaurante guatemalteco Puchica, un n\u00facleo de sabor chap\u00edn en el coraz\u00f3n de Los Angeles\">As\u00ed naci\u00f3 el restaurante guatemalteco Puchica, un n\u00facleo de sabor chap\u00edn en el coraz\u00f3n de Los Angeles<\/a><\/h2><\/header><div class=\"eael-entry-content\">\n                        <div class=\"eael-grid-post-excerpt\"><a href=\"https:\/\/soymigrante.com\/revista\/asi-nacio-un-nucleo-de-sabor-guatemalteco-en-el-corazon-de-los-angeles\/\" class=\"eael-post-elements-readmore-btn\">CONOCE SU HISTORIA <\/a><\/div>\n                    <\/div><\/div><\/div>\n        <\/div>\n    <\/article><article class=\"eael-grid-post  eael-post-grid-column eael-pg-post-260 category-estamos-unidos\" data-id=\"260\">\n        <div class=\"eael-grid-post-holder\">\n            <div class=\"eael-grid-post-holder-inner\"><div class=\"eael-entry-media\"><div class=\"eael-entry-overlay fade-in\"><i class=\"far fa-hand-pointer\" aria-hidden=\"true\"><\/i><a href=\"https:\/\/soymigrante.com\/revista\/los-migrantes-tambien-somos-guatemala\/\"><\/a><\/div><div class=\"eael-entry-thumbnail \">\n                <img loading=\"lazy\" decoding=\"async\" width=\"1024\" height=\"768\" src=\"https:\/\/soymigrante.com\/revista\/wp-content\/uploads\/2023\/02\/SOY-BEN-MONTERROSO-3-1024x768.jpg\" class=\"attachment-large size-large wp-image-263\" alt=\"\" srcset=\"https:\/\/soymigrante.com\/revista\/wp-content\/uploads\/2023\/02\/SOY-BEN-MONTERROSO-3-1024x768.jpg 1024w, https:\/\/soymigrante.com\/revista\/wp-content\/uploads\/2023\/02\/SOY-BEN-MONTERROSO-3-300x225.webp 300w, https:\/\/soymigrante.com\/revista\/wp-content\/uploads\/2023\/02\/SOY-BEN-MONTERROSO-3-768x576.jpg 768w, https:\/\/soymigrante.com\/revista\/wp-content\/uploads\/2023\/02\/SOY-BEN-MONTERROSO-3-750x563.webp 750w, https:\/\/soymigrante.com\/revista\/wp-content\/uploads\/2023\/02\/SOY-BEN-MONTERROSO-3-1140x855.jpg 1140w, https:\/\/soymigrante.com\/revista\/wp-content\/uploads\/2023\/02\/SOY-BEN-MONTERROSO-3.webp 1440w\" sizes=\"(max-width: 1024px) 100vw, 1024px\" \/>\n            <\/div>\n        <\/div><div class=\"eael-entry-wrapper\"><header class=\"eael-entry-header\"><h2 class=\"eael-entry-title\"><a class=\"eael-grid-post-link\" href=\"https:\/\/soymigrante.com\/revista\/los-migrantes-tambien-somos-guatemala\/\" title=\"&#8220;Los migrantes tambi\u00e9n somos Guatemala y tenemos derecho a marcar su futuro&#8221;: Ben Monterroso\">&#8220;Los migrantes tambi\u00e9n somos Guatemala y tenemos derecho a marcar su futuro&#8221;: Ben Monterroso<\/a><\/h2><\/header><div class=\"eael-entry-content\">\n                        <div class=\"eael-grid-post-excerpt\"><a href=\"https:\/\/soymigrante.com\/revista\/los-migrantes-tambien-somos-guatemala\/\" class=\"eael-post-elements-readmore-btn\">CONOCE SU HISTORIA <\/a><\/div>\n                    <\/div><\/div><\/div>\n        <\/div>\n    <\/article><\/div>\n            <div class=\"clearfix\"><\/div>\n        <\/div>\t\t\t\t<\/div>\n\t\t\t\t\t<\/div>\n\t\t\t\t<\/div>\n\t\t\t\t<\/div>\n\t\t","protected":false},"excerpt":{"rendered":"<p>En sus a\u00f1oranzas de la infancia Pablo Leonel D\u00edaz Pineda extra\u00f1a el parque central de Canalitos, zona 25 de la capital, que lo vio crecer y que dej\u00f3 hace 22 a\u00f1os a causa de la violencia. &nbsp;A sus 56 a\u00f1os. Leonel D\u00edaz es un guatemalteco que no olvida sus ra\u00edces y como muestra de ello [&hellip;]<\/p>\n","protected":false},"author":23,"featured_media":9796,"comment_status":"open","ping_status":"open","sticky":false,"template":"","format":"standard","meta":{"_acf_changed":false,"_eb_attr":"","footnotes":""},"categories":[50],"tags":[],"class_list":["post-9747","post","type-post","status-publish","format-standard","has-post-thumbnail","hentry","category-exitos"],"acf":[],"aioseo_notices":[],"aioseo_head":"\n\t\t<!-- All in One SEO Pro 4.9.6.2 - aioseo.com -->\n\t<meta name=\"description\" content=\"Ben Monterroso, guatemalteco defensor de los derechos migrantes y promotor del voto en el extranujero considera contradictorio que se les llame \u201ch\u00e9roes\u201d por sostener la econom\u00eda del pa\u00eds, pero no se les facilita la participaci\u00f3n pol\u00edtica ni reciben la atenci\u00f3n necesaria del Estado de Guatemala. Con m\u00e1s de 45 a\u00f1os de haber llegado a EE.UU.,\" \/>\n\t<meta name=\"robots\" content=\"max-snippet:-1, max-image-preview:large, max-video-preview:-1\" \/>\n\t<meta name=\"author\" content=\"Gustavo Montenegro\"\/>\n\t<link rel=\"canonical\" href=\"https:\/\/soymigrante.com\/revista\/los-migrantes-tambien-somos-guatemala\/\" \/>\n\t<meta name=\"generator\" content=\"All in One SEO Pro (AIOSEO) 4.9.6.2\" \/>\n\n\t\t<link rel=\"preconnect\" href=\"https:\/\/fonts.googleapis.com\" crossorigin>\n<link rel=\"preconnect\" href=\"https:\/\/fonts.gstatic.com\" crossorigin>\n\t\t<meta property=\"og:locale\" content=\"es_ES\" \/>\n\t\t<meta property=\"og:site_name\" content=\"SoyMigrante.com REVISTA \u2013 Nuestra misi\u00f3n es reconocer y dignificar al migrante.\" \/>\n\t\t<meta property=\"og:type\" content=\"article\" \/>\n\t\t<meta property=\"og:title\" content=\"\u201cLos migrantes tambi\u00e9n somos Guatemala y tenemos derecho a marcar su futuro\u201d: Ben Monterroso\" \/>\n\t\t<meta property=\"og:description\" content=\"Ben Monterroso, guatemalteco defensor de los derechos migrantes y promotor del voto en el extranujero considera contradictorio que se les llame \u201ch\u00e9roes\u201d por sostener la econom\u00eda del pa\u00eds, pero no se les facilita la participaci\u00f3n pol\u00edtica ni reciben la atenci\u00f3n necesaria del Estado de Guatemala. Con m\u00e1s de 45 a\u00f1os de haber llegado a EE.UU.,\" \/>\n\t\t<meta property=\"og:url\" content=\"https:\/\/soymigrante.com\/revista\/los-migrantes-tambien-somos-guatemala\/\" \/>\n\t\t<meta property=\"og:image\" content=\"https:\/\/soymigrante.com\/revista\/wp-content\/uploads\/2023\/02\/SOY-BEN-MONTERROSO-3.webp\" \/>\n\t\t<meta property=\"og:image:secure_url\" content=\"https:\/\/soymigrante.com\/revista\/wp-content\/uploads\/2023\/02\/SOY-BEN-MONTERROSO-3.webp\" \/>\n\t\t<meta property=\"og:image:width\" content=\"1440\" \/>\n\t\t<meta property=\"og:image:height\" content=\"1080\" \/>\n\t\t<meta property=\"article:published_time\" content=\"2023-05-26T00:01:24+00:00\" \/>\n\t\t<meta property=\"article:modified_time\" content=\"2024-11-01T21:04:18+00:00\" \/>\n\t\t<meta property=\"article:publisher\" content=\"https:\/\/www.facebook.com\/soymigrantecom\" \/>\n\t\t<meta name=\"twitter:card\" content=\"summary_large_image\" \/>\n\t\t<meta name=\"twitter:site\" content=\"@SoyMigrante_com\" \/>\n\t\t<meta name=\"twitter:title\" content=\"\u201cLos migrantes tambi\u00e9n somos Guatemala y tenemos derecho a marcar su futuro\u201d: Ben Monterroso\" \/>\n\t\t<meta name=\"twitter:description\" content=\"Ben Monterroso, guatemalteco defensor de los derechos migrantes y promotor del voto en el extranujero considera contradictorio que se les llame \u201ch\u00e9roes\u201d por sostener la econom\u00eda del pa\u00eds, pero no se les facilita la participaci\u00f3n pol\u00edtica ni reciben la atenci\u00f3n necesaria del Estado de Guatemala. Con m\u00e1s de 45 a\u00f1os de haber llegado a EE.UU.,\" \/>\n\t\t<meta name=\"twitter:creator\" content=\"@SoyMigrante_com\" \/>\n\t\t<meta name=\"twitter:image\" content=\"https:\/\/soymigrante.com\/revista\/wp-content\/uploads\/2023\/02\/SOY-BEN-MONTERROSO-3.webp\" \/>\n\t\t<!-- All in One SEO Pro -->\r\n\t\t<title>\u201cLos migrantes tambi\u00e9n somos Guatemala y tenemos derecho a marcar su futuro\u201d: Ben Monterroso<\/title>\n\n","aioseo_head_json":{"title":"\u201cLos migrantes tambi\u00e9n somos Guatemala y tenemos derecho a marcar su futuro\u201d: Ben Monterroso","description":"Ben Monterroso, guatemalteco defensor de los derechos migrantes y promotor del voto en el extranujero considera contradictorio que se les llame \u201ch\u00e9roes\u201d por sostener la econom\u00eda del pa\u00eds, pero no se les facilita la participaci\u00f3n pol\u00edtica ni reciben la atenci\u00f3n necesaria del Estado de Guatemala. Con m\u00e1s de 45 a\u00f1os de haber llegado a EE.UU.,","canonical_url":"https:\/\/soymigrante.com\/revista\/los-migrantes-tambien-somos-guatemala\/","robots":"max-snippet:-1, max-image-preview:large, max-video-preview:-1","keywords":"","webmasterTools":{"miscellaneous":"&lt;link rel=\"preconnect\" href=\"https:\/\/fonts.googleapis.com\" crossorigin&gt;\n&lt;link rel=\"preconnect\" href=\"https:\/\/fonts.gstatic.com\" crossorigin&gt;"},"schema":null,"og:locale":"es_ES","og:site_name":"SoyMigrante.com REVISTA \u2013 Nuestra misi\u00f3n es reconocer y dignificar al migrante.","og:type":"article","og:title":"\u201cLos migrantes tambi\u00e9n somos Guatemala y tenemos derecho a marcar su futuro\u201d: Ben Monterroso","og:description":"Ben Monterroso, guatemalteco defensor de los derechos migrantes y promotor del voto en el extranujero considera contradictorio que se les llame \u201ch\u00e9roes\u201d por sostener la econom\u00eda del pa\u00eds, pero no se les facilita la participaci\u00f3n pol\u00edtica ni reciben la atenci\u00f3n necesaria del Estado de Guatemala. Con m\u00e1s de 45 a\u00f1os de haber llegado a EE.UU.,","og:url":"https:\/\/soymigrante.com\/revista\/los-migrantes-tambien-somos-guatemala\/","og:image":"https:\/\/soymigrante.com\/revista\/wp-content\/uploads\/2023\/02\/SOY-BEN-MONTERROSO-3.webp","og:image:secure_url":"https:\/\/soymigrante.com\/revista\/wp-content\/uploads\/2023\/02\/SOY-BEN-MONTERROSO-3.webp","og:image:width":1440,"og:image:height":1080,"article:published_time":"2023-05-26T00:01:24+00:00","article:modified_time":"2024-11-01T21:04:18+00:00","article:publisher":"https:\/\/www.facebook.com\/soymigrantecom","twitter:card":"summary_large_image","twitter:site":"@SoyMigrante_com","twitter:title":"\u201cLos migrantes tambi\u00e9n somos Guatemala y tenemos derecho a marcar su futuro\u201d: Ben Monterroso","twitter:description":"Ben Monterroso, guatemalteco defensor de los derechos migrantes y promotor del voto en el extranujero considera contradictorio que se les llame \u201ch\u00e9roes\u201d por sostener la econom\u00eda del pa\u00eds, pero no se les facilita la participaci\u00f3n pol\u00edtica ni reciben la atenci\u00f3n necesaria del Estado de Guatemala. Con m\u00e1s de 45 a\u00f1os de haber llegado a EE.UU.,","twitter:creator":"@SoyMigrante_com","twitter:image":"https:\/\/soymigrante.com\/revista\/wp-content\/uploads\/2023\/02\/SOY-BEN-MONTERROSO-3.webp"},"aioseo_meta_data":{"post_id":"9747","title":"Pablo Pineda y su restaurante Latin Patio, una esperanza en Chicago","description":"En sus a\u00f1oranzas de la infancia Pablo Leonel D\u00edaz Pineda extra\u00f1a Canalitos, que lo vio crecer y que dej\u00f3 hace 22 a\u00f1os para migrar a Estados Unidos.","keywords":null,"keyphrases":{"focus":{"keyphrase":"Restaurante Latin Patio","score":60,"analysis":{"keyphraseInTitle":{"score":9,"maxScore":9,"error":0},"keyphraseInDescription":{"score":3,"maxScore":9,"error":1},"keyphraseLength":{"score":9,"maxScore":9,"error":0,"length":3},"keyphraseInURL":{"score":5,"maxScore":5,"error":0},"keyphraseInIntroduction":{"score":3,"maxScore":9,"error":1},"keyphraseInSubHeadings":{"score":3,"maxScore":9,"error":1},"keyphraseInImageAlt":{"score":9,"maxScore":9,"error":0},"keywordDensity":{"score":0,"type":"low","maxScore":9,"error":1}}},"additional":[{"keyphrase":"migrantes en Chicago","score":40,"analysis":{"keyphraseInDescription":{"score":3,"maxScore":9,"error":1},"keyphraseLength":{"score":9,"maxScore":9,"error":0,"length":3},"keyphraseInIntroduction":{"score":3,"maxScore":9,"error":1},"keyphraseInImageAlt":{"score":3,"maxScore":9,"error":1},"keywordDensity":{"score":0,"type":"low","maxScore":9,"error":1}}},{"keyphrase":"migrantes guatemaltecos","score":40,"analysis":{"keyphraseInDescription":{"score":3,"maxScore":9,"error":1},"keyphraseLength":{"score":9,"maxScore":9,"error":0,"length":2},"keyphraseInIntroduction":{"score":3,"maxScore":9,"error":1},"keyphraseInImageAlt":{"score":3,"maxScore":9,"error":1},"keywordDensity":{"score":0,"type":"low","maxScore":9,"error":1}}},{"keyphrase":"comunidad guatemalteca","score":40,"analysis":{"keyphraseInDescription":{"score":3,"maxScore":9,"error":1},"keyphraseLength":{"score":9,"maxScore":9,"error":0,"length":2},"keyphraseInIntroduction":{"score":3,"maxScore":9,"error":1},"keyphraseInImageAlt":{"score":3,"maxScore":9,"error":1},"keywordDensity":{"score":0,"type":"low","maxScore":9,"error":1}}}]},"primary_term":null,"canonical_url":null,"og_title":null,"og_description":null,"og_object_type":"default","og_image_type":"default","og_image_url":null,"og_image_width":null,"og_image_height":null,"og_image_custom_url":null,"og_image_custom_fields":null,"og_video":"","og_custom_url":null,"og_article_section":null,"og_article_tags":null,"twitter_use_og":false,"twitter_card":"default","twitter_image_type":"default","twitter_image_url":null,"twitter_image_custom_url":null,"twitter_image_custom_fields":null,"twitter_title":null,"twitter_description":null,"schema":{"blockGraphs":[],"customGraphs":[],"default":{"data":{"Article":[],"Course":[],"Dataset":[],"FAQPage":[],"Movie":[],"Person":[],"Product":[],"ProductReview":[],"Car":[],"Recipe":[],"Service":[],"SoftwareApplication":[],"WebPage":[]},"graphName":"Article","isEnabled":true},"graphs":[]},"schema_type":"default","schema_type_options":null,"pillar_content":false,"robots_default":true,"robots_noindex":false,"robots_noarchive":false,"robots_nosnippet":false,"robots_nofollow":false,"robots_noimageindex":false,"robots_noodp":false,"robots_notranslate":false,"robots_max_snippet":"-1","robots_max_videopreview":"-1","robots_max_imagepreview":"large","priority":null,"frequency":"default","local_seo":null,"seo_analyzer_scan_date":"2025-10-08 23:30:17","breadcrumb_settings":null,"limit_modified_date":false,"reviewed_by":null,"open_ai":"{\"title\":{\"suggestions\":[],\"usage\":0},\"description\":{\"suggestions\":[],\"usage\":0}}","ai":null,"created":"2024-09-26 16:22:06","updated":"2026-02-04 14:10:25"},"aioseo_breadcrumb":"<div class=\"aioseo-breadcrumbs\"><span class=\"aioseo-breadcrumb\">\n\t<a href=\"https:\/\/soymigrante.com\/revista\" title=\"Home\">Home<\/a>\n<\/span><span class=\"aioseo-breadcrumb-separator\">\u00bb<\/span><span class=\"aioseo-breadcrumb\">\n\t<a href=\"https:\/\/soymigrante.com\/revista\/category\/exitos\/\" title=\"\u00c9xitos\">\u00c9xitos<\/a>\n<\/span><span class=\"aioseo-breadcrumb-separator\">\u00bb<\/span><span class=\"aioseo-breadcrumb\">\n\tEl guatemalteco Pablo Pineda es un aliado humanitario de los migrantes en Chicago\n<\/span><\/div>","aioseo_breadcrumb_json":[{"label":"Home","link":"https:\/\/soymigrante.com\/revista"},{"label":"\u00c9xitos","link":"https:\/\/soymigrante.com\/revista\/category\/exitos\/"},{"label":"El guatemalteco Pablo Pineda es un aliado humanitario de los migrantes en Chicago","link":"https:\/\/soymigrante.com\/revista\/pablo-pineda-un-aliado-humanitario-en-chicago-con-su-restaurante-latin-patio\/"}],"_links":{"self":[{"href":"https:\/\/soymigrante.com\/revista\/wp-json\/wp\/v2\/posts\/9747","targetHints":{"allow":["GET"]}}],"collection":[{"href":"https:\/\/soymigrante.com\/revista\/wp-json\/wp\/v2\/posts"}],"about":[{"href":"https:\/\/soymigrante.com\/revista\/wp-json\/wp\/v2\/types\/post"}],"author":[{"embeddable":true,"href":"https:\/\/soymigrante.com\/revista\/wp-json\/wp\/v2\/users\/23"}],"replies":[{"embeddable":true,"href":"https:\/\/soymigrante.com\/revista\/wp-json\/wp\/v2\/comments?post=9747"}],"version-history":[{"count":0,"href":"https:\/\/soymigrante.com\/revista\/wp-json\/wp\/v2\/posts\/9747\/revisions"}],"wp:featuredmedia":[{"embeddable":true,"href":"https:\/\/soymigrante.com\/revista\/wp-json\/wp\/v2\/media\/9796"}],"wp:attachment":[{"href":"https:\/\/soymigrante.com\/revista\/wp-json\/wp\/v2\/media?parent=9747"}],"wp:term":[{"taxonomy":"category","embeddable":true,"href":"https:\/\/soymigrante.com\/revista\/wp-json\/wp\/v2\/categories?post=9747"},{"taxonomy":"post_tag","embeddable":true,"href":"https:\/\/soymigrante.com\/revista\/wp-json\/wp\/v2\/tags?post=9747"}],"curies":[{"name":"wp","href":"https:\/\/api.w.org\/{rel}","templated":true}]}}