{"id":9736,"date":"2024-09-25T14:39:22","date_gmt":"2024-09-25T20:39:22","guid":{"rendered":"https:\/\/soymigrante.com\/revista\/?p=9736"},"modified":"2024-10-31T22:13:21","modified_gmt":"2024-11-01T04:13:21","slug":"guatemaltecos-somos-parte-de-una-gran-union-hispana-leonel-arenas","status":"publish","type":"post","link":"https:\/\/soymigrante.com\/revista\/guatemaltecos-somos-parte-de-una-gran-union-hispana-leonel-arenas\/","title":{"rendered":"&#8220;Guatemaltecos somos parte de una gran uni\u00f3n hispana&#8221;: Leonel Arenas"},"content":{"rendered":"\t\t<div data-elementor-type=\"wp-post\" data-elementor-id=\"9736\" class=\"elementor elementor-9736\" data-elementor-post-type=\"post\">\n\t\t\t\t<div data-particle_enable=\"false\" data-particle-mobile-disabled=\"false\" class=\"elementor-element elementor-element-3ec0aed e-flex e-con-boxed e-con e-parent\" data-id=\"3ec0aed\" data-element_type=\"container\" data-e-type=\"container\">\n\t\t\t\t\t<div class=\"e-con-inner\">\n\t\t\t\t<div class=\"elementor-element elementor-element-5876c70 elementor-widget elementor-widget-heading\" data-id=\"5876c70\" data-element_type=\"widget\" data-e-type=\"widget\" data-widget_type=\"heading.default\">\n\t\t\t\t\t<h2 class=\"elementor-heading-title elementor-size-default\">Migrantes guatemaltecos de Connecticut pudieron participar en el Desfile Hispano de Queens, Nueva York, el domingo 22, en el cual se integran comunidades de pa\u00edses de Centro y Sudam\u00e9rica, para exponer su colorido, valores y uni\u00f3n. As\u00ed lo relata Leonel Arenas promotor cultural guatemalteco.<\/h2>\t\t\t\t<\/div>\n\t\t\t\t\t<\/div>\n\t\t\t\t<\/div>\n\t\t<div data-particle_enable=\"false\" data-particle-mobile-disabled=\"false\" class=\"elementor-element elementor-element-3afbd9e e-flex e-con-boxed e-con e-parent\" data-id=\"3afbd9e\" data-element_type=\"container\" data-e-type=\"container\">\n\t\t\t\t\t<div class=\"e-con-inner\">\n\t\t\t\t<div class=\"elementor-element elementor-element-662345d elementor-widget elementor-widget-text-editor\" data-id=\"662345d\" data-element_type=\"widget\" data-e-type=\"widget\" data-widget_type=\"text-editor.default\">\n\t\t\t\t\t\t\t\t\t<p><b>Por Leonel Arenas<\/b><\/p>\t\t\t\t\t\t\t\t<\/div>\n\t\t\t\t\t<\/div>\n\t\t\t\t<\/div>\n\t\t<div data-particle_enable=\"false\" data-particle-mobile-disabled=\"false\" class=\"elementor-element elementor-element-625c40d e-flex e-con-boxed e-con e-parent\" data-id=\"625c40d\" data-element_type=\"container\" data-e-type=\"container\">\n\t\t\t\t\t<div class=\"e-con-inner\">\n\t\t\t\t<div class=\"elementor-element elementor-element-78780c9 elementor-widget elementor-widget-text-editor\" data-id=\"78780c9\" data-element_type=\"widget\" data-e-type=\"widget\" data-widget_type=\"text-editor.default\">\n\t\t\t\t\t\t\t\t\t<p>El Desfile Hispano de Quenns New York es ya toda una instituci\u00f3n que representa el aporte, la riqueza y la uni\u00f3n de los latinoamericanos en Estados Unidos. Este desfile tiene 48 a\u00f1os de realizarse y abara 18 calles su recorrido. A lo largo de ese camino participan pa\u00edses de Centro y Sudam\u00e9rica, mostrando la cultura de cada uno.\u00a0<\/p><p>Guatemala se hizo presente con grupos de bailes tradicionales, vestimenta tradicional de pueblos mayas, presencia de dise\u00f1adoras, influencers y en la carroza principal iban representando el talento y la belleza nacional las Reinas de la Organizaci\u00f3n Miss Guatemala Connecticut.<\/p>\t\t\t\t\t\t\t\t<\/div>\n\t\t\t\t\t<\/div>\n\t\t\t\t<\/div>\n\t\t<div data-particle_enable=\"false\" data-particle-mobile-disabled=\"false\" class=\"elementor-element elementor-element-40a0716 e-flex e-con-boxed e-con e-parent\" data-id=\"40a0716\" data-element_type=\"container\" data-e-type=\"container\">\n\t\t\t\t\t<div class=\"e-con-inner\">\n\t\t\t\t<div class=\"elementor-element elementor-element-235c3ed elementor-widget elementor-widget-image\" data-id=\"235c3ed\" data-element_type=\"widget\" data-e-type=\"widget\" data-widget_type=\"image.default\">\n\t\t\t\t\t\t\t\t\t\t\t\t<figure class=\"wp-caption\">\n\t\t\t\t\t\t\t\t\t\t<img fetchpriority=\"high\" decoding=\"async\" width=\"768\" height=\"647\" src=\"https:\/\/soymigrante.com\/revista\/wp-content\/uploads\/2024\/09\/desfile-hispano-queens-guatemala-3-1024x863.jpeg\" class=\"attachment-large size-large wp-image-9739\" alt=\"Fiestas patrias con personas vestidas con trajes t\u00edpicos, banderas y s\u00edmbolos culturales en una celebraci\u00f3n en la calle.\" srcset=\"https:\/\/soymigrante.com\/revista\/wp-content\/uploads\/2024\/09\/desfile-hispano-queens-guatemala-3-1024x863.jpeg 1024w, https:\/\/soymigrante.com\/revista\/wp-content\/uploads\/2024\/09\/desfile-hispano-queens-guatemala-3-300x253.webp 300w, https:\/\/soymigrante.com\/revista\/wp-content\/uploads\/2024\/09\/desfile-hispano-queens-guatemala-3-768x647.jpeg 768w, https:\/\/soymigrante.com\/revista\/wp-content\/uploads\/2024\/09\/desfile-hispano-queens-guatemala-3-750x632.webp 750w, https:\/\/soymigrante.com\/revista\/wp-content\/uploads\/2024\/09\/desfile-hispano-queens-guatemala-3-1140x960.jpeg 1140w, https:\/\/soymigrante.com\/revista\/wp-content\/uploads\/2024\/09\/desfile-hispano-queens-guatemala-3.webp 1200w\" sizes=\"(max-width: 768px) 100vw, 768px\" title=\"Leonel Arenas junto a la carroza que transport\u00f3 a las reinas del certamen Miss y Mrs. Guatemala Connecticut. \u2013 SoyMigrante.com REVISTA\" \/>\t\t\t\t\t\t\t\t\t\t\t<figcaption class=\"widget-image-caption wp-caption-text\">Celebraci\u00f3n de orgullosamente cultural con trajes t\u00edpicos, banderas y desfile en la calle durante el d\u00eda.<\/figcaption>\n\t\t\t\t\t\t\t\t\t\t<\/figure>\n\t\t\t\t\t\t\t\t\t<\/div>\n\t\t\t\t\t<\/div>\n\t\t\t\t<\/div>\n\t\t<div data-particle_enable=\"false\" data-particle-mobile-disabled=\"false\" class=\"elementor-element elementor-element-1dfa208 e-flex e-con-boxed e-con e-parent\" data-id=\"1dfa208\" data-element_type=\"container\" data-e-type=\"container\">\n\t\t\t\t\t<div class=\"e-con-inner\">\n\t\t\t\t<div class=\"elementor-element elementor-element-98a3fb8 elementor-widget elementor-widget-text-editor\" data-id=\"98a3fb8\" data-element_type=\"widget\" data-e-type=\"widget\" data-widget_type=\"text-editor.default\">\n\t\t\t\t\t\t\t\t\t<p><span style=\"color: var( --e-global-color-text ); text-align: var(--text-align);\">Fue muy llamativa y comentada la unidad entre diferentes organizaciones Guatemaltecas que ese d\u00eda participamos. Mostramos como aporte todo lo que hacemos dentro de nuestras comunidades. Todos unidos y orgullosos de nuestra Bandera y patria caminamos juntos por esas cuadras llenas de\u00a0 hermandad y reconocimiento al valor hispano.<\/span><\/p>\t\t\t\t\t\t\t\t<\/div>\n\t\t\t\t\t<\/div>\n\t\t\t\t<\/div>\n\t\t<div data-particle_enable=\"false\" data-particle-mobile-disabled=\"false\" class=\"elementor-element elementor-element-3f41150 e-flex e-con-boxed e-con e-parent\" data-id=\"3f41150\" data-element_type=\"container\" data-e-type=\"container\">\n\t\t\t\t\t<div class=\"e-con-inner\">\n\t\t\t\t<div class=\"elementor-element elementor-element-0ab0aa7 elementor-widget elementor-widget-image\" data-id=\"0ab0aa7\" data-element_type=\"widget\" data-e-type=\"widget\" data-widget_type=\"image.default\">\n\t\t\t\t\t\t\t\t\t\t\t\t\t\t\t<img decoding=\"async\" width=\"768\" height=\"768\" src=\"https:\/\/soymigrante.com\/revista\/wp-content\/uploads\/2024\/09\/desfile-hispano-queens-guatemala-7-e1734366968768-1024x1024.webp\" class=\"attachment-large size-large wp-image-9740\" alt=\"Nuestra reinas recorrieron con emoci\u00f3n las calles de Queens durante el desfile\" srcset=\"https:\/\/soymigrante.com\/revista\/wp-content\/uploads\/2024\/09\/desfile-hispano-queens-guatemala-7-e1734366968768-1024x1024.webp 1024w, https:\/\/soymigrante.com\/revista\/wp-content\/uploads\/2024\/09\/desfile-hispano-queens-guatemala-7-e1734366968768-300x300.webp 300w, https:\/\/soymigrante.com\/revista\/wp-content\/uploads\/2024\/09\/desfile-hispano-queens-guatemala-7-e1734366968768-150x150.webp 150w, https:\/\/soymigrante.com\/revista\/wp-content\/uploads\/2024\/09\/desfile-hispano-queens-guatemala-7-e1734366968768-768x768.webp 768w, https:\/\/soymigrante.com\/revista\/wp-content\/uploads\/2024\/09\/desfile-hispano-queens-guatemala-7-e1734366968768-75x75.webp 75w, https:\/\/soymigrante.com\/revista\/wp-content\/uploads\/2024\/09\/desfile-hispano-queens-guatemala-7-e1734366968768-750x750.webp 750w, https:\/\/soymigrante.com\/revista\/wp-content\/uploads\/2024\/09\/desfile-hispano-queens-guatemala-7-e1734366968768-1140x1140.webp 1140w, https:\/\/soymigrante.com\/revista\/wp-content\/uploads\/2024\/09\/desfile-hispano-queens-guatemala-7-e1734366968768.webp 1440w\" sizes=\"(max-width: 768px) 100vw, 768px\" title=\"Nuestra reinas recorrieron con emoci\u00f3n las calles de Queens durante el desfile \u2013 SoyMigrante.com REVISTA\" \/>\t\t\t\t\t\t\t\t\t\t\t\t\t\t\t<\/div>\n\t\t\t\t\t<\/div>\n\t\t\t\t<\/div>\n\t\t<div data-particle_enable=\"false\" data-particle-mobile-disabled=\"false\" class=\"elementor-element elementor-element-5939370 e-flex e-con-boxed e-con e-parent\" data-id=\"5939370\" data-element_type=\"container\" data-e-type=\"container\">\n\t\t\t\t\t<div class=\"e-con-inner\">\n\t\t\t\t<div class=\"elementor-element elementor-element-c1d663b elementor-widget elementor-widget-text-editor\" data-id=\"c1d663b\" data-element_type=\"widget\" data-e-type=\"widget\" data-widget_type=\"text-editor.default\">\n\t\t\t\t\t\t\t\t\t<p><span style=\"color: var( --e-global-color-text ); text-align: var(--text-align);\">Y es que los Hispanos aportamos valores culturales como el amor familiar, la solidaridad, la fe y tambi\u00e9n la alegr\u00eda. Tenemos la oportunidad de vivir eso que aprendimos en nuestros pa\u00edses y podemos darlo a conocer en una gran naci\u00f3n, Estados Unidos, que re\u00fane diferentes culturas\u00a0 y donde todos somos valorados.<\/span><\/p><p>\u00a0<\/p>\t\t\t\t\t\t\t\t<\/div>\n\t\t\t\t\t<\/div>\n\t\t\t\t<\/div>\n\t\t<div data-particle_enable=\"false\" data-particle-mobile-disabled=\"false\" class=\"elementor-element elementor-element-ba616f0 e-flex e-con-boxed e-con e-parent\" data-id=\"ba616f0\" data-element_type=\"container\" data-e-type=\"container\">\n\t\t\t\t\t<div class=\"e-con-inner\">\n\t\t\t\t<div class=\"elementor-element elementor-element-1a0b628 elementor-widget elementor-widget-facebook-embed\" data-id=\"1a0b628\" data-element_type=\"widget\" data-e-type=\"widget\" data-widget_type=\"facebook-embed.default\">\n\t\t\t\t\t<div style=\"min-height: 1px\" class=\"elementor-facebook-widget fb-post\" data-href=\"https:\/\/www.facebook.com\/arny.ortiz.378\/posts\/pfbid0WMFeh6KqCSQSp1AesF9iuGvwAL7HA2o827E4DGKwgqrNt8TR4DkUdGt5iPfpU2zRl\" data-show-text=\"false\"><\/div>\t\t\t\t<\/div>\n\t\t\t\t\t<\/div>\n\t\t\t\t<\/div>\n\t\t<div data-particle_enable=\"false\" data-particle-mobile-disabled=\"false\" class=\"elementor-element elementor-element-d24c7aa e-flex e-con-boxed e-con e-parent\" data-id=\"d24c7aa\" data-element_type=\"container\" data-e-type=\"container\">\n\t\t\t\t\t<div class=\"e-con-inner\">\n\t\t\t\t<div class=\"elementor-element elementor-element-fd0ea7e elementor-widget elementor-widget-text-editor\" data-id=\"fd0ea7e\" data-element_type=\"widget\" data-e-type=\"widget\" data-widget_type=\"text-editor.default\">\n\t\t\t\t\t\t\t\t\t<p><span style=\"color: var( --e-global-color-text ); text-align: var(--text-align);\">Como guatemaltecos tenemos una fortaleza muy grande: nuestra multiculturalidad.\u00a0 Podemos expresar con diferentes maneras lo capaces que somos para salir adelante en un pa\u00eds que no es el nuestro. Con nuestro esfuerzo aportamos en todo \u00e1mbito al desarrollo de este gran pa\u00eds que entre septiembre y octubre celebra el Mes de la Herencia Hispana.<\/span><\/p>\t\t\t\t\t\t\t\t<\/div>\n\t\t\t\t\t<\/div>\n\t\t\t\t<\/div>\n\t\t<div data-particle_enable=\"false\" data-particle-mobile-disabled=\"false\" class=\"elementor-element elementor-element-5e640d4 e-flex e-con-boxed e-con e-parent\" data-id=\"5e640d4\" data-element_type=\"container\" data-e-type=\"container\">\n\t\t\t\t\t<div class=\"e-con-inner\">\n\t\t\t\t<div class=\"elementor-element elementor-element-66dfecb elementor-widget elementor-widget-facebook-embed\" data-id=\"66dfecb\" data-element_type=\"widget\" data-e-type=\"widget\" data-widget_type=\"facebook-embed.default\">\n\t\t\t\t\t<div style=\"min-height: 1px\" class=\"elementor-facebook-widget fb-video\" data-href=\"https:\/\/www.facebook.com\/100027980892026\/videos\/pcb.1604353363840678\/1658232624752622\" data-show-text=\"false\" data-allowfullscreen=\"false\" data-autoplay=\"false\" data-show-captions=\"false\"><\/div>\t\t\t\t<\/div>\n\t\t\t\t\t<\/div>\n\t\t\t\t<\/div>\n\t\t<div data-particle_enable=\"false\" data-particle-mobile-disabled=\"false\" class=\"elementor-element elementor-element-930bc96 e-flex e-con-boxed e-con e-parent\" data-id=\"930bc96\" data-element_type=\"container\" data-e-type=\"container\">\n\t\t\t\t\t<div class=\"e-con-inner\">\n\t\t\t\t<div class=\"elementor-element elementor-element-9c70209 elementor-widget elementor-widget-heading\" data-id=\"9c70209\" data-element_type=\"widget\" data-e-type=\"widget\" data-widget_type=\"heading.default\">\n\t\t\t\t\t<h2 class=\"elementor-heading-title elementor-size-default\">Llevamos a Guatemala en el alma<\/h2>\t\t\t\t<\/div>\n\t\t\t\t\t<\/div>\n\t\t\t\t<\/div>\n\t\t<div data-particle_enable=\"false\" data-particle-mobile-disabled=\"false\" class=\"elementor-element elementor-element-f4094da e-flex e-con-boxed e-con e-parent\" data-id=\"f4094da\" data-element_type=\"container\" data-e-type=\"container\">\n\t\t\t\t\t<div class=\"e-con-inner\">\n\t\t\t\t<div class=\"elementor-element elementor-element-5a7e782 elementor-grid-eael-col-3 elementor-grid-tablet-eael-col-2 elementor-grid-mobile-eael-col-1 elementor-widget elementor-widget-eael-post-grid\" data-id=\"5a7e782\" data-element_type=\"widget\" data-e-type=\"widget\" data-settings=\"{&quot;eael_post_grid_columns&quot;:&quot;eael-col-3&quot;,&quot;eael_post_grid_columns_tablet&quot;:&quot;eael-col-2&quot;,&quot;eael_post_grid_columns_mobile&quot;:&quot;eael-col-1&quot;}\" data-widget_type=\"eael-post-grid.default\">\n\t\t\t\t\t<div id=\"eael-post-grid-5a7e782\" class=\"eael-post-grid-container\">\n            <div class=\"eael-post-grid eael-post-appender eael-post-appender-5a7e782 eael-post-grid-style-one\" data-layout-mode=\"masonry\"><article class=\"eael-grid-post  eael-post-grid-column eael-pg-post-9602 category-estamos-unidos\" data-id=\"9602\">\n        <div class=\"eael-grid-post-holder\">\n            <div class=\"eael-grid-post-holder-inner\"><div class=\"eael-entry-media\"><div class=\"eael-entry-overlay fade-in\"><i class=\"far fa-hand-pointer\" aria-hidden=\"true\"><\/i><a href=\"https:\/\/soymigrante.com\/revista\/por-que-y-desde-cuando-existe-el-mes-de-la-herencia-hispana-en-usa\/\"><\/a><\/div><div class=\"eael-entry-thumbnail \">\n                <img decoding=\"async\" width=\"1024\" height=\"1024\" src=\"https:\/\/soymigrante.com\/revista\/wp-content\/uploads\/2024\/09\/guatemala-en-mes-herencia-hispana-1024x1024.webp\" class=\"attachment-large size-large wp-image-9603\" alt=\"Ni\u00f1as guatemaltecas en desfile cultural con trajes tradicionales y coronas, promoci\u00f3n de la comunidad guatemalteca en EE. UU., celebraci\u00f3n cultural, orgullo ind\u00edgena, revista SoyMigrante.com REVISTA.\" srcset=\"https:\/\/soymigrante.com\/revista\/wp-content\/uploads\/2024\/09\/guatemala-en-mes-herencia-hispana-1024x1024.webp 1024w, https:\/\/soymigrante.com\/revista\/wp-content\/uploads\/2024\/09\/guatemala-en-mes-herencia-hispana-300x300.webp 300w, https:\/\/soymigrante.com\/revista\/wp-content\/uploads\/2024\/09\/guatemala-en-mes-herencia-hispana-150x150.webp 150w, https:\/\/soymigrante.com\/revista\/wp-content\/uploads\/2024\/09\/guatemala-en-mes-herencia-hispana-768x768.webp 768w, https:\/\/soymigrante.com\/revista\/wp-content\/uploads\/2024\/09\/guatemala-en-mes-herencia-hispana-75x75.webp 75w, https:\/\/soymigrante.com\/revista\/wp-content\/uploads\/2024\/09\/guatemala-en-mes-herencia-hispana-750x750.webp 750w, https:\/\/soymigrante.com\/revista\/wp-content\/uploads\/2024\/09\/guatemala-en-mes-herencia-hispana-1140x1140.webp 1140w, https:\/\/soymigrante.com\/revista\/wp-content\/uploads\/2024\/09\/guatemala-en-mes-herencia-hispana.webp 1536w\" sizes=\"(max-width: 1024px) 100vw, 1024px\" \/>\n            <\/div>\n        <\/div><div class=\"eael-entry-wrapper\"><header class=\"eael-entry-header\"><h2 class=\"eael-entry-title\"><a class=\"eael-grid-post-link\" href=\"https:\/\/soymigrante.com\/revista\/por-que-y-desde-cuando-existe-el-mes-de-la-herencia-hispana-en-usa\/\" title=\"\u00bfCu\u00e1ndo y por qu\u00e9 se celebra el Mes de la Herencia Hispana en USA?\">\u00bfCu\u00e1ndo y por qu\u00e9 se celebra el Mes de la Herencia Hispana en USA?<\/a><\/h2><\/header><div class=\"eael-entry-content\">\n                        <div class=\"eael-grid-post-excerpt\"><a href=\"https:\/\/soymigrante.com\/revista\/por-que-y-desde-cuando-existe-el-mes-de-la-herencia-hispana-en-usa\/\" class=\"eael-post-elements-readmore-btn\">CONOCE SU HISTORIA <\/a><\/div>\n                    <\/div><\/div><\/div>\n        <\/div>\n    <\/article><article class=\"eael-grid-post  eael-post-grid-column eael-pg-post-9575 category-lugar-de-voces\" data-id=\"9575\">\n        <div class=\"eael-grid-post-holder\">\n            <div class=\"eael-grid-post-holder-inner\"><div class=\"eael-entry-media\"><div class=\"eael-entry-overlay fade-in\"><i class=\"far fa-hand-pointer\" aria-hidden=\"true\"><\/i><a href=\"https:\/\/soymigrante.com\/revista\/relato-de-3-dias-de-amor-y-orgullo-por-guatemala-desde-texas\/\"><\/a><\/div><div class=\"eael-entry-thumbnail \">\n                <img loading=\"lazy\" decoding=\"async\" width=\"810\" height=\"810\" src=\"https:\/\/soymigrante.com\/revista\/wp-content\/uploads\/2024\/09\/guatemaltecos-dallas-migrantes-5-1.webp\" class=\"attachment-large size-large wp-image-9583\" alt=\"Activistas migrantes con atuendos tradicionales y sonrisas en un evento al aire libre, promoviendo la cultura y la integraci\u00f3n en la comunidad en un d\u00eda soleado en el estacionamiento de una ciudad laboral.\" srcset=\"https:\/\/soymigrante.com\/revista\/wp-content\/uploads\/2024\/09\/guatemaltecos-dallas-migrantes-5-1.webp 810w, https:\/\/soymigrante.com\/revista\/wp-content\/uploads\/2024\/09\/guatemaltecos-dallas-migrantes-5-1-300x300.webp 300w, https:\/\/soymigrante.com\/revista\/wp-content\/uploads\/2024\/09\/guatemaltecos-dallas-migrantes-5-1-150x150.webp 150w, https:\/\/soymigrante.com\/revista\/wp-content\/uploads\/2024\/09\/guatemaltecos-dallas-migrantes-5-1-768x768.webp 768w, https:\/\/soymigrante.com\/revista\/wp-content\/uploads\/2024\/09\/guatemaltecos-dallas-migrantes-5-1-75x75.webp 75w, https:\/\/soymigrante.com\/revista\/wp-content\/uploads\/2024\/09\/guatemaltecos-dallas-migrantes-5-1-750x750.webp 750w\" sizes=\"(max-width: 810px) 100vw, 810px\" \/>\n            <\/div>\n        <\/div><div class=\"eael-entry-wrapper\"><header class=\"eael-entry-header\"><h2 class=\"eael-entry-title\"><a class=\"eael-grid-post-link\" href=\"https:\/\/soymigrante.com\/revista\/relato-de-3-dias-de-amor-y-orgullo-por-guatemala-desde-texas\/\" title=\"Relato de 3 d\u00edas de amor y orgullo por Guatemala desde Texas\">Relato de 3 d\u00edas de amor y orgullo por Guatemala desde Texas<\/a><\/h2><\/header><div class=\"eael-entry-content\">\n                        <div class=\"eael-grid-post-excerpt\"><a href=\"https:\/\/soymigrante.com\/revista\/relato-de-3-dias-de-amor-y-orgullo-por-guatemala-desde-texas\/\" class=\"eael-post-elements-readmore-btn\">CONOCE SU HISTORIA <\/a><\/div>\n                    <\/div><\/div><\/div>\n        <\/div>\n    <\/article><article class=\"eael-grid-post  eael-post-grid-column eael-pg-post-8692 category-exitos\" data-id=\"8692\">\n        <div class=\"eael-grid-post-holder\">\n            <div class=\"eael-grid-post-holder-inner\"><div class=\"eael-entry-media\"><div class=\"eael-entry-overlay fade-in\"><i class=\"far fa-hand-pointer\" aria-hidden=\"true\"><\/i><a href=\"https:\/\/soymigrante.com\/revista\/leonel-arenas-conecta-a-migrantes-en-connecticut-con-nobles-causas\/\"><\/a><\/div><div class=\"eael-entry-thumbnail \">\n                <img loading=\"lazy\" decoding=\"async\" width=\"562\" height=\"562\" src=\"https:\/\/soymigrante.com\/revista\/wp-content\/uploads\/2024\/09\/leonel-arenas-migrante-1.webp\" class=\"attachment-large size-large wp-image-8693\" alt=\"Nueva York, celebraci\u00f3n de la cultura guatemalteca con inmigrantes en la calle, sosteniendo la bandera nacional, en un entorno urbano moderno.\" srcset=\"https:\/\/soymigrante.com\/revista\/wp-content\/uploads\/2024\/09\/leonel-arenas-migrante-1.webp 562w, https:\/\/soymigrante.com\/revista\/wp-content\/uploads\/2024\/09\/leonel-arenas-migrante-1-300x300.webp 300w, https:\/\/soymigrante.com\/revista\/wp-content\/uploads\/2024\/09\/leonel-arenas-migrante-1-150x150.webp 150w, https:\/\/soymigrante.com\/revista\/wp-content\/uploads\/2024\/09\/leonel-arenas-migrante-1-75x75.webp 75w\" sizes=\"(max-width: 562px) 100vw, 562px\" \/>\n            <\/div>\n        <\/div><div class=\"eael-entry-wrapper\"><header class=\"eael-entry-header\"><h2 class=\"eael-entry-title\"><a class=\"eael-grid-post-link\" href=\"https:\/\/soymigrante.com\/revista\/leonel-arenas-conecta-a-migrantes-en-connecticut-con-nobles-causas\/\" title=\"Leonel Arenas conecta a migrantes en Connecticut con nobles causas\">Leonel Arenas conecta a migrantes en Connecticut con nobles causas<\/a><\/h2><\/header><div class=\"eael-entry-content\">\n                        <div class=\"eael-grid-post-excerpt\"><a href=\"https:\/\/soymigrante.com\/revista\/leonel-arenas-conecta-a-migrantes-en-connecticut-con-nobles-causas\/\" class=\"eael-post-elements-readmore-btn\">CONOCE SU HISTORIA <\/a><\/div>\n                    <\/div><\/div><\/div>\n        <\/div>\n    <\/article><\/div>\n            <div class=\"clearfix\"><\/div>\n        <\/div>\t\t\t\t<\/div>\n\t\t\t\t\t<\/div>\n\t\t\t\t<\/div>\n\t\t\t\t<\/div>\n\t\t","protected":false},"excerpt":{"rendered":"<p>Migrantes guatemaltecos de Connecticut pudieron participar en el Desfile Hispano de Queens, Nueva York, el domingo 22, en el cual se integran comunidades de pa\u00edses de Centro y Sudam\u00e9rica, para exponer su colorido, valores y uni\u00f3n. As\u00ed lo relata Leonel Arenas promotor cultural guatemalteco. Por Leonel Arenas El Desfile Hispano de Quenns New York es [&hellip;]<\/p>\n","protected":false},"author":1,"featured_media":9737,"comment_status":"open","ping_status":"open","sticky":false,"template":"","format":"standard","meta":{"_acf_changed":false,"_eb_attr":"","footnotes":""},"categories":[56],"tags":[],"class_list":["post-9736","post","type-post","status-publish","format-standard","has-post-thumbnail","hentry","category-lugar-de-voces"],"acf":[],"aioseo_notices":[],"aioseo_head":"\n\t\t<!-- All in One SEO Pro 4.9.6.2 - aioseo.com -->\n\t<meta name=\"description\" content=\"Originario de La Gomera, Escuintla, Guatemala, Leonel padeci\u00f3 la pobreza. Se solidariza con la ni\u00f1ez de su municipio, pero tambi\u00e9n con la comunidad migrante. Esta es su historia.\" \/>\n\t<meta name=\"robots\" content=\"max-snippet:-1, max-image-preview:large, max-video-preview:-1\" \/>\n\t<meta name=\"author\" content=\"Gustavo Montenegro\"\/>\n\t<link rel=\"canonical\" href=\"https:\/\/soymigrante.com\/revista\/leonel-arenas-conecta-a-migrantes-en-connecticut-con-nobles-causas\/\" \/>\n\t<meta name=\"generator\" content=\"All in One SEO Pro (AIOSEO) 4.9.6.2\" \/>\n\n\t\t<link rel=\"preconnect\" href=\"https:\/\/fonts.googleapis.com\" crossorigin>\n<link rel=\"preconnect\" href=\"https:\/\/fonts.gstatic.com\" crossorigin>\n\t\t<meta property=\"og:locale\" content=\"es_ES\" \/>\n\t\t<meta property=\"og:site_name\" content=\"SoyMigrante.com REVISTA \u2013 Nuestra misi\u00f3n es reconocer y dignificar al migrante.\" \/>\n\t\t<meta property=\"og:type\" content=\"article\" \/>\n\t\t<meta property=\"og:title\" content=\"Leonel Arenas conecta a migrantes en Connecticut con nobles causas\" \/>\n\t\t<meta property=\"og:description\" content=\"Originario de La Gomera, Escuintla, Guatemala, Leonel padeci\u00f3 la pobreza. Se solidariza con la ni\u00f1ez de su municipio, pero tambi\u00e9n con la comunidad migrante. Esta es su historia.\" \/>\n\t\t<meta property=\"og:url\" content=\"https:\/\/soymigrante.com\/revista\/leonel-arenas-conecta-a-migrantes-en-connecticut-con-nobles-causas\/\" \/>\n\t\t<meta property=\"og:image\" content=\"https:\/\/soymigrante.com\/revista\/wp-content\/uploads\/2024\/09\/leonel-arenas-migrante-1.webp\" \/>\n\t\t<meta property=\"og:image:secure_url\" content=\"https:\/\/soymigrante.com\/revista\/wp-content\/uploads\/2024\/09\/leonel-arenas-migrante-1.webp\" \/>\n\t\t<meta property=\"og:image:width\" content=\"562\" \/>\n\t\t<meta property=\"og:image:height\" content=\"562\" \/>\n\t\t<meta property=\"article:published_time\" content=\"2024-09-02T21:41:32+00:00\" \/>\n\t\t<meta property=\"article:modified_time\" content=\"2024-09-25T21:09:42+00:00\" \/>\n\t\t<meta property=\"article:publisher\" content=\"https:\/\/www.facebook.com\/soymigrantecom\" \/>\n\t\t<meta name=\"twitter:card\" content=\"summary_large_image\" \/>\n\t\t<meta name=\"twitter:site\" content=\"@SoyMigrante_com\" \/>\n\t\t<meta name=\"twitter:title\" content=\"Leonel Arenas conecta a migrantes en Connecticut con nobles causas\" \/>\n\t\t<meta name=\"twitter:description\" content=\"Originario de La Gomera, Escuintla, Guatemala, Leonel padeci\u00f3 la pobreza. Se solidariza con la ni\u00f1ez de su municipio, pero tambi\u00e9n con la comunidad migrante. Esta es su historia.\" \/>\n\t\t<meta name=\"twitter:creator\" content=\"@SoyMigrante_com\" \/>\n\t\t<meta name=\"twitter:image\" content=\"https:\/\/soymigrante.com\/revista\/wp-content\/uploads\/2024\/09\/leonel-arenas-migrante-1.webp\" \/>\n\t\t<!-- All in One SEO Pro -->\r\n\t\t<title>Leonel Arenas conecta a migrantes en Connecticut con nobles causas<\/title>\n\n","aioseo_head_json":{"title":"Leonel Arenas conecta a migrantes en Connecticut con nobles causas","description":"Originario de La Gomera, Escuintla, Guatemala, Leonel padeci\u00f3 la pobreza. Se solidariza con la ni\u00f1ez de su municipio, pero tambi\u00e9n con la comunidad migrante. Esta es su historia.","canonical_url":"https:\/\/soymigrante.com\/revista\/leonel-arenas-conecta-a-migrantes-en-connecticut-con-nobles-causas\/","robots":"max-snippet:-1, max-image-preview:large, max-video-preview:-1","keywords":"","webmasterTools":{"miscellaneous":"&lt;link rel=\"preconnect\" href=\"https:\/\/fonts.googleapis.com\" crossorigin&gt;\n&lt;link rel=\"preconnect\" href=\"https:\/\/fonts.gstatic.com\" crossorigin&gt;"},"schema":null,"og:locale":"es_ES","og:site_name":"SoyMigrante.com REVISTA \u2013 Nuestra misi\u00f3n es reconocer y dignificar al migrante.","og:type":"article","og:title":"Leonel Arenas conecta a migrantes en Connecticut con nobles causas","og:description":"Originario de La Gomera, Escuintla, Guatemala, Leonel padeci\u00f3 la pobreza. Se solidariza con la ni\u00f1ez de su municipio, pero tambi\u00e9n con la comunidad migrante. Esta es su historia.","og:url":"https:\/\/soymigrante.com\/revista\/leonel-arenas-conecta-a-migrantes-en-connecticut-con-nobles-causas\/","og:image":"https:\/\/soymigrante.com\/revista\/wp-content\/uploads\/2024\/09\/leonel-arenas-migrante-1.webp","og:image:secure_url":"https:\/\/soymigrante.com\/revista\/wp-content\/uploads\/2024\/09\/leonel-arenas-migrante-1.webp","og:image:width":562,"og:image:height":562,"article:published_time":"2024-09-02T21:41:32+00:00","article:modified_time":"2024-09-25T21:09:42+00:00","article:publisher":"https:\/\/www.facebook.com\/soymigrantecom","twitter:card":"summary_large_image","twitter:site":"@SoyMigrante_com","twitter:title":"Leonel Arenas conecta a migrantes en Connecticut con nobles causas","twitter:description":"Originario de La Gomera, Escuintla, Guatemala, Leonel padeci\u00f3 la pobreza. Se solidariza con la ni\u00f1ez de su municipio, pero tambi\u00e9n con la comunidad migrante. Esta es su historia.","twitter:creator":"@SoyMigrante_com","twitter:image":"https:\/\/soymigrante.com\/revista\/wp-content\/uploads\/2024\/09\/leonel-arenas-migrante-1.webp"},"aioseo_meta_data":{"post_id":"9736","title":null,"description":"Participaci\u00f3n guatemalteca en el Desfile Hispano de Queens, NY fue colorida y entusiasta, cuenta Leonel Arenas, promotor cultural migrante en Connecticut.","keywords":null,"keyphrases":{"focus":{"keyphrase":"Migrante","score":74,"analysis":{"keyphraseInTitle":{"score":3,"maxScore":9,"error":1},"keyphraseInDescription":{"score":9,"maxScore":9,"error":0},"keyphraseLength":{"score":9,"maxScore":9,"error":0,"length":1},"keyphraseInURL":{"score":5,"maxScore":5,"error":0},"keyphraseInIntroduction":{"score":3,"maxScore":9,"error":1},"keyphraseInSubHeadings":{"score":3,"maxScore":9,"error":1},"keyphraseInImageAlt":{"score":9,"maxScore":9,"error":0},"keywordDensity":{"type":"best","score":9,"maxScore":9,"error":0}}},"additional":[{"keyphrase":"Hispano","score":73,"analysis":{"keyphraseInDescription":{"score":9,"maxScore":9,"error":0},"keyphraseLength":{"score":9,"maxScore":9,"error":0,"length":1},"keyphraseInIntroduction":{"score":3,"maxScore":9,"error":1},"keyphraseInImageAlt":{"score":3,"maxScore":9,"error":1},"keywordDensity":{"type":"best","score":9,"maxScore":9,"error":0}}}]},"primary_term":null,"canonical_url":null,"og_title":null,"og_description":null,"og_object_type":"default","og_image_type":"default","og_image_url":null,"og_image_width":null,"og_image_height":null,"og_image_custom_url":null,"og_image_custom_fields":null,"og_video":"","og_custom_url":null,"og_article_section":null,"og_article_tags":null,"twitter_use_og":false,"twitter_card":"default","twitter_image_type":"default","twitter_image_url":null,"twitter_image_custom_url":null,"twitter_image_custom_fields":null,"twitter_title":null,"twitter_description":null,"schema":{"blockGraphs":[],"customGraphs":[],"default":{"data":{"Article":[],"Course":[],"Dataset":[],"FAQPage":[],"Movie":[],"Person":[],"Product":[],"ProductReview":[],"Car":[],"Recipe":[],"Service":[],"SoftwareApplication":[],"WebPage":[]},"graphName":"Article","isEnabled":true},"graphs":[]},"schema_type":"default","schema_type_options":null,"pillar_content":false,"robots_default":true,"robots_noindex":false,"robots_noarchive":false,"robots_nosnippet":false,"robots_nofollow":false,"robots_noimageindex":false,"robots_noodp":false,"robots_notranslate":false,"robots_max_snippet":"-1","robots_max_videopreview":"-1","robots_max_imagepreview":"large","priority":null,"frequency":"default","local_seo":null,"seo_analyzer_scan_date":"2025-10-08 23:21:39","breadcrumb_settings":null,"limit_modified_date":false,"reviewed_by":null,"open_ai":"{\"title\":{\"suggestions\":[],\"usage\":0},\"description\":{\"suggestions\":[],\"usage\":0}}","ai":null,"created":"2024-09-25 20:21:15","updated":"2026-02-04 13:36:46"},"aioseo_breadcrumb":"<div class=\"aioseo-breadcrumbs\"><span class=\"aioseo-breadcrumb\">\n\t<a href=\"https:\/\/soymigrante.com\/revista\" title=\"Home\">Home<\/a>\n<\/span><span class=\"aioseo-breadcrumb-separator\">\u00bb<\/span><span class=\"aioseo-breadcrumb\">\n\t<a href=\"https:\/\/soymigrante.com\/revista\/category\/estamos-unidos\/\" title=\"Estamos Unidos\">Estamos Unidos<\/a>\n<\/span><span class=\"aioseo-breadcrumb-separator\">\u00bb<\/span><span class=\"aioseo-breadcrumb\">\n\t<a href=\"https:\/\/soymigrante.com\/revista\/category\/estamos-unidos\/lugar-de-voces\/\" title=\"Lugar de Voces\">Lugar de Voces<\/a>\n<\/span><span class=\"aioseo-breadcrumb-separator\">\u00bb<\/span><span class=\"aioseo-breadcrumb\">\n\t\u201cGuatemaltecos somos parte de una gran uni\u00f3n hispana\u201d: Leonel Arenas\n<\/span><\/div>","aioseo_breadcrumb_json":[{"label":"Home","link":"https:\/\/soymigrante.com\/revista"},{"label":"Estamos Unidos","link":"https:\/\/soymigrante.com\/revista\/category\/estamos-unidos\/"},{"label":"Lugar de Voces","link":"https:\/\/soymigrante.com\/revista\/category\/estamos-unidos\/lugar-de-voces\/"},{"label":"&#8220;Guatemaltecos somos parte de una gran uni\u00f3n hispana&#8221;: Leonel Arenas","link":"https:\/\/soymigrante.com\/revista\/guatemaltecos-somos-parte-de-una-gran-union-hispana-leonel-arenas\/"}],"_links":{"self":[{"href":"https:\/\/soymigrante.com\/revista\/wp-json\/wp\/v2\/posts\/9736","targetHints":{"allow":["GET"]}}],"collection":[{"href":"https:\/\/soymigrante.com\/revista\/wp-json\/wp\/v2\/posts"}],"about":[{"href":"https:\/\/soymigrante.com\/revista\/wp-json\/wp\/v2\/types\/post"}],"author":[{"embeddable":true,"href":"https:\/\/soymigrante.com\/revista\/wp-json\/wp\/v2\/users\/1"}],"replies":[{"embeddable":true,"href":"https:\/\/soymigrante.com\/revista\/wp-json\/wp\/v2\/comments?post=9736"}],"version-history":[{"count":0,"href":"https:\/\/soymigrante.com\/revista\/wp-json\/wp\/v2\/posts\/9736\/revisions"}],"wp:featuredmedia":[{"embeddable":true,"href":"https:\/\/soymigrante.com\/revista\/wp-json\/wp\/v2\/media\/9737"}],"wp:attachment":[{"href":"https:\/\/soymigrante.com\/revista\/wp-json\/wp\/v2\/media?parent=9736"}],"wp:term":[{"taxonomy":"category","embeddable":true,"href":"https:\/\/soymigrante.com\/revista\/wp-json\/wp\/v2\/categories?post=9736"},{"taxonomy":"post_tag","embeddable":true,"href":"https:\/\/soymigrante.com\/revista\/wp-json\/wp\/v2\/tags?post=9736"}],"curies":[{"name":"wp","href":"https:\/\/api.w.org\/{rel}","templated":true}]}}