{"id":9723,"date":"2024-11-30T14:18:02","date_gmt":"2024-11-30T20:18:02","guid":{"rendered":"https:\/\/soymigrante.com\/revista\/?p=9723"},"modified":"2024-12-01T08:27:05","modified_gmt":"2024-12-01T14:27:05","slug":"la-repatriacion-un-desafio-migrante-que-merece-ser-dignificado","status":"publish","type":"post","link":"https:\/\/soymigrante.com\/revista\/la-repatriacion-un-desafio-migrante-que-merece-ser-dignificado\/","title":{"rendered":"La repatriaci\u00f3n: un desaf\u00edo migrante que  merece ser dignificado"},"content":{"rendered":"\t\t<div data-elementor-type=\"wp-post\" data-elementor-id=\"9723\" class=\"elementor elementor-9723\" data-elementor-post-type=\"post\">\n\t\t\t\t<div data-particle_enable=\"false\" data-particle-mobile-disabled=\"false\" class=\"elementor-element elementor-element-cd2c797 e-flex e-con-boxed e-con e-parent\" data-id=\"cd2c797\" data-element_type=\"container\" data-e-type=\"container\">\n\t\t\t\t\t<div class=\"e-con-inner\">\n\t\t\t\t<div class=\"elementor-element elementor-element-676451e elementor-widget elementor-widget-heading\" data-id=\"676451e\" data-element_type=\"widget\" data-e-type=\"widget\" data-widget_type=\"heading.default\">\n\t\t\t\t\t<h2 class=\"elementor-heading-title elementor-size-default\">La repatriaci\u00f3n desde Estados Unidos a Guatemala puede costar miles de d\u00f3lares. Solo en lo que va del a\u00f1o el Ministerio de Relaciones Exteriores registra m\u00e1s de 180 migrantes guatemaltecos fallecidos y repatriados. Pero el proceso a\u00fan enfrenta muchos atrasos y gastos. Es un desaf\u00edo abierto dignificar el \u00faltimo retorno de connacionales.<\/h2>\t\t\t\t<\/div>\n\t\t\t\t\t<\/div>\n\t\t\t\t<\/div>\n\t\t<div data-particle_enable=\"false\" data-particle-mobile-disabled=\"false\" class=\"elementor-element elementor-element-531845f e-flex e-con-boxed e-con e-parent\" data-id=\"531845f\" data-element_type=\"container\" data-e-type=\"container\">\n\t\t\t\t\t<div class=\"e-con-inner\">\n\t\t\t\t<div class=\"elementor-element elementor-element-14c3d44 elementor-widget elementor-widget-text-editor\" data-id=\"14c3d44\" data-element_type=\"widget\" data-e-type=\"widget\" data-widget_type=\"text-editor.default\">\n\t\t\t\t\t\t\t\t\t<p>En vida el migrante guatemalteco aporta mucho a sus seres queridos en Guatemala. Pero cuando, desafortunadamente fallece en Estados Unidos, el proceso para repatriar sus restos a Guatemala est\u00e1 lleno de dificultades, comenzando por el alto costo que implica. Mejorar este proceso y ayudar a las familias de migrantes es un desaf\u00edo que contin\u00faa abierto.<\/p><p>La repatriaci\u00f3n de cuerpos desde Estados Unidos hacia Guatemala es una realidad y un desaf\u00edo que viven muchos familiares de migrantes guatemaltecos, <a href=\"https:\/\/soymigrante.com\/revista\/que-hacer-si-perdi-mi-pasaporte-guatemalteco\/\" target=\"_blank\" rel=\"noopener\">enfrentando no solo la p\u00e9rdida de un ser querido, sino tambi\u00e9n los desaf\u00edos log\u00edsticos,<\/a> econ\u00f3micos, legales\u00a0 y emocionales de traer de vuelta a casa a un hijo, hermano, padre o t\u00edo que muri\u00f3 fuera del pa\u00eds.<\/p><p>A veces ocurren tragedias viales, accidentes laborales o tambi\u00e9n situaci\u00f3nes de salud con un desenlace lamentable.\u00a0\u00a0<span style=\"color: var( --e-global-color-text ); text-align: var(--text-align);\">Este proceso, a menudo doloroso y complejo, se ha vuelto cada vez m\u00e1s frecuente debido a la gran cantidad de guatemaltecos que migran en busca de mejores oportunidades, pero cuyas familias viven a\u00fan en su municipio natal.<\/span><\/p>\t\t\t\t\t\t\t\t<\/div>\n\t\t\t\t\t<\/div>\n\t\t\t\t<\/div>\n\t\t<div data-particle_enable=\"false\" data-particle-mobile-disabled=\"false\" class=\"elementor-element elementor-element-09dc0f3 e-flex e-con-boxed e-con e-parent\" data-id=\"09dc0f3\" data-element_type=\"container\" data-e-type=\"container\">\n\t\t\t\t\t<div class=\"e-con-inner\">\n\t\t\t\t<div class=\"elementor-element elementor-element-8f97117 elementor-widget elementor-widget-text-editor\" data-id=\"8f97117\" data-element_type=\"widget\" data-e-type=\"widget\" data-widget_type=\"text-editor.default\">\n\t\t\t\t\t\t\t\t\t<p><a href=\"https:\/\/www.minex.gob.gt\/Visor_Pagina.aspx?PaginaID=2266\" target=\"_blank\" rel=\"noopener\">El gobierno guatemalteco, a trav\u00e9s de su red consular, ofrece asistencia para reducir los costos o facilita el contacto<\/a> con funerarias que ofrezcan tarifas m\u00e1s asequibles. No obstante, esta ayuda no siempre es suficiente, y muchas familias se ven en la dolorosa situaci\u00f3n de retrasar la repatriaci\u00f3n debido a la falta de recursos.<\/p>\t\t\t\t\t\t\t\t<\/div>\n\t\t\t\t\t<\/div>\n\t\t\t\t<\/div>\n\t\t<div data-particle_enable=\"false\" data-particle-mobile-disabled=\"false\" class=\"elementor-element elementor-element-0da1802 e-flex e-con-boxed e-con e-parent\" data-id=\"0da1802\" data-element_type=\"container\" data-e-type=\"container\">\n\t\t\t\t\t<div class=\"e-con-inner\">\n\t\t\t\t<div class=\"elementor-element elementor-element-6915a97 elementor-widget elementor-widget-image\" data-id=\"6915a97\" data-element_type=\"widget\" data-e-type=\"widget\" data-widget_type=\"image.default\">\n\t\t\t\t\t\t\t\t\t\t\t\t<figure class=\"wp-caption\">\n\t\t\t\t\t\t\t\t\t\t\t<a href=\"https:\/\/www.minex.gob.gt\/Visor_Pagina.aspx?PaginaID=152\">\n\t\t\t\t\t\t\t<img fetchpriority=\"high\" decoding=\"async\" width=\"768\" height=\"429\" src=\"https:\/\/soymigrante.com\/revista\/wp-content\/uploads\/2024\/11\/repatriacion-1024x572.jpg\" class=\"attachment-large size-large wp-image-15160\" alt=\"Solicitudes de repatriaci\u00f3n y ayuda para migrantes guatemaltecos en el extranjero - Ministerio de Relaciones Exteriores Guatemala.\" srcset=\"https:\/\/soymigrante.com\/revista\/wp-content\/uploads\/2024\/11\/repatriacion-1024x572.jpg 1024w, https:\/\/soymigrante.com\/revista\/wp-content\/uploads\/2024\/11\/repatriacion-300x168.jpg 300w, https:\/\/soymigrante.com\/revista\/wp-content\/uploads\/2024\/11\/repatriacion-768x429.jpg 768w, https:\/\/soymigrante.com\/revista\/wp-content\/uploads\/2024\/11\/repatriacion-750x419.webp 750w, https:\/\/soymigrante.com\/revista\/wp-content\/uploads\/2024\/11\/repatriacion-1140x637.webp 1140w, https:\/\/soymigrante.com\/revista\/wp-content\/uploads\/2024\/11\/repatriacion.webp 1178w\" sizes=\"(max-width: 768px) 100vw, 768px\" title=\"La p\u00e1gina del Minex delega la informaci\u00f3n sobre repatriaciones a los consulados, en donde los familiares de la persona fallecida deben consultar sobre requisitos legales y posible ayuda gubernamental. \u2013 SoyMigrante.com REVISTA\" \/>\t\t\t\t\t\t\t\t<\/a>\n\t\t\t\t\t\t\t\t\t\t\t<figcaption class=\"widget-image-caption wp-caption-text\">Repatriaci\u00f3n de familiares fallecidos en el extranjero, asistencia y tr\u00e1mites consulares para migrantes guatemaltecos.<\/figcaption>\n\t\t\t\t\t\t\t\t\t\t<\/figure>\n\t\t\t\t\t\t\t\t\t<\/div>\n\t\t\t\t\t<\/div>\n\t\t\t\t<\/div>\n\t\t<div data-particle_enable=\"false\" data-particle-mobile-disabled=\"false\" class=\"elementor-element elementor-element-5aa2bc3 e-flex e-con-boxed e-con e-parent\" data-id=\"5aa2bc3\" data-element_type=\"container\" data-e-type=\"container\">\n\t\t\t\t\t<div class=\"e-con-inner\">\n\t\t\t\t<div class=\"elementor-element elementor-element-9d96dba elementor-widget elementor-widget-heading\" data-id=\"9d96dba\" data-element_type=\"widget\" data-e-type=\"widget\" data-widget_type=\"heading.default\">\n\t\t\t\t\t<h3 class=\"elementor-heading-title elementor-size-default\">El inicio del proceso<\/h3>\t\t\t\t<\/div>\n\t\t\t\t\t<\/div>\n\t\t\t\t<\/div>\n\t\t<div data-particle_enable=\"false\" data-particle-mobile-disabled=\"false\" class=\"elementor-element elementor-element-2ff10dd e-flex e-con-boxed e-con e-parent\" data-id=\"2ff10dd\" data-element_type=\"container\" data-e-type=\"container\">\n\t\t\t\t\t<div class=\"e-con-inner\">\n\t\t\t\t<div class=\"elementor-element elementor-element-8645206 elementor-widget elementor-widget-text-editor\" data-id=\"8645206\" data-element_type=\"widget\" data-e-type=\"widget\" data-widget_type=\"text-editor.default\">\n\t\t\t\t\t\t\t\t\t<p>El fallecimiento de un familiar en Estados Unidos suele ser un momento devastador para las familias guatemaltecas. En muchos casos, los seres queridos fallecen de manera inesperada, ya sea por enfermedad, accidente, o en circunstancias tr\u00e1gicas como en su intento de cruzar la frontera hacia Estados Unidos. <a href=\"https:\/\/www.minex.gob.gt\/Visor_Pagina.aspx?PaginaID=2266\" target=\"_blank\" rel=\"noopener\">El primer paso tras recibir la noticia es ponerse en contacto con las autoridades locales y las embajadas, tanto de Estados Unidos como de Guatemala,<\/a> para iniciar los tr\u00e1mites de repatriaci\u00f3n.<\/p><p>Aqu\u00ed, la burocracia juega un papel crucial, ya que es necesario obtener los certificados de defunci\u00f3n, permisos de repatriaci\u00f3n y coordinar con una funeraria para el traslado del cuerpo.<\/p><p>Muchas familias guatemaltecas carecen de los recursos o conocimientos para realizar estos tr\u00e1mites por s\u00ed mismas, por lo que recurren a organizaciones comunitarias o consulados guatemaltecos en Estados Unidos para obtener orientaci\u00f3n.<\/p>\t\t\t\t\t\t\t\t<\/div>\n\t\t\t\t\t<\/div>\n\t\t\t\t<\/div>\n\t\t<div data-particle_enable=\"false\" data-particle-mobile-disabled=\"false\" class=\"elementor-element elementor-element-34ca2bd e-flex e-con-boxed e-con e-parent\" data-id=\"34ca2bd\" data-element_type=\"container\" data-e-type=\"container\">\n\t\t\t\t\t<div class=\"e-con-inner\">\n\t\t\t\t<div class=\"elementor-element elementor-element-10d6d4b elementor-widget elementor-widget-heading\" data-id=\"10d6d4b\" data-element_type=\"widget\" data-e-type=\"widget\" data-widget_type=\"heading.default\">\n\t\t\t\t\t<h4 class=\"elementor-heading-title elementor-size-default\">Familiares de migrantes guatemaltecos a menudo recurren a colectas para sufragar gastos de repatriaci\u00f3n<\/h4>\t\t\t\t<\/div>\n\t\t\t\t\t<\/div>\n\t\t\t\t<\/div>\n\t\t<div data-particle_enable=\"false\" data-particle-mobile-disabled=\"false\" class=\"elementor-element elementor-element-5661ee1 e-flex e-con-boxed e-con e-parent\" data-id=\"5661ee1\" data-element_type=\"container\" data-e-type=\"container\">\n\t\t\t\t\t<div class=\"e-con-inner\">\n\t\t\t\t<div class=\"elementor-element elementor-element-3ff9be9 elementor-invisible elementor-widget elementor-widget-facebook-embed\" data-id=\"3ff9be9\" data-element_type=\"widget\" data-e-type=\"widget\" data-settings=\"{&quot;_animation&quot;:&quot;zoomInDown&quot;}\" data-widget_type=\"facebook-embed.default\">\n\t\t\t\t\t<div style=\"min-height: 1px\" class=\"elementor-facebook-widget fb-post\" data-href=\"https:\/\/www.facebook.com\/Noticias21\/posts\/pfbid02fxomJGrfLVaYhGu6MkUXXtQCuZdnL857iNSf6DJtQh1r2kiTfs8SKjfAuryxtBM4l\" data-show-text=\"true\"><\/div>\t\t\t\t<\/div>\n\t\t\t\t\t<\/div>\n\t\t\t\t<\/div>\n\t\t<div data-particle_enable=\"false\" data-particle-mobile-disabled=\"false\" class=\"elementor-element elementor-element-29a06b0 e-flex e-con-boxed e-con e-parent\" data-id=\"29a06b0\" data-element_type=\"container\" data-e-type=\"container\">\n\t\t\t\t\t<div class=\"e-con-inner\">\n\t\t\t\t<div class=\"elementor-element elementor-element-f4ef88b elementor-widget elementor-widget-heading\" data-id=\"f4ef88b\" data-element_type=\"widget\" data-e-type=\"widget\" data-widget_type=\"heading.default\">\n\t\t\t\t\t<h3 class=\"elementor-heading-title elementor-size-default\">El alto costo de la repatriaci\u00f3n<\/h3>\t\t\t\t<\/div>\n\t\t\t\t\t<\/div>\n\t\t\t\t<\/div>\n\t\t<div data-particle_enable=\"false\" data-particle-mobile-disabled=\"false\" class=\"elementor-element elementor-element-6a2bb16 e-flex e-con-boxed e-con e-parent\" data-id=\"6a2bb16\" data-element_type=\"container\" data-e-type=\"container\">\n\t\t\t\t\t<div class=\"e-con-inner\">\n\t\t\t\t<div class=\"elementor-element elementor-element-e7c800f elementor-widget elementor-widget-text-editor\" data-id=\"e7c800f\" data-element_type=\"widget\" data-e-type=\"widget\" data-widget_type=\"text-editor.default\">\n\t\t\t\t\t\t\t\t\t<p>Uno de los mayores obst\u00e1culos que enfrentan las familias durante el proceso de <a href=\"https:\/\/www.minex.gob.gt\/Visor_Pagina.aspx?PaginaID=2266\" target=\"_blank\" rel=\"noopener\">repatriaci\u00f3n es el costo elevado que implica trasladar el cuerpo desde Estados Unidos hasta Guatemala.<\/a><\/p><p>Los gastos pueden oscilar entre los 6,000 y 12,000 d\u00f3lares, dependiendo del estado en que haya ocurrido el fallecimiento y las condiciones del traslado. Estas cifras suelen ser inalcanzables para familias de escasos recursos, especialmente aquellas que ya est\u00e1n sosteni\u00e9ndose con remesas enviadas por sus familiares en el extranjero.<\/p><p>Para hacer frente a estos costos, las familias recurren a diversas estrategias: campa\u00f1as de recaudaci\u00f3n de fondos a trav\u00e9s de redes sociales, colectas comunitarias o apoyo de organizaciones caritativas.<\/p>\t\t\t\t\t\t\t\t<\/div>\n\t\t\t\t\t<\/div>\n\t\t\t\t<\/div>\n\t\t<div data-particle_enable=\"false\" data-particle-mobile-disabled=\"false\" class=\"elementor-element elementor-element-b1ae4c2 e-flex e-con-boxed e-con e-parent\" data-id=\"b1ae4c2\" data-element_type=\"container\" data-e-type=\"container\">\n\t\t\t\t\t<div class=\"e-con-inner\">\n\t\t\t\t<div class=\"elementor-element elementor-element-cab3414 elementor-invisible elementor-widget elementor-widget-facebook-embed\" data-id=\"cab3414\" data-element_type=\"widget\" data-e-type=\"widget\" data-settings=\"{&quot;_animation&quot;:&quot;zoomInDown&quot;}\" data-widget_type=\"facebook-embed.default\">\n\t\t\t\t\t<div style=\"min-height: 1px\" class=\"elementor-facebook-widget fb-video\" data-href=\"https:\/\/www.facebook.com\/watch\/?ref=search&#038;v=868708411075764&#038;external_log_id=f674f19e-229d-41a0-a527-dc93ebe1e67f&#038;q=ayuda%20cuerpo%20migrante\" data-show-text=\"false\" data-allowfullscreen=\"false\" data-autoplay=\"false\" data-show-captions=\"false\"><\/div>\t\t\t\t<\/div>\n\t\t\t\t\t<\/div>\n\t\t\t\t<\/div>\n\t\t<div data-particle_enable=\"false\" data-particle-mobile-disabled=\"false\" class=\"elementor-element elementor-element-bb62aba e-flex e-con-boxed e-con e-parent\" data-id=\"bb62aba\" data-element_type=\"container\" data-e-type=\"container\">\n\t\t\t\t\t<div class=\"e-con-inner\">\n\t\t\t\t<div class=\"elementor-element elementor-element-f266ef3 elementor-widget elementor-widget-heading\" data-id=\"f266ef3\" data-element_type=\"widget\" data-e-type=\"widget\" data-widget_type=\"heading.default\">\n\t\t\t\t\t<h3 class=\"elementor-heading-title elementor-size-default\">El viaje de regreso a casa<\/h3>\t\t\t\t<\/div>\n\t\t\t\t\t<\/div>\n\t\t\t\t<\/div>\n\t\t<div data-particle_enable=\"false\" data-particle-mobile-disabled=\"false\" class=\"elementor-element elementor-element-991a71a e-flex e-con-boxed e-con e-parent\" data-id=\"991a71a\" data-element_type=\"container\" data-e-type=\"container\">\n\t\t\t\t\t<div class=\"e-con-inner\">\n\t\t\t\t<div class=\"elementor-element elementor-element-7c69ee2 elementor-widget elementor-widget-text-editor\" data-id=\"7c69ee2\" data-element_type=\"widget\" data-e-type=\"widget\" data-widget_type=\"text-editor.default\">\n\t\t\t\t\t\t\t\t\t<p><a href=\"https:\/\/www.minex.gob.gt\/Visor_Pagina.aspx?PaginaID=2266\" target=\"_blank\" rel=\"noopener\">Una vez superados los tr\u00e1mites legales y econ\u00f3micos, el cuerpo del fallecido es transportado en avi\u00f3n desde Estados Unidos hacia Guatemala.<\/a> El trayecto, aunque largo y costoso, simboliza el \u00faltimo viaje que muchos migrantes hacen de vuelta a su tierra. Para las familias que esperan en Guatemala, el momento de recibir el cuerpo es agridulce: por un lado, hay alivio al poder darle un entierro digno, pero por otro, la realidad de la p\u00e9rdida se siente a\u00fan m\u00e1s cercana.<\/p><p>En Guatemala, las tradiciones funerarias son muy importantes, y muchas familias desean cumplir con los rituales correspondientes, velando el cuerpo y d\u00e1ndole un descanso final en su lugar de origen.<\/p><p>Este acto es visto como una forma de reconectar al fallecido con sus ra\u00edces, devolvi\u00e9ndole la paz en su tierra natal.<\/p>\t\t\t\t\t\t\t\t<\/div>\n\t\t\t\t\t<\/div>\n\t\t\t\t<\/div>\n\t\t<div data-particle_enable=\"false\" data-particle-mobile-disabled=\"false\" class=\"elementor-element elementor-element-db9ace7 e-flex e-con-boxed e-con e-parent\" data-id=\"db9ace7\" data-element_type=\"container\" data-e-type=\"container\">\n\t\t\t\t\t<div class=\"e-con-inner\">\n\t\t\t\t<div class=\"elementor-element elementor-element-21baeb0 elementor-widget elementor-widget-heading\" data-id=\"21baeb0\" data-element_type=\"widget\" data-e-type=\"widget\" data-widget_type=\"heading.default\">\n\t\t\t\t\t<h3 class=\"elementor-heading-title elementor-size-default\">Un adi\u00f3s marcado por la migraci\u00f3n<\/h3>\t\t\t\t<\/div>\n\t\t\t\t\t<\/div>\n\t\t\t\t<\/div>\n\t\t<div data-particle_enable=\"false\" data-particle-mobile-disabled=\"false\" class=\"elementor-element elementor-element-bc99e48 e-flex e-con-boxed e-con e-parent\" data-id=\"bc99e48\" data-element_type=\"container\" data-e-type=\"container\">\n\t\t\t\t\t<div class=\"e-con-inner\">\n\t\t\t\t<div class=\"elementor-element elementor-element-9cb0d60 elementor-widget elementor-widget-text-editor\" data-id=\"9cb0d60\" data-element_type=\"widget\" data-e-type=\"widget\" data-widget_type=\"text-editor.default\">\n\t\t\t\t\t\t\t\t\t<p>La repatriaci\u00f3n de cuerpos refleja, de manera cruda, el impacto de la migraci\u00f3n en las familias guatemaltecas. Los migrantes que dejan su pa\u00eds en busca de una vida mejor, a menudo enfrentan situaciones de riesgo, ya sea por las duras condiciones laborales, el estr\u00e9s de la vida indocumentada o los peligros del trayecto hacia Estados Unidos. <a href=\"https:\/\/www.minex.gob.gt\/Visor_Pagina.aspx?PaginaID=2266\" target=\"_blank\" rel=\"noopener\">Para quienes no logran regresar con vida, la repatriaci\u00f3n se convierte en el \u00fanico camino de vuelta.<\/a><\/p><p>Las historias detr\u00e1s de estos fallecimientos son variadas: desde trabajadores que murieron en accidentes laborales, hasta migrantes que fallecieron por problemas de salud que no pudieron ser atendidos adecuadamente por su estatus migratorio.<\/p><p>En otros casos, son personas que perdieron la vida en el desierto o en el r\u00edo Bravo, intentando cruzar la frontera en busca de una oportunidad. Sin importar la causa de su fallecimiento, lo que permanece es el dolor profundo de las familias que pierden a un ser querido lejos de casa.<\/p>\t\t\t\t\t\t\t\t<\/div>\n\t\t\t\t\t<\/div>\n\t\t\t\t<\/div>\n\t\t<div data-particle_enable=\"false\" data-particle-mobile-disabled=\"false\" class=\"elementor-element elementor-element-07c9598 e-flex e-con-boxed e-con e-parent\" data-id=\"07c9598\" data-element_type=\"container\" data-e-type=\"container\">\n\t\t\t\t\t<div class=\"e-con-inner\">\n\t\t\t\t<div class=\"elementor-element elementor-element-657e36d elementor-widget elementor-widget-image\" data-id=\"657e36d\" data-element_type=\"widget\" data-e-type=\"widget\" data-widget_type=\"image.default\">\n\t\t\t\t\t\t\t\t\t\t\t\t\t\t\t<img decoding=\"async\" width=\"768\" height=\"576\" src=\"https:\/\/soymigrante.com\/revista\/wp-content\/uploads\/2024\/09\/La-realidad-de-la-repatriacion-Un-ultimo-viaje-desde-Estados-Unidos-a-Guatemala-1024x768.webp\" class=\"attachment-large size-large wp-image-9731\" alt=\"Campos de tumbas con cruces blancas en un cementerio militar, s\u00edmbolo de homenaje y memoria a los soldados ca\u00eddos, con \u00e1rboles en el fondo y cielo despejado.\" srcset=\"https:\/\/soymigrante.com\/revista\/wp-content\/uploads\/2024\/09\/La-realidad-de-la-repatriacion-Un-ultimo-viaje-desde-Estados-Unidos-a-Guatemala-1024x768.webp 1024w, https:\/\/soymigrante.com\/revista\/wp-content\/uploads\/2024\/09\/La-realidad-de-la-repatriacion-Un-ultimo-viaje-desde-Estados-Unidos-a-Guatemala-300x225.webp 300w, https:\/\/soymigrante.com\/revista\/wp-content\/uploads\/2024\/09\/La-realidad-de-la-repatriacion-Un-ultimo-viaje-desde-Estados-Unidos-a-Guatemala-768x576.webp 768w, https:\/\/soymigrante.com\/revista\/wp-content\/uploads\/2024\/09\/La-realidad-de-la-repatriacion-Un-ultimo-viaje-desde-Estados-Unidos-a-Guatemala-750x563.webp 750w, https:\/\/soymigrante.com\/revista\/wp-content\/uploads\/2024\/09\/La-realidad-de-la-repatriacion-Un-ultimo-viaje-desde-Estados-Unidos-a-Guatemala-1140x855.webp 1140w, https:\/\/soymigrante.com\/revista\/wp-content\/uploads\/2024\/09\/La-realidad-de-la-repatriacion-Un-ultimo-viaje-desde-Estados-Unidos-a-Guatemala.webp 1280w\" sizes=\"(max-width: 768px) 100vw, 768px\" title=\"La realidad de la repatriacio\u0301n Un u\u0301ltimo viaje desde Estados Unidos a Guatemala \u2013 SoyMigrante.com REVISTA\" \/>\t\t\t\t\t\t\t\t\t\t\t\t\t\t\t<\/div>\n\t\t\t\t\t<\/div>\n\t\t\t\t<\/div>\n\t\t<div data-particle_enable=\"false\" data-particle-mobile-disabled=\"false\" class=\"elementor-element elementor-element-4fd0fcd e-flex e-con-boxed e-con e-parent\" data-id=\"4fd0fcd\" data-element_type=\"container\" data-e-type=\"container\">\n\t\t\t\t\t<div class=\"e-con-inner\">\n\t\t\t\t<div class=\"elementor-element elementor-element-ee100a7 elementor-widget elementor-widget-text-editor\" data-id=\"ee100a7\" data-element_type=\"widget\" data-e-type=\"widget\" data-widget_type=\"text-editor.default\">\n\t\t\t\t\t\t\t\t\t<p><a href=\"https:\/\/www.minex.gob.gt\/Visor_Pagina.aspx?PaginaID=2266\" target=\"_blank\" rel=\"noopener\">La repatriaci\u00f3n de un familiar desde Estados Unidos hacia Guatemala es un proceso dif\u00edcil y cargado de emociones.<\/a> Para las familias, significa no solo enfrentarse al dolor de la p\u00e9rdida, sino tambi\u00e9n a la complejidad log\u00edstica y econ\u00f3mica que implica traer de vuelta a un ser querido. En este contexto, la solidaridad comunitaria y el apoyo de organizaciones y consulados son fundamentales para aliviar, en parte, la carga que estas familias deben soportar.<\/p><p>Cada repatriaci\u00f3n cuenta una historia de migraci\u00f3n, de sue\u00f1os no cumplidos y de sacrificios, recordando a Guatemala que la di\u00e1spora tiene un costo humano muy alto. En ese \u00faltimo viaje de vuelta a casa, los migrantes fallecidos encuentran el descanso en su tierra, pero dejan tras de s\u00ed un vac\u00edo en las familias que dependen de ellos y en las comunidades que ven partir a sus hijos, muchos de los cuales nunca regresan con vida.<\/p>\t\t\t\t\t\t\t\t<\/div>\n\t\t\t\t\t<\/div>\n\t\t\t\t<\/div>\n\t\t<div data-particle_enable=\"false\" data-particle-mobile-disabled=\"false\" class=\"elementor-element elementor-element-a910fde e-flex e-con-boxed e-con e-parent\" data-id=\"a910fde\" data-element_type=\"container\" data-e-type=\"container\">\n\t\t\t\t\t<div class=\"e-con-inner\">\n\t\t\t\t<div class=\"elementor-element elementor-element-d948ba5 elementor-widget elementor-widget-heading\" data-id=\"d948ba5\" data-element_type=\"widget\" data-e-type=\"widget\" data-widget_type=\"heading.default\">\n\t\t\t\t\t<h2 class=\"elementor-heading-title elementor-size-default\">No te puedes perder...<\/h2>\t\t\t\t<\/div>\n\t\t\t\t\t<\/div>\n\t\t\t\t<\/div>\n\t\t<div data-particle_enable=\"false\" data-particle-mobile-disabled=\"false\" class=\"elementor-element elementor-element-50f01a4 e-flex e-con-boxed e-con e-parent\" data-id=\"50f01a4\" data-element_type=\"container\" data-e-type=\"container\">\n\t\t\t\t\t<div class=\"e-con-inner\">\n\t\t\t\t<div class=\"elementor-element elementor-element-e0031ed elementor-widget elementor-widget-blfe-post-grid\" data-id=\"e0031ed\" data-element_type=\"widget\" data-e-type=\"widget\" data-settings=\"{&quot;columns&quot;:&quot;3&quot;,&quot;columns_tablet&quot;:&quot;6&quot;,&quot;columns_mobile&quot;:&quot;12&quot;,&quot;hero1_layout_column_gap&quot;:{&quot;unit&quot;:&quot;px&quot;,&quot;size&quot;:30,&quot;sizes&quot;:[]},&quot;hero1_layout_column_gap_tablet&quot;:{&quot;unit&quot;:&quot;px&quot;,&quot;size&quot;:&quot;&quot;,&quot;sizes&quot;:[]},&quot;hero1_layout_column_gap_mobile&quot;:{&quot;unit&quot;:&quot;px&quot;,&quot;size&quot;:&quot;&quot;,&quot;sizes&quot;:[]},&quot;hero1_layout_row_gap&quot;:{&quot;unit&quot;:&quot;px&quot;,&quot;size&quot;:30,&quot;sizes&quot;:[]},&quot;hero1_layout_row_gap_tablet&quot;:{&quot;unit&quot;:&quot;px&quot;,&quot;size&quot;:&quot;&quot;,&quot;sizes&quot;:[]},&quot;hero1_layout_row_gap_mobile&quot;:{&quot;unit&quot;:&quot;px&quot;,&quot;size&quot;:&quot;&quot;,&quot;sizes&quot;:[]}}\" data-widget_type=\"blfe-post-grid.hero1\">\n\t\t\t\t<div class=\"elementor-widget-container\">\n\t\t\t\t\t\n                        <div class=\"blfe-post-grid-container \">\n            \n                <div data-skin=\"hero1\" class=\"blfe-row blfe-posts-inner blfe-hero1 blfe-posts-inner blfe-col-3 blfe-col-tab-6 blfe-col-mob-12     \">\n                            <div class=\"blfe-post-grid-item\">\n            <div class=\"blfe-post-grid-item-inner blfe-modern-zoom\">\n                        <div class=\"blfe-post-grid-bg-image\">\n            <a class=\"blfe-post-grid-image-inner\" href=\"https:\/\/soymigrante.com\/revista\/migrante-4\/\" title=\"Consulado de Guatemala en Miami y en Lake Worth, Florida\" rel=\"nofollow\" target=\"_blank\"><img decoding=\"async\" src=\"https:\/\/soymigrante.com\/revista\/wp-content\/uploads\/2024\/03\/FnR8blNXEAAL85B.webp\" alt=\"Consulado de Guatemala en Miami y en Lake Worth, Florida\"\/><\/a>        <\/div>\n                        <div class=\"blfe-post-grid-details\">\n                    <div class=\"blfe-post-grid-details-inner\">\n                        <span class=\"blfe-post-category\"><a href=\"https:\/\/soymigrante.com\/revista\/category\/recursos-migratorios\/\">Recursos Migratorios<\/a><\/span>                        <h3 class=\"blfe-post-grid-title\">\n            <a href=\"https:\/\/soymigrante.com\/revista\/migrante-4\/\" title=\"Consulado de Guatemala en Miami y en Lake Worth, Florida\" rel=\"nofollow\" target=\"_blank\">Consulado de Guatemala en Miami y en Lake Worth, Florida<\/a>\n            <\/h3>                                                            <div class=\"blfe-post-grid-meta\">\n                <span class=\"blfe-post-grid-time\"><i class=\"fas fa-book-reader\"><\/i>2 Min read<\/span>            <\/div>\n                                                        <\/div>\n                <\/div>\n\n            <\/div>\n        <\/div>\n                <div class=\"blfe-post-grid-item\">\n            <div class=\"blfe-post-grid-item-inner blfe-modern-zoom\">\n                        <div class=\"blfe-post-grid-bg-image\">\n            <a class=\"blfe-post-grid-image-inner\" href=\"https:\/\/soymigrante.com\/revista\/como-blindar-la-seguridad-legal-de-una-propiedad-en-guatemala-guia-para-migrantes\/\" title=\"\u00bfC\u00f3mo blindar la seguridad legal de una propiedad en Guatemala? Gu\u00eda para migrantes\" rel=\"nofollow\" target=\"_blank\"><img decoding=\"async\" src=\"https:\/\/soymigrante.com\/revista\/wp-content\/uploads\/2025\/04\/asegurar-una-propiedad-en-Guatemala-consejos.webp\" alt=\"\u00bfC\u00f3mo blindar la seguridad legal de una propiedad en Guatemala? Gu\u00eda para migrantes\"\/><\/a>        <\/div>\n                        <div class=\"blfe-post-grid-details\">\n                    <div class=\"blfe-post-grid-details-inner\">\n                        <span class=\"blfe-post-category\"><a href=\"https:\/\/soymigrante.com\/revista\/category\/recursos-migratorios\/\">Recursos Migratorios<\/a><\/span>                        <h3 class=\"blfe-post-grid-title\">\n            <a href=\"https:\/\/soymigrante.com\/revista\/como-blindar-la-seguridad-legal-de-una-propiedad-en-guatemala-guia-para-migrantes\/\" title=\"\u00bfC\u00f3mo blindar la seguridad legal de una propiedad en Guatemala? Gu\u00eda para migrantes\" rel=\"nofollow\" target=\"_blank\">\u00bfC\u00f3mo blindar la seguridad legal de una propiedad en Guatemala? Gu\u00eda para migrantes<\/a>\n            <\/h3>                                                            <div class=\"blfe-post-grid-meta\">\n                <span class=\"blfe-post-grid-time\"><i class=\"fas fa-book-reader\"><\/i>3 Min read<\/span>            <\/div>\n                                                        <\/div>\n                <\/div>\n\n            <\/div>\n        <\/div>\n                <div class=\"blfe-post-grid-item\">\n            <div class=\"blfe-post-grid-item-inner blfe-modern-zoom\">\n                        <div class=\"blfe-post-grid-bg-image\">\n            <a class=\"blfe-post-grid-image-inner\" href=\"https:\/\/soymigrante.com\/revista\/derechos-y-obligaciones-en-aeropuertos-de-usa-claves-para-viajeros-por-la-union-de-libertades-civiles\/\" title=\"Derechos y obligaciones en aeropuertos de USA: claves para viajeros por la Uni\u00f3n de Libertades Civiles\" rel=\"nofollow\" target=\"_blank\"><img decoding=\"async\" src=\"https:\/\/soymigrante.com\/revista\/wp-content\/uploads\/2025\/12\/aeropuerto-usa-derechos-y-obligaciones.jpg\" alt=\"Derechos y obligaciones en aeropuertos de USA: claves para viajeros por la Uni\u00f3n de Libertades Civiles\"\/><\/a>        <\/div>\n                        <div class=\"blfe-post-grid-details\">\n                    <div class=\"blfe-post-grid-details-inner\">\n                        <span class=\"blfe-post-category\"><a href=\"https:\/\/soymigrante.com\/revista\/category\/recursos-migratorios\/\">Recursos Migratorios<\/a><\/span>                        <h3 class=\"blfe-post-grid-title\">\n            <a href=\"https:\/\/soymigrante.com\/revista\/derechos-y-obligaciones-en-aeropuertos-de-usa-claves-para-viajeros-por-la-union-de-libertades-civiles\/\" title=\"Derechos y obligaciones en aeropuertos de USA: claves para viajeros por la Uni\u00f3n de Libertades Civiles\" rel=\"nofollow\" target=\"_blank\">Derechos y obligaciones en aeropuertos de USA: claves para viajeros por la Uni\u00f3n de Libertades Civiles<\/a>\n            <\/h3>                                                            <div class=\"blfe-post-grid-meta\">\n                <span class=\"blfe-post-grid-time\"><i class=\"fas fa-book-reader\"><\/i>10 Min read<\/span>            <\/div>\n                                                        <\/div>\n                <\/div>\n\n            <\/div>\n        <\/div>\n                        <\/div>\n\n                        <\/div>\n            \n                        <div class=\"blfe-post-footer\">\n                        <\/div>\n            \t\t\t\t<\/div>\n\t\t\t\t<\/div>\n\t\t\t\t\t<\/div>\n\t\t\t\t<\/div>\n\t\t\t\t<\/div>\n\t\t","protected":false},"excerpt":{"rendered":"<p>La repatriaci\u00f3n desde Estados Unidos a Guatemala puede costar miles de d\u00f3lares. Solo en lo que va del a\u00f1o el Ministerio de Relaciones Exteriores registra m\u00e1s de 180 migrantes guatemaltecos fallecidos y repatriados. Pero el proceso a\u00fan enfrenta muchos atrasos y gastos. Es un desaf\u00edo abierto dignificar el \u00faltimo retorno de connacionales. En vida el [&hellip;]<\/p>\n","protected":false},"author":19,"featured_media":15187,"comment_status":"open","ping_status":"open","sticky":false,"template":"","format":"standard","meta":{"_acf_changed":false,"_eb_attr":"","footnotes":""},"categories":[59],"tags":[],"class_list":["post-9723","post","type-post","status-publish","format-standard","has-post-thumbnail","hentry","category-recursos-migratorios"],"acf":[],"aioseo_notices":[],"aioseo_head":"\n\t\t<!-- All in One SEO Pro 4.9.6.2 - aioseo.com -->\n\t<meta name=\"description\" content=\"C\u00f3mo actuar ante autoridades en aeropuertos de USA: visitantes con visa, residentes o personas con solicitudes migratorias, seg\u00fan Uni\u00f3n de LIbertades Civiles, ACLU\" \/>\n\t<meta name=\"robots\" content=\"max-snippet:-1, max-image-preview:large, max-video-preview:-1\" \/>\n\t<meta name=\"author\" content=\"SoyMigrante.com REVISTA\"\/>\n\t<link rel=\"canonical\" href=\"https:\/\/soymigrante.com\/revista\/derechos-y-obligaciones-en-aeropuertos-de-usa-claves-para-viajeros-por-la-union-de-libertades-civiles\/\" \/>\n\t<meta name=\"generator\" content=\"All in One SEO Pro (AIOSEO) 4.9.6.2\" \/>\n\n\t\t<link rel=\"preconnect\" href=\"https:\/\/fonts.googleapis.com\" crossorigin>\n<link rel=\"preconnect\" href=\"https:\/\/fonts.gstatic.com\" crossorigin>\n\t\t<meta property=\"og:locale\" content=\"es_ES\" \/>\n\t\t<meta property=\"og:site_name\" content=\"SoyMigrante.com REVISTA \u2013 Nuestra misi\u00f3n es reconocer y dignificar al migrante.\" \/>\n\t\t<meta property=\"og:type\" content=\"article\" \/>\n\t\t<meta property=\"og:title\" content=\"\u00bfQu\u00e9 obligaciones y derechos tengo en un aeropuerto USA?\" \/>\n\t\t<meta property=\"og:description\" content=\"C\u00f3mo actuar ante autoridades en aeropuertos de USA: visitantes con visa, residentes o personas con solicitudes migratorias, seg\u00fan Uni\u00f3n de LIbertades Civiles, ACLU\" \/>\n\t\t<meta property=\"og:url\" content=\"https:\/\/soymigrante.com\/revista\/derechos-y-obligaciones-en-aeropuertos-de-usa-claves-para-viajeros-por-la-union-de-libertades-civiles\/\" \/>\n\t\t<meta property=\"og:image\" content=\"https:\/\/soymigrante.com\/revista\/wp-content\/uploads\/2025\/12\/aeropuerto-usa-derechos-y-obligaciones.jpg\" \/>\n\t\t<meta property=\"og:image:secure_url\" content=\"https:\/\/soymigrante.com\/revista\/wp-content\/uploads\/2025\/12\/aeropuerto-usa-derechos-y-obligaciones.jpg\" \/>\n\t\t<meta property=\"og:image:width\" content=\"1888\" \/>\n\t\t<meta property=\"og:image:height\" content=\"1888\" \/>\n\t\t<meta property=\"article:published_time\" content=\"2025-12-19T15:03:32+00:00\" \/>\n\t\t<meta property=\"article:modified_time\" content=\"2025-12-19T15:03:48+00:00\" \/>\n\t\t<meta property=\"article:publisher\" content=\"https:\/\/www.facebook.com\/soymigrantecom\" \/>\n\t\t<meta name=\"twitter:card\" content=\"summary_large_image\" \/>\n\t\t<meta name=\"twitter:site\" content=\"@SoyMigrante_com\" \/>\n\t\t<meta name=\"twitter:title\" content=\"\u00bfQu\u00e9 obligaciones y derechos tengo en un aeropuerto USA?\" \/>\n\t\t<meta name=\"twitter:description\" content=\"C\u00f3mo actuar ante autoridades en aeropuertos de USA: visitantes con visa, residentes o personas con solicitudes migratorias, seg\u00fan Uni\u00f3n de LIbertades Civiles, ACLU\" \/>\n\t\t<meta name=\"twitter:creator\" content=\"@SoyMigrante_com\" \/>\n\t\t<meta name=\"twitter:image\" content=\"https:\/\/soymigrante.com\/revista\/wp-content\/uploads\/2025\/12\/aeropuerto-usa-derechos-y-obligaciones.jpg\" \/>\n\t\t<!-- All in One SEO Pro -->\r\n\t\t<title>\u00bfQu\u00e9 obligaciones y derechos tengo en un aeropuerto USA?<\/title>\n\n","aioseo_head_json":{"title":"\u00bfQu\u00e9 obligaciones y derechos tengo en un aeropuerto USA?","description":"C\u00f3mo actuar ante autoridades en aeropuertos de USA: visitantes con visa, residentes o personas con solicitudes migratorias, seg\u00fan Uni\u00f3n de LIbertades Civiles, ACLU","canonical_url":"https:\/\/soymigrante.com\/revista\/derechos-y-obligaciones-en-aeropuertos-de-usa-claves-para-viajeros-por-la-union-de-libertades-civiles\/","robots":"max-snippet:-1, max-image-preview:large, max-video-preview:-1","keywords":"","webmasterTools":{"miscellaneous":"&lt;link rel=\"preconnect\" href=\"https:\/\/fonts.googleapis.com\" crossorigin&gt;\n&lt;link rel=\"preconnect\" href=\"https:\/\/fonts.gstatic.com\" crossorigin&gt;"},"schema":null,"og:locale":"es_ES","og:site_name":"SoyMigrante.com REVISTA \u2013 Nuestra misi\u00f3n es reconocer y dignificar al migrante.","og:type":"article","og:title":"\u00bfQu\u00e9 obligaciones y derechos tengo en un aeropuerto USA?","og:description":"C\u00f3mo actuar ante autoridades en aeropuertos de USA: visitantes con visa, residentes o personas con solicitudes migratorias, seg\u00fan Uni\u00f3n de LIbertades Civiles, ACLU","og:url":"https:\/\/soymigrante.com\/revista\/derechos-y-obligaciones-en-aeropuertos-de-usa-claves-para-viajeros-por-la-union-de-libertades-civiles\/","og:image":"https:\/\/soymigrante.com\/revista\/wp-content\/uploads\/2025\/12\/aeropuerto-usa-derechos-y-obligaciones.jpg","og:image:secure_url":"https:\/\/soymigrante.com\/revista\/wp-content\/uploads\/2025\/12\/aeropuerto-usa-derechos-y-obligaciones.jpg","og:image:width":1888,"og:image:height":1888,"article:published_time":"2025-12-19T15:03:32+00:00","article:modified_time":"2025-12-19T15:03:48+00:00","article:publisher":"https:\/\/www.facebook.com\/soymigrantecom","twitter:card":"summary_large_image","twitter:site":"@SoyMigrante_com","twitter:title":"\u00bfQu\u00e9 obligaciones y derechos tengo en un aeropuerto USA?","twitter:description":"C\u00f3mo actuar ante autoridades en aeropuertos de USA: visitantes con visa, residentes o personas con solicitudes migratorias, seg\u00fan Uni\u00f3n de LIbertades Civiles, ACLU","twitter:creator":"@SoyMigrante_com","twitter:image":"https:\/\/soymigrante.com\/revista\/wp-content\/uploads\/2025\/12\/aeropuerto-usa-derechos-y-obligaciones.jpg"},"aioseo_meta_data":{"post_id":"9723","title":"La repatriaci\u00f3n: un drama migrante que debe ser dignificado","description":"La repatriaci\u00f3n de un migrante fallecido en Estados Unidos hacia Guatemala puede costar miles de d\u00f3lares y a menudo implica la solidaridad de los connacionales.","keywords":null,"keyphrases":{"focus":{"keyphrase":"repatriaci\u00f3n","score":91,"analysis":{"keyphraseInTitle":{"score":9,"maxScore":9,"error":0},"keyphraseInDescription":{"score":9,"maxScore":9,"error":0},"keyphraseLength":{"score":9,"maxScore":9,"error":0,"length":2},"keyphraseInURL":{"score":5,"maxScore":5,"error":0},"keyphraseInIntroduction":{"score":3,"maxScore":9,"error":1},"keyphraseInSubHeadings":{"score":9,"maxScore":9,"error":0},"keyphraseInImageAlt":{"score":9,"maxScore":9,"error":0},"keywordDensity":{"type":"best","score":9,"maxScore":9,"error":0}}},"additional":[{"keyphrase":"Repatriaci\u00f3n","score":87,"analysis":{"keyphraseInDescription":{"score":9,"maxScore":9,"error":0},"keyphraseLength":{"score":9,"maxScore":9,"error":0,"length":2},"keyphraseInIntroduction":{"score":3,"maxScore":9,"error":1},"keyphraseInImageAlt":{"score":9,"maxScore":9,"error":0},"keywordDensity":{"type":"best","score":9,"maxScore":9,"error":0}}},{"keyphrase":"Guatemaltecos","score":40,"analysis":{"keyphraseInDescription":{"score":3,"maxScore":9,"error":1},"keyphraseLength":{"score":9,"maxScore":9,"error":0,"length":1},"keyphraseInIntroduction":{"score":3,"maxScore":9,"error":1},"keyphraseInImageAlt":{"score":3,"maxScore":9,"error":1},"keywordDensity":{"score":0,"type":"low","maxScore":9,"error":1}}}]},"primary_term":null,"canonical_url":null,"og_title":null,"og_description":null,"og_object_type":"default","og_image_type":"default","og_image_url":null,"og_image_width":null,"og_image_height":null,"og_image_custom_url":null,"og_image_custom_fields":null,"og_video":"","og_custom_url":null,"og_article_section":null,"og_article_tags":null,"twitter_use_og":false,"twitter_card":"default","twitter_image_type":"default","twitter_image_url":null,"twitter_image_custom_url":null,"twitter_image_custom_fields":null,"twitter_title":null,"twitter_description":null,"schema":{"blockGraphs":[],"customGraphs":[],"default":{"data":{"Article":[],"Course":[],"Dataset":[],"FAQPage":[],"Movie":[],"Person":[],"Product":[],"ProductReview":[],"Car":[],"Recipe":[],"Service":[],"SoftwareApplication":[],"WebPage":[]},"graphName":"Article","isEnabled":true},"graphs":[]},"schema_type":"default","schema_type_options":null,"pillar_content":false,"robots_default":true,"robots_noindex":false,"robots_noarchive":false,"robots_nosnippet":false,"robots_nofollow":false,"robots_noimageindex":false,"robots_noodp":false,"robots_notranslate":false,"robots_max_snippet":"-1","robots_max_videopreview":"-1","robots_max_imagepreview":"large","priority":null,"frequency":"default","local_seo":null,"seo_analyzer_scan_date":"2025-10-09 00:39:17","breadcrumb_settings":null,"limit_modified_date":false,"reviewed_by":null,"open_ai":"{\"title\":{\"suggestions\":[],\"usage\":0},\"description\":{\"suggestions\":[],\"usage\":0}}","ai":null,"created":"2024-09-25 19:24:14","updated":"2026-02-04 17:40:27"},"aioseo_breadcrumb":"<div class=\"aioseo-breadcrumbs\"><span class=\"aioseo-breadcrumb\">\n\t<a href=\"https:\/\/soymigrante.com\/revista\" title=\"Home\">Home<\/a>\n<\/span><span class=\"aioseo-breadcrumb-separator\">\u00bb<\/span><span class=\"aioseo-breadcrumb\">\n\t<a href=\"https:\/\/soymigrante.com\/revista\/category\/recursos-migratorios\/\" title=\"Recursos Migratorios\">Recursos Migratorios<\/a>\n<\/span><span class=\"aioseo-breadcrumb-separator\">\u00bb<\/span><span class=\"aioseo-breadcrumb\">\n\tLa repatriaci\u00f3n: un desaf\u00edo migrante que  merece ser dignificado\n<\/span><\/div>","aioseo_breadcrumb_json":[{"label":"Home","link":"https:\/\/soymigrante.com\/revista"},{"label":"Recursos Migratorios","link":"https:\/\/soymigrante.com\/revista\/category\/recursos-migratorios\/"},{"label":"La repatriaci\u00f3n: un desaf\u00edo migrante que  merece ser dignificado","link":"https:\/\/soymigrante.com\/revista\/la-repatriacion-un-desafio-migrante-que-merece-ser-dignificado\/"}],"_links":{"self":[{"href":"https:\/\/soymigrante.com\/revista\/wp-json\/wp\/v2\/posts\/9723","targetHints":{"allow":["GET"]}}],"collection":[{"href":"https:\/\/soymigrante.com\/revista\/wp-json\/wp\/v2\/posts"}],"about":[{"href":"https:\/\/soymigrante.com\/revista\/wp-json\/wp\/v2\/types\/post"}],"author":[{"embeddable":true,"href":"https:\/\/soymigrante.com\/revista\/wp-json\/wp\/v2\/users\/19"}],"replies":[{"embeddable":true,"href":"https:\/\/soymigrante.com\/revista\/wp-json\/wp\/v2\/comments?post=9723"}],"version-history":[{"count":0,"href":"https:\/\/soymigrante.com\/revista\/wp-json\/wp\/v2\/posts\/9723\/revisions"}],"wp:featuredmedia":[{"embeddable":true,"href":"https:\/\/soymigrante.com\/revista\/wp-json\/wp\/v2\/media\/15187"}],"wp:attachment":[{"href":"https:\/\/soymigrante.com\/revista\/wp-json\/wp\/v2\/media?parent=9723"}],"wp:term":[{"taxonomy":"category","embeddable":true,"href":"https:\/\/soymigrante.com\/revista\/wp-json\/wp\/v2\/categories?post=9723"},{"taxonomy":"post_tag","embeddable":true,"href":"https:\/\/soymigrante.com\/revista\/wp-json\/wp\/v2\/tags?post=9723"}],"curies":[{"name":"wp","href":"https:\/\/api.w.org\/{rel}","templated":true}]}}