{"id":9710,"date":"2024-09-25T14:16:01","date_gmt":"2024-09-25T20:16:01","guid":{"rendered":"https:\/\/soymigrante.com\/revista\/?p=9710"},"modified":"2024-11-01T14:57:47","modified_gmt":"2024-11-01T20:57:47","slug":"10-temas-centran-interes-de-migrantes-guatemaltecos-en-usa-segun-google-analytics","status":"publish","type":"post","link":"https:\/\/soymigrante.com\/revista\/10-temas-centran-interes-de-migrantes-guatemaltecos-en-usa-segun-google-analytics\/","title":{"rendered":"10 temas centran inter\u00e9s de migrantes guatemaltecos en USA seg\u00fan Google Analytics"},"content":{"rendered":"\t\t<div data-elementor-type=\"wp-post\" data-elementor-id=\"9710\" class=\"elementor elementor-9710\" data-elementor-post-type=\"post\">\n\t\t\t\t<div data-particle_enable=\"false\" data-particle-mobile-disabled=\"false\" class=\"elementor-element elementor-element-b3fc881 e-flex e-con-boxed e-con e-parent\" data-id=\"b3fc881\" data-element_type=\"container\" data-e-type=\"container\">\n\t\t\t\t\t<div class=\"e-con-inner\">\n\t\t\t\t<div class=\"elementor-element elementor-element-0a9b7a8 elementor-widget elementor-widget-heading\" data-id=\"0a9b7a8\" data-element_type=\"widget\" data-e-type=\"widget\" data-widget_type=\"heading.default\">\n\t\t\t\t\t<h2 class=\"elementor-heading-title elementor-size-default\">Los migrantes guatemaltecos en Estados Unidos tienen una variedad de intereses y preocupaciones que reflejan tanto su situaci\u00f3n de inmigrantes como su conexi\u00f3n con Guatemala. \n<\/h2>\t\t\t\t<\/div>\n\t\t\t\t\t<\/div>\n\t\t\t\t<\/div>\n\t\t<div data-particle_enable=\"false\" data-particle-mobile-disabled=\"false\" class=\"elementor-element elementor-element-73b24f9 e-flex e-con-boxed e-con e-parent\" data-id=\"73b24f9\" data-element_type=\"container\" data-e-type=\"container\">\n\t\t\t\t\t<div class=\"e-con-inner\">\n\t\t\t\t<div class=\"elementor-element elementor-element-036178f elementor-widget elementor-widget-text-editor\" data-id=\"036178f\" data-element_type=\"widget\" data-e-type=\"widget\" data-widget_type=\"text-editor.default\">\n\t\t\t\t\t\t\t\t\t<p>Los migrantes guatemaltecos en Estados Unidos sienten una conexi\u00f3n especial con sus ra\u00edces y su gente, pero no solo esto, hay muchos temas que los connacionales quieren saber y que tambi\u00e9n les preocupan.<\/p><p><br \/>A continuaci\u00f3n te detallo algunos de los temas principales que suelen ser de inter\u00e9s para esta comunidad:<\/p>\t\t\t\t\t\t\t\t<\/div>\n\t\t\t\t\t<\/div>\n\t\t\t\t<\/div>\n\t\t<div data-particle_enable=\"false\" data-particle-mobile-disabled=\"false\" class=\"elementor-element elementor-element-1df372d e-flex e-con-boxed e-con e-parent\" data-id=\"1df372d\" data-element_type=\"container\" data-e-type=\"container\">\n\t\t\t\t\t<div class=\"e-con-inner\">\n\t\t\t\t<div class=\"elementor-element elementor-element-c96bffa elementor-widget elementor-widget-heading\" data-id=\"c96bffa\" data-element_type=\"widget\" data-e-type=\"widget\" data-widget_type=\"heading.default\">\n\t\t\t\t\t<h3 class=\"elementor-heading-title elementor-size-default\">1. Inmigraci\u00f3n y estatus legal<\/h3>\t\t\t\t<\/div>\n\t\t\t\t\t<\/div>\n\t\t\t\t<\/div>\n\t\t<div data-particle_enable=\"false\" data-particle-mobile-disabled=\"false\" class=\"elementor-element elementor-element-56589d0 e-flex e-con-boxed e-con e-parent\" data-id=\"56589d0\" data-element_type=\"container\" data-e-type=\"container\">\n\t\t\t\t\t<div class=\"e-con-inner\">\n\t\t\t\t<div class=\"elementor-element elementor-element-7287f7d elementor-widget elementor-widget-text-editor\" data-id=\"7287f7d\" data-element_type=\"widget\" data-e-type=\"widget\" data-widget_type=\"text-editor.default\">\n\t\t\t\t\t\t\t\t\t<p>Este es uno de los temas m\u00e1s importantes para los migrantes guatemaltecos. Muchos enfrentan situaciones relacionadas con el estatus migratorio, desde la solicitud de asilo, visas de trabajo, hasta la residencia permanente o ciudadan\u00eda. <a href=\"https:\/\/soymigrante.com\/revista\/como-saber-si-soy-elegible-para-una-residencia-permanente-en-usa\/\" target=\"_blank\" rel=\"noopener\">Tambi\u00e9n existe una preocupaci\u00f3n constante por las pol\u00edticas migratorias en Estados Unidos<\/a> y los cambios en las leyes que afectan a los indocumentados, las deportaciones y los procesos de regularizaci\u00f3n.<\/p>\t\t\t\t\t\t\t\t<\/div>\n\t\t\t\t\t<\/div>\n\t\t\t\t<\/div>\n\t\t<div data-particle_enable=\"false\" data-particle-mobile-disabled=\"false\" class=\"elementor-element elementor-element-c88e8dd e-flex e-con-boxed e-con e-parent\" data-id=\"c88e8dd\" data-element_type=\"container\" data-e-type=\"container\">\n\t\t\t\t\t<div class=\"e-con-inner\">\n\t\t\t\t<div class=\"elementor-element elementor-element-9654545 elementor-widget elementor-widget-heading\" data-id=\"9654545\" data-element_type=\"widget\" data-e-type=\"widget\" data-widget_type=\"heading.default\">\n\t\t\t\t\t<h3 class=\"elementor-heading-title elementor-size-default\">2. Remesas y econom\u00eda familiar<\/h3>\t\t\t\t<\/div>\n\t\t\t\t\t<\/div>\n\t\t\t\t<\/div>\n\t\t<div data-particle_enable=\"false\" data-particle-mobile-disabled=\"false\" class=\"elementor-element elementor-element-6d8e886 e-flex e-con-boxed e-con e-parent\" data-id=\"6d8e886\" data-element_type=\"container\" data-e-type=\"container\">\n\t\t\t\t\t<div class=\"e-con-inner\">\n\t\t\t\t<div class=\"elementor-element elementor-element-7c448f0 elementor-widget elementor-widget-text-editor\" data-id=\"7c448f0\" data-element_type=\"widget\" data-e-type=\"widget\" data-widget_type=\"text-editor.default\">\n\t\t\t\t\t\t\t\t\t<p>El env\u00edo de remesas es fundamental para muchos migrantes guatemaltecos, ya que a menudo env\u00edan dinero para apoyar a sus familias en Guatemala. <a href=\"https:\/\/soymigrante.com\/revista\/como-saber-si-soy-elegible-para-una-residencia-permanente-en-usa\/\" target=\"_blank\" rel=\"noopener\">Los temas relacionados con la econom\u00eda, las tasas de cambio,<\/a> y las plataformas seguras para el env\u00edo de dinero son de gran inter\u00e9s, ya que influyen directamente en el bienestar econ\u00f3mico de sus familias.<\/p>\t\t\t\t\t\t\t\t<\/div>\n\t\t\t\t\t<\/div>\n\t\t\t\t<\/div>\n\t\t<div data-particle_enable=\"false\" data-particle-mobile-disabled=\"false\" class=\"elementor-element elementor-element-6c10eaf e-flex e-con-boxed e-con e-parent\" data-id=\"6c10eaf\" data-element_type=\"container\" data-e-type=\"container\">\n\t\t\t\t\t<div class=\"e-con-inner\">\n\t\t\t\t<div class=\"elementor-element elementor-element-3dce0a5 elementor-widget elementor-widget-heading\" data-id=\"3dce0a5\" data-element_type=\"widget\" data-e-type=\"widget\" data-widget_type=\"heading.default\">\n\t\t\t\t\t<h3 class=\"elementor-heading-title elementor-size-default\">3. Acceso a servicios de salud<\/h3>\t\t\t\t<\/div>\n\t\t\t\t\t<\/div>\n\t\t\t\t<\/div>\n\t\t<div data-particle_enable=\"false\" data-particle-mobile-disabled=\"false\" class=\"elementor-element elementor-element-bdae1bd e-flex e-con-boxed e-con e-parent\" data-id=\"bdae1bd\" data-element_type=\"container\" data-e-type=\"container\">\n\t\t\t\t\t<div class=\"e-con-inner\">\n\t\t\t\t<div class=\"elementor-element elementor-element-621d01c elementor-widget elementor-widget-text-editor\" data-id=\"621d01c\" data-element_type=\"widget\" data-e-type=\"widget\" data-widget_type=\"text-editor.default\">\n\t\t\t\t\t\t\t\t\t<p>El acceso a atenci\u00f3n m\u00e9dica es otra preocupaci\u00f3n importante. Los migrantes suelen <a href=\"https:\/\/soymigrante.com\/revista\/como-saber-si-soy-elegible-para-una-residencia-permanente-en-usa\/\" target=\"_blank\" rel=\"noopener\">enfrentarse a barreras ling\u00fc\u00edsticas, falta de seguro m\u00e9dico o acceso limitado a servicios de salud de calidad.<\/a> La pandemia de COVID-19 puso en evidencia la vulnerabilidad de muchas comunidades migrantes, y la informaci\u00f3n sobre vacunas, tratamientos y cl\u00ednicas comunitarias es de gran relevancia.<\/p>\t\t\t\t\t\t\t\t<\/div>\n\t\t\t\t\t<\/div>\n\t\t\t\t<\/div>\n\t\t<div data-particle_enable=\"false\" data-particle-mobile-disabled=\"false\" class=\"elementor-element elementor-element-69b7616 e-flex e-con-boxed e-con e-parent\" data-id=\"69b7616\" data-element_type=\"container\" data-e-type=\"container\">\n\t\t\t\t\t<div class=\"e-con-inner\">\n\t\t\t\t<div class=\"elementor-element elementor-element-2fa1544 elementor-widget elementor-widget-heading\" data-id=\"2fa1544\" data-element_type=\"widget\" data-e-type=\"widget\" data-widget_type=\"heading.default\">\n\t\t\t\t\t<h3 class=\"elementor-heading-title elementor-size-default\">4. Educaci\u00f3n para sus hijos<\/h3>\t\t\t\t<\/div>\n\t\t\t\t\t<\/div>\n\t\t\t\t<\/div>\n\t\t<div data-particle_enable=\"false\" data-particle-mobile-disabled=\"false\" class=\"elementor-element elementor-element-4002d00 e-flex e-con-boxed e-con e-parent\" data-id=\"4002d00\" data-element_type=\"container\" data-e-type=\"container\">\n\t\t\t\t\t<div class=\"e-con-inner\">\n\t\t\t\t<div class=\"elementor-element elementor-element-92f6fff elementor-widget elementor-widget-text-editor\" data-id=\"92f6fff\" data-element_type=\"widget\" data-e-type=\"widget\" data-widget_type=\"text-editor.default\">\n\t\t\t\t\t\t\t\t\t<p>Los guatemaltecos que han migrado con sus hijos o tienen hijos nacidos en EE. UU. <a href=\"https:\/\/soymigrante.com\/revista\/como-saber-si-soy-elegible-para-una-residencia-permanente-en-usa\/\" target=\"_blank\" rel=\"noopener\">se interesan por temas relacionados con la educaci\u00f3n, incluyendo la calidad de las escuelas<\/a>, el acceso a becas, y el apoyo para estudiantes indocumentados o beneficiarios de DACA (Deferred Action for Childhood Arrivals). Tambi\u00e9n es importante la preservaci\u00f3n de la identidad cultural y el idioma, por lo que algunos se preocupan por la ense\u00f1anza del espa\u00f1ol y las tradiciones guatemaltecas.<\/p>\t\t\t\t\t\t\t\t<\/div>\n\t\t\t\t\t<\/div>\n\t\t\t\t<\/div>\n\t\t<div data-particle_enable=\"false\" data-particle-mobile-disabled=\"false\" class=\"elementor-element elementor-element-cbdcf23 e-flex e-con-boxed e-con e-parent\" data-id=\"cbdcf23\" data-element_type=\"container\" data-e-type=\"container\">\n\t\t\t\t\t<div class=\"e-con-inner\">\n\t\t\t\t<div class=\"elementor-element elementor-element-316c6f2 elementor-widget elementor-widget-image\" data-id=\"316c6f2\" data-element_type=\"widget\" data-e-type=\"widget\" data-widget_type=\"image.default\">\n\t\t\t\t\t\t\t\t\t\t\t\t\t\t\t<img fetchpriority=\"high\" decoding=\"async\" width=\"768\" height=\"511\" src=\"https:\/\/soymigrante.com\/revista\/wp-content\/uploads\/2024\/09\/10-temas-que-les-interesan-a-los-migrantes-guatemaltecos-en-Estados-Unidos--1024x681.webp\" class=\"attachment-large size-large wp-image-9712\" alt=\"Banderas americana y de M\u00e9xico ondeando en un cielo azul, s\u00edmbolo de inmigrantes y comunidad en Estados Unidos y M\u00e9xico, reflejando identidad, pertenencia y cultura en la revista SoyMigrante.com.\" srcset=\"https:\/\/soymigrante.com\/revista\/wp-content\/uploads\/2024\/09\/10-temas-que-les-interesan-a-los-migrantes-guatemaltecos-en-Estados-Unidos--1024x681.webp 1024w, https:\/\/soymigrante.com\/revista\/wp-content\/uploads\/2024\/09\/10-temas-que-les-interesan-a-los-migrantes-guatemaltecos-en-Estados-Unidos--300x199.webp 300w, https:\/\/soymigrante.com\/revista\/wp-content\/uploads\/2024\/09\/10-temas-que-les-interesan-a-los-migrantes-guatemaltecos-en-Estados-Unidos--768x511.webp 768w, https:\/\/soymigrante.com\/revista\/wp-content\/uploads\/2024\/09\/10-temas-que-les-interesan-a-los-migrantes-guatemaltecos-en-Estados-Unidos--750x499.webp 750w, https:\/\/soymigrante.com\/revista\/wp-content\/uploads\/2024\/09\/10-temas-que-les-interesan-a-los-migrantes-guatemaltecos-en-Estados-Unidos--1140x758.webp 1140w, https:\/\/soymigrante.com\/revista\/wp-content\/uploads\/2024\/09\/10-temas-que-les-interesan-a-los-migrantes-guatemaltecos-en-Estados-Unidos-.webp 1280w\" sizes=\"(max-width: 768px) 100vw, 768px\" title=\"10 temas que les interesan a los migrantes guatemaltecos en Estados Unidos \u2013 SoyMigrante.com REVISTA\" \/>\t\t\t\t\t\t\t\t\t\t\t\t\t\t\t<\/div>\n\t\t\t\t\t<\/div>\n\t\t\t\t<\/div>\n\t\t<div data-particle_enable=\"false\" data-particle-mobile-disabled=\"false\" class=\"elementor-element elementor-element-5123b90 e-flex e-con-boxed e-con e-parent\" data-id=\"5123b90\" data-element_type=\"container\" data-e-type=\"container\">\n\t\t\t\t\t<div class=\"e-con-inner\">\n\t\t\t\t<div class=\"elementor-element elementor-element-41fee30 elementor-widget elementor-widget-heading\" data-id=\"41fee30\" data-element_type=\"widget\" data-e-type=\"widget\" data-widget_type=\"heading.default\">\n\t\t\t\t\t<h3 class=\"elementor-heading-title elementor-size-default\">5. Trabajo y derechos laborales<\/h3>\t\t\t\t<\/div>\n\t\t\t\t\t<\/div>\n\t\t\t\t<\/div>\n\t\t<div data-particle_enable=\"false\" data-particle-mobile-disabled=\"false\" class=\"elementor-element elementor-element-6fccaaf e-flex e-con-boxed e-con e-parent\" data-id=\"6fccaaf\" data-element_type=\"container\" data-e-type=\"container\">\n\t\t\t\t\t<div class=\"e-con-inner\">\n\t\t\t\t<div class=\"elementor-element elementor-element-aac3c90 elementor-widget elementor-widget-text-editor\" data-id=\"aac3c90\" data-element_type=\"widget\" data-e-type=\"widget\" data-widget_type=\"text-editor.default\">\n\t\t\t\t\t\t\t\t\t<p>El acceso a empleos estables y bien remunerados es crucial. Muchos migrantes guatemaltecos trabajan en sectores como la construcci\u00f3n, la agricultura y los servicios, donde las condiciones laborales a menudo son precarias. Est\u00e1n interesados en conocer sus derechos como trabajadores, c\u00f3mo evitar la explotaci\u00f3n laboral y los recursos disponibles para denunciar abusos o violaciones de esos derechos.<\/p>\t\t\t\t\t\t\t\t<\/div>\n\t\t\t\t\t<\/div>\n\t\t\t\t<\/div>\n\t\t<div data-particle_enable=\"false\" data-particle-mobile-disabled=\"false\" class=\"elementor-element elementor-element-7afb8d8 e-flex e-con-boxed e-con e-parent\" data-id=\"7afb8d8\" data-element_type=\"container\" data-e-type=\"container\">\n\t\t\t\t\t<div class=\"e-con-inner\">\n\t\t\t\t<div class=\"elementor-element elementor-element-356fc5f elementor-widget elementor-widget-heading\" data-id=\"356fc5f\" data-element_type=\"widget\" data-e-type=\"widget\" data-widget_type=\"heading.default\">\n\t\t\t\t\t<h3 class=\"elementor-heading-title elementor-size-default\">6. Pol\u00edtica en Guatemala<\/h3>\t\t\t\t<\/div>\n\t\t\t\t\t<\/div>\n\t\t\t\t<\/div>\n\t\t<div data-particle_enable=\"false\" data-particle-mobile-disabled=\"false\" class=\"elementor-element elementor-element-e728955 e-flex e-con-boxed e-con e-parent\" data-id=\"e728955\" data-element_type=\"container\" data-e-type=\"container\">\n\t\t\t\t\t<div class=\"e-con-inner\">\n\t\t\t\t<div class=\"elementor-element elementor-element-4a58fb3 elementor-widget elementor-widget-text-editor\" data-id=\"4a58fb3\" data-element_type=\"widget\" data-e-type=\"widget\" data-widget_type=\"text-editor.default\">\n\t\t\t\t\t\t\t\t\t<p>A pesar de estar en el extranjero, muchos guatemaltecos siguen preocupados por la situaci\u00f3n pol\u00edtica y econ\u00f3mica de su pa\u00eds de origen. Temas como la corrupci\u00f3n, la pobreza, la inseguridad y las elecciones presidenciales son importantes para ellos, ya que estos factores a menudo fueron los que motivaron su migraci\u00f3n. Algunos tambi\u00e9n buscan formas de participar en la pol\u00edtica guatemalteca desde el exterior.<\/p>\t\t\t\t\t\t\t\t<\/div>\n\t\t\t\t\t<\/div>\n\t\t\t\t<\/div>\n\t\t<div data-particle_enable=\"false\" data-particle-mobile-disabled=\"false\" class=\"elementor-element elementor-element-33366d3 e-flex e-con-boxed e-con e-parent\" data-id=\"33366d3\" data-element_type=\"container\" data-e-type=\"container\">\n\t\t\t\t\t<div class=\"e-con-inner\">\n\t\t\t\t<div class=\"elementor-element elementor-element-adc79da elementor-widget elementor-widget-heading\" data-id=\"adc79da\" data-element_type=\"widget\" data-e-type=\"widget\" data-widget_type=\"heading.default\">\n\t\t\t\t\t<h3 class=\"elementor-heading-title elementor-size-default\">7. Cultura e identidad<\/h3>\t\t\t\t<\/div>\n\t\t\t\t\t<\/div>\n\t\t\t\t<\/div>\n\t\t<div data-particle_enable=\"false\" data-particle-mobile-disabled=\"false\" class=\"elementor-element elementor-element-1dd85f0 e-flex e-con-boxed e-con e-parent\" data-id=\"1dd85f0\" data-element_type=\"container\" data-e-type=\"container\">\n\t\t\t\t\t<div class=\"e-con-inner\">\n\t\t\t\t<div class=\"elementor-element elementor-element-0bd7ef7 elementor-widget elementor-widget-text-editor\" data-id=\"0bd7ef7\" data-element_type=\"widget\" data-e-type=\"widget\" data-widget_type=\"text-editor.default\">\n\t\t\t\t\t\t\t\t\t<p>La preservaci\u00f3n de su identidad cultural es clave para muchos migrantes, especialmente aquellos que han estado fuera de Guatemala durante largos per\u00edodos. <a href=\"https:\/\/soymigrante.com\/revista\/como-saber-si-soy-elegible-para-una-residencia-permanente-en-usa\/\" target=\"_blank\" rel=\"noopener\">Las festividades, las costumbres, la m\u00fasica, el idioma y la gastronom\u00eda son aspectos que buscan mantener vivos,<\/a> tanto en sus familias como en las comunidades de guatemaltecos en Estados Unidos. Adem\u00e1s, muchos migrantes ind\u00edgenas guatemaltecos est\u00e1n interesados en la preservaci\u00f3n de sus lenguas y tradiciones ancestrales.<\/p>\t\t\t\t\t\t\t\t<\/div>\n\t\t\t\t\t<\/div>\n\t\t\t\t<\/div>\n\t\t<div data-particle_enable=\"false\" data-particle-mobile-disabled=\"false\" class=\"elementor-element elementor-element-f0c948a e-flex e-con-boxed e-con e-parent\" data-id=\"f0c948a\" data-element_type=\"container\" data-e-type=\"container\">\n\t\t\t\t\t<div class=\"e-con-inner\">\n\t\t\t\t<div class=\"elementor-element elementor-element-6704305 elementor-widget elementor-widget-image\" data-id=\"6704305\" data-element_type=\"widget\" data-e-type=\"widget\" data-widget_type=\"image.default\">\n\t\t\t\t\t\t\t\t\t\t\t\t\t\t\t<img decoding=\"async\" width=\"768\" height=\"576\" src=\"https:\/\/soymigrante.com\/revista\/wp-content\/uploads\/2024\/09\/10-temas-que-les-interesan-a-los-migrantes-guatemaltecos-en-Estados-Unidos-2-1024x768.webp\" class=\"attachment-large size-large wp-image-9713\" alt=\"Im\u00e1genes de la ciudad de Nueva York con rascacielos y un velero en el r\u00edo, destacando el skyline ic\u00f3nico y el perfil urbano din\u00e1mico.\" srcset=\"https:\/\/soymigrante.com\/revista\/wp-content\/uploads\/2024\/09\/10-temas-que-les-interesan-a-los-migrantes-guatemaltecos-en-Estados-Unidos-2-1024x768.webp 1024w, https:\/\/soymigrante.com\/revista\/wp-content\/uploads\/2024\/09\/10-temas-que-les-interesan-a-los-migrantes-guatemaltecos-en-Estados-Unidos-2-300x225.webp 300w, https:\/\/soymigrante.com\/revista\/wp-content\/uploads\/2024\/09\/10-temas-que-les-interesan-a-los-migrantes-guatemaltecos-en-Estados-Unidos-2-768x576.webp 768w, https:\/\/soymigrante.com\/revista\/wp-content\/uploads\/2024\/09\/10-temas-que-les-interesan-a-los-migrantes-guatemaltecos-en-Estados-Unidos-2-750x563.webp 750w, https:\/\/soymigrante.com\/revista\/wp-content\/uploads\/2024\/09\/10-temas-que-les-interesan-a-los-migrantes-guatemaltecos-en-Estados-Unidos-2-1140x855.webp 1140w, https:\/\/soymigrante.com\/revista\/wp-content\/uploads\/2024\/09\/10-temas-que-les-interesan-a-los-migrantes-guatemaltecos-en-Estados-Unidos-2.webp 1280w\" sizes=\"(max-width: 768px) 100vw, 768px\" title=\"10 temas que les interesan a los migrantes guatemaltecos en Estados Unidos 2 \u2013 SoyMigrante.com REVISTA\" \/>\t\t\t\t\t\t\t\t\t\t\t\t\t\t\t<\/div>\n\t\t\t\t\t<\/div>\n\t\t\t\t<\/div>\n\t\t<div data-particle_enable=\"false\" data-particle-mobile-disabled=\"false\" class=\"elementor-element elementor-element-4e6aceb e-flex e-con-boxed e-con e-parent\" data-id=\"4e6aceb\" data-element_type=\"container\" data-e-type=\"container\">\n\t\t\t\t\t<div class=\"e-con-inner\">\n\t\t\t\t<div class=\"elementor-element elementor-element-e568d8b elementor-widget elementor-widget-heading\" data-id=\"e568d8b\" data-element_type=\"widget\" data-e-type=\"widget\" data-widget_type=\"heading.default\">\n\t\t\t\t\t<h3 class=\"elementor-heading-title elementor-size-default\">8. Asociaciones comunitarias y redes de apoyo<\/h3>\t\t\t\t<\/div>\n\t\t\t\t\t<\/div>\n\t\t\t\t<\/div>\n\t\t<div data-particle_enable=\"false\" data-particle-mobile-disabled=\"false\" class=\"elementor-element elementor-element-55b172c e-flex e-con-boxed e-con e-parent\" data-id=\"55b172c\" data-element_type=\"container\" data-e-type=\"container\">\n\t\t\t\t\t<div class=\"e-con-inner\">\n\t\t\t\t<div class=\"elementor-element elementor-element-79690d9 elementor-widget elementor-widget-text-editor\" data-id=\"79690d9\" data-element_type=\"widget\" data-e-type=\"widget\" data-widget_type=\"text-editor.default\">\n\t\t\t\t\t\t\t\t\t<p>Las redes de apoyo entre migrantes son vitales. Los guatemaltecos se interesan en la creaci\u00f3n o participaci\u00f3n en asociaciones comunitarias que promuevan la uni\u00f3n, el apoyo mutuo y el acceso a recursos legales, sociales y econ\u00f3micos. Estas organizaciones tambi\u00e9n pueden ofrecer ayuda para resolver problemas locales o asesorar sobre cuestiones legales y educativas.<\/p>\t\t\t\t\t\t\t\t<\/div>\n\t\t\t\t\t<\/div>\n\t\t\t\t<\/div>\n\t\t<div data-particle_enable=\"false\" data-particle-mobile-disabled=\"false\" class=\"elementor-element elementor-element-fd84e5a e-flex e-con-boxed e-con e-parent\" data-id=\"fd84e5a\" data-element_type=\"container\" data-e-type=\"container\">\n\t\t\t\t\t<div class=\"e-con-inner\">\n\t\t\t\t<div class=\"elementor-element elementor-element-62f81bc elementor-widget elementor-widget-heading\" data-id=\"62f81bc\" data-element_type=\"widget\" data-e-type=\"widget\" data-widget_type=\"heading.default\">\n\t\t\t\t\t<h3 class=\"elementor-heading-title elementor-size-default\">9. Deportaciones y reunificaci\u00f3n familiar<\/h3>\t\t\t\t<\/div>\n\t\t\t\t\t<\/div>\n\t\t\t\t<\/div>\n\t\t<div data-particle_enable=\"false\" data-particle-mobile-disabled=\"false\" class=\"elementor-element elementor-element-561ffd9 e-flex e-con-boxed e-con e-parent\" data-id=\"561ffd9\" data-element_type=\"container\" data-e-type=\"container\">\n\t\t\t\t\t<div class=\"e-con-inner\">\n\t\t\t\t<div class=\"elementor-element elementor-element-1478704 elementor-widget elementor-widget-text-editor\" data-id=\"1478704\" data-element_type=\"widget\" data-e-type=\"widget\" data-widget_type=\"text-editor.default\">\n\t\t\t\t\t\t\t\t\t<p>El riesgo de deportaci\u00f3n y la separaci\u00f3n familiar son preocupaciones que afectan profundamente a los migrantes guatemaltecos. Muchos viven con el temor constante de ser deportados o de que un familiar cercano sea separado de la familia. <a href=\"https:\/\/soymigrante.com\/revista\/como-saber-si-soy-elegible-para-una-residencia-permanente-en-usa\/\" target=\"_blank\" rel=\"noopener\">La reunificaci\u00f3n familiar, tanto en Estados Unidos como en Guatemala,<\/a> es otro tema que interesa a la comunidad, sobre todo para aquellos que han dejado hijos o padres en Guatemala.<\/p>\t\t\t\t\t\t\t\t<\/div>\n\t\t\t\t\t<\/div>\n\t\t\t\t<\/div>\n\t\t<div data-particle_enable=\"false\" data-particle-mobile-disabled=\"false\" class=\"elementor-element elementor-element-835ddb8 e-flex e-con-boxed e-con e-parent\" data-id=\"835ddb8\" data-element_type=\"container\" data-e-type=\"container\">\n\t\t\t\t\t<div class=\"e-con-inner\">\n\t\t\t\t<div class=\"elementor-element elementor-element-b554fc4 elementor-widget elementor-widget-heading\" data-id=\"b554fc4\" data-element_type=\"widget\" data-e-type=\"widget\" data-widget_type=\"heading.default\">\n\t\t\t\t\t<h3 class=\"elementor-heading-title elementor-size-default\">10. Seguridad personal<\/h3>\t\t\t\t<\/div>\n\t\t\t\t\t<\/div>\n\t\t\t\t<\/div>\n\t\t<div data-particle_enable=\"false\" data-particle-mobile-disabled=\"false\" class=\"elementor-element elementor-element-c73ff3e e-flex e-con-boxed e-con e-parent\" data-id=\"c73ff3e\" data-element_type=\"container\" data-e-type=\"container\">\n\t\t\t\t\t<div class=\"e-con-inner\">\n\t\t\t\t<div class=\"elementor-element elementor-element-da1e735 elementor-widget elementor-widget-text-editor\" data-id=\"da1e735\" data-element_type=\"widget\" data-e-type=\"widget\" data-widget_type=\"text-editor.default\">\n\t\t\t\t\t\t\t\t\t<p>Para algunos migrantes guatemaltecos, especialmente aquellos que han huido de la violencia o la inseguridad en Guatemala, la seguridad en Estados Unidos es un tema relevante. Las experiencias con pandillas o crimen organizado en su pa\u00eds de origen influyen en su inter\u00e9s por vivir en comunidades seguras y conocer los mecanismos para protegerse en su nuevo entorno.<\/p>\t\t\t\t\t\t\t\t<\/div>\n\t\t\t\t\t<\/div>\n\t\t\t\t<\/div>\n\t\t<div data-particle_enable=\"false\" data-particle-mobile-disabled=\"false\" class=\"elementor-element elementor-element-c53c4fb e-flex e-con-boxed e-con e-parent\" data-id=\"c53c4fb\" data-element_type=\"container\" data-e-type=\"container\">\n\t\t\t\t\t<div class=\"e-con-inner\">\n\t\t\t\t<div class=\"elementor-element elementor-element-7ff3eec elementor-widget elementor-widget-heading\" data-id=\"7ff3eec\" data-element_type=\"widget\" data-e-type=\"widget\" data-widget_type=\"heading.default\">\n\t\t\t\t\t<h2 class=\"elementor-heading-title elementor-size-default\">Te puede interesar...<\/h2>\t\t\t\t<\/div>\n\t\t\t\t\t<\/div>\n\t\t\t\t<\/div>\n\t\t<div data-particle_enable=\"false\" data-particle-mobile-disabled=\"false\" class=\"elementor-element elementor-element-73ac5f9 e-flex e-con-boxed e-con e-parent\" data-id=\"73ac5f9\" data-element_type=\"container\" data-e-type=\"container\">\n\t\t\t\t\t<div class=\"e-con-inner\">\n\t\t\t\t<div class=\"elementor-element elementor-element-42ee5a9 elementor-widget elementor-widget-blfe-post-grid\" data-id=\"42ee5a9\" data-element_type=\"widget\" data-e-type=\"widget\" data-settings=\"{&quot;columns&quot;:&quot;3&quot;,&quot;columns_tablet&quot;:&quot;6&quot;,&quot;columns_mobile&quot;:&quot;12&quot;,&quot;hero1_layout_column_gap&quot;:{&quot;unit&quot;:&quot;px&quot;,&quot;size&quot;:30,&quot;sizes&quot;:[]},&quot;hero1_layout_column_gap_tablet&quot;:{&quot;unit&quot;:&quot;px&quot;,&quot;size&quot;:&quot;&quot;,&quot;sizes&quot;:[]},&quot;hero1_layout_column_gap_mobile&quot;:{&quot;unit&quot;:&quot;px&quot;,&quot;size&quot;:&quot;&quot;,&quot;sizes&quot;:[]},&quot;hero1_layout_row_gap&quot;:{&quot;unit&quot;:&quot;px&quot;,&quot;size&quot;:30,&quot;sizes&quot;:[]},&quot;hero1_layout_row_gap_tablet&quot;:{&quot;unit&quot;:&quot;px&quot;,&quot;size&quot;:&quot;&quot;,&quot;sizes&quot;:[]},&quot;hero1_layout_row_gap_mobile&quot;:{&quot;unit&quot;:&quot;px&quot;,&quot;size&quot;:&quot;&quot;,&quot;sizes&quot;:[]}}\" data-widget_type=\"blfe-post-grid.hero1\">\n\t\t\t\t<div class=\"elementor-widget-container\">\n\t\t\t\t\t\n                        <div class=\"blfe-post-grid-container \">\n            \n                <div data-skin=\"hero1\" class=\"blfe-row blfe-posts-inner blfe-hero1 blfe-posts-inner blfe-col-3 blfe-col-tab-6 blfe-col-mob-12     \">\n                            <div class=\"blfe-post-grid-item\">\n            <div class=\"blfe-post-grid-item-inner blfe-modern-zoom\">\n                        <div class=\"blfe-post-grid-bg-image\">\n            <a class=\"blfe-post-grid-image-inner\" href=\"https:\/\/soymigrante.com\/revista\/experto-en-migracion-radicado-en-texas-responde-preguntas-sobre-medidas-migratorias\/\" title=\"Experto en migraci\u00f3n radicado en Texas responde preguntas sobre medidas migratorias\" rel=\"nofollow\" target=\"_blank\"><img decoding=\"async\" src=\"https:\/\/soymigrante.com\/revista\/wp-content\/uploads\/2025\/01\/inmigracion-scaled.webp\" alt=\"Experto en migraci\u00f3n radicado en Texas responde preguntas sobre medidas migratorias\"\/><\/a>        <\/div>\n                        <div class=\"blfe-post-grid-details\">\n                    <div class=\"blfe-post-grid-details-inner\">\n                        <span class=\"blfe-post-category\"><a href=\"https:\/\/soymigrante.com\/revista\/category\/recursos-migratorios\/\">Recursos Migratorios<\/a><\/span>                        <h3 class=\"blfe-post-grid-title\">\n            <a href=\"https:\/\/soymigrante.com\/revista\/experto-en-migracion-radicado-en-texas-responde-preguntas-sobre-medidas-migratorias\/\" title=\"Experto en migraci\u00f3n radicado en Texas responde preguntas sobre medidas migratorias\" rel=\"nofollow\" target=\"_blank\">Experto en migraci\u00f3n radicado en Texas responde preguntas sobre medidas migratorias<\/a>\n            <\/h3>                                                            <div class=\"blfe-post-grid-meta\">\n                <span class=\"blfe-post-grid-time\"><i class=\"fas fa-book-reader\"><\/i>6 Min read<\/span>            <\/div>\n                                                        <\/div>\n                <\/div>\n\n            <\/div>\n        <\/div>\n                <div class=\"blfe-post-grid-item\">\n            <div class=\"blfe-post-grid-item-inner blfe-modern-zoom\">\n                        <div class=\"blfe-post-grid-bg-image\">\n            <a class=\"blfe-post-grid-image-inner\" href=\"https:\/\/soymigrante.com\/revista\/buscas-un-consulado-de-guatemala-en-us-contactos-ubicacion-y-citas-de-todos\/\" title=\"\u00bfBuscas un consulado de Guatemala en USA? Contactos, ubicaci\u00f3n y citas de todos\" rel=\"nofollow\" target=\"_blank\"><img decoding=\"async\" src=\"https:\/\/soymigrante.com\/revista\/wp-content\/uploads\/2024\/03\/Oklahoma-consulado-gt.webp\" alt=\"\u00bfBuscas un consulado de Guatemala en USA? Contactos, ubicaci\u00f3n y citas de todos\"\/><\/a>        <\/div>\n                        <div class=\"blfe-post-grid-details\">\n                    <div class=\"blfe-post-grid-details-inner\">\n                        <span class=\"blfe-post-category\"><a href=\"https:\/\/soymigrante.com\/revista\/category\/recursos-migratorios\/\">Recursos Migratorios<\/a><\/span>                        <h3 class=\"blfe-post-grid-title\">\n            <a href=\"https:\/\/soymigrante.com\/revista\/buscas-un-consulado-de-guatemala-en-us-contactos-ubicacion-y-citas-de-todos\/\" title=\"\u00bfBuscas un consulado de Guatemala en USA? Contactos, ubicaci\u00f3n y citas de todos\" rel=\"nofollow\" target=\"_blank\">\u00bfBuscas un consulado de Guatemala en USA? Contactos, ubicaci\u00f3n y citas de todos<\/a>\n            <\/h3>                                                            <div class=\"blfe-post-grid-meta\">\n                <span class=\"blfe-post-grid-time\"><i class=\"fas fa-book-reader\"><\/i>2 Min read<\/span>            <\/div>\n                                                        <\/div>\n                <\/div>\n\n            <\/div>\n        <\/div>\n                <div class=\"blfe-post-grid-item\">\n            <div class=\"blfe-post-grid-item-inner blfe-modern-zoom\">\n                        <div class=\"blfe-post-grid-bg-image\">\n            <a class=\"blfe-post-grid-image-inner\" href=\"https:\/\/soymigrante.com\/revista\/se-anuncia-plan-de-legalizacion-para-conyuges-de-ciudadanos-estadounidenses\/\" title=\"Se lanza plan de legalizaci\u00f3n de c\u00f3nyuges de ciudadanos estadounidenses\" rel=\"nofollow\" target=\"_blank\"><img decoding=\"async\" src=\"https:\/\/soymigrante.com\/revista\/wp-content\/uploads\/2024\/06\/Captura-de-pantalla-2024-06-18-175556.webp\" alt=\"Se lanza plan de legalizaci\u00f3n de c\u00f3nyuges de ciudadanos estadounidenses\"\/><\/a>        <\/div>\n                        <div class=\"blfe-post-grid-details\">\n                    <div class=\"blfe-post-grid-details-inner\">\n                        <span class=\"blfe-post-category\"><a href=\"https:\/\/soymigrante.com\/revista\/category\/recursos-migratorios\/\">Recursos Migratorios<\/a><\/span>                        <h3 class=\"blfe-post-grid-title\">\n            <a href=\"https:\/\/soymigrante.com\/revista\/se-anuncia-plan-de-legalizacion-para-conyuges-de-ciudadanos-estadounidenses\/\" title=\"Se lanza plan de legalizaci\u00f3n de c\u00f3nyuges de ciudadanos estadounidenses\" rel=\"nofollow\" target=\"_blank\">Se lanza plan de legalizaci\u00f3n de c\u00f3nyuges de ciudadanos estadounidenses<\/a>\n            <\/h3>                                                            <div class=\"blfe-post-grid-meta\">\n                <span class=\"blfe-post-grid-time\"><i class=\"fas fa-book-reader\"><\/i>5 Min read<\/span>            <\/div>\n                                                        <\/div>\n                <\/div>\n\n            <\/div>\n        <\/div>\n                        <\/div>\n\n                        <\/div>\n            \n                        <div class=\"blfe-post-footer\">\n                        <\/div>\n            \t\t\t\t<\/div>\n\t\t\t\t<\/div>\n\t\t\t\t\t<\/div>\n\t\t\t\t<\/div>\n\t\t\t\t<\/div>\n\t\t","protected":false},"excerpt":{"rendered":"<p>Los migrantes guatemaltecos en Estados Unidos tienen una variedad de intereses y preocupaciones que reflejan tanto su situaci\u00f3n de inmigrantes como su conexi\u00f3n con Guatemala. Los migrantes guatemaltecos en Estados Unidos sienten una conexi\u00f3n especial con sus ra\u00edces y su gente, pero no solo esto, hay muchos temas que los connacionales quieren saber y que [&hellip;]<\/p>\n","protected":false},"author":19,"featured_media":9735,"comment_status":"open","ping_status":"open","sticky":false,"template":"","format":"standard","meta":{"_acf_changed":false,"_eb_attr":"","footnotes":""},"categories":[55],"tags":[],"class_list":["post-9710","post","type-post","status-publish","format-standard","has-post-thumbnail","hentry","category-bienestar"],"acf":[],"aioseo_notices":[],"aioseo_head":"\n\t\t<!-- All in One SEO Pro 4.9.6.2 - aioseo.com -->\n\t<meta name=\"description\" content=\"Migrantes con 10 a\u00f1os o m\u00e1s de casados con un estadounidense pueden solicitar beneficio sin salir de EE.UU; plan otorgar\u00e1 visas de trabajo a dreamers graduados.\" \/>\n\t<meta name=\"robots\" content=\"max-snippet:-1, max-image-preview:large, max-video-preview:-1\" \/>\n\t<meta name=\"author\" content=\"Gustavo Montenegro\"\/>\n\t<link rel=\"canonical\" href=\"https:\/\/soymigrante.com\/revista\/se-anuncia-plan-de-legalizacion-para-conyuges-de-ciudadanos-estadounidenses\/\" \/>\n\t<meta name=\"generator\" content=\"All in One SEO Pro (AIOSEO) 4.9.6.2\" \/>\n\n\t\t<link rel=\"preconnect\" href=\"https:\/\/fonts.googleapis.com\" crossorigin>\n<link rel=\"preconnect\" href=\"https:\/\/fonts.gstatic.com\" crossorigin>\n\t\t<meta property=\"og:locale\" content=\"es_ES\" \/>\n\t\t<meta property=\"og:site_name\" content=\"SoyMigrante.com REVISTA \u2013 Nuestra misi\u00f3n es reconocer y dignificar al migrante.\" \/>\n\t\t<meta property=\"og:type\" content=\"article\" \/>\n\t\t<meta property=\"og:title\" content=\"Plan Biden ayuda a migrantes casados con ciudadanos de EE.UU.\" \/>\n\t\t<meta property=\"og:description\" content=\"Migrantes con 10 a\u00f1os o m\u00e1s de casados con un estadounidense pueden solicitar beneficio sin salir de EE.UU; plan otorgar\u00e1 visas de trabajo a dreamers graduados.\" \/>\n\t\t<meta property=\"og:url\" content=\"https:\/\/soymigrante.com\/revista\/se-anuncia-plan-de-legalizacion-para-conyuges-de-ciudadanos-estadounidenses\/\" \/>\n\t\t<meta property=\"og:image\" content=\"https:\/\/soymigrante.com\/revista\/wp-content\/uploads\/2024\/06\/Captura-de-pantalla-2024-06-18-175556.webp\" \/>\n\t\t<meta property=\"og:image:secure_url\" content=\"https:\/\/soymigrante.com\/revista\/wp-content\/uploads\/2024\/06\/Captura-de-pantalla-2024-06-18-175556.webp\" \/>\n\t\t<meta property=\"og:image:width\" content=\"817\" \/>\n\t\t<meta property=\"og:image:height\" content=\"817\" \/>\n\t\t<meta property=\"article:published_time\" content=\"2024-06-19T00:10:09+00:00\" \/>\n\t\t<meta property=\"article:modified_time\" content=\"2024-08-20T14:18:13+00:00\" \/>\n\t\t<meta property=\"article:publisher\" content=\"https:\/\/www.facebook.com\/soymigrantecom\" \/>\n\t\t<meta name=\"twitter:card\" content=\"summary_large_image\" \/>\n\t\t<meta name=\"twitter:site\" content=\"@SoyMigrante_com\" \/>\n\t\t<meta name=\"twitter:title\" content=\"Plan Biden ayuda a migrantes casados con ciudadanos de EE.UU.\" \/>\n\t\t<meta name=\"twitter:description\" content=\"Migrantes con 10 a\u00f1os o m\u00e1s de casados con un estadounidense pueden solicitar beneficio sin salir de EE.UU; plan otorgar\u00e1 visas de trabajo a dreamers graduados.\" \/>\n\t\t<meta name=\"twitter:creator\" content=\"@SoyMigrante_com\" \/>\n\t\t<meta name=\"twitter:image\" content=\"https:\/\/soymigrante.com\/revista\/wp-content\/uploads\/2024\/06\/Captura-de-pantalla-2024-06-18-175556.webp\" \/>\n\t\t<!-- All in One SEO Pro -->\r\n\t\t<title>Plan Biden ayuda a migrantes casados con ciudadanos de EE.UU.<\/title>\n\n","aioseo_head_json":{"title":"Plan Biden ayuda a migrantes casados con ciudadanos de EE.UU.","description":"Migrantes con 10 a\u00f1os o m\u00e1s de casados con un estadounidense pueden solicitar beneficio sin salir de EE.UU; plan otorgar\u00e1 visas de trabajo a dreamers graduados.","canonical_url":"https:\/\/soymigrante.com\/revista\/se-anuncia-plan-de-legalizacion-para-conyuges-de-ciudadanos-estadounidenses\/","robots":"max-snippet:-1, max-image-preview:large, max-video-preview:-1","keywords":"","webmasterTools":{"miscellaneous":"&lt;link rel=\"preconnect\" href=\"https:\/\/fonts.googleapis.com\" crossorigin&gt;\n&lt;link rel=\"preconnect\" href=\"https:\/\/fonts.gstatic.com\" crossorigin&gt;"},"schema":null,"og:locale":"es_ES","og:site_name":"SoyMigrante.com REVISTA \u2013 Nuestra misi\u00f3n es reconocer y dignificar al migrante.","og:type":"article","og:title":"Plan Biden ayuda a migrantes casados con ciudadanos de EE.UU.","og:description":"Migrantes con 10 a\u00f1os o m\u00e1s de casados con un estadounidense pueden solicitar beneficio sin salir de EE.UU; plan otorgar\u00e1 visas de trabajo a dreamers graduados.","og:url":"https:\/\/soymigrante.com\/revista\/se-anuncia-plan-de-legalizacion-para-conyuges-de-ciudadanos-estadounidenses\/","og:image":"https:\/\/soymigrante.com\/revista\/wp-content\/uploads\/2024\/06\/Captura-de-pantalla-2024-06-18-175556.webp","og:image:secure_url":"https:\/\/soymigrante.com\/revista\/wp-content\/uploads\/2024\/06\/Captura-de-pantalla-2024-06-18-175556.webp","og:image:width":817,"og:image:height":817,"article:published_time":"2024-06-19T00:10:09+00:00","article:modified_time":"2024-08-20T14:18:13+00:00","article:publisher":"https:\/\/www.facebook.com\/soymigrantecom","twitter:card":"summary_large_image","twitter:site":"@SoyMigrante_com","twitter:title":"Plan Biden ayuda a migrantes casados con ciudadanos de EE.UU.","twitter:description":"Migrantes con 10 a\u00f1os o m\u00e1s de casados con un estadounidense pueden solicitar beneficio sin salir de EE.UU; plan otorgar\u00e1 visas de trabajo a dreamers graduados.","twitter:creator":"@SoyMigrante_com","twitter:image":"https:\/\/soymigrante.com\/revista\/wp-content\/uploads\/2024\/06\/Captura-de-pantalla-2024-06-18-175556.webp"},"aioseo_meta_data":{"post_id":"9710","title":"10 temas concentran inter\u00e9s de migrantes guatemaltecos en USA","description":"Los migrantes guatemaltecos en EE.UU. tienen intereses y preocupaciones de temas legales, pol\u00edticos y econ\u00f3micos. Seg\u00fan Google Analytics estos son los m\u00e1s busacados.","keywords":null,"keyphrases":{"focus":{"keyphrase":"migrantes","score":91,"analysis":{"keyphraseInTitle":{"score":9,"maxScore":9,"error":0},"keyphraseInDescription":{"score":9,"maxScore":9,"error":0},"keyphraseLength":{"score":9,"maxScore":9,"error":0,"length":1},"keyphraseInURL":{"score":5,"maxScore":5,"error":0},"keyphraseInIntroduction":{"score":9,"maxScore":9,"error":0},"keyphraseInSubHeadings":{"score":3,"maxScore":9,"error":1},"keyphraseInImageAlt":{"score":9,"maxScore":9,"error":0},"keywordDensity":{"type":"best","score":9,"maxScore":9,"error":0}}},"additional":[{"keyphrase":"migrantes","score":100,"analysis":{"keyphraseInDescription":{"score":9,"maxScore":9,"error":0},"keyphraseLength":{"score":9,"maxScore":9,"error":0,"length":1},"keyphraseInIntroduction":{"score":9,"maxScore":9,"error":0},"keyphraseInImageAlt":{"score":9,"maxScore":9,"error":0},"keywordDensity":{"type":"best","score":9,"maxScore":9,"error":0}}},{"keyphrase":"guatemaltecos","score":100,"analysis":{"keyphraseInDescription":{"score":9,"maxScore":9,"error":0},"keyphraseLength":{"score":9,"maxScore":9,"error":0,"length":1},"keyphraseInIntroduction":{"score":9,"maxScore":9,"error":0},"keyphraseInImageAlt":{"score":9,"maxScore":9,"error":0},"keywordDensity":{"type":"best","score":9,"maxScore":9,"error":0}}}]},"primary_term":null,"canonical_url":null,"og_title":null,"og_description":null,"og_object_type":"default","og_image_type":"default","og_image_url":null,"og_image_width":null,"og_image_height":null,"og_image_custom_url":null,"og_image_custom_fields":null,"og_video":"","og_custom_url":null,"og_article_section":null,"og_article_tags":null,"twitter_use_og":false,"twitter_card":"default","twitter_image_type":"default","twitter_image_url":null,"twitter_image_custom_url":null,"twitter_image_custom_fields":null,"twitter_title":null,"twitter_description":null,"schema":{"blockGraphs":[],"customGraphs":[],"default":{"data":{"Article":[],"Course":[],"Dataset":[],"FAQPage":[],"Movie":[],"Person":[],"Product":[],"ProductReview":[],"Car":[],"Recipe":[],"Service":[],"SoftwareApplication":[],"WebPage":[]},"graphName":"Article","isEnabled":true},"graphs":[]},"schema_type":"default","schema_type_options":null,"pillar_content":false,"robots_default":true,"robots_noindex":false,"robots_noarchive":false,"robots_nosnippet":false,"robots_nofollow":false,"robots_noimageindex":false,"robots_noodp":false,"robots_notranslate":false,"robots_max_snippet":"-1","robots_max_videopreview":"-1","robots_max_imagepreview":"large","priority":null,"frequency":"default","local_seo":null,"seo_analyzer_scan_date":"2025-10-08 23:21:38","breadcrumb_settings":null,"limit_modified_date":false,"reviewed_by":null,"open_ai":"{\"title\":{\"suggestions\":[],\"usage\":0},\"description\":{\"suggestions\":[],\"usage\":0}}","ai":null,"created":"2024-09-25 18:27:24","updated":"2026-02-04 13:36:45"},"aioseo_breadcrumb":"<div class=\"aioseo-breadcrumbs\"><span class=\"aioseo-breadcrumb\">\n\t<a href=\"https:\/\/soymigrante.com\/revista\" title=\"Home\">Home<\/a>\n<\/span><span class=\"aioseo-breadcrumb-separator\">\u00bb<\/span><span class=\"aioseo-breadcrumb\">\n\t<a href=\"https:\/\/soymigrante.com\/revista\/category\/bienestar\/\" title=\"Bienestar\">Bienestar<\/a>\n<\/span><span class=\"aioseo-breadcrumb-separator\">\u00bb<\/span><span class=\"aioseo-breadcrumb\">\n\t10 temas centran inter\u00e9s de migrantes guatemaltecos en USA seg\u00fan Google Analytics\n<\/span><\/div>","aioseo_breadcrumb_json":[{"label":"Home","link":"https:\/\/soymigrante.com\/revista"},{"label":"Bienestar","link":"https:\/\/soymigrante.com\/revista\/category\/bienestar\/"},{"label":"10 temas centran inter\u00e9s de migrantes guatemaltecos en USA seg\u00fan Google Analytics","link":"https:\/\/soymigrante.com\/revista\/10-temas-centran-interes-de-migrantes-guatemaltecos-en-usa-segun-google-analytics\/"}],"_links":{"self":[{"href":"https:\/\/soymigrante.com\/revista\/wp-json\/wp\/v2\/posts\/9710","targetHints":{"allow":["GET"]}}],"collection":[{"href":"https:\/\/soymigrante.com\/revista\/wp-json\/wp\/v2\/posts"}],"about":[{"href":"https:\/\/soymigrante.com\/revista\/wp-json\/wp\/v2\/types\/post"}],"author":[{"embeddable":true,"href":"https:\/\/soymigrante.com\/revista\/wp-json\/wp\/v2\/users\/19"}],"replies":[{"embeddable":true,"href":"https:\/\/soymigrante.com\/revista\/wp-json\/wp\/v2\/comments?post=9710"}],"version-history":[{"count":0,"href":"https:\/\/soymigrante.com\/revista\/wp-json\/wp\/v2\/posts\/9710\/revisions"}],"wp:featuredmedia":[{"embeddable":true,"href":"https:\/\/soymigrante.com\/revista\/wp-json\/wp\/v2\/media\/9735"}],"wp:attachment":[{"href":"https:\/\/soymigrante.com\/revista\/wp-json\/wp\/v2\/media?parent=9710"}],"wp:term":[{"taxonomy":"category","embeddable":true,"href":"https:\/\/soymigrante.com\/revista\/wp-json\/wp\/v2\/categories?post=9710"},{"taxonomy":"post_tag","embeddable":true,"href":"https:\/\/soymigrante.com\/revista\/wp-json\/wp\/v2\/tags?post=9710"}],"curies":[{"name":"wp","href":"https:\/\/api.w.org\/{rel}","templated":true}]}}