{"id":9704,"date":"2024-10-23T16:37:00","date_gmt":"2024-10-23T22:37:00","guid":{"rendered":"https:\/\/soymigrante.com\/revista\/?p=9704"},"modified":"2024-10-23T16:37:33","modified_gmt":"2024-10-23T22:37:33","slug":"cumbre-migratoria-religiosa-2024-se-celebra-en-guatemala","status":"publish","type":"post","link":"https:\/\/soymigrante.com\/revista\/cumbre-migratoria-religiosa-2024-se-celebra-en-guatemala\/","title":{"rendered":"Cumbre Migratoria Religiosa 2024 se celebra en Guatemala"},"content":{"rendered":"\t\t<div data-elementor-type=\"wp-post\" data-elementor-id=\"9704\" class=\"elementor elementor-9704\" data-elementor-post-type=\"post\">\n\t\t\t\t<div data-particle_enable=\"false\" data-particle-mobile-disabled=\"false\" class=\"elementor-element elementor-element-d14c13e e-flex e-con-boxed e-con e-parent\" data-id=\"d14c13e\" data-element_type=\"container\" data-e-type=\"container\">\n\t\t\t\t\t<div class=\"e-con-inner\">\n\t\t\t\t<div class=\"elementor-element elementor-element-443cac2 elementor-widget elementor-widget-heading\" data-id=\"443cac2\" data-element_type=\"widget\" data-e-type=\"widget\" data-widget_type=\"heading.default\">\n\t\t\t\t\t<h2 class=\"elementor-heading-title elementor-size-default\">Guatemala ser\u00e1 sede de la Cumbre Migratoria Internacional Religiosa: Todos somos Am\u00e9rica, este pr\u00f3ximo 24 y 25 de octumbre, la cual tiene como objetivo discutir sobre el fen\u00f3meno global de la migraci\u00f3n.\n<\/h2>\t\t\t\t<\/div>\n\t\t\t\t\t<\/div>\n\t\t\t\t<\/div>\n\t\t<div data-particle_enable=\"false\" data-particle-mobile-disabled=\"false\" class=\"elementor-element elementor-element-20d0b51 e-flex e-con-boxed e-con e-parent\" data-id=\"20d0b51\" data-element_type=\"container\" data-e-type=\"container\">\n\t\t\t\t\t<div class=\"e-con-inner\">\n\t\t\t\t<div class=\"elementor-element elementor-element-7e49276 elementor-widget elementor-widget-text-editor\" data-id=\"7e49276\" data-element_type=\"widget\" data-e-type=\"widget\" data-widget_type=\"text-editor.default\">\n\t\t\t\t\t\t\t\t\t<p>La Cumbre se desarrollar\u00e1 durante los d\u00edas jueves 24 y viernes 25 de octubre a partir de las 8.00 a la 16.00 horas, y ser\u00e1 la Universidad San Pablo la sede del evento.<\/p><p>Ser\u00e1 a trav\u00e9s de diferentes foros que se analizar\u00e1 el flujo migratorio en el mundo, sus causas, lo que representa<a href=\"https:\/\/soymigrante.com\/revista\/en-8-meses-de-2024-remesas-migrantes-guatemaltecas-superan-todo-el-20152016\/\" target=\"_blank\" rel=\"noopener\"> la migraci\u00f3n<\/a>\u00a0en la separaci\u00f3n de familias, temas sobre la migraci\u00f3n forzada,\u00a0<a href=\"https:\/\/soymigrante.com\/revista\/sara-curruchich-los-migrantes-se-van-buscando-una-vida-mas-digna-por-eso-hay-que-reconocerlos\/\" target=\"_blank\" rel=\"noopener\">derechos humanos<\/a>, las\u00a0<a href=\"https:\/\/soymigrante.com\/revista\/claves-para-mantener-la-cultura-guatemalteca-en-familias-migrantes\/\" target=\"_blank\" rel=\"noopener\">oportunidades<\/a>\u00a0y retos de migrantes con visas temporales, educaci\u00f3n, procesos sobre asilo en EE. UU., entre otros temas relacionados<\/p>\t\t\t\t\t\t\t\t<\/div>\n\t\t\t\t\t<\/div>\n\t\t\t\t<\/div>\n\t\t<div data-particle_enable=\"false\" data-particle-mobile-disabled=\"false\" class=\"elementor-element elementor-element-9e041f6 e-flex e-con-boxed e-con e-parent\" data-id=\"9e041f6\" data-element_type=\"container\" data-e-type=\"container\">\n\t\t\t\t\t<div class=\"e-con-inner\">\n\t\t\t\t<div class=\"elementor-element elementor-element-40eaaa3 elementor-widget elementor-widget-image\" data-id=\"40eaaa3\" data-element_type=\"widget\" data-e-type=\"widget\" data-widget_type=\"image.default\">\n\t\t\t\t\t\t\t\t\t\t\t\t<figure class=\"wp-caption\">\n\t\t\t\t\t\t\t\t\t\t<img fetchpriority=\"high\" decoding=\"async\" width=\"768\" height=\"602\" src=\"https:\/\/soymigrante.com\/revista\/wp-content\/uploads\/2024\/09\/migracion-soy-migrante-cumbre3-1024x802.webp\" class=\"attachment-large size-large wp-image-9705\" alt=\"Refugiados migrantes en ruta hacia su esperanza de una vida mejor, caminando con mochilas y pertenencias, enfrentando desaf\u00edos en su traves\u00eda con determinaci\u00f3n y esperanza.\" srcset=\"https:\/\/soymigrante.com\/revista\/wp-content\/uploads\/2024\/09\/migracion-soy-migrante-cumbre3-1024x802.webp 1024w, https:\/\/soymigrante.com\/revista\/wp-content\/uploads\/2024\/09\/migracion-soy-migrante-cumbre3-300x235.webp 300w, https:\/\/soymigrante.com\/revista\/wp-content\/uploads\/2024\/09\/migracion-soy-migrante-cumbre3-768x602.webp 768w, https:\/\/soymigrante.com\/revista\/wp-content\/uploads\/2024\/09\/migracion-soy-migrante-cumbre3-1536x1203.webp 1536w, https:\/\/soymigrante.com\/revista\/wp-content\/uploads\/2024\/09\/migracion-soy-migrante-cumbre3-750x588.webp 750w, https:\/\/soymigrante.com\/revista\/wp-content\/uploads\/2024\/09\/migracion-soy-migrante-cumbre3-1140x893.webp 1140w, https:\/\/soymigrante.com\/revista\/wp-content\/uploads\/2024\/09\/migracion-soy-migrante-cumbre3.webp 1920w\" sizes=\"(max-width: 768px) 100vw, 768px\" title=\"migracion soy migrante cumbre3 \u2013 SoyMigrante.com REVISTA\" \/>\t\t\t\t\t\t\t\t\t\t\t<figcaption class=\"widget-image-caption wp-caption-text\">Camino de migraci\u00f3n, refugiados y migrantes en su traves\u00eda, enfrentando desaf\u00edos en su trayecto hacia un futuro seguro con esperanza, con mochilas y resistencia.<\/figcaption>\n\t\t\t\t\t\t\t\t\t\t<\/figure>\n\t\t\t\t\t\t\t\t\t<\/div>\n\t\t\t\t\t<\/div>\n\t\t\t\t<\/div>\n\t\t<div data-particle_enable=\"false\" data-particle-mobile-disabled=\"false\" class=\"elementor-element elementor-element-2189d0a e-flex e-con-boxed e-con e-parent\" data-id=\"2189d0a\" data-element_type=\"container\" data-e-type=\"container\">\n\t\t\t\t\t<div class=\"e-con-inner\">\n\t\t\t\t<div class=\"elementor-element elementor-element-8ea13a2 elementor-widget elementor-widget-heading\" data-id=\"8ea13a2\" data-element_type=\"widget\" data-e-type=\"widget\" data-widget_type=\"heading.default\">\n\t\t\t\t\t<h3 class=\"elementor-heading-title elementor-size-default\">Documental<\/h3>\t\t\t\t<\/div>\n\t\t\t\t\t<\/div>\n\t\t\t\t<\/div>\n\t\t<div data-particle_enable=\"false\" data-particle-mobile-disabled=\"false\" class=\"elementor-element elementor-element-83aaedf e-flex e-con-boxed e-con e-parent\" data-id=\"83aaedf\" data-element_type=\"container\" data-e-type=\"container\">\n\t\t\t\t\t<div class=\"e-con-inner\">\n\t\t\t\t<div class=\"elementor-element elementor-element-d35c814 elementor-widget elementor-widget-text-editor\" data-id=\"d35c814\" data-element_type=\"widget\" data-e-type=\"widget\" data-widget_type=\"text-editor.default\">\n\t\t\t\t\t\t\t\t\t<p>Proyecto Inmigrante ICD, INC., organizaci\u00f3n avalada por el Departamento de Justicia de EE. UU., es uno de los promotores de esta Cumbre. Esta es una agencia que se especializa en dar asesor\u00eda legal migratoria desde Texas, Estados Unidos. Hasta hoy ellos han apoyado a m\u00e1s de 100 familias de 55 pa\u00edses.<\/p><p><span style=\"color: var( --e-global-color-text );text-align: var(--text-align)\">En un documental elaborado por este proyecto, se refleja la importancia y necesidad de hablar en una mesa de alto nivel para trabajar en todos aquellos aspectos que conlleva la migraci\u00f3n hoy en d\u00eda no solo en Latinoam\u00e9rica si no a nivel mundial.<\/span><\/p><p><span style=\"color: var( --e-global-color-text );text-align: var(--text-align)\">Douglas D. Interiano, CEO del Proyecto Inmigrante ICS, INC, es hijo de padres migrantes su madre es salvadore\u00f1a y su padre, mexicano. \u201cAmbos migraron en los 80 a Estados Unidos, y por \u00faltimo se hicieron ciudadanos norteamericanos. Vengo de familia inmigrante y<a href=\"https:\/\/soymigrante.com\/revista\/tuve-que-buscar-un-mejor-futuro-amarilys-ortiz-lider-guatemalteca-que-migro-a-california-desde-hace-mas-de-tres-decadas\/\"> tengo un coraz\u00f3n de migrante<\/a>. Yo tambi\u00e9n soy un inmigrante\u201d, comparte Interiano en el documental que ha sido socializado por dicho proyecto.<\/span><\/p>\t\t\t\t\t\t\t\t<\/div>\n\t\t\t\t\t<\/div>\n\t\t\t\t<\/div>\n\t\t<div data-particle_enable=\"false\" data-particle-mobile-disabled=\"false\" class=\"elementor-element elementor-element-d61a58d e-flex e-con-boxed e-con e-parent\" data-id=\"d61a58d\" data-element_type=\"container\" data-e-type=\"container\">\n\t\t\t\t\t<div class=\"e-con-inner\">\n\t\t\t\t<div class=\"elementor-element elementor-element-200e737 elementor-widget elementor-widget-video\" data-id=\"200e737\" data-element_type=\"widget\" data-e-type=\"widget\" data-settings=\"{&quot;youtube_url&quot;:&quot;https:\\\/\\\/www.youtube.com\\\/watch?v=jzc7lDHRhKs&quot;,&quot;video_type&quot;:&quot;youtube&quot;,&quot;controls&quot;:&quot;yes&quot;}\" data-widget_type=\"video.default\">\n\t\t\t\t\t\t\t<div class=\"elementor-wrapper elementor-open-inline\">\n\t\t\t<div class=\"elementor-video\"><\/div>\t\t<\/div>\n\t\t\t\t\t\t<\/div>\n\t\t\t\t\t<\/div>\n\t\t\t\t<\/div>\n\t\t<div data-particle_enable=\"false\" data-particle-mobile-disabled=\"false\" class=\"elementor-element elementor-element-57154c6 e-flex e-con-boxed e-con e-parent\" data-id=\"57154c6\" data-element_type=\"container\" data-e-type=\"container\">\n\t\t\t\t\t<div class=\"e-con-inner\">\n\t\t\t\t<div class=\"elementor-element elementor-element-13eb6da elementor-widget elementor-widget-text-editor\" data-id=\"13eb6da\" data-element_type=\"widget\" data-e-type=\"widget\" data-widget_type=\"text-editor.default\">\n\t\t\t\t\t\t\t\t\t<p>\u201cDesde estudiante ten\u00eda muchos amigos en la preparatoria. Ve\u00eda c\u00f3mo sufr\u00edan much\u00edsimo porque eran personas que no ten\u00edan estatus legal. Y eso se qued\u00f3 en mi coraz\u00f3n\u2026 y me abri\u00f3 la misi\u00f3n de crear una instituci\u00f3n que pudiera<a href=\"https:\/\/soymigrante.com\/revista\/esto-dice-la-carta-de-22-senadores-de-ee-uu-dirigida-al-presidente-biden-en-favor-del-tps-para-guatemaltecos\/\" target=\"_blank\" rel=\"noopener\"> ayudar a la comunidad inmigrante<\/a>, no importan de qu\u00e9 pa\u00eds pudiera proceder\u201d, a\u00f1ade Interiano.<\/p><p>Adem\u00e1s, al evento asistir\u00e1n expertos de tema migratorio, derechos humanos de El Salvador y M\u00e9xico. Tambi\u00e9n se contar\u00e1 con la participaci\u00f3n de autoridades del Instituto Guatemalteco de Migraci\u00f3n, Organismo de Naciones Unidas y del Servicio de Control de Inmigraci\u00f3n y Aduanas de los\u00a0<a style=\"text-align: var(--text-align)\" href=\"https:\/\/soymigrante.com\/revista\/asi-funciona-el-nuevo-sistema-para-solicitud-de-visa-americana-en-guatemala\/\" target=\"_blank\" rel=\"noopener\">Estados Unidos.<\/a><\/p><p>Los foros estar\u00e1 divididos en interreligioso, acad\u00e9mico, empresarial y diplom\u00e1tico. Para el d\u00eda dos\u00a0 se firmar\u00e1 un documento con los acuerdos alcanzados durante la cumbre.\u00a0<\/p>\t\t\t\t\t\t\t\t<\/div>\n\t\t\t\t\t<\/div>\n\t\t\t\t<\/div>\n\t\t<div data-particle_enable=\"false\" data-particle-mobile-disabled=\"false\" class=\"elementor-element elementor-element-7a9f32a e-flex e-con-boxed e-con e-parent\" data-id=\"7a9f32a\" data-element_type=\"container\" data-e-type=\"container\">\n\t\t\t\t\t<div class=\"e-con-inner\">\n\t\t\t\t<div class=\"elementor-element elementor-element-f357a36 elementor-widget elementor-widget-facebook-embed\" data-id=\"f357a36\" data-element_type=\"widget\" data-e-type=\"widget\" data-widget_type=\"facebook-embed.default\">\n\t\t\t\t\t<div style=\"min-height: 1px\" class=\"elementor-facebook-widget fb-post\" data-href=\"https:\/\/fb.watch\/vmgVrhkI_c\/\" data-show-text=\"false\"><\/div>\t\t\t\t<\/div>\n\t\t\t\t\t<\/div>\n\t\t\t\t<\/div>\n\t\t<div data-particle_enable=\"false\" data-particle-mobile-disabled=\"false\" class=\"elementor-element elementor-element-fdee228 e-flex e-con-boxed e-con e-parent\" data-id=\"fdee228\" data-element_type=\"container\" data-e-type=\"container\">\n\t\t\t\t\t<div class=\"e-con-inner\">\n\t\t\t\t<div class=\"elementor-element elementor-element-4762942 elementor-widget elementor-widget-text-editor\" data-id=\"4762942\" data-element_type=\"widget\" data-e-type=\"widget\" data-widget_type=\"text-editor.default\">\n\t\t\t\t\t\t\t\t\t<p>Otros de los conferencistas ser\u00e1n Dr. Ramiro Bola\u00f1os, vicerrector de la Universidad San Pablo; Dra. Nadia Menjivar, decana de Escuela Posgrado de la Universidad Evang\u00e9lica de El Salvador; Ps. Lynn Godsey, Presidente de la Alianza Hispana Evang\u00e9lica Ministerial de Texas; Dra. Al\u00edcia R. Acedo Directora de Traducciones e interpretaci\u00f3n de Espa\u00f1ol Universidad de Utah; Pastor Jeff Pereira Pastor General de la Iglesia True Life Mesquite, Texas; Dra. Mara J. Queiroz Vaughn, Embajadora de Ciudadan\u00eda de USCIS, Universidad del Norte de Texas en Dallas; Lic. C\u00e9sar Mel\u00e9ndez, Director de Capellan\u00eda Universitaria de la Universidad Evang\u00e9lica de El Salvador; Dr. Christian Zlolniski, Profesora de Antropolog\u00eda y Sociolog\u00eda en la Universidad de Texas; Sor Rosalinda Rocha, Madre Superiora Local y Misionera Catequista de los Pobres; Alfred R. Garcia, Jr., Obispo de la Di\u00f3cesis de Texas; Dra. Jhenny Bernal, del Instituto Protecci\u00f3n Defensor de Derechos Humanos y Periodistas de Sinaloa, M\u00e9xico; Dr. V\u00edctor Aurelio Z\u00fa\u00f1iga, Profesor-investigador de la Facultad de Derecho y Criminolog\u00eda de la Universidad Aut\u00f3noma de Nuevo Le\u00f3n, entre otros.<\/p>\t\t\t\t\t\t\t\t<\/div>\n\t\t\t\t\t<\/div>\n\t\t\t\t<\/div>\n\t\t<div data-particle_enable=\"false\" data-particle-mobile-disabled=\"false\" class=\"elementor-element elementor-element-5bc9f0b e-flex e-con-boxed e-con e-parent\" data-id=\"5bc9f0b\" data-element_type=\"container\" data-e-type=\"container\">\n\t\t\t\t\t<div class=\"e-con-inner\">\n\t\t\t\t<div class=\"elementor-element elementor-element-f04e4c3 elementor-widget elementor-widget-image\" data-id=\"f04e4c3\" data-element_type=\"widget\" data-e-type=\"widget\" data-widget_type=\"image.default\">\n\t\t\t\t\t\t\t\t\t\t\t\t<figure class=\"wp-caption\">\n\t\t\t\t\t\t\t\t\t\t<img decoding=\"async\" width=\"768\" height=\"417\" src=\"https:\/\/soymigrante.com\/revista\/wp-content\/uploads\/2024\/09\/migracion-soy-migrante-cumbre5-1024x556.webp\" class=\"attachment-large size-large wp-image-9706\" alt=\"Refugiados y migrantes en busca de mejores oportunidades en la frontera, representados en una ilustraci\u00f3n en estilo plano con fondo anaranjado.\" srcset=\"https:\/\/soymigrante.com\/revista\/wp-content\/uploads\/2024\/09\/migracion-soy-migrante-cumbre5-1024x556.webp 1024w, https:\/\/soymigrante.com\/revista\/wp-content\/uploads\/2024\/09\/migracion-soy-migrante-cumbre5-300x163.webp 300w, https:\/\/soymigrante.com\/revista\/wp-content\/uploads\/2024\/09\/migracion-soy-migrante-cumbre5-768x417.webp 768w, https:\/\/soymigrante.com\/revista\/wp-content\/uploads\/2024\/09\/migracion-soy-migrante-cumbre5-1536x834.webp 1536w, https:\/\/soymigrante.com\/revista\/wp-content\/uploads\/2024\/09\/migracion-soy-migrante-cumbre5-scaled.webp 1920w, https:\/\/soymigrante.com\/revista\/wp-content\/uploads\/2024\/09\/migracion-soy-migrante-cumbre5-750x407.webp 750w, https:\/\/soymigrante.com\/revista\/wp-content\/uploads\/2024\/09\/migracion-soy-migrante-cumbre5-1140x619.webp 1140w\" sizes=\"(max-width: 768px) 100vw, 768px\" title=\"migracion soy migrante cumbre5 \u2013 SoyMigrante.com REVISTA\" \/>\t\t\t\t\t\t\t\t\t\t\t<figcaption class=\"widget-image-caption wp-caption-text\">Personas migrantes caminando con sus pertenencias, simbolizando la movilidad y la b\u00fasqueda de un futuro, destaque en la revista SoyMigrante.com REVISTA.<\/figcaption>\n\t\t\t\t\t\t\t\t\t\t<\/figure>\n\t\t\t\t\t\t\t\t\t<\/div>\n\t\t\t\t\t<\/div>\n\t\t\t\t<\/div>\n\t\t<div data-particle_enable=\"false\" data-particle-mobile-disabled=\"false\" class=\"elementor-element elementor-element-847a739 e-flex e-con-boxed e-con e-parent\" data-id=\"847a739\" data-element_type=\"container\" data-e-type=\"container\">\n\t\t\t\t\t<div class=\"e-con-inner\">\n\t\t\t\t<div class=\"elementor-element elementor-element-5fbe010 elementor-widget elementor-widget-text-editor\" data-id=\"5fbe010\" data-element_type=\"widget\" data-e-type=\"widget\" data-widget_type=\"text-editor.default\">\n\t\t\t\t\t\t\t\t\t<p>La Dra. Cristina de Amaya, rectora de la Universidad Evang\u00e9lica de El Salvador; Dr. Harold Caballeros, rector de la Universidad San Pablo, Douglas D. Interiano, CEO de Proyecto Inmigrante ICS, Inc. y Especialista en Derecho Migratorio Estadounidense, ser\u00e1n quienes adem\u00e1s de ser conferencistas tambi\u00e9n representar\u00e1n en el evento a los organizadores oficiales de esta cumbre.<\/p>\t\t\t\t\t\t\t\t<\/div>\n\t\t\t\t\t<\/div>\n\t\t\t\t<\/div>\n\t\t<div data-particle_enable=\"false\" data-particle-mobile-disabled=\"false\" class=\"elementor-element elementor-element-4fdc424 e-flex e-con-boxed e-con e-parent\" data-id=\"4fdc424\" data-element_type=\"container\" data-e-type=\"container\">\n\t\t\t\t\t<div class=\"e-con-inner\">\n\t\t\t\t<div class=\"elementor-element elementor-element-1b32deb elementor-widget elementor-widget-image\" data-id=\"1b32deb\" data-element_type=\"widget\" data-e-type=\"widget\" data-widget_type=\"image.default\">\n\t\t\t\t\t\t\t\t\t\t\t\t\t\t\t<img decoding=\"async\" width=\"759\" height=\"1024\" src=\"https:\/\/soymigrante.com\/revista\/wp-content\/uploads\/2024\/09\/Cumbre-religiosa-migratorio.webp\" class=\"attachment-large size-large wp-image-9707\" alt=\"Cumbre migratoria internacional religiosa en San Pablo, Guatemala, 24-25 de octubre 2024, abordando temas de migraci\u00f3n, derechos humanos, separaci\u00f3n familiar y oportunidades educativas para migrantes.\" srcset=\"https:\/\/soymigrante.com\/revista\/wp-content\/uploads\/2024\/09\/Cumbre-religiosa-migratorio.webp 759w, https:\/\/soymigrante.com\/revista\/wp-content\/uploads\/2024\/09\/Cumbre-religiosa-migratorio-222x300.webp 222w, https:\/\/soymigrante.com\/revista\/wp-content\/uploads\/2024\/09\/Cumbre-religiosa-migratorio-750x1012.webp 750w\" sizes=\"(max-width: 759px) 100vw, 759px\" title=\"Cumbre religiosa migratorio \u2013 SoyMigrante.com REVISTA\" \/>\t\t\t\t\t\t\t\t\t\t\t\t\t\t\t<\/div>\n\t\t\t\t\t<\/div>\n\t\t\t\t<\/div>\n\t\t<div data-particle_enable=\"false\" data-particle-mobile-disabled=\"false\" class=\"elementor-element elementor-element-43518c0 e-flex e-con-boxed e-con e-parent\" data-id=\"43518c0\" data-element_type=\"container\" data-e-type=\"container\">\n\t\t\t\t\t<div class=\"e-con-inner\">\n\t\t\t\t<div class=\"elementor-element elementor-element-ea196b0 elementor-widget elementor-widget-heading\" data-id=\"ea196b0\" data-element_type=\"widget\" data-e-type=\"widget\" data-widget_type=\"heading.default\">\n\t\t\t\t\t<h3 class=\"elementor-heading-title elementor-size-default\">El trabajo de la comunidad migrante en USA<\/h3>\t\t\t\t<\/div>\n\t\t\t\t\t<\/div>\n\t\t\t\t<\/div>\n\t\t<div data-particle_enable=\"false\" data-particle-mobile-disabled=\"false\" class=\"elementor-element elementor-element-2816771 e-flex e-con-boxed e-con e-parent\" data-id=\"2816771\" data-element_type=\"container\" data-e-type=\"container\">\n\t\t\t\t\t<div class=\"e-con-inner\">\n\t\t\t\t<div class=\"elementor-element elementor-element-bdce9fb elementor-grid-eael-col-3 elementor-grid-tablet-eael-col-2 elementor-grid-mobile-eael-col-1 elementor-widget elementor-widget-eael-post-grid\" data-id=\"bdce9fb\" data-element_type=\"widget\" data-e-type=\"widget\" data-settings=\"{&quot;eael_post_grid_columns&quot;:&quot;eael-col-3&quot;,&quot;eael_post_grid_columns_tablet&quot;:&quot;eael-col-2&quot;,&quot;eael_post_grid_columns_mobile&quot;:&quot;eael-col-1&quot;}\" data-widget_type=\"eael-post-grid.default\">\n\t\t\t\t\t<div id=\"eael-post-grid-bdce9fb\" class=\"eael-post-grid-container\">\n            <div class=\"eael-post-grid eael-post-appender eael-post-appender-bdce9fb eael-post-grid-style-one\" data-layout-mode=\"masonry\"><article class=\"eael-grid-post  eael-post-grid-column eael-pg-post-9776 category-exitos\" data-id=\"9776\">\n        <div class=\"eael-grid-post-holder\">\n            <div class=\"eael-grid-post-holder-inner\"><div class=\"eael-entry-media\"><div class=\"eael-entry-overlay fade-in\"><i class=\"far fa-hand-pointer\" aria-hidden=\"true\"><\/i><a href=\"https:\/\/soymigrante.com\/revista\/esvin-gomez-retalteco-migrante-impulsa-el-movimiento-tps-en-california\/\"><\/a><\/div><div class=\"eael-entry-thumbnail \">\n                <img loading=\"lazy\" decoding=\"async\" width=\"1024\" height=\"1024\" src=\"https:\/\/soymigrante.com\/revista\/wp-content\/uploads\/2024\/09\/Esvin-Gomez-defiende-el-TPS-en-USA3-e1727724241599-1024x1024.webp\" class=\"attachment-large size-large wp-image-9830\" alt=\"Turista en un centro comercial de EE.UU., sostiene una hoja con el logotipo de TPS, en un entorno urbano con decoraciones de Halloween y figura de Mickey Mouse disfrazada.\" srcset=\"https:\/\/soymigrante.com\/revista\/wp-content\/uploads\/2024\/09\/Esvin-Gomez-defiende-el-TPS-en-USA3-e1727724241599-1024x1024.webp 1024w, https:\/\/soymigrante.com\/revista\/wp-content\/uploads\/2024\/09\/Esvin-Gomez-defiende-el-TPS-en-USA3-e1727724241599-300x300.webp 300w, https:\/\/soymigrante.com\/revista\/wp-content\/uploads\/2024\/09\/Esvin-Gomez-defiende-el-TPS-en-USA3-e1727724241599-150x150.webp 150w, https:\/\/soymigrante.com\/revista\/wp-content\/uploads\/2024\/09\/Esvin-Gomez-defiende-el-TPS-en-USA3-e1727724241599-768x768.webp 768w, https:\/\/soymigrante.com\/revista\/wp-content\/uploads\/2024\/09\/Esvin-Gomez-defiende-el-TPS-en-USA3-e1727724241599-75x75.webp 75w, https:\/\/soymigrante.com\/revista\/wp-content\/uploads\/2024\/09\/Esvin-Gomez-defiende-el-TPS-en-USA3-e1727724241599-750x750.webp 750w, https:\/\/soymigrante.com\/revista\/wp-content\/uploads\/2024\/09\/Esvin-Gomez-defiende-el-TPS-en-USA3-e1727724241599-1140x1140.webp 1140w, https:\/\/soymigrante.com\/revista\/wp-content\/uploads\/2024\/09\/Esvin-Gomez-defiende-el-TPS-en-USA3-e1727724241599.webp 1440w\" sizes=\"(max-width: 1024px) 100vw, 1024px\" \/>\n            <\/div>\n        <\/div><div class=\"eael-entry-wrapper\"><header class=\"eael-entry-header\"><h2 class=\"eael-entry-title\"><a class=\"eael-grid-post-link\" href=\"https:\/\/soymigrante.com\/revista\/esvin-gomez-retalteco-migrante-impulsa-el-movimiento-tps-en-california\/\" title=\"&#8220;Lo vamos a lograr&#8221;: Esvin G\u00f3mez, migrante retalteco apoya el movimiento TPS en California\">&#8220;Lo vamos a lograr&#8221;: Esvin G\u00f3mez, migrante retalteco apoya el movimiento TPS en California<\/a><\/h2><\/header><div class=\"eael-entry-content\">\n                        <div class=\"eael-grid-post-excerpt\"><a href=\"https:\/\/soymigrante.com\/revista\/esvin-gomez-retalteco-migrante-impulsa-el-movimiento-tps-en-california\/\" class=\"eael-post-elements-readmore-btn\">CONOCE SU HISTORIA <\/a><\/div>\n                    <\/div><\/div><\/div>\n        <\/div>\n    <\/article><article class=\"eael-grid-post  eael-post-grid-column eael-pg-post-9664 category-recursos-migratorios\" data-id=\"9664\">\n        <div class=\"eael-grid-post-holder\">\n            <div class=\"eael-grid-post-holder-inner\"><div class=\"eael-entry-media\"><div class=\"eael-entry-overlay fade-in\"><i class=\"far fa-hand-pointer\" aria-hidden=\"true\"><\/i><a href=\"https:\/\/soymigrante.com\/revista\/informacion-que-quiza-no-sabias-o-querias-compartir-sobre-el-daca\/\"><\/a><\/div><div class=\"eael-entry-thumbnail \">\n                <img loading=\"lazy\" decoding=\"async\" width=\"1024\" height=\"1024\" src=\"https:\/\/soymigrante.com\/revista\/wp-content\/uploads\/2024\/09\/daca-soy-migrante-scaled-e1727361660403-1024x1024.webp\" class=\"attachment-large size-large wp-image-9682\" alt=\"Estudiante universitario en toga y birrete se\u00f1alando con la mano, s\u00edmbolo de logro y \u00e9xito acad\u00e9mico en el contexto de migrantes y sue\u00f1os educativos.\" srcset=\"https:\/\/soymigrante.com\/revista\/wp-content\/uploads\/2024\/09\/daca-soy-migrante-scaled-e1727361660403-1024x1024.webp 1024w, https:\/\/soymigrante.com\/revista\/wp-content\/uploads\/2024\/09\/daca-soy-migrante-scaled-e1727361660403-300x300.webp 300w, https:\/\/soymigrante.com\/revista\/wp-content\/uploads\/2024\/09\/daca-soy-migrante-scaled-e1727361660403-150x150.webp 150w, https:\/\/soymigrante.com\/revista\/wp-content\/uploads\/2024\/09\/daca-soy-migrante-scaled-e1727361660403-768x768.webp 768w, https:\/\/soymigrante.com\/revista\/wp-content\/uploads\/2024\/09\/daca-soy-migrante-scaled-e1727361660403-75x75.webp 75w, https:\/\/soymigrante.com\/revista\/wp-content\/uploads\/2024\/09\/daca-soy-migrante-scaled-e1727361660403-750x750.webp 750w, https:\/\/soymigrante.com\/revista\/wp-content\/uploads\/2024\/09\/daca-soy-migrante-scaled-e1727361660403-1140x1140.webp 1140w, https:\/\/soymigrante.com\/revista\/wp-content\/uploads\/2024\/09\/daca-soy-migrante-scaled-e1727361660403.webp 1280w\" sizes=\"(max-width: 1024px) 100vw, 1024px\" \/>\n            <\/div>\n        <\/div><div class=\"eael-entry-wrapper\"><header class=\"eael-entry-header\"><h2 class=\"eael-entry-title\"><a class=\"eael-grid-post-link\" href=\"https:\/\/soymigrante.com\/revista\/informacion-que-quiza-no-sabias-o-querias-compartir-sobre-el-daca\/\" title=\"Informaci\u00f3n que quiz\u00e1 no sab\u00edas (o quer\u00edas compartir) sobre el DACA\">Informaci\u00f3n que quiz\u00e1 no sab\u00edas (o quer\u00edas compartir) sobre el DACA<\/a><\/h2><\/header><div class=\"eael-entry-content\">\n                        <div class=\"eael-grid-post-excerpt\"><a href=\"https:\/\/soymigrante.com\/revista\/informacion-que-quiza-no-sabias-o-querias-compartir-sobre-el-daca\/\" class=\"eael-post-elements-readmore-btn\">CONOCE SU HISTORIA <\/a><\/div>\n                    <\/div><\/div><\/div>\n        <\/div>\n    <\/article><article class=\"eael-grid-post  eael-post-grid-column eael-pg-post-5883 category-estamos-unidos\" data-id=\"5883\">\n        <div class=\"eael-grid-post-holder\">\n            <div class=\"eael-grid-post-holder-inner\"><div class=\"eael-entry-media\"><div class=\"eael-entry-overlay fade-in\"><i class=\"far fa-hand-pointer\" aria-hidden=\"true\"><\/i><a href=\"https:\/\/soymigrante.com\/revista\/tps-para-guatemala-que-es-y-que-falta-para-que-sea-otorgado\/\"><\/a><\/div><div class=\"eael-entry-thumbnail \">\n                <img loading=\"lazy\" decoding=\"async\" width=\"749\" height=\"499\" src=\"https:\/\/soymigrante.com\/revista\/wp-content\/uploads\/2024\/04\/tps.webp\" class=\"attachment-large size-large wp-image-5916\" alt=\"M\u00e9xico y Estados Unidos en una protesta comunitaria en Los \u00c1ngeles promoviendo derechos de migrantes y justicia social.\" srcset=\"https:\/\/soymigrante.com\/revista\/wp-content\/uploads\/2024\/04\/tps.webp 749w, https:\/\/soymigrante.com\/revista\/wp-content\/uploads\/2024\/04\/tps-300x200.webp 300w, https:\/\/soymigrante.com\/revista\/wp-content\/uploads\/2024\/04\/tps-600x400.webp 600w\" sizes=\"(max-width: 749px) 100vw, 749px\" \/>\n            <\/div>\n        <\/div><div class=\"eael-entry-wrapper\"><header class=\"eael-entry-header\"><h2 class=\"eael-entry-title\"><a class=\"eael-grid-post-link\" href=\"https:\/\/soymigrante.com\/revista\/tps-para-guatemala-que-es-y-que-falta-para-que-sea-otorgado\/\" title=\"TPS para Guatemala:  \u00bfQu\u00e9 es y c\u00f3mo me puedo sumar para solicitarlo?\">TPS para Guatemala:  \u00bfQu\u00e9 es y c\u00f3mo me puedo sumar para solicitarlo?<\/a><\/h2><\/header><div class=\"eael-entry-content\">\n                        <div class=\"eael-grid-post-excerpt\"><a href=\"https:\/\/soymigrante.com\/revista\/tps-para-guatemala-que-es-y-que-falta-para-que-sea-otorgado\/\" class=\"eael-post-elements-readmore-btn\">CONOCE SU HISTORIA <\/a><\/div>\n                    <\/div><\/div><\/div>\n        <\/div>\n    <\/article><\/div>\n            <div class=\"clearfix\"><\/div>\n        <\/div>\t\t\t\t<\/div>\n\t\t\t\t\t<\/div>\n\t\t\t\t<\/div>\n\t\t\t\t<\/div>\n\t\t","protected":false},"excerpt":{"rendered":"<p>Guatemala ser\u00e1 sede de la Cumbre Migratoria Internacional Religiosa: Todos somos Am\u00e9rica, este pr\u00f3ximo 24 y 25 de octumbre, la cual tiene como objetivo discutir sobre el fen\u00f3meno global de la migraci\u00f3n. La Cumbre se desarrollar\u00e1 durante los d\u00edas jueves 24 y viernes 25 de octubre a partir de las 8.00 a la 16.00 horas, [&hellip;]<\/p>\n","protected":false},"author":23,"featured_media":9708,"comment_status":"open","ping_status":"open","sticky":false,"template":"","format":"standard","meta":{"_acf_changed":true,"_eb_attr":"","footnotes":""},"categories":[54],"tags":[],"class_list":["post-9704","post","type-post","status-publish","format-standard","has-post-thumbnail","hentry","category-estamos-unidos"],"acf":[],"aioseo_notices":[],"aioseo_head":"\n\t\t<!-- All in One SEO Pro 4.9.6.2 - aioseo.com -->\n\t<meta name=\"description\" content=\"El TPS (Estatus de Protecci\u00f3n Temporal, por sus siglas en ingl\u00e9s), es un amparo migratorio temporal creado por EE.UU., para que personas, bajo peligros en su pa\u00eds de origen, puedan trabajar y vivir en Estados Unidos. La petici\u00f3n de un TPS para Guatemala se ha reavivado en las semanas recientes ante la administraci\u00f3n de Joe\" \/>\n\t<meta name=\"robots\" content=\"max-snippet:-1, max-image-preview:large, max-video-preview:-1\" \/>\n\t<meta name=\"author\" content=\"Beatriz Tercero\"\/>\n\t<link rel=\"canonical\" href=\"https:\/\/soymigrante.com\/revista\/cumbre-migratoria-religiosa-2024-se-celebra-en-guatemala\/\" \/>\n\t<meta name=\"generator\" content=\"All in One SEO Pro (AIOSEO) 4.9.6.2\" \/>\n\n\t\t<link rel=\"preconnect\" href=\"https:\/\/fonts.googleapis.com\" crossorigin>\n<link rel=\"preconnect\" href=\"https:\/\/fonts.gstatic.com\" crossorigin>\n\t\t<meta property=\"og:locale\" content=\"es_ES\" \/>\n\t\t<meta property=\"og:site_name\" content=\"SoyMigrante.com REVISTA \u2013 Nuestra misi\u00f3n es reconocer y dignificar al migrante.\" \/>\n\t\t<meta property=\"og:type\" content=\"article\" \/>\n\t\t<meta property=\"og:title\" content=\"Cumbre Migratoria Religiosa 2024 se celebra en Guatemala\" \/>\n\t\t<meta property=\"og:description\" content=\"Encuentro lleva por t\u00edtulo Todos somos Am\u00e9rica y reune a l\u00edderes migrantes y expertos guatemaltecos para dialogar sobre el fen\u00f3meno migratorio y su impacto.\" \/>\n\t\t<meta property=\"og:url\" content=\"https:\/\/soymigrante.com\/revista\/cumbre-migratoria-religiosa-2024-se-celebra-en-guatemala\/\" \/>\n\t\t<meta property=\"og:image\" content=\"https:\/\/soymigrante.com\/revista\/wp-content\/uploads\/2024\/09\/inmigracion-1-scaled.webp\" \/>\n\t\t<meta property=\"og:image:secure_url\" content=\"https:\/\/soymigrante.com\/revista\/wp-content\/uploads\/2024\/09\/inmigracion-1-scaled.webp\" \/>\n\t\t<meta property=\"og:image:width\" content=\"1920\" \/>\n\t\t<meta property=\"og:image:height\" content=\"1920\" \/>\n\t\t<meta property=\"article:published_time\" content=\"2024-10-23T22:37:00+00:00\" \/>\n\t\t<meta property=\"article:modified_time\" content=\"2024-10-23T22:37:33+00:00\" \/>\n\t\t<meta property=\"article:publisher\" content=\"https:\/\/www.facebook.com\/soymigrantecom\" \/>\n\t\t<meta name=\"twitter:card\" content=\"summary_large_image\" \/>\n\t\t<meta name=\"twitter:site\" content=\"@SoyMigrante_com\" \/>\n\t\t<meta name=\"twitter:title\" content=\"Cumbre Migratoria Religiosa 2024 se celebra en Guatemala\" \/>\n\t\t<meta name=\"twitter:description\" content=\"Encuentro lleva por t\u00edtulo Todos somos Am\u00e9rica y reune a l\u00edderes migrantes y expertos guatemaltecos para dialogar sobre el fen\u00f3meno migratorio y su impacto.\" \/>\n\t\t<meta name=\"twitter:creator\" content=\"@SoyMigrante_com\" \/>\n\t\t<meta name=\"twitter:image\" content=\"https:\/\/soymigrante.com\/revista\/wp-content\/uploads\/2024\/09\/inmigracion-1-scaled.webp\" \/>\n\t\t<!-- All in One SEO Pro -->\r\n\t\t<title>Cumbre Migratoria Religiosa 2024 se celebra en Guatemala<\/title>\n\n","aioseo_head_json":{"title":"Cumbre Migratoria Religiosa 2024 se celebra en Guatemala","description":"Encuentro lleva por t\u00edtulo Todos somos Am\u00e9rica y reune a l\u00edderes migrantes y expertos guatemaltecos para dialogar sobre el fen\u00f3meno migratorio y su impacto.","canonical_url":"https:\/\/soymigrante.com\/revista\/cumbre-migratoria-religiosa-2024-se-celebra-en-guatemala\/","robots":"max-snippet:-1, max-image-preview:large, max-video-preview:-1","keywords":"","webmasterTools":{"miscellaneous":"&lt;link rel=\"preconnect\" href=\"https:\/\/fonts.googleapis.com\" crossorigin&gt;\n&lt;link rel=\"preconnect\" href=\"https:\/\/fonts.gstatic.com\" crossorigin&gt;"},"schema":null,"og:locale":"es_ES","og:site_name":"SoyMigrante.com REVISTA \u2013 Nuestra misi\u00f3n es reconocer y dignificar al migrante.","og:type":"article","og:title":"Cumbre Migratoria Religiosa 2024 se celebra en Guatemala","og:description":"Encuentro lleva por t\u00edtulo Todos somos Am\u00e9rica y reune a l\u00edderes migrantes y expertos guatemaltecos para dialogar sobre el fen\u00f3meno migratorio y su impacto.","og:url":"https:\/\/soymigrante.com\/revista\/cumbre-migratoria-religiosa-2024-se-celebra-en-guatemala\/","og:image":"https:\/\/soymigrante.com\/revista\/wp-content\/uploads\/2024\/09\/inmigracion-1-scaled.webp","og:image:secure_url":"https:\/\/soymigrante.com\/revista\/wp-content\/uploads\/2024\/09\/inmigracion-1-scaled.webp","og:image:width":1920,"og:image:height":1920,"article:published_time":"2024-10-23T22:37:00+00:00","article:modified_time":"2024-10-23T22:37:33+00:00","article:publisher":"https:\/\/www.facebook.com\/soymigrantecom","twitter:card":"summary_large_image","twitter:site":"@SoyMigrante_com","twitter:title":"Cumbre Migratoria Religiosa 2024 se celebra en Guatemala","twitter:description":"Encuentro lleva por t\u00edtulo Todos somos Am\u00e9rica y reune a l\u00edderes migrantes y expertos guatemaltecos para dialogar sobre el fen\u00f3meno migratorio y su impacto.","twitter:creator":"@SoyMigrante_com","twitter:image":"https:\/\/soymigrante.com\/revista\/wp-content\/uploads\/2024\/09\/inmigracion-1-scaled.webp"},"aioseo_meta_data":{"post_id":"9704","title":"Cumbre Migratoria Religiosa 2024 se celebra en Guatemala","description":"Encuentro lleva por t\u00edtulo Todos somos Am\u00e9rica y reune a l\u00edderes migrantes y expertos guatemaltecos para dialogar sobre el fen\u00f3meno migratorio y su impacto.","keywords":null,"keyphrases":{"focus":{"keyphrase":"Cumbre Migratoria","score":51,"analysis":{"keyphraseInTitle":{"score":9,"maxScore":9,"error":0},"keyphraseInDescription":{"score":3,"maxScore":9,"error":1},"keyphraseLength":{"score":9,"maxScore":9,"error":0,"length":2},"keyphraseInURL":{"score":5,"maxScore":5,"error":0},"keyphraseInIntroduction":{"score":3,"maxScore":9,"error":1},"keyphraseInSubHeadings":{"score":3,"maxScore":9,"error":1},"keyphraseInImageAlt":{"score":3,"maxScore":9,"error":1},"keywordDensity":{"score":0,"type":"low","maxScore":9,"error":1}}},"additional":[{"keyphrase":"migracion forzada","score":40,"analysis":{"keyphraseInDescription":{"score":3,"maxScore":9,"error":1},"keyphraseLength":{"score":9,"maxScore":9,"error":0,"length":2},"keyphraseInIntroduction":{"score":3,"maxScore":9,"error":1},"keyphraseInImageAlt":{"score":3,"maxScore":9,"error":1},"keywordDensity":{"score":0,"type":"low","maxScore":9,"error":1}}},{"keyphrase":"Guatemala","score":53,"analysis":{"keyphraseInDescription":{"score":3,"maxScore":9,"error":1},"keyphraseLength":{"score":9,"maxScore":9,"error":0,"length":1},"keyphraseInIntroduction":{"score":3,"maxScore":9,"error":1},"keyphraseInImageAlt":{"score":9,"maxScore":9,"error":0},"keywordDensity":{"score":0,"type":"low","maxScore":9,"error":1}}},{"keyphrase":"migracion","score":40,"analysis":{"keyphraseInDescription":{"score":3,"maxScore":9,"error":1},"keyphraseLength":{"score":9,"maxScore":9,"error":0,"length":1},"keyphraseInIntroduction":{"score":3,"maxScore":9,"error":1},"keyphraseInImageAlt":{"score":3,"maxScore":9,"error":1},"keywordDensity":{"score":0,"type":"low","maxScore":9,"error":1}}}]},"primary_term":null,"canonical_url":null,"og_title":null,"og_description":null,"og_object_type":"default","og_image_type":"default","og_image_url":null,"og_image_width":null,"og_image_height":null,"og_image_custom_url":null,"og_image_custom_fields":null,"og_video":"","og_custom_url":null,"og_article_section":null,"og_article_tags":null,"twitter_use_og":false,"twitter_card":"default","twitter_image_type":"default","twitter_image_url":null,"twitter_image_custom_url":null,"twitter_image_custom_fields":null,"twitter_title":null,"twitter_description":null,"schema":{"blockGraphs":[],"customGraphs":[],"default":{"data":{"Article":[],"Course":[],"Dataset":[],"FAQPage":[],"Movie":[],"Person":[],"Product":[],"ProductReview":[],"Car":[],"Recipe":[],"Service":[],"SoftwareApplication":[],"WebPage":[]},"graphName":"Article","isEnabled":true},"graphs":[]},"schema_type":"default","schema_type_options":null,"pillar_content":false,"robots_default":true,"robots_noindex":false,"robots_noarchive":false,"robots_nosnippet":false,"robots_nofollow":false,"robots_noimageindex":false,"robots_noodp":false,"robots_notranslate":false,"robots_max_snippet":"-1","robots_max_videopreview":"-1","robots_max_imagepreview":"large","priority":null,"frequency":"default","local_seo":null,"seo_analyzer_scan_date":"2025-10-08 23:52:45","breadcrumb_settings":null,"limit_modified_date":false,"reviewed_by":null,"open_ai":"{\"title\":{\"suggestions\":[],\"usage\":0},\"description\":{\"suggestions\":[],\"usage\":0}}","ai":null,"created":"2024-09-25 16:17:55","updated":"2026-02-04 15:19:48"},"aioseo_breadcrumb":"<div class=\"aioseo-breadcrumbs\"><span class=\"aioseo-breadcrumb\">\n\t<a href=\"https:\/\/soymigrante.com\/revista\" title=\"Home\">Home<\/a>\n<\/span><span class=\"aioseo-breadcrumb-separator\">\u00bb<\/span><span class=\"aioseo-breadcrumb\">\n\t<a href=\"https:\/\/soymigrante.com\/revista\/category\/estamos-unidos\/\" title=\"Estamos Unidos\">Estamos Unidos<\/a>\n<\/span><span class=\"aioseo-breadcrumb-separator\">\u00bb<\/span><span class=\"aioseo-breadcrumb\">\n\tCumbre Migratoria Religiosa 2024 se celebra en Guatemala\n<\/span><\/div>","aioseo_breadcrumb_json":[{"label":"Home","link":"https:\/\/soymigrante.com\/revista"},{"label":"Estamos Unidos","link":"https:\/\/soymigrante.com\/revista\/category\/estamos-unidos\/"},{"label":"Cumbre Migratoria Religiosa 2024 se celebra en Guatemala","link":"https:\/\/soymigrante.com\/revista\/cumbre-migratoria-religiosa-2024-se-celebra-en-guatemala\/"}],"_links":{"self":[{"href":"https:\/\/soymigrante.com\/revista\/wp-json\/wp\/v2\/posts\/9704","targetHints":{"allow":["GET"]}}],"collection":[{"href":"https:\/\/soymigrante.com\/revista\/wp-json\/wp\/v2\/posts"}],"about":[{"href":"https:\/\/soymigrante.com\/revista\/wp-json\/wp\/v2\/types\/post"}],"author":[{"embeddable":true,"href":"https:\/\/soymigrante.com\/revista\/wp-json\/wp\/v2\/users\/23"}],"replies":[{"embeddable":true,"href":"https:\/\/soymigrante.com\/revista\/wp-json\/wp\/v2\/comments?post=9704"}],"version-history":[{"count":0,"href":"https:\/\/soymigrante.com\/revista\/wp-json\/wp\/v2\/posts\/9704\/revisions"}],"wp:featuredmedia":[{"embeddable":true,"href":"https:\/\/soymigrante.com\/revista\/wp-json\/wp\/v2\/media\/9708"}],"wp:attachment":[{"href":"https:\/\/soymigrante.com\/revista\/wp-json\/wp\/v2\/media?parent=9704"}],"wp:term":[{"taxonomy":"category","embeddable":true,"href":"https:\/\/soymigrante.com\/revista\/wp-json\/wp\/v2\/categories?post=9704"},{"taxonomy":"post_tag","embeddable":true,"href":"https:\/\/soymigrante.com\/revista\/wp-json\/wp\/v2\/tags?post=9704"}],"curies":[{"name":"wp","href":"https:\/\/api.w.org\/{rel}","templated":true}]}}