{"id":9694,"date":"2024-10-22T04:00:00","date_gmt":"2024-10-22T10:00:00","guid":{"rendered":"https:\/\/soymigrante.com\/revista\/?p=9694"},"modified":"2024-10-21T21:56:30","modified_gmt":"2024-10-22T03:56:30","slug":"consejos-para-tener-a-tus-hijos-lejos-de-malas-juntas","status":"publish","type":"post","link":"https:\/\/soymigrante.com\/revista\/consejos-para-tener-a-tus-hijos-lejos-de-malas-juntas\/","title":{"rendered":"Consejos para tener a tus hijos lejos de malas juntas"},"content":{"rendered":"\t\t<div data-elementor-type=\"wp-post\" data-elementor-id=\"9694\" class=\"elementor elementor-9694\" data-elementor-post-type=\"post\">\n\t\t\t\t<div data-particle_enable=\"false\" data-particle-mobile-disabled=\"false\" class=\"elementor-element elementor-element-a78ccba e-flex e-con-boxed e-con e-parent\" data-id=\"a78ccba\" data-element_type=\"container\" data-e-type=\"container\">\n\t\t\t\t\t<div class=\"e-con-inner\">\n\t\t\t\t<div class=\"elementor-element elementor-element-2679652 elementor-widget elementor-widget-heading\" data-id=\"2679652\" data-element_type=\"widget\" data-e-type=\"widget\" data-widget_type=\"heading.default\">\n\t\t\t\t\t<h2 class=\"elementor-heading-title elementor-size-default\">No es una tarea f\u00e1cil hablar de pandillas y menos a tus hijos, sobre todo adolescentes, pero hacerles saber que como padres te preocupas por la seguridad de ellos crea un v\u00ednculo importante.\n<\/h2>\t\t\t\t<\/div>\n\t\t\t\t\t<\/div>\n\t\t\t\t<\/div>\n\t\t<div data-particle_enable=\"false\" data-particle-mobile-disabled=\"false\" class=\"elementor-element elementor-element-524d5bf e-flex e-con-boxed e-con e-parent\" data-id=\"524d5bf\" data-element_type=\"container\" data-e-type=\"container\">\n\t\t\t\t\t<div class=\"e-con-inner\">\n\t\t\t\t<div class=\"elementor-element elementor-element-98de768 elementor-widget elementor-widget-text-editor\" data-id=\"98de768\" data-element_type=\"widget\" data-e-type=\"widget\" data-widget_type=\"text-editor.default\">\n\t\t\t\t\t\t\t\t\t<p>Hablar de pandillas es solo un aspecto de la situaci\u00f3n en Estados Unidos. Un estudio de Justicia Juvenil y Prevenci\u00f3n de la Delincuencia (OJJDP, en ingl\u00e9s) americana refiere que los adolescentes de entre 12 a 14 a\u00f1os es una etapa de la vida crucial y seg\u00fan estad\u00edsticas es justo el sector poblacional en el que muchos optan por pertenecer a una pandilla.<\/p>\n<p>Los&nbsp;<a href=\"https:\/\/soymigrante.com\/revista\/como-lidiar-con-el-choque-cultural-en-ninos-y-jovenes-al-llegar-a-usa\/\" target=\"_blank\" rel=\"noopener\">ni\u00f1os y adolescentes<\/a>&nbsp;necesitan saber claramente lo que se espera&nbsp;<span style=\"color: var( --e-global-color-text );text-align: var(--text-align)\">de ellos y las consecuencias de actuar de otra manera. Por ello <a href=\"https:\/\/soymigrante.com\/revista\/autoridad-de-ambos-padres-psicologia\/\">poner reglas es fundamental.<\/a><\/span><\/p>\t\t\t\t\t\t\t\t<\/div>\n\t\t\t\t\t<\/div>\n\t\t\t\t<\/div>\n\t\t<div data-particle_enable=\"false\" data-particle-mobile-disabled=\"false\" class=\"elementor-element elementor-element-6791567 e-flex e-con-boxed e-con e-parent\" data-id=\"6791567\" data-element_type=\"container\" data-e-type=\"container\">\n\t\t\t\t\t<div class=\"e-con-inner\">\n\t\t\t\t<div class=\"elementor-element elementor-element-49f2f11 elementor-widget elementor-widget-image\" data-id=\"49f2f11\" data-element_type=\"widget\" data-e-type=\"widget\" data-widget_type=\"image.default\">\n\t\t\t\t\t\t\t\t\t\t\t\t<figure class=\"wp-caption\">\n\t\t\t\t\t\t\t\t\t\t<img fetchpriority=\"high\" decoding=\"async\" width=\"768\" height=\"512\" src=\"https:\/\/soymigrante.com\/revista\/wp-content\/uploads\/2024\/09\/adolescentes-pandillas-soy-migrante-1024x683.webp\" class=\"attachment-large size-large wp-image-9695\" alt=\"J\u00f3venes estudiantes sonriendo y caminando juntos en un parque, promoviendo el intercambio cultural, la educaci\u00f3n y el aprendizaje para migrantes en la revista SoyMigrante.com REVISTA.\" srcset=\"https:\/\/soymigrante.com\/revista\/wp-content\/uploads\/2024\/09\/adolescentes-pandillas-soy-migrante-1024x683.webp 1024w, https:\/\/soymigrante.com\/revista\/wp-content\/uploads\/2024\/09\/adolescentes-pandillas-soy-migrante-300x200.webp 300w, https:\/\/soymigrante.com\/revista\/wp-content\/uploads\/2024\/09\/adolescentes-pandillas-soy-migrante-768x512.webp 768w, https:\/\/soymigrante.com\/revista\/wp-content\/uploads\/2024\/09\/adolescentes-pandillas-soy-migrante-1536x1024.webp 1536w, https:\/\/soymigrante.com\/revista\/wp-content\/uploads\/2024\/09\/adolescentes-pandillas-soy-migrante-scaled.webp 1920w, https:\/\/soymigrante.com\/revista\/wp-content\/uploads\/2024\/09\/adolescentes-pandillas-soy-migrante-750x500.webp 750w, https:\/\/soymigrante.com\/revista\/wp-content\/uploads\/2024\/09\/adolescentes-pandillas-soy-migrante-1140x760.webp 1140w\" sizes=\"(max-width: 768px) 100vw, 768px\" title=\"Happy teenagers at school \u2013 SoyMigrante.com REVISTA\" \/>\t\t\t\t\t\t\t\t\t\t\t<figcaption class=\"widget-image-caption wp-caption-text\">J\u00f3venes estudiantes en un entorno verde, s\u00edmbolo de integraci\u00f3n y oportunidades para migrantes en Am\u00e9rica Latina y Espa\u00f1a, destacados en SoyMigrante.com REVISTA.<\/figcaption>\n\t\t\t\t\t\t\t\t\t\t<\/figure>\n\t\t\t\t\t\t\t\t\t<\/div>\n\t\t\t\t\t<\/div>\n\t\t\t\t<\/div>\n\t\t<div data-particle_enable=\"false\" data-particle-mobile-disabled=\"false\" class=\"elementor-element elementor-element-36d7853 e-flex e-con-boxed e-con e-parent\" data-id=\"36d7853\" data-element_type=\"container\" data-e-type=\"container\">\n\t\t\t\t\t<div class=\"e-con-inner\">\n\t\t\t\t<div class=\"elementor-element elementor-element-a48fe14 elementor-widget elementor-widget-heading\" data-id=\"a48fe14\" data-element_type=\"widget\" data-e-type=\"widget\" data-widget_type=\"heading.default\">\n\t\t\t\t\t<h3 class=\"elementor-heading-title elementor-size-default\">C\u00f3mo saber si tu hijo est\u00e1 en una pandilla<\/h3>\t\t\t\t<\/div>\n\t\t\t\t\t<\/div>\n\t\t\t\t<\/div>\n\t\t<div data-particle_enable=\"false\" data-particle-mobile-disabled=\"false\" class=\"elementor-element elementor-element-833cd79 e-flex e-con-boxed e-con e-parent\" data-id=\"833cd79\" data-element_type=\"container\" data-e-type=\"container\">\n\t\t\t\t\t<div class=\"e-con-inner\">\n\t\t\t\t<div class=\"elementor-element elementor-element-ef919d0 elementor-widget elementor-widget-text-editor\" data-id=\"ef919d0\" data-element_type=\"widget\" data-e-type=\"widget\" data-widget_type=\"text-editor.default\">\n\t\t\t\t\t\t\t\t\t<p>El estudio de la\u00a0<a href=\"https:\/\/nationalgangcenter.ojp.gov\/\" target=\"_blank\" rel=\"noopener\">OJJDP<\/a>\u00a0refiere que como padres se deben tener presentes estos indicios m\u00e1s comunes a detectar:<\/p><ul><li>El comportamiento cambia a un estado negativo. Se aparta de la familia.<\/li><li>Disminuye el rendimiento escolar.<\/li><li>Cuando le aconseja o corriges se torna agresivo.<\/li><li>Su vestimenta se limita a un solo tono de ropa y \/ o logotipo en particular.<\/li><li>Le interesa la m\u00fasica, programas o pel\u00edculas relacionadas con pandillas.<\/li><li>Para comunicarse con sus amistades usa un lenguaje de se\u00f1as inapropiado.<\/li><li>Dibuja s\u00edmbolos relacionados a pandillas.<\/li><li>Su estilo de peinado sufre un cambio dr\u00e1stico.<\/li><li>Tambi\u00e9n podr\u00eda estar tomando<a href=\"https:\/\/soymigrante.com\/revista\/tema-dificil-pero-necesario-como-hablar-a-los-hijos-sobre-el-peligro-de-las-drogas\/\" target=\"_blank\" rel=\"noopener\"> drogas.<\/a><\/li><li>Usa o guarda armas de fuego.<\/li><li>Presenta lesiones en su cuerpo.<\/li><li>Adquiere con facilidad alg\u00fan tipo de joya o alg\u00fan objetivo caro.<\/li><li>Se aleja de sus antiguas amistades.<\/li><\/ul>\t\t\t\t\t\t\t\t<\/div>\n\t\t\t\t\t<\/div>\n\t\t\t\t<\/div>\n\t\t<div data-particle_enable=\"false\" data-particle-mobile-disabled=\"false\" class=\"elementor-element elementor-element-5b68226 e-flex e-con-boxed e-con e-parent\" data-id=\"5b68226\" data-element_type=\"container\" data-e-type=\"container\">\n\t\t\t\t\t<div class=\"e-con-inner\">\n\t\t\t\t<div class=\"elementor-element elementor-element-3d88114 elementor-widget elementor-widget-video\" data-id=\"3d88114\" data-element_type=\"widget\" data-e-type=\"widget\" data-settings=\"{&quot;youtube_url&quot;:&quot;https:\\\/\\\/www.youtube.com\\\/watch?v=ut9ITixue1o&quot;,&quot;video_type&quot;:&quot;youtube&quot;,&quot;controls&quot;:&quot;yes&quot;}\" data-widget_type=\"video.default\">\n\t\t\t\t\t\t\t<div class=\"elementor-wrapper elementor-open-inline\">\n\t\t\t<div class=\"elementor-video\"><\/div>\t\t<\/div>\n\t\t\t\t\t\t<\/div>\n\t\t\t\t\t<\/div>\n\t\t\t\t<\/div>\n\t\t<div data-particle_enable=\"false\" data-particle-mobile-disabled=\"false\" class=\"elementor-element elementor-element-6ed71e0 e-flex e-con-boxed e-con e-parent\" data-id=\"6ed71e0\" data-element_type=\"container\" data-e-type=\"container\">\n\t\t\t\t\t<div class=\"e-con-inner\">\n\t\t\t\t<div class=\"elementor-element elementor-element-9f61b4e elementor-widget elementor-widget-heading\" data-id=\"9f61b4e\" data-element_type=\"widget\" data-e-type=\"widget\" data-widget_type=\"heading.default\">\n\t\t\t\t\t<h3 class=\"elementor-heading-title elementor-size-default\">Qu\u00e9 hacer ante esta situaci\u00f3n<\/h3>\t\t\t\t<\/div>\n\t\t\t\t\t<\/div>\n\t\t\t\t<\/div>\n\t\t<div data-particle_enable=\"false\" data-particle-mobile-disabled=\"false\" class=\"elementor-element elementor-element-3ce7b44 e-flex e-con-boxed e-con e-parent\" data-id=\"3ce7b44\" data-element_type=\"container\" data-e-type=\"container\">\n\t\t\t\t\t<div class=\"e-con-inner\">\n\t\t\t\t<div class=\"elementor-element elementor-element-773720b elementor-widget elementor-widget-text-editor\" data-id=\"773720b\" data-element_type=\"widget\" data-e-type=\"widget\" data-widget_type=\"text-editor.default\">\n\t\t\t\t\t\t\t\t\t<p>El consejo de expertos es que antes de juzgar a tus hijos busques la forma de ser su amigo o amiga de confianza, esa persona que los escucha atentamente. Pon en pr\u00e1ctica lo siguiente.<\/p><ul><li>Hazle saber a tus hijos que desapruebas las pandillas<\/li><li>Acons\u00e9jalos que no pertenezcan a una pandilla, que las eviten y que no practiquen ninguna se\u00f1a.<\/li><li>Es importante conocer a los padres de los amigos de tus hijos.<\/li><li>Ens\u00e9\u00f1ales la importancia de decir no cuando estos sean presionados.<\/li><li>Establecer l\u00edmites es importante, como a qu\u00e9 hora debe llegar a casa. Qu\u00e9 se le permite, qu\u00e9 no.<\/li><li>Planifica realizar actividades familiares en la que tus hijos siempre est\u00e9n presentes.<\/li><\/ul><p>Seg\u00fan el OJJDP, muchos de los j\u00f3venes que pertenecen a una pandilla lo hicieron motivados al pensar que podr\u00edan ganar mucho dinero y con ello obtendr\u00edan respeto por el vecindario en el que viven. Otros piensan que la pandilla les dar\u00e1 protecci\u00f3n y que son como\u00a0<a href=\"https:\/\/soymigrante.com\/revista\/estas-lejos-de-tus-hijos-seis-claves-para-mantener-una-comunicacion-efectiva\/\" target=\"_blank\" rel=\"noopener\">una familia<\/a>. En otros casos las pandillas los reclutan forzadamente.<\/p>\t\t\t\t\t\t\t\t<\/div>\n\t\t\t\t\t<\/div>\n\t\t\t\t<\/div>\n\t\t<div data-particle_enable=\"false\" data-particle-mobile-disabled=\"false\" class=\"elementor-element elementor-element-8ac4a67 e-flex e-con-boxed e-con e-parent\" data-id=\"8ac4a67\" data-element_type=\"container\" data-e-type=\"container\">\n\t\t\t\t\t<div class=\"e-con-inner\">\n\t\t\t\t<div class=\"elementor-element elementor-element-d7897ff elementor-widget elementor-widget-image\" data-id=\"d7897ff\" data-element_type=\"widget\" data-e-type=\"widget\" data-widget_type=\"image.default\">\n\t\t\t\t\t\t\t\t\t\t\t\t<figure class=\"wp-caption\">\n\t\t\t\t\t\t\t\t\t\t<img decoding=\"async\" width=\"768\" height=\"513\" src=\"https:\/\/soymigrante.com\/revista\/wp-content\/uploads\/2024\/09\/adolecentes-pandillas-soy-migrante-1024x684.webp\" class=\"attachment-large size-large wp-image-9696\" alt=\"J\u00f3venes sonrientes disfrutando al aire libre, llevando sudaderas y hoodie en un ambiente urbano, transmitiendo alegr\u00eda y amistad para contenido SEO sobre comunidad juvenil y bienestar.\" srcset=\"https:\/\/soymigrante.com\/revista\/wp-content\/uploads\/2024\/09\/adolecentes-pandillas-soy-migrante-1024x684.webp 1024w, https:\/\/soymigrante.com\/revista\/wp-content\/uploads\/2024\/09\/adolecentes-pandillas-soy-migrante-300x200.webp 300w, https:\/\/soymigrante.com\/revista\/wp-content\/uploads\/2024\/09\/adolecentes-pandillas-soy-migrante-768x513.webp 768w, https:\/\/soymigrante.com\/revista\/wp-content\/uploads\/2024\/09\/adolecentes-pandillas-soy-migrante-1536x1025.webp 1536w, https:\/\/soymigrante.com\/revista\/wp-content\/uploads\/2024\/09\/adolecentes-pandillas-soy-migrante-scaled.webp 1920w, https:\/\/soymigrante.com\/revista\/wp-content\/uploads\/2024\/09\/adolecentes-pandillas-soy-migrante-750x501.webp 750w, https:\/\/soymigrante.com\/revista\/wp-content\/uploads\/2024\/09\/adolecentes-pandillas-soy-migrante-1140x761.webp 1140w\" sizes=\"(max-width: 768px) 100vw, 768px\" title=\"adolecentes pandillas soy migrante \u2013 SoyMigrante.com REVISTA\" \/>\t\t\t\t\t\t\t\t\t\t\t<figcaption class=\"widget-image-caption wp-caption-text\">J\u00f3venes felices en exteriores promoviendo inclusi\u00f3n, amistad y diversi\u00f3n en comunidad juvenil, con sudaderas y hoodie en un entorno urbano para art\u00edculos relacionados con juventud y bienestar.<\/figcaption>\n\t\t\t\t\t\t\t\t\t\t<\/figure>\n\t\t\t\t\t\t\t\t\t<\/div>\n\t\t\t\t\t<\/div>\n\t\t\t\t<\/div>\n\t\t<div data-particle_enable=\"false\" data-particle-mobile-disabled=\"false\" class=\"elementor-element elementor-element-34b1ba0 e-flex e-con-boxed e-con e-parent\" data-id=\"34b1ba0\" data-element_type=\"container\" data-e-type=\"container\">\n\t\t\t\t\t<div class=\"e-con-inner\">\n\t\t\t\t<div class=\"elementor-element elementor-element-33be4d6 elementor-widget elementor-widget-heading\" data-id=\"33be4d6\" data-element_type=\"widget\" data-e-type=\"widget\" data-widget_type=\"heading.default\">\n\t\t\t\t\t<h3 class=\"elementor-heading-title elementor-size-default\">Protege a tus hijos con estos consejos<\/h3>\t\t\t\t<\/div>\n\t\t\t\t\t<\/div>\n\t\t\t\t<\/div>\n\t\t<div data-particle_enable=\"false\" data-particle-mobile-disabled=\"false\" class=\"elementor-element elementor-element-66e84f1 e-flex e-con-boxed e-con e-parent\" data-id=\"66e84f1\" data-element_type=\"container\" data-e-type=\"container\">\n\t\t\t\t\t<div class=\"e-con-inner\">\n\t\t\t\t<div class=\"elementor-element elementor-element-1af9e74 elementor-grid-eael-col-3 elementor-grid-tablet-eael-col-2 elementor-grid-mobile-eael-col-1 elementor-widget elementor-widget-eael-post-grid\" data-id=\"1af9e74\" data-element_type=\"widget\" data-e-type=\"widget\" data-settings=\"{&quot;eael_post_grid_columns&quot;:&quot;eael-col-3&quot;,&quot;eael_post_grid_columns_tablet&quot;:&quot;eael-col-2&quot;,&quot;eael_post_grid_columns_mobile&quot;:&quot;eael-col-1&quot;}\" data-widget_type=\"eael-post-grid.default\">\n\t\t\t\t\t<div id=\"eael-post-grid-1af9e74\" class=\"eael-post-grid-container\">\n            <div class=\"eael-post-grid eael-post-appender eael-post-appender-1af9e74 eael-post-grid-style-one\" data-layout-mode=\"masonry\"><article class=\"eael-grid-post  eael-post-grid-column eael-pg-post-1289 category-bienestar tags-en-familia\" data-id=\"1289\">\n        <div class=\"eael-grid-post-holder\">\n            <div class=\"eael-grid-post-holder-inner\"><div class=\"eael-entry-media\"><div class=\"eael-entry-overlay fade-in\"><i class=\"far fa-hand-pointer\" aria-hidden=\"true\"><\/i><a href=\"https:\/\/soymigrante.com\/revista\/autoridad-de-ambos-padres-psicologia\/\"><\/a><\/div><div class=\"eael-entry-thumbnail \">\n                <img decoding=\"async\" width=\"1024\" height=\"707\" src=\"https:\/\/soymigrante.com\/revista\/wp-content\/uploads\/2023\/06\/20221108_123554-1024x707.jpg\" class=\"attachment-large size-large wp-image-1291\" alt=\"\" srcset=\"https:\/\/soymigrante.com\/revista\/wp-content\/uploads\/2023\/06\/20221108_123554-1024x707.jpg 1024w, https:\/\/soymigrante.com\/revista\/wp-content\/uploads\/2023\/06\/20221108_123554-300x207.webp 300w, https:\/\/soymigrante.com\/revista\/wp-content\/uploads\/2023\/06\/20221108_123554-768x531.jpg 768w, https:\/\/soymigrante.com\/revista\/wp-content\/uploads\/2023\/06\/20221108_123554-1536x1061.jpg 1536w, https:\/\/soymigrante.com\/revista\/wp-content\/uploads\/2023\/06\/20221108_123554-2048x1415.jpg 2048w, https:\/\/soymigrante.com\/revista\/wp-content\/uploads\/2023\/06\/20221108_123554-750x518.webp 750w, https:\/\/soymigrante.com\/revista\/wp-content\/uploads\/2023\/06\/20221108_123554-1140x787.jpg 1140w, https:\/\/soymigrante.com\/revista\/wp-content\/uploads\/2023\/06\/20221108_123554.webp 1920w\" sizes=\"(max-width: 1024px) 100vw, 1024px\" \/>\n            <\/div>\n        <\/div><div class=\"eael-entry-wrapper\"><header class=\"eael-entry-header\"><h2 class=\"eael-entry-title\"><a class=\"eael-grid-post-link\" href=\"https:\/\/soymigrante.com\/revista\/autoridad-de-ambos-padres-psicologia\/\" title=\"\u00bfC\u00f3mo pueden los padres ejercer m\u00e1s eficientemente su autoridad?\">\u00bfC\u00f3mo pueden los padres ejercer m\u00e1s eficientemente su autoridad?<\/a><\/h2><\/header><div class=\"eael-entry-content\">\n                        <div class=\"eael-grid-post-excerpt\"><a href=\"https:\/\/soymigrante.com\/revista\/autoridad-de-ambos-padres-psicologia\/\" class=\"eael-post-elements-readmore-btn\">CONOCE SU HISTORIA <\/a><\/div>\n                    <\/div><\/div><\/div>\n        <\/div>\n    <\/article><article class=\"eael-grid-post  eael-post-grid-column eael-pg-post-8203 category-bienestar\" data-id=\"8203\">\n        <div class=\"eael-grid-post-holder\">\n            <div class=\"eael-grid-post-holder-inner\"><div class=\"eael-entry-media\"><div class=\"eael-entry-overlay fade-in\"><i class=\"far fa-hand-pointer\" aria-hidden=\"true\"><\/i><a href=\"https:\/\/soymigrante.com\/revista\/como-cuidar-la-alimentacion-de-tus-hijos-instituto-americano-de-salud-digiestiva\/\"><\/a><\/div><div class=\"eael-entry-thumbnail \">\n                <img loading=\"lazy\" decoding=\"async\" width=\"792\" height=\"792\" src=\"https:\/\/soymigrante.com\/revista\/wp-content\/uploads\/2024\/08\/ALIMENTACION-INFANTIL.webp\" class=\"attachment-large size-large wp-image-8242\" alt=\"Disfrutando de una rodaja de sand\u00eda, ni\u00f1a comiendo fruta refrescante, verano, saludable, en el parque, sonriente, saludable y feliz.\" srcset=\"https:\/\/soymigrante.com\/revista\/wp-content\/uploads\/2024\/08\/ALIMENTACION-INFANTIL.webp 792w, https:\/\/soymigrante.com\/revista\/wp-content\/uploads\/2024\/08\/ALIMENTACION-INFANTIL-300x300.webp 300w, https:\/\/soymigrante.com\/revista\/wp-content\/uploads\/2024\/08\/ALIMENTACION-INFANTIL-150x150.webp 150w, https:\/\/soymigrante.com\/revista\/wp-content\/uploads\/2024\/08\/ALIMENTACION-INFANTIL-768x768.webp 768w, https:\/\/soymigrante.com\/revista\/wp-content\/uploads\/2024\/08\/ALIMENTACION-INFANTIL-75x75.webp 75w, https:\/\/soymigrante.com\/revista\/wp-content\/uploads\/2024\/08\/ALIMENTACION-INFANTIL-750x750.webp 750w\" sizes=\"(max-width: 792px) 100vw, 792px\" \/>\n            <\/div>\n        <\/div><div class=\"eael-entry-wrapper\"><header class=\"eael-entry-header\"><h2 class=\"eael-entry-title\"><a class=\"eael-grid-post-link\" href=\"https:\/\/soymigrante.com\/revista\/como-cuidar-la-alimentacion-de-tus-hijos-instituto-americano-de-salud-digiestiva\/\" title=\"C\u00f3mo cuidar la alimentaci\u00f3n de tus hijos: instituto americano de salud digestiva\">C\u00f3mo cuidar la alimentaci\u00f3n de tus hijos: instituto americano de salud digestiva<\/a><\/h2><\/header><div class=\"eael-entry-content\">\n                        <div class=\"eael-grid-post-excerpt\"><a href=\"https:\/\/soymigrante.com\/revista\/como-cuidar-la-alimentacion-de-tus-hijos-instituto-americano-de-salud-digiestiva\/\" class=\"eael-post-elements-readmore-btn\">CONOCE SU HISTORIA <\/a><\/div>\n                    <\/div><\/div><\/div>\n        <\/div>\n    <\/article><article class=\"eael-grid-post  eael-post-grid-column eael-pg-post-8187 category-bienestar\" data-id=\"8187\">\n        <div class=\"eael-grid-post-holder\">\n            <div class=\"eael-grid-post-holder-inner\"><div class=\"eael-entry-media\"><div class=\"eael-entry-overlay fade-in\"><i class=\"far fa-hand-pointer\" aria-hidden=\"true\"><\/i><a href=\"https:\/\/soymigrante.com\/revista\/aunque-tu-trabajo-en-ee-uu-sea-extenuante-recuerda-que-tus-hijos-aprenden-jugando\/\"><\/a><\/div><div class=\"eael-entry-thumbnail \">\n                <img loading=\"lazy\" decoding=\"async\" width=\"1024\" height=\"1024\" src=\"https:\/\/soymigrante.com\/revista\/wp-content\/uploads\/2024\/08\/padres-jugando-con-sus-hijos-soy-migrante-1-scaled-e1724182673371-1024x1024.webp\" class=\"attachment-large size-large wp-image-8197\" alt=\"Hombre y ni\u00f1a jugando a un juego de apilamiento con bloques de madera en un ambiente familiar y acogedor.\" srcset=\"https:\/\/soymigrante.com\/revista\/wp-content\/uploads\/2024\/08\/padres-jugando-con-sus-hijos-soy-migrante-1-scaled-e1724182673371-1024x1024.webp 1024w, https:\/\/soymigrante.com\/revista\/wp-content\/uploads\/2024\/08\/padres-jugando-con-sus-hijos-soy-migrante-1-scaled-e1724182673371-300x300.webp 300w, https:\/\/soymigrante.com\/revista\/wp-content\/uploads\/2024\/08\/padres-jugando-con-sus-hijos-soy-migrante-1-scaled-e1724182673371-150x150.webp 150w, https:\/\/soymigrante.com\/revista\/wp-content\/uploads\/2024\/08\/padres-jugando-con-sus-hijos-soy-migrante-1-scaled-e1724182673371-768x768.webp 768w, https:\/\/soymigrante.com\/revista\/wp-content\/uploads\/2024\/08\/padres-jugando-con-sus-hijos-soy-migrante-1-scaled-e1724182673371-1536x1536.webp 1536w, https:\/\/soymigrante.com\/revista\/wp-content\/uploads\/2024\/08\/padres-jugando-con-sus-hijos-soy-migrante-1-scaled-e1724182673371-75x75.webp 75w, https:\/\/soymigrante.com\/revista\/wp-content\/uploads\/2024\/08\/padres-jugando-con-sus-hijos-soy-migrante-1-scaled-e1724182673371-750x750.webp 750w, https:\/\/soymigrante.com\/revista\/wp-content\/uploads\/2024\/08\/padres-jugando-con-sus-hijos-soy-migrante-1-scaled-e1724182673371-1140x1140.webp 1140w, https:\/\/soymigrante.com\/revista\/wp-content\/uploads\/2024\/08\/padres-jugando-con-sus-hijos-soy-migrante-1-scaled-e1724182673371.webp 1728w\" sizes=\"(max-width: 1024px) 100vw, 1024px\" \/>\n            <\/div>\n        <\/div><div class=\"eael-entry-wrapper\"><header class=\"eael-entry-header\"><h2 class=\"eael-entry-title\"><a class=\"eael-grid-post-link\" href=\"https:\/\/soymigrante.com\/revista\/aunque-tu-trabajo-en-ee-uu-sea-extenuante-recuerda-que-tus-hijos-aprenden-jugando\/\" title=\"Aunque tu trabajo en EE. UU. sea extenuante, recuerda que tus hijos aprenden jugando\">Aunque tu trabajo en EE. UU. sea extenuante, recuerda que tus hijos aprenden jugando<\/a><\/h2><\/header><div class=\"eael-entry-content\">\n                        <div class=\"eael-grid-post-excerpt\"><a href=\"https:\/\/soymigrante.com\/revista\/aunque-tu-trabajo-en-ee-uu-sea-extenuante-recuerda-que-tus-hijos-aprenden-jugando\/\" class=\"eael-post-elements-readmore-btn\">CONOCE SU HISTORIA <\/a><\/div>\n                    <\/div><\/div><\/div>\n        <\/div>\n    <\/article><\/div>\n            <div class=\"clearfix\"><\/div>\n        <\/div>\t\t\t\t<\/div>\n\t\t\t\t\t<\/div>\n\t\t\t\t<\/div>\n\t\t\t\t<\/div>\n\t\t","protected":false},"excerpt":{"rendered":"<p>No es una tarea f\u00e1cil hablar de pandillas y menos a tus hijos, sobre todo adolescentes, pero hacerles saber que como padres te preocupas por la seguridad de ellos crea un v\u00ednculo importante. Hablar de pandillas es solo un aspecto de la situaci\u00f3n en Estados Unidos. Un estudio de Justicia Juvenil y Prevenci\u00f3n de la [&hellip;]<\/p>\n","protected":false},"author":23,"featured_media":9697,"comment_status":"open","ping_status":"open","sticky":false,"template":"","format":"standard","meta":{"_acf_changed":true,"_eb_attr":"","footnotes":""},"categories":[55],"tags":[],"class_list":["post-9694","post","type-post","status-publish","format-standard","has-post-thumbnail","hentry","category-bienestar"],"acf":[],"aioseo_notices":[],"aioseo_head":"\n\t\t<!-- All in One SEO Pro 4.9.6.2 - aioseo.com -->\n\t<meta name=\"description\" content=\"A veces es limitado el tiempo de los padres para compartir con sus hijos, pero es a trav\u00e9s de jugar con ellos que se construye un v\u00ednculo desde su infancia.\" \/>\n\t<meta name=\"robots\" content=\"max-snippet:-1, max-image-preview:large, max-video-preview:-1\" \/>\n\t<meta name=\"author\" content=\"Beatriz Tercero\"\/>\n\t<link rel=\"canonical\" href=\"https:\/\/soymigrante.com\/revista\/aunque-tu-trabajo-en-ee-uu-sea-extenuante-recuerda-que-tus-hijos-aprenden-jugando\/\" \/>\n\t<meta name=\"generator\" content=\"All in One SEO Pro (AIOSEO) 4.9.6.2\" \/>\n\n\t\t<link rel=\"preconnect\" href=\"https:\/\/fonts.googleapis.com\" crossorigin>\n<link rel=\"preconnect\" href=\"https:\/\/fonts.gstatic.com\" crossorigin>\n\t\t<meta property=\"og:locale\" content=\"es_ES\" \/>\n\t\t<meta property=\"og:site_name\" content=\"SoyMigrante.com REVISTA \u2013 Nuestra misi\u00f3n es reconocer y dignificar al migrante.\" \/>\n\t\t<meta property=\"og:type\" content=\"article\" \/>\n\t\t<meta property=\"og:title\" content=\"Aunque tu trabajo es cansado pasa tiempo con tus hijos\" \/>\n\t\t<meta property=\"og:description\" content=\"A veces es limitado el tiempo de los padres para compartir con sus hijos, pero es a trav\u00e9s de jugar con ellos que se construye un v\u00ednculo desde su infancia.\" \/>\n\t\t<meta property=\"og:url\" content=\"https:\/\/soymigrante.com\/revista\/aunque-tu-trabajo-en-ee-uu-sea-extenuante-recuerda-que-tus-hijos-aprenden-jugando\/\" \/>\n\t\t<meta property=\"og:image\" content=\"https:\/\/soymigrante.com\/revista\/wp-content\/uploads\/2024\/08\/padres-jugando-con-sus-hijos-soy-migrante-1-scaled-e1724182673371.webp\" \/>\n\t\t<meta property=\"og:image:secure_url\" content=\"https:\/\/soymigrante.com\/revista\/wp-content\/uploads\/2024\/08\/padres-jugando-con-sus-hijos-soy-migrante-1-scaled-e1724182673371.webp\" \/>\n\t\t<meta property=\"og:image:width\" content=\"1728\" \/>\n\t\t<meta property=\"og:image:height\" content=\"1728\" \/>\n\t\t<meta property=\"article:published_time\" content=\"2024-08-20T19:53:07+00:00\" \/>\n\t\t<meta property=\"article:modified_time\" content=\"2024-08-20T19:53:56+00:00\" \/>\n\t\t<meta property=\"article:publisher\" content=\"https:\/\/www.facebook.com\/soymigrantecom\" \/>\n\t\t<meta name=\"twitter:card\" content=\"summary_large_image\" \/>\n\t\t<meta name=\"twitter:site\" content=\"@SoyMigrante_com\" \/>\n\t\t<meta name=\"twitter:title\" content=\"Aunque tu trabajo es cansado pasa tiempo con tus hijos\" \/>\n\t\t<meta name=\"twitter:description\" content=\"A veces es limitado el tiempo de los padres para compartir con sus hijos, pero es a trav\u00e9s de jugar con ellos que se construye un v\u00ednculo desde su infancia.\" \/>\n\t\t<meta name=\"twitter:creator\" content=\"@SoyMigrante_com\" \/>\n\t\t<meta name=\"twitter:image\" content=\"https:\/\/soymigrante.com\/revista\/wp-content\/uploads\/2024\/08\/padres-jugando-con-sus-hijos-soy-migrante-1-scaled-e1724182673371.webp\" \/>\n\t\t<!-- All in One SEO Pro -->\r\n\t\t<title>Aunque tu trabajo es cansado pasa tiempo con tus hijos<\/title>\n\n","aioseo_head_json":{"title":"Aunque tu trabajo es cansado pasa tiempo con tus hijos","description":"A veces es limitado el tiempo de los padres para compartir con sus hijos, pero es a trav\u00e9s de jugar con ellos que se construye un v\u00ednculo desde su infancia.","canonical_url":"https:\/\/soymigrante.com\/revista\/aunque-tu-trabajo-en-ee-uu-sea-extenuante-recuerda-que-tus-hijos-aprenden-jugando\/","robots":"max-snippet:-1, max-image-preview:large, max-video-preview:-1","keywords":"","webmasterTools":{"miscellaneous":"&lt;link rel=\"preconnect\" href=\"https:\/\/fonts.googleapis.com\" crossorigin&gt;\n&lt;link rel=\"preconnect\" href=\"https:\/\/fonts.gstatic.com\" crossorigin&gt;"},"schema":null,"og:locale":"es_ES","og:site_name":"SoyMigrante.com REVISTA \u2013 Nuestra misi\u00f3n es reconocer y dignificar al migrante.","og:type":"article","og:title":"Aunque tu trabajo es cansado pasa tiempo con tus hijos","og:description":"A veces es limitado el tiempo de los padres para compartir con sus hijos, pero es a trav\u00e9s de jugar con ellos que se construye un v\u00ednculo desde su infancia.","og:url":"https:\/\/soymigrante.com\/revista\/aunque-tu-trabajo-en-ee-uu-sea-extenuante-recuerda-que-tus-hijos-aprenden-jugando\/","og:image":"https:\/\/soymigrante.com\/revista\/wp-content\/uploads\/2024\/08\/padres-jugando-con-sus-hijos-soy-migrante-1-scaled-e1724182673371.webp","og:image:secure_url":"https:\/\/soymigrante.com\/revista\/wp-content\/uploads\/2024\/08\/padres-jugando-con-sus-hijos-soy-migrante-1-scaled-e1724182673371.webp","og:image:width":1728,"og:image:height":1728,"article:published_time":"2024-08-20T19:53:07+00:00","article:modified_time":"2024-08-20T19:53:56+00:00","article:publisher":"https:\/\/www.facebook.com\/soymigrantecom","twitter:card":"summary_large_image","twitter:site":"@SoyMigrante_com","twitter:title":"Aunque tu trabajo es cansado pasa tiempo con tus hijos","twitter:description":"A veces es limitado el tiempo de los padres para compartir con sus hijos, pero es a trav\u00e9s de jugar con ellos que se construye un v\u00ednculo desde su infancia.","twitter:creator":"@SoyMigrante_com","twitter:image":"https:\/\/soymigrante.com\/revista\/wp-content\/uploads\/2024\/08\/padres-jugando-con-sus-hijos-soy-migrante-1-scaled-e1724182673371.webp"},"aioseo_meta_data":{"post_id":"9694","title":"Buena relaci\u00f3n con tus hijos lejos de pandillas","description":"No es una tarea f\u00e1cil hablar de malas compa\u00f1\u00edas o pandillas, pero es importante hacerlo con los hijos adolescentes. Claves para darles seguridad y cari\u00f1o.","keywords":null,"keyphrases":{"focus":{"keyphrase":"Relacion con tus hijos","score":43,"analysis":{"keyphraseInTitle":{"score":3,"maxScore":9,"error":1},"keyphraseInDescription":{"score":3,"maxScore":9,"error":1},"keyphraseLength":{"score":9,"maxScore":9,"error":0,"length":4},"keyphraseInURL":{"score":5,"maxScore":5,"error":0},"keyphraseInIntroduction":{"score":3,"maxScore":9,"error":1},"keyphraseInSubHeadings":{"score":3,"maxScore":9,"error":1},"keyphraseInImageAlt":{"score":3,"maxScore":9,"error":1},"keywordDensity":{"score":0,"type":"low","maxScore":9,"error":1}}},"additional":[{"keyphrase":"pandillas","score":87,"analysis":{"keyphraseInDescription":{"score":9,"maxScore":9,"error":0},"keyphraseLength":{"score":9,"maxScore":9,"error":0,"length":1},"keyphraseInIntroduction":{"score":9,"maxScore":9,"error":0},"keyphraseInImageAlt":{"score":3,"maxScore":9,"error":1},"keywordDensity":{"type":"best","score":9,"maxScore":9,"error":0}}},{"keyphrase":"soy migrante","score":40,"analysis":{"keyphraseInDescription":{"score":3,"maxScore":9,"error":1},"keyphraseLength":{"score":9,"maxScore":9,"error":0,"length":2},"keyphraseInIntroduction":{"score":3,"maxScore":9,"error":1},"keyphraseInImageAlt":{"score":3,"maxScore":9,"error":1},"keywordDensity":{"score":0,"type":"low","maxScore":9,"error":1}}}]},"primary_term":null,"canonical_url":null,"og_title":null,"og_description":null,"og_object_type":"default","og_image_type":"default","og_image_url":null,"og_image_width":null,"og_image_height":null,"og_image_custom_url":null,"og_image_custom_fields":null,"og_video":"","og_custom_url":null,"og_article_section":null,"og_article_tags":null,"twitter_use_og":false,"twitter_card":"default","twitter_image_type":"default","twitter_image_url":null,"twitter_image_custom_url":null,"twitter_image_custom_fields":null,"twitter_title":null,"twitter_description":null,"schema":{"blockGraphs":[],"customGraphs":[],"default":{"data":{"Article":[],"Course":[],"Dataset":[],"FAQPage":[],"Movie":[],"Person":[],"Product":[],"ProductReview":[],"Car":[],"Recipe":[],"Service":[],"SoftwareApplication":[],"WebPage":[]},"graphName":"Article","isEnabled":true},"graphs":[]},"schema_type":"default","schema_type_options":null,"pillar_content":false,"robots_default":true,"robots_noindex":false,"robots_noarchive":false,"robots_nosnippet":false,"robots_nofollow":false,"robots_noimageindex":false,"robots_noodp":false,"robots_notranslate":false,"robots_max_snippet":"-1","robots_max_videopreview":"-1","robots_max_imagepreview":"large","priority":null,"frequency":"default","local_seo":null,"seo_analyzer_scan_date":"2025-10-08 23:48:05","breadcrumb_settings":null,"limit_modified_date":false,"reviewed_by":null,"open_ai":"{\"title\":{\"suggestions\":[],\"usage\":0},\"description\":{\"suggestions\":[],\"usage\":0}}","ai":null,"created":"2024-09-24 20:14:02","updated":"2026-02-04 15:11:33"},"aioseo_breadcrumb":"<div class=\"aioseo-breadcrumbs\"><span class=\"aioseo-breadcrumb\">\n\t<a href=\"https:\/\/soymigrante.com\/revista\" title=\"Home\">Home<\/a>\n<\/span><span class=\"aioseo-breadcrumb-separator\">\u00bb<\/span><span class=\"aioseo-breadcrumb\">\n\t<a href=\"https:\/\/soymigrante.com\/revista\/category\/bienestar\/\" title=\"Bienestar\">Bienestar<\/a>\n<\/span><span class=\"aioseo-breadcrumb-separator\">\u00bb<\/span><span class=\"aioseo-breadcrumb\">\n\tConsejos para tener a tus hijos lejos de malas juntas\n<\/span><\/div>","aioseo_breadcrumb_json":[{"label":"Home","link":"https:\/\/soymigrante.com\/revista"},{"label":"Bienestar","link":"https:\/\/soymigrante.com\/revista\/category\/bienestar\/"},{"label":"Consejos para tener a tus hijos lejos de malas juntas","link":"https:\/\/soymigrante.com\/revista\/consejos-para-tener-a-tus-hijos-lejos-de-malas-juntas\/"}],"_links":{"self":[{"href":"https:\/\/soymigrante.com\/revista\/wp-json\/wp\/v2\/posts\/9694","targetHints":{"allow":["GET"]}}],"collection":[{"href":"https:\/\/soymigrante.com\/revista\/wp-json\/wp\/v2\/posts"}],"about":[{"href":"https:\/\/soymigrante.com\/revista\/wp-json\/wp\/v2\/types\/post"}],"author":[{"embeddable":true,"href":"https:\/\/soymigrante.com\/revista\/wp-json\/wp\/v2\/users\/23"}],"replies":[{"embeddable":true,"href":"https:\/\/soymigrante.com\/revista\/wp-json\/wp\/v2\/comments?post=9694"}],"version-history":[{"count":0,"href":"https:\/\/soymigrante.com\/revista\/wp-json\/wp\/v2\/posts\/9694\/revisions"}],"wp:featuredmedia":[{"embeddable":true,"href":"https:\/\/soymigrante.com\/revista\/wp-json\/wp\/v2\/media\/9697"}],"wp:attachment":[{"href":"https:\/\/soymigrante.com\/revista\/wp-json\/wp\/v2\/media?parent=9694"}],"wp:term":[{"taxonomy":"category","embeddable":true,"href":"https:\/\/soymigrante.com\/revista\/wp-json\/wp\/v2\/categories?post=9694"},{"taxonomy":"post_tag","embeddable":true,"href":"https:\/\/soymigrante.com\/revista\/wp-json\/wp\/v2\/tags?post=9694"}],"curies":[{"name":"wp","href":"https:\/\/api.w.org\/{rel}","templated":true}]}}