{"id":9664,"date":"2024-09-26T08:42:41","date_gmt":"2024-09-26T14:42:41","guid":{"rendered":"https:\/\/soymigrante.com\/revista\/?p=9664"},"modified":"2024-09-26T09:56:53","modified_gmt":"2024-09-26T15:56:53","slug":"informacion-que-quiza-no-sabias-o-querias-compartir-sobre-el-daca","status":"publish","type":"post","link":"https:\/\/soymigrante.com\/revista\/informacion-que-quiza-no-sabias-o-querias-compartir-sobre-el-daca\/","title":{"rendered":"Informaci\u00f3n que quiz\u00e1 no sab\u00edas (o quer\u00edas compartir) sobre el DACA"},"content":{"rendered":"\t\t<div data-elementor-type=\"wp-post\" data-elementor-id=\"9664\" class=\"elementor elementor-9664\" data-elementor-post-type=\"post\">\n\t\t\t\t<div data-particle_enable=\"false\" data-particle-mobile-disabled=\"false\" class=\"elementor-element elementor-element-a96262e e-flex e-con-boxed e-con e-parent\" data-id=\"a96262e\" data-element_type=\"container\" data-e-type=\"container\">\n\t\t\t\t\t<div class=\"e-con-inner\">\n\t\t\t\t<div class=\"elementor-element elementor-element-4439faa elementor-widget elementor-widget-heading\" data-id=\"4439faa\" data-element_type=\"widget\" data-e-type=\"widget\" data-widget_type=\"heading.default\">\n\t\t\t\t\t<h2 class=\"elementor-heading-title elementor-size-default\">El \u201csue\u00f1o americano\u201d de muchos es llegar a USA, poder estudiar y trabajar para tener una mejor calidad de vida, pero hay retos que sobrepasar para alcanzarlo. Gracias al DACA, ni\u00f1os y ni\u00f1as que han so\u00f1ado con una oportunidad as\u00ed lo han logrado, pero no ha sido nada f\u00e1cil.<\/h2>\t\t\t\t<\/div>\n\t\t\t\t\t<\/div>\n\t\t\t\t<\/div>\n\t\t<div data-particle_enable=\"false\" data-particle-mobile-disabled=\"false\" class=\"elementor-element elementor-element-0b9e186 e-flex e-con-boxed e-con e-parent\" data-id=\"0b9e186\" data-element_type=\"container\" data-e-type=\"container\">\n\t\t\t\t\t<div class=\"e-con-inner\">\n\t\t\t\t<div class=\"elementor-element elementor-element-7d84f41 elementor-widget elementor-widget-text-editor\" data-id=\"7d84f41\" data-element_type=\"widget\" data-e-type=\"widget\" data-widget_type=\"text-editor.default\">\n\t\t\t\t\t\t\t\t\t<p>Traemos a la memoria la historia del dreamer\u00a0<a href=\"https:\/\/soymigrante.com\/revista\/jose-coronado-dreamer-guatemalteco-y-graduado-de-harvard-apoya-tps-para-migrantes\/\" target=\"_blank\" rel=\"noopener\">Jos\u00e9 Coronado<\/a>, quien viaj\u00f3 a USA cuanto apenas ten\u00eda 4 a\u00f1os. Gracias a haber presentado su solicitud del DACA en el 2012, hoy por hoy es un guatemalteco y estudiante destacado en la\u00a0<a href=\"https:\/\/soymigrante.com\/revista\/grandes-metas-prepararse-para-la-universidad-en-usa\/\" target=\"_blank\" rel=\"noopener\">Universidad<\/a>\u00a0de Harvard.<\/p><p>Aunque su estatus es a\u00fan irregular, pero con el beneficio del DACA, \u00e9l est\u00e1 firme en su pasi\u00f3n por el tema ambiental y contribuye para que otros guatemaltecos puedan como \u00e9l, alcanzar un sue\u00f1o. Adem\u00e1s apoya las voces de la comunidad migrante guatemalteca en USA que piden el\u00a0<a href=\"https:\/\/soymigrante.com\/revista\/11-ciudades-y-55-congresistas-de-ee-uu-se-suman-a-peticion-de-tps-guatemalteco\/\" target=\"_blank\" rel=\"noopener\">TPS.<\/a>\u00a0<\/p><div><span style=\"text-align: var(--text-align)\">Conoce sobre el DACA a trav\u00e9s de estas respuestas b\u00e1sicas pero fundamentales a la hora de presentar tu solicitud.\u00a0<\/span><\/div><div><span style=\"color: var( --e-global-color-text );text-align: var(--text-align)\">\u00a0<\/span><\/div>\t\t\t\t\t\t\t\t<\/div>\n\t\t\t\t\t<\/div>\n\t\t\t\t<\/div>\n\t\t<div data-particle_enable=\"false\" data-particle-mobile-disabled=\"false\" class=\"elementor-element elementor-element-a43d8f6 e-flex e-con-boxed e-con e-parent\" data-id=\"a43d8f6\" data-element_type=\"container\" data-e-type=\"container\">\n\t\t\t\t\t<div class=\"e-con-inner\">\n\t\t\t\t<div class=\"elementor-element elementor-element-9654106 elementor-widget elementor-widget-image\" data-id=\"9654106\" data-element_type=\"widget\" data-e-type=\"widget\" data-widget_type=\"image.default\">\n\t\t\t\t\t\t\t\t\t\t\t\t<figure class=\"wp-caption\">\n\t\t\t\t\t\t\t\t\t\t<img fetchpriority=\"high\" decoding=\"async\" width=\"768\" height=\"512\" src=\"https:\/\/soymigrante.com\/revista\/wp-content\/uploads\/2024\/09\/daca-soy-migrante3-1024x683.webp\" class=\"attachment-large size-large wp-image-9673\" alt=\"Libertad, inmigrantes, derechos, cultura, valores, identidad, comunidad, solidaridad, integraci\u00f3n, esperanza, igualdad, oportunidades, celebraci\u00f3n, diversidad, pa\u00eds, ciudadan\u00eda, progreso, adaptaci\u00f3n, inclusi\u00f3n, bienestar, futuro, crecimiento, sue\u00f1os, motivaci\u00f3n, esp\u00edritu, pertenencia, orgullo, orgullo migrante, comunidad internacional, multiculturalismo, historia, superaci\u00f3n, resiliencia, esfuerzo, compromiso, justicia, igualdad social, derechos humanos, derechos de los migrantes, integraci\u00f3n social, apoyo comunitario, bienestar migrante, cultura estadounidense, vida en Estados Unidos, emigraci\u00f3n, inmigraci\u00f3n, poblaci\u00f3n migrante, orgullo nacional, identidad cultural, celebraci\u00f3n migrante, derechos civiles, ciudadan\u00eda estadounidense, inmigrantes en EE. UU., alegr\u00eda, esperanza, logro, entusiasmo, libertad de expresi\u00f3n, derechos universales.\" srcset=\"https:\/\/soymigrante.com\/revista\/wp-content\/uploads\/2024\/09\/daca-soy-migrante3-1024x683.webp 1024w, https:\/\/soymigrante.com\/revista\/wp-content\/uploads\/2024\/09\/daca-soy-migrante3-300x200.webp 300w, https:\/\/soymigrante.com\/revista\/wp-content\/uploads\/2024\/09\/daca-soy-migrante3-768x513.webp 768w, https:\/\/soymigrante.com\/revista\/wp-content\/uploads\/2024\/09\/daca-soy-migrante3-1536x1025.webp 1536w, https:\/\/soymigrante.com\/revista\/wp-content\/uploads\/2024\/09\/daca-soy-migrante3-scaled.webp 1920w, https:\/\/soymigrante.com\/revista\/wp-content\/uploads\/2024\/09\/daca-soy-migrante3-750x501.webp 750w, https:\/\/soymigrante.com\/revista\/wp-content\/uploads\/2024\/09\/daca-soy-migrante3-1140x761.webp 1140w\" sizes=\"(max-width: 768px) 100vw, 768px\" title=\"daca soy migrante3 \u2013 SoyMigrante.com REVISTA\" \/>\t\t\t\t\t\t\t\t\t\t\t<figcaption class=\"widget-image-caption wp-caption-text\">Joven sonriendo con bandera de EE. UU., s\u00edmbolo de orgullo, inmigraci\u00f3n y comunidad, en un entorno urbano.<\/figcaption>\n\t\t\t\t\t\t\t\t\t\t<\/figure>\n\t\t\t\t\t\t\t\t\t<\/div>\n\t\t\t\t\t<\/div>\n\t\t\t\t<\/div>\n\t\t<div data-particle_enable=\"false\" data-particle-mobile-disabled=\"false\" class=\"elementor-element elementor-element-57116f2 e-flex e-con-boxed e-con e-parent\" data-id=\"57116f2\" data-element_type=\"container\" data-e-type=\"container\">\n\t\t\t\t\t<div class=\"e-con-inner\">\n\t\t\t\t<div class=\"elementor-element elementor-element-cd8ce48 elementor-widget elementor-widget-heading\" data-id=\"cd8ce48\" data-element_type=\"widget\" data-e-type=\"widget\" data-widget_type=\"heading.default\">\n\t\t\t\t\t<h3 class=\"elementor-heading-title elementor-size-default\">\u00bfQu\u00e9 es el DACA?<\/h3>\t\t\t\t<\/div>\n\t\t\t\t\t<\/div>\n\t\t\t\t<\/div>\n\t\t<div data-particle_enable=\"false\" data-particle-mobile-disabled=\"false\" class=\"elementor-element elementor-element-6c53580 e-flex e-con-boxed e-con e-parent\" data-id=\"6c53580\" data-element_type=\"container\" data-e-type=\"container\">\n\t\t\t\t\t<div class=\"e-con-inner\">\n\t\t\t\t<div class=\"elementor-element elementor-element-1ffed8c elementor-invisible elementor-widget elementor-widget-text-editor\" data-id=\"1ffed8c\" data-element_type=\"widget\" data-e-type=\"widget\" data-settings=\"{&quot;_animation&quot;:&quot;fadeInDown&quot;,&quot;motion_fx_motion_fx_mouse&quot;:&quot;yes&quot;}\" data-widget_type=\"text-editor.default\">\n\t\t\t\t\t\t\t\t\t<p>DACA es una pol\u00edtica migratoria que retrasa la deportaci\u00f3n de las personas que llegaron a Estados Unidos\u00a0<a href=\"https:\/\/soymigrante.com\/revista\/luis-grijalva-el-migrante-dreamer-que-suena-con-la-medalla\/\" target=\"_blank\" rel=\"noopener\">cuando eran ni\u00f1os<\/a>, sin documentaci\u00f3n o estatus legal migratorio. Y podr\u00eda optar por una acci\u00f3n diferida por parte de ese Gobierno.<\/p>\t\t\t\t\t\t\t\t<\/div>\n\t\t\t\t\t<\/div>\n\t\t\t\t<\/div>\n\t\t<div data-particle_enable=\"false\" data-particle-mobile-disabled=\"false\" class=\"elementor-element elementor-element-9892740 e-flex e-con-boxed e-con e-parent\" data-id=\"9892740\" data-element_type=\"container\" data-e-type=\"container\">\n\t\t\t\t\t<div class=\"e-con-inner\">\n\t\t\t\t<div class=\"elementor-element elementor-element-1b4756a elementor-widget elementor-widget-heading\" data-id=\"1b4756a\" data-element_type=\"widget\" data-e-type=\"widget\" data-widget_type=\"heading.default\">\n\t\t\t\t\t<h3 class=\"elementor-heading-title elementor-size-default\">\u00bfQu\u00e9 es una acci\u00f3n diferida?<\/h3>\t\t\t\t<\/div>\n\t\t\t\t\t<\/div>\n\t\t\t\t<\/div>\n\t\t<div data-particle_enable=\"false\" data-particle-mobile-disabled=\"false\" class=\"elementor-element elementor-element-9a5586a e-flex e-con-boxed e-con e-parent\" data-id=\"9a5586a\" data-element_type=\"container\" data-e-type=\"container\">\n\t\t\t\t\t<div class=\"e-con-inner\">\n\t\t\t\t<div class=\"elementor-element elementor-element-2812e1f elementor-invisible elementor-widget elementor-widget-text-editor\" data-id=\"2812e1f\" data-element_type=\"widget\" data-e-type=\"widget\" data-settings=\"{&quot;_animation&quot;:&quot;fadeInLeft&quot;,&quot;motion_fx_motion_fx_mouse&quot;:&quot;yes&quot;}\" data-widget_type=\"text-editor.default\">\n\t\t\t\t\t\t\t\t\t<p>La acci\u00f3n diferida es una determinaci\u00f3n discrecional para aplazar la remoci\u00f3n de una persona como un acto de discreci\u00f3n procesal.<\/p>\t\t\t\t\t\t\t\t<\/div>\n\t\t\t\t\t<\/div>\n\t\t\t\t<\/div>\n\t\t<div data-particle_enable=\"false\" data-particle-mobile-disabled=\"false\" class=\"elementor-element elementor-element-27defe8 e-flex e-con-boxed e-con e-parent\" data-id=\"27defe8\" data-element_type=\"container\" data-e-type=\"container\">\n\t\t\t\t\t<div class=\"e-con-inner\">\n\t\t\t\t<div class=\"elementor-element elementor-element-9a6f6c0 elementor-widget elementor-widget-heading\" data-id=\"9a6f6c0\" data-element_type=\"widget\" data-e-type=\"widget\" data-widget_type=\"heading.default\">\n\t\t\t\t\t<h3 class=\"elementor-heading-title elementor-size-default\">\u00bfCu\u00e1l es la situaci\u00f3n actual?<\/h3>\t\t\t\t<\/div>\n\t\t\t\t\t<\/div>\n\t\t\t\t<\/div>\n\t\t<div data-particle_enable=\"false\" data-particle-mobile-disabled=\"false\" class=\"elementor-element elementor-element-0f13d85 e-flex e-con-boxed e-con e-parent\" data-id=\"0f13d85\" data-element_type=\"container\" data-e-type=\"container\">\n\t\t\t\t\t<div class=\"e-con-inner\">\n\t\t\t\t<div class=\"elementor-element elementor-element-273cbd9 elementor-invisible elementor-widget elementor-widget-text-editor\" data-id=\"273cbd9\" data-element_type=\"widget\" data-e-type=\"widget\" data-settings=\"{&quot;_animation&quot;:&quot;fadeInRight&quot;}\" data-widget_type=\"text-editor.default\">\n\t\t\t\t\t\t\t\t\t<p>Lamentablemente el DACA fue considerado por un tribunal estadounidense como \u201cuna pol\u00edtica migratoria ilegal\u201d en el 2021. Por lo que las solicitudes a partir de entonces est\u00e1n en suspenso. Sin embargo, para quienes gozaban del beneficio antes del 16 de julio de 2021, a\u00fan est\u00e1n protegidos por esta pol\u00edtica y la pueden renovar a\u00f1o con a\u00f1o al igual que el Documento de Autorizaci\u00f3n de Empleo (EAD, en ingl\u00e9s).<\/p>\t\t\t\t\t\t\t\t<\/div>\n\t\t\t\t\t<\/div>\n\t\t\t\t<\/div>\n\t\t<div data-particle_enable=\"false\" data-particle-mobile-disabled=\"false\" class=\"elementor-element elementor-element-1a5a3ad e-flex e-con-boxed e-con e-parent\" data-id=\"1a5a3ad\" data-element_type=\"container\" data-e-type=\"container\">\n\t\t\t\t\t<div class=\"e-con-inner\">\n\t\t\t\t<div class=\"elementor-element elementor-element-90dde40 elementor-widget elementor-widget-image\" data-id=\"90dde40\" data-element_type=\"widget\" data-e-type=\"widget\" data-widget_type=\"image.default\">\n\t\t\t\t\t\t\t\t\t\t\t\t<figure class=\"wp-caption\">\n\t\t\t\t\t\t\t\t\t\t<img decoding=\"async\" width=\"768\" height=\"512\" src=\"https:\/\/soymigrante.com\/revista\/wp-content\/uploads\/2024\/09\/daca-soy-migrante2-1024x683.webp\" class=\"attachment-large size-large wp-image-9679\" alt=\"J\u00f3venes estudiantes con mochilas en un entorno al aire libre, promoviendo la educaci\u00f3n, la integraci\u00f3n juvenil y el intercambio cultural en el contexto de inmigrantes en Espa\u00f1a.\" srcset=\"https:\/\/soymigrante.com\/revista\/wp-content\/uploads\/2024\/09\/daca-soy-migrante2-1024x683.webp 1024w, https:\/\/soymigrante.com\/revista\/wp-content\/uploads\/2024\/09\/daca-soy-migrante2-300x200.webp 300w, https:\/\/soymigrante.com\/revista\/wp-content\/uploads\/2024\/09\/daca-soy-migrante2-768x512.webp 768w, https:\/\/soymigrante.com\/revista\/wp-content\/uploads\/2024\/09\/daca-soy-migrante2-1536x1024.webp 1536w, https:\/\/soymigrante.com\/revista\/wp-content\/uploads\/2024\/09\/daca-soy-migrante2-scaled.webp 1920w, https:\/\/soymigrante.com\/revista\/wp-content\/uploads\/2024\/09\/daca-soy-migrante2-750x500.webp 750w, https:\/\/soymigrante.com\/revista\/wp-content\/uploads\/2024\/09\/daca-soy-migrante2-1140x760.webp 1140w\" sizes=\"(max-width: 768px) 100vw, 768px\" title=\"Hanging out at school \u2013 SoyMigrante.com REVISTA\" \/>\t\t\t\t\t\t\t\t\t\t\t<figcaption class=\"widget-image-caption wp-caption-text\">J\u00f3venes estudiantes con mochilas en un parque, simbolizando integraci\u00f3n, educaci\u00f3n y cultura en la comunidad de inmigrantes en Espa\u00f1a.<\/figcaption>\n\t\t\t\t\t\t\t\t\t\t<\/figure>\n\t\t\t\t\t\t\t\t\t<\/div>\n\t\t\t\t\t<\/div>\n\t\t\t\t<\/div>\n\t\t<div data-particle_enable=\"false\" data-particle-mobile-disabled=\"false\" class=\"elementor-element elementor-element-3c036c6 e-flex e-con-boxed e-con e-parent\" data-id=\"3c036c6\" data-element_type=\"container\" data-e-type=\"container\">\n\t\t\t\t\t<div class=\"e-con-inner\">\n\t\t\t\t<div class=\"elementor-element elementor-element-103c051 elementor-widget elementor-widget-heading\" data-id=\"103c051\" data-element_type=\"widget\" data-e-type=\"widget\" data-widget_type=\"heading.default\">\n\t\t\t\t\t<h3 class=\"elementor-heading-title elementor-size-default\">\u00bfC\u00f3mo aplicar?<\/h3>\t\t\t\t<\/div>\n\t\t\t\t\t<\/div>\n\t\t\t\t<\/div>\n\t\t<div data-particle_enable=\"false\" data-particle-mobile-disabled=\"false\" class=\"elementor-element elementor-element-13a7054 e-flex e-con-boxed e-con e-parent\" data-id=\"13a7054\" data-element_type=\"container\" data-e-type=\"container\">\n\t\t\t\t\t<div class=\"e-con-inner\">\n\t\t\t\t<div class=\"elementor-element elementor-element-606f61b elementor-invisible elementor-widget elementor-widget-text-editor\" data-id=\"606f61b\" data-element_type=\"widget\" data-e-type=\"widget\" data-settings=\"{&quot;_animation&quot;:&quot;fadeInUp&quot;,&quot;motion_fx_motion_fx_mouse&quot;:&quot;yes&quot;}\" data-widget_type=\"text-editor.default\">\n\t\t\t\t\t\t\t\t\t<p>A pesar de que a\u00fan no existe una resoluci\u00f3n sobre el DACA, para aprobar solicitudes, s\u00ed puedes presentar la solicitud para obtenerlo. Cuando se aprueba el DACA el proceso de deportaci\u00f3n ser\u00e1 detenido seg\u00fan el tiempo determinado.<\/p><p>Este beneficio tambi\u00e9n te permite obtener el permiso laboral conocido como EAD. <br \/>Si es para renovaci\u00f3n, el tr\u00e1mite lo puedes hacer\u00a0<a href=\"https:\/\/myaccount.uscis.gov\/sign-in\" target=\"_blank\" rel=\"noopener\">Online<\/a>. Debes llenar\u00a0<a href=\"https:\/\/www.uscis.gov\/es\/i-821d\" target=\"_blank\" rel=\"noopener\">el formulario I-821D<\/a>, en caso de la primera solicitud.\u00a0<span style=\"font-family: Roboto, sans-serif;font-size: 16px;font-style: normal;font-weight: 400;color: var( --e-global-color-text );text-align: var(--text-align)\">Este lo debes enviar al UISCI a trav\u00e9s de un lockdown.\u00a0<\/span><span style=\"color: var( --e-global-color-text );text-align: var(--text-align)\">Adem\u00e1s, debes pagar US$85 por gastos de presentaci\u00f3n.\u00a0<\/span><\/p>\t\t\t\t\t\t\t\t<\/div>\n\t\t\t\t\t<\/div>\n\t\t\t\t<\/div>\n\t\t<div data-particle_enable=\"false\" data-particle-mobile-disabled=\"false\" class=\"elementor-element elementor-element-f170937 e-flex e-con-boxed e-con e-parent\" data-id=\"f170937\" data-element_type=\"container\" data-e-type=\"container\">\n\t\t\t\t\t<div class=\"e-con-inner\">\n\t\t\t\t<div class=\"elementor-element elementor-element-11b2450 elementor-widget elementor-widget-heading\" data-id=\"11b2450\" data-element_type=\"widget\" data-e-type=\"widget\" data-widget_type=\"heading.default\">\n\t\t\t\t\t<h3 class=\"elementor-heading-title elementor-size-default\">\u00bfCu\u00e1les son los requisitos?<\/h3>\t\t\t\t<\/div>\n\t\t\t\t\t<\/div>\n\t\t\t\t<\/div>\n\t\t<div data-particle_enable=\"false\" data-particle-mobile-disabled=\"false\" class=\"elementor-element elementor-element-1045cac e-flex e-con-boxed e-con e-parent\" data-id=\"1045cac\" data-element_type=\"container\" data-e-type=\"container\">\n\t\t\t\t\t<div class=\"e-con-inner\">\n\t\t\t\t<div class=\"elementor-element elementor-element-ac7835b elementor-invisible elementor-widget elementor-widget-text-editor\" data-id=\"ac7835b\" data-element_type=\"widget\" data-e-type=\"widget\" data-settings=\"{&quot;_animation&quot;:&quot;fadeInDown&quot;,&quot;motion_fx_motion_fx_mouse&quot;:&quot;yes&quot;}\" data-widget_type=\"text-editor.default\">\n\t\t\t\t\t\t\t\t\t<ul><li>Haber tenido menos de 31 a\u00f1os al 15\/06\/2012.<\/li><li>Llegaste a Estados Unidos antes de cumplir 16 a\u00f1os de edad.<\/li><li>Residir en Estados Unidos desde el 15 de junio de 2007 hasta el momento de solicitar el DACA.<\/li><li>Estar presente en EE. UU. el 15 de junio de 2012, y al momento de presentar tu petici\u00f3n de DACA ante\u00a0<a href=\"https:\/\/www.uscis.gov\/sites\/default\/files\/document\/legal-docs\/Texas%20II%20Dkt.%20576%20Injunction.pdf\" target=\"_blank\" rel=\"noopener\">USCIS.<\/a><\/li><li>Tener un estatus migratorio irregular al 15\/06\/2022, incluso en el momento de presentar la solicitud. Es decir, tu estatus migratorio nunca ha sido legal.<\/li><li>Si tu estatus migratorio o permiso obtenido antes del 15\/06\/2012 caduc\u00f3.<\/li><li>Si tu estatus legal caduc\u00f3 o fue cancelado antes de presentar tu solicitud del DACA, antes del 15\/06\/2012.<\/li><li>Tambi\u00e9n se eval\u00faa estar inscrito en la escuela, haberte graduado y obtenido un certificado de finalizada la secundaria.<\/li><li>Haber obtenido un certificado de Desarrollo Educativo General o si eres veterano retirado honorable de la Guardia Costera de los Estados Unidos o las Fuerzas Armadas de Estados Unidos.<\/li><li>No haber sido condenado por un delito grave o no m\u00e1s de tres delitos menores.<\/li><\/ul>\t\t\t\t\t\t\t\t<\/div>\n\t\t\t\t\t<\/div>\n\t\t\t\t<\/div>\n\t\t<div data-particle_enable=\"false\" data-particle-mobile-disabled=\"false\" class=\"elementor-element elementor-element-52d0544 e-flex e-con-boxed e-con e-parent\" data-id=\"52d0544\" data-element_type=\"container\" data-e-type=\"container\">\n\t\t\t\t\t<div class=\"e-con-inner\">\n\t\t\t\t<div class=\"elementor-element elementor-element-fe13f2b elementor-widget elementor-widget-video\" data-id=\"fe13f2b\" data-element_type=\"widget\" data-e-type=\"widget\" data-settings=\"{&quot;youtube_url&quot;:&quot;https:\\\/\\\/www.youtube.com\\\/watch?v=MxzEkNRB96U&quot;,&quot;video_type&quot;:&quot;youtube&quot;,&quot;controls&quot;:&quot;yes&quot;}\" data-widget_type=\"video.default\">\n\t\t\t\t\t\t\t<div class=\"elementor-wrapper elementor-open-inline\">\n\t\t\t<div class=\"elementor-video\"><\/div>\t\t<\/div>\n\t\t\t\t\t\t<\/div>\n\t\t\t\t\t<\/div>\n\t\t\t\t<\/div>\n\t\t<div data-particle_enable=\"false\" data-particle-mobile-disabled=\"false\" class=\"elementor-element elementor-element-e753385 e-flex e-con-boxed e-con e-parent\" data-id=\"e753385\" data-element_type=\"container\" data-e-type=\"container\">\n\t\t\t\t\t<div class=\"e-con-inner\">\n\t\t\t\t<div class=\"elementor-element elementor-element-26ce8e7 elementor-widget elementor-widget-heading\" data-id=\"26ce8e7\" data-element_type=\"widget\" data-e-type=\"widget\" data-widget_type=\"heading.default\">\n\t\t\t\t\t<h3 class=\"elementor-heading-title elementor-size-default\">\u00bfQui\u00e9n aprueba la solicitud?<\/h3>\t\t\t\t<\/div>\n\t\t\t\t\t<\/div>\n\t\t\t\t<\/div>\n\t\t<div data-particle_enable=\"false\" data-particle-mobile-disabled=\"false\" class=\"elementor-element elementor-element-0dc501a e-flex e-con-boxed e-con e-parent\" data-id=\"0dc501a\" data-element_type=\"container\" data-e-type=\"container\">\n\t\t\t\t\t<div class=\"e-con-inner\">\n\t\t\t\t<div class=\"elementor-element elementor-element-41c9574 elementor-invisible elementor-widget elementor-widget-text-editor\" data-id=\"41c9574\" data-element_type=\"widget\" data-e-type=\"widget\" data-settings=\"{&quot;_animation&quot;:&quot;fadeInLeft&quot;}\" data-widget_type=\"text-editor.default\">\n\t\t\t\t\t\t\t\t\t<p>El Departamento de Seguridad Nacional (DHS) pero al no existir a\u00fan una resoluci\u00f3n sobre el DACA, este a\u00fan est\u00e1 en suspenso seg\u00fan la orden judicial emitida en el 2021 por el Tribunal de Distrito de Estados Unidos para el Distrito Sur de Texas.<\/p><p>Si tu solicitud cumple con todos los requerimientos ser\u00e1s notificado y se te asignar\u00e1 una cita en un Centro de Asistencia en Solicitudes (ASC). Es importante estar pendiente de ello ya que el no asistir a la cita puede tomar m\u00e1s tiempo para tu proceso o bien denegarte el DACA.<br \/><br \/><\/p>\t\t\t\t\t\t\t\t<\/div>\n\t\t\t\t\t<\/div>\n\t\t\t\t<\/div>\n\t\t<div data-particle_enable=\"false\" data-particle-mobile-disabled=\"false\" class=\"elementor-element elementor-element-edd5bab e-flex e-con-boxed e-con e-parent\" data-id=\"edd5bab\" data-element_type=\"container\" data-e-type=\"container\">\n\t\t\t\t\t<div class=\"e-con-inner\">\n\t\t\t\t<div class=\"elementor-element elementor-element-7267d51 elementor-widget elementor-widget-heading\" data-id=\"7267d51\" data-element_type=\"widget\" data-e-type=\"widget\" data-widget_type=\"heading.default\">\n\t\t\t\t\t<h3 class=\"elementor-heading-title elementor-size-default\">\u00bfEl DACA me hace legal en USA?<\/h3>\t\t\t\t<\/div>\n\t\t\t\t\t<\/div>\n\t\t\t\t<\/div>\n\t\t<div data-particle_enable=\"false\" data-particle-mobile-disabled=\"false\" class=\"elementor-element elementor-element-c134874 e-flex e-con-boxed e-con e-parent\" data-id=\"c134874\" data-element_type=\"container\" data-e-type=\"container\">\n\t\t\t\t\t<div class=\"e-con-inner\">\n\t\t\t\t<div class=\"elementor-element elementor-element-a523a2b elementor-invisible elementor-widget elementor-widget-text-editor\" data-id=\"a523a2b\" data-element_type=\"widget\" data-e-type=\"widget\" data-settings=\"{&quot;_animation&quot;:&quot;fadeInRight&quot;,&quot;motion_fx_motion_fx_mouse&quot;:&quot;yes&quot;}\" data-widget_type=\"text-editor.default\">\n\t\t\t\t\t\t\t\t\t<p>No, el DACA te permite permanecer en EE. UU. mientras un Tribunal resuelve tu caso, pero el Gobierno te autoriza poder estar en ese pa\u00eds para estudiar y trabajar hasta que obtengas un resoluci\u00f3n de tu caso, seg\u00fan los requisitos ya mencionados. <\/p>\t\t\t\t\t\t\t\t<\/div>\n\t\t\t\t\t<\/div>\n\t\t\t\t<\/div>\n\t\t<div data-particle_enable=\"false\" data-particle-mobile-disabled=\"false\" class=\"elementor-element elementor-element-171d909 e-flex e-con-boxed e-con e-parent\" data-id=\"171d909\" data-element_type=\"container\" data-e-type=\"container\">\n\t\t\t\t\t<div class=\"e-con-inner\">\n\t\t\t\t<div class=\"elementor-element elementor-element-c428024 elementor-widget elementor-widget-image\" data-id=\"c428024\" data-element_type=\"widget\" data-e-type=\"widget\" data-widget_type=\"image.default\">\n\t\t\t\t\t\t\t\t\t\t\t\t<figure class=\"wp-caption\">\n\t\t\t\t\t\t\t\t\t\t<img decoding=\"async\" width=\"768\" height=\"512\" src=\"https:\/\/soymigrante.com\/revista\/wp-content\/uploads\/2024\/09\/daca-soy-migrante4-1024x683.webp\" class=\"attachment-large size-large wp-image-9681\" alt=\"Joven pareja sonriendo y disfrutando juntos en un banco, mostrando felicidad y conexi\u00f3n en un entorno urbano, con camisetas con dise\u00f1o de la bandera de Estados Unidos, en el contexto de migraci\u00f3n y cultura estadounidense.\" srcset=\"https:\/\/soymigrante.com\/revista\/wp-content\/uploads\/2024\/09\/daca-soy-migrante4-1024x683.webp 1024w, https:\/\/soymigrante.com\/revista\/wp-content\/uploads\/2024\/09\/daca-soy-migrante4-300x200.webp 300w, https:\/\/soymigrante.com\/revista\/wp-content\/uploads\/2024\/09\/daca-soy-migrante4-768x512.webp 768w, https:\/\/soymigrante.com\/revista\/wp-content\/uploads\/2024\/09\/daca-soy-migrante4-1536x1024.jpg 1536w, https:\/\/soymigrante.com\/revista\/wp-content\/uploads\/2024\/09\/daca-soy-migrante4-2048x1365.jpg 2048w, https:\/\/soymigrante.com\/revista\/wp-content\/uploads\/2024\/09\/daca-soy-migrante4-750x500.webp 750w, https:\/\/soymigrante.com\/revista\/wp-content\/uploads\/2024\/09\/daca-soy-migrante4-1140x760.jpg 1140w, https:\/\/soymigrante.com\/revista\/wp-content\/uploads\/2024\/09\/daca-soy-migrante4-scaled.webp 1920w\" sizes=\"(max-width: 768px) 100vw, 768px\" title=\"daca soy migrante4 \u2013 SoyMigrante.com REVISTA\" \/>\t\t\t\t\t\t\t\t\t\t\t<figcaption class=\"widget-image-caption wp-caption-text\">Pareja joven disfrutando en un banco del parque, celebrando la diversidad, identidad y esp\u00edritu migrante en Espa\u00f1a, ilustrando temas de comunidad y cultura en la revista SoyMigrante.com REVISTA.<\/figcaption>\n\t\t\t\t\t\t\t\t\t\t<\/figure>\n\t\t\t\t\t\t\t\t\t<\/div>\n\t\t\t\t\t<\/div>\n\t\t\t\t<\/div>\n\t\t<div data-particle_enable=\"false\" data-particle-mobile-disabled=\"false\" class=\"elementor-element elementor-element-197f370 e-flex e-con-boxed e-con e-parent\" data-id=\"197f370\" data-element_type=\"container\" data-e-type=\"container\">\n\t\t\t\t\t<div class=\"e-con-inner\">\n\t\t\t\t<div class=\"elementor-element elementor-element-ac1e3d2 elementor-widget elementor-widget-heading\" data-id=\"ac1e3d2\" data-element_type=\"widget\" data-e-type=\"widget\" data-widget_type=\"heading.default\">\n\t\t\t\t\t<h3 class=\"elementor-heading-title elementor-size-default\">\u00bfHay exenci\u00f3n de tarifas para presentar el DACA o el EAD?<\/h3>\t\t\t\t<\/div>\n\t\t\t\t\t<\/div>\n\t\t\t\t<\/div>\n\t\t<div data-particle_enable=\"false\" data-particle-mobile-disabled=\"false\" class=\"elementor-element elementor-element-ec9012c e-flex e-con-boxed e-con e-parent\" data-id=\"ec9012c\" data-element_type=\"container\" data-e-type=\"container\">\n\t\t\t\t\t<div class=\"e-con-inner\">\n\t\t\t\t<div class=\"elementor-element elementor-element-480a02a elementor-invisible elementor-widget elementor-widget-text-editor\" data-id=\"480a02a\" data-element_type=\"widget\" data-e-type=\"widget\" data-settings=\"{&quot;_animation&quot;:&quot;fadeInRight&quot;}\" data-widget_type=\"text-editor.default\">\n\t\t\t\t\t\t\t\t\t<p>Solo si tu caso es uno de estos:<\/p><ul><li>No puedes auto cuidarte por una discapacidad seria o cr\u00f3nica y tu ingreso es menor del 150 por ciento del nivel de pobreza de Estados Unidos.<\/li><li>SI al momento de la petici\u00f3n has acumulado U$10 mil o m\u00e1s en deudas durante los \u00faltimos 12 meses como resultado de gastos m\u00e9dicos propios o de un familiar y estos no fueron reembolsados.<\/li><li>Si eres menor de edad y no tienes hogar, acogida o patrocinio de los padres.<\/li><\/ul>\t\t\t\t\t\t\t\t<\/div>\n\t\t\t\t\t<\/div>\n\t\t\t\t<\/div>\n\t\t<div data-particle_enable=\"false\" data-particle-mobile-disabled=\"false\" class=\"elementor-element elementor-element-7bc5772 e-flex e-con-boxed e-con e-parent\" data-id=\"7bc5772\" data-element_type=\"container\" data-e-type=\"container\">\n\t\t\t\t\t<div class=\"e-con-inner\">\n\t\t\t\t<div class=\"elementor-element elementor-element-3c9a7a6 elementor-widget elementor-widget-heading\" data-id=\"3c9a7a6\" data-element_type=\"widget\" data-e-type=\"widget\" data-widget_type=\"heading.default\">\n\t\t\t\t\t<h3 class=\"elementor-heading-title elementor-size-default\">\u00bfPuedes ser detenido si tienes el DACA o durante el proceso?<\/h3>\t\t\t\t<\/div>\n\t\t\t\t\t<\/div>\n\t\t\t\t<\/div>\n\t\t<div data-particle_enable=\"false\" data-particle-mobile-disabled=\"false\" class=\"elementor-element elementor-element-955cf5b e-flex e-con-boxed e-con e-parent\" data-id=\"955cf5b\" data-element_type=\"container\" data-e-type=\"container\">\n\t\t\t\t\t<div class=\"e-con-inner\">\n\t\t\t\t<div class=\"elementor-element elementor-element-00fcb63 elementor-invisible elementor-widget elementor-widget-text-editor\" data-id=\"00fcb63\" data-element_type=\"widget\" data-e-type=\"widget\" data-settings=\"{&quot;_animation&quot;:&quot;fadeInUp&quot;}\" data-widget_type=\"text-editor.default\">\n\t\t\t\t\t\t\t\t\t<p>Si agentes\u00a0<a href=\"https:\/\/soymigrante.com\/revista\/temor-y-rechazo-genera-proyecto-de-ley-antimigrantes-de-oklahoma\/\" target=\"_blank\" rel=\"noopener\">del ICE o CBP<\/a>\u00a0te detienen a pesar de cumplir con los requerimientos del DACA, se recomienda llamar inmediatamente al oficial de tu caso o la l\u00ednea directa de Reporte de Detenci\u00f3n e Informaci\u00f3n de ICE al 1-888-351-4024, para reportar la situaci\u00f3n.<\/p>\t\t\t\t\t\t\t\t<\/div>\n\t\t\t\t\t<\/div>\n\t\t\t\t<\/div>\n\t\t<div data-particle_enable=\"false\" data-particle-mobile-disabled=\"false\" class=\"elementor-element elementor-element-dc4f6e6 e-flex e-con-boxed e-con e-parent\" data-id=\"dc4f6e6\" data-element_type=\"container\" data-e-type=\"container\">\n\t\t\t\t\t<div class=\"e-con-inner\">\n\t\t\t\t<div class=\"elementor-element elementor-element-7de91b9 elementor-widget elementor-widget-image\" data-id=\"7de91b9\" data-element_type=\"widget\" data-e-type=\"widget\" data-widget_type=\"image.default\">\n\t\t\t\t\t\t\t\t\t\t\t\t<figure class=\"wp-caption\">\n\t\t\t\t\t\t\t\t\t\t<img loading=\"lazy\" decoding=\"async\" width=\"768\" height=\"768\" src=\"https:\/\/soymigrante.com\/revista\/wp-content\/uploads\/2024\/09\/daca-soy-migrante-scaled-e1727361660403-1024x1024.webp\" class=\"attachment-large size-large wp-image-9682\" alt=\"Estudiante universitario en toga y birrete se\u00f1alando con la mano, s\u00edmbolo de logro y \u00e9xito acad\u00e9mico en el contexto de migrantes y sue\u00f1os educativos.\" srcset=\"https:\/\/soymigrante.com\/revista\/wp-content\/uploads\/2024\/09\/daca-soy-migrante-scaled-e1727361660403-1024x1024.webp 1024w, https:\/\/soymigrante.com\/revista\/wp-content\/uploads\/2024\/09\/daca-soy-migrante-scaled-e1727361660403-300x300.webp 300w, https:\/\/soymigrante.com\/revista\/wp-content\/uploads\/2024\/09\/daca-soy-migrante-scaled-e1727361660403-150x150.webp 150w, https:\/\/soymigrante.com\/revista\/wp-content\/uploads\/2024\/09\/daca-soy-migrante-scaled-e1727361660403-768x768.webp 768w, https:\/\/soymigrante.com\/revista\/wp-content\/uploads\/2024\/09\/daca-soy-migrante-scaled-e1727361660403-75x75.webp 75w, https:\/\/soymigrante.com\/revista\/wp-content\/uploads\/2024\/09\/daca-soy-migrante-scaled-e1727361660403-750x750.webp 750w, https:\/\/soymigrante.com\/revista\/wp-content\/uploads\/2024\/09\/daca-soy-migrante-scaled-e1727361660403-1140x1140.webp 1140w, https:\/\/soymigrante.com\/revista\/wp-content\/uploads\/2024\/09\/daca-soy-migrante-scaled-e1727361660403.webp 1280w\" sizes=\"(max-width: 768px) 100vw, 768px\" title=\"young male pointing aside while holding clipboard in graduation gowncap and looking concentrated front view \u2013 SoyMigrante.com REVISTA\" \/>\t\t\t\t\t\t\t\t\t\t\t<figcaption class=\"widget-image-caption wp-caption-text\">Una imagen que representa a un joven graduado, preparado para afrontar nuevas etapas en su vida profesional, en el marco de temas de migraci\u00f3n, educaci\u00f3n y superaci\u00f3n personal.<\/figcaption>\n\t\t\t\t\t\t\t\t\t\t<\/figure>\n\t\t\t\t\t\t\t\t\t<\/div>\n\t\t\t\t\t<\/div>\n\t\t\t\t<\/div>\n\t\t<div data-particle_enable=\"false\" data-particle-mobile-disabled=\"false\" class=\"elementor-element elementor-element-e52492d e-flex e-con-boxed e-con e-parent\" data-id=\"e52492d\" data-element_type=\"container\" data-e-type=\"container\">\n\t\t\t\t\t<div class=\"e-con-inner\">\n\t\t\t\t<div class=\"elementor-element elementor-element-b71f67f elementor-widget elementor-widget-heading\" data-id=\"b71f67f\" data-element_type=\"widget\" data-e-type=\"widget\" data-widget_type=\"heading.default\">\n\t\t\t\t\t<h3 class=\"elementor-heading-title elementor-size-default\">\u00bfC\u00f3mo renovar el DACA y el EAD?<\/h3>\t\t\t\t<\/div>\n\t\t\t\t\t<\/div>\n\t\t\t\t<\/div>\n\t\t<div data-particle_enable=\"false\" data-particle-mobile-disabled=\"false\" class=\"elementor-element elementor-element-bf6ddb4 e-con-full e-flex e-con e-parent\" data-id=\"bf6ddb4\" data-element_type=\"container\" data-e-type=\"container\">\n\t\t\t\t<div class=\"elementor-element elementor-element-fa61fd5 elementor-invisible elementor-widget elementor-widget-text-editor\" data-id=\"fa61fd5\" data-element_type=\"widget\" data-e-type=\"widget\" data-settings=\"{&quot;_animation&quot;:&quot;zoomIn&quot;}\" data-widget_type=\"text-editor.default\">\n\t\t\t\t\t\t\t\t\t<p>Una vez cumplas con los requerimientos haz nuevamente tu petici\u00f3n. Al ser renovada, se te aprueban dos a\u00f1os m\u00e1s de acci\u00f3n diferida.\u00a0<\/p><p>En el caso del EAD, la USCIS recomienda renovar tu autorizaci\u00f3n de empleo entre 120 y 150 d\u00edas antes de la fecha de vencimiento, que aparece en su notificaci\u00f3n de aprobaci\u00f3n de DACA (Formulario I-797).<\/p>\t\t\t\t\t\t\t\t<\/div>\n\t\t\t\t<\/div>\n\t\t<div data-particle_enable=\"false\" data-particle-mobile-disabled=\"false\" class=\"elementor-element elementor-element-074fda7 e-flex e-con-boxed e-con e-parent\" data-id=\"074fda7\" data-element_type=\"container\" data-e-type=\"container\">\n\t\t\t\t\t<div class=\"e-con-inner\">\n\t\t\t\t<div class=\"elementor-element elementor-element-68c6187 elementor-widget elementor-widget-heading\" data-id=\"68c6187\" data-element_type=\"widget\" data-e-type=\"widget\" data-widget_type=\"heading.default\">\n\t\t\t\t\t<h3 class=\"elementor-heading-title elementor-size-default\">Lo que debes saber si vives en USA<\/h3>\t\t\t\t<\/div>\n\t\t\t\t\t<\/div>\n\t\t\t\t<\/div>\n\t\t<div data-particle_enable=\"false\" data-particle-mobile-disabled=\"false\" class=\"elementor-element elementor-element-39a8d90 e-flex e-con-boxed e-con e-parent\" data-id=\"39a8d90\" data-element_type=\"container\" data-e-type=\"container\">\n\t\t\t\t\t<div class=\"e-con-inner\">\n\t\t\t\t<div class=\"elementor-element elementor-element-9ba147c elementor-grid-eael-col-3 elementor-grid-tablet-eael-col-2 elementor-grid-mobile-eael-col-1 elementor-widget elementor-widget-eael-post-grid\" data-id=\"9ba147c\" data-element_type=\"widget\" data-e-type=\"widget\" data-settings=\"{&quot;eael_post_grid_columns&quot;:&quot;eael-col-3&quot;,&quot;eael_post_grid_columns_tablet&quot;:&quot;eael-col-2&quot;,&quot;eael_post_grid_columns_mobile&quot;:&quot;eael-col-1&quot;}\" data-widget_type=\"eael-post-grid.default\">\n\t\t\t\t\t<div id=\"eael-post-grid-9ba147c\" class=\"eael-post-grid-container\">\n            <div class=\"eael-post-grid eael-post-appender eael-post-appender-9ba147c eael-post-grid-style-one\" data-layout-mode=\"masonry\"><article class=\"eael-grid-post  eael-post-grid-column eael-pg-post-8245 category-recursos-migratorios\" data-id=\"8245\">\n        <div class=\"eael-grid-post-holder\">\n            <div class=\"eael-grid-post-holder-inner\"><div class=\"eael-entry-media\"><div class=\"eael-entry-overlay fade-in\"><i class=\"far fa-hand-pointer\" aria-hidden=\"true\"><\/i><a href=\"https:\/\/soymigrante.com\/revista\/ojo-habra-cambios-para-solicitar-visa-americana-en-guatemala\/\"><\/a><\/div><div class=\"eael-entry-thumbnail \">\n                <img loading=\"lazy\" decoding=\"async\" width=\"1024\" height=\"1024\" src=\"https:\/\/soymigrante.com\/revista\/wp-content\/uploads\/2024\/08\/Visa-mexicana-Soy-Migrante2-1-1024x1024.webp\" class=\"attachment-large size-large wp-image-8253\" alt=\"Ministerio de Relaciones Exteriores de Guatemala, documentos oficiales, imagen de pasaportes, servicio consular, identidad y ciudadan\u00eda guatemalteca.\" srcset=\"https:\/\/soymigrante.com\/revista\/wp-content\/uploads\/2024\/08\/Visa-mexicana-Soy-Migrante2-1-1024x1024.webp 1024w, https:\/\/soymigrante.com\/revista\/wp-content\/uploads\/2024\/08\/Visa-mexicana-Soy-Migrante2-1-300x300.webp 300w, https:\/\/soymigrante.com\/revista\/wp-content\/uploads\/2024\/08\/Visa-mexicana-Soy-Migrante2-1-150x150.webp 150w, https:\/\/soymigrante.com\/revista\/wp-content\/uploads\/2024\/08\/Visa-mexicana-Soy-Migrante2-1-768x768.webp 768w, https:\/\/soymigrante.com\/revista\/wp-content\/uploads\/2024\/08\/Visa-mexicana-Soy-Migrante2-1-75x75.webp 75w, https:\/\/soymigrante.com\/revista\/wp-content\/uploads\/2024\/08\/Visa-mexicana-Soy-Migrante2-1-750x750.webp 750w, https:\/\/soymigrante.com\/revista\/wp-content\/uploads\/2024\/08\/Visa-mexicana-Soy-Migrante2-1-1140x1140.webp 1140w, https:\/\/soymigrante.com\/revista\/wp-content\/uploads\/2024\/08\/Visa-mexicana-Soy-Migrante2-1.webp 1458w\" sizes=\"(max-width: 1024px) 100vw, 1024px\" \/>\n            <\/div>\n        <\/div><div class=\"eael-entry-wrapper\"><header class=\"eael-entry-header\"><h2 class=\"eael-entry-title\"><a class=\"eael-grid-post-link\" href=\"https:\/\/soymigrante.com\/revista\/ojo-habra-cambios-para-solicitar-visa-americana-en-guatemala\/\" title=\"\u00a1Ojo! Habr\u00e1 cambios para solicitar visa americana en Guatemala\">\u00a1Ojo! Habr\u00e1 cambios para solicitar visa americana en Guatemala<\/a><\/h2><\/header><div class=\"eael-entry-content\">\n                        <div class=\"eael-grid-post-excerpt\"><a href=\"https:\/\/soymigrante.com\/revista\/ojo-habra-cambios-para-solicitar-visa-americana-en-guatemala\/\" class=\"eael-post-elements-readmore-btn\">CONOCE SU HISTORIA <\/a><\/div>\n                    <\/div><\/div><\/div>\n        <\/div>\n    <\/article><article class=\"eael-grid-post  eael-post-grid-column eael-pg-post-7625 category-exitos\" data-id=\"7625\">\n        <div class=\"eael-grid-post-holder\">\n            <div class=\"eael-grid-post-holder-inner\"><div class=\"eael-entry-media\"><div class=\"eael-entry-overlay fade-in\"><i class=\"far fa-hand-pointer\" aria-hidden=\"true\"><\/i><a href=\"https:\/\/soymigrante.com\/revista\/elizabeth-calderon-un-tps-me-permitiria-abrazar-otra-vez-a-mis-hijos\/\"><\/a><\/div><div class=\"eael-entry-thumbnail \">\n                <img loading=\"lazy\" decoding=\"async\" width=\"403\" height=\"403\" src=\"https:\/\/soymigrante.com\/revista\/wp-content\/uploads\/2024\/07\/mrs-red-migrante-guatemalteca-2024-1-2.webp\" class=\"attachment-large size-large wp-image-7626\" alt=\"Joven con corona y banda de reina, en concurso de belleza cultural, luciendo vestimenta colorida y sonrisa radiante.\" srcset=\"https:\/\/soymigrante.com\/revista\/wp-content\/uploads\/2024\/07\/mrs-red-migrante-guatemalteca-2024-1-2.webp 403w, https:\/\/soymigrante.com\/revista\/wp-content\/uploads\/2024\/07\/mrs-red-migrante-guatemalteca-2024-1-2-300x300.webp 300w, https:\/\/soymigrante.com\/revista\/wp-content\/uploads\/2024\/07\/mrs-red-migrante-guatemalteca-2024-1-2-150x150.webp 150w, https:\/\/soymigrante.com\/revista\/wp-content\/uploads\/2024\/07\/mrs-red-migrante-guatemalteca-2024-1-2-75x75.webp 75w\" sizes=\"(max-width: 403px) 100vw, 403px\" \/>\n            <\/div>\n        <\/div><div class=\"eael-entry-wrapper\"><header class=\"eael-entry-header\"><h2 class=\"eael-entry-title\"><a class=\"eael-grid-post-link\" href=\"https:\/\/soymigrante.com\/revista\/elizabeth-calderon-un-tps-me-permitiria-abrazar-otra-vez-a-mis-hijos\/\" title=\"Mrs. Red Migrante Elizabeth Calder\u00f3n: &#8220;Con un TPS podr\u00eda abrazar otra vez a mis hijos&#8221;\">Mrs. Red Migrante Elizabeth Calder\u00f3n: &#8220;Con un TPS podr\u00eda abrazar otra vez a mis hijos&#8221;<\/a><\/h2><\/header><div class=\"eael-entry-content\">\n                        <div class=\"eael-grid-post-excerpt\"><a href=\"https:\/\/soymigrante.com\/revista\/elizabeth-calderon-un-tps-me-permitiria-abrazar-otra-vez-a-mis-hijos\/\" class=\"eael-post-elements-readmore-btn\">CONOCE SU HISTORIA <\/a><\/div>\n                    <\/div><\/div><\/div>\n        <\/div>\n    <\/article><article class=\"eael-grid-post  eael-post-grid-column eael-pg-post-1507 category-lugar-de-voces\" data-id=\"1507\">\n        <div class=\"eael-grid-post-holder\">\n            <div class=\"eael-grid-post-holder-inner\"><div class=\"eael-entry-media\"><div class=\"eael-entry-overlay fade-in\"><i class=\"far fa-hand-pointer\" aria-hidden=\"true\"><\/i><a href=\"https:\/\/soymigrante.com\/revista\/estados-unidos-amplia-tps-para-migrantes-de-3-paises-y-guatemaltecos-siguen-sin-lograr-ese-beneficio\/\"><\/a><\/div><div class=\"eael-entry-thumbnail \">\n                <img loading=\"lazy\" decoding=\"async\" width=\"751\" height=\"417\" src=\"https:\/\/soymigrante.com\/revista\/wp-content\/uploads\/2023\/06\/guatemala-tps-2.webp\" class=\"attachment-large size-large wp-image-1512\" alt=\"\" srcset=\"https:\/\/soymigrante.com\/revista\/wp-content\/uploads\/2023\/06\/guatemala-tps-2.webp 751w, https:\/\/soymigrante.com\/revista\/wp-content\/uploads\/2023\/06\/guatemala-tps-2-300x167.webp 300w\" sizes=\"(max-width: 751px) 100vw, 751px\" \/>\n            <\/div>\n        <\/div><div class=\"eael-entry-wrapper\"><header class=\"eael-entry-header\"><h2 class=\"eael-entry-title\"><a class=\"eael-grid-post-link\" href=\"https:\/\/soymigrante.com\/revista\/estados-unidos-amplia-tps-para-migrantes-de-3-paises-y-guatemaltecos-siguen-sin-lograr-ese-beneficio\/\" title=\"Estados Unidos ampl\u00eda TPS a migrantes de 3 pa\u00edses pero Guatemala sigue sin ese beneficio\">Estados Unidos ampl\u00eda TPS a migrantes de 3 pa\u00edses pero Guatemala sigue sin ese beneficio<\/a><\/h2><\/header><div class=\"eael-entry-content\">\n                        <div class=\"eael-grid-post-excerpt\"><a href=\"https:\/\/soymigrante.com\/revista\/estados-unidos-amplia-tps-para-migrantes-de-3-paises-y-guatemaltecos-siguen-sin-lograr-ese-beneficio\/\" class=\"eael-post-elements-readmore-btn\">CONOCE SU HISTORIA <\/a><\/div>\n                    <\/div><\/div><\/div>\n        <\/div>\n    <\/article><\/div>\n            <div class=\"clearfix\"><\/div>\n        <\/div>\t\t\t\t<\/div>\n\t\t\t\t\t<\/div>\n\t\t\t\t<\/div>\n\t\t\t\t<\/div>\n\t\t","protected":false},"excerpt":{"rendered":"<p>El \u201csue\u00f1o americano\u201d de muchos es llegar a USA, poder estudiar y trabajar para tener una mejor calidad de vida, pero hay retos que sobrepasar para alcanzarlo. Gracias al DACA, ni\u00f1os y ni\u00f1as que han so\u00f1ado con una oportunidad as\u00ed lo han logrado, pero no ha sido nada f\u00e1cil. Traemos a la memoria la historia [&hellip;]<\/p>\n","protected":false},"author":23,"featured_media":9682,"comment_status":"open","ping_status":"open","sticky":false,"template":"","format":"standard","meta":{"_acf_changed":true,"_eb_attr":"","footnotes":""},"categories":[59],"tags":[],"class_list":["post-9664","post","type-post","status-publish","format-standard","has-post-thumbnail","hentry","category-recursos-migratorios"],"acf":[],"aioseo_notices":[],"aioseo_head":"\n\t\t<!-- All in One SEO Pro 4.9.6.2 - aioseo.com -->\n\t<meta name=\"description\" content=\"Gobierno de Joe Biden extiende beneficio de TPS a El Salvador, Honduras, Nicaragua y Nepal, pero Guatemala sigue sin recibirlo pese a m\u00faltiples peticiones\" \/>\n\t<meta name=\"robots\" content=\"max-snippet:-1, max-image-preview:large, max-video-preview:-1\" \/>\n\t<meta name=\"author\" content=\"SoyMigrante.com REVISTA\"\/>\n\t<link rel=\"canonical\" href=\"https:\/\/soymigrante.com\/revista\/estados-unidos-amplia-tps-para-migrantes-de-3-paises-y-guatemaltecos-siguen-sin-lograr-ese-beneficio\/\" \/>\n\t<meta name=\"generator\" content=\"All in One SEO Pro (AIOSEO) 4.9.6.2\" \/>\n\n\t\t<link rel=\"preconnect\" href=\"https:\/\/fonts.googleapis.com\" crossorigin>\n<link rel=\"preconnect\" href=\"https:\/\/fonts.gstatic.com\" crossorigin>\n\t\t<meta property=\"og:locale\" content=\"es_ES\" \/>\n\t\t<meta property=\"og:site_name\" content=\"SoyMigrante.com REVISTA \u2013 Nuestra misi\u00f3n es reconocer y dignificar al migrante.\" \/>\n\t\t<meta property=\"og:type\" content=\"article\" \/>\n\t\t<meta property=\"og:title\" content=\"Estados Unidos ampl\u00eda TPS a migrantes de 3 pa\u00edses pero Guatemala sigue sin ese beneficio\" \/>\n\t\t<meta property=\"og:description\" content=\"Gobierno de Joe Biden extiende beneficio de TPS a El Salvador, Honduras, Nicaragua y Nepal, pero Guatemala sigue sin recibirlo pese a m\u00faltiples peticiones\" \/>\n\t\t<meta property=\"og:url\" content=\"https:\/\/soymigrante.com\/revista\/estados-unidos-amplia-tps-para-migrantes-de-3-paises-y-guatemaltecos-siguen-sin-lograr-ese-beneficio\/\" \/>\n\t\t<meta property=\"og:image\" content=\"https:\/\/soymigrante.com\/revista\/wp-content\/uploads\/2023\/06\/guatemala-tps-2.webp\" \/>\n\t\t<meta property=\"og:image:secure_url\" content=\"https:\/\/soymigrante.com\/revista\/wp-content\/uploads\/2023\/06\/guatemala-tps-2.webp\" \/>\n\t\t<meta property=\"og:image:width\" content=\"751\" \/>\n\t\t<meta property=\"og:image:height\" content=\"417\" \/>\n\t\t<meta property=\"article:published_time\" content=\"2023-06-20T21:44:30+00:00\" \/>\n\t\t<meta property=\"article:modified_time\" content=\"2024-07-31T21:37:12+00:00\" \/>\n\t\t<meta property=\"article:publisher\" content=\"https:\/\/www.facebook.com\/soymigrantecom\" \/>\n\t\t<meta name=\"twitter:card\" content=\"summary_large_image\" \/>\n\t\t<meta name=\"twitter:site\" content=\"@SoyMigrante_com\" \/>\n\t\t<meta name=\"twitter:title\" content=\"Estados Unidos ampl\u00eda TPS a migrantes de 3 pa\u00edses pero Guatemala sigue sin ese beneficio\" \/>\n\t\t<meta name=\"twitter:description\" content=\"Gobierno de Joe Biden extiende beneficio de TPS a El Salvador, Honduras, Nicaragua y Nepal, pero Guatemala sigue sin recibirlo pese a m\u00faltiples peticiones\" \/>\n\t\t<meta name=\"twitter:creator\" content=\"@SoyMigrante_com\" \/>\n\t\t<meta name=\"twitter:image\" content=\"https:\/\/soymigrante.com\/revista\/wp-content\/uploads\/2023\/06\/guatemala-tps-2.webp\" \/>\n\t\t<!-- All in One SEO Pro -->\r\n\t\t<title>Estados Unidos ampl\u00eda TPS a migrantes de 3 pa\u00edses pero Guatemala sigue sin ese beneficio<\/title>\n\n","aioseo_head_json":{"title":"Estados Unidos ampl\u00eda TPS a migrantes de 3 pa\u00edses pero Guatemala sigue sin ese beneficio","description":"Gobierno de Joe Biden extiende beneficio de TPS a El Salvador, Honduras, Nicaragua y Nepal, pero Guatemala sigue sin recibirlo pese a m\u00faltiples peticiones","canonical_url":"https:\/\/soymigrante.com\/revista\/estados-unidos-amplia-tps-para-migrantes-de-3-paises-y-guatemaltecos-siguen-sin-lograr-ese-beneficio\/","robots":"max-snippet:-1, max-image-preview:large, max-video-preview:-1","keywords":"","webmasterTools":{"miscellaneous":"&lt;link rel=\"preconnect\" href=\"https:\/\/fonts.googleapis.com\" crossorigin&gt;\n&lt;link rel=\"preconnect\" href=\"https:\/\/fonts.gstatic.com\" crossorigin&gt;"},"schema":null,"og:locale":"es_ES","og:site_name":"SoyMigrante.com REVISTA \u2013 Nuestra misi\u00f3n es reconocer y dignificar al migrante.","og:type":"article","og:title":"Estados Unidos ampl\u00eda TPS a migrantes de 3 pa\u00edses pero Guatemala sigue sin ese beneficio","og:description":"Gobierno de Joe Biden extiende beneficio de TPS a El Salvador, Honduras, Nicaragua y Nepal, pero Guatemala sigue sin recibirlo pese a m\u00faltiples peticiones","og:url":"https:\/\/soymigrante.com\/revista\/estados-unidos-amplia-tps-para-migrantes-de-3-paises-y-guatemaltecos-siguen-sin-lograr-ese-beneficio\/","og:image":"https:\/\/soymigrante.com\/revista\/wp-content\/uploads\/2023\/06\/guatemala-tps-2.webp","og:image:secure_url":"https:\/\/soymigrante.com\/revista\/wp-content\/uploads\/2023\/06\/guatemala-tps-2.webp","og:image:width":751,"og:image:height":417,"article:published_time":"2023-06-20T21:44:30+00:00","article:modified_time":"2024-07-31T21:37:12+00:00","article:publisher":"https:\/\/www.facebook.com\/soymigrantecom","twitter:card":"summary_large_image","twitter:site":"@SoyMigrante_com","twitter:title":"Estados Unidos ampl\u00eda TPS a migrantes de 3 pa\u00edses pero Guatemala sigue sin ese beneficio","twitter:description":"Gobierno de Joe Biden extiende beneficio de TPS a El Salvador, Honduras, Nicaragua y Nepal, pero Guatemala sigue sin recibirlo pese a m\u00faltiples peticiones","twitter:creator":"@SoyMigrante_com","twitter:image":"https:\/\/soymigrante.com\/revista\/wp-content\/uploads\/2023\/06\/guatemala-tps-2.webp"},"aioseo_meta_data":{"post_id":"9664","title":"Informaci\u00f3n que quiz\u00e1 no sab\u00edas (o tal vez s\u00ed) del DACA","description":"El \u201csue\u00f1o americano\u201d de muchos es llegar a USA, poder estudiar y trabajar para tener una mejor calidad de vida, pero hay retos que sobrepasar para alcanzarlo.","keywords":null,"keyphrases":{"focus":{"keyphrase":"DACA","score":82,"analysis":{"keyphraseInTitle":{"score":9,"maxScore":9,"error":0},"keyphraseInDescription":{"score":3,"maxScore":9,"error":1},"keyphraseLength":{"score":9,"maxScore":9,"error":0,"length":1},"keyphraseInURL":{"score":5,"maxScore":5,"error":0},"keyphraseInIntroduction":{"score":9,"maxScore":9,"error":0},"keyphraseInSubHeadings":{"score":9,"maxScore":9,"error":0},"keyphraseInImageAlt":{"score":3,"maxScore":9,"error":1},"keywordDensity":{"type":"best","score":9,"maxScore":9,"error":0}}},"additional":[]},"primary_term":null,"canonical_url":null,"og_title":null,"og_description":null,"og_object_type":"default","og_image_type":"default","og_image_url":null,"og_image_width":null,"og_image_height":null,"og_image_custom_url":null,"og_image_custom_fields":null,"og_video":"","og_custom_url":null,"og_article_section":null,"og_article_tags":null,"twitter_use_og":false,"twitter_card":"default","twitter_image_type":"default","twitter_image_url":null,"twitter_image_custom_url":null,"twitter_image_custom_fields":null,"twitter_title":null,"twitter_description":null,"schema":{"blockGraphs":[],"customGraphs":[],"default":{"data":{"Article":[],"Course":[],"Dataset":[],"FAQPage":[],"Movie":[],"Person":[],"Product":[],"ProductReview":[],"Car":[],"Recipe":[],"Service":[],"SoftwareApplication":[],"WebPage":[]},"graphName":"Article","isEnabled":true},"graphs":[]},"schema_type":"default","schema_type_options":null,"pillar_content":false,"robots_default":true,"robots_noindex":false,"robots_noarchive":false,"robots_nosnippet":false,"robots_nofollow":false,"robots_noimageindex":false,"robots_noodp":false,"robots_notranslate":false,"robots_max_snippet":"-1","robots_max_videopreview":"-1","robots_max_imagepreview":"large","priority":null,"frequency":"default","local_seo":null,"seo_analyzer_scan_date":"2025-10-08 23:21:41","breadcrumb_settings":null,"limit_modified_date":false,"reviewed_by":null,"open_ai":"{\"title\":{\"suggestions\":[],\"usage\":0},\"description\":{\"suggestions\":[],\"usage\":0}}","ai":null,"created":"2024-09-24 18:08:41","updated":"2026-02-04 14:01:16"},"aioseo_breadcrumb":"<div class=\"aioseo-breadcrumbs\"><span class=\"aioseo-breadcrumb\">\n\t<a href=\"https:\/\/soymigrante.com\/revista\" title=\"Home\">Home<\/a>\n<\/span><span class=\"aioseo-breadcrumb-separator\">\u00bb<\/span><span class=\"aioseo-breadcrumb\">\n\t<a href=\"https:\/\/soymigrante.com\/revista\/category\/recursos-migratorios\/\" title=\"Recursos Migratorios\">Recursos Migratorios<\/a>\n<\/span><span class=\"aioseo-breadcrumb-separator\">\u00bb<\/span><span class=\"aioseo-breadcrumb\">\n\tInformaci\u00f3n que quiz\u00e1 no sab\u00edas (o quer\u00edas compartir) sobre el DACA\n<\/span><\/div>","aioseo_breadcrumb_json":[{"label":"Home","link":"https:\/\/soymigrante.com\/revista"},{"label":"Recursos Migratorios","link":"https:\/\/soymigrante.com\/revista\/category\/recursos-migratorios\/"},{"label":"Informaci\u00f3n que quiz\u00e1 no sab\u00edas (o quer\u00edas compartir) sobre el DACA","link":"https:\/\/soymigrante.com\/revista\/informacion-que-quiza-no-sabias-o-querias-compartir-sobre-el-daca\/"}],"_links":{"self":[{"href":"https:\/\/soymigrante.com\/revista\/wp-json\/wp\/v2\/posts\/9664","targetHints":{"allow":["GET"]}}],"collection":[{"href":"https:\/\/soymigrante.com\/revista\/wp-json\/wp\/v2\/posts"}],"about":[{"href":"https:\/\/soymigrante.com\/revista\/wp-json\/wp\/v2\/types\/post"}],"author":[{"embeddable":true,"href":"https:\/\/soymigrante.com\/revista\/wp-json\/wp\/v2\/users\/23"}],"replies":[{"embeddable":true,"href":"https:\/\/soymigrante.com\/revista\/wp-json\/wp\/v2\/comments?post=9664"}],"version-history":[{"count":0,"href":"https:\/\/soymigrante.com\/revista\/wp-json\/wp\/v2\/posts\/9664\/revisions"}],"wp:featuredmedia":[{"embeddable":true,"href":"https:\/\/soymigrante.com\/revista\/wp-json\/wp\/v2\/media\/9682"}],"wp:attachment":[{"href":"https:\/\/soymigrante.com\/revista\/wp-json\/wp\/v2\/media?parent=9664"}],"wp:term":[{"taxonomy":"category","embeddable":true,"href":"https:\/\/soymigrante.com\/revista\/wp-json\/wp\/v2\/categories?post=9664"},{"taxonomy":"post_tag","embeddable":true,"href":"https:\/\/soymigrante.com\/revista\/wp-json\/wp\/v2\/tags?post=9664"}],"curies":[{"name":"wp","href":"https:\/\/api.w.org\/{rel}","templated":true}]}}