{"id":9658,"date":"2024-09-25T18:01:50","date_gmt":"2024-09-26T00:01:50","guid":{"rendered":"https:\/\/soymigrante.com\/revista\/?p=9658"},"modified":"2024-09-26T11:42:35","modified_gmt":"2024-09-26T17:42:35","slug":"en-verdad-existe-el-complejo-de-inferioridad-y-si-existe-como-salir","status":"publish","type":"post","link":"https:\/\/soymigrante.com\/revista\/en-verdad-existe-el-complejo-de-inferioridad-y-si-existe-como-salir\/","title":{"rendered":"\u00bfEn verdad existe el complejo de inferioridad y si existe c\u00f3mo salir?"},"content":{"rendered":"\t\t<div data-elementor-type=\"wp-post\" data-elementor-id=\"9658\" class=\"elementor elementor-9658\" data-elementor-post-type=\"post\">\n\t\t\t\t<div data-particle_enable=\"false\" data-particle-mobile-disabled=\"false\" class=\"elementor-element elementor-element-02db115 e-flex e-con-boxed e-con e-parent\" data-id=\"02db115\" data-element_type=\"container\" data-e-type=\"container\">\n\t\t\t\t\t<div class=\"e-con-inner\">\n\t\t\t\t<div class=\"elementor-element elementor-element-accc79d elementor-widget elementor-widget-heading\" data-id=\"accc79d\" data-element_type=\"widget\" data-e-type=\"widget\" data-widget_type=\"heading.default\">\n\t\t\t\t\t<h2 class=\"elementor-heading-title elementor-size-default\">El complejo de inferioridad es un fen\u00f3meno, com\u00fanmente entendido como la creencia de ser menos valioso o capaz que los dem\u00e1s, afecta a personas de todas las edades, clases sociales y profesiones.\n<\/h2>\t\t\t\t<\/div>\n\t\t\t\t\t<\/div>\n\t\t\t\t<\/div>\n\t\t<div data-particle_enable=\"false\" data-particle-mobile-disabled=\"false\" class=\"elementor-element elementor-element-57319df e-flex e-con-boxed e-con e-parent\" data-id=\"57319df\" data-element_type=\"container\" data-e-type=\"container\">\n\t\t\t\t\t<div class=\"e-con-inner\">\n\t\t\t\t<div class=\"elementor-element elementor-element-b7ecfe9 elementor-widget elementor-widget-text-editor\" data-id=\"b7ecfe9\" data-element_type=\"widget\" data-e-type=\"widget\" data-widget_type=\"text-editor.default\">\n\t\t\t\t\t\t\t\t\t<p>En un mundo cada vez m\u00e1s competitivo, la autoexigencia y las comparaciones constantes pueden convertirse en una trampa que nos arrastra a un profundo complejo de inferioridad. <a href=\"https:\/\/soymigrante.com\/revista\/a-veces-uno-se-enfada-pero-hay-que-calmarse-algunas-claves-para-mantener-serenidad\/\" target=\"_blank\" rel=\"noopener\">Superar este obst\u00e1culo no solo es posible<\/a>, sino necesario para una vida plena y satisfactoria.<\/p>\t\t\t\t\t\t\t\t<\/div>\n\t\t\t\t\t<\/div>\n\t\t\t\t<\/div>\n\t\t<div data-particle_enable=\"false\" data-particle-mobile-disabled=\"false\" class=\"elementor-element elementor-element-3b6e83b e-flex e-con-boxed e-con e-parent\" data-id=\"3b6e83b\" data-element_type=\"container\" data-e-type=\"container\">\n\t\t\t\t\t<div class=\"e-con-inner\">\n\t\t\t\t<div class=\"elementor-element elementor-element-f50984f elementor-widget elementor-widget-heading\" data-id=\"f50984f\" data-element_type=\"widget\" data-e-type=\"widget\" data-widget_type=\"heading.default\">\n\t\t\t\t\t<h3 class=\"elementor-heading-title elementor-size-default\">\u00bfQu\u00e9 es el complejo de inferioridad?<\/h3>\t\t\t\t<\/div>\n\t\t\t\t\t<\/div>\n\t\t\t\t<\/div>\n\t\t<div data-particle_enable=\"false\" data-particle-mobile-disabled=\"false\" class=\"elementor-element elementor-element-72a32d7 e-flex e-con-boxed e-con e-parent\" data-id=\"72a32d7\" data-element_type=\"container\" data-e-type=\"container\">\n\t\t\t\t\t<div class=\"e-con-inner\">\n\t\t\t\t<div class=\"elementor-element elementor-element-499dad9 elementor-widget elementor-widget-text-editor\" data-id=\"499dad9\" data-element_type=\"widget\" data-e-type=\"widget\" data-widget_type=\"text-editor.default\">\n\t\t\t\t\t\t\t\t\t<p>El t\u00e9rmino &#8220;complejo de inferioridad&#8221; fue acu\u00f1ado por el psic\u00f3logo austriaco Alfred Adler, quien lo describi\u00f3 como una sensaci\u00f3n persistente de insuficiencia o incapacidad frente a los dem\u00e1s. <a href=\"https:\/\/soymigrante.com\/revista\/a-veces-uno-se-enfada-pero-hay-que-calmarse-algunas-claves-para-mantener-serenidad\/\" target=\"_blank\" rel=\"noopener\">Para muchas personas, este complejo se manifiesta en pensamientos recurrentes de fracaso, inseguridad o la constante necesidad de aprobaci\u00f3n externa.<\/a><\/p><p>Estas sensaciones no son infundadas; a menudo, provienen de experiencias pasadas, de cr\u00edticas desmedidas o de un ambiente social que promueve ideales inalcanzables. La presi\u00f3n de los est\u00e1ndares de \u00e9xito, belleza o estatus pueden ser detonantes que alimentan esta percepci\u00f3n negativa de uno mismo.<\/p>\t\t\t\t\t\t\t\t<\/div>\n\t\t\t\t\t<\/div>\n\t\t\t\t<\/div>\n\t\t<div data-particle_enable=\"false\" data-particle-mobile-disabled=\"false\" class=\"elementor-element elementor-element-3975f80 e-flex e-con-boxed e-con e-parent\" data-id=\"3975f80\" data-element_type=\"container\" data-e-type=\"container\">\n\t\t\t\t\t<div class=\"e-con-inner\">\n\t\t\t\t<div class=\"elementor-element elementor-element-0a2b48f elementor-widget elementor-widget-heading\" data-id=\"0a2b48f\" data-element_type=\"widget\" data-e-type=\"widget\" data-widget_type=\"heading.default\">\n\t\t\t\t\t<h3 class=\"elementor-heading-title elementor-size-default\">El impacto en la vida cotidiana<\/h3>\t\t\t\t<\/div>\n\t\t\t\t\t<\/div>\n\t\t\t\t<\/div>\n\t\t<div data-particle_enable=\"false\" data-particle-mobile-disabled=\"false\" class=\"elementor-element elementor-element-b618570 e-flex e-con-boxed e-con e-parent\" data-id=\"b618570\" data-element_type=\"container\" data-e-type=\"container\">\n\t\t\t\t\t<div class=\"e-con-inner\">\n\t\t\t\t<div class=\"elementor-element elementor-element-ec0ea2a elementor-widget elementor-widget-text-editor\" data-id=\"ec0ea2a\" data-element_type=\"widget\" data-e-type=\"widget\" data-widget_type=\"text-editor.default\">\n\t\t\t\t\t\t\t\t\t<p>El complejo de inferioridad no es solo un estado mental, tiene repercusiones en m\u00faltiples aspectos de la vida. Desde limitar el desarrollo profesional hasta afectar las relaciones interpersonales, este complejo puede convertirse en una barrera para alcanzar metas y disfrutar de logros personales.<\/p><p>Aquellos que lo padecen a menudo evitan oportunidades por miedo al fracaso, desisten de proyectos importantes y se sienten incapaces de asumir desaf\u00edos que para otros pueden parecer sencillos. Adem\u00e1s, esta sensaci\u00f3n constante de inferioridad <a href=\"https:\/\/soymigrante.com\/revista\/a-veces-uno-se-enfada-pero-hay-que-calmarse-algunas-claves-para-mantener-serenidad\/\" target=\"_blank\" rel=\"noopener\">puede derivar en ansiedad, depresi\u00f3n y un deterioro general del bienestar emocional.<\/a><\/p>\t\t\t\t\t\t\t\t<\/div>\n\t\t\t\t\t<\/div>\n\t\t\t\t<\/div>\n\t\t<div data-particle_enable=\"false\" data-particle-mobile-disabled=\"false\" class=\"elementor-element elementor-element-619b5c7 e-flex e-con-boxed e-con e-parent\" data-id=\"619b5c7\" data-element_type=\"container\" data-e-type=\"container\">\n\t\t\t\t\t<div class=\"e-con-inner\">\n\t\t\t\t<div class=\"elementor-element elementor-element-99d7eed elementor-widget elementor-widget-image\" data-id=\"99d7eed\" data-element_type=\"widget\" data-e-type=\"widget\" data-widget_type=\"image.default\">\n\t\t\t\t\t\t\t\t\t\t\t\t\t\t\t<img fetchpriority=\"high\" decoding=\"async\" width=\"768\" height=\"518\" src=\"https:\/\/soymigrante.com\/revista\/wp-content\/uploads\/2024\/09\/Superar-el-complejo-de-inferioridad-la-ruta-a-la-felicidad-2-1024x691.webp\" class=\"attachment-large size-large wp-image-9660\" alt=\"Ansiedad y estr\u00e9s en mujeres adolescentes, conceptualizadas en un fondo gris, usando un su\u00e9ter con capucha de estilo divertido y enojada.\" srcset=\"https:\/\/soymigrante.com\/revista\/wp-content\/uploads\/2024\/09\/Superar-el-complejo-de-inferioridad-la-ruta-a-la-felicidad-2-1024x691.webp 1024w, https:\/\/soymigrante.com\/revista\/wp-content\/uploads\/2024\/09\/Superar-el-complejo-de-inferioridad-la-ruta-a-la-felicidad-2-300x203.webp 300w, https:\/\/soymigrante.com\/revista\/wp-content\/uploads\/2024\/09\/Superar-el-complejo-de-inferioridad-la-ruta-a-la-felicidad-2-768x518.webp 768w, https:\/\/soymigrante.com\/revista\/wp-content\/uploads\/2024\/09\/Superar-el-complejo-de-inferioridad-la-ruta-a-la-felicidad-2-750x506.webp 750w, https:\/\/soymigrante.com\/revista\/wp-content\/uploads\/2024\/09\/Superar-el-complejo-de-inferioridad-la-ruta-a-la-felicidad-2-1140x770.webp 1140w, https:\/\/soymigrante.com\/revista\/wp-content\/uploads\/2024\/09\/Superar-el-complejo-de-inferioridad-la-ruta-a-la-felicidad-2.webp 1280w\" sizes=\"(max-width: 768px) 100vw, 768px\" title=\"Superar el complejo de inferioridad la ruta a la felicidad 2 \u2013 SoyMigrante.com REVISTA\" \/>\t\t\t\t\t\t\t\t\t\t\t\t\t\t\t<\/div>\n\t\t\t\t\t<\/div>\n\t\t\t\t<\/div>\n\t\t<div data-particle_enable=\"false\" data-particle-mobile-disabled=\"false\" class=\"elementor-element elementor-element-f0ecb75 e-flex e-con-boxed e-con e-parent\" data-id=\"f0ecb75\" data-element_type=\"container\" data-e-type=\"container\">\n\t\t\t\t\t<div class=\"e-con-inner\">\n\t\t\t\t<div class=\"elementor-element elementor-element-f0c16fd elementor-widget elementor-widget-heading\" data-id=\"f0c16fd\" data-element_type=\"widget\" data-e-type=\"widget\" data-widget_type=\"heading.default\">\n\t\t\t\t\t<h3 class=\"elementor-heading-title elementor-size-default\">Claves para superar el complejo de inferioridad<\/h3>\t\t\t\t<\/div>\n\t\t\t\t\t<\/div>\n\t\t\t\t<\/div>\n\t\t<div data-particle_enable=\"false\" data-particle-mobile-disabled=\"false\" class=\"elementor-element elementor-element-9410472 e-flex e-con-boxed e-con e-parent\" data-id=\"9410472\" data-element_type=\"container\" data-e-type=\"container\">\n\t\t\t\t\t<div class=\"e-con-inner\">\n\t\t\t\t<div class=\"elementor-element elementor-element-09ead6d elementor-widget elementor-widget-text-editor\" data-id=\"09ead6d\" data-element_type=\"widget\" data-e-type=\"widget\" data-widget_type=\"text-editor.default\">\n\t\t\t\t\t\t\t\t\t<p>Afortunadamente, hay formas de hacer frente a este complejo y, con trabajo constante, liberarse de \u00e9l. Aqu\u00ed te presentamos algunas claves esenciales:<\/p>\t\t\t\t\t\t\t\t<\/div>\n\t\t\t\t\t<\/div>\n\t\t\t\t<\/div>\n\t\t<div data-particle_enable=\"false\" data-particle-mobile-disabled=\"false\" class=\"elementor-element elementor-element-2188d57 e-flex e-con-boxed e-con e-parent\" data-id=\"2188d57\" data-element_type=\"container\" data-e-type=\"container\">\n\t\t\t\t\t<div class=\"e-con-inner\">\n\t\t\t\t<div class=\"elementor-element elementor-element-c440add elementor-widget elementor-widget-text-editor\" data-id=\"c440add\" data-element_type=\"widget\" data-e-type=\"widget\" data-widget_type=\"text-editor.default\">\n\t\t\t\t\t\t\t\t\t<p><strong>1. Reconocer el problema:<\/strong> El primer paso para superar cualquier obst\u00e1culo es identificarlo. Reconocer que se sufre de un complejo de inferioridad es fundamental para comenzar a trabajar en \u00e9l. Muchas veces, este sentimiento est\u00e1 tan arraigado que pasa desapercibido o se justifica como &#8220;humildad&#8221; o &#8220;realismo&#8221;.<\/p>\t\t\t\t\t\t\t\t<\/div>\n\t\t\t\t\t<\/div>\n\t\t\t\t<\/div>\n\t\t<div data-particle_enable=\"false\" data-particle-mobile-disabled=\"false\" class=\"elementor-element elementor-element-af39329 e-flex e-con-boxed e-con e-parent\" data-id=\"af39329\" data-element_type=\"container\" data-e-type=\"container\">\n\t\t\t\t\t<div class=\"e-con-inner\">\n\t\t\t\t<div class=\"elementor-element elementor-element-2909b88 elementor-widget elementor-widget-text-editor\" data-id=\"2909b88\" data-element_type=\"widget\" data-e-type=\"widget\" data-widget_type=\"text-editor.default\">\n\t\t\t\t\t\t\t\t\t<p><strong>2. Compararse de manera consciente:<\/strong> La comparaci\u00f3n es uno de los principales motores del complejo de inferioridad. Sin embargo, en lugar de compararse con los dem\u00e1s de manera negativa, es importante recordar que cada persona tiene su propio ritmo y camino. Centrarse en los avances personales y celebrarlos, por peque\u00f1os que sean, puede ser una herramienta poderosa.<\/p>\t\t\t\t\t\t\t\t<\/div>\n\t\t\t\t\t<\/div>\n\t\t\t\t<\/div>\n\t\t<div data-particle_enable=\"false\" data-particle-mobile-disabled=\"false\" class=\"elementor-element elementor-element-b47ed46 e-flex e-con-boxed e-con e-parent\" data-id=\"b47ed46\" data-element_type=\"container\" data-e-type=\"container\">\n\t\t\t\t\t<div class=\"e-con-inner\">\n\t\t\t\t<div class=\"elementor-element elementor-element-a2e7ea7 elementor-widget elementor-widget-text-editor\" data-id=\"a2e7ea7\" data-element_type=\"widget\" data-e-type=\"widget\" data-widget_type=\"text-editor.default\">\n\t\t\t\t\t\t\t\t\t<p><strong>3. Desarrollar la autocompasi\u00f3n:<\/strong> La autocompasi\u00f3n implica tratarse a uno mismo con amabilidad y comprensi\u00f3n, en lugar de ser el peor cr\u00edtico. Esto no significa justificar errores o conformarse con menos, sino aprender a perdonarse por los fracasos y valorarse m\u00e1s all\u00e1 de los logros.<\/p>\t\t\t\t\t\t\t\t<\/div>\n\t\t\t\t\t<\/div>\n\t\t\t\t<\/div>\n\t\t<div data-particle_enable=\"false\" data-particle-mobile-disabled=\"false\" class=\"elementor-element elementor-element-4a4c42b e-flex e-con-boxed e-con e-parent\" data-id=\"4a4c42b\" data-element_type=\"container\" data-e-type=\"container\">\n\t\t\t\t\t<div class=\"e-con-inner\">\n\t\t\t\t<div class=\"elementor-element elementor-element-5afc0b6 elementor-widget elementor-widget-text-editor\" data-id=\"5afc0b6\" data-element_type=\"widget\" data-e-type=\"widget\" data-widget_type=\"text-editor.default\">\n\t\t\t\t\t\t\t\t\t<p><strong>4. Aceptar la imperfecci\u00f3n:<\/strong> Vivimos en una sociedad que promueve la perfecci\u00f3n, pero la realidad es que todos tenemos defectos y limitaciones. Aceptar que ser imperfecto es parte de la condici\u00f3n humana es liberador y permite enfocarse en el crecimiento personal en lugar de en las carencias.<\/p>\t\t\t\t\t\t\t\t<\/div>\n\t\t\t\t\t<\/div>\n\t\t\t\t<\/div>\n\t\t<div data-particle_enable=\"false\" data-particle-mobile-disabled=\"false\" class=\"elementor-element elementor-element-0dd0443 e-flex e-con-boxed e-con e-parent\" data-id=\"0dd0443\" data-element_type=\"container\" data-e-type=\"container\">\n\t\t\t\t\t<div class=\"e-con-inner\">\n\t\t\t\t<div class=\"elementor-element elementor-element-322f0cc elementor-widget elementor-widget-text-editor\" data-id=\"322f0cc\" data-element_type=\"widget\" data-e-type=\"widget\" data-widget_type=\"text-editor.default\">\n\t\t\t\t\t\t\t\t\t<p><strong>5. Establecer metas realistas:<\/strong> A veces, el complejo de inferioridad surge de expectativas poco realistas. <a href=\"https:\/\/soymigrante.com\/revista\/a-veces-uno-se-enfada-pero-hay-que-calmarse-algunas-claves-para-mantener-serenidad\/\" target=\"_blank\" rel=\"noopener\">Establecer metas alcanzables y disfrutar del proceso de lograrlas puede ayudar a construir una autoestima s\u00f3lida.<\/a><\/p>\t\t\t\t\t\t\t\t<\/div>\n\t\t\t\t\t<\/div>\n\t\t\t\t<\/div>\n\t\t<div data-particle_enable=\"false\" data-particle-mobile-disabled=\"false\" class=\"elementor-element elementor-element-da459bc e-flex e-con-boxed e-con e-parent\" data-id=\"da459bc\" data-element_type=\"container\" data-e-type=\"container\">\n\t\t\t\t\t<div class=\"e-con-inner\">\n\t\t\t\t<div class=\"elementor-element elementor-element-e33fb41 elementor-widget elementor-widget-text-editor\" data-id=\"e33fb41\" data-element_type=\"widget\" data-e-type=\"widget\" data-widget_type=\"text-editor.default\">\n\t\t\t\t\t\t\t\t\t<p><strong>6. Buscar ayuda profesional:<\/strong> En casos donde el complejo de inferioridad se convierte en una carga demasiado pesada, es recomendable acudir a un profesional. Terapeutas y psic\u00f3logos pueden ofrecer herramientas y estrategias espec\u00edficas para enfrentar y superar estos sentimientos.<\/p>\t\t\t\t\t\t\t\t<\/div>\n\t\t\t\t\t<\/div>\n\t\t\t\t<\/div>\n\t\t<div data-particle_enable=\"false\" data-particle-mobile-disabled=\"false\" class=\"elementor-element elementor-element-6a25667 e-flex e-con-boxed e-con e-parent\" data-id=\"6a25667\" data-element_type=\"container\" data-e-type=\"container\">\n\t\t\t\t\t<div class=\"e-con-inner\">\n\t\t\t\t<div class=\"elementor-element elementor-element-8eea7c7 elementor-widget elementor-widget-image\" data-id=\"8eea7c7\" data-element_type=\"widget\" data-e-type=\"widget\" data-widget_type=\"image.default\">\n\t\t\t\t\t\t\t\t\t\t\t\t\t\t\t<img decoding=\"async\" width=\"768\" height=\"576\" src=\"https:\/\/soymigrante.com\/revista\/wp-content\/uploads\/2024\/09\/Superar-el-complejo-de-inferioridad-la-ruta-a-la-felicidad3-1024x768.webp\" class=\"attachment-large size-large wp-image-9661\" alt=\"Nunca he podido viajar, me siento solo y con miedo.\" srcset=\"https:\/\/soymigrante.com\/revista\/wp-content\/uploads\/2024\/09\/Superar-el-complejo-de-inferioridad-la-ruta-a-la-felicidad3-1024x768.webp 1024w, https:\/\/soymigrante.com\/revista\/wp-content\/uploads\/2024\/09\/Superar-el-complejo-de-inferioridad-la-ruta-a-la-felicidad3-300x225.webp 300w, https:\/\/soymigrante.com\/revista\/wp-content\/uploads\/2024\/09\/Superar-el-complejo-de-inferioridad-la-ruta-a-la-felicidad3-768x576.webp 768w, https:\/\/soymigrante.com\/revista\/wp-content\/uploads\/2024\/09\/Superar-el-complejo-de-inferioridad-la-ruta-a-la-felicidad3-750x563.webp 750w, https:\/\/soymigrante.com\/revista\/wp-content\/uploads\/2024\/09\/Superar-el-complejo-de-inferioridad-la-ruta-a-la-felicidad3-1140x855.webp 1140w, https:\/\/soymigrante.com\/revista\/wp-content\/uploads\/2024\/09\/Superar-el-complejo-de-inferioridad-la-ruta-a-la-felicidad3.webp 1280w\" sizes=\"(max-width: 768px) 100vw, 768px\" title=\"Superar el complejo de inferioridad la ruta a la felicidad3 \u2013 SoyMigrante.com REVISTA\" \/>\t\t\t\t\t\t\t\t\t\t\t\t\t\t\t<\/div>\n\t\t\t\t\t<\/div>\n\t\t\t\t<\/div>\n\t\t<div data-particle_enable=\"false\" data-particle-mobile-disabled=\"false\" class=\"elementor-element elementor-element-3b6fc80 e-flex e-con-boxed e-con e-parent\" data-id=\"3b6fc80\" data-element_type=\"container\" data-e-type=\"container\">\n\t\t\t\t\t<div class=\"e-con-inner\">\n\t\t\t\t<div class=\"elementor-element elementor-element-ec60086 elementor-widget elementor-widget-heading\" data-id=\"ec60086\" data-element_type=\"widget\" data-e-type=\"widget\" data-widget_type=\"heading.default\">\n\t\t\t\t\t<h3 class=\"elementor-heading-title elementor-size-default\">Testimonios de superaci\u00f3n<\/h3>\t\t\t\t<\/div>\n\t\t\t\t\t<\/div>\n\t\t\t\t<\/div>\n\t\t<div data-particle_enable=\"false\" data-particle-mobile-disabled=\"false\" class=\"elementor-element elementor-element-29073df e-flex e-con-boxed e-con e-parent\" data-id=\"29073df\" data-element_type=\"container\" data-e-type=\"container\">\n\t\t\t\t\t<div class=\"e-con-inner\">\n\t\t\t\t<div class=\"elementor-element elementor-element-0751b58 elementor-widget elementor-widget-text-editor\" data-id=\"0751b58\" data-element_type=\"widget\" data-e-type=\"widget\" data-widget_type=\"text-editor.default\">\n\t\t\t\t\t\t\t\t\t<p>Mar\u00eda Fern\u00e1ndez, de 32 a\u00f1os, cuenta su experiencia: &#8220;Toda mi vida sent\u00ed que no era suficiente, que los dem\u00e1s eran mejores en todo. Me comparaba constantemente y siempre me sent\u00eda menos. Fue en terapia donde descubr\u00ed que mi valor no estaba en ser perfecta, sino en aceptarme tal como soy. Desde entonces, mi vida ha cambiado para bien&#8221;.<\/p><p>Historias como la de Mar\u00eda nos recuerdan que, aunque el complejo de inferioridad puede parecer un enemigo invencible, es posible superarlo. Con paciencia, autocompasi\u00f3n y las herramientas adecuadas, cualquier persona puede encontrar el camino hacia la autoaceptaci\u00f3n y una vida m\u00e1s plena.<\/p><p>Superar el complejo de inferioridad no es un proceso r\u00e1pido ni sencillo, pero es una batalla que vale la pena librar. En un mundo donde las comparaciones parecen inevitables, es importante recordar que el verdadero \u00e9xito reside en el autoconocimiento y la aceptaci\u00f3n personal. <a href=\"https:\/\/soymigrante.com\/revista\/a-veces-uno-se-enfada-pero-hay-que-calmarse-algunas-claves-para-mantener-serenidad\/\" target=\"_blank\" rel=\"noopener\">Al final del d\u00eda, todos somos dignos de respeto, amor y reconocimiento, empezando por el que nos damos a nosotros mismos.<\/a><\/p>\t\t\t\t\t\t\t\t<\/div>\n\t\t\t\t\t<\/div>\n\t\t\t\t<\/div>\n\t\t<div data-particle_enable=\"false\" data-particle-mobile-disabled=\"false\" class=\"elementor-element elementor-element-44485e8 e-flex e-con-boxed e-con e-parent\" data-id=\"44485e8\" data-element_type=\"container\" data-e-type=\"container\">\n\t\t\t\t\t<div class=\"e-con-inner\">\n\t\t\t\t<div class=\"elementor-element elementor-element-c1a33ab elementor-widget elementor-widget-video\" data-id=\"c1a33ab\" data-element_type=\"widget\" data-e-type=\"widget\" data-settings=\"{&quot;youtube_url&quot;:&quot;https:\\\/\\\/www.youtube.com\\\/watch?v=o6dAe1NeMR0&quot;,&quot;video_type&quot;:&quot;youtube&quot;,&quot;controls&quot;:&quot;yes&quot;}\" data-widget_type=\"video.default\">\n\t\t\t\t\t\t\t<div class=\"elementor-wrapper elementor-open-inline\">\n\t\t\t<div class=\"elementor-video\"><\/div>\t\t<\/div>\n\t\t\t\t\t\t<\/div>\n\t\t\t\t\t<\/div>\n\t\t\t\t<\/div>\n\t\t<div data-particle_enable=\"false\" data-particle-mobile-disabled=\"false\" class=\"elementor-element elementor-element-524845a e-flex e-con-boxed e-con e-parent\" data-id=\"524845a\" data-element_type=\"container\" data-e-type=\"container\">\n\t\t\t\t\t<div class=\"e-con-inner\">\n\t\t\t\t<div class=\"elementor-element elementor-element-80cc262 elementor-widget elementor-widget-heading\" data-id=\"80cc262\" data-element_type=\"widget\" data-e-type=\"widget\" data-widget_type=\"heading.default\">\n\t\t\t\t\t<h2 class=\"elementor-heading-title elementor-size-default\">Te puede interesar:<\/h2>\t\t\t\t<\/div>\n\t\t\t\t\t<\/div>\n\t\t\t\t<\/div>\n\t\t<div data-particle_enable=\"false\" data-particle-mobile-disabled=\"false\" class=\"elementor-element elementor-element-626cc76 e-flex e-con-boxed e-con e-parent\" data-id=\"626cc76\" data-element_type=\"container\" data-e-type=\"container\">\n\t\t\t\t\t<div class=\"e-con-inner\">\n\t\t\t\t<div class=\"elementor-element elementor-element-d588966 elementor-widget elementor-widget-blfe-post-grid\" data-id=\"d588966\" data-element_type=\"widget\" data-e-type=\"widget\" data-settings=\"{&quot;columns&quot;:&quot;3&quot;,&quot;columns_tablet&quot;:&quot;6&quot;,&quot;columns_mobile&quot;:&quot;12&quot;,&quot;hero1_layout_column_gap&quot;:{&quot;unit&quot;:&quot;px&quot;,&quot;size&quot;:30,&quot;sizes&quot;:[]},&quot;hero1_layout_column_gap_tablet&quot;:{&quot;unit&quot;:&quot;px&quot;,&quot;size&quot;:&quot;&quot;,&quot;sizes&quot;:[]},&quot;hero1_layout_column_gap_mobile&quot;:{&quot;unit&quot;:&quot;px&quot;,&quot;size&quot;:&quot;&quot;,&quot;sizes&quot;:[]},&quot;hero1_layout_row_gap&quot;:{&quot;unit&quot;:&quot;px&quot;,&quot;size&quot;:30,&quot;sizes&quot;:[]},&quot;hero1_layout_row_gap_tablet&quot;:{&quot;unit&quot;:&quot;px&quot;,&quot;size&quot;:&quot;&quot;,&quot;sizes&quot;:[]},&quot;hero1_layout_row_gap_mobile&quot;:{&quot;unit&quot;:&quot;px&quot;,&quot;size&quot;:&quot;&quot;,&quot;sizes&quot;:[]}}\" data-widget_type=\"blfe-post-grid.hero1\">\n\t\t\t\t<div class=\"elementor-widget-container\">\n\t\t\t\t\t\n                        <div class=\"blfe-post-grid-container \">\n            \n                <div data-skin=\"hero1\" class=\"blfe-row blfe-posts-inner blfe-hero1 blfe-posts-inner blfe-col-3 blfe-col-tab-6 blfe-col-mob-12     \">\n                            <div class=\"blfe-post-grid-item\">\n            <div class=\"blfe-post-grid-item-inner blfe-modern-zoom\">\n                        <div class=\"blfe-post-grid-bg-image\">\n            <a class=\"blfe-post-grid-image-inner\" href=\"https:\/\/soymigrante.com\/revista\/no-todos-pensamos-en-una-refaccion-saludable-pero-debemos\/\" title=\"No todos pensamos en una refacci\u00f3n saludable, pero debemos\" rel=\"nofollow\" target=\"_blank\"><img decoding=\"async\" src=\"https:\/\/soymigrante.com\/revista\/wp-content\/uploads\/2024\/08\/refaccion-saludable-en-el-trabajo-soy-migrante4-e1723753062880.webp\" alt=\"No todos pensamos en una refacci\u00f3n saludable, pero debemos\"\/><\/a>        <\/div>\n                        <div class=\"blfe-post-grid-details\">\n                    <div class=\"blfe-post-grid-details-inner\">\n                        <span class=\"blfe-post-category\"><a href=\"https:\/\/soymigrante.com\/revista\/category\/bienestar\/\">Bienestar<\/a><\/span>                        <h3 class=\"blfe-post-grid-title\">\n            <a href=\"https:\/\/soymigrante.com\/revista\/no-todos-pensamos-en-una-refaccion-saludable-pero-debemos\/\" title=\"No todos pensamos en una refacci\u00f3n saludable, pero debemos\" rel=\"nofollow\" target=\"_blank\">No todos pensamos en una refacci\u00f3n saludable, pero debemos<\/a>\n            <\/h3>                                                            <div class=\"blfe-post-grid-meta\">\n                <span class=\"blfe-post-grid-time\"><i class=\"fas fa-book-reader\"><\/i>4 Min read<\/span>            <\/div>\n                                                        <\/div>\n                <\/div>\n\n            <\/div>\n        <\/div>\n                <div class=\"blfe-post-grid-item\">\n            <div class=\"blfe-post-grid-item-inner blfe-modern-zoom\">\n                        <div class=\"blfe-post-grid-bg-image\">\n            <a class=\"blfe-post-grid-image-inner\" href=\"https:\/\/soymigrante.com\/revista\/como-detectar-y-prevenir-acoso-escolar-bullying-contra-ninos-migrantes\/\" title=\"Como detectar y prevenir el acoso escolar o bullying (y c\u00f3mo actuar)\" rel=\"nofollow\" target=\"_blank\"><img decoding=\"async\" src=\"https:\/\/soymigrante.com\/revista\/wp-content\/uploads\/2024\/09\/Como-reaccionar-y-que-hacer-ante-el-bullying-para-ninos-migrantes--e1727471973543.webp\" alt=\"Como detectar y prevenir el acoso escolar o bullying (y c\u00f3mo actuar)\"\/><\/a>        <\/div>\n                        <div class=\"blfe-post-grid-details\">\n                    <div class=\"blfe-post-grid-details-inner\">\n                        <span class=\"blfe-post-category\"><a href=\"https:\/\/soymigrante.com\/revista\/category\/bienestar\/\">Bienestar<\/a><\/span>                        <h3 class=\"blfe-post-grid-title\">\n            <a href=\"https:\/\/soymigrante.com\/revista\/como-detectar-y-prevenir-acoso-escolar-bullying-contra-ninos-migrantes\/\" title=\"Como detectar y prevenir el acoso escolar o bullying (y c\u00f3mo actuar)\" rel=\"nofollow\" target=\"_blank\">Como detectar y prevenir el acoso escolar o bullying (y c\u00f3mo actuar)<\/a>\n            <\/h3>                                                            <div class=\"blfe-post-grid-meta\">\n                <span class=\"blfe-post-grid-time\"><i class=\"fas fa-book-reader\"><\/i>5 Min read<\/span>            <\/div>\n                                                        <\/div>\n                <\/div>\n\n            <\/div>\n        <\/div>\n                <div class=\"blfe-post-grid-item\">\n            <div class=\"blfe-post-grid-item-inner blfe-modern-zoom\">\n                        <div class=\"blfe-post-grid-bg-image\">\n            <a class=\"blfe-post-grid-image-inner\" href=\"https:\/\/soymigrante.com\/revista\/la-verguenza-es-un-obstaculo-innecesario-en-la-vida\/\" title=\"La verg\u00fcenza puede convertirse en un obst\u00e1culo social\" rel=\"nofollow\" target=\"_blank\"><img decoding=\"async\" src=\"https:\/\/soymigrante.com\/revista\/wp-content\/uploads\/2024\/10\/La-verguenza-un-obstaculo-innecesario-en-la-vida-1-scaled-e1729101204579.webp\" alt=\"La verg\u00fcenza puede convertirse en un obst\u00e1culo social\"\/><\/a>        <\/div>\n                        <div class=\"blfe-post-grid-details\">\n                    <div class=\"blfe-post-grid-details-inner\">\n                        <span class=\"blfe-post-category\"><a href=\"https:\/\/soymigrante.com\/revista\/category\/bienestar\/\">Bienestar<\/a><\/span>                        <h3 class=\"blfe-post-grid-title\">\n            <a href=\"https:\/\/soymigrante.com\/revista\/la-verguenza-es-un-obstaculo-innecesario-en-la-vida\/\" title=\"La verg\u00fcenza puede convertirse en un obst\u00e1culo social\" rel=\"nofollow\" target=\"_blank\">La verg\u00fcenza puede convertirse en un obst\u00e1culo social<\/a>\n            <\/h3>                                                            <div class=\"blfe-post-grid-meta\">\n                <span class=\"blfe-post-grid-time\"><i class=\"fas fa-book-reader\"><\/i>4 Min read<\/span>            <\/div>\n                                                        <\/div>\n                <\/div>\n\n            <\/div>\n        <\/div>\n                        <\/div>\n\n                        <\/div>\n            \n                        <div class=\"blfe-post-footer\">\n                        <\/div>\n            \t\t\t\t<\/div>\n\t\t\t\t<\/div>\n\t\t\t\t\t<\/div>\n\t\t\t\t<\/div>\n\t\t\t\t<\/div>\n\t\t","protected":false},"excerpt":{"rendered":"<p>El complejo de inferioridad es un fen\u00f3meno, com\u00fanmente entendido como la creencia de ser menos valioso o capaz que los dem\u00e1s, afecta a personas de todas las edades, clases sociales y profesiones. En un mundo cada vez m\u00e1s competitivo, la autoexigencia y las comparaciones constantes pueden convertirse en una trampa que nos arrastra a un [&hellip;]<\/p>\n","protected":false},"author":19,"featured_media":9659,"comment_status":"open","ping_status":"open","sticky":false,"template":"","format":"standard","meta":{"_acf_changed":false,"_eb_attr":"","footnotes":""},"categories":[55],"tags":[],"class_list":["post-9658","post","type-post","status-publish","format-standard","has-post-thumbnail","hentry","category-bienestar"],"acf":[],"aioseo_notices":[],"aioseo_head":"\n\t\t<!-- All in One SEO Pro 4.9.6.2 - aioseo.com -->\n\t<meta name=\"description\" content=\"La verg\u00fcenza tiene su origen en cierto sentido de autoprotecci\u00f3n o en algunos miedos aprendidos. Sin embargo, si no se le controla puede dificultar la vida social.\" \/>\n\t<meta name=\"robots\" content=\"max-snippet:-1, max-image-preview:large, max-video-preview:-1\" \/>\n\t<meta name=\"author\" content=\"Marysabel Aldana\"\/>\n\t<link rel=\"canonical\" href=\"https:\/\/soymigrante.com\/revista\/la-verguenza-es-un-obstaculo-innecesario-en-la-vida\/\" \/>\n\t<meta name=\"generator\" content=\"All in One SEO Pro (AIOSEO) 4.9.6.2\" \/>\n\n\t\t<link rel=\"preconnect\" href=\"https:\/\/fonts.googleapis.com\" crossorigin>\n<link rel=\"preconnect\" href=\"https:\/\/fonts.gstatic.com\" crossorigin>\n\t\t<meta property=\"og:locale\" content=\"es_ES\" \/>\n\t\t<meta property=\"og:site_name\" content=\"SoyMigrante.com REVISTA \u2013 Nuestra misi\u00f3n es reconocer y dignificar al migrante.\" \/>\n\t\t<meta property=\"og:type\" content=\"article\" \/>\n\t\t<meta property=\"og:title\" content=\"La verg\u00fcenza puede convertirse en un obst\u00e1culo social\" \/>\n\t\t<meta property=\"og:description\" content=\"La verg\u00fcenza tiene su origen en cierto sentido de autoprotecci\u00f3n o en algunos miedos aprendidos. Sin embargo, si no se le controla puede dificultar la vida social.\" \/>\n\t\t<meta property=\"og:url\" content=\"https:\/\/soymigrante.com\/revista\/la-verguenza-es-un-obstaculo-innecesario-en-la-vida\/\" \/>\n\t\t<meta property=\"og:image\" content=\"https:\/\/soymigrante.com\/revista\/wp-content\/uploads\/2024\/10\/La-verguenza-un-obstaculo-innecesario-en-la-vida-1-scaled-e1729101204579.webp\" \/>\n\t\t<meta property=\"og:image:secure_url\" content=\"https:\/\/soymigrante.com\/revista\/wp-content\/uploads\/2024\/10\/La-verguenza-un-obstaculo-innecesario-en-la-vida-1-scaled-e1729101204579.webp\" \/>\n\t\t<meta property=\"og:image:width\" content=\"1920\" \/>\n\t\t<meta property=\"og:image:height\" content=\"1282\" \/>\n\t\t<meta property=\"article:published_time\" content=\"2024-10-18T16:14:11+00:00\" \/>\n\t\t<meta property=\"article:modified_time\" content=\"2024-11-01T19:59:58+00:00\" \/>\n\t\t<meta property=\"article:publisher\" content=\"https:\/\/www.facebook.com\/soymigrantecom\" \/>\n\t\t<meta name=\"twitter:card\" content=\"summary_large_image\" \/>\n\t\t<meta name=\"twitter:site\" content=\"@SoyMigrante_com\" \/>\n\t\t<meta name=\"twitter:title\" content=\"La verg\u00fcenza puede convertirse en un obst\u00e1culo social\" \/>\n\t\t<meta name=\"twitter:description\" content=\"La verg\u00fcenza tiene su origen en cierto sentido de autoprotecci\u00f3n o en algunos miedos aprendidos. Sin embargo, si no se le controla puede dificultar la vida social.\" \/>\n\t\t<meta name=\"twitter:creator\" content=\"@SoyMigrante_com\" \/>\n\t\t<meta name=\"twitter:image\" content=\"https:\/\/soymigrante.com\/revista\/wp-content\/uploads\/2024\/10\/La-verguenza-un-obstaculo-innecesario-en-la-vida-1-scaled-e1729101204579.webp\" \/>\n\t\t<!-- All in One SEO Pro -->\r\n\t\t<title>La verg\u00fcenza puede convertirse en un obst\u00e1culo social<\/title>\n\n","aioseo_head_json":{"title":"La verg\u00fcenza puede convertirse en un obst\u00e1culo social","description":"La verg\u00fcenza tiene su origen en cierto sentido de autoprotecci\u00f3n o en algunos miedos aprendidos. Sin embargo, si no se le controla puede dificultar la vida social.","canonical_url":"https:\/\/soymigrante.com\/revista\/la-verguenza-es-un-obstaculo-innecesario-en-la-vida\/","robots":"max-snippet:-1, max-image-preview:large, max-video-preview:-1","keywords":"","webmasterTools":{"miscellaneous":"&lt;link rel=\"preconnect\" href=\"https:\/\/fonts.googleapis.com\" crossorigin&gt;\n&lt;link rel=\"preconnect\" href=\"https:\/\/fonts.gstatic.com\" crossorigin&gt;"},"schema":null,"og:locale":"es_ES","og:site_name":"SoyMigrante.com REVISTA \u2013 Nuestra misi\u00f3n es reconocer y dignificar al migrante.","og:type":"article","og:title":"La verg\u00fcenza puede convertirse en un obst\u00e1culo social","og:description":"La verg\u00fcenza tiene su origen en cierto sentido de autoprotecci\u00f3n o en algunos miedos aprendidos. Sin embargo, si no se le controla puede dificultar la vida social.","og:url":"https:\/\/soymigrante.com\/revista\/la-verguenza-es-un-obstaculo-innecesario-en-la-vida\/","og:image":"https:\/\/soymigrante.com\/revista\/wp-content\/uploads\/2024\/10\/La-verguenza-un-obstaculo-innecesario-en-la-vida-1-scaled-e1729101204579.webp","og:image:secure_url":"https:\/\/soymigrante.com\/revista\/wp-content\/uploads\/2024\/10\/La-verguenza-un-obstaculo-innecesario-en-la-vida-1-scaled-e1729101204579.webp","og:image:width":1920,"og:image:height":1282,"article:published_time":"2024-10-18T16:14:11+00:00","article:modified_time":"2024-11-01T19:59:58+00:00","article:publisher":"https:\/\/www.facebook.com\/soymigrantecom","twitter:card":"summary_large_image","twitter:site":"@SoyMigrante_com","twitter:title":"La verg\u00fcenza puede convertirse en un obst\u00e1culo social","twitter:description":"La verg\u00fcenza tiene su origen en cierto sentido de autoprotecci\u00f3n o en algunos miedos aprendidos. Sin embargo, si no se le controla puede dificultar la vida social.","twitter:creator":"@SoyMigrante_com","twitter:image":"https:\/\/soymigrante.com\/revista\/wp-content\/uploads\/2024\/10\/La-verguenza-un-obstaculo-innecesario-en-la-vida-1-scaled-e1729101204579.webp"},"aioseo_meta_data":{"post_id":"9658","title":null,"description":"Esa molesta sensaci\u00f3n de que otros son mejores de una u otra forma es un patr\u00f3n de comparaci\u00f3n que a menudo ignora fortalezas y valores propios y reales.","keywords":null,"keyphrases":{"focus":{"keyphrase":"inferioridad","score":91,"analysis":{"keyphraseInTitle":{"score":9,"maxScore":9,"error":0},"keyphraseInDescription":{"score":3,"maxScore":9,"error":1},"keyphraseLength":{"score":9,"maxScore":9,"error":0,"length":1},"keyphraseInURL":{"score":5,"maxScore":5,"error":0},"keyphraseInIntroduction":{"score":9,"maxScore":9,"error":0},"keyphraseInSubHeadings":{"score":9,"maxScore":9,"error":0},"keyphraseInImageAlt":{"score":9,"maxScore":9,"error":0},"keywordDensity":{"type":"best","score":9,"maxScore":9,"error":0}}},"additional":[{"keyphrase":"inferioridad","score":87,"analysis":{"keyphraseInDescription":{"score":3,"maxScore":9,"error":1},"keyphraseLength":{"score":9,"maxScore":9,"error":0,"length":1},"keyphraseInIntroduction":{"score":9,"maxScore":9,"error":0},"keyphraseInImageAlt":{"score":9,"maxScore":9,"error":0},"keywordDensity":{"type":"best","score":9,"maxScore":9,"error":0}}},{"keyphrase":"felicidad","score":53,"analysis":{"keyphraseInDescription":{"score":3,"maxScore":9,"error":1},"keyphraseLength":{"score":9,"maxScore":9,"error":0,"length":1},"keyphraseInIntroduction":{"score":3,"maxScore":9,"error":1},"keyphraseInImageAlt":{"score":9,"maxScore":9,"error":0},"keywordDensity":{"score":0,"type":"low","maxScore":9,"error":1}}}]},"primary_term":null,"canonical_url":null,"og_title":null,"og_description":null,"og_object_type":"default","og_image_type":"default","og_image_url":null,"og_image_width":null,"og_image_height":null,"og_image_custom_url":null,"og_image_custom_fields":null,"og_video":"","og_custom_url":null,"og_article_section":null,"og_article_tags":null,"twitter_use_og":false,"twitter_card":"default","twitter_image_type":"default","twitter_image_url":null,"twitter_image_custom_url":null,"twitter_image_custom_fields":null,"twitter_title":null,"twitter_description":null,"schema":{"blockGraphs":[],"customGraphs":[],"default":{"data":{"Article":[],"Course":[],"Dataset":[],"FAQPage":[],"Movie":[],"Person":[],"Product":[],"ProductReview":[],"Car":[],"Recipe":[],"Service":[],"SoftwareApplication":[],"WebPage":[]},"graphName":"Article","isEnabled":true},"graphs":[]},"schema_type":"default","schema_type_options":null,"pillar_content":false,"robots_default":true,"robots_noindex":false,"robots_noarchive":false,"robots_nosnippet":false,"robots_nofollow":false,"robots_noimageindex":false,"robots_noodp":false,"robots_notranslate":false,"robots_max_snippet":"-1","robots_max_videopreview":"-1","robots_max_imagepreview":"large","priority":null,"frequency":"default","local_seo":null,"seo_analyzer_scan_date":"2025-10-08 23:21:39","breadcrumb_settings":null,"limit_modified_date":false,"reviewed_by":null,"open_ai":"{\"title\":{\"suggestions\":[],\"usage\":0},\"description\":{\"suggestions\":[],\"usage\":0}}","ai":null,"created":"2024-09-24 17:23:37","updated":"2026-02-04 13:36:46"},"aioseo_breadcrumb":"<div class=\"aioseo-breadcrumbs\"><span class=\"aioseo-breadcrumb\">\n\t<a href=\"https:\/\/soymigrante.com\/revista\" title=\"Home\">Home<\/a>\n<\/span><span class=\"aioseo-breadcrumb-separator\">\u00bb<\/span><span class=\"aioseo-breadcrumb\">\n\t<a href=\"https:\/\/soymigrante.com\/revista\/category\/bienestar\/\" title=\"Bienestar\">Bienestar<\/a>\n<\/span><span class=\"aioseo-breadcrumb-separator\">\u00bb<\/span><span class=\"aioseo-breadcrumb\">\n\t\u00bfEn verdad existe el complejo de inferioridad y si existe c\u00f3mo salir?\n<\/span><\/div>","aioseo_breadcrumb_json":[{"label":"Home","link":"https:\/\/soymigrante.com\/revista"},{"label":"Bienestar","link":"https:\/\/soymigrante.com\/revista\/category\/bienestar\/"},{"label":"\u00bfEn verdad existe el complejo de inferioridad y si existe c\u00f3mo salir?","link":"https:\/\/soymigrante.com\/revista\/en-verdad-existe-el-complejo-de-inferioridad-y-si-existe-como-salir\/"}],"_links":{"self":[{"href":"https:\/\/soymigrante.com\/revista\/wp-json\/wp\/v2\/posts\/9658","targetHints":{"allow":["GET"]}}],"collection":[{"href":"https:\/\/soymigrante.com\/revista\/wp-json\/wp\/v2\/posts"}],"about":[{"href":"https:\/\/soymigrante.com\/revista\/wp-json\/wp\/v2\/types\/post"}],"author":[{"embeddable":true,"href":"https:\/\/soymigrante.com\/revista\/wp-json\/wp\/v2\/users\/19"}],"replies":[{"embeddable":true,"href":"https:\/\/soymigrante.com\/revista\/wp-json\/wp\/v2\/comments?post=9658"}],"version-history":[{"count":0,"href":"https:\/\/soymigrante.com\/revista\/wp-json\/wp\/v2\/posts\/9658\/revisions"}],"wp:featuredmedia":[{"embeddable":true,"href":"https:\/\/soymigrante.com\/revista\/wp-json\/wp\/v2\/media\/9659"}],"wp:attachment":[{"href":"https:\/\/soymigrante.com\/revista\/wp-json\/wp\/v2\/media?parent=9658"}],"wp:term":[{"taxonomy":"category","embeddable":true,"href":"https:\/\/soymigrante.com\/revista\/wp-json\/wp\/v2\/categories?post=9658"},{"taxonomy":"post_tag","embeddable":true,"href":"https:\/\/soymigrante.com\/revista\/wp-json\/wp\/v2\/tags?post=9658"}],"curies":[{"name":"wp","href":"https:\/\/api.w.org\/{rel}","templated":true}]}}