{"id":9652,"date":"2024-09-23T18:13:00","date_gmt":"2024-09-24T00:13:00","guid":{"rendered":"https:\/\/soymigrante.com\/revista\/?p=9652"},"modified":"2024-09-23T18:19:46","modified_gmt":"2024-09-24T00:19:46","slug":"union-fortaleza-y-alegria-en-el-desfile-de-la-herencia-hispana-en-queens-new-york","status":"publish","type":"post","link":"https:\/\/soymigrante.com\/revista\/union-fortaleza-y-alegria-en-el-desfile-de-la-herencia-hispana-en-queens-new-york\/","title":{"rendered":"Uni\u00f3n, fortaleza y alegr\u00eda en el Desfile de la Herencia Hispana en Queens, New York"},"content":{"rendered":"\t\t<div data-elementor-type=\"wp-post\" data-elementor-id=\"9652\" class=\"elementor elementor-9652\" data-elementor-post-type=\"post\">\n\t\t\t\t<div data-particle_enable=\"false\" data-particle-mobile-disabled=\"false\" class=\"elementor-element elementor-element-791886d e-flex e-con-boxed e-con e-parent\" data-id=\"791886d\" data-element_type=\"container\" data-e-type=\"container\">\n\t\t\t\t\t<div class=\"e-con-inner\">\n\t\t\t\t<div class=\"elementor-element elementor-element-13c6e6f elementor-widget elementor-widget-heading\" data-id=\"13c6e6f\" data-element_type=\"widget\" data-e-type=\"widget\" data-widget_type=\"heading.default\">\n\t\t\t\t\t<h2 class=\"elementor-heading-title elementor-size-default\">El conductor guatemalteco Juan Valdez particip\u00f3 en el Desfile de la Herencia Hispana de Queens, Nueva York. Fue invitado como presentador oficial del evento, en el cual brill\u00f3 el entusiasmo, la hermandad y la energ\u00eda de los latinoamericanos en USA. As\u00ed lo cuenta.<\/h2>\t\t\t\t<\/div>\n\t\t\t\t\t<\/div>\n\t\t\t\t<\/div>\n\t\t<div data-particle_enable=\"false\" data-particle-mobile-disabled=\"false\" class=\"elementor-element elementor-element-781c90f e-flex e-con-boxed e-con e-parent\" data-id=\"781c90f\" data-element_type=\"container\" data-e-type=\"container\">\n\t\t\t\t\t<div class=\"e-con-inner\">\n\t\t\t\t<div class=\"elementor-element elementor-element-4c96e15 elementor-widget elementor-widget-text-editor\" data-id=\"4c96e15\" data-element_type=\"widget\" data-e-type=\"widget\" data-widget_type=\"text-editor.default\">\n\t\t\t\t\t\t\t\t\t<p><b>Por Juan Valdez<\/b><\/p>\t\t\t\t\t\t\t\t<\/div>\n\t\t\t\t\t<\/div>\n\t\t\t\t<\/div>\n\t\t<div data-particle_enable=\"false\" data-particle-mobile-disabled=\"false\" class=\"elementor-element elementor-element-6f674df e-flex e-con-boxed e-con e-parent\" data-id=\"6f674df\" data-element_type=\"container\" data-e-type=\"container\">\n\t\t\t\t\t<div class=\"e-con-inner\">\n\t\t\t\t<div class=\"elementor-element elementor-element-067715d elementor-widget elementor-widget-text-editor\" data-id=\"067715d\" data-element_type=\"widget\" data-e-type=\"widget\" data-widget_type=\"text-editor.default\">\n\t\t\t\t\t\t\t\t\t<p>El Desfile Hispano de Queens en su edici\u00f3n n\u00famero 48, el domingo 22 de septiembre de 2024, fue una ocasi\u00f3n de encuentro y alegr\u00eda, de festejar la hermandad compartida a trav\u00e9s de un idioma com\u00fan: el espa\u00f1ol, en un gran pa\u00eds de oportunidades como lo es Estados Unidos.&nbsp;<\/p><p>Guatemala hizo historia con su participaci\u00f3n y fue un&nbsp; honor para m\u00ed, como Presentador Oficial, poder darle&nbsp;<span style=\"color: var( --e-global-color-text ); text-align: var(--text-align);\">la bienvenida a todas la carrozas de empresas y entidades latinas exitosas.,&nbsp;<\/span><\/p>\n<p>Con mi presencia en tarima era ya un primer paso simb\u00f3lico pero muy significativo de que que Guatemala ya estaba marcando presencia porque ha sido un desfile en el cual, por historia nuestros hermanos de Sudam\u00e9rica han hecho esa labor.&nbsp;<\/p>\n<p><\/p>\n<p><\/p>\t\t\t\t\t\t\t\t<\/div>\n\t\t\t\t\t<\/div>\n\t\t\t\t<\/div>\n\t\t<div data-particle_enable=\"false\" data-particle-mobile-disabled=\"false\" class=\"elementor-element elementor-element-d54156c e-flex e-con-boxed e-con e-parent\" data-id=\"d54156c\" data-element_type=\"container\" data-e-type=\"container\">\n\t\t\t\t\t<div class=\"e-con-inner\">\n\t\t\t\t<div class=\"elementor-element elementor-element-f547fb8 elementor-widget elementor-widget-image\" data-id=\"f547fb8\" data-element_type=\"widget\" data-e-type=\"widget\" data-widget_type=\"image.default\">\n\t\t\t\t\t\t\t\t\t\t\t\t<figure class=\"wp-caption\">\n\t\t\t\t\t\t\t\t\t\t<img fetchpriority=\"high\" decoding=\"async\" width=\"768\" height=\"944\" src=\"https:\/\/soymigrante.com\/revista\/wp-content\/uploads\/2024\/09\/herencia-hispana-juan-valdez-3-833x1024.webp\" class=\"attachment-large size-large wp-image-9654\" alt=\"Ni\u00f1a ganadora del certamen de belleza tradicional en Guatemala, vestida con traje t\u00edpico y banda, junto a un joven en un entorno urbano con mural pintado en la pared.\" srcset=\"https:\/\/soymigrante.com\/revista\/wp-content\/uploads\/2024\/09\/herencia-hispana-juan-valdez-3-833x1024.webp 833w, https:\/\/soymigrante.com\/revista\/wp-content\/uploads\/2024\/09\/herencia-hispana-juan-valdez-3-244x300.webp 244w, https:\/\/soymigrante.com\/revista\/wp-content\/uploads\/2024\/09\/herencia-hispana-juan-valdez-3-768x944.webp 768w, https:\/\/soymigrante.com\/revista\/wp-content\/uploads\/2024\/09\/herencia-hispana-juan-valdez-3-1250x1536.webp 1250w, https:\/\/soymigrante.com\/revista\/wp-content\/uploads\/2024\/09\/herencia-hispana-juan-valdez-3-750x922.webp 750w, https:\/\/soymigrante.com\/revista\/wp-content\/uploads\/2024\/09\/herencia-hispana-juan-valdez-3-1140x1401.webp 1140w, https:\/\/soymigrante.com\/revista\/wp-content\/uploads\/2024\/09\/herencia-hispana-juan-valdez-3.webp 1562w\" sizes=\"(max-width: 768px) 100vw, 768px\" title=\"La presencia guatemalteca fue destacada en el Desfile Hispano de Queens. Nuestras reinas, incluyendo a la Ni\u00f1a Monja Blanca, destacaron en la carroza guatemalteca. \u2013 SoyMigrante.com REVISTA\" \/>\t\t\t\t\t\t\t\t\t\t\t<figcaption class=\"widget-image-caption wp-caption-text\">Joven vestido formal junto a ni\u00f1a con banda de reina, en evento cultural de Guatemala, vestimenta tradicional, mural urbano, celebraci\u00f3n folcl\u00f3rica, orgullo cultural, diversidad cultural.<\/figcaption>\n\t\t\t\t\t\t\t\t\t\t<\/figure>\n\t\t\t\t\t\t\t\t\t<\/div>\n\t\t\t\t\t<\/div>\n\t\t\t\t<\/div>\n\t\t<div data-particle_enable=\"false\" data-particle-mobile-disabled=\"false\" class=\"elementor-element elementor-element-79ecf29 e-flex e-con-boxed e-con e-parent\" data-id=\"79ecf29\" data-element_type=\"container\" data-e-type=\"container\">\n\t\t\t\t\t<div class=\"e-con-inner\">\n\t\t\t\t<div class=\"elementor-element elementor-element-4b4735c elementor-widget elementor-widget-text-editor\" data-id=\"4b4735c\" data-element_type=\"widget\" data-e-type=\"widget\" data-widget_type=\"text-editor.default\">\n\t\t\t\t\t\t\t\t\t<p><span style=\"color: var( --e-global-color-text ); text-align: var(--text-align);\">Me refiero en la animaci\u00f3n, a generar el ambiente de entusiasmo y alegr\u00eda. Me sent\u00ed emnocionado desde que viaj\u00e9 de Chicago a Nueva York para convivir con mis hermanos chapines a quienes nos da gusto saludar\u00a0 cuando nos vemos en diferentes eventos.<\/span><\/p><p>\u00bfPor qu\u00e9 me eligieron a mi para estar en el escenario?\u00a0 Quiz\u00e1 porque porque como Latino he convivido en varios eventos, ya sea en entrega de reconocimientos, cert\u00e1menes de belleza, alfombras Rojas, entrevistas en radios, televisi\u00f3n y podcasts. Agradezco a quienes me invitaron y repito que es un honor para m\u00ed como guatemalteco ser incluido, porque represento a mi pa\u00eds con orgullo.<\/p><p>\u00a0<\/p><p>Este evento se realiz\u00f3 en Queens, lugar en donde los Latinos resaltan por sus negocios y adem\u00e1s es un barrio en donde puedes encontrar de toda clase de productos, tambi\u00e9n negocios de personas visionarias hispanas, caf\u00e9s, restaurantes, comercios.\u00a0<\/p>\t\t\t\t\t\t\t\t<\/div>\n\t\t\t\t\t<\/div>\n\t\t\t\t<\/div>\n\t\t<div data-particle_enable=\"false\" data-particle-mobile-disabled=\"false\" class=\"elementor-element elementor-element-75f6445 e-flex e-con-boxed e-con e-parent\" data-id=\"75f6445\" data-element_type=\"container\" data-e-type=\"container\">\n\t\t\t\t\t<div class=\"e-con-inner\">\n\t\t\t\t<div class=\"elementor-element elementor-element-bf92b65 elementor-widget elementor-widget-facebook-embed\" data-id=\"bf92b65\" data-element_type=\"widget\" data-e-type=\"widget\" data-widget_type=\"facebook-embed.default\">\n\t\t\t\t\t<div style=\"min-height: 1px\" class=\"elementor-facebook-widget fb-video\" data-href=\"https:\/\/www.facebook.com\/juanvaldezcom\/videos\/875896910806355\" data-show-text=\"false\" data-allowfullscreen=\"false\" data-autoplay=\"false\" data-show-captions=\"false\"><\/div>\t\t\t\t<\/div>\n\t\t\t\t\t<\/div>\n\t\t\t\t<\/div>\n\t\t<div data-particle_enable=\"false\" data-particle-mobile-disabled=\"false\" class=\"elementor-element elementor-element-9ada720 e-flex e-con-boxed e-con e-parent\" data-id=\"9ada720\" data-element_type=\"container\" data-e-type=\"container\">\n\t\t\t\t\t<div class=\"e-con-inner\">\n\t\t\t\t<div class=\"elementor-element elementor-element-de2a963 elementor-widget elementor-widget-text-editor\" data-id=\"de2a963\" data-element_type=\"widget\" data-e-type=\"widget\" data-widget_type=\"text-editor.default\">\n\t\t\t\t\t\t\t\t\t<p><span style=\"color: var( --e-global-color-text ); text-align: var(--text-align);\">Es muy motivador saber que que las personas que acudieron a ver este desfile fueron aproximadamente treinta mil. Fueron cuadras y cuadras completas de desfile y por lo tanto incluyendo\u00a0 gente americana, de la India y algunos Italianos, no dejando atr\u00e1s nuestros hermanos de las Coreas y China. Un mundo de gentes unidas por el aprecio a lo hispano.<\/span><\/p><p>\u00a0<\/p><p>Nuestra gente Chapina pues se present\u00f3 con gran distinci\u00f3n: nuestras bellas mujeres con sus trajes al estilo Guatemala, influencers, cantantes, empresarios independientes, grupos folcl\u00f3ricos, dise\u00f1adoras, l\u00edderes comunitarios, medios de comunicaci\u00f3n y nuestras reinas, representantes del talento y el liderazgo.<\/p><p>\u00a0<\/p><p>Como Animador del desfile le di la bienvenida a todas las carrozas y pues pude ver la diferencia de estilos, identidades y riquezas culturales.\u00a0 Pero quiero destacar que mi Guatemala y el pa\u00eds de Bolivia marcamos una presencia m\u00e1s fuerte respecto de otros a\u00f1os.\u00a0 Este 2024 nos unimos m\u00e1s nosotros los guatemaltecos y que alegre fue ver que llegaron compatriotas de los alrededores de Nueva York, de Connecticut (Stamford) y de New Jersey.<\/p>\t\t\t\t\t\t\t\t<\/div>\n\t\t\t\t\t<\/div>\n\t\t\t\t<\/div>\n\t\t<div data-particle_enable=\"false\" data-particle-mobile-disabled=\"false\" class=\"elementor-element elementor-element-c25c1d5 e-flex e-con-boxed e-con e-parent\" data-id=\"c25c1d5\" data-element_type=\"container\" data-e-type=\"container\">\n\t\t\t\t\t<div class=\"e-con-inner\">\n\t\t\t\t<div class=\"elementor-element elementor-element-4bd765c elementor-widget elementor-widget-facebook-embed\" data-id=\"4bd765c\" data-element_type=\"widget\" data-e-type=\"widget\" data-widget_type=\"facebook-embed.default\">\n\t\t\t\t\t<div style=\"min-height: 1px\" class=\"elementor-facebook-widget fb-post\" data-href=\"https:\/\/www.facebook.com\/100033746941305\/videos\/493640323577441\/\" data-show-text=\"false\"><\/div>\t\t\t\t<\/div>\n\t\t\t\t\t<\/div>\n\t\t\t\t<\/div>\n\t\t<div data-particle_enable=\"false\" data-particle-mobile-disabled=\"false\" class=\"elementor-element elementor-element-3226a95 e-flex e-con-boxed e-con e-parent\" data-id=\"3226a95\" data-element_type=\"container\" data-e-type=\"container\">\n\t\t\t\t\t<div class=\"e-con-inner\">\n\t\t\t\t<div class=\"elementor-element elementor-element-52bef24 elementor-widget elementor-widget-text-editor\" data-id=\"52bef24\" data-element_type=\"widget\" data-e-type=\"widget\" data-widget_type=\"text-editor.default\">\n\t\t\t\t\t\t\t\t\t<p>\u00a0<\/p><p style=\"font-style: normal; font-variant-ligatures: normal; font-variant-caps: normal; font-weight: 400; font-size: 16px; font-family: Roboto, sans-serif;\">El cr\u00e9dito de este \u00e9xito rotundo para guatemala se lo quiero dar al organizar Arnold Ort\u00edz mi paisano, por la organizaci\u00f3n de esta carroza, ya que es \u00e8l quien nos anda jalando para todos lados y siempre creemos en el trabajo de \u00e9l, a la misma vez el Presidente del Comit\u00e9 Organizador, Miguel Flores me siento agradecido por habernos incluido en este magno evento que conmemora el aporte de los hispanos en lo econ\u00f3mico, social y cultural.<\/p><p style=\"font-style: normal; font-variant-ligatures: normal; font-variant-caps: normal; font-weight: 400; font-size: 16px; font-family: Roboto, sans-serif;\">Guatemala hizo historia positiva en el Desfile Hispano de Queens 2024. Gracias a todos y cada uno de los que hicieron posible esta magn\u00edfica ocasi\u00f3n de hermandad y orgullo por nuestra identidad.<\/p>\t\t\t\t\t\t\t\t<\/div>\n\t\t\t\t\t<\/div>\n\t\t\t\t<\/div>\n\t\t<div data-particle_enable=\"false\" data-particle-mobile-disabled=\"false\" class=\"elementor-element elementor-element-a85173d e-flex e-con-boxed e-con e-parent\" data-id=\"a85173d\" data-element_type=\"container\" data-e-type=\"container\">\n\t\t\t\t\t<div class=\"e-con-inner\">\n\t\t\t\t<div class=\"elementor-element elementor-element-1828fe4 elementor-widget elementor-widget-html\" data-id=\"1828fe4\" data-element_type=\"widget\" data-e-type=\"widget\" data-widget_type=\"html.default\">\n\t\t\t\t\t<iframe src=\"https:\/\/www.facebook.com\/plugins\/post.php?href=https%3A%2F%2Fwww.facebook.com%2Fjuanvaldezcom%2Fposts%2Fpfbid0R5aBv7uMB2UVKrcBXucxK8rci4re3aVsgSH5o999bNytbbPzkBEEUXgdKSR7x5sdl&show_text=true&width=500\" width=\"500\" height=\"713\" style=\"border:none;overflow:hidden\" scrolling=\"no\" frameborder=\"0\" allowfullscreen=\"true\" allow=\"autoplay; clipboard-write; encrypted-media; picture-in-picture; web-share\"><\/iframe>\t\t\t\t<\/div>\n\t\t\t\t\t<\/div>\n\t\t\t\t<\/div>\n\t\t<div data-particle_enable=\"false\" data-particle-mobile-disabled=\"false\" class=\"elementor-element elementor-element-d9ac846 e-flex e-con-boxed e-con e-parent\" data-id=\"d9ac846\" data-element_type=\"container\" data-e-type=\"container\">\n\t\t\t\t\t<div class=\"e-con-inner\">\n\t\t\t\t<div class=\"elementor-element elementor-element-55f21b7 elementor-widget elementor-widget-heading\" data-id=\"55f21b7\" data-element_type=\"widget\" data-e-type=\"widget\" data-widget_type=\"heading.default\">\n\t\t\t\t\t<h2 class=\"elementor-heading-title elementor-size-default\">\u00bfLo sab\u00edas? Aqu\u00ed te contamos m\u00e1s<\/h2>\t\t\t\t<\/div>\n\t\t\t\t\t<\/div>\n\t\t\t\t<\/div>\n\t\t<div data-particle_enable=\"false\" data-particle-mobile-disabled=\"false\" class=\"elementor-element elementor-element-e5cc5a0 e-flex e-con-boxed e-con e-parent\" data-id=\"e5cc5a0\" data-element_type=\"container\" data-e-type=\"container\">\n\t\t\t\t\t<div class=\"e-con-inner\">\n\t\t\t\t<div class=\"elementor-element elementor-element-ea63bfe elementor-grid-eael-col-1 elementor-grid-tablet-eael-col-2 elementor-grid-mobile-eael-col-1 elementor-widget elementor-widget-eael-post-grid\" data-id=\"ea63bfe\" data-element_type=\"widget\" data-e-type=\"widget\" data-settings=\"{&quot;eael_post_grid_columns&quot;:&quot;eael-col-1&quot;,&quot;eael_post_grid_columns_tablet&quot;:&quot;eael-col-2&quot;,&quot;eael_post_grid_columns_mobile&quot;:&quot;eael-col-1&quot;}\" data-widget_type=\"eael-post-grid.default\">\n\t\t\t\t\t<div id=\"eael-post-grid-ea63bfe\" class=\"eael-post-grid-container\">\n            <div class=\"eael-post-grid eael-post-appender eael-post-appender-ea63bfe eael-post-grid-style-one\" data-layout-mode=\"masonry\"><article class=\"eael-grid-post  eael-post-grid-column eael-pg-post-9602 category-estamos-unidos\" data-id=\"9602\">\n        <div class=\"eael-grid-post-holder\">\n            <div class=\"eael-grid-post-holder-inner\"><div class=\"eael-entry-media\"><div class=\"eael-entry-overlay fade-in\"><i class=\"far fa-hand-pointer\" aria-hidden=\"true\"><\/i><a href=\"https:\/\/soymigrante.com\/revista\/por-que-y-desde-cuando-existe-el-mes-de-la-herencia-hispana-en-usa\/\"><\/a><\/div><div class=\"eael-entry-thumbnail \">\n                <img decoding=\"async\" width=\"1024\" height=\"1024\" src=\"https:\/\/soymigrante.com\/revista\/wp-content\/uploads\/2024\/09\/guatemala-en-mes-herencia-hispana-1024x1024.webp\" class=\"attachment-large size-large wp-image-9603\" alt=\"Ni\u00f1as guatemaltecas en desfile cultural con trajes tradicionales y coronas, promoci\u00f3n de la comunidad guatemalteca en EE. UU., celebraci\u00f3n cultural, orgullo ind\u00edgena, revista SoyMigrante.com REVISTA.\" srcset=\"https:\/\/soymigrante.com\/revista\/wp-content\/uploads\/2024\/09\/guatemala-en-mes-herencia-hispana-1024x1024.webp 1024w, https:\/\/soymigrante.com\/revista\/wp-content\/uploads\/2024\/09\/guatemala-en-mes-herencia-hispana-300x300.webp 300w, https:\/\/soymigrante.com\/revista\/wp-content\/uploads\/2024\/09\/guatemala-en-mes-herencia-hispana-150x150.webp 150w, https:\/\/soymigrante.com\/revista\/wp-content\/uploads\/2024\/09\/guatemala-en-mes-herencia-hispana-768x768.webp 768w, https:\/\/soymigrante.com\/revista\/wp-content\/uploads\/2024\/09\/guatemala-en-mes-herencia-hispana-75x75.webp 75w, https:\/\/soymigrante.com\/revista\/wp-content\/uploads\/2024\/09\/guatemala-en-mes-herencia-hispana-750x750.webp 750w, https:\/\/soymigrante.com\/revista\/wp-content\/uploads\/2024\/09\/guatemala-en-mes-herencia-hispana-1140x1140.webp 1140w, https:\/\/soymigrante.com\/revista\/wp-content\/uploads\/2024\/09\/guatemala-en-mes-herencia-hispana.webp 1536w\" sizes=\"(max-width: 1024px) 100vw, 1024px\" \/>\n            <\/div>\n        <\/div><div class=\"eael-entry-wrapper\"><header class=\"eael-entry-header\"><h2 class=\"eael-entry-title\"><a class=\"eael-grid-post-link\" href=\"https:\/\/soymigrante.com\/revista\/por-que-y-desde-cuando-existe-el-mes-de-la-herencia-hispana-en-usa\/\" title=\"\u00bfCu\u00e1ndo y por qu\u00e9 se celebra el Mes de la Herencia Hispana en USA?\">\u00bfCu\u00e1ndo y por qu\u00e9 se celebra el Mes de la Herencia Hispana en USA?<\/a><\/h2><\/header><div class=\"eael-entry-content\">\n                        <div class=\"eael-grid-post-excerpt\"><a href=\"https:\/\/soymigrante.com\/revista\/por-que-y-desde-cuando-existe-el-mes-de-la-herencia-hispana-en-usa\/\" class=\"eael-post-elements-readmore-btn\">CONOCE SU HISTORIA <\/a><\/div>\n                    <\/div><\/div><\/div>\n        <\/div>\n    <\/article><\/div>\n            <div class=\"clearfix\"><\/div>\n        <\/div>\t\t\t\t<\/div>\n\t\t\t\t\t<\/div>\n\t\t\t\t<\/div>\n\t\t\t\t<\/div>\n\t\t","protected":false},"excerpt":{"rendered":"<p>El conductor guatemalteco Juan Valdez particip\u00f3 en el Desfile de la Herencia Hispana de Queens, Nueva York. Fue invitado como presentador oficial del evento, en el cual brill\u00f3 el entusiasmo, la hermandad y la energ\u00eda de los latinoamericanos en USA. As\u00ed lo cuenta. Por Juan Valdez El Desfile Hispano de Queens en su edici\u00f3n n\u00famero [&hellip;]<\/p>\n","protected":false},"author":1,"featured_media":9653,"comment_status":"open","ping_status":"open","sticky":false,"template":"","format":"standard","meta":{"_acf_changed":true,"_eb_attr":"","footnotes":""},"categories":[56],"tags":[],"class_list":["post-9652","post","type-post","status-publish","format-standard","has-post-thumbnail","hentry","category-lugar-de-voces"],"acf":[],"aioseo_notices":[],"aioseo_head":"\n\t\t<!-- All in One SEO Pro 4.9.6.2 - aioseo.com -->\n\t<meta name=\"description\" content=\"Entre el 15 de septiembre y el 15 de octubre transcurre el Mes de la Herencia Hispana, un ciclo de conmemoraciones en las cuales Guatemala est\u00e1 presente.\" \/>\n\t<meta name=\"robots\" content=\"max-snippet:-1, max-image-preview:large, max-video-preview:-1\" \/>\n\t<meta name=\"author\" content=\"Gustavo Montenegro\"\/>\n\t<link rel=\"canonical\" href=\"https:\/\/soymigrante.com\/revista\/por-que-y-desde-cuando-existe-el-mes-de-la-herencia-hispana-en-usa\/\" \/>\n\t<meta name=\"generator\" content=\"All in One SEO Pro (AIOSEO) 4.9.6.2\" \/>\n\n\t\t<link rel=\"preconnect\" href=\"https:\/\/fonts.googleapis.com\" crossorigin>\n<link rel=\"preconnect\" href=\"https:\/\/fonts.gstatic.com\" crossorigin>\n\t\t<meta property=\"og:locale\" content=\"es_ES\" \/>\n\t\t<meta property=\"og:site_name\" content=\"SoyMigrante.com REVISTA \u2013 Nuestra misi\u00f3n es reconocer y dignificar al migrante.\" \/>\n\t\t<meta property=\"og:type\" content=\"article\" \/>\n\t\t<meta property=\"og:title\" content=\"\u00bfPor qu\u00e9 existe el Mes de la Herencia Hispana en USA? Ent\u00e9rate\" \/>\n\t\t<meta property=\"og:description\" content=\"Entre el 15 de septiembre y el 15 de octubre transcurre el Mes de la Herencia Hispana, un ciclo de conmemoraciones en las cuales Guatemala est\u00e1 presente.\" \/>\n\t\t<meta property=\"og:url\" content=\"https:\/\/soymigrante.com\/revista\/por-que-y-desde-cuando-existe-el-mes-de-la-herencia-hispana-en-usa\/\" \/>\n\t\t<meta property=\"og:image\" content=\"https:\/\/soymigrante.com\/revista\/wp-content\/uploads\/2024\/09\/guatemala-en-mes-herencia-hispana.webp\" \/>\n\t\t<meta property=\"og:image:secure_url\" content=\"https:\/\/soymigrante.com\/revista\/wp-content\/uploads\/2024\/09\/guatemala-en-mes-herencia-hispana.webp\" \/>\n\t\t<meta property=\"og:image:width\" content=\"1536\" \/>\n\t\t<meta property=\"og:image:height\" content=\"1536\" \/>\n\t\t<meta property=\"article:published_time\" content=\"2025-09-16T18:08:57+00:00\" \/>\n\t\t<meta property=\"article:modified_time\" content=\"2025-09-16T18:09:33+00:00\" \/>\n\t\t<meta property=\"article:publisher\" content=\"https:\/\/www.facebook.com\/soymigrantecom\" \/>\n\t\t<meta name=\"twitter:card\" content=\"summary_large_image\" \/>\n\t\t<meta name=\"twitter:site\" content=\"@SoyMigrante_com\" \/>\n\t\t<meta name=\"twitter:title\" content=\"\u00bfPor qu\u00e9 existe el Mes de la Herencia Hispana en USA? Ent\u00e9rate\" \/>\n\t\t<meta name=\"twitter:description\" content=\"Entre el 15 de septiembre y el 15 de octubre transcurre el Mes de la Herencia Hispana, un ciclo de conmemoraciones en las cuales Guatemala est\u00e1 presente.\" \/>\n\t\t<meta name=\"twitter:creator\" content=\"@SoyMigrante_com\" \/>\n\t\t<meta name=\"twitter:image\" content=\"https:\/\/soymigrante.com\/revista\/wp-content\/uploads\/2024\/09\/guatemala-en-mes-herencia-hispana.webp\" \/>\n\t\t<!-- All in One SEO Pro -->\r\n\t\t<title>\u00bfPor qu\u00e9 existe el Mes de la Herencia Hispana en USA? Ent\u00e9rate<\/title>\n\n","aioseo_head_json":{"title":"\u00bfPor qu\u00e9 existe el Mes de la Herencia Hispana en USA? Ent\u00e9rate","description":"Entre el 15 de septiembre y el 15 de octubre transcurre el Mes de la Herencia Hispana, un ciclo de conmemoraciones en las cuales Guatemala est\u00e1 presente.","canonical_url":"https:\/\/soymigrante.com\/revista\/por-que-y-desde-cuando-existe-el-mes-de-la-herencia-hispana-en-usa\/","robots":"max-snippet:-1, max-image-preview:large, max-video-preview:-1","keywords":"","webmasterTools":{"miscellaneous":"&lt;link rel=\"preconnect\" href=\"https:\/\/fonts.googleapis.com\" crossorigin&gt;\n&lt;link rel=\"preconnect\" href=\"https:\/\/fonts.gstatic.com\" crossorigin&gt;"},"schema":null,"og:locale":"es_ES","og:site_name":"SoyMigrante.com REVISTA \u2013 Nuestra misi\u00f3n es reconocer y dignificar al migrante.","og:type":"article","og:title":"\u00bfPor qu\u00e9 existe el Mes de la Herencia Hispana en USA? Ent\u00e9rate","og:description":"Entre el 15 de septiembre y el 15 de octubre transcurre el Mes de la Herencia Hispana, un ciclo de conmemoraciones en las cuales Guatemala est\u00e1 presente.","og:url":"https:\/\/soymigrante.com\/revista\/por-que-y-desde-cuando-existe-el-mes-de-la-herencia-hispana-en-usa\/","og:image":"https:\/\/soymigrante.com\/revista\/wp-content\/uploads\/2024\/09\/guatemala-en-mes-herencia-hispana.webp","og:image:secure_url":"https:\/\/soymigrante.com\/revista\/wp-content\/uploads\/2024\/09\/guatemala-en-mes-herencia-hispana.webp","og:image:width":1536,"og:image:height":1536,"article:published_time":"2025-09-16T18:08:57+00:00","article:modified_time":"2025-09-16T18:09:33+00:00","article:publisher":"https:\/\/www.facebook.com\/soymigrantecom","twitter:card":"summary_large_image","twitter:site":"@SoyMigrante_com","twitter:title":"\u00bfPor qu\u00e9 existe el Mes de la Herencia Hispana en USA? Ent\u00e9rate","twitter:description":"Entre el 15 de septiembre y el 15 de octubre transcurre el Mes de la Herencia Hispana, un ciclo de conmemoraciones en las cuales Guatemala est\u00e1 presente.","twitter:creator":"@SoyMigrante_com","twitter:image":"https:\/\/soymigrante.com\/revista\/wp-content\/uploads\/2024\/09\/guatemala-en-mes-herencia-hispana.webp"},"aioseo_meta_data":{"post_id":"9652","title":"As\u00ed se vivi\u00f3 desfile de la Herencia Hispana en Queens NY","description":"Animador, conductor y conferencista guatemalteco Juan Valdez relata cfestejo hispano en el barrio de Queens, Nueva York, del que fue maestro de ceremonias.","keywords":null,"keyphrases":{"focus":{"keyphrase":"Herencia Hispana","score":69,"analysis":{"keyphraseInTitle":{"score":9,"maxScore":9,"error":0},"keyphraseInDescription":{"score":3,"maxScore":9,"error":1},"keyphraseLength":{"score":9,"maxScore":9,"error":0,"length":2},"keyphraseInURL":{"score":5,"maxScore":5,"error":0},"keyphraseInIntroduction":{"score":3,"maxScore":9,"error":1},"keyphraseInSubHeadings":{"score":9,"maxScore":9,"error":0},"keyphraseInImageAlt":{"score":9,"maxScore":9,"error":0},"keywordDensity":{"score":0,"type":"low","maxScore":9,"error":1}}},"additional":[]},"primary_term":null,"canonical_url":null,"og_title":null,"og_description":null,"og_object_type":"default","og_image_type":"default","og_image_url":null,"og_image_width":null,"og_image_height":null,"og_image_custom_url":null,"og_image_custom_fields":null,"og_video":"","og_custom_url":null,"og_article_section":null,"og_article_tags":null,"twitter_use_og":false,"twitter_card":"default","twitter_image_type":"default","twitter_image_url":null,"twitter_image_custom_url":null,"twitter_image_custom_fields":null,"twitter_title":null,"twitter_description":null,"schema":{"blockGraphs":[],"customGraphs":[],"default":{"data":{"Article":[],"Course":[],"Dataset":[],"FAQPage":[],"Movie":[],"Person":[],"Product":[],"ProductReview":[],"Car":[],"Recipe":[],"Service":[],"SoftwareApplication":[],"WebPage":[]},"graphName":"Article","isEnabled":true},"graphs":[]},"schema_type":"default","schema_type_options":null,"pillar_content":false,"robots_default":true,"robots_noindex":false,"robots_noarchive":false,"robots_nosnippet":false,"robots_nofollow":false,"robots_noimageindex":false,"robots_noodp":false,"robots_notranslate":false,"robots_max_snippet":"-1","robots_max_videopreview":"-1","robots_max_imagepreview":"large","priority":null,"frequency":"default","local_seo":null,"seo_analyzer_scan_date":"2025-10-08 23:17:12","breadcrumb_settings":null,"limit_modified_date":false,"reviewed_by":null,"open_ai":"{\"title\":{\"suggestions\":[],\"usage\":0},\"description\":{\"suggestions\":[],\"usage\":0}}","ai":null,"created":"2024-09-23 23:56:02","updated":"2026-02-04 13:36:44"},"aioseo_breadcrumb":"<div class=\"aioseo-breadcrumbs\"><span class=\"aioseo-breadcrumb\">\n\t<a href=\"https:\/\/soymigrante.com\/revista\" title=\"Home\">Home<\/a>\n<\/span><span class=\"aioseo-breadcrumb-separator\">\u00bb<\/span><span class=\"aioseo-breadcrumb\">\n\t<a href=\"https:\/\/soymigrante.com\/revista\/category\/estamos-unidos\/\" title=\"Estamos Unidos\">Estamos Unidos<\/a>\n<\/span><span class=\"aioseo-breadcrumb-separator\">\u00bb<\/span><span class=\"aioseo-breadcrumb\">\n\t<a href=\"https:\/\/soymigrante.com\/revista\/category\/estamos-unidos\/lugar-de-voces\/\" title=\"Lugar de Voces\">Lugar de Voces<\/a>\n<\/span><span class=\"aioseo-breadcrumb-separator\">\u00bb<\/span><span class=\"aioseo-breadcrumb\">\n\tUni\u00f3n, fortaleza y alegr\u00eda en el Desfile de la Herencia Hispana en Queens, New York\n<\/span><\/div>","aioseo_breadcrumb_json":[{"label":"Home","link":"https:\/\/soymigrante.com\/revista"},{"label":"Estamos Unidos","link":"https:\/\/soymigrante.com\/revista\/category\/estamos-unidos\/"},{"label":"Lugar de Voces","link":"https:\/\/soymigrante.com\/revista\/category\/estamos-unidos\/lugar-de-voces\/"},{"label":"Uni\u00f3n, fortaleza y alegr\u00eda en el Desfile de la Herencia Hispana en Queens, New York","link":"https:\/\/soymigrante.com\/revista\/union-fortaleza-y-alegria-en-el-desfile-de-la-herencia-hispana-en-queens-new-york\/"}],"_links":{"self":[{"href":"https:\/\/soymigrante.com\/revista\/wp-json\/wp\/v2\/posts\/9652","targetHints":{"allow":["GET"]}}],"collection":[{"href":"https:\/\/soymigrante.com\/revista\/wp-json\/wp\/v2\/posts"}],"about":[{"href":"https:\/\/soymigrante.com\/revista\/wp-json\/wp\/v2\/types\/post"}],"author":[{"embeddable":true,"href":"https:\/\/soymigrante.com\/revista\/wp-json\/wp\/v2\/users\/1"}],"replies":[{"embeddable":true,"href":"https:\/\/soymigrante.com\/revista\/wp-json\/wp\/v2\/comments?post=9652"}],"version-history":[{"count":0,"href":"https:\/\/soymigrante.com\/revista\/wp-json\/wp\/v2\/posts\/9652\/revisions"}],"wp:featuredmedia":[{"embeddable":true,"href":"https:\/\/soymigrante.com\/revista\/wp-json\/wp\/v2\/media\/9653"}],"wp:attachment":[{"href":"https:\/\/soymigrante.com\/revista\/wp-json\/wp\/v2\/media?parent=9652"}],"wp:term":[{"taxonomy":"category","embeddable":true,"href":"https:\/\/soymigrante.com\/revista\/wp-json\/wp\/v2\/categories?post=9652"},{"taxonomy":"post_tag","embeddable":true,"href":"https:\/\/soymigrante.com\/revista\/wp-json\/wp\/v2\/tags?post=9652"}],"curies":[{"name":"wp","href":"https:\/\/api.w.org\/{rel}","templated":true}]}}