{"id":9620,"date":"2024-09-26T17:59:23","date_gmt":"2024-09-26T23:59:23","guid":{"rendered":"https:\/\/soymigrante.com\/revista\/?p=9620"},"modified":"2024-09-26T17:59:25","modified_gmt":"2024-09-26T23:59:25","slug":"5-destinos-turisticos-anorados-por-los-chapines-que-regresan-de-usa","status":"publish","type":"post","link":"https:\/\/soymigrante.com\/revista\/5-destinos-turisticos-anorados-por-los-chapines-que-regresan-de-usa\/","title":{"rendered":"5 destinos tur\u00edsticos a\u00f1orados por los chapines que regresan de USA"},"content":{"rendered":"\t\t<div data-elementor-type=\"wp-post\" data-elementor-id=\"9620\" class=\"elementor elementor-9620\" data-elementor-post-type=\"post\">\n\t\t\t\t<div data-particle_enable=\"false\" data-particle-mobile-disabled=\"false\" class=\"elementor-element elementor-element-c0675cb e-flex e-con-boxed e-con e-parent\" data-id=\"c0675cb\" data-element_type=\"container\" data-e-type=\"container\">\n\t\t\t\t\t<div class=\"e-con-inner\">\n\t\t\t\t<div class=\"elementor-element elementor-element-30a41c2 elementor-widget elementor-widget-heading\" data-id=\"30a41c2\" data-element_type=\"widget\" data-e-type=\"widget\" data-widget_type=\"heading.default\">\n\t\t\t\t\t<h2 class=\"elementor-heading-title elementor-size-default\">Solo este a\u00f1o m\u00e1s de 465 mil visitantes provenientes de Estados Unidos han visitado Guatemala, un pa\u00eds que te ofrece aventura extrema, comida ancestral, historia maya, arqueolog\u00eda, cultura y la hospitalidad de su gente en cada uno de sus 22 departamentos. \n<\/h2>\t\t\t\t<\/div>\n\t\t\t\t\t<\/div>\n\t\t\t\t<\/div>\n\t\t<div data-particle_enable=\"false\" data-particle-mobile-disabled=\"false\" class=\"elementor-element elementor-element-12bdb90 e-flex e-con-boxed e-con e-parent\" data-id=\"12bdb90\" data-element_type=\"container\" data-e-type=\"container\">\n\t\t\t\t\t<div class=\"e-con-inner\">\n\t\t\t\t<div class=\"elementor-element elementor-element-80f1e86 elementor-widget elementor-widget-text-editor\" data-id=\"80f1e86\" data-element_type=\"widget\" data-e-type=\"widget\" data-widget_type=\"text-editor.default\">\n\t\t\t\t\t\t\t\t\t<p>Las fiestas de fin de a\u00f1o, fechas memorables o bodas se convierten en la excusa perfecta para visitar Guatemala y conocer este pa\u00eds pluricultural. As\u00ed que no te quedes en casa en tu pr\u00f3ximo descanso.\u00a0<\/p><p>Para ser exactos, 465 mil 361 personas provenientes de EE. UU., seg\u00fan datos proporcionados por el Inguat, han visitado en lo que va del a\u00f1o\u00a0<a href=\"https:\/\/soymigrante.com\/revista\/10-datos-del-quetzal-que-tal-vez-ya-conocias-o-quiza-no\/\" target=\"_blank\" rel=\"noopener\">la tierra del Quetzal<\/a>.<\/p><p>Te compartimos cu\u00e1les son los 5 sitios m\u00e1s visitados por los guatemaltecos que regresan a su tierra.<\/p>\t\t\t\t\t\t\t\t<\/div>\n\t\t\t\t\t<\/div>\n\t\t\t\t<\/div>\n\t\t<div data-particle_enable=\"false\" data-particle-mobile-disabled=\"false\" class=\"elementor-element elementor-element-4d18fcc e-flex e-con-boxed e-con e-parent\" data-id=\"4d18fcc\" data-element_type=\"container\" data-e-type=\"container\">\n\t\t\t\t\t<div class=\"e-con-inner\">\n\t\t\t\t<div class=\"elementor-element elementor-element-798e6d4 elementor-widget elementor-widget-heading\" data-id=\"798e6d4\" data-element_type=\"widget\" data-e-type=\"widget\" data-widget_type=\"heading.default\">\n\t\t\t\t\t<h3 class=\"elementor-heading-title elementor-size-default\">5. Xocomil y Xetulul, Retalhuleu<\/h3>\t\t\t\t<\/div>\n\t\t\t\t\t<\/div>\n\t\t\t\t<\/div>\n\t\t<div data-particle_enable=\"false\" data-particle-mobile-disabled=\"false\" class=\"elementor-element elementor-element-5d7c6b3 e-flex e-con-boxed e-con e-parent\" data-id=\"5d7c6b3\" data-element_type=\"container\" data-e-type=\"container\">\n\t\t\t\t\t<div class=\"e-con-inner\">\n\t\t\t\t<div class=\"elementor-element elementor-element-bf8c234 elementor-widget elementor-widget-text-editor\" data-id=\"bf8c234\" data-element_type=\"widget\" data-e-type=\"widget\" data-widget_type=\"text-editor.default\">\n\t\t\t\t\t\t\t\t\t<p>Guatemala se caracteriza por su cultura maya pero tambi\u00e9n se ha vuelto un destino tur\u00edstico lleno de aventura y actividades extremas. El parque Xetulul que colindra con el parque Xocomil en Retalhuleu, ambos del Irtra, son un destino perfecto para disfrutar en familia y disfrutar de la adrenalina en Xetulul, que ha recibido a la fecha a 583 mil 861 visitantes, ya que este parque cuenta con una gran variedad de juegos electromec\u00e1nicos.\u00a0<\/p><p>Tambi\u00e9n puedes disfrutar de cada aventura en la Plaza Chapina, Pueblo Guatemalteco, Plaza Maya, Plaza Espa\u00f1a, Plaza Italia, Plaza Francia, Plaza Alemania-Suiza, Plaza Pueblo Caribe\u00f1o y la Plaza Pueblo Fantas\u00eda.<\/p><p>En el caso de Xocomil, la sensaci\u00f3n es el \u00e1rea acu\u00e1tica que compone a este. Este parque ha recibido, en lo que va del 2024, 747 mil 970 visitantes. Este fue construido con caracter\u00edsticas del mundo Maya. Tiene una piscina interactiva y otra conocida como el R\u00edo Manso Tumal\u00e1.<\/p><p>Adem\u00e1s, estos parques te ofrecen hospedaje en los diferentes<a href=\"https:\/\/irtra.org.gt\/hostales\/\" target=\"_blank\" rel=\"noopener\"> hostales tem\u00e1ticos<\/a>\u00a0que hay. Por comida no debes preocuparte hay variedad de restaurantes. Puedes adquirir un paquete familiar para quedarte en ellos, eso s\u00ed, reserva con antelaci\u00f3n a tu viaje, ya que las reservas se llenan sobre todo en temporadas de Semana Santa o Navidad.\u00a0<\/p>\t\t\t\t\t\t\t\t<\/div>\n\t\t\t\t\t<\/div>\n\t\t\t\t<\/div>\n\t\t<div data-particle_enable=\"false\" data-particle-mobile-disabled=\"false\" class=\"elementor-element elementor-element-0cdc55c e-flex e-con-boxed e-con e-parent\" data-id=\"0cdc55c\" data-element_type=\"container\" data-e-type=\"container\">\n\t\t\t\t\t<div class=\"e-con-inner\">\n\t\t\t\t<div class=\"elementor-element elementor-element-9cd80bc elementor-arrows-position-inside elementor-pagination-position-outside elementor-widget elementor-widget-image-carousel\" data-id=\"9cd80bc\" data-element_type=\"widget\" data-e-type=\"widget\" data-settings=\"{&quot;slides_to_show&quot;:&quot;1&quot;,&quot;navigation&quot;:&quot;both&quot;,&quot;autoplay&quot;:&quot;yes&quot;,&quot;pause_on_hover&quot;:&quot;yes&quot;,&quot;pause_on_interaction&quot;:&quot;yes&quot;,&quot;autoplay_speed&quot;:5000,&quot;infinite&quot;:&quot;yes&quot;,&quot;effect&quot;:&quot;slide&quot;,&quot;speed&quot;:500}\" data-widget_type=\"image-carousel.default\">\n\t\t\t\t\t\t\t<div class=\"elementor-image-carousel-wrapper swiper\" role=\"region\" aria-roledescription=\"carousel\" aria-label=\"Carrusel de im\u00e1genes\" dir=\"ltr\">\n\t\t\t<div class=\"elementor-image-carousel swiper-wrapper\" aria-live=\"off\">\n\t\t\t\t\t\t\t\t<div class=\"swiper-slide\" role=\"group\" aria-roledescription=\"slide\" aria-label=\"1 de 11\"><figure class=\"swiper-slide-inner\"><img decoding=\"async\" class=\"swiper-slide-image\" src=\"https:\/\/soymigrante.com\/revista\/wp-content\/uploads\/2024\/09\/xocomil-irtra-soy-migrante4-1024x660.webp\" alt=\"Diversi\u00f3n en el parque acu\u00e1tico con ni\u00f1os en inflables en r\u00edo artificial rodeado de vegetaci\u00f3n exuberante.\" \/><\/figure><\/div><div class=\"swiper-slide\" role=\"group\" aria-roledescription=\"slide\" aria-label=\"2 de 11\"><figure class=\"swiper-slide-inner\"><img decoding=\"async\" class=\"swiper-slide-image\" src=\"https:\/\/soymigrante.com\/revista\/wp-content\/uploads\/2024\/09\/xocomil-irtra-soy-migrante6-1024x683.webp\" alt=\"Colorido cenote en M\u00e9xico con fuente de agua y arte prehisp\u00e1nico, rodeado de vegetaci\u00f3n exuberante y naturaleza, ideal para turismo y aventura.\" \/><\/figure><\/div><div class=\"swiper-slide\" role=\"group\" aria-roledescription=\"slide\" aria-label=\"3 de 11\"><figure class=\"swiper-slide-inner\"><img decoding=\"async\" class=\"swiper-slide-image\" src=\"https:\/\/soymigrante.com\/revista\/wp-content\/uploads\/2024\/09\/Xocomil-irta-soy-migrante3-1024x683.webp\" alt=\"Tinas de agua en parque tropical con palmeras y \u00e1rea de juegos acu\u00e1ticos, ideal para descanso y diversi\u00f3n en entorno natural.\" \/><\/figure><\/div><div class=\"swiper-slide\" role=\"group\" aria-roledescription=\"slide\" aria-label=\"4 de 11\"><figure class=\"swiper-slide-inner\"><img decoding=\"async\" class=\"swiper-slide-image\" src=\"https:\/\/soymigrante.com\/revista\/wp-content\/uploads\/2024\/09\/Xocomil-irta-soy-migrante2-1024x768.webp\" alt=\"Disfruta de un parque acu\u00e1tico con la piscina y toboganes, rodeado de naturaleza y \u00e1reas de descanso, en un entorno ideal para familias y turistas que buscan diversi\u00f3n y relajaci\u00f3n.\" \/><\/figure><\/div><div class=\"swiper-slide\" role=\"group\" aria-roledescription=\"slide\" aria-label=\"5 de 11\"><figure class=\"swiper-slide-inner\"><img decoding=\"async\" class=\"swiper-slide-image\" src=\"https:\/\/soymigrante.com\/revista\/wp-content\/uploads\/2024\/09\/Xocomil-irta-soy-migrante-1024x683.webp\" alt=\"Colorido parque acu\u00e1tico con atracciones infantiles en medio de vegetaci\u00f3n tropical, ideal para turismo familiar y recreaci\u00f3n acu\u00e1tica en M\u00e9xico.\" \/><\/figure><\/div><div class=\"swiper-slide\" role=\"group\" aria-roledescription=\"slide\" aria-label=\"6 de 11\"><figure class=\"swiper-slide-inner\"><img decoding=\"async\" class=\"swiper-slide-image\" src=\"https:\/\/soymigrante.com\/revista\/wp-content\/uploads\/2024\/09\/Xetulul-irtra-soy-migrante5-1024x683.jpg\" alt=\"Emoci\u00f3n y diversi\u00f3n en la monta\u00f1a rusa con tem\u00e1tica cultural, en medio de un bosque frondoso, en un parque de diversiones para migrantes y comunidad latinoamericana.\" \/><\/figure><\/div><div class=\"swiper-slide\" role=\"group\" aria-roledescription=\"slide\" aria-label=\"7 de 11\"><figure class=\"swiper-slide-inner\"><img decoding=\"async\" class=\"swiper-slide-image\" src=\"https:\/\/soymigrante.com\/revista\/wp-content\/uploads\/2024\/09\/Xetulul-irtra-soy-migrante5-1024x683.webp\" alt=\"Alt: Monta\u00f1a rusa en un parque de atracciones con arquitectura tem\u00e1tica y torre de reloj al fondo, en un ambiente de feria y diversi\u00f3n familiar.\" \/><\/figure><\/div><div class=\"swiper-slide\" role=\"group\" aria-roledescription=\"slide\" aria-label=\"8 de 11\"><figure class=\"swiper-slide-inner\"><img decoding=\"async\" class=\"swiper-slide-image\" src=\"https:\/\/soymigrante.com\/revista\/wp-content\/uploads\/2024\/09\/Xetulul-irtra-soy-migrante4-1024x683.webp\" alt=\"Noria y edificios de estilo europeo en un parque de atracciones infantil. Im\u00e1genes de SoyMigante.com Revista que resaltan entretenimiento familiar y lugares de diversi\u00f3n en un ambiente tem\u00e1tico.\" \/><\/figure><\/div><div class=\"swiper-slide\" role=\"group\" aria-roledescription=\"slide\" aria-label=\"9 de 11\"><figure class=\"swiper-slide-inner\"><img decoding=\"async\" class=\"swiper-slide-image\" src=\"https:\/\/soymigrante.com\/revista\/wp-content\/uploads\/2024\/09\/Xetulul-irtra-soy-migrante3-1024x683.webp\" alt=\"Sello de entrada de una monta\u00f1a rusa en parque de diversiones, atracci\u00f3n para entretenimiento familiar y vacaciones, estilo tem\u00e1tico y colorido, captura la emoci\u00f3n y diversi\u00f3n en un parque de atracciones.\" \/><\/figure><\/div><div class=\"swiper-slide\" role=\"group\" aria-roledescription=\"slide\" aria-label=\"10 de 11\"><figure class=\"swiper-slide-inner\"><img decoding=\"async\" class=\"swiper-slide-image\" src=\"https:\/\/soymigrante.com\/revista\/wp-content\/uploads\/2024\/09\/Xetulul-irtra-soy-migrante2-1024x683.webp\" alt=\"Colorido tiovivo en un parque de atracciones, con cielo nublado y estructura decorativa estilo cuento antiguo, rodeado de \u00e1reas verdes y edificios tem\u00e1ticos.\" \/><\/figure><\/div><div class=\"swiper-slide\" role=\"group\" aria-roledescription=\"slide\" aria-label=\"11 de 11\"><figure class=\"swiper-slide-inner\"><img decoding=\"async\" class=\"swiper-slide-image\" src=\"https:\/\/soymigrante.com\/revista\/wp-content\/uploads\/2024\/09\/Xetulul-irtra-soy-migrante-copia-1024x683.webp\" alt=\"Coloridas calles de San Miguel de Allende con arquitectura colonial y una iglesia tradicional en el fondo, un destino popular para viajeros y turistas en M\u00e9xico.\" \/><\/figure><\/div>\t\t\t<\/div>\n\t\t\t\t\t\t\t\t\t\t\t\t<div class=\"elementor-swiper-button elementor-swiper-button-prev\" role=\"button\" tabindex=\"0\">\n\t\t\t\t\t\t<i aria-hidden=\"true\" class=\"eicon-chevron-left\"><\/i>\t\t\t\t\t<\/div>\n\t\t\t\t\t<div class=\"elementor-swiper-button elementor-swiper-button-next\" role=\"button\" tabindex=\"0\">\n\t\t\t\t\t\t<i aria-hidden=\"true\" class=\"eicon-chevron-right\"><\/i>\t\t\t\t\t<\/div>\n\t\t\t\t\n\t\t\t\t\t\t\t\t\t<div class=\"swiper-pagination\"><\/div>\n\t\t\t\t\t\t\t\t\t<\/div>\n\t\t\t\t\t\t<\/div>\n\t\t\t\t\t<\/div>\n\t\t\t\t<\/div>\n\t\t<div data-particle_enable=\"false\" data-particle-mobile-disabled=\"false\" class=\"elementor-element elementor-element-ca721eb e-flex e-con-boxed e-con e-parent\" data-id=\"ca721eb\" data-element_type=\"container\" data-e-type=\"container\">\n\t\t\t\t\t<div class=\"e-con-inner\">\n\t\t\t\t<div class=\"elementor-element elementor-element-c568d31 elementor-widget elementor-widget-heading\" data-id=\"c568d31\" data-element_type=\"widget\" data-e-type=\"widget\" data-widget_type=\"heading.default\">\n\t\t\t\t\t<h3 class=\"elementor-heading-title elementor-size-default\">5. Lago de Atitl\u00e1n, Solol\u00e1<\/h3>\t\t\t\t<\/div>\n\t\t\t\t\t<\/div>\n\t\t\t\t<\/div>\n\t\t<div data-particle_enable=\"false\" data-particle-mobile-disabled=\"false\" class=\"elementor-element elementor-element-907b074 e-flex e-con-boxed e-con e-parent\" data-id=\"907b074\" data-element_type=\"container\" data-e-type=\"container\">\n\t\t\t\t\t<div class=\"e-con-inner\">\n\t\t\t\t<div class=\"elementor-element elementor-element-9019a61 elementor-widget elementor-widget-text-editor\" data-id=\"9019a61\" data-element_type=\"widget\" data-e-type=\"widget\" data-widget_type=\"text-editor.default\">\n\t\t\t\t\t\t\t\t\t<p>Este sitio \u00fanico en Guatemala est\u00e1 lleno de leyendas, cultura, aventura e historia. La primera experiencia que te ofrece\u00a0<a href=\"https:\/\/soymigrante.com\/revista\/10-pueblos-a-la-orilla-del-lago-de-atitlan-que-debes-descubrir\/\" target=\"_blank\" rel=\"noopener\">la poblaci\u00f3n de las orillas del lago<\/a>\u00a0es ir de pueblo en pueblo por lanchas.<\/p><p>Puedes disfrutar de miradores en las diferentes monta\u00f1as que las geograf\u00edas te ofrecen. Puedes practicar kayak o canopy que te ofrecen una vista \u00fanica. Tambi\u00e9n puedes alojarte en hoteles hermosos y coloridos. Disfrutar de la comida local y m\u00fasica a la orilla del lago. Aprender de la cultura kaqchiquel, tzutujil, quich\u00e9, entre otros tambi\u00e9n es muy enriquecedor.<\/p><p>Tambi\u00e9n ha crecido el concepto mindfulness para los amantes de la meditaci\u00f3n, yoga o retiros espirituales. El mismo lago de\u00a0<a href=\"https:\/\/soymigrante.com\/revista\/la-empresaria-francesca-kennedy-y-su-conexion-inquebrantable-con-atitlan\/\" target=\"_blank\" rel=\"noopener\">Atitl\u00e1n<\/a>\u00a0est\u00e1 lleno de leyenda como la del viento fuerte que une fuerza con las aguas llamado Xocomil. Conocer sobre el tejido maya ancestral y la elaboraci\u00f3n de artesan\u00eda es otro gran atractivo. Para llegar a este lago puedes hacerlo por la ruta principal hacia Panajachel o bien entrar por Patzic\u00eda.<\/p>\t\t\t\t\t\t\t\t<\/div>\n\t\t\t\t\t<\/div>\n\t\t\t\t<\/div>\n\t\t<div data-particle_enable=\"false\" data-particle-mobile-disabled=\"false\" class=\"elementor-element elementor-element-35b37cc e-flex e-con-boxed e-con e-parent\" data-id=\"35b37cc\" data-element_type=\"container\" data-e-type=\"container\">\n\t\t\t\t\t<div class=\"e-con-inner\">\n\t\t\t\t<div class=\"elementor-element elementor-element-582d2b2 elementor-widget elementor-widget-video\" data-id=\"582d2b2\" data-element_type=\"widget\" data-e-type=\"widget\" data-settings=\"{&quot;youtube_url&quot;:&quot;https:\\\/\\\/www.youtube.com\\\/watch?v=WFJi5IzoGKQ&quot;,&quot;video_type&quot;:&quot;youtube&quot;,&quot;controls&quot;:&quot;yes&quot;}\" data-widget_type=\"video.default\">\n\t\t\t\t\t\t\t<div class=\"elementor-wrapper elementor-open-inline\">\n\t\t\t<div class=\"elementor-video\"><\/div>\t\t<\/div>\n\t\t\t\t\t\t<\/div>\n\t\t\t\t\t<\/div>\n\t\t\t\t<\/div>\n\t\t<div data-particle_enable=\"false\" data-particle-mobile-disabled=\"false\" class=\"elementor-element elementor-element-54d3292 e-flex e-con-boxed e-con e-parent\" data-id=\"54d3292\" data-element_type=\"container\" data-e-type=\"container\">\n\t\t\t\t\t<div class=\"e-con-inner\">\n\t\t\t\t<div class=\"elementor-element elementor-element-f3a28e0 elementor-widget elementor-widget-heading\" data-id=\"f3a28e0\" data-element_type=\"widget\" data-e-type=\"widget\" data-widget_type=\"heading.default\">\n\t\t\t\t\t<h3 class=\"elementor-heading-title elementor-size-default\">3. Semuc Champey, Alta Verapaz<\/h3>\t\t\t\t<\/div>\n\t\t\t\t\t<\/div>\n\t\t\t\t<\/div>\n\t\t<div data-particle_enable=\"false\" data-particle-mobile-disabled=\"false\" class=\"elementor-element elementor-element-b285bbc e-flex e-con-boxed e-con e-parent\" data-id=\"b285bbc\" data-element_type=\"container\" data-e-type=\"container\">\n\t\t\t\t\t<div class=\"e-con-inner\">\n\t\t\t\t<div class=\"elementor-element elementor-element-cf07d14 elementor-widget elementor-widget-text-editor\" data-id=\"cf07d14\" data-element_type=\"widget\" data-e-type=\"widget\" data-widget_type=\"text-editor.default\">\n\t\t\t\t\t\t\t\t\t<p>Ubicado en el municipio de Lanqu\u00edn, <a href=\"https:\/\/soymigrante.com\/revista\/pueblo-poqomchi-existe-y-vive-en-torno-al-mayijinic-y-el-kuxanik\/\">Alta Verapaz<\/a>, Semuy Champey es un sitio en el que conectas con la naturaleza de los bosques subtropicales caracter\u00edsticos de ese departamento. En 1999 fue declarado Monumento Natural. Este lugar es refugio para m\u00e1s de 100 especies de aves, mam\u00edferos, anfibios y reptiles. Las especies de \u00e1rboles superan las 100. Durante el trayecto puede tambi\u00e9n desviarte hacia el mirador, a 700 metros de altura, desde donde puedes observar las pozas que conforman Semuc Champey.<\/p><p>Puedes contratar alg\u00fan gu\u00eda o agencia de turismo. Si vas en excursi\u00f3n puedes coordinar alojamiento, pero ten en cuenta que el \u00e1rea es ecofriendly, para conservar la zona. Puedes aventurarte para atravesar el r\u00edo Cahab\u00f3n hasta llegar a la cueva de Kamba hasta llegar a las pozas de color turquesa. El costo por persona es de Q50.<\/p>\t\t\t\t\t\t\t\t<\/div>\n\t\t\t\t\t<\/div>\n\t\t\t\t<\/div>\n\t\t<div data-particle_enable=\"false\" data-particle-mobile-disabled=\"false\" class=\"elementor-element elementor-element-38bcc81 e-flex e-con-boxed e-con e-parent\" data-id=\"38bcc81\" data-element_type=\"container\" data-e-type=\"container\">\n\t\t\t\t\t<div class=\"e-con-inner\">\n\t\t\t\t<div class=\"elementor-element elementor-element-ec54986 elementor-arrows-position-inside elementor-pagination-position-outside elementor-widget elementor-widget-image-carousel\" data-id=\"ec54986\" data-element_type=\"widget\" data-e-type=\"widget\" data-settings=\"{&quot;slides_to_show&quot;:&quot;1&quot;,&quot;navigation&quot;:&quot;both&quot;,&quot;autoplay&quot;:&quot;yes&quot;,&quot;pause_on_hover&quot;:&quot;yes&quot;,&quot;pause_on_interaction&quot;:&quot;yes&quot;,&quot;autoplay_speed&quot;:5000,&quot;infinite&quot;:&quot;yes&quot;,&quot;effect&quot;:&quot;slide&quot;,&quot;speed&quot;:500}\" data-widget_type=\"image-carousel.default\">\n\t\t\t\t\t\t\t<div class=\"elementor-image-carousel-wrapper swiper\" role=\"region\" aria-roledescription=\"carousel\" aria-label=\"Carrusel de im\u00e1genes\" dir=\"ltr\">\n\t\t\t<div class=\"elementor-image-carousel swiper-wrapper\" aria-live=\"off\">\n\t\t\t\t\t\t\t\t<div class=\"swiper-slide\" role=\"group\" aria-roledescription=\"slide\" aria-label=\"1 de 5\"><figure class=\"swiper-slide-inner\"><img decoding=\"async\" class=\"swiper-slide-image\" src=\"https:\/\/soymigrante.com\/revista\/wp-content\/uploads\/2024\/09\/semuc-champey-soy-migrante4-1024x768.jpg\" alt=\"Bosque y r\u00edo en un paisaje natural, aguas cristalinas, vegetaci\u00f3n verde y monta\u00f1as de fondo, ideal para turismo ecol\u00f3gico y aventuras en la naturaleza en M\u00e9xico.\" \/><\/figure><\/div><div class=\"swiper-slide\" role=\"group\" aria-roledescription=\"slide\" aria-label=\"2 de 5\"><figure class=\"swiper-slide-inner\"><img decoding=\"async\" class=\"swiper-slide-image\" src=\"https:\/\/soymigrante.com\/revista\/wp-content\/uploads\/2024\/09\/Semuc-Champey-soy-migrante2.webp\" alt=\"Ambulantes en r\u00edo rodeados de vegetaci\u00f3n, disfrutando del paisaje natural, en una actividad recreativa en un entorno ecol\u00f3gico y tranquilo.\" \/><\/figure><\/div><div class=\"swiper-slide\" role=\"group\" aria-roledescription=\"slide\" aria-label=\"3 de 5\"><figure class=\"swiper-slide-inner\"><img decoding=\"async\" class=\"swiper-slide-image\" src=\"https:\/\/soymigrante.com\/revista\/wp-content\/uploads\/2024\/09\/semuc-champey-soy-migrante5.webp\" alt=\"Un refugio ecol\u00f3gico en medio de la naturaleza con caba\u00f1as de madera rodeadas de vegetaci\u00f3n tropical y senderos pavimentados, ideal para desconectar y disfrutar del entorno natural.\" \/><\/figure><\/div><div class=\"swiper-slide\" role=\"group\" aria-roledescription=\"slide\" aria-label=\"4 de 5\"><figure class=\"swiper-slide-inner\"><img decoding=\"async\" class=\"swiper-slide-image\" src=\"https:\/\/soymigrante.com\/revista\/wp-content\/uploads\/2024\/09\/semuy-champey-son-migrante3-1024x768.webp\" alt=\"Personas disfrutando de una poza natural en medio de un paisaje verde y monta\u00f1oso en un d\u00eda soleado, en un entorno de turismo de naturaleza.\" \/><\/figure><\/div><div class=\"swiper-slide\" role=\"group\" aria-roledescription=\"slide\" aria-label=\"5 de 5\"><figure class=\"swiper-slide-inner\"><img decoding=\"async\" class=\"swiper-slide-image\" src=\"https:\/\/soymigrante.com\/revista\/wp-content\/uploads\/2024\/09\/semuc-champey-soy-migrante3.webp\" alt=\"Viajeros en una camioneta en un entorno natural, promoviendo el turismo accesible y la cultura migrante en la revista SoyMigrante.com REVISTA.\" \/><\/figure><\/div>\t\t\t<\/div>\n\t\t\t\t\t\t\t\t\t\t\t\t<div class=\"elementor-swiper-button elementor-swiper-button-prev\" role=\"button\" tabindex=\"0\">\n\t\t\t\t\t\t<i aria-hidden=\"true\" class=\"eicon-chevron-left\"><\/i>\t\t\t\t\t<\/div>\n\t\t\t\t\t<div class=\"elementor-swiper-button elementor-swiper-button-next\" role=\"button\" tabindex=\"0\">\n\t\t\t\t\t\t<i aria-hidden=\"true\" class=\"eicon-chevron-right\"><\/i>\t\t\t\t\t<\/div>\n\t\t\t\t\n\t\t\t\t\t\t\t\t\t<div class=\"swiper-pagination\"><\/div>\n\t\t\t\t\t\t\t\t\t<\/div>\n\t\t\t\t\t\t<\/div>\n\t\t\t\t\t<\/div>\n\t\t\t\t<\/div>\n\t\t<div data-particle_enable=\"false\" data-particle-mobile-disabled=\"false\" class=\"elementor-element elementor-element-812b3b2 e-flex e-con-boxed e-con e-parent\" data-id=\"812b3b2\" data-element_type=\"container\" data-e-type=\"container\">\n\t\t\t\t\t<div class=\"e-con-inner\">\n\t\t\t\t<div class=\"elementor-element elementor-element-819cfcd elementor-widget elementor-widget-heading\" data-id=\"819cfcd\" data-element_type=\"widget\" data-e-type=\"widget\" data-widget_type=\"heading.default\">\n\t\t\t\t\t<h3 class=\"elementor-heading-title elementor-size-default\">2. Tikal, Pet\u00e9n<\/h3>\t\t\t\t<\/div>\n\t\t\t\t\t<\/div>\n\t\t\t\t<\/div>\n\t\t<div data-particle_enable=\"false\" data-particle-mobile-disabled=\"false\" class=\"elementor-element elementor-element-ccfa624 e-flex e-con-boxed e-con e-parent\" data-id=\"ccfa624\" data-element_type=\"container\" data-e-type=\"container\">\n\t\t\t\t\t<div class=\"e-con-inner\">\n\t\t\t\t<div class=\"elementor-element elementor-element-4ae24a3 elementor-widget elementor-widget-text-editor\" data-id=\"4ae24a3\" data-element_type=\"widget\" data-e-type=\"widget\" data-widget_type=\"text-editor.default\">\n\t\t\t\t\t\t\t\t\t<p>Un emblema de la cultura maya, es ahora considerado Patrimonio Cultural y Natural de Guatemala. Se le conoce como\u00a0<a href=\"https:\/\/soymigrante.com\/revista\/vuelo-de-jovenes-guacamayas-liberadas-en-peten-es-simbolo-de-esperanza\/\" target=\"_blank\" rel=\"noopener\">Parque Nacional<\/a>\u00a0desde 1955. En 1979 fue declarado Patrimonio Mundial por la Unesco. El parque de Tikal es uno de los destinos m\u00e1s visitados no solo por turistas nacionales sino tambi\u00e9n por turistas extranjeros. Este parque tiene una extensi\u00f3n de 575.83 kms\u00b2. Entre los puntos m\u00e1s atractivos por conocer est\u00e1 la Reserva de la Biosfera Maya (MBY), un \u00e1rea protegida de 21 mil kms\u00b2, siendo la m\u00e1s extensa en Mesoam\u00e9rica.<\/p><p>En la Selva Maya se conservan vestigios de la civilizaci\u00f3n Maya, estructura prehisp\u00e1nica. Adem\u00e1s, un extenso ecosistema que alberga especies en peligro de extinci\u00f3n como la Guacamaya Roja, el Jaguar, entre otras especies.<\/p><p>De los siticos arqueol\u00f3gicos puedes conocer sobre el conjunto de la Plaza Mayor, incluyendo las Acr\u00f3polis Norte y Central; la zona de Mundo Perdido, integrando la Plaza de los Siete Templos; Templo IV, Templo V, Templo VI, Grupo G, Zona Norte, Complejos P, Q y R, ubicados todos los anteriores en la Zona Arqueol\u00f3gica N\u00facleo; colecciones arqueol\u00f3gicas de los museos Sylvanus Morley y de L\u00edtica.<br \/>Tambi\u00e9n puedes captar esa selfie o fotograf\u00eda con vistas panor\u00e1micas desde los Templos II y IV,\u00a0<a href=\"https:\/\/soymigrante.com\/revista\/el-pueblo-ixil-habito-las-tierras-bajas-de-el-mirador-peten\/\" target=\"_blank\" rel=\"noopener\">el mirador<\/a>\u00a0de San Antonio, el cerro y la aguada del Yesal, y el mirador del cerro La Mula. La Danta es uno de los\u00a0 m\u00e1s emblem\u00e1ticos en la zona.<\/p><p>Para acceder a la reserva del parque el costo para extranjeros es de Q150.00\u00a0<\/p>\t\t\t\t\t\t\t\t<\/div>\n\t\t\t\t\t<\/div>\n\t\t\t\t<\/div>\n\t\t<div data-particle_enable=\"false\" data-particle-mobile-disabled=\"false\" class=\"elementor-element elementor-element-94492f4 e-flex e-con-boxed e-con e-parent\" data-id=\"94492f4\" data-element_type=\"container\" data-e-type=\"container\">\n\t\t\t\t\t<div class=\"e-con-inner\">\n\t\t\t\t<div class=\"elementor-element elementor-element-6b48390 elementor-widget elementor-widget-video\" data-id=\"6b48390\" data-element_type=\"widget\" data-e-type=\"widget\" data-settings=\"{&quot;youtube_url&quot;:&quot;https:\\\/\\\/www.youtube.com\\\/watch?v=HCeYlNSX4jA&quot;,&quot;video_type&quot;:&quot;youtube&quot;,&quot;controls&quot;:&quot;yes&quot;}\" data-widget_type=\"video.default\">\n\t\t\t\t\t\t\t<div class=\"elementor-wrapper elementor-open-inline\">\n\t\t\t<div class=\"elementor-video\"><\/div>\t\t<\/div>\n\t\t\t\t\t\t<\/div>\n\t\t\t\t\t<\/div>\n\t\t\t\t<\/div>\n\t\t<div data-particle_enable=\"false\" data-particle-mobile-disabled=\"false\" class=\"elementor-element elementor-element-8aff04e e-flex e-con-boxed e-con e-parent\" data-id=\"8aff04e\" data-element_type=\"container\" data-e-type=\"container\">\n\t\t\t\t\t<div class=\"e-con-inner\">\n\t\t\t\t<div class=\"elementor-element elementor-element-9cfadb7 elementor-widget elementor-widget-heading\" data-id=\"9cfadb7\" data-element_type=\"widget\" data-e-type=\"widget\" data-widget_type=\"heading.default\">\n\t\t\t\t\t<h3 class=\"elementor-heading-title elementor-size-default\">1. Antigua Guatemala<\/h3>\t\t\t\t<\/div>\n\t\t\t\t\t<\/div>\n\t\t\t\t<\/div>\n\t\t<div data-particle_enable=\"false\" data-particle-mobile-disabled=\"false\" class=\"elementor-element elementor-element-ce9279f e-flex e-con-boxed e-con e-parent\" data-id=\"ce9279f\" data-element_type=\"container\" data-e-type=\"container\">\n\t\t\t\t\t<div class=\"e-con-inner\">\n\t\t\t\t<div class=\"elementor-element elementor-element-498facc elementor-widget elementor-widget-text-editor\" data-id=\"498facc\" data-element_type=\"widget\" data-e-type=\"widget\" data-widget_type=\"text-editor.default\">\n\t\t\t\t\t\t\t\t\t<p>La ciudad era llamada Santiago de los Caballeros. Actualmente es un Patrimonio Cultural de la Humanidad, t\u00edtulo que solo comparte con Tikal, Quirigu\u00e1, la danza Rabinal Ach\u00ed y la cultura Gar\u00edfuna.\u00a0<span style=\"color: var( --e-global-color-text );text-align: var(--text-align)\">Se caracteriza por su estructura colonial y est\u00e1 situada en las faldas del Volc\u00e1n de Agua, departamento de Sacatep\u00e9quez, esta fue fundada el 16 de marzo de 1,543 en el Valle de Panchoy.<\/span><\/p><p>Puedes hacer un recorrido por los edificios m\u00e1s emblem\u00e1ticos de la ciudad colonial: el Palacio de los Capitanes Generales, la Casa de la Moneda, la Universidad de San Carlos y las iglesias la Catedral, Capuchinas, La Merced y Santa Clara. Para entrar a museos, el precio var\u00eda y de preferencia lleva efectivo. <br \/>Durante tu recorrido puedes apreciar la influencia de la cultura espa\u00f1ola a trav\u00e9s de monumentos construidos al estilo barroco del siglo XVIII.\u00a0<\/p><p>Esta ciudad fue un lugar para la exportaci\u00f3n de im\u00e1genes y estatuas religiosas al resto del continente de Am\u00e9rica, incluso a Espa\u00f1a, durante los siglos XVII y XVIII. Fue construida con base a una planificaci\u00f3n de cuadr\u00edcula b\u00e1sico del a\u00f1o 1,543. No olvides visitar los pueblos aleda\u00f1os al centro de Antigua Guatemala, que tambi\u00e9n se caracterizan por sus tradiciones y cultura, y ello la vuelve e<a style=\"text-align: var(--text-align)\" href=\"https:\/\/soymigrante.com\/revista\/tantas-parejas-suenan-con-celebrar-sus-bodas-en-antigua-guatemala\/\" target=\"_blank\" rel=\"noopener\">l destino perfecto para bodas<\/a>\u00a0y eventos nacionales e internacionales.<\/p>\t\t\t\t\t\t\t\t<\/div>\n\t\t\t\t\t<\/div>\n\t\t\t\t<\/div>\n\t\t<div data-particle_enable=\"false\" data-particle-mobile-disabled=\"false\" class=\"elementor-element elementor-element-d6144f6 e-flex e-con-boxed e-con e-parent\" data-id=\"d6144f6\" data-element_type=\"container\" data-e-type=\"container\">\n\t\t\t\t\t<div class=\"e-con-inner\">\n\t\t\t\t<div class=\"elementor-element elementor-element-7464c91 elementor-arrows-position-inside elementor-pagination-position-outside elementor-widget elementor-widget-image-carousel\" data-id=\"7464c91\" data-element_type=\"widget\" data-e-type=\"widget\" data-settings=\"{&quot;slides_to_show&quot;:&quot;1&quot;,&quot;navigation&quot;:&quot;both&quot;,&quot;autoplay&quot;:&quot;yes&quot;,&quot;pause_on_hover&quot;:&quot;yes&quot;,&quot;pause_on_interaction&quot;:&quot;yes&quot;,&quot;autoplay_speed&quot;:5000,&quot;infinite&quot;:&quot;yes&quot;,&quot;effect&quot;:&quot;slide&quot;,&quot;speed&quot;:500}\" data-widget_type=\"image-carousel.default\">\n\t\t\t\t\t\t\t<div class=\"elementor-image-carousel-wrapper swiper\" role=\"region\" aria-roledescription=\"carousel\" aria-label=\"Carrusel de im\u00e1genes\" dir=\"ltr\">\n\t\t\t<div class=\"elementor-image-carousel swiper-wrapper\" aria-live=\"off\">\n\t\t\t\t\t\t\t\t<div class=\"swiper-slide\" role=\"group\" aria-roledescription=\"slide\" aria-label=\"1 de 8\"><figure class=\"swiper-slide-inner\"><img decoding=\"async\" class=\"swiper-slide-image\" src=\"https:\/\/soymigrante.com\/revista\/wp-content\/uploads\/2024\/09\/Antigua-Guatemala-jorge-ortiz-soy-migrante6-1024x680.jpg\" alt=\"Fachada hist\u00f3rica iluminada en la noche con luces c\u00e1lidas y efectos de luz por la celebraci\u00f3n de Eventos culturales en la Ciudad de M\u00e9xico.\" \/><\/figure><\/div><div class=\"swiper-slide\" role=\"group\" aria-roledescription=\"slide\" aria-label=\"2 de 8\"><figure class=\"swiper-slide-inner\"><img decoding=\"async\" class=\"swiper-slide-image\" src=\"https:\/\/soymigrante.com\/revista\/wp-content\/uploads\/2024\/09\/Antigua-Guatemala-jorge-ortiz-soy-migrante5-1024x679.webp\" alt=\"Coloridas calles de San Miguel en M\u00e9xico con arquitectura colonial y reflejos en el agua, promoviendo cultura y turismo en la comunidad.\" \/><\/figure><\/div><div class=\"swiper-slide\" role=\"group\" aria-roledescription=\"slide\" aria-label=\"3 de 8\"><figure class=\"swiper-slide-inner\"><img decoding=\"async\" class=\"swiper-slide-image\" src=\"https:\/\/soymigrante.com\/revista\/wp-content\/uploads\/2024\/09\/Antigua-Guatemala-cerro-de-la-santa-cruz-jorge-ortiz-soy-migrante-e1750356348332-1024x1024.webp\" alt=\"Cruz de madera en vista nocturna con estrellas y ciudad iluminada en el fondo, representando espiritualidad y historia en un entorno urbano, ideal para art\u00edculos sobre cultura, migraci\u00f3n y comunidades.\" \/><\/figure><\/div><div class=\"swiper-slide\" role=\"group\" aria-roledescription=\"slide\" aria-label=\"4 de 8\"><figure class=\"swiper-slide-inner\"><img decoding=\"async\" class=\"swiper-slide-image\" src=\"https:\/\/soymigrante.com\/revista\/wp-content\/uploads\/2024\/09\/Antigua-Guatemala-jorge-ortiz-soy-migrante4.webp\" alt=\"Vuelos de palomas frente a la iglesia colonial de color amarillo en un cielo azul con nubes, en un entorno cultural y arquitect\u00f3nico significativo en Am\u00e9rica Latina.\" \/><\/figure><\/div><div class=\"swiper-slide\" role=\"group\" aria-roledescription=\"slide\" aria-label=\"5 de 8\"><figure class=\"swiper-slide-inner\"><img decoding=\"async\" class=\"swiper-slide-image\" src=\"https:\/\/soymigrante.com\/revista\/wp-content\/uploads\/2024\/09\/Antigua-Guatemala-jorge-ortiz-soy-migrante3.webp\" alt=\"Ruinas de una antigua iglesia con arquitectura colonial y detalles erosionados, muestra la historia y cultura mexicana en un lugar hist\u00f3rico y tur\u00edstico en M\u00e9xico.\" \/><\/figure><\/div><div class=\"swiper-slide\" role=\"group\" aria-roledescription=\"slide\" aria-label=\"6 de 8\"><figure class=\"swiper-slide-inner\"><img decoding=\"async\" class=\"swiper-slide-image\" src=\"https:\/\/soymigrante.com\/revista\/wp-content\/uploads\/2024\/09\/Antigua-Guatemala-jorge-ortiz-soy-migrante2-1024x680.webp\" alt=\"Puente de ingenier\u00eda en construcci\u00f3n con efectos de iluminaci\u00f3n y chispas doradas, reflejando innovaci\u00f3n y tecnolog\u00eda en proyectos de infraestructura moderna.\" \/><\/figure><\/div><div class=\"swiper-slide\" role=\"group\" aria-roledescription=\"slide\" aria-label=\"7 de 8\"><figure class=\"swiper-slide-inner\"><img decoding=\"async\" class=\"swiper-slide-image\" src=\"https:\/\/soymigrante.com\/revista\/wp-content\/uploads\/2024\/09\/Antigua-Guatemala-jorge-ortiz-soy-migrante.webp\" alt=\"Galer\u00eda de im\u00e1genes de la revista SoyMigrante.com, con fotograf\u00eda de un edificio hist\u00f3rico iluminado y lluvia de rel\u00e1mpagos en un cielo dram\u00e1tico, resaltando temas de migraci\u00f3n y cultura.\" \/><\/figure><\/div><div class=\"swiper-slide\" role=\"group\" aria-roledescription=\"slide\" aria-label=\"8 de 8\"><figure class=\"swiper-slide-inner\"><img decoding=\"async\" class=\"swiper-slide-image\" src=\"https:\/\/soymigrante.com\/revista\/wp-content\/uploads\/2024\/09\/Antigua-Guatemala-jorge-ortiz-soy-migrante7-1024x686.webp\" alt=\"C\u00fapula blanca sobre tejado con volc\u00e1n en la nube al fondo, en un paisaje de monta\u00f1a y cielo azul.\" \/><\/figure><\/div>\t\t\t<\/div>\n\t\t\t\t\t\t\t\t\t\t\t\t<div class=\"elementor-swiper-button elementor-swiper-button-prev\" role=\"button\" tabindex=\"0\">\n\t\t\t\t\t\t<i aria-hidden=\"true\" class=\"eicon-chevron-left\"><\/i>\t\t\t\t\t<\/div>\n\t\t\t\t\t<div class=\"elementor-swiper-button elementor-swiper-button-next\" role=\"button\" tabindex=\"0\">\n\t\t\t\t\t\t<i aria-hidden=\"true\" class=\"eicon-chevron-right\"><\/i>\t\t\t\t\t<\/div>\n\t\t\t\t\n\t\t\t\t\t\t\t\t\t<div class=\"swiper-pagination\"><\/div>\n\t\t\t\t\t\t\t\t\t<\/div>\n\t\t\t\t\t\t<\/div>\n\t\t\t\t\t<\/div>\n\t\t\t\t<\/div>\n\t\t<div data-particle_enable=\"false\" data-particle-mobile-disabled=\"false\" class=\"elementor-element elementor-element-fe98e7a e-flex e-con-boxed e-con e-parent\" data-id=\"fe98e7a\" data-element_type=\"container\" data-e-type=\"container\">\n\t\t\t\t\t<div class=\"e-con-inner\">\n\t\t\t\t<div class=\"elementor-element elementor-element-b408be2 elementor-widget elementor-widget-text-editor\" data-id=\"b408be2\" data-element_type=\"widget\" data-e-type=\"widget\" data-widget_type=\"text-editor.default\">\n\t\t\t\t\t\t\t\t\t<p>Otros destinos que reciben visitantes desde Estados Unidos, seg\u00fan el Inguat, son: Ciudad de Guatemala, Izabal, Esquipulas, Tecp\u00e1n, playas en el Pac\u00edfico, Quetzaltenango y Huehuetenango.<\/p>\t\t\t\t\t\t\t\t<\/div>\n\t\t\t\t\t<\/div>\n\t\t\t\t<\/div>\n\t\t<div data-particle_enable=\"false\" data-particle-mobile-disabled=\"false\" class=\"elementor-element elementor-element-6a92f19 e-flex e-con-boxed e-con e-parent\" data-id=\"6a92f19\" data-element_type=\"container\" data-e-type=\"container\">\n\t\t\t\t\t<div class=\"e-con-inner\">\n\t\t\t\t<div class=\"elementor-element elementor-element-26e0526 elementor-widget elementor-widget-heading\" data-id=\"26e0526\" data-element_type=\"widget\" data-e-type=\"widget\" data-widget_type=\"heading.default\">\n\t\t\t\t\t<h3 class=\"elementor-heading-title elementor-size-default\">Conoce la cultura maya<\/h3>\t\t\t\t<\/div>\n\t\t\t\t\t<\/div>\n\t\t\t\t<\/div>\n\t\t<div data-particle_enable=\"false\" data-particle-mobile-disabled=\"false\" class=\"elementor-element elementor-element-07a7f7a e-flex e-con-boxed e-con e-parent\" data-id=\"07a7f7a\" data-element_type=\"container\" data-e-type=\"container\">\n\t\t\t\t\t<div class=\"e-con-inner\">\n\t\t\t\t<div class=\"elementor-element elementor-element-e4041a2 elementor-grid-eael-col-3 elementor-grid-tablet-eael-col-2 elementor-grid-mobile-eael-col-1 elementor-widget elementor-widget-eael-post-grid\" data-id=\"e4041a2\" data-element_type=\"widget\" data-e-type=\"widget\" data-settings=\"{&quot;eael_post_grid_columns&quot;:&quot;eael-col-3&quot;,&quot;eael_post_grid_columns_tablet&quot;:&quot;eael-col-2&quot;,&quot;eael_post_grid_columns_mobile&quot;:&quot;eael-col-1&quot;}\" data-widget_type=\"eael-post-grid.default\">\n\t\t\t\t\t<div id=\"eael-post-grid-e4041a2\" class=\"eael-post-grid-container\">\n            <div class=\"eael-post-grid eael-post-appender eael-post-appender-e4041a2 eael-post-grid-style-one\" data-layout-mode=\"masonry\"><article class=\"eael-grid-post  eael-post-grid-column eael-pg-post-9323 category-pueblos-de-guatemala\" data-id=\"9323\">\n        <div class=\"eael-grid-post-holder\">\n            <div class=\"eael-grid-post-holder-inner\"><div class=\"eael-entry-media\"><div class=\"eael-entry-overlay fade-in\"><i class=\"far fa-hand-pointer\" aria-hidden=\"true\"><\/i><a href=\"https:\/\/soymigrante.com\/revista\/el-idioma-del-pueblo-sipakapense-fue-reconocido-hasta-1987\/\"><\/a><\/div><div class=\"eael-entry-thumbnail \">\n                <img fetchpriority=\"high\" decoding=\"async\" width=\"703\" height=\"703\" src=\"https:\/\/soymigrante.com\/revista\/wp-content\/uploads\/2024\/09\/producciones-ixchel.webp\" class=\"attachment-large size-large wp-image-9324\" alt=\"Orgullosa mujer ind\u00edgena en vestimenta tradicional con banda que dice &quot;Soy Migrante&quot; en evento cultural.\" srcset=\"https:\/\/soymigrante.com\/revista\/wp-content\/uploads\/2024\/09\/producciones-ixchel.webp 703w, https:\/\/soymigrante.com\/revista\/wp-content\/uploads\/2024\/09\/producciones-ixchel-300x300.webp 300w, https:\/\/soymigrante.com\/revista\/wp-content\/uploads\/2024\/09\/producciones-ixchel-150x150.webp 150w, https:\/\/soymigrante.com\/revista\/wp-content\/uploads\/2024\/09\/producciones-ixchel-75x75.webp 75w\" sizes=\"(max-width: 703px) 100vw, 703px\" \/>\n            <\/div>\n        <\/div><div class=\"eael-entry-wrapper\"><header class=\"eael-entry-header\"><h2 class=\"eael-entry-title\"><a class=\"eael-grid-post-link\" href=\"https:\/\/soymigrante.com\/revista\/el-idioma-del-pueblo-sipakapense-fue-reconocido-hasta-1987\/\" title=\"El idioma del Pueblo Sipakapense fue reconocido hasta 1987\">El idioma del Pueblo Sipakapense fue reconocido hasta 1987<\/a><\/h2><\/header><div class=\"eael-entry-content\">\n                        <div class=\"eael-grid-post-excerpt\"><a href=\"https:\/\/soymigrante.com\/revista\/el-idioma-del-pueblo-sipakapense-fue-reconocido-hasta-1987\/\" class=\"eael-post-elements-readmore-btn\">CONOCE SU HISTORIA <\/a><\/div>\n                    <\/div><\/div><\/div>\n        <\/div>\n    <\/article><article class=\"eael-grid-post  eael-post-grid-column eael-pg-post-9129 category-pueblos-de-guatemala\" data-id=\"9129\">\n        <div class=\"eael-grid-post-holder\">\n            <div class=\"eael-grid-post-holder-inner\"><div class=\"eael-entry-media\"><div class=\"eael-entry-overlay fade-in\"><i class=\"far fa-hand-pointer\" aria-hidden=\"true\"><\/i><a href=\"https:\/\/soymigrante.com\/revista\/pueblo-tzutujil-se-cobija-en-el-lago-atitlan-hace-mas-de-7-siglos\/\"><\/a><\/div><div class=\"eael-entry-thumbnail \">\n                <img decoding=\"async\" width=\"1024\" height=\"1024\" src=\"https:\/\/soymigrante.com\/revista\/wp-content\/uploads\/2024\/09\/tzutujil-2-1-1024x1024.webp\" class=\"attachment-large size-large wp-image-9521\" alt=\"Gente ind\u00edgena con trajes tradicionales y paisaje monta\u00f1oso al fondo, reflejando cultura y tradici\u00f3n en M\u00e9xico.\" srcset=\"https:\/\/soymigrante.com\/revista\/wp-content\/uploads\/2024\/09\/tzutujil-2-1-1024x1024.webp 1024w, https:\/\/soymigrante.com\/revista\/wp-content\/uploads\/2024\/09\/tzutujil-2-1-300x300.webp 300w, https:\/\/soymigrante.com\/revista\/wp-content\/uploads\/2024\/09\/tzutujil-2-1-150x150.webp 150w, https:\/\/soymigrante.com\/revista\/wp-content\/uploads\/2024\/09\/tzutujil-2-1-768x768.webp 768w, https:\/\/soymigrante.com\/revista\/wp-content\/uploads\/2024\/09\/tzutujil-2-1-75x75.webp 75w, https:\/\/soymigrante.com\/revista\/wp-content\/uploads\/2024\/09\/tzutujil-2-1-750x750.webp 750w, https:\/\/soymigrante.com\/revista\/wp-content\/uploads\/2024\/09\/tzutujil-2-1.webp 1066w\" sizes=\"(max-width: 1024px) 100vw, 1024px\" \/>\n            <\/div>\n        <\/div><div class=\"eael-entry-wrapper\"><header class=\"eael-entry-header\"><h2 class=\"eael-entry-title\"><a class=\"eael-grid-post-link\" href=\"https:\/\/soymigrante.com\/revista\/pueblo-tzutujil-se-cobija-en-el-lago-atitlan-hace-mas-de-7-siglos\/\" title=\"Pueblo Tz&#8217;utujil lleva m\u00e1s de 700 a\u00f1os en las riberas del  lago de Atitl\u00e1n\">Pueblo Tz&#8217;utujil lleva m\u00e1s de 700 a\u00f1os en las riberas del  lago de Atitl\u00e1n<\/a><\/h2><\/header><div class=\"eael-entry-content\">\n                        <div class=\"eael-grid-post-excerpt\"><a href=\"https:\/\/soymigrante.com\/revista\/pueblo-tzutujil-se-cobija-en-el-lago-atitlan-hace-mas-de-7-siglos\/\" class=\"eael-post-elements-readmore-btn\">CONOCE SU HISTORIA <\/a><\/div>\n                    <\/div><\/div><\/div>\n        <\/div>\n    <\/article><article class=\"eael-grid-post  eael-post-grid-column eael-pg-post-1909 category-guate-nuestra\" data-id=\"1909\">\n        <div class=\"eael-grid-post-holder\">\n            <div class=\"eael-grid-post-holder-inner\"><div class=\"eael-entry-media\"><div class=\"eael-entry-overlay fade-in\"><i class=\"far fa-hand-pointer\" aria-hidden=\"true\"><\/i><a href=\"https:\/\/soymigrante.com\/revista\/concepcion-chiquirichapa-agricultura-quetzaltenango\/\"><\/a><\/div><div class=\"eael-entry-thumbnail \">\n                <img decoding=\"async\" width=\"1024\" height=\"683\" src=\"https:\/\/soymigrante.com\/revista\/wp-content\/uploads\/2023\/07\/Paulina-Sanchez-trabaja-desde-los-17-anos-de-edad-trabajo-que-heredo-de-su-familia-1024x683.webp\" class=\"attachment-large size-large wp-image-1919\" alt=\"Paulina S\u00e1nchez trabaja desde los 17 a\u00f1os de edad trabajo que heredo de su familia\" srcset=\"https:\/\/soymigrante.com\/revista\/wp-content\/uploads\/2023\/07\/Paulina-Sanchez-trabaja-desde-los-17-anos-de-edad-trabajo-que-heredo-de-su-familia-1024x683.webp 1024w, https:\/\/soymigrante.com\/revista\/wp-content\/uploads\/2023\/07\/Paulina-Sanchez-trabaja-desde-los-17-anos-de-edad-trabajo-que-heredo-de-su-familia-300x200.webp 300w, https:\/\/soymigrante.com\/revista\/wp-content\/uploads\/2023\/07\/Paulina-Sanchez-trabaja-desde-los-17-anos-de-edad-trabajo-que-heredo-de-su-familia-768x512.webp 768w, https:\/\/soymigrante.com\/revista\/wp-content\/uploads\/2023\/07\/Paulina-Sanchez-trabaja-desde-los-17-anos-de-edad-trabajo-que-heredo-de-su-familia-1536x1024.webp 1536w, https:\/\/soymigrante.com\/revista\/wp-content\/uploads\/2023\/07\/Paulina-Sanchez-trabaja-desde-los-17-anos-de-edad-trabajo-que-heredo-de-su-familia-scaled.webp 1920w, https:\/\/soymigrante.com\/revista\/wp-content\/uploads\/2023\/07\/Paulina-Sanchez-trabaja-desde-los-17-anos-de-edad-trabajo-que-heredo-de-su-familia-750x500.webp 750w, https:\/\/soymigrante.com\/revista\/wp-content\/uploads\/2023\/07\/Paulina-Sanchez-trabaja-desde-los-17-anos-de-edad-trabajo-que-heredo-de-su-familia-1140x760.webp 1140w, https:\/\/soymigrante.com\/revista\/wp-content\/uploads\/2023\/07\/Paulina-Sanchez-trabaja-desde-los-17-anos-de-edad-trabajo-que-heredo-de-su-familia-600x400.webp 600w\" sizes=\"(max-width: 1024px) 100vw, 1024px\" \/>\n            <\/div>\n        <\/div><div class=\"eael-entry-wrapper\"><header class=\"eael-entry-header\"><h2 class=\"eael-entry-title\"><a class=\"eael-grid-post-link\" href=\"https:\/\/soymigrante.com\/revista\/concepcion-chiquirichapa-agricultura-quetzaltenango\/\" title=\"Concepci\u00f3n Chiquirichapa: un pueblo de hortalizas y grandes esperanzas\">Concepci\u00f3n Chiquirichapa: un pueblo de hortalizas y grandes esperanzas<\/a><\/h2><\/header><div class=\"eael-entry-content\">\n                        <div class=\"eael-grid-post-excerpt\"><a href=\"https:\/\/soymigrante.com\/revista\/concepcion-chiquirichapa-agricultura-quetzaltenango\/\" class=\"eael-post-elements-readmore-btn\">CONOCE SU HISTORIA <\/a><\/div>\n                    <\/div><\/div><\/div>\n        <\/div>\n    <\/article><\/div>\n            <div class=\"clearfix\"><\/div>\n        <\/div>\t\t\t\t<\/div>\n\t\t\t\t\t<\/div>\n\t\t\t\t<\/div>\n\t\t\t\t<\/div>\n\t\t","protected":false},"excerpt":{"rendered":"<p>Solo este a\u00f1o m\u00e1s de 465 mil visitantes provenientes de Estados Unidos han visitado Guatemala, un pa\u00eds que te ofrece aventura extrema, comida ancestral, historia maya, arqueolog\u00eda, cultura y la hospitalidad de su gente en cada uno de sus 22 departamentos. Las fiestas de fin de a\u00f1o, fechas memorables o bodas se convierten en la [&hellip;]<\/p>\n","protected":false},"author":23,"featured_media":9648,"comment_status":"open","ping_status":"open","sticky":false,"template":"","format":"standard","meta":{"_acf_changed":true,"_eb_attr":"","footnotes":""},"categories":[58],"tags":[],"class_list":["post-9620","post","type-post","status-publish","format-standard","has-post-thumbnail","hentry","category-guate-nuestra"],"acf":[],"aioseo_notices":[],"aioseo_head":"\n\t\t<!-- All in One SEO Pro 4.9.6.2 - aioseo.com -->\n\t<meta name=\"description\" content=\"Concepci\u00f3n Chiquirichapa se destaca por su producci\u00f3n agr\u00edcola, siendo un pilar econ\u00f3mico en Quetzaltenango y fuente de esperanza para sus habitantes.\" \/>\n\t<meta name=\"robots\" content=\"max-snippet:-1, max-image-preview:large, max-video-preview:-1\" \/>\n\t<meta name=\"author\" content=\"Diana Batz\"\/>\n\t<link rel=\"canonical\" href=\"https:\/\/soymigrante.com\/revista\/concepcion-chiquirichapa-agricultura-quetzaltenango\/\" \/>\n\t<meta name=\"generator\" content=\"All in One SEO Pro (AIOSEO) 4.9.6.2\" \/>\n\n\t\t<link rel=\"preconnect\" href=\"https:\/\/fonts.googleapis.com\" crossorigin>\n<link rel=\"preconnect\" href=\"https:\/\/fonts.gstatic.com\" crossorigin>\n\t\t<meta property=\"og:locale\" content=\"es_ES\" \/>\n\t\t<meta property=\"og:site_name\" content=\"SoyMigrante.com REVISTA \u2013 Nuestra misi\u00f3n es reconocer y dignificar al migrante.\" \/>\n\t\t<meta property=\"og:type\" content=\"article\" \/>\n\t\t<meta property=\"og:title\" content=\"Concepci\u00f3n Chiquirichapa: un pueblo de hortalizas y grandes esperanzas\" \/>\n\t\t<meta property=\"og:description\" content=\"Concepci\u00f3n Chiquirichapa se destaca por su producci\u00f3n agr\u00edcola, siendo un pilar econ\u00f3mico en Quetzaltenango y fuente de esperanza para sus habitantes.\" \/>\n\t\t<meta property=\"og:url\" content=\"https:\/\/soymigrante.com\/revista\/concepcion-chiquirichapa-agricultura-quetzaltenango\/\" \/>\n\t\t<meta property=\"og:image\" content=\"https:\/\/soymigrante.com\/revista\/wp-content\/uploads\/2023\/07\/Paulina-Sanchez-trabaja-desde-los-17-anos-de-edad-trabajo-que-heredo-de-su-familia-scaled.webp\" \/>\n\t\t<meta property=\"og:image:secure_url\" content=\"https:\/\/soymigrante.com\/revista\/wp-content\/uploads\/2023\/07\/Paulina-Sanchez-trabaja-desde-los-17-anos-de-edad-trabajo-que-heredo-de-su-familia-scaled.webp\" \/>\n\t\t<meta property=\"og:image:width\" content=\"1920\" \/>\n\t\t<meta property=\"og:image:height\" content=\"1280\" \/>\n\t\t<meta property=\"article:published_time\" content=\"2023-07-26T23:35:50+00:00\" \/>\n\t\t<meta property=\"article:modified_time\" content=\"2024-07-31T12:22:24+00:00\" \/>\n\t\t<meta property=\"article:publisher\" content=\"https:\/\/www.facebook.com\/soymigrantecom\" \/>\n\t\t<meta name=\"twitter:card\" content=\"summary_large_image\" \/>\n\t\t<meta name=\"twitter:site\" content=\"@SoyMigrante_com\" \/>\n\t\t<meta name=\"twitter:title\" content=\"Concepci\u00f3n Chiquirichapa: un pueblo de hortalizas y grandes esperanzas\" \/>\n\t\t<meta name=\"twitter:description\" content=\"Concepci\u00f3n Chiquirichapa se destaca por su producci\u00f3n agr\u00edcola, siendo un pilar econ\u00f3mico en Quetzaltenango y fuente de esperanza para sus habitantes.\" \/>\n\t\t<meta name=\"twitter:creator\" content=\"@SoyMigrante_com\" \/>\n\t\t<meta name=\"twitter:image\" content=\"https:\/\/soymigrante.com\/revista\/wp-content\/uploads\/2023\/07\/Paulina-Sanchez-trabaja-desde-los-17-anos-de-edad-trabajo-que-heredo-de-su-familia-scaled.webp\" \/>\n\t\t<!-- All in One SEO Pro -->\r\n\t\t<title>Concepci\u00f3n Chiquirichapa: un pueblo de hortalizas y grandes esperanzas<\/title>\n\n","aioseo_head_json":{"title":"Concepci\u00f3n Chiquirichapa: un pueblo de hortalizas y grandes esperanzas","description":"Concepci\u00f3n Chiquirichapa se destaca por su producci\u00f3n agr\u00edcola, siendo un pilar econ\u00f3mico en Quetzaltenango y fuente de esperanza para sus habitantes.","canonical_url":"https:\/\/soymigrante.com\/revista\/concepcion-chiquirichapa-agricultura-quetzaltenango\/","robots":"max-snippet:-1, max-image-preview:large, max-video-preview:-1","keywords":"","webmasterTools":{"miscellaneous":"&lt;link rel=\"preconnect\" href=\"https:\/\/fonts.googleapis.com\" crossorigin&gt;\n&lt;link rel=\"preconnect\" href=\"https:\/\/fonts.gstatic.com\" crossorigin&gt;"},"schema":null,"og:locale":"es_ES","og:site_name":"SoyMigrante.com REVISTA \u2013 Nuestra misi\u00f3n es reconocer y dignificar al migrante.","og:type":"article","og:title":"Concepci\u00f3n Chiquirichapa: un pueblo de hortalizas y grandes esperanzas","og:description":"Concepci\u00f3n Chiquirichapa se destaca por su producci\u00f3n agr\u00edcola, siendo un pilar econ\u00f3mico en Quetzaltenango y fuente de esperanza para sus habitantes.","og:url":"https:\/\/soymigrante.com\/revista\/concepcion-chiquirichapa-agricultura-quetzaltenango\/","og:image":"https:\/\/soymigrante.com\/revista\/wp-content\/uploads\/2023\/07\/Paulina-Sanchez-trabaja-desde-los-17-anos-de-edad-trabajo-que-heredo-de-su-familia-scaled.webp","og:image:secure_url":"https:\/\/soymigrante.com\/revista\/wp-content\/uploads\/2023\/07\/Paulina-Sanchez-trabaja-desde-los-17-anos-de-edad-trabajo-que-heredo-de-su-familia-scaled.webp","og:image:width":1920,"og:image:height":1280,"article:published_time":"2023-07-26T23:35:50+00:00","article:modified_time":"2024-07-31T12:22:24+00:00","article:publisher":"https:\/\/www.facebook.com\/soymigrantecom","twitter:card":"summary_large_image","twitter:site":"@SoyMigrante_com","twitter:title":"Concepci\u00f3n Chiquirichapa: un pueblo de hortalizas y grandes esperanzas","twitter:description":"Concepci\u00f3n Chiquirichapa se destaca por su producci\u00f3n agr\u00edcola, siendo un pilar econ\u00f3mico en Quetzaltenango y fuente de esperanza para sus habitantes.","twitter:creator":"@SoyMigrante_com","twitter:image":"https:\/\/soymigrante.com\/revista\/wp-content\/uploads\/2023\/07\/Paulina-Sanchez-trabaja-desde-los-17-anos-de-edad-trabajo-que-heredo-de-su-familia-scaled.webp"},"aioseo_meta_data":{"post_id":"9620","title":"Cinco destinos tur\u00edsticos a\u00f1orados por chapines de visita","description":"Existen muchos atractivos en Guatemala pero existe un top de lugares que el migrante guatemalteco quiere volver a refrescar en la memoria y el coraz\u00f3n.","keywords":null,"keyphrases":{"focus":{"keyphrase":"destinos tur\u00edsticos","score":51,"analysis":{"keyphraseInTitle":{"score":9,"maxScore":9,"error":0},"keyphraseInDescription":{"score":3,"maxScore":9,"error":1},"keyphraseLength":{"score":9,"maxScore":9,"error":0,"length":3},"keyphraseInURL":{"score":5,"maxScore":5,"error":0},"keyphraseInIntroduction":{"score":3,"maxScore":9,"error":1},"keyphraseInSubHeadings":{"score":3,"maxScore":9,"error":1},"keyphraseInImageAlt":{"score":3,"maxScore":9,"error":1},"keywordDensity":{"score":0,"type":"low","maxScore":9,"error":1}}},"additional":[{"keyphrase":"Guatemala","score":100,"analysis":{"keyphraseInDescription":{"score":9,"maxScore":9,"error":0},"keyphraseLength":{"score":9,"maxScore":9,"error":0,"length":1},"keyphraseInIntroduction":{"score":9,"maxScore":9,"error":0},"keyphraseInImageAlt":{"score":9,"maxScore":9,"error":0},"keywordDensity":{"type":"best","score":9,"maxScore":9,"error":0}}},{"keyphrase":"chapines","score":40,"analysis":{"keyphraseInDescription":{"score":3,"maxScore":9,"error":1},"keyphraseLength":{"score":9,"maxScore":9,"error":0,"length":1},"keyphraseInIntroduction":{"score":3,"maxScore":9,"error":1},"keyphraseInImageAlt":{"score":3,"maxScore":9,"error":1},"keywordDensity":{"score":0,"type":"low","maxScore":9,"error":1}}},{"keyphrase":"vacaciones en Guatemala","score":40,"analysis":{"keyphraseInDescription":{"score":3,"maxScore":9,"error":1},"keyphraseLength":{"score":9,"maxScore":9,"error":0,"length":3},"keyphraseInIntroduction":{"score":3,"maxScore":9,"error":1},"keyphraseInImageAlt":{"score":3,"maxScore":9,"error":1},"keywordDensity":{"score":0,"type":"low","maxScore":9,"error":1}}}]},"primary_term":null,"canonical_url":null,"og_title":null,"og_description":null,"og_object_type":"default","og_image_type":"default","og_image_url":null,"og_image_width":null,"og_image_height":null,"og_image_custom_url":null,"og_image_custom_fields":null,"og_video":"","og_custom_url":null,"og_article_section":null,"og_article_tags":null,"twitter_use_og":false,"twitter_card":"default","twitter_image_type":"default","twitter_image_url":null,"twitter_image_custom_url":null,"twitter_image_custom_fields":null,"twitter_title":null,"twitter_description":null,"schema":{"blockGraphs":[],"customGraphs":[],"default":{"data":{"Article":[],"Course":[],"Dataset":[],"FAQPage":[],"Movie":[],"Person":[],"Product":[],"ProductReview":[],"Car":[],"Recipe":[],"Service":[],"SoftwareApplication":[],"WebPage":[]},"graphName":"Article","isEnabled":true},"graphs":[]},"schema_type":"default","schema_type_options":null,"pillar_content":false,"robots_default":true,"robots_noindex":false,"robots_noarchive":false,"robots_nosnippet":false,"robots_nofollow":false,"robots_noimageindex":false,"robots_noodp":false,"robots_notranslate":false,"robots_max_snippet":"-1","robots_max_videopreview":"-1","robots_max_imagepreview":"large","priority":null,"frequency":"default","local_seo":null,"seo_analyzer_scan_date":"2025-10-08 23:23:33","breadcrumb_settings":null,"limit_modified_date":false,"reviewed_by":null,"open_ai":"{\"title\":{\"suggestions\":[],\"usage\":0},\"description\":{\"suggestions\":[],\"usage\":0}}","ai":null,"created":"2024-09-23 22:05:32","updated":"2026-02-04 14:01:18"},"aioseo_breadcrumb":"<div class=\"aioseo-breadcrumbs\"><span class=\"aioseo-breadcrumb\">\n\t<a href=\"https:\/\/soymigrante.com\/revista\" title=\"Home\">Home<\/a>\n<\/span><span class=\"aioseo-breadcrumb-separator\">\u00bb<\/span><span class=\"aioseo-breadcrumb\">\n\t<a href=\"https:\/\/soymigrante.com\/revista\/category\/guate-nuestra\/\" title=\"Guate Nuestra\">Guate Nuestra<\/a>\n<\/span><span class=\"aioseo-breadcrumb-separator\">\u00bb<\/span><span class=\"aioseo-breadcrumb\">\n\t5 destinos tur\u00edsticos a\u00f1orados por los chapines que regresan de USA\n<\/span><\/div>","aioseo_breadcrumb_json":[{"label":"Home","link":"https:\/\/soymigrante.com\/revista"},{"label":"Guate Nuestra","link":"https:\/\/soymigrante.com\/revista\/category\/guate-nuestra\/"},{"label":"5 destinos tur\u00edsticos a\u00f1orados por los chapines que regresan de USA","link":"https:\/\/soymigrante.com\/revista\/5-destinos-turisticos-anorados-por-los-chapines-que-regresan-de-usa\/"}],"_links":{"self":[{"href":"https:\/\/soymigrante.com\/revista\/wp-json\/wp\/v2\/posts\/9620","targetHints":{"allow":["GET"]}}],"collection":[{"href":"https:\/\/soymigrante.com\/revista\/wp-json\/wp\/v2\/posts"}],"about":[{"href":"https:\/\/soymigrante.com\/revista\/wp-json\/wp\/v2\/types\/post"}],"author":[{"embeddable":true,"href":"https:\/\/soymigrante.com\/revista\/wp-json\/wp\/v2\/users\/23"}],"replies":[{"embeddable":true,"href":"https:\/\/soymigrante.com\/revista\/wp-json\/wp\/v2\/comments?post=9620"}],"version-history":[{"count":0,"href":"https:\/\/soymigrante.com\/revista\/wp-json\/wp\/v2\/posts\/9620\/revisions"}],"wp:featuredmedia":[{"embeddable":true,"href":"https:\/\/soymigrante.com\/revista\/wp-json\/wp\/v2\/media\/9648"}],"wp:attachment":[{"href":"https:\/\/soymigrante.com\/revista\/wp-json\/wp\/v2\/media?parent=9620"}],"wp:term":[{"taxonomy":"category","embeddable":true,"href":"https:\/\/soymigrante.com\/revista\/wp-json\/wp\/v2\/categories?post=9620"},{"taxonomy":"post_tag","embeddable":true,"href":"https:\/\/soymigrante.com\/revista\/wp-json\/wp\/v2\/tags?post=9620"}],"curies":[{"name":"wp","href":"https:\/\/api.w.org\/{rel}","templated":true}]}}