{"id":9575,"date":"2024-09-20T19:14:25","date_gmt":"2024-09-21T01:14:25","guid":{"rendered":"https:\/\/soymigrante.com\/revista\/?p=9575"},"modified":"2024-09-20T19:15:03","modified_gmt":"2024-09-21T01:15:03","slug":"relato-de-3-dias-de-amor-y-orgullo-por-guatemala-desde-texas","status":"publish","type":"post","link":"https:\/\/soymigrante.com\/revista\/relato-de-3-dias-de-amor-y-orgullo-por-guatemala-desde-texas\/","title":{"rendered":"Relato de 3 d\u00edas de amor y orgullo por Guatemala desde Texas"},"content":{"rendered":"\t\t<div data-elementor-type=\"wp-post\" data-elementor-id=\"9575\" class=\"elementor elementor-9575\" data-elementor-post-type=\"post\">\n\t\t\t\t<div data-particle_enable=\"false\" data-particle-mobile-disabled=\"false\" class=\"elementor-element elementor-element-9e51584 e-flex e-con-boxed e-con e-parent\" data-id=\"9e51584\" data-element_type=\"container\" data-e-type=\"container\">\n\t\t\t\t\t<div class=\"e-con-inner\">\n\t\t\t\t<div class=\"elementor-element elementor-element-0950850 elementor-widget elementor-widget-text-editor\" data-id=\"0950850\" data-element_type=\"widget\" data-e-type=\"widget\" data-widget_type=\"text-editor.default\">\n\t\t\t\t\t\t\t\t\t<p><b>Por Kiara Vera, activista migrante guatemalteca en Dallas Texas<\/b><\/p>\t\t\t\t\t\t\t\t<\/div>\n\t\t\t\t\t<\/div>\n\t\t\t\t<\/div>\n\t\t<div data-particle_enable=\"false\" data-particle-mobile-disabled=\"false\" class=\"elementor-element elementor-element-c520e41 e-flex e-con-boxed e-con e-parent\" data-id=\"c520e41\" data-element_type=\"container\" data-e-type=\"container\">\n\t\t\t\t\t<div class=\"e-con-inner\">\n\t\t\t\t<div class=\"elementor-element elementor-element-42a3aad elementor-widget elementor-widget-heading\" data-id=\"42a3aad\" data-element_type=\"widget\" data-e-type=\"widget\" data-widget_type=\"heading.default\">\n\t\t\t\t\t<h2 class=\"elementor-heading-title elementor-size-default\"><span style=\"font-size: 31.2px\">Andaba con solo un brazo activo porque estoy recuper\u00e1ndome de una operaci\u00f3n de hombro. Pero no quer\u00eda faltar. Desde 2021 nos han invitado a representar a Guatemala en el desfile de Gran Prairie, pero tambi\u00e9n en el Desfile de la Hispanidad de Dallas. Y el 13 de septiembre ya hab\u00eda estado en la antorcha de la libertad. Estos son algunos momentos vividos.<\/span><\/h2>\t\t\t\t<\/div>\n\t\t\t\t\t<\/div>\n\t\t\t\t<\/div>\n\t\t<div data-particle_enable=\"false\" data-particle-mobile-disabled=\"false\" class=\"elementor-element elementor-element-267c6fb e-flex e-con-boxed e-con e-parent\" data-id=\"267c6fb\" data-element_type=\"container\" data-e-type=\"container\">\n\t\t\t\t\t<div class=\"e-con-inner\">\n\t\t\t\t<div class=\"elementor-element elementor-element-52b9879 elementor-widget elementor-widget-text-editor\" data-id=\"52b9879\" data-element_type=\"widget\" data-e-type=\"widget\" data-widget_type=\"text-editor.default\">\n\t\t\t\t\t\t\t\t\t<p>El d\u00eda 13 de septiembre, particip\u00e9 con una caminata de antorcha de independencia que sali\u00f3 del consulado de Guatemala en Dallas. Es una tradici\u00f3n bonita que viene de all\u00e1 de Guatemala. Iban como 50 carros, mucha gente caminando.\u00a0<\/p><p>Lo que me impresion\u00f3 es que trabajadores yarderos o de la construcci\u00f3n iban todav\u00eda con sus uniformes y ropa de trabajo, con gran dignidad y orgullo llevando la bandera de Guatemala. Es emocinante ver esa uni\u00f3n en una ocasi\u00f3n patria.<\/p><p>Al d\u00eda siguiente en Grand Prairie, Texas nos invitaron otra vez al desfile. Nos invitan desde hace tres a\u00f1os. Es un desfile por la independencia mexicana con la cual coincidimos en fecha, aunque en distinto a\u00f1o. Pero llev\u00e1bamos trajes tradicionales ind\u00edgenas, m\u00fasica de marimba y tambi\u00e9n cantos chapines. Ese desfile fue el s\u00e1bado 14 en Grand Prairie, Texas. Fuimos solo mujeres. No pudimos identificar a ning\u00fan guatemalteco entre el p\u00fablico. Pero representamos a nuestra patria con orgullo.<\/p><p>\u00a0<\/p>\t\t\t\t\t\t\t\t<\/div>\n\t\t\t\t\t<\/div>\n\t\t\t\t<\/div>\n\t\t<div data-particle_enable=\"false\" data-particle-mobile-disabled=\"false\" class=\"elementor-element elementor-element-25d01d4 e-flex e-con-boxed e-con e-parent\" data-id=\"25d01d4\" data-element_type=\"container\" data-e-type=\"container\">\n\t\t\t\t\t<div class=\"e-con-inner\">\n\t\t\t\t<div class=\"elementor-element elementor-element-b951d70 elementor-widget elementor-widget-image\" data-id=\"b951d70\" data-element_type=\"widget\" data-e-type=\"widget\" data-widget_type=\"image.default\">\n\t\t\t\t\t\t\t\t\t\t\t\t<figure class=\"wp-caption\">\n\t\t\t\t\t\t\t\t\t\t<img fetchpriority=\"high\" decoding=\"async\" width=\"768\" height=\"515\" src=\"https:\/\/soymigrante.com\/revista\/wp-content\/uploads\/2024\/09\/guatemaltecos-dallas-migrantes-4-1024x686.webp\" class=\"attachment-large size-large wp-image-9579\" alt=\"Bandera de Guatemala en manifestaci\u00f3n cultural en el extranjero, destacando la participaci\u00f3n de inmigrantes guatemaltecos y el orgullo de la comunidad migrante en eventos internacionales.\" srcset=\"https:\/\/soymigrante.com\/revista\/wp-content\/uploads\/2024\/09\/guatemaltecos-dallas-migrantes-4-1024x686.webp 1024w, https:\/\/soymigrante.com\/revista\/wp-content\/uploads\/2024\/09\/guatemaltecos-dallas-migrantes-4-768x515.webp 768w, https:\/\/soymigrante.com\/revista\/wp-content\/uploads\/2024\/09\/guatemaltecos-dallas-migrantes-4-750x503.webp 750w\" sizes=\"(max-width: 768px) 100vw, 768px\" title=\"No \u00e9ramos muchas pero s\u00ed todas guatemaltecas y con gran entusiasmo para representar a nuestro pa\u00eds con indumentarias ind\u00edgenas, la bandera y cantos tradicionales. (Fotograf\u00eda cortes\u00eda Kiara Vera) \u2013 SoyMigrante.com REVISTA\" \/>\t\t\t\t\t\t\t\t\t\t\t<figcaption class=\"widget-image-caption wp-caption-text\">Grupo de mujeres migrantes guatemaltecas en una manifestaci\u00f3n cultural mostrando la bandera de Guatemala, promoviendo orgullo y participaci\u00f3n de la comunidad migrante en eventos internacionales.<\/figcaption>\n\t\t\t\t\t\t\t\t\t\t<\/figure>\n\t\t\t\t\t\t\t\t\t<\/div>\n\t\t\t\t\t<\/div>\n\t\t\t\t<\/div>\n\t\t<div data-particle_enable=\"false\" data-particle-mobile-disabled=\"false\" class=\"elementor-element elementor-element-ac38b69 e-flex e-con-boxed e-con e-parent\" data-id=\"ac38b69\" data-element_type=\"container\" data-e-type=\"container\">\n\t\t\t\t\t<div class=\"e-con-inner\">\n\t\t\t\t<div class=\"elementor-element elementor-element-e538ae0 elementor-widget elementor-widget-heading\" data-id=\"e538ae0\" data-element_type=\"widget\" data-e-type=\"widget\" data-widget_type=\"heading.default\">\n\t\t\t\t\t<h3 class=\"elementor-heading-title elementor-size-default\">Emocionante 15 de septiembre en FortWorth<\/h3>\t\t\t\t<\/div>\n\t\t\t\t\t<\/div>\n\t\t\t\t<\/div>\n\t\t<div data-particle_enable=\"false\" data-particle-mobile-disabled=\"false\" class=\"elementor-element elementor-element-f90e665 e-flex e-con-boxed e-con e-parent\" data-id=\"f90e665\" data-element_type=\"container\" data-e-type=\"container\">\n\t\t\t\t\t<div class=\"e-con-inner\">\n\t\t\t\t<div class=\"elementor-element elementor-element-77bd177 elementor-widget elementor-widget-text-editor\" data-id=\"77bd177\" data-element_type=\"widget\" data-e-type=\"widget\" data-widget_type=\"text-editor.default\">\n\t\t\t\t\t\t\t\t\t<p>El 15 de septiembre, el desfile fue en Dallas. Pollo Campero nos invit\u00f3 a participar y acompa\u00f1ar su carroza, porque van a abrir un restaurante en Forth Worth. Es la primera vez que Guatemala participa en el Desfile de la Herencia Hispana, que coincidi\u00f3 con el D\u00eda de la Independencia de Guatemala en domingo.<\/p><p>Est\u00e1bamos emocionados, terminando la carroza, cuidando cada detalle, arreglando otras trocas que ven\u00edan atr\u00e1s.\u00a0\u00a0<\/p>\t\t\t\t\t\t\t\t<\/div>\n\t\t\t\t\t<\/div>\n\t\t\t\t<\/div>\n\t\t<div data-particle_enable=\"false\" data-particle-mobile-disabled=\"false\" class=\"elementor-element elementor-element-d080ca1 e-flex e-con-boxed e-con e-parent\" data-id=\"d080ca1\" data-element_type=\"container\" data-e-type=\"container\">\n\t\t\t\t\t<div class=\"e-con-inner\">\n\t\t\t\t<div class=\"elementor-element elementor-element-d5615ba elementor-widget elementor-widget-image\" data-id=\"d5615ba\" data-element_type=\"widget\" data-e-type=\"widget\" data-widget_type=\"image.default\">\n\t\t\t\t\t\t\t\t\t\t\t\t<figure class=\"wp-caption\">\n\t\t\t\t\t\t\t\t\t\t<img decoding=\"async\" width=\"768\" height=\"576\" src=\"https:\/\/soymigrante.com\/revista\/wp-content\/uploads\/2024\/09\/guatemaltecos-dallas-migrantes-10-1024x768.webp\" class=\"attachment-large size-large wp-image-9580\" alt=\"Colorido grupo de migrantes en celebraci\u00f3n tradicional con bandera de Guatemala en un desfile cultural, mostrando orgullo y diversidad en el evento.\" srcset=\"https:\/\/soymigrante.com\/revista\/wp-content\/uploads\/2024\/09\/guatemaltecos-dallas-migrantes-10-1024x768.webp 1024w, https:\/\/soymigrante.com\/revista\/wp-content\/uploads\/2024\/09\/guatemaltecos-dallas-migrantes-10-300x225.webp 300w, https:\/\/soymigrante.com\/revista\/wp-content\/uploads\/2024\/09\/guatemaltecos-dallas-migrantes-10-768x576.webp 768w, https:\/\/soymigrante.com\/revista\/wp-content\/uploads\/2024\/09\/guatemaltecos-dallas-migrantes-10-750x563.webp 750w, https:\/\/soymigrante.com\/revista\/wp-content\/uploads\/2024\/09\/guatemaltecos-dallas-migrantes-10.webp 1080w\" sizes=\"(max-width: 768px) 100vw, 768px\" title=\"Prepar\u00e1ndonos para el inicio del recorrido de la carroza de Campero y de Guatemala en el Desfile Hispano de Fort Worth, que concidi\u00f3 con la fiesta de independencia guatemalteca. (Foto Kiara Vera) \u2013 SoyMigrante.com REVISTA\" \/>\t\t\t\t\t\t\t\t\t\t\t<figcaption class=\"widget-image-caption wp-caption-text\">Prepar\u00e1ndonos para el inicio del recorrido de la carroza de Campero y de Guatemala en el Desfile Hispano de Fort Worth, que concidi\u00f3 con la fiesta de independencia guatemalteca. (Foto Kiara Vera)<\/figcaption>\n\t\t\t\t\t\t\t\t\t\t<\/figure>\n\t\t\t\t\t\t\t\t\t<\/div>\n\t\t\t\t\t<\/div>\n\t\t\t\t<\/div>\n\t\t<div data-particle_enable=\"false\" data-particle-mobile-disabled=\"false\" class=\"elementor-element elementor-element-0d69a6f e-flex e-con-boxed e-con e-parent\" data-id=\"0d69a6f\" data-element_type=\"container\" data-e-type=\"container\">\n\t\t\t\t\t<div class=\"e-con-inner\">\n\t\t\t\t<div class=\"elementor-element elementor-element-f2a9874 elementor-widget elementor-widget-text-editor\" data-id=\"f2a9874\" data-element_type=\"widget\" data-e-type=\"widget\" data-widget_type=\"text-editor.default\">\n\t\t\t\t\t\t\t\t\t<p>\u00a0<\/p><p>Llegamos a las 9 y media. El desfile empez\u00f3 a las 11 y 45. Fue larga la espera, un sol muy fuerte, pero la verdad ni nos import\u00f3. Lo que s\u00ed me preocupaba eran los ni\u00f1itos, pero ellos estaban bien, entusiasfmaods. Cont\u00e1bamos an\u00e9cdotas y recuerdos de Guatemala. Se fue el tiempo y de pronto empez\u00f3. El se\u00f1or c\u00f3nsul Molina, la vicec\u00f3nsul Tania, empleados del consulado y un personero de Pollo Campero tambi\u00e9n. Ibamos en la carroza e iba repartiendo camisetas, volantes y juguetes.\u00a0 \u00a0<\/p>\t\t\t\t\t\t\t\t<\/div>\n\t\t\t\t\t<\/div>\n\t\t\t\t<\/div>\n\t\t<div data-particle_enable=\"false\" data-particle-mobile-disabled=\"false\" class=\"elementor-element elementor-element-f85193a e-flex e-con-boxed e-con e-parent\" data-id=\"f85193a\" data-element_type=\"container\" data-e-type=\"container\">\n\t\t\t\t\t<div class=\"e-con-inner\">\n\t\t\t\t<div class=\"elementor-element elementor-element-5a17438 elementor-widget elementor-widget-image\" data-id=\"5a17438\" data-element_type=\"widget\" data-e-type=\"widget\" data-widget_type=\"image.default\">\n\t\t\t\t\t\t\t\t\t\t\t\t<figure class=\"wp-caption\">\n\t\t\t\t\t\t\t\t\t\t<img decoding=\"async\" width=\"768\" height=\"576\" src=\"https:\/\/soymigrante.com\/revista\/wp-content\/uploads\/2024\/09\/guatemaltecos-dallas-migrantes-9-1024x768.webp\" class=\"attachment-large size-large wp-image-9581\" alt=\"Colorido desfile cultural con comunidad emigrante en celebraci\u00f3n tradicional en una calle urbana, con participaci\u00f3n de carrozas y habitantes disfrutando la fiesta.\" srcset=\"https:\/\/soymigrante.com\/revista\/wp-content\/uploads\/2024\/09\/guatemaltecos-dallas-migrantes-9-1024x768.webp 1024w, https:\/\/soymigrante.com\/revista\/wp-content\/uploads\/2024\/09\/guatemaltecos-dallas-migrantes-9-300x225.webp 300w, https:\/\/soymigrante.com\/revista\/wp-content\/uploads\/2024\/09\/guatemaltecos-dallas-migrantes-9-768x576.webp 768w, https:\/\/soymigrante.com\/revista\/wp-content\/uploads\/2024\/09\/guatemaltecos-dallas-migrantes-9-750x563.webp 750w, https:\/\/soymigrante.com\/revista\/wp-content\/uploads\/2024\/09\/guatemaltecos-dallas-migrantes-9.webp 1080w\" sizes=\"(max-width: 768px) 100vw, 768px\" title=\"Ya en pleno recorrido. Nos sorprendi\u00f3 y alegr\u00f3 tanto ver a grupos de guatemaltecos en el recorrido del desfile de la Hispanidad de Forth Worth, el domingo 15. (Foto Kiara Vera) \u2013 SoyMigrante.com REVISTA\" \/>\t\t\t\t\t\t\t\t\t\t\t<figcaption class=\"widget-image-caption wp-caption-text\">Celebraci\u00f3n cultural y emigrante en un desfile en la calle con carrozas tradicionales y comunidad participando en una festividad en el d\u00eda de la emigraci\u00f3n.<\/figcaption>\n\t\t\t\t\t\t\t\t\t\t<\/figure>\n\t\t\t\t\t\t\t\t\t<\/div>\n\t\t\t\t\t<\/div>\n\t\t\t\t<\/div>\n\t\t<div data-particle_enable=\"false\" data-particle-mobile-disabled=\"false\" class=\"elementor-element elementor-element-b4dc04c e-flex e-con-boxed e-con e-parent\" data-id=\"b4dc04c\" data-element_type=\"container\" data-e-type=\"container\">\n\t\t\t\t\t<div class=\"e-con-inner\">\n\t\t\t\t<div class=\"elementor-element elementor-element-9809733 elementor-widget elementor-widget-heading\" data-id=\"9809733\" data-element_type=\"widget\" data-e-type=\"widget\" data-widget_type=\"heading.default\">\n\t\t\t\t\t<h3 class=\"elementor-heading-title elementor-size-default\">Lejos de la patria el azul y blanco significa tanto<\/h3>\t\t\t\t<\/div>\n\t\t\t\t\t<\/div>\n\t\t\t\t<\/div>\n\t\t<div data-particle_enable=\"false\" data-particle-mobile-disabled=\"false\" class=\"elementor-element elementor-element-fe9a46b e-flex e-con-boxed e-con e-parent\" data-id=\"fe9a46b\" data-element_type=\"container\" data-e-type=\"container\">\n\t\t\t\t\t<div class=\"e-con-inner\">\n\t\t\t\t<div class=\"elementor-element elementor-element-8aeec1a elementor-widget elementor-widget-text-editor\" data-id=\"8aeec1a\" data-element_type=\"widget\" data-e-type=\"widget\" data-widget_type=\"text-editor.default\">\n\t\t\t\t\t\t\t\t\t<p>Unos j\u00f3venes con la bandera, saltaban, gritaban y nos saludaban. Al terminar, cantamos, bailamos, sonre\u00edmos y tenemos planes de seguir trabajando con la ciudad de Fort Worth para dar m\u00e1s a conocer nuestras ra\u00edces y cultura guatemalteca.<\/p><p>La indumentaria tradicional de los pueblos mayas es un honor lucirla. Yo llevaba el traje de San Juan Sacatep\u00e9quez pero sabemos que hay muchos m\u00e1s pueblos que pueden ser representados. Tambi\u00e9n la comunidad Gar\u00edfuna: queremos que tambi\u00e9n tengan representaci\u00f3n. Todos somos Guatemalas y estamos orgullosos. Para el pr\u00f3ximo a\u00f1o ya mand\u00e9 a hacer mi traje de Jutiapa mi tierra natal. Tambi\u00e9n quisi\u00e9ramos una indumentaria gar\u00edfuna el otro a\u00f1o<\/p>\t\t\t\t\t\t\t\t<\/div>\n\t\t\t\t\t<\/div>\n\t\t\t\t<\/div>\n\t\t<div data-particle_enable=\"false\" data-particle-mobile-disabled=\"false\" class=\"elementor-element elementor-element-36e5d9b e-flex e-con-boxed e-con e-parent\" data-id=\"36e5d9b\" data-element_type=\"container\" data-e-type=\"container\">\n\t\t\t\t\t<div class=\"e-con-inner\">\n\t\t\t\t<div class=\"elementor-element elementor-element-d42add2 elementor-widget elementor-widget-image\" data-id=\"d42add2\" data-element_type=\"widget\" data-e-type=\"widget\" data-widget_type=\"image.default\">\n\t\t\t\t\t\t\t\t\t\t\t\t\t\t\t<img loading=\"lazy\" decoding=\"async\" width=\"768\" height=\"551\" src=\"https:\/\/soymigrante.com\/revista\/wp-content\/uploads\/2024\/09\/guatemaltecos-dallas-migrantes-1-1024x735.webp\" class=\"attachment-large size-large wp-image-9582\" alt=\"Colombianas en desfile cultural con banderas tradicionales en un d\u00eda de fiesta nacional en un evento de la revista SoyMigrante.com Revista.\" srcset=\"https:\/\/soymigrante.com\/revista\/wp-content\/uploads\/2024\/09\/guatemaltecos-dallas-migrantes-1-1024x735.webp 1024w, https:\/\/soymigrante.com\/revista\/wp-content\/uploads\/2024\/09\/guatemaltecos-dallas-migrantes-1-300x215.webp 300w, https:\/\/soymigrante.com\/revista\/wp-content\/uploads\/2024\/09\/guatemaltecos-dallas-migrantes-1-768x551.webp 768w, https:\/\/soymigrante.com\/revista\/wp-content\/uploads\/2024\/09\/guatemaltecos-dallas-migrantes-1-120x86.webp 120w, https:\/\/soymigrante.com\/revista\/wp-content\/uploads\/2024\/09\/guatemaltecos-dallas-migrantes-1-350x250.webp 350w, https:\/\/soymigrante.com\/revista\/wp-content\/uploads\/2024\/09\/guatemaltecos-dallas-migrantes-1-750x538.webp 750w, https:\/\/soymigrante.com\/revista\/wp-content\/uploads\/2024\/09\/guatemaltecos-dallas-migrantes-1.webp 1080w\" sizes=\"(max-width: 768px) 100vw, 768px\" title=\"Algarab\u00eda, orgullo por Guatemala y respeto por todas nuestras culturas e idiomas. Eso vivimos en el recorrido. \u2013 SoyMigrante.com REVISTA\" \/>\t\t\t\t\t\t\t\t\t\t\t\t\t\t\t<\/div>\n\t\t\t\t\t<\/div>\n\t\t\t\t<\/div>\n\t\t<div data-particle_enable=\"false\" data-particle-mobile-disabled=\"false\" class=\"elementor-element elementor-element-0c4c9a7 e-flex e-con-boxed e-con e-parent\" data-id=\"0c4c9a7\" data-element_type=\"container\" data-e-type=\"container\">\n\t\t\t\t\t<div class=\"e-con-inner\">\n\t\t\t\t<div class=\"elementor-element elementor-element-710bf3d elementor-widget elementor-widget-heading\" data-id=\"710bf3d\" data-element_type=\"widget\" data-e-type=\"widget\" data-widget_type=\"heading.default\">\n\t\t\t\t\t<h3 class=\"elementor-heading-title elementor-size-default\">Necesitamos m\u00e1s uni\u00f3n entre chapines<\/h3>\t\t\t\t<\/div>\n\t\t\t\t\t<\/div>\n\t\t\t\t<\/div>\n\t\t<div data-particle_enable=\"false\" data-particle-mobile-disabled=\"false\" class=\"elementor-element elementor-element-9f84a5b e-flex e-con-boxed e-con e-parent\" data-id=\"9f84a5b\" data-element_type=\"container\" data-e-type=\"container\">\n\t\t\t\t\t<div class=\"e-con-inner\">\n\t\t\t\t<div class=\"elementor-element elementor-element-58dac1e elementor-widget elementor-widget-text-editor\" data-id=\"58dac1e\" data-element_type=\"widget\" data-e-type=\"widget\" data-widget_type=\"text-editor.default\">\n\t\t\t\t\t\t\t\t\t<p><span style=\"color: var( --e-global-color-text ); text-align: var(--text-align);\">Todas estas vivencias dejan un mensaje claro: debemos unirnos los guatemaltecos de Dallas y de todo Texas. A veces somos un pushito aqu\u00ed otro pushito all\u00e1 y debemos estar unidos m\u00e1s que nunca.<\/span><\/p><p><span style=\"color: var( --e-global-color-text ); text-align: var(--text-align);\">Ya estamos trabajando en eso y vamos adelantados. El pr\u00f3ximo a\u00f1o nuestro sue\u00f1o es que la participaci\u00f3n guatemalteca sea m\u00e1s grande, m\u00e1s guatemaltecos participando con banderas, adornos, playeras, indumentarias tradicionales.<\/span><\/p><div>\u00a0<\/div>\t\t\t\t\t\t\t\t<\/div>\n\t\t\t\t\t<\/div>\n\t\t\t\t<\/div>\n\t\t<div data-particle_enable=\"false\" data-particle-mobile-disabled=\"false\" class=\"elementor-element elementor-element-3151b55 e-flex e-con-boxed e-con e-parent\" data-id=\"3151b55\" data-element_type=\"container\" data-e-type=\"container\">\n\t\t\t\t\t<div class=\"e-con-inner\">\n\t\t\t\t<div class=\"elementor-element elementor-element-1bc5981 elementor-widget elementor-widget-facebook-embed\" data-id=\"1bc5981\" data-element_type=\"widget\" data-e-type=\"widget\" data-widget_type=\"facebook-embed.default\">\n\t\t\t\t\t<div style=\"min-height: 1px\" class=\"elementor-facebook-widget fb-video\" data-href=\"https:\/\/www.facebook.com\/reyna.nolasco.92\/videos\/1057570169180261\" data-show-text=\"false\" data-allowfullscreen=\"false\" data-autoplay=\"false\" data-show-captions=\"false\"><\/div>\t\t\t\t<\/div>\n\t\t\t\t\t<\/div>\n\t\t\t\t<\/div>\n\t\t<div data-particle_enable=\"false\" data-particle-mobile-disabled=\"false\" class=\"elementor-element elementor-element-99af54f e-flex e-con-boxed e-con e-parent\" data-id=\"99af54f\" data-element_type=\"container\" data-e-type=\"container\">\n\t\t\t\t\t<div class=\"e-con-inner\">\n\t\t\t\t<div class=\"elementor-element elementor-element-ae22eb3 elementor-widget elementor-widget-heading\" data-id=\"ae22eb3\" data-element_type=\"widget\" data-e-type=\"widget\" data-widget_type=\"heading.default\">\n\t\t\t\t\t<h2 class=\"elementor-heading-title elementor-size-default\">Guatemala es un tesoro multicultural<\/h2>\t\t\t\t<\/div>\n\t\t\t\t\t<\/div>\n\t\t\t\t<\/div>\n\t\t<div data-particle_enable=\"false\" data-particle-mobile-disabled=\"false\" class=\"elementor-element elementor-element-e5fe23a e-flex e-con-boxed e-con e-parent\" data-id=\"e5fe23a\" data-element_type=\"container\" data-e-type=\"container\">\n\t\t\t\t\t<div class=\"e-con-inner\">\n\t\t\t\t<div class=\"elementor-element elementor-element-122e33b elementor-widget elementor-widget-blfe-post-grid\" data-id=\"122e33b\" data-element_type=\"widget\" data-e-type=\"widget\" data-settings=\"{&quot;columns&quot;:&quot;3&quot;,&quot;columns_tablet&quot;:&quot;6&quot;,&quot;columns_mobile&quot;:&quot;12&quot;,&quot;hero1_layout_column_gap&quot;:{&quot;unit&quot;:&quot;px&quot;,&quot;size&quot;:30,&quot;sizes&quot;:[]},&quot;hero1_layout_column_gap_tablet&quot;:{&quot;unit&quot;:&quot;px&quot;,&quot;size&quot;:&quot;&quot;,&quot;sizes&quot;:[]},&quot;hero1_layout_column_gap_mobile&quot;:{&quot;unit&quot;:&quot;px&quot;,&quot;size&quot;:&quot;&quot;,&quot;sizes&quot;:[]},&quot;hero1_layout_row_gap&quot;:{&quot;unit&quot;:&quot;px&quot;,&quot;size&quot;:30,&quot;sizes&quot;:[]},&quot;hero1_layout_row_gap_tablet&quot;:{&quot;unit&quot;:&quot;px&quot;,&quot;size&quot;:&quot;&quot;,&quot;sizes&quot;:[]},&quot;hero1_layout_row_gap_mobile&quot;:{&quot;unit&quot;:&quot;px&quot;,&quot;size&quot;:&quot;&quot;,&quot;sizes&quot;:[]}}\" data-widget_type=\"blfe-post-grid.hero1\">\n\t\t\t\t<div class=\"elementor-widget-container\">\n\t\t\t\t\t\n                        <div class=\"blfe-post-grid-container \">\n            \n                <div data-skin=\"hero1\" class=\"blfe-row blfe-posts-inner blfe-hero1 blfe-posts-inner blfe-col-3 blfe-col-tab-6 blfe-col-mob-12     \">\n                            <div class=\"blfe-post-grid-item\">\n            <div class=\"blfe-post-grid-item-inner blfe-modern-zoom\">\n                        <div class=\"blfe-post-grid-bg-image\">\n            <a class=\"blfe-post-grid-image-inner\" href=\"https:\/\/soymigrante.com\/revista\/el-pueblo-popti-jakalteko-desciende-de-balunh-qana-y-hun-imox\/\" title=\"El pueblo Popt\u00ed (Jakalteko) desciende de B\u2019alunh Q\u2019ana\u2019 y Hun Imox\" rel=\"nofollow\" target=\"_blank\"><img decoding=\"async\" src=\"https:\/\/soymigrante.com\/revista\/wp-content\/uploads\/2024\/09\/popti-o-jakalteko-4.webp\" alt=\"El pueblo Popt\u00ed (Jakalteko) desciende de B\u2019alunh Q\u2019ana\u2019 y Hun Imox\"\/><\/a>        <\/div>\n                        <div class=\"blfe-post-grid-details\">\n                    <div class=\"blfe-post-grid-details-inner\">\n                        <span class=\"blfe-post-category\"><a href=\"https:\/\/soymigrante.com\/revista\/category\/guate-nuestra\/pueblos-de-guatemala\/\">Pueblos de Guatemala<\/a><\/span>                        <h3 class=\"blfe-post-grid-title\">\n            <a href=\"https:\/\/soymigrante.com\/revista\/el-pueblo-popti-jakalteko-desciende-de-balunh-qana-y-hun-imox\/\" title=\"El pueblo Popt\u00ed (Jakalteko) desciende de B\u2019alunh Q\u2019ana\u2019 y Hun Imox\" rel=\"nofollow\" target=\"_blank\">El pueblo Popt\u00ed (Jakalteko) desciende de B\u2019alunh Q\u2019ana\u2019 y Hun Imox<\/a>\n            <\/h3>                                                            <div class=\"blfe-post-grid-meta\">\n                <span class=\"blfe-post-grid-time\"><i class=\"fas fa-book-reader\"><\/i>6 Min read<\/span>            <\/div>\n                                                        <\/div>\n                <\/div>\n\n            <\/div>\n        <\/div>\n                <div class=\"blfe-post-grid-item\">\n            <div class=\"blfe-post-grid-item-inner blfe-modern-zoom\">\n                        <div class=\"blfe-post-grid-bg-image\">\n            <a class=\"blfe-post-grid-image-inner\" href=\"https:\/\/soymigrante.com\/revista\/el-itza-es-el-idioma-maya-que-lucha-por-sobrevivir\/\" title=\"El Itza&#8217; es el idioma maya que lucha por sobrevivir\" rel=\"nofollow\" target=\"_blank\"><img decoding=\"async\" src=\"https:\/\/soymigrante.com\/revista\/wp-content\/uploads\/2024\/09\/maya-itza.webp\" alt=\"El Itza&#8217; es el idioma maya que lucha por sobrevivir\"\/><\/a>        <\/div>\n                        <div class=\"blfe-post-grid-details\">\n                    <div class=\"blfe-post-grid-details-inner\">\n                        <span class=\"blfe-post-category\"><a href=\"https:\/\/soymigrante.com\/revista\/category\/guate-nuestra\/pueblos-de-guatemala\/\">Pueblos de Guatemala<\/a><\/span>                        <h3 class=\"blfe-post-grid-title\">\n            <a href=\"https:\/\/soymigrante.com\/revista\/el-itza-es-el-idioma-maya-que-lucha-por-sobrevivir\/\" title=\"El Itza&#8217; es el idioma maya que lucha por sobrevivir\" rel=\"nofollow\" target=\"_blank\">El Itza&#8217; es el idioma maya que lucha por sobrevivir<\/a>\n            <\/h3>                                                            <div class=\"blfe-post-grid-meta\">\n                <span class=\"blfe-post-grid-time\"><i class=\"fas fa-book-reader\"><\/i>8 Min read<\/span>            <\/div>\n                                                        <\/div>\n                <\/div>\n\n            <\/div>\n        <\/div>\n                <div class=\"blfe-post-grid-item\">\n            <div class=\"blfe-post-grid-item-inner blfe-modern-zoom\">\n                        <div class=\"blfe-post-grid-bg-image\">\n            <a class=\"blfe-post-grid-image-inner\" href=\"https:\/\/soymigrante.com\/revista\/etnias-de-guatemala-los-achi\/\" title=\"El pueblo Achi&#8217; es descendiente de los se\u00f1ores Rabinaleb\" rel=\"nofollow\" target=\"_blank\"><img decoding=\"async\" src=\"https:\/\/soymigrante.com\/revista\/wp-content\/uploads\/2024\/08\/Achi-14-La-Conquista-e1724976866589.webp\" alt=\"El pueblo Achi&#8217; es descendiente de los se\u00f1ores Rabinaleb\"\/><\/a>        <\/div>\n                        <div class=\"blfe-post-grid-details\">\n                    <div class=\"blfe-post-grid-details-inner\">\n                        <span class=\"blfe-post-category\"><a href=\"https:\/\/soymigrante.com\/revista\/category\/guate-nuestra\/pueblos-de-guatemala\/\">Pueblos de Guatemala<\/a><\/span>                        <h3 class=\"blfe-post-grid-title\">\n            <a href=\"https:\/\/soymigrante.com\/revista\/etnias-de-guatemala-los-achi\/\" title=\"El pueblo Achi&#8217; es descendiente de los se\u00f1ores Rabinaleb\" rel=\"nofollow\" target=\"_blank\">El pueblo Achi&#8217; es descendiente de los se\u00f1ores Rabinaleb<\/a>\n            <\/h3>                                                            <div class=\"blfe-post-grid-meta\">\n                <span class=\"blfe-post-grid-time\"><i class=\"fas fa-book-reader\"><\/i>7 Min read<\/span>            <\/div>\n                                                        <\/div>\n                <\/div>\n\n            <\/div>\n        <\/div>\n                        <\/div>\n\n                        <\/div>\n            \n                        <div class=\"blfe-post-footer\">\n                        <\/div>\n            \t\t\t\t<\/div>\n\t\t\t\t<\/div>\n\t\t\t\t\t<\/div>\n\t\t\t\t<\/div>\n\t\t\t\t<\/div>\n\t\t","protected":false},"excerpt":{"rendered":"<p>Por Kiara Vera, activista migrante guatemalteca en Dallas Texas Andaba con solo un brazo activo porque estoy recuper\u00e1ndome de una operaci\u00f3n de hombro. Pero no quer\u00eda faltar. Desde 2021 nos han invitado a representar a Guatemala en el desfile de Gran Prairie, pero tambi\u00e9n en el Desfile de la Hispanidad de Dallas. Y el 13 [&hellip;]<\/p>\n","protected":false},"author":1,"featured_media":9583,"comment_status":"open","ping_status":"open","sticky":false,"template":"","format":"standard","meta":{"_acf_changed":true,"_eb_attr":"","footnotes":""},"categories":[56],"tags":[],"class_list":["post-9575","post","type-post","status-publish","format-standard","has-post-thumbnail","hentry","category-lugar-de-voces"],"acf":[],"aioseo_notices":[],"aioseo_head":"\n\t\t<!-- All in One SEO Pro 4.9.6.2 - aioseo.com -->\n\t<meta name=\"description\" content=\"Descendientes de los antiguos Rabinaleb, tambi\u00e9n conocidos como k&#039;iche&#039; ach\u00ed, son una etnia maya guatemalteca de profundas ra\u00edces hist\u00f3ricas en Baja Verapaz.\" \/>\n\t<meta name=\"robots\" content=\"max-snippet:-1, max-image-preview:large, max-video-preview:-1\" \/>\n\t<meta name=\"author\" content=\"Edwin Castro\"\/>\n\t<link rel=\"canonical\" href=\"https:\/\/soymigrante.com\/revista\/etnias-de-guatemala-los-achi\/\" \/>\n\t<meta name=\"generator\" content=\"All in One SEO Pro (AIOSEO) 4.9.6.2\" \/>\n\n\t\t<link rel=\"preconnect\" href=\"https:\/\/fonts.googleapis.com\" crossorigin>\n<link rel=\"preconnect\" href=\"https:\/\/fonts.gstatic.com\" crossorigin>\n\t\t<meta property=\"og:locale\" content=\"es_ES\" \/>\n\t\t<meta property=\"og:site_name\" content=\"SoyMigrante.com REVISTA \u2013 Nuestra misi\u00f3n es reconocer y dignificar al migrante.\" \/>\n\t\t<meta property=\"og:type\" content=\"article\" \/>\n\t\t<meta property=\"og:title\" content=\"El pueblo Achi\u2019 es descendiente de los se\u00f1ores Rabinaleb\" \/>\n\t\t<meta property=\"og:description\" content=\"Descendientes de los antiguos Rabinaleb, tambi\u00e9n conocidos como k&#039;iche&#039; ach\u00ed, son una etnia maya guatemalteca de profundas ra\u00edces hist\u00f3ricas en Baja Verapaz.\" \/>\n\t\t<meta property=\"og:url\" content=\"https:\/\/soymigrante.com\/revista\/etnias-de-guatemala-los-achi\/\" \/>\n\t\t<meta property=\"og:image\" content=\"https:\/\/soymigrante.com\/revista\/wp-content\/uploads\/2024\/08\/Achi-14-La-Conquista-e1724976866589.webp\" \/>\n\t\t<meta property=\"og:image:secure_url\" content=\"https:\/\/soymigrante.com\/revista\/wp-content\/uploads\/2024\/08\/Achi-14-La-Conquista-e1724976866589.webp\" \/>\n\t\t<meta property=\"og:image:width\" content=\"1280\" \/>\n\t\t<meta property=\"og:image:height\" content=\"1280\" \/>\n\t\t<meta property=\"article:published_time\" content=\"2024-09-20T17:25:32+00:00\" \/>\n\t\t<meta property=\"article:modified_time\" content=\"2025-09-17T23:34:55+00:00\" \/>\n\t\t<meta property=\"article:publisher\" content=\"https:\/\/www.facebook.com\/soymigrantecom\" \/>\n\t\t<meta name=\"twitter:card\" content=\"summary_large_image\" \/>\n\t\t<meta name=\"twitter:site\" content=\"@SoyMigrante_com\" \/>\n\t\t<meta name=\"twitter:title\" content=\"El pueblo Achi\u2019 es descendiente de los se\u00f1ores Rabinaleb\" \/>\n\t\t<meta name=\"twitter:description\" content=\"Descendientes de los antiguos Rabinaleb, tambi\u00e9n conocidos como k&#039;iche&#039; ach\u00ed, son una etnia maya guatemalteca de profundas ra\u00edces hist\u00f3ricas en Baja Verapaz.\" \/>\n\t\t<meta name=\"twitter:creator\" content=\"@SoyMigrante_com\" \/>\n\t\t<meta name=\"twitter:image\" content=\"https:\/\/soymigrante.com\/revista\/wp-content\/uploads\/2024\/08\/Achi-14-La-Conquista-e1724976866589.webp\" \/>\n\t\t<!-- All in One SEO Pro -->\r\n\t\t<title>El pueblo Achi\u2019 es descendiente de los se\u00f1ores Rabinaleb<\/title>\n\n","aioseo_head_json":{"title":"El pueblo Achi\u2019 es descendiente de los se\u00f1ores Rabinaleb","description":"Descendientes de los antiguos Rabinaleb, tambi\u00e9n conocidos como k'iche' ach\u00ed, son una etnia maya guatemalteca de profundas ra\u00edces hist\u00f3ricas en Baja Verapaz.","canonical_url":"https:\/\/soymigrante.com\/revista\/etnias-de-guatemala-los-achi\/","robots":"max-snippet:-1, max-image-preview:large, max-video-preview:-1","keywords":"","webmasterTools":{"miscellaneous":"&lt;link rel=\"preconnect\" href=\"https:\/\/fonts.googleapis.com\" crossorigin&gt;\n&lt;link rel=\"preconnect\" href=\"https:\/\/fonts.gstatic.com\" crossorigin&gt;"},"schema":null,"og:locale":"es_ES","og:site_name":"SoyMigrante.com REVISTA \u2013 Nuestra misi\u00f3n es reconocer y dignificar al migrante.","og:type":"article","og:title":"El pueblo Achi\u2019 es descendiente de los se\u00f1ores Rabinaleb","og:description":"Descendientes de los antiguos Rabinaleb, tambi\u00e9n conocidos como k'iche' ach\u00ed, son una etnia maya guatemalteca de profundas ra\u00edces hist\u00f3ricas en Baja Verapaz.","og:url":"https:\/\/soymigrante.com\/revista\/etnias-de-guatemala-los-achi\/","og:image":"https:\/\/soymigrante.com\/revista\/wp-content\/uploads\/2024\/08\/Achi-14-La-Conquista-e1724976866589.webp","og:image:secure_url":"https:\/\/soymigrante.com\/revista\/wp-content\/uploads\/2024\/08\/Achi-14-La-Conquista-e1724976866589.webp","og:image:width":1280,"og:image:height":1280,"article:published_time":"2024-09-20T17:25:32+00:00","article:modified_time":"2025-09-17T23:34:55+00:00","article:publisher":"https:\/\/www.facebook.com\/soymigrantecom","twitter:card":"summary_large_image","twitter:site":"@SoyMigrante_com","twitter:title":"El pueblo Achi\u2019 es descendiente de los se\u00f1ores Rabinaleb","twitter:description":"Descendientes de los antiguos Rabinaleb, tambi\u00e9n conocidos como k'iche' ach\u00ed, son una etnia maya guatemalteca de profundas ra\u00edces hist\u00f3ricas en Baja Verapaz.","twitter:creator":"@SoyMigrante_com","twitter:image":"https:\/\/soymigrante.com\/revista\/wp-content\/uploads\/2024\/08\/Achi-14-La-Conquista-e1724976866589.webp"},"aioseo_meta_data":{"post_id":"9575","title":"Relato de 3 d\u00edas de festejos dedicados a Guatemala en Texas","description":"\"Fue emocionante ver a guatemaltecos con banderas y camisolas de la selecci\u00f3n durante el desfile de Dallas\" cuenta la activista migrante guatemalteca Kiara Vera,","keywords":null,"keyphrases":{"focus":{"keyphrase":"Guatemala","score":82,"analysis":{"keyphraseInTitle":{"score":9,"maxScore":9,"error":0},"keyphraseInDescription":{"score":3,"maxScore":9,"error":1},"keyphraseLength":{"score":9,"maxScore":9,"error":0,"length":1},"keyphraseInURL":{"score":5,"maxScore":5,"error":0},"keyphraseInIntroduction":{"score":3,"maxScore":9,"error":1},"keyphraseInSubHeadings":{"score":9,"maxScore":9,"error":0},"keyphraseInImageAlt":{"score":9,"maxScore":9,"error":0},"keywordDensity":{"type":"best","score":9,"maxScore":9,"error":0}}},"additional":[{"keyphrase":"Migrante","score":67,"analysis":{"keyphraseInDescription":{"score":9,"maxScore":9,"error":0},"keyphraseLength":{"score":9,"maxScore":9,"error":0,"length":1},"keyphraseInIntroduction":{"score":9,"maxScore":9,"error":0},"keyphraseInImageAlt":{"score":3,"maxScore":9,"error":1},"keywordDensity":{"score":0,"type":"low","maxScore":9,"error":1}}},{"keyphrase":"Dallas","score":87,"analysis":{"keyphraseInDescription":{"score":9,"maxScore":9,"error":0},"keyphraseLength":{"score":9,"maxScore":9,"error":0,"length":1},"keyphraseInIntroduction":{"score":9,"maxScore":9,"error":0},"keyphraseInImageAlt":{"score":3,"maxScore":9,"error":1},"keywordDensity":{"type":"best","score":9,"maxScore":9,"error":0}}}]},"primary_term":null,"canonical_url":null,"og_title":null,"og_description":null,"og_object_type":"default","og_image_type":"default","og_image_url":null,"og_image_width":null,"og_image_height":null,"og_image_custom_url":null,"og_image_custom_fields":null,"og_video":"","og_custom_url":null,"og_article_section":null,"og_article_tags":null,"twitter_use_og":false,"twitter_card":"default","twitter_image_type":"default","twitter_image_url":null,"twitter_image_custom_url":null,"twitter_image_custom_fields":null,"twitter_title":null,"twitter_description":null,"schema":{"blockGraphs":[],"customGraphs":[],"default":{"data":{"Article":[],"Course":[],"Dataset":[],"FAQPage":[],"Movie":[],"Person":[],"Product":[],"ProductReview":[],"Car":[],"Recipe":[],"Service":[],"SoftwareApplication":[],"WebPage":[]},"graphName":"Article","isEnabled":true},"graphs":[]},"schema_type":"default","schema_type_options":null,"pillar_content":false,"robots_default":true,"robots_noindex":false,"robots_noarchive":false,"robots_nosnippet":false,"robots_nofollow":false,"robots_noimageindex":false,"robots_noodp":false,"robots_notranslate":false,"robots_max_snippet":"-1","robots_max_videopreview":"-1","robots_max_imagepreview":"large","priority":null,"frequency":"default","local_seo":null,"seo_analyzer_scan_date":"2025-10-08 23:17:11","breadcrumb_settings":null,"limit_modified_date":false,"reviewed_by":null,"open_ai":"{\"title\":{\"suggestions\":[],\"usage\":0},\"description\":{\"suggestions\":[],\"usage\":0}}","ai":null,"created":"2024-09-21 00:30:10","updated":"2026-02-04 13:35:43"},"aioseo_breadcrumb":"<div class=\"aioseo-breadcrumbs\"><span class=\"aioseo-breadcrumb\">\n\t<a href=\"https:\/\/soymigrante.com\/revista\" title=\"Home\">Home<\/a>\n<\/span><span class=\"aioseo-breadcrumb-separator\">\u00bb<\/span><span class=\"aioseo-breadcrumb\">\n\t<a href=\"https:\/\/soymigrante.com\/revista\/category\/estamos-unidos\/\" title=\"Estamos Unidos\">Estamos Unidos<\/a>\n<\/span><span class=\"aioseo-breadcrumb-separator\">\u00bb<\/span><span class=\"aioseo-breadcrumb\">\n\t<a href=\"https:\/\/soymigrante.com\/revista\/category\/estamos-unidos\/lugar-de-voces\/\" title=\"Lugar de Voces\">Lugar de Voces<\/a>\n<\/span><span class=\"aioseo-breadcrumb-separator\">\u00bb<\/span><span class=\"aioseo-breadcrumb\">\n\tRelato de 3 d\u00edas de amor y orgullo por Guatemala desde Texas\n<\/span><\/div>","aioseo_breadcrumb_json":[{"label":"Home","link":"https:\/\/soymigrante.com\/revista"},{"label":"Estamos Unidos","link":"https:\/\/soymigrante.com\/revista\/category\/estamos-unidos\/"},{"label":"Lugar de Voces","link":"https:\/\/soymigrante.com\/revista\/category\/estamos-unidos\/lugar-de-voces\/"},{"label":"Relato de 3 d\u00edas de amor y orgullo por Guatemala desde Texas","link":"https:\/\/soymigrante.com\/revista\/relato-de-3-dias-de-amor-y-orgullo-por-guatemala-desde-texas\/"}],"_links":{"self":[{"href":"https:\/\/soymigrante.com\/revista\/wp-json\/wp\/v2\/posts\/9575","targetHints":{"allow":["GET"]}}],"collection":[{"href":"https:\/\/soymigrante.com\/revista\/wp-json\/wp\/v2\/posts"}],"about":[{"href":"https:\/\/soymigrante.com\/revista\/wp-json\/wp\/v2\/types\/post"}],"author":[{"embeddable":true,"href":"https:\/\/soymigrante.com\/revista\/wp-json\/wp\/v2\/users\/1"}],"replies":[{"embeddable":true,"href":"https:\/\/soymigrante.com\/revista\/wp-json\/wp\/v2\/comments?post=9575"}],"version-history":[{"count":0,"href":"https:\/\/soymigrante.com\/revista\/wp-json\/wp\/v2\/posts\/9575\/revisions"}],"wp:featuredmedia":[{"embeddable":true,"href":"https:\/\/soymigrante.com\/revista\/wp-json\/wp\/v2\/media\/9583"}],"wp:attachment":[{"href":"https:\/\/soymigrante.com\/revista\/wp-json\/wp\/v2\/media?parent=9575"}],"wp:term":[{"taxonomy":"category","embeddable":true,"href":"https:\/\/soymigrante.com\/revista\/wp-json\/wp\/v2\/categories?post=9575"},{"taxonomy":"post_tag","embeddable":true,"href":"https:\/\/soymigrante.com\/revista\/wp-json\/wp\/v2\/tags?post=9575"}],"curies":[{"name":"wp","href":"https:\/\/api.w.org\/{rel}","templated":true}]}}