{"id":9560,"date":"2024-09-27T13:16:01","date_gmt":"2024-09-27T19:16:01","guid":{"rendered":"https:\/\/soymigrante.com\/revista\/?p=9560"},"modified":"2024-09-27T13:16:38","modified_gmt":"2024-09-27T19:16:38","slug":"elecciones-usa-2024-informe-refleja-percepciones-fortalezas-y-debilidades-de-harris-o-trump","status":"publish","type":"post","link":"https:\/\/soymigrante.com\/revista\/elecciones-usa-2024-informe-refleja-percepciones-fortalezas-y-debilidades-de-harris-o-trump\/","title":{"rendered":"Elecciones USA 2024: Informe  refleja percepciones fortalezas y debilidades de Harris o Trump"},"content":{"rendered":"\t\t<div data-elementor-type=\"wp-post\" data-elementor-id=\"9560\" class=\"elementor elementor-9560\" data-elementor-post-type=\"post\">\n\t\t\t\t<div data-particle_enable=\"false\" data-particle-mobile-disabled=\"false\" class=\"elementor-element elementor-element-c49137b e-flex e-con-boxed e-con e-parent\" data-id=\"c49137b\" data-element_type=\"container\" data-e-type=\"container\">\n\t\t\t\t\t<div class=\"e-con-inner\">\n\t\t\t\t<div class=\"elementor-element elementor-element-3f61a32 elementor-widget elementor-widget-heading\" data-id=\"3f61a32\" data-element_type=\"widget\" data-e-type=\"widget\" data-widget_type=\"heading.default\">\n\t\t\t\t\t<h2 class=\"elementor-heading-title elementor-size-default\">El Centro de Investigaciones Pew public\u00f3 en septiembre un informe relacionado sobre los aciertos y desaciertos de Kamala Harris y Donald Trump previo a las elecciones general. \u00bfEst\u00e1n empatados?<\/h2>\t\t\t\t<\/div>\n\t\t\t\t\t<\/div>\n\t\t\t\t<\/div>\n\t\t<div data-particle_enable=\"false\" data-particle-mobile-disabled=\"false\" class=\"elementor-element elementor-element-68c2009 e-flex e-con-boxed e-con e-parent\" data-id=\"68c2009\" data-element_type=\"container\" data-e-type=\"container\">\n\t\t\t\t\t<div class=\"e-con-inner\">\n\t\t\t\t<div class=\"elementor-element elementor-element-963073c elementor-widget elementor-widget-text-editor\" data-id=\"963073c\" data-element_type=\"widget\" data-e-type=\"widget\" data-widget_type=\"text-editor.default\">\n\t\t\t\t\t\t\t\t\t<p><span style=\"color: var( --e-global-color-text );text-align: var(--text-align)\">La votaci\u00f3n de elecciones generales en <a href=\"https:\/\/soymigrante.com\/revista\/ojo-habra-cambios-para-solicitar-visa-americana-en-guatemala\/\">Estados Unidos<\/a> est\u00e1 programada para el 5 de noviembre pr\u00f3ximo. En este informe, <a href=\"https:\/\/www.pewresearch.org\/politics\/2024\/09\/09\/in-tied-presidential-race-harris-and-trump-have-contrasting-strengths-weaknesses\/\">Pew Research Center en ingl\u00e9s<\/a>, hace alusi\u00f3n a los aciertos y desaciertos de cada candidato.\u00a0<\/span><\/p><p>Pew encuest\u00f3 a 9 mil 720 adultos, entre ellos 8 mil 44 votantes, efectuado del 26 de agosto al 2 de septiembre de 2024.\u00a0\u00a0<\/p><p>A continuaci\u00f3n, te los exponemos.<\/p>\t\t\t\t\t\t\t\t<\/div>\n\t\t\t\t\t<\/div>\n\t\t\t\t<\/div>\n\t\t<div data-particle_enable=\"false\" data-particle-mobile-disabled=\"false\" class=\"elementor-element elementor-element-51498f5 e-flex e-con-boxed e-con e-parent\" data-id=\"51498f5\" data-element_type=\"container\" data-e-type=\"container\">\n\t\t\t\t\t<div class=\"e-con-inner\">\n\t\t\t\t<div class=\"elementor-element elementor-element-5e69247 elementor-widget elementor-widget-image\" data-id=\"5e69247\" data-element_type=\"widget\" data-e-type=\"widget\" data-widget_type=\"image.default\">\n\t\t\t\t\t\t\t\t\t\t\t\t<figure class=\"wp-caption\">\n\t\t\t\t\t\t\t\t\t\t<img fetchpriority=\"high\" decoding=\"async\" width=\"768\" height=\"512\" src=\"https:\/\/soymigrante.com\/revista\/wp-content\/uploads\/2024\/09\/elecciones-usa-soy-migrante2-1024x683.webp\" class=\"attachment-large size-large wp-image-9563\" alt=\"Bandera de Estados Unidos en el Capitolio, s\u00edmbolo de migrantes en manifestaci\u00f3n en Washington, DC, durante evento de la revista SoyMigrante.com Revista, mostrando la lucha migratoria.\" srcset=\"https:\/\/soymigrante.com\/revista\/wp-content\/uploads\/2024\/09\/elecciones-usa-soy-migrante2-1024x683.webp 1024w, https:\/\/soymigrante.com\/revista\/wp-content\/uploads\/2024\/09\/elecciones-usa-soy-migrante2-300x200.webp 300w, https:\/\/soymigrante.com\/revista\/wp-content\/uploads\/2024\/09\/elecciones-usa-soy-migrante2-768x512.webp 768w, https:\/\/soymigrante.com\/revista\/wp-content\/uploads\/2024\/09\/elecciones-usa-soy-migrante2-1536x1024.webp 1536w, https:\/\/soymigrante.com\/revista\/wp-content\/uploads\/2024\/09\/elecciones-usa-soy-migrante2-scaled.webp 1920w, https:\/\/soymigrante.com\/revista\/wp-content\/uploads\/2024\/09\/elecciones-usa-soy-migrante2-750x500.webp 750w, https:\/\/soymigrante.com\/revista\/wp-content\/uploads\/2024\/09\/elecciones-usa-soy-migrante2-1140x760.webp 1140w\" sizes=\"(max-width: 768px) 100vw, 768px\" title=\"elecciones usa soy migrante2 \u2013 SoyMigrante.com REVISTA\" \/>\t\t\t\t\t\t\t\t\t\t\t<figcaption class=\"widget-image-caption wp-caption-text\">Manifestaci\u00f3n de migrantes en Washington frente al Capitolio, con bandera de EE.UU., resaltando temas de migraci\u00f3n, derechos de migrantes y la importancia de la comunidad migrante en Estados Unidos.<\/figcaption>\n\t\t\t\t\t\t\t\t\t\t<\/figure>\n\t\t\t\t\t\t\t\t\t<\/div>\n\t\t\t\t\t<\/div>\n\t\t\t\t<\/div>\n\t\t<div data-particle_enable=\"false\" data-particle-mobile-disabled=\"false\" class=\"elementor-element elementor-element-39cdce8 e-flex e-con-boxed e-con e-parent\" data-id=\"39cdce8\" data-element_type=\"container\" data-e-type=\"container\">\n\t\t\t\t\t<div class=\"e-con-inner\">\n\t\t\t\t<div class=\"elementor-element elementor-element-53b548f elementor-widget elementor-widget-heading\" data-id=\"53b548f\" data-element_type=\"widget\" data-e-type=\"widget\" data-widget_type=\"heading.default\">\n\t\t\t\t\t<h3 class=\"elementor-heading-title elementor-size-default\">Perspectivas<\/h3>\t\t\t\t<\/div>\n\t\t\t\t\t<\/div>\n\t\t\t\t<\/div>\n\t\t<div data-particle_enable=\"false\" data-particle-mobile-disabled=\"false\" class=\"elementor-element elementor-element-b3b90d6 e-flex e-con-boxed e-con e-parent\" data-id=\"b3b90d6\" data-element_type=\"container\" data-e-type=\"container\">\n\t\t\t\t\t<div class=\"e-con-inner\">\n\t\t\t\t<div class=\"elementor-element elementor-element-6e59ee9 elementor-widget elementor-widget-text-editor\" data-id=\"6e59ee9\" data-element_type=\"widget\" data-e-type=\"widget\" data-widget_type=\"text-editor.default\">\n\t\t\t\t\t\t\t\t\t<p><span style=\"color: var( --e-global-color-text );text-align: var(--text-align)\"><b>Kamala Harris<\/b><\/span><\/p><p><b>Aborto: <\/b>Harris tiene la confianza en un 55% de los votantes en comparaci\u00f3n con Trump (44%) sobre el manejo y experiencia en este tema.<br \/><b>Caracter\u00edsticas: <\/b>Es un modelo a seguir (19 de puntos porcentuales), realista (aventaja a Trump en 13 puntos), y honestidad en 8 puntos.<br \/><b>Agudeza Mental:<\/b> El 61% de los encuestados refieren que ella ha presentado m\u00e1s \u201cagudeza mental, mientras que el 52% dice que Trump decay\u00f3.<br \/><b>Apoyo de voto: <\/b>Ventaja de votos de poblaci\u00f3n afroamericana en un 84% frente a un 13%, votantes asi\u00e1ticos en un 61% frente a un 37%.<br \/>Los candidatos de Harris son m\u00e1s proclives (42%) que los partidarios de Trump (16%) en pensar que la raza y\u00a0<a href=\"https:\/\/soymigrante.com\/revista\/pueblo-ladino-integra-raices-y-mestizajes-de-guatemala\/\" target=\"_blank\" rel=\"noopener\">etnia<\/a>\u00a0de Harris tendr\u00e1 un pacto negativo en la votaci\u00f3n.<br \/>Respecto a las <b>elecciones del 2020<\/b>, los partidarios de Harris dicen abrumadoramente que Trump viol\u00f3 la ley (88%).<\/p>\t\t\t\t\t\t\t\t<\/div>\n\t\t\t\t\t<\/div>\n\t\t\t\t<\/div>\n\t\t<div data-particle_enable=\"false\" data-particle-mobile-disabled=\"false\" class=\"elementor-element elementor-element-5e4051a e-flex e-con-boxed e-con e-parent\" data-id=\"5e4051a\" data-element_type=\"container\" data-e-type=\"container\">\n\t\t\t\t\t<div class=\"e-con-inner\">\n\t\t\t\t<div class=\"elementor-element elementor-element-84b64b9 elementor-widget elementor-widget-image\" data-id=\"84b64b9\" data-element_type=\"widget\" data-e-type=\"widget\" data-widget_type=\"image.default\">\n\t\t\t\t\t\t\t\t\t\t\t\t<figure class=\"wp-caption\">\n\t\t\t\t\t\t\t\t\t\t<img decoding=\"async\" width=\"563\" height=\"1024\" src=\"https:\/\/soymigrante.com\/revista\/wp-content\/uploads\/2024\/09\/trump-harris-563x1024.webp\" class=\"attachment-large size-large wp-image-9564\" alt=\"Decisiones econ\u00f3micas e inmigraci\u00f3n en EE. UU. seg\u00fan encuestas de votantes, con enfoque en pol\u00edtica, confianza y rasgos personales, resaltando diferencias entre Trump y Harris.\" srcset=\"https:\/\/soymigrante.com\/revista\/wp-content\/uploads\/2024\/09\/trump-harris-563x1024.webp 563w, https:\/\/soymigrante.com\/revista\/wp-content\/uploads\/2024\/09\/trump-harris-165x300.webp 165w, https:\/\/soymigrante.com\/revista\/wp-content\/uploads\/2024\/09\/trump-harris.webp 620w\" sizes=\"(max-width: 563px) 100vw, 563px\" title=\"trump harris \u2013 SoyMigrante.com REVISTA\" \/>\t\t\t\t\t\t\t\t\t\t\t<figcaption class=\"widget-image-caption wp-caption-text\">An\u00e1lisis de datos sobre preferencias de votantes respecto a econom\u00eda, inmigraci\u00f3n y rasgos personales en EE. UU. por Pew Research Center.<\/figcaption>\n\t\t\t\t\t\t\t\t\t\t<\/figure>\n\t\t\t\t\t\t\t\t\t<\/div>\n\t\t\t\t\t<\/div>\n\t\t\t\t<\/div>\n\t\t<div data-particle_enable=\"false\" data-particle-mobile-disabled=\"false\" class=\"elementor-element elementor-element-49e1ef2 e-flex e-con-boxed e-con e-parent\" data-id=\"49e1ef2\" data-element_type=\"container\" data-e-type=\"container\">\n\t\t\t\t\t<div class=\"e-con-inner\">\n\t\t\t\t<div class=\"elementor-element elementor-element-6a4fe60 elementor-widget elementor-widget-text-editor\" data-id=\"6a4fe60\" data-element_type=\"widget\" data-e-type=\"widget\" data-widget_type=\"text-editor.default\">\n\t\t\t\t\t\t\t\t\t<p><b>Donald Trump<br \/>Econom\u00eda:<\/b> Un 55% de los votantes conf\u00eda en que Trump es el candidato que tomar\u00e1 decisiones acertadas en\u00a0<a href=\"https:\/\/soymigrante.com\/revista\/en-8-meses-de-2024-remesas-migrantes-guatemaltecas-superan-todo-el-20152016\/\" target=\"_blank\" rel=\"noopener\">pol\u00edtica econ\u00f3mica<\/a>. Harris obtuvo un 45%. <br \/>Caracter\u00edsticas: <br \/><b>Apoyo de voto:<\/b> Trump aventaja a Harris con el voto de blancos, un 56% frente a un 42%. <br \/>Casi la mitad de los votantes (49%) dicen que<b> la edad<\/b> de Trump perjudicar\u00e1 su candidatura.<br \/><b>A partir de las elecciones del 2020<\/b>, m\u00e1s de cuatro de cada diez votantes (46%) dicen que Trump viol\u00f3 la ley en un esfuerzo por cambiar el resultado de las elecciones de 2020, mientras que otro 14% dice que hizo algo malo pero no viol\u00f3 la ley. Los partidarios de Trump est\u00e1n divididos: el 54% dice que no hizo nada malo, mientras que el 27% dice que hizo algo malo o viol\u00f3 la ley.<\/p>\t\t\t\t\t\t\t\t<\/div>\n\t\t\t\t\t<\/div>\n\t\t\t\t<\/div>\n\t\t<div data-particle_enable=\"false\" data-particle-mobile-disabled=\"false\" class=\"elementor-element elementor-element-2fd18f6 e-flex e-con-boxed e-con e-parent\" data-id=\"2fd18f6\" data-element_type=\"container\" data-e-type=\"container\">\n\t\t\t\t\t<div class=\"e-con-inner\">\n\t\t\t\t<div class=\"elementor-element elementor-element-b3f9a15 elementor-arrows-position-inside elementor-pagination-position-outside elementor-widget elementor-widget-image-carousel\" data-id=\"b3f9a15\" data-element_type=\"widget\" data-e-type=\"widget\" data-settings=\"{&quot;slides_to_show&quot;:&quot;1&quot;,&quot;navigation&quot;:&quot;both&quot;,&quot;autoplay&quot;:&quot;yes&quot;,&quot;pause_on_hover&quot;:&quot;yes&quot;,&quot;pause_on_interaction&quot;:&quot;yes&quot;,&quot;autoplay_speed&quot;:5000,&quot;infinite&quot;:&quot;yes&quot;,&quot;effect&quot;:&quot;slide&quot;,&quot;speed&quot;:500}\" data-widget_type=\"image-carousel.default\">\n\t\t\t\t\t\t\t<div class=\"elementor-image-carousel-wrapper swiper\" role=\"region\" aria-roledescription=\"carousel\" aria-label=\"Carrusel de im\u00e1genes\" dir=\"ltr\">\n\t\t\t<div class=\"elementor-image-carousel swiper-wrapper\" aria-live=\"off\">\n\t\t\t\t\t\t\t\t<div class=\"swiper-slide\" role=\"group\" aria-roledescription=\"slide\" aria-label=\"1 de 2\"><figure class=\"swiper-slide-inner\"><img decoding=\"async\" class=\"swiper-slide-image\" src=\"https:\/\/soymigrante.com\/revista\/wp-content\/uploads\/2024\/09\/trump-harris-soy-migrante2.webp\" alt=\"Voto de encuestados sobre la elecci\u00f3n presidencial en EE.UU. para 2024, mostrando empate entre Harris\/Lean Harris y Trump\/Lean Trump, basado en datos de Pew Research Center, agosto-septiembre 2024.\" \/><\/figure><\/div><div class=\"swiper-slide\" role=\"group\" aria-roledescription=\"slide\" aria-label=\"2 de 2\"><figure class=\"swiper-slide-inner\"><img decoding=\"async\" class=\"swiper-slide-image\" src=\"https:\/\/soymigrante.com\/revista\/wp-content\/uploads\/2024\/09\/votos-trump-harris-1.webp\" alt=\"Candidatos pol\u00edticos y decisiones clave en econom\u00eda y aborto seg\u00fan votantes registrados en EE.UU., con an\u00e1lisis de confianza y perfiles de Harris y Trump.\" \/><\/figure><\/div>\t\t\t<\/div>\n\t\t\t\t\t\t\t\t\t\t\t\t<div class=\"elementor-swiper-button elementor-swiper-button-prev\" role=\"button\" tabindex=\"0\">\n\t\t\t\t\t\t<i aria-hidden=\"true\" class=\"eicon-chevron-left\"><\/i>\t\t\t\t\t<\/div>\n\t\t\t\t\t<div class=\"elementor-swiper-button elementor-swiper-button-next\" role=\"button\" tabindex=\"0\">\n\t\t\t\t\t\t<i aria-hidden=\"true\" class=\"eicon-chevron-right\"><\/i>\t\t\t\t\t<\/div>\n\t\t\t\t\n\t\t\t\t\t\t\t\t\t<div class=\"swiper-pagination\"><\/div>\n\t\t\t\t\t\t\t\t\t<\/div>\n\t\t\t\t\t\t<\/div>\n\t\t\t\t\t<\/div>\n\t\t\t\t<\/div>\n\t\t<div data-particle_enable=\"false\" data-particle-mobile-disabled=\"false\" class=\"elementor-element elementor-element-f340a75 e-flex e-con-boxed e-con e-parent\" data-id=\"f340a75\" data-element_type=\"container\" data-e-type=\"container\">\n\t\t\t\t\t<div class=\"e-con-inner\">\n\t\t\t\t<div class=\"elementor-element elementor-element-7295c96 elementor-widget elementor-widget-heading\" data-id=\"7295c96\" data-element_type=\"widget\" data-e-type=\"widget\" data-widget_type=\"heading.default\">\n\t\t\t\t\t<h3 class=\"elementor-heading-title elementor-size-default\">Temas a considerar<\/h3>\t\t\t\t<\/div>\n\t\t\t\t\t<\/div>\n\t\t\t\t<\/div>\n\t\t<div data-particle_enable=\"false\" data-particle-mobile-disabled=\"false\" class=\"elementor-element elementor-element-8a11972 e-flex e-con-boxed e-con e-parent\" data-id=\"8a11972\" data-element_type=\"container\" data-e-type=\"container\">\n\t\t\t\t\t<div class=\"e-con-inner\">\n\t\t\t\t<div class=\"elementor-element elementor-element-e208100 elementor-widget elementor-widget-text-editor\" data-id=\"e208100\" data-element_type=\"widget\" data-e-type=\"widget\" data-widget_type=\"text-editor.default\">\n\t\t\t\t\t\t\t\t\t<ul>\n<li>Los estadounidenses muestran opiniones negativas sobre la<a href=\"https:\/\/soymigrante.com\/revista\/como-manejar-las-remesas-claves-para-aprovechar-al-maximo\/\" target=\"_blank\"> situaci\u00f3n econ\u00f3mica&nbsp;<\/a>en ese pa\u00eds. De los encuestados solo el 25% refiere que la econom\u00eda es positiva.<\/li>\n<li>En relaci\u00f3n a la raza y etnias, g\u00e9nero y edades de Harris y Trump, en las pr\u00f3ximas elecciones Harris podr\u00eda convertirse en la primera mujer, la primera asi\u00e1tica estadounidense y la primera presidenta afroamericana en asumir la presidencia.<\/li>\n<li>Sobre investigar a opositores: M\u00e1s de la mitad de los partidarios de Trump (54%) dicen que definitivamente o probablemente ser\u00eda aceptable que Trump ordene a las autoridades federales que investiguen a los oponentes dem\u00f3cratas, ante un 27% de los partidarios de Harris.<\/li>\n<li>La mayor\u00eda de los partidarios de Trump (58%) y de Harris (55%) dicen que ser\u00eda aceptable que su candidato, si gana, use \u00f3rdenes ejecutivas para implementar pol\u00edticas cuando no puede lograr que sus prioridades sean aprobadas por el Congreso.<\/li>\n<\/ul>\t\t\t\t\t\t\t\t<\/div>\n\t\t\t\t\t<\/div>\n\t\t\t\t<\/div>\n\t\t<div data-particle_enable=\"false\" data-particle-mobile-disabled=\"false\" class=\"elementor-element elementor-element-d58b840 e-flex e-con-boxed e-con e-parent\" data-id=\"d58b840\" data-element_type=\"container\" data-e-type=\"container\">\n\t\t\t\t\t<div class=\"e-con-inner\">\n\t\t\t\t<div class=\"elementor-element elementor-element-a9ee7ba elementor-widget elementor-widget-image\" data-id=\"a9ee7ba\" data-element_type=\"widget\" data-e-type=\"widget\" data-widget_type=\"image.default\">\n\t\t\t\t\t\t\t\t\t\t\t\t<figure class=\"wp-caption\">\n\t\t\t\t\t\t\t\t\t\t<img decoding=\"async\" width=\"768\" height=\"438\" src=\"https:\/\/soymigrante.com\/revista\/wp-content\/uploads\/2024\/09\/elecciones-usa-soy-migrante-1024x584.webp\" class=\"attachment-large size-large wp-image-9568\" alt=\"Manifestaci\u00f3n en la fachada del Capitolio de EE. UU. promoviendo las elecciones americanas 2024, con diversidad de personas y una pancarta destacando la importancia del proceso electoral en Estados Unidos.\" srcset=\"https:\/\/soymigrante.com\/revista\/wp-content\/uploads\/2024\/09\/elecciones-usa-soy-migrante-1024x584.webp 1024w, https:\/\/soymigrante.com\/revista\/wp-content\/uploads\/2024\/09\/elecciones-usa-soy-migrante-300x171.webp 300w, https:\/\/soymigrante.com\/revista\/wp-content\/uploads\/2024\/09\/elecciones-usa-soy-migrante-768x438.webp 768w, https:\/\/soymigrante.com\/revista\/wp-content\/uploads\/2024\/09\/elecciones-usa-soy-migrante-1536x876.webp 1536w, https:\/\/soymigrante.com\/revista\/wp-content\/uploads\/2024\/09\/elecciones-usa-soy-migrante-scaled.webp 1920w, https:\/\/soymigrante.com\/revista\/wp-content\/uploads\/2024\/09\/elecciones-usa-soy-migrante-750x428.webp 750w, https:\/\/soymigrante.com\/revista\/wp-content\/uploads\/2024\/09\/elecciones-usa-soy-migrante-1140x650.webp 1140w\" sizes=\"(max-width: 768px) 100vw, 768px\" title=\"elecciones usa soy migrante \u2013 SoyMigrante.com REVISTA\" \/>\t\t\t\t\t\t\t\t\t\t\t<figcaption class=\"widget-image-caption wp-caption-text\">Diversidad en manifestaci\u00f3n frente al Capitolio de EE. UU., apoyando las elecciones 2024 con una pancarta sobre las elecciones americanas, reflejando participaci\u00f3n ciudadana y temas pol\u00edticos importantes.<\/figcaption>\n\t\t\t\t\t\t\t\t\t\t<\/figure>\n\t\t\t\t\t\t\t\t\t<\/div>\n\t\t\t\t\t<\/div>\n\t\t\t\t<\/div>\n\t\t<div data-particle_enable=\"false\" data-particle-mobile-disabled=\"false\" class=\"elementor-element elementor-element-213c339 e-flex e-con-boxed e-con e-parent\" data-id=\"213c339\" data-element_type=\"container\" data-e-type=\"container\">\n\t\t\t\t\t<div class=\"e-con-inner\">\n\t\t\t\t<div class=\"elementor-element elementor-element-407fc85 elementor-widget elementor-widget-heading\" data-id=\"407fc85\" data-element_type=\"widget\" data-e-type=\"widget\" data-widget_type=\"heading.default\">\n\t\t\t\t\t<h2 class=\"elementor-heading-title elementor-size-default\">Otros puntos<\/h2>\t\t\t\t<\/div>\n\t\t\t\t\t<\/div>\n\t\t\t\t<\/div>\n\t\t<div data-particle_enable=\"false\" data-particle-mobile-disabled=\"false\" class=\"elementor-element elementor-element-7490de7 e-flex e-con-boxed e-con e-parent\" data-id=\"7490de7\" data-element_type=\"container\" data-e-type=\"container\">\n\t\t\t\t\t<div class=\"e-con-inner\">\n\t\t\t\t<div class=\"elementor-element elementor-element-ee0bde2 elementor-widget elementor-widget-text-editor\" data-id=\"ee0bde2\" data-element_type=\"widget\" data-e-type=\"widget\" data-widget_type=\"text-editor.default\">\n\t\t\t\t\t\t\t\t\t<ul>\n<li>Alrededor de dos tercios de los votantes (66%) dicen que Trump ha criticado demasiado a Harris en el plano personal. En comparaci\u00f3n, menos (45%) dicen que Harris ha criticado demasiado a Trump en el plano personal.<\/li>\n<li>No hay claridad entre los votantes de qui\u00e9n ganar\u00e1, un 80%, ante un 20% que dice estar claro qu\u00e9 candidato llegar\u00e1 a la presidencia.<\/li>\n<\/ul>\n<div>Con informaci\u00f3n de:&nbsp;<a href=\"http:\/\/www.pewresearch.org\"><span style=\"text-align: var(--text-align)\">www.pewresearch.org<\/span><\/a><\/div>\n<div><span style=\"color: var( --e-global-color-text );text-align: var(--text-align)\">&nbsp;<\/span><\/div>\t\t\t\t\t\t\t\t<\/div>\n\t\t\t\t\t<\/div>\n\t\t\t\t<\/div>\n\t\t<div data-particle_enable=\"false\" data-particle-mobile-disabled=\"false\" class=\"elementor-element elementor-element-e3834ea e-flex e-con-boxed e-con e-parent\" data-id=\"e3834ea\" data-element_type=\"container\" data-e-type=\"container\">\n\t\t\t\t\t<div class=\"e-con-inner\">\n\t\t\t\t<div class=\"elementor-element elementor-element-1b2b1d2 elementor-widget elementor-widget-heading\" data-id=\"1b2b1d2\" data-element_type=\"widget\" data-e-type=\"widget\" data-widget_type=\"heading.default\">\n\t\t\t\t\t<h3 class=\"elementor-heading-title elementor-size-default\">No dejes de leer estos art\u00edculos<\/h3>\t\t\t\t<\/div>\n\t\t\t\t\t<\/div>\n\t\t\t\t<\/div>\n\t\t<div data-particle_enable=\"false\" data-particle-mobile-disabled=\"false\" class=\"elementor-element elementor-element-a6c4ca6 e-flex e-con-boxed e-con e-parent\" data-id=\"a6c4ca6\" data-element_type=\"container\" data-e-type=\"container\">\n\t\t\t\t\t<div class=\"e-con-inner\">\n\t\t\t\t<div class=\"elementor-element elementor-element-10ba5a7 elementor-grid-eael-col-3 elementor-grid-tablet-eael-col-2 elementor-grid-mobile-eael-col-1 elementor-widget elementor-widget-eael-post-grid\" data-id=\"10ba5a7\" data-element_type=\"widget\" data-e-type=\"widget\" data-settings=\"{&quot;eael_post_grid_columns&quot;:&quot;eael-col-3&quot;,&quot;eael_post_grid_columns_tablet&quot;:&quot;eael-col-2&quot;,&quot;eael_post_grid_columns_mobile&quot;:&quot;eael-col-1&quot;}\" data-widget_type=\"eael-post-grid.default\">\n\t\t\t\t\t<div id=\"eael-post-grid-10ba5a7\" class=\"eael-post-grid-container\">\n            <div class=\"eael-post-grid eael-post-appender eael-post-appender-10ba5a7 eael-post-grid-style-one\" data-layout-mode=\"masonry\"><article class=\"eael-grid-post  eael-post-grid-column eael-pg-post-7108 category-estamos-unidos\" data-id=\"7108\">\n        <div class=\"eael-grid-post-holder\">\n            <div class=\"eael-grid-post-holder-inner\"><div class=\"eael-entry-media\"><div class=\"eael-entry-overlay fade-in\"><i class=\"far fa-hand-pointer\" aria-hidden=\"true\"><\/i><a href=\"https:\/\/soymigrante.com\/revista\/migrantes-guatemaltecos-en-40-estados-de-ee-uu-se-unen-en-busca-de-un-tps\/\"><\/a><\/div><div class=\"eael-entry-thumbnail \">\n                <img loading=\"lazy\" decoding=\"async\" width=\"857\" height=\"857\" src=\"https:\/\/soymigrante.com\/revista\/wp-content\/uploads\/2024\/06\/Captura-de-pantalla-2024-06-24-002314.webp\" class=\"attachment-large size-large wp-image-7117\" alt=\"Guatemaltecos migrantes en manifestaci\u00f3n por derechos laborales en Washington, protestando por TPS y justicia migratoria en EE. UU. y Guatemala.\" srcset=\"https:\/\/soymigrante.com\/revista\/wp-content\/uploads\/2024\/06\/Captura-de-pantalla-2024-06-24-002314.webp 857w, https:\/\/soymigrante.com\/revista\/wp-content\/uploads\/2024\/06\/Captura-de-pantalla-2024-06-24-002314-300x300.webp 300w, https:\/\/soymigrante.com\/revista\/wp-content\/uploads\/2024\/06\/Captura-de-pantalla-2024-06-24-002314-150x150.webp 150w, https:\/\/soymigrante.com\/revista\/wp-content\/uploads\/2024\/06\/Captura-de-pantalla-2024-06-24-002314-768x768.webp 768w, https:\/\/soymigrante.com\/revista\/wp-content\/uploads\/2024\/06\/Captura-de-pantalla-2024-06-24-002314-75x75.webp 75w, https:\/\/soymigrante.com\/revista\/wp-content\/uploads\/2024\/06\/Captura-de-pantalla-2024-06-24-002314-750x750.webp 750w\" sizes=\"(max-width: 857px) 100vw, 857px\" \/>\n            <\/div>\n        <\/div><div class=\"eael-entry-wrapper\"><header class=\"eael-entry-header\"><h2 class=\"eael-entry-title\"><a class=\"eael-grid-post-link\" href=\"https:\/\/soymigrante.com\/revista\/migrantes-guatemaltecos-en-40-estados-de-ee-uu-se-unen-en-busca-de-un-tps\/\" title=\"Migrantes guatemaltecos en 40 Estados de EE.UU. unen esfuerzos por un TPS\">Migrantes guatemaltecos en 40 Estados de EE.UU. unen esfuerzos por un TPS<\/a><\/h2><\/header><div class=\"eael-entry-content\">\n                        <div class=\"eael-grid-post-excerpt\"><a href=\"https:\/\/soymigrante.com\/revista\/migrantes-guatemaltecos-en-40-estados-de-ee-uu-se-unen-en-busca-de-un-tps\/\" class=\"eael-post-elements-readmore-btn\">CONOCE SU HISTORIA <\/a><\/div>\n                    <\/div><\/div><\/div>\n        <\/div>\n    <\/article><article class=\"eael-grid-post  eael-post-grid-column eael-pg-post-6857 category-estamos-unidos\" data-id=\"6857\">\n        <div class=\"eael-grid-post-holder\">\n            <div class=\"eael-grid-post-holder-inner\"><div class=\"eael-entry-media\"><div class=\"eael-entry-overlay fade-in\"><i class=\"far fa-hand-pointer\" aria-hidden=\"true\"><\/i><a href=\"https:\/\/soymigrante.com\/revista\/encuesta-hispanas-en-usa-ven-avances-y-oportunidad\/\"><\/a><\/div><div class=\"eael-entry-thumbnail \">\n                <img loading=\"lazy\" decoding=\"async\" width=\"1024\" height=\"681\" src=\"https:\/\/soymigrante.com\/revista\/wp-content\/uploads\/2024\/06\/students-8628244_1280-1024x681.webp\" class=\"attachment-large size-large wp-image-6858\" alt=\"SoyMigrante.com revista sobre historia y experiencia de migrantes en un entorno urbano, mostrando diversidad cultural y activismo social en contextos internacionales.\" \/>\n            <\/div>\n        <\/div><div class=\"eael-entry-wrapper\"><header class=\"eael-entry-header\"><h2 class=\"eael-entry-title\"><a class=\"eael-grid-post-link\" href=\"https:\/\/soymigrante.com\/revista\/encuesta-hispanas-en-usa-ven-avances-y-oportunidad\/\" title=\"Encuesta: Hispanas en USA ven avances y oportunidad\">Encuesta: Hispanas en USA ven avances y oportunidad<\/a><\/h2><\/header><div class=\"eael-entry-content\">\n                        <div class=\"eael-grid-post-excerpt\"><a href=\"https:\/\/soymigrante.com\/revista\/encuesta-hispanas-en-usa-ven-avances-y-oportunidad\/\" class=\"eael-post-elements-readmore-btn\">CONOCE SU HISTORIA <\/a><\/div>\n                    <\/div><\/div><\/div>\n        <\/div>\n    <\/article><article class=\"eael-grid-post  eael-post-grid-column eael-pg-post-5978 category-recursos-migratorios\" data-id=\"5978\">\n        <div class=\"eael-grid-post-holder\">\n            <div class=\"eael-grid-post-holder-inner\"><div class=\"eael-entry-media\"><div class=\"eael-entry-overlay fade-in\"><i class=\"far fa-hand-pointer\" aria-hidden=\"true\"><\/i><a href=\"https:\/\/soymigrante.com\/revista\/buscas-un-consulado-de-guatemala-en-us-contactos-ubicacion-y-citas-de-todos\/\"><\/a><\/div><div class=\"eael-entry-thumbnail \">\n                <img loading=\"lazy\" decoding=\"async\" width=\"1024\" height=\"576\" src=\"https:\/\/soymigrante.com\/revista\/wp-content\/uploads\/2024\/03\/Oklahoma-consulado-gt.webp\" class=\"attachment-large size-large wp-image-5486\" alt=\"Oklahoma consulado gt\" srcset=\"https:\/\/soymigrante.com\/revista\/wp-content\/uploads\/2024\/03\/Oklahoma-consulado-gt.webp 1024w, https:\/\/soymigrante.com\/revista\/wp-content\/uploads\/2024\/03\/Oklahoma-consulado-gt-300x169.webp 300w, https:\/\/soymigrante.com\/revista\/wp-content\/uploads\/2024\/03\/Oklahoma-consulado-gt-768x432.webp 768w, https:\/\/soymigrante.com\/revista\/wp-content\/uploads\/2024\/03\/Oklahoma-consulado-gt-750x422.webp 750w\" sizes=\"(max-width: 1024px) 100vw, 1024px\" \/>\n            <\/div>\n        <\/div><div class=\"eael-entry-wrapper\"><header class=\"eael-entry-header\"><h2 class=\"eael-entry-title\"><a class=\"eael-grid-post-link\" href=\"https:\/\/soymigrante.com\/revista\/buscas-un-consulado-de-guatemala-en-us-contactos-ubicacion-y-citas-de-todos\/\" title=\"\u00bfBuscas un consulado de Guatemala en USA? Contactos, ubicaci\u00f3n y citas de todos\">\u00bfBuscas un consulado de Guatemala en USA? Contactos, ubicaci\u00f3n y citas de todos<\/a><\/h2><\/header><div class=\"eael-entry-content\">\n                        <div class=\"eael-grid-post-excerpt\"><a href=\"https:\/\/soymigrante.com\/revista\/buscas-un-consulado-de-guatemala-en-us-contactos-ubicacion-y-citas-de-todos\/\" class=\"eael-post-elements-readmore-btn\">CONOCE SU HISTORIA <\/a><\/div>\n                    <\/div><\/div><\/div>\n        <\/div>\n    <\/article><\/div>\n            <div class=\"clearfix\"><\/div>\n        <\/div>\t\t\t\t<\/div>\n\t\t\t\t\t<\/div>\n\t\t\t\t<\/div>\n\t\t\t\t<\/div>\n\t\t","protected":false},"excerpt":{"rendered":"<p>El Centro de Investigaciones Pew public\u00f3 en septiembre un informe relacionado sobre los aciertos y desaciertos de Kamala Harris y Donald Trump previo a las elecciones general. \u00bfEst\u00e1n empatados? La votaci\u00f3n de elecciones generales en Estados Unidos est\u00e1 programada para el 5 de noviembre pr\u00f3ximo. En este informe, Pew Research Center en ingl\u00e9s, hace alusi\u00f3n [&hellip;]<\/p>\n","protected":false},"author":23,"featured_media":9800,"comment_status":"open","ping_status":"open","sticky":false,"template":"","format":"standard","meta":{"_acf_changed":false,"_eb_attr":"","footnotes":""},"categories":[55],"tags":[],"class_list":["post-9560","post","type-post","status-publish","format-standard","has-post-thumbnail","hentry","category-bienestar"],"acf":[],"aioseo_notices":[],"aioseo_head":"\n\t\t<!-- All in One SEO Pro 4.9.6.2 - aioseo.com -->\n\t<meta name=\"description\" content=\"Guatemala tiene 15 consulados en Estados Unidos; en algunos Estados hay m\u00e1s de una sede consular, en distintas ciudades, debido a la cantidad de migrantes guatemaltecos. Cada Consulado de Guatemala en Estados Unidos depende directamente del Ministerio de Relaciones Exteriores, que de esta manera presta servicios de tr\u00e1mite y orientaci\u00f3n a guatemaltecos radicados en diversos\" \/>\n\t<meta name=\"robots\" content=\"max-snippet:-1, max-image-preview:large, max-video-preview:-1\" \/>\n\t<meta name=\"author\" content=\"Beatriz Tercero\"\/>\n\t<link rel=\"canonical\" href=\"https:\/\/soymigrante.com\/revista\/elecciones-usa-2024-informe-refleja-percepciones-fortalezas-y-debilidades-de-harris-o-trump\/\" \/>\n\t<meta name=\"generator\" content=\"All in One SEO Pro (AIOSEO) 4.9.6.2\" \/>\n\n\t\t<link rel=\"preconnect\" href=\"https:\/\/fonts.googleapis.com\" crossorigin>\n<link rel=\"preconnect\" href=\"https:\/\/fonts.gstatic.com\" crossorigin>\n\t\t<meta property=\"og:locale\" content=\"es_ES\" \/>\n\t\t<meta property=\"og:site_name\" content=\"SoyMigrante.com REVISTA \u2013 Nuestra misi\u00f3n es reconocer y dignificar al migrante.\" \/>\n\t\t<meta property=\"og:type\" content=\"article\" \/>\n\t\t<meta property=\"og:title\" content=\"Puntos a considerar si votas por Kamala Harris o Donald Trump\" \/>\n\t\t<meta property=\"og:description\" content=\"El Centro de Investigaciones Pew public\u00f3 un informe sobre percepci\u00f3n, aiciertos y errores de los candidatos presidenciales de EE.UU. K. Harris y D. Trump.\" \/>\n\t\t<meta property=\"og:url\" content=\"https:\/\/soymigrante.com\/revista\/elecciones-usa-2024-informe-refleja-percepciones-fortalezas-y-debilidades-de-harris-o-trump\/\" \/>\n\t\t<meta property=\"og:image\" content=\"https:\/\/soymigrante.com\/revista\/wp-content\/uploads\/2024\/09\/elecciones-2024-2.webp\" \/>\n\t\t<meta property=\"og:image:secure_url\" content=\"https:\/\/soymigrante.com\/revista\/wp-content\/uploads\/2024\/09\/elecciones-2024-2.webp\" \/>\n\t\t<meta property=\"og:image:width\" content=\"835\" \/>\n\t\t<meta property=\"og:image:height\" content=\"841\" \/>\n\t\t<meta property=\"article:published_time\" content=\"2024-09-27T19:16:01+00:00\" \/>\n\t\t<meta property=\"article:modified_time\" content=\"2024-09-27T19:16:38+00:00\" \/>\n\t\t<meta property=\"article:publisher\" content=\"https:\/\/www.facebook.com\/soymigrantecom\" \/>\n\t\t<meta name=\"twitter:card\" content=\"summary_large_image\" \/>\n\t\t<meta name=\"twitter:site\" content=\"@SoyMigrante_com\" \/>\n\t\t<meta name=\"twitter:title\" content=\"Puntos a considerar si votas por Kamala Harris o Donald Trump\" \/>\n\t\t<meta name=\"twitter:description\" content=\"El Centro de Investigaciones Pew public\u00f3 un informe sobre percepci\u00f3n, aiciertos y errores de los candidatos presidenciales de EE.UU. K. Harris y D. Trump.\" \/>\n\t\t<meta name=\"twitter:creator\" content=\"@SoyMigrante_com\" \/>\n\t\t<meta name=\"twitter:image\" content=\"https:\/\/soymigrante.com\/revista\/wp-content\/uploads\/2024\/09\/elecciones-2024-2.webp\" \/>\n\t\t<!-- All in One SEO Pro -->\r\n\t\t<title>Puntos a considerar si votas por Kamala Harris o Donald Trump<\/title>\n\n","aioseo_head_json":{"title":"Puntos a considerar si votas por Kamala Harris o Donald Trump","description":"El Centro de Investigaciones Pew public\u00f3 un informe sobre percepci\u00f3n, aiciertos y errores de los candidatos presidenciales de EE.UU. K. Harris y D. Trump.","canonical_url":"https:\/\/soymigrante.com\/revista\/elecciones-usa-2024-informe-refleja-percepciones-fortalezas-y-debilidades-de-harris-o-trump\/","robots":"max-snippet:-1, max-image-preview:large, max-video-preview:-1","keywords":"","webmasterTools":{"miscellaneous":"&lt;link rel=\"preconnect\" href=\"https:\/\/fonts.googleapis.com\" crossorigin&gt;\n&lt;link rel=\"preconnect\" href=\"https:\/\/fonts.gstatic.com\" crossorigin&gt;"},"schema":null,"og:locale":"es_ES","og:site_name":"SoyMigrante.com REVISTA \u2013 Nuestra misi\u00f3n es reconocer y dignificar al migrante.","og:type":"article","og:title":"Puntos a considerar si votas por Kamala Harris o Donald Trump","og:description":"El Centro de Investigaciones Pew public\u00f3 un informe sobre percepci\u00f3n, aiciertos y errores de los candidatos presidenciales de EE.UU. K. Harris y D. Trump.","og:url":"https:\/\/soymigrante.com\/revista\/elecciones-usa-2024-informe-refleja-percepciones-fortalezas-y-debilidades-de-harris-o-trump\/","og:image":"https:\/\/soymigrante.com\/revista\/wp-content\/uploads\/2024\/09\/elecciones-2024-2.webp","og:image:secure_url":"https:\/\/soymigrante.com\/revista\/wp-content\/uploads\/2024\/09\/elecciones-2024-2.webp","og:image:width":835,"og:image:height":841,"article:published_time":"2024-09-27T19:16:01+00:00","article:modified_time":"2024-09-27T19:16:38+00:00","article:publisher":"https:\/\/www.facebook.com\/soymigrantecom","twitter:card":"summary_large_image","twitter:site":"@SoyMigrante_com","twitter:title":"Puntos a considerar si votas por Kamala Harris o Donald Trump","twitter:description":"El Centro de Investigaciones Pew public\u00f3 un informe sobre percepci\u00f3n, aiciertos y errores de los candidatos presidenciales de EE.UU. K. Harris y D. Trump.","twitter:creator":"@SoyMigrante_com","twitter:image":"https:\/\/soymigrante.com\/revista\/wp-content\/uploads\/2024\/09\/elecciones-2024-2.webp"},"aioseo_meta_data":{"post_id":"9560","title":"Puntos a considerar si votas por Kamala Harris o Donald Trump","description":"El Centro de Investigaciones Pew public\u00f3 un informe sobre percepci\u00f3n, aiciertos y errores de los candidatos presidenciales de EE.UU. K. Harris y D. Trump.","keywords":null,"keyphrases":{"focus":{"keyphrase":"Elecciones USA","score":43,"analysis":{"keyphraseInTitle":{"score":3,"maxScore":9,"error":1},"keyphraseInDescription":{"score":3,"maxScore":9,"error":1},"keyphraseLength":{"score":9,"maxScore":9,"error":0,"length":2},"keyphraseInURL":{"score":5,"maxScore":5,"error":0},"keyphraseInIntroduction":{"score":3,"maxScore":9,"error":1},"keyphraseInSubHeadings":{"score":3,"maxScore":9,"error":1},"keyphraseInImageAlt":{"score":3,"maxScore":9,"error":1},"keywordDensity":{"score":0,"type":"low","maxScore":9,"error":1}}},"additional":[{"keyphrase":"Harris","score":73,"analysis":{"keyphraseInDescription":{"score":9,"maxScore":9,"error":0},"keyphraseLength":{"score":9,"maxScore":9,"error":0,"length":1},"keyphraseInIntroduction":{"score":3,"maxScore":9,"error":1},"keyphraseInImageAlt":{"score":3,"maxScore":9,"error":1},"keywordDensity":{"type":"best","score":9,"maxScore":9,"error":0}}},{"keyphrase":"Trump","score":53,"analysis":{"keyphraseInDescription":{"score":9,"maxScore":9,"error":0},"keyphraseLength":{"score":9,"maxScore":9,"error":0,"length":1},"keyphraseInIntroduction":{"score":3,"maxScore":9,"error":1},"keyphraseInImageAlt":{"score":3,"maxScore":9,"error":1},"keywordDensity":{"type":"high","score":0,"maxScore":9,"error":1}}},{"keyphrase":"candidatos","score":53,"analysis":{"keyphraseInDescription":{"score":9,"maxScore":9,"error":0},"keyphraseLength":{"score":9,"maxScore":9,"error":0,"length":1},"keyphraseInIntroduction":{"score":3,"maxScore":9,"error":1},"keyphraseInImageAlt":{"score":3,"maxScore":9,"error":1},"keywordDensity":{"score":0,"type":"low","maxScore":9,"error":1}}}]},"primary_term":null,"canonical_url":null,"og_title":null,"og_description":null,"og_object_type":"default","og_image_type":"default","og_image_url":null,"og_image_width":null,"og_image_height":null,"og_image_custom_url":null,"og_image_custom_fields":null,"og_video":"","og_custom_url":null,"og_article_section":null,"og_article_tags":null,"twitter_use_og":false,"twitter_card":"default","twitter_image_type":"default","twitter_image_url":null,"twitter_image_custom_url":null,"twitter_image_custom_fields":null,"twitter_title":null,"twitter_description":null,"schema":{"blockGraphs":[],"customGraphs":[],"default":{"data":{"Article":[],"Course":[],"Dataset":[],"FAQPage":[],"Movie":[],"Person":[],"Product":[],"ProductReview":[],"Car":[],"Recipe":[],"Service":[],"SoftwareApplication":[],"WebPage":[]},"graphName":"Article","isEnabled":true},"graphs":[]},"schema_type":"default","schema_type_options":null,"pillar_content":false,"robots_default":true,"robots_noindex":false,"robots_noarchive":false,"robots_nosnippet":false,"robots_nofollow":false,"robots_noimageindex":false,"robots_noodp":false,"robots_notranslate":false,"robots_max_snippet":"-1","robots_max_videopreview":"-1","robots_max_imagepreview":"large","priority":null,"frequency":"default","local_seo":null,"seo_analyzer_scan_date":"2025-10-08 23:23:36","breadcrumb_settings":null,"limit_modified_date":false,"reviewed_by":null,"open_ai":"{\"title\":{\"suggestions\":[],\"usage\":0},\"description\":{\"suggestions\":[],\"usage\":0}}","ai":null,"created":"2024-09-20 19:22:11","updated":"2026-02-04 14:01:18"},"aioseo_breadcrumb":"<div class=\"aioseo-breadcrumbs\"><span class=\"aioseo-breadcrumb\">\n\t<a href=\"https:\/\/soymigrante.com\/revista\" title=\"Home\">Home<\/a>\n<\/span><span class=\"aioseo-breadcrumb-separator\">\u00bb<\/span><span class=\"aioseo-breadcrumb\">\n\t<a href=\"https:\/\/soymigrante.com\/revista\/category\/bienestar\/\" title=\"Bienestar\">Bienestar<\/a>\n<\/span><span class=\"aioseo-breadcrumb-separator\">\u00bb<\/span><span class=\"aioseo-breadcrumb\">\n\tElecciones USA 2024: Informe  refleja percepciones fortalezas y debilidades de Harris o Trump\n<\/span><\/div>","aioseo_breadcrumb_json":[{"label":"Home","link":"https:\/\/soymigrante.com\/revista"},{"label":"Bienestar","link":"https:\/\/soymigrante.com\/revista\/category\/bienestar\/"},{"label":"Elecciones USA 2024: Informe  refleja percepciones fortalezas y debilidades de Harris o Trump","link":"https:\/\/soymigrante.com\/revista\/elecciones-usa-2024-informe-refleja-percepciones-fortalezas-y-debilidades-de-harris-o-trump\/"}],"_links":{"self":[{"href":"https:\/\/soymigrante.com\/revista\/wp-json\/wp\/v2\/posts\/9560","targetHints":{"allow":["GET"]}}],"collection":[{"href":"https:\/\/soymigrante.com\/revista\/wp-json\/wp\/v2\/posts"}],"about":[{"href":"https:\/\/soymigrante.com\/revista\/wp-json\/wp\/v2\/types\/post"}],"author":[{"embeddable":true,"href":"https:\/\/soymigrante.com\/revista\/wp-json\/wp\/v2\/users\/23"}],"replies":[{"embeddable":true,"href":"https:\/\/soymigrante.com\/revista\/wp-json\/wp\/v2\/comments?post=9560"}],"version-history":[{"count":0,"href":"https:\/\/soymigrante.com\/revista\/wp-json\/wp\/v2\/posts\/9560\/revisions"}],"wp:featuredmedia":[{"embeddable":true,"href":"https:\/\/soymigrante.com\/revista\/wp-json\/wp\/v2\/media\/9800"}],"wp:attachment":[{"href":"https:\/\/soymigrante.com\/revista\/wp-json\/wp\/v2\/media?parent=9560"}],"wp:term":[{"taxonomy":"category","embeddable":true,"href":"https:\/\/soymigrante.com\/revista\/wp-json\/wp\/v2\/categories?post=9560"},{"taxonomy":"post_tag","embeddable":true,"href":"https:\/\/soymigrante.com\/revista\/wp-json\/wp\/v2\/tags?post=9560"}],"curies":[{"name":"wp","href":"https:\/\/api.w.org\/{rel}","templated":true}]}}