{"id":9555,"date":"2024-09-24T11:00:00","date_gmt":"2024-09-24T17:00:00","guid":{"rendered":"https:\/\/soymigrante.com\/revista\/?p=9555"},"modified":"2024-09-22T21:20:06","modified_gmt":"2024-09-23T03:20:06","slug":"claves-para-la-valorar-el-origen-guatemalteco-y-reforzar-la-dignidad-como-migrante-en-ee-uu","status":"publish","type":"post","link":"https:\/\/soymigrante.com\/revista\/claves-para-la-valorar-el-origen-guatemalteco-y-reforzar-la-dignidad-como-migrante-en-ee-uu\/","title":{"rendered":"Claves para la valorar el origen guatemalteco y reforzar la dignidad como migrante en EE.UU."},"content":{"rendered":"\t\t<div data-elementor-type=\"wp-post\" data-elementor-id=\"9555\" class=\"elementor elementor-9555\" data-elementor-post-type=\"post\">\n\t\t\t\t<div data-particle_enable=\"false\" data-particle-mobile-disabled=\"false\" class=\"elementor-element elementor-element-0077f1f e-flex e-con-boxed e-con e-parent\" data-id=\"0077f1f\" data-element_type=\"container\" data-e-type=\"container\">\n\t\t\t\t\t<div class=\"e-con-inner\">\n\t\t\t\t<div class=\"elementor-element elementor-element-3da9651 elementor-widget elementor-widget-heading\" data-id=\"3da9651\" data-element_type=\"widget\" data-e-type=\"widget\" data-widget_type=\"heading.default\">\n\t\t\t\t\t<h2 class=\"elementor-heading-title elementor-size-default\">Ser migrante guatemalteco en Estados Unidos significa llevar consigo una herencia multicultural \u00fanica en el mundo, pero adem\u00e1s la fortaleza de superarse y el inmenso amor de ayudar a los familiares que quedaron en el pa\u00eds.<\/h2>\t\t\t\t<\/div>\n\t\t\t\t\t<\/div>\n\t\t\t\t<\/div>\n\t\t<div data-particle_enable=\"false\" data-particle-mobile-disabled=\"false\" class=\"elementor-element elementor-element-8a9dcf6 e-flex e-con-boxed e-con e-parent\" data-id=\"8a9dcf6\" data-element_type=\"container\" data-e-type=\"container\">\n\t\t\t\t\t<div class=\"e-con-inner\">\n\t\t\t\t<div class=\"elementor-element elementor-element-f6dfe88 elementor-widget elementor-widget-text-editor\" data-id=\"f6dfe88\" data-element_type=\"widget\" data-e-type=\"widget\" data-widget_type=\"text-editor.default\">\n\t\t\t\t\t\t\t\t\t<p><a href=\"https:\/\/soymigrante.com\/revista\/category\/mejor\/\" target=\"_blank\" rel=\"noopener\">La migraci\u00f3n de guatemaltecos a Estados Unidos ha sido, durante d\u00e9cadas,<\/a> una respuesta a las dif\u00edciles condiciones econ\u00f3micas, pol\u00edticas y sociales que enfrenta Guatemala.\u00a0<\/p><p>Sin embargo, al llegar a tierras estadounidenses, muchos migrantes enfrentan no solo los retos t\u00edpicos de la adaptaci\u00f3n a un nuevo pa\u00eds, sino tambi\u00e9n la lucha contra los estigmas y prejuicios que muchas veces los hacen sentir avergonzados de sus ra\u00edces.\u00a0<\/p><p>En un contexto donde el racismo y la xenofobia persisten, es crucial recordar la importancia de mantener el orgullo de ser guatemalteco, sostener la dignidad de ser migrante y buscar ese horizonte de oportunidades nuevas.<\/p>\t\t\t\t\t\t\t\t<\/div>\n\t\t\t\t\t<\/div>\n\t\t\t\t<\/div>\n\t\t<div data-particle_enable=\"false\" data-particle-mobile-disabled=\"false\" class=\"elementor-element elementor-element-1c0b420 e-flex e-con-boxed e-con e-parent\" data-id=\"1c0b420\" data-element_type=\"container\" data-e-type=\"container\">\n\t\t\t\t\t<div class=\"e-con-inner\">\n\t\t\t\t<div class=\"elementor-element elementor-element-5b88454 elementor-widget elementor-widget-heading\" data-id=\"5b88454\" data-element_type=\"widget\" data-e-type=\"widget\" data-widget_type=\"heading.default\">\n\t\t\t\t\t<h4 class=\"elementor-heading-title elementor-size-default\">Nuestra multiculturalidad es nuestra fortaleza: con\u00f3cela en la serie\nPueblos de Guatemala<\/h4>\t\t\t\t<\/div>\n\t\t\t\t\t<\/div>\n\t\t\t\t<\/div>\n\t\t<div data-particle_enable=\"false\" data-particle-mobile-disabled=\"false\" class=\"elementor-element elementor-element-e41fafb e-flex e-con-boxed e-con e-parent\" data-id=\"e41fafb\" data-element_type=\"container\" data-e-type=\"container\">\n\t\t\t\t\t<div class=\"e-con-inner\">\n\t\t\t\t<div class=\"elementor-element elementor-element-f196933 elementor-widget elementor-widget-image\" data-id=\"f196933\" data-element_type=\"widget\" data-e-type=\"widget\" data-widget_type=\"image.default\">\n\t\t\t\t\t\t\t\t\t\t\t\t<figure class=\"wp-caption\">\n\t\t\t\t\t\t\t\t\t\t\t<a href=\"https:\/\/soymigrante.com\/revista\/category\/guate-nuestra\/pueblos-de-guatemala\/\">\n\t\t\t\t\t\t\t<img fetchpriority=\"high\" decoding=\"async\" width=\"768\" height=\"323\" src=\"https:\/\/soymigrante.com\/revista\/wp-content\/uploads\/2024\/09\/tzutujil-2-1024x430.webp\" class=\"elementor-animation-pulse attachment-large size-large wp-image-9520\" alt=\"Hombres y mujeres migrantes de Guatemala vestidas con ropa tradicional en un paisaje natural junto a un lago y monta\u00f1as al atardecer, representando la cultura ind\u00edgena y la migraci\u00f3n en Centroam\u00e9rica.\" srcset=\"https:\/\/soymigrante.com\/revista\/wp-content\/uploads\/2024\/09\/tzutujil-2-1024x430.webp 1024w, https:\/\/soymigrante.com\/revista\/wp-content\/uploads\/2024\/09\/tzutujil-2-300x126.webp 300w, https:\/\/soymigrante.com\/revista\/wp-content\/uploads\/2024\/09\/tzutujil-2-768x322.webp 768w, https:\/\/soymigrante.com\/revista\/wp-content\/uploads\/2024\/09\/tzutujil-2-1536x644.webp 1536w, https:\/\/soymigrante.com\/revista\/wp-content\/uploads\/2024\/09\/tzutujil-2-750x315.webp 750w, https:\/\/soymigrante.com\/revista\/wp-content\/uploads\/2024\/09\/tzutujil-2-1140x478.webp 1140w, https:\/\/soymigrante.com\/revista\/wp-content\/uploads\/2024\/09\/tzutujil-2.webp 1920w\" sizes=\"(max-width: 768px) 100vw, 768px\" title=\"El artista Tz&#039;utujil Juan Bautista Navichoc comparte esta fotograf\u00eda de su archivo personal junto a su familia, tomada en San Pedro La Laguna, y al fondo se aprecia el Lago de Atitl\u00e1n. Retrato tomado por Carlos Francisco Pop \u2013 SoyMigrante.com REVISTA\" \/>\t\t\t\t\t\t\t\t<\/a>\n\t\t\t\t\t\t\t\t\t\t\t<figcaption class=\"widget-image-caption wp-caption-text\">Provenimos de una naci\u00f3n pluricultural y multiling\u00fce, cargada de historia y de valores que hacen de los guatemaltecos un pueblo trabajador, amable, creativo y en b\u00fasqueda constante de superaci\u00f3n. En todas las culturas que comparten el territorio existen estos valores. Con\u00f3celos a trav\u00e9s de la serie Pueblos de Guatemala, dando clic en esta imagen cortes\u00eda del artista Juan B. Navichoc<\/figcaption>\n\t\t\t\t\t\t\t\t\t\t<\/figure>\n\t\t\t\t\t\t\t\t\t<\/div>\n\t\t\t\t\t<\/div>\n\t\t\t\t<\/div>\n\t\t<div data-particle_enable=\"false\" data-particle-mobile-disabled=\"false\" class=\"elementor-element elementor-element-237904b e-flex e-con-boxed e-con e-parent\" data-id=\"237904b\" data-element_type=\"container\" data-e-type=\"container\">\n\t\t\t\t\t<div class=\"e-con-inner\">\n\t\t\t\t<div class=\"elementor-element elementor-element-29b69bf elementor-widget elementor-widget-heading\" data-id=\"29b69bf\" data-element_type=\"widget\" data-e-type=\"widget\" data-widget_type=\"heading.default\">\n\t\t\t\t\t<h3 class=\"elementor-heading-title elementor-size-default\">El orgullo de la identidad multicultural<\/h3>\t\t\t\t<\/div>\n\t\t\t\t\t<\/div>\n\t\t\t\t<\/div>\n\t\t<div data-particle_enable=\"false\" data-particle-mobile-disabled=\"false\" class=\"elementor-element elementor-element-f6a0c3f e-flex e-con-boxed e-con e-parent\" data-id=\"f6a0c3f\" data-element_type=\"container\" data-e-type=\"container\">\n\t\t\t\t\t<div class=\"e-con-inner\">\n\t\t\t\t<div class=\"elementor-element elementor-element-948b869 elementor-widget elementor-widget-text-editor\" data-id=\"948b869\" data-element_type=\"widget\" data-e-type=\"widget\" data-widget_type=\"text-editor.default\">\n\t\t\t\t\t\t\t\t\t<p>Guatemala es una naci\u00f3n conocida por su historia milenaria, con una de las civilizaciones m\u00e1s avanzadas de la antig\u00fcedad: los mayas. Esta historia es fuente de orgullo y fortaleza, un recordatorio de que los guatemaltecos provienen de un legado resiliente y profundo. <a href=\"https:\/\/soymigrante.com\/revista\/category\/mejor\/\" target=\"_blank\" rel=\"noopener\">Los idiomas mayas, la m\u00fasica, la comida y las tradiciones son expresiones vivas de esa herencia que debe ser celebrada, no escondida.<\/a><\/p>\t\t\t\t\t\t\t\t<\/div>\n\t\t\t\t\t<\/div>\n\t\t\t\t<\/div>\n\t\t<div data-particle_enable=\"false\" data-particle-mobile-disabled=\"false\" class=\"elementor-element elementor-element-b26abba e-flex e-con-boxed e-con e-parent\" data-id=\"b26abba\" data-element_type=\"container\" data-e-type=\"container\">\n\t\t\t\t\t<div class=\"e-con-inner\">\n\t\t\t\t<div class=\"elementor-element elementor-element-b0db1d2 elementor-widget elementor-widget-heading\" data-id=\"b0db1d2\" data-element_type=\"widget\" data-e-type=\"widget\" data-widget_type=\"heading.default\">\n\t\t\t\t\t<h3 class=\"elementor-heading-title elementor-size-default\">La contribuci\u00f3n migrante a Estados Unidos es enorme<\/h3>\t\t\t\t<\/div>\n\t\t\t\t\t<\/div>\n\t\t\t\t<\/div>\n\t\t<div data-particle_enable=\"false\" data-particle-mobile-disabled=\"false\" class=\"elementor-element elementor-element-723806e e-flex e-con-boxed e-con e-parent\" data-id=\"723806e\" data-element_type=\"container\" data-e-type=\"container\">\n\t\t\t\t\t<div class=\"e-con-inner\">\n\t\t\t\t<div class=\"elementor-element elementor-element-d936803 elementor-widget elementor-widget-text-editor\" data-id=\"d936803\" data-element_type=\"widget\" data-e-type=\"widget\" data-widget_type=\"text-editor.default\">\n\t\t\t\t\t\t\t\t\t<p>Los guatemaltecos, como muchos otros migrantes, han sido parte fundamental del desarrollo econ\u00f3mico y social de Estados Unidos. De acuerdo con datos del Pew Research Center, la poblaci\u00f3n guatemalteca en EE.UU. ha crecido de manera constante, contribuyendo en sectores como la construcci\u00f3n, la agricultura y el servicio, donde los migrantes guatemaltecos son piezas clave.<\/p><p><a href=\"https:\/\/soymigrante.com\/revista\/category\/mejor\/\" target=\"_blank\" rel=\"noopener\">No se trata solo de aportar con su mano de obra, sino tambi\u00e9n de traer consigo una riqueza cultural que enriquece el tejido social estadounidense<\/a>. En diversas ciudades del pa\u00eds, los migrantes guatemaltecos han establecido negocios, restaurantes y organizaciones comunitarias que fortalecen la diversidad y la inclusi\u00f3n. Estos logros demuestran que ser migrante no es motivo de verg\u00fcenza, sino de orgullo por todo lo que se ha logrado a pesar de las adversidades.<\/p>\t\t\t\t\t\t\t\t<\/div>\n\t\t\t\t\t<\/div>\n\t\t\t\t<\/div>\n\t\t<div data-particle_enable=\"false\" data-particle-mobile-disabled=\"false\" class=\"elementor-element elementor-element-acd0dda e-flex e-con-boxed e-con e-parent\" data-id=\"acd0dda\" data-element_type=\"container\" data-e-type=\"container\">\n\t\t\t\t\t<div class=\"e-con-inner\">\n\t\t\t\t<div class=\"elementor-element elementor-element-bf03506 elementor-grid-eael-col-1 elementor-grid-tablet-eael-col-2 elementor-grid-mobile-eael-col-1 elementor-widget elementor-widget-eael-post-grid\" data-id=\"bf03506\" data-element_type=\"widget\" data-e-type=\"widget\" data-settings=\"{&quot;eael_post_grid_columns&quot;:&quot;eael-col-1&quot;,&quot;eael_post_grid_columns_tablet&quot;:&quot;eael-col-2&quot;,&quot;eael_post_grid_columns_mobile&quot;:&quot;eael-col-1&quot;}\" data-widget_type=\"eael-post-grid.default\">\n\t\t\t\t\t<div id=\"eael-post-grid-bf03506\" class=\"eael-post-grid-container\">\n            <div class=\"eael-post-grid eael-post-appender eael-post-appender-bf03506 eael-post-grid-style-one\" data-layout-mode=\"masonry\"><article class=\"eael-grid-post  eael-post-grid-column eael-pg-post-9490 category-estamos-unidos\" data-id=\"9490\">\n        <div class=\"eael-grid-post-holder\">\n            <div class=\"eael-grid-post-holder-inner\"><div class=\"eael-entry-media\"><div class=\"eael-entry-overlay fade-in\"><i class=\"far fa-hand-pointer\" aria-hidden=\"true\"><\/i><a href=\"https:\/\/soymigrante.com\/revista\/11-ciudades-y-55-congresistas-de-ee-uu-se-suman-a-peticion-de-tps-guatemalteco\/\"><\/a><\/div><div class=\"eael-entry-thumbnail \">\n                <img decoding=\"async\" width=\"1024\" height=\"1024\" src=\"https:\/\/soymigrante.com\/revista\/wp-content\/uploads\/2024\/06\/tps-Guatemala-migrantes-5-1024x1024.webp\" class=\"attachment-large size-large wp-image-9488\" alt=\"Diversidad cultural de migrantes en Guatemala celebrando con trajes tradicionales y banderas nacionales en evento comunitario.\" srcset=\"https:\/\/soymigrante.com\/revista\/wp-content\/uploads\/2024\/06\/tps-Guatemala-migrantes-5-1024x1024.webp 1024w, https:\/\/soymigrante.com\/revista\/wp-content\/uploads\/2024\/06\/tps-Guatemala-migrantes-5-300x300.webp 300w, https:\/\/soymigrante.com\/revista\/wp-content\/uploads\/2024\/06\/tps-Guatemala-migrantes-5-150x150.webp 150w, https:\/\/soymigrante.com\/revista\/wp-content\/uploads\/2024\/06\/tps-Guatemala-migrantes-5-768x768.webp 768w, https:\/\/soymigrante.com\/revista\/wp-content\/uploads\/2024\/06\/tps-Guatemala-migrantes-5-75x75.webp 75w, https:\/\/soymigrante.com\/revista\/wp-content\/uploads\/2024\/06\/tps-Guatemala-migrantes-5-750x750.webp 750w, https:\/\/soymigrante.com\/revista\/wp-content\/uploads\/2024\/06\/tps-Guatemala-migrantes-5-1140x1140.webp 1140w, https:\/\/soymigrante.com\/revista\/wp-content\/uploads\/2024\/06\/tps-Guatemala-migrantes-5.webp 1416w\" sizes=\"(max-width: 1024px) 100vw, 1024px\" \/>\n            <\/div>\n        <\/div><div class=\"eael-entry-wrapper\"><header class=\"eael-entry-header\"><h2 class=\"eael-entry-title\"><a class=\"eael-grid-post-link\" href=\"https:\/\/soymigrante.com\/revista\/11-ciudades-y-55-congresistas-de-ee-uu-se-suman-a-peticion-de-tps-guatemalteco\/\" title=\"60 congresistas, 22 senadores y 11 ciudades de EE.UU. apoyan solicitud de TPS Guatemalteco\">60 congresistas, 22 senadores y 11 ciudades de EE.UU. apoyan solicitud de TPS Guatemalteco<\/a><\/h2><\/header><div class=\"eael-entry-content\">\n                        <div class=\"eael-grid-post-excerpt\"><a href=\"https:\/\/soymigrante.com\/revista\/11-ciudades-y-55-congresistas-de-ee-uu-se-suman-a-peticion-de-tps-guatemalteco\/\" class=\"eael-post-elements-readmore-btn\">CONOCE SU HISTORIA <\/a><\/div>\n                    <\/div><\/div><\/div>\n        <\/div>\n    <\/article><\/div>\n            <div class=\"clearfix\"><\/div>\n        <\/div>\t\t\t\t<\/div>\n\t\t\t\t\t<\/div>\n\t\t\t\t<\/div>\n\t\t<div data-particle_enable=\"false\" data-particle-mobile-disabled=\"false\" class=\"elementor-element elementor-element-2f51810 e-flex e-con-boxed e-con e-parent\" data-id=\"2f51810\" data-element_type=\"container\" data-e-type=\"container\">\n\t\t\t\t\t<div class=\"e-con-inner\">\n\t\t\t\t<div class=\"elementor-element elementor-element-76ba230 elementor-widget elementor-widget-heading\" data-id=\"76ba230\" data-element_type=\"widget\" data-e-type=\"widget\" data-widget_type=\"heading.default\">\n\t\t\t\t\t<h3 class=\"elementor-heading-title elementor-size-default\">Romper con los estereotipos con dignidad y trabajo<\/h3>\t\t\t\t<\/div>\n\t\t\t\t\t<\/div>\n\t\t\t\t<\/div>\n\t\t<div data-particle_enable=\"false\" data-particle-mobile-disabled=\"false\" class=\"elementor-element elementor-element-800979b e-flex e-con-boxed e-con e-parent\" data-id=\"800979b\" data-element_type=\"container\" data-e-type=\"container\">\n\t\t\t\t\t<div class=\"e-con-inner\">\n\t\t\t\t<div class=\"elementor-element elementor-element-dff2125 elementor-widget elementor-widget-text-editor\" data-id=\"dff2125\" data-element_type=\"widget\" data-e-type=\"widget\" data-widget_type=\"text-editor.default\">\n\t\t\t\t\t\t\t\t\t<p>Es com\u00fan que los migrantes guatemaltecos enfrenten estereotipos negativos que los hacen sentir avergonzados de su origen. La discriminaci\u00f3n y los prejuicios raciales son realidades que muchos enfrentan en su d\u00eda a d\u00eda, pero es fundamental recordar que estos estereotipos no definen a las personas. La verg\u00fcenza surge cuando uno interioriza las opiniones de los dem\u00e1s, pero el orgullo nace cuando uno reconoce su propio valor.<\/p><p><a href=\"https:\/\/soymigrante.com\/revista\/category\/mejor\/\" target=\"_blank\" rel=\"noopener\">Cada guatemalteco migrante tiene una historia \u00fanica de sacrificio, esfuerzo y perseverancia<\/a>. Desde aquellos que cruzan fronteras arriesgando todo en busca de un futuro mejor, hasta los que han construido vidas y familias en suelo estadounidense, cada experiencia es una historia de valent\u00eda. Estos relatos deben ser contados, compartidos y celebrados, ya que representan la fortaleza humana en su m\u00e1xima expresi\u00f3n.<\/p>\t\t\t\t\t\t\t\t<\/div>\n\t\t\t\t\t<\/div>\n\t\t\t\t<\/div>\n\t\t<div data-particle_enable=\"false\" data-particle-mobile-disabled=\"false\" class=\"elementor-element elementor-element-934ac3b e-flex e-con-boxed e-con e-parent\" data-id=\"934ac3b\" data-element_type=\"container\" data-e-type=\"container\">\n\t\t\t\t\t<div class=\"e-con-inner\">\n\t\t\t\t<div class=\"elementor-element elementor-element-c63c78d elementor-grid-eael-col-1 elementor-grid-tablet-eael-col-2 elementor-grid-mobile-eael-col-1 elementor-widget elementor-widget-eael-post-grid\" data-id=\"c63c78d\" data-element_type=\"widget\" data-e-type=\"widget\" data-settings=\"{&quot;eael_post_grid_columns&quot;:&quot;eael-col-1&quot;,&quot;eael_post_grid_columns_tablet&quot;:&quot;eael-col-2&quot;,&quot;eael_post_grid_columns_mobile&quot;:&quot;eael-col-1&quot;}\" data-widget_type=\"eael-post-grid.default\">\n\t\t\t\t\t<div id=\"eael-post-grid-c63c78d\" class=\"eael-post-grid-container\">\n            <div class=\"eael-post-grid eael-post-appender eael-post-appender-c63c78d eael-post-grid-style-one\" data-layout-mode=\"masonry\"><article class=\"eael-grid-post  eael-post-grid-column eael-pg-post-9315 category-estamos-unidos\" data-id=\"9315\">\n        <div class=\"eael-grid-post-holder\">\n            <div class=\"eael-grid-post-holder-inner\"><div class=\"eael-entry-media\"><div class=\"eael-entry-overlay fade-in\"><i class=\"far fa-hand-pointer\" aria-hidden=\"true\"><\/i><a href=\"https:\/\/soymigrante.com\/revista\/migrantes-guatemaltecos-en-usa-se-unieron-para-festejar-el-15-de-septiembre\/\"><\/a><\/div><div class=\"eael-entry-thumbnail \">\n                <img decoding=\"async\" width=\"777\" height=\"777\" src=\"https:\/\/soymigrante.com\/revista\/wp-content\/uploads\/2024\/09\/festejo-independencia-seattle.webp\" class=\"attachment-large size-large wp-image-9320\" alt=\"Guatemala bandera en celebraci\u00f3n, comunidad migrante participando en evento cultural, reivindicaci\u00f3n de identidad y ra\u00edces, ni\u00f1os y adultos mostrando orgullo nacional.\" srcset=\"https:\/\/soymigrante.com\/revista\/wp-content\/uploads\/2024\/09\/festejo-independencia-seattle.webp 777w, https:\/\/soymigrante.com\/revista\/wp-content\/uploads\/2024\/09\/festejo-independencia-seattle-300x300.webp 300w, https:\/\/soymigrante.com\/revista\/wp-content\/uploads\/2024\/09\/festejo-independencia-seattle-150x150.webp 150w, https:\/\/soymigrante.com\/revista\/wp-content\/uploads\/2024\/09\/festejo-independencia-seattle-768x768.webp 768w, https:\/\/soymigrante.com\/revista\/wp-content\/uploads\/2024\/09\/festejo-independencia-seattle-75x75.webp 75w, https:\/\/soymigrante.com\/revista\/wp-content\/uploads\/2024\/09\/festejo-independencia-seattle-750x750.webp 750w\" sizes=\"(max-width: 777px) 100vw, 777px\" \/>\n            <\/div>\n        <\/div><div class=\"eael-entry-wrapper\"><header class=\"eael-entry-header\"><h2 class=\"eael-entry-title\"><a class=\"eael-grid-post-link\" href=\"https:\/\/soymigrante.com\/revista\/migrantes-guatemaltecos-en-usa-se-unieron-para-festejar-el-15-de-septiembre\/\" title=\"As\u00ed festejaron migrantes guatemaltecos el 15 de septiembre en ciudades de USA\">As\u00ed festejaron migrantes guatemaltecos el 15 de septiembre en ciudades de USA<\/a><\/h2><\/header><div class=\"eael-entry-content\">\n                        <div class=\"eael-grid-post-excerpt\"><a href=\"https:\/\/soymigrante.com\/revista\/migrantes-guatemaltecos-en-usa-se-unieron-para-festejar-el-15-de-septiembre\/\" class=\"eael-post-elements-readmore-btn\">CONOCE SU HISTORIA <\/a><\/div>\n                    <\/div><\/div><\/div>\n        <\/div>\n    <\/article><\/div>\n            <div class=\"clearfix\"><\/div>\n        <\/div>\t\t\t\t<\/div>\n\t\t\t\t\t<\/div>\n\t\t\t\t<\/div>\n\t\t<div data-particle_enable=\"false\" data-particle-mobile-disabled=\"false\" class=\"elementor-element elementor-element-032a70d e-flex e-con-boxed e-con e-parent\" data-id=\"032a70d\" data-element_type=\"container\" data-e-type=\"container\">\n\t\t\t\t\t<div class=\"e-con-inner\">\n\t\t\t\t<div class=\"elementor-element elementor-element-cbcf839 elementor-widget elementor-widget-heading\" data-id=\"cbcf839\" data-element_type=\"widget\" data-e-type=\"widget\" data-widget_type=\"heading.default\">\n\t\t\t\t\t<h3 class=\"elementor-heading-title elementor-size-default\">La importancia de las comunidades<\/h3>\t\t\t\t<\/div>\n\t\t\t\t\t<\/div>\n\t\t\t\t<\/div>\n\t\t<div data-particle_enable=\"false\" data-particle-mobile-disabled=\"false\" class=\"elementor-element elementor-element-b42f58f e-flex e-con-boxed e-con e-parent\" data-id=\"b42f58f\" data-element_type=\"container\" data-e-type=\"container\">\n\t\t\t\t\t<div class=\"e-con-inner\">\n\t\t\t\t<div class=\"elementor-element elementor-element-2e56c4a elementor-widget elementor-widget-text-editor\" data-id=\"2e56c4a\" data-element_type=\"widget\" data-e-type=\"widget\" data-widget_type=\"text-editor.default\">\n\t\t\t\t\t\t\t\t\t<p>Uno de los mayores apoyos para los migrantes guatemaltecos en Estados Unidos es la creaci\u00f3n de comunidades fuertes y solidarias. Agruparse en torno a organizaciones comunitarias, iglesias y grupos culturales no solo permite preservar las tradiciones, sino tambi\u00e9n crear redes de apoyo donde el sentimiento de pertenencia y orgullo florece. Celebraciones como el D\u00eda de la Independencia de Guatemala, las fiestas patronales y las ferias culturales permiten mantener viva la identidad guatemalteca en Estados Unidos.<\/p><p>Adem\u00e1s, <a href=\"https:\/\/soymigrante.com\/revista\/category\/mejor\/\" target=\"_blank\" rel=\"noopener\">estas comunidades sirven como espacios donde los migrantes pueden compartir sus experiencias y aprender de otros.<\/a> En lugar de sentir verg\u00fcenza, los guatemaltecos migrantes deben apoyarse mutuamente para recordar que no est\u00e1n solos en su lucha, y que su identidad es algo digno de ser celebrado.<\/p>\t\t\t\t\t\t\t\t<\/div>\n\t\t\t\t\t<\/div>\n\t\t\t\t<\/div>\n\t\t<div data-particle_enable=\"false\" data-particle-mobile-disabled=\"false\" class=\"elementor-element elementor-element-077e954 e-flex e-con-boxed e-con e-parent\" data-id=\"077e954\" data-element_type=\"container\" data-e-type=\"container\">\n\t\t\t\t\t<div class=\"e-con-inner\">\n\t\t\t\t<div class=\"elementor-element elementor-element-2941dba elementor-grid-eael-col-3 elementor-grid-tablet-eael-col-2 elementor-grid-mobile-eael-col-1 elementor-widget elementor-widget-eael-post-grid\" data-id=\"2941dba\" data-element_type=\"widget\" data-e-type=\"widget\" data-settings=\"{&quot;eael_post_grid_columns&quot;:&quot;eael-col-3&quot;,&quot;eael_post_grid_columns_tablet&quot;:&quot;eael-col-2&quot;,&quot;eael_post_grid_columns_mobile&quot;:&quot;eael-col-1&quot;}\" data-widget_type=\"eael-post-grid.default\">\n\t\t\t\t\t<div id=\"eael-post-grid-2941dba\" class=\"eael-post-grid-container\">\n            <div class=\"eael-post-grid eael-post-appender eael-post-appender-2941dba eael-post-grid-style-one\" data-layout-mode=\"masonry\"><article class=\"eael-grid-post  eael-post-grid-column eael-pg-post-6678 category-exitos\" data-id=\"6678\">\n        <div class=\"eael-grid-post-holder\">\n            <div class=\"eael-grid-post-holder-inner\"><div class=\"eael-entry-media\"><div class=\"eael-entry-overlay fade-in\"><i class=\"far fa-hand-pointer\" aria-hidden=\"true\"><\/i><a href=\"https:\/\/soymigrante.com\/revista\/asi-cambio-de-pies-a-cabeza-el-sueno-de-gilroy-alvarez\/\"><\/a><\/div><div class=\"eael-entry-thumbnail \">\n                <img loading=\"lazy\" decoding=\"async\" width=\"1024\" height=\"1024\" src=\"https:\/\/soymigrante.com\/revista\/wp-content\/uploads\/2024\/05\/Gilroy-Alvarez-dfdf-1024x1024.webp\" class=\"attachment-large size-large wp-image-6679\" alt=\"Vendedor de bienes ra\u00edces mostrando un cartel de propiedad en venta con enfoque en la comunidad migrante en EE. UU. y servicios de inmobiliaria.\" srcset=\"https:\/\/soymigrante.com\/revista\/wp-content\/uploads\/2024\/05\/Gilroy-Alvarez-dfdf-1024x1024.webp 1024w, https:\/\/soymigrante.com\/revista\/wp-content\/uploads\/2024\/05\/Gilroy-Alvarez-dfdf-300x300.webp 300w, https:\/\/soymigrante.com\/revista\/wp-content\/uploads\/2024\/05\/Gilroy-Alvarez-dfdf-150x150.webp 150w, https:\/\/soymigrante.com\/revista\/wp-content\/uploads\/2024\/05\/Gilroy-Alvarez-dfdf-768x768.webp 768w, https:\/\/soymigrante.com\/revista\/wp-content\/uploads\/2024\/05\/Gilroy-Alvarez-dfdf-75x75.webp 75w, https:\/\/soymigrante.com\/revista\/wp-content\/uploads\/2024\/05\/Gilroy-Alvarez-dfdf-750x750.webp 750w, https:\/\/soymigrante.com\/revista\/wp-content\/uploads\/2024\/05\/Gilroy-Alvarez-dfdf-1140x1140.webp 1140w, https:\/\/soymigrante.com\/revista\/wp-content\/uploads\/2024\/05\/Gilroy-Alvarez-dfdf.webp 1366w\" sizes=\"(max-width: 1024px) 100vw, 1024px\" \/>\n            <\/div>\n        <\/div><div class=\"eael-entry-wrapper\"><header class=\"eael-entry-header\"><h2 class=\"eael-entry-title\"><a class=\"eael-grid-post-link\" href=\"https:\/\/soymigrante.com\/revista\/asi-cambio-de-pies-a-cabeza-el-sueno-de-gilroy-alvarez\/\" title=\"As\u00ed cambi\u00f3 de pies a cabeza el sue\u00f1o de Gilroy \u00c1lvarez\">As\u00ed cambi\u00f3 de pies a cabeza el sue\u00f1o de Gilroy \u00c1lvarez<\/a><\/h2><\/header><div class=\"eael-entry-content\">\n                        <div class=\"eael-grid-post-excerpt\"><a href=\"https:\/\/soymigrante.com\/revista\/asi-cambio-de-pies-a-cabeza-el-sueno-de-gilroy-alvarez\/\" class=\"eael-post-elements-readmore-btn\">CONOCE SU HISTORIA <\/a><\/div>\n                    <\/div><\/div><\/div>\n        <\/div>\n    <\/article><article class=\"eael-grid-post  eael-post-grid-column eael-pg-post-3726 category-exitos\" data-id=\"3726\">\n        <div class=\"eael-grid-post-holder\">\n            <div class=\"eael-grid-post-holder-inner\"><div class=\"eael-entry-media\"><div class=\"eael-entry-overlay fade-in\"><i class=\"far fa-hand-pointer\" aria-hidden=\"true\"><\/i><a href=\"https:\/\/soymigrante.com\/revista\/7-aprendizajes-vitales-de-pablo-higueros-migrante-y-experto-financiero\/\"><\/a><\/div><div class=\"eael-entry-thumbnail \">\n                <img loading=\"lazy\" decoding=\"async\" width=\"889\" height=\"846\" src=\"https:\/\/soymigrante.com\/revista\/wp-content\/uploads\/2023\/12\/pablo-oficina.webp\" class=\"attachment-large size-large wp-image-3727\" alt=\"\" srcset=\"https:\/\/soymigrante.com\/revista\/wp-content\/uploads\/2023\/12\/pablo-oficina.webp 889w, https:\/\/soymigrante.com\/revista\/wp-content\/uploads\/2023\/12\/pablo-oficina-300x285.webp 300w, https:\/\/soymigrante.com\/revista\/wp-content\/uploads\/2023\/12\/pablo-oficina-768x731.webp 768w, https:\/\/soymigrante.com\/revista\/wp-content\/uploads\/2023\/12\/pablo-oficina-750x714.webp 750w\" sizes=\"(max-width: 889px) 100vw, 889px\" \/>\n            <\/div>\n        <\/div><div class=\"eael-entry-wrapper\"><header class=\"eael-entry-header\"><h2 class=\"eael-entry-title\"><a class=\"eael-grid-post-link\" href=\"https:\/\/soymigrante.com\/revista\/7-aprendizajes-vitales-de-pablo-higueros-migrante-y-experto-financiero\/\" title=\"7 aprendizajes vitales de Pablo Higueros, migrante y experto financiero\">7 aprendizajes vitales de Pablo Higueros, migrante y experto financiero<\/a><\/h2><\/header><div class=\"eael-entry-content\">\n                        <div class=\"eael-grid-post-excerpt\"><a href=\"https:\/\/soymigrante.com\/revista\/7-aprendizajes-vitales-de-pablo-higueros-migrante-y-experto-financiero\/\" class=\"eael-post-elements-readmore-btn\">CONOCE SU HISTORIA <\/a><\/div>\n                    <\/div><\/div><\/div>\n        <\/div>\n    <\/article><article class=\"eael-grid-post  eael-post-grid-column eael-pg-post-2124 category-exitos\" data-id=\"2124\">\n        <div class=\"eael-grid-post-holder\">\n            <div class=\"eael-grid-post-holder-inner\"><div class=\"eael-entry-media\"><div class=\"eael-entry-overlay fade-in\"><i class=\"far fa-hand-pointer\" aria-hidden=\"true\"><\/i><a href=\"https:\/\/soymigrante.com\/revista\/pablo-mazariegos-psicologo-migrante-guatemalteco\/\"><\/a><\/div><div class=\"eael-entry-thumbnail \">\n                <img loading=\"lazy\" decoding=\"async\" width=\"1024\" height=\"686\" src=\"https:\/\/soymigrante.com\/revista\/wp-content\/uploads\/2023\/08\/pablo-mazariegos-b-1024x686.webp\" class=\"attachment-large size-large wp-image-2130\" alt=\"Pablo Mazariegos es graduado universitario en terapia familiar y psicolog\u00eda escolar, pero a su vez estas facetas e historias le condujeron a ser creador audiovisual, a trav\u00e9s de documentales propositivos y optimistas dedicados sobre todo a j\u00f3venes.\" srcset=\"https:\/\/soymigrante.com\/revista\/wp-content\/uploads\/2023\/08\/pablo-mazariegos-b-1024x686.webp 1024w, https:\/\/soymigrante.com\/revista\/wp-content\/uploads\/2023\/08\/pablo-mazariegos-b-300x201.webp 300w, https:\/\/soymigrante.com\/revista\/wp-content\/uploads\/2023\/08\/pablo-mazariegos-b-768x514.webp 768w, https:\/\/soymigrante.com\/revista\/wp-content\/uploads\/2023\/08\/pablo-mazariegos-b-1536x1028.webp 1536w, https:\/\/soymigrante.com\/revista\/wp-content\/uploads\/2023\/08\/pablo-mazariegos-b-750x502.webp 750w, https:\/\/soymigrante.com\/revista\/wp-content\/uploads\/2023\/08\/pablo-mazariegos-b-1140x763.webp 1140w, https:\/\/soymigrante.com\/revista\/wp-content\/uploads\/2023\/08\/pablo-mazariegos-b.webp 1920w\" sizes=\"(max-width: 1024px) 100vw, 1024px\" \/>\n            <\/div>\n        <\/div><div class=\"eael-entry-wrapper\"><header class=\"eael-entry-header\"><h2 class=\"eael-entry-title\"><a class=\"eael-grid-post-link\" href=\"https:\/\/soymigrante.com\/revista\/pablo-mazariegos-psicologo-migrante-guatemalteco\/\" title=\"Pablo Mazariegos: Transformando historias migrantes en esperanza\">Pablo Mazariegos: Transformando historias migrantes en esperanza<\/a><\/h2><\/header><div class=\"eael-entry-content\">\n                        <div class=\"eael-grid-post-excerpt\"><a href=\"https:\/\/soymigrante.com\/revista\/pablo-mazariegos-psicologo-migrante-guatemalteco\/\" class=\"eael-post-elements-readmore-btn\">CONOCE SU HISTORIA <\/a><\/div>\n                    <\/div><\/div><\/div>\n        <\/div>\n    <\/article><\/div>\n            <div class=\"clearfix\"><\/div>\n        <\/div>\t\t\t\t<\/div>\n\t\t\t\t\t<\/div>\n\t\t\t\t<\/div>\n\t\t<div data-particle_enable=\"false\" data-particle-mobile-disabled=\"false\" class=\"elementor-element elementor-element-24bb7d7 e-flex e-con-boxed e-con e-parent\" data-id=\"24bb7d7\" data-element_type=\"container\" data-e-type=\"container\">\n\t\t\t\t\t<div class=\"e-con-inner\">\n\t\t\t\t<div class=\"elementor-element elementor-element-aaa0774 elementor-widget elementor-widget-heading\" data-id=\"aaa0774\" data-element_type=\"widget\" data-e-type=\"widget\" data-widget_type=\"heading.default\">\n\t\t\t\t\t<h3 class=\"elementor-heading-title elementor-size-default\">Educar a las nuevas generaciones<\/h3>\t\t\t\t<\/div>\n\t\t\t\t\t<\/div>\n\t\t\t\t<\/div>\n\t\t<div data-particle_enable=\"false\" data-particle-mobile-disabled=\"false\" class=\"elementor-element elementor-element-cdd0e28 e-flex e-con-boxed e-con e-parent\" data-id=\"cdd0e28\" data-element_type=\"container\" data-e-type=\"container\">\n\t\t\t\t\t<div class=\"e-con-inner\">\n\t\t\t\t<div class=\"elementor-element elementor-element-d2644d6 elementor-widget elementor-widget-text-editor\" data-id=\"d2644d6\" data-element_type=\"widget\" data-e-type=\"widget\" data-widget_type=\"text-editor.default\">\n\t\t\t\t\t\t\t\t\t<p>Para muchos migrantes, el reto de criar hijos en un pa\u00eds con una cultura diferente puede ser complejo. Algunos temen que las nuevas generaciones, nacidas o criadas en Estados Unidos, se alejen de sus ra\u00edces o sientan verg\u00fcenza de su identidad guatemalteca. <a href=\"https:\/\/soymigrante.com\/revista\/category\/mejor\/\" target=\"_blank\" rel=\"noopener\">Es crucial que los padres transmitan a sus hijos el orgullo por su herencia.<\/a> Ense\u00f1arles el idioma, las tradiciones y la historia de Guatemala es una manera de asegurar que no pierdan ese sentido de pertenencia.<\/p><p>Adem\u00e1s, es importante que los ni\u00f1os y j\u00f3venes guatemaltecos en Estados Unidos se vean reflejados en historias de \u00e9xito de su comunidad. Muchos guatemaltecos han logrado destacarse en diferentes campos, desde el activismo hasta el emprendimiento. Estas historias son ejemplos de que ser migrante guatemalteco no solo es digno de orgullo, sino que es una fortaleza para abrirse camino en un pa\u00eds lleno de oportunidades.<\/p>\t\t\t\t\t\t\t\t<\/div>\n\t\t\t\t\t<\/div>\n\t\t\t\t<\/div>\n\t\t<div data-particle_enable=\"false\" data-particle-mobile-disabled=\"false\" class=\"elementor-element elementor-element-1fd0ff5 e-flex e-con-boxed e-con e-parent\" data-id=\"1fd0ff5\" data-element_type=\"container\" data-e-type=\"container\">\n\t\t\t\t\t<div class=\"e-con-inner\">\n\t\t\t\t<div class=\"elementor-element elementor-element-f94ca22 elementor-grid-eael-col-1 elementor-grid-tablet-eael-col-2 elementor-grid-mobile-eael-col-1 elementor-widget elementor-widget-eael-post-grid\" data-id=\"f94ca22\" data-element_type=\"widget\" data-e-type=\"widget\" data-settings=\"{&quot;eael_post_grid_columns&quot;:&quot;eael-col-1&quot;,&quot;eael_post_grid_columns_tablet&quot;:&quot;eael-col-2&quot;,&quot;eael_post_grid_columns_mobile&quot;:&quot;eael-col-1&quot;}\" data-widget_type=\"eael-post-grid.default\">\n\t\t\t\t\t<div id=\"eael-post-grid-f94ca22\" class=\"eael-post-grid-container\">\n            <div class=\"eael-post-grid eael-post-appender eael-post-appender-f94ca22 eael-post-grid-style-one\" data-layout-mode=\"masonry\"><article class=\"eael-grid-post  eael-post-grid-column eael-pg-post-2485 category-estamos-unidos tags-remesas-migrantes\" data-id=\"2485\">\n        <div class=\"eael-grid-post-holder\">\n            <div class=\"eael-grid-post-holder-inner\"><div class=\"eael-entry-media\"><div class=\"eael-entry-overlay fade-in\"><i class=\"far fa-hand-pointer\" aria-hidden=\"true\"><\/i><a href=\"https:\/\/soymigrante.com\/revista\/remesas-de-migrantes-guatemaltecos-desde-estados-unidos-superan-los-us13-mil-millones-en-ocho-meses\/\"><\/a><\/div><div class=\"eael-entry-thumbnail \">\n                <img loading=\"lazy\" decoding=\"async\" width=\"1024\" height=\"747\" src=\"https:\/\/soymigrante.com\/revista\/wp-content\/uploads\/2023\/09\/remesaschapinas-1024x747.webp\" class=\"attachment-large size-large wp-image-2488\" alt=\"\" srcset=\"https:\/\/soymigrante.com\/revista\/wp-content\/uploads\/2023\/09\/remesaschapinas-1024x747.webp 1024w, https:\/\/soymigrante.com\/revista\/wp-content\/uploads\/2023\/09\/remesaschapinas-300x219.webp 300w, https:\/\/soymigrante.com\/revista\/wp-content\/uploads\/2023\/09\/remesaschapinas-768x560.webp 768w, https:\/\/soymigrante.com\/revista\/wp-content\/uploads\/2023\/09\/remesaschapinas-750x547.webp 750w, https:\/\/soymigrante.com\/revista\/wp-content\/uploads\/2023\/09\/remesaschapinas-1140x831.webp 1140w, https:\/\/soymigrante.com\/revista\/wp-content\/uploads\/2023\/09\/remesaschapinas.webp 1222w\" sizes=\"(max-width: 1024px) 100vw, 1024px\" \/>\n            <\/div>\n        <\/div><div class=\"eael-entry-wrapper\"><header class=\"eael-entry-header\"><h2 class=\"eael-entry-title\"><a class=\"eael-grid-post-link\" href=\"https:\/\/soymigrante.com\/revista\/remesas-de-migrantes-guatemaltecos-desde-estados-unidos-superan-los-us13-mil-millones-en-ocho-meses\/\" title=\"Remesas de migrantes guatemaltecos desde Estados Unidos superan los US$13 mil millones en ocho meses\">Remesas de migrantes guatemaltecos desde Estados Unidos superan los US$13 mil millones en ocho meses<\/a><\/h2><\/header><div class=\"eael-entry-content\">\n                        <div class=\"eael-grid-post-excerpt\"><a href=\"https:\/\/soymigrante.com\/revista\/remesas-de-migrantes-guatemaltecos-desde-estados-unidos-superan-los-us13-mil-millones-en-ocho-meses\/\" class=\"eael-post-elements-readmore-btn\">M\u00c1S INFORMACI\u00d3N SOBRE ESTE LOGRO COLECTIVO DE LOS MIGRANTES GUATEMALTECOS<\/a><\/div>\n                    <\/div><\/div><\/div>\n        <\/div>\n    <\/article><\/div>\n            <div class=\"clearfix\"><\/div>\n        <\/div>\t\t\t\t<\/div>\n\t\t\t\t\t<\/div>\n\t\t\t\t<\/div>\n\t\t<div data-particle_enable=\"false\" data-particle-mobile-disabled=\"false\" class=\"elementor-element elementor-element-fb9c2dc e-flex e-con-boxed e-con e-parent\" data-id=\"fb9c2dc\" data-element_type=\"container\" data-e-type=\"container\">\n\t\t\t\t\t<div class=\"e-con-inner\">\n\t\t\t\t<div class=\"elementor-element elementor-element-a7030f1 elementor-widget elementor-widget-heading\" data-id=\"a7030f1\" data-element_type=\"widget\" data-e-type=\"widget\" data-widget_type=\"heading.default\">\n\t\t\t\t\t<h3 class=\"elementor-heading-title elementor-size-default\">Ser migrante es una decisi\u00f3n dif\u00edcil, valiente y digna<\/h3>\t\t\t\t<\/div>\n\t\t\t\t\t<\/div>\n\t\t\t\t<\/div>\n\t\t<div data-particle_enable=\"false\" data-particle-mobile-disabled=\"false\" class=\"elementor-element elementor-element-d3a4f71 e-flex e-con-boxed e-con e-parent\" data-id=\"d3a4f71\" data-element_type=\"container\" data-e-type=\"container\">\n\t\t\t\t\t<div class=\"e-con-inner\">\n\t\t\t\t<div class=\"elementor-element elementor-element-ce47057 elementor-widget elementor-widget-text-editor\" data-id=\"ce47057\" data-element_type=\"widget\" data-e-type=\"widget\" data-widget_type=\"text-editor.default\">\n\t\t\t\t\t\t\t\t\t<p>La narrativa sobre la migraci\u00f3n guatemalteca a menudo se enfoca en las dificultades, pero detr\u00e1s de cada historia de migraci\u00f3n hay esperanza, valent\u00eda y sacrificio. La migraci\u00f3n, lejos de ser motivo de verg\u00fcenza, es una decisi\u00f3n valiente y muchas veces desesperada por mejorar la vida propia y la de los seres queridos. <a href=\"https:\/\/soymigrante.com\/revista\/category\/mejor\/\" target=\"_blank\" rel=\"noopener\">Ser migrante significa tener la capacidad de adaptarse, de aprender y de construir una vida nueva<\/a> en medio de la adversidad.<\/p><p>No hay raz\u00f3n para sentir verg\u00fcenza de ser migrante guatemalteco en Estados Unidos. Cada guatemalteco que llega a este pa\u00eds trae consigo una historia, una cultura y una resiliencia que no debe ser minimizada. El camino no es f\u00e1cil, pero el orgullo de la identidad guatemalteca debe mantenerse firme y ser compartido con las futuras generaciones. Es tiempo de celebrar la riqueza cultural, la contribuci\u00f3n y el valor de los migrantes guatemaltecos, tanto en Estados Unidos como en el mundo.<\/p>\t\t\t\t\t\t\t\t<\/div>\n\t\t\t\t\t<\/div>\n\t\t\t\t<\/div>\n\t\t<div data-particle_enable=\"false\" data-particle-mobile-disabled=\"false\" class=\"elementor-element elementor-element-84feecd e-flex e-con-boxed e-con e-parent\" data-id=\"84feecd\" data-element_type=\"container\" data-e-type=\"container\">\n\t\t\t\t\t<div class=\"e-con-inner\">\n\t\t\t\t<div class=\"elementor-element elementor-element-ffa199d elementor-widget elementor-widget-heading\" data-id=\"ffa199d\" data-element_type=\"widget\" data-e-type=\"widget\" data-widget_type=\"heading.default\">\n\t\t\t\t\t<h2 class=\"elementor-heading-title elementor-size-default\">No te puedes perder...<\/h2>\t\t\t\t<\/div>\n\t\t\t\t\t<\/div>\n\t\t\t\t<\/div>\n\t\t<div data-particle_enable=\"false\" data-particle-mobile-disabled=\"false\" class=\"elementor-element elementor-element-ffdff10 e-flex e-con-boxed e-con e-parent\" data-id=\"ffdff10\" data-element_type=\"container\" data-e-type=\"container\">\n\t\t\t\t\t<div class=\"e-con-inner\">\n\t\t\t\t<div class=\"elementor-element elementor-element-d61533a elementor-widget elementor-widget-blfe-post-grid\" data-id=\"d61533a\" data-element_type=\"widget\" data-e-type=\"widget\" data-settings=\"{&quot;columns&quot;:&quot;3&quot;,&quot;columns_tablet&quot;:&quot;6&quot;,&quot;columns_mobile&quot;:&quot;12&quot;,&quot;hero1_layout_column_gap&quot;:{&quot;unit&quot;:&quot;px&quot;,&quot;size&quot;:30,&quot;sizes&quot;:[]},&quot;hero1_layout_column_gap_tablet&quot;:{&quot;unit&quot;:&quot;px&quot;,&quot;size&quot;:&quot;&quot;,&quot;sizes&quot;:[]},&quot;hero1_layout_column_gap_mobile&quot;:{&quot;unit&quot;:&quot;px&quot;,&quot;size&quot;:&quot;&quot;,&quot;sizes&quot;:[]},&quot;hero1_layout_row_gap&quot;:{&quot;unit&quot;:&quot;px&quot;,&quot;size&quot;:30,&quot;sizes&quot;:[]},&quot;hero1_layout_row_gap_tablet&quot;:{&quot;unit&quot;:&quot;px&quot;,&quot;size&quot;:&quot;&quot;,&quot;sizes&quot;:[]},&quot;hero1_layout_row_gap_mobile&quot;:{&quot;unit&quot;:&quot;px&quot;,&quot;size&quot;:&quot;&quot;,&quot;sizes&quot;:[]}}\" data-widget_type=\"blfe-post-grid.hero1\">\n\t\t\t\t<div class=\"elementor-widget-container\">\n\t\t\t\t\t\n                        <div class=\"blfe-post-grid-container \">\n            \n                <div data-skin=\"hero1\" class=\"blfe-row blfe-posts-inner blfe-hero1 blfe-posts-inner blfe-col-3 blfe-col-tab-6 blfe-col-mob-12     \">\n                            <div class=\"blfe-post-grid-item\">\n            <div class=\"blfe-post-grid-item-inner blfe-modern-zoom\">\n                        <div class=\"blfe-post-grid-bg-image\">\n            <a class=\"blfe-post-grid-image-inner\" href=\"https:\/\/soymigrante.com\/revista\/solsticio-de-verano-marca-sitios-mayas-de-uaxactun-e-iximche\/\" title=\"Equinoccio de primavera se celebra entre 20 y 21 de marzo en sitios mayas como Uaxact\u00fan e Iximch\u00e9\" rel=\"nofollow\" target=\"_blank\"><img decoding=\"async\" src=\"https:\/\/soymigrante.com\/revista\/wp-content\/uploads\/2025\/03\/ICE-3.png\" alt=\"Equinoccio de primavera se celebra entre 20 y 21 de marzo en sitios mayas como Uaxact\u00fan e Iximch\u00e9\"\/><\/a>        <\/div>\n                        <div class=\"blfe-post-grid-details\">\n                    <div class=\"blfe-post-grid-details-inner\">\n                        <span class=\"blfe-post-category\"><a href=\"https:\/\/soymigrante.com\/revista\/category\/guate-nuestra\/\">Guate Nuestra<\/a><\/span>                        <h3 class=\"blfe-post-grid-title\">\n            <a href=\"https:\/\/soymigrante.com\/revista\/solsticio-de-verano-marca-sitios-mayas-de-uaxactun-e-iximche\/\" title=\"Equinoccio de primavera se celebra entre 20 y 21 de marzo en sitios mayas como Uaxact\u00fan e Iximch\u00e9\" rel=\"nofollow\" target=\"_blank\">Equinoccio de primavera se celebra entre 20 y 21 de marzo en sitios mayas como Uaxact\u00fan e Iximch\u00e9<\/a>\n            <\/h3>                                                            <div class=\"blfe-post-grid-meta\">\n                <span class=\"blfe-post-grid-time\"><i class=\"fas fa-book-reader\"><\/i>6 Min read<\/span>            <\/div>\n                                                        <\/div>\n                <\/div>\n\n            <\/div>\n        <\/div>\n                <div class=\"blfe-post-grid-item\">\n            <div class=\"blfe-post-grid-item-inner blfe-modern-zoom\">\n                        <div class=\"blfe-post-grid-bg-image\">\n            <a class=\"blfe-post-grid-image-inner\" href=\"https:\/\/soymigrante.com\/revista\/10-pueblos-a-la-orilla-del-lago-de-atitlan-que-debes-descubrir\/\" title=\"Ocho pueblos a la orilla del lago de Atitl\u00e1n que debes descubrir\" rel=\"nofollow\" target=\"_blank\"><img decoding=\"async\" src=\"https:\/\/soymigrante.com\/revista\/wp-content\/uploads\/2024\/08\/agricultura-san-antonio-palopo-face-soy-migrante-2.webp\" alt=\"Ocho pueblos a la orilla del lago de Atitl\u00e1n que debes descubrir\"\/><\/a>        <\/div>\n                        <div class=\"blfe-post-grid-details\">\n                    <div class=\"blfe-post-grid-details-inner\">\n                        <span class=\"blfe-post-category\"><a href=\"https:\/\/soymigrante.com\/revista\/category\/guate-nuestra\/\">Guate Nuestra<\/a><\/span>                        <h3 class=\"blfe-post-grid-title\">\n            <a href=\"https:\/\/soymigrante.com\/revista\/10-pueblos-a-la-orilla-del-lago-de-atitlan-que-debes-descubrir\/\" title=\"Ocho pueblos a la orilla del lago de Atitl\u00e1n que debes descubrir\" rel=\"nofollow\" target=\"_blank\">Ocho pueblos a la orilla del lago de Atitl\u00e1n que debes descubrir<\/a>\n            <\/h3>                                                            <div class=\"blfe-post-grid-meta\">\n                <span class=\"blfe-post-grid-time\"><i class=\"fas fa-book-reader\"><\/i>6 Min read<\/span>            <\/div>\n                                                        <\/div>\n                <\/div>\n\n            <\/div>\n        <\/div>\n                <div class=\"blfe-post-grid-item\">\n            <div class=\"blfe-post-grid-item-inner blfe-modern-zoom\">\n                        <div class=\"blfe-post-grid-bg-image\">\n            <a class=\"blfe-post-grid-image-inner\" href=\"https:\/\/soymigrante.com\/revista\/a-b-galeria-de-geovani-batz-colorido-creatividad-y-tradicion-de-totonicapan-esta-en-mercado\/\" title=\"B A Galer\u00eda de Geovani Batz: colorido, creatividad y tradici\u00f3n de Totonicap\u00e1n est\u00e1 en MERCADO\" rel=\"nofollow\" target=\"_blank\"><img decoding=\"async\" src=\"https:\/\/soymigrante.com\/revista\/wp-content\/uploads\/2025\/01\/Geovani-Batz-e-hijo-1.webp\" alt=\"B A Galer\u00eda de Geovani Batz: colorido, creatividad y tradici\u00f3n de Totonicap\u00e1n est\u00e1 en MERCADO\"\/><\/a>        <\/div>\n                        <div class=\"blfe-post-grid-details\">\n                    <div class=\"blfe-post-grid-details-inner\">\n                        <span class=\"blfe-post-category\"><a href=\"https:\/\/soymigrante.com\/revista\/category\/guate-nuestra\/\">Guate Nuestra<\/a><\/span>                        <h3 class=\"blfe-post-grid-title\">\n            <a href=\"https:\/\/soymigrante.com\/revista\/a-b-galeria-de-geovani-batz-colorido-creatividad-y-tradicion-de-totonicapan-esta-en-mercado\/\" title=\"B A Galer\u00eda de Geovani Batz: colorido, creatividad y tradici\u00f3n de Totonicap\u00e1n est\u00e1 en MERCADO\" rel=\"nofollow\" target=\"_blank\">B A Galer\u00eda de Geovani Batz: colorido, creatividad y tradici\u00f3n de Totonicap\u00e1n est\u00e1 en MERCADO<\/a>\n            <\/h3>                                                            <div class=\"blfe-post-grid-meta\">\n                <span class=\"blfe-post-grid-time\"><i class=\"fas fa-book-reader\"><\/i>4 Min read<\/span>            <\/div>\n                                                        <\/div>\n                <\/div>\n\n            <\/div>\n        <\/div>\n                        <\/div>\n\n                        <\/div>\n            \n                        <div class=\"blfe-post-footer\">\n                        <\/div>\n            \t\t\t\t<\/div>\n\t\t\t\t<\/div>\n\t\t\t\t\t<\/div>\n\t\t\t\t<\/div>\n\t\t\t\t<\/div>\n\t\t","protected":false},"excerpt":{"rendered":"<p>Ser migrante guatemalteco en Estados Unidos significa llevar consigo una herencia multicultural \u00fanica en el mundo, pero adem\u00e1s la fortaleza de superarse y el inmenso amor de ayudar a los familiares que quedaron en el pa\u00eds. La migraci\u00f3n de guatemaltecos a Estados Unidos ha sido, durante d\u00e9cadas, una respuesta a las dif\u00edciles condiciones econ\u00f3micas, pol\u00edticas [&hellip;]<\/p>\n","protected":false},"author":19,"featured_media":9613,"comment_status":"open","ping_status":"open","sticky":false,"template":"","format":"standard","meta":{"_acf_changed":true,"_eb_attr":"","footnotes":""},"categories":[58],"tags":[],"class_list":["post-9555","post","type-post","status-publish","format-standard","has-post-thumbnail","hentry","category-guate-nuestra"],"acf":[],"aioseo_notices":[],"aioseo_head":"\n\t\t<!-- All in One SEO Pro 4.9.6.2 - aioseo.com -->\n\t<meta name=\"description\" content=\"Desde el coraz\u00f3n de Totonicap\u00e1n, B A Galer\u00eda crea piezas que fusionan arte, color e imaginaci\u00f3n. Ya abri\u00f3 su tienda digital en SoyMigrante MERCADO.\" \/>\n\t<meta name=\"robots\" content=\"max-snippet:-1, max-image-preview:large, max-video-preview:-1\" \/>\n\t<meta name=\"author\" content=\"Beatriz Tercero\"\/>\n\t<link rel=\"canonical\" href=\"https:\/\/soymigrante.com\/revista\/a-b-galeria-de-geovani-batz-colorido-creatividad-y-tradicion-de-totonicapan-esta-en-mercado\/\" \/>\n\t<meta name=\"generator\" content=\"All in One SEO Pro (AIOSEO) 4.9.6.2\" \/>\n\n\t\t<link rel=\"preconnect\" href=\"https:\/\/fonts.googleapis.com\" crossorigin>\n<link rel=\"preconnect\" href=\"https:\/\/fonts.gstatic.com\" crossorigin>\n\t\t<meta property=\"og:locale\" content=\"es_ES\" \/>\n\t\t<meta property=\"og:site_name\" content=\"SoyMigrante.com REVISTA \u2013 Nuestra misi\u00f3n es reconocer y dignificar al migrante.\" \/>\n\t\t<meta property=\"og:type\" content=\"article\" \/>\n\t\t<meta property=\"og:title\" content=\"B A Galer\u00eda: Promoviendo el arte y la cultura desde Totonicap\u00e1n\" \/>\n\t\t<meta property=\"og:description\" content=\"Desde el coraz\u00f3n de Totonicap\u00e1n, B A Galer\u00eda crea piezas que fusionan arte, color e imaginaci\u00f3n. Ya abri\u00f3 su tienda digital en SoyMigrante MERCADO.\" \/>\n\t\t<meta property=\"og:url\" content=\"https:\/\/soymigrante.com\/revista\/a-b-galeria-de-geovani-batz-colorido-creatividad-y-tradicion-de-totonicapan-esta-en-mercado\/\" \/>\n\t\t<meta property=\"og:image\" content=\"https:\/\/soymigrante.com\/revista\/wp-content\/uploads\/2025\/01\/Geovani-Batz-e-hijo-1.webp\" \/>\n\t\t<meta property=\"og:image:secure_url\" content=\"https:\/\/soymigrante.com\/revista\/wp-content\/uploads\/2025\/01\/Geovani-Batz-e-hijo-1.webp\" \/>\n\t\t<meta property=\"og:image:width\" content=\"921\" \/>\n\t\t<meta property=\"og:image:height\" content=\"921\" \/>\n\t\t<meta property=\"article:published_time\" content=\"2025-01-23T14:59:12+00:00\" \/>\n\t\t<meta property=\"article:modified_time\" content=\"2025-01-24T17:15:54+00:00\" \/>\n\t\t<meta property=\"article:publisher\" content=\"https:\/\/www.facebook.com\/soymigrantecom\" \/>\n\t\t<meta name=\"twitter:card\" content=\"summary_large_image\" \/>\n\t\t<meta name=\"twitter:site\" content=\"@SoyMigrante_com\" \/>\n\t\t<meta name=\"twitter:title\" content=\"B A Galer\u00eda: Promoviendo el arte y la cultura desde Totonicap\u00e1n\" \/>\n\t\t<meta name=\"twitter:description\" content=\"Desde el coraz\u00f3n de Totonicap\u00e1n, B A Galer\u00eda crea piezas que fusionan arte, color e imaginaci\u00f3n. Ya abri\u00f3 su tienda digital en SoyMigrante MERCADO.\" \/>\n\t\t<meta name=\"twitter:creator\" content=\"@SoyMigrante_com\" \/>\n\t\t<meta name=\"twitter:image\" content=\"https:\/\/soymigrante.com\/revista\/wp-content\/uploads\/2025\/01\/Geovani-Batz-e-hijo-1.webp\" \/>\n\t\t<!-- All in One SEO Pro -->\r\n\t\t<title>B A Galer\u00eda: Promoviendo el arte y la cultura desde Totonicap\u00e1n<\/title>\n\n","aioseo_head_json":{"title":"B A Galer\u00eda: Promoviendo el arte y la cultura desde Totonicap\u00e1n","description":"Desde el coraz\u00f3n de Totonicap\u00e1n, B A Galer\u00eda crea piezas que fusionan arte, color e imaginaci\u00f3n. Ya abri\u00f3 su tienda digital en SoyMigrante MERCADO.","canonical_url":"https:\/\/soymigrante.com\/revista\/a-b-galeria-de-geovani-batz-colorido-creatividad-y-tradicion-de-totonicapan-esta-en-mercado\/","robots":"max-snippet:-1, max-image-preview:large, max-video-preview:-1","keywords":"","webmasterTools":{"miscellaneous":"&lt;link rel=\"preconnect\" href=\"https:\/\/fonts.googleapis.com\" crossorigin&gt;\n&lt;link rel=\"preconnect\" href=\"https:\/\/fonts.gstatic.com\" crossorigin&gt;"},"schema":null,"og:locale":"es_ES","og:site_name":"SoyMigrante.com REVISTA \u2013 Nuestra misi\u00f3n es reconocer y dignificar al migrante.","og:type":"article","og:title":"B A Galer\u00eda: Promoviendo el arte y la cultura desde Totonicap\u00e1n","og:description":"Desde el coraz\u00f3n de Totonicap\u00e1n, B A Galer\u00eda crea piezas que fusionan arte, color e imaginaci\u00f3n. Ya abri\u00f3 su tienda digital en SoyMigrante MERCADO.","og:url":"https:\/\/soymigrante.com\/revista\/a-b-galeria-de-geovani-batz-colorido-creatividad-y-tradicion-de-totonicapan-esta-en-mercado\/","og:image":"https:\/\/soymigrante.com\/revista\/wp-content\/uploads\/2025\/01\/Geovani-Batz-e-hijo-1.webp","og:image:secure_url":"https:\/\/soymigrante.com\/revista\/wp-content\/uploads\/2025\/01\/Geovani-Batz-e-hijo-1.webp","og:image:width":921,"og:image:height":921,"article:published_time":"2025-01-23T14:59:12+00:00","article:modified_time":"2025-01-24T17:15:54+00:00","article:publisher":"https:\/\/www.facebook.com\/soymigrantecom","twitter:card":"summary_large_image","twitter:site":"@SoyMigrante_com","twitter:title":"B A Galer\u00eda: Promoviendo el arte y la cultura desde Totonicap\u00e1n","twitter:description":"Desde el coraz\u00f3n de Totonicap\u00e1n, B A Galer\u00eda crea piezas que fusionan arte, color e imaginaci\u00f3n. Ya abri\u00f3 su tienda digital en SoyMigrante MERCADO.","twitter:creator":"@SoyMigrante_com","twitter:image":"https:\/\/soymigrante.com\/revista\/wp-content\/uploads\/2025\/01\/Geovani-Batz-e-hijo-1.webp"},"aioseo_meta_data":{"post_id":"9555","title":"Claves para fortalecer el orgullo de ser guatemalteco en USA","description":"Ser migrante guatemalteco en Estados Unidos significa llevar consigo una herencia multicultural, la voluntad de superarse y el inmenso amor por la familia en Guatemala.","keywords":null,"keyphrases":{"focus":{"keyphrase":"migrante","score":82,"analysis":{"keyphraseInTitle":{"score":3,"maxScore":9,"error":1},"keyphraseInDescription":{"score":9,"maxScore":9,"error":0},"keyphraseLength":{"score":9,"maxScore":9,"error":0,"length":1},"keyphraseInURL":{"score":5,"maxScore":5,"error":0},"keyphraseInIntroduction":{"score":3,"maxScore":9,"error":1},"keyphraseInSubHeadings":{"score":9,"maxScore":9,"error":0},"keyphraseInImageAlt":{"score":9,"maxScore":9,"error":0},"keywordDensity":{"type":"best","score":9,"maxScore":9,"error":0}}},"additional":[{"keyphrase":"migrante","score":87,"analysis":{"keyphraseInDescription":{"score":9,"maxScore":9,"error":0},"keyphraseLength":{"score":9,"maxScore":9,"error":0,"length":1},"keyphraseInIntroduction":{"score":3,"maxScore":9,"error":1},"keyphraseInImageAlt":{"score":9,"maxScore":9,"error":0},"keywordDensity":{"type":"best","score":9,"maxScore":9,"error":0}}},{"keyphrase":"Guatemalteco","score":87,"analysis":{"keyphraseInDescription":{"score":9,"maxScore":9,"error":0},"keyphraseLength":{"score":9,"maxScore":9,"error":0,"length":1},"keyphraseInIntroduction":{"score":3,"maxScore":9,"error":1},"keyphraseInImageAlt":{"score":9,"maxScore":9,"error":0},"keywordDensity":{"type":"best","score":9,"maxScore":9,"error":0}}}]},"primary_term":null,"canonical_url":null,"og_title":null,"og_description":null,"og_object_type":"default","og_image_type":"default","og_image_url":null,"og_image_width":null,"og_image_height":null,"og_image_custom_url":null,"og_image_custom_fields":null,"og_video":"","og_custom_url":null,"og_article_section":null,"og_article_tags":null,"twitter_use_og":false,"twitter_card":"default","twitter_image_type":"default","twitter_image_url":null,"twitter_image_custom_url":null,"twitter_image_custom_fields":null,"twitter_title":null,"twitter_description":null,"schema":{"blockGraphs":[],"customGraphs":[],"default":{"data":{"Article":[],"Course":[],"Dataset":[],"FAQPage":[],"Movie":[],"Person":[],"Product":[],"ProductReview":[],"Car":[],"Recipe":[],"Service":[],"SoftwareApplication":[],"WebPage":[]},"graphName":"Article","isEnabled":true},"graphs":[]},"schema_type":"default","schema_type_options":null,"pillar_content":false,"robots_default":true,"robots_noindex":false,"robots_noarchive":false,"robots_nosnippet":false,"robots_nofollow":false,"robots_noimageindex":false,"robots_noodp":false,"robots_notranslate":false,"robots_max_snippet":"-1","robots_max_videopreview":"-1","robots_max_imagepreview":"large","priority":null,"frequency":"default","local_seo":null,"seo_analyzer_scan_date":"2025-10-08 23:18:30","breadcrumb_settings":null,"limit_modified_date":false,"reviewed_by":null,"open_ai":"{\"title\":{\"suggestions\":[],\"usage\":0},\"description\":{\"suggestions\":[],\"usage\":0}}","ai":null,"created":"2024-09-20 17:27:41","updated":"2026-02-04 13:36:45"},"aioseo_breadcrumb":"<div class=\"aioseo-breadcrumbs\"><span class=\"aioseo-breadcrumb\">\n\t<a href=\"https:\/\/soymigrante.com\/revista\" title=\"Home\">Home<\/a>\n<\/span><span class=\"aioseo-breadcrumb-separator\">\u00bb<\/span><span class=\"aioseo-breadcrumb\">\n\t<a href=\"https:\/\/soymigrante.com\/revista\/category\/guate-nuestra\/\" title=\"Guate Nuestra\">Guate Nuestra<\/a>\n<\/span><span class=\"aioseo-breadcrumb-separator\">\u00bb<\/span><span class=\"aioseo-breadcrumb\">\n\tClaves para la valorar el origen guatemalteco y reforzar la dignidad como migrante en EE.UU.\n<\/span><\/div>","aioseo_breadcrumb_json":[{"label":"Home","link":"https:\/\/soymigrante.com\/revista"},{"label":"Guate Nuestra","link":"https:\/\/soymigrante.com\/revista\/category\/guate-nuestra\/"},{"label":"Claves para la valorar el origen guatemalteco y reforzar la dignidad como migrante en EE.UU.","link":"https:\/\/soymigrante.com\/revista\/claves-para-la-valorar-el-origen-guatemalteco-y-reforzar-la-dignidad-como-migrante-en-ee-uu\/"}],"_links":{"self":[{"href":"https:\/\/soymigrante.com\/revista\/wp-json\/wp\/v2\/posts\/9555","targetHints":{"allow":["GET"]}}],"collection":[{"href":"https:\/\/soymigrante.com\/revista\/wp-json\/wp\/v2\/posts"}],"about":[{"href":"https:\/\/soymigrante.com\/revista\/wp-json\/wp\/v2\/types\/post"}],"author":[{"embeddable":true,"href":"https:\/\/soymigrante.com\/revista\/wp-json\/wp\/v2\/users\/19"}],"replies":[{"embeddable":true,"href":"https:\/\/soymigrante.com\/revista\/wp-json\/wp\/v2\/comments?post=9555"}],"version-history":[{"count":0,"href":"https:\/\/soymigrante.com\/revista\/wp-json\/wp\/v2\/posts\/9555\/revisions"}],"wp:featuredmedia":[{"embeddable":true,"href":"https:\/\/soymigrante.com\/revista\/wp-json\/wp\/v2\/media\/9613"}],"wp:attachment":[{"href":"https:\/\/soymigrante.com\/revista\/wp-json\/wp\/v2\/media?parent=9555"}],"wp:term":[{"taxonomy":"category","embeddable":true,"href":"https:\/\/soymigrante.com\/revista\/wp-json\/wp\/v2\/categories?post=9555"},{"taxonomy":"post_tag","embeddable":true,"href":"https:\/\/soymigrante.com\/revista\/wp-json\/wp\/v2\/tags?post=9555"}],"curies":[{"name":"wp","href":"https:\/\/api.w.org\/{rel}","templated":true}]}}