{"id":9534,"date":"2024-09-20T12:40:02","date_gmt":"2024-09-20T18:40:02","guid":{"rendered":"https:\/\/soymigrante.com\/revista\/?p=9534"},"modified":"2024-09-20T12:40:03","modified_gmt":"2024-09-20T18:40:03","slug":"como-hablar-y-prevenir-a-estudiantes-sobre-tiroteos-en-escuelas-en-ee-uu","status":"publish","type":"post","link":"https:\/\/soymigrante.com\/revista\/como-hablar-y-prevenir-a-estudiantes-sobre-tiroteos-en-escuelas-en-ee-uu\/","title":{"rendered":"C\u00f3mo hablar y prevenir a estudiantes sobre tiroteos en escuelas en EE.UU."},"content":{"rendered":"\t\t<div data-elementor-type=\"wp-post\" data-elementor-id=\"9534\" class=\"elementor elementor-9534\" data-elementor-post-type=\"post\">\n\t\t\t\t<div data-particle_enable=\"false\" data-particle-mobile-disabled=\"false\" class=\"elementor-element elementor-element-58f2cd9 e-flex e-con-boxed e-con e-parent\" data-id=\"58f2cd9\" data-element_type=\"container\" data-e-type=\"container\">\n\t\t\t\t\t<div class=\"e-con-inner\">\n\t\t\t\t<div class=\"elementor-element elementor-element-9c5d838 elementor-widget elementor-widget-heading\" data-id=\"9c5d838\" data-element_type=\"widget\" data-e-type=\"widget\" data-widget_type=\"heading.default\">\n\t\t\t\t\t<h2 class=\"elementor-heading-title elementor-size-default\">En los \u00faltimos a\u00f1os, Estados Unidos ha enfrentado un aumento en la cantidad de tiroteos en escuelas, una situaci\u00f3n que genera miedo, ansiedad y confusi\u00f3n tanto en los estudiantes como en sus familias. Pero el silencio no es opci\u00f3n: se debe hablar con serenidad y franqueza a los hijos sobre ello.\n<\/h2>\t\t\t\t<\/div>\n\t\t\t\t\t<\/div>\n\t\t\t\t<\/div>\n\t\t<div data-particle_enable=\"false\" data-particle-mobile-disabled=\"false\" class=\"elementor-element elementor-element-13687ba e-flex e-con-boxed e-con e-parent\" data-id=\"13687ba\" data-element_type=\"container\" data-e-type=\"container\">\n\t\t\t\t\t<div class=\"e-con-inner\">\n\t\t\t\t<div class=\"elementor-element elementor-element-082c470 elementor-widget elementor-widget-text-editor\" data-id=\"082c470\" data-element_type=\"widget\" data-e-type=\"widget\" data-widget_type=\"text-editor.default\">\n\t\t\t\t\t\t\t\t\t<p>Para los ni\u00f1os migrantes, esta realidad puede ser a\u00fan m\u00e1s compleja. <a href=\"https:\/\/soymigrante.com\/revista\/category\/mejor\/\" target=\"_blank\" rel=\"noopener\">Llegan a un pa\u00eds nuevo con desaf\u00edos de adaptaci\u00f3n cultural y ling\u00fc\u00edstica,<\/a> y a menudo con traumas previos por su experiencia migratoria. Ante esto, surge la pregunta: \u00bfc\u00f3mo hablar con ellos sobre un tema tan delicado como los tiroteos en escuelas?<\/p>\t\t\t\t\t\t\t\t<\/div>\n\t\t\t\t\t<\/div>\n\t\t\t\t<\/div>\n\t\t<div data-particle_enable=\"false\" data-particle-mobile-disabled=\"false\" class=\"elementor-element elementor-element-6023d6f e-flex e-con-boxed e-con e-parent\" data-id=\"6023d6f\" data-element_type=\"container\" data-e-type=\"container\">\n\t\t\t\t\t<div class=\"e-con-inner\">\n\t\t\t\t<div class=\"elementor-element elementor-element-b0fa79b elementor-widget elementor-widget-heading\" data-id=\"b0fa79b\" data-element_type=\"widget\" data-e-type=\"widget\" data-widget_type=\"heading.default\">\n\t\t\t\t\t<h3 class=\"elementor-heading-title elementor-size-default\">Contexto de vulnerabilidad<\/h3>\t\t\t\t<\/div>\n\t\t\t\t\t<\/div>\n\t\t\t\t<\/div>\n\t\t<div data-particle_enable=\"false\" data-particle-mobile-disabled=\"false\" class=\"elementor-element elementor-element-e7c0f26 e-flex e-con-boxed e-con e-parent\" data-id=\"e7c0f26\" data-element_type=\"container\" data-e-type=\"container\">\n\t\t\t\t\t<div class=\"e-con-inner\">\n\t\t\t\t<div class=\"elementor-element elementor-element-bcdc49d elementor-widget elementor-widget-text-editor\" data-id=\"bcdc49d\" data-element_type=\"widget\" data-e-type=\"widget\" data-widget_type=\"text-editor.default\">\n\t\t\t\t\t\t\t\t\t<p>Los ni\u00f1os migrantes ya enfrentan una situaci\u00f3n de vulnerabilidad al llegar a un pa\u00eds desconocido. Enfrentan barreras ling\u00fc\u00edsticas, culturales y emocionales, y muchos provienen de entornos marcados por la violencia o la inestabilidad. Por ello, abordar el tema de los tiroteos escolares requiere una <a href=\"https:\/\/soymigrante.com\/revista\/category\/mejor\/\" target=\"_blank\" rel=\"noopener\">aproximaci\u00f3n cuidadosa y emp\u00e1tica que les brinde seguridad<\/a> y confianza, pero tambi\u00e9n informaci\u00f3n clara y veraz.<\/p>\t\t\t\t\t\t\t\t<\/div>\n\t\t\t\t\t<\/div>\n\t\t\t\t<\/div>\n\t\t<div data-particle_enable=\"false\" data-particle-mobile-disabled=\"false\" class=\"elementor-element elementor-element-b8eac5c e-flex e-con-boxed e-con e-parent\" data-id=\"b8eac5c\" data-element_type=\"container\" data-e-type=\"container\">\n\t\t\t\t\t<div class=\"e-con-inner\">\n\t\t\t\t<div class=\"elementor-element elementor-element-d89165b elementor-widget elementor-widget-heading\" data-id=\"d89165b\" data-element_type=\"widget\" data-e-type=\"widget\" data-widget_type=\"heading.default\">\n\t\t\t\t\t<h3 class=\"elementor-heading-title elementor-size-default\">Recomendaciones para los padres y educadores<\/h3>\t\t\t\t<\/div>\n\t\t\t\t\t<\/div>\n\t\t\t\t<\/div>\n\t\t<div data-particle_enable=\"false\" data-particle-mobile-disabled=\"false\" class=\"elementor-element elementor-element-891499d e-flex e-con-boxed e-con e-parent\" data-id=\"891499d\" data-element_type=\"container\" data-e-type=\"container\">\n\t\t\t\t\t<div class=\"e-con-inner\">\n\t\t\t\t<div class=\"elementor-element elementor-element-f322874 elementor-widget elementor-widget-heading\" data-id=\"f322874\" data-element_type=\"widget\" data-e-type=\"widget\" data-widget_type=\"heading.default\">\n\t\t\t\t\t<h3 class=\"elementor-heading-title elementor-size-default\">1. Crea un espacio de confianza:<\/h3>\t\t\t\t<\/div>\n\t\t\t\t\t<\/div>\n\t\t\t\t<\/div>\n\t\t<div data-particle_enable=\"false\" data-particle-mobile-disabled=\"false\" class=\"elementor-element elementor-element-eb8f052 e-flex e-con-boxed e-con e-parent\" data-id=\"eb8f052\" data-element_type=\"container\" data-e-type=\"container\">\n\t\t\t\t\t<div class=\"e-con-inner\">\n\t\t\t\t<div class=\"elementor-element elementor-element-a236997 elementor-widget elementor-widget-text-editor\" data-id=\"a236997\" data-element_type=\"widget\" data-e-type=\"widget\" data-widget_type=\"text-editor.default\">\n\t\t\t\t\t\t\t\t\t<p>Antes de hablar del tema, es importante que el ni\u00f1o se sienta seguro para expresar sus emociones y pensamientos. <a href=\"https:\/\/soymigrante.com\/revista\/category\/mejor\/\" target=\"_blank\" rel=\"noopener\">Los padres y educadores deben asegurarse de que el ambiente sea tranquilo y libre de distracciones<\/a>. Hacer preguntas abiertas como &#8220;\u00bfHas escuchado sobre lo que ha pasado en algunas escuelas?&#8221;, puede abrir la conversaci\u00f3n.<\/p>\t\t\t\t\t\t\t\t<\/div>\n\t\t\t\t\t<\/div>\n\t\t\t\t<\/div>\n\t\t<div data-particle_enable=\"false\" data-particle-mobile-disabled=\"false\" class=\"elementor-element elementor-element-c69e05e e-flex e-con-boxed e-con e-parent\" data-id=\"c69e05e\" data-element_type=\"container\" data-e-type=\"container\">\n\t\t\t\t\t<div class=\"e-con-inner\">\n\t\t\t\t<div class=\"elementor-element elementor-element-34d8ca2 elementor-widget elementor-widget-image\" data-id=\"34d8ca2\" data-element_type=\"widget\" data-e-type=\"widget\" data-widget_type=\"image.default\">\n\t\t\t\t\t\t\t\t\t\t\t\t\t\t\t<img fetchpriority=\"high\" decoding=\"async\" width=\"1024\" height=\"732\" src=\"https:\/\/soymigrante.com\/revista\/wp-content\/uploads\/2024\/09\/Como-hablar-con-los-ninos-migrantes-sobre-los-tiroteos-en-escuelas-en-Estados-Unidos-1024x732.webp\" class=\"attachment-large size-large wp-image-9537\" alt=\"Aula vac\u00eda con escritorios y sillas, pizarras y mapa del mundo en la pared, aula de escuela o sal\u00f3n de clases.\" srcset=\"https:\/\/soymigrante.com\/revista\/wp-content\/uploads\/2024\/09\/Como-hablar-con-los-ninos-migrantes-sobre-los-tiroteos-en-escuelas-en-Estados-Unidos-1024x732.webp 1024w, https:\/\/soymigrante.com\/revista\/wp-content\/uploads\/2024\/09\/Como-hablar-con-los-ninos-migrantes-sobre-los-tiroteos-en-escuelas-en-Estados-Unidos-300x214.webp 300w, https:\/\/soymigrante.com\/revista\/wp-content\/uploads\/2024\/09\/Como-hablar-con-los-ninos-migrantes-sobre-los-tiroteos-en-escuelas-en-Estados-Unidos-768x549.webp 768w, https:\/\/soymigrante.com\/revista\/wp-content\/uploads\/2024\/09\/Como-hablar-con-los-ninos-migrantes-sobre-los-tiroteos-en-escuelas-en-Estados-Unidos-120x86.webp 120w, https:\/\/soymigrante.com\/revista\/wp-content\/uploads\/2024\/09\/Como-hablar-con-los-ninos-migrantes-sobre-los-tiroteos-en-escuelas-en-Estados-Unidos-350x250.webp 350w, https:\/\/soymigrante.com\/revista\/wp-content\/uploads\/2024\/09\/Como-hablar-con-los-ninos-migrantes-sobre-los-tiroteos-en-escuelas-en-Estados-Unidos-750x536.webp 750w, https:\/\/soymigrante.com\/revista\/wp-content\/uploads\/2024\/09\/Como-hablar-con-los-ninos-migrantes-sobre-los-tiroteos-en-escuelas-en-Estados-Unidos-1140x815.webp 1140w, https:\/\/soymigrante.com\/revista\/wp-content\/uploads\/2024\/09\/Como-hablar-con-los-ninos-migrantes-sobre-los-tiroteos-en-escuelas-en-Estados-Unidos.webp 1280w\" sizes=\"(max-width: 1024px) 100vw, 1024px\" \/>\t\t\t\t\t\t\t\t\t\t\t\t\t\t\t<\/div>\n\t\t\t\t\t<\/div>\n\t\t\t\t<\/div>\n\t\t<div data-particle_enable=\"false\" data-particle-mobile-disabled=\"false\" class=\"elementor-element elementor-element-3b5872e e-flex e-con-boxed e-con e-parent\" data-id=\"3b5872e\" data-element_type=\"container\" data-e-type=\"container\">\n\t\t\t\t\t<div class=\"e-con-inner\">\n\t\t\t\t<div class=\"elementor-element elementor-element-91f0fe1 elementor-widget elementor-widget-heading\" data-id=\"91f0fe1\" data-element_type=\"widget\" data-e-type=\"widget\" data-widget_type=\"heading.default\">\n\t\t\t\t\t<h3 class=\"elementor-heading-title elementor-size-default\">2. Adapta la conversaci\u00f3n a su edad:<\/h3>\t\t\t\t<\/div>\n\t\t\t\t\t<\/div>\n\t\t\t\t<\/div>\n\t\t<div data-particle_enable=\"false\" data-particle-mobile-disabled=\"false\" class=\"elementor-element elementor-element-abfaf40 e-flex e-con-boxed e-con e-parent\" data-id=\"abfaf40\" data-element_type=\"container\" data-e-type=\"container\">\n\t\t\t\t\t<div class=\"e-con-inner\">\n\t\t\t\t<div class=\"elementor-element elementor-element-36ac721 elementor-widget elementor-widget-text-editor\" data-id=\"36ac721\" data-element_type=\"widget\" data-e-type=\"widget\" data-widget_type=\"text-editor.default\">\n\t\t\t\t\t\t\t\t\t<p>La forma en que se aborde el tema debe depender de la edad del ni\u00f1o. <a href=\"https:\/\/soymigrante.com\/revista\/category\/mejor\/\" target=\"_blank\" rel=\"noopener\">Los m\u00e1s peque\u00f1os pueden necesitar una explicaci\u00f3n m\u00e1s simple y general sobre lo que es la violencia en las escuelas,<\/a> mientras que los adolescentes pueden requerir una conversaci\u00f3n m\u00e1s detallada y profunda. En todos los casos, es clave no abrumarlos con detalles que puedan ser demasiado perturbadores.<\/p>\t\t\t\t\t\t\t\t<\/div>\n\t\t\t\t\t<\/div>\n\t\t\t\t<\/div>\n\t\t<div data-particle_enable=\"false\" data-particle-mobile-disabled=\"false\" class=\"elementor-element elementor-element-171ee11 e-flex e-con-boxed e-con e-parent\" data-id=\"171ee11\" data-element_type=\"container\" data-e-type=\"container\">\n\t\t\t\t\t<div class=\"e-con-inner\">\n\t\t\t\t<div class=\"elementor-element elementor-element-b544a72 elementor-widget elementor-widget-heading\" data-id=\"b544a72\" data-element_type=\"widget\" data-e-type=\"widget\" data-widget_type=\"heading.default\">\n\t\t\t\t\t<h3 class=\"elementor-heading-title elementor-size-default\">3. Ofrece una perspectiva cultural: <\/h3>\t\t\t\t<\/div>\n\t\t\t\t\t<\/div>\n\t\t\t\t<\/div>\n\t\t<div data-particle_enable=\"false\" data-particle-mobile-disabled=\"false\" class=\"elementor-element elementor-element-420281c e-flex e-con-boxed e-con e-parent\" data-id=\"420281c\" data-element_type=\"container\" data-e-type=\"container\">\n\t\t\t\t\t<div class=\"e-con-inner\">\n\t\t\t\t<div class=\"elementor-element elementor-element-1ac969d elementor-widget elementor-widget-text-editor\" data-id=\"1ac969d\" data-element_type=\"widget\" data-e-type=\"widget\" data-widget_type=\"text-editor.default\">\n\t\t\t\t\t\t\t\t\t<p>Para los ni\u00f1os migrantes, puede ser confuso entender la prevalencia de los tiroteos en escuelas en un pa\u00eds que se percibe como seguro. <a href=\"https:\/\/soymigrante.com\/revista\/category\/mejor\/\" target=\"_blank\" rel=\"noopener\">Es \u00fatil explicarles que estos eventos, aunque preocupantes,<\/a> no son comunes en todas las escuelas y que existen medidas de seguridad para proteger a los estudiantes. Comparar esta situaci\u00f3n con la de sus pa\u00edses de origen puede ayudarles a procesar la informaci\u00f3n en un contexto m\u00e1s familiar.<\/p>\t\t\t\t\t\t\t\t<\/div>\n\t\t\t\t\t<\/div>\n\t\t\t\t<\/div>\n\t\t<div data-particle_enable=\"false\" data-particle-mobile-disabled=\"false\" class=\"elementor-element elementor-element-d8dc950 e-flex e-con-boxed e-con e-parent\" data-id=\"d8dc950\" data-element_type=\"container\" data-e-type=\"container\">\n\t\t\t\t\t<div class=\"e-con-inner\">\n\t\t\t\t<div class=\"elementor-element elementor-element-644e134 elementor-widget elementor-widget-heading\" data-id=\"644e134\" data-element_type=\"widget\" data-e-type=\"widget\" data-widget_type=\"heading.default\">\n\t\t\t\t\t<h3 class=\"elementor-heading-title elementor-size-default\">4. Proporciona informaci\u00f3n sobre las medidas de seguridad:<\/h3>\t\t\t\t<\/div>\n\t\t\t\t\t<\/div>\n\t\t\t\t<\/div>\n\t\t<div data-particle_enable=\"false\" data-particle-mobile-disabled=\"false\" class=\"elementor-element elementor-element-f33bc29 e-flex e-con-boxed e-con e-parent\" data-id=\"f33bc29\" data-element_type=\"container\" data-e-type=\"container\">\n\t\t\t\t\t<div class=\"e-con-inner\">\n\t\t\t\t<div class=\"elementor-element elementor-element-3cc8a35 elementor-widget elementor-widget-text-editor\" data-id=\"3cc8a35\" data-element_type=\"widget\" data-e-type=\"widget\" data-widget_type=\"text-editor.default\">\n\t\t\t\t\t\t\t\t\t<p>Para reducir la ansiedad, es fundamental que los ni\u00f1os entiendan que las escuelas en Estados Unidos cuentan con planes y protocolos de seguridad. Explicarles que practican simulacros de emergencia no solo por precauci\u00f3n, sino para asegurar su bienestar, puede ser tranquilizador. Adem\u00e1s, <a href=\"https:\/\/soymigrante.com\/revista\/category\/mejor\/\" target=\"_blank\" rel=\"noopener\">es importante que sepan a qui\u00e9n acudir si alguna vez se sienten inseguros.<\/a><\/p>\t\t\t\t\t\t\t\t<\/div>\n\t\t\t\t\t<\/div>\n\t\t\t\t<\/div>\n\t\t<div data-particle_enable=\"false\" data-particle-mobile-disabled=\"false\" class=\"elementor-element elementor-element-f3b92a2 e-flex e-con-boxed e-con e-parent\" data-id=\"f3b92a2\" data-element_type=\"container\" data-e-type=\"container\">\n\t\t\t\t\t<div class=\"e-con-inner\">\n\t\t\t\t<div class=\"elementor-element elementor-element-45aae34 elementor-widget elementor-widget-image\" data-id=\"45aae34\" data-element_type=\"widget\" data-e-type=\"widget\" data-widget_type=\"image.default\">\n\t\t\t\t\t\t\t\t\t\t\t\t\t\t\t<img decoding=\"async\" width=\"1024\" height=\"682\" src=\"https:\/\/soymigrante.com\/revista\/wp-content\/uploads\/2024\/09\/Como-hablar-con-los-ninos-migrantes-sobre-los-tiroteos-en-escuelas-en-Estados-Unidos3-1024x682.webp\" class=\"attachment-large size-large wp-image-9538\" alt=\"Revistas y libros en estanter\u00edas de una biblioteca, tem\u00e1tica de cultura y lectura para art\u00edculos sobre inmigrantes y comunidad.\" srcset=\"https:\/\/soymigrante.com\/revista\/wp-content\/uploads\/2024\/09\/Como-hablar-con-los-ninos-migrantes-sobre-los-tiroteos-en-escuelas-en-Estados-Unidos3-1024x682.webp 1024w, https:\/\/soymigrante.com\/revista\/wp-content\/uploads\/2024\/09\/Como-hablar-con-los-ninos-migrantes-sobre-los-tiroteos-en-escuelas-en-Estados-Unidos3-300x200.webp 300w, https:\/\/soymigrante.com\/revista\/wp-content\/uploads\/2024\/09\/Como-hablar-con-los-ninos-migrantes-sobre-los-tiroteos-en-escuelas-en-Estados-Unidos3-768x512.webp 768w, https:\/\/soymigrante.com\/revista\/wp-content\/uploads\/2024\/09\/Como-hablar-con-los-ninos-migrantes-sobre-los-tiroteos-en-escuelas-en-Estados-Unidos3-750x500.webp 750w, https:\/\/soymigrante.com\/revista\/wp-content\/uploads\/2024\/09\/Como-hablar-con-los-ninos-migrantes-sobre-los-tiroteos-en-escuelas-en-Estados-Unidos3-1140x760.webp 1140w, https:\/\/soymigrante.com\/revista\/wp-content\/uploads\/2024\/09\/Como-hablar-con-los-ninos-migrantes-sobre-los-tiroteos-en-escuelas-en-Estados-Unidos3.webp 1280w\" sizes=\"(max-width: 1024px) 100vw, 1024px\" \/>\t\t\t\t\t\t\t\t\t\t\t\t\t\t\t<\/div>\n\t\t\t\t\t<\/div>\n\t\t\t\t<\/div>\n\t\t<div data-particle_enable=\"false\" data-particle-mobile-disabled=\"false\" class=\"elementor-element elementor-element-f6727e7 e-flex e-con-boxed e-con e-parent\" data-id=\"f6727e7\" data-element_type=\"container\" data-e-type=\"container\">\n\t\t\t\t\t<div class=\"e-con-inner\">\n\t\t\t\t<div class=\"elementor-element elementor-element-3f52e7e elementor-widget elementor-widget-heading\" data-id=\"3f52e7e\" data-element_type=\"widget\" data-e-type=\"widget\" data-widget_type=\"heading.default\">\n\t\t\t\t\t<h3 class=\"elementor-heading-title elementor-size-default\">5. Fomenta el di\u00e1logo constante:<\/h3>\t\t\t\t<\/div>\n\t\t\t\t\t<\/div>\n\t\t\t\t<\/div>\n\t\t<div data-particle_enable=\"false\" data-particle-mobile-disabled=\"false\" class=\"elementor-element elementor-element-2a56c7c e-flex e-con-boxed e-con e-parent\" data-id=\"2a56c7c\" data-element_type=\"container\" data-e-type=\"container\">\n\t\t\t\t\t<div class=\"e-con-inner\">\n\t\t\t\t<div class=\"elementor-element elementor-element-3b4fbe5 elementor-widget elementor-widget-text-editor\" data-id=\"3b4fbe5\" data-element_type=\"widget\" data-e-type=\"widget\" data-widget_type=\"text-editor.default\">\n\t\t\t\t\t\t\t\t\t<p>No se trata de una conversaci\u00f3n de una sola vez. Los ni\u00f1os necesitan saber que pueden hablar sobre este tema cuando lo deseen. <a href=\"https:\/\/soymigrante.com\/revista\/category\/mejor\/\" target=\"_blank\" rel=\"noopener\">Tanto padres como educadores deben estar atentos a cualquier se\u00f1al de ansiedad o preocupaci\u00f3n<\/a> y ofrecer espacios de di\u00e1logo cuando sea necesario.<\/p>\t\t\t\t\t\t\t\t<\/div>\n\t\t\t\t\t<\/div>\n\t\t\t\t<\/div>\n\t\t<div data-particle_enable=\"false\" data-particle-mobile-disabled=\"false\" class=\"elementor-element elementor-element-66806ee e-flex e-con-boxed e-con e-parent\" data-id=\"66806ee\" data-element_type=\"container\" data-e-type=\"container\">\n\t\t\t\t\t<div class=\"e-con-inner\">\n\t\t\t\t<div class=\"elementor-element elementor-element-ad802be elementor-widget elementor-widget-heading\" data-id=\"ad802be\" data-element_type=\"widget\" data-e-type=\"widget\" data-widget_type=\"heading.default\">\n\t\t\t\t\t<h3 class=\"elementor-heading-title elementor-size-default\">6. Haz hincapi\u00e9 en la seguridad emocional: <\/h3>\t\t\t\t<\/div>\n\t\t\t\t\t<\/div>\n\t\t\t\t<\/div>\n\t\t<div data-particle_enable=\"false\" data-particle-mobile-disabled=\"false\" class=\"elementor-element elementor-element-91fd46b e-flex e-con-boxed e-con e-parent\" data-id=\"91fd46b\" data-element_type=\"container\" data-e-type=\"container\">\n\t\t\t\t\t<div class=\"e-con-inner\">\n\t\t\t\t<div class=\"elementor-element elementor-element-daa07bc elementor-widget elementor-widget-text-editor\" data-id=\"daa07bc\" data-element_type=\"widget\" data-e-type=\"widget\" data-widget_type=\"text-editor.default\">\n\t\t\t\t\t\t\t\t\t<p><a href=\"https:\/\/soymigrante.com\/revista\/category\/mejor\/\" target=\"_blank\" rel=\"noopener\">Es esencial que los ni\u00f1os se sientan emocionalmente seguros.<\/a> Ayudarles a identificar y expresar sus sentimientos puede reducir la angustia. Frases como &#8220;Es normal que te sientas asustado o confundido&#8221; validan sus emociones y abren el camino para que puedan compartir sus miedos.<\/p>\t\t\t\t\t\t\t\t<\/div>\n\t\t\t\t\t<\/div>\n\t\t\t\t<\/div>\n\t\t<div data-particle_enable=\"false\" data-particle-mobile-disabled=\"false\" class=\"elementor-element elementor-element-c2bdc11 e-flex e-con-boxed e-con e-parent\" data-id=\"c2bdc11\" data-element_type=\"container\" data-e-type=\"container\">\n\t\t\t\t\t<div class=\"e-con-inner\">\n\t\t\t\t<div class=\"elementor-element elementor-element-c00c67b elementor-widget elementor-widget-heading\" data-id=\"c00c67b\" data-element_type=\"widget\" data-e-type=\"widget\" data-widget_type=\"heading.default\">\n\t\t\t\t\t<h3 class=\"elementor-heading-title elementor-size-default\">7. Busca apoyo profesional si es necesario: <\/h3>\t\t\t\t<\/div>\n\t\t\t\t\t<\/div>\n\t\t\t\t<\/div>\n\t\t<div data-particle_enable=\"false\" data-particle-mobile-disabled=\"false\" class=\"elementor-element elementor-element-abb3d15 e-flex e-con-boxed e-con e-parent\" data-id=\"abb3d15\" data-element_type=\"container\" data-e-type=\"container\">\n\t\t\t\t\t<div class=\"e-con-inner\">\n\t\t\t\t<div class=\"elementor-element elementor-element-f0d1db3 elementor-widget elementor-widget-text-editor\" data-id=\"f0d1db3\" data-element_type=\"widget\" data-e-type=\"widget\" data-widget_type=\"text-editor.default\">\n\t\t\t\t\t\t\t\t\t<p>En algunos casos, la ansiedad de los ni\u00f1os migrantes ante los tiroteos puede ser profunda, especialmente si han tenido experiencias previas de violencia en sus pa\u00edses de origen. <a href=\"https:\/\/soymigrante.com\/revista\/category\/mejor\/\" target=\"_blank\" rel=\"noopener\">En estos casos, es recomendable acudir a consejeros escolares o profesionales de la salud mental<\/a> que puedan proporcionar el apoyo necesario.<\/p>\t\t\t\t\t\t\t\t<\/div>\n\t\t\t\t\t<\/div>\n\t\t\t\t<\/div>\n\t\t<div data-particle_enable=\"false\" data-particle-mobile-disabled=\"false\" class=\"elementor-element elementor-element-87c7a13 e-flex e-con-boxed e-con e-parent\" data-id=\"87c7a13\" data-element_type=\"container\" data-e-type=\"container\">\n\t\t\t\t\t<div class=\"e-con-inner\">\n\t\t\t\t<div class=\"elementor-element elementor-element-f334922 elementor-widget elementor-widget-heading\" data-id=\"f334922\" data-element_type=\"widget\" data-e-type=\"widget\" data-widget_type=\"heading.default\">\n\t\t\t\t\t<h3 class=\"elementor-heading-title elementor-size-default\">El rol de la comunidad escolar<\/h3>\t\t\t\t<\/div>\n\t\t\t\t\t<\/div>\n\t\t\t\t<\/div>\n\t\t<div data-particle_enable=\"false\" data-particle-mobile-disabled=\"false\" class=\"elementor-element elementor-element-d4bdf54 e-flex e-con-boxed e-con e-parent\" data-id=\"d4bdf54\" data-element_type=\"container\" data-e-type=\"container\">\n\t\t\t\t\t<div class=\"e-con-inner\">\n\t\t\t\t<div class=\"elementor-element elementor-element-4556e2c elementor-widget elementor-widget-text-editor\" data-id=\"4556e2c\" data-element_type=\"widget\" data-e-type=\"widget\" data-widget_type=\"text-editor.default\">\n\t\t\t\t\t\t\t\t\t<p>Las escuelas juegan un papel crucial en la adaptaci\u00f3n de los ni\u00f1os migrantes y en su bienestar emocional. <a href=\"https:\/\/soymigrante.com\/revista\/category\/mejor\/\" target=\"_blank\" rel=\"noopener\">Los docentes y administradores deben estar capacitados para identificar se\u00f1ales de estr\u00e9s o trauma en estos estudiantes.<\/a> Adem\u00e1s, es vital que las escuelas implementen programas de apoyo psicol\u00f3gico y que promuevan un ambiente inclusivo donde los ni\u00f1os migrantes se sientan bienvenidos y seguros.<\/p><p>Hablar con los ni\u00f1os migrantes sobre los tiroteos en escuelas requiere un enfoque sensible que combine la empat\u00eda con la claridad. Brindarles informaci\u00f3n adecuada, crear un entorno de confianza y ofrecerles apoyo emocional son claves para ayudarles a enfrentar y procesar esta realidad de manera saludable. Al mismo tiempo, es fundamental que tanto las familias como las instituciones educativas trabajen de manera conjunta para garantizar que estos ni\u00f1os puedan sentirse seguros y protegidos en su nueva vida en Estados Unidos.<\/p>\t\t\t\t\t\t\t\t<\/div>\n\t\t\t\t\t<\/div>\n\t\t\t\t<\/div>\n\t\t<div data-particle_enable=\"false\" data-particle-mobile-disabled=\"false\" class=\"elementor-element elementor-element-13dfb10 e-flex e-con-boxed e-con e-parent\" data-id=\"13dfb10\" data-element_type=\"container\" data-e-type=\"container\">\n\t\t\t\t\t<div class=\"e-con-inner\">\n\t\t\t\t<div class=\"elementor-element elementor-element-2d2f56f elementor-widget elementor-widget-heading\" data-id=\"2d2f56f\" data-element_type=\"widget\" data-e-type=\"widget\" data-widget_type=\"heading.default\">\n\t\t\t\t\t<h2 class=\"elementor-heading-title elementor-size-default\">Te puede interesar...<\/h2>\t\t\t\t<\/div>\n\t\t\t\t\t<\/div>\n\t\t\t\t<\/div>\n\t\t<div data-particle_enable=\"false\" data-particle-mobile-disabled=\"false\" class=\"elementor-element elementor-element-1a7fb24 e-flex e-con-boxed e-con e-parent\" data-id=\"1a7fb24\" data-element_type=\"container\" data-e-type=\"container\">\n\t\t\t\t\t<div class=\"e-con-inner\">\n\t\t\t\t<div class=\"elementor-element elementor-element-d22329c elementor-widget elementor-widget-blfe-post-grid\" data-id=\"d22329c\" data-element_type=\"widget\" data-e-type=\"widget\" data-settings=\"{&quot;columns&quot;:&quot;3&quot;,&quot;columns_tablet&quot;:&quot;6&quot;,&quot;columns_mobile&quot;:&quot;12&quot;,&quot;hero1_layout_column_gap&quot;:{&quot;unit&quot;:&quot;px&quot;,&quot;size&quot;:30,&quot;sizes&quot;:[]},&quot;hero1_layout_column_gap_tablet&quot;:{&quot;unit&quot;:&quot;px&quot;,&quot;size&quot;:&quot;&quot;,&quot;sizes&quot;:[]},&quot;hero1_layout_column_gap_mobile&quot;:{&quot;unit&quot;:&quot;px&quot;,&quot;size&quot;:&quot;&quot;,&quot;sizes&quot;:[]},&quot;hero1_layout_row_gap&quot;:{&quot;unit&quot;:&quot;px&quot;,&quot;size&quot;:30,&quot;sizes&quot;:[]},&quot;hero1_layout_row_gap_tablet&quot;:{&quot;unit&quot;:&quot;px&quot;,&quot;size&quot;:&quot;&quot;,&quot;sizes&quot;:[]},&quot;hero1_layout_row_gap_mobile&quot;:{&quot;unit&quot;:&quot;px&quot;,&quot;size&quot;:&quot;&quot;,&quot;sizes&quot;:[]}}\" data-widget_type=\"blfe-post-grid.hero1\">\n\t\t\t\t<div class=\"elementor-widget-container\">\n\t\t\t\t\t\n                        <div class=\"blfe-post-grid-container \">\n            \n                <div data-skin=\"hero1\" class=\"blfe-row blfe-posts-inner blfe-hero1 blfe-posts-inner blfe-col-3 blfe-col-tab-6 blfe-col-mob-12     \">\n                            <div class=\"blfe-post-grid-item\">\n            <div class=\"blfe-post-grid-item-inner blfe-modern-zoom\">\n                        <div class=\"blfe-post-grid-bg-image\">\n            <a class=\"blfe-post-grid-image-inner\" href=\"https:\/\/soymigrante.com\/revista\/tener-mascota-en-usa-no-es-cualquier-cosa-detalles-que-quiza-ya-sabias-o-tal-vez-no\/\" title=\"Tener mascota en USA no es cualquier cosa: detalles que quiz\u00e1 ya sab\u00edas o tal vez no\" rel=\"nofollow\" target=\"_blank\"><img decoding=\"async\" src=\"https:\/\/soymigrante.com\/revista\/wp-content\/uploads\/2024\/11\/mascotas-en-usa.webp\" alt=\"Tener mascota en USA no es cualquier cosa: detalles que quiz\u00e1 ya sab\u00edas o tal vez no\"\/><\/a>        <\/div>\n                        <div class=\"blfe-post-grid-details\">\n                    <div class=\"blfe-post-grid-details-inner\">\n                        <span class=\"blfe-post-category\"><a href=\"https:\/\/soymigrante.com\/revista\/category\/bienestar\/\">Bienestar<\/a><\/span>                        <h3 class=\"blfe-post-grid-title\">\n            <a href=\"https:\/\/soymigrante.com\/revista\/tener-mascota-en-usa-no-es-cualquier-cosa-detalles-que-quiza-ya-sabias-o-tal-vez-no\/\" title=\"Tener mascota en USA no es cualquier cosa: detalles que quiz\u00e1 ya sab\u00edas o tal vez no\" rel=\"nofollow\" target=\"_blank\">Tener mascota en USA no es cualquier cosa: detalles que quiz\u00e1 ya sab\u00edas o tal vez no<\/a>\n            <\/h3>                                                            <div class=\"blfe-post-grid-meta\">\n                <span class=\"blfe-post-grid-time\"><i class=\"fas fa-book-reader\"><\/i>4 Min read<\/span>            <\/div>\n                                                        <\/div>\n                <\/div>\n\n            <\/div>\n        <\/div>\n                <div class=\"blfe-post-grid-item\">\n            <div class=\"blfe-post-grid-item-inner blfe-modern-zoom\">\n                        <div class=\"blfe-post-grid-bg-image\">\n            <a class=\"blfe-post-grid-image-inner\" href=\"https:\/\/soymigrante.com\/revista\/consejos-migrantes-gente-positiva-informarse-declarar-impuestos-correctamente\/\" title=\"Temporada de declaraci\u00f3n de impuestos en USA: inf\u00f3rmate con personas capacitadas, positivas y acreditadas\" rel=\"nofollow\" target=\"_blank\"><img decoding=\"async\" src=\"https:\/\/soymigrante.com\/revista\/wp-content\/uploads\/2024\/02\/Claves-migrantes.webp\" alt=\"Temporada de declaraci\u00f3n de impuestos en USA: inf\u00f3rmate con personas capacitadas, positivas y acreditadas\"\/><\/a>        <\/div>\n                        <div class=\"blfe-post-grid-details\">\n                    <div class=\"blfe-post-grid-details-inner\">\n                        <span class=\"blfe-post-category\"><a href=\"https:\/\/soymigrante.com\/revista\/category\/bienestar\/\">Bienestar<\/a><\/span>                        <h3 class=\"blfe-post-grid-title\">\n            <a href=\"https:\/\/soymigrante.com\/revista\/consejos-migrantes-gente-positiva-informarse-declarar-impuestos-correctamente\/\" title=\"Temporada de declaraci\u00f3n de impuestos en USA: inf\u00f3rmate con personas capacitadas, positivas y acreditadas\" rel=\"nofollow\" target=\"_blank\">Temporada de declaraci\u00f3n de impuestos en USA: inf\u00f3rmate con personas capacitadas, positivas y acreditadas<\/a>\n            <\/h3>                                                            <div class=\"blfe-post-grid-meta\">\n                <span class=\"blfe-post-grid-time\"><i class=\"fas fa-book-reader\"><\/i>4 Min read<\/span>            <\/div>\n                                                        <\/div>\n                <\/div>\n\n            <\/div>\n        <\/div>\n                <div class=\"blfe-post-grid-item\">\n            <div class=\"blfe-post-grid-item-inner blfe-modern-zoom\">\n                        <div class=\"blfe-post-grid-bg-image\">\n            <a class=\"blfe-post-grid-image-inner\" href=\"https:\/\/soymigrante.com\/revista\/salud-bucal-de-los-ninos-migrantes-todo-reto-tiene-una-solucion\/\" title=\"Salud bucal de los ni\u00f1os migrantes: todo reto tiene una soluci\u00f3n\" rel=\"nofollow\" target=\"_blank\"><img decoding=\"async\" src=\"https:\/\/soymigrante.com\/revista\/wp-content\/uploads\/2024\/11\/Salud-bucal-de-los-nin\u0303os-migrantes-Retos-y-soluciones--scaled-e1731012276108.webp\" alt=\"Salud bucal de los ni\u00f1os migrantes: todo reto tiene una soluci\u00f3n\"\/><\/a>        <\/div>\n                        <div class=\"blfe-post-grid-details\">\n                    <div class=\"blfe-post-grid-details-inner\">\n                        <span class=\"blfe-post-category\"><a href=\"https:\/\/soymigrante.com\/revista\/category\/bienestar\/\">Bienestar<\/a><\/span>                        <h3 class=\"blfe-post-grid-title\">\n            <a href=\"https:\/\/soymigrante.com\/revista\/salud-bucal-de-los-ninos-migrantes-todo-reto-tiene-una-solucion\/\" title=\"Salud bucal de los ni\u00f1os migrantes: todo reto tiene una soluci\u00f3n\" rel=\"nofollow\" target=\"_blank\">Salud bucal de los ni\u00f1os migrantes: todo reto tiene una soluci\u00f3n<\/a>\n            <\/h3>                                                            <div class=\"blfe-post-grid-meta\">\n                <span class=\"blfe-post-grid-time\"><i class=\"fas fa-book-reader\"><\/i>5 Min read<\/span>            <\/div>\n                                                        <\/div>\n                <\/div>\n\n            <\/div>\n        <\/div>\n                        <\/div>\n\n                        <\/div>\n            \n                        <div class=\"blfe-post-footer\">\n                        <\/div>\n            \t\t\t\t<\/div>\n\t\t\t\t<\/div>\n\t\t\t\t\t<\/div>\n\t\t\t\t<\/div>\n\t\t\t\t<\/div>\n\t\t","protected":false},"excerpt":{"rendered":"<p>En los \u00faltimos a\u00f1os, Estados Unidos ha enfrentado un aumento en la cantidad de tiroteos en escuelas, una situaci\u00f3n que genera miedo, ansiedad y confusi\u00f3n tanto en los estudiantes como en sus familias. Pero el silencio no es opci\u00f3n: se debe hablar con serenidad y franqueza a los hijos sobre ello. Para los ni\u00f1os migrantes, [&hellip;]<\/p>\n","protected":false},"author":19,"featured_media":9554,"comment_status":"open","ping_status":"open","sticky":false,"template":"","format":"standard","meta":{"_acf_changed":false,"_eb_attr":"","footnotes":""},"categories":[55],"tags":[],"class_list":["post-9534","post","type-post","status-publish","format-standard","has-post-thumbnail","hentry","category-bienestar"],"acf":[],"aioseo_notices":[],"aioseo_head":"\n\t\t<!-- All in One SEO Pro 4.9.6.2 - aioseo.com -->\n\t<meta name=\"description\" content=\"La salud bucal de los ni\u00f1os migrantes en Estados Unidos enfrenta varios desaf\u00edos, pero existen recursos y estrategias que pueden ayudar.\" \/>\n\t<meta name=\"robots\" content=\"max-snippet:-1, max-image-preview:large, max-video-preview:-1\" \/>\n\t<meta name=\"author\" content=\"Marysabel Aldana\"\/>\n\t<link rel=\"canonical\" href=\"https:\/\/soymigrante.com\/revista\/salud-bucal-de-los-ninos-migrantes-todo-reto-tiene-una-solucion\/\" \/>\n\t<meta name=\"generator\" content=\"All in One SEO Pro (AIOSEO) 4.9.6.2\" \/>\n\n\t\t<link rel=\"preconnect\" href=\"https:\/\/fonts.googleapis.com\" crossorigin>\n<link rel=\"preconnect\" href=\"https:\/\/fonts.gstatic.com\" crossorigin>\n\t\t<meta property=\"og:locale\" content=\"es_ES\" \/>\n\t\t<meta property=\"og:site_name\" content=\"SoyMigrante.com REVISTA \u2013 Nuestra misi\u00f3n es reconocer y dignificar al migrante.\" \/>\n\t\t<meta property=\"og:type\" content=\"article\" \/>\n\t\t<meta property=\"og:title\" content=\"Salud bucal de los ni\u00f1os migrantes: todo reto tiene una soluci\u00f3n\" \/>\n\t\t<meta property=\"og:description\" content=\"La salud bucal de los ni\u00f1os migrantes en Estados Unidos enfrenta varios desaf\u00edos, pero existen recursos y estrategias que pueden ayudar.\" \/>\n\t\t<meta property=\"og:url\" content=\"https:\/\/soymigrante.com\/revista\/salud-bucal-de-los-ninos-migrantes-todo-reto-tiene-una-solucion\/\" \/>\n\t\t<meta property=\"og:image\" content=\"https:\/\/soymigrante.com\/revista\/wp-content\/uploads\/2024\/11\/Salud-bucal-de-los-nin\u0303os-migrantes-Retos-y-soluciones--scaled-e1731012276108.webp\" \/>\n\t\t<meta property=\"og:image:secure_url\" content=\"https:\/\/soymigrante.com\/revista\/wp-content\/uploads\/2024\/11\/Salud-bucal-de-los-nin\u0303os-migrantes-Retos-y-soluciones--scaled-e1731012276108.webp\" \/>\n\t\t<meta property=\"og:image:width\" content=\"1280\" \/>\n\t\t<meta property=\"og:image:height\" content=\"1280\" \/>\n\t\t<meta property=\"article:published_time\" content=\"2024-11-09T15:08:13+00:00\" \/>\n\t\t<meta property=\"article:modified_time\" content=\"2024-11-09T15:08:14+00:00\" \/>\n\t\t<meta property=\"article:publisher\" content=\"https:\/\/www.facebook.com\/soymigrantecom\" \/>\n\t\t<meta name=\"twitter:card\" content=\"summary_large_image\" \/>\n\t\t<meta name=\"twitter:site\" content=\"@SoyMigrante_com\" \/>\n\t\t<meta name=\"twitter:title\" content=\"Salud bucal de los ni\u00f1os migrantes: todo reto tiene una soluci\u00f3n\" \/>\n\t\t<meta name=\"twitter:description\" content=\"La salud bucal de los ni\u00f1os migrantes en Estados Unidos enfrenta varios desaf\u00edos, pero existen recursos y estrategias que pueden ayudar.\" \/>\n\t\t<meta name=\"twitter:creator\" content=\"@SoyMigrante_com\" \/>\n\t\t<meta name=\"twitter:image\" content=\"https:\/\/soymigrante.com\/revista\/wp-content\/uploads\/2024\/11\/Salud-bucal-de-los-nin\u0303os-migrantes-Retos-y-soluciones--scaled-e1731012276108.webp\" \/>\n\t\t<!-- All in One SEO Pro -->\r\n\t\t<title>Salud bucal de los ni\u00f1os migrantes: todo reto tiene una soluci\u00f3n<\/title>\n\n","aioseo_head_json":{"title":"Salud bucal de los ni\u00f1os migrantes: todo reto tiene una soluci\u00f3n","description":"La salud bucal de los ni\u00f1os migrantes en Estados Unidos enfrenta varios desaf\u00edos, pero existen recursos y estrategias que pueden ayudar.","canonical_url":"https:\/\/soymigrante.com\/revista\/salud-bucal-de-los-ninos-migrantes-todo-reto-tiene-una-solucion\/","robots":"max-snippet:-1, max-image-preview:large, max-video-preview:-1","keywords":"","webmasterTools":{"miscellaneous":"&lt;link rel=\"preconnect\" href=\"https:\/\/fonts.googleapis.com\" crossorigin&gt;\n&lt;link rel=\"preconnect\" href=\"https:\/\/fonts.gstatic.com\" crossorigin&gt;"},"schema":null,"og:locale":"es_ES","og:site_name":"SoyMigrante.com REVISTA \u2013 Nuestra misi\u00f3n es reconocer y dignificar al migrante.","og:type":"article","og:title":"Salud bucal de los ni\u00f1os migrantes: todo reto tiene una soluci\u00f3n","og:description":"La salud bucal de los ni\u00f1os migrantes en Estados Unidos enfrenta varios desaf\u00edos, pero existen recursos y estrategias que pueden ayudar.","og:url":"https:\/\/soymigrante.com\/revista\/salud-bucal-de-los-ninos-migrantes-todo-reto-tiene-una-solucion\/","og:image":"https:\/\/soymigrante.com\/revista\/wp-content\/uploads\/2024\/11\/Salud-bucal-de-los-nin\u0303os-migrantes-Retos-y-soluciones--scaled-e1731012276108.webp","og:image:secure_url":"https:\/\/soymigrante.com\/revista\/wp-content\/uploads\/2024\/11\/Salud-bucal-de-los-nin\u0303os-migrantes-Retos-y-soluciones--scaled-e1731012276108.webp","og:image:width":1280,"og:image:height":1280,"article:published_time":"2024-11-09T15:08:13+00:00","article:modified_time":"2024-11-09T15:08:14+00:00","article:publisher":"https:\/\/www.facebook.com\/soymigrantecom","twitter:card":"summary_large_image","twitter:site":"@SoyMigrante_com","twitter:title":"Salud bucal de los ni\u00f1os migrantes: todo reto tiene una soluci\u00f3n","twitter:description":"La salud bucal de los ni\u00f1os migrantes en Estados Unidos enfrenta varios desaf\u00edos, pero existen recursos y estrategias que pueden ayudar.","twitter:creator":"@SoyMigrante_com","twitter:image":"https:\/\/soymigrante.com\/revista\/wp-content\/uploads\/2024\/11\/Salud-bucal-de-los-nin\u0303os-migrantes-Retos-y-soluciones--scaled-e1731012276108.webp"},"aioseo_meta_data":{"post_id":"9534","title":null,"description":"As\u00ed puedes hablar con tus hijos sobre los tiroteos en las escuelas en Estados Unidos y darles seguridad a ellos.","keywords":null,"keyphrases":{"focus":{"keyphrase":"escuelas","score":91,"analysis":{"keyphraseInTitle":{"score":9,"maxScore":9,"error":0},"keyphraseInDescription":{"score":9,"maxScore":9,"error":0},"keyphraseLength":{"score":9,"maxScore":9,"error":0,"length":1},"keyphraseInURL":{"score":5,"maxScore":5,"error":0},"keyphraseInIntroduction":{"score":9,"maxScore":9,"error":0},"keyphraseInSubHeadings":{"score":3,"maxScore":9,"error":1},"keyphraseInImageAlt":{"score":9,"maxScore":9,"error":0},"keywordDensity":{"type":"best","score":9,"maxScore":9,"error":0}}},"additional":[{"keyphrase":"escuelas ","score":100,"analysis":{"keyphraseInDescription":{"score":9,"maxScore":9,"error":0},"keyphraseLength":{"score":9,"maxScore":9,"error":0,"length":1},"keyphraseInIntroduction":{"score":9,"maxScore":9,"error":0},"keyphraseInImageAlt":{"score":9,"maxScore":9,"error":0},"keywordDensity":{"type":"best","score":9,"maxScore":9,"error":0}}},{"keyphrase":"Estados Unidos ","score":67,"analysis":{"keyphraseInDescription":{"score":9,"maxScore":9,"error":0},"keyphraseLength":{"score":9,"maxScore":9,"error":0,"length":2},"keyphraseInIntroduction":{"score":3,"maxScore":9,"error":1},"keyphraseInImageAlt":{"score":9,"maxScore":9,"error":0},"keywordDensity":{"score":0,"type":"low","maxScore":9,"error":1}}}]},"primary_term":null,"canonical_url":null,"og_title":null,"og_description":null,"og_object_type":"default","og_image_type":"default","og_image_url":null,"og_image_width":null,"og_image_height":null,"og_image_custom_url":null,"og_image_custom_fields":null,"og_video":"","og_custom_url":null,"og_article_section":null,"og_article_tags":null,"twitter_use_og":false,"twitter_card":"default","twitter_image_type":"default","twitter_image_url":null,"twitter_image_custom_url":null,"twitter_image_custom_fields":null,"twitter_title":null,"twitter_description":null,"schema":{"blockGraphs":[],"customGraphs":[],"default":{"data":{"Article":[],"Course":[],"Dataset":[],"FAQPage":[],"Movie":[],"Person":[],"Product":[],"ProductReview":[],"Car":[],"Recipe":[],"Service":[],"SoftwareApplication":[],"WebPage":[]},"graphName":"Article","isEnabled":true},"graphs":[]},"schema_type":"default","schema_type_options":null,"pillar_content":false,"robots_default":true,"robots_noindex":false,"robots_noarchive":false,"robots_nosnippet":false,"robots_nofollow":false,"robots_noimageindex":false,"robots_noodp":false,"robots_notranslate":false,"robots_max_snippet":"-1","robots_max_videopreview":"-1","robots_max_imagepreview":"large","priority":null,"frequency":"default","local_seo":null,"seo_analyzer_scan_date":"2025-10-08 23:15:10","breadcrumb_settings":null,"limit_modified_date":false,"reviewed_by":null,"open_ai":"{\"title\":{\"suggestions\":[],\"usage\":0},\"description\":{\"suggestions\":[],\"usage\":0}}","ai":null,"created":"2024-09-20 15:58:52","updated":"2026-02-04 13:35:42"},"aioseo_breadcrumb":"<div class=\"aioseo-breadcrumbs\"><span class=\"aioseo-breadcrumb\">\n\t<a href=\"https:\/\/soymigrante.com\/revista\" title=\"Home\">Home<\/a>\n<\/span><span class=\"aioseo-breadcrumb-separator\">\u00bb<\/span><span class=\"aioseo-breadcrumb\">\n\t<a href=\"https:\/\/soymigrante.com\/revista\/category\/bienestar\/\" title=\"Bienestar\">Bienestar<\/a>\n<\/span><span class=\"aioseo-breadcrumb-separator\">\u00bb<\/span><span class=\"aioseo-breadcrumb\">\n\tC\u00f3mo hablar y prevenir a estudiantes sobre tiroteos en escuelas en EE.UU.\n<\/span><\/div>","aioseo_breadcrumb_json":[{"label":"Home","link":"https:\/\/soymigrante.com\/revista"},{"label":"Bienestar","link":"https:\/\/soymigrante.com\/revista\/category\/bienestar\/"},{"label":"C\u00f3mo hablar y prevenir a estudiantes sobre tiroteos en escuelas en EE.UU.","link":"https:\/\/soymigrante.com\/revista\/como-hablar-y-prevenir-a-estudiantes-sobre-tiroteos-en-escuelas-en-ee-uu\/"}],"_links":{"self":[{"href":"https:\/\/soymigrante.com\/revista\/wp-json\/wp\/v2\/posts\/9534","targetHints":{"allow":["GET"]}}],"collection":[{"href":"https:\/\/soymigrante.com\/revista\/wp-json\/wp\/v2\/posts"}],"about":[{"href":"https:\/\/soymigrante.com\/revista\/wp-json\/wp\/v2\/types\/post"}],"author":[{"embeddable":true,"href":"https:\/\/soymigrante.com\/revista\/wp-json\/wp\/v2\/users\/19"}],"replies":[{"embeddable":true,"href":"https:\/\/soymigrante.com\/revista\/wp-json\/wp\/v2\/comments?post=9534"}],"version-history":[{"count":0,"href":"https:\/\/soymigrante.com\/revista\/wp-json\/wp\/v2\/posts\/9534\/revisions"}],"wp:featuredmedia":[{"embeddable":true,"href":"https:\/\/soymigrante.com\/revista\/wp-json\/wp\/v2\/media\/9554"}],"wp:attachment":[{"href":"https:\/\/soymigrante.com\/revista\/wp-json\/wp\/v2\/media?parent=9534"}],"wp:term":[{"taxonomy":"category","embeddable":true,"href":"https:\/\/soymigrante.com\/revista\/wp-json\/wp\/v2\/categories?post=9534"},{"taxonomy":"post_tag","embeddable":true,"href":"https:\/\/soymigrante.com\/revista\/wp-json\/wp\/v2\/tags?post=9534"}],"curies":[{"name":"wp","href":"https:\/\/api.w.org\/{rel}","templated":true}]}}