{"id":9526,"date":"2024-09-20T11:19:36","date_gmt":"2024-09-20T17:19:36","guid":{"rendered":"https:\/\/soymigrante.com\/revista\/?p=9526"},"modified":"2025-09-16T07:59:01","modified_gmt":"2025-09-16T13:59:01","slug":"pueblo-ladino-integra-raices-y-mestizajes-de-guatemala","status":"publish","type":"post","link":"https:\/\/soymigrante.com\/revista\/pueblo-ladino-integra-raices-y-mestizajes-de-guatemala\/","title":{"rendered":"Pueblo ladino integra ra\u00edces, identidades y mestizajes culturales de Guatemala"},"content":{"rendered":"\t\t<div data-elementor-type=\"wp-post\" data-elementor-id=\"9526\" class=\"elementor elementor-9526\" data-elementor-post-type=\"post\">\n\t\t\t\t<div data-particle_enable=\"false\" data-particle-mobile-disabled=\"false\" class=\"elementor-element elementor-element-0f24cb4 e-flex e-con-boxed e-con e-parent\" data-id=\"0f24cb4\" data-element_type=\"container\" data-e-type=\"container\">\n\t\t\t\t\t<div class=\"e-con-inner\">\n\t\t\t\t<div class=\"elementor-element elementor-element-178bc0d elementor-widget elementor-widget-heading\" data-id=\"178bc0d\" data-element_type=\"widget\" data-e-type=\"widget\" data-widget_type=\"heading.default\">\n\t\t\t\t\t<h2 class=\"elementor-heading-title elementor-size-default\">Mucho ha discutido y escrito sobre el origen y evoluci\u00f3n de la comunidad ladina, integrada por un mestizaje de herencias, tradiciones, culturas locales, ra\u00edces que incluyen elementos ind\u00edgenas y occidentales, con un puente com\u00fan: el idioma castellano como lengua materna.<\/h2>\t\t\t\t<\/div>\n\t\t\t\t\t<\/div>\n\t\t\t\t<\/div>\n\t\t<div data-particle_enable=\"false\" data-particle-mobile-disabled=\"false\" class=\"elementor-element elementor-element-1a8570a e-flex e-con-boxed e-con e-parent\" data-id=\"1a8570a\" data-element_type=\"container\" data-e-type=\"container\">\n\t\t\t\t\t<div class=\"e-con-inner\">\n\t\t\t\t<div class=\"elementor-element elementor-element-a4cc4bc elementor-widget elementor-widget-text-editor\" data-id=\"a4cc4bc\" data-element_type=\"widget\" data-e-type=\"widget\" data-widget_type=\"text-editor.default\">\n\t\t\t\t\t\t\t\t\t<p>No se puede entender la historia de Am\u00e9rica Latina, de Centro Am\u00e9rica y por ende, de Guatemala sin abordar el concepto de mestizaje que dio origen a la poblaci\u00f3n denominada Ladina: un concepto que se fue configurando en el siglo XIX, pero que para muchos acad\u00e9micos y antrop\u00f3logos solo se utiliz\u00f3 hasta inicios del siglo XX.<\/p><p><span style=\"color: var( --e-global-color-text ); text-align: var(--text-align);\">El t\u00e9rmino Ladino es atribuido por algunos con la palabra &#8220;latino&#8221;, pero a la vez, ladino tiene una definici\u00f3n que alude a un individuo astuto. Tambi\u00e9n se llam\u00f3 Ladino, en Espa\u00f1a, a grupos de jud\u00edos sefard\u00edes, que hablaban el idioma aunque con cierta pronunciaci\u00f3n particular. En todo caso, es la palabra usada para nombrar a la poblaci\u00f3n que constituye actualmente el 58% de habitantes de Guatemala.<\/span><\/p><p><span style=\"color: var( --e-global-color-text ); text-align: var(--text-align);\">Y para no ir tan lejos, el Ministerio de Educaci\u00f3n, define a la comunidad ladina as\u00ed: &#8220;Poblaci\u00f3n heterog\u00e9nea que se expresa en idioma espa\u00f1ol como idioma materno, que posee determinadas caracter\u00edsticas culturales de arraigo hispano matizadas con elementos culturales ind\u00edgenas y viste a la usanza com\u00fanmente llamada occidental&#8221;.<\/span><\/p><p>\u00a0<\/p>\t\t\t\t\t\t\t\t<\/div>\n\t\t\t\t\t<\/div>\n\t\t\t\t<\/div>\n\t\t<div data-particle_enable=\"false\" data-particle-mobile-disabled=\"false\" class=\"elementor-element elementor-element-61a8aeb e-flex e-con-boxed e-con e-parent\" data-id=\"61a8aeb\" data-element_type=\"container\" data-e-type=\"container\">\n\t\t\t\t\t<div class=\"e-con-inner\">\n\t\t\t\t<div class=\"elementor-element elementor-element-ba67a30 elementor-widget elementor-widget-image\" data-id=\"ba67a30\" data-element_type=\"widget\" data-e-type=\"widget\" data-widget_type=\"image.default\">\n\t\t\t\t\t\t\t\t\t\t\t\t<figure class=\"wp-caption\">\n\t\t\t\t\t\t\t\t\t\t<img fetchpriority=\"high\" decoding=\"async\" width=\"1024\" height=\"682\" src=\"https:\/\/soymigrante.com\/revista\/wp-content\/uploads\/2024\/09\/460324508_10234047709195701_4948769038499212361_n-1024x682.webp\" class=\"attachment-large size-large wp-image-9532\" alt=\"Estudiantes guatemaltecos participan en la actividad de encendido de antorchas por las fiestas patrias de 2024. Fotograf\u00eda \u00d3scar Rivas\" srcset=\"https:\/\/soymigrante.com\/revista\/wp-content\/uploads\/2024\/09\/460324508_10234047709195701_4948769038499212361_n-1024x682.webp 1024w, https:\/\/soymigrante.com\/revista\/wp-content\/uploads\/2024\/09\/460324508_10234047709195701_4948769038499212361_n-300x200.webp 300w, https:\/\/soymigrante.com\/revista\/wp-content\/uploads\/2024\/09\/460324508_10234047709195701_4948769038499212361_n-768x511.webp 768w, https:\/\/soymigrante.com\/revista\/wp-content\/uploads\/2024\/09\/460324508_10234047709195701_4948769038499212361_n-1536x1022.webp 1536w, https:\/\/soymigrante.com\/revista\/wp-content\/uploads\/2024\/09\/460324508_10234047709195701_4948769038499212361_n-750x499.webp 750w, https:\/\/soymigrante.com\/revista\/wp-content\/uploads\/2024\/09\/460324508_10234047709195701_4948769038499212361_n-1140x759.jpg 1140w, https:\/\/soymigrante.com\/revista\/wp-content\/uploads\/2024\/09\/460324508_10234047709195701_4948769038499212361_n.webp 1920w\" sizes=\"(max-width: 1024px) 100vw, 1024px\" title=\"Estudiantes guatemaltecos participan en la actividad de encendido de antorchas por las fiestas patrias de 2024. Fotograf\u00eda \u00d3scar Rivas \u2013 SoyMigrante.com REVISTA\" \/>\t\t\t\t\t\t\t\t\t\t\t<figcaption class=\"widget-image-caption wp-caption-text\">Estudiantes guatemaltecos participan en la actividad de encendido de antorchas por las fiestas patrias de 2024. Fotograf\u00eda \u00d3scar Rivas<\/figcaption>\n\t\t\t\t\t\t\t\t\t\t<\/figure>\n\t\t\t\t\t\t\t\t\t<\/div>\n\t\t\t\t\t<\/div>\n\t\t\t\t<\/div>\n\t\t<div data-particle_enable=\"false\" data-particle-mobile-disabled=\"false\" class=\"elementor-element elementor-element-520acb6 e-flex e-con-boxed e-con e-parent\" data-id=\"520acb6\" data-element_type=\"container\" data-e-type=\"container\">\n\t\t\t\t\t<div class=\"e-con-inner\">\n\t\t\t\t<div class=\"elementor-element elementor-element-8ce79ff elementor-widget elementor-widget-heading\" data-id=\"8ce79ff\" data-element_type=\"widget\" data-e-type=\"widget\" data-widget_type=\"heading.default\">\n\t\t\t\t\t<h3 class=\"elementor-heading-title elementor-size-default\">Meztizaje de pueblos que gener\u00f3 uno nuevo<\/h3>\t\t\t\t<\/div>\n\t\t\t\t\t<\/div>\n\t\t\t\t<\/div>\n\t\t<div data-particle_enable=\"false\" data-particle-mobile-disabled=\"false\" class=\"elementor-element elementor-element-075ec39 e-flex e-con-boxed e-con e-parent\" data-id=\"075ec39\" data-element_type=\"container\" data-e-type=\"container\">\n\t\t\t\t\t<div class=\"e-con-inner\">\n\t\t\t\t<div class=\"elementor-element elementor-element-6209e7f elementor-widget elementor-widget-text-editor\" data-id=\"6209e7f\" data-element_type=\"widget\" data-e-type=\"widget\" data-widget_type=\"text-editor.default\">\n\t\t\t\t\t\t\t\t\t<p><span style=\"color: var( --e-global-color-text ); text-align: var(--text-align);\">Desde una perspectiva m\u00e1s regional: \u201cLadinos son, en momentos diferentes, los mestizos,\u00a0<\/span><span style=\"color: var( --e-global-color-text ); text-align: var(--text-align);\">los mulatos, los zambos, pero tambi\u00e9n los negros o indios \u201ceuropeizados\u201d y los espa\u00f1oles pobres\u201d, cita Ronald Soto Quir\u00f3s, antrop\u00f3logo costarricense radicado en Francia.\u00a0 Y se cita esta opini\u00f3n para mostrar que se trata de una configuraci\u00f3n que rebasa a Guatemala, pero que en la Tierra del Quetzal adquiri\u00f3 sus propios s\u00edmbolos y elementos distintivos, que pueden coincidir con el concepto de &#8220;chap\u00edn&#8221;, aunque este a su vez tiene otros alcances.<\/span><\/p><p><span style=\"color: var( --e-global-color-text ); text-align: var(--text-align);\">A un nivel regional,\u00a0<\/span><span style=\"color: var( --e-global-color-text ); text-align: var(--text-align);\">&#8220;El ladino representa de una u otra forma un intermediario, un punto de\u00a0<\/span><span style=\"color: var( --e-global-color-text ); text-align: var(--text-align);\">convergencia, un cruce (de caminos, de etnias, de funciones, de culturas&#8230;\u201d, agrega Soto Quir\u00f3s. Ladino no es sin\u00f3nimo de mestizo, ya e<\/span><span style=\"color: var( --e-global-color-text ); text-align: var(--text-align);\">l t\u00e9rmino &#8220;Mestizo&#8221; viene del lat\u00edn tard\u00edo mixticius: mezclado, que inicialmente aluda a la combinaci\u00f3n gen\u00e9tica.\u00a0<\/span><\/p><p><span style=\"color: var( --e-global-color-text ); text-align: var(--text-align);\">La configuraci\u00f3n de la identidad Ladina va mucho m\u00e1s all\u00e1\u00a0 pues se combinan culturas, identidades, memorias, tradiciones, formas de ser: una fusi\u00f3n cultural, social e hist\u00f3rica en un proceso que sigue en evoluci\u00f3n.<\/span><\/p><p>Este punto del racismo tuvo incidencia en la \u00e9poca colonial, cuando se crearon &#8220;castas&#8221;, es decir, categor\u00edas para definir a las personas seg\u00fan la pertenencia de sus padres a un grupo.\u00a0 Hoy se puede considerar algo absurdo, innecesario y segracionista, sobre todo porque crea tipolog\u00edas de personas desde una base &#8220;racial&#8221;, no cultural.\u00a0<\/p>\t\t\t\t\t\t\t\t<\/div>\n\t\t\t\t\t<\/div>\n\t\t\t\t<\/div>\n\t\t<div data-particle_enable=\"false\" data-particle-mobile-disabled=\"false\" class=\"elementor-element elementor-element-b679453 e-flex e-con-boxed e-con e-parent\" data-id=\"b679453\" data-element_type=\"container\" data-e-type=\"container\">\n\t\t\t\t\t<div class=\"e-con-inner\">\n\t\t\t\t<div class=\"elementor-element elementor-element-669f724 elementor-widget elementor-widget-image\" data-id=\"669f724\" data-element_type=\"widget\" data-e-type=\"widget\" data-widget_type=\"image.default\">\n\t\t\t\t\t\t\t\t\t\t\t\t<figure class=\"wp-caption\">\n\t\t\t\t\t\t\t\t\t\t<img decoding=\"async\" width=\"620\" height=\"874\" src=\"https:\/\/soymigrante.com\/revista\/wp-content\/uploads\/2024\/09\/castas.webp\" class=\"attachment-large size-large wp-image-9533\" alt=\"Tipolog\u00eda de &quot;castas&quot; de la Nueva Espa\u00f1a (hoy M\u00e9xico) en el siglo XVII seg\u00fan el origen de los padres Era una clara forma de exclusi\u00f3n tomando como base el supuesto origen de los padres. Se presenta con prop\u00f3sitos puramente referenciales. Hoy en una sociedad democr\u00e1tica se sabe que todas las personas son iguales en derechos y responsabilidades no solo en su pa\u00eds o regi\u00f3n, sino en todo el mundo.\" srcset=\"https:\/\/soymigrante.com\/revista\/wp-content\/uploads\/2024\/09\/castas.webp 620w, https:\/\/soymigrante.com\/revista\/wp-content\/uploads\/2024\/09\/castas-213x300.webp 213w\" sizes=\"(max-width: 620px) 100vw, 620px\" title=\"Tipolog\u00eda de &quot;castas&quot; de la Nueva Espa\u00f1a (hoy M\u00e9xico) en el siglo XVII  seg\u00fan el origen de los padres  Era una clara forma de exclusi\u00f3n tomando como base el supuesto origen de los padres. Se presenta con prop\u00f3sitos puramente referenciales. Hoy en una sociedad democr\u00e1tica se sabe que todas las personas son iguales en derechos y responsabilidades no solo en su pa\u00eds o regi\u00f3n, sino en todo el mundo. \u2013 SoyMigrante.com REVISTA\" \/>\t\t\t\t\t\t\t\t\t\t\t<figcaption class=\"widget-image-caption wp-caption-text\">Tipolog\u00eda de \"castas\" de la Nueva Espa\u00f1a (hoy M\u00e9xico) en el siglo XVII  seg\u00fan el origen de los padres  Era una clara forma de exclusi\u00f3n tomando como base el supuesto origen de los padres. Se presenta con prop\u00f3sitos puramente referenciales. Hoy en una sociedad democr\u00e1tica se sabe que todas las personas son iguales en derechos y responsabilidades no solo en su pa\u00eds o regi\u00f3n, sino en todo el mundo.<\/figcaption>\n\t\t\t\t\t\t\t\t\t\t<\/figure>\n\t\t\t\t\t\t\t\t\t<\/div>\n\t\t\t\t\t<\/div>\n\t\t\t\t<\/div>\n\t\t<div data-particle_enable=\"false\" data-particle-mobile-disabled=\"false\" class=\"elementor-element elementor-element-e74d155 e-flex e-con-boxed e-con e-parent\" data-id=\"e74d155\" data-element_type=\"container\" data-e-type=\"container\">\n\t\t\t\t\t<div class=\"e-con-inner\">\n\t\t\t\t<div class=\"elementor-element elementor-element-b3d3d0c elementor-widget elementor-widget-heading\" data-id=\"b3d3d0c\" data-element_type=\"widget\" data-e-type=\"widget\" data-widget_type=\"heading.default\">\n\t\t\t\t\t<h3 class=\"elementor-heading-title elementor-size-default\">Identidad ladina se configura con m\u00e1s fuerza en el siglo XIX<\/h3>\t\t\t\t<\/div>\n\t\t\t\t\t<\/div>\n\t\t\t\t<\/div>\n\t\t<div data-particle_enable=\"false\" data-particle-mobile-disabled=\"false\" class=\"elementor-element elementor-element-31d7765 e-flex e-con-boxed e-con e-parent\" data-id=\"31d7765\" data-element_type=\"container\" data-e-type=\"container\">\n\t\t\t\t\t<div class=\"e-con-inner\">\n\t\t\t\t<div class=\"elementor-element elementor-element-5d85ed8 elementor-widget elementor-widget-text-editor\" data-id=\"5d85ed8\" data-element_type=\"widget\" data-e-type=\"widget\" data-widget_type=\"text-editor.default\">\n\t\t\t\t\t\t\t\t\t<p>Desde tiempos coloniales, las personas de origen mestizo ten\u00edan prohibido, por ejemplo, vivir en pueblos ind\u00edgenas mayas, pero muchos no hac\u00edan caso a esta ordenanza pues a menudo ten\u00edan relaciones de parentesco con integrantes de dichas comunidades.<\/p><p>Desde la destrucci\u00f3n de Antigua Guatemala y el traslado de la capital a la Nueva Guatemala de la Asunci\u00f3n, gremios artesanales constituidos en buena medida por mestizos, se fortalecieron y adquirieron mayor protagonismo y fuerza econ\u00f3mica.\u00a0 No obstante ya exist\u00edan algunas escuelas para ni\u00f1os ind\u00edgenas y mestizos.<\/p><p>Con el movimiento de Independencia, gestado por la clase criolla (espa\u00f1oles peninsulares e hijos de espa\u00f1oles nacidos en Guatemala) se abrio paso a otras libertades de acci\u00f3n y participaci\u00f3n. Al principio eran m\u00e1s bien limitadas. Pero por ejemplo, el presidente Mariano G\u00e1lvez,\u00a0 hu\u00e9rfano abandonado en una iglesia y adoptado por un religioso, ten\u00eda una raigambre ladina. No peninsular ni criolla.\u00a0\u00a0<\/p><p>\u00a0<\/p>\t\t\t\t\t\t\t\t<\/div>\n\t\t\t\t\t<\/div>\n\t\t\t\t<\/div>\n\t\t<div data-particle_enable=\"false\" data-particle-mobile-disabled=\"false\" class=\"elementor-element elementor-element-417c9bf e-flex e-con-boxed e-con e-parent\" data-id=\"417c9bf\" data-element_type=\"container\" data-e-type=\"container\">\n\t\t\t\t\t<div class=\"e-con-inner\">\n\t\t\t\t<div class=\"elementor-element elementor-element-f125e0a elementor-widget elementor-widget-image\" data-id=\"f125e0a\" data-element_type=\"widget\" data-e-type=\"widget\" data-widget_type=\"image.default\">\n\t\t\t\t\t\t\t\t\t\t\t\t<figure class=\"wp-caption\">\n\t\t\t\t\t\t\t\t\t\t<img decoding=\"async\" width=\"972\" height=\"614\" src=\"https:\/\/soymigrante.com\/revista\/wp-content\/uploads\/2024\/09\/guarda-viejo-19012.webp\" class=\"attachment-large size-large wp-image-9536\" alt=\"Fotograf\u00eda de el Guarda Viejo, acceso a la capital desde la carretera de Amatitl\u00e1n. Hoy, proximidades del mercado El Guarda, que m\u00e1s de un migrante guatemalteco recordar\u00e1.\" srcset=\"https:\/\/soymigrante.com\/revista\/wp-content\/uploads\/2024\/09\/guarda-viejo-19012.webp 972w, https:\/\/soymigrante.com\/revista\/wp-content\/uploads\/2024\/09\/guarda-viejo-19012-300x190.webp 300w, https:\/\/soymigrante.com\/revista\/wp-content\/uploads\/2024\/09\/guarda-viejo-19012-768x485.webp 768w, https:\/\/soymigrante.com\/revista\/wp-content\/uploads\/2024\/09\/guarda-viejo-19012-750x474.webp 750w\" sizes=\"(max-width: 972px) 100vw, 972px\" title=\"Fotograf\u00eda de el Guarda Viejo, acceso a la capital desde la carretera de Amatitl\u00e1n.  Hoy, proximidades del mercado El Guarda, que m\u00e1s de un migrante guatemalteco recordar\u00e1. \u2013 SoyMigrante.com REVISTA\" \/>\t\t\t\t\t\t\t\t\t\t\t<figcaption class=\"widget-image-caption wp-caption-text\">Fotograf\u00eda de el Guarda Viejo, acceso a la capital desde la carretera de Amatitl\u00e1n.  Hoy, proximidades del mercado El Guarda, que m\u00e1s de un migrante guatemalteco recordar\u00e1.<\/figcaption>\n\t\t\t\t\t\t\t\t\t\t<\/figure>\n\t\t\t\t\t\t\t\t\t<\/div>\n\t\t\t\t\t<\/div>\n\t\t\t\t<\/div>\n\t\t<div data-particle_enable=\"false\" data-particle-mobile-disabled=\"false\" class=\"elementor-element elementor-element-f5f73a4 e-flex e-con-boxed e-con e-parent\" data-id=\"f5f73a4\" data-element_type=\"container\" data-e-type=\"container\">\n\t\t\t\t\t<div class=\"e-con-inner\">\n\t\t\t\t<div class=\"elementor-element elementor-element-79d1019 elementor-widget elementor-widget-heading\" data-id=\"79d1019\" data-element_type=\"widget\" data-e-type=\"widget\" data-widget_type=\"heading.default\">\n\t\t\t\t\t<h3 class=\"elementor-heading-title elementor-size-default\">Una evoluci\u00f3n de cerca de 300 a\u00f1os<\/h3>\t\t\t\t<\/div>\n\t\t\t\t\t<\/div>\n\t\t\t\t<\/div>\n\t\t<div data-particle_enable=\"false\" data-particle-mobile-disabled=\"false\" class=\"elementor-element elementor-element-25d0549 e-flex e-con-boxed e-con e-parent\" data-id=\"25d0549\" data-element_type=\"container\" data-e-type=\"container\">\n\t\t\t\t\t<div class=\"e-con-inner\">\n\t\t\t\t<div class=\"elementor-element elementor-element-5801ea1 elementor-widget elementor-widget-text-editor\" data-id=\"5801ea1\" data-element_type=\"widget\" data-e-type=\"widget\" data-widget_type=\"text-editor.default\">\n\t\t\t\t\t\t\t\t\t<p>\u00a0<\/p><p>Posteriormente, hacia 1835 surge el caudillo conservador Rafael Carrera, tambi\u00e9n era ladino: nacido en el barrio Candelaria de la capital, pero casado con la hija de un finquero de Mataquescuintla, en donde habitaban tambi\u00e9n los pueblos poq&#8217;omam y xinca. La rebeli\u00f3n de &#8220;la Monta\u00f1a&#8221; es considerada un primer gran movimiento que borra fronteras e integra identidades.<\/p><p>Elementos como la religiosidad popular cat\u00f3lica, las pugnas entre liberales y conservadores, los festejos patronales, el influjo de ideas de la Ilustraci\u00f3n franc\u00e9sa y el positivismo ingl\u00e9s y los propios procesos de Educaci\u00f3n, que utilizaban el espa\u00f1ol como lengua franca y pr\u00e1cticamente obligatoria, en detrimento de idiomas ind\u00edgenas, fueron configurando una comunidad que, vi\u00e9ndolo desde la \u00f3ptica positiva, integra, adopta y luce elementos culturales de los grupos que se integran.<\/p><p>La llegada de europeos, pero tambi\u00e9n de afrodescendientes y de migrantes de otras regiones, incluyendo Asia o Sudam\u00e9rica, continu\u00f3 agregando elementos a la etnia Ladina, que comenz\u00f3 a mostrar su fuerza, por ejemplo, en movimientos como la marcha contra la dictadura de Manuel Estrada Cabrera en 1920, o la Revoluci\u00f3n de 1944, en la que participaron\u00a0 estudiantes, militares y ciudadanos capitalinos.<\/p><p>\u00a0<\/p>\t\t\t\t\t\t\t\t<\/div>\n\t\t\t\t\t<\/div>\n\t\t\t\t<\/div>\n\t\t<div data-particle_enable=\"false\" data-particle-mobile-disabled=\"false\" class=\"elementor-element elementor-element-3ba98c4 e-flex e-con-boxed e-con e-parent\" data-id=\"3ba98c4\" data-element_type=\"container\" data-e-type=\"container\">\n\t\t\t\t\t<div class=\"e-con-inner\">\n\t\t\t\t<div class=\"elementor-element elementor-element-0e46f93 elementor-grid-eael-col-1 elementor-grid-tablet-eael-col-2 elementor-grid-mobile-eael-col-1 elementor-widget elementor-widget-eael-post-grid\" data-id=\"0e46f93\" data-element_type=\"widget\" data-e-type=\"widget\" data-settings=\"{&quot;eael_post_grid_columns&quot;:&quot;eael-col-1&quot;,&quot;eael_post_grid_columns_tablet&quot;:&quot;eael-col-2&quot;,&quot;eael_post_grid_columns_mobile&quot;:&quot;eael-col-1&quot;}\" data-widget_type=\"eael-post-grid.default\">\n\t\t\t\t\t<div id=\"eael-post-grid-0e46f93\" class=\"eael-post-grid-container\">\n            <div class=\"eael-post-grid eael-post-appender eael-post-appender-0e46f93 eael-post-grid-style-one\" data-layout-mode=\"masonry\"><article class=\"eael-grid-post  eael-post-grid-column eael-pg-post-5333 category-guate-nuestra\" data-id=\"5333\">\n        <div class=\"eael-grid-post-holder\">\n            <div class=\"eael-grid-post-holder-inner\"><div class=\"eael-entry-media\"><div class=\"eael-entry-overlay fade-in\"><i class=\"far fa-hand-pointer\" aria-hidden=\"true\"><\/i><a href=\"https:\/\/soymigrante.com\/revista\/porque-nos-dicen-chapines-a-los-guatemaltecos\/\"><\/a><\/div><div class=\"eael-entry-thumbnail \">\n                <img loading=\"lazy\" decoding=\"async\" width=\"863\" height=\"751\" src=\"https:\/\/soymigrante.com\/revista\/wp-content\/uploads\/2024\/03\/chap-chap.webp\" class=\"attachment-large size-large wp-image-5347\" alt=\"Chapines de Guatemala explicaci\u00f3n historia Chap\u00edn de Guatemala\" srcset=\"https:\/\/soymigrante.com\/revista\/wp-content\/uploads\/2024\/03\/chap-chap.webp 863w, https:\/\/soymigrante.com\/revista\/wp-content\/uploads\/2024\/03\/chap-chap-300x261.webp 300w, https:\/\/soymigrante.com\/revista\/wp-content\/uploads\/2024\/03\/chap-chap-768x668.webp 768w, https:\/\/soymigrante.com\/revista\/wp-content\/uploads\/2024\/03\/chap-chap-750x653.webp 750w\" sizes=\"(max-width: 863px) 100vw, 863px\" \/>\n            <\/div>\n        <\/div><div class=\"eael-entry-wrapper\"><header class=\"eael-entry-header\"><h2 class=\"eael-entry-title\"><a class=\"eael-grid-post-link\" href=\"https:\/\/soymigrante.com\/revista\/porque-nos-dicen-chapines-a-los-guatemaltecos\/\" title=\"\u00bfPorqu\u00e9 nos dicen chapines a los guatemaltecos?\">\u00bfPorqu\u00e9 nos dicen chapines a los guatemaltecos?<\/a><\/h2><\/header><div class=\"eael-entry-content\">\n                        <div class=\"eael-grid-post-excerpt\"><a href=\"https:\/\/soymigrante.com\/revista\/porque-nos-dicen-chapines-a-los-guatemaltecos\/\" class=\"eael-post-elements-readmore-btn\">CONOCE SU HISTORIA <\/a><\/div>\n                    <\/div><\/div><\/div>\n        <\/div>\n    <\/article><\/div>\n            <div class=\"clearfix\"><\/div>\n        <\/div>\t\t\t\t<\/div>\n\t\t\t\t\t<\/div>\n\t\t\t\t<\/div>\n\t\t<div data-particle_enable=\"false\" data-particle-mobile-disabled=\"false\" class=\"elementor-element elementor-element-63fc4c3 e-flex e-con-boxed e-con e-parent\" data-id=\"63fc4c3\" data-element_type=\"container\" data-e-type=\"container\">\n\t\t\t\t\t<div class=\"e-con-inner\">\n\t\t\t\t<div class=\"elementor-element elementor-element-1be8e2f elementor-widget elementor-widget-heading\" data-id=\"1be8e2f\" data-element_type=\"widget\" data-e-type=\"widget\" data-widget_type=\"heading.default\">\n\t\t\t\t\t<h3 class=\"elementor-heading-title elementor-size-default\">\u00bfQu\u00e9 elementos integran la cultura ladina?<\/h3>\t\t\t\t<\/div>\n\t\t\t\t\t<\/div>\n\t\t\t\t<\/div>\n\t\t<div data-particle_enable=\"false\" data-particle-mobile-disabled=\"false\" class=\"elementor-element elementor-element-7dfb72f e-flex e-con-boxed e-con e-parent\" data-id=\"7dfb72f\" data-element_type=\"container\" data-e-type=\"container\">\n\t\t\t\t\t<div class=\"e-con-inner\">\n\t\t\t\t<div class=\"elementor-element elementor-element-9b4a73f elementor-widget elementor-widget-text-editor\" data-id=\"9b4a73f\" data-element_type=\"widget\" data-e-type=\"widget\" data-widget_type=\"text-editor.default\">\n\t\t\t\t\t\t\t\t\t<p>En estos tiempos de globalizaci\u00f3n e interconexi\u00f3n de comunicaciones es m\u00e1s r\u00e1pido y por ende m\u00e1s f\u00e1cil comprender las influencias culturales, sobre todo desde el \u00e1mbito estadounidense, adoptadas junto con ciertas simbolog\u00edas, tradiciones y elementos de los pueblos mayas guatemaltecos.<\/p><p>Las comidas guatemaltecas fusionan elementos prehisp\u00e1nicos y modernos, en una\u00a0 evoluci\u00f3n y en versiones que a menudo son de familia o de pueblo: pepi\u00e1n, joc\u00f3n, caldos, tamales, dulces artesanales.<\/p><p>Las festividades religiosas: temporadas como la Semana Santa o las conmemoraciones patronales conllevan la organizaci\u00f3n de ferias, bailes (con m\u00fasica de marimba pero tambi\u00e9n extranjera de diversos ritmos y or\u00edgenes), elecciones de reinas de belleza (bajo diversos c\u00e1nones), formas de expresi\u00f3n oral (guatemaltequismos, a veces devenidos de t\u00e9rminos o sonidos ind\u00edgenas).<\/p>\t\t\t\t\t\t\t\t<\/div>\n\t\t\t\t\t<\/div>\n\t\t\t\t<\/div>\n\t\t<div data-particle_enable=\"false\" data-particle-mobile-disabled=\"false\" class=\"elementor-element elementor-element-82fa707 e-flex e-con-boxed e-con e-parent\" data-id=\"82fa707\" data-element_type=\"container\" data-e-type=\"container\">\n\t\t\t\t\t<div class=\"e-con-inner\">\n\t\t\t\t<div class=\"elementor-element elementor-element-cecb868 elementor-grid-eael-col-1 elementor-grid-tablet-eael-col-2 elementor-grid-mobile-eael-col-1 elementor-widget elementor-widget-eael-post-grid\" data-id=\"cecb868\" data-element_type=\"widget\" data-e-type=\"widget\" data-settings=\"{&quot;eael_post_grid_columns&quot;:&quot;eael-col-1&quot;,&quot;eael_post_grid_columns_tablet&quot;:&quot;eael-col-2&quot;,&quot;eael_post_grid_columns_mobile&quot;:&quot;eael-col-1&quot;}\" data-widget_type=\"eael-post-grid.default\">\n\t\t\t\t\t<div id=\"eael-post-grid-cecb868\" class=\"eael-post-grid-container\">\n            <div class=\"eael-post-grid eael-post-appender eael-post-appender-cecb868 eael-post-grid-style-one\" data-layout-mode=\"masonry\"><article class=\"eael-grid-post  eael-post-grid-column eael-pg-post-7485 category-guate-nuestra\" data-id=\"7485\">\n        <div class=\"eael-grid-post-holder\">\n            <div class=\"eael-grid-post-holder-inner\"><div class=\"eael-entry-media\"><div class=\"eael-entry-overlay fade-in\"><i class=\"far fa-hand-pointer\" aria-hidden=\"true\"><\/i><a href=\"https:\/\/soymigrante.com\/revista\/otras-20-palabras-chapinas-que-solo-un-guatemalteco-reconoce\/\"><\/a><\/div><div class=\"eael-entry-thumbnail \">\n                <img loading=\"lazy\" decoding=\"async\" width=\"595\" height=\"595\" src=\"https:\/\/soymigrante.com\/revista\/wp-content\/uploads\/2024\/07\/palabras-chapinas.jpg\" class=\"attachment-large size-large wp-image-7486\" alt=\"Ni\u00f1o disfrazado con traje tradicional y m\u00e1scara de carnaval en celebraci\u00f3n cultural de M\u00e9xico.\" srcset=\"https:\/\/soymigrante.com\/revista\/wp-content\/uploads\/2024\/07\/palabras-chapinas.jpg 595w, https:\/\/soymigrante.com\/revista\/wp-content\/uploads\/2024\/07\/palabras-chapinas-300x300.jpg 300w, https:\/\/soymigrante.com\/revista\/wp-content\/uploads\/2024\/07\/palabras-chapinas-150x150.jpg 150w, https:\/\/soymigrante.com\/revista\/wp-content\/uploads\/2024\/07\/palabras-chapinas-75x75.jpg 75w\" sizes=\"(max-width: 595px) 100vw, 595px\" \/>\n            <\/div>\n        <\/div><div class=\"eael-entry-wrapper\"><header class=\"eael-entry-header\"><h2 class=\"eael-entry-title\"><a class=\"eael-grid-post-link\" href=\"https:\/\/soymigrante.com\/revista\/otras-20-palabras-chapinas-que-solo-un-guatemalteco-reconoce\/\" title=\"Otras 20 palabras chapinas: solo los guatemaltecos las reconocen\">Otras 20 palabras chapinas: solo los guatemaltecos las reconocen<\/a><\/h2><\/header><div class=\"eael-entry-content\">\n                        <div class=\"eael-grid-post-excerpt\"><a href=\"https:\/\/soymigrante.com\/revista\/otras-20-palabras-chapinas-que-solo-un-guatemalteco-reconoce\/\" class=\"eael-post-elements-readmore-btn\">CONOCE SU HISTORIA <\/a><\/div>\n                    <\/div><\/div><\/div>\n        <\/div>\n    <\/article><\/div>\n            <div class=\"clearfix\"><\/div>\n        <\/div>\t\t\t\t<\/div>\n\t\t\t\t\t<\/div>\n\t\t\t\t<\/div>\n\t\t<div data-particle_enable=\"false\" data-particle-mobile-disabled=\"false\" class=\"elementor-element elementor-element-3a81768 e-flex e-con-boxed e-con e-parent\" data-id=\"3a81768\" data-element_type=\"container\" data-e-type=\"container\">\n\t\t\t\t\t<div class=\"e-con-inner\">\n\t\t\t\t<div class=\"elementor-element elementor-element-75633a9 elementor-widget elementor-widget-heading\" data-id=\"75633a9\" data-element_type=\"widget\" data-e-type=\"widget\" data-widget_type=\"heading.default\">\n\t\t\t\t\t<h3 class=\"elementor-heading-title elementor-size-default\">Integraci\u00f3n, uni\u00f3n y diversidad cultural migrante<\/h3>\t\t\t\t<\/div>\n\t\t\t\t\t<\/div>\n\t\t\t\t<\/div>\n\t\t<div data-particle_enable=\"false\" data-particle-mobile-disabled=\"false\" class=\"elementor-element elementor-element-737b6de e-flex e-con-boxed e-con e-parent\" data-id=\"737b6de\" data-element_type=\"container\" data-e-type=\"container\">\n\t\t\t\t\t<div class=\"e-con-inner\">\n\t\t\t\t<div class=\"elementor-element elementor-element-6c7634f elementor-widget elementor-widget-text-editor\" data-id=\"6c7634f\" data-element_type=\"widget\" data-e-type=\"widget\" data-widget_type=\"text-editor.default\">\n\t\t\t\t\t\t\t\t\t<p>Para finalizar, el fen\u00f3meno de la migraci\u00f3n de guatemaltecos hacia Estados Unidos, en busca de oportunidades laborales y econ\u00f3micas, as\u00ed como por causas de violencia o acoso pol\u00edtico, ha configurado una Guatemala multicultural en Estados de la Uni\u00f3n americana. S\u00ed se distinguen identidades de los pueblos mayas, gar\u00edfuna, xinca y ladino, seg\u00fan datos consulares.<\/p><p>Sin embargo, m\u00e1s importante y significativo a\u00fan es que en territorio estadounidense todos somos guatemaltecos: sin importar si es de San Juan Ostuncalco o de Jutiapa, si es K&#8217;iche&#8217;, Q&#8217;anjob&#8217;al o Poq&#8217;omchi, Gar\u00edfuna o Ladino. Ese testimonio de uni\u00f3n, hermandad e identidad basada en la pertenencia a una Naci\u00f3n de sol y de monta\u00f1a, de terremotos y atardeceres hermosos, con tesoros naturales e hist\u00f3ricos compartidos es lo que debe seguir inspirando la cohesi\u00f3n, el avance y la solidaridad.\u00a0<\/p>\t\t\t\t\t\t\t\t<\/div>\n\t\t\t\t\t<\/div>\n\t\t\t\t<\/div>\n\t\t<div data-particle_enable=\"false\" data-particle-mobile-disabled=\"false\" class=\"elementor-element elementor-element-6bdc538 e-flex e-con-boxed e-con e-parent\" data-id=\"6bdc538\" data-element_type=\"container\" data-e-type=\"container\">\n\t\t\t\t\t<div class=\"e-con-inner\">\n\t\t\t\t<div class=\"elementor-element elementor-element-6c99e2c elementor-arrows-position-inside elementor-pagination-position-outside elementor-widget elementor-widget-image-carousel\" data-id=\"6c99e2c\" data-element_type=\"widget\" data-e-type=\"widget\" data-settings=\"{&quot;slides_to_show&quot;:&quot;1&quot;,&quot;navigation&quot;:&quot;both&quot;,&quot;autoplay&quot;:&quot;yes&quot;,&quot;pause_on_hover&quot;:&quot;yes&quot;,&quot;pause_on_interaction&quot;:&quot;yes&quot;,&quot;autoplay_speed&quot;:5000,&quot;infinite&quot;:&quot;yes&quot;,&quot;effect&quot;:&quot;slide&quot;,&quot;speed&quot;:500}\" data-widget_type=\"image-carousel.default\">\n\t\t\t\t\t\t\t<div class=\"elementor-image-carousel-wrapper swiper\" role=\"region\" aria-roledescription=\"carousel\" aria-label=\"Image Carousel\" dir=\"ltr\">\n\t\t\t<div class=\"elementor-image-carousel swiper-wrapper\" aria-live=\"off\">\n\t\t\t\t\t\t\t\t<div class=\"swiper-slide\" role=\"group\" aria-roledescription=\"slide\" aria-label=\"1 de 10\"><figure class=\"swiper-slide-inner\"><img decoding=\"async\" class=\"swiper-slide-image\" src=\"https:\/\/soymigrante.com\/revista\/wp-content\/uploads\/2024\/09\/guatemaltecos-ladinos-9-1024x682.webp\" alt=\"Estudiantes guatemaltecos participan en actividad de antorchas por el d\u00eda de la Independencia 2024. (Fotograf\u00eda Oscar Rivas)\" \/><\/figure><\/div><div class=\"swiper-slide\" role=\"group\" aria-roledescription=\"slide\" aria-label=\"2 de 10\"><figure class=\"swiper-slide-inner\"><img decoding=\"async\" class=\"swiper-slide-image\" src=\"https:\/\/soymigrante.com\/revista\/wp-content\/uploads\/2024\/09\/460144848_18465153607036920_9001030380807932268_n-1024x683.webp\" alt=\"Guatemaltecos presencian el desfile del 15 de septiembre de 2024 frente al Palacio Nacional (Fotograf\u00eda Gob. de Guatemala)\" \/><\/figure><\/div><div class=\"swiper-slide\" role=\"group\" aria-roledescription=\"slide\" aria-label=\"3 de 10\"><figure class=\"swiper-slide-inner\"><img decoding=\"async\" class=\"swiper-slide-image\" src=\"https:\/\/soymigrante.com\/revista\/wp-content\/uploads\/2024\/09\/459811820_18465153583036920_5027108316870127128_n-1024x683.webp\" alt=\"Guatemaltecos presencian el desfile del 15 de septiembre de 2024 frente al Palacio Nacional (Fotograf\u00eda Gob. de Guatemala)\" \/><\/figure><\/div><div class=\"swiper-slide\" role=\"group\" aria-roledescription=\"slide\" aria-label=\"4 de 10\"><figure class=\"swiper-slide-inner\"><img decoding=\"async\" class=\"swiper-slide-image\" src=\"https:\/\/soymigrante.com\/revista\/wp-content\/uploads\/2024\/09\/299614403_1112592299334446_6684946575290469513_n.webp\" alt=\"Vendedores de guitarras en la feria de Jocotenango hacia 1900.\" \/><\/figure><\/div><div class=\"swiper-slide\" role=\"group\" aria-roledescription=\"slide\" aria-label=\"5 de 10\"><figure class=\"swiper-slide-inner\"><img decoding=\"async\" class=\"swiper-slide-image\" src=\"https:\/\/soymigrante.com\/revista\/wp-content\/uploads\/2024\/09\/guatemaltecos-ladinos-4.webp\" alt=\"Guatemaltecos en la Feria de Jocotenango 2024. (Fotograf\u00eda Oscar Rivas)\" \/><\/figure><\/div><div class=\"swiper-slide\" role=\"group\" aria-roledescription=\"slide\" aria-label=\"6 de 10\"><figure class=\"swiper-slide-inner\"><img decoding=\"async\" class=\"swiper-slide-image\" src=\"https:\/\/soymigrante.com\/revista\/wp-content\/uploads\/2024\/09\/guatemaltecos-ladinos-5-1024x683.webp\" alt=\"Guatemaltecos en la Feria de Jocotenango 2024. (Fotograf\u00eda Oscar Rivas)\" \/><\/figure><\/div><div class=\"swiper-slide\" role=\"group\" aria-roledescription=\"slide\" aria-label=\"7 de 10\"><figure class=\"swiper-slide-inner\"><img decoding=\"async\" class=\"swiper-slide-image\" src=\"https:\/\/soymigrante.com\/revista\/wp-content\/uploads\/2024\/09\/guatemaltecos-ladinos-6-1024x683.webp\" alt=\"Guatemaltecos en la Feria de Jocotenango 2024. (Fotograf\u00eda Oscar Rivas)\" \/><\/figure><\/div><div class=\"swiper-slide\" role=\"group\" aria-roledescription=\"slide\" aria-label=\"8 de 10\"><figure class=\"swiper-slide-inner\"><img decoding=\"async\" class=\"swiper-slide-image\" src=\"https:\/\/soymigrante.com\/revista\/wp-content\/uploads\/2024\/09\/guatemaltecos-ladinos-8-1024x682.webp\" alt=\"Estudiantes guatemaltecos participan en actividad de antorchas por el d\u00eda de la Independencia 2024. (Fotograf\u00eda Oscar Rivas)\" \/><\/figure><\/div><div class=\"swiper-slide\" role=\"group\" aria-roledescription=\"slide\" aria-label=\"9 de 10\"><figure class=\"swiper-slide-inner\"><img decoding=\"async\" class=\"swiper-slide-image\" src=\"https:\/\/soymigrante.com\/revista\/wp-content\/uploads\/2024\/09\/guatemaltecos-ladinos-1-1024x682.webp\" alt=\"Estudiantes guatemaltecos participan en actividad de antorchas por el d\u00eda de la Independencia 2024. (Fotograf\u00eda Oscar Rivas)\" \/><\/figure><\/div><div class=\"swiper-slide\" role=\"group\" aria-roledescription=\"slide\" aria-label=\"10 de 10\"><figure class=\"swiper-slide-inner\"><img decoding=\"async\" class=\"swiper-slide-image\" src=\"https:\/\/soymigrante.com\/revista\/wp-content\/uploads\/2024\/09\/guatemaltecos-ladinos-2-1024x682.webp\" alt=\"Choque de aficionados con banderas de Guatemala frente a un edificio hist\u00f3rico, celebrando la pasi\u00f3n futbol\u00edstica y el orgullo nacional.\" \/><\/figure><\/div>\t\t\t<\/div>\n\t\t\t\t\t\t\t\t\t\t\t\t<div class=\"elementor-swiper-button elementor-swiper-button-prev\" role=\"button\" tabindex=\"0\">\n\t\t\t\t\t\t<i aria-hidden=\"true\" class=\"eicon-chevron-left\"><\/i>\t\t\t\t\t<\/div>\n\t\t\t\t\t<div class=\"elementor-swiper-button elementor-swiper-button-next\" role=\"button\" tabindex=\"0\">\n\t\t\t\t\t\t<i aria-hidden=\"true\" class=\"eicon-chevron-right\"><\/i>\t\t\t\t\t<\/div>\n\t\t\t\t\n\t\t\t\t\t\t\t\t\t<div class=\"swiper-pagination\"><\/div>\n\t\t\t\t\t\t\t\t\t<\/div>\n\t\t\t\t\t\t<\/div>\n\t\t\t\t\t<\/div>\n\t\t\t\t<\/div>\n\t\t<div data-particle_enable=\"false\" data-particle-mobile-disabled=\"false\" class=\"elementor-element elementor-element-2a2bbd7 e-flex e-con-boxed e-con e-parent\" data-id=\"2a2bbd7\" data-element_type=\"container\" data-e-type=\"container\">\n\t\t\t\t\t<div class=\"e-con-inner\">\n\t\t\t\t<div class=\"elementor-element elementor-element-2f34266 elementor-widget elementor-widget-blfe-post-grid\" data-id=\"2f34266\" data-element_type=\"widget\" data-e-type=\"widget\" data-settings=\"{&quot;columns&quot;:&quot;3&quot;,&quot;columns_tablet&quot;:&quot;6&quot;,&quot;columns_mobile&quot;:&quot;12&quot;,&quot;hero1_layout_column_gap&quot;:{&quot;unit&quot;:&quot;px&quot;,&quot;size&quot;:30,&quot;sizes&quot;:[]},&quot;hero1_layout_column_gap_tablet&quot;:{&quot;unit&quot;:&quot;px&quot;,&quot;size&quot;:&quot;&quot;,&quot;sizes&quot;:[]},&quot;hero1_layout_column_gap_mobile&quot;:{&quot;unit&quot;:&quot;px&quot;,&quot;size&quot;:&quot;&quot;,&quot;sizes&quot;:[]},&quot;hero1_layout_row_gap&quot;:{&quot;unit&quot;:&quot;px&quot;,&quot;size&quot;:30,&quot;sizes&quot;:[]},&quot;hero1_layout_row_gap_tablet&quot;:{&quot;unit&quot;:&quot;px&quot;,&quot;size&quot;:&quot;&quot;,&quot;sizes&quot;:[]},&quot;hero1_layout_row_gap_mobile&quot;:{&quot;unit&quot;:&quot;px&quot;,&quot;size&quot;:&quot;&quot;,&quot;sizes&quot;:[]}}\" data-widget_type=\"blfe-post-grid.hero1\">\n\t\t\t\t<div class=\"elementor-widget-container\">\n\t\t\t\t\t\n                        <div class=\"blfe-post-grid-container \">\n            \n                <div data-skin=\"hero1\" class=\"blfe-row blfe-posts-inner blfe-hero1 blfe-posts-inner blfe-col-3 blfe-col-tab-6 blfe-col-mob-12     \">\n                            <div class=\"blfe-post-grid-item\">\n            <div class=\"blfe-post-grid-item-inner blfe-modern-zoom\">\n                        <div class=\"blfe-post-grid-bg-image\">\n            <a class=\"blfe-post-grid-image-inner\" href=\"https:\/\/soymigrante.com\/revista\/el-pueblo-mam-brilla-crece-y-se-expresa-fiel-a-sus-raices-de-identidad\/\" title=\"El pueblo Mam trabaja, crece y vive fiel a sus ra\u00edces de identidad\" rel=\"nofollow\" target=\"_blank\"><img decoding=\"async\" src=\"https:\/\/soymigrante.com\/revista\/wp-content\/uploads\/2024\/09\/mam-1-scaled.webp\" alt=\"El pueblo Mam trabaja, crece y vive fiel a sus ra\u00edces de identidad\"\/><\/a>        <\/div>\n                        <div class=\"blfe-post-grid-details\">\n                    <div class=\"blfe-post-grid-details-inner\">\n                        <span class=\"blfe-post-category\"><a href=\"https:\/\/soymigrante.com\/revista\/category\/guate-nuestra\/pueblos-de-guatemala\/\">Pueblos de Guatemala<\/a><\/span>                        <h3 class=\"blfe-post-grid-title\">\n            <a href=\"https:\/\/soymigrante.com\/revista\/el-pueblo-mam-brilla-crece-y-se-expresa-fiel-a-sus-raices-de-identidad\/\" title=\"El pueblo Mam trabaja, crece y vive fiel a sus ra\u00edces de identidad\" rel=\"nofollow\" target=\"_blank\">El pueblo Mam trabaja, crece y vive fiel a sus ra\u00edces de identidad<\/a>\n            <\/h3>                                                            <div class=\"blfe-post-grid-meta\">\n                <span class=\"blfe-post-grid-time\"><i class=\"fas fa-book-reader\"><\/i>7 Min read<\/span>            <\/div>\n                                                        <\/div>\n                <\/div>\n\n            <\/div>\n        <\/div>\n                <div class=\"blfe-post-grid-item\">\n            <div class=\"blfe-post-grid-item-inner blfe-modern-zoom\">\n                        <div class=\"blfe-post-grid-bg-image\">\n            <a class=\"blfe-post-grid-image-inner\" href=\"https:\/\/soymigrante.com\/revista\/el-pueblo-popti-jakalteko-desciende-de-balunh-qana-y-hun-imox\/\" title=\"El pueblo Popt\u00ed (Jakalteko) desciende de B\u2019alunh Q\u2019ana\u2019 y Hun Imox\" rel=\"nofollow\" target=\"_blank\"><img decoding=\"async\" src=\"https:\/\/soymigrante.com\/revista\/wp-content\/uploads\/2024\/09\/popti-o-jakalteko-4.webp\" alt=\"El pueblo Popt\u00ed (Jakalteko) desciende de B\u2019alunh Q\u2019ana\u2019 y Hun Imox\"\/><\/a>        <\/div>\n                        <div class=\"blfe-post-grid-details\">\n                    <div class=\"blfe-post-grid-details-inner\">\n                        <span class=\"blfe-post-category\"><a href=\"https:\/\/soymigrante.com\/revista\/category\/guate-nuestra\/pueblos-de-guatemala\/\">Pueblos de Guatemala<\/a><\/span>                        <h3 class=\"blfe-post-grid-title\">\n            <a href=\"https:\/\/soymigrante.com\/revista\/el-pueblo-popti-jakalteko-desciende-de-balunh-qana-y-hun-imox\/\" title=\"El pueblo Popt\u00ed (Jakalteko) desciende de B\u2019alunh Q\u2019ana\u2019 y Hun Imox\" rel=\"nofollow\" target=\"_blank\">El pueblo Popt\u00ed (Jakalteko) desciende de B\u2019alunh Q\u2019ana\u2019 y Hun Imox<\/a>\n            <\/h3>                                                            <div class=\"blfe-post-grid-meta\">\n                <span class=\"blfe-post-grid-time\"><i class=\"fas fa-book-reader\"><\/i>6 Min read<\/span>            <\/div>\n                                                        <\/div>\n                <\/div>\n\n            <\/div>\n        <\/div>\n                <div class=\"blfe-post-grid-item\">\n            <div class=\"blfe-post-grid-item-inner blfe-modern-zoom\">\n                        <div class=\"blfe-post-grid-bg-image\">\n            <a class=\"blfe-post-grid-image-inner\" href=\"https:\/\/soymigrante.com\/revista\/san-juan-comalapa-la-cuna-del-arte-popular-en-guatemala\/\" title=\"San Juan Comalapa, la cuna del arte popular en Guatemala\" rel=\"nofollow\" target=\"_blank\"><img decoding=\"async\" src=\"https:\/\/soymigrante.com\/revista\/wp-content\/uploads\/2025\/09\/San-Juan-Comalapa-5-e1757615970442.jpg\" alt=\"San Juan Comalapa, la cuna del arte popular en Guatemala\"\/><\/a>        <\/div>\n                        <div class=\"blfe-post-grid-details\">\n                    <div class=\"blfe-post-grid-details-inner\">\n                        <span class=\"blfe-post-category\"><a href=\"https:\/\/soymigrante.com\/revista\/category\/guate-nuestra\/\">Guate Nuestra<\/a><\/span>                        <h3 class=\"blfe-post-grid-title\">\n            <a href=\"https:\/\/soymigrante.com\/revista\/san-juan-comalapa-la-cuna-del-arte-popular-en-guatemala\/\" title=\"San Juan Comalapa, la cuna del arte popular en Guatemala\" rel=\"nofollow\" target=\"_blank\">San Juan Comalapa, la cuna del arte popular en Guatemala<\/a>\n            <\/h3>                                                            <div class=\"blfe-post-grid-meta\">\n                <span class=\"blfe-post-grid-time\"><i class=\"fas fa-book-reader\"><\/i>4 Min read<\/span>            <\/div>\n                                                        <\/div>\n                <\/div>\n\n            <\/div>\n        <\/div>\n                        <\/div>\n\n                        <\/div>\n            \n                        <div class=\"blfe-post-footer\">\n                        <\/div>\n            \t\t\t\t<\/div>\n\t\t\t\t<\/div>\n\t\t\t\t\t<\/div>\n\t\t\t\t<\/div>\n\t\t\t\t<\/div>\n\t\t","protected":false},"excerpt":{"rendered":"<p>Mucho ha discutido y escrito sobre el origen y evoluci\u00f3n de la comunidad ladina, integrada por un mestizaje de herencias, tradiciones, culturas locales, ra\u00edces que incluyen elementos ind\u00edgenas y occidentales, con un puente com\u00fan: el idioma castellano como lengua materna. No se puede entender la historia de Am\u00e9rica Latina, de Centro Am\u00e9rica y por ende, [&hellip;]<\/p>\n","protected":false},"author":7,"featured_media":9531,"comment_status":"open","ping_status":"open","sticky":false,"template":"","format":"standard","meta":{"_acf_changed":false,"_eb_attr":"","footnotes":""},"categories":[125],"tags":[],"class_list":["post-9526","post","type-post","status-publish","format-standard","has-post-thumbnail","hentry","category-pueblos-de-guatemala"],"acf":[],"aioseo_notices":[],"aioseo_head":"\n\t\t<!-- All in One SEO Pro 4.9.6.2 - aioseo.com -->\n\t<meta name=\"description\" content=\"San Juan Comalapa es un municipio de Guatemala que cuenta la historia de varios artistas, quienes desde la cuna del lugar llevar el arte en la sangre.\" \/>\n\t<meta name=\"robots\" content=\"max-snippet:-1, max-image-preview:large, max-video-preview:-1\" \/>\n\t<meta name=\"author\" content=\"Marysabel Aldana\"\/>\n\t<link rel=\"canonical\" href=\"https:\/\/soymigrante.com\/revista\/san-juan-comalapa-la-cuna-del-arte-popular-en-guatemala\/\" \/>\n\t<meta name=\"generator\" content=\"All in One SEO Pro (AIOSEO) 4.9.6.2\" \/>\n\n\t\t<link rel=\"preconnect\" href=\"https:\/\/fonts.googleapis.com\" crossorigin>\n<link rel=\"preconnect\" href=\"https:\/\/fonts.gstatic.com\" crossorigin>\n\t\t<meta property=\"og:locale\" content=\"es_ES\" \/>\n\t\t<meta property=\"og:site_name\" content=\"SoyMigrante.com REVISTA \u2013 Nuestra misi\u00f3n es reconocer y dignificar al migrante.\" \/>\n\t\t<meta property=\"og:type\" content=\"article\" \/>\n\t\t<meta property=\"og:title\" content=\"San Juan Comalapa, la cuna del arte popular en Guatemala\" \/>\n\t\t<meta property=\"og:description\" content=\"San Juan Comalapa es un municipio de Guatemala que cuenta la historia de varios artistas, quienes desde la cuna del lugar llevar el arte en la sangre.\" \/>\n\t\t<meta property=\"og:url\" content=\"https:\/\/soymigrante.com\/revista\/san-juan-comalapa-la-cuna-del-arte-popular-en-guatemala\/\" \/>\n\t\t<meta property=\"og:image\" content=\"https:\/\/soymigrante.com\/revista\/wp-content\/uploads\/2025\/09\/San-Juan-Comalapa-5-e1757615970442.jpg\" \/>\n\t\t<meta property=\"og:image:secure_url\" content=\"https:\/\/soymigrante.com\/revista\/wp-content\/uploads\/2025\/09\/San-Juan-Comalapa-5-e1757615970442.jpg\" \/>\n\t\t<meta property=\"og:image:width\" content=\"674\" \/>\n\t\t<meta property=\"og:image:height\" content=\"674\" \/>\n\t\t<meta property=\"article:published_time\" content=\"2025-09-12T14:09:00+00:00\" \/>\n\t\t<meta property=\"article:modified_time\" content=\"2025-09-12T03:14:33+00:00\" \/>\n\t\t<meta property=\"article:publisher\" content=\"https:\/\/www.facebook.com\/soymigrantecom\" \/>\n\t\t<meta name=\"twitter:card\" content=\"summary_large_image\" \/>\n\t\t<meta name=\"twitter:site\" content=\"@SoyMigrante_com\" \/>\n\t\t<meta name=\"twitter:title\" content=\"San Juan Comalapa, la cuna del arte popular en Guatemala\" \/>\n\t\t<meta name=\"twitter:description\" content=\"San Juan Comalapa es un municipio de Guatemala que cuenta la historia de varios artistas, quienes desde la cuna del lugar llevar el arte en la sangre.\" \/>\n\t\t<meta name=\"twitter:creator\" content=\"@SoyMigrante_com\" \/>\n\t\t<meta name=\"twitter:image\" content=\"https:\/\/soymigrante.com\/revista\/wp-content\/uploads\/2025\/09\/San-Juan-Comalapa-5-e1757615970442.jpg\" \/>\n\t\t<!-- All in One SEO Pro -->\r\n\t\t<title>San Juan Comalapa, la cuna del arte popular en Guatemala<\/title>\n\n","aioseo_head_json":{"title":"San Juan Comalapa, la cuna del arte popular en Guatemala","description":"San Juan Comalapa es un municipio de Guatemala que cuenta la historia de varios artistas, quienes desde la cuna del lugar llevar el arte en la sangre.","canonical_url":"https:\/\/soymigrante.com\/revista\/san-juan-comalapa-la-cuna-del-arte-popular-en-guatemala\/","robots":"max-snippet:-1, max-image-preview:large, max-video-preview:-1","keywords":"","webmasterTools":{"miscellaneous":"&lt;link rel=\"preconnect\" href=\"https:\/\/fonts.googleapis.com\" crossorigin&gt;\n&lt;link rel=\"preconnect\" href=\"https:\/\/fonts.gstatic.com\" crossorigin&gt;"},"schema":null,"og:locale":"es_ES","og:site_name":"SoyMigrante.com REVISTA \u2013 Nuestra misi\u00f3n es reconocer y dignificar al migrante.","og:type":"article","og:title":"San Juan Comalapa, la cuna del arte popular en Guatemala","og:description":"San Juan Comalapa es un municipio de Guatemala que cuenta la historia de varios artistas, quienes desde la cuna del lugar llevar el arte en la sangre.","og:url":"https:\/\/soymigrante.com\/revista\/san-juan-comalapa-la-cuna-del-arte-popular-en-guatemala\/","og:image":"https:\/\/soymigrante.com\/revista\/wp-content\/uploads\/2025\/09\/San-Juan-Comalapa-5-e1757615970442.jpg","og:image:secure_url":"https:\/\/soymigrante.com\/revista\/wp-content\/uploads\/2025\/09\/San-Juan-Comalapa-5-e1757615970442.jpg","og:image:width":674,"og:image:height":674,"article:published_time":"2025-09-12T14:09:00+00:00","article:modified_time":"2025-09-12T03:14:33+00:00","article:publisher":"https:\/\/www.facebook.com\/soymigrantecom","twitter:card":"summary_large_image","twitter:site":"@SoyMigrante_com","twitter:title":"San Juan Comalapa, la cuna del arte popular en Guatemala","twitter:description":"San Juan Comalapa es un municipio de Guatemala que cuenta la historia de varios artistas, quienes desde la cuna del lugar llevar el arte en la sangre.","twitter:creator":"@SoyMigrante_com","twitter:image":"https:\/\/soymigrante.com\/revista\/wp-content\/uploads\/2025\/09\/San-Juan-Comalapa-5-e1757615970442.jpg"},"aioseo_meta_data":{"post_id":"9526","title":"Pueblo ladino integra ra\u00edces y mestizajes de Guatemala","description":"Seg\u00fan el Censo de Poblaci\u00f3n, el 58% de guatemaltecos se identifica como ladino o mestizo: una confluencia de or\u00edgenes con elementos ind\u00edgenas, espa\u00f1oles y m\u00e1s.","keywords":null,"keyphrases":{"focus":{"keyphrase":"Ladino","score":74,"analysis":{"keyphraseInTitle":{"score":9,"maxScore":9,"error":0},"keyphraseInDescription":{"score":9,"maxScore":9,"error":0},"keyphraseLength":{"score":9,"maxScore":9,"error":0,"length":1},"keyphraseInURL":{"score":5,"maxScore":5,"error":0},"keyphraseInIntroduction":{"score":3,"maxScore":9,"error":1},"keyphraseInSubHeadings":{"score":3,"maxScore":9,"error":1},"keyphraseInImageAlt":{"score":3,"maxScore":9,"error":1},"keywordDensity":{"type":"best","score":9,"maxScore":9,"error":0}}},"additional":[{"keyphrase":"Mestizo","score":53,"analysis":{"keyphraseInDescription":{"score":9,"maxScore":9,"error":0},"keyphraseLength":{"score":9,"maxScore":9,"error":0,"length":1},"keyphraseInIntroduction":{"score":3,"maxScore":9,"error":1},"keyphraseInImageAlt":{"score":3,"maxScore":9,"error":1},"keywordDensity":{"score":0,"type":"low","maxScore":9,"error":1}}},{"keyphrase":"Guatemala","score":87,"analysis":{"keyphraseInDescription":{"score":3,"maxScore":9,"error":1},"keyphraseLength":{"score":9,"maxScore":9,"error":0,"length":1},"keyphraseInIntroduction":{"score":9,"maxScore":9,"error":0},"keyphraseInImageAlt":{"score":9,"maxScore":9,"error":0},"keywordDensity":{"type":"best","score":9,"maxScore":9,"error":0}}},{"keyphrase":"Guatemala","score":87,"analysis":{"keyphraseInDescription":{"score":3,"maxScore":9,"error":1},"keyphraseLength":{"score":9,"maxScore":9,"error":0,"length":1},"keyphraseInIntroduction":{"score":9,"maxScore":9,"error":0},"keyphraseInImageAlt":{"score":9,"maxScore":9,"error":0},"keywordDensity":{"type":"best","score":9,"maxScore":9,"error":0}}}]},"primary_term":null,"canonical_url":null,"og_title":null,"og_description":null,"og_object_type":"default","og_image_type":"default","og_image_url":null,"og_image_width":null,"og_image_height":null,"og_image_custom_url":null,"og_image_custom_fields":null,"og_video":"","og_custom_url":null,"og_article_section":null,"og_article_tags":null,"twitter_use_og":false,"twitter_card":"default","twitter_image_type":"default","twitter_image_url":null,"twitter_image_custom_url":null,"twitter_image_custom_fields":null,"twitter_title":null,"twitter_description":null,"schema":{"blockGraphs":[],"customGraphs":[],"default":{"data":{"Article":[],"Course":[],"Dataset":[],"FAQPage":[],"Movie":[],"Person":[],"Product":[],"ProductReview":[],"Car":[],"Recipe":[],"Service":[],"SoftwareApplication":[],"WebPage":[]},"graphName":"none","isEnabled":true},"graphs":[]},"schema_type":"default","schema_type_options":null,"pillar_content":false,"robots_default":true,"robots_noindex":false,"robots_noarchive":false,"robots_nosnippet":false,"robots_nofollow":false,"robots_noimageindex":false,"robots_noodp":false,"robots_notranslate":false,"robots_max_snippet":"-1","robots_max_videopreview":"-1","robots_max_imagepreview":"large","priority":null,"frequency":"default","local_seo":null,"seo_analyzer_scan_date":"2025-10-08 23:10:16","breadcrumb_settings":null,"limit_modified_date":false,"reviewed_by":"0","open_ai":"{\"title\":{\"suggestions\":[],\"usage\":0},\"description\":{\"suggestions\":[],\"usage\":0}}","ai":{"faqs":[],"keyPoints":[],"titles":[],"descriptions":[],"socialPosts":{"email":[],"linkedin":[],"twitter":[],"facebook":[],"instagram":[]}},"created":"2024-09-20 00:06:39","updated":"2026-02-04 13:34:04"},"aioseo_breadcrumb":"<div class=\"aioseo-breadcrumbs\"><span class=\"aioseo-breadcrumb\">\n\t<a href=\"https:\/\/soymigrante.com\/revista\" title=\"Home\">Home<\/a>\n<\/span><span class=\"aioseo-breadcrumb-separator\">\u00bb<\/span><span class=\"aioseo-breadcrumb\">\n\t<a href=\"https:\/\/soymigrante.com\/revista\/category\/guate-nuestra\/\" title=\"Guate Nuestra\">Guate Nuestra<\/a>\n<\/span><span class=\"aioseo-breadcrumb-separator\">\u00bb<\/span><span class=\"aioseo-breadcrumb\">\n\t<a href=\"https:\/\/soymigrante.com\/revista\/category\/guate-nuestra\/pueblos-de-guatemala\/\" title=\"Pueblos de Guatemala\">Pueblos de Guatemala<\/a>\n<\/span><span class=\"aioseo-breadcrumb-separator\">\u00bb<\/span><span class=\"aioseo-breadcrumb\">\n\tPueblo ladino integra ra\u00edces, identidades y mestizajes culturales de Guatemala\n<\/span><\/div>","aioseo_breadcrumb_json":[{"label":"Home","link":"https:\/\/soymigrante.com\/revista"},{"label":"Guate Nuestra","link":"https:\/\/soymigrante.com\/revista\/category\/guate-nuestra\/"},{"label":"Pueblos de Guatemala","link":"https:\/\/soymigrante.com\/revista\/category\/guate-nuestra\/pueblos-de-guatemala\/"},{"label":"Pueblo ladino integra ra\u00edces, identidades y mestizajes culturales de Guatemala","link":"https:\/\/soymigrante.com\/revista\/pueblo-ladino-integra-raices-y-mestizajes-de-guatemala\/"}],"_links":{"self":[{"href":"https:\/\/soymigrante.com\/revista\/wp-json\/wp\/v2\/posts\/9526","targetHints":{"allow":["GET"]}}],"collection":[{"href":"https:\/\/soymigrante.com\/revista\/wp-json\/wp\/v2\/posts"}],"about":[{"href":"https:\/\/soymigrante.com\/revista\/wp-json\/wp\/v2\/types\/post"}],"author":[{"embeddable":true,"href":"https:\/\/soymigrante.com\/revista\/wp-json\/wp\/v2\/users\/7"}],"replies":[{"embeddable":true,"href":"https:\/\/soymigrante.com\/revista\/wp-json\/wp\/v2\/comments?post=9526"}],"version-history":[{"count":8,"href":"https:\/\/soymigrante.com\/revista\/wp-json\/wp\/v2\/posts\/9526\/revisions"}],"predecessor-version":[{"id":44871,"href":"https:\/\/soymigrante.com\/revista\/wp-json\/wp\/v2\/posts\/9526\/revisions\/44871"}],"wp:featuredmedia":[{"embeddable":true,"href":"https:\/\/soymigrante.com\/revista\/wp-json\/wp\/v2\/media\/9531"}],"wp:attachment":[{"href":"https:\/\/soymigrante.com\/revista\/wp-json\/wp\/v2\/media?parent=9526"}],"wp:term":[{"taxonomy":"category","embeddable":true,"href":"https:\/\/soymigrante.com\/revista\/wp-json\/wp\/v2\/categories?post=9526"},{"taxonomy":"post_tag","embeddable":true,"href":"https:\/\/soymigrante.com\/revista\/wp-json\/wp\/v2\/tags?post=9526"}],"curies":[{"name":"wp","href":"https:\/\/api.w.org\/{rel}","templated":true}]}}