{"id":9500,"date":"2024-11-12T09:00:00","date_gmt":"2024-11-12T15:00:00","guid":{"rendered":"https:\/\/soymigrante.com\/revista\/?p=9500"},"modified":"2024-11-11T21:14:32","modified_gmt":"2024-11-12T03:14:32","slug":"cambio-de-clima-en-usa-suele-ser-un-desafio-para-migrantes","status":"publish","type":"post","link":"https:\/\/soymigrante.com\/revista\/cambio-de-clima-en-usa-suele-ser-un-desafio-para-migrantes\/","title":{"rendered":"Cambio de clima en USA suele ser un desaf\u00edo para migrantes"},"content":{"rendered":"\t\t<div data-elementor-type=\"wp-post\" data-elementor-id=\"9500\" class=\"elementor elementor-9500\" data-elementor-post-type=\"post\">\n\t\t\t\t<div data-particle_enable=\"false\" data-particle-mobile-disabled=\"false\" class=\"elementor-element elementor-element-2970e37 e-flex e-con-boxed e-con e-parent\" data-id=\"2970e37\" data-element_type=\"container\" data-e-type=\"container\">\n\t\t\t\t\t<div class=\"e-con-inner\">\n\t\t\t\t<div class=\"elementor-element elementor-element-8d5b410 elementor-widget elementor-widget-heading\" data-id=\"8d5b410\" data-element_type=\"widget\" data-e-type=\"widget\" data-widget_type=\"heading.default\">\n\t\t\t\t\t<h2 class=\"elementor-heading-title elementor-size-default\">Los migrantes guatemaltecos experimentan un repentino cambio de clima al llegar a Estados Unidos, porque en Guatemala parece primavera todo el a\u00f1o. \n\n<\/h2>\t\t\t\t<\/div>\n\t\t\t\t\t<\/div>\n\t\t\t\t<\/div>\n\t\t<div data-particle_enable=\"false\" data-particle-mobile-disabled=\"false\" class=\"elementor-element elementor-element-3f45933 e-flex e-con-boxed e-con e-parent\" data-id=\"3f45933\" data-element_type=\"container\" data-e-type=\"container\">\n\t\t\t\t\t<div class=\"e-con-inner\">\n\t\t\t\t<div class=\"elementor-element elementor-element-6b381bb elementor-widget elementor-widget-text-editor\" data-id=\"6b381bb\" data-element_type=\"widget\" data-e-type=\"widget\" data-widget_type=\"text-editor.default\">\n\t\t\t\t\t\t\t\t\t<p>Cada a\u00f1o, miles de guatemaltecos emigran hacia Estados Unidos en busca de mejores oportunidades econ\u00f3micas y una vida m\u00e1s segura. Sin embargo, uno de los <a href=\"https:\/\/soymigrante.com\/revista\/category\/mejor\/\" target=\"_blank\" rel=\"noopener\">desaf\u00edos menos discutidos que enfrentan los migrantes guatemaltecos al llegar a su nuevo destino es la adaptaci\u00f3n a los cambios clim\u00e1ticos extremos,<\/a> muy distintos a los que estaban acostumbrados en su pa\u00eds de origen.<\/p>\t\t\t\t\t\t\t\t<\/div>\n\t\t\t\t\t<\/div>\n\t\t\t\t<\/div>\n\t\t<div data-particle_enable=\"false\" data-particle-mobile-disabled=\"false\" class=\"elementor-element elementor-element-558efa0 e-flex e-con-boxed e-con e-parent\" data-id=\"558efa0\" data-element_type=\"container\" data-e-type=\"container\">\n\t\t\t\t\t<div class=\"e-con-inner\">\n\t\t\t\t<div class=\"elementor-element elementor-element-06f5d67 elementor-widget elementor-widget-heading\" data-id=\"06f5d67\" data-element_type=\"widget\" data-e-type=\"widget\" data-widget_type=\"heading.default\">\n\t\t\t\t\t<h3 class=\"elementor-heading-title elementor-size-default\">De un clima templado a extremos impredecibles<\/h3>\t\t\t\t<\/div>\n\t\t\t\t\t<\/div>\n\t\t\t\t<\/div>\n\t\t<div data-particle_enable=\"false\" data-particle-mobile-disabled=\"false\" class=\"elementor-element elementor-element-2e1e3cf e-flex e-con-boxed e-con e-parent\" data-id=\"2e1e3cf\" data-element_type=\"container\" data-e-type=\"container\">\n\t\t\t\t\t<div class=\"e-con-inner\">\n\t\t\t\t<div class=\"elementor-element elementor-element-c695d5d elementor-widget elementor-widget-text-editor\" data-id=\"c695d5d\" data-element_type=\"widget\" data-e-type=\"widget\" data-widget_type=\"text-editor.default\">\n\t\t\t\t\t\t\t\t\t<p>Guatemala, ubicada en Centroam\u00e9rica, tiene un clima predominantemente tropical con temperaturas moderadas durante todo el a\u00f1o. En la mayor\u00eda del pa\u00eds, especialmente en las \u00e1reas monta\u00f1osas y las tierras altas, las temperaturas var\u00edan poco, mientras que la estaci\u00f3n lluviosa y seca marcan los principales cambios clim\u00e1ticos. Sin embargo, al llegar a Estados Unidos, muchos guatemaltecos se encuentran enfrentando climas extremos, tanto fr\u00edos como c\u00e1lidos, que no hab\u00edan experimentado antes.<\/p><p>Migrantes que se establecen en estados del norte como <a href=\"https:\/\/soymigrante.com\/revista\/category\/mejor\/\" target=\"_blank\" rel=\"noopener\">Minnesota, Wisconsin o Nueva York,<\/a> enfrentan inviernos particularmente duros. Las temperaturas bajo cero, la nieve y las tormentas de hielo son completamente ajenas a las condiciones que la mayor\u00eda de los guatemaltecos experimentan en su tierra natal. Por otro lado, quienes migran a<a href=\"https:\/\/soymigrante.com\/revista\/category\/mejor\/\" target=\"_blank\" rel=\"noopener\"> estados del sur, como Texas o Arizona<\/a>, deben soportar olas de calor abrasador durante el verano, con temperaturas que superan regularmente los 40 grados Celsius.<\/p><p>Carlos L\u00f3pez, un migrante guatemalteco que vive en Chicago, describe el primer invierno que vivi\u00f3 en la ciudad como un \u201cchoque brutal\u201d. \u201cCuando llegu\u00e9 en diciembre, pens\u00e9 que no iba a aguantar. En Guatemala, incluso en los meses m\u00e1s fr\u00edos, nunca hab\u00edamos visto temperaturas tan extremas. No sab\u00eda c\u00f3mo vestirme, qu\u00e9 hacer para calentarme. Los primeros d\u00edas fueron muy dif\u00edciles\u201d, recuerda L\u00f3pez.<\/p>\t\t\t\t\t\t\t\t<\/div>\n\t\t\t\t\t<\/div>\n\t\t\t\t<\/div>\n\t\t<div data-particle_enable=\"false\" data-particle-mobile-disabled=\"false\" class=\"elementor-element elementor-element-eb456f8 e-flex e-con-boxed e-con e-parent\" data-id=\"eb456f8\" data-element_type=\"container\" data-e-type=\"container\">\n\t\t\t\t\t<div class=\"e-con-inner\">\n\t\t\t\t<div class=\"elementor-element elementor-element-cc765fd elementor-widget elementor-widget-image\" data-id=\"cc765fd\" data-element_type=\"widget\" data-e-type=\"widget\" data-widget_type=\"image.default\">\n\t\t\t\t\t\t\t\t\t\t\t\t\t\t\t<img fetchpriority=\"high\" decoding=\"async\" width=\"768\" height=\"515\" src=\"https:\/\/soymigrante.com\/revista\/wp-content\/uploads\/2024\/09\/Los-migrantes-ante-el-cambio-de-clima-en-Estados-Unidos2-1024x686.webp\" class=\"attachment-large size-large wp-image-9506\" alt=\"Sendero nevado en un paisaje invernal con \u00e1rboles cubiertos de nieve y un atardecer dorado, ideal para explorar la belleza del invierno en la naturaleza.\" srcset=\"https:\/\/soymigrante.com\/revista\/wp-content\/uploads\/2024\/09\/Los-migrantes-ante-el-cambio-de-clima-en-Estados-Unidos2-1024x686.webp 1024w, https:\/\/soymigrante.com\/revista\/wp-content\/uploads\/2024\/09\/Los-migrantes-ante-el-cambio-de-clima-en-Estados-Unidos2-300x201.webp 300w, https:\/\/soymigrante.com\/revista\/wp-content\/uploads\/2024\/09\/Los-migrantes-ante-el-cambio-de-clima-en-Estados-Unidos2-768x514.webp 768w, https:\/\/soymigrante.com\/revista\/wp-content\/uploads\/2024\/09\/Los-migrantes-ante-el-cambio-de-clima-en-Estados-Unidos2-750x502.webp 750w, https:\/\/soymigrante.com\/revista\/wp-content\/uploads\/2024\/09\/Los-migrantes-ante-el-cambio-de-clima-en-Estados-Unidos2-1140x763.webp 1140w, https:\/\/soymigrante.com\/revista\/wp-content\/uploads\/2024\/09\/Los-migrantes-ante-el-cambio-de-clima-en-Estados-Unidos2.webp 1280w\" sizes=\"(max-width: 768px) 100vw, 768px\" title=\"Los migrantes ante el cambio de clima en Estados Unidos2 \u2013 SoyMigrante.com REVISTA\" \/>\t\t\t\t\t\t\t\t\t\t\t\t\t\t\t<\/div>\n\t\t\t\t\t<\/div>\n\t\t\t\t<\/div>\n\t\t<div data-particle_enable=\"false\" data-particle-mobile-disabled=\"false\" class=\"elementor-element elementor-element-597b616 e-flex e-con-boxed e-con e-parent\" data-id=\"597b616\" data-element_type=\"container\" data-e-type=\"container\">\n\t\t\t\t\t<div class=\"e-con-inner\">\n\t\t\t\t<div class=\"elementor-element elementor-element-6daed7e elementor-widget elementor-widget-heading\" data-id=\"6daed7e\" data-element_type=\"widget\" data-e-type=\"widget\" data-widget_type=\"heading.default\">\n\t\t\t\t\t<h3 class=\"elementor-heading-title elementor-size-default\">Prepararse para el clima: un desaf\u00edo econ\u00f3mico y cultural<\/h3>\t\t\t\t<\/div>\n\t\t\t\t\t<\/div>\n\t\t\t\t<\/div>\n\t\t<div data-particle_enable=\"false\" data-particle-mobile-disabled=\"false\" class=\"elementor-element elementor-element-92fdea4 e-flex e-con-boxed e-con e-parent\" data-id=\"92fdea4\" data-element_type=\"container\" data-e-type=\"container\">\n\t\t\t\t\t<div class=\"e-con-inner\">\n\t\t\t\t<div class=\"elementor-element elementor-element-6de2b7c elementor-widget elementor-widget-heading\" data-id=\"6de2b7c\" data-element_type=\"widget\" data-e-type=\"widget\" data-widget_type=\"heading.default\">\n\t\t\t\t\t<h3 class=\"elementor-heading-title elementor-size-default\">Impacto en la salud y el bienestar<\/h3>\t\t\t\t<\/div>\n\t\t\t\t\t<\/div>\n\t\t\t\t<\/div>\n\t\t<div data-particle_enable=\"false\" data-particle-mobile-disabled=\"false\" class=\"elementor-element elementor-element-bf4e428 e-flex e-con-boxed e-con e-parent\" data-id=\"bf4e428\" data-element_type=\"container\" data-e-type=\"container\">\n\t\t\t\t\t<div class=\"e-con-inner\">\n\t\t\t\t<div class=\"elementor-element elementor-element-fc49405 elementor-widget elementor-widget-text-editor\" data-id=\"fc49405\" data-element_type=\"widget\" data-e-type=\"widget\" data-widget_type=\"text-editor.default\">\n\t\t\t\t\t\t\t\t\t<p>Los cambios bruscos de temperatura tambi\u00e9n <a href=\"https:\/\/soymigrante.com\/revista\/category\/mejor\/\" target=\"_blank\" rel=\"noopener\">tienen un impacto directo en la salud de los migrantes.<\/a> Seg\u00fan datos del Centro de Salud para Migrantes en Texas, los migrantes guatemaltecos y otros grupos latinos enfrentan mayores riesgos de enfermedades relacionadas con el fr\u00edo, como hipotermia y congelaci\u00f3n, debido a la falta de experiencia en ambientes fr\u00edos extremos y a las malas condiciones de vivienda en las que suelen vivir.<\/p><p>Adem\u00e1s de los desaf\u00edos f\u00edsicos, el cambio de clima tambi\u00e9n puede tener un impacto psicol\u00f3gico. Los migrantes a menudo reportan sentirse aislados y abrumados por el entorno desconocido, lo que puede contribuir a problemas de salud mental como la ansiedad y la depresi\u00f3n.<\/p>\t\t\t\t\t\t\t\t<\/div>\n\t\t\t\t\t<\/div>\n\t\t\t\t<\/div>\n\t\t<div data-particle_enable=\"false\" data-particle-mobile-disabled=\"false\" class=\"elementor-element elementor-element-f5baa70 e-flex e-con-boxed e-con e-parent\" data-id=\"f5baa70\" data-element_type=\"container\" data-e-type=\"container\">\n\t\t\t\t\t<div class=\"e-con-inner\">\n\t\t\t\t<div class=\"elementor-element elementor-element-ce7dcad elementor-widget elementor-widget-image\" data-id=\"ce7dcad\" data-element_type=\"widget\" data-e-type=\"widget\" data-widget_type=\"image.default\">\n\t\t\t\t\t\t\t\t\t\t\t\t\t\t\t<img decoding=\"async\" width=\"768\" height=\"576\" src=\"https:\/\/soymigrante.com\/revista\/wp-content\/uploads\/2024\/09\/Los-migrantes-ante-el-cambio-de-clima-en-Estados-Unidos3-1024x768.jpg\" class=\"attachment-large size-large wp-image-9507\" alt=\"Term\u00f3metro de exterior sobre madera, medici\u00f3n de temperatura ambiente, clima, tiempo, estaci\u00f3n, verano, oto\u00f1o, invierno, primavera, ecosistema, naturaleza, informaci\u00f3n meteorol\u00f3gica.\" srcset=\"https:\/\/soymigrante.com\/revista\/wp-content\/uploads\/2024\/09\/Los-migrantes-ante-el-cambio-de-clima-en-Estados-Unidos3-1024x768.jpg 1024w, https:\/\/soymigrante.com\/revista\/wp-content\/uploads\/2024\/09\/Los-migrantes-ante-el-cambio-de-clima-en-Estados-Unidos3-300x225.webp 300w, https:\/\/soymigrante.com\/revista\/wp-content\/uploads\/2024\/09\/Los-migrantes-ante-el-cambio-de-clima-en-Estados-Unidos3-768x576.jpg 768w, https:\/\/soymigrante.com\/revista\/wp-content\/uploads\/2024\/09\/Los-migrantes-ante-el-cambio-de-clima-en-Estados-Unidos3-750x563.webp 750w, https:\/\/soymigrante.com\/revista\/wp-content\/uploads\/2024\/09\/Los-migrantes-ante-el-cambio-de-clima-en-Estados-Unidos3-1140x855.jpg 1140w, https:\/\/soymigrante.com\/revista\/wp-content\/uploads\/2024\/09\/Los-migrantes-ante-el-cambio-de-clima-en-Estados-Unidos3.webp 1280w\" sizes=\"(max-width: 768px) 100vw, 768px\" title=\"Los migrantes ante el cambio de clima en Estados Unidos3 \u2013 SoyMigrante.com REVISTA\" \/>\t\t\t\t\t\t\t\t\t\t\t\t\t\t\t<\/div>\n\t\t\t\t\t<\/div>\n\t\t\t\t<\/div>\n\t\t<div data-particle_enable=\"false\" data-particle-mobile-disabled=\"false\" class=\"elementor-element elementor-element-ea1dfa5 e-flex e-con-boxed e-con e-parent\" data-id=\"ea1dfa5\" data-element_type=\"container\" data-e-type=\"container\">\n\t\t\t\t\t<div class=\"e-con-inner\">\n\t\t\t\t<div class=\"elementor-element elementor-element-528beb9 elementor-widget elementor-widget-heading\" data-id=\"528beb9\" data-element_type=\"widget\" data-e-type=\"widget\" data-widget_type=\"heading.default\">\n\t\t\t\t\t<h2 class=\"elementor-heading-title elementor-size-default\">Adaptaci\u00f3n y resiliencia<\/h2>\t\t\t\t<\/div>\n\t\t\t\t\t<\/div>\n\t\t\t\t<\/div>\n\t\t<div data-particle_enable=\"false\" data-particle-mobile-disabled=\"false\" class=\"elementor-element elementor-element-35a2ff1 e-flex e-con-boxed e-con e-parent\" data-id=\"35a2ff1\" data-element_type=\"container\" data-e-type=\"container\">\n\t\t\t\t\t<div class=\"e-con-inner\">\n\t\t\t\t<div class=\"elementor-element elementor-element-49ee1c5 elementor-widget elementor-widget-text-editor\" data-id=\"49ee1c5\" data-element_type=\"widget\" data-e-type=\"widget\" data-widget_type=\"text-editor.default\">\n\t\t\t\t\t\t\t\t\t<p>A pesar de los desaf\u00edos, muchos guatemaltecos han aprendido a adaptarse a las nuevas condiciones clim\u00e1ticas en Estados Unidos. <a href=\"https:\/\/soymigrante.com\/revista\/category\/mejor\/\" target=\"_blank\" rel=\"noopener\">Redes de apoyo comunitario, como iglesias y organizaciones de migrantes, desempe\u00f1an un papel crucial<\/a> al ofrecer orientaci\u00f3n sobre c\u00f3mo lidiar con el clima y proporcionando ropa y suministros a las familias reci\u00e9n llegadas.<\/p><p>Adem\u00e1s, las experiencias compartidas por los migrantes que ya llevan tiempo en Estados Unidos son esenciales para facilitar la adaptaci\u00f3n de aquellos que acaban de llegar.<\/p>\t\t\t\t\t\t\t\t<\/div>\n\t\t\t\t\t<\/div>\n\t\t\t\t<\/div>\n\t\t<div data-particle_enable=\"false\" data-particle-mobile-disabled=\"false\" class=\"elementor-element elementor-element-e59d213 e-flex e-con-boxed e-con e-parent\" data-id=\"e59d213\" data-element_type=\"container\" data-e-type=\"container\">\n\t\t\t\t\t<div class=\"e-con-inner\">\n\t\t\t\t<div class=\"elementor-element elementor-element-a042aac elementor-widget elementor-widget-video\" data-id=\"a042aac\" data-element_type=\"widget\" data-e-type=\"widget\" data-settings=\"{&quot;youtube_url&quot;:&quot;https:\\\/\\\/www.youtube.com\\\/watch?v=l-54NiMKQhc&quot;,&quot;video_type&quot;:&quot;youtube&quot;,&quot;controls&quot;:&quot;yes&quot;}\" data-widget_type=\"video.default\">\n\t\t\t\t\t\t\t<div class=\"elementor-wrapper elementor-open-inline\">\n\t\t\t<div class=\"elementor-video\"><\/div>\t\t<\/div>\n\t\t\t\t\t\t<\/div>\n\t\t\t\t\t<\/div>\n\t\t\t\t<\/div>\n\t\t<div data-particle_enable=\"false\" data-particle-mobile-disabled=\"false\" class=\"elementor-element elementor-element-1f38383 e-flex e-con-boxed e-con e-parent\" data-id=\"1f38383\" data-element_type=\"container\" data-e-type=\"container\">\n\t\t\t\t\t<div class=\"e-con-inner\">\n\t\t\t\t<div class=\"elementor-element elementor-element-0b8a3e9 elementor-widget elementor-widget-heading\" data-id=\"0b8a3e9\" data-element_type=\"widget\" data-e-type=\"widget\" data-widget_type=\"heading.default\">\n\t\t\t\t\t<h2 class=\"elementor-heading-title elementor-size-default\">Te puede interesar<\/h2>\t\t\t\t<\/div>\n\t\t\t\t\t<\/div>\n\t\t\t\t<\/div>\n\t\t<div data-particle_enable=\"false\" data-particle-mobile-disabled=\"false\" class=\"elementor-element elementor-element-9ff0b91 e-flex e-con-boxed e-con e-parent\" data-id=\"9ff0b91\" data-element_type=\"container\" data-e-type=\"container\">\n\t\t\t\t\t<div class=\"e-con-inner\">\n\t\t\t\t<div class=\"elementor-element elementor-element-4f13b3b elementor-widget elementor-widget-blfe-post-grid\" data-id=\"4f13b3b\" data-element_type=\"widget\" data-e-type=\"widget\" data-settings=\"{&quot;columns&quot;:&quot;3&quot;,&quot;columns_tablet&quot;:&quot;6&quot;,&quot;columns_mobile&quot;:&quot;12&quot;,&quot;hero1_layout_column_gap&quot;:{&quot;unit&quot;:&quot;px&quot;,&quot;size&quot;:30,&quot;sizes&quot;:[]},&quot;hero1_layout_column_gap_tablet&quot;:{&quot;unit&quot;:&quot;px&quot;,&quot;size&quot;:&quot;&quot;,&quot;sizes&quot;:[]},&quot;hero1_layout_column_gap_mobile&quot;:{&quot;unit&quot;:&quot;px&quot;,&quot;size&quot;:&quot;&quot;,&quot;sizes&quot;:[]},&quot;hero1_layout_row_gap&quot;:{&quot;unit&quot;:&quot;px&quot;,&quot;size&quot;:30,&quot;sizes&quot;:[]},&quot;hero1_layout_row_gap_tablet&quot;:{&quot;unit&quot;:&quot;px&quot;,&quot;size&quot;:&quot;&quot;,&quot;sizes&quot;:[]},&quot;hero1_layout_row_gap_mobile&quot;:{&quot;unit&quot;:&quot;px&quot;,&quot;size&quot;:&quot;&quot;,&quot;sizes&quot;:[]}}\" data-widget_type=\"blfe-post-grid.hero1\">\n\t\t\t\t<div class=\"elementor-widget-container\">\n\t\t\t\t\t\n                        <div class=\"blfe-post-grid-container \">\n            \n                <div data-skin=\"hero1\" class=\"blfe-row blfe-posts-inner blfe-hero1 blfe-posts-inner blfe-col-3 blfe-col-tab-6 blfe-col-mob-12     \">\n                            <div class=\"blfe-post-grid-item\">\n            <div class=\"blfe-post-grid-item-inner blfe-modern-zoom\">\n                        <div class=\"blfe-post-grid-bg-image\">\n            <a class=\"blfe-post-grid-image-inner\" href=\"https:\/\/soymigrante.com\/revista\/que-dice-tu-cabello-de-ti-estilos-que-revelan-la-personalidad\/\" title=\"\u00bfQu\u00e9 dice tu cabello de ti? Estilos que revelan la personalidad\" rel=\"nofollow\" target=\"_blank\"><img decoding=\"async\" src=\"https:\/\/soymigrante.com\/revista\/wp-content\/uploads\/2025\/08\/cabello.webp\" alt=\"\u00bfQu\u00e9 dice tu cabello de ti? Estilos que revelan la personalidad\"\/><\/a>        <\/div>\n                        <div class=\"blfe-post-grid-details\">\n                    <div class=\"blfe-post-grid-details-inner\">\n                        <span class=\"blfe-post-category\"><a href=\"https:\/\/soymigrante.com\/revista\/category\/bienestar\/\">Bienestar<\/a><\/span>                        <h3 class=\"blfe-post-grid-title\">\n            <a href=\"https:\/\/soymigrante.com\/revista\/que-dice-tu-cabello-de-ti-estilos-que-revelan-la-personalidad\/\" title=\"\u00bfQu\u00e9 dice tu cabello de ti? Estilos que revelan la personalidad\" rel=\"nofollow\" target=\"_blank\">\u00bfQu\u00e9 dice tu cabello de ti? Estilos que revelan la personalidad<\/a>\n            <\/h3>                                                            <div class=\"blfe-post-grid-meta\">\n                <span class=\"blfe-post-grid-time\"><i class=\"fas fa-book-reader\"><\/i>3 Min read<\/span>            <\/div>\n                                                        <\/div>\n                <\/div>\n\n            <\/div>\n        <\/div>\n                <div class=\"blfe-post-grid-item\">\n            <div class=\"blfe-post-grid-item-inner blfe-modern-zoom\">\n                        <div class=\"blfe-post-grid-bg-image\">\n            <a class=\"blfe-post-grid-image-inner\" href=\"https:\/\/soymigrante.com\/revista\/consejos-para-hacer-crecer-las-ventas-de-tu-emprendimiento\/\" title=\"Consejos para hacer crecer las ventas de tu emprendimiento\" rel=\"nofollow\" target=\"_blank\"><img decoding=\"async\" src=\"https:\/\/soymigrante.com\/revista\/wp-content\/uploads\/2024\/11\/emprendedor2-scaled-e1736226196760.webp\" alt=\"Consejos para hacer crecer las ventas de tu emprendimiento\"\/><\/a>        <\/div>\n                        <div class=\"blfe-post-grid-details\">\n                    <div class=\"blfe-post-grid-details-inner\">\n                        <span class=\"blfe-post-category\"><a href=\"https:\/\/soymigrante.com\/revista\/category\/bienestar\/\">Bienestar<\/a><\/span>                        <h3 class=\"blfe-post-grid-title\">\n            <a href=\"https:\/\/soymigrante.com\/revista\/consejos-para-hacer-crecer-las-ventas-de-tu-emprendimiento\/\" title=\"Consejos para hacer crecer las ventas de tu emprendimiento\" rel=\"nofollow\" target=\"_blank\">Consejos para hacer crecer las ventas de tu emprendimiento<\/a>\n            <\/h3>                                                            <div class=\"blfe-post-grid-meta\">\n                <span class=\"blfe-post-grid-time\"><i class=\"fas fa-book-reader\"><\/i>4 Min read<\/span>            <\/div>\n                                                        <\/div>\n                <\/div>\n\n            <\/div>\n        <\/div>\n                <div class=\"blfe-post-grid-item\">\n            <div class=\"blfe-post-grid-item-inner blfe-modern-zoom\">\n                        <div class=\"blfe-post-grid-bg-image\">\n            <a class=\"blfe-post-grid-image-inner\" href=\"https:\/\/soymigrante.com\/revista\/tomar-gaseosas-en-exceso-acarrea-riesgos-para-la-salud\/\" title=\"Tomar gaseosas en exceso acarrea riesgos para la salud\" rel=\"nofollow\" target=\"_blank\"><img decoding=\"async\" src=\"https:\/\/soymigrante.com\/revista\/wp-content\/uploads\/2024\/09\/Tomar-gaseosas-y-sus-riesgos-para-la-salud-2-e1726268876965.webp\" alt=\"Tomar gaseosas en exceso acarrea riesgos para la salud\"\/><\/a>        <\/div>\n                        <div class=\"blfe-post-grid-details\">\n                    <div class=\"blfe-post-grid-details-inner\">\n                        <span class=\"blfe-post-category\"><a href=\"https:\/\/soymigrante.com\/revista\/category\/bienestar\/\">Bienestar<\/a><\/span>                        <h3 class=\"blfe-post-grid-title\">\n            <a href=\"https:\/\/soymigrante.com\/revista\/tomar-gaseosas-en-exceso-acarrea-riesgos-para-la-salud\/\" title=\"Tomar gaseosas en exceso acarrea riesgos para la salud\" rel=\"nofollow\" target=\"_blank\">Tomar gaseosas en exceso acarrea riesgos para la salud<\/a>\n            <\/h3>                                                            <div class=\"blfe-post-grid-meta\">\n                <span class=\"blfe-post-grid-time\"><i class=\"fas fa-book-reader\"><\/i>6 Min read<\/span>            <\/div>\n                                                        <\/div>\n                <\/div>\n\n            <\/div>\n        <\/div>\n                        <\/div>\n\n                        <\/div>\n            \n                        <div class=\"blfe-post-footer\">\n                        <\/div>\n            \t\t\t\t<\/div>\n\t\t\t\t<\/div>\n\t\t\t\t\t<\/div>\n\t\t\t\t<\/div>\n\t\t\t\t<\/div>\n\t\t","protected":false},"excerpt":{"rendered":"<p>Los migrantes guatemaltecos experimentan un repentino cambio de clima al llegar a Estados Unidos, porque en Guatemala parece primavera todo el a\u00f1o. Cada a\u00f1o, miles de guatemaltecos emigran hacia Estados Unidos en busca de mejores oportunidades econ\u00f3micas y una vida m\u00e1s segura. Sin embargo, uno de los desaf\u00edos menos discutidos que enfrentan los migrantes guatemaltecos [&hellip;]<\/p>\n","protected":false},"author":19,"featured_media":9502,"comment_status":"open","ping_status":"open","sticky":false,"template":"","format":"standard","meta":{"_acf_changed":false,"_eb_attr":"","footnotes":""},"categories":[55],"tags":[],"class_list":["post-9500","post","type-post","status-publish","format-standard","has-post-thumbnail","hentry","category-bienestar"],"acf":[],"aioseo_notices":[],"aioseo_head":"\n\t\t<!-- All in One SEO Pro 4.9.6.2 - aioseo.com -->\n\t<meta name=\"description\" content=\"El consumo de gaseosas puede ser perjudicial para su salud, vida y familia, evite su consumo.\" \/>\n\t<meta name=\"robots\" content=\"max-snippet:-1, max-image-preview:large, max-video-preview:-1\" \/>\n\t<meta name=\"author\" content=\"SoyMigrante.com REVISTA\"\/>\n\t<link rel=\"canonical\" href=\"https:\/\/soymigrante.com\/revista\/tomar-gaseosas-en-exceso-acarrea-riesgos-para-la-salud\/\" \/>\n\t<meta name=\"generator\" content=\"All in One SEO Pro (AIOSEO) 4.9.6.2\" \/>\n\n\t\t<link rel=\"preconnect\" href=\"https:\/\/fonts.googleapis.com\" crossorigin>\n<link rel=\"preconnect\" href=\"https:\/\/fonts.gstatic.com\" crossorigin>\n\t\t<meta property=\"og:locale\" content=\"es_ES\" \/>\n\t\t<meta property=\"og:site_name\" content=\"SoyMigrante.com REVISTA \u2013 Nuestra misi\u00f3n es reconocer y dignificar al migrante.\" \/>\n\t\t<meta property=\"og:type\" content=\"article\" \/>\n\t\t<meta property=\"og:title\" content=\"Tomar gaseosas en exceso acarrea riesgos para la salud\" \/>\n\t\t<meta property=\"og:description\" content=\"El consumo de gaseosas puede ser perjudicial para su salud, vida y familia, evite su consumo.\" \/>\n\t\t<meta property=\"og:url\" content=\"https:\/\/soymigrante.com\/revista\/tomar-gaseosas-en-exceso-acarrea-riesgos-para-la-salud\/\" \/>\n\t\t<meta property=\"og:image\" content=\"https:\/\/soymigrante.com\/revista\/wp-content\/uploads\/2024\/09\/Tomar-gaseosas-y-sus-riesgos-para-la-salud-2-e1726268876965.webp\" \/>\n\t\t<meta property=\"og:image:secure_url\" content=\"https:\/\/soymigrante.com\/revista\/wp-content\/uploads\/2024\/09\/Tomar-gaseosas-y-sus-riesgos-para-la-salud-2-e1726268876965.webp\" \/>\n\t\t<meta property=\"og:image:width\" content=\"1280\" \/>\n\t\t<meta property=\"og:image:height\" content=\"853\" \/>\n\t\t<meta property=\"article:published_time\" content=\"2025-10-15T20:37:12+00:00\" \/>\n\t\t<meta property=\"article:modified_time\" content=\"2025-10-15T20:38:40+00:00\" \/>\n\t\t<meta property=\"article:publisher\" content=\"https:\/\/www.facebook.com\/soymigrantecom\" \/>\n\t\t<meta name=\"twitter:card\" content=\"summary_large_image\" \/>\n\t\t<meta name=\"twitter:site\" content=\"@SoyMigrante_com\" \/>\n\t\t<meta name=\"twitter:title\" content=\"Tomar gaseosas en exceso acarrea riesgos para la salud\" \/>\n\t\t<meta name=\"twitter:description\" content=\"El consumo de gaseosas puede ser perjudicial para su salud, vida y familia, evite su consumo.\" \/>\n\t\t<meta name=\"twitter:creator\" content=\"@SoyMigrante_com\" \/>\n\t\t<meta name=\"twitter:image\" content=\"https:\/\/soymigrante.com\/revista\/wp-content\/uploads\/2024\/09\/Tomar-gaseosas-y-sus-riesgos-para-la-salud-2-e1726268876965.webp\" \/>\n\t\t<!-- All in One SEO Pro -->\r\n\t\t<title>Tomar gaseosas en exceso acarrea riesgos para la salud<\/title>\n\n","aioseo_head_json":{"title":"Tomar gaseosas en exceso acarrea riesgos para la salud","description":"El consumo de gaseosas puede ser perjudicial para su salud, vida y familia, evite su consumo.","canonical_url":"https:\/\/soymigrante.com\/revista\/tomar-gaseosas-en-exceso-acarrea-riesgos-para-la-salud\/","robots":"max-snippet:-1, max-image-preview:large, max-video-preview:-1","keywords":"","webmasterTools":{"miscellaneous":"&lt;link rel=\"preconnect\" href=\"https:\/\/fonts.googleapis.com\" crossorigin&gt;\n&lt;link rel=\"preconnect\" href=\"https:\/\/fonts.gstatic.com\" crossorigin&gt;"},"schema":null,"og:locale":"es_ES","og:site_name":"SoyMigrante.com REVISTA \u2013 Nuestra misi\u00f3n es reconocer y dignificar al migrante.","og:type":"article","og:title":"Tomar gaseosas en exceso acarrea riesgos para la salud","og:description":"El consumo de gaseosas puede ser perjudicial para su salud, vida y familia, evite su consumo.","og:url":"https:\/\/soymigrante.com\/revista\/tomar-gaseosas-en-exceso-acarrea-riesgos-para-la-salud\/","og:image":"https:\/\/soymigrante.com\/revista\/wp-content\/uploads\/2024\/09\/Tomar-gaseosas-y-sus-riesgos-para-la-salud-2-e1726268876965.webp","og:image:secure_url":"https:\/\/soymigrante.com\/revista\/wp-content\/uploads\/2024\/09\/Tomar-gaseosas-y-sus-riesgos-para-la-salud-2-e1726268876965.webp","og:image:width":1280,"og:image:height":853,"article:published_time":"2025-10-15T20:37:12+00:00","article:modified_time":"2025-10-15T20:38:40+00:00","article:publisher":"https:\/\/www.facebook.com\/soymigrantecom","twitter:card":"summary_large_image","twitter:site":"@SoyMigrante_com","twitter:title":"Tomar gaseosas en exceso acarrea riesgos para la salud","twitter:description":"El consumo de gaseosas puede ser perjudicial para su salud, vida y familia, evite su consumo.","twitter:creator":"@SoyMigrante_com","twitter:image":"https:\/\/soymigrante.com\/revista\/wp-content\/uploads\/2024\/09\/Tomar-gaseosas-y-sus-riesgos-para-la-salud-2-e1726268876965.webp"},"aioseo_meta_data":{"post_id":"9500","title":"Cambio de clima en USA suele ser un reto para los migrantes","description":"En Guatemala el clima no llega a tener las variantes de extremo a extremo que s\u00ed se dan en el Norte. Por ello cabe considerar algunas claves.","keywords":null,"keyphrases":{"focus":{"keyphrase":"migrantes","score":82,"analysis":{"keyphraseInTitle":{"score":9,"maxScore":9,"error":0},"keyphraseInDescription":{"score":3,"maxScore":9,"error":1},"keyphraseLength":{"score":9,"maxScore":9,"error":0,"length":1},"keyphraseInURL":{"score":5,"maxScore":5,"error":0},"keyphraseInIntroduction":{"score":9,"maxScore":9,"error":0},"keyphraseInSubHeadings":{"score":3,"maxScore":9,"error":1},"keyphraseInImageAlt":{"score":9,"maxScore":9,"error":0},"keywordDensity":{"type":"best","score":9,"maxScore":9,"error":0}}},"additional":[{"keyphrase":"cambio de clima","score":53,"analysis":{"keyphraseInDescription":{"score":3,"maxScore":9,"error":1},"keyphraseLength":{"score":9,"maxScore":9,"error":0,"length":3},"keyphraseInIntroduction":{"score":3,"maxScore":9,"error":1},"keyphraseInImageAlt":{"score":9,"maxScore":9,"error":0},"keywordDensity":{"score":0,"type":"low","maxScore":9,"error":1}}},{"keyphrase":"migrantes","score":87,"analysis":{"keyphraseInDescription":{"score":3,"maxScore":9,"error":1},"keyphraseLength":{"score":9,"maxScore":9,"error":0,"length":1},"keyphraseInIntroduction":{"score":9,"maxScore":9,"error":0},"keyphraseInImageAlt":{"score":9,"maxScore":9,"error":0},"keywordDensity":{"type":"best","score":9,"maxScore":9,"error":0}}},{"keyphrase":"Temperatura","score":60,"analysis":{"keyphraseInDescription":{"score":3,"maxScore":9,"error":1},"keyphraseLength":{"score":9,"maxScore":9,"error":0,"length":1},"keyphraseInIntroduction":{"score":3,"maxScore":9,"error":1},"keyphraseInImageAlt":{"score":3,"maxScore":9,"error":1},"keywordDensity":{"type":"best","score":9,"maxScore":9,"error":0}}}]},"primary_term":null,"canonical_url":null,"og_title":null,"og_description":null,"og_object_type":"default","og_image_type":"default","og_image_url":null,"og_image_width":null,"og_image_height":null,"og_image_custom_url":null,"og_image_custom_fields":null,"og_video":"","og_custom_url":null,"og_article_section":null,"og_article_tags":null,"twitter_use_og":false,"twitter_card":"default","twitter_image_type":"default","twitter_image_url":null,"twitter_image_custom_url":null,"twitter_image_custom_fields":null,"twitter_title":null,"twitter_description":null,"schema":{"blockGraphs":[],"customGraphs":[],"default":{"data":{"Article":[],"Course":[],"Dataset":[],"FAQPage":[],"Movie":[],"Person":[],"Product":[],"ProductReview":[],"Car":[],"Recipe":[],"Service":[],"SoftwareApplication":[],"WebPage":[]},"graphName":"Article","isEnabled":true},"graphs":[]},"schema_type":"default","schema_type_options":null,"pillar_content":false,"robots_default":true,"robots_noindex":false,"robots_noarchive":false,"robots_nosnippet":false,"robots_nofollow":false,"robots_noimageindex":false,"robots_noodp":false,"robots_notranslate":false,"robots_max_snippet":"-1","robots_max_videopreview":"-1","robots_max_imagepreview":"large","priority":null,"frequency":"default","local_seo":null,"seo_analyzer_scan_date":"2025-10-09 00:12:17","breadcrumb_settings":null,"limit_modified_date":false,"reviewed_by":null,"open_ai":"{\"title\":{\"suggestions\":[],\"usage\":0},\"description\":{\"suggestions\":[],\"usage\":0}}","ai":null,"created":"2024-09-19 20:39:00","updated":"2026-02-04 16:30:05"},"aioseo_breadcrumb":"<div class=\"aioseo-breadcrumbs\"><span class=\"aioseo-breadcrumb\">\n\t<a href=\"https:\/\/soymigrante.com\/revista\" title=\"Home\">Home<\/a>\n<\/span><span class=\"aioseo-breadcrumb-separator\">\u00bb<\/span><span class=\"aioseo-breadcrumb\">\n\t<a href=\"https:\/\/soymigrante.com\/revista\/category\/bienestar\/\" title=\"Bienestar\">Bienestar<\/a>\n<\/span><span class=\"aioseo-breadcrumb-separator\">\u00bb<\/span><span class=\"aioseo-breadcrumb\">\n\tCambio de clima en USA suele ser un desaf\u00edo para migrantes\n<\/span><\/div>","aioseo_breadcrumb_json":[{"label":"Home","link":"https:\/\/soymigrante.com\/revista"},{"label":"Bienestar","link":"https:\/\/soymigrante.com\/revista\/category\/bienestar\/"},{"label":"Cambio de clima en USA suele ser un desaf\u00edo para migrantes","link":"https:\/\/soymigrante.com\/revista\/cambio-de-clima-en-usa-suele-ser-un-desafio-para-migrantes\/"}],"_links":{"self":[{"href":"https:\/\/soymigrante.com\/revista\/wp-json\/wp\/v2\/posts\/9500","targetHints":{"allow":["GET"]}}],"collection":[{"href":"https:\/\/soymigrante.com\/revista\/wp-json\/wp\/v2\/posts"}],"about":[{"href":"https:\/\/soymigrante.com\/revista\/wp-json\/wp\/v2\/types\/post"}],"author":[{"embeddable":true,"href":"https:\/\/soymigrante.com\/revista\/wp-json\/wp\/v2\/users\/19"}],"replies":[{"embeddable":true,"href":"https:\/\/soymigrante.com\/revista\/wp-json\/wp\/v2\/comments?post=9500"}],"version-history":[{"count":0,"href":"https:\/\/soymigrante.com\/revista\/wp-json\/wp\/v2\/posts\/9500\/revisions"}],"wp:featuredmedia":[{"embeddable":true,"href":"https:\/\/soymigrante.com\/revista\/wp-json\/wp\/v2\/media\/9502"}],"wp:attachment":[{"href":"https:\/\/soymigrante.com\/revista\/wp-json\/wp\/v2\/media?parent=9500"}],"wp:term":[{"taxonomy":"category","embeddable":true,"href":"https:\/\/soymigrante.com\/revista\/wp-json\/wp\/v2\/categories?post=9500"},{"taxonomy":"post_tag","embeddable":true,"href":"https:\/\/soymigrante.com\/revista\/wp-json\/wp\/v2\/tags?post=9500"}],"curies":[{"name":"wp","href":"https:\/\/api.w.org\/{rel}","templated":true}]}}