{"id":9493,"date":"2024-09-23T08:00:00","date_gmt":"2024-09-23T14:00:00","guid":{"rendered":"https:\/\/soymigrante.com\/revista\/?p=9493"},"modified":"2024-09-22T20:35:39","modified_gmt":"2024-09-23T02:35:39","slug":"cuanto-mantienes-enfocada-tu-atencion-en-el-trabajo","status":"publish","type":"post","link":"https:\/\/soymigrante.com\/revista\/cuanto-mantienes-enfocada-tu-atencion-en-el-trabajo\/","title":{"rendered":"\u00bfCu\u00e1nto mantienes enfocada tu atenci\u00f3n en el trabajo?"},"content":{"rendered":"\t\t<div data-elementor-type=\"wp-post\" data-elementor-id=\"9493\" class=\"elementor elementor-9493\" data-elementor-post-type=\"post\">\n\t\t\t\t<div data-particle_enable=\"false\" data-particle-mobile-disabled=\"false\" class=\"elementor-element elementor-element-3cd0c34 e-flex e-con-boxed e-con e-parent\" data-id=\"3cd0c34\" data-element_type=\"container\" data-e-type=\"container\">\n\t\t\t\t\t<div class=\"e-con-inner\">\n\t\t\t\t<div class=\"elementor-element elementor-element-4f08d60 elementor-widget elementor-widget-heading\" data-id=\"4f08d60\" data-element_type=\"widget\" data-e-type=\"widget\" data-widget_type=\"heading.default\">\n\t\t\t\t\t<h2 class=\"elementor-heading-title elementor-size-default\">Con estas claves para mantener la atenci\u00f3n en el trabajo podr\u00e1 rendir m\u00e1s, ser m\u00e1s eficiente y mejorar sus tiempos. <\/h2>\t\t\t\t<\/div>\n\t\t\t\t\t<\/div>\n\t\t\t\t<\/div>\n\t\t<div data-particle_enable=\"false\" data-particle-mobile-disabled=\"false\" class=\"elementor-element elementor-element-64121a2 e-flex e-con-boxed e-con e-parent\" data-id=\"64121a2\" data-element_type=\"container\" data-e-type=\"container\">\n\t\t\t\t\t<div class=\"e-con-inner\">\n\t\t\t\t<div class=\"elementor-element elementor-element-80f08b5 elementor-widget elementor-widget-text-editor\" data-id=\"80f08b5\" data-element_type=\"widget\" data-e-type=\"widget\" data-widget_type=\"text-editor.default\">\n\t\t\t\t\t\t\t\t\t<p>En la era digital, con la constante llegada de notificaciones, redes sociales y m\u00faltiples responsabilidades, <a href=\"https:\/\/soymigrante.com\/revista\/category\/mejor\/\" target=\"_blank\" rel=\"noopener\">resulta m\u00e1s complicado que nunca mantener el enfoque en una tarea sin que nuestra mente divague<\/a>. Sin embargo, concentrarse en una actividad espec\u00edfica no solo es esencial para aumentar la productividad, sino tambi\u00e9n para mejorar la calidad del trabajo realizado. \u00bfC\u00f3mo podemos evitar distracciones y lograr una concentraci\u00f3n sostenida? Aqu\u00ed te ofrecemos algunas claves basadas en investigaciones recientes y recomendaciones de expertos en productividad.<\/p>\t\t\t\t\t\t\t\t<\/div>\n\t\t\t\t\t<\/div>\n\t\t\t\t<\/div>\n\t\t<div data-particle_enable=\"false\" data-particle-mobile-disabled=\"false\" class=\"elementor-element elementor-element-dccb5c7 e-flex e-con-boxed e-con e-parent\" data-id=\"dccb5c7\" data-element_type=\"container\" data-e-type=\"container\">\n\t\t\t\t\t<div class=\"e-con-inner\">\n\t\t\t\t<div class=\"elementor-element elementor-element-6eccfc6 elementor-widget elementor-widget-heading\" data-id=\"6eccfc6\" data-element_type=\"widget\" data-e-type=\"widget\" data-widget_type=\"heading.default\">\n\t\t\t\t\t<h3 class=\"elementor-heading-title elementor-size-default\">1. Crea un ambiente libre de distracciones<\/h3>\t\t\t\t<\/div>\n\t\t\t\t\t<\/div>\n\t\t\t\t<\/div>\n\t\t<div data-particle_enable=\"false\" data-particle-mobile-disabled=\"false\" class=\"elementor-element elementor-element-54051fc e-flex e-con-boxed e-con e-parent\" data-id=\"54051fc\" data-element_type=\"container\" data-e-type=\"container\">\n\t\t\t\t\t<div class=\"e-con-inner\">\n\t\t\t\t<div class=\"elementor-element elementor-element-7c16888 elementor-widget elementor-widget-text-editor\" data-id=\"7c16888\" data-element_type=\"widget\" data-e-type=\"widget\" data-widget_type=\"text-editor.default\">\n\t\t\t\t\t\t\t\t\t<p>El primer paso para mantener el enfoque es reducir las fuentes externas de distracci\u00f3n. Seg\u00fan un estudio de la Universidad de California, una persona tarda en promedio 23 minutos en retomar el foco despu\u00e9s de una interrupci\u00f3n. <a href=\"https:\/\/soymigrante.com\/revista\/category\/mejor\/\" target=\"_blank\" rel=\"noopener\">Esto incluye tanto las interrupciones externas como las internas,<\/a> como las notificaciones del tel\u00e9fono o el ruido ambiental. Por lo tanto, es recomendable:<\/p><p>&#8211; Silenciar el tel\u00e9fono o, incluso mejor, colocarlo en otro lugar durante las horas de trabajo.<br \/>&#8211; Utilizar aplicaciones que bloqueen las p\u00e1ginas web que no sean necesarias para tu tarea, como redes sociales.<br \/>&#8211; Buscar un espacio de trabajo tranquilo, alejado de ruidos y distracciones visuales.<\/p>\t\t\t\t\t\t\t\t<\/div>\n\t\t\t\t\t<\/div>\n\t\t\t\t<\/div>\n\t\t<div data-particle_enable=\"false\" data-particle-mobile-disabled=\"false\" class=\"elementor-element elementor-element-8f2b145 e-flex e-con-boxed e-con e-parent\" data-id=\"8f2b145\" data-element_type=\"container\" data-e-type=\"container\">\n\t\t\t\t\t<div class=\"e-con-inner\">\n\t\t\t\t<div class=\"elementor-element elementor-element-3451b8a elementor-widget elementor-widget-image\" data-id=\"3451b8a\" data-element_type=\"widget\" data-e-type=\"widget\" data-widget_type=\"image.default\">\n\t\t\t\t\t\t\t\t\t\t\t\t\t\t\t<img fetchpriority=\"high\" decoding=\"async\" width=\"768\" height=\"512\" src=\"https:\/\/soymigrante.com\/revista\/wp-content\/uploads\/2024\/09\/Claves-para-mantener-la-atencion-en-el-trabajo--1024x682.webp\" class=\"attachment-large size-large wp-image-9495\" alt=\"Innovador trabajo remoto con laptop y planta en escritorio, promoviendo colaboraci\u00f3n y productividad en entornos digitales, ideal para profesionales y migrantes que buscan oportunidades laborales.\" srcset=\"https:\/\/soymigrante.com\/revista\/wp-content\/uploads\/2024\/09\/Claves-para-mantener-la-atencion-en-el-trabajo--1024x682.webp 1024w, https:\/\/soymigrante.com\/revista\/wp-content\/uploads\/2024\/09\/Claves-para-mantener-la-atencion-en-el-trabajo--300x200.webp 300w, https:\/\/soymigrante.com\/revista\/wp-content\/uploads\/2024\/09\/Claves-para-mantener-la-atencion-en-el-trabajo--768x512.webp 768w, https:\/\/soymigrante.com\/revista\/wp-content\/uploads\/2024\/09\/Claves-para-mantener-la-atencion-en-el-trabajo--750x500.webp 750w, https:\/\/soymigrante.com\/revista\/wp-content\/uploads\/2024\/09\/Claves-para-mantener-la-atencion-en-el-trabajo--1140x760.webp 1140w, https:\/\/soymigrante.com\/revista\/wp-content\/uploads\/2024\/09\/Claves-para-mantener-la-atencion-en-el-trabajo-.webp 1280w\" sizes=\"(max-width: 768px) 100vw, 768px\" title=\"Claves para mantener la atencio\u0301n en el trabajo \u2013 SoyMigrante.com REVISTA\" \/>\t\t\t\t\t\t\t\t\t\t\t\t\t\t\t<\/div>\n\t\t\t\t\t<\/div>\n\t\t\t\t<\/div>\n\t\t<div data-particle_enable=\"false\" data-particle-mobile-disabled=\"false\" class=\"elementor-element elementor-element-aebcd70 e-flex e-con-boxed e-con e-parent\" data-id=\"aebcd70\" data-element_type=\"container\" data-e-type=\"container\">\n\t\t\t\t\t<div class=\"e-con-inner\">\n\t\t\t\t<div class=\"elementor-element elementor-element-1011718 elementor-widget elementor-widget-heading\" data-id=\"1011718\" data-element_type=\"widget\" data-e-type=\"widget\" data-widget_type=\"heading.default\">\n\t\t\t\t\t<h3 class=\"elementor-heading-title elementor-size-default\">2. Establecer metas claras y realistas<\/h3>\t\t\t\t<\/div>\n\t\t\t\t\t<\/div>\n\t\t\t\t<\/div>\n\t\t<div data-particle_enable=\"false\" data-particle-mobile-disabled=\"false\" class=\"elementor-element elementor-element-8101b27 e-flex e-con-boxed e-con e-parent\" data-id=\"8101b27\" data-element_type=\"container\" data-e-type=\"container\">\n\t\t\t\t\t<div class=\"e-con-inner\">\n\t\t\t\t<div class=\"elementor-element elementor-element-35de254 elementor-widget elementor-widget-text-editor\" data-id=\"35de254\" data-element_type=\"widget\" data-e-type=\"widget\" data-widget_type=\"text-editor.default\">\n\t\t\t\t\t\t\t\t\t<p><a href=\"https:\/\/soymigrante.com\/revista\/category\/mejor\/\" target=\"_blank\" rel=\"noopener\">Tener una meta espec\u00edfica para cada jornada laboral ayuda a guiar nuestra atenci\u00f3n.<\/a> La t\u00e9cnica SMART (metas espec\u00edficas, medibles, alcanzables, relevantes y con tiempo determinado) puede ser una gran aliada. Divide las grandes tareas en sub-tareas m\u00e1s peque\u00f1as y accesibles. Esto te ayudar\u00e1 a mantener una sensaci\u00f3n de progreso constante, evitando que tu mente se pierda en divagaciones sobre lo que queda por hacer.<\/p>\t\t\t\t\t\t\t\t<\/div>\n\t\t\t\t\t<\/div>\n\t\t\t\t<\/div>\n\t\t<div data-particle_enable=\"false\" data-particle-mobile-disabled=\"false\" class=\"elementor-element elementor-element-1fee395 e-flex e-con-boxed e-con e-parent\" data-id=\"1fee395\" data-element_type=\"container\" data-e-type=\"container\">\n\t\t\t\t\t<div class=\"e-con-inner\">\n\t\t\t\t<div class=\"elementor-element elementor-element-33a1543 elementor-widget elementor-widget-heading\" data-id=\"33a1543\" data-element_type=\"widget\" data-e-type=\"widget\" data-widget_type=\"heading.default\">\n\t\t\t\t\t<h3 class=\"elementor-heading-title elementor-size-default\">3. Practica la t\u00e9cnica Pomodoro<\/h3>\t\t\t\t<\/div>\n\t\t\t\t\t<\/div>\n\t\t\t\t<\/div>\n\t\t<div data-particle_enable=\"false\" data-particle-mobile-disabled=\"false\" class=\"elementor-element elementor-element-92692b7 e-flex e-con-boxed e-con e-parent\" data-id=\"92692b7\" data-element_type=\"container\" data-e-type=\"container\">\n\t\t\t\t\t<div class=\"e-con-inner\">\n\t\t\t\t<div class=\"elementor-element elementor-element-ad32641 elementor-widget elementor-widget-text-editor\" data-id=\"ad32641\" data-element_type=\"widget\" data-e-type=\"widget\" data-widget_type=\"text-editor.default\">\n\t\t\t\t\t\t\t\t\t<p>Este m\u00e9todo consiste en trabajar en bloques de 25 minutos seguidos de 5 minutos de descanso. Al dividir el tiempo en peque\u00f1os intervalos, la mente se mantiene fresca y menos propensa a divagar. Adem\u00e1s, estos descansos programados permiten a tu cerebro recargar energ\u00edas y volver con m\u00e1s enfoque a la tarea.<\/p>\t\t\t\t\t\t\t\t<\/div>\n\t\t\t\t\t<\/div>\n\t\t\t\t<\/div>\n\t\t<div data-particle_enable=\"false\" data-particle-mobile-disabled=\"false\" class=\"elementor-element elementor-element-b6d63f1 e-flex e-con-boxed e-con e-parent\" data-id=\"b6d63f1\" data-element_type=\"container\" data-e-type=\"container\">\n\t\t\t\t\t<div class=\"e-con-inner\">\n\t\t\t\t<div class=\"elementor-element elementor-element-1d50800 elementor-widget elementor-widget-heading\" data-id=\"1d50800\" data-element_type=\"widget\" data-e-type=\"widget\" data-widget_type=\"heading.default\">\n\t\t\t\t\t<h3 class=\"elementor-heading-title elementor-size-default\">4. Entrena la concentraci\u00f3n<\/h3>\t\t\t\t<\/div>\n\t\t\t\t\t<\/div>\n\t\t\t\t<\/div>\n\t\t<div data-particle_enable=\"false\" data-particle-mobile-disabled=\"false\" class=\"elementor-element elementor-element-1811356 e-flex e-con-boxed e-con e-parent\" data-id=\"1811356\" data-element_type=\"container\" data-e-type=\"container\">\n\t\t\t\t\t<div class=\"e-con-inner\">\n\t\t\t\t<div class=\"elementor-element elementor-element-94faeb2 elementor-widget elementor-widget-text-editor\" data-id=\"94faeb2\" data-element_type=\"widget\" data-e-type=\"widget\" data-widget_type=\"text-editor.default\">\n\t\t\t\t\t\t\t\t\t<p><a href=\"https:\/\/soymigrante.com\/revista\/category\/mejor\/\" target=\"_blank\" rel=\"noopener\">La falta de concentraci\u00f3n puede deberse, en parte, a la falta de entrenamiento mental.<\/a> Al igual que el cuerpo, la mente puede ejercitarse para mejorar su capacidad de concentraci\u00f3n. La meditaci\u00f3n y ejercicios de mindfulness han demostrado ser herramientas eficaces para mejorar el enfoque. Seg\u00fan un estudio publicado en la revista Psychological Science, solo dos semanas de pr\u00e1ctica de mindfulness pueden mejorar significativamente la concentraci\u00f3n y reducir la distracci\u00f3n.<\/p>\t\t\t\t\t\t\t\t<\/div>\n\t\t\t\t\t<\/div>\n\t\t\t\t<\/div>\n\t\t<div data-particle_enable=\"false\" data-particle-mobile-disabled=\"false\" class=\"elementor-element elementor-element-3fb1d56 e-flex e-con-boxed e-con e-parent\" data-id=\"3fb1d56\" data-element_type=\"container\" data-e-type=\"container\">\n\t\t\t\t\t<div class=\"e-con-inner\">\n\t\t\t\t<div class=\"elementor-element elementor-element-ba43ec4 elementor-widget elementor-widget-image\" data-id=\"ba43ec4\" data-element_type=\"widget\" data-e-type=\"widget\" data-widget_type=\"image.default\">\n\t\t\t\t\t\t\t\t\t\t\t\t\t\t\t<img decoding=\"async\" width=\"768\" height=\"512\" src=\"https:\/\/soymigrante.com\/revista\/wp-content\/uploads\/2024\/09\/Claves-para-mantener-la-atencion-en-el-trabajo-2-1024x682.webp\" class=\"attachment-large size-large wp-image-9496\" alt=\"An\u00e1lisis de datos y estad\u00edsticas en l\u00ednea en una revista digital para migrantes y comunidad latina.\" srcset=\"https:\/\/soymigrante.com\/revista\/wp-content\/uploads\/2024\/09\/Claves-para-mantener-la-atencion-en-el-trabajo-2-1024x682.webp 1024w, https:\/\/soymigrante.com\/revista\/wp-content\/uploads\/2024\/09\/Claves-para-mantener-la-atencion-en-el-trabajo-2-300x200.webp 300w, https:\/\/soymigrante.com\/revista\/wp-content\/uploads\/2024\/09\/Claves-para-mantener-la-atencion-en-el-trabajo-2-768x512.webp 768w, https:\/\/soymigrante.com\/revista\/wp-content\/uploads\/2024\/09\/Claves-para-mantener-la-atencion-en-el-trabajo-2-750x500.webp 750w, https:\/\/soymigrante.com\/revista\/wp-content\/uploads\/2024\/09\/Claves-para-mantener-la-atencion-en-el-trabajo-2-1140x760.webp 1140w, https:\/\/soymigrante.com\/revista\/wp-content\/uploads\/2024\/09\/Claves-para-mantener-la-atencion-en-el-trabajo-2.webp 1280w\" sizes=\"(max-width: 768px) 100vw, 768px\" title=\"Claves para mantener la atencio\u0301n en el trabajo 2 \u2013 SoyMigrante.com REVISTA\" \/>\t\t\t\t\t\t\t\t\t\t\t\t\t\t\t<\/div>\n\t\t\t\t\t<\/div>\n\t\t\t\t<\/div>\n\t\t<div data-particle_enable=\"false\" data-particle-mobile-disabled=\"false\" class=\"elementor-element elementor-element-08b6830 e-flex e-con-boxed e-con e-parent\" data-id=\"08b6830\" data-element_type=\"container\" data-e-type=\"container\">\n\t\t\t\t\t<div class=\"e-con-inner\">\n\t\t\t\t<div class=\"elementor-element elementor-element-ac84f26 elementor-widget elementor-widget-heading\" data-id=\"ac84f26\" data-element_type=\"widget\" data-e-type=\"widget\" data-widget_type=\"heading.default\">\n\t\t\t\t\t<h3 class=\"elementor-heading-title elementor-size-default\">5. Descubre tus horas m\u00e1s productivas<\/h3>\t\t\t\t<\/div>\n\t\t\t\t\t<\/div>\n\t\t\t\t<\/div>\n\t\t<div data-particle_enable=\"false\" data-particle-mobile-disabled=\"false\" class=\"elementor-element elementor-element-f5fe64a e-flex e-con-boxed e-con e-parent\" data-id=\"f5fe64a\" data-element_type=\"container\" data-e-type=\"container\">\n\t\t\t\t\t<div class=\"e-con-inner\">\n\t\t\t\t<div class=\"elementor-element elementor-element-bc5535c elementor-widget elementor-widget-text-editor\" data-id=\"bc5535c\" data-element_type=\"widget\" data-e-type=\"widget\" data-widget_type=\"text-editor.default\">\n\t\t\t\t\t\t\t\t\t<p>Cada persona tiene momentos del d\u00eda en los que se siente m\u00e1s alerta y concentrada. Conocer tus propios ciclos de productividad te permitir\u00e1 aprovechar esos momentos para realizar las tareas m\u00e1s importantes o dif\u00edciles. Si te resulta complicado concentrarte por las tardes, tal vez sea mejor reservar ese tiempo para tareas m\u00e1s ligeras o creativas.<\/p>\t\t\t\t\t\t\t\t<\/div>\n\t\t\t\t\t<\/div>\n\t\t\t\t<\/div>\n\t\t<div data-particle_enable=\"false\" data-particle-mobile-disabled=\"false\" class=\"elementor-element elementor-element-89c3bf8 e-flex e-con-boxed e-con e-parent\" data-id=\"89c3bf8\" data-element_type=\"container\" data-e-type=\"container\">\n\t\t\t\t\t<div class=\"e-con-inner\">\n\t\t\t\t<div class=\"elementor-element elementor-element-27608a2 elementor-widget elementor-widget-text-editor\" data-id=\"27608a2\" data-element_type=\"widget\" data-e-type=\"widget\" data-widget_type=\"text-editor.default\">\n\t\t\t\t\t\t\t\t\t<p>Por \u00faltimo, es importante no ser demasiado duro contigo mismo si pierdes el enfoque de vez en cuando. Es natural que la mente divague de vez en cuando, y lo importante es reconocer cu\u00e1ndo sucede y redirigirla con gentileza hacia la tarea en cuesti\u00f3n.<\/p><p>En un mundo lleno de distracciones, mantener el enfoque es una habilidad valiosa y entrenable. Siguiendo estas recomendaciones y con una pr\u00e1ctica constante, <a href=\"https:\/\/soymigrante.com\/revista\/category\/mejor\/\" target=\"_blank\" rel=\"noopener\">es posible mejorar nuestra capacidad de concentraci\u00f3n y ser m\u00e1s eficientes en el trabajo<\/a>. Al final, no solo se trata de ser m\u00e1s productivos, sino de encontrar un equilibrio que nos permita trabajar de manera m\u00e1s consciente y satisfactoria.<\/p>\t\t\t\t\t\t\t\t<\/div>\n\t\t\t\t\t<\/div>\n\t\t\t\t<\/div>\n\t\t<div data-particle_enable=\"false\" data-particle-mobile-disabled=\"false\" class=\"elementor-element elementor-element-f54f438 e-flex e-con-boxed e-con e-parent\" data-id=\"f54f438\" data-element_type=\"container\" data-e-type=\"container\">\n\t\t\t\t\t<div class=\"e-con-inner\">\n\t\t\t\t<div class=\"elementor-element elementor-element-92c62cd elementor-widget elementor-widget-heading\" data-id=\"92c62cd\" data-element_type=\"widget\" data-e-type=\"widget\" data-widget_type=\"heading.default\">\n\t\t\t\t\t<h2 class=\"elementor-heading-title elementor-size-default\">Te puede interesar...<\/h2>\t\t\t\t<\/div>\n\t\t\t\t\t<\/div>\n\t\t\t\t<\/div>\n\t\t<div data-particle_enable=\"false\" data-particle-mobile-disabled=\"false\" class=\"elementor-element elementor-element-25a50a8 e-flex e-con-boxed e-con e-parent\" data-id=\"25a50a8\" data-element_type=\"container\" data-e-type=\"container\">\n\t\t\t\t\t<div class=\"e-con-inner\">\n\t\t\t\t<div class=\"elementor-element elementor-element-694a4bb elementor-widget elementor-widget-blfe-post-grid\" data-id=\"694a4bb\" data-element_type=\"widget\" data-e-type=\"widget\" data-settings=\"{&quot;columns&quot;:&quot;3&quot;,&quot;columns_tablet&quot;:&quot;6&quot;,&quot;columns_mobile&quot;:&quot;12&quot;,&quot;hero1_layout_column_gap&quot;:{&quot;unit&quot;:&quot;px&quot;,&quot;size&quot;:30,&quot;sizes&quot;:[]},&quot;hero1_layout_column_gap_tablet&quot;:{&quot;unit&quot;:&quot;px&quot;,&quot;size&quot;:&quot;&quot;,&quot;sizes&quot;:[]},&quot;hero1_layout_column_gap_mobile&quot;:{&quot;unit&quot;:&quot;px&quot;,&quot;size&quot;:&quot;&quot;,&quot;sizes&quot;:[]},&quot;hero1_layout_row_gap&quot;:{&quot;unit&quot;:&quot;px&quot;,&quot;size&quot;:30,&quot;sizes&quot;:[]},&quot;hero1_layout_row_gap_tablet&quot;:{&quot;unit&quot;:&quot;px&quot;,&quot;size&quot;:&quot;&quot;,&quot;sizes&quot;:[]},&quot;hero1_layout_row_gap_mobile&quot;:{&quot;unit&quot;:&quot;px&quot;,&quot;size&quot;:&quot;&quot;,&quot;sizes&quot;:[]}}\" data-widget_type=\"blfe-post-grid.hero1\">\n\t\t\t\t<div class=\"elementor-widget-container\">\n\t\t\t\t\t\n                        <div class=\"blfe-post-grid-container \">\n            \n                <div data-skin=\"hero1\" class=\"blfe-row blfe-posts-inner blfe-hero1 blfe-posts-inner blfe-col-3 blfe-col-tab-6 blfe-col-mob-12     \">\n                            <div class=\"blfe-post-grid-item\">\n            <div class=\"blfe-post-grid-item-inner blfe-modern-zoom\">\n                        <div class=\"blfe-post-grid-bg-image\">\n            <a class=\"blfe-post-grid-image-inner\" href=\"https:\/\/soymigrante.com\/revista\/kemon-collection-arte-maya-hecho-a-mano-desde-comalapa\/\" title=\"Kemon Collection: arte maya hecho a mano desde Comalapa\" rel=\"nofollow\" target=\"_blank\"><img decoding=\"async\" src=\"https:\/\/soymigrante.com\/revista\/wp-content\/uploads\/2025\/09\/kemon-collection-arte-maya-hecho-a-mano-desde-comalapa.jpg\" alt=\"Kemon Collection: arte maya hecho a mano desde Comalapa\"\/><\/a>        <\/div>\n                        <div class=\"blfe-post-grid-details\">\n                    <div class=\"blfe-post-grid-details-inner\">\n                        <span class=\"blfe-post-category\"><a href=\"https:\/\/soymigrante.com\/revista\/category\/guate-nuestra\/\">Guate Nuestra<\/a><\/span>                        <h3 class=\"blfe-post-grid-title\">\n            <a href=\"https:\/\/soymigrante.com\/revista\/kemon-collection-arte-maya-hecho-a-mano-desde-comalapa\/\" title=\"Kemon Collection: arte maya hecho a mano desde Comalapa\" rel=\"nofollow\" target=\"_blank\">Kemon Collection: arte maya hecho a mano desde Comalapa<\/a>\n            <\/h3>                                                            <div class=\"blfe-post-grid-meta\">\n                <span class=\"blfe-post-grid-time\"><i class=\"fas fa-book-reader\"><\/i>1 Min read<\/span>            <\/div>\n                                                        <\/div>\n                <\/div>\n\n            <\/div>\n        <\/div>\n                <div class=\"blfe-post-grid-item\">\n            <div class=\"blfe-post-grid-item-inner blfe-modern-zoom\">\n                        <div class=\"blfe-post-grid-bg-image\">\n            <a class=\"blfe-post-grid-image-inner\" href=\"https:\/\/soymigrante.com\/revista\/volcan-cerro-quemado-guardian-sagrado-de-quetzaltenango\/\" title=\"Volc\u00e1n Cerro\u202fQuemado: guardi\u00e1n sagrado de Quetzaltenango\" rel=\"nofollow\" target=\"_blank\"><img decoding=\"async\" src=\"https:\/\/soymigrante.com\/revista\/wp-content\/uploads\/2025\/06\/volcan-cerro-quemado-e1749682175628.jpg\" alt=\"Volc\u00e1n Cerro\u202fQuemado: guardi\u00e1n sagrado de Quetzaltenango\"\/><\/a>        <\/div>\n                        <div class=\"blfe-post-grid-details\">\n                    <div class=\"blfe-post-grid-details-inner\">\n                        <span class=\"blfe-post-category\"><a href=\"https:\/\/soymigrante.com\/revista\/category\/guate-nuestra\/\">Guate Nuestra<\/a><\/span>                        <h3 class=\"blfe-post-grid-title\">\n            <a href=\"https:\/\/soymigrante.com\/revista\/volcan-cerro-quemado-guardian-sagrado-de-quetzaltenango\/\" title=\"Volc\u00e1n Cerro\u202fQuemado: guardi\u00e1n sagrado de Quetzaltenango\" rel=\"nofollow\" target=\"_blank\">Volc\u00e1n Cerro\u202fQuemado: guardi\u00e1n sagrado de Quetzaltenango<\/a>\n            <\/h3>                                                            <div class=\"blfe-post-grid-meta\">\n                <span class=\"blfe-post-grid-time\"><i class=\"fas fa-book-reader\"><\/i>5 Min read<\/span>            <\/div>\n                                                        <\/div>\n                <\/div>\n\n            <\/div>\n        <\/div>\n                <div class=\"blfe-post-grid-item\">\n            <div class=\"blfe-post-grid-item-inner blfe-modern-zoom\">\n                        <div class=\"blfe-post-grid-bg-image\">\n            <a class=\"blfe-post-grid-image-inner\" href=\"https:\/\/soymigrante.com\/revista\/las-comidas-de-semana-santa-en-guatemala-tradicion-y-sabor\/\" title=\"Comidas tradicionales de Cuaresma y Semana Santa en Guatemala\" rel=\"nofollow\" target=\"_blank\"><img decoding=\"async\" src=\"https:\/\/soymigrante.com\/revista\/wp-content\/uploads\/2025\/02\/comida-de-semana-santa.webp\" alt=\"Comidas tradicionales de Cuaresma y Semana Santa en Guatemala\"\/><\/a>        <\/div>\n                        <div class=\"blfe-post-grid-details\">\n                    <div class=\"blfe-post-grid-details-inner\">\n                        <span class=\"blfe-post-category\"><a href=\"https:\/\/soymigrante.com\/revista\/category\/guate-nuestra\/\">Guate Nuestra<\/a><\/span>                        <h3 class=\"blfe-post-grid-title\">\n            <a href=\"https:\/\/soymigrante.com\/revista\/las-comidas-de-semana-santa-en-guatemala-tradicion-y-sabor\/\" title=\"Comidas tradicionales de Cuaresma y Semana Santa en Guatemala\" rel=\"nofollow\" target=\"_blank\">Comidas tradicionales de Cuaresma y Semana Santa en Guatemala<\/a>\n            <\/h3>                                                            <div class=\"blfe-post-grid-meta\">\n                <span class=\"blfe-post-grid-time\"><i class=\"fas fa-book-reader\"><\/i>4 Min read<\/span>            <\/div>\n                                                        <\/div>\n                <\/div>\n\n            <\/div>\n        <\/div>\n                        <\/div>\n\n                        <\/div>\n            \n                        <div class=\"blfe-post-footer\">\n                        <\/div>\n            \t\t\t\t<\/div>\n\t\t\t\t<\/div>\n\t\t\t\t\t<\/div>\n\t\t\t\t<\/div>\n\t\t\t\t<\/div>\n\t\t","protected":false},"excerpt":{"rendered":"<p>Con estas claves para mantener la atenci\u00f3n en el trabajo podr\u00e1 rendir m\u00e1s, ser m\u00e1s eficiente y mejorar sus tiempos. En la era digital, con la constante llegada de notificaciones, redes sociales y m\u00faltiples responsabilidades, resulta m\u00e1s complicado que nunca mantener el enfoque en una tarea sin que nuestra mente divague. Sin embargo, concentrarse en [&hellip;]<\/p>\n","protected":false},"author":19,"featured_media":9609,"comment_status":"open","ping_status":"open","sticky":false,"template":"","format":"standard","meta":{"_acf_changed":true,"_eb_attr":"","footnotes":""},"categories":[55],"tags":[],"class_list":["post-9493","post","type-post","status-publish","format-standard","has-post-thumbnail","hentry","category-bienestar"],"acf":[],"aioseo_notices":[],"aioseo_head":"\n\t\t<!-- All in One SEO Pro 4.9.6.2 - aioseo.com -->\n\t<meta name=\"description\" content=\"Las comidas de Semana Santa de Guatemala, tambi\u00e9n son una representaci\u00f3n de cultura y tradici\u00f3n, ahora conoce estos platillos.\" \/>\n\t<meta name=\"robots\" content=\"max-snippet:-1, max-image-preview:large, max-video-preview:-1\" \/>\n\t<meta name=\"author\" content=\"Marysabel Aldana\"\/>\n\t<link rel=\"canonical\" href=\"https:\/\/soymigrante.com\/revista\/las-comidas-de-semana-santa-en-guatemala-tradicion-y-sabor\/\" \/>\n\t<meta name=\"generator\" content=\"All in One SEO Pro (AIOSEO) 4.9.6.2\" \/>\n\n\t\t<link rel=\"preconnect\" href=\"https:\/\/fonts.googleapis.com\" crossorigin>\n<link rel=\"preconnect\" href=\"https:\/\/fonts.gstatic.com\" crossorigin>\n\t\t<meta property=\"og:locale\" content=\"es_ES\" \/>\n\t\t<meta property=\"og:site_name\" content=\"SoyMigrante.com REVISTA \u2013 Nuestra misi\u00f3n es reconocer y dignificar al migrante.\" \/>\n\t\t<meta property=\"og:type\" content=\"article\" \/>\n\t\t<meta property=\"og:title\" content=\"Comidas tradicionales de Cuaresma y Semana Santa en Guatemala\" \/>\n\t\t<meta property=\"og:description\" content=\"Las comidas de Semana Santa de Guatemala, tambi\u00e9n son una representaci\u00f3n de cultura y tradici\u00f3n, ahora conoce estos platillos.\" \/>\n\t\t<meta property=\"og:url\" content=\"https:\/\/soymigrante.com\/revista\/las-comidas-de-semana-santa-en-guatemala-tradicion-y-sabor\/\" \/>\n\t\t<meta property=\"og:image\" content=\"https:\/\/soymigrante.com\/revista\/wp-content\/uploads\/2025\/02\/comida-de-semana-santa.webp\" \/>\n\t\t<meta property=\"og:image:secure_url\" content=\"https:\/\/soymigrante.com\/revista\/wp-content\/uploads\/2025\/02\/comida-de-semana-santa.webp\" \/>\n\t\t<meta property=\"og:image:width\" content=\"259\" \/>\n\t\t<meta property=\"og:image:height\" content=\"194\" \/>\n\t\t<meta property=\"article:published_time\" content=\"2025-03-15T17:06:05+00:00\" \/>\n\t\t<meta property=\"article:modified_time\" content=\"2025-03-15T17:06:37+00:00\" \/>\n\t\t<meta property=\"article:publisher\" content=\"https:\/\/www.facebook.com\/soymigrantecom\" \/>\n\t\t<meta name=\"twitter:card\" content=\"summary_large_image\" \/>\n\t\t<meta name=\"twitter:site\" content=\"@SoyMigrante_com\" \/>\n\t\t<meta name=\"twitter:title\" content=\"Comidas tradicionales de Cuaresma y Semana Santa en Guatemala\" \/>\n\t\t<meta name=\"twitter:description\" content=\"Las comidas de Semana Santa de Guatemala, tambi\u00e9n son una representaci\u00f3n de cultura y tradici\u00f3n, ahora conoce estos platillos.\" \/>\n\t\t<meta name=\"twitter:creator\" content=\"@SoyMigrante_com\" \/>\n\t\t<meta name=\"twitter:image\" content=\"https:\/\/soymigrante.com\/revista\/wp-content\/uploads\/2025\/02\/comida-de-semana-santa.webp\" \/>\n\t\t<!-- All in One SEO Pro -->\r\n\t\t<title>Comidas tradicionales de Cuaresma y Semana Santa en Guatemala<\/title>\n\n","aioseo_head_json":{"title":"Comidas tradicionales de Cuaresma y Semana Santa en Guatemala","description":"Las comidas de Semana Santa de Guatemala, tambi\u00e9n son una representaci\u00f3n de cultura y tradici\u00f3n, ahora conoce estos platillos.","canonical_url":"https:\/\/soymigrante.com\/revista\/las-comidas-de-semana-santa-en-guatemala-tradicion-y-sabor\/","robots":"max-snippet:-1, max-image-preview:large, max-video-preview:-1","keywords":"","webmasterTools":{"miscellaneous":"&lt;link rel=\"preconnect\" href=\"https:\/\/fonts.googleapis.com\" crossorigin&gt;\n&lt;link rel=\"preconnect\" href=\"https:\/\/fonts.gstatic.com\" crossorigin&gt;"},"schema":null,"og:locale":"es_ES","og:site_name":"SoyMigrante.com REVISTA \u2013 Nuestra misi\u00f3n es reconocer y dignificar al migrante.","og:type":"article","og:title":"Comidas tradicionales de Cuaresma y Semana Santa en Guatemala","og:description":"Las comidas de Semana Santa de Guatemala, tambi\u00e9n son una representaci\u00f3n de cultura y tradici\u00f3n, ahora conoce estos platillos.","og:url":"https:\/\/soymigrante.com\/revista\/las-comidas-de-semana-santa-en-guatemala-tradicion-y-sabor\/","og:image":"https:\/\/soymigrante.com\/revista\/wp-content\/uploads\/2025\/02\/comida-de-semana-santa.webp","og:image:secure_url":"https:\/\/soymigrante.com\/revista\/wp-content\/uploads\/2025\/02\/comida-de-semana-santa.webp","og:image:width":259,"og:image:height":194,"article:published_time":"2025-03-15T17:06:05+00:00","article:modified_time":"2025-03-15T17:06:37+00:00","article:publisher":"https:\/\/www.facebook.com\/soymigrantecom","twitter:card":"summary_large_image","twitter:site":"@SoyMigrante_com","twitter:title":"Comidas tradicionales de Cuaresma y Semana Santa en Guatemala","twitter:description":"Las comidas de Semana Santa de Guatemala, tambi\u00e9n son una representaci\u00f3n de cultura y tradici\u00f3n, ahora conoce estos platillos.","twitter:creator":"@SoyMigrante_com","twitter:image":"https:\/\/soymigrante.com\/revista\/wp-content\/uploads\/2025\/02\/comida-de-semana-santa.webp"},"aioseo_meta_data":{"post_id":"9493","title":null,"description":"No solo se trata de efectuar una labor para ganarse un salario: el enfoque durante el trabajo puede hacerlo m\u00e1s eficiente, m\u00e1s seguro y con mayor superaci\u00f3n.","keywords":null,"keyphrases":{"focus":{"keyphrase":"trabajo","score":91,"analysis":{"keyphraseInTitle":{"score":9,"maxScore":9,"error":0},"keyphraseInDescription":{"score":9,"maxScore":9,"error":0},"keyphraseLength":{"score":9,"maxScore":9,"error":0,"length":1},"keyphraseInURL":{"score":5,"maxScore":5,"error":0},"keyphraseInIntroduction":{"score":9,"maxScore":9,"error":0},"keyphraseInSubHeadings":{"score":3,"maxScore":9,"error":1},"keyphraseInImageAlt":{"score":9,"maxScore":9,"error":0},"keywordDensity":{"type":"best","score":9,"maxScore":9,"error":0}}},"additional":[{"keyphrase":"Claves","score":67,"analysis":{"keyphraseInDescription":{"score":3,"maxScore":9,"error":1},"keyphraseLength":{"score":9,"maxScore":9,"error":0,"length":1},"keyphraseInIntroduction":{"score":9,"maxScore":9,"error":0},"keyphraseInImageAlt":{"score":9,"maxScore":9,"error":0},"keywordDensity":{"score":0,"type":"low","maxScore":9,"error":1}}},{"keyphrase":"trabajo","score":100,"analysis":{"keyphraseInDescription":{"score":9,"maxScore":9,"error":0},"keyphraseLength":{"score":9,"maxScore":9,"error":0,"length":1},"keyphraseInIntroduction":{"score":9,"maxScore":9,"error":0},"keyphraseInImageAlt":{"score":9,"maxScore":9,"error":0},"keywordDensity":{"type":"best","score":9,"maxScore":9,"error":0}}}]},"primary_term":null,"canonical_url":null,"og_title":null,"og_description":null,"og_object_type":"default","og_image_type":"default","og_image_url":null,"og_image_width":null,"og_image_height":null,"og_image_custom_url":null,"og_image_custom_fields":null,"og_video":"","og_custom_url":null,"og_article_section":null,"og_article_tags":null,"twitter_use_og":false,"twitter_card":"default","twitter_image_type":"default","twitter_image_url":null,"twitter_image_custom_url":null,"twitter_image_custom_fields":null,"twitter_title":null,"twitter_description":null,"schema":{"blockGraphs":[],"customGraphs":[],"default":{"data":{"Article":[],"Course":[],"Dataset":[],"FAQPage":[],"Movie":[],"Person":[],"Product":[],"ProductReview":[],"Car":[],"Recipe":[],"Service":[],"SoftwareApplication":[],"WebPage":[]},"graphName":"Article","isEnabled":true},"graphs":[]},"schema_type":"default","schema_type_options":null,"pillar_content":false,"robots_default":true,"robots_noindex":false,"robots_noarchive":false,"robots_nosnippet":false,"robots_nofollow":false,"robots_noimageindex":false,"robots_noodp":false,"robots_notranslate":false,"robots_max_snippet":"-1","robots_max_videopreview":"-1","robots_max_imagepreview":"large","priority":null,"frequency":"default","local_seo":null,"seo_analyzer_scan_date":"2025-10-08 23:17:12","breadcrumb_settings":null,"limit_modified_date":false,"reviewed_by":null,"open_ai":"{\"title\":{\"suggestions\":[],\"usage\":0},\"description\":{\"suggestions\":[],\"usage\":0}}","ai":null,"created":"2024-09-19 16:01:52","updated":"2026-02-04 13:36:44"},"aioseo_breadcrumb":"<div class=\"aioseo-breadcrumbs\"><span class=\"aioseo-breadcrumb\">\n\t<a href=\"https:\/\/soymigrante.com\/revista\" title=\"Home\">Home<\/a>\n<\/span><span class=\"aioseo-breadcrumb-separator\">\u00bb<\/span><span class=\"aioseo-breadcrumb\">\n\t<a href=\"https:\/\/soymigrante.com\/revista\/category\/bienestar\/\" title=\"Bienestar\">Bienestar<\/a>\n<\/span><span class=\"aioseo-breadcrumb-separator\">\u00bb<\/span><span class=\"aioseo-breadcrumb\">\n\t\u00bfCu\u00e1nto mantienes enfocada tu atenci\u00f3n en el trabajo?\n<\/span><\/div>","aioseo_breadcrumb_json":[{"label":"Home","link":"https:\/\/soymigrante.com\/revista"},{"label":"Bienestar","link":"https:\/\/soymigrante.com\/revista\/category\/bienestar\/"},{"label":"\u00bfCu\u00e1nto mantienes enfocada tu atenci\u00f3n en el trabajo?","link":"https:\/\/soymigrante.com\/revista\/cuanto-mantienes-enfocada-tu-atencion-en-el-trabajo\/"}],"_links":{"self":[{"href":"https:\/\/soymigrante.com\/revista\/wp-json\/wp\/v2\/posts\/9493","targetHints":{"allow":["GET"]}}],"collection":[{"href":"https:\/\/soymigrante.com\/revista\/wp-json\/wp\/v2\/posts"}],"about":[{"href":"https:\/\/soymigrante.com\/revista\/wp-json\/wp\/v2\/types\/post"}],"author":[{"embeddable":true,"href":"https:\/\/soymigrante.com\/revista\/wp-json\/wp\/v2\/users\/19"}],"replies":[{"embeddable":true,"href":"https:\/\/soymigrante.com\/revista\/wp-json\/wp\/v2\/comments?post=9493"}],"version-history":[{"count":0,"href":"https:\/\/soymigrante.com\/revista\/wp-json\/wp\/v2\/posts\/9493\/revisions"}],"wp:featuredmedia":[{"embeddable":true,"href":"https:\/\/soymigrante.com\/revista\/wp-json\/wp\/v2\/media\/9609"}],"wp:attachment":[{"href":"https:\/\/soymigrante.com\/revista\/wp-json\/wp\/v2\/media?parent=9493"}],"wp:term":[{"taxonomy":"category","embeddable":true,"href":"https:\/\/soymigrante.com\/revista\/wp-json\/wp\/v2\/categories?post=9493"},{"taxonomy":"post_tag","embeddable":true,"href":"https:\/\/soymigrante.com\/revista\/wp-json\/wp\/v2\/tags?post=9493"}],"curies":[{"name":"wp","href":"https:\/\/api.w.org\/{rel}","templated":true}]}}