{"id":9490,"date":"2024-10-08T13:59:55","date_gmt":"2024-10-08T19:59:55","guid":{"rendered":"https:\/\/soymigrante.com\/revista\/?p=9490"},"modified":"2024-10-25T16:51:22","modified_gmt":"2024-10-25T22:51:22","slug":"11-ciudades-y-55-congresistas-de-ee-uu-se-suman-a-peticion-de-tps-guatemalteco","status":"publish","type":"post","link":"https:\/\/soymigrante.com\/revista\/11-ciudades-y-55-congresistas-de-ee-uu-se-suman-a-peticion-de-tps-guatemalteco\/","title":{"rendered":"60 congresistas, 22 senadores y 11 ciudades de EE.UU. apoyan solicitud de TPS Guatemalteco"},"content":{"rendered":"\t\t<div data-elementor-type=\"wp-post\" data-elementor-id=\"9490\" class=\"elementor elementor-9490\" data-elementor-post-type=\"post\">\n\t\t\t\t<div data-particle_enable=\"false\" data-particle-mobile-disabled=\"false\" class=\"elementor-element elementor-element-73ccd71 e-flex e-con-boxed e-con e-parent\" data-id=\"73ccd71\" data-element_type=\"container\" data-e-type=\"container\">\n\t\t\t\t\t<div class=\"e-con-inner\">\n\t\t\t\t<div class=\"elementor-element elementor-element-895c6ad elementor-widget elementor-widget-heading\" data-id=\"895c6ad\" data-element_type=\"widget\" data-e-type=\"widget\" data-widget_type=\"heading.default\">\n\t\t\t\t\t<h2 class=\"elementor-heading-title elementor-size-default\">Sigue creciendo el apoyo para la solicitud de TPS para Guatemaltecos en Estados Unidos: ya se tiene el apoyo de alcaldes de 11 ciudades y de 60 congresistas, a los cuales se suman ahora 22 integrantes del Senado.<\/h2>\t\t\t\t<\/div>\n\t\t\t\t\t<\/div>\n\t\t\t\t<\/div>\n\t\t<div data-particle_enable=\"false\" data-particle-mobile-disabled=\"false\" class=\"elementor-element elementor-element-e680c15 e-flex e-con-boxed e-con e-parent\" data-id=\"e680c15\" data-element_type=\"container\" data-e-type=\"container\">\n\t\t\t\t\t<div class=\"e-con-inner\">\n\t\t\t\t<div class=\"elementor-element elementor-element-276b040 elementor-widget elementor-widget-text-editor\" data-id=\"276b040\" data-element_type=\"widget\" data-e-type=\"widget\" data-widget_type=\"text-editor.default\">\n\t\t\t\t\t\t\t\t\t<p>Los voluntarios de la Red Migrante Guatemalteca no han parado de trabajar en busca de firmas de apoyo para la solicitud de Estatus de Protecci\u00f3n Temporal, TPS, para Guatemaltecos\u00a0 en Estados Unidos. &#8220;Hemos ido a los Consulados guatemaltecos para explicar los beneficios que traer\u00eda un TPS y la necesidad de contar con mucho apoyo de los propios compatriotas&#8221;, explica Walter Batres, presidente de la Red Migrante e impulsor del movimiento TPS Guatemalteco.<\/p><p>Con voluntarios en 40 Estados para impulsar el tema, ya se han logrado tambi\u00e9n apoyos de alcald\u00edas de ciudades y firmas de Congresistas que respaldar\u00e1n la petici\u00f3n que se presentar\u00e1 al gobierno de Joe Biden.<\/p>\t\t\t\t\t\t\t\t<\/div>\n\t\t\t\t\t<\/div>\n\t\t\t\t<\/div>\n\t\t<div data-particle_enable=\"false\" data-particle-mobile-disabled=\"false\" class=\"elementor-element elementor-element-a9563be e-flex e-con-boxed e-con e-parent\" data-id=\"a9563be\" data-element_type=\"container\" data-e-type=\"container\">\n\t\t\t\t\t<div class=\"e-con-inner\">\n\t\t\t\t<div class=\"elementor-element elementor-element-1186c6e elementor-widget elementor-widget-button\" data-id=\"1186c6e\" data-element_type=\"widget\" data-e-type=\"widget\" data-widget_type=\"button.default\">\n\t\t\t\t\t\t\t\t\t\t<a class=\"elementor-button elementor-button-link elementor-size-sm\" href=\"https:\/\/docs.google.com\/forms\/d\/e\/1FAIpQLSdK4vy7OJ2z90WhzOwdLO9ow_BHSbg6QoafGhD_o7Tknrq6KQ\/viewform?usp=send_form%20\">\n\t\t\t\t\t\t<span class=\"elementor-button-content-wrapper\">\n\t\t\t\t\t\t\t\t\t<span class=\"elementor-button-text\">Si eres guatemalteco residente en EE.UU. y deseas sumarte a la petici\u00f3n del Movimiento TPS Guatemalteco, de clic en este bot\u00f3n.<\/span>\n\t\t\t\t\t<\/span>\n\t\t\t\t\t<\/a>\n\t\t\t\t\t\t\t\t<\/div>\n\t\t\t\t\t<\/div>\n\t\t\t\t<\/div>\n\t\t<div data-particle_enable=\"false\" data-particle-mobile-disabled=\"false\" class=\"elementor-element elementor-element-8eeb655 e-flex e-con-boxed e-con e-parent\" data-id=\"8eeb655\" data-element_type=\"container\" data-e-type=\"container\">\n\t\t\t\t\t<div class=\"e-con-inner\">\n\t\t\t\t<div class=\"elementor-element elementor-element-49f1557 elementor-widget elementor-widget-heading\" data-id=\"49f1557\" data-element_type=\"widget\" data-e-type=\"widget\" data-widget_type=\"heading.default\">\n\t\t\t\t\t<h3 class=\"elementor-heading-title elementor-size-default\">Apoyo de 22 senadores estadounidenses al TPS<\/h3>\t\t\t\t<\/div>\n\t\t\t\t\t<\/div>\n\t\t\t\t<\/div>\n\t\t<div data-particle_enable=\"false\" data-particle-mobile-disabled=\"false\" class=\"elementor-element elementor-element-3406f85 e-flex e-con-boxed e-con e-parent\" data-id=\"3406f85\" data-element_type=\"container\" data-e-type=\"container\">\n\t\t\t\t\t<div class=\"e-con-inner\">\n\t\t\t\t<div class=\"elementor-element elementor-element-6dcfc41 elementor-widget elementor-widget-text-editor\" data-id=\"6dcfc41\" data-element_type=\"widget\" data-e-type=\"widget\" data-widget_type=\"text-editor.default\">\n\t\t\t\t\t\t\t\t\t<p>El Senado es la llamada C\u00e1mara Alta del poder legislativo de EE.UU. Cada Estado de la Uni\u00f3n tiene dos senadores. Al menos 18 de sus integrantes ya expresaron su decidido apoyo a la solicitud de TPS Guatemalteco. Son los siguientes:<br \/><span style=\"color: var( --e-global-color-text ); text-align: var(--text-align);\"><br \/><\/span><\/p><ol><li><span style=\"color: var( --e-global-color-text ); text-align: var(--text-align);\">Chris Van Hollen &#8211; Maryland<\/span><\/li><li><span style=\"color: var( --e-global-color-text ); text-align: var(--text-align);\">Ben Cardin &#8211; Maryland<\/span><\/li><li><span style=\"color: var( --e-global-color-text ); text-align: var(--text-align);\">Michael Bennet &#8211; Colorado<\/span><\/li><li><span style=\"color: var( --e-global-color-text ); text-align: var(--text-align);\">Catherine Cortez Masto &#8211; Nevada<\/span><\/li><li><span style=\"color: var( --e-global-color-text ); text-align: var(--text-align);\">John Hickenlooper &#8211; Colorado<\/span><\/li><li><span style=\"color: var( --e-global-color-text ); text-align: var(--text-align);\">Tim Kaine &#8211; Virginia<\/span><\/li><li><span style=\"color: var( --e-global-color-text ); text-align: var(--text-align);\">Ben Ray Luj\u00e1n &#8211; New Mexico<\/span><\/li><li><span style=\"color: var( --e-global-color-text ); text-align: var(--text-align);\">Cory Booker &#8211; New Jersey<\/span><\/li><li><span style=\"color: var( --e-global-color-text ); text-align: var(--text-align);\">Chris Coons &#8211; Delaware<\/span><\/li><li><span style=\"color: var( --e-global-color-text ); text-align: var(--text-align);\">Tammy Duckworth &#8211; Illinois<\/span><\/li><li><span style=\"color: var( --e-global-color-text ); text-align: var(--text-align);\">Edward Markey &#8211; Massachusetts<\/span><\/li><li><span style=\"color: var( --e-global-color-text ); text-align: var(--text-align);\">Mark Warner &#8211; Virginia<\/span><\/li><li><span style=\"color: var( --e-global-color-text ); text-align: var(--text-align);\">Alex Padilla &#8211; California<\/span><\/li><li><span style=\"color: var( --e-global-color-text ); text-align: var(--text-align);\">Bernie Sanders &#8211; Vermont<\/span><\/li><li><span style=\"color: var( --e-global-color-text ); text-align: var(--text-align);\">Jacky Rosen &#8211; Nevada<\/span><\/li><li><span style=\"color: var( --e-global-color-text ); text-align: var(--text-align);\">Patty Murray &#8211; Washington<\/span><\/li><li><span style=\"color: var( --e-global-color-text ); text-align: var(--text-align);\">Jeff Merkley &#8211; Oregon<\/span><\/li><li><span style=\"color: var( --e-global-color-text ); text-align: var(--text-align);\">Mazie Hirono &#8211; Hawaii<br \/>A ellos se sumaron otros cuatro posteriormente. <a href=\"https:\/\/soymigrante.com\/revista\/esto-dice-la-carta-de-22-senadores-de-ee-uu-dirigida-al-presidente-biden-en-favor-del-tps-para-guatemaltecos\/\">Mira la carta que dirigieron al presidente<\/a> Biden aqu\u00ed.<\/span><\/li><\/ol>\t\t\t\t\t\t\t\t<\/div>\n\t\t\t\t\t<\/div>\n\t\t\t\t<\/div>\n\t\t<div data-particle_enable=\"false\" data-particle-mobile-disabled=\"false\" class=\"elementor-element elementor-element-bd076eb e-flex e-con-boxed e-con e-parent\" data-id=\"bd076eb\" data-element_type=\"container\" data-e-type=\"container\">\n\t\t\t\t\t<div class=\"e-con-inner\">\n\t\t\t\t<div class=\"elementor-element elementor-element-00a388f elementor-widget elementor-widget-heading\" data-id=\"00a388f\" data-element_type=\"widget\" data-e-type=\"widget\" data-widget_type=\"heading.default\">\n\t\t\t\t\t<h3 class=\"elementor-heading-title elementor-size-default\">Ciudades estadounidenses apoyan TPS<\/h3>\t\t\t\t<\/div>\n\t\t\t\t\t<\/div>\n\t\t\t\t<\/div>\n\t\t<div data-particle_enable=\"false\" data-particle-mobile-disabled=\"false\" class=\"elementor-element elementor-element-cc5edbc e-flex e-con-boxed e-con e-parent\" data-id=\"cc5edbc\" data-element_type=\"container\" data-e-type=\"container\">\n\t\t\t\t\t<div class=\"e-con-inner\">\n\t\t\t\t<div class=\"elementor-element elementor-element-36fc89a elementor-widget elementor-widget-text-editor\" data-id=\"36fc89a\" data-element_type=\"widget\" data-e-type=\"widget\" data-widget_type=\"text-editor.default\">\n\t\t\t\t\t\t\t\t\t<p>Once alcaldes han aceptado el compromiso de apoyar a la comunidad guatemalteca porque valoran el aporte de los compatriotas en el campo laboral, social, econ\u00f3mico.\u00a0 Las ciudades que han brindado este respaldo son:<\/p><ol><li><span style=\"color: var( --e-global-color-text ); text-align: var(--text-align);\">Chicago, Illinois<\/span><\/li><li><span style=\"color: var( --e-global-color-text ); text-align: var(--text-align);\">Mount Rainier, Maryland<\/span><\/li><li><span style=\"color: var( --e-global-color-text ); text-align: var(--text-align);\">Jackson, Mississipi<\/span><\/li><li><span style=\"color: var( --e-global-color-text ); text-align: var(--text-align);\">Morristown, New Jersey<\/span><\/li><li><span style=\"color: var( --e-global-color-text ); text-align: var(--text-align);\">Pittsburgh, Pensilvania<\/span><\/li><li><span style=\"color: var( --e-global-color-text ); text-align: var(--text-align);\">Providence, Rhode Island<\/span><\/li><li><span style=\"color: var( --e-global-color-text ); text-align: var(--text-align);\">New York City, New York<\/span><\/li><li><span style=\"color: var( --e-global-color-text ); text-align: var(--text-align);\">Los Angeles, California<\/span><\/li><li><span style=\"color: var( --e-global-color-text ); text-align: var(--text-align);\">North Miami, Florida<\/span><\/li><li><span style=\"color: var( --e-global-color-text ); text-align: var(--text-align);\">Brentwood, Maryland<\/span><\/li><li><span style=\"color: var( --e-global-color-text ); text-align: var(--text-align);\">Long Beach, California<\/span><\/li><\/ol><div>\u00a0<\/div>\t\t\t\t\t\t\t\t<\/div>\n\t\t\t\t\t<\/div>\n\t\t\t\t<\/div>\n\t\t<div data-particle_enable=\"false\" data-particle-mobile-disabled=\"false\" class=\"elementor-element elementor-element-031ac60 e-flex e-con-boxed e-con e-parent\" data-id=\"031ac60\" data-element_type=\"container\" data-e-type=\"container\">\n\t\t\t\t\t<div class=\"e-con-inner\">\n\t\t\t\t<div class=\"elementor-element elementor-element-80df5bb elementor-widget elementor-widget-facebook-embed\" data-id=\"80df5bb\" data-element_type=\"widget\" data-e-type=\"widget\" data-widget_type=\"facebook-embed.default\">\n\t\t\t\t\t<div style=\"min-height: 1px\" class=\"elementor-facebook-widget fb-video\" data-href=\"https:\/\/www.facebook.com\/RedMigranteGuate\/videos\/1231051375014036\" data-show-text=\"false\" data-allowfullscreen=\"false\" data-autoplay=\"false\" data-show-captions=\"false\"><\/div>\t\t\t\t<\/div>\n\t\t\t\t\t<\/div>\n\t\t\t\t<\/div>\n\t\t<div data-particle_enable=\"false\" data-particle-mobile-disabled=\"false\" class=\"elementor-element elementor-element-95eb85a e-flex e-con-boxed e-con e-parent\" data-id=\"95eb85a\" data-element_type=\"container\" data-e-type=\"container\">\n\t\t\t\t\t<div class=\"e-con-inner\">\n\t\t\t\t<div class=\"elementor-element elementor-element-784dbb3 elementor-widget elementor-widget-heading\" data-id=\"784dbb3\" data-element_type=\"widget\" data-e-type=\"widget\" data-widget_type=\"heading.default\">\n\t\t\t\t\t<h2 class=\"elementor-heading-title elementor-size-default\">Congresistas firman a favor de Status de Protecci\u00f3n Temporal (TPS)<\/h2>\t\t\t\t<\/div>\n\t\t\t\t\t<\/div>\n\t\t\t\t<\/div>\n\t\t<div data-particle_enable=\"false\" data-particle-mobile-disabled=\"false\" class=\"elementor-element elementor-element-7142f9c e-flex e-con-boxed e-con e-parent\" data-id=\"7142f9c\" data-element_type=\"container\" data-e-type=\"container\">\n\t\t\t\t\t<div class=\"e-con-inner\">\n\t\t\t\t<div class=\"elementor-element elementor-element-9db4040 elementor-widget elementor-widget-text-editor\" data-id=\"9db4040\" data-element_type=\"widget\" data-e-type=\"widget\" data-widget_type=\"text-editor.default\">\n\t\t\t\t\t\t\t\t\t<p>Hasta el momento son 55 las firmas de miembros del Congreso de los Estados Unidos que han expresado su apoyo a la solicitud de TPS Guatemalteco. Su apoyo se har\u00e1 constar en la carta que se entregar\u00e1 al presidente Joseph Biden, solicitando dicho beneficio de protecci\u00f3n.<br \/>El listado de congresistas que valoran el aporte guatemalteco en dicha naci\u00f3n son:<br \/><br \/><\/p><h4>Arizona<\/h4><p><span style=\"color: var( --e-global-color-text ); text-align: var(--text-align);\">Rep. Ra\u00fal Grijalva (D-AZ-7)<\/span><\/p><h4>California<\/h4><p><span style=\"color: var( --e-global-color-text ); text-align: var(--text-align);\">2. Rep. Barbara Lee (D-CA-12)<br \/><\/span><span style=\"color: var( --e-global-color-text ); text-align: var(--text-align);\">3. Rep. Salud Carbajal (D-CA-24)<br \/><\/span><span style=\"color: var( --e-global-color-text ); text-align: var(--text-align);\">4. Rep. Raul Ruiz (D-CA-25)<br \/><\/span><span style=\"color: var( --e-global-color-text ); text-align: var(--text-align);\">5. Rep. Judy Chu (D-CA-28)<br \/><\/span><span style=\"color: var( --e-global-color-text ); text-align: var(--text-align);\">6. Rep. Tony Cardenas (D-CA-29)<br \/><\/span><span style=\"color: var( --e-global-color-text ); text-align: var(--text-align);\">7. Rep. Jimmy Gomez (D-CA-34)<br \/><\/span><span style=\"color: var( --e-global-color-text ); text-align: var(--text-align);\">8. Rep. Ted Lieu (D-CA-36)<br \/><\/span><span style=\"color: var( --e-global-color-text ); text-align: var(--text-align);\">9. Rep. Sydney Kamlager-Dove (D-CA-37)<br \/><\/span><span style=\"color: var( --e-global-color-text ); text-align: var(--text-align);\">10. Rep. Linda S\u00e1nchez (D-CA-38)<br \/><\/span><span style=\"color: var( --e-global-color-text ); text-align: var(--text-align);\">11. Rep. Robert Garcia (D-CA-42)<br \/><\/span><span style=\"color: var( --e-global-color-text ); text-align: var(--text-align);\">12. Rep. Nanette Barrag\u00e1n (D-CA-44)<br \/><\/span><span style=\"color: var( --e-global-color-text ); text-align: var(--text-align);\">13. Rep. Lou Correa (D-CA-46)<br \/><\/span><span style=\"color: var( --e-global-color-text ); text-align: var(--text-align);\">14. Rep. Sara Jacobs (D-CA-51)<br \/><\/span><span style=\"color: var( --e-global-color-text ); text-align: var(--text-align);\">15. Rep. Juan Vargas (D-CA-52)<br \/><\/span><span style=\"color: var( --e-global-color-text ); text-align: var(--text-align);\">16. Del. Eleanor Norton (D-DC-1)<\/span><\/p><h4><span style=\"color: var( --e-global-color-text ); text-align: var(--text-align);\">Florida<\/span><\/h4><p><span style=\"color: var( --e-global-color-text ); text-align: var(--text-align);\">17. Rep. Maxwell Frost (D-FL-10)<br \/><\/span><span style=\"color: var( --e-global-color-text ); text-align: var(--text-align);\">18. Rep. Sheila Cherfilus-McCormick (D-FL-20)<br \/><\/span><span style=\"color: var( --e-global-color-text ); text-align: var(--text-align);\">19. Rep. Frederica &#8220;Freddi&#8221; Wilson (D-FL-24)<br \/><\/span><span style=\"color: var( --e-global-color-text ); text-align: var(--text-align);\">20. Rep. Debbie Wasserman Schultz (D-FL-25)<br \/><\/span><span style=\"color: var( --e-global-color-text ); text-align: var(--text-align);\">21. Rep. Darren Soto (D-FL-9)<\/span><\/p><h4><span style=\"color: var( --e-global-color-text ); text-align: var(--text-align);\">Georgia<\/span><\/h4><p><span style=\"color: var( --e-global-color-text ); text-align: var(--text-align);\">22. Rep. Hank Johnson (D-GA-4)<\/span><\/p><h4>Illinois<\/h4><p><span style=\"color: var( --e-global-color-text ); text-align: var(--text-align);\">23. Rep. Jes\u00fas &#8220;Chuy&#8221; Garcia (D-IL-4)<br \/><\/span><span style=\"color: var( --e-global-color-text ); text-align: var(--text-align);\">24. Rep. Jan Schakowsky (D-IL-9)<\/span><\/p><h4><span style=\"color: var( --e-global-color-text ); text-align: var(--text-align);\">Indiana<\/span><\/h4><p><span style=\"color: var( --e-global-color-text ); text-align: var(--text-align);\">25. Rep. Andre Carson (D-IN-7)<\/span><\/p><h4><span style=\"color: var( --e-global-color-text ); text-align: var(--text-align);\">Louisiana<\/span><\/h4><p><span style=\"color: var( --e-global-color-text ); text-align: var(--text-align);\">26. Rep. Troy Carter (D-LA-2)<\/span><\/p><h4><span style=\"color: var( --e-global-color-text ); text-align: var(--text-align);\">Massachusetts<\/span><\/h4><p><span style=\"color: var( --e-global-color-text ); text-align: var(--text-align);\">27. Rep. Jim McGovern (D-MA-2)<br \/><\/span><span style=\"color: var( --e-global-color-text ); text-align: var(--text-align);\">28. Rep. Lori Trahan (D-MA-3)<\/span><\/p><h4><span style=\"color: var( --e-global-color-text ); text-align: var(--text-align);\">Maryland<\/span><\/h4><p><span style=\"color: var( --e-global-color-text ); text-align: var(--text-align);\">29. Rep. Glenn Ivey (D-MD-4)<br \/><\/span><span style=\"color: var( --e-global-color-text ); text-align: var(--text-align);\">30. Rep. David Trone (D-MD-6)<br \/><\/span><span style=\"color: var( --e-global-color-text ); text-align: var(--text-align);\">31. Rep. Jamie Raskin (D-MD-8)<\/span><\/p><h4><span style=\"color: var( --e-global-color-text ); text-align: var(--text-align);\">Minnesota<\/span><\/h4><p><span style=\"color: var( --e-global-color-text ); text-align: var(--text-align);\">32. Rep. Rashida Tlaib (D-MI-12)<br \/><\/span><span style=\"color: var( --e-global-color-text ); text-align: var(--text-align);\">33. Rep. Ilhan Omar (D-MN-5)<\/span><\/p><h4><span style=\"color: var( --e-global-color-text ); text-align: var(--text-align);\">Missouri<\/span><\/h4><p><span style=\"color: var( --e-global-color-text ); text-align: var(--text-align);\">34. Rep. Cori Bush (D-MO-1)<br \/><\/span><span style=\"color: var( --e-global-color-text ); text-align: var(--text-align);\">35. Rep. Emanuel Cleaver (D-MO-5)<\/span><\/p><h4><span style=\"color: var( --e-global-color-text ); text-align: var(--text-align);\">New Jersey<\/span><\/h4><p><span style=\"color: var( --e-global-color-text ); text-align: var(--text-align);\">36. Rep. Mikie Sherrill (D-NJ-11)<br \/><\/span><span style=\"color: var( --e-global-color-text ); text-align: var(--text-align);\">37. Rep. Bonnie Watson Coleman (D-NJ-12)<br \/><\/span><span style=\"color: var( --e-global-color-text ); text-align: var(--text-align);\">38. Rep. Andy Kim (D-NJ-3)<br \/><\/span><span style=\"color: var( --e-global-color-text ); text-align: var(--text-align);\">39. Rep. Frank Pallone (D-NJ-6)<br \/><\/span><span style=\"color: var( --e-global-color-text ); text-align: var(--text-align);\">40. Rep. Rob Menendez (D-NJ-8)<\/span><\/p><h4><span style=\"color: var( --e-global-color-text ); text-align: var(--text-align);\">New York<\/span><\/h4><p><span style=\"color: var( --e-global-color-text ); text-align: var(--text-align);\">41. Rep. Dan Goldman (D-NY-10)<br \/><\/span><span style=\"color: var( --e-global-color-text ); text-align: var(--text-align);\">42. Rep. Adriano Espaillat (D-NY-13)<br \/><\/span><span style=\"color: var( --e-global-color-text ); text-align: var(--text-align);\">43. Rep. Alexandria Ocasio-Cortez (D-NY-14)<br \/><\/span><span style=\"color: var( --e-global-color-text ); text-align: var(--text-align);\">44. Rep. Jamaal Bowman (D-NY-16)<br \/><\/span><span style=\"color: var( --e-global-color-text ); text-align: var(--text-align);\">45. Rep. Grace Meng (D-NY-6)<br \/><\/span><span style=\"color: var( --e-global-color-text ); text-align: var(--text-align);\">46. Rep. Nydia Velazquez (D-NY-7)<br \/><\/span><span style=\"color: var( --e-global-color-text ); text-align: var(--text-align);\">47. Rep. Yvette Clarke (D-NY-9)<\/span><\/p><h4><span style=\"color: var( --e-global-color-text ); text-align: var(--text-align);\">Pennsylvania<\/span><\/h4><p><span style=\"color: var( --e-global-color-text ); text-align: var(--text-align);\">48. Rep. Summer Lee (D-PA-12)<br \/><\/span><span style=\"color: var( --e-global-color-text ); text-align: var(--text-align);\">49. Rep. Mary Scanlon (D-PA-5)<\/span><\/p><h4><span style=\"color: var( --e-global-color-text ); text-align: var(--text-align);\">Rhode Island<\/span><\/h4><p><span style=\"color: var( --e-global-color-text ); text-align: var(--text-align);\">50. Rep. Gabe Amo (D-RI-1)<\/span><\/p><h4><span style=\"color: var( --e-global-color-text ); text-align: var(--text-align);\">Texas<\/span><\/h4><p><span style=\"color: var( --e-global-color-text ); text-align: var(--text-align);\">51. Rep. Veronica Escobar (D-TX-16)<br \/><\/span><span style=\"color: var( --e-global-color-text ); text-align: var(--text-align);\">52. Rep. Joaquin Castro (D-TX-20)<br \/><\/span><span style=\"color: var( --e-global-color-text ); text-align: var(--text-align);\">53. Rep. Sylvia Garcia (D-TX-29)<br \/><\/span><span style=\"color: var( --e-global-color-text ); text-align: var(--text-align);\">54. Rep. Marc Veasey (D-TX-33)<br \/><\/span><span style=\"color: var( --e-global-color-text ); text-align: var(--text-align);\">55. Rep. Greg Casar (D-TX-35)<\/span><\/p><h4><span style=\"color: var( --e-global-color-text ); text-align: var(--text-align);\">Virginia<\/span><\/h4><p><span style=\"color: var( --e-global-color-text ); text-align: var(--text-align);\">56. Rep. Gerry Connolly (D-VA-11)<\/span><\/p><h4><span style=\"color: var( --e-global-color-text ); text-align: var(--text-align);\">Washington<\/span><\/h4><p><span style=\"color: var( --e-global-color-text ); text-align: var(--text-align);\">57. Rep. Suzan DelBene (D-WA-1)<br \/><\/span><span style=\"color: var( --e-global-color-text ); text-align: var(--text-align);\">58. Rep. Pramila Jayapal (D-WA-7)<\/span><\/p><h4><span style=\"color: var( --e-global-color-text ); text-align: var(--text-align);\">Wisconsin<\/span><\/h4><p><span style=\"color: var( --e-global-color-text ); text-align: var(--text-align);\">59. Rep. Mark Pocan (D-WI-2)<\/span><\/p><p>\u00a0<\/p>\t\t\t\t\t\t\t\t<\/div>\n\t\t\t\t\t<\/div>\n\t\t\t\t<\/div>\n\t\t<div data-particle_enable=\"false\" data-particle-mobile-disabled=\"false\" class=\"elementor-element elementor-element-da868a0 e-flex e-con-boxed e-con e-parent\" data-id=\"da868a0\" data-element_type=\"container\" data-e-type=\"container\">\n\t\t\t\t\t<div class=\"e-con-inner\">\n\t\t\t\t<div class=\"elementor-element elementor-element-d1a6366 elementor-widget elementor-widget-button\" data-id=\"d1a6366\" data-element_type=\"widget\" data-e-type=\"widget\" data-widget_type=\"button.default\">\n\t\t\t\t\t\t\t\t\t\t<a class=\"elementor-button elementor-button-link elementor-size-sm\" href=\"https:\/\/docs.google.com\/forms\/d\/e\/1FAIpQLSdK4vy7OJ2z90WhzOwdLO9ow_BHSbg6QoafGhD_o7Tknrq6KQ\/viewform?usp=send_form%20\">\n\t\t\t\t\t\t<span class=\"elementor-button-content-wrapper\">\n\t\t\t\t\t\t\t\t\t<span class=\"elementor-button-text\">Si eres guatemalteco residente en EE.UU. y deseas sumarte a la petici\u00f3n del Movimiento TPS Guatemalteco, de clic en este bot\u00f3n.<\/span>\n\t\t\t\t\t<\/span>\n\t\t\t\t\t<\/a>\n\t\t\t\t\t\t\t\t<\/div>\n\t\t\t\t\t<\/div>\n\t\t\t\t<\/div>\n\t\t<div data-particle_enable=\"false\" data-particle-mobile-disabled=\"false\" class=\"elementor-element elementor-element-38c08d2 e-flex e-con-boxed e-con e-parent\" data-id=\"38c08d2\" data-element_type=\"container\" data-e-type=\"container\">\n\t\t\t\t\t<div class=\"e-con-inner\">\n\t\t\t\t<div class=\"elementor-element elementor-element-eda3122 elementor-widget elementor-widget-facebook-embed\" data-id=\"eda3122\" data-element_type=\"widget\" data-e-type=\"widget\" data-widget_type=\"facebook-embed.default\">\n\t\t\t\t\t<div style=\"min-height: 1px\" class=\"elementor-facebook-widget fb-video\" data-href=\"https:\/\/www.facebook.com\/yasmin.bali.9\/videos\/1758259161654099\" data-show-text=\"false\" data-allowfullscreen=\"false\" data-autoplay=\"false\" data-show-captions=\"false\"><\/div>\t\t\t\t<\/div>\n\t\t\t\t\t<\/div>\n\t\t\t\t<\/div>\n\t\t<div data-particle_enable=\"false\" data-particle-mobile-disabled=\"false\" class=\"elementor-element elementor-element-64d440f e-flex e-con-boxed e-con e-parent\" data-id=\"64d440f\" data-element_type=\"container\" data-e-type=\"container\">\n\t\t\t\t\t<div class=\"e-con-inner\">\n\t\t\t\t<div class=\"elementor-element elementor-element-40f8a1a elementor-widget elementor-widget-heading\" data-id=\"40f8a1a\" data-element_type=\"widget\" data-e-type=\"widget\" data-widget_type=\"heading.default\">\n\t\t\t\t\t<h2 class=\"elementor-heading-title elementor-size-default\">Unidos todos los guatemaltecos lo lograremos<\/h2>\t\t\t\t<\/div>\n\t\t\t\t\t<\/div>\n\t\t\t\t<\/div>\n\t\t<div data-particle_enable=\"false\" data-particle-mobile-disabled=\"false\" class=\"elementor-element elementor-element-ea1e5c5 e-flex e-con-boxed e-con e-parent\" data-id=\"ea1e5c5\" data-element_type=\"container\" data-e-type=\"container\">\n\t\t\t\t\t<div class=\"e-con-inner\">\n\t\t\t\t<div class=\"elementor-element elementor-element-d49b8f7 elementor-grid-eael-col-3 elementor-grid-tablet-eael-col-2 elementor-grid-mobile-eael-col-1 elementor-widget elementor-widget-eael-post-grid\" data-id=\"d49b8f7\" data-element_type=\"widget\" data-e-type=\"widget\" data-settings=\"{&quot;eael_post_grid_columns&quot;:&quot;eael-col-3&quot;,&quot;eael_post_grid_columns_tablet&quot;:&quot;eael-col-2&quot;,&quot;eael_post_grid_columns_mobile&quot;:&quot;eael-col-1&quot;}\" data-widget_type=\"eael-post-grid.default\">\n\t\t\t\t\t<div id=\"eael-post-grid-d49b8f7\" class=\"eael-post-grid-container\">\n            <div class=\"eael-post-grid eael-post-appender eael-post-appender-d49b8f7 eael-post-grid-style-one\" data-layout-mode=\"masonry\"><article class=\"eael-grid-post  eael-post-grid-column eael-pg-post-7625 category-exitos\" data-id=\"7625\">\n        <div class=\"eael-grid-post-holder\">\n            <div class=\"eael-grid-post-holder-inner\"><div class=\"eael-entry-media\"><div class=\"eael-entry-overlay fade-in\"><i class=\"far fa-hand-pointer\" aria-hidden=\"true\"><\/i><a href=\"https:\/\/soymigrante.com\/revista\/elizabeth-calderon-un-tps-me-permitiria-abrazar-otra-vez-a-mis-hijos\/\"><\/a><\/div><div class=\"eael-entry-thumbnail \">\n                <img fetchpriority=\"high\" decoding=\"async\" width=\"403\" height=\"403\" src=\"https:\/\/soymigrante.com\/revista\/wp-content\/uploads\/2024\/07\/mrs-red-migrante-guatemalteca-2024-1-2.webp\" class=\"attachment-large size-large wp-image-7626\" alt=\"Joven con corona y banda de reina, en concurso de belleza cultural, luciendo vestimenta colorida y sonrisa radiante.\" srcset=\"https:\/\/soymigrante.com\/revista\/wp-content\/uploads\/2024\/07\/mrs-red-migrante-guatemalteca-2024-1-2.webp 403w, https:\/\/soymigrante.com\/revista\/wp-content\/uploads\/2024\/07\/mrs-red-migrante-guatemalteca-2024-1-2-300x300.webp 300w, https:\/\/soymigrante.com\/revista\/wp-content\/uploads\/2024\/07\/mrs-red-migrante-guatemalteca-2024-1-2-150x150.webp 150w, https:\/\/soymigrante.com\/revista\/wp-content\/uploads\/2024\/07\/mrs-red-migrante-guatemalteca-2024-1-2-75x75.webp 75w\" sizes=\"(max-width: 403px) 100vw, 403px\" \/>\n            <\/div>\n        <\/div><div class=\"eael-entry-wrapper\"><header class=\"eael-entry-header\"><h2 class=\"eael-entry-title\"><a class=\"eael-grid-post-link\" href=\"https:\/\/soymigrante.com\/revista\/elizabeth-calderon-un-tps-me-permitiria-abrazar-otra-vez-a-mis-hijos\/\" title=\"Mrs. Red Migrante Elizabeth Calder\u00f3n: &#8220;Con un TPS podr\u00eda abrazar otra vez a mis hijos&#8221;\">Mrs. Red Migrante Elizabeth Calder\u00f3n: &#8220;Con un TPS podr\u00eda abrazar otra vez a mis hijos&#8221;<\/a><\/h2><\/header><div class=\"eael-entry-content\">\n                        <div class=\"eael-grid-post-excerpt\"><a href=\"https:\/\/soymigrante.com\/revista\/elizabeth-calderon-un-tps-me-permitiria-abrazar-otra-vez-a-mis-hijos\/\" class=\"eael-post-elements-readmore-btn\">CONOCE SU HISTORIA <\/a><\/div>\n                    <\/div><\/div><\/div>\n        <\/div>\n    <\/article><article class=\"eael-grid-post  eael-post-grid-column eael-pg-post-7108 category-estamos-unidos\" data-id=\"7108\">\n        <div class=\"eael-grid-post-holder\">\n            <div class=\"eael-grid-post-holder-inner\"><div class=\"eael-entry-media\"><div class=\"eael-entry-overlay fade-in\"><i class=\"far fa-hand-pointer\" aria-hidden=\"true\"><\/i><a href=\"https:\/\/soymigrante.com\/revista\/migrantes-guatemaltecos-en-40-estados-de-ee-uu-se-unen-en-busca-de-un-tps\/\"><\/a><\/div><div class=\"eael-entry-thumbnail \">\n                <img decoding=\"async\" width=\"857\" height=\"857\" src=\"https:\/\/soymigrante.com\/revista\/wp-content\/uploads\/2024\/06\/Captura-de-pantalla-2024-06-24-002314.webp\" class=\"attachment-large size-large wp-image-7117\" alt=\"Guatemaltecos migrantes en manifestaci\u00f3n por derechos laborales en Washington, protestando por TPS y justicia migratoria en EE. UU. y Guatemala.\" srcset=\"https:\/\/soymigrante.com\/revista\/wp-content\/uploads\/2024\/06\/Captura-de-pantalla-2024-06-24-002314.webp 857w, https:\/\/soymigrante.com\/revista\/wp-content\/uploads\/2024\/06\/Captura-de-pantalla-2024-06-24-002314-300x300.webp 300w, https:\/\/soymigrante.com\/revista\/wp-content\/uploads\/2024\/06\/Captura-de-pantalla-2024-06-24-002314-150x150.webp 150w, https:\/\/soymigrante.com\/revista\/wp-content\/uploads\/2024\/06\/Captura-de-pantalla-2024-06-24-002314-768x768.webp 768w, https:\/\/soymigrante.com\/revista\/wp-content\/uploads\/2024\/06\/Captura-de-pantalla-2024-06-24-002314-75x75.webp 75w, https:\/\/soymigrante.com\/revista\/wp-content\/uploads\/2024\/06\/Captura-de-pantalla-2024-06-24-002314-750x750.webp 750w\" sizes=\"(max-width: 857px) 100vw, 857px\" \/>\n            <\/div>\n        <\/div><div class=\"eael-entry-wrapper\"><header class=\"eael-entry-header\"><h2 class=\"eael-entry-title\"><a class=\"eael-grid-post-link\" href=\"https:\/\/soymigrante.com\/revista\/migrantes-guatemaltecos-en-40-estados-de-ee-uu-se-unen-en-busca-de-un-tps\/\" title=\"Migrantes guatemaltecos en 40 Estados de EE.UU. unen esfuerzos por un TPS\">Migrantes guatemaltecos en 40 Estados de EE.UU. unen esfuerzos por un TPS<\/a><\/h2><\/header><div class=\"eael-entry-content\">\n                        <div class=\"eael-grid-post-excerpt\"><a href=\"https:\/\/soymigrante.com\/revista\/migrantes-guatemaltecos-en-40-estados-de-ee-uu-se-unen-en-busca-de-un-tps\/\" class=\"eael-post-elements-readmore-btn\">CONOCE SU HISTORIA <\/a><\/div>\n                    <\/div><\/div><\/div>\n        <\/div>\n    <\/article><article class=\"eael-grid-post  eael-post-grid-column eael-pg-post-5787 category-lugar-de-voces\" data-id=\"5787\">\n        <div class=\"eael-grid-post-holder\">\n            <div class=\"eael-grid-post-holder-inner\"><div class=\"eael-entry-media\"><div class=\"eael-entry-overlay fade-in\"><i class=\"far fa-hand-pointer\" aria-hidden=\"true\"><\/i><a href=\"https:\/\/soymigrante.com\/revista\/tps-para-guatemala-que-se-necesita-para-lograr-este-beneficio-para-migrantes-en-ee-uu\/\"><\/a><\/div><div class=\"eael-entry-thumbnail \">\n                <img decoding=\"async\" width=\"1024\" height=\"682\" src=\"https:\/\/soymigrante.com\/revista\/wp-content\/uploads\/2024\/04\/tpsdifuds-1024x682.webp\" class=\"attachment-large size-large wp-image-5788\" alt=\"Caminando en manifestaci\u00f3n a favor de Centroam\u00e9rica y Am\u00e9rica, con banderas y pancarta, en un d\u00eda soleado frente a un edificio gubernamental en Washington, D.C.\" srcset=\"https:\/\/soymigrante.com\/revista\/wp-content\/uploads\/2024\/04\/tpsdifuds-1024x682.webp 1024w, https:\/\/soymigrante.com\/revista\/wp-content\/uploads\/2024\/04\/tpsdifuds-300x200.webp 300w, https:\/\/soymigrante.com\/revista\/wp-content\/uploads\/2024\/04\/tpsdifuds-768x512.webp 768w, https:\/\/soymigrante.com\/revista\/wp-content\/uploads\/2024\/04\/tpsdifuds-1536x1023.webp 1536w, https:\/\/soymigrante.com\/revista\/wp-content\/uploads\/2024\/04\/tpsdifuds-750x500.webp 750w, https:\/\/soymigrante.com\/revista\/wp-content\/uploads\/2024\/04\/tpsdifuds-1140x760.webp 1140w, https:\/\/soymigrante.com\/revista\/wp-content\/uploads\/2024\/04\/tpsdifuds-600x400.webp 600w, https:\/\/soymigrante.com\/revista\/wp-content\/uploads\/2024\/04\/tpsdifuds.webp 1600w\" sizes=\"(max-width: 1024px) 100vw, 1024px\" \/>\n            <\/div>\n        <\/div><div class=\"eael-entry-wrapper\"><header class=\"eael-entry-header\"><h2 class=\"eael-entry-title\"><a class=\"eael-grid-post-link\" href=\"https:\/\/soymigrante.com\/revista\/tps-para-guatemala-que-se-necesita-para-lograr-este-beneficio-para-migrantes-en-ee-uu\/\" title=\"TPS para Guatemala: qu\u00e9 se necesita para lograr este beneficio para migrantes en EE.UU.\">TPS para Guatemala: qu\u00e9 se necesita para lograr este beneficio para migrantes en EE.UU.<\/a><\/h2><\/header><div class=\"eael-entry-content\">\n                        <div class=\"eael-grid-post-excerpt\"><a href=\"https:\/\/soymigrante.com\/revista\/tps-para-guatemala-que-se-necesita-para-lograr-este-beneficio-para-migrantes-en-ee-uu\/\" class=\"eael-post-elements-readmore-btn\">CONOCE SU HISTORIA <\/a><\/div>\n                    <\/div><\/div><\/div>\n        <\/div>\n    <\/article><\/div>\n            <div class=\"clearfix\"><\/div>\n        <\/div>\t\t\t\t<\/div>\n\t\t\t\t\t<\/div>\n\t\t\t\t<\/div>\n\t\t\t\t<\/div>\n\t\t","protected":false},"excerpt":{"rendered":"<p>Sigue creciendo el apoyo para la solicitud de TPS para Guatemaltecos en Estados Unidos: ya se tiene el apoyo de alcaldes de 11 ciudades y de 60 congresistas, a los cuales se suman ahora 22 integrantes del Senado. Los voluntarios de la Red Migrante Guatemalteca no han parado de trabajar en busca de firmas de [&hellip;]<\/p>\n","protected":false},"author":7,"featured_media":9488,"comment_status":"open","ping_status":"open","sticky":false,"template":"","format":"standard","meta":{"_acf_changed":true,"_eb_attr":"","footnotes":""},"categories":[54],"tags":[],"class_list":["post-9490","post","type-post","status-publish","format-standard","has-post-thumbnail","hentry","category-estamos-unidos"],"acf":[],"aioseo_notices":[],"aioseo_head":"\n\t\t<!-- All in One SEO Pro 4.9.6.2 - aioseo.com -->\n\t<meta name=\"description\" content=\"Petici\u00f3n de TPS (siglas en ingl\u00e9s de Status de Protecci\u00f3n Temporal) para Guatemala tambi\u00e9n debe llevar al gobierno guatemalteco a solventar problem\u00e1tica de pasaportes, documentos y citas consulares. Por Fernando Castro Molina, experto en temas migratorios Las declaraciones por parte del Presidente de Guatemala, Dr. Bernardo Ar\u00e9valo, en relaci\u00f3n a la existencia de conversaciones con\" \/>\n\t<meta name=\"robots\" content=\"max-snippet:-1, max-image-preview:large, max-video-preview:-1\" \/>\n\t<meta name=\"author\" content=\"Gustavo Montenegro\"\/>\n\t<link rel=\"canonical\" href=\"https:\/\/soymigrante.com\/revista\/11-ciudades-y-55-congresistas-de-ee-uu-se-suman-a-peticion-de-tps-guatemalteco\/\" \/>\n\t<meta name=\"generator\" content=\"All in One SEO Pro (AIOSEO) 4.9.6.2\" \/>\n\n\t\t<link rel=\"preconnect\" href=\"https:\/\/fonts.googleapis.com\" crossorigin>\n<link rel=\"preconnect\" href=\"https:\/\/fonts.gstatic.com\" crossorigin>\n\t\t<meta property=\"og:locale\" content=\"es_ES\" \/>\n\t\t<meta property=\"og:site_name\" content=\"SoyMigrante.com REVISTA \u2013 Nuestra misi\u00f3n es reconocer y dignificar al migrante.\" \/>\n\t\t<meta property=\"og:type\" content=\"article\" \/>\n\t\t<meta property=\"og:title\" content=\"11 ciudades y 59 congresistas de EEUU apoyan TPS Guatemalteco\" \/>\n\t\t<meta property=\"og:description\" content=\"La campa\u00f1a de solicitud de TPS Guatemalteco ha recibido el apoyo de 22 senadores de Estados Unidos, adem\u00e1s de 60 congresistas y 11 ciudades.\" \/>\n\t\t<meta property=\"og:url\" content=\"https:\/\/soymigrante.com\/revista\/11-ciudades-y-55-congresistas-de-ee-uu-se-suman-a-peticion-de-tps-guatemalteco\/\" \/>\n\t\t<meta property=\"og:image\" content=\"https:\/\/soymigrante.com\/revista\/wp-content\/uploads\/2024\/06\/tps-Guatemala-migrantes-5.webp\" \/>\n\t\t<meta property=\"og:image:secure_url\" content=\"https:\/\/soymigrante.com\/revista\/wp-content\/uploads\/2024\/06\/tps-Guatemala-migrantes-5.webp\" \/>\n\t\t<meta property=\"og:image:width\" content=\"1416\" \/>\n\t\t<meta property=\"og:image:height\" content=\"1416\" \/>\n\t\t<meta property=\"article:published_time\" content=\"2024-10-08T19:59:55+00:00\" \/>\n\t\t<meta property=\"article:modified_time\" content=\"2024-10-25T22:51:22+00:00\" \/>\n\t\t<meta property=\"article:publisher\" content=\"https:\/\/www.facebook.com\/soymigrantecom\" \/>\n\t\t<meta name=\"twitter:card\" content=\"summary_large_image\" \/>\n\t\t<meta name=\"twitter:site\" content=\"@SoyMigrante_com\" \/>\n\t\t<meta name=\"twitter:title\" content=\"11 ciudades y 59 congresistas de EEUU apoyan TPS Guatemalteco\" \/>\n\t\t<meta name=\"twitter:description\" content=\"La campa\u00f1a de solicitud de TPS Guatemalteco ha recibido el apoyo de 22 senadores de Estados Unidos, adem\u00e1s de 60 congresistas y 11 ciudades.\" \/>\n\t\t<meta name=\"twitter:creator\" content=\"@SoyMigrante_com\" \/>\n\t\t<meta name=\"twitter:image\" content=\"https:\/\/soymigrante.com\/revista\/wp-content\/uploads\/2024\/06\/tps-Guatemala-migrantes-5.webp\" \/>\n\t\t<!-- All in One SEO Pro -->\r\n\t\t<title>11 ciudades y 59 congresistas de EEUU apoyan TPS Guatemalteco<\/title>\n\n","aioseo_head_json":{"title":"11 ciudades y 59 congresistas de EEUU apoyan TPS Guatemalteco","description":"La campa\u00f1a de solicitud de TPS Guatemalteco ha recibido el apoyo de 22 senadores de Estados Unidos, adem\u00e1s de 60 congresistas y 11 ciudades.","canonical_url":"https:\/\/soymigrante.com\/revista\/11-ciudades-y-55-congresistas-de-ee-uu-se-suman-a-peticion-de-tps-guatemalteco\/","robots":"max-snippet:-1, max-image-preview:large, max-video-preview:-1","keywords":"","webmasterTools":{"miscellaneous":"&lt;link rel=\"preconnect\" href=\"https:\/\/fonts.googleapis.com\" crossorigin&gt;\n&lt;link rel=\"preconnect\" href=\"https:\/\/fonts.gstatic.com\" crossorigin&gt;"},"schema":null,"og:locale":"es_ES","og:site_name":"SoyMigrante.com REVISTA \u2013 Nuestra misi\u00f3n es reconocer y dignificar al migrante.","og:type":"article","og:title":"11 ciudades y 59 congresistas de EEUU apoyan TPS Guatemalteco","og:description":"La campa\u00f1a de solicitud de TPS Guatemalteco ha recibido el apoyo de 22 senadores de Estados Unidos, adem\u00e1s de 60 congresistas y 11 ciudades.","og:url":"https:\/\/soymigrante.com\/revista\/11-ciudades-y-55-congresistas-de-ee-uu-se-suman-a-peticion-de-tps-guatemalteco\/","og:image":"https:\/\/soymigrante.com\/revista\/wp-content\/uploads\/2024\/06\/tps-Guatemala-migrantes-5.webp","og:image:secure_url":"https:\/\/soymigrante.com\/revista\/wp-content\/uploads\/2024\/06\/tps-Guatemala-migrantes-5.webp","og:image:width":1416,"og:image:height":1416,"article:published_time":"2024-10-08T19:59:55+00:00","article:modified_time":"2024-10-25T22:51:22+00:00","article:publisher":"https:\/\/www.facebook.com\/soymigrantecom","twitter:card":"summary_large_image","twitter:site":"@SoyMigrante_com","twitter:title":"11 ciudades y 59 congresistas de EEUU apoyan TPS Guatemalteco","twitter:description":"La campa\u00f1a de solicitud de TPS Guatemalteco ha recibido el apoyo de 22 senadores de Estados Unidos, adem\u00e1s de 60 congresistas y 11 ciudades.","twitter:creator":"@SoyMigrante_com","twitter:image":"https:\/\/soymigrante.com\/revista\/wp-content\/uploads\/2024\/06\/tps-Guatemala-migrantes-5.webp"},"aioseo_meta_data":{"post_id":"9490","title":"11 ciudades y 59 congresistas de EEUU apoyan TPS Guatemalteco","description":"La campa\u00f1a de solicitud de TPS Guatemalteco ha recibido el apoyo de 22 senadores de Estados Unidos, adem\u00e1s de 60 congresistas y 11 ciudades.","keywords":null,"keyphrases":{"focus":{"keyphrase":"TPS Guatemalteco","score":91,"analysis":{"keyphraseInTitle":{"score":9,"maxScore":9,"error":0},"keyphraseInDescription":{"score":9,"maxScore":9,"error":0},"keyphraseLength":{"score":9,"maxScore":9,"error":0,"length":2},"keyphraseInURL":{"score":5,"maxScore":5,"error":0},"keyphraseInIntroduction":{"score":9,"maxScore":9,"error":0},"keyphraseInSubHeadings":{"score":3,"maxScore":9,"error":1},"keyphraseInImageAlt":{"score":9,"maxScore":9,"error":0},"keywordDensity":{"type":"best","score":9,"maxScore":9,"error":0}}},"additional":[{"keyphrase":"Migrantes","score":53,"analysis":{"keyphraseInDescription":{"score":3,"maxScore":9,"error":1},"keyphraseLength":{"score":9,"maxScore":9,"error":0,"length":1},"keyphraseInIntroduction":{"score":3,"maxScore":9,"error":1},"keyphraseInImageAlt":{"score":9,"maxScore":9,"error":0},"keywordDensity":{"score":0,"type":"low","maxScore":9,"error":1}}}]},"primary_term":null,"canonical_url":null,"og_title":null,"og_description":null,"og_object_type":"default","og_image_type":"default","og_image_url":null,"og_image_width":null,"og_image_height":null,"og_image_custom_url":null,"og_image_custom_fields":null,"og_video":"","og_custom_url":null,"og_article_section":null,"og_article_tags":null,"twitter_use_og":false,"twitter_card":"default","twitter_image_type":"default","twitter_image_url":null,"twitter_image_custom_url":null,"twitter_image_custom_fields":null,"twitter_title":null,"twitter_description":null,"schema":{"blockGraphs":[],"customGraphs":[],"default":{"data":{"Article":[],"Course":[],"Dataset":[],"FAQPage":[],"Movie":[],"Person":[],"Product":[],"ProductReview":[],"Car":[],"Recipe":[],"Service":[],"SoftwareApplication":[],"WebPage":[]},"graphName":"Article","isEnabled":true},"graphs":[]},"schema_type":"default","schema_type_options":null,"pillar_content":false,"robots_default":true,"robots_noindex":false,"robots_noarchive":false,"robots_nosnippet":false,"robots_nofollow":false,"robots_noimageindex":false,"robots_noodp":false,"robots_notranslate":false,"robots_max_snippet":"-1","robots_max_videopreview":"-1","robots_max_imagepreview":"large","priority":null,"frequency":"default","local_seo":null,"seo_analyzer_scan_date":"2025-10-08 23:35:35","breadcrumb_settings":null,"limit_modified_date":false,"reviewed_by":null,"open_ai":"{\"title\":{\"suggestions\":[],\"usage\":0},\"description\":{\"suggestions\":[],\"usage\":0}}","ai":null,"created":"2024-09-19 04:51:51","updated":"2026-02-04 14:49:03"},"aioseo_breadcrumb":"<div class=\"aioseo-breadcrumbs\"><span class=\"aioseo-breadcrumb\">\n\t<a href=\"https:\/\/soymigrante.com\/revista\" title=\"Home\">Home<\/a>\n<\/span><span class=\"aioseo-breadcrumb-separator\">\u00bb<\/span><span class=\"aioseo-breadcrumb\">\n\t<a href=\"https:\/\/soymigrante.com\/revista\/category\/estamos-unidos\/\" title=\"Estamos Unidos\">Estamos Unidos<\/a>\n<\/span><span class=\"aioseo-breadcrumb-separator\">\u00bb<\/span><span class=\"aioseo-breadcrumb\">\n\t60 congresistas, 22 senadores y 11 ciudades de EE.UU. apoyan solicitud de TPS Guatemalteco\n<\/span><\/div>","aioseo_breadcrumb_json":[{"label":"Home","link":"https:\/\/soymigrante.com\/revista"},{"label":"Estamos Unidos","link":"https:\/\/soymigrante.com\/revista\/category\/estamos-unidos\/"},{"label":"60 congresistas, 22 senadores y 11 ciudades de EE.UU. apoyan solicitud de TPS Guatemalteco","link":"https:\/\/soymigrante.com\/revista\/11-ciudades-y-55-congresistas-de-ee-uu-se-suman-a-peticion-de-tps-guatemalteco\/"}],"_links":{"self":[{"href":"https:\/\/soymigrante.com\/revista\/wp-json\/wp\/v2\/posts\/9490","targetHints":{"allow":["GET"]}}],"collection":[{"href":"https:\/\/soymigrante.com\/revista\/wp-json\/wp\/v2\/posts"}],"about":[{"href":"https:\/\/soymigrante.com\/revista\/wp-json\/wp\/v2\/types\/post"}],"author":[{"embeddable":true,"href":"https:\/\/soymigrante.com\/revista\/wp-json\/wp\/v2\/users\/7"}],"replies":[{"embeddable":true,"href":"https:\/\/soymigrante.com\/revista\/wp-json\/wp\/v2\/comments?post=9490"}],"version-history":[{"count":0,"href":"https:\/\/soymigrante.com\/revista\/wp-json\/wp\/v2\/posts\/9490\/revisions"}],"wp:featuredmedia":[{"embeddable":true,"href":"https:\/\/soymigrante.com\/revista\/wp-json\/wp\/v2\/media\/9488"}],"wp:attachment":[{"href":"https:\/\/soymigrante.com\/revista\/wp-json\/wp\/v2\/media?parent=9490"}],"wp:term":[{"taxonomy":"category","embeddable":true,"href":"https:\/\/soymigrante.com\/revista\/wp-json\/wp\/v2\/categories?post=9490"},{"taxonomy":"post_tag","embeddable":true,"href":"https:\/\/soymigrante.com\/revista\/wp-json\/wp\/v2\/tags?post=9490"}],"curies":[{"name":"wp","href":"https:\/\/api.w.org\/{rel}","templated":true}]}}