{"id":9481,"date":"2024-09-20T11:09:28","date_gmt":"2024-09-20T17:09:28","guid":{"rendered":"https:\/\/soymigrante.com\/revista\/?p=9481"},"modified":"2025-09-17T07:44:44","modified_gmt":"2025-09-17T13:44:44","slug":"pueblo-xinka-esta-vivo-y-presente-en-el-suroriente-guatemalteco","status":"publish","type":"post","link":"https:\/\/soymigrante.com\/revista\/pueblo-xinka-esta-vivo-y-presente-en-el-suroriente-guatemalteco\/","title":{"rendered":"Pueblo Xinka est\u00e1 vivo y presente en el suroriente guatemalteco"},"content":{"rendered":"\t\t<div data-elementor-type=\"wp-post\" data-elementor-id=\"9481\" class=\"elementor elementor-9481\" data-elementor-post-type=\"post\">\n\t\t\t\t<div data-particle_enable=\"false\" data-particle-mobile-disabled=\"false\" class=\"elementor-element elementor-element-bd86e85 e-flex e-con-boxed e-con e-parent\" data-id=\"bd86e85\" data-element_type=\"container\" data-e-type=\"container\">\n\t\t\t\t\t<div class=\"e-con-inner\">\n\t\t\t\t<div class=\"elementor-element elementor-element-4921edc elementor-widget elementor-widget-heading\" data-id=\"4921edc\" data-element_type=\"widget\" data-e-type=\"widget\" data-widget_type=\"heading.default\">\n\t\t\t\t\t<h2 class=\"elementor-heading-title elementor-size-default\">El pueblo Xinka proviene de un tronco distinto a los pueblos mayas. Teor\u00edas los sit\u00faan como descendientes de migrantes andinos, pero su origen se pierde en las nieblas del tiempo. Y sin embargo, all\u00ed est\u00e1 la cultura Xinka, en poblados de Santa Rosa y Jutiapa, aunque su territorio era a\u00fan mayor. <\/h2>\t\t\t\t<\/div>\n\t\t\t\t\t<\/div>\n\t\t\t\t<\/div>\n\t\t<div data-particle_enable=\"false\" data-particle-mobile-disabled=\"false\" class=\"elementor-element elementor-element-cfd4111 e-flex e-con-boxed e-con e-parent\" data-id=\"cfd4111\" data-element_type=\"container\" data-e-type=\"container\">\n\t\t\t\t\t<div class=\"e-con-inner\">\n\t\t\t\t<div class=\"elementor-element elementor-element-a20f5ac elementor-widget elementor-widget-text-editor\" data-id=\"a20f5ac\" data-element_type=\"widget\" data-e-type=\"widget\" data-widget_type=\"text-editor.default\">\n\t\t\t\t\t\t\t\t\t<p class=\"MsoNormal\">Los Xinca habitaban territorios de Santa Rosa, parte de Jutiapa, la regi\u00f3n sur de Jalapa y la occidental de Escuintla, aunque seg\u00fan algunas teor\u00edas, pudo haber comunidades en el territorio de El Salvador. El centro pol\u00edtico era Guazacap\u00e1n, con imporantes poblados en Santa Mar\u00eda Ixhuat\u00e1n, Chiquimulilla y Taxisco. En los documentos coloniales se menciona este pueblo como: sincas, zincas, sinacamecayos y Xinca, como se les conoce oficialmente.\u00a0<\/p><p class=\"MsoNormal\">El pueblo Xinca es una grupo\u00a0antiguo que habita los alrededores del r\u00edo Los Esclavos,\u00a0de origen diferente a los mayas. Fue\u00a0reconocido oficialmente a trav\u00e9s de los Acuerdos de Paz, particularmente el de Identidad y Derechos de los Pueblos Ind\u00edgenas (marzo de 1995), Aunque a esta comunidad se le menciona en documentos del siglo XV.\u00a0 Habitaban esta regi\u00f3n antes de la llegada de los Pipil y los Poqomam, entre los a\u00f1os 1200 y 1524, unos 300 a\u00f1os antes de la llegada de los espa\u00f1oles.\u00a0Durante la Colonia form\u00f3 el Corregimiento de Guazacap\u00e1n.\u00a0 \u00a0<\/p><p class=\"MsoNormal\">El ling\u00fcista Otto Schumann se\u00f1al\u00f3 que losXinka se identifican a s\u00ed mismos con el linaje de los murci\u00e9lagos, de all\u00ed el nombre \u201csinacamecayo\u201d:\u00a0 Este t\u00e9rmino se relaciona con Sinacant\u00e1n, lugar cercano al r\u00edo Los Esclavos, en el departamento de Santa Rosa. \u00a0\u00a0Se cree que en este sitio se estableci\u00f3 el antiguo rey Xinka Sinac\u00e1n, un personaje mencionado constantemente en la tradici\u00f3n oral de esta regi\u00f3n<span style=\"color: #00b0f0;\">.<\/span><\/p><p class=\"MsoNormal\"><span style=\"color: #00b0f0;\">\u00a0<\/span><\/p>\t\t\t\t\t\t\t\t<\/div>\n\t\t\t\t\t<\/div>\n\t\t\t\t<\/div>\n\t\t<div data-particle_enable=\"false\" data-particle-mobile-disabled=\"false\" class=\"elementor-element elementor-element-248c5fa e-flex e-con-boxed e-con e-parent\" data-id=\"248c5fa\" data-element_type=\"container\" data-e-type=\"container\">\n\t\t\t\t\t<div class=\"e-con-inner\">\n\t\t\t\t<div class=\"elementor-element elementor-element-de10391 elementor-widget elementor-widget-image\" data-id=\"de10391\" data-element_type=\"widget\" data-e-type=\"widget\" data-widget_type=\"image.default\">\n\t\t\t\t\t\t\t\t\t\t\t\t<figure class=\"wp-caption\">\n\t\t\t\t\t\t\t\t\t\t<img fetchpriority=\"high\" decoding=\"async\" width=\"720\" height=\"480\" src=\"https:\/\/soymigrante.com\/revista\/wp-content\/uploads\/2024\/09\/1878-someliani.webp\" class=\"attachment-large size-large wp-image-9484\" alt=\"Fotograf\u00eda de un grupo de ind\u00edgenas Xinka de Santa Rosa, en 1878. Debido a procesos de asimilaci\u00f3n, por muchos a\u00f1os se registr\u00f3 como &quot;ladinos&quot; o simplemente como ind\u00edgenas, pero sin afiliaci\u00f3n \u00e9tnica a muchos habitantes del oriente del pa\u00eds. entre ellos hab\u00eda pertenecientes a la etnia Poq&#039;omam, pero tambien Xinka.\" srcset=\"https:\/\/soymigrante.com\/revista\/wp-content\/uploads\/2024\/09\/1878-someliani.webp 720w, https:\/\/soymigrante.com\/revista\/wp-content\/uploads\/2024\/09\/1878-someliani-300x200.webp 300w\" sizes=\"(max-width: 720px) 100vw, 720px\" title=\"Fotograf\u00eda de un grupo de ind\u00edgenas Xinka de Santa Rosa, en 1878. Debido a procesos de asimilaci\u00f3n, por muchos a\u00f1os se registr\u00f3 como &quot;ladinos&quot; o simplemente como ind\u00edgenas, pero sin afiliaci\u00f3n \u00e9tnica a muchos habitantes del oriente del pa\u00eds. entre ellos hab\u00eda pertenecientes a la etnia Poq&#039;omam, pero tambien Xinka. \u2013 SoyMigrante.com REVISTA\" \/>\t\t\t\t\t\t\t\t\t\t\t<figcaption class=\"widget-image-caption wp-caption-text\">Fotograf\u00eda de un grupo de ind\u00edgenas Xinka de Santa Rosa, en 1878. Debido a procesos de asimilaci\u00f3n, por muchos a\u00f1os se registr\u00f3 como \"ladinos\" o simplemente como ind\u00edgenas, pero sin afiliaci\u00f3n \u00e9tnica a muchos habitantes del oriente del pa\u00eds. entre ellos hab\u00eda pertenecientes a la etnia Poq'omam, pero tambien Xinka.<\/figcaption>\n\t\t\t\t\t\t\t\t\t\t<\/figure>\n\t\t\t\t\t\t\t\t\t<\/div>\n\t\t\t\t\t<\/div>\n\t\t\t\t<\/div>\n\t\t<div data-particle_enable=\"false\" data-particle-mobile-disabled=\"false\" class=\"elementor-element elementor-element-dc6a06c e-flex e-con-boxed e-con e-parent\" data-id=\"dc6a06c\" data-element_type=\"container\" data-e-type=\"container\">\n\t\t\t\t\t<div class=\"e-con-inner\">\n\t\t\t\t<div class=\"elementor-element elementor-element-96cd1a3 elementor-widget elementor-widget-heading\" data-id=\"96cd1a3\" data-element_type=\"widget\" data-e-type=\"widget\" data-widget_type=\"heading.default\">\n\t\t\t\t\t<h3 class=\"elementor-heading-title elementor-size-default\">\u00c1reas de comunidades del pueblo Xinka<\/h3>\t\t\t\t<\/div>\n\t\t\t\t\t<\/div>\n\t\t\t\t<\/div>\n\t\t<div data-particle_enable=\"false\" data-particle-mobile-disabled=\"false\" class=\"elementor-element elementor-element-a14238a e-flex e-con-boxed e-con e-parent\" data-id=\"a14238a\" data-element_type=\"container\" data-e-type=\"container\">\n\t\t\t\t\t<div class=\"e-con-inner\">\n\t\t\t\t<div class=\"elementor-element elementor-element-a730a34 elementor-widget elementor-widget-text-editor\" data-id=\"a730a34\" data-element_type=\"widget\" data-e-type=\"widget\" data-widget_type=\"text-editor.default\">\n\t\t\t\t\t\t\t\t\t<p>Es necesario se\u00f1alar que la poblaci\u00f3n Xinka habit\u00f3 desde Escuintla hasta parte de El Salvador, por lo cual dieron origen a muchas comunidades que hoy a\u00fan mantienen el nombre Xinka. Hay poblaci\u00f3n mestiza, pero tambi\u00e9n presencia Xinka en las siguientes \u00e1reas:<\/p><p>En el departamento de Santa Rosa: Chiquimulilla, Santa Mar\u00eda Ixhuat\u00e1n, Guazacap\u00e1n, Jumaytepeque (Nueva Santa Rosa); Taxisco, San Juan Tecuaco, Sinacant\u00e1n, aldea Los Esclavos y orillas del r\u00edo Los Esclavos.\u00a0<\/p><p>Departamento de Jutiapa: Yupiltepeque, Comapa, Atescatempa y Quesada.<\/p><p>Departamento de Jalapa: parte de la Monta\u00f1a de Santa Mar\u00eda Xalap\u00e1n, Santiago Mataquescuintla y San Carlos Alzatate.<\/p><p>Algunos investigadores consideran que hubo habitantes Xinca en los\u00a0 municipios de Sansare y Sanarate, departamento de El Progreso, que coexistieron con poblaci\u00f3n Ch\u2019orti\u2019, en Mataquescuintla, Jalapa y los Pipil, en Comapa, Jutiapa.\u00a0 I\u00a0<\/p><p>\u00a0<\/p>\t\t\t\t\t\t\t\t<\/div>\n\t\t\t\t\t<\/div>\n\t\t\t\t<\/div>\n\t\t<div data-particle_enable=\"false\" data-particle-mobile-disabled=\"false\" class=\"elementor-element elementor-element-1c630e5 e-flex e-con-boxed e-con e-parent\" data-id=\"1c630e5\" data-element_type=\"container\" data-e-type=\"container\">\n\t\t\t\t\t<div class=\"e-con-inner\">\n\t\t\t\t<div class=\"elementor-element elementor-element-ee3cdaa elementor-widget elementor-widget-image\" data-id=\"ee3cdaa\" data-element_type=\"widget\" data-e-type=\"widget\" data-widget_type=\"image.default\">\n\t\t\t\t\t\t\t\t\t\t\t\t<figure class=\"wp-caption\">\n\t\t\t\t\t\t\t\t\t\t<img decoding=\"async\" width=\"922\" height=\"625\" src=\"https:\/\/soymigrante.com\/revista\/wp-content\/uploads\/2024\/09\/area-Xinca.webp\" class=\"attachment-1536x1536 size-1536x1536 wp-image-9486\" alt=\"Seg\u00fan estudios hist\u00f3ricos, la poblaci\u00f3n Xinka pudo abarcar todo el territorio sombreado en azul, pero en la actualidad se localizan en el \u00e1rea marcada con el azul m\u00e1s oscuro, en Santa Rosa y Jutiapa, Guatemala.\" srcset=\"https:\/\/soymigrante.com\/revista\/wp-content\/uploads\/2024\/09\/area-Xinca.webp 922w, https:\/\/soymigrante.com\/revista\/wp-content\/uploads\/2024\/09\/area-Xinca-300x203.webp 300w, https:\/\/soymigrante.com\/revista\/wp-content\/uploads\/2024\/09\/area-Xinca-768x521.jpg 768w, https:\/\/soymigrante.com\/revista\/wp-content\/uploads\/2024\/09\/area-Xinca-750x508.webp 750w\" sizes=\"(max-width: 922px) 100vw, 922px\" title=\"Seg\u00fan estudios hist\u00f3ricos, la poblaci\u00f3n Xinka pudo abarcar todo el territorio sombreado en azul, pero en la actualidad se localizan en el \u00e1rea marcada con el azul m\u00e1s oscuro, en Santa Rosa y Jutiapa, Guatemala. \u2013 SoyMigrante.com REVISTA\" \/>\t\t\t\t\t\t\t\t\t\t\t<figcaption class=\"widget-image-caption wp-caption-text\">Seg\u00fan estudios hist\u00f3ricos, la poblaci\u00f3n Xinka pudo abarcar todo el territorio sombreado en azul, pero en la actualidad se localizan en el \u00e1rea marcada con el azul m\u00e1s oscuro, en Santa Rosa y Jutiapa, Guatemala.<\/figcaption>\n\t\t\t\t\t\t\t\t\t\t<\/figure>\n\t\t\t\t\t\t\t\t\t<\/div>\n\t\t\t\t\t<\/div>\n\t\t\t\t<\/div>\n\t\t<div data-particle_enable=\"false\" data-particle-mobile-disabled=\"false\" class=\"elementor-element elementor-element-14e3a12 e-flex e-con-boxed e-con e-parent\" data-id=\"14e3a12\" data-element_type=\"container\" data-e-type=\"container\">\n\t\t\t\t\t<div class=\"e-con-inner\">\n\t\t\t\t<div class=\"elementor-element elementor-element-d6c1388 elementor-widget elementor-widget-heading\" data-id=\"d6c1388\" data-element_type=\"widget\" data-e-type=\"widget\" data-widget_type=\"heading.default\">\n\t\t\t\t\t<h3 class=\"elementor-heading-title elementor-size-default\">Alusi\u00f3n  hist\u00f3rica durante la conquista<\/h3>\t\t\t\t<\/div>\n\t\t\t\t\t<\/div>\n\t\t\t\t<\/div>\n\t\t<div data-particle_enable=\"false\" data-particle-mobile-disabled=\"false\" class=\"elementor-element elementor-element-3659a6e e-flex e-con-boxed e-con e-parent\" data-id=\"3659a6e\" data-element_type=\"container\" data-e-type=\"container\">\n\t\t\t\t\t<div class=\"e-con-inner\">\n\t\t\t\t<div class=\"elementor-element elementor-element-ee38069 elementor-widget elementor-widget-text-editor\" data-id=\"ee38069\" data-element_type=\"widget\" data-e-type=\"widget\" data-widget_type=\"text-editor.default\">\n\t\t\t\t\t\t\t\t\t<p>La primera vez que se menciona a los Xinca en la historia, es en la segunda carta de Relaci\u00f3n de la Conquista, que Pedro de Alvarado envi\u00f3 a Hern\u00e1n Cort\u00e9s, en M\u00e9xico, el 28 de julio de 1524. Despu\u00e9s de informar de la batalla contra los Tz\u2019utujil, de batallas contra los Pipil y proseguir su camino rumbo a Cuscatl\u00e1n El Salvador, Alvarado menciona que pas\u00f3 por el pueblo de <i>Atiquipaque<\/i> (cercano a Taxisco), en donde se encontr\u00f3 con personas que hablaban otro idioma diferente al pipil, muy probablemente el Xinka.<\/p><p><span style=\"color: var( --e-global-color-text ); text-align: var(--text-align);\">El cronista Francisco de Fuentes y Guzm\u00e1n (1643 -1700) narra en su libro titulado Recordaci\u00f3n Florida, que el 27 de mayo de 1524 Pedro de Alvarado, con 250 soldados espa\u00f1oles, 100 caballos y 6 mil ind\u00edgenas aliados kaqchikeles, mexicanos y cholutecas, invadieron el poblado de Atiquipaque.<\/span><span style=\"color: var( --e-global-color-text ); text-align: var(--text-align);\">\u00a0\u00a0<\/span><\/p><p><span style=\"color: var( --e-global-color-text ); text-align: var(--text-align);\">El gobernante de esa poblaci\u00f3n \u201c\u2026hiri\u00f3 con su lanza al caballo de Don Pedro, y este desmontando pele\u00f3 con \u00e9l y le mat\u00f3, mientras tanto sus capitanes quedaron manchados en sangre de los ind\u00edgenas&#8230;\u201d<\/span><span style=\"color: var( --e-global-color-text ); text-align: var(--text-align);\">\u00a0 <\/span><span style=\"color: var( --e-global-color-text ); text-align: var(--text-align);\">El historiador Inocencio Del Busto comenta: \u201cno podemos menos que exaltar a este valeroso capit\u00e1n Xinca que tiene los mismos m\u00e9ritos que el gran Tec\u00fan Um\u00e1n, h\u00e9roe nacional.\u201d<\/span><\/p><p><span style=\"color: var( --e-global-color-text ); text-align: var(--text-align);\">Los Xinca construyeron fosos defensivos y atacaron a los espa\u00f1oles con diestros flecheros de los pueblos de Tepeaco y Tacuylula.<\/span><span style=\"color: var( --e-global-color-text ); text-align: var(--text-align);\">\u00a0 <\/span><span style=\"color: var( --e-global-color-text ); text-align: var(--text-align);\">Cantidad de gente que baj\u00f3 de la serran\u00eda de Nextiquipaque, arroj\u00f3 varas, flechas envenenadas y piedras con hondas, <\/span><span style=\"color: var( --e-global-color-text ); text-align: var(--text-align);\">\u00a0<\/span><span style=\"color: var( --e-global-color-text ); text-align: var(--text-align);\">contra los espa\u00f1oles y los tlascaltecas que les apoyaban. Como los Xincas no contaban con armaduras de metal proteg\u00edan el cuerpo con corazas de algod\u00f3n.<\/span><\/p><p><span style=\"color: var( --e-global-color-text ); text-align: var(--text-align);\">Ind\u00edgenas de Guazacap\u00e1n, atacaron Taxisco lugar donde repon\u00edan fuerzas los \u201cindios tamemes\u201d (sic) encargados de llevar alimentos, pertrechos de guerra y otros enseres de los espa\u00f1oles.<\/span><span style=\"color: var( --e-global-color-text ); text-align: var(--text-align);\">\u00a0 <\/span><span style=\"color: var( --e-global-color-text ); text-align: var(--text-align);\">H\u00e1bilmente los xinca les tomaron desprevenidos y les arrebataron ballestas, calzado y herraduras.<\/span><\/p>\t\t\t\t\t\t\t\t<\/div>\n\t\t\t\t\t<\/div>\n\t\t\t\t<\/div>\n\t\t<div data-particle_enable=\"false\" data-particle-mobile-disabled=\"false\" class=\"elementor-element elementor-element-a8269bc e-flex e-con-boxed e-con e-parent\" data-id=\"a8269bc\" data-element_type=\"container\" data-e-type=\"container\">\n\t\t\t\t\t<div class=\"e-con-inner\">\n\t\t\t\t<div class=\"elementor-element elementor-element-22fdf74 elementor-widget elementor-widget-video\" data-id=\"22fdf74\" data-element_type=\"widget\" data-e-type=\"widget\" data-settings=\"{&quot;youtube_url&quot;:&quot;https:\\\/\\\/www.youtube.com\\\/watch?v=rrASN0iRGes&quot;,&quot;start&quot;:185,&quot;end&quot;:420,&quot;video_type&quot;:&quot;youtube&quot;,&quot;controls&quot;:&quot;yes&quot;}\" data-widget_type=\"video.default\">\n\t\t\t\t\t\t\t<div class=\"elementor-wrapper elementor-open-inline\">\n\t\t\t<div class=\"elementor-video\"><\/div>\t\t<\/div>\n\t\t\t\t\t\t<\/div>\n\t\t\t\t\t<\/div>\n\t\t\t\t<\/div>\n\t\t<div data-particle_enable=\"false\" data-particle-mobile-disabled=\"false\" class=\"elementor-element elementor-element-d9316b0 e-flex e-con-boxed e-con e-parent\" data-id=\"d9316b0\" data-element_type=\"container\" data-e-type=\"container\">\n\t\t\t\t\t<div class=\"e-con-inner\">\n\t\t\t\t<div class=\"elementor-element elementor-element-63c6f22 elementor-widget elementor-widget-heading\" data-id=\"63c6f22\" data-element_type=\"widget\" data-e-type=\"widget\" data-widget_type=\"heading.default\">\n\t\t\t\t\t<h3 class=\"elementor-heading-title elementor-size-default\">Resistencia a perder su territorio<\/h3>\t\t\t\t<\/div>\n\t\t\t\t\t<\/div>\n\t\t\t\t<\/div>\n\t\t<div data-particle_enable=\"false\" data-particle-mobile-disabled=\"false\" class=\"elementor-element elementor-element-e2165c7 e-flex e-con-boxed e-con e-parent\" data-id=\"e2165c7\" data-element_type=\"container\" data-e-type=\"container\">\n\t\t\t\t\t<div class=\"e-con-inner\">\n\t\t\t\t<div class=\"elementor-element elementor-element-fe73c07 elementor-widget elementor-widget-text-editor\" data-id=\"fe73c07\" data-element_type=\"widget\" data-e-type=\"widget\" data-widget_type=\"text-editor.default\">\n\t\t\t\t\t\t\t\t\t<p>\u00a0<span style=\"color: var( --e-global-color-text ); text-align: var(--text-align);\">Los guerreros de Guazacap\u00e1n tuvieron como aliados a los de\u00a0<\/span><span style=\"color: var( --e-global-color-text ); text-align: var(--text-align);\">Nextiquipaque, Guaymago y Guanagazapa.<\/span><span style=\"color: var( --e-global-color-text ); text-align: var(--text-align);\">\u00a0 <\/span><span style=\"color: var( --e-global-color-text ); text-align: var(--text-align);\">Los de Jumay presentaron fuerte resistencia y\u00a0<\/span><span style=\"color: var( --e-global-color-text ); text-align: var(--text-align);\">se aliaron con los de Jalpatagua, Ixhuat\u00e1n, Comapa, Los Esclavos y los\u00a0<\/span><span style=\"color: var( --e-global-color-text ); text-align: var(--text-align);\">Petapanecos.<\/span><span style=\"color: var( --e-global-color-text ); text-align: var(--text-align);\">\u00a0 <\/span><span style=\"color: var( --e-global-color-text ); text-align: var(--text-align);\">Fuentes y Guzm\u00e1n escribi\u00f3\u00a0<\/span><span style=\"color: var( --e-global-color-text ); text-align: var(--text-align);\">que los nativos de Jumay utilizaron una armaz\u00f3n de madera para lanzar piedras\u00a0<\/span><span style=\"color: var( --e-global-color-text ); text-align: var(--text-align);\">grandes sobre los espa\u00f1oles \u201caquel madero giraba violentamente y con tanta\u00a0<\/span><span style=\"color: var( --e-global-color-text ); text-align: var(--text-align);\">vehemencia que las<\/span><span style=\"color: var( --e-global-color-text ); text-align: var(--text-align);\">\u00a0 <\/span><span style=\"color: var( --e-global-color-text ); text-align: var(--text-align);\">piedras parec\u00edan disparadas\u00a0<\/span><span style=\"color: var( --e-global-color-text ); text-align: var(--text-align);\">de un ca\u00f1\u00f3n fuerte\u2026\u201d\u00a0<\/span><\/p><p><span style=\"color: var( --e-global-color-text ); text-align: var(--text-align);\">Los hispanos finalmente vencieron, tomaron prisioneros y \u201cherraron\u201d\u00a0<\/span><span style=\"color: var( --e-global-color-text ); text-align: var(--text-align);\">a los jefes de los nativos de Jumay o\u00a0Jumaytepeque, entre ellos uno de los hijos del Se\u00f1or Tonaltet.<\/span><span style=\"color: var( --e-global-color-text ); text-align: var(--text-align);\">\u00a0 <\/span><span style=\"color: var( --e-global-color-text ); text-align: var(--text-align);\">Ya prisioneros los Xincas fueron obligados a\u00a0trabajar en un puente de piedra construido en 1592, actualmente conocido como \u201cLos\u00a0Esclavos\u201d.<\/span><\/p><p>\u00a0<\/p>\t\t\t\t\t\t\t\t<\/div>\n\t\t\t\t\t<\/div>\n\t\t\t\t<\/div>\n\t\t<div data-particle_enable=\"false\" data-particle-mobile-disabled=\"false\" class=\"elementor-element elementor-element-9af1fc4 e-flex e-con-boxed e-con e-parent\" data-id=\"9af1fc4\" data-element_type=\"container\" data-e-type=\"container\">\n\t\t\t\t\t<div class=\"e-con-inner\">\n\t\t\t\t<div class=\"elementor-element elementor-element-3200db3 elementor-grid-eael-col-1 elementor-grid-tablet-eael-col-2 elementor-grid-mobile-eael-col-1 elementor-invisible elementor-widget elementor-widget-eael-post-grid\" data-id=\"3200db3\" data-element_type=\"widget\" data-e-type=\"widget\" data-settings=\"{&quot;eael_post_grid_columns&quot;:&quot;eael-col-1&quot;,&quot;_animation&quot;:&quot;fadeInLeft&quot;,&quot;eael_post_grid_columns_tablet&quot;:&quot;eael-col-2&quot;,&quot;eael_post_grid_columns_mobile&quot;:&quot;eael-col-1&quot;}\" data-widget_type=\"eael-post-grid.default\">\n\t\t\t\t\t<div id=\"eael-post-grid-3200db3\" class=\"eael-post-grid-container\">\n            <div class=\"eael-post-grid eael-post-appender eael-post-appender-3200db3 eael-post-grid-style-one\" data-layout-mode=\"masonry\"><article class=\"eael-grid-post  eael-post-grid-column eael-pg-post-5115 category-arte-cultura-guate-nuestra\" data-id=\"5115\">\n        <div class=\"eael-grid-post-holder\">\n            <div class=\"eael-grid-post-holder-inner\"><div class=\"eael-entry-media\"><div class=\"eael-entry-overlay zoom-in\"><i class=\"far fa-hand-pointer\" aria-hidden=\"true\"><\/i><a href=\"https:\/\/soymigrante.com\/revista\/guatemala-patrimonio-cuatricentenario-puente-los-esclavos-santa-rosa\/\"><\/a><\/div><div class=\"eael-entry-thumbnail \">\n                <img decoding=\"async\" width=\"947\" height=\"936\" src=\"https:\/\/soymigrante.com\/revista\/wp-content\/uploads\/2025\/02\/puente-los-esclavos-origen-santa-rosa-cultura-de-guatemala.png\" class=\"attachment-large size-large wp-image-52602\" alt=\"puente los esclavos origen santa rosa cultura de guatemala\" srcset=\"https:\/\/soymigrante.com\/revista\/wp-content\/uploads\/2025\/02\/puente-los-esclavos-origen-santa-rosa-cultura-de-guatemala.png 947w, https:\/\/soymigrante.com\/revista\/wp-content\/uploads\/2025\/02\/puente-los-esclavos-origen-santa-rosa-cultura-de-guatemala-300x297.png 300w, https:\/\/soymigrante.com\/revista\/wp-content\/uploads\/2025\/02\/puente-los-esclavos-origen-santa-rosa-cultura-de-guatemala-768x759.png 768w, https:\/\/soymigrante.com\/revista\/wp-content\/uploads\/2025\/02\/puente-los-esclavos-origen-santa-rosa-cultura-de-guatemala-75x75.png 75w, https:\/\/soymigrante.com\/revista\/wp-content\/uploads\/2025\/02\/puente-los-esclavos-origen-santa-rosa-cultura-de-guatemala-750x741.png 750w\" sizes=\"(max-width: 947px) 100vw, 947px\" \/>\n            <\/div>\n        <\/div><div class=\"eael-entry-wrapper\"><header class=\"eael-entry-header\"><h2 class=\"eael-entry-title\"><a class=\"eael-grid-post-link\" href=\"https:\/\/soymigrante.com\/revista\/guatemala-patrimonio-cuatricentenario-puente-los-esclavos-santa-rosa\/\" title=\"El legendario Puente Los Esclavos en Santa Rosa desaf\u00eda al tiempo y los elementos desde 1604\">El legendario Puente Los Esclavos en Santa Rosa desaf\u00eda al tiempo y los elementos desde 1604<\/a><\/h2><\/header><div class=\"eael-entry-content\">\n                        <div class=\"eael-grid-post-excerpt\"><a href=\"https:\/\/soymigrante.com\/revista\/guatemala-patrimonio-cuatricentenario-puente-los-esclavos-santa-rosa\/\" class=\"eael-post-elements-readmore-btn\">CONOCE SU HISTORIA <\/a><\/div>\n                    <\/div><\/div><\/div>\n        <\/div>\n    <\/article><\/div>\n            <div class=\"clearfix\"><\/div>\n        <\/div>\t\t\t\t<\/div>\n\t\t\t\t\t<\/div>\n\t\t\t\t<\/div>\n\t\t<div data-particle_enable=\"false\" data-particle-mobile-disabled=\"false\" class=\"elementor-element elementor-element-b6b7bb0 e-flex e-con-boxed e-con e-parent\" data-id=\"b6b7bb0\" data-element_type=\"container\" data-e-type=\"container\">\n\t\t\t\t\t<div class=\"e-con-inner\">\n\t\t\t\t<div class=\"elementor-element elementor-element-8a16666 elementor-widget elementor-widget-text-editor\" data-id=\"8a16666\" data-element_type=\"widget\" data-e-type=\"widget\" data-widget_type=\"text-editor.default\">\n\t\t\t\t\t\t\t\t\t<p><span style=\"color: var( --e-global-color-text ); text-align: var(--text-align);\">Aunque la historia refiere que los habitantes de Guazacap\u00e1n\u00a0y pueblos vecinos fueron vencidos en guerra, los de Jumay sustentan que ellos\u00a0resistieron a los espa\u00f1oles y no fueron conquistaron y cuestionan la historia\u00a0oficial. De hecho las cr\u00f3nicas refieren que en 1665-66, los Xinka provocaron incendios\u00a0en las casas del pueblo lanzando \u201csaetas en cuya punta pon\u00edan un lienzo delgado\u00a0con azufre\u2026\u201d.<\/span><\/p><p><span style=\"color: var( --e-global-color-text ); text-align: var(--text-align);\">La poblaci\u00f3n Xinka disminuy\u00f3 severamente en los siglos XVI y\u00a0XVII, como consecuencia de malos tratos, trabajos forzados y vejaciones que\u00a0recibieron de los encomenderos hispanos, as\u00ed como por las epidemias debido a que no ten\u00edan defensas contra virus tra\u00eddos por los invasores.<\/span><\/p><p><span style=\"color: var( --e-global-color-text ); text-align: var(--text-align);\">En el siglo XIX, el suroriente de Guatemala vivi\u00f3 batallas y\u00a0contiendas pol\u00edticas entre liberales y conservadores, llegaron personas de\u00a0otras regiones y algunos vecinos de Santa Rosa, Jalapa y Jutiapa se integraron\u00a0a las milicias.\u00a0\u00a0<\/span><\/p>\t\t\t\t\t\t\t\t<\/div>\n\t\t\t\t\t<\/div>\n\t\t\t\t<\/div>\n\t\t<div data-particle_enable=\"false\" data-particle-mobile-disabled=\"false\" class=\"elementor-element elementor-element-d00050e e-flex e-con-boxed e-con e-parent\" data-id=\"d00050e\" data-element_type=\"container\" data-e-type=\"container\">\n\t\t\t\t\t<div class=\"e-con-inner\">\n\t\t\t\t<div class=\"elementor-element elementor-element-83fb572 elementor-widget elementor-widget-video\" data-id=\"83fb572\" data-element_type=\"widget\" data-e-type=\"widget\" data-settings=\"{&quot;youtube_url&quot;:&quot;https:\\\/\\\/www.youtube.com\\\/watch?v=EaaGtuLqFH4&quot;,&quot;start&quot;:80,&quot;video_type&quot;:&quot;youtube&quot;,&quot;controls&quot;:&quot;yes&quot;}\" data-widget_type=\"video.default\">\n\t\t\t\t\t\t\t<div class=\"elementor-wrapper elementor-open-inline\">\n\t\t\t<div class=\"elementor-video\"><\/div>\t\t<\/div>\n\t\t\t\t\t\t<\/div>\n\t\t\t\t\t<\/div>\n\t\t\t\t<\/div>\n\t\t<div data-particle_enable=\"false\" data-particle-mobile-disabled=\"false\" class=\"elementor-element elementor-element-61b4ee2 e-flex e-con-boxed e-con e-parent\" data-id=\"61b4ee2\" data-element_type=\"container\" data-e-type=\"container\">\n\t\t\t\t\t<div class=\"e-con-inner\">\n\t\t\t\t<div class=\"elementor-element elementor-element-eda94a0 elementor-widget elementor-widget-heading\" data-id=\"eda94a0\" data-element_type=\"widget\" data-e-type=\"widget\" data-widget_type=\"heading.default\">\n\t\t\t\t\t<h2 class=\"elementor-heading-title elementor-size-default\">Un idioma que busca recuperarse<\/h2>\t\t\t\t<\/div>\n\t\t\t\t\t<\/div>\n\t\t\t\t<\/div>\n\t\t<div data-particle_enable=\"false\" data-particle-mobile-disabled=\"false\" class=\"elementor-element elementor-element-88003cd e-flex e-con-boxed e-con e-parent\" data-id=\"88003cd\" data-element_type=\"container\" data-e-type=\"container\">\n\t\t\t\t\t<div class=\"e-con-inner\">\n\t\t\t\t<div class=\"elementor-element elementor-element-738b85e elementor-widget elementor-widget-text-editor\" data-id=\"738b85e\" data-element_type=\"widget\" data-e-type=\"widget\" data-widget_type=\"text-editor.default\">\n\t\t\t\t\t\t\t\t\t<p class=\"MsoNormal\">El alfabeto del idioma Xinka consiste de 23 letras, 17 consonantes y 6 vocales.\u00a0 No se conoce y a\u00fan se discute el origen y la familia ling\u00fc\u00edstica a la que pertenece esta lengua. En la actualidad, el Xinca, es el \u00fanico idioma ind\u00edgena cuyo origen no se remonta a los antiguos mayas.<\/p><p class=\"MsoNormal\">\u00a0<\/p><p class=\"MsoNormal\">El primero y m\u00e1s antiguo documento que se conoce acerca del idioma Xinka es \u201cArte de la lengua Szinca\u201d, data de 1773 escrito por el sacerdote espa\u00f1ol Manuel Maldonado de Matos, quien vivi\u00f3 en Guazacap\u00e1n, Santa Rosa. El libro de 108 hojas, se encuentra en la Universidad de Harvard, Estados Unidos.<\/p><p class=\"MsoNormal\">\u00a0<\/p><p class=\"MsoNormal\">En 1908, el m\u00e9dico Eustorgio Calder\u00f3n indica\u00a0 que los\u00a0 \u201cSinca\u201d habitantes de Yupiltepeque hablaban un idioma similar al \u201cde los de Jalapa\u201d. Los campesinos adultos se quejaban que dejaron de hablar su idioma porque los j\u00f3venes se burlaban de ellos.\u00a0 Frauke Sachse, ling\u00fcista alemana escribi\u00f3 en el a\u00f1o 2000 que \u201cel idioma xinka ya no se usaba para la comunicaci\u00f3n cotidiana\u201d. Para rescatar y fortalecer el idioma Xinca los ling\u00fcistas Rodrigo Ranero y Juan Pablo L\u00f3pez, han realizado importantes estudios por medio del Consejo del Pueblo Xinka de Guatemala -COPXIG-.\u00a0<\/p><p class=\"MsoNormal\">\u00a0<\/p><p class=\"MsoNormal\">El nombre de buena parte de poblados de Jalapa y El Progreso son de origen xinkas.\u00a0 Por ejemplo: Ayampuk, Sansirisay, Sanguayab\u00e1, Sanarate, Sampaquisoy, Tatasirire e Ipala.\u00a0 El vocablo \u201csan\u201d significa \u201cen\u201d, \u201ca\u201d, por ejemplo Sanpajan.\u00a0 Los espa\u00f1oles y acompa\u00f1antes tlascaltecas y mexicas, renombraron en n\u00e1huatl algunos lugares y agregaron uno cristiano.\u00a0<\/p><p class=\"MsoNormal\">Por ejemplo Guazacap\u00e1n, en Xinka se dec\u00eda Tzimaja; Santa Mar\u00eda Ixhuat\u00e1n, se llamaba Zsampiya.<\/p>\t\t\t\t\t\t\t\t<\/div>\n\t\t\t\t\t<\/div>\n\t\t\t\t<\/div>\n\t\t<div data-particle_enable=\"false\" data-particle-mobile-disabled=\"false\" class=\"elementor-element elementor-element-b685705 e-flex e-con-boxed e-con e-parent\" data-id=\"b685705\" data-element_type=\"container\" data-e-type=\"container\">\n\t\t\t\t\t<div class=\"e-con-inner\">\n\t\t\t\t<div class=\"elementor-element elementor-element-966ca71 elementor-widget elementor-widget-facebook-page\" data-id=\"966ca71\" data-element_type=\"widget\" data-e-type=\"widget\" data-widget_type=\"facebook-page.default\">\n\t\t\t\t\t<div class=\"elementor-facebook-widget fb-page\" data-href=\"https:\/\/www.facebook.com\/parlamento.xinka.3\" data-tabs=\"timeline\" data-height=\"500px\" data-width=\"500px\" data-small-header=\"false\" data-hide-cover=\"false\" data-show-facepile=\"true\" data-hide-cta=\"false\" style=\"min-height: 1px;height:500px\"><\/div>\t\t\t\t<\/div>\n\t\t\t\t\t<\/div>\n\t\t\t\t<\/div>\n\t\t<div data-particle_enable=\"false\" data-particle-mobile-disabled=\"false\" class=\"elementor-element elementor-element-9ff0a3e e-flex e-con-boxed e-con e-parent\" data-id=\"9ff0a3e\" data-element_type=\"container\" data-e-type=\"container\">\n\t\t\t\t\t<div class=\"e-con-inner\">\n\t\t\t\t<div class=\"elementor-element elementor-element-1774259 elementor-widget elementor-widget-heading\" data-id=\"1774259\" data-element_type=\"widget\" data-e-type=\"widget\" data-widget_type=\"heading.default\">\n\t\t\t\t\t<h3 class=\"elementor-heading-title elementor-size-default\">Acerca de la indumentaria tradicional xinka <\/h3>\t\t\t\t<\/div>\n\t\t\t\t\t<\/div>\n\t\t\t\t<\/div>\n\t\t<div data-particle_enable=\"false\" data-particle-mobile-disabled=\"false\" class=\"elementor-element elementor-element-1fcc08c e-flex e-con-boxed e-con e-parent\" data-id=\"1fcc08c\" data-element_type=\"container\" data-e-type=\"container\">\n\t\t\t\t\t<div class=\"e-con-inner\">\n\t\t\t\t<div class=\"elementor-element elementor-element-9e3df1d elementor-widget elementor-widget-text-editor\" data-id=\"9e3df1d\" data-element_type=\"widget\" data-e-type=\"widget\" data-widget_type=\"text-editor.default\">\n\t\t\t\t\t\t\t\t\t<p>Los hombres xinka sol\u00edan vestir calz\u00f3n (pantal\u00f3n corto) y camisa de manta. Usaban sombrero de palma hecho por ellos mismos, tecomate para llevar agua y morral de pita al hombro para portar los alimentos y objetos personales. Este uso pr\u00e1cticamente ha sido sustituido por ropa occidental.<\/p><p>\u00a0<span style=\"color: var( --e-global-color-text ); text-align: var(--text-align);\">Los Xinca explican que el traje distintivo cay\u00f3 en desuso por efecto de la discriminaci\u00f3n y racismo.\u00a0 Los muchachos no visten como sus antepasados porque <\/span><span style=\"color: var( --e-global-color-text ); text-align: var(--text-align);\">\u00a0<\/span><span style=\"color: var( --e-global-color-text ); text-align: var(--text-align);\">\u201cles da verg\u00fcenza\u201d. Sin embargo \u00faltimamente algunos se han interesado<\/span><span style=\"color: var( --e-global-color-text ); text-align: var(--text-align);\">\u00a0 <\/span><span style=\"color: var( --e-global-color-text ); text-align: var(--text-align);\">en conocer sus or\u00edgenes<\/span><span style=\"color: var( --e-global-color-text ); text-align: var(--text-align);\">\u00a0 <\/span><span style=\"color: var( --e-global-color-text ); text-align: var(--text-align);\">y cultura.<\/span><span style=\"color: var( --e-global-color-text ); text-align: var(--text-align);\">\u00a0<\/span><span style=\"color: var( --e-global-color-text ); text-align: var(--text-align);\">\u00a0<\/span><\/p><p>Muchas mujeres Xinca recuerdan la vestimenta antigua con nostalgia y admiraci\u00f3n.\u00a0 Mencionan que las abuelas usaban enaguas, fustanes de manta y el \u201cmont\u00f3n\u201d de vuelos que portaban debajo de la falda.\u00a0 Actualmente las mujeres adultas son las que usan vestidos de este tipo, de colores fuertes, con encajes en el cuello y pecho, sobre este regularmente portan gabacha.\u00a0<\/p><p>Se comenta que en el siglo XX las mujeres vistieron corte (lienzo que cubre el cuerpo de la mujer de la cintura al tobillo) elaborado en telar de cintura, de color azul y l\u00edneas blancas.\u00a0 Trenzaban su cabello con listones, en ocasiones luc\u00edan peinetas, collares de varios hilos y aretes.<\/p><p>\u00a0<\/p><p>\u00a0<\/p>\t\t\t\t\t\t\t\t<\/div>\n\t\t\t\t\t<\/div>\n\t\t\t\t<\/div>\n\t\t<div data-particle_enable=\"false\" data-particle-mobile-disabled=\"false\" class=\"elementor-element elementor-element-fe02903 e-flex e-con-boxed e-con e-parent\" data-id=\"fe02903\" data-element_type=\"container\" data-e-type=\"container\">\n\t\t\t\t\t<div class=\"e-con-inner\">\n\t\t\t\t<div class=\"elementor-element elementor-element-cf6e51d elementor-widget elementor-widget-heading\" data-id=\"cf6e51d\" data-element_type=\"widget\" data-e-type=\"widget\" data-widget_type=\"heading.default\">\n\t\t\t\t\t<h3 class=\"elementor-heading-title elementor-size-default\">Vida, visi\u00f3n, valores de la cultura Xinka<\/h3>\t\t\t\t<\/div>\n\t\t\t\t\t<\/div>\n\t\t\t\t<\/div>\n\t\t<div data-particle_enable=\"false\" data-particle-mobile-disabled=\"false\" class=\"elementor-element elementor-element-f561bae e-flex e-con-boxed e-con e-parent\" data-id=\"f561bae\" data-element_type=\"container\" data-e-type=\"container\">\n\t\t\t\t\t<div class=\"e-con-inner\">\n\t\t\t\t<div class=\"elementor-element elementor-element-3c40c05 elementor-widget elementor-widget-text-editor\" data-id=\"3c40c05\" data-element_type=\"widget\" data-e-type=\"widget\" data-widget_type=\"text-editor.default\">\n\t\t\t\t\t\t\t\t\t<p class=\"MsoNormal\">El pueblo Xinka es \u201cunido, trabajador, ve a todas las personas por igual\u201d.\u00a0 Los antepasados oraban al Creador por pedir buenas cosechas, vida y lluvia\u201d.\u00a0 Tomaban en cuenta las fases de la luna para sembrar, para cortar un \u00e1rbol o fruta\u201d.\u00a0\u00a0<\/p><p class=\"MsoNormal\">Tambi\u00e9n la luna reg\u00eda los cuidados para una mujer embarazada, al dar a luz y con el reci\u00e9n nacido.\u00a0 Se cuenta algunas personas nac\u00edan con poderes para propiciar la lluvia o sequ\u00eda. Eran conocidos com los \u201cTekuanes\u201d, pedidores, guardianes y ahuyentadores de\u00a0 la\u00a0 lluvia, que tambi\u00e9n ten\u00edan el privilegio de comunicarse con el creador o Tiwix.<\/p><p class=\"MsoNormal\">\u00a0<\/p><p><span style=\"font-size: 12.0pt; font-family: 'Calibri',sans-serif; mso-ascii-theme-font: minor-latin; mso-fareast-font-family: Calibri; mso-fareast-theme-font: minor-latin; mso-hansi-theme-font: minor-latin; mso-bidi-font-family: 'Times New Roman'; mso-bidi-theme-font: minor-bidi; mso-ansi-language: ES-GT; mso-fareast-language: EN-US; mso-bidi-language: AR-SA;\">Desde tiempo de la colonia, las celebraciones de los santos patronos de las aldeas y\u00a0 municipios est\u00e1n a cargo de las comunidades ind\u00edgenas y cofrad\u00edas, algunas a\u00fan existen en Jumaytepeque, Mataquescuintla y Los Esclavos.\u00a0 Hoy son elementos importantes de cohesi\u00f3n social y fraternidad.\u00a0\u00a0<\/span><\/p>\t\t\t\t\t\t\t\t<\/div>\n\t\t\t\t\t<\/div>\n\t\t\t\t<\/div>\n\t\t<div data-particle_enable=\"false\" data-particle-mobile-disabled=\"false\" class=\"elementor-element elementor-element-80a5ab8 e-flex e-con-boxed e-con e-parent\" data-id=\"80a5ab8\" data-element_type=\"container\" data-e-type=\"container\">\n\t\t\t\t\t<div class=\"e-con-inner\">\n\t\t\t\t<div class=\"elementor-element elementor-element-620e4d2 elementor-widget elementor-widget-facebook-embed\" data-id=\"620e4d2\" data-element_type=\"widget\" data-e-type=\"widget\" data-widget_type=\"facebook-embed.default\">\n\t\t\t\t\t<div style=\"min-height: 1px\" class=\"elementor-facebook-widget fb-video\" data-href=\"https:\/\/www.facebook.com\/watch\/?v=1999163340386264\" data-show-text=\"false\" data-allowfullscreen=\"false\" data-autoplay=\"false\" data-show-captions=\"false\"><\/div>\t\t\t\t<\/div>\n\t\t\t\t\t<\/div>\n\t\t\t\t<\/div>\n\t\t<div data-particle_enable=\"false\" data-particle-mobile-disabled=\"false\" class=\"elementor-element elementor-element-5e94cc7 e-flex e-con-boxed e-con e-parent\" data-id=\"5e94cc7\" data-element_type=\"container\" data-e-type=\"container\">\n\t\t\t\t\t<div class=\"e-con-inner\">\n\t\t\t\t<div class=\"elementor-element elementor-element-4146dc7 elementor-widget elementor-widget-heading\" data-id=\"4146dc7\" data-element_type=\"widget\" data-e-type=\"widget\" data-widget_type=\"heading.default\">\n\t\t\t\t\t<h2 class=\"elementor-heading-title elementor-size-default\">Todos somos hermanos porque compartimos un territorio: Guatemala<\/h2>\t\t\t\t<\/div>\n\t\t\t\t\t<\/div>\n\t\t\t\t<\/div>\n\t\t<div data-particle_enable=\"false\" data-particle-mobile-disabled=\"false\" class=\"elementor-element elementor-element-dd7063e e-flex e-con-boxed e-con e-parent\" data-id=\"dd7063e\" data-element_type=\"container\" data-e-type=\"container\">\n\t\t\t\t\t<div class=\"e-con-inner\">\n\t\t\t\t<div class=\"elementor-element elementor-element-8aa815a elementor-widget elementor-widget-blfe-post-grid\" data-id=\"8aa815a\" data-element_type=\"widget\" data-e-type=\"widget\" data-settings=\"{&quot;columns&quot;:&quot;3&quot;,&quot;columns_tablet&quot;:&quot;6&quot;,&quot;columns_mobile&quot;:&quot;12&quot;,&quot;hero1_layout_column_gap&quot;:{&quot;unit&quot;:&quot;px&quot;,&quot;size&quot;:30,&quot;sizes&quot;:[]},&quot;hero1_layout_column_gap_tablet&quot;:{&quot;unit&quot;:&quot;px&quot;,&quot;size&quot;:&quot;&quot;,&quot;sizes&quot;:[]},&quot;hero1_layout_column_gap_mobile&quot;:{&quot;unit&quot;:&quot;px&quot;,&quot;size&quot;:&quot;&quot;,&quot;sizes&quot;:[]},&quot;hero1_layout_row_gap&quot;:{&quot;unit&quot;:&quot;px&quot;,&quot;size&quot;:30,&quot;sizes&quot;:[]},&quot;hero1_layout_row_gap_tablet&quot;:{&quot;unit&quot;:&quot;px&quot;,&quot;size&quot;:&quot;&quot;,&quot;sizes&quot;:[]},&quot;hero1_layout_row_gap_mobile&quot;:{&quot;unit&quot;:&quot;px&quot;,&quot;size&quot;:&quot;&quot;,&quot;sizes&quot;:[]}}\" data-widget_type=\"blfe-post-grid.hero1\">\n\t\t\t\t<div class=\"elementor-widget-container\">\n\t\t\t\t\t\n                        <div class=\"blfe-post-grid-container \">\n            \n                <div data-skin=\"hero1\" class=\"blfe-row blfe-posts-inner blfe-hero1 blfe-posts-inner blfe-col-3 blfe-col-tab-6 blfe-col-mob-12     \">\n                            <div class=\"blfe-post-grid-item\">\n            <div class=\"blfe-post-grid-item-inner blfe-modern-zoom\">\n                        <div class=\"blfe-post-grid-bg-image\">\n            <a class=\"blfe-post-grid-image-inner\" href=\"https:\/\/soymigrante.com\/revista\/tzunun-tzii-es-el-nombre-prehispanico-del-pueblo-uspanteko-y-su-nahual-es-un-colibri\/\" title=\"Tz&#8217;unun Tziij es el nombre prehisp\u00e1nico del pueblo Uspanteko y su nahual es un colibr\u00ed\" rel=\"nofollow\" target=\"_blank\"><img decoding=\"async\" src=\"https:\/\/soymigrante.com\/revista\/wp-content\/uploads\/2024\/09\/uspanteko.webp\" alt=\"Tz&#8217;unun Tziij es el nombre prehisp\u00e1nico del pueblo Uspanteko y su nahual es un colibr\u00ed\"\/><\/a>        <\/div>\n                        <div class=\"blfe-post-grid-details\">\n                    <div class=\"blfe-post-grid-details-inner\">\n                        <span class=\"blfe-post-category\"><a href=\"https:\/\/soymigrante.com\/revista\/category\/guate-nuestra\/pueblos-de-guatemala\/\">Pueblos de Guatemala<\/a><\/span>                        <h3 class=\"blfe-post-grid-title\">\n            <a href=\"https:\/\/soymigrante.com\/revista\/tzunun-tzii-es-el-nombre-prehispanico-del-pueblo-uspanteko-y-su-nahual-es-un-colibri\/\" title=\"Tz&#8217;unun Tziij es el nombre prehisp\u00e1nico del pueblo Uspanteko y su nahual es un colibr\u00ed\" rel=\"nofollow\" target=\"_blank\">Tz&#8217;unun Tziij es el nombre prehisp\u00e1nico del pueblo Uspanteko y su nahual es un colibr\u00ed<\/a>\n            <\/h3>                                                            <div class=\"blfe-post-grid-meta\">\n                <span class=\"blfe-post-grid-time\"><i class=\"fas fa-book-reader\"><\/i>7 Min read<\/span>            <\/div>\n                                                        <\/div>\n                <\/div>\n\n            <\/div>\n        <\/div>\n                <div class=\"blfe-post-grid-item\">\n            <div class=\"blfe-post-grid-item-inner blfe-modern-zoom\">\n                        <div class=\"blfe-post-grid-bg-image\">\n            <a class=\"blfe-post-grid-image-inner\" href=\"https:\/\/soymigrante.com\/revista\/san-juan-comalapa-la-cuna-del-arte-popular-en-guatemala\/\" title=\"San Juan Comalapa, la cuna del arte popular en Guatemala\" rel=\"nofollow\" target=\"_blank\"><img decoding=\"async\" src=\"https:\/\/soymigrante.com\/revista\/wp-content\/uploads\/2025\/09\/San-Juan-Comalapa-5-e1757615970442.jpg\" alt=\"San Juan Comalapa, la cuna del arte popular en Guatemala\"\/><\/a>        <\/div>\n                        <div class=\"blfe-post-grid-details\">\n                    <div class=\"blfe-post-grid-details-inner\">\n                        <span class=\"blfe-post-category\"><a href=\"https:\/\/soymigrante.com\/revista\/category\/guate-nuestra\/\">Guate Nuestra<\/a><\/span>                        <h3 class=\"blfe-post-grid-title\">\n            <a href=\"https:\/\/soymigrante.com\/revista\/san-juan-comalapa-la-cuna-del-arte-popular-en-guatemala\/\" title=\"San Juan Comalapa, la cuna del arte popular en Guatemala\" rel=\"nofollow\" target=\"_blank\">San Juan Comalapa, la cuna del arte popular en Guatemala<\/a>\n            <\/h3>                                                            <div class=\"blfe-post-grid-meta\">\n                <span class=\"blfe-post-grid-time\"><i class=\"fas fa-book-reader\"><\/i>4 Min read<\/span>            <\/div>\n                                                        <\/div>\n                <\/div>\n\n            <\/div>\n        <\/div>\n                <div class=\"blfe-post-grid-item\">\n            <div class=\"blfe-post-grid-item-inner blfe-modern-zoom\">\n                        <div class=\"blfe-post-grid-bg-image\">\n            <a class=\"blfe-post-grid-image-inner\" href=\"https:\/\/soymigrante.com\/revista\/pueblo-qeqchi-es-el-idioma-maya-con-mayor-cifra-de-hablantes\/\" title=\"Pueblo Q&#8217;eqchi&#8217; es el idioma maya con mayor cifra de hablantes\" rel=\"nofollow\" target=\"_blank\"><img decoding=\"async\" src=\"https:\/\/soymigrante.com\/revista\/wp-content\/uploads\/2024\/09\/jpg4555_7-scaled.webp\" alt=\"Pueblo Q&#8217;eqchi&#8217; es el idioma maya con mayor cifra de hablantes\"\/><\/a>        <\/div>\n                        <div class=\"blfe-post-grid-details\">\n                    <div class=\"blfe-post-grid-details-inner\">\n                        <span class=\"blfe-post-category\"><a href=\"https:\/\/soymigrante.com\/revista\/category\/guate-nuestra\/pueblos-de-guatemala\/\">Pueblos de Guatemala<\/a><\/span>                        <h3 class=\"blfe-post-grid-title\">\n            <a href=\"https:\/\/soymigrante.com\/revista\/pueblo-qeqchi-es-el-idioma-maya-con-mayor-cifra-de-hablantes\/\" title=\"Pueblo Q&#8217;eqchi&#8217; es el idioma maya con mayor cifra de hablantes\" rel=\"nofollow\" target=\"_blank\">Pueblo Q&#8217;eqchi&#8217; es el idioma maya con mayor cifra de hablantes<\/a>\n            <\/h3>                                                            <div class=\"blfe-post-grid-meta\">\n                <span class=\"blfe-post-grid-time\"><i class=\"fas fa-book-reader\"><\/i>11 Min read<\/span>            <\/div>\n                                                        <\/div>\n                <\/div>\n\n            <\/div>\n        <\/div>\n                        <\/div>\n\n                        <\/div>\n            \n                        <div class=\"blfe-post-footer\">\n                        <\/div>\n            \t\t\t\t<\/div>\n\t\t\t\t<\/div>\n\t\t\t\t\t<\/div>\n\t\t\t\t<\/div>\n\t\t\t\t<\/div>\n\t\t","protected":false},"excerpt":{"rendered":"<p>El pueblo Xinka proviene de un tronco distinto a los pueblos mayas. Teor\u00edas los sit\u00faan como descendientes de migrantes andinos, pero su origen se pierde en las nieblas del tiempo. Y sin embargo, all\u00ed est\u00e1 la cultura Xinka, en poblados de Santa Rosa y Jutiapa, aunque su territorio era a\u00fan mayor. Los Xinca habitaban territorios [&hellip;]<\/p>\n","protected":false},"author":17,"featured_media":9482,"comment_status":"open","ping_status":"open","sticky":false,"template":"","format":"standard","meta":{"_acf_changed":false,"_eb_attr":"","footnotes":""},"categories":[125],"tags":[],"class_list":["post-9481","post","type-post","status-publish","format-standard","has-post-thumbnail","hentry","category-pueblos-de-guatemala"],"acf":[],"aioseo_notices":[],"aioseo_head":"\n\t\t<!-- All in One SEO Pro 4.9.6.2 - aioseo.com -->\n\t<meta name=\"description\" content=\"En la actual regi\u00f3n de Alta Verapaz se form\u00f3 el se\u00f1or\u00edo Cham\u00e1, que al momento de la conquista estaba muy bien organizado para resistir la invasi\u00f3n espa\u00f1ola.\" \/>\n\t<meta name=\"robots\" content=\"max-snippet:-1, max-image-preview:large, max-video-preview:-1\" \/>\n\t<meta name=\"author\" content=\"Edwin Castro\"\/>\n\t<link rel=\"canonical\" href=\"https:\/\/soymigrante.com\/revista\/pueblo-qeqchi-es-el-idioma-maya-con-mayor-cifra-de-hablantes\/\" \/>\n\t<meta name=\"generator\" content=\"All in One SEO Pro (AIOSEO) 4.9.6.2\" \/>\n\n\t\t<link rel=\"preconnect\" href=\"https:\/\/fonts.googleapis.com\" crossorigin>\n<link rel=\"preconnect\" href=\"https:\/\/fonts.gstatic.com\" crossorigin>\n\t\t<meta property=\"og:locale\" content=\"es_ES\" \/>\n\t\t<meta property=\"og:site_name\" content=\"SoyMigrante.com REVISTA \u2013 Nuestra misi\u00f3n es reconocer y dignificar al migrante.\" \/>\n\t\t<meta property=\"og:type\" content=\"article\" \/>\n\t\t<meta property=\"og:title\" content=\"Pueblo Q\u2019eqchi\u2019 es el idioma maya con mayor cifra de hablantes\" \/>\n\t\t<meta property=\"og:description\" content=\"En la actual regi\u00f3n de Alta Verapaz se form\u00f3 el se\u00f1or\u00edo Cham\u00e1, que al momento de la conquista estaba muy bien organizado para resistir la invasi\u00f3n espa\u00f1ola.\" \/>\n\t\t<meta property=\"og:url\" content=\"https:\/\/soymigrante.com\/revista\/pueblo-qeqchi-es-el-idioma-maya-con-mayor-cifra-de-hablantes\/\" \/>\n\t\t<meta property=\"og:image\" content=\"https:\/\/soymigrante.com\/revista\/wp-content\/uploads\/2024\/09\/jpg4555_7-scaled.webp\" \/>\n\t\t<meta property=\"og:image:secure_url\" content=\"https:\/\/soymigrante.com\/revista\/wp-content\/uploads\/2024\/09\/jpg4555_7-scaled.webp\" \/>\n\t\t<meta property=\"og:image:width\" content=\"1920\" \/>\n\t\t<meta property=\"og:image:height\" content=\"1920\" \/>\n\t\t<meta property=\"article:published_time\" content=\"2024-09-20T17:13:41+00:00\" \/>\n\t\t<meta property=\"article:modified_time\" content=\"2025-09-17T13:35:23+00:00\" \/>\n\t\t<meta property=\"article:publisher\" content=\"https:\/\/www.facebook.com\/soymigrantecom\" \/>\n\t\t<meta name=\"twitter:card\" content=\"summary_large_image\" \/>\n\t\t<meta name=\"twitter:site\" content=\"@SoyMigrante_com\" \/>\n\t\t<meta name=\"twitter:title\" content=\"Pueblo Q\u2019eqchi\u2019 es el idioma maya con mayor cifra de hablantes\" \/>\n\t\t<meta name=\"twitter:description\" content=\"En la actual regi\u00f3n de Alta Verapaz se form\u00f3 el se\u00f1or\u00edo Cham\u00e1, que al momento de la conquista estaba muy bien organizado para resistir la invasi\u00f3n espa\u00f1ola.\" \/>\n\t\t<meta name=\"twitter:creator\" content=\"@SoyMigrante_com\" \/>\n\t\t<meta name=\"twitter:image\" content=\"https:\/\/soymigrante.com\/revista\/wp-content\/uploads\/2024\/09\/jpg4555_7-scaled.webp\" \/>\n\t\t<!-- All in One SEO Pro -->\r\n\t\t<title>Pueblo Q\u2019eqchi\u2019 es el idioma maya con mayor cifra de hablantes<\/title>\n\n","aioseo_head_json":{"title":"Pueblo Q\u2019eqchi\u2019 es el idioma maya con mayor cifra de hablantes","description":"En la actual regi\u00f3n de Alta Verapaz se form\u00f3 el se\u00f1or\u00edo Cham\u00e1, que al momento de la conquista estaba muy bien organizado para resistir la invasi\u00f3n espa\u00f1ola.","canonical_url":"https:\/\/soymigrante.com\/revista\/pueblo-qeqchi-es-el-idioma-maya-con-mayor-cifra-de-hablantes\/","robots":"max-snippet:-1, max-image-preview:large, max-video-preview:-1","keywords":"","webmasterTools":{"miscellaneous":"&lt;link rel=\"preconnect\" href=\"https:\/\/fonts.googleapis.com\" crossorigin&gt;\n&lt;link rel=\"preconnect\" href=\"https:\/\/fonts.gstatic.com\" crossorigin&gt;"},"schema":null,"og:locale":"es_ES","og:site_name":"SoyMigrante.com REVISTA \u2013 Nuestra misi\u00f3n es reconocer y dignificar al migrante.","og:type":"article","og:title":"Pueblo Q\u2019eqchi\u2019 es el idioma maya con mayor cifra de hablantes","og:description":"En la actual regi\u00f3n de Alta Verapaz se form\u00f3 el se\u00f1or\u00edo Cham\u00e1, que al momento de la conquista estaba muy bien organizado para resistir la invasi\u00f3n espa\u00f1ola.","og:url":"https:\/\/soymigrante.com\/revista\/pueblo-qeqchi-es-el-idioma-maya-con-mayor-cifra-de-hablantes\/","og:image":"https:\/\/soymigrante.com\/revista\/wp-content\/uploads\/2024\/09\/jpg4555_7-scaled.webp","og:image:secure_url":"https:\/\/soymigrante.com\/revista\/wp-content\/uploads\/2024\/09\/jpg4555_7-scaled.webp","og:image:width":1920,"og:image:height":1920,"article:published_time":"2024-09-20T17:13:41+00:00","article:modified_time":"2025-09-17T13:35:23+00:00","article:publisher":"https:\/\/www.facebook.com\/soymigrantecom","twitter:card":"summary_large_image","twitter:site":"@SoyMigrante_com","twitter:title":"Pueblo Q\u2019eqchi\u2019 es el idioma maya con mayor cifra de hablantes","twitter:description":"En la actual regi\u00f3n de Alta Verapaz se form\u00f3 el se\u00f1or\u00edo Cham\u00e1, que al momento de la conquista estaba muy bien organizado para resistir la invasi\u00f3n espa\u00f1ola.","twitter:creator":"@SoyMigrante_com","twitter:image":"https:\/\/soymigrante.com\/revista\/wp-content\/uploads\/2024\/09\/jpg4555_7-scaled.webp"},"aioseo_meta_data":{"post_id":"9481","title":"Pueblo Xinca est\u00e1 presente en el suroriente guatemalteco","description":"Reducci\u00f3n de hablantes y subregistros, accidentales o deliberados, llevaron por d\u00e9cadas a creer ue el pueblo Xinca ya no exist\u00eda. Pero est\u00e1 all\u00ed vivo y presente.","keywords":null,"keyphrases":{"focus":{"keyphrase":"Xinca","score":76,"analysis":{"keyphraseInTitle":{"score":9,"maxScore":9,"error":0},"keyphraseInDescription":{"score":9,"maxScore":9,"error":0},"keyphraseLength":{"score":9,"maxScore":9,"error":0,"length":1},"keyphraseInURL":{"score":1,"maxScore":5,"error":1},"keyphraseInIntroduction":{"score":9,"maxScore":9,"error":0},"keyphraseInSubHeadings":{"score":3,"maxScore":9,"error":1},"keyphraseInImageAlt":{"score":3,"maxScore":9,"error":1},"keywordDensity":{"type":"best","score":9,"maxScore":9,"error":0}}},"additional":[{"keyphrase":"Guatemalteco","score":40,"analysis":{"keyphraseInDescription":{"score":3,"maxScore":9,"error":1},"keyphraseLength":{"score":9,"maxScore":9,"error":0,"length":1},"keyphraseInIntroduction":{"score":3,"maxScore":9,"error":1},"keyphraseInImageAlt":{"score":3,"maxScore":9,"error":1},"keywordDensity":{"score":0,"type":"low","maxScore":9,"error":1}}}]},"primary_term":null,"canonical_url":null,"og_title":null,"og_description":null,"og_object_type":"default","og_image_type":"default","og_image_url":null,"og_image_width":null,"og_image_height":null,"og_image_custom_url":null,"og_image_custom_fields":null,"og_video":"","og_custom_url":null,"og_article_section":null,"og_article_tags":null,"twitter_use_og":false,"twitter_card":"default","twitter_image_type":"default","twitter_image_url":null,"twitter_image_custom_url":null,"twitter_image_custom_fields":null,"twitter_title":null,"twitter_description":null,"schema":{"blockGraphs":[],"customGraphs":[],"default":{"data":{"Article":[],"Course":[],"Dataset":[],"FAQPage":[],"Movie":[],"Person":[],"Product":[],"ProductReview":[],"Car":[],"Recipe":[],"Service":[],"SoftwareApplication":[],"WebPage":[]},"graphName":"none","isEnabled":true},"graphs":[]},"schema_type":"default","schema_type_options":null,"pillar_content":false,"robots_default":true,"robots_noindex":false,"robots_noarchive":false,"robots_nosnippet":false,"robots_nofollow":false,"robots_noimageindex":false,"robots_noodp":false,"robots_notranslate":false,"robots_max_snippet":"-1","robots_max_videopreview":"-1","robots_max_imagepreview":"large","priority":null,"frequency":"default","local_seo":null,"seo_analyzer_scan_date":"2025-10-08 23:06:01","breadcrumb_settings":null,"limit_modified_date":false,"reviewed_by":"0","open_ai":"{\"title\":{\"suggestions\":[],\"usage\":0},\"description\":{\"suggestions\":[],\"usage\":0}}","ai":{"faqs":[],"keyPoints":[],"titles":[],"descriptions":[],"socialPosts":{"email":[],"linkedin":[],"twitter":[],"facebook":[],"instagram":[]}},"created":"2024-09-18 22:30:49","updated":"2026-02-04 13:30:01"},"aioseo_breadcrumb":"<div class=\"aioseo-breadcrumbs\"><span class=\"aioseo-breadcrumb\">\n\t<a href=\"https:\/\/soymigrante.com\/revista\" title=\"Home\">Home<\/a>\n<\/span><span class=\"aioseo-breadcrumb-separator\">\u00bb<\/span><span class=\"aioseo-breadcrumb\">\n\t<a href=\"https:\/\/soymigrante.com\/revista\/category\/guate-nuestra\/\" title=\"Guate Nuestra\">Guate Nuestra<\/a>\n<\/span><span class=\"aioseo-breadcrumb-separator\">\u00bb<\/span><span class=\"aioseo-breadcrumb\">\n\t<a href=\"https:\/\/soymigrante.com\/revista\/category\/guate-nuestra\/pueblos-de-guatemala\/\" title=\"Pueblos de Guatemala\">Pueblos de Guatemala<\/a>\n<\/span><span class=\"aioseo-breadcrumb-separator\">\u00bb<\/span><span class=\"aioseo-breadcrumb\">\n\tPueblo Xinka est\u00e1 vivo y presente en el suroriente guatemalteco\n<\/span><\/div>","aioseo_breadcrumb_json":[{"label":"Home","link":"https:\/\/soymigrante.com\/revista"},{"label":"Guate Nuestra","link":"https:\/\/soymigrante.com\/revista\/category\/guate-nuestra\/"},{"label":"Pueblos de Guatemala","link":"https:\/\/soymigrante.com\/revista\/category\/guate-nuestra\/pueblos-de-guatemala\/"},{"label":"Pueblo Xinka est\u00e1 vivo y presente en el suroriente guatemalteco","link":"https:\/\/soymigrante.com\/revista\/pueblo-xinka-esta-vivo-y-presente-en-el-suroriente-guatemalteco\/"}],"_links":{"self":[{"href":"https:\/\/soymigrante.com\/revista\/wp-json\/wp\/v2\/posts\/9481","targetHints":{"allow":["GET"]}}],"collection":[{"href":"https:\/\/soymigrante.com\/revista\/wp-json\/wp\/v2\/posts"}],"about":[{"href":"https:\/\/soymigrante.com\/revista\/wp-json\/wp\/v2\/types\/post"}],"author":[{"embeddable":true,"href":"https:\/\/soymigrante.com\/revista\/wp-json\/wp\/v2\/users\/17"}],"replies":[{"embeddable":true,"href":"https:\/\/soymigrante.com\/revista\/wp-json\/wp\/v2\/comments?post=9481"}],"version-history":[{"count":4,"href":"https:\/\/soymigrante.com\/revista\/wp-json\/wp\/v2\/posts\/9481\/revisions"}],"predecessor-version":[{"id":45084,"href":"https:\/\/soymigrante.com\/revista\/wp-json\/wp\/v2\/posts\/9481\/revisions\/45084"}],"wp:featuredmedia":[{"embeddable":true,"href":"https:\/\/soymigrante.com\/revista\/wp-json\/wp\/v2\/media\/9482"}],"wp:attachment":[{"href":"https:\/\/soymigrante.com\/revista\/wp-json\/wp\/v2\/media?parent=9481"}],"wp:term":[{"taxonomy":"category","embeddable":true,"href":"https:\/\/soymigrante.com\/revista\/wp-json\/wp\/v2\/categories?post=9481"},{"taxonomy":"post_tag","embeddable":true,"href":"https:\/\/soymigrante.com\/revista\/wp-json\/wp\/v2\/tags?post=9481"}],"curies":[{"name":"wp","href":"https:\/\/api.w.org\/{rel}","templated":true}]}}