{"id":9471,"date":"2024-09-19T20:22:18","date_gmt":"2024-09-20T02:22:18","guid":{"rendered":"https:\/\/soymigrante.com\/revista\/?p=9471"},"modified":"2025-04-15T10:00:35","modified_gmt":"2025-04-15T16:00:35","slug":"vuelo-de-jovenes-guacamayas-liberadas-en-peten-es-simbolo-de-esperanza","status":"publish","type":"post","link":"https:\/\/soymigrante.com\/revista\/vuelo-de-jovenes-guacamayas-liberadas-en-peten-es-simbolo-de-esperanza\/","title":{"rendered":"Vuelo de j\u00f3venes guacamayas liberadas en Pet\u00e9n es s\u00edmbolo de esperanza"},"content":{"rendered":"\t\t<div data-elementor-type=\"wp-post\" data-elementor-id=\"9471\" class=\"elementor elementor-9471\" data-elementor-post-type=\"post\">\n\t\t\t\t<div data-particle_enable=\"false\" data-particle-mobile-disabled=\"false\" class=\"elementor-element elementor-element-a845c4c e-flex e-con-boxed e-con e-parent\" data-id=\"a845c4c\" data-element_type=\"container\" data-e-type=\"container\">\n\t\t\t\t\t<div class=\"e-con-inner\">\n\t\t\t\t<div class=\"elementor-element elementor-element-6a93714 elementor-widget elementor-widget-heading\" data-id=\"6a93714\" data-element_type=\"widget\" data-e-type=\"widget\" data-widget_type=\"heading.default\">\n\t\t\t\t\t<h2 class=\"elementor-heading-title elementor-size-default\">Al menos 20 pichones de guacamayas rojas fueron liberados entre agosto y septiembre de este a\u00f1o, gracias al trabajo en conjunto de varias instituciones que buscan la conservaci\u00f3n de esta especie amenazada.\n<\/h2>\t\t\t\t<\/div>\n\t\t\t\t\t<\/div>\n\t\t\t\t<\/div>\n\t\t<div data-particle_enable=\"false\" data-particle-mobile-disabled=\"false\" class=\"elementor-element elementor-element-2274a15 e-flex e-con-boxed e-con e-parent\" data-id=\"2274a15\" data-element_type=\"container\" data-e-type=\"container\">\n\t\t\t\t\t<div class=\"e-con-inner\">\n\t\t\t\t<div class=\"elementor-element elementor-element-f429a26 elementor-widget elementor-widget-text-editor\" data-id=\"f429a26\" data-element_type=\"widget\" data-e-type=\"widget\" data-widget_type=\"text-editor.default\">\n\t\t\t\t\t\t\t\t\t<p>Estos pichones fueron cuidados por un laboratorio ubicado en el Parque Nacional Laguna del Tigre en\u00a0<a href=\"https:\/\/soymigrante.com\/revista\/el-pueblo-ixil-habito-las-tierras-bajas-de-el-mirador-peten\/\" target=\"_blank\" rel=\"noopener\">Pet\u00e9n<\/a>, desde su nacimiento ocurrido en marzo. Es importante recordar que esta especie se reproduce entre los meses de enero a septiembre ya sea en nidos naturales o artificiales, donde son monitoreados.<\/p><p>Los 20 pichones de\u00a0<a href=\"https:\/\/soymigrante.com\/revista\/danza-maya-de-las-guacamayas-impresiona-en-estados-unidos\/\" target=\"_blank\" rel=\"noopener\">guacamaya<\/a>\u00a0roja, (Ara macao cyanoptera, nombre cient\u00edfico), formaron parte del Programa de Incubaci\u00f3n Artificial. Su liberaci\u00f3n se program\u00f3 en dos grupos.<\/p>\t\t\t\t\t\t\t\t<\/div>\n\t\t\t\t\t<\/div>\n\t\t\t\t<\/div>\n\t\t<div data-particle_enable=\"false\" data-particle-mobile-disabled=\"false\" class=\"elementor-element elementor-element-de4ac02 e-flex e-con-boxed e-con e-parent\" data-id=\"de4ac02\" data-element_type=\"container\" data-e-type=\"container\">\n\t\t\t\t\t<div class=\"e-con-inner\">\n\t\t\t\t<div class=\"elementor-element elementor-element-f48063e elementor-arrows-position-inside elementor-pagination-position-outside elementor-widget elementor-widget-image-carousel\" data-id=\"f48063e\" data-element_type=\"widget\" data-e-type=\"widget\" data-settings=\"{&quot;slides_to_show&quot;:&quot;1&quot;,&quot;navigation&quot;:&quot;both&quot;,&quot;autoplay&quot;:&quot;yes&quot;,&quot;pause_on_hover&quot;:&quot;yes&quot;,&quot;pause_on_interaction&quot;:&quot;yes&quot;,&quot;autoplay_speed&quot;:5000,&quot;infinite&quot;:&quot;yes&quot;,&quot;effect&quot;:&quot;slide&quot;,&quot;speed&quot;:500}\" data-widget_type=\"image-carousel.default\">\n\t\t\t\t\t\t\t<div class=\"elementor-image-carousel-wrapper swiper\" role=\"region\" aria-roledescription=\"carousel\" aria-label=\"Carrusel de im\u00e1genes\" dir=\"ltr\">\n\t\t\t<div class=\"elementor-image-carousel swiper-wrapper\" aria-live=\"off\">\n\t\t\t\t\t\t\t\t<div class=\"swiper-slide\" role=\"group\" aria-roledescription=\"slide\" aria-label=\"1 de 3\"><figure class=\"swiper-slide-inner\"><img decoding=\"async\" class=\"swiper-slide-image\" src=\"https:\/\/soymigrante.com\/revista\/wp-content\/uploads\/2024\/09\/guacayamas-rojass-soy-migrante4.webp\" alt=\"Vuelos de guacamayos rojos en la selva tropical, aves ex\u00f3ticas y coloridas, biodiversidad en Latinoam\u00e9rica, vida silvestre, conservaci\u00f3n de especies en su h\u00e1bitat natural.\" \/><\/figure><\/div><div class=\"swiper-slide\" role=\"group\" aria-roledescription=\"slide\" aria-label=\"2 de 3\"><figure class=\"swiper-slide-inner\"><img decoding=\"async\" class=\"swiper-slide-image\" src=\"https:\/\/soymigrante.com\/revista\/wp-content\/uploads\/2024\/09\/guacamayas-rojas-soy-migrante4.webp\" alt=\"Loro ara com\u00fan en su h\u00e1bitat natural. Especies ex\u00f3ticas de aves coloridas en la selva tropical, ideales para avistamiento de aves y conservaci\u00f3n de biodiversidad.\" \/><\/figure><\/div><div class=\"swiper-slide\" role=\"group\" aria-roledescription=\"slide\" aria-label=\"3 de 3\"><figure class=\"swiper-slide-inner\"><img decoding=\"async\" class=\"swiper-slide-image\" src=\"https:\/\/soymigrante.com\/revista\/wp-content\/uploads\/2024\/09\/guacamaya-roja-soy-migrante4-731x1024.webp\" alt=\"Coloridos loros volando sobre la selva en una imagen vibrante y llena de naturaleza en la revista SoyMigrante.com.\" \/><\/figure><\/div>\t\t\t<\/div>\n\t\t\t\t\t\t\t\t\t\t\t\t<div class=\"elementor-swiper-button elementor-swiper-button-prev\" role=\"button\" tabindex=\"0\">\n\t\t\t\t\t\t<i aria-hidden=\"true\" class=\"eicon-chevron-left\"><\/i>\t\t\t\t\t<\/div>\n\t\t\t\t\t<div class=\"elementor-swiper-button elementor-swiper-button-next\" role=\"button\" tabindex=\"0\">\n\t\t\t\t\t\t<i aria-hidden=\"true\" class=\"eicon-chevron-right\"><\/i>\t\t\t\t\t<\/div>\n\t\t\t\t\n\t\t\t\t\t\t\t\t\t<div class=\"swiper-pagination\"><\/div>\n\t\t\t\t\t\t\t\t\t<\/div>\n\t\t\t\t\t\t<\/div>\n\t\t\t\t\t<\/div>\n\t\t\t\t<\/div>\n\t\t<div data-particle_enable=\"false\" data-particle-mobile-disabled=\"false\" class=\"elementor-element elementor-element-d4b8535 e-con-full e-flex e-con e-parent\" data-id=\"d4b8535\" data-element_type=\"container\" data-e-type=\"container\">\n\t\t\t\t<div class=\"elementor-element elementor-element-e7db3b7 elementor-widget elementor-widget-text-editor\" data-id=\"e7db3b7\" data-element_type=\"widget\" data-e-type=\"widget\" data-widget_type=\"text-editor.default\">\n\t\t\t\t\t\t\t\t\t<p>\u201cLa guacamaya roja es uno de los psit\u00e1cidos m\u00e1s amenazados en el pa\u00eds, por el robo de sus pichones para el mercado negro de mascotas y la p\u00e9rdida de su h\u00e1bitat, propiciada por incendios forestales para la expansi\u00f3n de la ganader\u00eda y asentamientos humanos los cuales corresponden a actividades ilegales en \u00e1reas protegidas, por lo que cada pich\u00f3n extra que agregamos a la poblaci\u00f3n es una oportunidad para que la poblaci\u00f3n de guacamaya roja en el pa\u00eds permanezca\u201d, explic\u00f3 Rony Garc\u00eda, bi\u00f3logo y director del Departamento de Investigaciones Biol\u00f3gicas de WCS Guatemala desde el 2002, quien conjuntamente con el Conap y otras organizaciones realizan esfuerzos para conservar a la guacamaya roja.<\/p><p>Para la liberaci\u00f3n de estos pichones, los expertos colocaron en cada uno anillos con registro y microchip (PIT-tag) y as\u00ed continuar con el monitorea de estas.<\/p>\t\t\t\t\t\t\t\t<\/div>\n\t\t\t\t<\/div>\n\t\t<div data-particle_enable=\"false\" data-particle-mobile-disabled=\"false\" class=\"elementor-element elementor-element-285b26c e-flex e-con-boxed e-con e-parent\" data-id=\"285b26c\" data-element_type=\"container\" data-e-type=\"container\">\n\t\t\t\t\t<div class=\"e-con-inner\">\n\t\t\t\t<div class=\"elementor-element elementor-element-57a7d02 elementor-invisible elementor-widget elementor-widget-video\" data-id=\"57a7d02\" data-element_type=\"widget\" data-e-type=\"widget\" data-settings=\"{&quot;video_type&quot;:&quot;videopress&quot;,&quot;_animation&quot;:&quot;fadeInDown&quot;,&quot;controls&quot;:&quot;yes&quot;}\" data-widget_type=\"video.default\">\n\t\t\t\t\thttps:\/\/soymigrante.com\/revista\/wp-content\/uploads\/2024\/09\/Liberacion-de-guacamayas-rojas-en-Peten.mp4\t\t\t\t<\/div>\n\t\t\t\t\t<\/div>\n\t\t\t\t<\/div>\n\t\t<div data-particle_enable=\"false\" data-particle-mobile-disabled=\"false\" class=\"elementor-element elementor-element-f8e0d08 e-flex e-con-boxed e-con e-parent\" data-id=\"f8e0d08\" data-element_type=\"container\" data-e-type=\"container\">\n\t\t\t\t\t<div class=\"e-con-inner\">\n\t\t\t\t<div class=\"elementor-element elementor-element-bf35af3 elementor-widget elementor-widget-heading\" data-id=\"bf35af3\" data-element_type=\"widget\" data-e-type=\"widget\" data-widget_type=\"heading.default\">\n\t\t\t\t\t<h3 class=\"elementor-heading-title elementor-size-default\">Arduo trabajo y estrat\u00e9gico<\/h3>\t\t\t\t<\/div>\n\t\t\t\t\t<\/div>\n\t\t\t\t<\/div>\n\t\t<div data-particle_enable=\"false\" data-particle-mobile-disabled=\"false\" class=\"elementor-element elementor-element-1b2b65f e-flex e-con-boxed e-con e-parent\" data-id=\"1b2b65f\" data-element_type=\"container\" data-e-type=\"container\">\n\t\t\t\t\t<div class=\"e-con-inner\">\n\t\t\t\t<div class=\"elementor-element elementor-element-6533b4f elementor-widget elementor-widget-text-editor\" data-id=\"6533b4f\" data-element_type=\"widget\" data-e-type=\"widget\" data-widget_type=\"text-editor.default\">\n\t\t\t\t\t\t\t\t\t<p>La zona oeste de la Reserva de la Bi\u00f3sfera Maya se convierte\u00a0<a href=\"https:\/\/soymigrante.com\/revista\/migrante-hugo-navarro-coordina-proteccion-de-un-tesoro-natural-guatemalteco\/\" target=\"_blank\" rel=\"noopener\">en el h\u00e1bitat de anidaci\u00f3n y alimentaci\u00f3n para las guacamayas rojas<\/a>. El Parque Nacional Laguna del Tigre y las Concesiones Forestales Comunitarias juegan un papel importante para la supervivencia de estas.<\/p><p>La organizaci\u00f3n Wildlife Conservation Society y el Conjap han hecho posibles una serie de esfuerzos para cuidar y proteger muchas especies como las guacamayas rojas, entre las estrategias implementadas est\u00e1n:<\/p>\t\t\t\t\t\t\t\t<\/div>\n\t\t\t\t\t<\/div>\n\t\t\t\t<\/div>\n\t\t<div data-particle_enable=\"false\" data-particle-mobile-disabled=\"false\" class=\"elementor-element elementor-element-3529afb e-flex e-con-boxed e-con e-parent\" data-id=\"3529afb\" data-element_type=\"container\" data-e-type=\"container\">\n\t\t\t\t\t<div class=\"e-con-inner\">\n\t\t\t\t<div class=\"elementor-element elementor-element-586029d elementor-invisible elementor-widget elementor-widget-text-editor\" data-id=\"586029d\" data-element_type=\"widget\" data-e-type=\"widget\" data-settings=\"{&quot;_animation&quot;:&quot;fadeInUp&quot;}\" data-widget_type=\"text-editor.default\">\n\t\t\t\t\t\t\t\t\t<ul>\n<li><b>Protecci\u00f3n del h\u00e1bitat y los nidos: <\/b>La colonizaci\u00f3n y la p\u00e9rdida de h\u00e1bitat han da\u00f1ado el h\u00e1bitat de estas. El Parque Nacional Laguna del Tigre es pr\u00e1cticamente es uno de los \u00faltimos refugios de anidaci\u00f3n de esta especie.<\/li>\n<li><b>Monitoreo del \u00e9xito reproductivo:<\/b> En lo que va del a\u00f1o se han registrado 33 nidos activos. Desde el 2002 se trabaja en el monitoreo de anidaci\u00f3n de las guacamayas rojas en el Parque Nacional Laguna del Tigre.<\/li>\n<li><b>Aumento de cavidades de anidaci\u00f3n:<\/b> Se ha trabajado en la ampliaci\u00f3n de cavidades naturales, la instalaci\u00f3n de nidos artificiales a prueba de halcones y la prevenci\u00f3n de infestaciones de abejas africanas.<\/li>\n<li><b>Intervenciones innovadoras: <\/b>Se han implementado t\u00e9cnicas para el rescate de huevos no incubados o pichones de bajo peso, cri\u00e1ndolos a mano en el laboratorio de campo y luego reincorpor\u00e1ndolos a la poblaci\u00f3n silvestre a trav\u00e9s de nidos adoptivos o liberaciones suaves y \/o controladas.<\/li>\n<\/ul>\t\t\t\t\t\t\t\t<\/div>\n\t\t\t\t\t<\/div>\n\t\t\t\t<\/div>\n\t\t<div data-particle_enable=\"false\" data-particle-mobile-disabled=\"false\" class=\"elementor-element elementor-element-72d68b4 e-flex e-con-boxed e-con e-parent\" data-id=\"72d68b4\" data-element_type=\"container\" data-e-type=\"container\">\n\t\t\t\t\t<div class=\"e-con-inner\">\n\t\t\t\t<div class=\"elementor-element elementor-element-d1ea056 elementor-widget elementor-widget-heading\" data-id=\"d1ea056\" data-element_type=\"widget\" data-e-type=\"widget\" data-widget_type=\"heading.default\">\n\t\t\t\t\t<h2 class=\"elementor-heading-title elementor-size-default\">Trabajo de conservaci\u00f3n <\/h2>\t\t\t\t<\/div>\n\t\t\t\t\t<\/div>\n\t\t\t\t<\/div>\n\t\t<div data-particle_enable=\"false\" data-particle-mobile-disabled=\"false\" class=\"elementor-element elementor-element-3d4e266 e-flex e-con-boxed e-con e-parent\" data-id=\"3d4e266\" data-element_type=\"container\" data-e-type=\"container\">\n\t\t\t\t\t<div class=\"e-con-inner\">\n\t\t\t\t<div class=\"elementor-element elementor-element-cc98d25 elementor-widget elementor-widget-video\" data-id=\"cc98d25\" data-element_type=\"widget\" data-e-type=\"widget\" data-settings=\"{&quot;youtube_url&quot;:&quot;https:\\\/\\\/www.youtube.com\\\/watch?v=qXqZY-xxHr8&quot;,&quot;video_type&quot;:&quot;youtube&quot;,&quot;controls&quot;:&quot;yes&quot;}\" data-widget_type=\"video.default\">\n\t\t\t\t\t\t\t<div class=\"elementor-wrapper elementor-open-inline\">\n\t\t\t<div class=\"elementor-video\"><\/div>\t\t<\/div>\n\t\t\t\t\t\t<\/div>\n\t\t\t\t\t<\/div>\n\t\t\t\t<\/div>\n\t\t<div data-particle_enable=\"false\" data-particle-mobile-disabled=\"false\" class=\"elementor-element elementor-element-b0575e2 e-flex e-con-boxed e-con e-parent\" data-id=\"b0575e2\" data-element_type=\"container\" data-e-type=\"container\">\n\t\t\t\t\t<div class=\"e-con-inner\">\n\t\t\t\t<div class=\"elementor-element elementor-element-2333e46 elementor-widget elementor-widget-heading\" data-id=\"2333e46\" data-element_type=\"widget\" data-e-type=\"widget\" data-widget_type=\"heading.default\">\n\t\t\t\t\t<h3 class=\"elementor-heading-title elementor-size-default\">Avent\u00farate por Guatemala<\/h3>\t\t\t\t<\/div>\n\t\t\t\t\t<\/div>\n\t\t\t\t<\/div>\n\t\t<div data-particle_enable=\"false\" data-particle-mobile-disabled=\"false\" class=\"elementor-element elementor-element-fc6c6f4 e-flex e-con-boxed e-con e-parent\" data-id=\"fc6c6f4\" data-element_type=\"container\" data-e-type=\"container\">\n\t\t\t\t\t<div class=\"e-con-inner\">\n\t\t\t\t<div class=\"elementor-element elementor-element-a5b38b1 elementor-grid-eael-col-3 elementor-grid-tablet-eael-col-2 elementor-grid-mobile-eael-col-1 elementor-widget elementor-widget-eael-post-grid\" data-id=\"a5b38b1\" data-element_type=\"widget\" data-e-type=\"widget\" data-settings=\"{&quot;eael_post_grid_columns&quot;:&quot;eael-col-3&quot;,&quot;eael_post_grid_columns_tablet&quot;:&quot;eael-col-2&quot;,&quot;eael_post_grid_columns_mobile&quot;:&quot;eael-col-1&quot;}\" data-widget_type=\"eael-post-grid.default\">\n\t\t\t\t\t<div id=\"eael-post-grid-a5b38b1\" class=\"eael-post-grid-container\">\n            <div class=\"eael-post-grid eael-post-appender eael-post-appender-a5b38b1 eael-post-grid-style-one\" data-layout-mode=\"masonry\"><article class=\"eael-grid-post  eael-post-grid-column eael-pg-post-9347 category-guate-nuestra\" data-id=\"9347\">\n        <div class=\"eael-grid-post-holder\">\n            <div class=\"eael-grid-post-holder-inner\"><div class=\"eael-entry-media\"><div class=\"eael-entry-overlay fade-in\"><i class=\"far fa-hand-pointer\" aria-hidden=\"true\"><\/i><a href=\"https:\/\/soymigrante.com\/revista\/vuelan-cantan-y-son-libres-las-fotografias-del-guatemalteco-ottoniel-cojulun-vuelan\/\"><\/a><\/div><div class=\"eael-entry-thumbnail \">\n                <img fetchpriority=\"high\" decoding=\"async\" width=\"1024\" height=\"1024\" src=\"https:\/\/soymigrante.com\/revista\/wp-content\/uploads\/2024\/09\/ottoniel-cojulun3-1024x1024.webp\" class=\"attachment-large size-large wp-image-9999\" alt=\"Esmeralda colibr\u00ed bebiendo n\u00e9ctar de una flor morada en un fondo verde.\" srcset=\"https:\/\/soymigrante.com\/revista\/wp-content\/uploads\/2024\/09\/ottoniel-cojulun3-1024x1024.webp 1024w, https:\/\/soymigrante.com\/revista\/wp-content\/uploads\/2024\/09\/ottoniel-cojulun3-300x300.webp 300w, https:\/\/soymigrante.com\/revista\/wp-content\/uploads\/2024\/09\/ottoniel-cojulun3-150x150.webp 150w, https:\/\/soymigrante.com\/revista\/wp-content\/uploads\/2024\/09\/ottoniel-cojulun3-768x768.webp 768w, https:\/\/soymigrante.com\/revista\/wp-content\/uploads\/2024\/09\/ottoniel-cojulun3-75x75.webp 75w, https:\/\/soymigrante.com\/revista\/wp-content\/uploads\/2024\/09\/ottoniel-cojulun3-750x750.webp 750w, https:\/\/soymigrante.com\/revista\/wp-content\/uploads\/2024\/09\/ottoniel-cojulun3-1140x1140.webp 1140w, https:\/\/soymigrante.com\/revista\/wp-content\/uploads\/2024\/09\/ottoniel-cojulun3.webp 1401w\" sizes=\"(max-width: 1024px) 100vw, 1024px\" \/>\n            <\/div>\n        <\/div><div class=\"eael-entry-wrapper\"><header class=\"eael-entry-header\"><h2 class=\"eael-entry-title\"><a class=\"eael-grid-post-link\" href=\"https:\/\/soymigrante.com\/revista\/vuelan-cantan-y-son-libres-las-fotografias-del-guatemalteco-ottoniel-cojulun-vuelan\/\" title=\"Vuelan, cantan y son libres las fotograf\u00edas del guatemalteco Ottoniel Cojulun\">Vuelan, cantan y son libres las fotograf\u00edas del guatemalteco Ottoniel Cojulun<\/a><\/h2><\/header><div class=\"eael-entry-content\">\n                        <div class=\"eael-grid-post-excerpt\"><a href=\"https:\/\/soymigrante.com\/revista\/vuelan-cantan-y-son-libres-las-fotografias-del-guatemalteco-ottoniel-cojulun-vuelan\/\" class=\"eael-post-elements-readmore-btn\">CONOCE SU HISTORIA <\/a><\/div>\n                    <\/div><\/div><\/div>\n        <\/div>\n    <\/article><article class=\"eael-grid-post  eael-post-grid-column eael-pg-post-8824 category-guate-nuestra\" data-id=\"8824\">\n        <div class=\"eael-grid-post-holder\">\n            <div class=\"eael-grid-post-holder-inner\"><div class=\"eael-entry-media\"><div class=\"eael-entry-overlay fade-in\"><i class=\"far fa-hand-pointer\" aria-hidden=\"true\"><\/i><a href=\"https:\/\/soymigrante.com\/revista\/cinco-parques-tematicos-en-retalhuleu-que-si-o-si-debes-visitar\/\"><\/a><\/div><div class=\"eael-entry-thumbnail \">\n                <img decoding=\"async\" width=\"1024\" height=\"1024\" src=\"https:\/\/soymigrante.com\/revista\/wp-content\/uploads\/2024\/09\/IMG_2712-copia-1024x1024.webp\" class=\"attachment-large size-large wp-image-8839\" alt=\"Torre de la Independencia en la Ciudad de M\u00e9xico, s\u00edmbolo de historia y cultura mexicana. Ubicaci\u00f3n central, rodeada de \u00e1reas verdes y edificios tradicionales, ideal para visitantes y residentes.\" srcset=\"https:\/\/soymigrante.com\/revista\/wp-content\/uploads\/2024\/09\/IMG_2712-copia-1024x1024.webp 1024w, https:\/\/soymigrante.com\/revista\/wp-content\/uploads\/2024\/09\/IMG_2712-copia-300x300.webp 300w, https:\/\/soymigrante.com\/revista\/wp-content\/uploads\/2024\/09\/IMG_2712-copia-150x150.webp 150w, https:\/\/soymigrante.com\/revista\/wp-content\/uploads\/2024\/09\/IMG_2712-copia-768x768.webp 768w, https:\/\/soymigrante.com\/revista\/wp-content\/uploads\/2024\/09\/IMG_2712-copia-1536x1536.webp 1536w, https:\/\/soymigrante.com\/revista\/wp-content\/uploads\/2024\/09\/IMG_2712-copia.webp 1920w, https:\/\/soymigrante.com\/revista\/wp-content\/uploads\/2024\/09\/IMG_2712-copia-75x75.webp 75w, https:\/\/soymigrante.com\/revista\/wp-content\/uploads\/2024\/09\/IMG_2712-copia-750x750.webp 750w, https:\/\/soymigrante.com\/revista\/wp-content\/uploads\/2024\/09\/IMG_2712-copia-1140x1140.jpg 1140w\" sizes=\"(max-width: 1024px) 100vw, 1024px\" \/>\n            <\/div>\n        <\/div><div class=\"eael-entry-wrapper\"><header class=\"eael-entry-header\"><h2 class=\"eael-entry-title\"><a class=\"eael-grid-post-link\" href=\"https:\/\/soymigrante.com\/revista\/cinco-parques-tematicos-en-retalhuleu-que-si-o-si-debes-visitar\/\" title=\"Cinco parques tem\u00e1ticos en Retalhuleu, que s\u00ed o s\u00ed debes visitar\">Cinco parques tem\u00e1ticos en Retalhuleu, que s\u00ed o s\u00ed debes visitar<\/a><\/h2><\/header><div class=\"eael-entry-content\">\n                        <div class=\"eael-grid-post-excerpt\"><a href=\"https:\/\/soymigrante.com\/revista\/cinco-parques-tematicos-en-retalhuleu-que-si-o-si-debes-visitar\/\" class=\"eael-post-elements-readmore-btn\">CONOCE SU HISTORIA <\/a><\/div>\n                    <\/div><\/div><\/div>\n        <\/div>\n    <\/article><article class=\"eael-grid-post  eael-post-grid-column eael-pg-post-8594 category-guate-nuestra\" data-id=\"8594\">\n        <div class=\"eael-grid-post-holder\">\n            <div class=\"eael-grid-post-holder-inner\"><div class=\"eael-entry-media\"><div class=\"eael-entry-overlay fade-in\"><i class=\"far fa-hand-pointer\" aria-hidden=\"true\"><\/i><a href=\"https:\/\/soymigrante.com\/revista\/10-pueblos-a-la-orilla-del-lago-de-atitlan-que-debes-descubrir\/\"><\/a><\/div><div class=\"eael-entry-thumbnail \">\n                <img decoding=\"async\" width=\"1024\" height=\"1024\" src=\"https:\/\/soymigrante.com\/revista\/wp-content\/uploads\/2024\/08\/agricultura-san-antonio-palopo-face-soy-migrante-2-1024x1024.webp\" class=\"attachment-large size-large wp-image-8615\" alt=\"Paisaje del Lago de Atitl\u00e1n, volcanes y zonas agr\u00edcolas en Guatemala, turismo y paisaje natural en Centroam\u00e9rica.\" srcset=\"https:\/\/soymigrante.com\/revista\/wp-content\/uploads\/2024\/08\/agricultura-san-antonio-palopo-face-soy-migrante-2-1024x1024.webp 1024w, https:\/\/soymigrante.com\/revista\/wp-content\/uploads\/2024\/08\/agricultura-san-antonio-palopo-face-soy-migrante-2-300x300.webp 300w, https:\/\/soymigrante.com\/revista\/wp-content\/uploads\/2024\/08\/agricultura-san-antonio-palopo-face-soy-migrante-2-150x150.webp 150w, https:\/\/soymigrante.com\/revista\/wp-content\/uploads\/2024\/08\/agricultura-san-antonio-palopo-face-soy-migrante-2-768x768.webp 768w, https:\/\/soymigrante.com\/revista\/wp-content\/uploads\/2024\/08\/agricultura-san-antonio-palopo-face-soy-migrante-2-1536x1536.webp 1536w, https:\/\/soymigrante.com\/revista\/wp-content\/uploads\/2024\/08\/agricultura-san-antonio-palopo-face-soy-migrante-2-75x75.webp 75w, https:\/\/soymigrante.com\/revista\/wp-content\/uploads\/2024\/08\/agricultura-san-antonio-palopo-face-soy-migrante-2-750x750.webp 750w, https:\/\/soymigrante.com\/revista\/wp-content\/uploads\/2024\/08\/agricultura-san-antonio-palopo-face-soy-migrante-2-1140x1140.webp 1140w, https:\/\/soymigrante.com\/revista\/wp-content\/uploads\/2024\/08\/agricultura-san-antonio-palopo-face-soy-migrante-2.webp 1538w\" sizes=\"(max-width: 1024px) 100vw, 1024px\" \/>\n            <\/div>\n        <\/div><div class=\"eael-entry-wrapper\"><header class=\"eael-entry-header\"><h2 class=\"eael-entry-title\"><a class=\"eael-grid-post-link\" href=\"https:\/\/soymigrante.com\/revista\/10-pueblos-a-la-orilla-del-lago-de-atitlan-que-debes-descubrir\/\" title=\"Ocho pueblos a la orilla del lago de Atitl\u00e1n que debes descubrir\">Ocho pueblos a la orilla del lago de Atitl\u00e1n que debes descubrir<\/a><\/h2><\/header><div class=\"eael-entry-content\">\n                        <div class=\"eael-grid-post-excerpt\"><a href=\"https:\/\/soymigrante.com\/revista\/10-pueblos-a-la-orilla-del-lago-de-atitlan-que-debes-descubrir\/\" class=\"eael-post-elements-readmore-btn\">CONOCE SU HISTORIA <\/a><\/div>\n                    <\/div><\/div><\/div>\n        <\/div>\n    <\/article><\/div>\n            <div class=\"clearfix\"><\/div>\n        <\/div>\t\t\t\t<\/div>\n\t\t\t\t\t<\/div>\n\t\t\t\t<\/div>\n\t\t\t\t<\/div>\n\t\t","protected":false},"excerpt":{"rendered":"<p>Al menos 20 pichones de guacamayas rojas fueron liberados entre agosto y septiembre de este a\u00f1o, gracias al trabajo en conjunto de varias instituciones que buscan la conservaci\u00f3n de esta especie amenazada. Estos pichones fueron cuidados por un laboratorio ubicado en el Parque Nacional Laguna del Tigre en\u00a0Pet\u00e9n, desde su nacimiento ocurrido en marzo. Es [&hellip;]<\/p>\n","protected":false},"author":23,"featured_media":9476,"comment_status":"open","ping_status":"open","sticky":false,"template":"","format":"standard","meta":{"_acf_changed":false,"_eb_attr":"","footnotes":""},"categories":[58],"tags":[],"class_list":["post-9471","post","type-post","status-publish","format-standard","has-post-thumbnail","hentry","category-guate-nuestra"],"acf":[],"aioseo_notices":[],"aioseo_head":"\n\t\t<!-- All in One SEO Pro 4.9.6.2 - aioseo.com -->\n\t<meta name=\"description\" content=\"Aunque ya has de conocer esta historia y algunos pueblos de la orilla del lago de Atitl\u00e1n, te compartimos datos de inter\u00e9s para explorar cada uno.\" \/>\n\t<meta name=\"robots\" content=\"max-snippet:-1, max-image-preview:large, max-video-preview:-1\" \/>\n\t<meta name=\"author\" content=\"Beatriz Tercero\"\/>\n\t<link rel=\"canonical\" href=\"https:\/\/soymigrante.com\/revista\/10-pueblos-a-la-orilla-del-lago-de-atitlan-que-debes-descubrir\/\" \/>\n\t<meta name=\"generator\" content=\"All in One SEO Pro (AIOSEO) 4.9.6.2\" \/>\n\n\t\t<link rel=\"preconnect\" href=\"https:\/\/fonts.googleapis.com\" crossorigin>\n<link rel=\"preconnect\" href=\"https:\/\/fonts.gstatic.com\" crossorigin>\n\t\t<meta property=\"og:locale\" content=\"es_ES\" \/>\n\t\t<meta property=\"og:site_name\" content=\"SoyMigrante.com REVISTA \u2013 Nuestra misi\u00f3n es reconocer y dignificar al migrante.\" \/>\n\t\t<meta property=\"og:type\" content=\"article\" \/>\n\t\t<meta property=\"og:title\" content=\"Ocho pueblos a la orilla del lago de Atitl\u00e1n que debes descubrir\" \/>\n\t\t<meta property=\"og:description\" content=\"Aunque ya has de conocer esta historia y algunos pueblos de la orilla del lago de Atitl\u00e1n, te compartimos datos de inter\u00e9s para explorar cada uno.\" \/>\n\t\t<meta property=\"og:url\" content=\"https:\/\/soymigrante.com\/revista\/10-pueblos-a-la-orilla-del-lago-de-atitlan-que-debes-descubrir\/\" \/>\n\t\t<meta property=\"og:image\" content=\"https:\/\/soymigrante.com\/revista\/wp-content\/uploads\/2024\/08\/agricultura-san-antonio-palopo-face-soy-migrante-2.webp\" \/>\n\t\t<meta property=\"og:image:secure_url\" content=\"https:\/\/soymigrante.com\/revista\/wp-content\/uploads\/2024\/08\/agricultura-san-antonio-palopo-face-soy-migrante-2.webp\" \/>\n\t\t<meta property=\"og:image:width\" content=\"1538\" \/>\n\t\t<meta property=\"og:image:height\" content=\"1538\" \/>\n\t\t<meta property=\"article:published_time\" content=\"2024-08-31T16:29:40+00:00\" \/>\n\t\t<meta property=\"article:modified_time\" content=\"2025-01-09T15:18:49+00:00\" \/>\n\t\t<meta property=\"article:publisher\" content=\"https:\/\/www.facebook.com\/soymigrantecom\" \/>\n\t\t<meta name=\"twitter:card\" content=\"summary_large_image\" \/>\n\t\t<meta name=\"twitter:site\" content=\"@SoyMigrante_com\" \/>\n\t\t<meta name=\"twitter:title\" content=\"Ocho pueblos a la orilla del lago de Atitl\u00e1n que debes descubrir\" \/>\n\t\t<meta name=\"twitter:description\" content=\"Aunque ya has de conocer esta historia y algunos pueblos de la orilla del lago de Atitl\u00e1n, te compartimos datos de inter\u00e9s para explorar cada uno.\" \/>\n\t\t<meta name=\"twitter:creator\" content=\"@SoyMigrante_com\" \/>\n\t\t<meta name=\"twitter:image\" content=\"https:\/\/soymigrante.com\/revista\/wp-content\/uploads\/2024\/08\/agricultura-san-antonio-palopo-face-soy-migrante-2.webp\" \/>\n\t\t<!-- All in One SEO Pro -->\r\n\t\t<title>Ocho pueblos a la orilla del lago de Atitl\u00e1n que debes descubrir<\/title>\n\n","aioseo_head_json":{"title":"Ocho pueblos a la orilla del lago de Atitl\u00e1n que debes descubrir","description":"Aunque ya has de conocer esta historia y algunos pueblos de la orilla del lago de Atitl\u00e1n, te compartimos datos de inter\u00e9s para explorar cada uno.","canonical_url":"https:\/\/soymigrante.com\/revista\/10-pueblos-a-la-orilla-del-lago-de-atitlan-que-debes-descubrir\/","robots":"max-snippet:-1, max-image-preview:large, max-video-preview:-1","keywords":"","webmasterTools":{"miscellaneous":"&lt;link rel=\"preconnect\" href=\"https:\/\/fonts.googleapis.com\" crossorigin&gt;\n&lt;link rel=\"preconnect\" href=\"https:\/\/fonts.gstatic.com\" crossorigin&gt;"},"schema":null,"og:locale":"es_ES","og:site_name":"SoyMigrante.com REVISTA \u2013 Nuestra misi\u00f3n es reconocer y dignificar al migrante.","og:type":"article","og:title":"Ocho pueblos a la orilla del lago de Atitl\u00e1n que debes descubrir","og:description":"Aunque ya has de conocer esta historia y algunos pueblos de la orilla del lago de Atitl\u00e1n, te compartimos datos de inter\u00e9s para explorar cada uno.","og:url":"https:\/\/soymigrante.com\/revista\/10-pueblos-a-la-orilla-del-lago-de-atitlan-que-debes-descubrir\/","og:image":"https:\/\/soymigrante.com\/revista\/wp-content\/uploads\/2024\/08\/agricultura-san-antonio-palopo-face-soy-migrante-2.webp","og:image:secure_url":"https:\/\/soymigrante.com\/revista\/wp-content\/uploads\/2024\/08\/agricultura-san-antonio-palopo-face-soy-migrante-2.webp","og:image:width":1538,"og:image:height":1538,"article:published_time":"2024-08-31T16:29:40+00:00","article:modified_time":"2025-01-09T15:18:49+00:00","article:publisher":"https:\/\/www.facebook.com\/soymigrantecom","twitter:card":"summary_large_image","twitter:site":"@SoyMigrante_com","twitter:title":"Ocho pueblos a la orilla del lago de Atitl\u00e1n que debes descubrir","twitter:description":"Aunque ya has de conocer esta historia y algunos pueblos de la orilla del lago de Atitl\u00e1n, te compartimos datos de inter\u00e9s para explorar cada uno.","twitter:creator":"@SoyMigrante_com","twitter:image":"https:\/\/soymigrante.com\/revista\/wp-content\/uploads\/2024\/08\/agricultura-san-antonio-palopo-face-soy-migrante-2.webp"},"aioseo_meta_data":{"post_id":"9471","title":"Liberaci\u00f3n de j\u00f3venes guacamayas en Pet\u00e9n simboliza esperanza","description":"Al menos 20 ejemplares j\u00f3venes de guacamayas rojas fueron liberados entre agosto y septiembre en Pet\u00e9n. Su vuelo es un s\u00edmbolo de esperanza.","keywords":null,"keyphrases":{"focus":{"keyphrase":"Guacamayas","score":82,"analysis":{"keyphraseInTitle":{"score":9,"maxScore":9,"error":0},"keyphraseInDescription":{"score":9,"maxScore":9,"error":0},"keyphraseLength":{"score":9,"maxScore":9,"error":0,"length":1},"keyphraseInURL":{"score":5,"maxScore":5,"error":0},"keyphraseInIntroduction":{"score":3,"maxScore":9,"error":1},"keyphraseInSubHeadings":{"score":3,"maxScore":9,"error":1},"keyphraseInImageAlt":{"score":9,"maxScore":9,"error":0},"keywordDensity":{"type":"best","score":9,"maxScore":9,"error":0}}},"additional":[]},"primary_term":null,"canonical_url":null,"og_title":null,"og_description":null,"og_object_type":"default","og_image_type":"default","og_image_url":null,"og_image_width":null,"og_image_height":null,"og_image_custom_url":null,"og_image_custom_fields":null,"og_video":"","og_custom_url":null,"og_article_section":null,"og_article_tags":null,"twitter_use_og":false,"twitter_card":"default","twitter_image_type":"default","twitter_image_url":null,"twitter_image_custom_url":null,"twitter_image_custom_fields":null,"twitter_title":null,"twitter_description":null,"schema":{"blockGraphs":[],"customGraphs":[],"default":{"data":{"Article":[],"Course":[],"Dataset":[],"FAQPage":[],"Movie":[],"Person":[],"Product":[],"ProductReview":[],"Car":[],"Recipe":[],"Service":[],"SoftwareApplication":[],"WebPage":[]},"graphName":"none","isEnabled":true},"graphs":[]},"schema_type":"default","schema_type_options":null,"pillar_content":false,"robots_default":true,"robots_noindex":false,"robots_noarchive":false,"robots_nosnippet":false,"robots_nofollow":false,"robots_noimageindex":false,"robots_noodp":false,"robots_notranslate":false,"robots_max_snippet":"-1","robots_max_videopreview":"-1","robots_max_imagepreview":"large","priority":null,"frequency":"default","local_seo":null,"seo_analyzer_scan_date":"2025-10-08 23:06:01","breadcrumb_settings":null,"limit_modified_date":false,"reviewed_by":null,"open_ai":"{\"title\":{\"suggestions\":[],\"usage\":0},\"description\":{\"suggestions\":[],\"usage\":0}}","ai":null,"created":"2024-09-18 19:06:11","updated":"2026-02-04 13:30:01"},"aioseo_breadcrumb":"<div class=\"aioseo-breadcrumbs\"><span class=\"aioseo-breadcrumb\">\n\t<a href=\"https:\/\/soymigrante.com\/revista\" title=\"Home\">Home<\/a>\n<\/span><span class=\"aioseo-breadcrumb-separator\">\u00bb<\/span><span class=\"aioseo-breadcrumb\">\n\t<a href=\"https:\/\/soymigrante.com\/revista\/category\/guate-nuestra\/\" title=\"Guate Nuestra\">Guate Nuestra<\/a>\n<\/span><span class=\"aioseo-breadcrumb-separator\">\u00bb<\/span><span class=\"aioseo-breadcrumb\">\n\tVuelo de j\u00f3venes guacamayas liberadas en Pet\u00e9n es s\u00edmbolo de esperanza\n<\/span><\/div>","aioseo_breadcrumb_json":[{"label":"Home","link":"https:\/\/soymigrante.com\/revista"},{"label":"Guate Nuestra","link":"https:\/\/soymigrante.com\/revista\/category\/guate-nuestra\/"},{"label":"Vuelo de j\u00f3venes guacamayas liberadas en Pet\u00e9n es s\u00edmbolo de esperanza","link":"https:\/\/soymigrante.com\/revista\/vuelo-de-jovenes-guacamayas-liberadas-en-peten-es-simbolo-de-esperanza\/"}],"_links":{"self":[{"href":"https:\/\/soymigrante.com\/revista\/wp-json\/wp\/v2\/posts\/9471","targetHints":{"allow":["GET"]}}],"collection":[{"href":"https:\/\/soymigrante.com\/revista\/wp-json\/wp\/v2\/posts"}],"about":[{"href":"https:\/\/soymigrante.com\/revista\/wp-json\/wp\/v2\/types\/post"}],"author":[{"embeddable":true,"href":"https:\/\/soymigrante.com\/revista\/wp-json\/wp\/v2\/users\/23"}],"replies":[{"embeddable":true,"href":"https:\/\/soymigrante.com\/revista\/wp-json\/wp\/v2\/comments?post=9471"}],"version-history":[{"count":1,"href":"https:\/\/soymigrante.com\/revista\/wp-json\/wp\/v2\/posts\/9471\/revisions"}],"predecessor-version":[{"id":31081,"href":"https:\/\/soymigrante.com\/revista\/wp-json\/wp\/v2\/posts\/9471\/revisions\/31081"}],"wp:featuredmedia":[{"embeddable":true,"href":"https:\/\/soymigrante.com\/revista\/wp-json\/wp\/v2\/media\/9476"}],"wp:attachment":[{"href":"https:\/\/soymigrante.com\/revista\/wp-json\/wp\/v2\/media?parent=9471"}],"wp:term":[{"taxonomy":"category","embeddable":true,"href":"https:\/\/soymigrante.com\/revista\/wp-json\/wp\/v2\/categories?post=9471"},{"taxonomy":"post_tag","embeddable":true,"href":"https:\/\/soymigrante.com\/revista\/wp-json\/wp\/v2\/tags?post=9471"}],"curies":[{"name":"wp","href":"https:\/\/api.w.org\/{rel}","templated":true}]}}