{"id":9426,"date":"2024-11-19T05:00:00","date_gmt":"2024-11-19T11:00:00","guid":{"rendered":"https:\/\/soymigrante.com\/revista\/?p=9426"},"modified":"2024-11-18T22:31:49","modified_gmt":"2024-11-19T04:31:49","slug":"organizacion-de-trabajo-y-tiempo-es-vital-para-el-exito","status":"publish","type":"post","link":"https:\/\/soymigrante.com\/revista\/organizacion-de-trabajo-y-tiempo-es-vital-para-el-exito\/","title":{"rendered":"Organizaci\u00f3n de trabajo y tiempo es vital para el \u00e9xito: sugerencias pr\u00e1cticas"},"content":{"rendered":"\t\t<div data-elementor-type=\"wp-post\" data-elementor-id=\"9426\" class=\"elementor elementor-9426\" data-elementor-post-type=\"post\">\n\t\t\t\t<div data-particle_enable=\"false\" data-particle-mobile-disabled=\"false\" class=\"elementor-element elementor-element-0135402 e-flex e-con-boxed e-con e-parent\" data-id=\"0135402\" data-element_type=\"container\" data-e-type=\"container\">\n\t\t\t\t\t<div class=\"e-con-inner\">\n\t\t\t\t<div class=\"elementor-element elementor-element-97c5b53 elementor-widget elementor-widget-heading\" data-id=\"97c5b53\" data-element_type=\"widget\" data-e-type=\"widget\" data-widget_type=\"heading.default\">\n\t\t\t\t\t<h2 class=\"elementor-heading-title elementor-size-default\">En la era digital, donde la inmediatez y la sobrecarga de informaci\u00f3n son constantes, la planificaci\u00f3n y organizaci\u00f3n del trabajo se han convertido en herramientas fundamentales para mantener la productividad. \n<\/h2>\t\t\t\t<\/div>\n\t\t\t\t\t<\/div>\n\t\t\t\t<\/div>\n\t\t<div data-particle_enable=\"false\" data-particle-mobile-disabled=\"false\" class=\"elementor-element elementor-element-e97cf2f e-flex e-con-boxed e-con e-parent\" data-id=\"e97cf2f\" data-element_type=\"container\" data-e-type=\"container\">\n\t\t\t\t\t<div class=\"e-con-inner\">\n\t\t\t\t<div class=\"elementor-element elementor-element-010cc6f elementor-widget elementor-widget-text-editor\" data-id=\"010cc6f\" data-element_type=\"widget\" data-e-type=\"widget\" data-widget_type=\"text-editor.default\">\n\t\t\t\t\t\t\t\t\t<p>Ya sea para profesionales, emprendedores o estudiantes, <a href=\"https:\/\/soymigrante.com\/revista\/category\/mejor\/\" target=\"_blank\" rel=\"noopener\">saber c\u00f3mo gestionar el tiempo, las citas y las tareas diarias es vital para evitar el estr\u00e9s y alcanzar los objetivos<\/a>. Afortunadamente, con la tecnolog\u00eda de nuestro lado, existen diversas herramientas y aplicaciones que facilitan este proceso.<\/p>\t\t\t\t\t\t\t\t<\/div>\n\t\t\t\t\t<\/div>\n\t\t\t\t<\/div>\n\t\t<div data-particle_enable=\"false\" data-particle-mobile-disabled=\"false\" class=\"elementor-element elementor-element-ee3be40 e-flex e-con-boxed e-con e-parent\" data-id=\"ee3be40\" data-element_type=\"container\" data-e-type=\"container\">\n\t\t\t\t\t<div class=\"e-con-inner\">\n\t\t\t\t<div class=\"elementor-element elementor-element-4c4be74 elementor-widget elementor-widget-heading\" data-id=\"4c4be74\" data-element_type=\"widget\" data-e-type=\"widget\" data-widget_type=\"heading.default\">\n\t\t\t\t\t<h3 class=\"elementor-heading-title elementor-size-default\">\u00bfPor qu\u00e9 es importante planificar el trabajo?<\/h3>\t\t\t\t<\/div>\n\t\t\t\t\t<\/div>\n\t\t\t\t<\/div>\n\t\t<div data-particle_enable=\"false\" data-particle-mobile-disabled=\"false\" class=\"elementor-element elementor-element-dcdae0f e-flex e-con-boxed e-con e-parent\" data-id=\"dcdae0f\" data-element_type=\"container\" data-e-type=\"container\">\n\t\t\t\t\t<div class=\"e-con-inner\">\n\t\t\t\t<div class=\"elementor-element elementor-element-be61225 elementor-widget elementor-widget-text-editor\" data-id=\"be61225\" data-element_type=\"widget\" data-e-type=\"widget\" data-widget_type=\"text-editor.default\">\n\t\t\t\t\t\t\t\t\t<p>La planificaci\u00f3n es el primer paso hacia la eficiencia. Cuando se establece un plan de trabajo, se evita la improvisaci\u00f3n y la p\u00e9rdida de tiempo en tareas innecesarias. <a href=\"https:\/\/soymigrante.com\/revista\/category\/mejor\/\" target=\"_blank\" rel=\"noopener\">Seg\u00fan estudios de la Universidad de California,<\/a> las interrupciones y la multitarea pueden reducir la productividad hasta en un 40%, por lo que la organizaci\u00f3n no es solo una cuesti\u00f3n de preferencia personal, sino una necesidad para quienes buscan optimizar su rendimiento.<\/p>\t\t\t\t\t\t\t\t<\/div>\n\t\t\t\t\t<\/div>\n\t\t\t\t<\/div>\n\t\t<div data-particle_enable=\"false\" data-particle-mobile-disabled=\"false\" class=\"elementor-element elementor-element-7662bc2 e-flex e-con-boxed e-con e-parent\" data-id=\"7662bc2\" data-element_type=\"container\" data-e-type=\"container\">\n\t\t\t\t\t<div class=\"e-con-inner\">\n\t\t\t\t<div class=\"elementor-element elementor-element-0925558 elementor-widget elementor-widget-text-editor\" data-id=\"0925558\" data-element_type=\"widget\" data-e-type=\"widget\" data-widget_type=\"text-editor.default\">\n\t\t\t\t\t\t\t\t\t<p><strong>Adem\u00e1s, una buena planificaci\u00f3n permite:<\/strong><br \/>&#8211; Priorizar tareas seg\u00fan su importancia y urgencia.<br \/>&#8211; Evitar la procrastinaci\u00f3n.<br \/>&#8211; Manejar mejor los plazos y fechas l\u00edmite.<br \/>&#8211; Reducir el estr\u00e9s al tener una visi\u00f3n clara de lo que hay que hacer.<\/p>\t\t\t\t\t\t\t\t<\/div>\n\t\t\t\t\t<\/div>\n\t\t\t\t<\/div>\n\t\t<div data-particle_enable=\"false\" data-particle-mobile-disabled=\"false\" class=\"elementor-element elementor-element-7e6b74d e-flex e-con-boxed e-con e-parent\" data-id=\"7e6b74d\" data-element_type=\"container\" data-e-type=\"container\">\n\t\t\t\t\t<div class=\"e-con-inner\">\n\t\t\t\t<div class=\"elementor-element elementor-element-073546f elementor-widget elementor-widget-image\" data-id=\"073546f\" data-element_type=\"widget\" data-e-type=\"widget\" data-widget_type=\"image.default\">\n\t\t\t\t\t\t\t\t\t\t\t\t\t\t\t<img fetchpriority=\"high\" decoding=\"async\" width=\"768\" height=\"457\" src=\"https:\/\/soymigrante.com\/revista\/wp-content\/uploads\/2024\/09\/La-clave-para-el-exito-organizacion-en-el-trabajo-1024x609.webp\" class=\"attachment-large size-large wp-image-9428\" alt=\"Trabajo remoto, digitalizaci\u00f3n y migrantes en la era moderna en SoyMigrante.com REVISTA.\" srcset=\"https:\/\/soymigrante.com\/revista\/wp-content\/uploads\/2024\/09\/La-clave-para-el-exito-organizacion-en-el-trabajo-1024x609.webp 1024w, https:\/\/soymigrante.com\/revista\/wp-content\/uploads\/2024\/09\/La-clave-para-el-exito-organizacion-en-el-trabajo-300x178.webp 300w, https:\/\/soymigrante.com\/revista\/wp-content\/uploads\/2024\/09\/La-clave-para-el-exito-organizacion-en-el-trabajo-768x457.webp 768w, https:\/\/soymigrante.com\/revista\/wp-content\/uploads\/2024\/09\/La-clave-para-el-exito-organizacion-en-el-trabajo-750x446.webp 750w, https:\/\/soymigrante.com\/revista\/wp-content\/uploads\/2024\/09\/La-clave-para-el-exito-organizacion-en-el-trabajo-1140x678.webp 1140w, https:\/\/soymigrante.com\/revista\/wp-content\/uploads\/2024\/09\/La-clave-para-el-exito-organizacion-en-el-trabajo.webp 1280w\" sizes=\"(max-width: 768px) 100vw, 768px\" title=\"La clave para el e\u0301xito organizacio\u0301n en el trabajo \u2013 SoyMigrante.com REVISTA\" \/>\t\t\t\t\t\t\t\t\t\t\t\t\t\t\t<\/div>\n\t\t\t\t\t<\/div>\n\t\t\t\t<\/div>\n\t\t<div data-particle_enable=\"false\" data-particle-mobile-disabled=\"false\" class=\"elementor-element elementor-element-6171de3 e-flex e-con-boxed e-con e-parent\" data-id=\"6171de3\" data-element_type=\"container\" data-e-type=\"container\">\n\t\t\t\t\t<div class=\"e-con-inner\">\n\t\t\t\t<div class=\"elementor-element elementor-element-27f9409 elementor-widget elementor-widget-heading\" data-id=\"27f9409\" data-element_type=\"widget\" data-e-type=\"widget\" data-widget_type=\"heading.default\">\n\t\t\t\t\t<h3 class=\"elementor-heading-title elementor-size-default\">Claves para organizarse<\/h3>\t\t\t\t<\/div>\n\t\t\t\t\t<\/div>\n\t\t\t\t<\/div>\n\t\t<div data-particle_enable=\"false\" data-particle-mobile-disabled=\"false\" class=\"elementor-element elementor-element-f87bd97 e-flex e-con-boxed e-con e-parent\" data-id=\"f87bd97\" data-element_type=\"container\" data-e-type=\"container\">\n\t\t\t\t\t<div class=\"e-con-inner\">\n\t\t\t\t<div class=\"elementor-element elementor-element-3dad51c elementor-widget elementor-widget-heading\" data-id=\"3dad51c\" data-element_type=\"widget\" data-e-type=\"widget\" data-widget_type=\"heading.default\">\n\t\t\t\t\t<h3 class=\"elementor-heading-title elementor-size-default\">1. Establecer objetivos claros:<\/h3>\t\t\t\t<\/div>\n\t\t\t\t\t<\/div>\n\t\t\t\t<\/div>\n\t\t<div data-particle_enable=\"false\" data-particle-mobile-disabled=\"false\" class=\"elementor-element elementor-element-e6c4544 e-flex e-con-boxed e-con e-parent\" data-id=\"e6c4544\" data-element_type=\"container\" data-e-type=\"container\">\n\t\t\t\t\t<div class=\"e-con-inner\">\n\t\t\t\t<div class=\"elementor-element elementor-element-9652389 elementor-widget elementor-widget-text-editor\" data-id=\"9652389\" data-element_type=\"widget\" data-e-type=\"widget\" data-widget_type=\"text-editor.default\">\n\t\t\t\t\t\t\t\t\t<p><a href=\"https:\/\/soymigrante.com\/revista\/category\/mejor\/\" target=\"_blank\" rel=\"noopener\">El primer paso en cualquier proceso de planificaci\u00f3n<\/a> es definir qu\u00e9 se quiere lograr. Ya sea un proyecto a largo plazo o una tarea diaria, contar con objetivos SMART (Espec\u00edficos, Medibles, Alcanzables, Relevantes y con un Tiempo definido) ayuda a mantener el enfoque.<\/p>\t\t\t\t\t\t\t\t<\/div>\n\t\t\t\t\t<\/div>\n\t\t\t\t<\/div>\n\t\t<div data-particle_enable=\"false\" data-particle-mobile-disabled=\"false\" class=\"elementor-element elementor-element-baa3519 e-flex e-con-boxed e-con e-parent\" data-id=\"baa3519\" data-element_type=\"container\" data-e-type=\"container\">\n\t\t\t\t\t<div class=\"e-con-inner\">\n\t\t\t\t<div class=\"elementor-element elementor-element-410f16d elementor-widget elementor-widget-heading\" data-id=\"410f16d\" data-element_type=\"widget\" data-e-type=\"widget\" data-widget_type=\"heading.default\">\n\t\t\t\t\t<h3 class=\"elementor-heading-title elementor-size-default\">2. Crear listas de tareas:<\/h3>\t\t\t\t<\/div>\n\t\t\t\t\t<\/div>\n\t\t\t\t<\/div>\n\t\t<div data-particle_enable=\"false\" data-particle-mobile-disabled=\"false\" class=\"elementor-element elementor-element-b944d68 e-flex e-con-boxed e-con e-parent\" data-id=\"b944d68\" data-element_type=\"container\" data-e-type=\"container\">\n\t\t\t\t\t<div class=\"e-con-inner\">\n\t\t\t\t<div class=\"elementor-element elementor-element-c972766 elementor-widget elementor-widget-text-editor\" data-id=\"c972766\" data-element_type=\"widget\" data-e-type=\"widget\" data-widget_type=\"text-editor.default\">\n\t\t\t\t\t\t\t\t\t<p>Las listas de tareas son una forma sencilla y eficaz de organizar las actividades diarias. Dividir las tareas en peque\u00f1as acciones concretas hace que sean m\u00e1s manejables y permite monitorear el progreso. <a href=\"https:\/\/soymigrante.com\/revista\/category\/mejor\/\" target=\"_blank\" rel=\"noopener\">Un m\u00e9todo popular es el m\u00e9todo de priorizaci\u00f3n de Eisenhower,<\/a> que divide las tareas en cuatro cuadrantes seg\u00fan su urgencia e importancia.<\/p>\t\t\t\t\t\t\t\t<\/div>\n\t\t\t\t\t<\/div>\n\t\t\t\t<\/div>\n\t\t<div data-particle_enable=\"false\" data-particle-mobile-disabled=\"false\" class=\"elementor-element elementor-element-bafa039 e-flex e-con-boxed e-con e-parent\" data-id=\"bafa039\" data-element_type=\"container\" data-e-type=\"container\">\n\t\t\t\t\t<div class=\"e-con-inner\">\n\t\t\t\t<div class=\"elementor-element elementor-element-5c505a5 elementor-widget elementor-widget-heading\" data-id=\"5c505a5\" data-element_type=\"widget\" data-e-type=\"widget\" data-widget_type=\"heading.default\">\n\t\t\t\t\t<h3 class=\"elementor-heading-title elementor-size-default\">3. Utilizar el m\u00e9todo pomodoro:<\/h3>\t\t\t\t<\/div>\n\t\t\t\t\t<\/div>\n\t\t\t\t<\/div>\n\t\t<div data-particle_enable=\"false\" data-particle-mobile-disabled=\"false\" class=\"elementor-element elementor-element-8eb8ced e-flex e-con-boxed e-con e-parent\" data-id=\"8eb8ced\" data-element_type=\"container\" data-e-type=\"container\">\n\t\t\t\t\t<div class=\"e-con-inner\">\n\t\t\t\t<div class=\"elementor-element elementor-element-d608a00 elementor-widget elementor-widget-text-editor\" data-id=\"d608a00\" data-element_type=\"widget\" data-e-type=\"widget\" data-widget_type=\"text-editor.default\">\n\t\t\t\t\t\t\t\t\t<p>El m\u00e9todo Pomodoro consiste en trabajar en intervalos de 25 minutos seguidos de un breve descanso. Esto no solo mejora la concentraci\u00f3n, sino que tambi\u00e9n permite gestionar mejor el tiempo al fragmentar las tareas en partes manejables.<\/p>\t\t\t\t\t\t\t\t<\/div>\n\t\t\t\t\t<\/div>\n\t\t\t\t<\/div>\n\t\t<div data-particle_enable=\"false\" data-particle-mobile-disabled=\"false\" class=\"elementor-element elementor-element-ec5840f e-flex e-con-boxed e-con e-parent\" data-id=\"ec5840f\" data-element_type=\"container\" data-e-type=\"container\">\n\t\t\t\t\t<div class=\"e-con-inner\">\n\t\t\t\t<div class=\"elementor-element elementor-element-8eb5897 elementor-widget elementor-widget-heading\" data-id=\"8eb5897\" data-element_type=\"widget\" data-e-type=\"widget\" data-widget_type=\"heading.default\">\n\t\t\t\t\t<h3 class=\"elementor-heading-title elementor-size-default\">4. Calendarizar citas y compromisos:<\/h3>\t\t\t\t<\/div>\n\t\t\t\t\t<\/div>\n\t\t\t\t<\/div>\n\t\t<div data-particle_enable=\"false\" data-particle-mobile-disabled=\"false\" class=\"elementor-element elementor-element-25b9668 e-flex e-con-boxed e-con e-parent\" data-id=\"25b9668\" data-element_type=\"container\" data-e-type=\"container\">\n\t\t\t\t\t<div class=\"e-con-inner\">\n\t\t\t\t<div class=\"elementor-element elementor-element-2a21f94 elementor-widget elementor-widget-text-editor\" data-id=\"2a21f94\" data-element_type=\"widget\" data-e-type=\"widget\" data-widget_type=\"text-editor.default\">\n\t\t\t\t\t\t\t\t\t<p>Organizar citas, reuniones y compromisos en un calendario es esencial para evitar el caos.<a href=\"https:\/\/soymigrante.com\/revista\/category\/mejor\/\" target=\"_blank\" rel=\"noopener\"> Un calendario no solo ayuda a recordar fechas clave, sino que tambi\u00e9n facilita la visualizaci\u00f3n del tiempo disponible<\/a>, lo que es fundamental para evitar sobrecargas de trabajo.<\/p>\t\t\t\t\t\t\t\t<\/div>\n\t\t\t\t\t<\/div>\n\t\t\t\t<\/div>\n\t\t<div data-particle_enable=\"false\" data-particle-mobile-disabled=\"false\" class=\"elementor-element elementor-element-0bdfc5a e-flex e-con-boxed e-con e-parent\" data-id=\"0bdfc5a\" data-element_type=\"container\" data-e-type=\"container\">\n\t\t\t\t\t<div class=\"e-con-inner\">\n\t\t\t\t<div class=\"elementor-element elementor-element-8addcf5 elementor-widget elementor-widget-heading\" data-id=\"8addcf5\" data-element_type=\"widget\" data-e-type=\"widget\" data-widget_type=\"heading.default\">\n\t\t\t\t\t<h3 class=\"elementor-heading-title elementor-size-default\">5. Revisar y ajustar:<\/h3>\t\t\t\t<\/div>\n\t\t\t\t\t<\/div>\n\t\t\t\t<\/div>\n\t\t<div data-particle_enable=\"false\" data-particle-mobile-disabled=\"false\" class=\"elementor-element elementor-element-5ce971b e-flex e-con-boxed e-con e-parent\" data-id=\"5ce971b\" data-element_type=\"container\" data-e-type=\"container\">\n\t\t\t\t\t<div class=\"e-con-inner\">\n\t\t\t\t<div class=\"elementor-element elementor-element-73871b4 elementor-widget elementor-widget-text-editor\" data-id=\"73871b4\" data-element_type=\"widget\" data-e-type=\"widget\" data-widget_type=\"text-editor.default\">\n\t\t\t\t\t\t\t\t\t<p>La planificaci\u00f3n debe ser flexible. Revisar el plan a lo largo del d\u00eda o la semana permite realizar ajustes si surgen imprevistos, asegurando que las tareas m\u00e1s importantes se mantengan como prioridad.<\/p>\t\t\t\t\t\t\t\t<\/div>\n\t\t\t\t\t<\/div>\n\t\t\t\t<\/div>\n\t\t<div data-particle_enable=\"false\" data-particle-mobile-disabled=\"false\" class=\"elementor-element elementor-element-0c348ab e-flex e-con-boxed e-con e-parent\" data-id=\"0c348ab\" data-element_type=\"container\" data-e-type=\"container\">\n\t\t\t\t\t<div class=\"e-con-inner\">\n\t\t\t\t<div class=\"elementor-element elementor-element-6b54384 elementor-widget elementor-widget-image\" data-id=\"6b54384\" data-element_type=\"widget\" data-e-type=\"widget\" data-widget_type=\"image.default\">\n\t\t\t\t\t\t\t\t\t\t\t\t\t\t\t<img decoding=\"async\" width=\"768\" height=\"512\" src=\"https:\/\/soymigrante.com\/revista\/wp-content\/uploads\/2024\/09\/La-clave-para-el-exito-organizacion-en-el-trabajo3--1024x682.webp\" class=\"attachment-large size-large wp-image-9429\" alt=\"Tazas de caf\u00e9 junto a una laptop, ambiente relajado de trabajo o estudio en casa. Persona con reloj disfruta un momento de pausa con caf\u00e9 y tecnolog\u00eda.\" srcset=\"https:\/\/soymigrante.com\/revista\/wp-content\/uploads\/2024\/09\/La-clave-para-el-exito-organizacion-en-el-trabajo3--1024x682.webp 1024w, https:\/\/soymigrante.com\/revista\/wp-content\/uploads\/2024\/09\/La-clave-para-el-exito-organizacion-en-el-trabajo3--300x200.webp 300w, https:\/\/soymigrante.com\/revista\/wp-content\/uploads\/2024\/09\/La-clave-para-el-exito-organizacion-en-el-trabajo3--768x512.webp 768w, https:\/\/soymigrante.com\/revista\/wp-content\/uploads\/2024\/09\/La-clave-para-el-exito-organizacion-en-el-trabajo3--750x500.webp 750w, https:\/\/soymigrante.com\/revista\/wp-content\/uploads\/2024\/09\/La-clave-para-el-exito-organizacion-en-el-trabajo3--1140x760.jpg 1140w, https:\/\/soymigrante.com\/revista\/wp-content\/uploads\/2024\/09\/La-clave-para-el-exito-organizacion-en-el-trabajo3-.webp 1280w\" sizes=\"(max-width: 768px) 100vw, 768px\" title=\"La clave para el e\u0301xito organizacio\u0301n en el trabajo3 \u2013 SoyMigrante.com REVISTA\" \/>\t\t\t\t\t\t\t\t\t\t\t\t\t\t\t<\/div>\n\t\t\t\t\t<\/div>\n\t\t\t\t<\/div>\n\t\t<div data-particle_enable=\"false\" data-particle-mobile-disabled=\"false\" class=\"elementor-element elementor-element-fad37da e-flex e-con-boxed e-con e-parent\" data-id=\"fad37da\" data-element_type=\"container\" data-e-type=\"container\">\n\t\t\t\t\t<div class=\"e-con-inner\">\n\t\t\t\t<div class=\"elementor-element elementor-element-d3699eb elementor-widget elementor-widget-heading\" data-id=\"d3699eb\" data-element_type=\"widget\" data-e-type=\"widget\" data-widget_type=\"heading.default\">\n\t\t\t\t\t<h3 class=\"elementor-heading-title elementor-size-default\">Herramientas y aplicaciones para organizarse<\/h3>\t\t\t\t<\/div>\n\t\t\t\t\t<\/div>\n\t\t\t\t<\/div>\n\t\t<div data-particle_enable=\"false\" data-particle-mobile-disabled=\"false\" class=\"elementor-element elementor-element-f5da45b e-flex e-con-boxed e-con e-parent\" data-id=\"f5da45b\" data-element_type=\"container\" data-e-type=\"container\">\n\t\t\t\t\t<div class=\"e-con-inner\">\n\t\t\t\t<div class=\"elementor-element elementor-element-0b6dd45 elementor-widget elementor-widget-text-editor\" data-id=\"0b6dd45\" data-element_type=\"widget\" data-e-type=\"widget\" data-widget_type=\"text-editor.default\">\n\t\t\t\t\t\t\t\t\t<p>Hoy en d\u00eda, existen muchas aplicaciones que <a href=\"https:\/\/soymigrante.com\/revista\/category\/mejor\/\" target=\"_blank\" rel=\"noopener\">ayudan a mejorar la organizaci\u00f3n personal y laboral.<\/a> A continuaci\u00f3n, algunas de las m\u00e1s populares:<\/p>\t\t\t\t\t\t\t\t<\/div>\n\t\t\t\t\t<\/div>\n\t\t\t\t<\/div>\n\t\t<div data-particle_enable=\"false\" data-particle-mobile-disabled=\"false\" class=\"elementor-element elementor-element-92f094d e-flex e-con-boxed e-con e-parent\" data-id=\"92f094d\" data-element_type=\"container\" data-e-type=\"container\">\n\t\t\t\t\t<div class=\"e-con-inner\">\n\t\t\t\t<div class=\"elementor-element elementor-element-e92fa2e elementor-widget elementor-widget-heading\" data-id=\"e92fa2e\" data-element_type=\"widget\" data-e-type=\"widget\" data-widget_type=\"heading.default\">\n\t\t\t\t\t<h3 class=\"elementor-heading-title elementor-size-default\">1. Google Calendar:<\/h3>\t\t\t\t<\/div>\n\t\t\t\t\t<\/div>\n\t\t\t\t<\/div>\n\t\t<div data-particle_enable=\"false\" data-particle-mobile-disabled=\"false\" class=\"elementor-element elementor-element-5234505 e-flex e-con-boxed e-con e-parent\" data-id=\"5234505\" data-element_type=\"container\" data-e-type=\"container\">\n\t\t\t\t\t<div class=\"e-con-inner\">\n\t\t\t\t<div class=\"elementor-element elementor-element-cd305ae elementor-widget elementor-widget-text-editor\" data-id=\"cd305ae\" data-element_type=\"widget\" data-e-type=\"widget\" data-widget_type=\"text-editor.default\">\n\t\t\t\t\t\t\t\t\t<p><a href=\"https:\/\/calendar.google.com\/calendar\" target=\"_blank\" rel=\"noopener\">Es una de las herramientas m\u00e1s utilizadas para la gesti\u00f3n de citas y eventos<\/a>. Permite crear recordatorios, compartir calendarios con otros y sincronizarse con otros dispositivos, facilitando el acceso a la agenda desde cualquier lugar.<\/p>\t\t\t\t\t\t\t\t<\/div>\n\t\t\t\t\t<\/div>\n\t\t\t\t<\/div>\n\t\t<div data-particle_enable=\"false\" data-particle-mobile-disabled=\"false\" class=\"elementor-element elementor-element-5769a39 e-flex e-con-boxed e-con e-parent\" data-id=\"5769a39\" data-element_type=\"container\" data-e-type=\"container\">\n\t\t\t\t\t<div class=\"e-con-inner\">\n\t\t\t\t<div class=\"elementor-element elementor-element-9cdac20 elementor-widget elementor-widget-heading\" data-id=\"9cdac20\" data-element_type=\"widget\" data-e-type=\"widget\" data-widget_type=\"heading.default\">\n\t\t\t\t\t<h3 class=\"elementor-heading-title elementor-size-default\">2. Trello:<\/h3>\t\t\t\t<\/div>\n\t\t\t\t\t<\/div>\n\t\t\t\t<\/div>\n\t\t<div data-particle_enable=\"false\" data-particle-mobile-disabled=\"false\" class=\"elementor-element elementor-element-dcbcd42 e-flex e-con-boxed e-con e-parent\" data-id=\"dcbcd42\" data-element_type=\"container\" data-e-type=\"container\">\n\t\t\t\t\t<div class=\"e-con-inner\">\n\t\t\t\t<div class=\"elementor-element elementor-element-f642436 elementor-widget elementor-widget-text-editor\" data-id=\"f642436\" data-element_type=\"widget\" data-e-type=\"widget\" data-widget_type=\"text-editor.default\">\n\t\t\t\t\t\t\t\t\t<p>Ideal para la gesti\u00f3n de proyectos, <a href=\"https:\/\/trello.com\/\" target=\"_blank\" rel=\"noopener\">Trello organiza tareas en tableros y listas que pueden ser asignadas a diferentes miembros de un equipo<\/a>. Es especialmente \u00fatil para trabajos colaborativos, ya que permite visualizar el progreso de cada tarea y agregar etiquetas de prioridad.<\/p>\t\t\t\t\t\t\t\t<\/div>\n\t\t\t\t\t<\/div>\n\t\t\t\t<\/div>\n\t\t<div data-particle_enable=\"false\" data-particle-mobile-disabled=\"false\" class=\"elementor-element elementor-element-8fabef4 e-flex e-con-boxed e-con e-parent\" data-id=\"8fabef4\" data-element_type=\"container\" data-e-type=\"container\">\n\t\t\t\t\t<div class=\"e-con-inner\">\n\t\t\t\t<div class=\"elementor-element elementor-element-cd11c96 elementor-widget elementor-widget-heading\" data-id=\"cd11c96\" data-element_type=\"widget\" data-e-type=\"widget\" data-widget_type=\"heading.default\">\n\t\t\t\t\t<h3 class=\"elementor-heading-title elementor-size-default\">3. Todoist:<\/h3>\t\t\t\t<\/div>\n\t\t\t\t\t<\/div>\n\t\t\t\t<\/div>\n\t\t<div data-particle_enable=\"false\" data-particle-mobile-disabled=\"false\" class=\"elementor-element elementor-element-b81259f e-flex e-con-boxed e-con e-parent\" data-id=\"b81259f\" data-element_type=\"container\" data-e-type=\"container\">\n\t\t\t\t\t<div class=\"e-con-inner\">\n\t\t\t\t<div class=\"elementor-element elementor-element-0de0eaf elementor-widget elementor-widget-text-editor\" data-id=\"0de0eaf\" data-element_type=\"widget\" data-e-type=\"widget\" data-widget_type=\"text-editor.default\">\n\t\t\t\t\t\t\t\t\t<p>Es una aplicaci\u00f3n sencilla y efectiva para crear listas de tareas. <a href=\"https:\/\/monday.com\/lang\/es\/lp\/comp?cq_src=google_ads&amp;cq_cmp=20316654843&amp;cq_term=todoist&amp;cq_plac=&amp;cq_net=g&amp;cq_plt=gp&amp;utm_medium=cpc&amp;utm_source=adwordslocals&amp;utm_campaign=latam-es-prm-workos-work_mgmt-comp_exp-h-search-desktop-exp-aw&amp;utm_keyword=todoist&amp;utm_match_type=e&amp;cluster=&amp;subcluster=&amp;ati=&amp;utm_adgroup=todoist-en&amp;utm_banner=663981788871&amp;gad_source=1&amp;gclid=CjwKCAjw0aS3BhA3EiwAKaD2ZQeSBAuEPPySQS9OQ9uG2dfpEx1Xh9ySXOXUiaWPnfodbOsIdTB4jRoC_44QAvD_BwE\" target=\"_blank\" rel=\"noopener\">Permite establecer prioridades, agregar fechas l\u00edmite y organizar las tareas en categor\u00edas<\/a>, lo que facilita un seguimiento detallado de lo que debe hacerse a lo largo del d\u00eda o la semana.<\/p>\t\t\t\t\t\t\t\t<\/div>\n\t\t\t\t\t<\/div>\n\t\t\t\t<\/div>\n\t\t<div data-particle_enable=\"false\" data-particle-mobile-disabled=\"false\" class=\"elementor-element elementor-element-0b81d57 e-flex e-con-boxed e-con e-parent\" data-id=\"0b81d57\" data-element_type=\"container\" data-e-type=\"container\">\n\t\t\t\t\t<div class=\"e-con-inner\">\n\t\t\t\t<div class=\"elementor-element elementor-element-c5bf958 elementor-widget elementor-widget-heading\" data-id=\"c5bf958\" data-element_type=\"widget\" data-e-type=\"widget\" data-widget_type=\"heading.default\">\n\t\t\t\t\t<h3 class=\"elementor-heading-title elementor-size-default\">4. Notion:<\/h3>\t\t\t\t<\/div>\n\t\t\t\t\t<\/div>\n\t\t\t\t<\/div>\n\t\t<div data-particle_enable=\"false\" data-particle-mobile-disabled=\"false\" class=\"elementor-element elementor-element-057d759 e-flex e-con-boxed e-con e-parent\" data-id=\"057d759\" data-element_type=\"container\" data-e-type=\"container\">\n\t\t\t\t\t<div class=\"e-con-inner\">\n\t\t\t\t<div class=\"elementor-element elementor-element-380bc9f elementor-widget elementor-widget-text-editor\" data-id=\"380bc9f\" data-element_type=\"widget\" data-e-type=\"widget\" data-widget_type=\"text-editor.default\">\n\t\t\t\t\t\t\t\t\t<p>Esta herramienta es una de las m\u00e1s vers\u00e1tiles. <a href=\"https:\/\/www.notion.so\/\" target=\"_blank\" rel=\"noopener\">Notion combina la creaci\u00f3n de documentos, bases de datos, listas de tareas y calendarios<\/a>, lo que la convierte en una opci\u00f3n ideal para aquellos que necesitan organizar tanto su vida personal como profesional en un solo lugar.<\/p>\t\t\t\t\t\t\t\t<\/div>\n\t\t\t\t\t<\/div>\n\t\t\t\t<\/div>\n\t\t<div data-particle_enable=\"false\" data-particle-mobile-disabled=\"false\" class=\"elementor-element elementor-element-623234b e-flex e-con-boxed e-con e-parent\" data-id=\"623234b\" data-element_type=\"container\" data-e-type=\"container\">\n\t\t\t\t\t<div class=\"e-con-inner\">\n\t\t\t\t<div class=\"elementor-element elementor-element-adb05be elementor-widget elementor-widget-heading\" data-id=\"adb05be\" data-element_type=\"widget\" data-e-type=\"widget\" data-widget_type=\"heading.default\">\n\t\t\t\t\t<h3 class=\"elementor-heading-title elementor-size-default\">5. Microsoft To Do:<\/h3>\t\t\t\t<\/div>\n\t\t\t\t\t<\/div>\n\t\t\t\t<\/div>\n\t\t<div data-particle_enable=\"false\" data-particle-mobile-disabled=\"false\" class=\"elementor-element elementor-element-b69570f e-flex e-con-boxed e-con e-parent\" data-id=\"b69570f\" data-element_type=\"container\" data-e-type=\"container\">\n\t\t\t\t\t<div class=\"e-con-inner\">\n\t\t\t\t<div class=\"elementor-element elementor-element-f2a713d elementor-widget elementor-widget-text-editor\" data-id=\"f2a713d\" data-element_type=\"widget\" data-e-type=\"widget\" data-widget_type=\"text-editor.default\">\n\t\t\t\t\t\t\t\t\t<p>Desarrollada por Microsoft, <a href=\"https:\/\/to-do.office.com\/tasks\/\" target=\"_blank\" rel=\"noopener\">esta aplicaci\u00f3n es ideal para quienes trabajan con el ecosistema de Office.<\/a> Sincroniza tareas entre dispositivos y se integra con Outlook, lo que permite gestionar tanto tareas personales como laborales desde un solo lugar.<\/p>\t\t\t\t\t\t\t\t<\/div>\n\t\t\t\t\t<\/div>\n\t\t\t\t<\/div>\n\t\t<div data-particle_enable=\"false\" data-particle-mobile-disabled=\"false\" class=\"elementor-element elementor-element-f341ef6 e-flex e-con-boxed e-con e-parent\" data-id=\"f341ef6\" data-element_type=\"container\" data-e-type=\"container\">\n\t\t\t\t\t<div class=\"e-con-inner\">\n\t\t\t\t<div class=\"elementor-element elementor-element-0a25061 elementor-widget elementor-widget-heading\" data-id=\"0a25061\" data-element_type=\"widget\" data-e-type=\"widget\" data-widget_type=\"heading.default\">\n\t\t\t\t\t<h3 class=\"elementor-heading-title elementor-size-default\">El rol de la tecnolog\u00eda en la organizaci\u00f3n<\/h3>\t\t\t\t<\/div>\n\t\t\t\t\t<\/div>\n\t\t\t\t<\/div>\n\t\t<div data-particle_enable=\"false\" data-particle-mobile-disabled=\"false\" class=\"elementor-element elementor-element-4f6bd36 e-flex e-con-boxed e-con e-parent\" data-id=\"4f6bd36\" data-element_type=\"container\" data-e-type=\"container\">\n\t\t\t\t\t<div class=\"e-con-inner\">\n\t\t\t\t<div class=\"elementor-element elementor-element-1325c2a elementor-widget elementor-widget-text-editor\" data-id=\"1325c2a\" data-element_type=\"widget\" data-e-type=\"widget\" data-widget_type=\"text-editor.default\">\n\t\t\t\t\t\t\t\t\t<p>La tecnolog\u00eda ha transformado la forma en que las personas se organizan. Las aplicaciones y herramientas de productividad no solo ayudan a gestionar el tiempo, sino que tambi\u00e9n permiten acceder a la informaci\u00f3n desde cualquier lugar y compartirla con otros en tiempo real.<\/p><p>Sin embargo, la clave est\u00e1 en no sobrecargarse de herramientas. Elegir una o dos aplicaciones que se adapten a las necesidades y estilo de trabajo personal es mucho m\u00e1s efectivo que utilizar m\u00faltiples plataformas que pueden generar confusi\u00f3n o duplicar el trabajo.<\/p>\t\t\t\t\t\t\t\t<\/div>\n\t\t\t\t\t<\/div>\n\t\t\t\t<\/div>\n\t\t<div data-particle_enable=\"false\" data-particle-mobile-disabled=\"false\" class=\"elementor-element elementor-element-7c4b1a6 e-flex e-con-boxed e-con e-parent\" data-id=\"7c4b1a6\" data-element_type=\"container\" data-e-type=\"container\">\n\t\t\t\t\t<div class=\"e-con-inner\">\n\t\t\t\t<div class=\"elementor-element elementor-element-5d9ded8 elementor-widget elementor-widget-video\" data-id=\"5d9ded8\" data-element_type=\"widget\" data-e-type=\"widget\" data-settings=\"{&quot;youtube_url&quot;:&quot;https:\\\/\\\/www.youtube.com\\\/watch?v=VsFhp4BJGbM&quot;,&quot;video_type&quot;:&quot;youtube&quot;,&quot;controls&quot;:&quot;yes&quot;}\" data-widget_type=\"video.default\">\n\t\t\t\t\t\t\t<div class=\"elementor-wrapper elementor-open-inline\">\n\t\t\t<div class=\"elementor-video\"><\/div>\t\t<\/div>\n\t\t\t\t\t\t<\/div>\n\t\t\t\t\t<\/div>\n\t\t\t\t<\/div>\n\t\t<div data-particle_enable=\"false\" data-particle-mobile-disabled=\"false\" class=\"elementor-element elementor-element-ec1d88a e-flex e-con-boxed e-con e-parent\" data-id=\"ec1d88a\" data-element_type=\"container\" data-e-type=\"container\">\n\t\t\t\t\t<div class=\"e-con-inner\">\n\t\t\t\t<div class=\"elementor-element elementor-element-a0e1f3e elementor-widget elementor-widget-heading\" data-id=\"a0e1f3e\" data-element_type=\"widget\" data-e-type=\"widget\" data-widget_type=\"heading.default\">\n\t\t\t\t\t<h2 class=\"elementor-heading-title elementor-size-default\">No te puedes perder...<\/h2>\t\t\t\t<\/div>\n\t\t\t\t\t<\/div>\n\t\t\t\t<\/div>\n\t\t<div data-particle_enable=\"false\" data-particle-mobile-disabled=\"false\" class=\"elementor-element elementor-element-037c1c9 e-flex e-con-boxed e-con e-parent\" data-id=\"037c1c9\" data-element_type=\"container\" data-e-type=\"container\">\n\t\t\t\t\t<div class=\"e-con-inner\">\n\t\t\t\t<div class=\"elementor-element elementor-element-a01e0c0 elementor-widget elementor-widget-blfe-post-grid\" data-id=\"a01e0c0\" data-element_type=\"widget\" data-e-type=\"widget\" data-settings=\"{&quot;columns&quot;:&quot;3&quot;,&quot;columns_tablet&quot;:&quot;6&quot;,&quot;columns_mobile&quot;:&quot;12&quot;,&quot;hero1_layout_column_gap&quot;:{&quot;unit&quot;:&quot;px&quot;,&quot;size&quot;:30,&quot;sizes&quot;:[]},&quot;hero1_layout_column_gap_tablet&quot;:{&quot;unit&quot;:&quot;px&quot;,&quot;size&quot;:&quot;&quot;,&quot;sizes&quot;:[]},&quot;hero1_layout_column_gap_mobile&quot;:{&quot;unit&quot;:&quot;px&quot;,&quot;size&quot;:&quot;&quot;,&quot;sizes&quot;:[]},&quot;hero1_layout_row_gap&quot;:{&quot;unit&quot;:&quot;px&quot;,&quot;size&quot;:30,&quot;sizes&quot;:[]},&quot;hero1_layout_row_gap_tablet&quot;:{&quot;unit&quot;:&quot;px&quot;,&quot;size&quot;:&quot;&quot;,&quot;sizes&quot;:[]},&quot;hero1_layout_row_gap_mobile&quot;:{&quot;unit&quot;:&quot;px&quot;,&quot;size&quot;:&quot;&quot;,&quot;sizes&quot;:[]}}\" data-widget_type=\"blfe-post-grid.hero1\">\n\t\t\t\t<div class=\"elementor-widget-container\">\n\t\t\t\t\t\n                        <div class=\"blfe-post-grid-container \">\n            \n                <div data-skin=\"hero1\" class=\"blfe-row blfe-posts-inner blfe-hero1 blfe-posts-inner blfe-col-3 blfe-col-tab-6 blfe-col-mob-12     \">\n                            <div class=\"blfe-post-grid-item\">\n            <div class=\"blfe-post-grid-item-inner blfe-modern-zoom\">\n                        <div class=\"blfe-post-grid-bg-image\">\n            <a class=\"blfe-post-grid-image-inner\" href=\"https:\/\/soymigrante.com\/revista\/horario-de-verano-2025-cuando-inicia-el-cambio-de-hora\/\" title=\"Horario de verano 2025 en USA: \u00bfCu\u00e1ndo inicia el cambio de hora?\" rel=\"nofollow\" target=\"_blank\"><img decoding=\"async\" src=\"https:\/\/soymigrante.com\/revista\/wp-content\/uploads\/2025\/02\/Horario-de-verano-2025-Cua\u0301ndo-inicia-el-cambio-de-hora1-scaled.webp\" alt=\"Horario de verano 2025 en USA: \u00bfCu\u00e1ndo inicia el cambio de hora?\"\/><\/a>        <\/div>\n                        <div class=\"blfe-post-grid-details\">\n                    <div class=\"blfe-post-grid-details-inner\">\n                        <span class=\"blfe-post-category\"><a href=\"https:\/\/soymigrante.com\/revista\/category\/bienestar\/\">Bienestar<\/a><\/span>                        <h3 class=\"blfe-post-grid-title\">\n            <a href=\"https:\/\/soymigrante.com\/revista\/horario-de-verano-2025-cuando-inicia-el-cambio-de-hora\/\" title=\"Horario de verano 2025 en USA: \u00bfCu\u00e1ndo inicia el cambio de hora?\" rel=\"nofollow\" target=\"_blank\">Horario de verano 2025 en USA: \u00bfCu\u00e1ndo inicia el cambio de hora?<\/a>\n            <\/h3>                                                            <div class=\"blfe-post-grid-meta\">\n                <span class=\"blfe-post-grid-time\"><i class=\"fas fa-book-reader\"><\/i>3 Min read<\/span>            <\/div>\n                                                        <\/div>\n                <\/div>\n\n            <\/div>\n        <\/div>\n                <div class=\"blfe-post-grid-item\">\n            <div class=\"blfe-post-grid-item-inner blfe-modern-zoom\">\n                        <div class=\"blfe-post-grid-bg-image\">\n            <a class=\"blfe-post-grid-image-inner\" href=\"https:\/\/soymigrante.com\/revista\/hay-que-aprender-a-autocontrolar-las-emociones\/\" title=\"Hay que aprender a autocontrolar las emociones\" rel=\"nofollow\" target=\"_blank\"><img decoding=\"async\" src=\"https:\/\/soymigrante.com\/revista\/wp-content\/uploads\/2024\/09\/controlar-emociones.webp\" alt=\"Hay que aprender a autocontrolar las emociones\"\/><\/a>        <\/div>\n                        <div class=\"blfe-post-grid-details\">\n                    <div class=\"blfe-post-grid-details-inner\">\n                        <span class=\"blfe-post-category\"><a href=\"https:\/\/soymigrante.com\/revista\/category\/bienestar\/\">Bienestar<\/a><\/span>                        <h3 class=\"blfe-post-grid-title\">\n            <a href=\"https:\/\/soymigrante.com\/revista\/hay-que-aprender-a-autocontrolar-las-emociones\/\" title=\"Hay que aprender a autocontrolar las emociones\" rel=\"nofollow\" target=\"_blank\">Hay que aprender a autocontrolar las emociones<\/a>\n            <\/h3>                                                            <div class=\"blfe-post-grid-meta\">\n                <span class=\"blfe-post-grid-time\"><i class=\"fas fa-book-reader\"><\/i>4 Min read<\/span>            <\/div>\n                                                        <\/div>\n                <\/div>\n\n            <\/div>\n        <\/div>\n                <div class=\"blfe-post-grid-item\">\n            <div class=\"blfe-post-grid-item-inner blfe-modern-zoom\">\n                        <div class=\"blfe-post-grid-bg-image\">\n            <a class=\"blfe-post-grid-image-inner\" href=\"https:\/\/soymigrante.com\/revista\/manual-gratuito-de-metas-trata-el-cansancio-como-dato-no-como-falla-ni-fracaso\/\" title=\"Manual gratuito de metas: Trat\u00e1 el cansancio como dato, no como falla ni fracaso\" rel=\"nofollow\" target=\"_blank\"><img decoding=\"async\" src=\"https:\/\/soymigrante.com\/revista\/wp-content\/uploads\/2026\/01\/manual-metas-descanso-.png\" alt=\"Manual gratuito de metas: Trat\u00e1 el cansancio como dato, no como falla ni fracaso\"\/><\/a>        <\/div>\n                        <div class=\"blfe-post-grid-details\">\n                    <div class=\"blfe-post-grid-details-inner\">\n                        <span class=\"blfe-post-category\"><a href=\"https:\/\/soymigrante.com\/revista\/category\/bienestar\/\">Bienestar<\/a><\/span>                        <h3 class=\"blfe-post-grid-title\">\n            <a href=\"https:\/\/soymigrante.com\/revista\/manual-gratuito-de-metas-trata-el-cansancio-como-dato-no-como-falla-ni-fracaso\/\" title=\"Manual gratuito de metas: Trat\u00e1 el cansancio como dato, no como falla ni fracaso\" rel=\"nofollow\" target=\"_blank\">Manual gratuito de metas: Trat\u00e1 el cansancio como dato, no como falla ni fracaso<\/a>\n            <\/h3>                                                            <div class=\"blfe-post-grid-meta\">\n                <span class=\"blfe-post-grid-time\"><i class=\"fas fa-book-reader\"><\/i>4 Min read<\/span>            <\/div>\n                                                        <\/div>\n                <\/div>\n\n            <\/div>\n        <\/div>\n                        <\/div>\n\n                        <\/div>\n            \n                        <div class=\"blfe-post-footer\">\n                        <\/div>\n            \t\t\t\t<\/div>\n\t\t\t\t<\/div>\n\t\t\t\t\t<\/div>\n\t\t\t\t<\/div>\n\t\t\t\t<\/div>\n\t\t","protected":false},"excerpt":{"rendered":"<p>En la era digital, donde la inmediatez y la sobrecarga de informaci\u00f3n son constantes, la planificaci\u00f3n y organizaci\u00f3n del trabajo se han convertido en herramientas fundamentales para mantener la productividad. Ya sea para profesionales, emprendedores o estudiantes, saber c\u00f3mo gestionar el tiempo, las citas y las tareas diarias es vital para evitar el estr\u00e9s y [&hellip;]<\/p>\n","protected":false},"author":19,"featured_media":9427,"comment_status":"open","ping_status":"open","sticky":false,"template":"","format":"standard","meta":{"_acf_changed":false,"_eb_attr":"","footnotes":""},"categories":[55],"tags":[],"class_list":["post-9426","post","type-post","status-publish","format-standard","has-post-thumbnail","hentry","category-bienestar"],"acf":[],"aioseo_notices":[],"aioseo_head":"\n\t\t<!-- All in One SEO Pro 4.9.6.2 - aioseo.com -->\n\t<meta name=\"description\" content=\"\u00bfAlguna vez has dicho?: \u00a1Ya me cans\u00e9! \u00a1Estoy agotado y sin avanzar! El cansancio no es indicador de falla, sino oportunidad para cambiar enfoque, m\u00e9todo, tiempos\" \/>\n\t<meta name=\"robots\" content=\"max-snippet:-1, max-image-preview:large, max-video-preview:-1\" \/>\n\t<meta name=\"author\" content=\"SoyMigrante.com REVISTA\"\/>\n\t<link rel=\"canonical\" href=\"https:\/\/soymigrante.com\/revista\/manual-gratuito-de-metas-trata-el-cansancio-como-dato-no-como-falla-ni-fracaso\/\" \/>\n\t<meta name=\"generator\" content=\"All in One SEO Pro (AIOSEO) 4.9.6.2\" \/>\n\n\t\t<link rel=\"preconnect\" href=\"https:\/\/fonts.googleapis.com\" crossorigin>\n<link rel=\"preconnect\" href=\"https:\/\/fonts.gstatic.com\" crossorigin>\n\t\t<meta property=\"og:locale\" content=\"es_ES\" \/>\n\t\t<meta property=\"og:site_name\" content=\"SoyMigrante.com REVISTA \u2013 Nuestra misi\u00f3n es reconocer y dignificar al migrante.\" \/>\n\t\t<meta property=\"og:type\" content=\"article\" \/>\n\t\t<meta property=\"og:title\" content=\"Trat\u00e1 el cansancio como dato, no como falla ni fracaso\" \/>\n\t\t<meta property=\"og:description\" content=\"\u00bfAlguna vez has dicho?: \u00a1Ya me cans\u00e9! \u00a1Estoy agotado y sin avanzar! El cansancio no es indicador de falla, sino oportunidad para cambiar enfoque, m\u00e9todo, tiempos\" \/>\n\t\t<meta property=\"og:url\" content=\"https:\/\/soymigrante.com\/revista\/manual-gratuito-de-metas-trata-el-cansancio-como-dato-no-como-falla-ni-fracaso\/\" \/>\n\t\t<meta property=\"og:image\" content=\"https:\/\/soymigrante.com\/revista\/wp-content\/uploads\/2026\/01\/manual-metas-descanso-.png\" \/>\n\t\t<meta property=\"og:image:secure_url\" content=\"https:\/\/soymigrante.com\/revista\/wp-content\/uploads\/2026\/01\/manual-metas-descanso-.png\" \/>\n\t\t<meta property=\"og:image:width\" content=\"421\" \/>\n\t\t<meta property=\"og:image:height\" content=\"416\" \/>\n\t\t<meta property=\"article:published_time\" content=\"2026-01-16T13:23:50+00:00\" \/>\n\t\t<meta property=\"article:modified_time\" content=\"2026-01-19T21:20:20+00:00\" \/>\n\t\t<meta property=\"article:publisher\" content=\"https:\/\/www.facebook.com\/soymigrantecom\" \/>\n\t\t<meta name=\"twitter:card\" content=\"summary_large_image\" \/>\n\t\t<meta name=\"twitter:site\" content=\"@SoyMigrante_com\" \/>\n\t\t<meta name=\"twitter:title\" content=\"Trat\u00e1 el cansancio como dato, no como falla ni fracaso\" \/>\n\t\t<meta name=\"twitter:description\" content=\"\u00bfAlguna vez has dicho?: \u00a1Ya me cans\u00e9! \u00a1Estoy agotado y sin avanzar! El cansancio no es indicador de falla, sino oportunidad para cambiar enfoque, m\u00e9todo, tiempos\" \/>\n\t\t<meta name=\"twitter:creator\" content=\"@SoyMigrante_com\" \/>\n\t\t<meta name=\"twitter:image\" content=\"https:\/\/soymigrante.com\/revista\/wp-content\/uploads\/2026\/01\/manual-metas-descanso-.png\" \/>\n\t\t<!-- All in One SEO Pro -->\r\n\t\t<title>Trat\u00e1 el cansancio como dato, no como falla ni fracaso<\/title>\n\n","aioseo_head_json":{"title":"Trat\u00e1 el cansancio como dato, no como falla ni fracaso","description":"\u00bfAlguna vez has dicho?: \u00a1Ya me cans\u00e9! \u00a1Estoy agotado y sin avanzar! El cansancio no es indicador de falla, sino oportunidad para cambiar enfoque, m\u00e9todo, tiempos","canonical_url":"https:\/\/soymigrante.com\/revista\/manual-gratuito-de-metas-trata-el-cansancio-como-dato-no-como-falla-ni-fracaso\/","robots":"max-snippet:-1, max-image-preview:large, max-video-preview:-1","keywords":"","webmasterTools":{"miscellaneous":"&lt;link rel=\"preconnect\" href=\"https:\/\/fonts.googleapis.com\" crossorigin&gt;\n&lt;link rel=\"preconnect\" href=\"https:\/\/fonts.gstatic.com\" crossorigin&gt;"},"schema":null,"og:locale":"es_ES","og:site_name":"SoyMigrante.com REVISTA \u2013 Nuestra misi\u00f3n es reconocer y dignificar al migrante.","og:type":"article","og:title":"Trat\u00e1 el cansancio como dato, no como falla ni fracaso","og:description":"\u00bfAlguna vez has dicho?: \u00a1Ya me cans\u00e9! \u00a1Estoy agotado y sin avanzar! El cansancio no es indicador de falla, sino oportunidad para cambiar enfoque, m\u00e9todo, tiempos","og:url":"https:\/\/soymigrante.com\/revista\/manual-gratuito-de-metas-trata-el-cansancio-como-dato-no-como-falla-ni-fracaso\/","og:image":"https:\/\/soymigrante.com\/revista\/wp-content\/uploads\/2026\/01\/manual-metas-descanso-.png","og:image:secure_url":"https:\/\/soymigrante.com\/revista\/wp-content\/uploads\/2026\/01\/manual-metas-descanso-.png","og:image:width":421,"og:image:height":416,"article:published_time":"2026-01-16T13:23:50+00:00","article:modified_time":"2026-01-19T21:20:20+00:00","article:publisher":"https:\/\/www.facebook.com\/soymigrantecom","twitter:card":"summary_large_image","twitter:site":"@SoyMigrante_com","twitter:title":"Trat\u00e1 el cansancio como dato, no como falla ni fracaso","twitter:description":"\u00bfAlguna vez has dicho?: \u00a1Ya me cans\u00e9! \u00a1Estoy agotado y sin avanzar! El cansancio no es indicador de falla, sino oportunidad para cambiar enfoque, m\u00e9todo, tiempos","twitter:creator":"@SoyMigrante_com","twitter:image":"https:\/\/soymigrante.com\/revista\/wp-content\/uploads\/2026\/01\/manual-metas-descanso-.png"},"aioseo_meta_data":{"post_id":"9426","title":null,"description":"En tiempos digitales y de tantas ocupaciones es necesario organizar el tiempo para poder cumplir con las exigencias laborales y tambi\u00e9n tener tiempo de familia","keywords":null,"keyphrases":{"focus":{"keyphrase":"clave para el \u00e9xito","score":46,"analysis":{"keyphraseInTitle":{"score":3,"maxScore":9,"error":1},"keyphraseInDescription":{"score":3,"maxScore":9,"error":1},"keyphraseLength":{"score":9,"maxScore":9,"error":0,"length":4},"keyphraseInURL":{"score":1,"maxScore":5,"error":1},"keyphraseInIntroduction":{"score":3,"maxScore":9,"error":1},"keyphraseInSubHeadings":{"score":3,"maxScore":9,"error":1},"keyphraseInImageAlt":{"score":9,"maxScore":9,"error":0},"keywordDensity":{"score":0,"type":"low","maxScore":9,"error":1}}},"additional":[{"keyphrase":"\u00e9xito","score":53,"analysis":{"keyphraseInDescription":{"score":3,"maxScore":9,"error":1},"keyphraseLength":{"score":9,"maxScore":9,"error":0,"length":1},"keyphraseInIntroduction":{"score":3,"maxScore":9,"error":1},"keyphraseInImageAlt":{"score":9,"maxScore":9,"error":0},"keywordDensity":{"score":0,"type":"low","maxScore":9,"error":1}}},{"keyphrase":"clave","score":73,"analysis":{"keyphraseInDescription":{"score":3,"maxScore":9,"error":1},"keyphraseLength":{"score":9,"maxScore":9,"error":0,"length":1},"keyphraseInIntroduction":{"score":3,"maxScore":9,"error":1},"keyphraseInImageAlt":{"score":9,"maxScore":9,"error":0},"keywordDensity":{"type":"best","score":9,"maxScore":9,"error":0}}}]},"primary_term":null,"canonical_url":null,"og_title":null,"og_description":null,"og_object_type":"default","og_image_type":"default","og_image_url":null,"og_image_width":null,"og_image_height":null,"og_image_custom_url":null,"og_image_custom_fields":null,"og_video":"","og_custom_url":null,"og_article_section":null,"og_article_tags":null,"twitter_use_og":false,"twitter_card":"default","twitter_image_type":"default","twitter_image_url":null,"twitter_image_custom_url":null,"twitter_image_custom_fields":null,"twitter_title":null,"twitter_description":null,"schema":{"blockGraphs":[],"customGraphs":[],"default":{"data":{"Article":[],"Course":[],"Dataset":[],"FAQPage":[],"Movie":[],"Person":[],"Product":[],"ProductReview":[],"Car":[],"Recipe":[],"Service":[],"SoftwareApplication":[],"WebPage":[]},"graphName":"Article","isEnabled":true},"graphs":[]},"schema_type":"default","schema_type_options":null,"pillar_content":false,"robots_default":true,"robots_noindex":false,"robots_noarchive":false,"robots_nosnippet":false,"robots_nofollow":false,"robots_noimageindex":false,"robots_noodp":false,"robots_notranslate":false,"robots_max_snippet":"-1","robots_max_videopreview":"-1","robots_max_imagepreview":"large","priority":null,"frequency":"default","local_seo":null,"seo_analyzer_scan_date":"2025-10-09 00:23:16","breadcrumb_settings":null,"limit_modified_date":false,"reviewed_by":null,"open_ai":"{\"title\":{\"suggestions\":[],\"usage\":0},\"description\":{\"suggestions\":[],\"usage\":0}}","ai":null,"created":"2024-09-17 18:42:43","updated":"2026-02-04 16:38:12"},"aioseo_breadcrumb":"<div class=\"aioseo-breadcrumbs\"><span class=\"aioseo-breadcrumb\">\n\t<a href=\"https:\/\/soymigrante.com\/revista\" title=\"Home\">Home<\/a>\n<\/span><span class=\"aioseo-breadcrumb-separator\">\u00bb<\/span><span class=\"aioseo-breadcrumb\">\n\t<a href=\"https:\/\/soymigrante.com\/revista\/category\/bienestar\/\" title=\"Bienestar\">Bienestar<\/a>\n<\/span><span class=\"aioseo-breadcrumb-separator\">\u00bb<\/span><span class=\"aioseo-breadcrumb\">\n\tOrganizaci\u00f3n de trabajo y tiempo es vital para el \u00e9xito: sugerencias pr\u00e1cticas\n<\/span><\/div>","aioseo_breadcrumb_json":[{"label":"Home","link":"https:\/\/soymigrante.com\/revista"},{"label":"Bienestar","link":"https:\/\/soymigrante.com\/revista\/category\/bienestar\/"},{"label":"Organizaci\u00f3n de trabajo y tiempo es vital para el \u00e9xito: sugerencias pr\u00e1cticas","link":"https:\/\/soymigrante.com\/revista\/organizacion-de-trabajo-y-tiempo-es-vital-para-el-exito\/"}],"_links":{"self":[{"href":"https:\/\/soymigrante.com\/revista\/wp-json\/wp\/v2\/posts\/9426","targetHints":{"allow":["GET"]}}],"collection":[{"href":"https:\/\/soymigrante.com\/revista\/wp-json\/wp\/v2\/posts"}],"about":[{"href":"https:\/\/soymigrante.com\/revista\/wp-json\/wp\/v2\/types\/post"}],"author":[{"embeddable":true,"href":"https:\/\/soymigrante.com\/revista\/wp-json\/wp\/v2\/users\/19"}],"replies":[{"embeddable":true,"href":"https:\/\/soymigrante.com\/revista\/wp-json\/wp\/v2\/comments?post=9426"}],"version-history":[{"count":0,"href":"https:\/\/soymigrante.com\/revista\/wp-json\/wp\/v2\/posts\/9426\/revisions"}],"wp:featuredmedia":[{"embeddable":true,"href":"https:\/\/soymigrante.com\/revista\/wp-json\/wp\/v2\/media\/9427"}],"wp:attachment":[{"href":"https:\/\/soymigrante.com\/revista\/wp-json\/wp\/v2\/media?parent=9426"}],"wp:term":[{"taxonomy":"category","embeddable":true,"href":"https:\/\/soymigrante.com\/revista\/wp-json\/wp\/v2\/categories?post=9426"},{"taxonomy":"post_tag","embeddable":true,"href":"https:\/\/soymigrante.com\/revista\/wp-json\/wp\/v2\/tags?post=9426"}],"curies":[{"name":"wp","href":"https:\/\/api.w.org\/{rel}","templated":true}]}}