{"id":9347,"date":"2024-09-17T16:22:48","date_gmt":"2024-09-17T22:22:48","guid":{"rendered":"https:\/\/soymigrante.com\/revista\/?p=9347"},"modified":"2024-10-03T17:12:14","modified_gmt":"2024-10-03T23:12:14","slug":"vuelan-cantan-y-son-libres-las-fotografias-del-guatemalteco-ottoniel-cojulun-vuelan","status":"publish","type":"post","link":"https:\/\/soymigrante.com\/revista\/vuelan-cantan-y-son-libres-las-fotografias-del-guatemalteco-ottoniel-cojulun-vuelan\/","title":{"rendered":"Vuelan, cantan y son libres las fotograf\u00edas del guatemalteco Ottoniel Cojulun"},"content":{"rendered":"\t\t<div data-elementor-type=\"wp-post\" data-elementor-id=\"9347\" class=\"elementor elementor-9347\" data-elementor-post-type=\"post\">\n\t\t\t\t<div data-particle_enable=\"false\" data-particle-mobile-disabled=\"false\" class=\"elementor-element elementor-element-32c2572 e-flex e-con-boxed e-con e-parent\" data-id=\"32c2572\" data-element_type=\"container\" data-e-type=\"container\">\n\t\t\t\t\t<div class=\"e-con-inner\">\n\t\t\t\t<div class=\"elementor-element elementor-element-46f9d23 elementor-widget elementor-widget-heading\" data-id=\"46f9d23\" data-element_type=\"widget\" data-e-type=\"widget\" data-widget_type=\"heading.default\">\n\t\t\t\t\t<h2 class=\"elementor-heading-title elementor-size-default\">Las aves, locales y migratorias, forman parte del paisaje y la naturaleza de Guatemala. Hay m\u00e1s de 700 especies registradas en el pa\u00eds. Por eso decimos que las im\u00e1genes del avifot\u00f3grafo Ottoniel Cojul\u00fan  cantan, vuelan y son libres.<\/h2>\t\t\t\t<\/div>\n\t\t\t\t\t<\/div>\n\t\t\t\t<\/div>\n\t\t<div data-particle_enable=\"false\" data-particle-mobile-disabled=\"false\" class=\"elementor-element elementor-element-a193e73 e-flex e-con-boxed e-con e-parent\" data-id=\"a193e73\" data-element_type=\"container\" data-e-type=\"container\">\n\t\t\t\t\t<div class=\"e-con-inner\">\n\t\t\t\t<div class=\"elementor-element elementor-element-7be33f4 elementor-widget elementor-widget-text-editor\" data-id=\"7be33f4\" data-element_type=\"widget\" data-e-type=\"widget\" data-widget_type=\"text-editor.default\">\n\t\t\t\t\t\t\t\t\t<p>Desde hace 7 a\u00f1os, Ottoniel Cojul\u00fan se aventur\u00f3 a fotografiar aves. Desde ni\u00f1o recuerda que su padre usaba c\u00e1maras de rollo lo que influenci\u00f3 en su actual pasi\u00f3n. En la adolescencia \u00e9l ya era atra\u00eddo por la fotograf\u00eda y se dispon\u00eda a escalar volcanes o monta\u00f1as.\u00a0<\/p><p>Ha experimentado la fotograf\u00eda cotidiana y paisajista. Cuando tuvo la posibilidad de adquirir un telefoto descubri\u00f3 que era la mejor forma de captar a la fauna en Guatemala.<\/p><p>Confiesa que<a href=\"https:\/\/soymigrante.com\/revista\/10-datos-del-quetzal-que-tal-vez-ya-conocias-o-quiza-no\/\"> la primera vez que capt\u00f3 un Quetzal <\/a>fue en Costa Rica, como aficionado crey\u00f3 que esta ave ya no exist\u00eda en Guatemala. Hoy por hoy sabe que el ave nacional puede ser captada en Baja Verapaz, Chiquimula,\u00a0<a href=\"https:\/\/soymigrante.com\/revista\/guatemala-danza-el-baile-de-la-paach-de-san-marcos-es-patrimonio-de-la-humanidad\/\" target=\"_blank\" rel=\"noopener\">San Marcos<\/a>, <a href=\"https:\/\/soymigrante.com\/revista\/cinco-parques-tematicos-en-retalhuleu-que-si-o-si-debes-visitar\/\">Retalhuleu<\/a>,\u00a0<a href=\"https:\/\/soymigrante.com\/revista\/zaculeu-antigua-capital-mam-no-deja-de-sorprender\/\" target=\"_blank\" rel=\"noopener\">Huehuetenango<\/a>, incluso en los volcanes\u00a0<a href=\"https:\/\/soymigrante.com\/revista\/10-pueblos-a-la-orilla-del-lago-de-atitlan-que-debes-descubrir\/\" target=\"_blank\" rel=\"noopener\">Atitl\u00e1n<\/a>\u00a0y de Agua.<\/p>\t\t\t\t\t\t\t\t<\/div>\n\t\t\t\t\t<\/div>\n\t\t\t\t<\/div>\n\t\t<div data-particle_enable=\"false\" data-particle-mobile-disabled=\"false\" class=\"elementor-element elementor-element-d440e5e e-flex e-con-boxed e-con e-parent\" data-id=\"d440e5e\" data-element_type=\"container\" data-e-type=\"container\">\n\t\t\t\t\t<div class=\"e-con-inner\">\n\t\t\t\t<div class=\"elementor-element elementor-element-0083ad3 elementor-arrows-position-inside elementor-pagination-position-outside elementor-widget elementor-widget-image-carousel\" data-id=\"0083ad3\" data-element_type=\"widget\" data-e-type=\"widget\" data-settings=\"{&quot;slides_to_show&quot;:&quot;1&quot;,&quot;navigation&quot;:&quot;both&quot;,&quot;autoplay&quot;:&quot;yes&quot;,&quot;pause_on_hover&quot;:&quot;yes&quot;,&quot;pause_on_interaction&quot;:&quot;yes&quot;,&quot;autoplay_speed&quot;:5000,&quot;infinite&quot;:&quot;yes&quot;,&quot;effect&quot;:&quot;slide&quot;,&quot;speed&quot;:500}\" data-widget_type=\"image-carousel.default\">\n\t\t\t\t\t\t\t<div class=\"elementor-image-carousel-wrapper swiper\" role=\"region\" aria-roledescription=\"carousel\" aria-label=\"Carrusel de im\u00e1genes\" dir=\"ltr\">\n\t\t\t<div class=\"elementor-image-carousel swiper-wrapper\" aria-live=\"off\">\n\t\t\t\t\t\t\t\t<div class=\"swiper-slide\" role=\"group\" aria-roledescription=\"slide\" aria-label=\"1 de 6\"><figure class=\"swiper-slide-inner\"><img decoding=\"async\" class=\"swiper-slide-image\" src=\"https:\/\/soymigrante.com\/revista\/wp-content\/uploads\/2024\/09\/quetzal-macho-ottoniel-cojulun-soy-migrante2.webp\" alt=\"Colorido loro verde en \u00e1rbol con corteza de \u00e1rbol, aves ex\u00f3ticas en la naturaleza, primicia de aves en su h\u00e1bitat natural, fauna silvestre en libertad, fotograf\u00eca de aves tropicales en la selva.\" \/><\/figure><\/div><div class=\"swiper-slide\" role=\"group\" aria-roledescription=\"slide\" aria-label=\"2 de 6\"><figure class=\"swiper-slide-inner\"><img decoding=\"async\" class=\"swiper-slide-image\" src=\"https:\/\/soymigrante.com\/revista\/wp-content\/uploads\/2024\/09\/quetzal-ottoniel-cojulun-soy-migrante3-1024x734.webp\" alt=\"P\u00e1jaro ex\u00f3tico con plumaje multicolor, en vuelo cerca de un \u00e1rbol, resaltando la biodiversidad y la belleza de la fauna silvestre en la naturaleza.\" \/><\/figure><\/div><div class=\"swiper-slide\" role=\"group\" aria-roledescription=\"slide\" aria-label=\"3 de 6\"><figure class=\"swiper-slide-inner\"><img decoding=\"async\" class=\"swiper-slide-image\" src=\"https:\/\/soymigrante.com\/revista\/wp-content\/uploads\/2024\/09\/quetzal-ottoniel-cojulun-soy-migrante4-1024x745.webp\" alt=\"Colorido papagayo en un \u00e1rbol con un polluelo, resaltando la biodiversidad y la conservaci\u00f3n de especies en la naturaleza.\" \/><\/figure><\/div><div class=\"swiper-slide\" role=\"group\" aria-roledescription=\"slide\" aria-label=\"4 de 6\"><figure class=\"swiper-slide-inner\"><img decoding=\"async\" class=\"swiper-slide-image\" src=\"https:\/\/soymigrante.com\/revista\/wp-content\/uploads\/2024\/09\/quetzal-macho-ottoniel-cojulun-soy-migrante5-1024x665.webp\" alt=\"Colorido tuc\u00e1n en vuelo, s\u00edmbolo de la biodiversidad en ecosistemas tropicales, en una imagen de la revista SoyMigrante.com REVISTA.\" \/><\/figure><\/div><div class=\"swiper-slide\" role=\"group\" aria-roledescription=\"slide\" aria-label=\"5 de 6\"><figure class=\"swiper-slide-inner\"><img decoding=\"async\" class=\"swiper-slide-image\" src=\"https:\/\/soymigrante.com\/revista\/wp-content\/uploads\/2024\/09\/quetzal-ottoniel-cojulun-soy-migrante5-1024x866.webp\" alt=\"Viento en el salto de un colibr\u00ed con alas extendidas en vuelo y fondos difusos.\" \/><\/figure><\/div><div class=\"swiper-slide\" role=\"group\" aria-roledescription=\"slide\" aria-label=\"6 de 6\"><figure class=\"swiper-slide-inner\"><img decoding=\"async\" class=\"swiper-slide-image\" src=\"https:\/\/soymigrante.com\/revista\/wp-content\/uploads\/2024\/09\/quetzal-ottoniel-cojulun-soy-migrante2-658x1024.webp\" alt=\"Mariposa de quetzal en un \u00e1rbol, ave emblem\u00e1tica de Guatemala, s\u00edmbolo de biodiversidad y conservaci\u00f3n, vista en un entorno natural, ideal para art\u00edculos sobre migrantes y medio ambiente en SoyMigrante.com REVISTA.\" \/><\/figure><\/div>\t\t\t<\/div>\n\t\t\t\t\t\t\t\t\t\t\t\t<div class=\"elementor-swiper-button elementor-swiper-button-prev\" role=\"button\" tabindex=\"0\">\n\t\t\t\t\t\t<i aria-hidden=\"true\" class=\"eicon-chevron-left\"><\/i>\t\t\t\t\t<\/div>\n\t\t\t\t\t<div class=\"elementor-swiper-button elementor-swiper-button-next\" role=\"button\" tabindex=\"0\">\n\t\t\t\t\t\t<i aria-hidden=\"true\" class=\"eicon-chevron-right\"><\/i>\t\t\t\t\t<\/div>\n\t\t\t\t\n\t\t\t\t\t\t\t\t\t<div class=\"swiper-pagination\"><\/div>\n\t\t\t\t\t\t\t\t\t<\/div>\n\t\t\t\t\t\t<\/div>\n\t\t\t\t\t<\/div>\n\t\t\t\t<\/div>\n\t\t<div data-particle_enable=\"false\" data-particle-mobile-disabled=\"false\" class=\"elementor-element elementor-element-ccc993b e-flex e-con-boxed e-con e-parent\" data-id=\"ccc993b\" data-element_type=\"container\" data-e-type=\"container\">\n\t\t\t\t\t<div class=\"e-con-inner\">\n\t\t\t\t<div class=\"elementor-element elementor-element-f34206a elementor-widget elementor-widget-heading\" data-id=\"f34206a\" data-element_type=\"widget\" data-e-type=\"widget\" data-widget_type=\"heading.default\">\n\t\t\t\t\t<h3 class=\"elementor-heading-title elementor-size-default\">Conservaci\u00f3n desde el lente\n<\/h3>\t\t\t\t<\/div>\n\t\t\t\t\t<\/div>\n\t\t\t\t<\/div>\n\t\t<div data-particle_enable=\"false\" data-particle-mobile-disabled=\"false\" class=\"elementor-element elementor-element-7e99831 e-flex e-con-boxed e-con e-parent\" data-id=\"7e99831\" data-element_type=\"container\" data-e-type=\"container\">\n\t\t\t\t\t<div class=\"e-con-inner\">\n\t\t\t\t<div class=\"elementor-element elementor-element-94ddd9d elementor-widget elementor-widget-text-editor\" data-id=\"94ddd9d\" data-element_type=\"widget\" data-e-type=\"widget\" data-widget_type=\"text-editor.default\">\n\t\t\t\t\t\t\t\t\t<p>Actualmente Ottoniel labora como auditor, pero su gran pasi\u00f3n es poder captar para la historia y conservaci\u00f3n a las aves en Guatemala.<\/p>\n<p>\u201cFotografiar a las aves promueve y ayuda a la conservaci\u00f3n de las especies y faunas. Conoc\u00ed los bosques, los insectos y luego quise retratarlos. Fui preparando y fortaleciendo el equipo fotogr\u00e1fico. Fui atra\u00eddo por el<a href=\"https:\/\/soymigrante.com\/revista\/10-datos-del-quetzal-que-tal-vez-ya-conocias-o-quiza-no\/\" target=\"_blank\" rel=\"noopener\"> Quetzal<\/a>, soy muy nacionalista\u201d, admite Cojul\u00fan.<\/p>\n<p>Uno de los encuentros m\u00e1s satisfactorios y que ha podido captar ha sido con el tapir. Adentrado en un bosque espeso en Pet\u00e9n, Ottoniel logr\u00f3 ver al tapir. \u00c9l estaba buscando una especie de garza pero para su sorpresa se encontr\u00f3 con un tapir y una cr\u00eda, recuerda haber estado a unos 5 metros de distancia.&nbsp;<\/p>\n<p>\u201cAprendemos a ser sigilosos. Andamos en silencio, camuflajeados, en calma. Se trata de causar el menor efecto posible\u201d, refiere sobre c\u00f3mo debe ser el trabajo para poder captar a la fauna. Afortunadamente en esa ocasi\u00f3n logr\u00f3 fotografiar al tapir.<\/p>\t\t\t\t\t\t\t\t<\/div>\n\t\t\t\t\t<\/div>\n\t\t\t\t<\/div>\n\t\t<div data-particle_enable=\"false\" data-particle-mobile-disabled=\"false\" class=\"elementor-element elementor-element-184104e e-flex e-con-boxed e-con e-parent\" data-id=\"184104e\" data-element_type=\"container\" data-e-type=\"container\">\n\t\t\t\t\t<div class=\"e-con-inner\">\n\t\t\t\t<div class=\"elementor-element elementor-element-56db2b1 elementor-arrows-position-inside elementor-pagination-position-outside elementor-widget elementor-widget-image-carousel\" data-id=\"56db2b1\" data-element_type=\"widget\" data-e-type=\"widget\" data-settings=\"{&quot;slides_to_show&quot;:&quot;1&quot;,&quot;navigation&quot;:&quot;both&quot;,&quot;autoplay&quot;:&quot;yes&quot;,&quot;pause_on_hover&quot;:&quot;yes&quot;,&quot;pause_on_interaction&quot;:&quot;yes&quot;,&quot;autoplay_speed&quot;:5000,&quot;infinite&quot;:&quot;yes&quot;,&quot;effect&quot;:&quot;slide&quot;,&quot;speed&quot;:500}\" data-widget_type=\"image-carousel.default\">\n\t\t\t\t\t\t\t<div class=\"elementor-image-carousel-wrapper swiper\" role=\"region\" aria-roledescription=\"carousel\" aria-label=\"Carrusel de im\u00e1genes\" dir=\"ltr\">\n\t\t\t<div class=\"elementor-image-carousel swiper-wrapper\" aria-live=\"off\">\n\t\t\t\t\t\t\t\t<div class=\"swiper-slide\" role=\"group\" aria-roledescription=\"slide\" aria-label=\"1 de 11\"><figure class=\"swiper-slide-inner\"><img decoding=\"async\" class=\"swiper-slide-image\" src=\"https:\/\/soymigrante.com\/revista\/wp-content\/uploads\/2024\/09\/colibri-ottoniel-cojulun-soy-migrante-768x806.webp\" alt=\"Vinjeta de colibr\u00ed con plumaje iridiscente verde, posado en una rama, s\u00edmbolo de biodiversidad y naturaleza en Latinoam\u00e9rica.\" \/><figcaption class=\"elementor-image-carousel-caption\">Colibr\u00ed en rama, muy colorido y brillante, destacando en la naturaleza latinoamericana.<\/figcaption><\/figure><\/div><div class=\"swiper-slide\" role=\"group\" aria-roledescription=\"slide\" aria-label=\"2 de 11\"><figure class=\"swiper-slide-inner\"><img decoding=\"async\" class=\"swiper-slide-image\" src=\"https:\/\/soymigrante.com\/revista\/wp-content\/uploads\/2024\/09\/colibri-ottoniel-cojulun-soy-migrante2-768x863.webp\" alt=\"Colorido colibr\u00ed con plumas verdes, moradas y naranjas posado en una rama, resaltando en un fondo verde difuso.\" \/><figcaption class=\"elementor-image-carousel-caption\">Especies de aves y avistamiento en la naturaleza, fotograf\u00eda de un colibr\u00ed colorido, ideal para amantes de las aves y la biodiversidad.<\/figcaption><\/figure><\/div><div class=\"swiper-slide\" role=\"group\" aria-roledescription=\"slide\" aria-label=\"3 de 11\"><figure class=\"swiper-slide-inner\"><img decoding=\"async\" class=\"swiper-slide-image\" src=\"https:\/\/soymigrante.com\/revista\/wp-content\/uploads\/2024\/09\/canivets-emerald-ottoniel-cojulun-soy-migrante.webp\" alt=\"Vencejo de garganta negra en un \u00e1rbol, ave migratoria y s\u00edmbolo de la biodiversidad en Am\u00e9rica Latina, destacando su plumaje iridiscente.\" \/><figcaption class=\"elementor-image-carousel-caption\">P\u00e1jaro migratorio en su h\u00e1bitat natural, s\u00edmbolo de la biodiversidad y la conservaci\u00f3n de especies en Am\u00e9rica Latina, fotografiado en un ambiente natural.<\/figcaption><\/figure><\/div><div class=\"swiper-slide\" role=\"group\" aria-roledescription=\"slide\" aria-label=\"4 de 11\"><figure class=\"swiper-slide-inner\"><img decoding=\"async\" class=\"swiper-slide-image\" src=\"https:\/\/soymigrante.com\/revista\/wp-content\/uploads\/2024\/09\/trogon-grande-ottoniel-cojulun-soy-migrante-768x799.webp\" alt=\"Colorido tuc\u00e1n en la naturaleza, ave tropical en su h\u00e1bitat natural, ejemplar de biodiversidad en Am\u00e9rica Central y del Sur, s\u00edmbolo de la fauna selv\u00e1tica, fotografiado por Ottoniel Cojulum Cisneros.\" \/><figcaption class=\"elementor-image-carousel-caption\">P\u00e1jaro tuc\u00e1n colorido posado en rama en la selva tropical con vegetaci\u00f3n verde intensa.<\/figcaption><\/figure><\/div><div class=\"swiper-slide\" role=\"group\" aria-roledescription=\"slide\" aria-label=\"5 de 11\"><figure class=\"swiper-slide-inner\"><img decoding=\"async\" class=\"swiper-slide-image\" src=\"https:\/\/soymigrante.com\/revista\/wp-content\/uploads\/2024\/09\/pavo-de-cacho-ottoniel-cojulun-soy-migrante-768x768.webp\" alt=\"Por qu\u00e9 los \u00e1guilas arp\u00edas son aves impresionantes y en peligro de extinci\u00f3n en Am\u00e9rica Central y Sudam\u00e9rica.\" \/><figcaption class=\"elementor-image-carousel-caption\">Aguila arp\u00eda posada en un \u00e1rbol en su h\u00e1bitat natural, destacando su gran tama\u00f1o y plumaje caracter\u00edstico, s\u00edmbolo de poder y conservaci\u00f3n en la biodiversidad latinoamericana.<\/figcaption><\/figure><\/div><div class=\"swiper-slide\" role=\"group\" aria-roledescription=\"slide\" aria-label=\"6 de 11\"><figure class=\"swiper-slide-inner\"><img decoding=\"async\" class=\"swiper-slide-image\" src=\"https:\/\/soymigrante.com\/revista\/wp-content\/uploads\/2024\/09\/colin-ocelado-ottoniel-cojulun-soy-migrante-768x768.webp\" alt=\"Pavo real en su h\u00e1bitat natural, resaltando su plumaje colorido y excepcional belleza.\" \/><figcaption class=\"elementor-image-carousel-caption\">Espectacular imagen de un pavo real en su entorno natural, centro de atenci\u00f3n por su vibrante plumaje y presencia en la naturaleza.<\/figcaption><\/figure><\/div><div class=\"swiper-slide\" role=\"group\" aria-roledescription=\"slide\" aria-label=\"7 de 11\"><figure class=\"swiper-slide-inner\"><img decoding=\"async\" class=\"swiper-slide-image\" src=\"https:\/\/soymigrante.com\/revista\/wp-content\/uploads\/2024\/09\/fauna-ottoniel-cojulun-son-migrante5-768x960.webp\" alt=\"Colibr\u00ed con flor rosada en pico, fotograf\u00eda de naturaleza de Ottoniel Cojulan Cisneros para Revista SoyMigrante.\" \/><figcaption class=\"elementor-image-carousel-caption\">Un hermoso colibr\u00ed posado en una rama con un pico adornado con una flor rosa brillante, capturado en una imagen de naturaleza que resalta la biodiversidad y la fauna silvestre.<\/figcaption><\/figure><\/div><div class=\"swiper-slide\" role=\"group\" aria-roledescription=\"slide\" aria-label=\"8 de 11\"><figure class=\"swiper-slide-inner\"><img decoding=\"async\" class=\"swiper-slide-image\" src=\"https:\/\/soymigrante.com\/revista\/wp-content\/uploads\/2024\/09\/fauna-ottoniel-cojulun-son-migrante2-768x768.webp\" alt=\"B\u00faho con halcones en un \u00e1rbol, fauna silvestre y conservaci\u00f3n de especies en su h\u00e1bitat natural, imagen de vida salvaje en libertad para la revista SoyMigrante.com.\" \/><figcaption class=\"elementor-image-carousel-caption\">Ave forestal en acci\u00f3n, destacando la biodiversidad y la importancia de proteger las especies en su h\u00e1bitat natural.<\/figcaption><\/figure><\/div><div class=\"swiper-slide\" role=\"group\" aria-roledescription=\"slide\" aria-label=\"9 de 11\"><figure class=\"swiper-slide-inner\"><img decoding=\"async\" class=\"swiper-slide-image\" src=\"https:\/\/soymigrante.com\/revista\/wp-content\/uploads\/2024\/09\/egretta-rufescens-ottoniel-cojulun-soy-migrante-768x960.webp\" alt=\"Vuelo de garza real en h\u00e1bitat acu\u00e1tico en la naturaleza, emblem\u00e1tica especie migrante, s\u00edmbolo de conservaci\u00f3n ambiental y biodiversidad.\" \/><figcaption class=\"elementor-image-carousel-caption\">Garza en su entorno natural, representando la migraci\u00f3n y la vida silvestre en ecosistemas acu\u00e1ticos.<\/figcaption><\/figure><\/div><div class=\"swiper-slide\" role=\"group\" aria-roledescription=\"slide\" aria-label=\"10 de 11\"><figure class=\"swiper-slide-inner\"><img decoding=\"async\" class=\"swiper-slide-image\" src=\"https:\/\/soymigrante.com\/revista\/wp-content\/uploads\/2024\/09\/4ottoniel-cojulun-soy-migrante-768x768.webp\" alt=\"Un mirlo negro posado sobre una rama con fondo difuminado, en una imagen que resalta la belleza de la avifauna y la naturaleza selv\u00e1tica.\" \/><figcaption class=\"elementor-image-carousel-caption\">Especies de aves, naturaleza, biodiversidad, vida silvestre, observaci\u00f3n de aves.<\/figcaption><\/figure><\/div><div class=\"swiper-slide\" role=\"group\" aria-roledescription=\"slide\" aria-label=\"11 de 11\"><figure class=\"swiper-slide-inner\"><img decoding=\"async\" class=\"swiper-slide-image\" src=\"https:\/\/soymigrante.com\/revista\/wp-content\/uploads\/2024\/09\/tucan-collarejo-ottoniel-cojulun-soy-migrante.webp\" alt=\"Tuc\u00e1n con pico grande y plumaje negro y rojo, posado en una rama en la selva tropical, s\u00edmbolo de biodiversidad y conservaci\u00f3n en el mundo natural.\" \/><figcaption class=\"elementor-image-carousel-caption\">Un majestuoso tuc\u00e1n con pico curvado y vibrantes colores negros, rojos y amarillos, descansando en una rama, representando la riqueza de la fauna en los ecosistemas selv\u00e1ticos.<\/figcaption><\/figure><\/div>\t\t\t<\/div>\n\t\t\t\t\t\t\t\t\t\t\t\t<div class=\"elementor-swiper-button elementor-swiper-button-prev\" role=\"button\" tabindex=\"0\">\n\t\t\t\t\t\t<i aria-hidden=\"true\" class=\"eicon-chevron-left\"><\/i>\t\t\t\t\t<\/div>\n\t\t\t\t\t<div class=\"elementor-swiper-button elementor-swiper-button-next\" role=\"button\" tabindex=\"0\">\n\t\t\t\t\t\t<i aria-hidden=\"true\" class=\"eicon-chevron-right\"><\/i>\t\t\t\t\t<\/div>\n\t\t\t\t\n\t\t\t\t\t\t\t\t\t<div class=\"swiper-pagination\"><\/div>\n\t\t\t\t\t\t\t\t\t<\/div>\n\t\t\t\t\t\t<\/div>\n\t\t\t\t\t<\/div>\n\t\t\t\t<\/div>\n\t\t<div data-particle_enable=\"false\" data-particle-mobile-disabled=\"false\" class=\"elementor-element elementor-element-6fcd425 e-flex e-con-boxed e-con e-parent\" data-id=\"6fcd425\" data-element_type=\"container\" data-e-type=\"container\">\n\t\t\t\t\t<div class=\"e-con-inner\">\n\t\t\t\t<div class=\"elementor-element elementor-element-67c52f7 elementor-widget elementor-widget-heading\" data-id=\"67c52f7\" data-element_type=\"widget\" data-e-type=\"widget\" data-widget_type=\"heading.default\">\n\t\t\t\t\t<h3 class=\"elementor-heading-title elementor-size-default\">Reto fotogr\u00e1fico<\/h3>\t\t\t\t<\/div>\n\t\t\t\t\t<\/div>\n\t\t\t\t<\/div>\n\t\t<div data-particle_enable=\"false\" data-particle-mobile-disabled=\"false\" class=\"elementor-element elementor-element-0c7a4fd e-flex e-con-boxed e-con e-parent\" data-id=\"0c7a4fd\" data-element_type=\"container\" data-e-type=\"container\">\n\t\t\t\t\t<div class=\"e-con-inner\">\n\t\t\t\t<div class=\"elementor-element elementor-element-f2a6c3c elementor-widget elementor-widget-text-editor\" data-id=\"f2a6c3c\" data-element_type=\"widget\" data-e-type=\"widget\" data-widget_type=\"text-editor.default\">\n\t\t\t\t\t\t\t\t\t<p>Ottoniel comenz\u00f3 fotografiando con un equipo b\u00e1sico, pero ahora trabaja con un telefoto de 400 mm y su c\u00e1mara r\u00e9flex. En un futuro espera poder adquirir una c\u00e1mara sin espejo, ya que estas al captar una imagen son silenciosas y esto le permitir\u00eda hacer un trabajo m\u00e1s \u00f3ptimo entre la fauna.<\/p>\n<p><span style=\"font-family: Roboto, sans-serif;font-size: 16px;font-style: normal;font-weight: 400\">Pero Ottoniel tiene un sue\u00f1o pendiente: poder fotograf\u00eda al \u00e1guila Arp\u00eda, ave nacional de Panam\u00e1. Una especie de la que no se tiene registro en Guatemala en los \u00faltimos 20 a\u00f1os aproximadamente, refiere.&nbsp;<\/span><\/p>\t\t\t\t\t\t\t\t<\/div>\n\t\t\t\t\t<\/div>\n\t\t\t\t<\/div>\n\t\t<div data-particle_enable=\"false\" data-particle-mobile-disabled=\"false\" class=\"elementor-element elementor-element-dcf5335 e-flex e-con-boxed e-con e-parent\" data-id=\"dcf5335\" data-element_type=\"container\" data-e-type=\"container\">\n\t\t\t\t\t<div class=\"e-con-inner\">\n\t\t\t\t<div class=\"elementor-element elementor-element-8fcbea0 elementor-arrows-position-inside elementor-pagination-position-outside elementor-widget elementor-widget-image-carousel\" data-id=\"8fcbea0\" data-element_type=\"widget\" data-e-type=\"widget\" data-settings=\"{&quot;slides_to_show&quot;:&quot;1&quot;,&quot;navigation&quot;:&quot;both&quot;,&quot;autoplay&quot;:&quot;yes&quot;,&quot;pause_on_hover&quot;:&quot;yes&quot;,&quot;pause_on_interaction&quot;:&quot;yes&quot;,&quot;autoplay_speed&quot;:5000,&quot;infinite&quot;:&quot;yes&quot;,&quot;effect&quot;:&quot;slide&quot;,&quot;speed&quot;:500}\" data-widget_type=\"image-carousel.default\">\n\t\t\t\t\t\t\t<div class=\"elementor-image-carousel-wrapper swiper\" role=\"region\" aria-roledescription=\"carousel\" aria-label=\"Carrusel de im\u00e1genes\" dir=\"ltr\">\n\t\t\t<div class=\"elementor-image-carousel swiper-wrapper\" aria-live=\"off\">\n\t\t\t\t\t\t\t\t<div class=\"swiper-slide\" role=\"group\" aria-roledescription=\"slide\" aria-label=\"1 de 6\"><figure class=\"swiper-slide-inner\"><img decoding=\"async\" class=\"swiper-slide-image\" src=\"https:\/\/soymigrante.com\/revista\/wp-content\/uploads\/2024\/09\/tikal-ottoniel-cojulun-soy-migrante8-1024x702.webp\" alt=\"Noche estrellada con galaxias y formaciones celestiales sobre ruinas antiguas en un entorno arqueol\u00f3gico.\" \/><figcaption class=\"elementor-image-carousel-caption\">Maravillosa vista de la Via L\u00e1ctea y el cielo estrellado sobre un sitio arqueol\u00f3gico, ideal para art\u00edculos sobre migraci\u00f3n y cultura en SoyMigrante.com.<\/figcaption><\/figure><\/div><div class=\"swiper-slide\" role=\"group\" aria-roledescription=\"slide\" aria-label=\"2 de 6\"><figure class=\"swiper-slide-inner\"><img decoding=\"async\" class=\"swiper-slide-image\" src=\"https:\/\/soymigrante.com\/revista\/wp-content\/uploads\/2024\/09\/Tikal-ottoniel-cojulun-soy-migrante3.webp\" alt=\"Atardecer en la selva con \u00e1rboles diversos y cielo iluminado por el sol en el horizonte, reflejando la belleza de la naturaleza en un paisaje exuberante.\" \/><figcaption class=\"elementor-image-carousel-caption\">Paisaje de la selva al atardecer, con \u00e1rboles y cielo dorado, reflejando la biodiversidad y belleza natural que promueve SoyMigrante.com Revista.<\/figcaption><\/figure><\/div><div class=\"swiper-slide\" role=\"group\" aria-roledescription=\"slide\" aria-label=\"3 de 6\"><figure class=\"swiper-slide-inner\"><img decoding=\"async\" class=\"swiper-slide-image\" src=\"https:\/\/soymigrante.com\/revista\/wp-content\/uploads\/2024\/09\/tikal-ottoniel-cojulun-soy-migrante2.webp\" alt=\"Antigua estructura maya en la oscuridad, bajo un cielo estrellado, representando la historia y cultura ind\u00edgena en M\u00e9xico.\" \/><figcaption class=\"elementor-image-carousel-caption\">Restos arqueol\u00f3gicos mayas en la noche con estrellas, s\u00edmbolo de historia, cultura y patrimonio en M\u00e9xico.<\/figcaption><\/figure><\/div><div class=\"swiper-slide\" role=\"group\" aria-roledescription=\"slide\" aria-label=\"4 de 6\"><figure class=\"swiper-slide-inner\"><img decoding=\"async\" class=\"swiper-slide-image\" src=\"https:\/\/soymigrante.com\/revista\/wp-content\/uploads\/2024\/09\/Tikal-ottoniel-cojulun-soy-migrante6.webp\" alt=\"Antiguas ruinas mayas bajo un cielo estrellado en una noche clara en Guatemala. Imagen que refleja la historia y cultura ind\u00edgena, ideal para art\u00edculos sobre migraci\u00f3n, historia y patrimonio en SoyMigrante.com REVISTA.\" \/><figcaption class=\"elementor-image-carousel-caption\">Las ruinas antiguas y el cielo estrellado de Guatemala representan historia y cultura ind\u00edgena, siendo tema relevante para los art\u00edculos de SoyMigrante.com REVISTA enfocados en migraci\u00f3n y patrimonio cultural.<\/figcaption><\/figure><\/div><div class=\"swiper-slide\" role=\"group\" aria-roledescription=\"slide\" aria-label=\"5 de 6\"><figure class=\"swiper-slide-inner\"><img decoding=\"async\" class=\"swiper-slide-image\" src=\"https:\/\/soymigrante.com\/revista\/wp-content\/uploads\/2024\/09\/Tikal-ottoniel-cojulun-soy-migrante5.webp\" alt=\"Titulal de la imagen &quot;SoyMigrante.com REVISTA&quot;.\" \/><figcaption class=\"elementor-image-carousel-caption\">Archivo_de_imagen.jpg.<\/figcaption><\/figure><\/div><div class=\"swiper-slide\" role=\"group\" aria-roledescription=\"slide\" aria-label=\"6 de 6\"><figure class=\"swiper-slide-inner\"><img decoding=\"async\" class=\"swiper-slide-image\" src=\"https:\/\/soymigrante.com\/revista\/wp-content\/uploads\/2024\/09\/tikal-ottoniel-cojulun-soy-migrante7.webp\" alt=\"Noche estrellada sobre ruinas antiguas en un paisaje natural, cielo oscuro con estrellas brillantes y siluetas de \u00e1rboles y estructura hist\u00f3rica, imagen que transmite tranquilidad y conexi\u00f3n con la naturaleza.\" \/><figcaption class=\"elementor-image-carousel-caption\">Vista nocturna con estrellas sobre ruinas hist\u00f3ricas y naturaleza, ideal para contenido relacionado con cultura, migraci\u00f3n y historia en M\u00e9xico o Am\u00e9rica Latina, promoviendo turismo y patrimonio cultural.<\/figcaption><\/figure><\/div>\t\t\t<\/div>\n\t\t\t\t\t\t\t\t\t\t\t\t<div class=\"elementor-swiper-button elementor-swiper-button-prev\" role=\"button\" tabindex=\"0\">\n\t\t\t\t\t\t<i aria-hidden=\"true\" class=\"eicon-chevron-left\"><\/i>\t\t\t\t\t<\/div>\n\t\t\t\t\t<div class=\"elementor-swiper-button elementor-swiper-button-next\" role=\"button\" tabindex=\"0\">\n\t\t\t\t\t\t<i aria-hidden=\"true\" class=\"eicon-chevron-right\"><\/i>\t\t\t\t\t<\/div>\n\t\t\t\t\n\t\t\t\t\t\t\t\t\t<div class=\"swiper-pagination\"><\/div>\n\t\t\t\t\t\t\t\t\t<\/div>\n\t\t\t\t\t\t<\/div>\n\t\t\t\t\t<\/div>\n\t\t\t\t<\/div>\n\t\t<div data-particle_enable=\"false\" data-particle-mobile-disabled=\"false\" class=\"elementor-element elementor-element-3650d5d e-flex e-con-boxed e-con e-parent\" data-id=\"3650d5d\" data-element_type=\"container\" data-e-type=\"container\">\n\t\t\t\t\t<div class=\"e-con-inner\">\n\t\t\t\t<div class=\"elementor-element elementor-element-0d34cf3 elementor-widget elementor-widget-text-editor\" data-id=\"0d34cf3\" data-element_type=\"widget\" data-e-type=\"widget\" data-widget_type=\"text-editor.default\">\n\t\t\t\t\t\t\t\t\t<p>\u00a0<\/p><p>En Guatemala existen alrededor de 760 aves tanto locales como migratorias. Dedicarse a captar un ave puede llevarle un mes de trabajo en las monta\u00f1as, comparte Ottoniel.<\/p><p>Su pr\u00f3xima aventura le espera en<a href=\"https:\/\/soymigrante.com\/revista\/joyas-mayas-migrantes-el-vaso-chama-en-pennsylvania\/\" target=\"_blank\" rel=\"noopener\"> Pet\u00e9n<\/a>. Viajar\u00e1 a la Sierra del Lacand\u00f3n para fotograf\u00eda la migraci\u00f3n de aves que llegan a esa zona, donde millones de aves se dan cita.\u00a0<span style=\"color: var( --e-global-color-text );text-align: var(--text-align)\">En \u00e1reas como estas existen radares de Estados Unidos que pueden registrar la llegada de alrededor de 25 mil especies de aves al d\u00eda, algunas se quedan en Guatemala y otras siguen su ruta hacia Suram\u00e9rica.<\/span><\/p><p>Ottoniel espera adentrarse a un \u00e1rea del rio Usumacinta, ubicado entre\u00a0<a href=\"https:\/\/soymigrante.com\/revista\/evita-cometer-estos-errores-al-solicitar-visa-mexicana-o-permiso-tvr\/\" target=\"_blank\" rel=\"noopener\">M\u00e9xico<\/a>\u00a0y Guatemala, para captar su pr\u00f3xima fotograf\u00eda y as\u00ed continuar \u201cpajareando\u201d, como dicen coloquialmente los fot\u00f3grafos amantes de las aves.<\/p>\t\t\t\t\t\t\t\t<\/div>\n\t\t\t\t\t<\/div>\n\t\t\t\t<\/div>\n\t\t<div data-particle_enable=\"false\" data-particle-mobile-disabled=\"false\" class=\"elementor-element elementor-element-b696093 e-flex e-con-boxed e-con e-parent\" data-id=\"b696093\" data-element_type=\"container\" data-e-type=\"container\">\n\t\t\t\t\t<div class=\"e-con-inner\">\n\t\t\t\t<div class=\"elementor-element elementor-element-f65b1e0 elementor-arrows-position-inside elementor-pagination-position-outside elementor-widget elementor-widget-image-carousel\" data-id=\"f65b1e0\" data-element_type=\"widget\" data-e-type=\"widget\" data-settings=\"{&quot;slides_to_show&quot;:&quot;1&quot;,&quot;navigation&quot;:&quot;both&quot;,&quot;autoplay&quot;:&quot;yes&quot;,&quot;pause_on_hover&quot;:&quot;yes&quot;,&quot;pause_on_interaction&quot;:&quot;yes&quot;,&quot;autoplay_speed&quot;:5000,&quot;infinite&quot;:&quot;yes&quot;,&quot;effect&quot;:&quot;slide&quot;,&quot;speed&quot;:500}\" data-widget_type=\"image-carousel.default\">\n\t\t\t\t\t\t\t<div class=\"elementor-image-carousel-wrapper swiper\" role=\"region\" aria-roledescription=\"carousel\" aria-label=\"Carrusel de im\u00e1genes\" dir=\"ltr\">\n\t\t\t<div class=\"elementor-image-carousel swiper-wrapper\" aria-live=\"off\">\n\t\t\t\t\t\t\t\t<div class=\"swiper-slide\" role=\"group\" aria-roledescription=\"slide\" aria-label=\"1 de 9\"><figure class=\"swiper-slide-inner\"><img decoding=\"async\" class=\"swiper-slide-image\" src=\"https:\/\/soymigrante.com\/revista\/wp-content\/uploads\/2024\/09\/killdeer-ottoniel-cojulun-soy-migrante-1024x658.webp\" alt=\"P\u00e1jaro zambullidor con caracter\u00edsticas de ave acu\u00e1tica, con plumaje marr\u00f3n, blanco y negro, y patas largas, posado sobre rocas en medio natural, adecuado para contenido sobre aves migratorias.\" \/><figcaption class=\"elementor-image-carousel-caption\">Chorlitejo colirrojo<\/figcaption><\/figure><\/div><div class=\"swiper-slide\" role=\"group\" aria-roledescription=\"slide\" aria-label=\"2 de 9\"><figure class=\"swiper-slide-inner\"><img decoding=\"async\" class=\"swiper-slide-image\" src=\"https:\/\/soymigrante.com\/revista\/wp-content\/uploads\/2024\/09\/pato-bicolor-el-chapeton-chiquimulilla-ottoniel-cojulun-soy-migrante-1024x631.webp\" alt=\"\u00c1rboles y aves acu\u00e1ticas en un humedal, ecol\u00f3gica naturaleza, conservaci\u00f3n de especies.\" \/><figcaption class=\"elementor-image-carousel-caption\">Pato bicolor el chapeton chiquimulilla ottoniel cojulun soy migrante<\/figcaption><\/figure><\/div><div class=\"swiper-slide\" role=\"group\" aria-roledescription=\"slide\" aria-label=\"3 de 9\"><figure class=\"swiper-slide-inner\"><img decoding=\"async\" class=\"swiper-slide-image\" src=\"https:\/\/soymigrante.com\/revista\/wp-content\/uploads\/2024\/09\/ottoniel-cojulun-soy-migrante3-1024x690.jpg\" alt=\"P\u00e1jaro peque\u00f1o en rama de \u00e1rbol, biodiversidad y fauna silvestre, aves de la naturaleza, naturaleza salvaje, conservaci\u00f3n de especies, vida silvestre, ecosistema natural, avistamiento de aves, turismo ecol\u00f3gico, protecci\u00f3n de la biodiversidad.\" \/><figcaption class=\"elementor-image-carousel-caption\">ottoniel cojulun soy migrante3<\/figcaption><\/figure><\/div><div class=\"swiper-slide\" role=\"group\" aria-roledescription=\"slide\" aria-label=\"4 de 9\"><figure class=\"swiper-slide-inner\"><img decoding=\"async\" class=\"swiper-slide-image\" src=\"https:\/\/soymigrante.com\/revista\/wp-content\/uploads\/2024\/09\/ottoniel-cojulun-soy-migrante5-1024x750.webp\" alt=\"Colorido tuc\u00e1n en la selva tropical, s\u00edmbolo de biodiversidad y conservaci\u00f3n ambiental en Am\u00e9rica Central, destacado en la revista SoyMigrante.com REVISTA.\" \/><figcaption class=\"elementor-image-carousel-caption\">ottoniel cojulun soy migrante5<\/figcaption><\/figure><\/div><div class=\"swiper-slide\" role=\"group\" aria-roledescription=\"slide\" aria-label=\"5 de 9\"><figure class=\"swiper-slide-inner\"><img decoding=\"async\" class=\"swiper-slide-image\" src=\"https:\/\/soymigrante.com\/revista\/wp-content\/uploads\/2024\/09\/matraca-chiapaneca-ottoniel-cojulun-soy-migrante-1024x673.webp\" alt=\"Ave selv\u00e1tica en \u00e1rbol, fauna migrante, biodiversidad, especie de p\u00e1jaro, naturaleza, conservaci\u00f3n ambiental, aves en su h\u00e1bitat natural, ecosistema, vida silvestre, especies migratorias, protecci\u00f3n de aves, birdwatching, fauna amaz\u00f3nica.\" \/><figcaption class=\"elementor-image-carousel-caption\">matraca chiapaneca ottoniel cojulun soy migrante<\/figcaption><\/figure><\/div><div class=\"swiper-slide\" role=\"group\" aria-roledescription=\"slide\" aria-label=\"6 de 9\"><figure class=\"swiper-slide-inner\"><img decoding=\"async\" class=\"swiper-slide-image\" src=\"https:\/\/soymigrante.com\/revista\/wp-content\/uploads\/2024\/09\/rey-zopilote-ottoniel-cojulun-soy-migrante2-1024x544.webp\" alt=\"Majestuoso majaba en vuelo, s\u00edmbolo de libertad y naturaleza en la revista SoyMigrante.com REVISTA.\" \/><figcaption class=\"elementor-image-carousel-caption\">Rey zopilote<\/figcaption><\/figure><\/div><div class=\"swiper-slide\" role=\"group\" aria-roledescription=\"slide\" aria-label=\"7 de 9\"><figure class=\"swiper-slide-inner\"><img decoding=\"async\" class=\"swiper-slide-image\" src=\"https:\/\/soymigrante.com\/revista\/wp-content\/uploads\/2024\/09\/fauna-ottoniel-cojulun-son-migrante8-1024x647.webp\" alt=\"Patos migratorios en la naturaleza, aves acu\u00e1ticas en movimiento en el agua, escena de fauna silvestre, imagen de aves en su h\u00e1bitat natural, para art\u00edculos sobre biodiversidad y migraci\u00f3n de aves.\" \/><figcaption class=\"elementor-image-carousel-caption\">fauna ottoniel cojulun son migrante8<\/figcaption><\/figure><\/div><div class=\"swiper-slide\" role=\"group\" aria-roledescription=\"slide\" aria-label=\"8 de 9\"><figure class=\"swiper-slide-inner\"><img decoding=\"async\" class=\"swiper-slide-image\" src=\"https:\/\/soymigrante.com\/revista\/wp-content\/uploads\/2024\/09\/reyezuelo-de-mono-dorado-ottoniel-cojulun-soy-migrante-1024x664.webp\" alt=\"Un peque\u00f1o ave de colores vibrantes en una rama, resaltando su belleza natural y diversidad de especies en M\u00e9xico.\" \/><figcaption class=\"elementor-image-carousel-caption\">reyezuelo de mo\u00f1o dorado ottoniel cojulun soy migrante<\/figcaption><\/figure><\/div><div class=\"swiper-slide\" role=\"group\" aria-roledescription=\"slide\" aria-label=\"9 de 9\"><figure class=\"swiper-slide-inner\"><img decoding=\"async\" class=\"swiper-slide-image\" src=\"https:\/\/soymigrante.com\/revista\/wp-content\/uploads\/2024\/09\/fauna-ottoniel-cojulun-son-migrante-1024x751.webp\" alt=\"Migrantes en vuelo sobre monta\u00f1as, s\u00edmbolo de migraci\u00f3n y libertad, en la portada de SoyMigrante.com REVISTA enfocada en temas migratorios y migrantes en movimiento.\" \/><figcaption class=\"elementor-image-carousel-caption\">fauna ottoniel cojulun son migrante<\/figcaption><\/figure><\/div>\t\t\t<\/div>\n\t\t\t\t\t\t\t\t\t\t\t\t<div class=\"elementor-swiper-button elementor-swiper-button-prev\" role=\"button\" tabindex=\"0\">\n\t\t\t\t\t\t<i aria-hidden=\"true\" class=\"eicon-chevron-left\"><\/i>\t\t\t\t\t<\/div>\n\t\t\t\t\t<div class=\"elementor-swiper-button elementor-swiper-button-next\" role=\"button\" tabindex=\"0\">\n\t\t\t\t\t\t<i aria-hidden=\"true\" class=\"eicon-chevron-right\"><\/i>\t\t\t\t\t<\/div>\n\t\t\t\t\n\t\t\t\t\t\t\t\t\t<div class=\"swiper-pagination\"><\/div>\n\t\t\t\t\t\t\t\t\t<\/div>\n\t\t\t\t\t\t<\/div>\n\t\t\t\t\t<\/div>\n\t\t\t\t<\/div>\n\t\t<div data-particle_enable=\"false\" data-particle-mobile-disabled=\"false\" class=\"elementor-element elementor-element-1f69451 e-flex e-con-boxed e-con e-parent\" data-id=\"1f69451\" data-element_type=\"container\" data-e-type=\"container\">\n\t\t\t\t\t<div class=\"e-con-inner\">\n\t\t\t\t<div class=\"elementor-element elementor-element-9fc62f5 elementor-widget elementor-widget-heading\" data-id=\"9fc62f5\" data-element_type=\"widget\" data-e-type=\"widget\" data-widget_type=\"heading.default\">\n\t\t\t\t\t<h3 class=\"elementor-heading-title elementor-size-default\">Descubre Guatemala desde el lente<\/h3>\t\t\t\t<\/div>\n\t\t\t\t\t<\/div>\n\t\t\t\t<\/div>\n\t\t<div data-particle_enable=\"false\" data-particle-mobile-disabled=\"false\" class=\"elementor-element elementor-element-1e1c5ac e-flex e-con-boxed e-con e-parent\" data-id=\"1e1c5ac\" data-element_type=\"container\" data-e-type=\"container\">\n\t\t\t\t\t<div class=\"e-con-inner\">\n\t\t\t\t<div class=\"elementor-element elementor-element-e76af03 elementor-grid-eael-col-3 elementor-grid-tablet-eael-col-2 elementor-grid-mobile-eael-col-1 elementor-widget elementor-widget-eael-post-grid\" data-id=\"e76af03\" data-element_type=\"widget\" data-e-type=\"widget\" data-settings=\"{&quot;eael_post_grid_columns&quot;:&quot;eael-col-3&quot;,&quot;eael_post_grid_columns_tablet&quot;:&quot;eael-col-2&quot;,&quot;eael_post_grid_columns_mobile&quot;:&quot;eael-col-1&quot;}\" data-widget_type=\"eael-post-grid.default\">\n\t\t\t\t\t<div id=\"eael-post-grid-e76af03\" class=\"eael-post-grid-container\">\n            <div class=\"eael-post-grid eael-post-appender eael-post-appender-e76af03 eael-post-grid-style-one\" data-layout-mode=\"masonry\"><article class=\"eael-grid-post  eael-post-grid-column eael-pg-post-9026 category-guate-nuestra\" data-id=\"9026\">\n        <div class=\"eael-grid-post-holder\">\n            <div class=\"eael-grid-post-holder-inner\"><div class=\"eael-entry-media\"><div class=\"eael-entry-overlay fade-in\"><i class=\"far fa-hand-pointer\" aria-hidden=\"true\"><\/i><a href=\"https:\/\/soymigrante.com\/revista\/jose-a-pelico-descubre-totonicapan-para-ojos-sin-fronteras\/\"><\/a><\/div><div class=\"eael-entry-thumbnail \">\n                <img fetchpriority=\"high\" decoding=\"async\" width=\"717\" height=\"717\" src=\"https:\/\/soymigrante.com\/revista\/wp-content\/uploads\/2024\/09\/Captura-de-pantalla-2024-09-11-145626.webp\" class=\"attachment-large size-large wp-image-9114\" alt=\"At alt: Atardecer en un paisaje monta\u00f1oso con niebla y un sol creciente, mostrando belleza natural y tranquilidad en un entorno rural.\" srcset=\"https:\/\/soymigrante.com\/revista\/wp-content\/uploads\/2024\/09\/Captura-de-pantalla-2024-09-11-145626.webp 717w, https:\/\/soymigrante.com\/revista\/wp-content\/uploads\/2024\/09\/Captura-de-pantalla-2024-09-11-145626-300x300.webp 300w, https:\/\/soymigrante.com\/revista\/wp-content\/uploads\/2024\/09\/Captura-de-pantalla-2024-09-11-145626-150x150.webp 150w, https:\/\/soymigrante.com\/revista\/wp-content\/uploads\/2024\/09\/Captura-de-pantalla-2024-09-11-145626-75x75.webp 75w\" sizes=\"(max-width: 717px) 100vw, 717px\" \/>\n            <\/div>\n        <\/div><div class=\"eael-entry-wrapper\"><header class=\"eael-entry-header\"><h2 class=\"eael-entry-title\"><a class=\"eael-grid-post-link\" href=\"https:\/\/soymigrante.com\/revista\/jose-a-pelico-descubre-totonicapan-para-ojos-sin-fronteras\/\" title=\"El fot\u00f3grafo Jos\u00e9 Pelic\u00f3 descubre Guatemala para ojos sin fronteras\">El fot\u00f3grafo Jos\u00e9 Pelic\u00f3 descubre Guatemala para ojos sin fronteras<\/a><\/h2><\/header><div class=\"eael-entry-content\">\n                        <div class=\"eael-grid-post-excerpt\"><a href=\"https:\/\/soymigrante.com\/revista\/jose-a-pelico-descubre-totonicapan-para-ojos-sin-fronteras\/\" class=\"eael-post-elements-readmore-btn\">CONOCE SU HISTORIA <\/a><\/div>\n                    <\/div><\/div><\/div>\n        <\/div>\n    <\/article><article class=\"eael-grid-post  eael-post-grid-column eael-pg-post-8757 category-guate-nuestra\" data-id=\"8757\">\n        <div class=\"eael-grid-post-holder\">\n            <div class=\"eael-grid-post-holder-inner\"><div class=\"eael-entry-media\"><div class=\"eael-entry-overlay fade-in\"><i class=\"far fa-hand-pointer\" aria-hidden=\"true\"><\/i><a href=\"https:\/\/soymigrante.com\/revista\/asi-refleja-quiche-tierra-de-eternos-celajes-el-lente-de-peter-hernandez\/\"><\/a><\/div><div class=\"eael-entry-thumbnail \">\n                <img decoding=\"async\" width=\"1024\" height=\"1024\" src=\"https:\/\/soymigrante.com\/revista\/wp-content\/uploads\/2024\/09\/Peter-Hernandez-Quiche-soy-migrante6-1-1024x1024.webp\" class=\"attachment-large size-large wp-image-8818\" alt=\"Vestido tradicional mexicano con plumas y accesorios coloridos, en un desfile cultural en un pueblo hist\u00f3rico de M\u00e9xico.\" srcset=\"https:\/\/soymigrante.com\/revista\/wp-content\/uploads\/2024\/09\/Peter-Hernandez-Quiche-soy-migrante6-1-1024x1024.webp 1024w, https:\/\/soymigrante.com\/revista\/wp-content\/uploads\/2024\/09\/Peter-Hernandez-Quiche-soy-migrante6-1-300x300.webp 300w, https:\/\/soymigrante.com\/revista\/wp-content\/uploads\/2024\/09\/Peter-Hernandez-Quiche-soy-migrante6-1-150x150.webp 150w, https:\/\/soymigrante.com\/revista\/wp-content\/uploads\/2024\/09\/Peter-Hernandez-Quiche-soy-migrante6-1-768x768.webp 768w, https:\/\/soymigrante.com\/revista\/wp-content\/uploads\/2024\/09\/Peter-Hernandez-Quiche-soy-migrante6-1-1536x1536.webp 1536w, https:\/\/soymigrante.com\/revista\/wp-content\/uploads\/2024\/09\/Peter-Hernandez-Quiche-soy-migrante6-1-scaled.webp 1920w, https:\/\/soymigrante.com\/revista\/wp-content\/uploads\/2024\/09\/Peter-Hernandez-Quiche-soy-migrante6-1-75x75.webp 75w, https:\/\/soymigrante.com\/revista\/wp-content\/uploads\/2024\/09\/Peter-Hernandez-Quiche-soy-migrante6-1-750x750.webp 750w, https:\/\/soymigrante.com\/revista\/wp-content\/uploads\/2024\/09\/Peter-Hernandez-Quiche-soy-migrante6-1-1140x1140.webp 1140w\" sizes=\"(max-width: 1024px) 100vw, 1024px\" \/>\n            <\/div>\n        <\/div><div class=\"eael-entry-wrapper\"><header class=\"eael-entry-header\"><h2 class=\"eael-entry-title\"><a class=\"eael-grid-post-link\" href=\"https:\/\/soymigrante.com\/revista\/asi-refleja-quiche-tierra-de-eternos-celajes-el-lente-de-peter-hernandez\/\" title=\"As\u00ed refleja Quich\u00e9, tierra de eternos celajes,  el lente de Peter Hern\u00e1ndez\">As\u00ed refleja Quich\u00e9, tierra de eternos celajes,  el lente de Peter Hern\u00e1ndez<\/a><\/h2><\/header><div class=\"eael-entry-content\">\n                        <div class=\"eael-grid-post-excerpt\"><a href=\"https:\/\/soymigrante.com\/revista\/asi-refleja-quiche-tierra-de-eternos-celajes-el-lente-de-peter-hernandez\/\" class=\"eael-post-elements-readmore-btn\">CONOCE SU HISTORIA <\/a><\/div>\n                    <\/div><\/div><\/div>\n        <\/div>\n    <\/article><article class=\"eael-grid-post  eael-post-grid-column eael-pg-post-8355 category-guate-nuestra\" data-id=\"8355\">\n        <div class=\"eael-grid-post-holder\">\n            <div class=\"eael-grid-post-holder-inner\"><div class=\"eael-entry-media\"><div class=\"eael-entry-overlay fade-in\"><i class=\"far fa-hand-pointer\" aria-hidden=\"true\"><\/i><a href=\"https:\/\/soymigrante.com\/revista\/fotos-de-guatemala-pablo-galindo-refleja-la-magia-de-la-tierra-del-quetzal\/\"><\/a><\/div><div class=\"eael-entry-thumbnail \">\n                <img decoding=\"async\" width=\"1024\" height=\"1024\" src=\"https:\/\/soymigrante.com\/revista\/wp-content\/uploads\/2024\/08\/volcanes-pablo-galindo-soy-migrante3-1-1024x1024.webp\" class=\"attachment-large size-large wp-image-8385\" alt=\"Vista del volc\u00e1n en erupci\u00f3n con columnas de humo y lava illuminated por la noche, s\u00edmbolo del poder de la naturaleza y la actividad volc\u00e1nica en Am\u00e9rica Central.\" srcset=\"https:\/\/soymigrante.com\/revista\/wp-content\/uploads\/2024\/08\/volcanes-pablo-galindo-soy-migrante3-1-1024x1024.webp 1024w, https:\/\/soymigrante.com\/revista\/wp-content\/uploads\/2024\/08\/volcanes-pablo-galindo-soy-migrante3-1-300x300.webp 300w, https:\/\/soymigrante.com\/revista\/wp-content\/uploads\/2024\/08\/volcanes-pablo-galindo-soy-migrante3-1-150x150.webp 150w, https:\/\/soymigrante.com\/revista\/wp-content\/uploads\/2024\/08\/volcanes-pablo-galindo-soy-migrante3-1-768x768.webp 768w, https:\/\/soymigrante.com\/revista\/wp-content\/uploads\/2024\/08\/volcanes-pablo-galindo-soy-migrante3-1-75x75.webp 75w, https:\/\/soymigrante.com\/revista\/wp-content\/uploads\/2024\/08\/volcanes-pablo-galindo-soy-migrante3-1-750x750.webp 750w, https:\/\/soymigrante.com\/revista\/wp-content\/uploads\/2024\/08\/volcanes-pablo-galindo-soy-migrante3-1-1140x1140.webp 1140w, https:\/\/soymigrante.com\/revista\/wp-content\/uploads\/2024\/08\/volcanes-pablo-galindo-soy-migrante3-1.webp 1440w\" sizes=\"(max-width: 1024px) 100vw, 1024px\" \/>\n            <\/div>\n        <\/div><div class=\"eael-entry-wrapper\"><header class=\"eael-entry-header\"><h2 class=\"eael-entry-title\"><a class=\"eael-grid-post-link\" href=\"https:\/\/soymigrante.com\/revista\/fotos-de-guatemala-pablo-galindo-refleja-la-magia-de-la-tierra-del-quetzal\/\" title=\"Fotos de Guatemala :  Pablo Galindo refleja la magia de la tierra del Quetzal\">Fotos de Guatemala :  Pablo Galindo refleja la magia de la tierra del Quetzal<\/a><\/h2><\/header><div class=\"eael-entry-content\">\n                        <div class=\"eael-grid-post-excerpt\"><a href=\"https:\/\/soymigrante.com\/revista\/fotos-de-guatemala-pablo-galindo-refleja-la-magia-de-la-tierra-del-quetzal\/\" class=\"eael-post-elements-readmore-btn\">CONOCE SU HISTORIA <\/a><\/div>\n                    <\/div><\/div><\/div>\n        <\/div>\n    <\/article><\/div>\n            <div class=\"clearfix\"><\/div>\n        <\/div>\t\t\t\t<\/div>\n\t\t\t\t\t<\/div>\n\t\t\t\t<\/div>\n\t\t\t\t<\/div>\n\t\t","protected":false},"excerpt":{"rendered":"<p>Las aves, locales y migratorias, forman parte del paisaje y la naturaleza de Guatemala. Hay m\u00e1s de 700 especies registradas en el pa\u00eds. Por eso decimos que las im\u00e1genes del avifot\u00f3grafo Ottoniel Cojul\u00fan cantan, vuelan y son libres. Desde hace 7 a\u00f1os, Ottoniel Cojul\u00fan se aventur\u00f3 a fotografiar aves. Desde ni\u00f1o recuerda que su padre [&hellip;]<\/p>\n","protected":false},"author":23,"featured_media":9999,"comment_status":"open","ping_status":"open","sticky":false,"template":"","format":"standard","meta":{"_acf_changed":false,"_eb_attr":"","footnotes":""},"categories":[58],"tags":[],"class_list":["post-9347","post","type-post","status-publish","format-standard","has-post-thumbnail","hentry","category-guate-nuestra"],"acf":[],"aioseo_notices":[],"aioseo_head":"\n\t\t<!-- All in One SEO Pro 4.9.6.2 - aioseo.com -->\n\t<meta name=\"description\" content=\"Parajes naturales como el lago de Atitl\u00e1n, Tikal o Huehuetenango deslumbran gracias al talento del fot\u00f3grafo Pablo Galindo. Conoce y sorpr\u00e9ndete con sus im\u00e1genes.\" \/>\n\t<meta name=\"robots\" content=\"max-snippet:-1, max-image-preview:large, max-video-preview:-1\" \/>\n\t<meta name=\"author\" content=\"Beatriz Tercero\"\/>\n\t<link rel=\"canonical\" href=\"https:\/\/soymigrante.com\/revista\/fotos-de-guatemala-pablo-galindo-refleja-la-magia-de-la-tierra-del-quetzal\/\" \/>\n\t<meta name=\"generator\" content=\"All in One SEO Pro (AIOSEO) 4.9.6.2\" \/>\n\n\t\t<link rel=\"preconnect\" href=\"https:\/\/fonts.googleapis.com\" crossorigin>\n<link rel=\"preconnect\" href=\"https:\/\/fonts.gstatic.com\" crossorigin>\n\t\t<meta property=\"og:locale\" content=\"es_ES\" \/>\n\t\t<meta property=\"og:site_name\" content=\"SoyMigrante.com REVISTA \u2013 Nuestra misi\u00f3n es reconocer y dignificar al migrante.\" \/>\n\t\t<meta property=\"og:type\" content=\"article\" \/>\n\t\t<meta property=\"og:title\" content=\"Fotos de Guatemala: la magia del lente de Pablo Galindo\" \/>\n\t\t<meta property=\"og:description\" content=\"Parajes naturales como el lago de Atitl\u00e1n, Tikal o Huehuetenango deslumbran gracias al talento del fot\u00f3grafo Pablo Galindo. Conoce y sorpr\u00e9ndete con sus im\u00e1genes.\" \/>\n\t\t<meta property=\"og:url\" content=\"https:\/\/soymigrante.com\/revista\/fotos-de-guatemala-pablo-galindo-refleja-la-magia-de-la-tierra-del-quetzal\/\" \/>\n\t\t<meta property=\"og:image\" content=\"https:\/\/soymigrante.com\/revista\/wp-content\/uploads\/2024\/08\/volcanes-pablo-galindo-soy-migrante3-1.webp\" \/>\n\t\t<meta property=\"og:image:secure_url\" content=\"https:\/\/soymigrante.com\/revista\/wp-content\/uploads\/2024\/08\/volcanes-pablo-galindo-soy-migrante3-1.webp\" \/>\n\t\t<meta property=\"og:image:width\" content=\"1440\" \/>\n\t\t<meta property=\"og:image:height\" content=\"1440\" \/>\n\t\t<meta property=\"article:published_time\" content=\"2024-08-28T12:00:00+00:00\" \/>\n\t\t<meta property=\"article:modified_time\" content=\"2024-08-28T04:15:42+00:00\" \/>\n\t\t<meta property=\"article:publisher\" content=\"https:\/\/www.facebook.com\/soymigrantecom\" \/>\n\t\t<meta name=\"twitter:card\" content=\"summary_large_image\" \/>\n\t\t<meta name=\"twitter:site\" content=\"@SoyMigrante_com\" \/>\n\t\t<meta name=\"twitter:title\" content=\"Fotos de Guatemala: la magia del lente de Pablo Galindo\" \/>\n\t\t<meta name=\"twitter:description\" content=\"Parajes naturales como el lago de Atitl\u00e1n, Tikal o Huehuetenango deslumbran gracias al talento del fot\u00f3grafo Pablo Galindo. Conoce y sorpr\u00e9ndete con sus im\u00e1genes.\" \/>\n\t\t<meta name=\"twitter:creator\" content=\"@SoyMigrante_com\" \/>\n\t\t<meta name=\"twitter:image\" content=\"https:\/\/soymigrante.com\/revista\/wp-content\/uploads\/2024\/08\/volcanes-pablo-galindo-soy-migrante3-1.webp\" \/>\n\t\t<!-- All in One SEO Pro -->\r\n\t\t<title>Fotos de Guatemala: la magia del lente de Pablo Galindo<\/title>\n\n","aioseo_head_json":{"title":"Fotos de Guatemala: la magia del lente de Pablo Galindo","description":"Parajes naturales como el lago de Atitl\u00e1n, Tikal o Huehuetenango deslumbran gracias al talento del fot\u00f3grafo Pablo Galindo. Conoce y sorpr\u00e9ndete con sus im\u00e1genes.","canonical_url":"https:\/\/soymigrante.com\/revista\/fotos-de-guatemala-pablo-galindo-refleja-la-magia-de-la-tierra-del-quetzal\/","robots":"max-snippet:-1, max-image-preview:large, max-video-preview:-1","keywords":"","webmasterTools":{"miscellaneous":"&lt;link rel=\"preconnect\" href=\"https:\/\/fonts.googleapis.com\" crossorigin&gt;\n&lt;link rel=\"preconnect\" href=\"https:\/\/fonts.gstatic.com\" crossorigin&gt;"},"schema":null,"og:locale":"es_ES","og:site_name":"SoyMigrante.com REVISTA \u2013 Nuestra misi\u00f3n es reconocer y dignificar al migrante.","og:type":"article","og:title":"Fotos de Guatemala: la magia del lente de Pablo Galindo","og:description":"Parajes naturales como el lago de Atitl\u00e1n, Tikal o Huehuetenango deslumbran gracias al talento del fot\u00f3grafo Pablo Galindo. Conoce y sorpr\u00e9ndete con sus im\u00e1genes.","og:url":"https:\/\/soymigrante.com\/revista\/fotos-de-guatemala-pablo-galindo-refleja-la-magia-de-la-tierra-del-quetzal\/","og:image":"https:\/\/soymigrante.com\/revista\/wp-content\/uploads\/2024\/08\/volcanes-pablo-galindo-soy-migrante3-1.webp","og:image:secure_url":"https:\/\/soymigrante.com\/revista\/wp-content\/uploads\/2024\/08\/volcanes-pablo-galindo-soy-migrante3-1.webp","og:image:width":1440,"og:image:height":1440,"article:published_time":"2024-08-28T12:00:00+00:00","article:modified_time":"2024-08-28T04:15:42+00:00","article:publisher":"https:\/\/www.facebook.com\/soymigrantecom","twitter:card":"summary_large_image","twitter:site":"@SoyMigrante_com","twitter:title":"Fotos de Guatemala: la magia del lente de Pablo Galindo","twitter:description":"Parajes naturales como el lago de Atitl\u00e1n, Tikal o Huehuetenango deslumbran gracias al talento del fot\u00f3grafo Pablo Galindo. Conoce y sorpr\u00e9ndete con sus im\u00e1genes.","twitter:creator":"@SoyMigrante_com","twitter:image":"https:\/\/soymigrante.com\/revista\/wp-content\/uploads\/2024\/08\/volcanes-pablo-galindo-soy-migrante3-1.webp"},"aioseo_meta_data":{"post_id":"9347","title":"Las fotograf\u00edas de Ottoniel Cojul\u00fan cantan y vuelan","description":"Fot\u00f3grafo guatemalteco especializado en aves Ottoniel Cojul\u00fan expone el tesoro natural de la Tierra del Quetzal para motivar su aprecio y conservaci\u00f3n.","keywords":null,"keyphrases":{"focus":{"keyphrase":"Fotograf\u00edas","score":51,"analysis":{"keyphraseInTitle":{"score":9,"maxScore":9,"error":0},"keyphraseInDescription":{"score":3,"maxScore":9,"error":1},"keyphraseLength":{"score":9,"maxScore":9,"error":0,"length":2},"keyphraseInURL":{"score":5,"maxScore":5,"error":0},"keyphraseInIntroduction":{"score":3,"maxScore":9,"error":1},"keyphraseInSubHeadings":{"score":3,"maxScore":9,"error":1},"keyphraseInImageAlt":{"score":3,"maxScore":9,"error":1},"keywordDensity":{"score":0,"type":"low","maxScore":9,"error":1}}},"additional":[{"keyphrase":"fot\u00f3grafo","score":53,"analysis":{"keyphraseInDescription":{"score":9,"maxScore":9,"error":0},"keyphraseLength":{"score":9,"maxScore":9,"error":0,"length":2},"keyphraseInIntroduction":{"score":3,"maxScore":9,"error":1},"keyphraseInImageAlt":{"score":3,"maxScore":9,"error":1},"keywordDensity":{"score":0,"type":"low","maxScore":9,"error":1}}},{"keyphrase":"guatemalteco","score":53,"analysis":{"keyphraseInDescription":{"score":9,"maxScore":9,"error":0},"keyphraseLength":{"score":9,"maxScore":9,"error":0,"length":1},"keyphraseInIntroduction":{"score":3,"maxScore":9,"error":1},"keyphraseInImageAlt":{"score":3,"maxScore":9,"error":1},"keywordDensity":{"score":0,"type":"low","maxScore":9,"error":1}}},{"keyphrase":"Quetzal","score":87,"analysis":{"keyphraseInDescription":{"score":9,"maxScore":9,"error":0},"keyphraseLength":{"score":9,"maxScore":9,"error":0,"length":1},"keyphraseInIntroduction":{"score":3,"maxScore":9,"error":1},"keyphraseInImageAlt":{"score":9,"maxScore":9,"error":0},"keywordDensity":{"type":"best","score":9,"maxScore":9,"error":0}}}]},"primary_term":null,"canonical_url":null,"og_title":null,"og_description":null,"og_object_type":"default","og_image_type":"default","og_image_url":null,"og_image_width":null,"og_image_height":null,"og_image_custom_url":null,"og_image_custom_fields":null,"og_video":"","og_custom_url":null,"og_article_section":null,"og_article_tags":null,"twitter_use_og":false,"twitter_card":"default","twitter_image_type":"default","twitter_image_url":null,"twitter_image_custom_url":null,"twitter_image_custom_fields":null,"twitter_title":null,"twitter_description":null,"schema":{"blockGraphs":[],"customGraphs":[],"default":{"data":{"Article":[],"Course":[],"Dataset":[],"FAQPage":[],"Movie":[],"Person":[],"Product":[],"ProductReview":[],"Car":[],"Recipe":[],"Service":[],"SoftwareApplication":[],"WebPage":[]},"graphName":"Article","isEnabled":true},"graphs":[]},"schema_type":"default","schema_type_options":null,"pillar_content":false,"robots_default":true,"robots_noindex":false,"robots_noarchive":false,"robots_nosnippet":false,"robots_nofollow":false,"robots_noimageindex":false,"robots_noodp":false,"robots_notranslate":false,"robots_max_snippet":"-1","robots_max_videopreview":"-1","robots_max_imagepreview":"large","priority":null,"frequency":"default","local_seo":null,"seo_analyzer_scan_date":"2025-10-08 23:03:41","breadcrumb_settings":null,"limit_modified_date":false,"reviewed_by":null,"open_ai":"{\"title\":{\"suggestions\":[],\"usage\":0},\"description\":{\"suggestions\":[],\"usage\":0}}","ai":null,"created":"2024-09-16 21:28:01","updated":"2026-02-04 13:04:58"},"aioseo_breadcrumb":"<div class=\"aioseo-breadcrumbs\"><span class=\"aioseo-breadcrumb\">\n\t<a href=\"https:\/\/soymigrante.com\/revista\" title=\"Home\">Home<\/a>\n<\/span><span class=\"aioseo-breadcrumb-separator\">\u00bb<\/span><span class=\"aioseo-breadcrumb\">\n\t<a href=\"https:\/\/soymigrante.com\/revista\/category\/guate-nuestra\/\" title=\"Guate Nuestra\">Guate Nuestra<\/a>\n<\/span><span class=\"aioseo-breadcrumb-separator\">\u00bb<\/span><span class=\"aioseo-breadcrumb\">\n\tVuelan, cantan y son libres las fotograf\u00edas del guatemalteco Ottoniel Cojulun\n<\/span><\/div>","aioseo_breadcrumb_json":[{"label":"Home","link":"https:\/\/soymigrante.com\/revista"},{"label":"Guate Nuestra","link":"https:\/\/soymigrante.com\/revista\/category\/guate-nuestra\/"},{"label":"Vuelan, cantan y son libres las fotograf\u00edas del guatemalteco Ottoniel Cojulun","link":"https:\/\/soymigrante.com\/revista\/vuelan-cantan-y-son-libres-las-fotografias-del-guatemalteco-ottoniel-cojulun-vuelan\/"}],"_links":{"self":[{"href":"https:\/\/soymigrante.com\/revista\/wp-json\/wp\/v2\/posts\/9347","targetHints":{"allow":["GET"]}}],"collection":[{"href":"https:\/\/soymigrante.com\/revista\/wp-json\/wp\/v2\/posts"}],"about":[{"href":"https:\/\/soymigrante.com\/revista\/wp-json\/wp\/v2\/types\/post"}],"author":[{"embeddable":true,"href":"https:\/\/soymigrante.com\/revista\/wp-json\/wp\/v2\/users\/23"}],"replies":[{"embeddable":true,"href":"https:\/\/soymigrante.com\/revista\/wp-json\/wp\/v2\/comments?post=9347"}],"version-history":[{"count":0,"href":"https:\/\/soymigrante.com\/revista\/wp-json\/wp\/v2\/posts\/9347\/revisions"}],"wp:featuredmedia":[{"embeddable":true,"href":"https:\/\/soymigrante.com\/revista\/wp-json\/wp\/v2\/media\/9999"}],"wp:attachment":[{"href":"https:\/\/soymigrante.com\/revista\/wp-json\/wp\/v2\/media?parent=9347"}],"wp:term":[{"taxonomy":"category","embeddable":true,"href":"https:\/\/soymigrante.com\/revista\/wp-json\/wp\/v2\/categories?post=9347"},{"taxonomy":"post_tag","embeddable":true,"href":"https:\/\/soymigrante.com\/revista\/wp-json\/wp\/v2\/tags?post=9347"}],"curies":[{"name":"wp","href":"https:\/\/api.w.org\/{rel}","templated":true}]}}