{"id":9333,"date":"2025-04-15T12:23:42","date_gmt":"2025-04-15T18:23:42","guid":{"rendered":"https:\/\/soymigrante.com\/revista\/?p=9333"},"modified":"2025-04-15T12:23:46","modified_gmt":"2025-04-15T18:23:46","slug":"ninos-migrantes-en-escuelas-de-usa-desafios-y-claves","status":"publish","type":"post","link":"https:\/\/soymigrante.com\/revista\/ninos-migrantes-en-escuelas-de-usa-desafios-y-claves\/","title":{"rendered":"Ni\u00f1os migrantes en escuelas de USA: desaf\u00edos y claves"},"content":{"rendered":"\t\t<div data-elementor-type=\"wp-post\" data-elementor-id=\"9333\" class=\"elementor elementor-9333\" data-elementor-post-type=\"post\">\n\t\t\t\t<div data-particle_enable=\"false\" data-particle-mobile-disabled=\"false\" class=\"elementor-element elementor-element-3420e14 e-flex e-con-boxed e-con e-parent\" data-id=\"3420e14\" data-element_type=\"container\" data-e-type=\"container\">\n\t\t\t\t\t<div class=\"e-con-inner\">\n\t\t\t\t<div class=\"elementor-element elementor-element-708f981 elementor-widget elementor-widget-heading\" data-id=\"708f981\" data-element_type=\"widget\" data-e-type=\"widget\" data-widget_type=\"heading.default\">\n\t\t\t\t\t<h2 class=\"elementor-heading-title elementor-size-default\">La migraci\u00f3n infantil trae consigo numerosos retos, y uno de los m\u00e1s significativos es la adaptaci\u00f3n al sistema educativo en los Estados Unidos. \n<\/h2>\t\t\t\t<\/div>\n\t\t\t\t\t<\/div>\n\t\t\t\t<\/div>\n\t\t<div data-particle_enable=\"false\" data-particle-mobile-disabled=\"false\" class=\"elementor-element elementor-element-12d828a e-flex e-con-boxed e-con e-parent\" data-id=\"12d828a\" data-element_type=\"container\" data-e-type=\"container\">\n\t\t\t\t\t<div class=\"e-con-inner\">\n\t\t\t\t<div class=\"elementor-element elementor-element-515ec46 elementor-widget elementor-widget-text-editor\" data-id=\"515ec46\" data-element_type=\"widget\" data-e-type=\"widget\" data-widget_type=\"text-editor.default\">\n\t\t\t\t\t\t\t\t\t<p>Los ni\u00f1os migrantes, al llegar a una escuela americana, enfrentan una serie de desaf\u00edos que van desde el idioma hasta las diferencias culturales. Sin embargo, <a href=\"https:\/\/soymigrante.com\/revista\/estas-lejos-de-tus-hijos-seis-claves-para-mantener-una-comunicacion-efectiva\/\" target=\"_blank\" rel=\"noopener\">con el apoyo adecuado, muchos logran superar estas barreras y prosperar en su nuevo entorno.<\/a><\/p>\t\t\t\t\t\t\t\t<\/div>\n\t\t\t\t\t<\/div>\n\t\t\t\t<\/div>\n\t\t<div data-particle_enable=\"false\" data-particle-mobile-disabled=\"false\" class=\"elementor-element elementor-element-1671e4a e-flex e-con-boxed e-con e-parent\" data-id=\"1671e4a\" data-element_type=\"container\" data-e-type=\"container\">\n\t\t\t\t\t<div class=\"e-con-inner\">\n\t\t\t\t<div class=\"elementor-element elementor-element-7b56847 elementor-widget elementor-widget-heading\" data-id=\"7b56847\" data-element_type=\"widget\" data-e-type=\"widget\" data-widget_type=\"heading.default\">\n\t\t\t\t\t<h3 class=\"elementor-heading-title elementor-size-default\">Desaf\u00edos iniciales:<\/h3>\t\t\t\t<\/div>\n\t\t\t\t\t<\/div>\n\t\t\t\t<\/div>\n\t\t<div data-particle_enable=\"false\" data-particle-mobile-disabled=\"false\" class=\"elementor-element elementor-element-5648722 e-flex e-con-boxed e-con e-parent\" data-id=\"5648722\" data-element_type=\"container\" data-e-type=\"container\">\n\t\t\t\t\t<div class=\"e-con-inner\">\n\t\t\t\t<div class=\"elementor-element elementor-element-8bccba3 elementor-widget elementor-widget-heading\" data-id=\"8bccba3\" data-element_type=\"widget\" data-e-type=\"widget\" data-widget_type=\"heading.default\">\n\t\t\t\t\t<h3 class=\"elementor-heading-title elementor-size-default\">1. Barreras del Idioma:<\/h3>\t\t\t\t<\/div>\n\t\t\t\t\t<\/div>\n\t\t\t\t<\/div>\n\t\t<div data-particle_enable=\"false\" data-particle-mobile-disabled=\"false\" class=\"elementor-element elementor-element-940a229 e-flex e-con-boxed e-con e-parent\" data-id=\"940a229\" data-element_type=\"container\" data-e-type=\"container\">\n\t\t\t\t\t<div class=\"e-con-inner\">\n\t\t\t\t<div class=\"elementor-element elementor-element-d14b6d9 elementor-widget elementor-widget-text-editor\" data-id=\"d14b6d9\" data-element_type=\"widget\" data-e-type=\"widget\" data-widget_type=\"text-editor.default\">\n\t\t\t\t\t\t\t\t\t<p>Para muchos ni\u00f1os migrantes, el ingl\u00e9s es un nuevo idioma. Esto dificulta tanto la comunicaci\u00f3n con sus compa\u00f1eros y maestros como la comprensi\u00f3n de las clases. Las clases de ESL (Ingl\u00e9s como Segunda Lengua) son esenciales para ayudar a los ni\u00f1os a mejorar sus habilidades ling\u00fc\u00edsticas.<\/p>\t\t\t\t\t\t\t\t<\/div>\n\t\t\t\t\t<\/div>\n\t\t\t\t<\/div>\n\t\t<div data-particle_enable=\"false\" data-particle-mobile-disabled=\"false\" class=\"elementor-element elementor-element-4186180 e-flex e-con-boxed e-con e-parent\" data-id=\"4186180\" data-element_type=\"container\" data-e-type=\"container\">\n\t\t\t\t\t<div class=\"e-con-inner\">\n\t\t\t\t<div class=\"elementor-element elementor-element-1ac8091 elementor-widget elementor-widget-heading\" data-id=\"1ac8091\" data-element_type=\"widget\" data-e-type=\"widget\" data-widget_type=\"heading.default\">\n\t\t\t\t\t<h3 class=\"elementor-heading-title elementor-size-default\">2. Choque cultural:<\/h3>\t\t\t\t<\/div>\n\t\t\t\t\t<\/div>\n\t\t\t\t<\/div>\n\t\t<div data-particle_enable=\"false\" data-particle-mobile-disabled=\"false\" class=\"elementor-element elementor-element-a38713f e-flex e-con-boxed e-con e-parent\" data-id=\"a38713f\" data-element_type=\"container\" data-e-type=\"container\">\n\t\t\t\t\t<div class=\"e-con-inner\">\n\t\t\t\t<div class=\"elementor-element elementor-element-358ea51 elementor-widget elementor-widget-text-editor\" data-id=\"358ea51\" data-element_type=\"widget\" data-e-type=\"widget\" data-widget_type=\"text-editor.default\">\n\t\t\t\t\t\t\t\t\t<p>Los ni\u00f1os migrantes a menudo provienen de entornos culturales muy diferentes, lo que puede generar desconcierto y dificultades para adaptarse a las costumbres, normas sociales y expectativas del sistema educativo estadounidense.<\/p>\t\t\t\t\t\t\t\t<\/div>\n\t\t\t\t\t<\/div>\n\t\t\t\t<\/div>\n\t\t<div data-particle_enable=\"false\" data-particle-mobile-disabled=\"false\" class=\"elementor-element elementor-element-990c192 e-flex e-con-boxed e-con e-parent\" data-id=\"990c192\" data-element_type=\"container\" data-e-type=\"container\">\n\t\t\t\t\t<div class=\"e-con-inner\">\n\t\t\t\t<div class=\"elementor-element elementor-element-57eb68c elementor-widget elementor-widget-image\" data-id=\"57eb68c\" data-element_type=\"widget\" data-e-type=\"widget\" data-widget_type=\"image.default\">\n\t\t\t\t\t\t\t\t\t\t\t\t\t\t\t<img fetchpriority=\"high\" decoding=\"async\" width=\"768\" height=\"1024\" src=\"https:\/\/soymigrante.com\/revista\/wp-content\/uploads\/2024\/09\/Ninos-migrantes-en-escuelas-768x1024.webp\" class=\"attachment-large size-large wp-image-9337\" alt=\"Ni\u00f1os aprendiendo y practicando arte en una clase de dibujo infantil en un aula de arte.\" srcset=\"https:\/\/soymigrante.com\/revista\/wp-content\/uploads\/2024\/09\/Ninos-migrantes-en-escuelas-768x1024.webp 768w, https:\/\/soymigrante.com\/revista\/wp-content\/uploads\/2024\/09\/Ninos-migrantes-en-escuelas-225x300.webp 225w, https:\/\/soymigrante.com\/revista\/wp-content\/uploads\/2024\/09\/Ninos-migrantes-en-escuelas-1152x1536.webp 1152w, https:\/\/soymigrante.com\/revista\/wp-content\/uploads\/2024\/09\/Ninos-migrantes-en-escuelas-scaled.webp 1440w, https:\/\/soymigrante.com\/revista\/wp-content\/uploads\/2024\/09\/Ninos-migrantes-en-escuelas-750x1000.webp 750w, https:\/\/soymigrante.com\/revista\/wp-content\/uploads\/2024\/09\/Ninos-migrantes-en-escuelas-1140x1520.webp 1140w\" sizes=\"(max-width: 768px) 100vw, 768px\" \/>\t\t\t\t\t\t\t\t\t\t\t\t\t\t\t<\/div>\n\t\t\t\t\t<\/div>\n\t\t\t\t<\/div>\n\t\t<div data-particle_enable=\"false\" data-particle-mobile-disabled=\"false\" class=\"elementor-element elementor-element-19be5d1 e-flex e-con-boxed e-con e-parent\" data-id=\"19be5d1\" data-element_type=\"container\" data-e-type=\"container\">\n\t\t\t\t\t<div class=\"e-con-inner\">\n\t\t\t\t<div class=\"elementor-element elementor-element-29e2e00 elementor-widget elementor-widget-heading\" data-id=\"29e2e00\" data-element_type=\"widget\" data-e-type=\"widget\" data-widget_type=\"heading.default\">\n\t\t\t\t\t<h3 class=\"elementor-heading-title elementor-size-default\">3. Ansiedad y Desarraigo:<\/h3>\t\t\t\t<\/div>\n\t\t\t\t\t<\/div>\n\t\t\t\t<\/div>\n\t\t<div data-particle_enable=\"false\" data-particle-mobile-disabled=\"false\" class=\"elementor-element elementor-element-c2601be e-flex e-con-boxed e-con e-parent\" data-id=\"c2601be\" data-element_type=\"container\" data-e-type=\"container\">\n\t\t\t\t\t<div class=\"e-con-inner\">\n\t\t\t\t<div class=\"elementor-element elementor-element-f96d3a2 elementor-widget elementor-widget-text-editor\" data-id=\"f96d3a2\" data-element_type=\"widget\" data-e-type=\"widget\" data-widget_type=\"text-editor.default\">\n\t\t\t\t\t\t\t\t\t<p>La migraci\u00f3n puede causar estr\u00e9s emocional en los ni\u00f1os. Dejan atr\u00e1s su hogar, amigos y familiares, lo que puede generar sentimientos de soledad y ansiedad.<\/p>\t\t\t\t\t\t\t\t<\/div>\n\t\t\t\t\t<\/div>\n\t\t\t\t<\/div>\n\t\t<div data-particle_enable=\"false\" data-particle-mobile-disabled=\"false\" class=\"elementor-element elementor-element-fe2f0f8 e-flex e-con-boxed e-con e-parent\" data-id=\"fe2f0f8\" data-element_type=\"container\" data-e-type=\"container\">\n\t\t\t\t\t<div class=\"e-con-inner\">\n\t\t\t\t<div class=\"elementor-element elementor-element-22641c4 elementor-widget elementor-widget-heading\" data-id=\"22641c4\" data-element_type=\"widget\" data-e-type=\"widget\" data-widget_type=\"heading.default\">\n\t\t\t\t\t<h3 class=\"elementor-heading-title elementor-size-default\">4. Diferencias en los m\u00e9todos educativos: <\/h3>\t\t\t\t<\/div>\n\t\t\t\t\t<\/div>\n\t\t\t\t<\/div>\n\t\t<div data-particle_enable=\"false\" data-particle-mobile-disabled=\"false\" class=\"elementor-element elementor-element-8fb05ca e-flex e-con-boxed e-con e-parent\" data-id=\"8fb05ca\" data-element_type=\"container\" data-e-type=\"container\">\n\t\t\t\t\t<div class=\"e-con-inner\">\n\t\t\t\t<div class=\"elementor-element elementor-element-66e89f9 elementor-widget elementor-widget-text-editor\" data-id=\"66e89f9\" data-element_type=\"widget\" data-e-type=\"widget\" data-widget_type=\"text-editor.default\">\n\t\t\t\t\t\t\t\t\t<p>Los sistemas educativos de los pa\u00edses de origen pueden diferir significativamente del estadounidense, lo que dificulta la comprensi\u00f3n de las nuevas expectativas acad\u00e9micas y normas escolares.<\/p>\t\t\t\t\t\t\t\t<\/div>\n\t\t\t\t\t<\/div>\n\t\t\t\t<\/div>\n\t\t<div data-particle_enable=\"false\" data-particle-mobile-disabled=\"false\" class=\"elementor-element elementor-element-d2e45fe e-flex e-con-boxed e-con e-parent\" data-id=\"d2e45fe\" data-element_type=\"container\" data-e-type=\"container\">\n\t\t\t\t\t<div class=\"e-con-inner\">\n\t\t\t\t<div class=\"elementor-element elementor-element-d7ca602 elementor-widget elementor-widget-image\" data-id=\"d7ca602\" data-element_type=\"widget\" data-e-type=\"widget\" data-widget_type=\"image.default\">\n\t\t\t\t\t\t\t\t\t\t\t\t\t\t\t<img decoding=\"async\" width=\"983\" height=\"1024\" src=\"https:\/\/soymigrante.com\/revista\/wp-content\/uploads\/2024\/09\/Ninos-migrantes-en-escuelas3-983x1024.webp\" class=\"attachment-large size-large wp-image-9338\" alt=\"Ni\u00f1os en aula escolar lanzando notas y libros al aire, promoviendo educaci\u00f3n, creatividad y diversi\u00f3n en la escuela. Imagen de un ambiente escolar din\u00e1mico con estudiantes participando activamente.\" srcset=\"https:\/\/soymigrante.com\/revista\/wp-content\/uploads\/2024\/09\/Ninos-migrantes-en-escuelas3-983x1024.webp 983w, https:\/\/soymigrante.com\/revista\/wp-content\/uploads\/2024\/09\/Ninos-migrantes-en-escuelas3-288x300.webp 288w, https:\/\/soymigrante.com\/revista\/wp-content\/uploads\/2024\/09\/Ninos-migrantes-en-escuelas3-768x800.webp 768w, https:\/\/soymigrante.com\/revista\/wp-content\/uploads\/2024\/09\/Ninos-migrantes-en-escuelas3-1475x1536.webp 1475w, https:\/\/soymigrante.com\/revista\/wp-content\/uploads\/2024\/09\/Ninos-migrantes-en-escuelas3-1966x2048.webp 1843w, https:\/\/soymigrante.com\/revista\/wp-content\/uploads\/2024\/09\/Ninos-migrantes-en-escuelas3-750x781.webp 750w, https:\/\/soymigrante.com\/revista\/wp-content\/uploads\/2024\/09\/Ninos-migrantes-en-escuelas3-1140x1188.webp 1140w, https:\/\/soymigrante.com\/revista\/wp-content\/uploads\/2024\/09\/Ninos-migrantes-en-escuelas3-scaled.webp 1844w\" sizes=\"(max-width: 983px) 100vw, 983px\" \/>\t\t\t\t\t\t\t\t\t\t\t\t\t\t\t<\/div>\n\t\t\t\t\t<\/div>\n\t\t\t\t<\/div>\n\t\t<div data-particle_enable=\"false\" data-particle-mobile-disabled=\"false\" class=\"elementor-element elementor-element-23a02d9 e-flex e-con-boxed e-con e-parent\" data-id=\"23a02d9\" data-element_type=\"container\" data-e-type=\"container\">\n\t\t\t\t\t<div class=\"e-con-inner\">\n\t\t\t\t<div class=\"elementor-element elementor-element-ff512d7 elementor-widget elementor-widget-heading\" data-id=\"ff512d7\" data-element_type=\"widget\" data-e-type=\"widget\" data-widget_type=\"heading.default\">\n\t\t\t\t\t<h3 class=\"elementor-heading-title elementor-size-default\">Claves para la adaptaci\u00f3n:<\/h3>\t\t\t\t<\/div>\n\t\t\t\t\t<\/div>\n\t\t\t\t<\/div>\n\t\t<div data-particle_enable=\"false\" data-particle-mobile-disabled=\"false\" class=\"elementor-element elementor-element-698a456 e-flex e-con-boxed e-con e-parent\" data-id=\"698a456\" data-element_type=\"container\" data-e-type=\"container\">\n\t\t\t\t\t<div class=\"e-con-inner\">\n\t\t\t\t<div class=\"elementor-element elementor-element-5988679 elementor-widget elementor-widget-heading\" data-id=\"5988679\" data-element_type=\"widget\" data-e-type=\"widget\" data-widget_type=\"heading.default\">\n\t\t\t\t\t<h3 class=\"elementor-heading-title elementor-size-default\">1. Apoyo ling\u00fc\u00edstico:<\/h3>\t\t\t\t<\/div>\n\t\t\t\t\t<\/div>\n\t\t\t\t<\/div>\n\t\t<div data-particle_enable=\"false\" data-particle-mobile-disabled=\"false\" class=\"elementor-element elementor-element-c06aa1e e-flex e-con-boxed e-con e-parent\" data-id=\"c06aa1e\" data-element_type=\"container\" data-e-type=\"container\">\n\t\t\t\t\t<div class=\"e-con-inner\">\n\t\t\t\t<div class=\"elementor-element elementor-element-c745aeb elementor-widget elementor-widget-text-editor\" data-id=\"c745aeb\" data-element_type=\"widget\" data-e-type=\"widget\" data-widget_type=\"text-editor.default\">\n\t\t\t\t\t\t\t\t\t<p>Programas como ESL o clases de apoyo biling\u00fce son fundamentales para que los ni\u00f1os migrantes aprendan ingl\u00e9s de manera gradual mientras se integran en el ambiente escolar. El acceso a recursos como tutores o aplicaciones de aprendizaje del idioma puede acelerar este proceso.<\/p>\t\t\t\t\t\t\t\t<\/div>\n\t\t\t\t\t<\/div>\n\t\t\t\t<\/div>\n\t\t<div data-particle_enable=\"false\" data-particle-mobile-disabled=\"false\" class=\"elementor-element elementor-element-68deb8d e-flex e-con-boxed e-con e-parent\" data-id=\"68deb8d\" data-element_type=\"container\" data-e-type=\"container\">\n\t\t\t\t\t<div class=\"e-con-inner\">\n\t\t\t\t<div class=\"elementor-element elementor-element-4c946bc elementor-widget elementor-widget-heading\" data-id=\"4c946bc\" data-element_type=\"widget\" data-e-type=\"widget\" data-widget_type=\"heading.default\">\n\t\t\t\t\t<h3 class=\"elementor-heading-title elementor-size-default\">2. Integraci\u00f3n cultural:<\/h3>\t\t\t\t<\/div>\n\t\t\t\t\t<\/div>\n\t\t\t\t<\/div>\n\t\t<div data-particle_enable=\"false\" data-particle-mobile-disabled=\"false\" class=\"elementor-element elementor-element-d366d9e e-flex e-con-boxed e-con e-parent\" data-id=\"d366d9e\" data-element_type=\"container\" data-e-type=\"container\">\n\t\t\t\t\t<div class=\"e-con-inner\">\n\t\t\t\t<div class=\"elementor-element elementor-element-16a1ad1 elementor-widget elementor-widget-text-editor\" data-id=\"16a1ad1\" data-element_type=\"widget\" data-e-type=\"widget\" data-widget_type=\"text-editor.default\">\n\t\t\t\t\t\t\t\t\t<p>Escuelas que promueven la inclusi\u00f3n cultural a trav\u00e9s de actividades que celebran la diversidad facilitan que los ni\u00f1os migrantes se sientan valorados y respetados. Las actividades multiculturales ayudan a que estos estudiantes mantengan su identidad cultural a la vez que aprenden sobre la cultura estadounidense.<\/p>\t\t\t\t\t\t\t\t<\/div>\n\t\t\t\t\t<\/div>\n\t\t\t\t<\/div>\n\t\t<div data-particle_enable=\"false\" data-particle-mobile-disabled=\"false\" class=\"elementor-element elementor-element-596eed3 e-flex e-con-boxed e-con e-parent\" data-id=\"596eed3\" data-element_type=\"container\" data-e-type=\"container\">\n\t\t\t\t\t<div class=\"e-con-inner\">\n\t\t\t\t<div class=\"elementor-element elementor-element-d890272 elementor-widget elementor-widget-heading\" data-id=\"d890272\" data-element_type=\"widget\" data-e-type=\"widget\" data-widget_type=\"heading.default\">\n\t\t\t\t\t<h3 class=\"elementor-heading-title elementor-size-default\">3. Red de apoyo social:<\/h3>\t\t\t\t<\/div>\n\t\t\t\t\t<\/div>\n\t\t\t\t<\/div>\n\t\t<div data-particle_enable=\"false\" data-particle-mobile-disabled=\"false\" class=\"elementor-element elementor-element-9175cf5 e-flex e-con-boxed e-con e-parent\" data-id=\"9175cf5\" data-element_type=\"container\" data-e-type=\"container\">\n\t\t\t\t\t<div class=\"e-con-inner\">\n\t\t\t\t<div class=\"elementor-element elementor-element-96c0e3f elementor-widget elementor-widget-text-editor\" data-id=\"96c0e3f\" data-element_type=\"widget\" data-e-type=\"widget\" data-widget_type=\"text-editor.default\">\n\t\t\t\t\t\t\t\t\t<p>Fomentar las amistades con otros ni\u00f1os, tanto migrantes como locales, es clave para la adaptaci\u00f3n. <a href=\"https:\/\/soymigrante.com\/revista\/estas-lejos-de-tus-hijos-seis-claves-para-mantener-una-comunicacion-efectiva\/\" target=\"_blank\" rel=\"noopener\">Los programas de tutor\u00eda entre pares o clubes extracurriculares<\/a> son una excelente forma de que los ni\u00f1os se sientan conectados y construyan relaciones positivas.<\/p>\t\t\t\t\t\t\t\t<\/div>\n\t\t\t\t\t<\/div>\n\t\t\t\t<\/div>\n\t\t<div data-particle_enable=\"false\" data-particle-mobile-disabled=\"false\" class=\"elementor-element elementor-element-1373642 e-flex e-con-boxed e-con e-parent\" data-id=\"1373642\" data-element_type=\"container\" data-e-type=\"container\">\n\t\t\t\t\t<div class=\"e-con-inner\">\n\t\t\t\t<div class=\"elementor-element elementor-element-bdc9727 elementor-widget elementor-widget-heading\" data-id=\"bdc9727\" data-element_type=\"widget\" data-e-type=\"widget\" data-widget_type=\"heading.default\">\n\t\t\t\t\t<h3 class=\"elementor-heading-title elementor-size-default\">4. Participaci\u00f3n de la familia:<\/h3>\t\t\t\t<\/div>\n\t\t\t\t\t<\/div>\n\t\t\t\t<\/div>\n\t\t<div data-particle_enable=\"false\" data-particle-mobile-disabled=\"false\" class=\"elementor-element elementor-element-7b7f99a e-flex e-con-boxed e-con e-parent\" data-id=\"7b7f99a\" data-element_type=\"container\" data-e-type=\"container\">\n\t\t\t\t\t<div class=\"e-con-inner\">\n\t\t\t\t<div class=\"elementor-element elementor-element-37a033e elementor-widget elementor-widget-text-editor\" data-id=\"37a033e\" data-element_type=\"widget\" data-e-type=\"widget\" data-widget_type=\"text-editor.default\">\n\t\t\t\t\t\t\t\t\t<p><a href=\"https:\/\/soymigrante.com\/revista\/estas-lejos-de-tus-hijos-seis-claves-para-mantener-una-comunicacion-efectiva\/\" target=\"_blank\" rel=\"noopener\">La involucraci\u00f3n de los padres en el proceso educativo es crucial.<\/a> Las escuelas que ofrecen traducci\u00f3n y apoyo a las familias migrantes facilitan la comunicaci\u00f3n entre el hogar y la escuela, creando un entorno m\u00e1s cohesivo y comprensivo para el ni\u00f1o.<\/p>\t\t\t\t\t\t\t\t<\/div>\n\t\t\t\t\t<\/div>\n\t\t\t\t<\/div>\n\t\t<div data-particle_enable=\"false\" data-particle-mobile-disabled=\"false\" class=\"elementor-element elementor-element-e816a34 e-flex e-con-boxed e-con e-parent\" data-id=\"e816a34\" data-element_type=\"container\" data-e-type=\"container\">\n\t\t\t\t\t<div class=\"e-con-inner\">\n\t\t\t\t<div class=\"elementor-element elementor-element-1980ad8 elementor-widget elementor-widget-heading\" data-id=\"1980ad8\" data-element_type=\"widget\" data-e-type=\"widget\" data-widget_type=\"heading.default\">\n\t\t\t\t\t<h3 class=\"elementor-heading-title elementor-size-default\">5. Apoyo Psicol\u00f3gico:<\/h3>\t\t\t\t<\/div>\n\t\t\t\t\t<\/div>\n\t\t\t\t<\/div>\n\t\t<div data-particle_enable=\"false\" data-particle-mobile-disabled=\"false\" class=\"elementor-element elementor-element-ebe15c3 e-flex e-con-boxed e-con e-parent\" data-id=\"ebe15c3\" data-element_type=\"container\" data-e-type=\"container\">\n\t\t\t\t\t<div class=\"e-con-inner\">\n\t\t\t\t<div class=\"elementor-element elementor-element-42def76 elementor-widget elementor-widget-text-editor\" data-id=\"42def76\" data-element_type=\"widget\" data-e-type=\"widget\" data-widget_type=\"text-editor.default\">\n\t\t\t\t\t\t\t\t\t<p>La migraci\u00f3n puede ser una experiencia traum\u00e1tica, por lo que el acceso a consejeros escolares o terapeutas especializados en trauma migratorio es clave para que los ni\u00f1os manejen su estr\u00e9s emocional.<\/p>\t\t\t\t\t\t\t\t<\/div>\n\t\t\t\t\t<\/div>\n\t\t\t\t<\/div>\n\t\t<div data-particle_enable=\"false\" data-particle-mobile-disabled=\"false\" class=\"elementor-element elementor-element-a47db32 e-flex e-con-boxed e-con e-parent\" data-id=\"a47db32\" data-element_type=\"container\" data-e-type=\"container\">\n\t\t\t\t\t<div class=\"e-con-inner\">\n\t\t\t\t<div class=\"elementor-element elementor-element-f2934ec elementor-widget elementor-widget-image\" data-id=\"f2934ec\" data-element_type=\"widget\" data-e-type=\"widget\" data-widget_type=\"image.default\">\n\t\t\t\t\t\t\t\t\t\t\t\t\t\t\t<img decoding=\"async\" width=\"683\" height=\"1024\" src=\"https:\/\/soymigrante.com\/revista\/wp-content\/uploads\/2024\/09\/Ninos-migrantes-en-escuelas4-683x1024.webp\" class=\"attachment-large size-large wp-image-9339\" alt=\"Juegos infantiles y actividades educativas en un aula inclusiva para ni\u00f1os de diferentesor\u00edgenes en SoyMigrante.com Revista.\" srcset=\"https:\/\/soymigrante.com\/revista\/wp-content\/uploads\/2024\/09\/Ninos-migrantes-en-escuelas4-683x1024.webp 683w, https:\/\/soymigrante.com\/revista\/wp-content\/uploads\/2024\/09\/Ninos-migrantes-en-escuelas4-200x300.webp 200w, https:\/\/soymigrante.com\/revista\/wp-content\/uploads\/2024\/09\/Ninos-migrantes-en-escuelas4-768x1152.webp 768w, https:\/\/soymigrante.com\/revista\/wp-content\/uploads\/2024\/09\/Ninos-migrantes-en-escuelas4-1024x1536.webp 1024w, https:\/\/soymigrante.com\/revista\/wp-content\/uploads\/2024\/09\/Ninos-migrantes-en-escuelas4-scaled.webp 1280w, https:\/\/soymigrante.com\/revista\/wp-content\/uploads\/2024\/09\/Ninos-migrantes-en-escuelas4-750x1125.webp 750w, https:\/\/soymigrante.com\/revista\/wp-content\/uploads\/2024\/09\/Ninos-migrantes-en-escuelas4-1140x1710.webp 1140w\" sizes=\"(max-width: 683px) 100vw, 683px\" \/>\t\t\t\t\t\t\t\t\t\t\t\t\t\t\t<\/div>\n\t\t\t\t\t<\/div>\n\t\t\t\t<\/div>\n\t\t<div data-particle_enable=\"false\" data-particle-mobile-disabled=\"false\" class=\"elementor-element elementor-element-9e9ec26 e-flex e-con-boxed e-con e-parent\" data-id=\"9e9ec26\" data-element_type=\"container\" data-e-type=\"container\">\n\t\t\t\t\t<div class=\"e-con-inner\">\n\t\t\t\t<div class=\"elementor-element elementor-element-7b94434 elementor-widget elementor-widget-heading\" data-id=\"7b94434\" data-element_type=\"widget\" data-e-type=\"widget\" data-widget_type=\"heading.default\">\n\t\t\t\t\t<h3 class=\"elementor-heading-title elementor-size-default\">Historias de Superaci\u00f3n:<\/h3>\t\t\t\t<\/div>\n\t\t\t\t\t<\/div>\n\t\t\t\t<\/div>\n\t\t<div data-particle_enable=\"false\" data-particle-mobile-disabled=\"false\" class=\"elementor-element elementor-element-9b59f0f e-flex e-con-boxed e-con e-parent\" data-id=\"9b59f0f\" data-element_type=\"container\" data-e-type=\"container\">\n\t\t\t\t\t<div class=\"e-con-inner\">\n\t\t\t\t<div class=\"elementor-element elementor-element-f14a1a2 elementor-widget elementor-widget-text-editor\" data-id=\"f14a1a2\" data-element_type=\"widget\" data-e-type=\"widget\" data-widget_type=\"text-editor.default\">\n\t\t\t\t\t\t\t\t\t<p><a href=\"https:\/\/soymigrante.com\/revista\/estas-lejos-de-tus-hijos-seis-claves-para-mantener-una-comunicacion-efectiva\/\" target=\"_blank\" rel=\"noopener\">Muchos ni\u00f1os migrantes logran superar estos desaf\u00edos y se convierten en ejemplos de resiliencia.<\/a> Con el apoyo de sus maestros, amigos y familiares, desarrollan una gran capacidad de adaptaci\u00f3n, adquiriendo nuevas habilidades y ampliando su perspectiva del mundo.<\/p><p>El proceso de adaptaci\u00f3n a una nueva escuela en un pa\u00eds extranjero no es sencillo, pero con el apoyo adecuado, los ni\u00f1os migrantes pueden no solo integrarse, sino tambi\u00e9n destacar en sus nuevos entornos escolares. El camino est\u00e1 lleno de retos, pero tambi\u00e9n de oportunidades para crecer y prosperar en una cultura diferente.<\/p>\t\t\t\t\t\t\t\t<\/div>\n\t\t\t\t\t<\/div>\n\t\t\t\t<\/div>\n\t\t<div data-particle_enable=\"false\" data-particle-mobile-disabled=\"false\" class=\"elementor-element elementor-element-f66f9bb e-flex e-con-boxed e-con e-parent\" data-id=\"f66f9bb\" data-element_type=\"container\" data-e-type=\"container\">\n\t\t\t\t\t<div class=\"e-con-inner\">\n\t\t\t\t<div class=\"elementor-element elementor-element-c57c753 elementor-widget elementor-widget-video\" data-id=\"c57c753\" data-element_type=\"widget\" data-e-type=\"widget\" data-settings=\"{&quot;youtube_url&quot;:&quot;https:\\\/\\\/www.youtube.com\\\/watch?v=LPjmK3Z7NeY&quot;,&quot;video_type&quot;:&quot;youtube&quot;,&quot;controls&quot;:&quot;yes&quot;}\" data-widget_type=\"video.default\">\n\t\t\t\t\t\t\t<div class=\"elementor-wrapper elementor-open-inline\">\n\t\t\t<div class=\"elementor-video\"><\/div>\t\t<\/div>\n\t\t\t\t\t\t<\/div>\n\t\t\t\t\t<\/div>\n\t\t\t\t<\/div>\n\t\t<div data-particle_enable=\"false\" data-particle-mobile-disabled=\"false\" class=\"elementor-element elementor-element-6f25e2b e-flex e-con-boxed e-con e-parent\" data-id=\"6f25e2b\" data-element_type=\"container\" data-e-type=\"container\">\n\t\t\t\t\t<div class=\"e-con-inner\">\n\t\t\t\t<div class=\"elementor-element elementor-element-0efee34 elementor-widget elementor-widget-heading\" data-id=\"0efee34\" data-element_type=\"widget\" data-e-type=\"widget\" data-widget_type=\"heading.default\">\n\t\t\t\t\t<h2 class=\"elementor-heading-title elementor-size-default\">Conoce m\u00e1s ac\u00e1...<\/h2>\t\t\t\t<\/div>\n\t\t\t\t\t<\/div>\n\t\t\t\t<\/div>\n\t\t<div data-particle_enable=\"false\" data-particle-mobile-disabled=\"false\" class=\"elementor-element elementor-element-04d95ec e-flex e-con-boxed e-con e-parent\" data-id=\"04d95ec\" data-element_type=\"container\" data-e-type=\"container\">\n\t\t\t\t\t<div class=\"e-con-inner\">\n\t\t\t\t<div class=\"elementor-element elementor-element-8fd7390 elementor-widget elementor-widget-blfe-post-grid\" data-id=\"8fd7390\" data-element_type=\"widget\" data-e-type=\"widget\" data-settings=\"{&quot;columns&quot;:&quot;3&quot;,&quot;columns_tablet&quot;:&quot;6&quot;,&quot;columns_mobile&quot;:&quot;12&quot;,&quot;hero1_layout_column_gap&quot;:{&quot;unit&quot;:&quot;px&quot;,&quot;size&quot;:30,&quot;sizes&quot;:[]},&quot;hero1_layout_column_gap_tablet&quot;:{&quot;unit&quot;:&quot;px&quot;,&quot;size&quot;:&quot;&quot;,&quot;sizes&quot;:[]},&quot;hero1_layout_column_gap_mobile&quot;:{&quot;unit&quot;:&quot;px&quot;,&quot;size&quot;:&quot;&quot;,&quot;sizes&quot;:[]},&quot;hero1_layout_row_gap&quot;:{&quot;unit&quot;:&quot;px&quot;,&quot;size&quot;:30,&quot;sizes&quot;:[]},&quot;hero1_layout_row_gap_tablet&quot;:{&quot;unit&quot;:&quot;px&quot;,&quot;size&quot;:&quot;&quot;,&quot;sizes&quot;:[]},&quot;hero1_layout_row_gap_mobile&quot;:{&quot;unit&quot;:&quot;px&quot;,&quot;size&quot;:&quot;&quot;,&quot;sizes&quot;:[]}}\" data-widget_type=\"blfe-post-grid.hero1\">\n\t\t\t\t<div class=\"elementor-widget-container\">\n\t\t\t\t\t\n                        <div class=\"blfe-post-grid-container \">\n            \n                <div data-skin=\"hero1\" class=\"blfe-row blfe-posts-inner blfe-hero1 blfe-posts-inner blfe-col-3 blfe-col-tab-6 blfe-col-mob-12     \">\n                            <div class=\"blfe-post-grid-item\">\n            <div class=\"blfe-post-grid-item-inner blfe-modern-zoom\">\n                        <div class=\"blfe-post-grid-bg-image\">\n            <a class=\"blfe-post-grid-image-inner\" href=\"https:\/\/soymigrante.com\/revista\/como-ensenar-a-los-ninos-a-reconocer-y-vencer-la-frustracion\/\" title=\"Como ense\u00f1ar a los ni\u00f1os a reconocer y vencer la frustraci\u00f3n\" rel=\"nofollow\" target=\"_blank\"><img decoding=\"async\" src=\"https:\/\/soymigrante.com\/revista\/wp-content\/uploads\/2024\/06\/footballer-5010770_1280-e1718137863274.webp\" alt=\"Como ense\u00f1ar a los ni\u00f1os a reconocer y vencer la frustraci\u00f3n\"\/><\/a>        <\/div>\n                        <div class=\"blfe-post-grid-details\">\n                    <div class=\"blfe-post-grid-details-inner\">\n                        <span class=\"blfe-post-category\"><a href=\"https:\/\/soymigrante.com\/revista\/category\/bienestar\/\">Bienestar<\/a><\/span>                        <h3 class=\"blfe-post-grid-title\">\n            <a href=\"https:\/\/soymigrante.com\/revista\/como-ensenar-a-los-ninos-a-reconocer-y-vencer-la-frustracion\/\" title=\"Como ense\u00f1ar a los ni\u00f1os a reconocer y vencer la frustraci\u00f3n\" rel=\"nofollow\" target=\"_blank\">Como ense\u00f1ar a los ni\u00f1os a reconocer y vencer la frustraci\u00f3n<\/a>\n            <\/h3>                                                            <div class=\"blfe-post-grid-meta\">\n                <span class=\"blfe-post-grid-time\"><i class=\"fas fa-book-reader\"><\/i>5 Min read<\/span>            <\/div>\n                                                        <\/div>\n                <\/div>\n\n            <\/div>\n        <\/div>\n                <div class=\"blfe-post-grid-item\">\n            <div class=\"blfe-post-grid-item-inner blfe-modern-zoom\">\n                        <div class=\"blfe-post-grid-bg-image\">\n            <a class=\"blfe-post-grid-image-inner\" href=\"https:\/\/soymigrante.com\/revista\/claves-para-solicitar-asistencia-financiera-y-legal-tras-un-desastre-natural-en-usa\/\" title=\"Claves para solicitar asistencia financiera y legal tras un desastre natural en USA\" rel=\"nofollow\" target=\"_blank\"><img decoding=\"async\" src=\"https:\/\/soymigrante.com\/revista\/wp-content\/uploads\/2024\/11\/desastres-usa2-scaled.webp\" alt=\"Claves para solicitar asistencia financiera y legal tras un desastre natural en USA\"\/><\/a>        <\/div>\n                        <div class=\"blfe-post-grid-details\">\n                    <div class=\"blfe-post-grid-details-inner\">\n                        <span class=\"blfe-post-category\"><a href=\"https:\/\/soymigrante.com\/revista\/category\/bienestar\/\">Bienestar<\/a><\/span>                        <h3 class=\"blfe-post-grid-title\">\n            <a href=\"https:\/\/soymigrante.com\/revista\/claves-para-solicitar-asistencia-financiera-y-legal-tras-un-desastre-natural-en-usa\/\" title=\"Claves para solicitar asistencia financiera y legal tras un desastre natural en USA\" rel=\"nofollow\" target=\"_blank\">Claves para solicitar asistencia financiera y legal tras un desastre natural en USA<\/a>\n            <\/h3>                                                            <div class=\"blfe-post-grid-meta\">\n                <span class=\"blfe-post-grid-time\"><i class=\"fas fa-book-reader\"><\/i>4 Min read<\/span>            <\/div>\n                                                        <\/div>\n                <\/div>\n\n            <\/div>\n        <\/div>\n                <div class=\"blfe-post-grid-item\">\n            <div class=\"blfe-post-grid-item-inner blfe-modern-zoom\">\n                        <div class=\"blfe-post-grid-bg-image\">\n            <a class=\"blfe-post-grid-image-inner\" href=\"https:\/\/soymigrante.com\/revista\/acuerdos-entre-padres-e-hijos-son-lo-mas-inteligente-para-fortalecer-la-familia\/\" title=\"Acuerdos entre padres e hijos son lo m\u00e1s inteligente para fortalecer la familia\" rel=\"nofollow\" target=\"_blank\"><img decoding=\"async\" src=\"https:\/\/soymigrante.com\/revista\/wp-content\/uploads\/2025\/03\/Acuerdos-entre-padres-e-hijos-para-fortalecer-la-relacio\u0301n-2-scaled-e1741126493868.webp\" alt=\"Acuerdos entre padres e hijos son lo m\u00e1s inteligente para fortalecer la familia\"\/><\/a>        <\/div>\n                        <div class=\"blfe-post-grid-details\">\n                    <div class=\"blfe-post-grid-details-inner\">\n                        <span class=\"blfe-post-category\"><a href=\"https:\/\/soymigrante.com\/revista\/category\/bienestar\/en-familia\/\">En Familia<\/a><\/span>                        <h3 class=\"blfe-post-grid-title\">\n            <a href=\"https:\/\/soymigrante.com\/revista\/acuerdos-entre-padres-e-hijos-son-lo-mas-inteligente-para-fortalecer-la-familia\/\" title=\"Acuerdos entre padres e hijos son lo m\u00e1s inteligente para fortalecer la familia\" rel=\"nofollow\" target=\"_blank\">Acuerdos entre padres e hijos son lo m\u00e1s inteligente para fortalecer la familia<\/a>\n            <\/h3>                                                            <div class=\"blfe-post-grid-meta\">\n                <span class=\"blfe-post-grid-time\"><i class=\"fas fa-book-reader\"><\/i>4 Min read<\/span>            <\/div>\n                                                        <\/div>\n                <\/div>\n\n            <\/div>\n        <\/div>\n                        <\/div>\n\n                        <\/div>\n            \n                        <div class=\"blfe-post-footer\">\n                        <\/div>\n            \t\t\t\t<\/div>\n\t\t\t\t<\/div>\n\t\t\t\t\t<\/div>\n\t\t\t\t<\/div>\n\t\t\t\t<\/div>\n\t\t","protected":false},"excerpt":{"rendered":"<p>La migraci\u00f3n infantil trae consigo numerosos retos, y uno de los m\u00e1s significativos es la adaptaci\u00f3n al sistema educativo en los Estados Unidos. Los ni\u00f1os migrantes, al llegar a una escuela americana, enfrentan una serie de desaf\u00edos que van desde el idioma hasta las diferencias culturales. Sin embargo, con el apoyo adecuado, muchos logran superar [&hellip;]<\/p>\n","protected":false},"author":19,"featured_media":9334,"comment_status":"open","ping_status":"open","sticky":false,"template":"","format":"standard","meta":{"_acf_changed":false,"_eb_attr":"","footnotes":""},"categories":[55],"tags":[],"class_list":["post-9333","post","type-post","status-publish","format-standard","has-post-thumbnail","hentry","category-bienestar"],"acf":[],"aioseo_notices":[],"aioseo_head":"\n\t\t<!-- All in One SEO Pro 4.9.6.2 - aioseo.com -->\n\t<meta name=\"description\" content=\"Los acuerdos se deben dialogar y mantener, tambi\u00e9n se pueden evaluar. Lo importante es que se cumplan por amor a la propia familia.\" \/>\n\t<meta name=\"robots\" content=\"max-snippet:-1, max-image-preview:large, max-video-preview:-1\" \/>\n\t<meta name=\"author\" content=\"Marysabel Aldana\"\/>\n\t<link rel=\"canonical\" href=\"https:\/\/soymigrante.com\/revista\/acuerdos-entre-padres-e-hijos-son-lo-mas-inteligente-para-fortalecer-la-familia\/\" \/>\n\t<meta name=\"generator\" content=\"All in One SEO Pro (AIOSEO) 4.9.6.2\" \/>\n\n\t\t<link rel=\"preconnect\" href=\"https:\/\/fonts.googleapis.com\" crossorigin>\n<link rel=\"preconnect\" href=\"https:\/\/fonts.gstatic.com\" crossorigin>\n\t\t<meta property=\"og:locale\" content=\"es_ES\" \/>\n\t\t<meta property=\"og:site_name\" content=\"SoyMigrante.com REVISTA \u2013 Nuestra misi\u00f3n es reconocer y dignificar al migrante.\" \/>\n\t\t<meta property=\"og:type\" content=\"article\" \/>\n\t\t<meta property=\"og:title\" content=\"Acuerdos entre padres e hijos fortalecen la familia\" \/>\n\t\t<meta property=\"og:description\" content=\"Los acuerdos se deben dialogar y mantener, tambi\u00e9n se pueden evaluar. Lo importante es que se cumplan por amor a la propia familia.\" \/>\n\t\t<meta property=\"og:url\" content=\"https:\/\/soymigrante.com\/revista\/acuerdos-entre-padres-e-hijos-son-lo-mas-inteligente-para-fortalecer-la-familia\/\" \/>\n\t\t<meta property=\"og:image\" content=\"https:\/\/soymigrante.com\/revista\/wp-content\/uploads\/2025\/03\/Acuerdos-entre-padres-e-hijos-para-fortalecer-la-relacio\u0301n-2-scaled-e1741126493868.webp\" \/>\n\t\t<meta property=\"og:image:secure_url\" content=\"https:\/\/soymigrante.com\/revista\/wp-content\/uploads\/2025\/03\/Acuerdos-entre-padres-e-hijos-para-fortalecer-la-relacio\u0301n-2-scaled-e1741126493868.webp\" \/>\n\t\t<meta property=\"og:image:width\" content=\"1437\" \/>\n\t\t<meta property=\"og:image:height\" content=\"1437\" \/>\n\t\t<meta property=\"article:published_time\" content=\"2025-03-17T11:00:00+00:00\" \/>\n\t\t<meta property=\"article:modified_time\" content=\"2025-08-28T05:38:25+00:00\" \/>\n\t\t<meta property=\"article:publisher\" content=\"https:\/\/www.facebook.com\/soymigrantecom\" \/>\n\t\t<meta name=\"twitter:card\" content=\"summary_large_image\" \/>\n\t\t<meta name=\"twitter:site\" content=\"@SoyMigrante_com\" \/>\n\t\t<meta name=\"twitter:title\" content=\"Acuerdos entre padres e hijos fortalecen la familia\" \/>\n\t\t<meta name=\"twitter:description\" content=\"Los acuerdos se deben dialogar y mantener, tambi\u00e9n se pueden evaluar. Lo importante es que se cumplan por amor a la propia familia.\" \/>\n\t\t<meta name=\"twitter:creator\" content=\"@SoyMigrante_com\" \/>\n\t\t<meta name=\"twitter:image\" content=\"https:\/\/soymigrante.com\/revista\/wp-content\/uploads\/2025\/03\/Acuerdos-entre-padres-e-hijos-para-fortalecer-la-relacio\u0301n-2-scaled-e1741126493868.webp\" \/>\n\t\t<!-- All in One SEO Pro -->\r\n\t\t<title>Acuerdos entre padres e hijos fortalecen la familia<\/title>\n\n","aioseo_head_json":{"title":"Acuerdos entre padres e hijos fortalecen la familia","description":"Los acuerdos se deben dialogar y mantener, tambi\u00e9n se pueden evaluar. Lo importante es que se cumplan por amor a la propia familia.","canonical_url":"https:\/\/soymigrante.com\/revista\/acuerdos-entre-padres-e-hijos-son-lo-mas-inteligente-para-fortalecer-la-familia\/","robots":"max-snippet:-1, max-image-preview:large, max-video-preview:-1","keywords":"","webmasterTools":{"miscellaneous":"&lt;link rel=\"preconnect\" href=\"https:\/\/fonts.googleapis.com\" crossorigin&gt;\n&lt;link rel=\"preconnect\" href=\"https:\/\/fonts.gstatic.com\" crossorigin&gt;"},"schema":null,"og:locale":"es_ES","og:site_name":"SoyMigrante.com REVISTA \u2013 Nuestra misi\u00f3n es reconocer y dignificar al migrante.","og:type":"article","og:title":"Acuerdos entre padres e hijos fortalecen la familia","og:description":"Los acuerdos se deben dialogar y mantener, tambi\u00e9n se pueden evaluar. Lo importante es que se cumplan por amor a la propia familia.","og:url":"https:\/\/soymigrante.com\/revista\/acuerdos-entre-padres-e-hijos-son-lo-mas-inteligente-para-fortalecer-la-familia\/","og:image":"https:\/\/soymigrante.com\/revista\/wp-content\/uploads\/2025\/03\/Acuerdos-entre-padres-e-hijos-para-fortalecer-la-relacio\u0301n-2-scaled-e1741126493868.webp","og:image:secure_url":"https:\/\/soymigrante.com\/revista\/wp-content\/uploads\/2025\/03\/Acuerdos-entre-padres-e-hijos-para-fortalecer-la-relacio\u0301n-2-scaled-e1741126493868.webp","og:image:width":1437,"og:image:height":1437,"article:published_time":"2025-03-17T11:00:00+00:00","article:modified_time":"2025-08-28T05:38:25+00:00","article:publisher":"https:\/\/www.facebook.com\/soymigrantecom","twitter:card":"summary_large_image","twitter:site":"@SoyMigrante_com","twitter:title":"Acuerdos entre padres e hijos fortalecen la familia","twitter:description":"Los acuerdos se deben dialogar y mantener, tambi\u00e9n se pueden evaluar. Lo importante es que se cumplan por amor a la propia familia.","twitter:creator":"@SoyMigrante_com","twitter:image":"https:\/\/soymigrante.com\/revista\/wp-content\/uploads\/2025\/03\/Acuerdos-entre-padres-e-hijos-para-fortalecer-la-relacio\u0301n-2-scaled-e1741126493868.webp"},"aioseo_meta_data":{"post_id":"9333","title":null,"description":"Los ni\u00f1os migrantes que van a Estados Unidos enfrentan miedo ante el choque cultural que representa, pero con estos consejos le ir\u00e1 mejor.","keywords":null,"keyphrases":{"focus":{"keyphrase":"ni\u00f1os","score":91,"analysis":{"keyphraseInTitle":{"score":9,"maxScore":9,"error":0},"keyphraseInDescription":{"score":9,"maxScore":9,"error":0},"keyphraseLength":{"score":9,"maxScore":9,"error":0,"length":2},"keyphraseInURL":{"score":5,"maxScore":5,"error":0},"keyphraseInIntroduction":{"score":9,"maxScore":9,"error":0},"keyphraseInSubHeadings":{"score":3,"maxScore":9,"error":1},"keyphraseInImageAlt":{"score":9,"maxScore":9,"error":0},"keywordDensity":{"type":"best","score":9,"maxScore":9,"error":0}}},"additional":[{"keyphrase":"migrantes","score":100,"analysis":{"keyphraseInDescription":{"score":9,"maxScore":9,"error":0},"keyphraseLength":{"score":9,"maxScore":9,"error":0,"length":1},"keyphraseInIntroduction":{"score":9,"maxScore":9,"error":0},"keyphraseInImageAlt":{"score":9,"maxScore":9,"error":0},"keywordDensity":{"type":"best","score":9,"maxScore":9,"error":0}}},{"keyphrase":"ni\u00f1os migrantes","score":100,"analysis":{"keyphraseInDescription":{"score":9,"maxScore":9,"error":0},"keyphraseLength":{"score":9,"maxScore":9,"error":0,"length":3},"keyphraseInIntroduction":{"score":9,"maxScore":9,"error":0},"keyphraseInImageAlt":{"score":9,"maxScore":9,"error":0},"keywordDensity":{"type":"best","score":9,"maxScore":9,"error":0}}}]},"primary_term":null,"canonical_url":null,"og_title":null,"og_description":null,"og_object_type":"default","og_image_type":"default","og_image_url":null,"og_image_width":null,"og_image_height":null,"og_image_custom_url":null,"og_image_custom_fields":null,"og_video":"","og_custom_url":null,"og_article_section":null,"og_article_tags":null,"twitter_use_og":false,"twitter_card":"default","twitter_image_type":"default","twitter_image_url":null,"twitter_image_custom_url":null,"twitter_image_custom_fields":null,"twitter_title":null,"twitter_description":null,"schema":{"blockGraphs":[],"customGraphs":[],"default":{"data":{"Article":[],"Course":[],"Dataset":[],"FAQPage":[],"Movie":[],"Person":[],"Product":[],"ProductReview":[],"Car":[],"Recipe":[],"Service":[],"SoftwareApplication":[],"WebPage":[]},"graphName":"none","isEnabled":true},"graphs":[]},"schema_type":"default","schema_type_options":null,"pillar_content":false,"robots_default":true,"robots_noindex":false,"robots_noarchive":false,"robots_nosnippet":false,"robots_nofollow":false,"robots_noimageindex":false,"robots_noodp":false,"robots_notranslate":false,"robots_max_snippet":"-1","robots_max_videopreview":"-1","robots_max_imagepreview":"large","priority":null,"frequency":"default","local_seo":null,"seo_analyzer_scan_date":"2025-10-09 04:21:35","breadcrumb_settings":null,"limit_modified_date":false,"reviewed_by":null,"open_ai":"{\"title\":{\"suggestions\":[],\"usage\":0},\"description\":{\"suggestions\":[],\"usage\":0}}","ai":null,"created":"2024-09-16 16:09:27","updated":"2026-02-04 22:58:22"},"aioseo_breadcrumb":"<div class=\"aioseo-breadcrumbs\"><span class=\"aioseo-breadcrumb\">\n\t<a href=\"https:\/\/soymigrante.com\/revista\" title=\"Home\">Home<\/a>\n<\/span><span class=\"aioseo-breadcrumb-separator\">\u00bb<\/span><span class=\"aioseo-breadcrumb\">\n\t<a href=\"https:\/\/soymigrante.com\/revista\/category\/bienestar\/\" title=\"Bienestar\">Bienestar<\/a>\n<\/span><span class=\"aioseo-breadcrumb-separator\">\u00bb<\/span><span class=\"aioseo-breadcrumb\">\n\tNi\u00f1os migrantes en escuelas de USA: desaf\u00edos y claves\n<\/span><\/div>","aioseo_breadcrumb_json":[{"label":"Home","link":"https:\/\/soymigrante.com\/revista"},{"label":"Bienestar","link":"https:\/\/soymigrante.com\/revista\/category\/bienestar\/"},{"label":"Ni\u00f1os migrantes en escuelas de USA: desaf\u00edos y claves","link":"https:\/\/soymigrante.com\/revista\/ninos-migrantes-en-escuelas-de-usa-desafios-y-claves\/"}],"_links":{"self":[{"href":"https:\/\/soymigrante.com\/revista\/wp-json\/wp\/v2\/posts\/9333","targetHints":{"allow":["GET"]}}],"collection":[{"href":"https:\/\/soymigrante.com\/revista\/wp-json\/wp\/v2\/posts"}],"about":[{"href":"https:\/\/soymigrante.com\/revista\/wp-json\/wp\/v2\/types\/post"}],"author":[{"embeddable":true,"href":"https:\/\/soymigrante.com\/revista\/wp-json\/wp\/v2\/users\/19"}],"replies":[{"embeddable":true,"href":"https:\/\/soymigrante.com\/revista\/wp-json\/wp\/v2\/comments?post=9333"}],"version-history":[{"count":2,"href":"https:\/\/soymigrante.com\/revista\/wp-json\/wp\/v2\/posts\/9333\/revisions"}],"predecessor-version":[{"id":31119,"href":"https:\/\/soymigrante.com\/revista\/wp-json\/wp\/v2\/posts\/9333\/revisions\/31119"}],"wp:featuredmedia":[{"embeddable":true,"href":"https:\/\/soymigrante.com\/revista\/wp-json\/wp\/v2\/media\/9334"}],"wp:attachment":[{"href":"https:\/\/soymigrante.com\/revista\/wp-json\/wp\/v2\/media?parent=9333"}],"wp:term":[{"taxonomy":"category","embeddable":true,"href":"https:\/\/soymigrante.com\/revista\/wp-json\/wp\/v2\/categories?post=9333"},{"taxonomy":"post_tag","embeddable":true,"href":"https:\/\/soymigrante.com\/revista\/wp-json\/wp\/v2\/tags?post=9333"}],"curies":[{"name":"wp","href":"https:\/\/api.w.org\/{rel}","templated":true}]}}