{"id":9283,"date":"2024-09-13T22:37:31","date_gmt":"2024-09-14T04:37:31","guid":{"rendered":"https:\/\/soymigrante.com\/revista\/?p=9283"},"modified":"2025-08-08T14:21:22","modified_gmt":"2025-08-08T20:21:22","slug":"carlos-horacio-diaz-fue-pionero-en-izar-la-bandera-de-guatemala-en-new-jersey-en-1986","status":"publish","type":"post","link":"https:\/\/soymigrante.com\/revista\/carlos-horacio-diaz-fue-pionero-en-izar-la-bandera-de-guatemala-en-new-jersey-en-1986\/","title":{"rendered":"Carlos Horacio D\u00edaz fue pionero en izar la bandera de Guatemala en New Jersey (\u00a1en 1986!) y sigue"},"content":{"rendered":"\t\t<div data-elementor-type=\"wp-post\" data-elementor-id=\"9283\" class=\"elementor elementor-9283\" data-elementor-post-type=\"post\">\n\t\t\t\t<div data-particle_enable=\"false\" data-particle-mobile-disabled=\"false\" class=\"elementor-element elementor-element-3abf5e5 e-flex e-con-boxed e-con e-parent\" data-id=\"3abf5e5\" data-element_type=\"container\" data-e-type=\"container\">\n\t\t\t\t\t<div class=\"e-con-inner\">\n\t\t\t\t<div class=\"elementor-element elementor-element-5bb828d elementor-widget elementor-widget-heading\" data-id=\"5bb828d\" data-element_type=\"widget\" data-e-type=\"widget\" data-widget_type=\"heading.default\">\n\t\t\t\t\t<h2 class=\"elementor-heading-title elementor-size-default\">Esta es una historia de patriotismo que empieza y termina en el civismo, pero va m\u00e1s all\u00e1 en el servicio a Guatemala. Carlos Horacio D\u00edaz lleg\u00f3 a Patterson, New Jersey en 1986 y aquel mismo a\u00f1o quiso conmemorar a su patria desde una tierra lejana. <\/h2>\t\t\t\t<\/div>\n\t\t\t\t<div class=\"elementor-element elementor-element-3e2a48c elementor-widget elementor-widget-html\" data-id=\"3e2a48c\" data-element_type=\"widget\" data-e-type=\"widget\" data-widget_type=\"html.default\">\n\t\t\t\t\t<div id=\"buzzsprout-player-17638298\"><\/div><script src=\"https:\/\/www.buzzsprout.com\/2444168\/episodes\/17638298-civismo-y-servicio-del-guatemalteco-carlos-horacio-diaz-en-new-jersey.js?container_id=buzzsprout-player-17638298&player=small\" type=\"text\/javascript\" charset=\"utf-8\"><\/script>\t\t\t\t<\/div>\n\t\t\t\t\t<\/div>\n\t\t\t\t<\/div>\n\t\t<div data-particle_enable=\"false\" data-particle-mobile-disabled=\"false\" class=\"elementor-element elementor-element-c106d08 e-flex e-con-boxed e-con e-parent\" data-id=\"c106d08\" data-element_type=\"container\" data-e-type=\"container\">\n\t\t\t\t\t<div class=\"e-con-inner\">\n\t\t\t\t<div class=\"elementor-element elementor-element-1e0dc9b elementor-widget elementor-widget-text-editor\" data-id=\"1e0dc9b\" data-element_type=\"widget\" data-e-type=\"widget\" data-widget_type=\"text-editor.default\">\n\t\t\t\t\t\t\t\t\t<p>Carlos Horacio D\u00edaz acepta la entrevista y toma un caf\u00e9 guatemalteco en la zona 12 de la capital, pocos d\u00edas antes de partir hacia <a href=\"https:\/\/soymigrante.com\/revista\/espiritualidad-maya-kaqchiqel-tambien-es-migrante-en-new-jersey\/\">New Jersey<\/a>, espec\u00edficamente a la ciudad de\u00a0 Patterson en donde este a\u00f1o se izar\u00e1 <a href=\"https:\/\/soymigrante.com\/revista\/simbolos-patrios-de-guatemala-bandera-nacional\/\">la bandera nacional de Guatemala<\/a> de nuevo en conmemoraci\u00f3n del septiembre patrio.\u00a0<\/p><p>Pero no es la primera vez, ni la segunda. D\u00edaz impuls\u00f3 esta tradici\u00f3n, junto a otros compatriotas entusiastas, all\u00e1 por 1986. Lo recuerda con cari\u00f1o y con renovado entusiasmo siempre. Y este s\u00e1bado 14 de septiembre de 2024 se efectuar\u00e1 el acto de izada de la bandera nacional nuevamente.<\/p><p>&#8220;Este a\u00f1o, el acto cultural est\u00e1 dedicado con cari\u00f1o a la comunidad gar\u00edfuna guatemalteca. Un servidor estar\u00e1 a cargo de la conducci\u00f3n del acto c\u00edvico, pero a continuaci\u00f3n viene una presentaci\u00f3n de esta etnia guatemalteca&#8221;, explica D\u00edaz.<\/p>\t\t\t\t\t\t\t\t<\/div>\n\t\t\t\t\t<\/div>\n\t\t\t\t<\/div>\n\t\t<div data-particle_enable=\"false\" data-particle-mobile-disabled=\"false\" class=\"elementor-element elementor-element-3632670 e-flex e-con-boxed e-con e-parent\" data-id=\"3632670\" data-element_type=\"container\" data-e-type=\"container\">\n\t\t\t\t\t<div class=\"e-con-inner\">\n\t\t\t\t<div class=\"elementor-element elementor-element-527a90d elementor-widget elementor-widget-image\" data-id=\"527a90d\" data-element_type=\"widget\" data-e-type=\"widget\" data-widget_type=\"image.default\">\n\t\t\t\t\t\t\t\t\t\t\t\t<figure class=\"wp-caption\">\n\t\t\t\t\t\t\t\t\t\t<img fetchpriority=\"high\" decoding=\"async\" width=\"956\" height=\"956\" src=\"https:\/\/soymigrante.com\/revista\/wp-content\/uploads\/2024\/09\/carlos-horacio-diaz-migrante-new-jersey-1.webp\" class=\"attachment-large size-large wp-image-9286\" alt=\"Adult male with gray hair wearing a white shirt, standing outdoors in front of a building, sunny day, urban setting, natural light.\" srcset=\"https:\/\/soymigrante.com\/revista\/wp-content\/uploads\/2024\/09\/carlos-horacio-diaz-migrante-new-jersey-1.webp 956w, https:\/\/soymigrante.com\/revista\/wp-content\/uploads\/2024\/09\/carlos-horacio-diaz-migrante-new-jersey-1-300x300.webp 300w, https:\/\/soymigrante.com\/revista\/wp-content\/uploads\/2024\/09\/carlos-horacio-diaz-migrante-new-jersey-1-150x150.webp 150w, https:\/\/soymigrante.com\/revista\/wp-content\/uploads\/2024\/09\/carlos-horacio-diaz-migrante-new-jersey-1-768x768.webp 768w, https:\/\/soymigrante.com\/revista\/wp-content\/uploads\/2024\/09\/carlos-horacio-diaz-migrante-new-jersey-1-75x75.webp 75w, https:\/\/soymigrante.com\/revista\/wp-content\/uploads\/2024\/09\/carlos-horacio-diaz-migrante-new-jersey-1-750x750.webp 750w\" sizes=\"(max-width: 956px) 100vw, 956px\" \/>\t\t\t\t\t\t\t\t\t\t\t<figcaption class=\"widget-image-caption wp-caption-text\">Entrevista a un migrante en la revista SoyMigrante.com, mostrando historias y experiencias de migrantes internacionales, en un ambiente urbano y soleado.<\/figcaption>\n\t\t\t\t\t\t\t\t\t\t<\/figure>\n\t\t\t\t\t\t\t\t\t<\/div>\n\t\t\t\t\t<\/div>\n\t\t\t\t<\/div>\n\t\t<div data-particle_enable=\"false\" data-particle-mobile-disabled=\"false\" class=\"elementor-element elementor-element-9f7a843 e-flex e-con-boxed e-con e-parent\" data-id=\"9f7a843\" data-element_type=\"container\" data-e-type=\"container\">\n\t\t\t\t\t<div class=\"e-con-inner\">\n\t\t\t\t<div class=\"elementor-element elementor-element-734aea3 elementor-widget elementor-widget-heading\" data-id=\"734aea3\" data-element_type=\"widget\" data-e-type=\"widget\" data-widget_type=\"heading.default\">\n\t\t\t\t\t<h3 class=\"elementor-heading-title elementor-size-default\">De vuelta a 1986 cuando todo empez\u00f3<\/h3>\t\t\t\t<\/div>\n\t\t\t\t\t<\/div>\n\t\t\t\t<\/div>\n\t\t<div data-particle_enable=\"false\" data-particle-mobile-disabled=\"false\" class=\"elementor-element elementor-element-068ddf7 e-flex e-con-boxed e-con e-parent\" data-id=\"068ddf7\" data-element_type=\"container\" data-e-type=\"container\">\n\t\t\t\t\t<div class=\"e-con-inner\">\n\t\t\t\t<div class=\"elementor-element elementor-element-4d1d570 elementor-widget elementor-widget-text-editor\" data-id=\"4d1d570\" data-element_type=\"widget\" data-e-type=\"widget\" data-widget_type=\"text-editor.default\">\n\t\t\t\t\t\t\t\t\t<p>Carlos Horacio trabajaba en el \u00e1rea de relaciones p\u00fablicas de una instituci\u00f3n del Estado y no ten\u00eda mucha intenci\u00f3n de viajar a Estados Unidos, pero logr\u00f3 un permiso legal para ir y empez\u00f3 a trabajar. &#8220;Como tantos migrantes me puse a buscar en qu\u00e9 ocuparme para producir, vivir y cubrir lo necesario para estar ac\u00e1&#8221;.<\/p><p>&#8220;En Guatemala siempre promov\u00ed actos c\u00edvicos y en muchos de ellos yo era el maestro de ceremonia. Ten\u00eda facilidad de palabra desde muy joven y a eso me dediqu\u00e9, a la comunicaci\u00f3n social. Pero all\u00e1 en Paterson, hab\u00eda algunos guatemaltecos, y yo les preguntaba si no hac\u00edan nada por el 15 de septiembre. No&#8221;.<\/p><p>&#8220;Toda actividad p\u00fablica en Estados Unidos requiere un permiso y se solicit\u00f3. Pero no nos lo dieron para el 14 de septiembre como quer\u00edamos sino para el 21. As\u00ed que en esa fecha se efectu\u00f3 la izada de la <a href=\"https:\/\/soymigrante.com\/revista\/simbolos-patrios-de-guatemala-bandera-nacional\/\">bandera<\/a>. Vinieron unos pocos compatriotas, pero fue emocionante. La colaboraci\u00f3n fue la clave&#8221;, relata Carlos.\u00a0<\/p><p>Despu\u00e9s vino el esfuerzo de tratar de mantener una asociaci\u00f3n de connacionales.<\/p><p>\u00a0<\/p>\t\t\t\t\t\t\t\t<\/div>\n\t\t\t\t\t<\/div>\n\t\t\t\t<\/div>\n\t\t<div data-particle_enable=\"false\" data-particle-mobile-disabled=\"false\" class=\"elementor-element elementor-element-ac328cc e-flex e-con-boxed e-con e-parent\" data-id=\"ac328cc\" data-element_type=\"container\" data-e-type=\"container\">\n\t\t\t\t\t<div class=\"e-con-inner\">\n\t\t\t\t<div class=\"elementor-element elementor-element-9c660fc elementor-widget elementor-widget-image\" data-id=\"9c660fc\" data-element_type=\"widget\" data-e-type=\"widget\" data-widget_type=\"image.default\">\n\t\t\t\t\t\t\t\t\t\t\t\t\t\t\t<img decoding=\"async\" width=\"606\" height=\"543\" src=\"https:\/\/soymigrante.com\/revista\/wp-content\/uploads\/2024\/09\/izada-de-la-bandera-en-1986.webp\" class=\"attachment-large size-large wp-image-9295\" alt=\"Archivo de imagen de un grupo de personas con bandera de Guatemala en un entorno urbano, destacando la cultura y comunidad migrante en Guatemala.\" srcset=\"https:\/\/soymigrante.com\/revista\/wp-content\/uploads\/2024\/09\/izada-de-la-bandera-en-1986.webp 606w, https:\/\/soymigrante.com\/revista\/wp-content\/uploads\/2024\/09\/izada-de-la-bandera-en-1986-300x269.webp 300w\" sizes=\"(max-width: 606px) 100vw, 606px\" \/>\t\t\t\t\t\t\t\t\t\t\t\t\t\t\t<\/div>\n\t\t\t\t\t<\/div>\n\t\t\t\t<\/div>\n\t\t<div data-particle_enable=\"false\" data-particle-mobile-disabled=\"false\" class=\"elementor-element elementor-element-b21fb0a e-flex e-con-boxed e-con e-parent\" data-id=\"b21fb0a\" data-element_type=\"container\" data-e-type=\"container\">\n\t\t\t\t\t<div class=\"e-con-inner\">\n\t\t\t\t<div class=\"elementor-element elementor-element-f8eef1e elementor-widget elementor-widget-heading\" data-id=\"f8eef1e\" data-element_type=\"widget\" data-e-type=\"widget\" data-widget_type=\"heading.default\">\n\t\t\t\t\t<h3 class=\"elementor-heading-title elementor-size-default\">Tratar de unir e integrar siempre ha sido objetivo<\/h3>\t\t\t\t<\/div>\n\t\t\t\t\t<\/div>\n\t\t\t\t<\/div>\n\t\t<div data-particle_enable=\"false\" data-particle-mobile-disabled=\"false\" class=\"elementor-element elementor-element-dd6d49c e-flex e-con-boxed e-con e-parent\" data-id=\"dd6d49c\" data-element_type=\"container\" data-e-type=\"container\">\n\t\t\t\t\t<div class=\"e-con-inner\">\n\t\t\t\t<div class=\"elementor-element elementor-element-6311bcf elementor-widget elementor-widget-text-editor\" data-id=\"6311bcf\" data-element_type=\"widget\" data-e-type=\"widget\" data-widget_type=\"text-editor.default\">\n\t\t\t\t\t\t\t\t\t<p>El camino de la Asociaci\u00f3n de Guatemaltecos Unidos de Paterson ha sido variado e intermitente, recuerda, Carlos Horacio. Desde aquellos primeros intentos, con m\u00e1s entusiasmo que conocimientos y requerimientos legales.\u00a0 Incluso en Guatemala se difundi\u00f3 la intenci\u00f3n de organizar a los compatriotas.\u00a0<\/p><p>Carlos Horacio tuvo etapas en las que se regres\u00f3 a Guatemala y despu\u00e9s volvi\u00f3 a New Jersey.<\/p>\t\t\t\t\t\t\t\t<\/div>\n\t\t\t\t\t<\/div>\n\t\t\t\t<\/div>\n\t\t<div data-particle_enable=\"false\" data-particle-mobile-disabled=\"false\" class=\"elementor-element elementor-element-006167b e-flex e-con-boxed e-con e-parent\" data-id=\"006167b\" data-element_type=\"container\" data-e-type=\"container\">\n\t\t\t\t\t<div class=\"e-con-inner\">\n\t\t\t\t<div class=\"elementor-element elementor-element-bdb9a40 elementor-widget elementor-widget-image\" data-id=\"bdb9a40\" data-element_type=\"widget\" data-e-type=\"widget\" data-widget_type=\"image.default\">\n\t\t\t\t\t\t\t\t\t\t\t\t\t\t\t<img decoding=\"async\" width=\"939\" height=\"1024\" src=\"https:\/\/soymigrante.com\/revista\/wp-content\/uploads\/2024\/09\/carlos-horacio-diaz-migrante-new-jersey-2-1-939x1024.webp\" class=\"attachment-large size-large wp-image-9297\" alt=\"Guatemaltecos tratan de unificarse en una protesta para fortalecer su cultura y comunidad, con l\u00edderes como Carlos Horacio D\u00edaz promoviendo esfuerzos de mejora y colaboraci\u00f3n entre inmigrantes guatemaltecos en Nueva Jersey y Nueva York.\" srcset=\"https:\/\/soymigrante.com\/revista\/wp-content\/uploads\/2024\/09\/carlos-horacio-diaz-migrante-new-jersey-2-1-939x1024.webp 939w, https:\/\/soymigrante.com\/revista\/wp-content\/uploads\/2024\/09\/carlos-horacio-diaz-migrante-new-jersey-2-1-275x300.webp 275w, https:\/\/soymigrante.com\/revista\/wp-content\/uploads\/2024\/09\/carlos-horacio-diaz-migrante-new-jersey-2-1-768x837.webp 768w, https:\/\/soymigrante.com\/revista\/wp-content\/uploads\/2024\/09\/carlos-horacio-diaz-migrante-new-jersey-2-1-750x818.webp 750w, https:\/\/soymigrante.com\/revista\/wp-content\/uploads\/2024\/09\/carlos-horacio-diaz-migrante-new-jersey-2-1.webp 952w\" sizes=\"(max-width: 939px) 100vw, 939px\" \/>\t\t\t\t\t\t\t\t\t\t\t\t\t\t\t<\/div>\n\t\t\t\t\t<\/div>\n\t\t\t\t<\/div>\n\t\t<div data-particle_enable=\"false\" data-particle-mobile-disabled=\"false\" class=\"elementor-element elementor-element-9e3846b e-flex e-con-boxed e-con e-parent\" data-id=\"9e3846b\" data-element_type=\"container\" data-e-type=\"container\">\n\t\t\t\t\t<div class=\"e-con-inner\">\n\t\t\t\t<div class=\"elementor-element elementor-element-7607f06 elementor-widget elementor-widget-heading\" data-id=\"7607f06\" data-element_type=\"widget\" data-e-type=\"widget\" data-widget_type=\"heading.default\">\n\t\t\t\t\t<h3 class=\"elementor-heading-title elementor-size-default\">Salto en el tiempo<\/h3>\t\t\t\t<\/div>\n\t\t\t\t\t<\/div>\n\t\t\t\t<\/div>\n\t\t<div data-particle_enable=\"false\" data-particle-mobile-disabled=\"false\" class=\"elementor-element elementor-element-3ba1921 e-flex e-con-boxed e-con e-parent\" data-id=\"3ba1921\" data-element_type=\"container\" data-e-type=\"container\">\n\t\t\t\t\t<div class=\"e-con-inner\">\n\t\t\t\t<div class=\"elementor-element elementor-element-48fdb26 elementor-widget elementor-widget-text-editor\" data-id=\"48fdb26\" data-element_type=\"widget\" data-e-type=\"widget\" data-widget_type=\"text-editor.default\">\n\t\t\t\t\t\t\t\t\t<p>L:os actos de izada de la bandera guatemalteca por fiestas de Independencia se hicieron intermitentes, en algunos a\u00f1os no hubo, en otros as\u00ed. Luego qued\u00f3 todo como si nada hubiera pasado antes. Hasta que en 2017, Carlos Horacio se encontr\u00f3 con una periodista a quien conoci\u00f3 en la d\u00e9cada 1980 pero que ahora era la encargada de prensa de la alcald\u00eda de la ciudad de Paterson.<\/p><p>&#8220;Gracias al apoyo de ella, de otros compa\u00f1eros guatemaltecos y de la alcald\u00eda de Paterson por supuesto, se obtuvo el permiso para efectuar el acto. Pero no me lo dieron para la fecha 15 de septiembre, sino el 19. Y en esa fecha lo hicimos&#8221;.<\/p><p>Desde entonces, la Asociaci\u00f3n de Guatemaltecos en New Jersey tom\u00f3 parte activa en la realizaci\u00f3n de esta conmemoraci\u00f3n, al igual que lo hace en este a\u00f1o. Asimismo, desde 2021, dicha organizaic\u00f3n tiene total y pleno reconocimiento jur\u00eddico en Paterson. &#8220;Para evitar que todo gire en torno a una persona y animar el trabajo en equipo, en comunidad, hay cuatro directores de la Asociaci\u00f3n:\u00a0<span style=\"text-align: var(--text-align);\">Oscar Flores, Am<\/span><span style=\"color: var( --e-global-color-text ); text-align: var(--text-align);\">arilis Herrarte, Nidia Cano y Carlos Horacio Villas&#8221;, relata Horacio.<\/span><\/p>\t\t\t\t\t\t\t\t<\/div>\n\t\t\t\t\t<\/div>\n\t\t\t\t<\/div>\n\t\t<div data-particle_enable=\"false\" data-particle-mobile-disabled=\"false\" class=\"elementor-element elementor-element-c732c6a e-flex e-con-boxed e-con e-parent\" data-id=\"c732c6a\" data-element_type=\"container\" data-e-type=\"container\">\n\t\t\t\t\t<div class=\"e-con-inner\">\n\t\t\t\t<div class=\"elementor-element elementor-element-454b8ea elementor-widget elementor-widget-image\" data-id=\"454b8ea\" data-element_type=\"widget\" data-e-type=\"widget\" data-widget_type=\"image.default\">\n\t\t\t\t\t\t\t\t\t\t\t\t\t\t\t<img loading=\"lazy\" decoding=\"async\" width=\"1024\" height=\"858\" src=\"https:\/\/soymigrante.com\/revista\/wp-content\/uploads\/2024\/09\/428603930_726411236348900_4206303776966430091_n-1024x858.webp\" class=\"attachment-large size-large wp-image-9298\" alt=\"Campa\u00f1a de ayuda para Guatemala, recaudaci\u00f3n de sillas de ruedas, andadores, bastones y muletas organizada por la Asociaci\u00f3n de Guatemala en Paterson NJ, con punto de contacto en San Martin Jilotepeque.\" srcset=\"https:\/\/soymigrante.com\/revista\/wp-content\/uploads\/2024\/09\/428603930_726411236348900_4206303776966430091_n-1024x858.webp 1024w, https:\/\/soymigrante.com\/revista\/wp-content\/uploads\/2024\/09\/428603930_726411236348900_4206303776966430091_n-300x250.webp 300w, https:\/\/soymigrante.com\/revista\/wp-content\/uploads\/2024\/09\/428603930_726411236348900_4206303776966430091_n-768x644.webp 768w, https:\/\/soymigrante.com\/revista\/wp-content\/uploads\/2024\/09\/428603930_726411236348900_4206303776966430091_n-1536x1287.webp 1536w, https:\/\/soymigrante.com\/revista\/wp-content\/uploads\/2024\/09\/428603930_726411236348900_4206303776966430091_n-750x629.webp 750w, https:\/\/soymigrante.com\/revista\/wp-content\/uploads\/2024\/09\/428603930_726411236348900_4206303776966430091_n-1140x955.webp 1140w, https:\/\/soymigrante.com\/revista\/wp-content\/uploads\/2024\/09\/428603930_726411236348900_4206303776966430091_n.webp 1600w\" sizes=\"(max-width: 1024px) 100vw, 1024px\" \/>\t\t\t\t\t\t\t\t\t\t\t\t\t\t\t<\/div>\n\t\t\t\t\t<\/div>\n\t\t\t\t<\/div>\n\t\t<div data-particle_enable=\"false\" data-particle-mobile-disabled=\"false\" class=\"elementor-element elementor-element-1fa887c e-flex e-con-boxed e-con e-parent\" data-id=\"1fa887c\" data-element_type=\"container\" data-e-type=\"container\">\n\t\t\t\t\t<div class=\"e-con-inner\">\n\t\t\t\t<div class=\"elementor-element elementor-element-eb0e22a elementor-widget elementor-widget-heading\" data-id=\"eb0e22a\" data-element_type=\"widget\" data-e-type=\"widget\" data-widget_type=\"heading.default\">\n\t\t\t\t\t<h3 class=\"elementor-heading-title elementor-size-default\">Amplia proyecci\u00f3n de la Asociaci\u00f3n de Guatemaltecos Unidos de Paterson<\/h3>\t\t\t\t<\/div>\n\t\t\t\t\t<\/div>\n\t\t\t\t<\/div>\n\t\t<div data-particle_enable=\"false\" data-particle-mobile-disabled=\"false\" class=\"elementor-element elementor-element-4f0a58e e-flex e-con-boxed e-con e-parent\" data-id=\"4f0a58e\" data-element_type=\"container\" data-e-type=\"container\">\n\t\t\t\t\t<div class=\"e-con-inner\">\n\t\t\t\t<div class=\"elementor-element elementor-element-76ec27c elementor-widget elementor-widget-text-editor\" data-id=\"76ec27c\" data-element_type=\"widget\" data-e-type=\"widget\" data-widget_type=\"text-editor.default\">\n\t\t\t\t\t\t\t\t\t<p>Expone Horacio D\u00edaz que la Asociaci\u00f3n Guatemaltecos Unidos de Paterson tiene programas de integraci\u00f3n y apoyo a la comunidad, orientaci\u00f3n migratoria as\u00ed como exaltaci\u00f3n de los valores de identidad guatemalteca. Asimismo, participan desfiles de la comunidad hispana y de independencia de pa\u00edses latinoamericanos.<\/p><p>Pero tambi\u00e9n en Guatemala desarolla iniciativas de apoyo social, como recolecci\u00f3n de sillas de ruedas, bastones y andadores para personas con discapacidad de San Mart\u00edn Jilotepeque, Chimaltenango, municipio en donde tambi\u00e9n se han impartido talleres para prevenir la adicci\u00f3n a las drogas en ni\u00f1os y j\u00f3venes.<\/p><p>As\u00ed tambi\u00e9n la asociaci\u00f3n patrocina campa\u00f1as de capacitaci\u00f3n para promover el turismo comunitario sostenible, como\u00a0 v\u00eda para fomentar el desarrollo local y prevenir la migraci\u00f3n. Estas jornadas se imparten en municipios con potencial tur\u00edstico y que no necesariamente figuran dentro de los principales destinos, tales como el recorrido de Granados, El Chol y Rabinal\u00a0 Baja Verapaz cuenta D\u00edaz.<\/p><p>&#8220;Estamos fuera de Guatemala pero llevamos a Guatemala en el coraz\u00f3n y queremos contribuir con nuestro aporte para que\u00a0 haya m\u00e1s desarrollo&#8221;, dice D\u00edaz.<\/p>\t\t\t\t\t\t\t\t<\/div>\n\t\t\t\t\t<\/div>\n\t\t\t\t<\/div>\n\t\t<div data-particle_enable=\"false\" data-particle-mobile-disabled=\"false\" class=\"elementor-element elementor-element-94ad55b e-flex e-con-boxed e-con e-parent\" data-id=\"94ad55b\" data-element_type=\"container\" data-e-type=\"container\">\n\t\t\t\t\t<div class=\"e-con-inner\">\n\t\t\t\t<div class=\"elementor-element elementor-element-1a90984 elementor-widget elementor-widget-video\" data-id=\"1a90984\" data-element_type=\"widget\" data-e-type=\"widget\" data-settings=\"{&quot;youtube_url&quot;:&quot;https:\\\/\\\/www.youtube.com\\\/watch?v=5GC7-GfsygY&quot;,&quot;video_type&quot;:&quot;youtube&quot;,&quot;controls&quot;:&quot;yes&quot;}\" data-widget_type=\"video.default\">\n\t\t\t\t\t\t\t<div class=\"elementor-wrapper elementor-open-inline\">\n\t\t\t<div class=\"elementor-video\"><\/div>\t\t<\/div>\n\t\t\t\t\t\t<\/div>\n\t\t\t\t\t<\/div>\n\t\t\t\t<\/div>\n\t\t<div data-particle_enable=\"false\" data-particle-mobile-disabled=\"false\" class=\"elementor-element elementor-element-f9208ca e-flex e-con-boxed e-con e-parent\" data-id=\"f9208ca\" data-element_type=\"container\" data-e-type=\"container\">\n\t\t\t\t\t<div class=\"e-con-inner\">\n\t\t\t\t<div class=\"elementor-element elementor-element-95b29ef elementor-widget elementor-widget-heading\" data-id=\"95b29ef\" data-element_type=\"widget\" data-e-type=\"widget\" data-widget_type=\"heading.default\">\n\t\t\t\t\t<h3 class=\"elementor-heading-title elementor-size-default\">Tambi\u00e9n apoyan la colecta de firmas para TPS<\/h3>\t\t\t\t<\/div>\n\t\t\t\t\t<\/div>\n\t\t\t\t<\/div>\n\t\t<div data-particle_enable=\"false\" data-particle-mobile-disabled=\"false\" class=\"elementor-element elementor-element-b0b2505 e-flex e-con-boxed e-con e-parent\" data-id=\"b0b2505\" data-element_type=\"container\" data-e-type=\"container\">\n\t\t\t\t\t<div class=\"e-con-inner\">\n\t\t\t\t<div class=\"elementor-element elementor-element-baeb620 elementor-widget elementor-widget-text-editor\" data-id=\"baeb620\" data-element_type=\"widget\" data-e-type=\"widget\" data-widget_type=\"text-editor.default\">\n\t\t\t\t\t\t\t\t\t<p>Muchos m\u00e1s son los aportes e iniciativas de la Asociaci\u00f3n Guatemaltecos Unidos de Paterson, y quien desee contactarlos puede hacerlo a trav\u00e9s de su p\u00e1gina de Facebook.\u00a0<\/p><p>&#8220;Otra de las actividades en la que estamos participando es en l<a href=\"https:\/\/soymigrante.com\/revista\/migrantes-guatemaltecos-en-40-estados-de-ee-uu-se-unen-en-busca-de-un-tps\/\">a colecta de firmas para apoyar la solicitud de un Estatus de Protecci\u00f3n Temporal, TPS para Guatemaltecos<\/a>&#8220;, cuenta Carlos Horacio D\u00edaz, quien espera que este 14 de septiembre a las 12 horas lleguen muchos guatemaltecos al acto c\u00edvico y cultural que se desarrollar\u00e1 frente al City Hall de Paterson.<\/p>\t\t\t\t\t\t\t\t<\/div>\n\t\t\t\t\t<\/div>\n\t\t\t\t<\/div>\n\t\t<div data-particle_enable=\"false\" data-particle-mobile-disabled=\"false\" class=\"elementor-element elementor-element-e601b67 e-flex e-con-boxed e-con e-parent\" data-id=\"e601b67\" data-element_type=\"container\" data-e-type=\"container\">\n\t\t\t\t\t<div class=\"e-con-inner\">\n\t\t\t\t<div class=\"elementor-element elementor-element-31514c6 elementor-widget elementor-widget-heading\" data-id=\"31514c6\" data-element_type=\"widget\" data-e-type=\"widget\" data-widget_type=\"heading.default\">\n\t\t\t\t\t<h3 class=\"elementor-heading-title elementor-size-default\">Este es el City Hall de Paterson donde se iza la bandera de Guatemala en cada septiembre<\/h3>\t\t\t\t<\/div>\n\t\t\t\t\t<\/div>\n\t\t\t\t<\/div>\n\t\t<div data-particle_enable=\"false\" data-particle-mobile-disabled=\"false\" class=\"elementor-element elementor-element-de65534 e-flex e-con-boxed e-con e-parent\" data-id=\"de65534\" data-element_type=\"container\" data-e-type=\"container\">\n\t\t\t\t\t<div class=\"e-con-inner\">\n\t\t\t\t<div class=\"elementor-element elementor-element-cab17f5 elementor-widget elementor-widget-image\" data-id=\"cab17f5\" data-element_type=\"widget\" data-e-type=\"widget\" data-widget_type=\"image.default\">\n\t\t\t\t\t\t\t\t\t\t\t\t\t\t\t<img loading=\"lazy\" decoding=\"async\" width=\"857\" height=\"683\" src=\"https:\/\/soymigrante.com\/revista\/wp-content\/uploads\/2024\/09\/guatemala-new-jersey.webp\" class=\"attachment-large size-large wp-image-9294\" alt=\"Edificio hist\u00f3rico de ciudad con bandera de M\u00e9xico, destacando patrimonio y cultura mexicana en el extranjero.\" srcset=\"https:\/\/soymigrante.com\/revista\/wp-content\/uploads\/2024\/09\/guatemala-new-jersey.webp 857w, https:\/\/soymigrante.com\/revista\/wp-content\/uploads\/2024\/09\/guatemala-new-jersey-300x239.webp 300w, https:\/\/soymigrante.com\/revista\/wp-content\/uploads\/2024\/09\/guatemala-new-jersey-768x612.webp 768w, https:\/\/soymigrante.com\/revista\/wp-content\/uploads\/2024\/09\/guatemala-new-jersey-750x598.webp 750w\" sizes=\"(max-width: 857px) 100vw, 857px\" \/>\t\t\t\t\t\t\t\t\t\t\t\t\t\t\t<\/div>\n\t\t\t\t\t<\/div>\n\t\t\t\t<\/div>\n\t\t<div data-particle_enable=\"false\" data-particle-mobile-disabled=\"false\" class=\"elementor-element elementor-element-e188681 e-flex e-con-boxed e-con e-parent\" data-id=\"e188681\" data-element_type=\"container\" data-e-type=\"container\">\n\t\t\t\t\t<div class=\"e-con-inner\">\n\t\t\t\t<div class=\"elementor-element elementor-element-1fcab35 elementor-widget elementor-widget-video\" data-id=\"1fcab35\" data-element_type=\"widget\" data-e-type=\"widget\" data-settings=\"{&quot;youtube_url&quot;:&quot;https:\\\/\\\/www.youtube.com\\\/watch?v=6ytuUCkhYgY&quot;,&quot;video_type&quot;:&quot;youtube&quot;,&quot;controls&quot;:&quot;yes&quot;}\" data-widget_type=\"video.default\">\n\t\t\t\t\t\t\t<div class=\"elementor-wrapper elementor-open-inline\">\n\t\t\t<div class=\"elementor-video\"><\/div>\t\t<\/div>\n\t\t\t\t\t\t<\/div>\n\t\t\t\t\t<\/div>\n\t\t\t\t<\/div>\n\t\t<div data-particle_enable=\"false\" data-particle-mobile-disabled=\"false\" class=\"elementor-element elementor-element-e415119 e-flex e-con-boxed e-con e-parent\" data-id=\"e415119\" data-element_type=\"container\" data-e-type=\"container\">\n\t\t\t\t\t<div class=\"e-con-inner\">\n\t\t\t\t<div class=\"elementor-element elementor-element-a004698 elementor-widget elementor-widget-heading\" data-id=\"a004698\" data-element_type=\"widget\" data-e-type=\"widget\" data-widget_type=\"heading.default\">\n\t\t\t\t\t<h2 class=\"elementor-heading-title elementor-size-default\">Llevamos a Guatemala en el coraz\u00f3n<\/h2>\t\t\t\t<\/div>\n\t\t\t\t\t<\/div>\n\t\t\t\t<\/div>\n\t\t<div data-particle_enable=\"false\" data-particle-mobile-disabled=\"false\" class=\"elementor-element elementor-element-5d94bbe e-flex e-con-boxed e-con e-parent\" data-id=\"5d94bbe\" data-element_type=\"container\" data-e-type=\"container\">\n\t\t\t\t\t<div class=\"e-con-inner\">\n\t\t\t\t<div class=\"elementor-element elementor-element-991930b elementor-widget elementor-widget-blfe-post-grid\" data-id=\"991930b\" data-element_type=\"widget\" data-e-type=\"widget\" data-settings=\"{&quot;columns&quot;:&quot;3&quot;,&quot;columns_tablet&quot;:&quot;6&quot;,&quot;columns_mobile&quot;:&quot;12&quot;,&quot;hero1_layout_column_gap&quot;:{&quot;unit&quot;:&quot;px&quot;,&quot;size&quot;:30,&quot;sizes&quot;:[]},&quot;hero1_layout_column_gap_tablet&quot;:{&quot;unit&quot;:&quot;px&quot;,&quot;size&quot;:&quot;&quot;,&quot;sizes&quot;:[]},&quot;hero1_layout_column_gap_mobile&quot;:{&quot;unit&quot;:&quot;px&quot;,&quot;size&quot;:&quot;&quot;,&quot;sizes&quot;:[]},&quot;hero1_layout_row_gap&quot;:{&quot;unit&quot;:&quot;px&quot;,&quot;size&quot;:30,&quot;sizes&quot;:[]},&quot;hero1_layout_row_gap_tablet&quot;:{&quot;unit&quot;:&quot;px&quot;,&quot;size&quot;:&quot;&quot;,&quot;sizes&quot;:[]},&quot;hero1_layout_row_gap_mobile&quot;:{&quot;unit&quot;:&quot;px&quot;,&quot;size&quot;:&quot;&quot;,&quot;sizes&quot;:[]}}\" data-widget_type=\"blfe-post-grid.hero1\">\n\t\t\t\t<div class=\"elementor-widget-container\">\n\t\t\t\t\t\n                        <div class=\"blfe-post-grid-container \">\n            \n                <div data-skin=\"hero1\" class=\"blfe-row blfe-posts-inner blfe-hero1 blfe-posts-inner blfe-col-3 blfe-col-tab-6 blfe-col-mob-12     \">\n                            <div class=\"blfe-post-grid-item\">\n            <div class=\"blfe-post-grid-item-inner blfe-modern-zoom\">\n                        <div class=\"blfe-post-grid-bg-image\">\n            <a class=\"blfe-post-grid-image-inner\" href=\"https:\/\/soymigrante.com\/revista\/monja-blanca-simbolo-patrio-guatemala-smithsonian-washington-exposicion\/\" title=\"La Monja Blanca, s\u00edmbolo de Guatemala, puede ser admirada en Washington D.C.\" rel=\"nofollow\" target=\"_blank\"><img decoding=\"async\" src=\"https:\/\/soymigrante.com\/revista\/wp-content\/uploads\/2024\/01\/Captura-de-pantalla-2024-01-29-164708.webp\" alt=\"La Monja Blanca, s\u00edmbolo de Guatemala, puede ser admirada en Washington D.C.\"\/><\/a>        <\/div>\n                        <div class=\"blfe-post-grid-details\">\n                    <div class=\"blfe-post-grid-details-inner\">\n                        <span class=\"blfe-post-category\"><a href=\"https:\/\/soymigrante.com\/revista\/category\/guate-nuestra\/\">Guate Nuestra<\/a><\/span>                        <h3 class=\"blfe-post-grid-title\">\n            <a href=\"https:\/\/soymigrante.com\/revista\/monja-blanca-simbolo-patrio-guatemala-smithsonian-washington-exposicion\/\" title=\"La Monja Blanca, s\u00edmbolo de Guatemala, puede ser admirada en Washington D.C.\" rel=\"nofollow\" target=\"_blank\">La Monja Blanca, s\u00edmbolo de Guatemala, puede ser admirada en Washington D.C.<\/a>\n            <\/h3>                                                            <div class=\"blfe-post-grid-meta\">\n                <span class=\"blfe-post-grid-time\"><i class=\"fas fa-book-reader\"><\/i>4 Min read<\/span>            <\/div>\n                                                        <\/div>\n                <\/div>\n\n            <\/div>\n        <\/div>\n                <div class=\"blfe-post-grid-item\">\n            <div class=\"blfe-post-grid-item-inner blfe-modern-zoom\">\n                        <div class=\"blfe-post-grid-bg-image\">\n            <a class=\"blfe-post-grid-image-inner\" href=\"https:\/\/soymigrante.com\/revista\/simbolos-patrios-de-guatemala-bandera-nacional\/\" title=\"La bandera Nacional de Guatemala: colores azul y blanco tambi\u00e9n son bicentenarios\" rel=\"nofollow\" target=\"_blank\"><img decoding=\"async\" src=\"https:\/\/soymigrante.com\/revista\/wp-content\/uploads\/2023\/10\/guatemaltecos-houston-1.webp\" alt=\"La bandera Nacional de Guatemala: colores azul y blanco tambi\u00e9n son bicentenarios\"\/><\/a>        <\/div>\n                        <div class=\"blfe-post-grid-details\">\n                    <div class=\"blfe-post-grid-details-inner\">\n                        <span class=\"blfe-post-category\"><a href=\"https:\/\/soymigrante.com\/revista\/category\/guate-nuestra\/\">Guate Nuestra<\/a><\/span>                        <h3 class=\"blfe-post-grid-title\">\n            <a href=\"https:\/\/soymigrante.com\/revista\/simbolos-patrios-de-guatemala-bandera-nacional\/\" title=\"La bandera Nacional de Guatemala: colores azul y blanco tambi\u00e9n son bicentenarios\" rel=\"nofollow\" target=\"_blank\">La bandera Nacional de Guatemala: colores azul y blanco tambi\u00e9n son bicentenarios<\/a>\n            <\/h3>                                                            <div class=\"blfe-post-grid-meta\">\n                <span class=\"blfe-post-grid-time\"><i class=\"fas fa-book-reader\"><\/i>7 Min read<\/span>            <\/div>\n                                                        <\/div>\n                <\/div>\n\n            <\/div>\n        <\/div>\n                <div class=\"blfe-post-grid-item\">\n            <div class=\"blfe-post-grid-item-inner blfe-modern-zoom\">\n                        <div class=\"blfe-post-grid-bg-image\">\n            <a class=\"blfe-post-grid-image-inner\" href=\"https:\/\/soymigrante.com\/revista\/lee-y-escucha-el-mas-famoso-poema-a-la-marimba-guatemalteca\/\" title=\"Lee y escucha el m\u00e1s famoso poema a la Marimba, Instrumento Nacional de Guatemala\" rel=\"nofollow\" target=\"_blank\"><img decoding=\"async\" src=\"https:\/\/soymigrante.com\/revista\/wp-content\/uploads\/2025\/02\/marimba-dia-de-la-marimba.webp\" alt=\"Lee y escucha el m\u00e1s famoso poema a la Marimba, Instrumento Nacional de Guatemala\"\/><\/a>        <\/div>\n                        <div class=\"blfe-post-grid-details\">\n                    <div class=\"blfe-post-grid-details-inner\">\n                        <span class=\"blfe-post-category\"><a href=\"https:\/\/soymigrante.com\/revista\/category\/guate-nuestra\/arte-cultura\/\">Cultura de Guatemala<\/a><\/span>                        <h3 class=\"blfe-post-grid-title\">\n            <a href=\"https:\/\/soymigrante.com\/revista\/lee-y-escucha-el-mas-famoso-poema-a-la-marimba-guatemalteca\/\" title=\"Lee y escucha el m\u00e1s famoso poema a la Marimba, Instrumento Nacional de Guatemala\" rel=\"nofollow\" target=\"_blank\">Lee y escucha el m\u00e1s famoso poema a la Marimba, Instrumento Nacional de Guatemala<\/a>\n            <\/h3>                                                            <div class=\"blfe-post-grid-meta\">\n                <span class=\"blfe-post-grid-time\"><i class=\"fas fa-book-reader\"><\/i>2 Min read<\/span>            <\/div>\n                                                        <\/div>\n                <\/div>\n\n            <\/div>\n        <\/div>\n                <div class=\"blfe-post-grid-item\">\n            <div class=\"blfe-post-grid-item-inner blfe-modern-zoom\">\n                        <div class=\"blfe-post-grid-bg-image\">\n            <a class=\"blfe-post-grid-image-inner\" href=\"https:\/\/soymigrante.com\/revista\/himno-nacional-de-guatemala-6-fechas-que-todo-guatemalteco-debe-conocer\/\" title=\"\u00bfCu\u00e1ndo y d\u00f3nde se estren\u00f3 oficialmente Himno Nacional de Guatemala ?\" rel=\"nofollow\" target=\"_blank\"><img decoding=\"async\" src=\"https:\/\/soymigrante.com\/revista\/wp-content\/uploads\/2025\/03\/himno-nacional.webp\" alt=\"\u00bfCu\u00e1ndo y d\u00f3nde se estren\u00f3 oficialmente Himno Nacional de Guatemala ?\"\/><\/a>        <\/div>\n                        <div class=\"blfe-post-grid-details\">\n                    <div class=\"blfe-post-grid-details-inner\">\n                        <span class=\"blfe-post-category\"><a href=\"https:\/\/soymigrante.com\/revista\/category\/guate-nuestra\/simbolos-patrios-guate-nuestra\/\">S\u00edmbolos patrios<\/a><\/span>                        <h3 class=\"blfe-post-grid-title\">\n            <a href=\"https:\/\/soymigrante.com\/revista\/himno-nacional-de-guatemala-6-fechas-que-todo-guatemalteco-debe-conocer\/\" title=\"\u00bfCu\u00e1ndo y d\u00f3nde se estren\u00f3 oficialmente Himno Nacional de Guatemala ?\" rel=\"nofollow\" target=\"_blank\">\u00bfCu\u00e1ndo y d\u00f3nde se estren\u00f3 oficialmente Himno Nacional de Guatemala ?<\/a>\n            <\/h3>                                                            <div class=\"blfe-post-grid-meta\">\n                <span class=\"blfe-post-grid-time\"><i class=\"fas fa-book-reader\"><\/i>10 Min read<\/span>            <\/div>\n                                                        <\/div>\n                <\/div>\n\n            <\/div>\n        <\/div>\n                <div class=\"blfe-post-grid-item\">\n            <div class=\"blfe-post-grid-item-inner blfe-modern-zoom\">\n                        <div class=\"blfe-post-grid-bg-image\">\n            <a class=\"blfe-post-grid-image-inner\" href=\"https:\/\/soymigrante.com\/revista\/simbolos-patrios-la-ceiba-arbol-nacional-de-guatemala\/\" title=\"\u00bfPorqu\u00e9 el 8 de marzo es d\u00eda de la Ceiba Pentandra,  \u00c1rbol Nacional de Guatemala?\" rel=\"nofollow\" target=\"_blank\"><img decoding=\"async\" src=\"https:\/\/soymigrante.com\/revista\/wp-content\/uploads\/2025\/03\/CEIBA-TIQUISATE-scaled.webp\" alt=\"\u00bfPorqu\u00e9 el 8 de marzo es d\u00eda de la Ceiba Pentandra,  \u00c1rbol Nacional de Guatemala?\"\/><\/a>        <\/div>\n                        <div class=\"blfe-post-grid-details\">\n                    <div class=\"blfe-post-grid-details-inner\">\n                        <span class=\"blfe-post-category\"><a href=\"https:\/\/soymigrante.com\/revista\/category\/guate-nuestra\/simbolos-patrios-guate-nuestra\/\">S\u00edmbolos patrios<\/a><\/span>                        <h3 class=\"blfe-post-grid-title\">\n            <a href=\"https:\/\/soymigrante.com\/revista\/simbolos-patrios-la-ceiba-arbol-nacional-de-guatemala\/\" title=\"\u00bfPorqu\u00e9 el 8 de marzo es d\u00eda de la Ceiba Pentandra,  \u00c1rbol Nacional de Guatemala?\" rel=\"nofollow\" target=\"_blank\">\u00bfPorqu\u00e9 el 8 de marzo es d\u00eda de la Ceiba Pentandra,  \u00c1rbol Nacional de Guatemala?<\/a>\n            <\/h3>                                                            <div class=\"blfe-post-grid-meta\">\n                <span class=\"blfe-post-grid-time\"><i class=\"fas fa-book-reader\"><\/i>7 Min read<\/span>            <\/div>\n                                                        <\/div>\n                <\/div>\n\n            <\/div>\n        <\/div>\n                <div class=\"blfe-post-grid-item\">\n            <div class=\"blfe-post-grid-item-inner blfe-modern-zoom\">\n                        <div class=\"blfe-post-grid-bg-image\">\n            <a class=\"blfe-post-grid-image-inner\" href=\"https:\/\/soymigrante.com\/revista\/estreno-del-himno-nacional-de-guatemala-en-1897-fue-revivido-en-el-conservatorio-de-musica-escuchalo\/\" title=\"Estreno del Himno Nacional de Guatemala en 1897 fue revivido en el Conservatorio de M\u00fasica \u00a1Esc\u00fachalo!\" rel=\"nofollow\" target=\"_blank\"><img decoding=\"async\" src=\"https:\/\/soymigrante.com\/revista\/wp-content\/uploads\/2025\/03\/recreacoin-estreno-himno-nacional.webp\" alt=\"Estreno del Himno Nacional de Guatemala en 1897 fue revivido en el Conservatorio de M\u00fasica \u00a1Esc\u00fachalo!\"\/><\/a>        <\/div>\n                        <div class=\"blfe-post-grid-details\">\n                    <div class=\"blfe-post-grid-details-inner\">\n                        <span class=\"blfe-post-category\"><a href=\"https:\/\/soymigrante.com\/revista\/category\/guate-nuestra\/simbolos-patrios-guate-nuestra\/\">S\u00edmbolos patrios<\/a><\/span>                        <h3 class=\"blfe-post-grid-title\">\n            <a href=\"https:\/\/soymigrante.com\/revista\/estreno-del-himno-nacional-de-guatemala-en-1897-fue-revivido-en-el-conservatorio-de-musica-escuchalo\/\" title=\"Estreno del Himno Nacional de Guatemala en 1897 fue revivido en el Conservatorio de M\u00fasica \u00a1Esc\u00fachalo!\" rel=\"nofollow\" target=\"_blank\">Estreno del Himno Nacional de Guatemala en 1897 fue revivido en el Conservatorio de M\u00fasica \u00a1Esc\u00fachalo!<\/a>\n            <\/h3>                                                            <div class=\"blfe-post-grid-meta\">\n                <span class=\"blfe-post-grid-time\"><i class=\"fas fa-book-reader\"><\/i>3 Min read<\/span>            <\/div>\n                                                        <\/div>\n                <\/div>\n\n            <\/div>\n        <\/div>\n                        <\/div>\n\n                        <\/div>\n            \n                        <div class=\"blfe-post-footer\">\n                        <\/div>\n            \t\t\t\t<\/div>\n\t\t\t\t<\/div>\n\t\t\t\t\t<\/div>\n\t\t\t\t<\/div>\n\t\t\t\t<\/div>\n\t\t","protected":false},"excerpt":{"rendered":"<p>Esta es una historia de patriotismo que empieza y termina en el civismo, pero va m\u00e1s all\u00e1 en el servicio a Guatemala. Carlos Horacio D\u00edaz lleg\u00f3 a Patterson, New Jersey en 1986 y aquel mismo a\u00f1o quiso conmemorar a su patria desde una tierra lejana. Carlos Horacio D\u00edaz acepta la entrevista y toma un caf\u00e9 [&hellip;]<\/p>\n","protected":false},"author":7,"featured_media":9299,"comment_status":"open","ping_status":"open","sticky":false,"template":"","format":"standard","meta":{"_acf_changed":false,"_eb_attr":"","footnotes":""},"categories":[50],"tags":[],"class_list":["post-9283","post","type-post","status-publish","format-standard","has-post-thumbnail","hentry","category-exitos"],"acf":[],"aioseo_notices":[],"aioseo_head":"\n\t\t<!-- All in One SEO Pro 4.9.6.2 - aioseo.com -->\n\t<meta name=\"description\" content=\"En 1897 se estren\u00f3 el Himno Nacional de Guatemala. Lo cant\u00f3 el coro del Conservatorio y la Banda Marcial. Estudiantes y maestros reviven aquella ocasi\u00f3n \u00a1Escuchalo!\" \/>\n\t<meta name=\"robots\" content=\"max-snippet:-1, max-image-preview:large, max-video-preview:-1\" \/>\n\t<meta name=\"author\" content=\"Gustavo Montenegro\"\/>\n\t<link rel=\"canonical\" href=\"https:\/\/soymigrante.com\/revista\/estreno-del-himno-nacional-de-guatemala-en-1897-fue-revivido-en-el-conservatorio-de-musica-escuchalo\/\" \/>\n\t<meta name=\"generator\" content=\"All in One SEO Pro (AIOSEO) 4.9.6.2\" \/>\n\n\t\t<link rel=\"preconnect\" href=\"https:\/\/fonts.googleapis.com\" crossorigin>\n<link rel=\"preconnect\" href=\"https:\/\/fonts.gstatic.com\" crossorigin>\n\t\t<meta property=\"og:locale\" content=\"es_ES\" \/>\n\t\t<meta property=\"og:site_name\" content=\"SoyMigrante.com REVISTA \u2013 Nuestra misi\u00f3n es reconocer y dignificar al migrante.\" \/>\n\t\t<meta property=\"og:type\" content=\"article\" \/>\n\t\t<meta property=\"og:title\" content=\"Estudiantes recrean estreno de Himno Nacional de Guatemala \u00a1Oye!\" \/>\n\t\t<meta property=\"og:description\" content=\"En 1897 se estren\u00f3 el Himno Nacional de Guatemala. Lo cant\u00f3 el coro del Conservatorio y la Banda Marcial. Estudiantes y maestros reviven aquella ocasi\u00f3n \u00a1Escuchalo!\" \/>\n\t\t<meta property=\"og:url\" content=\"https:\/\/soymigrante.com\/revista\/estreno-del-himno-nacional-de-guatemala-en-1897-fue-revivido-en-el-conservatorio-de-musica-escuchalo\/\" \/>\n\t\t<meta property=\"og:image\" content=\"https:\/\/soymigrante.com\/revista\/wp-content\/uploads\/2025\/03\/recreacoin-estreno-himno-nacional.webp\" \/>\n\t\t<meta property=\"og:image:secure_url\" content=\"https:\/\/soymigrante.com\/revista\/wp-content\/uploads\/2025\/03\/recreacoin-estreno-himno-nacional.webp\" \/>\n\t\t<meta property=\"og:image:width\" content=\"425\" \/>\n\t\t<meta property=\"og:image:height\" content=\"422\" \/>\n\t\t<meta property=\"article:published_time\" content=\"2025-03-13T16:47:31+00:00\" \/>\n\t\t<meta property=\"article:modified_time\" content=\"2025-09-10T19:19:31+00:00\" \/>\n\t\t<meta property=\"article:publisher\" content=\"https:\/\/www.facebook.com\/soymigrantecom\" \/>\n\t\t<meta name=\"twitter:card\" content=\"summary_large_image\" \/>\n\t\t<meta name=\"twitter:site\" content=\"@SoyMigrante_com\" \/>\n\t\t<meta name=\"twitter:title\" content=\"Estudiantes recrean estreno de Himno Nacional de Guatemala \u00a1Oye!\" \/>\n\t\t<meta name=\"twitter:description\" content=\"En 1897 se estren\u00f3 el Himno Nacional de Guatemala. Lo cant\u00f3 el coro del Conservatorio y la Banda Marcial. Estudiantes y maestros reviven aquella ocasi\u00f3n \u00a1Escuchalo!\" \/>\n\t\t<meta name=\"twitter:creator\" content=\"@SoyMigrante_com\" \/>\n\t\t<meta name=\"twitter:image\" content=\"https:\/\/soymigrante.com\/revista\/wp-content\/uploads\/2025\/03\/recreacoin-estreno-himno-nacional.webp\" \/>\n\t\t<!-- All in One SEO Pro -->\r\n\t\t<title>Estudiantes recrean estreno de Himno Nacional de Guatemala \u00a1Oye!<\/title>\n\n","aioseo_head_json":{"title":"Estudiantes recrean estreno de Himno Nacional de Guatemala \u00a1Oye!","description":"En 1897 se estren\u00f3 el Himno Nacional de Guatemala. Lo cant\u00f3 el coro del Conservatorio y la Banda Marcial. Estudiantes y maestros reviven aquella ocasi\u00f3n \u00a1Escuchalo!","canonical_url":"https:\/\/soymigrante.com\/revista\/estreno-del-himno-nacional-de-guatemala-en-1897-fue-revivido-en-el-conservatorio-de-musica-escuchalo\/","robots":"max-snippet:-1, max-image-preview:large, max-video-preview:-1","keywords":"","webmasterTools":{"miscellaneous":"&lt;link rel=\"preconnect\" href=\"https:\/\/fonts.googleapis.com\" crossorigin&gt;\n&lt;link rel=\"preconnect\" href=\"https:\/\/fonts.gstatic.com\" crossorigin&gt;"},"schema":null,"og:locale":"es_ES","og:site_name":"SoyMigrante.com REVISTA \u2013 Nuestra misi\u00f3n es reconocer y dignificar al migrante.","og:type":"article","og:title":"Estudiantes recrean estreno de Himno Nacional de Guatemala \u00a1Oye!","og:description":"En 1897 se estren\u00f3 el Himno Nacional de Guatemala. Lo cant\u00f3 el coro del Conservatorio y la Banda Marcial. Estudiantes y maestros reviven aquella ocasi\u00f3n \u00a1Escuchalo!","og:url":"https:\/\/soymigrante.com\/revista\/estreno-del-himno-nacional-de-guatemala-en-1897-fue-revivido-en-el-conservatorio-de-musica-escuchalo\/","og:image":"https:\/\/soymigrante.com\/revista\/wp-content\/uploads\/2025\/03\/recreacoin-estreno-himno-nacional.webp","og:image:secure_url":"https:\/\/soymigrante.com\/revista\/wp-content\/uploads\/2025\/03\/recreacoin-estreno-himno-nacional.webp","og:image:width":425,"og:image:height":422,"article:published_time":"2025-03-13T16:47:31+00:00","article:modified_time":"2025-09-10T19:19:31+00:00","article:publisher":"https:\/\/www.facebook.com\/soymigrantecom","twitter:card":"summary_large_image","twitter:site":"@SoyMigrante_com","twitter:title":"Estudiantes recrean estreno de Himno Nacional de Guatemala \u00a1Oye!","twitter:description":"En 1897 se estren\u00f3 el Himno Nacional de Guatemala. Lo cant\u00f3 el coro del Conservatorio y la Banda Marcial. Estudiantes y maestros reviven aquella ocasi\u00f3n \u00a1Escuchalo!","twitter:creator":"@SoyMigrante_com","twitter:image":"https:\/\/soymigrante.com\/revista\/wp-content\/uploads\/2025\/03\/recreacoin-estreno-himno-nacional.webp"},"aioseo_meta_data":{"post_id":"9283","title":"Carlos D\u00edaz, pionero en izar la azul y blanco en New Jersey","description":"Es cofundador de la Asociaci\u00f3n Guatemaltecos Unidos de Patterson, New Jersey. Migr\u00f3 a EE.UU. en la d\u00e9cada 1980 y en septiembre de 1986 iz\u00f3 la azul y blanco en Patterson.","keywords":null,"keyphrases":{"focus":{"keyphrase":"Guatemala","score":82,"analysis":{"keyphraseInTitle":{"score":3,"maxScore":9,"error":1},"keyphraseInDescription":{"score":3,"maxScore":9,"error":1},"keyphraseLength":{"score":9,"maxScore":9,"error":0,"length":1},"keyphraseInURL":{"score":5,"maxScore":5,"error":0},"keyphraseInIntroduction":{"score":9,"maxScore":9,"error":0},"keyphraseInSubHeadings":{"score":9,"maxScore":9,"error":0},"keyphraseInImageAlt":{"score":9,"maxScore":9,"error":0},"keywordDensity":{"type":"best","score":9,"maxScore":9,"error":0}}},"additional":[{"keyphrase":"New Jersey","score":80,"analysis":{"keyphraseInDescription":{"score":9,"maxScore":9,"error":0},"keyphraseLength":{"score":9,"maxScore":9,"error":0,"length":2},"keyphraseInIntroduction":{"score":9,"maxScore":9,"error":0},"keyphraseInImageAlt":{"score":9,"maxScore":9,"error":0},"keywordDensity":{"score":0,"type":"low","maxScore":9,"error":1}}},{"keyphrase":"Bandera","score":87,"analysis":{"keyphraseInDescription":{"score":3,"maxScore":9,"error":1},"keyphraseLength":{"score":9,"maxScore":9,"error":0,"length":1},"keyphraseInIntroduction":{"score":9,"maxScore":9,"error":0},"keyphraseInImageAlt":{"score":9,"maxScore":9,"error":0},"keywordDensity":{"type":"best","score":9,"maxScore":9,"error":0}}}]},"primary_term":null,"canonical_url":null,"og_title":null,"og_description":null,"og_object_type":"default","og_image_type":"default","og_image_url":null,"og_image_width":null,"og_image_height":null,"og_image_custom_url":null,"og_image_custom_fields":null,"og_video":"","og_custom_url":null,"og_article_section":null,"og_article_tags":null,"twitter_use_og":false,"twitter_card":"default","twitter_image_type":"default","twitter_image_url":null,"twitter_image_custom_url":null,"twitter_image_custom_fields":null,"twitter_title":null,"twitter_description":null,"schema":{"blockGraphs":[],"customGraphs":[],"default":{"data":{"Article":[],"Course":[],"Dataset":[],"FAQPage":[],"Movie":[],"Person":[],"Product":[],"ProductReview":[],"Car":[],"Recipe":[],"Service":[],"SoftwareApplication":[],"WebPage":[]},"graphName":"Article","isEnabled":true},"graphs":[]},"schema_type":"default","schema_type_options":null,"pillar_content":false,"robots_default":true,"robots_noindex":false,"robots_noarchive":false,"robots_nosnippet":false,"robots_nofollow":false,"robots_noimageindex":false,"robots_noodp":false,"robots_notranslate":false,"robots_max_snippet":"-1","robots_max_videopreview":"-1","robots_max_imagepreview":"large","priority":null,"frequency":"default","local_seo":null,"seo_analyzer_scan_date":"2025-10-08 23:02:30","breadcrumb_settings":null,"limit_modified_date":false,"reviewed_by":null,"open_ai":"{\"title\":{\"suggestions\":[],\"usage\":0},\"description\":{\"suggestions\":[],\"usage\":0}}","ai":null,"created":"2024-09-14 01:54:15","updated":"2026-02-04 13:04:56"},"aioseo_breadcrumb":"<div class=\"aioseo-breadcrumbs\"><span class=\"aioseo-breadcrumb\">\n\t<a href=\"https:\/\/soymigrante.com\/revista\" title=\"Home\">Home<\/a>\n<\/span><span class=\"aioseo-breadcrumb-separator\">\u00bb<\/span><span class=\"aioseo-breadcrumb\">\n\t<a href=\"https:\/\/soymigrante.com\/revista\/category\/exitos\/\" title=\"\u00c9xitos\">\u00c9xitos<\/a>\n<\/span><span class=\"aioseo-breadcrumb-separator\">\u00bb<\/span><span class=\"aioseo-breadcrumb\">\n\tCarlos Horacio D\u00edaz fue pionero en izar la bandera de Guatemala en New Jersey (\u00a1en 1986!) y sigue\n<\/span><\/div>","aioseo_breadcrumb_json":[{"label":"Home","link":"https:\/\/soymigrante.com\/revista"},{"label":"\u00c9xitos","link":"https:\/\/soymigrante.com\/revista\/category\/exitos\/"},{"label":"Carlos Horacio D\u00edaz fue pionero en izar la bandera de Guatemala en New Jersey (\u00a1en 1986!) y sigue","link":"https:\/\/soymigrante.com\/revista\/carlos-horacio-diaz-fue-pionero-en-izar-la-bandera-de-guatemala-en-new-jersey-en-1986\/"}],"_links":{"self":[{"href":"https:\/\/soymigrante.com\/revista\/wp-json\/wp\/v2\/posts\/9283","targetHints":{"allow":["GET"]}}],"collection":[{"href":"https:\/\/soymigrante.com\/revista\/wp-json\/wp\/v2\/posts"}],"about":[{"href":"https:\/\/soymigrante.com\/revista\/wp-json\/wp\/v2\/types\/post"}],"author":[{"embeddable":true,"href":"https:\/\/soymigrante.com\/revista\/wp-json\/wp\/v2\/users\/7"}],"replies":[{"embeddable":true,"href":"https:\/\/soymigrante.com\/revista\/wp-json\/wp\/v2\/comments?post=9283"}],"version-history":[{"count":9,"href":"https:\/\/soymigrante.com\/revista\/wp-json\/wp\/v2\/posts\/9283\/revisions"}],"predecessor-version":[{"id":41719,"href":"https:\/\/soymigrante.com\/revista\/wp-json\/wp\/v2\/posts\/9283\/revisions\/41719"}],"wp:featuredmedia":[{"embeddable":true,"href":"https:\/\/soymigrante.com\/revista\/wp-json\/wp\/v2\/media\/9299"}],"wp:attachment":[{"href":"https:\/\/soymigrante.com\/revista\/wp-json\/wp\/v2\/media?parent=9283"}],"wp:term":[{"taxonomy":"category","embeddable":true,"href":"https:\/\/soymigrante.com\/revista\/wp-json\/wp\/v2\/categories?post=9283"},{"taxonomy":"post_tag","embeddable":true,"href":"https:\/\/soymigrante.com\/revista\/wp-json\/wp\/v2\/tags?post=9283"}],"curies":[{"name":"wp","href":"https:\/\/api.w.org\/{rel}","templated":true}]}}