{"id":9251,"date":"2024-09-20T11:12:45","date_gmt":"2024-09-20T17:12:45","guid":{"rendered":"https:\/\/soymigrante.com\/revista\/?p=9251"},"modified":"2026-03-25T17:54:11","modified_gmt":"2026-03-25T23:54:11","slug":"pueblo-sakapulteko-se-concentro-en-tajul-hace-mil-anos","status":"publish","type":"post","link":"https:\/\/soymigrante.com\/revista\/pueblo-sakapulteko-se-concentro-en-tajul-hace-mil-anos\/","title":{"rendered":"Pueblo Sakapulteko se concentr\u00f3 en la gran Tujaal hace mil a\u00f1os"},"content":{"rendered":"\t\t<div data-elementor-type=\"wp-post\" data-elementor-id=\"9251\" class=\"elementor elementor-9251\" data-elementor-post-type=\"post\">\n\t\t\t\t<div data-particle_enable=\"false\" data-particle-mobile-disabled=\"false\" class=\"elementor-element elementor-element-ed9290d e-flex e-con-boxed e-con e-parent\" data-id=\"ed9290d\" data-element_type=\"container\" data-e-type=\"container\">\n\t\t\t\t\t<div class=\"e-con-inner\">\n\t\t\t\t<div class=\"elementor-element elementor-element-5714213 elementor-widget elementor-widget-heading\" data-id=\"5714213\" data-element_type=\"widget\" data-e-type=\"widget\" data-widget_type=\"heading.default\">\n\t\t\t\t\t<h2 class=\"elementor-heading-title elementor-size-default\">En antiguas pozas de agua caliente de Sacapulas, Quich\u00e9, el sakapulteko se sumerge y se da ba\u00f1os para purificar el cuerpo y el alma, seg\u00fan antiguas creencias. <\/h2>\t\t\t\t<\/div>\n\t\t\t\t\t<\/div>\n\t\t\t\t<\/div>\n\t\t<div data-particle_enable=\"false\" data-particle-mobile-disabled=\"false\" class=\"elementor-element elementor-element-7f10298 e-flex e-con-boxed e-con e-parent\" data-id=\"7f10298\" data-element_type=\"container\" data-e-type=\"container\">\n\t\t\t\t\t<div class=\"e-con-inner\">\n\t\t\t\t<div class=\"elementor-element elementor-element-1c4f1e6 elementor-widget elementor-widget-text-editor\" data-id=\"1c4f1e6\" data-element_type=\"widget\" data-e-type=\"widget\" data-widget_type=\"text-editor.default\">\n\t\t\t\t\t\t\t\t\t<p>El T\u00edtulo de los se\u00f1ores de Sacapulas, cita que el siglo XV, la familia Canil pobl\u00f3 la regi\u00f3n Omuch Ynup y Omuch Kakb\u2019a, cercanas a las costas del mar del Sur en Suchitep\u00e9quez. Pero fueron desplazados de esos territorios y el grupo Canil se traslad\u00f3 a las m\u00e1rgenes del R\u00edo Chixoy.<\/p><p>En la rivera de este r\u00edo exist\u00edan salinas de las cuales los primeros pobladores empezaron a producir sal negra.\u00a0 En las playas del arroyo se encuentra la sal revuelta con tierra, que se limpia con guacaladas de agua, se calienta y se filtra para despu\u00e9s comercializarla.<\/p>\t\t\t\t\t\t\t\t<\/div>\n\t\t\t\t\t<\/div>\n\t\t\t\t<\/div>\n\t\t<div data-particle_enable=\"false\" data-particle-mobile-disabled=\"false\" class=\"elementor-element elementor-element-a6fbfac e-flex e-con-boxed e-con e-parent\" data-id=\"a6fbfac\" data-element_type=\"container\" data-e-type=\"container\">\n\t\t\t\t\t<div class=\"e-con-inner\">\n\t\t\t\t<div class=\"elementor-element elementor-element-8eec575 elementor-widget elementor-widget-html\" data-id=\"8eec575\" data-element_type=\"widget\" data-e-type=\"widget\" data-widget_type=\"html.default\">\n\t\t\t\t\t<iframe width=\"560\" height=\"415\" src=\"https:\/\/www.youtube.com\/embed\/Z5wTYanZXHo?si=1JKy-5IG9cLxCGA_\" title=\"YouTube video player\" frameborder=\"0\" allow=\"accelerometer; autoplay; clipboard-write; encrypted-media; gyroscope; picture-in-picture; web-share\" referrerpolicy=\"strict-origin-when-cross-origin\" allowfullscreen><\/iframe>\t\t\t\t<\/div>\n\t\t\t\t\t<\/div>\n\t\t\t\t<\/div>\n\t\t<div data-particle_enable=\"false\" data-particle-mobile-disabled=\"false\" class=\"elementor-element elementor-element-27ce5b2 e-flex e-con-boxed e-con e-parent\" data-id=\"27ce5b2\" data-element_type=\"container\" data-e-type=\"container\">\n\t\t\t\t\t<div class=\"e-con-inner\">\n\t\t\t\t<div class=\"elementor-element elementor-element-8a6bff1 elementor-widget elementor-widget-heading\" data-id=\"8a6bff1\" data-element_type=\"widget\" data-e-type=\"widget\" data-widget_type=\"heading.default\">\n\t\t\t\t\t<h3 class=\"elementor-heading-title elementor-size-default\">Ra\u00edces muy antiguas<\/h3>\t\t\t\t<\/div>\n\t\t\t\t\t<\/div>\n\t\t\t\t<\/div>\n\t\t<div data-particle_enable=\"false\" data-particle-mobile-disabled=\"false\" class=\"elementor-element elementor-element-8aa83af e-flex e-con-boxed e-con e-parent\" data-id=\"8aa83af\" data-element_type=\"container\" data-e-type=\"container\">\n\t\t\t\t\t<div class=\"e-con-inner\">\n\t\t\t\t<div class=\"elementor-element elementor-element-ff953f7 elementor-widget elementor-widget-text-editor\" data-id=\"ff953f7\" data-element_type=\"widget\" data-e-type=\"widget\" data-widget_type=\"text-editor.default\">\n\t\t\t\t\t\t\t\t\t<p>El T\u00edtulo de Sacapulas, cita la comunidad de Tujaal (Sacapulas) estaba organizada en cuatro parcialidades: San Francisco, Santiago y San Sebasti\u00e1n, San Pedro y Santo Tom\u00e1s. En la actualidad la poblaci\u00f3n est\u00e1 dividida en aldeas, caser\u00edos y parajes. Desde la \u00e9poca precolombina la elaboraci\u00f3n de sal negra ha sido importante para la poblaci\u00f3n por su uso ceremonial y curativo.\u00a0 Actualmente, se vende en Quich\u00e9 y departamentos cercanos.<\/p>\n<p>En septiembre de 1949 el r\u00edo Negro o Chixoy como consecuencia de las lluvias subi\u00f3 en creciente y deposit\u00f3 miles de toneladas de rocas y arena y soterr\u00f3 la planicie de la ribera en\u00a0 la que se produc\u00eda sal. Actualmente, aun algunas familias trabajan para obtener sal en la temporada seca y de altas temperaturas.<\/p>\t\t\t\t\t\t\t\t<\/div>\n\t\t\t\t\t<\/div>\n\t\t\t\t<\/div>\n\t\t<div data-particle_enable=\"false\" data-particle-mobile-disabled=\"false\" class=\"elementor-element elementor-element-696cdfd e-flex e-con-boxed e-con e-parent\" data-id=\"696cdfd\" data-element_type=\"container\" data-e-type=\"container\">\n\t\t\t\t\t<div class=\"e-con-inner\">\n\t\t\t\t<div class=\"elementor-element elementor-element-db707fd elementor-widget elementor-widget-html\" data-id=\"db707fd\" data-element_type=\"widget\" data-e-type=\"widget\" data-widget_type=\"html.default\">\n\t\t\t\t\t<iframe width=\"560\" height=\"415\" src=\"https:\/\/www.youtube.com\/embed\/DTbeind8cgU?si=onxpgDGmR4YoI8GR\" title=\"YouTube video player\" frameborder=\"0\" allow=\"accelerometer; autoplay; clipboard-write; encrypted-media; gyroscope; picture-in-picture; web-share\" referrerpolicy=\"strict-origin-when-cross-origin\" allowfullscreen><\/iframe>\t\t\t\t<\/div>\n\t\t\t\t\t<\/div>\n\t\t\t\t<\/div>\n\t\t<div data-particle_enable=\"false\" data-particle-mobile-disabled=\"false\" class=\"elementor-element elementor-element-0f00778 e-flex e-con-boxed e-con e-parent\" data-id=\"0f00778\" data-element_type=\"container\" data-e-type=\"container\">\n\t\t\t\t\t<div class=\"e-con-inner\">\n\t\t\t\t<div class=\"elementor-element elementor-element-54b8743 elementor-widget elementor-widget-heading\" data-id=\"54b8743\" data-element_type=\"widget\" data-e-type=\"widget\" data-widget_type=\"heading.default\">\n\t\t\t\t\t<h3 class=\"elementor-heading-title elementor-size-default\">Poblaci\u00f3n  y territorio Sakapulteko<\/h3>\t\t\t\t<\/div>\n\t\t\t\t\t<\/div>\n\t\t\t\t<\/div>\n\t\t<div data-particle_enable=\"false\" data-particle-mobile-disabled=\"false\" class=\"elementor-element elementor-element-4bd1dbb e-flex e-con-boxed e-con e-parent\" data-id=\"4bd1dbb\" data-element_type=\"container\" data-e-type=\"container\">\n\t\t\t\t\t<div class=\"e-con-inner\">\n\t\t\t\t<div class=\"elementor-element elementor-element-db89bd3 elementor-widget elementor-widget-text-editor\" data-id=\"db89bd3\" data-element_type=\"widget\" data-e-type=\"widget\" data-widget_type=\"text-editor.default\">\n\t\t\t\t\t\t\t\t\t<p>La comunidad Sakapulteka se ubica en el\u00a0 municipio de Sacapulas, departamento de Quich\u00e9.<\/p><ul><li>Ocupa una extensi\u00f3n territorial de 213 kil\u00f3metros cuadrados (Fuente: Diccionario Municipal de Guatemala. C\u00edvica-Comodes)<\/li><li>Poblaci\u00f3n aproximada: 12,938 habitantes. (FUENTE: <strong>INE<\/strong>. XII Censo Nacional de Poblaci\u00f3n y VII de Vivienda. 2018. (<a href=\"http:\/\/www.ine.gob.gt\" target=\"_blank\" rel=\"noopener\">ine.gob.gt<\/a>)<\/li><li>En Estados Unidos no se registra presencia de la comunidad Sakapulteka, seg\u00fan los Servicios Consulares. MINEX 2024.<\/li><\/ul>\t\t\t\t\t\t\t\t<\/div>\n\t\t\t\t\t<\/div>\n\t\t\t\t<\/div>\n\t\t<div data-particle_enable=\"false\" data-particle-mobile-disabled=\"false\" class=\"elementor-element elementor-element-38182f5 e-flex e-con-boxed e-con e-parent\" data-id=\"38182f5\" data-element_type=\"container\" data-e-type=\"container\">\n\t\t\t\t\t<div class=\"e-con-inner\">\n\t\t\t\t<div class=\"elementor-element elementor-element-2b058d9 elementor-widget elementor-widget-image\" data-id=\"2b058d9\" data-element_type=\"widget\" data-e-type=\"widget\" data-widget_type=\"image.default\">\n\t\t\t\t\t\t\t\t\t\t\t\t\t\t\t<img fetchpriority=\"high\" decoding=\"async\" width=\"643\" height=\"629\" src=\"https:\/\/soymigrante.com\/revista\/wp-content\/uploads\/2024\/09\/Mapa-linguistico-Sacapulteco-Min-Educ-Digebi.webp\" class=\"attachment-large size-large wp-image-9258\" alt=\"Alta Verapaz, mapa de Guatemala con divisi\u00f3n de regiones y nombres de municipios, ilustraci\u00f3n de la diversidad cultural y geogr\u00e1fica del departamento, y referencias a idiomas y comunidades ind\u00edgenas, relevante para entender la regi\u00f3n.\" srcset=\"https:\/\/soymigrante.com\/revista\/wp-content\/uploads\/2024\/09\/Mapa-linguistico-Sacapulteco-Min-Educ-Digebi.webp 643w, https:\/\/soymigrante.com\/revista\/wp-content\/uploads\/2024\/09\/Mapa-linguistico-Sacapulteco-Min-Educ-Digebi-300x293.webp 300w\" sizes=\"(max-width: 643px) 100vw, 643px\" title=\"Mapa lingu\u0308i\u0301stico Sacapulteco Min Educ Digebi \u2013 SoyMigrante.com REVISTA\" \/>\t\t\t\t\t\t\t\t\t\t\t\t\t\t\t<\/div>\n\t\t\t\t\t<\/div>\n\t\t\t\t<\/div>\n\t\t<div data-particle_enable=\"false\" data-particle-mobile-disabled=\"false\" class=\"elementor-element elementor-element-0927f05 e-flex e-con-boxed e-con e-parent\" data-id=\"0927f05\" data-element_type=\"container\" data-e-type=\"container\">\n\t\t\t\t\t<div class=\"e-con-inner\">\n\t\t\t\t<div class=\"elementor-element elementor-element-182892c elementor-widget elementor-widget-heading\" data-id=\"182892c\" data-element_type=\"widget\" data-e-type=\"widget\" data-widget_type=\"heading.default\">\n\t\t\t\t\t<h3 class=\"elementor-heading-title elementor-size-default\">Los Sakapulteko habitaron la antigua Tujaal<\/h3>\t\t\t\t<\/div>\n\t\t\t\t\t<\/div>\n\t\t\t\t<\/div>\n\t\t<div data-particle_enable=\"false\" data-particle-mobile-disabled=\"false\" class=\"elementor-element elementor-element-f3f41c3 e-flex e-con-boxed e-con e-parent\" data-id=\"f3f41c3\" data-element_type=\"container\" data-e-type=\"container\">\n\t\t\t\t\t<div class=\"e-con-inner\">\n\t\t\t\t<div class=\"elementor-element elementor-element-e039457 elementor-widget elementor-widget-text-editor\" data-id=\"e039457\" data-element_type=\"widget\" data-e-type=\"widget\" data-widget_type=\"text-editor.default\">\n\t\t\t\t\t\t\t\t\t<p>Los antiguos t\u00edtulos de Chalchit\u00e1n y Aguacat\u00e1n, citan que la primitiva Sacapulas fue conocida con los nombres de Tujaal y Lamak, situada a unos 22 kil\u00f3metros al oeste de Cun\u00e9n y a 28 del lugar llamado Magdalena.\u00a0\u00a0\u00a0<\/p>\n<p>Como consecuencia de guerras con los pueblos llamados \u201cde la Sierra\u201d y otras calamidades Magdalena se destruy\u00f3 y los habitantes se dividieron, unos emigraron a Chalchit\u00e1n, otros a Cun\u00e9n y Uspant\u00e1n y otros fundaron la nueva Sacapulas.<\/p>\n<p>\u00a0<\/p>\n<p>Seg\u00fan Adri\u00e1n Recinos, traductor del Popol Vuh, al espa\u00f1ol, el nombre original de la comunidad Sakapulteka era Yujalja\u2019, de origen prehisp\u00e1nico Quich\u00e9.\u00a0\u00a0<\/p>\n<p>Otros indican que la palabra Sacapulas o Sakpulja\u2019, es de origen tlascalteca y est\u00e1\u00a0 formada por tres t\u00e9rminos: Sak = Claro, blanco; Pu = hervir, y A o a\u00b4= agua, lo que significar\u00eda \u201cAgua clara que hierve\u201d. Por parte se dice que Tujal es de origen k\u2019iche\u2019, formado por los t\u00e9rminos Tuj = temascal y Jal = mazorca de ma\u00edz, que significar\u00eda \u201cMazorca de tierra caliente o de temascal.\u00a0<\/p>\t\t\t\t\t\t\t\t<\/div>\n\t\t\t\t\t<\/div>\n\t\t\t\t<\/div>\n\t\t<div data-particle_enable=\"false\" data-particle-mobile-disabled=\"false\" class=\"elementor-element elementor-element-dfcda64 e-flex e-con-boxed e-con e-parent\" data-id=\"dfcda64\" data-element_type=\"container\" data-e-type=\"container\">\n\t\t\t\t\t<div class=\"e-con-inner\">\n\t\t\t\t<div class=\"elementor-element elementor-element-c23b009 elementor-widget elementor-widget-html\" data-id=\"c23b009\" data-element_type=\"widget\" data-e-type=\"widget\" data-widget_type=\"html.default\">\n\t\t\t\t\t<iframe width=\"560\" height=\"415\" src=\"https:\/\/www.youtube.com\/embed\/W84rOMi30xE?si=yoe3IqYIA_ilL3lI&amp;start=107\" title=\"YouTube video player\" frameborder=\"0\" allow=\"accelerometer; autoplay; clipboard-write; encrypted-media; gyroscope; picture-in-picture; web-share\" referrerpolicy=\"strict-origin-when-cross-origin\" allowfullscreen><\/iframe>\t\t\t\t<\/div>\n\t\t\t\t\t<\/div>\n\t\t\t\t<\/div>\n\t\t<div data-particle_enable=\"false\" data-particle-mobile-disabled=\"false\" class=\"elementor-element elementor-element-48fa852 e-flex e-con-boxed e-con e-parent\" data-id=\"48fa852\" data-element_type=\"container\" data-e-type=\"container\">\n\t\t\t\t\t<div class=\"e-con-inner\">\n\t\t\t\t<div class=\"elementor-element elementor-element-e1bdc70 elementor-widget elementor-widget-heading\" data-id=\"e1bdc70\" data-element_type=\"widget\" data-e-type=\"widget\" data-widget_type=\"heading.default\">\n\t\t\t\t\t<h3 class=\"elementor-heading-title elementor-size-default\">Indumentaria tradicional<\/h3>\t\t\t\t<\/div>\n\t\t\t\t\t<\/div>\n\t\t\t\t<\/div>\n\t\t<div data-particle_enable=\"false\" data-particle-mobile-disabled=\"false\" class=\"elementor-element elementor-element-bf88202 e-flex e-con-boxed e-con e-parent\" data-id=\"bf88202\" data-element_type=\"container\" data-e-type=\"container\">\n\t\t\t\t\t<div class=\"e-con-inner\">\n\t\t\t\t<div class=\"elementor-element elementor-element-26bcc6f elementor-widget elementor-widget-text-editor\" data-id=\"26bcc6f\" data-element_type=\"widget\" data-e-type=\"widget\" data-widget_type=\"text-editor.default\">\n\t\t\t\t\t\t\t\t\t<p>El hombre sakapulteko pr\u00e1cticamente ya no utiliza el traje tradicional maya. Ahora viste pantal\u00f3n y camisa de fabricaci\u00f3n industrial de la moda actual. La indumentaria tradicional sakapulteka fue cayendo en desuso por causas como la discriminaci\u00f3n \u00e9tnica, servicio militar, migraci\u00f3n, alto costo de la indumentaria y tiempo invertido en elaborarla.<\/p>\t\t\t\t\t\t\t\t<\/div>\n\t\t\t\t\t<\/div>\n\t\t\t\t<\/div>\n\t\t<div data-particle_enable=\"false\" data-particle-mobile-disabled=\"false\" class=\"elementor-element elementor-element-01f2993 e-flex e-con-boxed e-con e-parent\" data-id=\"01f2993\" data-element_type=\"container\" data-e-type=\"container\">\n\t\t\t\t\t<div class=\"e-con-inner\">\n\t\t\t\t<div class=\"elementor-element elementor-element-b719bb2 elementor-widget elementor-widget-image\" data-id=\"b719bb2\" data-element_type=\"widget\" data-e-type=\"widget\" data-widget_type=\"image.default\">\n\t\t\t\t\t\t\t\t\t\t\t\t\t\t\t<img decoding=\"async\" width=\"727\" height=\"1024\" src=\"https:\/\/soymigrante.com\/revista\/wp-content\/uploads\/2024\/09\/foto-1-SACAPULAS-727x1024.webp\" class=\"attachment-large size-large wp-image-9259\" alt=\"Rostro de alegr\u00eda y tradici\u00f3n en procesi\u00f3n cultural en M\u00e9xico, con participantes llevando una imagen religiosa sobre un carrete con fondo natural.\" srcset=\"https:\/\/soymigrante.com\/revista\/wp-content\/uploads\/2024\/09\/foto-1-SACAPULAS-727x1024.webp 727w, https:\/\/soymigrante.com\/revista\/wp-content\/uploads\/2024\/09\/foto-1-SACAPULAS-213x300.webp 213w, https:\/\/soymigrante.com\/revista\/wp-content\/uploads\/2024\/09\/foto-1-SACAPULAS-768x1081.webp 768w, https:\/\/soymigrante.com\/revista\/wp-content\/uploads\/2024\/09\/foto-1-SACAPULAS-1091x1536.webp 1091w, https:\/\/soymigrante.com\/revista\/wp-content\/uploads\/2024\/09\/foto-1-SACAPULAS-scaled.webp 1364w, https:\/\/soymigrante.com\/revista\/wp-content\/uploads\/2024\/09\/foto-1-SACAPULAS-750x1056.webp 750w, https:\/\/soymigrante.com\/revista\/wp-content\/uploads\/2024\/09\/foto-1-SACAPULAS-1140x1605.webp 1140w\" sizes=\"(max-width: 727px) 100vw, 727px\" title=\"SACAPULAS \u2013 SoyMigrante.com REVISTA\" \/>\t\t\t\t\t\t\t\t\t\t\t\t\t\t\t<\/div>\n\t\t\t\t\t<\/div>\n\t\t\t\t<\/div>\n\t\t<div data-particle_enable=\"false\" data-particle-mobile-disabled=\"false\" class=\"elementor-element elementor-element-1ef1246 e-flex e-con-boxed e-con e-parent\" data-id=\"1ef1246\" data-element_type=\"container\" data-e-type=\"container\">\n\t\t\t\t\t<div class=\"e-con-inner\">\n\t\t\t\t<div class=\"elementor-element elementor-element-bdcd872 elementor-widget elementor-widget-heading\" data-id=\"bdcd872\" data-element_type=\"widget\" data-e-type=\"widget\" data-widget_type=\"heading.default\">\n\t\t\t\t\t<h3 class=\"elementor-heading-title elementor-size-default\">Indumentaria tradicional de la mujer Sakapulteka<\/h3>\t\t\t\t<\/div>\n\t\t\t\t\t<\/div>\n\t\t\t\t<\/div>\n\t\t<div data-particle_enable=\"false\" data-particle-mobile-disabled=\"false\" class=\"elementor-element elementor-element-b07d926 e-flex e-con-boxed e-con e-parent\" data-id=\"b07d926\" data-element_type=\"container\" data-e-type=\"container\">\n\t\t\t\t\t<div class=\"e-con-inner\">\n\t\t\t\t<div class=\"elementor-element elementor-element-540ba55 elementor-widget elementor-widget-text-editor\" data-id=\"540ba55\" data-element_type=\"widget\" data-e-type=\"widget\" data-widget_type=\"text-editor.default\">\n\t\t\t\t\t\t\t\t\t<p>Existen personas que elaboran prendas como el corte que es tejido en telar grande y comercializado en la misma poblaci\u00f3n.\u00a0 En el caso del huipil ceremonial (kyaq parq\u2019ab),\u00a0 servilleta ceremonial (kyaq so\u2019t); cinta para el cabello (yach\u2019 b\u2019al we\u2019) y fajas de colores (paas) no son comercializadas sino elaborados \u00fanicamente para el uso familiar y\u00a0 ceremonial.<\/p>\t\t\t\t\t\t\t\t<\/div>\n\t\t\t\t\t<\/div>\n\t\t\t\t<\/div>\n\t\t<div data-particle_enable=\"false\" data-particle-mobile-disabled=\"false\" class=\"elementor-element elementor-element-00ee5bc e-flex e-con-boxed e-con e-parent\" data-id=\"00ee5bc\" data-element_type=\"container\" data-e-type=\"container\">\n\t\t\t\t\t<div class=\"e-con-inner\">\n\t\t\t\t<div class=\"elementor-element elementor-element-f695b14 elementor-widget elementor-widget-image\" data-id=\"f695b14\" data-element_type=\"widget\" data-e-type=\"widget\" data-widget_type=\"image.default\">\n\t\t\t\t\t\t\t\t\t\t\t\t\t\t\t<img decoding=\"async\" width=\"751\" height=\"1024\" src=\"https:\/\/soymigrante.com\/revista\/wp-content\/uploads\/2024\/09\/Foto-2-Sakapulteka-Carmen-Peterssen-751x1024.webp\" class=\"attachment-large size-large wp-image-9260\" alt=\"Anciana ind\u00edgena con ni\u00f1os, celebrando un ritual en una iglesia, representando culturas y tradiciones en contexto de migraci\u00f3n y comunidad.\" srcset=\"https:\/\/soymigrante.com\/revista\/wp-content\/uploads\/2024\/09\/Foto-2-Sakapulteka-Carmen-Peterssen-751x1024.webp 751w, https:\/\/soymigrante.com\/revista\/wp-content\/uploads\/2024\/09\/Foto-2-Sakapulteka-Carmen-Peterssen-220x300.webp 220w, https:\/\/soymigrante.com\/revista\/wp-content\/uploads\/2024\/09\/Foto-2-Sakapulteka-Carmen-Peterssen-768x1047.webp 768w, https:\/\/soymigrante.com\/revista\/wp-content\/uploads\/2024\/09\/Foto-2-Sakapulteka-Carmen-Peterssen-1127x1536.webp 1127w, https:\/\/soymigrante.com\/revista\/wp-content\/uploads\/2024\/09\/Foto-2-Sakapulteka-Carmen-Peterssen-1502x2048.webp 1408w, https:\/\/soymigrante.com\/revista\/wp-content\/uploads\/2024\/09\/Foto-2-Sakapulteka-Carmen-Peterssen-750x1022.webp 750w, https:\/\/soymigrante.com\/revista\/wp-content\/uploads\/2024\/09\/Foto-2-Sakapulteka-Carmen-Peterssen-1140x1554.webp 1140w, https:\/\/soymigrante.com\/revista\/wp-content\/uploads\/2024\/09\/Foto-2-Sakapulteka-Carmen-Peterssen-scaled.webp 1409w\" sizes=\"(max-width: 751px) 100vw, 751px\" title=\"Foto 2 Sakapulteka - Carmen Peterssen \u2013 SoyMigrante.com REVISTA\" \/>\t\t\t\t\t\t\t\t\t\t\t\t\t\t\t<\/div>\n\t\t\t\t\t<\/div>\n\t\t\t\t<\/div>\n\t\t<div data-particle_enable=\"false\" data-particle-mobile-disabled=\"false\" class=\"elementor-element elementor-element-5ada501 e-flex e-con-boxed e-con e-parent\" data-id=\"5ada501\" data-element_type=\"container\" data-e-type=\"container\">\n\t\t\t\t\t<div class=\"e-con-inner\">\n\t\t\t\t<div class=\"elementor-element elementor-element-b11152f elementor-widget elementor-widget-text-editor\" data-id=\"b11152f\" data-element_type=\"widget\" data-e-type=\"widget\" data-widget_type=\"text-editor.default\">\n\t\t\t\t\t\t\t\t\t<p>El traje de la mujer se compone de: huipil y corte (especie de falda). Tradicionalmente este era de color rojo obscuro con rayas blancas, actualmente el dise\u00f1o es de bandas jaspeadas anchas y angostas de diversos colores. Se elaboran de hilo de seda o lana en telar llamado de cuatro arneses, operados en peque\u00f1os talleres artesanales de Totonicap\u00e1n y Quetzaltenango, aunque \u00faltimamente tambi\u00e9n se confeccionan en Sacapulas.<\/p>\t\t\t\t\t\t\t\t<\/div>\n\t\t\t\t\t<\/div>\n\t\t\t\t<\/div>\n\t\t<div data-particle_enable=\"false\" data-particle-mobile-disabled=\"false\" class=\"elementor-element elementor-element-5052eea e-flex e-con-boxed e-con e-parent\" data-id=\"5052eea\" data-element_type=\"container\" data-e-type=\"container\">\n\t\t\t\t\t<div class=\"e-con-inner\">\n\t\t\t\t<div class=\"elementor-element elementor-element-90aa017 elementor-widget elementor-widget-html\" data-id=\"90aa017\" data-element_type=\"widget\" data-e-type=\"widget\" data-widget_type=\"html.default\">\n\t\t\t\t\t<iframe width=\"560\" height=\"415\" src=\"https:\/\/www.youtube.com\/embed\/9rtgg6PpLjY?si=Q5VhSrexyEnUDaHB&amp;start=95\" title=\"YouTube video player\" frameborder=\"0\" allow=\"accelerometer; autoplay; clipboard-write; encrypted-media; gyroscope; picture-in-picture; web-share\" referrerpolicy=\"strict-origin-when-cross-origin\" allowfullscreen><\/iframe>\t\t\t\t<\/div>\n\t\t\t\t\t<\/div>\n\t\t\t\t<\/div>\n\t\t<div data-particle_enable=\"false\" data-particle-mobile-disabled=\"false\" class=\"elementor-element elementor-element-ede1a7f e-flex e-con-boxed e-con e-parent\" data-id=\"ede1a7f\" data-element_type=\"container\" data-e-type=\"container\">\n\t\t\t\t\t<div class=\"e-con-inner\">\n\t\t\t\t<div class=\"elementor-element elementor-element-201baf6 elementor-widget elementor-widget-text-editor\" data-id=\"201baf6\" data-element_type=\"widget\" data-e-type=\"widget\" data-widget_type=\"text-editor.default\">\n\t\t\t\t\t\t\t\t\t<p>Existe el huipil de uso diario y ceremonial. \u00a0Antiguamente las mujeres tej\u00edan su propio huipil con hilo de algod\u00f3n. Lo adornaban con figuras brocadas, de aves, venados, cerros y flores elementos de la cosmovisi\u00f3n maya.\u00a0 Actualmente el huipil de uso diario es corto en relaci\u00f3n al usado en otras comunidad mayas, queda fuera del corte. Se elabora en telas blancas (muselina, tul, terciopelo, dacr\u00f3n y otras), adornado con encajes que terminan en picos. El cuello es redondo, el escote tiene tri\u00e1ngulos de tela negra. La parte de la espalda posee varios pliegues.<\/p>\t\t\t\t\t\t\t\t<\/div>\n\t\t\t\t\t<\/div>\n\t\t\t\t<\/div>\n\t\t<div data-particle_enable=\"false\" data-particle-mobile-disabled=\"false\" class=\"elementor-element elementor-element-f0b5ac7 e-flex e-con-boxed e-con e-parent\" data-id=\"f0b5ac7\" data-element_type=\"container\" data-e-type=\"container\">\n\t\t\t\t\t<div class=\"e-con-inner\">\n\t\t\t\t<div class=\"elementor-element elementor-element-6609136 elementor-widget elementor-widget-image\" data-id=\"6609136\" data-element_type=\"widget\" data-e-type=\"widget\" data-widget_type=\"image.default\">\n\t\t\t\t\t\t\t\t\t\t\t\t\t\t\t<img loading=\"lazy\" decoding=\"async\" width=\"1024\" height=\"722\" src=\"https:\/\/soymigrante.com\/revista\/wp-content\/uploads\/2024\/09\/Foto-3-SACAPULAS-1024x722.webp\" class=\"attachment-large size-large wp-image-9261\" alt=\"Rostros de migrantes guatemaltecos en celebraci\u00f3n tradicional, mostrando adornos t\u00edpicos y ofrendas florales en un evento cultural y religioso con significado profundo.\" srcset=\"https:\/\/soymigrante.com\/revista\/wp-content\/uploads\/2024\/09\/Foto-3-SACAPULAS-1024x722.webp 1024w, https:\/\/soymigrante.com\/revista\/wp-content\/uploads\/2024\/09\/Foto-3-SACAPULAS-300x212.webp 300w, https:\/\/soymigrante.com\/revista\/wp-content\/uploads\/2024\/09\/Foto-3-SACAPULAS-768x542.webp 768w, https:\/\/soymigrante.com\/revista\/wp-content\/uploads\/2024\/09\/Foto-3-SACAPULAS-1536x1083.webp 1536w, https:\/\/soymigrante.com\/revista\/wp-content\/uploads\/2024\/09\/Foto-3-SACAPULAS-scaled.webp 1920w, https:\/\/soymigrante.com\/revista\/wp-content\/uploads\/2024\/09\/Foto-3-SACAPULAS-120x86.webp 120w, https:\/\/soymigrante.com\/revista\/wp-content\/uploads\/2024\/09\/Foto-3-SACAPULAS-750x529.webp 750w, https:\/\/soymigrante.com\/revista\/wp-content\/uploads\/2024\/09\/Foto-3-SACAPULAS-1140x804.webp 1140w\" sizes=\"(max-width: 1024px) 100vw, 1024px\" title=\"SACAPULAS \u2013 SoyMigrante.com REVISTA\" \/>\t\t\t\t\t\t\t\t\t\t\t\t\t\t\t<\/div>\n\t\t\t\t\t<\/div>\n\t\t\t\t<\/div>\n\t\t<div data-particle_enable=\"false\" data-particle-mobile-disabled=\"false\" class=\"elementor-element elementor-element-38fab06 e-flex e-con-boxed e-con e-parent\" data-id=\"38fab06\" data-element_type=\"container\" data-e-type=\"container\">\n\t\t\t\t\t<div class=\"e-con-inner\">\n\t\t\t\t<div class=\"elementor-element elementor-element-9aca022 elementor-widget elementor-widget-heading\" data-id=\"9aca022\" data-element_type=\"widget\" data-e-type=\"widget\" data-widget_type=\"heading.default\">\n\t\t\t\t\t<h3 class=\"elementor-heading-title elementor-size-default\">En ocasiones solemntes de pueblo Sakapulteko<\/h3>\t\t\t\t<\/div>\n\t\t\t\t\t<\/div>\n\t\t\t\t<\/div>\n\t\t<div data-particle_enable=\"false\" data-particle-mobile-disabled=\"false\" class=\"elementor-element elementor-element-27d8f81 e-flex e-con-boxed e-con e-parent\" data-id=\"27d8f81\" data-element_type=\"container\" data-e-type=\"container\">\n\t\t\t\t\t<div class=\"e-con-inner\">\n\t\t\t\t<div class=\"elementor-element elementor-element-ec23119 elementor-widget elementor-widget-text-editor\" data-id=\"ec23119\" data-element_type=\"widget\" data-e-type=\"widget\" data-widget_type=\"text-editor.default\">\n\t\t\t\t\t\t\t\t\t<p>El huipil ceremonial, se usa en ocasiones como la pedida de una novia, bautismos, matrimonios y en los rituales de cofrad\u00edas. Consiste en tres piezas de fondo blanco. La pieza del centro contienes brocados de figuras geom\u00e9tricas, en el cuello tiene una sobretela con adornos hechos con puntadas.<\/p><p>\u00a0<\/p><p>El tocado es una cinta que las mujeres colocan en la cabeza. Existen dos estilos: uno consiste en un list\u00f3n tejido a mano, de tres varas y medio de largo y tres pulgadas de ancho. Tiene orillas blancas, y en los extremos borlas de colores amarillo, verde y rojo. La\u00a0 otra cinta es de seda o algod\u00f3n, con l\u00edneas transversales y brocados de formas geom\u00e9tricas.\u00a0\u00a0 Ambas cintas se trenzan al cabello para despu\u00e9s enrollarlas alrededor de las cabeza y lograr un mo\u00f1o al frente que se ve elegante y de muchha identidad.\u00a0 El perraje, es un lienzo jaspeado manufacturado en San Pedro la Laguna, Solol\u00e1. Las mujeres usan esta pieza para cubrirse la cabeza en actos especiales o protegerse del sol. \u00a0<\/p>\t\t\t\t\t\t\t\t<\/div>\n\t\t\t\t\t<\/div>\n\t\t\t\t<\/div>\n\t\t<div data-particle_enable=\"false\" data-particle-mobile-disabled=\"false\" class=\"elementor-element elementor-element-d1182e3 e-flex e-con-boxed e-con e-parent\" data-id=\"d1182e3\" data-element_type=\"container\" data-e-type=\"container\">\n\t\t\t\t\t<div class=\"e-con-inner\">\n\t\t\t\t<div class=\"elementor-element elementor-element-f3a3cf9 elementor-widget elementor-widget-image\" data-id=\"f3a3cf9\" data-element_type=\"widget\" data-e-type=\"widget\" data-widget_type=\"image.default\">\n\t\t\t\t\t\t\t\t\t\t\t\t\t\t\t<img loading=\"lazy\" decoding=\"async\" width=\"1024\" height=\"703\" src=\"https:\/\/soymigrante.com\/revista\/wp-content\/uploads\/2024\/09\/foto-4-SACAPULAS-1024x703.webp\" class=\"attachment-large size-large wp-image-9262\" alt=\"Coloquio de festividades tradicionales en M\u00e9xico con im\u00e1genes de m\u00fasica, trajes t\u00edpicos y ceremonias religiosas para promover cultura y migraci\u00f3n en Revista SoyMigrante.com REVISTA.\" srcset=\"https:\/\/soymigrante.com\/revista\/wp-content\/uploads\/2024\/09\/foto-4-SACAPULAS-1024x703.webp 1024w, https:\/\/soymigrante.com\/revista\/wp-content\/uploads\/2024\/09\/foto-4-SACAPULAS-300x206.webp 300w, https:\/\/soymigrante.com\/revista\/wp-content\/uploads\/2024\/09\/foto-4-SACAPULAS-768x527.webp 768w, https:\/\/soymigrante.com\/revista\/wp-content\/uploads\/2024\/09\/foto-4-SACAPULAS-1536x1054.webp 1536w, https:\/\/soymigrante.com\/revista\/wp-content\/uploads\/2024\/09\/foto-4-SACAPULAS-scaled.webp 1920w, https:\/\/soymigrante.com\/revista\/wp-content\/uploads\/2024\/09\/foto-4-SACAPULAS-750x515.webp 750w, https:\/\/soymigrante.com\/revista\/wp-content\/uploads\/2024\/09\/foto-4-SACAPULAS-1140x783.webp 1140w\" sizes=\"(max-width: 1024px) 100vw, 1024px\" title=\"SACAPULAS \u2013 SoyMigrante.com REVISTA\" \/>\t\t\t\t\t\t\t\t\t\t\t\t\t\t\t<\/div>\n\t\t\t\t\t<\/div>\n\t\t\t\t<\/div>\n\t\t<div data-particle_enable=\"false\" data-particle-mobile-disabled=\"false\" class=\"elementor-element elementor-element-39bc3a3 e-flex e-con-boxed e-con e-parent\" data-id=\"39bc3a3\" data-element_type=\"container\" data-e-type=\"container\">\n\t\t\t\t\t<div class=\"e-con-inner\">\n\t\t\t\t<div class=\"elementor-element elementor-element-560d821 elementor-widget elementor-widget-heading\" data-id=\"560d821\" data-element_type=\"widget\" data-e-type=\"widget\" data-widget_type=\"heading.default\">\n\t\t\t\t\t<h3 class=\"elementor-heading-title elementor-size-default\">Valores, tradici\u00f3n y cosmovisi\u00f3n<\/h3>\t\t\t\t<\/div>\n\t\t\t\t\t<\/div>\n\t\t\t\t<\/div>\n\t\t<div data-particle_enable=\"false\" data-particle-mobile-disabled=\"false\" class=\"elementor-element elementor-element-7fb88c2 e-flex e-con-boxed e-con e-parent\" data-id=\"7fb88c2\" data-element_type=\"container\" data-e-type=\"container\">\n\t\t\t\t\t<div class=\"e-con-inner\">\n\t\t\t\t<div class=\"elementor-element elementor-element-9791f37 elementor-widget elementor-widget-text-editor\" data-id=\"9791f37\" data-element_type=\"widget\" data-e-type=\"widget\" data-widget_type=\"text-editor.default\">\n\t\t\t\t\t\t\t\t\t<p>Antiguamente los ancianos narraban, en sus tiempos libres, historias relacionadas con el origen de las comunidades, hechos vividos, experiencias para enfrentar situaciones de vida, c\u00f3mo viv\u00edan los antepasados y relatos mitol\u00f3gicos de cerros, caminos, r\u00edos y parajes.\u00a0 Todo esto ha quedado rezagado por la imposici\u00f3n de culturas extranjeras en los medios de comunicaci\u00f3n masivos.<\/p><p>\u00a0<\/p><p>Al nacer un ni\u00f1o, se le aproximaba a sus peque\u00f1as manos, un machete y se colocaba un pu\u00f1ito de granos de ma\u00edz debajo de la almohada con la creencia de que al ser adulto fuera padre y trabajador responsable. Si es era ni\u00f1a, se le colocaban a su alrededor, la piedra de moler, tinaja e instrumentos de tejer, la creencia y deseo era que al ser mujer desempe\u00f1ara adecuadamente las responsabilidades de madre y ama de casa.<\/p>\t\t\t\t\t\t\t\t<\/div>\n\t\t\t\t\t<\/div>\n\t\t\t\t<\/div>\n\t\t<div data-particle_enable=\"false\" data-particle-mobile-disabled=\"false\" class=\"elementor-element elementor-element-e8710e2 e-flex e-con-boxed e-con e-parent\" data-id=\"e8710e2\" data-element_type=\"container\" data-e-type=\"container\">\n\t\t\t\t\t<div class=\"e-con-inner\">\n\t\t\t\t<div class=\"elementor-element elementor-element-03162fe elementor-widget elementor-widget-html\" data-id=\"03162fe\" data-element_type=\"widget\" data-e-type=\"widget\" data-widget_type=\"html.default\">\n\t\t\t\t\t<iframe width=\"560\" height=\"415\" src=\"https:\/\/www.youtube.com\/embed\/6ZClBj6uFkY?si=pHTVRw3ukK0JG_3U&amp;start=95\" title=\"YouTube video player\" frameborder=\"0\" allow=\"accelerometer; autoplay; clipboard-write; encrypted-media; gyroscope; picture-in-picture; web-share\" referrerpolicy=\"strict-origin-when-cross-origin\" allowfullscreen><\/iframe>\t\t\t\t<\/div>\n\t\t\t\t\t<\/div>\n\t\t\t\t<\/div>\n\t\t<div data-particle_enable=\"false\" data-particle-mobile-disabled=\"false\" class=\"elementor-element elementor-element-1e2da3f e-flex e-con-boxed e-con e-parent\" data-id=\"1e2da3f\" data-element_type=\"container\" data-e-type=\"container\">\n\t\t\t\t\t<div class=\"e-con-inner\">\n\t\t\t\t<div class=\"elementor-element elementor-element-4e70ad5 elementor-widget elementor-widget-text-editor\" data-id=\"4e70ad5\" data-element_type=\"widget\" data-e-type=\"widget\" data-widget_type=\"text-editor.default\">\n\t\t\t\t\t\t\t\t\t<p>La resoluci\u00f3n de problemas comunales tambi\u00e9n la ejerc\u00edan los ancianos con base en valores morales como la sinceridad, el respeto, la honradez, la lealtad y sobre todo la valoraci\u00f3n de la palabra para lograr el equilibrio social. Actualmente existe una instituci\u00f3n conocida como Ajwab\u2019, encargada de velar por los terrenos de las comunidades.<\/p><p>\u00a0<\/p><p>Antiguamente la comunidad era dirigida por los \u201ckalpules\u201d, conocidos como \u201cPrincipales\u201d\u00a0 con autoridad para decidir en asuntos de la comunidad. \u00a0En 1931, el entonces presidente de la rep\u00fablica, Jorge Ubico creo el cargo de intendente, ocupado por personas mestizas, a\u00a0 conveniencia, el cual amparado en la justicia foment\u00f3 la discriminaci\u00f3n contra la poblaci\u00f3n maya y desconoci\u00f3 \u00a0la autoridad ancestral.<\/p>\t\t\t\t\t\t\t\t<\/div>\n\t\t\t\t\t<\/div>\n\t\t\t\t<\/div>\n\t\t<div data-particle_enable=\"false\" data-particle-mobile-disabled=\"false\" class=\"elementor-element elementor-element-9ad7239 e-flex e-con-boxed e-con e-parent\" data-id=\"9ad7239\" data-element_type=\"container\" data-e-type=\"container\">\n\t\t\t\t\t<div class=\"e-con-inner\">\n\t\t\t\t<div class=\"elementor-element elementor-element-b04480c elementor-widget elementor-widget-heading\" data-id=\"b04480c\" data-element_type=\"widget\" data-e-type=\"widget\" data-widget_type=\"heading.default\">\n\t\t\t\t\t<h3 class=\"elementor-heading-title elementor-size-default\">Danzas tradicionales<\/h3>\t\t\t\t<\/div>\n\t\t\t\t\t<\/div>\n\t\t\t\t<\/div>\n\t\t<div data-particle_enable=\"false\" data-particle-mobile-disabled=\"false\" class=\"elementor-element elementor-element-a175c91 e-flex e-con-boxed e-con e-parent\" data-id=\"a175c91\" data-element_type=\"container\" data-e-type=\"container\">\n\t\t\t\t\t<div class=\"e-con-inner\">\n\t\t\t\t<div class=\"elementor-element elementor-element-41c678a elementor-widget elementor-widget-text-editor\" data-id=\"41c678a\" data-element_type=\"widget\" data-e-type=\"widget\" data-widget_type=\"text-editor.default\">\n\t\t\t\t\t\t\t\t\t<p>Aunque no son del todo aut\u00f3ctonos de la regi\u00f3n, se representan las danzas de La Conquista, Moros y Cristianos y El convite. \u00a0<\/p><p>\u00a0<\/p>\t\t\t\t\t\t\t\t<\/div>\n\t\t\t\t\t<\/div>\n\t\t\t\t<\/div>\n\t\t<div data-particle_enable=\"false\" data-particle-mobile-disabled=\"false\" class=\"elementor-element elementor-element-13efb7e e-flex e-con-boxed e-con e-parent\" data-id=\"13efb7e\" data-element_type=\"container\" data-e-type=\"container\">\n\t\t\t\t\t<div class=\"e-con-inner\">\n\t\t\t\t<div class=\"elementor-element elementor-element-072f0aa elementor-widget elementor-widget-image\" data-id=\"072f0aa\" data-element_type=\"widget\" data-e-type=\"widget\" data-widget_type=\"image.default\">\n\t\t\t\t\t\t\t\t\t\t\t\t<figure class=\"wp-caption\">\n\t\t\t\t\t\t\t\t\t\t<img loading=\"lazy\" decoding=\"async\" width=\"1024\" height=\"705\" src=\"https:\/\/soymigrante.com\/revista\/wp-content\/uploads\/2024\/09\/foto-5-SACAPULAS-Danza-La-Conquista-1024x705.jpg\" class=\"attachment-large size-large wp-image-9263\" alt=\"Vendedores y bailarines tradicionales en celebraci\u00f3n cultural ind\u00edgena en Mexico, con ni\u00f1os y comunidades en p\u00fablico, destacando la riqueza cultural y las expresiones art\u00edsticas ind\u00edgenas.\" srcset=\"https:\/\/soymigrante.com\/revista\/wp-content\/uploads\/2024\/09\/foto-5-SACAPULAS-Danza-La-Conquista-1024x705.jpg 1024w, https:\/\/soymigrante.com\/revista\/wp-content\/uploads\/2024\/09\/foto-5-SACAPULAS-Danza-La-Conquista-300x206.webp 300w, https:\/\/soymigrante.com\/revista\/wp-content\/uploads\/2024\/09\/foto-5-SACAPULAS-Danza-La-Conquista-768x529.jpg 768w, https:\/\/soymigrante.com\/revista\/wp-content\/uploads\/2024\/09\/foto-5-SACAPULAS-Danza-La-Conquista-1536x1057.jpg 1536w, https:\/\/soymigrante.com\/revista\/wp-content\/uploads\/2024\/09\/foto-5-SACAPULAS-Danza-La-Conquista-2048x1410.jpg 2048w, https:\/\/soymigrante.com\/revista\/wp-content\/uploads\/2024\/09\/foto-5-SACAPULAS-Danza-La-Conquista-750x516.webp 750w, https:\/\/soymigrante.com\/revista\/wp-content\/uploads\/2024\/09\/foto-5-SACAPULAS-Danza-La-Conquista-1140x785.jpg 1140w, https:\/\/soymigrante.com\/revista\/wp-content\/uploads\/2024\/09\/foto-5-SACAPULAS-Danza-La-Conquista-scaled.webp 1920w\" sizes=\"(max-width: 1024px) 100vw, 1024px\" title=\"Baile de la Conquista Sacapulas Quiche Foto Edwin Castro 020314 \u2013 SoyMigrante.com REVISTA\" \/>\t\t\t\t\t\t\t\t\t\t\t<figcaption class=\"widget-image-caption wp-caption-text\">El sitio web SoyMigrante.com presenta una revista que promueve la cultura ind\u00edgena mexicana y las expresiones tradicionales en eventos p\u00fablicos, resaltando la importancia de preservar y compartir estas manifestaciones culturales.<\/figcaption>\n\t\t\t\t\t\t\t\t\t\t<\/figure>\n\t\t\t\t\t\t\t\t\t<\/div>\n\t\t\t\t\t<\/div>\n\t\t\t\t<\/div>\n\t\t<div data-particle_enable=\"false\" data-particle-mobile-disabled=\"false\" class=\"elementor-element elementor-element-4f86845 e-flex e-con-boxed e-con e-parent\" data-id=\"4f86845\" data-element_type=\"container\" data-e-type=\"container\">\n\t\t\t\t\t<div class=\"e-con-inner\">\n\t\t\t\t<div class=\"elementor-element elementor-element-6ac859b elementor-widget elementor-widget-heading\" data-id=\"6ac859b\" data-element_type=\"widget\" data-e-type=\"widget\" data-widget_type=\"heading.default\">\n\t\t\t\t\t<h2 class=\"elementor-heading-title elementor-size-default\">Mosaico cultural de inagotable riqueza<\/h2>\t\t\t\t<\/div>\n\t\t\t\t\t<\/div>\n\t\t\t\t<\/div>\n\t\t<div data-particle_enable=\"false\" data-particle-mobile-disabled=\"false\" class=\"elementor-element elementor-element-cd97050 e-flex e-con-boxed e-con e-parent\" data-id=\"cd97050\" data-element_type=\"container\" data-e-type=\"container\">\n\t\t\t\t\t<div class=\"e-con-inner\">\n\t\t\t\t<div class=\"elementor-element elementor-element-3589dbb elementor-widget elementor-widget-blfe-post-grid\" data-id=\"3589dbb\" data-element_type=\"widget\" data-e-type=\"widget\" data-settings=\"{&quot;columns&quot;:&quot;3&quot;,&quot;columns_tablet&quot;:&quot;6&quot;,&quot;columns_mobile&quot;:&quot;12&quot;,&quot;hero1_layout_column_gap&quot;:{&quot;unit&quot;:&quot;px&quot;,&quot;size&quot;:30,&quot;sizes&quot;:[]},&quot;hero1_layout_column_gap_tablet&quot;:{&quot;unit&quot;:&quot;px&quot;,&quot;size&quot;:&quot;&quot;,&quot;sizes&quot;:[]},&quot;hero1_layout_column_gap_mobile&quot;:{&quot;unit&quot;:&quot;px&quot;,&quot;size&quot;:&quot;&quot;,&quot;sizes&quot;:[]},&quot;hero1_layout_row_gap&quot;:{&quot;unit&quot;:&quot;px&quot;,&quot;size&quot;:30,&quot;sizes&quot;:[]},&quot;hero1_layout_row_gap_tablet&quot;:{&quot;unit&quot;:&quot;px&quot;,&quot;size&quot;:&quot;&quot;,&quot;sizes&quot;:[]},&quot;hero1_layout_row_gap_mobile&quot;:{&quot;unit&quot;:&quot;px&quot;,&quot;size&quot;:&quot;&quot;,&quot;sizes&quot;:[]}}\" data-widget_type=\"blfe-post-grid.hero1\">\n\t\t\t\t<div class=\"elementor-widget-container\">\n\t\t\t\t\t\n                        <div class=\"blfe-post-grid-container \">\n            \n                <div data-skin=\"hero1\" class=\"blfe-row blfe-posts-inner blfe-hero1 blfe-posts-inner blfe-col-3 blfe-col-tab-6 blfe-col-mob-12     \">\n                            <div class=\"blfe-post-grid-item\">\n            <div class=\"blfe-post-grid-item-inner blfe-modern-zoom\">\n                        <div class=\"blfe-post-grid-bg-image\">\n            <a class=\"blfe-post-grid-image-inner\" href=\"https:\/\/soymigrante.com\/revista\/tzunun-tzii-es-el-nombre-prehispanico-del-pueblo-uspanteko-y-su-nahual-es-un-colibri\/\" title=\"Tz&#8217;unun Tziij es el nombre prehisp\u00e1nico del pueblo Uspanteko y su nahual es un colibr\u00ed\" rel=\"nofollow\" target=\"_blank\"><img decoding=\"async\" src=\"https:\/\/soymigrante.com\/revista\/wp-content\/uploads\/2024\/09\/uspanteko.webp\" alt=\"Tz&#8217;unun Tziij es el nombre prehisp\u00e1nico del pueblo Uspanteko y su nahual es un colibr\u00ed\"\/><\/a>        <\/div>\n                        <div class=\"blfe-post-grid-details\">\n                    <div class=\"blfe-post-grid-details-inner\">\n                        <span class=\"blfe-post-category\"><a href=\"https:\/\/soymigrante.com\/revista\/category\/guate-nuestra\/pueblos-de-guatemala\/\">Pueblos de Guatemala<\/a><\/span>                        <h3 class=\"blfe-post-grid-title\">\n            <a href=\"https:\/\/soymigrante.com\/revista\/tzunun-tzii-es-el-nombre-prehispanico-del-pueblo-uspanteko-y-su-nahual-es-un-colibri\/\" title=\"Tz&#8217;unun Tziij es el nombre prehisp\u00e1nico del pueblo Uspanteko y su nahual es un colibr\u00ed\" rel=\"nofollow\" target=\"_blank\">Tz&#8217;unun Tziij es el nombre prehisp\u00e1nico del pueblo Uspanteko y su nahual es un colibr\u00ed<\/a>\n            <\/h3>                                                            <div class=\"blfe-post-grid-meta\">\n                <span class=\"blfe-post-grid-time\"><i class=\"fas fa-book-reader\"><\/i>7 Min read<\/span>            <\/div>\n                                                        <\/div>\n                <\/div>\n\n            <\/div>\n        <\/div>\n                <div class=\"blfe-post-grid-item\">\n            <div class=\"blfe-post-grid-item-inner blfe-modern-zoom\">\n                        <div class=\"blfe-post-grid-bg-image\">\n            <a class=\"blfe-post-grid-image-inner\" href=\"https:\/\/soymigrante.com\/revista\/san-juan-comalapa-la-cuna-del-arte-popular-en-guatemala\/\" title=\"San Juan Comalapa, la cuna del arte popular en Guatemala\" rel=\"nofollow\" target=\"_blank\"><img decoding=\"async\" src=\"https:\/\/soymigrante.com\/revista\/wp-content\/uploads\/2025\/09\/San-Juan-Comalapa-5-e1757615970442.jpg\" alt=\"San Juan Comalapa, la cuna del arte popular en Guatemala\"\/><\/a>        <\/div>\n                        <div class=\"blfe-post-grid-details\">\n                    <div class=\"blfe-post-grid-details-inner\">\n                        <span class=\"blfe-post-category\"><a href=\"https:\/\/soymigrante.com\/revista\/category\/guate-nuestra\/\">Guate Nuestra<\/a><\/span>                        <h3 class=\"blfe-post-grid-title\">\n            <a href=\"https:\/\/soymigrante.com\/revista\/san-juan-comalapa-la-cuna-del-arte-popular-en-guatemala\/\" title=\"San Juan Comalapa, la cuna del arte popular en Guatemala\" rel=\"nofollow\" target=\"_blank\">San Juan Comalapa, la cuna del arte popular en Guatemala<\/a>\n            <\/h3>                                                            <div class=\"blfe-post-grid-meta\">\n                <span class=\"blfe-post-grid-time\"><i class=\"fas fa-book-reader\"><\/i>4 Min read<\/span>            <\/div>\n                                                        <\/div>\n                <\/div>\n\n            <\/div>\n        <\/div>\n                <div class=\"blfe-post-grid-item\">\n            <div class=\"blfe-post-grid-item-inner blfe-modern-zoom\">\n                        <div class=\"blfe-post-grid-bg-image\">\n            <a class=\"blfe-post-grid-image-inner\" href=\"https:\/\/soymigrante.com\/revista\/pueblo-kubul-vive-en-cubulco-baja-verapaz-y-busca-ser-reconocido-como-el-idioma-maya-23\/\" title=\"Pueblo K&#8217;ub&#8217;ul vive en Cubulco, Baja Verapaz y busca ser reconocido como el idioma maya 23\" rel=\"nofollow\" target=\"_blank\"><img decoding=\"async\" src=\"https:\/\/soymigrante.com\/revista\/wp-content\/uploads\/2025\/02\/pueblo-kubul-idioma-maya-1.webp\" alt=\"Pueblo K&#8217;ub&#8217;ul vive en Cubulco, Baja Verapaz y busca ser reconocido como el idioma maya 23\"\/><\/a>        <\/div>\n                        <div class=\"blfe-post-grid-details\">\n                    <div class=\"blfe-post-grid-details-inner\">\n                        <span class=\"blfe-post-category\"><a href=\"https:\/\/soymigrante.com\/revista\/category\/guate-nuestra\/pueblos-de-guatemala\/\">Pueblos de Guatemala<\/a><\/span>                        <h3 class=\"blfe-post-grid-title\">\n            <a href=\"https:\/\/soymigrante.com\/revista\/pueblo-kubul-vive-en-cubulco-baja-verapaz-y-busca-ser-reconocido-como-el-idioma-maya-23\/\" title=\"Pueblo K&#8217;ub&#8217;ul vive en Cubulco, Baja Verapaz y busca ser reconocido como el idioma maya 23\" rel=\"nofollow\" target=\"_blank\">Pueblo K&#8217;ub&#8217;ul vive en Cubulco, Baja Verapaz y busca ser reconocido como el idioma maya 23<\/a>\n            <\/h3>                                                            <div class=\"blfe-post-grid-meta\">\n                <span class=\"blfe-post-grid-time\"><i class=\"fas fa-book-reader\"><\/i>4 Min read<\/span>            <\/div>\n                                                        <\/div>\n                <\/div>\n\n            <\/div>\n        <\/div>\n                        <\/div>\n\n                        <\/div>\n            \n                        <div class=\"blfe-post-footer\">\n                        <\/div>\n            \t\t\t\t<\/div>\n\t\t\t\t<\/div>\n\t\t\t\t\t<\/div>\n\t\t\t\t<\/div>\n\t\t\t\t<\/div>\n\t\t","protected":false},"excerpt":{"rendered":"<p>En antiguas pozas de agua caliente de Sacapulas, Quich\u00e9, el sakapulteko se sumerge y se da ba\u00f1os para purificar el cuerpo y el alma, seg\u00fan antiguas creencias. El T\u00edtulo de los se\u00f1ores de Sacapulas, cita que el siglo XV, la familia Canil pobl\u00f3 la regi\u00f3n Omuch Ynup y Omuch Kakb\u2019a, cercanas a las costas del [&hellip;]<\/p>\n","protected":false},"author":17,"featured_media":9331,"comment_status":"open","ping_status":"open","sticky":false,"template":"","format":"standard","meta":{"_acf_changed":false,"_eb_attr":"","footnotes":""},"categories":[125],"tags":[],"class_list":["post-9251","post","type-post","status-publish","format-standard","has-post-thumbnail","hentry","category-pueblos-de-guatemala"],"acf":[],"aioseo_notices":[],"aioseo_head":"\n\t\t<!-- All in One SEO Pro 4.9.6.2 - aioseo.com -->\n\t<meta name=\"description\" content=\"Hace m\u00e1s de 800 a\u00f1os los K&#039;ub&#039;ul se separaron de los k&#039;iche&#039; y llegaron hasta el actual \u00e1rea de Cubulco, Baja Verapaz. Buscan ser reconocidos como idioma maya\" \/>\n\t<meta name=\"robots\" content=\"max-snippet:-1, max-image-preview:large, max-video-preview:-1\" \/>\n\t<meta name=\"author\" content=\"Gustavo Montenegro\"\/>\n\t<link rel=\"canonical\" href=\"https:\/\/soymigrante.com\/revista\/pueblo-kubul-vive-en-cubulco-baja-verapaz-y-busca-ser-reconocido-como-el-idioma-maya-23\/\" \/>\n\t<meta name=\"generator\" content=\"All in One SEO Pro (AIOSEO) 4.9.6.2\" \/>\n\n\t\t<link rel=\"preconnect\" href=\"https:\/\/fonts.googleapis.com\" crossorigin>\n<link rel=\"preconnect\" href=\"https:\/\/fonts.gstatic.com\" crossorigin>\n\t\t<meta property=\"og:locale\" content=\"es_ES\" \/>\n\t\t<meta property=\"og:site_name\" content=\"SoyMigrante.com REVISTA \u2013 Nuestra misi\u00f3n es reconocer y dignificar al migrante.\" \/>\n\t\t<meta property=\"og:type\" content=\"article\" \/>\n\t\t<meta property=\"og:title\" content=\"Pueblo K&#039;ub&#039;ul busca ser reconocido como el 23o. idioma maya\" \/>\n\t\t<meta property=\"og:description\" content=\"Hace m\u00e1s de 800 a\u00f1os los K&#039;ub&#039;ul se separaron de los k&#039;iche&#039; y llegaron hasta el actual \u00e1rea de Cubulco, Baja Verapaz. Buscan ser reconocidos como idioma maya\" \/>\n\t\t<meta property=\"og:url\" content=\"https:\/\/soymigrante.com\/revista\/pueblo-kubul-vive-en-cubulco-baja-verapaz-y-busca-ser-reconocido-como-el-idioma-maya-23\/\" \/>\n\t\t<meta property=\"og:image\" content=\"https:\/\/soymigrante.com\/revista\/wp-content\/uploads\/2025\/02\/pueblo-kubul-idioma-maya-1.webp\" \/>\n\t\t<meta property=\"og:image:secure_url\" content=\"https:\/\/soymigrante.com\/revista\/wp-content\/uploads\/2025\/02\/pueblo-kubul-idioma-maya-1.webp\" \/>\n\t\t<meta property=\"og:image:width\" content=\"589\" \/>\n\t\t<meta property=\"og:image:height\" content=\"589\" \/>\n\t\t<meta property=\"article:published_time\" content=\"2025-02-05T17:20:00+00:00\" \/>\n\t\t<meta property=\"article:modified_time\" content=\"2025-03-10T22:27:40+00:00\" \/>\n\t\t<meta property=\"article:publisher\" content=\"https:\/\/www.facebook.com\/soymigrantecom\" \/>\n\t\t<meta name=\"twitter:card\" content=\"summary_large_image\" \/>\n\t\t<meta name=\"twitter:site\" content=\"@SoyMigrante_com\" \/>\n\t\t<meta name=\"twitter:title\" content=\"Pueblo K&#039;ub&#039;ul busca ser reconocido como el 23o. idioma maya\" \/>\n\t\t<meta name=\"twitter:description\" content=\"Hace m\u00e1s de 800 a\u00f1os los K&#039;ub&#039;ul se separaron de los k&#039;iche&#039; y llegaron hasta el actual \u00e1rea de Cubulco, Baja Verapaz. Buscan ser reconocidos como idioma maya\" \/>\n\t\t<meta name=\"twitter:creator\" content=\"@SoyMigrante_com\" \/>\n\t\t<meta name=\"twitter:image\" content=\"https:\/\/soymigrante.com\/revista\/wp-content\/uploads\/2025\/02\/pueblo-kubul-idioma-maya-1.webp\" \/>\n\t\t<!-- All in One SEO Pro -->\r\n\t\t<title>Pueblo K'ub'ul busca ser reconocido como el 23o. idioma maya<\/title>\n\n","aioseo_head_json":{"title":"Pueblo K'ub'ul busca ser reconocido como el 23o. idioma maya","description":"Hace m\u00e1s de 800 a\u00f1os los K'ub'ul se separaron de los k'iche' y llegaron hasta el actual \u00e1rea de Cubulco, Baja Verapaz. Buscan ser reconocidos como idioma maya","canonical_url":"https:\/\/soymigrante.com\/revista\/pueblo-kubul-vive-en-cubulco-baja-verapaz-y-busca-ser-reconocido-como-el-idioma-maya-23\/","robots":"max-snippet:-1, max-image-preview:large, max-video-preview:-1","keywords":"","webmasterTools":{"miscellaneous":"&lt;link rel=\"preconnect\" href=\"https:\/\/fonts.googleapis.com\" crossorigin&gt;\n&lt;link rel=\"preconnect\" href=\"https:\/\/fonts.gstatic.com\" crossorigin&gt;"},"schema":null,"og:locale":"es_ES","og:site_name":"SoyMigrante.com REVISTA \u2013 Nuestra misi\u00f3n es reconocer y dignificar al migrante.","og:type":"article","og:title":"Pueblo K'ub'ul busca ser reconocido como el 23o. idioma maya","og:description":"Hace m\u00e1s de 800 a\u00f1os los K'ub'ul se separaron de los k'iche' y llegaron hasta el actual \u00e1rea de Cubulco, Baja Verapaz. Buscan ser reconocidos como idioma maya","og:url":"https:\/\/soymigrante.com\/revista\/pueblo-kubul-vive-en-cubulco-baja-verapaz-y-busca-ser-reconocido-como-el-idioma-maya-23\/","og:image":"https:\/\/soymigrante.com\/revista\/wp-content\/uploads\/2025\/02\/pueblo-kubul-idioma-maya-1.webp","og:image:secure_url":"https:\/\/soymigrante.com\/revista\/wp-content\/uploads\/2025\/02\/pueblo-kubul-idioma-maya-1.webp","og:image:width":589,"og:image:height":589,"article:published_time":"2025-02-05T17:20:00+00:00","article:modified_time":"2025-03-10T22:27:40+00:00","article:publisher":"https:\/\/www.facebook.com\/soymigrantecom","twitter:card":"summary_large_image","twitter:site":"@SoyMigrante_com","twitter:title":"Pueblo K'ub'ul busca ser reconocido como el 23o. idioma maya","twitter:description":"Hace m\u00e1s de 800 a\u00f1os los K'ub'ul se separaron de los k'iche' y llegaron hasta el actual \u00e1rea de Cubulco, Baja Verapaz. Buscan ser reconocidos como idioma maya","twitter:creator":"@SoyMigrante_com","twitter:image":"https:\/\/soymigrante.com\/revista\/wp-content\/uploads\/2025\/02\/pueblo-kubul-idioma-maya-1.webp"},"aioseo_meta_data":{"post_id":"9251","title":null,"description":"Su nombre deviene de Sacapulas, municipio de Quich\u00e9, en donde se concentran unos 10 mil hablantes de este idioma. Conoce m\u00e1s sobre su cultura.","keywords":null,"keyphrases":{"focus":{"keyphrase":"sakapulteko","score":69,"analysis":{"keyphraseInTitle":{"score":9,"maxScore":9,"error":0},"keyphraseInDescription":{"score":3,"maxScore":9,"error":1},"keyphraseLength":{"score":9,"maxScore":9,"error":0,"length":1},"keyphraseInURL":{"score":5,"maxScore":5,"error":0},"keyphraseInIntroduction":{"score":3,"maxScore":9,"error":1},"keyphraseInSubHeadings":{"score":9,"maxScore":9,"error":0},"keyphraseInImageAlt":{"score":9,"maxScore":9,"error":0},"keywordDensity":{"score":0,"type":"low","maxScore":9,"error":1}}},"additional":[{"keyphrase":"pueblos guatemaltecos ","score":40,"analysis":{"keyphraseInDescription":{"score":3,"maxScore":9,"error":1},"keyphraseLength":{"score":9,"maxScore":9,"error":0,"length":2},"keyphraseInIntroduction":{"score":3,"maxScore":9,"error":1},"keyphraseInImageAlt":{"score":3,"maxScore":9,"error":1},"keywordDensity":{"score":0,"type":"low","maxScore":9,"error":1}}},{"keyphrase":"maya","score":40,"analysis":{"keyphraseInDescription":{"score":3,"maxScore":9,"error":1},"keyphraseLength":{"score":9,"maxScore":9,"error":0,"length":1},"keyphraseInIntroduction":{"score":3,"maxScore":9,"error":1},"keyphraseInImageAlt":{"score":3,"maxScore":9,"error":1},"keywordDensity":{"score":0,"type":"low","maxScore":9,"error":1}}},{"keyphrase":"Guatemala","score":40,"analysis":{"keyphraseInDescription":{"score":3,"maxScore":9,"error":1},"keyphraseLength":{"score":9,"maxScore":9,"error":0,"length":1},"keyphraseInIntroduction":{"score":3,"maxScore":9,"error":1},"keyphraseInImageAlt":{"score":3,"maxScore":9,"error":1},"keywordDensity":{"score":0,"type":"low","maxScore":9,"error":1}}}]},"primary_term":null,"canonical_url":null,"og_title":null,"og_description":null,"og_object_type":"default","og_image_type":"default","og_image_url":null,"og_image_width":null,"og_image_height":null,"og_image_custom_url":null,"og_image_custom_fields":null,"og_video":"","og_custom_url":null,"og_article_section":null,"og_article_tags":null,"twitter_use_og":false,"twitter_card":"default","twitter_image_type":"default","twitter_image_url":null,"twitter_image_custom_url":null,"twitter_image_custom_fields":null,"twitter_title":null,"twitter_description":null,"schema":{"blockGraphs":[],"customGraphs":[],"default":{"data":{"Article":[],"Course":[],"Dataset":[],"FAQPage":[],"Movie":[],"Person":[],"Product":[],"ProductReview":[],"Car":[],"Recipe":[],"Service":[],"SoftwareApplication":[],"WebPage":[]},"graphName":"Article","isEnabled":true},"graphs":[]},"schema_type":"default","schema_type_options":null,"pillar_content":false,"robots_default":true,"robots_noindex":false,"robots_noarchive":false,"robots_nosnippet":false,"robots_nofollow":false,"robots_noimageindex":false,"robots_noodp":false,"robots_notranslate":false,"robots_max_snippet":"-1","robots_max_videopreview":"-1","robots_max_imagepreview":"large","priority":null,"frequency":"default","local_seo":null,"seo_analyzer_scan_date":null,"breadcrumb_settings":null,"limit_modified_date":false,"reviewed_by":null,"open_ai":"{\"title\":{\"suggestions\":[],\"usage\":0},\"description\":{\"suggestions\":[],\"usage\":0}}","ai":null,"created":"2024-09-13 21:38:27","updated":"2026-03-26 00:32:16"},"aioseo_breadcrumb":"<div class=\"aioseo-breadcrumbs\"><span class=\"aioseo-breadcrumb\">\n\t<a href=\"https:\/\/soymigrante.com\/revista\" title=\"Home\">Home<\/a>\n<\/span><span class=\"aioseo-breadcrumb-separator\">\u00bb<\/span><span class=\"aioseo-breadcrumb\">\n\t<a href=\"https:\/\/soymigrante.com\/revista\/category\/guate-nuestra\/\" title=\"Guate Nuestra\">Guate Nuestra<\/a>\n<\/span><span class=\"aioseo-breadcrumb-separator\">\u00bb<\/span><span class=\"aioseo-breadcrumb\">\n\t<a href=\"https:\/\/soymigrante.com\/revista\/category\/guate-nuestra\/pueblos-de-guatemala\/\" title=\"Pueblos de Guatemala\">Pueblos de Guatemala<\/a>\n<\/span><span class=\"aioseo-breadcrumb-separator\">\u00bb<\/span><span class=\"aioseo-breadcrumb\">\n\tPueblo Sakapulteko se concentr\u00f3 en la gran Tujaal hace mil a\u00f1os\n<\/span><\/div>","aioseo_breadcrumb_json":[{"label":"Home","link":"https:\/\/soymigrante.com\/revista"},{"label":"Guate Nuestra","link":"https:\/\/soymigrante.com\/revista\/category\/guate-nuestra\/"},{"label":"Pueblos de Guatemala","link":"https:\/\/soymigrante.com\/revista\/category\/guate-nuestra\/pueblos-de-guatemala\/"},{"label":"Pueblo Sakapulteko se concentr\u00f3 en la gran Tujaal hace mil a\u00f1os","link":"https:\/\/soymigrante.com\/revista\/pueblo-sakapulteko-se-concentro-en-tajul-hace-mil-anos\/"}],"_links":{"self":[{"href":"https:\/\/soymigrante.com\/revista\/wp-json\/wp\/v2\/posts\/9251","targetHints":{"allow":["GET"]}}],"collection":[{"href":"https:\/\/soymigrante.com\/revista\/wp-json\/wp\/v2\/posts"}],"about":[{"href":"https:\/\/soymigrante.com\/revista\/wp-json\/wp\/v2\/types\/post"}],"author":[{"embeddable":true,"href":"https:\/\/soymigrante.com\/revista\/wp-json\/wp\/v2\/users\/17"}],"replies":[{"embeddable":true,"href":"https:\/\/soymigrante.com\/revista\/wp-json\/wp\/v2\/comments?post=9251"}],"version-history":[{"count":6,"href":"https:\/\/soymigrante.com\/revista\/wp-json\/wp\/v2\/posts\/9251\/revisions"}],"predecessor-version":[{"id":54134,"href":"https:\/\/soymigrante.com\/revista\/wp-json\/wp\/v2\/posts\/9251\/revisions\/54134"}],"wp:featuredmedia":[{"embeddable":true,"href":"https:\/\/soymigrante.com\/revista\/wp-json\/wp\/v2\/media\/9331"}],"wp:attachment":[{"href":"https:\/\/soymigrante.com\/revista\/wp-json\/wp\/v2\/media?parent=9251"}],"wp:term":[{"taxonomy":"category","embeddable":true,"href":"https:\/\/soymigrante.com\/revista\/wp-json\/wp\/v2\/categories?post=9251"},{"taxonomy":"post_tag","embeddable":true,"href":"https:\/\/soymigrante.com\/revista\/wp-json\/wp\/v2\/tags?post=9251"}],"curies":[{"name":"wp","href":"https:\/\/api.w.org\/{rel}","templated":true}]}}