{"id":9250,"date":"2024-09-16T11:04:09","date_gmt":"2024-09-16T17:04:09","guid":{"rendered":"https:\/\/soymigrante.com\/revista\/?p=9250"},"modified":"2024-09-16T14:59:38","modified_gmt":"2024-09-16T20:59:38","slug":"salud-preventiva-enfermedades-cronicas-afectan-mas-a-hombres-en-usa","status":"publish","type":"post","link":"https:\/\/soymigrante.com\/revista\/salud-preventiva-enfermedades-cronicas-afectan-mas-a-hombres-en-usa\/","title":{"rendered":"Salud preventiva: Enfermedades cr\u00f3nicas afectan m\u00e1s a hombres en USA"},"content":{"rendered":"\t\t<div data-elementor-type=\"wp-post\" data-elementor-id=\"9250\" class=\"elementor elementor-9250\" data-elementor-post-type=\"post\">\n\t\t\t\t<div data-particle_enable=\"false\" data-particle-mobile-disabled=\"false\" class=\"elementor-element elementor-element-fa75adf e-flex e-con-boxed e-con e-parent\" data-id=\"fa75adf\" data-element_type=\"container\" data-e-type=\"container\">\n\t\t\t\t\t<div class=\"e-con-inner\">\n\t\t\t\t<div class=\"elementor-element elementor-element-099f930 elementor-widget elementor-widget-heading\" data-id=\"099f930\" data-element_type=\"widget\" data-e-type=\"widget\" data-widget_type=\"heading.default\">\n\t\t\t\t\t<h2 class=\"elementor-heading-title elementor-size-default\">De acuerdo con el Instituto Nacional de la Salud de USA, los hombres tienen una esperanza de vida de seis a\u00f1os menos que las mujeres y estos son propensos a morir por enfermedades cr\u00f3nicas y graves.\n<\/h2>\t\t\t\t<\/div>\n\t\t\t\t\t<\/div>\n\t\t\t\t<\/div>\n\t\t<div data-particle_enable=\"false\" data-particle-mobile-disabled=\"false\" class=\"elementor-element elementor-element-67a947a e-flex e-con-boxed e-con e-parent\" data-id=\"67a947a\" data-element_type=\"container\" data-e-type=\"container\">\n\t\t\t\t\t<div class=\"e-con-inner\">\n\t\t\t\t<div class=\"elementor-element elementor-element-469b213 elementor-widget elementor-widget-text-editor\" data-id=\"469b213\" data-element_type=\"widget\" data-e-type=\"widget\" data-widget_type=\"text-editor.default\">\n\t\t\t\t\t\t\t\t\t<p>El chequeo m\u00e9dico regular, sobre todo en el hombre, debe cobrar relevancia, ya que la falta de estos y evaluaciones preventivas causa la falta de atenci\u00f3n m\u00e9dica adecuada, refiere el instituto americano.<\/p><p>&#8220;Cuatro de cada diez hispanos mueren de enfermedades cardiacas o c\u00e1ncer. Al no fumar y mantenerse activos f\u00edsicamente, como al salir a caminar en forma r\u00e1pida por 30 minutos al d\u00eda, los hispanos pueden reducir su riesgo de tener estas enfermedades cr\u00f3nicas y otras como la diabetes&#8221;, refiere el director\u00a0\u00a0de los CDC, Tom Frieden.<\/p><p>\u00a0<\/p>\t\t\t\t\t\t\t\t<\/div>\n\t\t\t\t\t<\/div>\n\t\t\t\t<\/div>\n\t\t<div data-particle_enable=\"false\" data-particle-mobile-disabled=\"false\" class=\"elementor-element elementor-element-fb2506b e-flex e-con-boxed e-con e-parent\" data-id=\"fb2506b\" data-element_type=\"container\" data-e-type=\"container\">\n\t\t\t\t\t<div class=\"e-con-inner\">\n\t\t\t\t<div class=\"elementor-element elementor-element-4967c47 elementor-widget elementor-widget-image\" data-id=\"4967c47\" data-element_type=\"widget\" data-e-type=\"widget\" data-widget_type=\"image.default\">\n\t\t\t\t\t\t\t\t\t\t\t\t<figure class=\"wp-caption\">\n\t\t\t\t\t\t\t\t\t\t<img fetchpriority=\"high\" decoding=\"async\" width=\"740\" height=\"493\" src=\"https:\/\/soymigrante.com\/revista\/wp-content\/uploads\/2024\/09\/chequeo-medico-hombres-soy-migrante5.webp\" class=\"attachment-large size-large wp-image-9252\" alt=\"Dolor en el pecho, s\u00edntoma de ataque al coraz\u00f3n, y forma de reconocimiento, en la revista SoyMigrante.com REVISTA.\" srcset=\"https:\/\/soymigrante.com\/revista\/wp-content\/uploads\/2024\/09\/chequeo-medico-hombres-soy-migrante5.webp 740w, https:\/\/soymigrante.com\/revista\/wp-content\/uploads\/2024\/09\/chequeo-medico-hombres-soy-migrante5-300x200.webp 300w\" sizes=\"(max-width: 740px) 100vw, 740px\" title=\"chequeo m\u00e9dico hombres soy migrante5 \u2013 SoyMigrante.com REVISTA\" \/>\t\t\t\t\t\t\t\t\t\t\t<figcaption class=\"widget-image-caption wp-caption-text\">Hombre con dolor en el pecho, expresi\u00f3n de angustia, en fondo de color neutro, ilustrando temas de salud y emergencias m\u00e9dicas para migrantes.<\/figcaption>\n\t\t\t\t\t\t\t\t\t\t<\/figure>\n\t\t\t\t\t\t\t\t\t<\/div>\n\t\t\t\t\t<\/div>\n\t\t\t\t<\/div>\n\t\t<div data-particle_enable=\"false\" data-particle-mobile-disabled=\"false\" class=\"elementor-element elementor-element-6e2df89 e-flex e-con-boxed e-con e-parent\" data-id=\"6e2df89\" data-element_type=\"container\" data-e-type=\"container\">\n\t\t\t\t\t<div class=\"e-con-inner\">\n\t\t\t\t<div class=\"elementor-element elementor-element-a0f7575 elementor-widget elementor-widget-text-editor\" data-id=\"a0f7575\" data-element_type=\"widget\" data-e-type=\"widget\" data-widget_type=\"text-editor.default\">\n\t\t\t\t\t\t\t\t\t<p>Entre las principales enfermedades que afectan a los hombres en USA est\u00e1n:<\/p><p><strong>Enfermedades card\u00edacas<\/strong><br \/>Alrededor de 350 mil hombres en Estados Unidos fallecen por accidentes cardiovasculares y ataques card\u00edacos, seg\u00fan USA Gov.<\/p>\t\t\t\t\t\t\t\t<\/div>\n\t\t\t\t\t<\/div>\n\t\t\t\t<\/div>\n\t\t<div data-particle_enable=\"false\" data-particle-mobile-disabled=\"false\" class=\"elementor-element elementor-element-d5fae23 e-flex e-con-boxed e-con e-parent\" data-id=\"d5fae23\" data-element_type=\"container\" data-e-type=\"container\">\n\t\t\t\t\t<div class=\"e-con-inner\">\n\t\t\t\t<div class=\"elementor-element elementor-element-dbe0778 elementor-widget elementor-widget-text-editor\" data-id=\"dbe0778\" data-element_type=\"widget\" data-e-type=\"widget\" data-widget_type=\"text-editor.default\">\n\t\t\t\t\t\t\t\t\t<p><strong>Salud mental<\/strong><br \/>Lamentablemente, el registro del Gobierno estadounidense refiere que los hombres\u00a0<a href=\"https:\/\/soymigrante.com\/revista\/como-eliminar-pensamientos-destructivos-con-estos-pasos-constructivos\/\" target=\"_blank\" rel=\"noopener\">se suicidan<\/a>\u00a0cuatro veces m\u00e1s que la mujer. Es dif\u00edcil hablar de este tema, pero la depresi\u00f3n y cuadros de ansiedad pueden llegar a convertirse en un problema vital para la persona. En los hombre golpea m\u00e1s debido a las responsabilidades que suele llevar, presiones y tambi\u00e9n expectativas.<\/p>\t\t\t\t\t\t\t\t<\/div>\n\t\t\t\t\t<\/div>\n\t\t\t\t<\/div>\n\t\t<div data-particle_enable=\"false\" data-particle-mobile-disabled=\"false\" class=\"elementor-element elementor-element-a85a657 e-flex e-con-boxed e-con e-parent\" data-id=\"a85a657\" data-element_type=\"container\" data-e-type=\"container\">\n\t\t\t\t\t<div class=\"e-con-inner\">\n\t\t\t\t<div class=\"elementor-element elementor-element-ddb7baf elementor-widget elementor-widget-text-editor\" data-id=\"ddb7baf\" data-element_type=\"widget\" data-e-type=\"widget\" data-widget_type=\"text-editor.default\">\n\t\t\t\t\t\t\t\t\t<p><strong>C\u00e1ncer<\/strong><br>La tasa de c\u00e1ncer en hombres es mayor que la de la mujer. En el 2021, el Centros para el Control y Prevenci\u00f3n de Enfermedades registr\u00f3 900 mil 218 casos de c\u00e1ncer en hombres, mientras que en mujeres fueron 877 mil 348 casos. En el caso de hombres&nbsp;<a href=\"https:\/\/soymigrante.com\/revista\/riesgo-cancer-higado-hispanos-migrantes\/\" target=\"_blank\" rel=\"noopener\">hispanos<\/a>,&nbsp;<a href=\"https:\/\/gis.cdc.gov\/Cancer\/USCS\/#\/Demographics\/\" target=\"_blank\" rel=\"noopener\">el CDC<\/a>&nbsp;registr\u00f3 76 mil 953 casos, y en hispanas 90 mil 622.<\/p>\n<p>En el caso de la poblaci\u00f3n estadounidense blanca en ese mismo a\u00f1o, el CDC report\u00f3 669 mil 822 casos en hombres, y 632 mil 601 en mujeres. En el caso de la poblaci\u00f3n afroestadounidense, 100 mil 294 hombres, y 98 mil 198 mujeres.&nbsp;<\/p>\t\t\t\t\t\t\t\t<\/div>\n\t\t\t\t\t<\/div>\n\t\t\t\t<\/div>\n\t\t<div data-particle_enable=\"false\" data-particle-mobile-disabled=\"false\" class=\"elementor-element elementor-element-e63f534 e-flex e-con-boxed e-con e-parent\" data-id=\"e63f534\" data-element_type=\"container\" data-e-type=\"container\">\n\t\t\t\t\t<div class=\"e-con-inner\">\n\t\t\t\t<div class=\"elementor-element elementor-element-5034b2e elementor-widget elementor-widget-image\" data-id=\"5034b2e\" data-element_type=\"widget\" data-e-type=\"widget\" data-widget_type=\"image.default\">\n\t\t\t\t\t\t\t\t\t\t\t\t<figure class=\"wp-caption\">\n\t\t\t\t\t\t\t\t\t\t<img decoding=\"async\" width=\"740\" height=\"493\" src=\"https:\/\/soymigrante.com\/revista\/wp-content\/uploads\/2024\/09\/cheque-medico-hombres-soy-migrante4.webp\" class=\"attachment-large size-large wp-image-9253\" alt=\"Examen m\u00e9dico en cl\u00ednica revisando la salud del paciente con estetoscopio en el hombro.\" srcset=\"https:\/\/soymigrante.com\/revista\/wp-content\/uploads\/2024\/09\/cheque-medico-hombres-soy-migrante4.webp 740w, https:\/\/soymigrante.com\/revista\/wp-content\/uploads\/2024\/09\/cheque-medico-hombres-soy-migrante4-300x200.webp 300w\" sizes=\"(max-width: 740px) 100vw, 740px\" title=\"cheque m\u00e9dico hombres soy migrante4 \u2013 SoyMigrante.com REVISTA\" \/>\t\t\t\t\t\t\t\t\t\t\t<figcaption class=\"widget-image-caption wp-caption-text\">Revisi\u00f3n m\u00e9dica en cl\u00ednica para evaluar la salud general y detecci\u00f3n de enfermedades en pacientes.<\/figcaption>\n\t\t\t\t\t\t\t\t\t\t<\/figure>\n\t\t\t\t\t\t\t\t\t<\/div>\n\t\t\t\t\t<\/div>\n\t\t\t\t<\/div>\n\t\t<div data-particle_enable=\"false\" data-particle-mobile-disabled=\"false\" class=\"elementor-element elementor-element-b749520 e-flex e-con-boxed e-con e-parent\" data-id=\"b749520\" data-element_type=\"container\" data-e-type=\"container\">\n\t\t\t\t\t<div class=\"e-con-inner\">\n\t\t\t\t<div class=\"elementor-element elementor-element-72326a6 elementor-widget elementor-widget-heading\" data-id=\"72326a6\" data-element_type=\"widget\" data-e-type=\"widget\" data-widget_type=\"heading.default\">\n\t\t\t\t\t<h3 class=\"elementor-heading-title elementor-size-default\">Recomendaciones m\u00e9dicas de prevenci\u00f3n<\/h3>\t\t\t\t<\/div>\n\t\t\t\t\t<\/div>\n\t\t\t\t<\/div>\n\t\t<div data-particle_enable=\"false\" data-particle-mobile-disabled=\"false\" class=\"elementor-element elementor-element-a901766 e-flex e-con-boxed e-con e-parent\" data-id=\"a901766\" data-element_type=\"container\" data-e-type=\"container\">\n\t\t\t\t\t<div class=\"e-con-inner\">\n\t\t\t\t<div class=\"elementor-element elementor-element-41b3c94 elementor-widget elementor-widget-text-editor\" data-id=\"41b3c94\" data-element_type=\"widget\" data-e-type=\"widget\" data-widget_type=\"text-editor.default\">\n\t\t\t\t\t\t\t\t\t<ul><li><b>Chequeos peri\u00f3dicos:<\/b> No dejes que la verg\u00fcenza o el miedo te impidan ir al doctor. Por ejemplo, una detecci\u00f3n temprana de c\u00e1ncer de pr\u00f3stata har\u00e1 que tengas un adecuado y oportuno tratamiento. Una consulta regular con el m\u00e9dico crear\u00e1 una relaci\u00f3n m\u00e1s cercana con el m\u00e9dico para que te sientas m\u00e1s c\u00f3modo y puedas confiar en manifestar cualquier problema de salud que presentes.<\/li><li><b>Elige un estilo de vida: <\/b>aprender a\u00a0<a href=\"https:\/\/soymigrante.com\/revista\/no-todos-pensamos-en-una-refaccion-saludable-pero-debemos\/\" target=\"_blank\" rel=\"noopener\">comer bien<\/a>, ejercitarte, dormir adecuadamente e ingerir menos alcohol mejorar\u00e1 tu salud.<\/li><li><b>Trata tu salud mental: <\/b>muchas veces ante el estereotipo para tratar este tema puede ser agobiante para el hombre, pero es importante dejar esos pensamientos y tener presente que no est\u00e1s solo. Necesitas ayuda y debes buscarla con un profesional.<\/li><li><b>Busca apoyo m\u00e9dico<\/b> a trav\u00e9s de la l\u00ednea de<a href=\"https:\/\/988lifeline.org\/es\/obten-ayuda\/\" target=\"_blank\" rel=\"noopener\"> Prevenci\u00f3n y Suicidio y Crisis\u00a0<\/a><\/li><li><b>Haz tu visita anual de bienestar:\u00a0<\/b>Si tienes acceso al Medicare, programa tu cita (wellness visit). Si tienes un Medicare tipo B opta por un chequeo anual gratis.\u00a0<a href=\"https:\/\/health.gov\/espanol\/myhealthfinder\/visitas-doctor\/chequeos-periodicos\/haz-tu-visita-bienestar-medicare-todos-anos\" target=\"_blank\" rel=\"noopener\">Conoce los requisitos del Medicare.<\/a><\/li><\/ul>\t\t\t\t\t\t\t\t<\/div>\n\t\t\t\t\t<\/div>\n\t\t\t\t<\/div>\n\t\t<div data-particle_enable=\"false\" data-particle-mobile-disabled=\"false\" class=\"elementor-element elementor-element-6757a45 e-flex e-con-boxed e-con e-parent\" data-id=\"6757a45\" data-element_type=\"container\" data-e-type=\"container\">\n\t\t\t\t\t<div class=\"e-con-inner\">\n\t\t\t\t<div class=\"elementor-element elementor-element-85427de elementor-widget elementor-widget-heading\" data-id=\"85427de\" data-element_type=\"widget\" data-e-type=\"widget\" data-widget_type=\"heading.default\">\n\t\t\t\t\t<h3 class=\"elementor-heading-title elementor-size-default\">El ejercicio f\u00edsico tambi\u00e9n es importante<\/h3>\t\t\t\t<\/div>\n\t\t\t\t\t<\/div>\n\t\t\t\t<\/div>\n\t\t<div data-particle_enable=\"false\" data-particle-mobile-disabled=\"false\" class=\"elementor-element elementor-element-921c64f e-flex e-con-boxed e-con e-parent\" data-id=\"921c64f\" data-element_type=\"container\" data-e-type=\"container\">\n\t\t\t\t\t<div class=\"e-con-inner\">\n\t\t\t\t<div class=\"elementor-element elementor-element-5822e64 elementor-widget elementor-widget-video\" data-id=\"5822e64\" data-element_type=\"widget\" data-e-type=\"widget\" data-settings=\"{&quot;youtube_url&quot;:&quot;https:\\\/\\\/www.youtube.com\\\/watch?v=OQbheFBLKK8&quot;,&quot;video_type&quot;:&quot;youtube&quot;,&quot;controls&quot;:&quot;yes&quot;}\" data-widget_type=\"video.default\">\n\t\t\t\t\t\t\t<div class=\"elementor-wrapper elementor-open-inline\">\n\t\t\t<div class=\"elementor-video\"><\/div>\t\t<\/div>\n\t\t\t\t\t\t<\/div>\n\t\t\t\t\t<\/div>\n\t\t\t\t<\/div>\n\t\t<div data-particle_enable=\"false\" data-particle-mobile-disabled=\"false\" class=\"elementor-element elementor-element-72fd235 e-flex e-con-boxed e-con e-parent\" data-id=\"72fd235\" data-element_type=\"container\" data-e-type=\"container\">\n\t\t\t\t\t<div class=\"e-con-inner\">\n\t\t\t\t<div class=\"elementor-element elementor-element-f52b71b elementor-widget elementor-widget-heading\" data-id=\"f52b71b\" data-element_type=\"widget\" data-e-type=\"widget\" data-widget_type=\"heading.default\">\n\t\t\t\t\t<h3 class=\"elementor-heading-title elementor-size-default\">C\u00f3mo cuidar tu salud<\/h3>\t\t\t\t<\/div>\n\t\t\t\t\t<\/div>\n\t\t\t\t<\/div>\n\t\t<div data-particle_enable=\"false\" data-particle-mobile-disabled=\"false\" class=\"elementor-element elementor-element-c836545 e-flex e-con-boxed e-con e-parent\" data-id=\"c836545\" data-element_type=\"container\" data-e-type=\"container\">\n\t\t\t\t\t<div class=\"e-con-inner\">\n\t\t\t\t<div class=\"elementor-element elementor-element-b75840d elementor-grid-eael-col-3 elementor-grid-tablet-eael-col-2 elementor-grid-mobile-eael-col-1 elementor-widget elementor-widget-eael-post-grid\" data-id=\"b75840d\" data-element_type=\"widget\" data-e-type=\"widget\" data-settings=\"{&quot;eael_post_grid_columns&quot;:&quot;eael-col-3&quot;,&quot;eael_post_grid_columns_tablet&quot;:&quot;eael-col-2&quot;,&quot;eael_post_grid_columns_mobile&quot;:&quot;eael-col-1&quot;}\" data-widget_type=\"eael-post-grid.default\">\n\t\t\t\t\t<div id=\"eael-post-grid-b75840d\" class=\"eael-post-grid-container\">\n            <div class=\"eael-post-grid eael-post-appender eael-post-appender-b75840d eael-post-grid-style-one\" data-layout-mode=\"masonry\"><article class=\"eael-grid-post  eael-post-grid-column eael-pg-post-8203 category-bienestar\" data-id=\"8203\">\n        <div class=\"eael-grid-post-holder\">\n            <div class=\"eael-grid-post-holder-inner\"><div class=\"eael-entry-media\"><div class=\"eael-entry-overlay fade-in\"><i class=\"far fa-hand-pointer\" aria-hidden=\"true\"><\/i><a href=\"https:\/\/soymigrante.com\/revista\/como-cuidar-la-alimentacion-de-tus-hijos-instituto-americano-de-salud-digiestiva\/\"><\/a><\/div><div class=\"eael-entry-thumbnail \">\n                <img decoding=\"async\" width=\"792\" height=\"792\" src=\"https:\/\/soymigrante.com\/revista\/wp-content\/uploads\/2024\/08\/ALIMENTACION-INFANTIL.webp\" class=\"attachment-large size-large wp-image-8242\" alt=\"Disfrutando de una rodaja de sand\u00eda, ni\u00f1a comiendo fruta refrescante, verano, saludable, en el parque, sonriente, saludable y feliz.\" srcset=\"https:\/\/soymigrante.com\/revista\/wp-content\/uploads\/2024\/08\/ALIMENTACION-INFANTIL.webp 792w, https:\/\/soymigrante.com\/revista\/wp-content\/uploads\/2024\/08\/ALIMENTACION-INFANTIL-300x300.webp 300w, https:\/\/soymigrante.com\/revista\/wp-content\/uploads\/2024\/08\/ALIMENTACION-INFANTIL-150x150.webp 150w, https:\/\/soymigrante.com\/revista\/wp-content\/uploads\/2024\/08\/ALIMENTACION-INFANTIL-768x768.webp 768w, https:\/\/soymigrante.com\/revista\/wp-content\/uploads\/2024\/08\/ALIMENTACION-INFANTIL-75x75.webp 75w, https:\/\/soymigrante.com\/revista\/wp-content\/uploads\/2024\/08\/ALIMENTACION-INFANTIL-750x750.webp 750w\" sizes=\"(max-width: 792px) 100vw, 792px\" \/>\n            <\/div>\n        <\/div><div class=\"eael-entry-wrapper\"><header class=\"eael-entry-header\"><h2 class=\"eael-entry-title\"><a class=\"eael-grid-post-link\" href=\"https:\/\/soymigrante.com\/revista\/como-cuidar-la-alimentacion-de-tus-hijos-instituto-americano-de-salud-digiestiva\/\" title=\"C\u00f3mo cuidar la alimentaci\u00f3n de tus hijos: instituto americano de salud digestiva\">C\u00f3mo cuidar la alimentaci\u00f3n de tus hijos: instituto americano de salud digestiva<\/a><\/h2><\/header><div class=\"eael-entry-content\">\n                        <div class=\"eael-grid-post-excerpt\"><a href=\"https:\/\/soymigrante.com\/revista\/como-cuidar-la-alimentacion-de-tus-hijos-instituto-americano-de-salud-digiestiva\/\" class=\"eael-post-elements-readmore-btn\">CONOCE SU HISTORIA <\/a><\/div>\n                    <\/div><\/div><\/div>\n        <\/div>\n    <\/article><article class=\"eael-grid-post  eael-post-grid-column eael-pg-post-7915 category-bienestar\" data-id=\"7915\">\n        <div class=\"eael-grid-post-holder\">\n            <div class=\"eael-grid-post-holder-inner\"><div class=\"eael-entry-media\"><div class=\"eael-entry-overlay fade-in\"><i class=\"far fa-hand-pointer\" aria-hidden=\"true\"><\/i><a href=\"https:\/\/soymigrante.com\/revista\/no-todos-pensamos-en-una-refaccion-saludable-pero-debemos\/\"><\/a><\/div><div class=\"eael-entry-thumbnail \">\n                <img loading=\"lazy\" decoding=\"async\" width=\"487\" height=\"486\" src=\"https:\/\/soymigrante.com\/revista\/wp-content\/uploads\/2024\/08\/refaccion-saludable-en-el-trabajo-soy-migrante4-e1723753062880.webp\" class=\"attachment-large size-large wp-image-7960\" alt=\"Fruta fresca en un frasco de vidrio con yogurt y cereales, s\u00edmbolo de salud y bienestar, en un entorno minimalista.\" srcset=\"https:\/\/soymigrante.com\/revista\/wp-content\/uploads\/2024\/08\/refaccion-saludable-en-el-trabajo-soy-migrante4-e1723753062880.webp 487w, https:\/\/soymigrante.com\/revista\/wp-content\/uploads\/2024\/08\/refaccion-saludable-en-el-trabajo-soy-migrante4-e1723753062880-300x300.webp 300w, https:\/\/soymigrante.com\/revista\/wp-content\/uploads\/2024\/08\/refaccion-saludable-en-el-trabajo-soy-migrante4-e1723753062880-150x150.webp 150w, https:\/\/soymigrante.com\/revista\/wp-content\/uploads\/2024\/08\/refaccion-saludable-en-el-trabajo-soy-migrante4-e1723753062880-75x75.webp 75w\" sizes=\"(max-width: 487px) 100vw, 487px\" \/>\n            <\/div>\n        <\/div><div class=\"eael-entry-wrapper\"><header class=\"eael-entry-header\"><h2 class=\"eael-entry-title\"><a class=\"eael-grid-post-link\" href=\"https:\/\/soymigrante.com\/revista\/no-todos-pensamos-en-una-refaccion-saludable-pero-debemos\/\" title=\"No todos pensamos en una refacci\u00f3n saludable, pero debemos\">No todos pensamos en una refacci\u00f3n saludable, pero debemos<\/a><\/h2><\/header><div class=\"eael-entry-content\">\n                        <div class=\"eael-grid-post-excerpt\"><a href=\"https:\/\/soymigrante.com\/revista\/no-todos-pensamos-en-una-refaccion-saludable-pero-debemos\/\" class=\"eael-post-elements-readmore-btn\">CONOCE SU HISTORIA <\/a><\/div>\n                    <\/div><\/div><\/div>\n        <\/div>\n    <\/article><article class=\"eael-grid-post  eael-post-grid-column eael-pg-post-5615 category-bienestar\" data-id=\"5615\">\n        <div class=\"eael-grid-post-holder\">\n            <div class=\"eael-grid-post-holder-inner\"><div class=\"eael-entry-media\"><div class=\"eael-entry-overlay fade-in\"><i class=\"far fa-hand-pointer\" aria-hidden=\"true\"><\/i><a href=\"https:\/\/soymigrante.com\/revista\/dar-y-compartir-en-esta-semana-santa-y-mas-alla\/\"><\/a><\/div><div class=\"eael-entry-thumbnail \">\n                <img loading=\"lazy\" decoding=\"async\" width=\"1002\" height=\"700\" src=\"https:\/\/soymigrante.com\/revista\/wp-content\/uploads\/2024\/03\/Captura-de-pantalla-2024-03-25-132254.webp\" class=\"attachment-large size-large wp-image-5616\" alt=\"Consejos de salud f\u00edsica y espiritual para migrantes en Semana Santa. Foto de atardecer mujer en oraci\u00f3n\" srcset=\"https:\/\/soymigrante.com\/revista\/wp-content\/uploads\/2024\/03\/Captura-de-pantalla-2024-03-25-132254.webp 1002w, https:\/\/soymigrante.com\/revista\/wp-content\/uploads\/2024\/03\/Captura-de-pantalla-2024-03-25-132254-300x210.webp 300w, https:\/\/soymigrante.com\/revista\/wp-content\/uploads\/2024\/03\/Captura-de-pantalla-2024-03-25-132254-768x537.webp 768w, https:\/\/soymigrante.com\/revista\/wp-content\/uploads\/2024\/03\/Captura-de-pantalla-2024-03-25-132254-750x524.webp 750w\" sizes=\"(max-width: 1002px) 100vw, 1002px\" \/>\n            <\/div>\n        <\/div><div class=\"eael-entry-wrapper\"><header class=\"eael-entry-header\"><h2 class=\"eael-entry-title\"><a class=\"eael-grid-post-link\" href=\"https:\/\/soymigrante.com\/revista\/dar-y-compartir-en-esta-semana-santa-y-mas-alla\/\" title=\"Salud f\u00edsica y espiritual en esta Semana Santa y m\u00e1s all\u00e1\">Salud f\u00edsica y espiritual en esta Semana Santa y m\u00e1s all\u00e1<\/a><\/h2><\/header><div class=\"eael-entry-content\">\n                        <div class=\"eael-grid-post-excerpt\"><a href=\"https:\/\/soymigrante.com\/revista\/dar-y-compartir-en-esta-semana-santa-y-mas-alla\/\" class=\"eael-post-elements-readmore-btn\">CONOCE SU HISTORIA <\/a><\/div>\n                    <\/div><\/div><\/div>\n        <\/div>\n    <\/article><\/div>\n            <div class=\"clearfix\"><\/div>\n        <\/div>\t\t\t\t<\/div>\n\t\t\t\t\t<\/div>\n\t\t\t\t<\/div>\n\t\t\t\t<\/div>\n\t\t","protected":false},"excerpt":{"rendered":"<p>De acuerdo con el Instituto Nacional de la Salud de USA, los hombres tienen una esperanza de vida de seis a\u00f1os menos que las mujeres y estos son propensos a morir por enfermedades cr\u00f3nicas y graves. El chequeo m\u00e9dico regular, sobre todo en el hombre, debe cobrar relevancia, ya que la falta de estos y [&hellip;]<\/p>\n","protected":false},"author":23,"featured_media":9256,"comment_status":"open","ping_status":"open","sticky":false,"template":"","format":"standard","meta":{"_acf_changed":true,"_eb_attr":"","footnotes":""},"categories":[55],"tags":[],"class_list":["post-9250","post","type-post","status-publish","format-standard","has-post-thumbnail","hentry","category-bienestar"],"acf":[],"aioseo_notices":[],"aioseo_head":"\n\t\t<!-- All in One SEO Pro 4.9.6.2 - aioseo.com -->\n\t<meta name=\"description\" content=\"La vida del migrante tiene aspiraciones y trabajos, dificultades y momentos en que se clama al cielo o se ayuda a alguien m\u00e1s. Esta Semana Santa puede ser para descubrir a Dios y ayudar a los dem\u00e1s a encontrarlo. Por Guillermo Delgado, fraile dominico, espcial para SoyMigrante.com En esta Semana Santa deseamos que todo lo\" \/>\n\t<meta name=\"robots\" content=\"max-snippet:-1, max-image-preview:large, max-video-preview:-1\" \/>\n\t<meta name=\"author\" content=\"Beatriz Tercero\"\/>\n\t<link rel=\"canonical\" href=\"https:\/\/soymigrante.com\/revista\/salud-preventiva-enfermedades-cronicas-afectan-mas-a-hombres-en-usa\/\" \/>\n\t<meta name=\"generator\" content=\"All in One SEO Pro (AIOSEO) 4.9.6.2\" \/>\n\n\t\t<link rel=\"preconnect\" href=\"https:\/\/fonts.googleapis.com\" crossorigin>\n<link rel=\"preconnect\" href=\"https:\/\/fonts.gstatic.com\" crossorigin>\n\t\t<meta property=\"og:locale\" content=\"es_ES\" \/>\n\t\t<meta property=\"og:site_name\" content=\"SoyMigrante.com REVISTA \u2013 Nuestra misi\u00f3n es reconocer y dignificar al migrante.\" \/>\n\t\t<meta property=\"og:type\" content=\"article\" \/>\n\t\t<meta property=\"og:title\" content=\"Salud preventiva: Enfermedades cr\u00f3nicas afectan m\u00e1s a hombres en USA\" \/>\n\t\t<meta property=\"og:description\" content=\"De acuerdo con el Instituto Nacional de la Salud de USA, los hombres tienen una esperanza de vida de seis a\u00f1os menos que las mujeres\" \/>\n\t\t<meta property=\"og:url\" content=\"https:\/\/soymigrante.com\/revista\/salud-preventiva-enfermedades-cronicas-afectan-mas-a-hombres-en-usa\/\" \/>\n\t\t<meta property=\"og:image\" content=\"https:\/\/soymigrante.com\/revista\/wp-content\/uploads\/2024\/09\/cheque-medico-hombres-soy-migrante2-scaled.webp\" \/>\n\t\t<meta property=\"og:image:secure_url\" content=\"https:\/\/soymigrante.com\/revista\/wp-content\/uploads\/2024\/09\/cheque-medico-hombres-soy-migrante2-scaled.webp\" \/>\n\t\t<meta property=\"og:image:width\" content=\"1920\" \/>\n\t\t<meta property=\"og:image:height\" content=\"1920\" \/>\n\t\t<meta property=\"article:published_time\" content=\"2024-09-16T17:04:09+00:00\" \/>\n\t\t<meta property=\"article:modified_time\" content=\"2024-09-16T20:59:38+00:00\" \/>\n\t\t<meta property=\"article:publisher\" content=\"https:\/\/www.facebook.com\/soymigrantecom\" \/>\n\t\t<meta name=\"twitter:card\" content=\"summary_large_image\" \/>\n\t\t<meta name=\"twitter:site\" content=\"@SoyMigrante_com\" \/>\n\t\t<meta name=\"twitter:title\" content=\"Salud preventiva: Enfermedades cr\u00f3nicas afectan m\u00e1s a hombres en USA\" \/>\n\t\t<meta name=\"twitter:description\" content=\"De acuerdo con el Instituto Nacional de la Salud de USA, los hombres tienen una esperanza de vida de seis a\u00f1os menos que las mujeres\" \/>\n\t\t<meta name=\"twitter:creator\" content=\"@SoyMigrante_com\" \/>\n\t\t<meta name=\"twitter:image\" content=\"https:\/\/soymigrante.com\/revista\/wp-content\/uploads\/2024\/09\/cheque-medico-hombres-soy-migrante2-scaled.webp\" \/>\n\t\t<!-- All in One SEO Pro -->\r\n\t\t<title>Salud preventiva: Enfermedades cr\u00f3nicas afectan m\u00e1s a hombres en USA<\/title>\n\n","aioseo_head_json":{"title":"Salud preventiva: Enfermedades cr\u00f3nicas afectan m\u00e1s a hombres en USA","description":"De acuerdo con el Instituto Nacional de la Salud de USA, los hombres tienen una esperanza de vida de seis a\u00f1os menos que las mujeres","canonical_url":"https:\/\/soymigrante.com\/revista\/salud-preventiva-enfermedades-cronicas-afectan-mas-a-hombres-en-usa\/","robots":"max-snippet:-1, max-image-preview:large, max-video-preview:-1","keywords":"","webmasterTools":{"miscellaneous":"&lt;link rel=\"preconnect\" href=\"https:\/\/fonts.googleapis.com\" crossorigin&gt;\n&lt;link rel=\"preconnect\" href=\"https:\/\/fonts.gstatic.com\" crossorigin&gt;"},"schema":null,"og:locale":"es_ES","og:site_name":"SoyMigrante.com REVISTA \u2013 Nuestra misi\u00f3n es reconocer y dignificar al migrante.","og:type":"article","og:title":"Salud preventiva: Enfermedades cr\u00f3nicas afectan m\u00e1s a hombres en USA","og:description":"De acuerdo con el Instituto Nacional de la Salud de USA, los hombres tienen una esperanza de vida de seis a\u00f1os menos que las mujeres","og:url":"https:\/\/soymigrante.com\/revista\/salud-preventiva-enfermedades-cronicas-afectan-mas-a-hombres-en-usa\/","og:image":"https:\/\/soymigrante.com\/revista\/wp-content\/uploads\/2024\/09\/cheque-medico-hombres-soy-migrante2-scaled.webp","og:image:secure_url":"https:\/\/soymigrante.com\/revista\/wp-content\/uploads\/2024\/09\/cheque-medico-hombres-soy-migrante2-scaled.webp","og:image:width":1920,"og:image:height":1920,"article:published_time":"2024-09-16T17:04:09+00:00","article:modified_time":"2024-09-16T20:59:38+00:00","article:publisher":"https:\/\/www.facebook.com\/soymigrantecom","twitter:card":"summary_large_image","twitter:site":"@SoyMigrante_com","twitter:title":"Salud preventiva: Enfermedades cr\u00f3nicas afectan m\u00e1s a hombres en USA","twitter:description":"De acuerdo con el Instituto Nacional de la Salud de USA, los hombres tienen una esperanza de vida de seis a\u00f1os menos que las mujeres","twitter:creator":"@SoyMigrante_com","twitter:image":"https:\/\/soymigrante.com\/revista\/wp-content\/uploads\/2024\/09\/cheque-medico-hombres-soy-migrante2-scaled.webp"},"aioseo_meta_data":{"post_id":"9250","title":null,"description":"De acuerdo con el Instituto Nacional de la Salud de USA, los hombres tienen una esperanza de vida de seis a\u00f1os menos que las mujeres","keywords":null,"keyphrases":{"focus":{"keyphrase":"salud","score":91,"analysis":{"keyphraseInTitle":{"score":9,"maxScore":9,"error":0},"keyphraseInDescription":{"score":9,"maxScore":9,"error":0},"keyphraseLength":{"score":9,"maxScore":9,"error":0,"length":1},"keyphraseInURL":{"score":5,"maxScore":5,"error":0},"keyphraseInIntroduction":{"score":3,"maxScore":9,"error":1},"keyphraseInSubHeadings":{"score":9,"maxScore":9,"error":0},"keyphraseInImageAlt":{"score":9,"maxScore":9,"error":0},"keywordDensity":{"type":"best","score":9,"maxScore":9,"error":0}}},"additional":[{"keyphrase":"hombres","score":73,"analysis":{"keyphraseInDescription":{"score":9,"maxScore":9,"error":0},"keyphraseLength":{"score":9,"maxScore":9,"error":0,"length":1},"keyphraseInIntroduction":{"score":3,"maxScore":9,"error":1},"keyphraseInImageAlt":{"score":3,"maxScore":9,"error":1},"keywordDensity":{"type":"best","score":9,"maxScore":9,"error":0}}},{"keyphrase":"cheque m\u00e9dico","score":53,"analysis":{"keyphraseInDescription":{"score":3,"maxScore":9,"error":1},"keyphraseLength":{"score":9,"maxScore":9,"error":0,"length":3},"keyphraseInIntroduction":{"score":3,"maxScore":9,"error":1},"keyphraseInImageAlt":{"score":9,"maxScore":9,"error":0},"keywordDensity":{"score":0,"type":"low","maxScore":9,"error":1}}},{"keyphrase":"ex\u00e1menes m\u00e9dicos","score":40,"analysis":{"keyphraseInDescription":{"score":3,"maxScore":9,"error":1},"keyphraseLength":{"score":9,"maxScore":9,"error":0,"length":4},"keyphraseInIntroduction":{"score":3,"maxScore":9,"error":1},"keyphraseInImageAlt":{"score":3,"maxScore":9,"error":1},"keywordDensity":{"score":0,"type":"low","maxScore":9,"error":1}}},{"keyphrase":"medicare","score":60,"analysis":{"keyphraseInDescription":{"score":3,"maxScore":9,"error":1},"keyphraseLength":{"score":9,"maxScore":9,"error":0,"length":1},"keyphraseInIntroduction":{"score":3,"maxScore":9,"error":1},"keyphraseInImageAlt":{"score":3,"maxScore":9,"error":1},"keywordDensity":{"type":"best","score":9,"maxScore":9,"error":0}}}]},"primary_term":null,"canonical_url":null,"og_title":null,"og_description":null,"og_object_type":"default","og_image_type":"default","og_image_url":null,"og_image_width":null,"og_image_height":null,"og_image_custom_url":null,"og_image_custom_fields":null,"og_video":"","og_custom_url":null,"og_article_section":null,"og_article_tags":null,"twitter_use_og":false,"twitter_card":"default","twitter_image_type":"default","twitter_image_url":null,"twitter_image_custom_url":null,"twitter_image_custom_fields":null,"twitter_title":null,"twitter_description":null,"schema":{"blockGraphs":[],"customGraphs":[],"default":{"data":{"Article":[],"Course":[],"Dataset":[],"FAQPage":[],"Movie":[],"Person":[],"Product":[],"ProductReview":[],"Car":[],"Recipe":[],"Service":[],"SoftwareApplication":[],"WebPage":[]},"graphName":"Article","isEnabled":true},"graphs":[]},"schema_type":"default","schema_type_options":null,"pillar_content":false,"robots_default":true,"robots_noindex":false,"robots_noarchive":false,"robots_nosnippet":false,"robots_nofollow":false,"robots_noimageindex":false,"robots_noodp":false,"robots_notranslate":false,"robots_max_snippet":"-1","robots_max_videopreview":"-1","robots_max_imagepreview":"large","priority":null,"frequency":"default","local_seo":null,"seo_analyzer_scan_date":"2025-10-08 23:03:40","breadcrumb_settings":null,"limit_modified_date":false,"reviewed_by":null,"open_ai":"{\"title\":{\"suggestions\":[],\"usage\":0},\"description\":{\"suggestions\":[],\"usage\":0}}","ai":null,"created":"2024-09-13 21:10:58","updated":"2026-02-04 13:04:57"},"aioseo_breadcrumb":"<div class=\"aioseo-breadcrumbs\"><span class=\"aioseo-breadcrumb\">\n\t<a href=\"https:\/\/soymigrante.com\/revista\" title=\"Home\">Home<\/a>\n<\/span><span class=\"aioseo-breadcrumb-separator\">\u00bb<\/span><span class=\"aioseo-breadcrumb\">\n\t<a href=\"https:\/\/soymigrante.com\/revista\/category\/bienestar\/\" title=\"Bienestar\">Bienestar<\/a>\n<\/span><span class=\"aioseo-breadcrumb-separator\">\u00bb<\/span><span class=\"aioseo-breadcrumb\">\n\tSalud preventiva: Enfermedades cr\u00f3nicas afectan m\u00e1s a hombres en USA\n<\/span><\/div>","aioseo_breadcrumb_json":[{"label":"Home","link":"https:\/\/soymigrante.com\/revista"},{"label":"Bienestar","link":"https:\/\/soymigrante.com\/revista\/category\/bienestar\/"},{"label":"Salud preventiva: Enfermedades cr\u00f3nicas afectan m\u00e1s a hombres en USA","link":"https:\/\/soymigrante.com\/revista\/salud-preventiva-enfermedades-cronicas-afectan-mas-a-hombres-en-usa\/"}],"_links":{"self":[{"href":"https:\/\/soymigrante.com\/revista\/wp-json\/wp\/v2\/posts\/9250","targetHints":{"allow":["GET"]}}],"collection":[{"href":"https:\/\/soymigrante.com\/revista\/wp-json\/wp\/v2\/posts"}],"about":[{"href":"https:\/\/soymigrante.com\/revista\/wp-json\/wp\/v2\/types\/post"}],"author":[{"embeddable":true,"href":"https:\/\/soymigrante.com\/revista\/wp-json\/wp\/v2\/users\/23"}],"replies":[{"embeddable":true,"href":"https:\/\/soymigrante.com\/revista\/wp-json\/wp\/v2\/comments?post=9250"}],"version-history":[{"count":0,"href":"https:\/\/soymigrante.com\/revista\/wp-json\/wp\/v2\/posts\/9250\/revisions"}],"wp:featuredmedia":[{"embeddable":true,"href":"https:\/\/soymigrante.com\/revista\/wp-json\/wp\/v2\/media\/9256"}],"wp:attachment":[{"href":"https:\/\/soymigrante.com\/revista\/wp-json\/wp\/v2\/media?parent=9250"}],"wp:term":[{"taxonomy":"category","embeddable":true,"href":"https:\/\/soymigrante.com\/revista\/wp-json\/wp\/v2\/categories?post=9250"},{"taxonomy":"post_tag","embeddable":true,"href":"https:\/\/soymigrante.com\/revista\/wp-json\/wp\/v2\/tags?post=9250"}],"curies":[{"name":"wp","href":"https:\/\/api.w.org\/{rel}","templated":true}]}}