{"id":9169,"date":"2024-09-20T11:13:41","date_gmt":"2024-09-20T17:13:41","guid":{"rendered":"https:\/\/soymigrante.com\/revista\/?p=9169"},"modified":"2025-09-17T07:35:23","modified_gmt":"2025-09-17T13:35:23","slug":"pueblo-qeqchi-es-el-idioma-maya-con-mayor-cifra-de-hablantes","status":"publish","type":"post","link":"https:\/\/soymigrante.com\/revista\/pueblo-qeqchi-es-el-idioma-maya-con-mayor-cifra-de-hablantes\/","title":{"rendered":"Pueblo Q&#8217;eqchi&#8217; es el idioma maya con mayor cifra de hablantes"},"content":{"rendered":"\t\t<div data-elementor-type=\"wp-post\" data-elementor-id=\"9169\" class=\"elementor elementor-9169\" data-elementor-post-type=\"post\">\n\t\t\t\t<div data-particle_enable=\"false\" data-particle-mobile-disabled=\"false\" class=\"elementor-element elementor-element-8c94da8 e-flex e-con-boxed e-con e-parent\" data-id=\"8c94da8\" data-element_type=\"container\" data-e-type=\"container\">\n\t\t\t\t\t<div class=\"e-con-inner\">\n\t\t\t\t<div class=\"elementor-element elementor-element-79d2661 elementor-widget elementor-widget-heading\" data-id=\"79d2661\" data-element_type=\"widget\" data-e-type=\"widget\" data-widget_type=\"heading.default\">\n\t\t\t\t\t<h2 class=\"elementor-heading-title elementor-size-default\">En la actual regi\u00f3n de Las Verapaces se form\u00f3 el se\u00f1or\u00edo Cham\u00e1. En el a\u00f1o 1,500 exist\u00edan en esa \u00e1rea avanzadas comunidades gobernadas por caciques que plantaron f\u00e9rrea resistencia a la invasi\u00f3n espa\u00f1ola. Hoy es el pueblo Q'eqchi'.  <\/h2>\t\t\t\t<\/div>\n\t\t\t\t\t<\/div>\n\t\t\t\t<\/div>\n\t\t<div data-particle_enable=\"false\" data-particle-mobile-disabled=\"false\" class=\"elementor-element elementor-element-281a47b e-flex e-con-boxed e-con e-parent\" data-id=\"281a47b\" data-element_type=\"container\" data-e-type=\"container\">\n\t\t\t\t\t<div class=\"e-con-inner\">\n\t\t\t\t<div class=\"elementor-element elementor-element-a4e869e elementor-widget elementor-widget-text-editor\" data-id=\"a4e869e\" data-element_type=\"widget\" data-e-type=\"widget\" data-widget_type=\"text-editor.default\">\n\t\t\t\t\t\t\t\t\t<p>La mayor\u00eda de los hablantes del idioma Q\u2019eqchi\u2019 viven en el departamento de Alta Verapaz. Pero esta comunidad se extiende desde el departamento de Quich\u00e9, en el occidente, hasta el departamento de Izabal, en el oriente.\u00a0 De los veinticuatro pueblos ind\u00edgenas de Guatemala, los Q&#8217;eqch\u00ed&#8217; ocupan el territorio m\u00e1s pr\u00f3ximo al principal centro de civilizaci\u00f3n maya, Tikal. De los a\u00f1os 700 al 1,200, recibi\u00f3 influencias culturales de los grupos pipil, tolteca y chichimeca.<\/p><p>La ciudad de Cob\u00e1n, Alta Verapaz fue conocida como Santo Domingo de Cob\u00e1n, en la \u00e9poca colonial.\u00a0 Obtuvo el t\u00edtulo de \u201cCiudad Imperial\u201d por real c\u00e9dula de \u00a0Carlos V, emperador del Sacro Imperio Romano (1500-1558), quien le otorg\u00f3 un escudo con las figuras de una paloma y un arco iris con la leyenda: \u201cYo pondr\u00e9 mi arco\u201d.<\/p>\t\t\t\t\t\t\t\t<\/div>\n\t\t\t\t\t<\/div>\n\t\t\t\t<\/div>\n\t\t<div data-particle_enable=\"false\" data-particle-mobile-disabled=\"false\" class=\"elementor-element elementor-element-0c72620 e-flex e-con-boxed e-con e-parent\" data-id=\"0c72620\" data-element_type=\"container\" data-e-type=\"container\">\n\t\t\t\t\t<div class=\"e-con-inner\">\n\t\t\t\t<div class=\"elementor-element elementor-element-64a27fb elementor-widget elementor-widget-image\" data-id=\"64a27fb\" data-element_type=\"widget\" data-e-type=\"widget\" data-widget_type=\"image.default\">\n\t\t\t\t\t\t\t\t\t\t\t\t<figure class=\"wp-caption\">\n\t\t\t\t\t\t\t\t\t\t<img fetchpriority=\"high\" decoding=\"async\" width=\"1024\" height=\"547\" src=\"https:\/\/soymigrante.com\/revista\/wp-content\/uploads\/2024\/09\/candidatas-rabin-coban-angel-martin-tax-2-1024x547.webp\" class=\"attachment-large size-large wp-image-9273\" alt=\"Cada a\u00f1o es tradici\u00f3n la elecci\u00f3n de una joven representativa de la belleza y el talento Q&#039;eqchi&#039;, que es nombrada como Rab\u00edn Cob\u00e1n. (Fotograf\u00eda archivo de Angel Martin Tax, periodista de Alta Verapaz)\" srcset=\"https:\/\/soymigrante.com\/revista\/wp-content\/uploads\/2024\/09\/candidatas-rabin-coban-angel-martin-tax-2-1024x547.webp 1024w, https:\/\/soymigrante.com\/revista\/wp-content\/uploads\/2024\/09\/candidatas-rabin-coban-angel-martin-tax-2-300x160.webp 300w, https:\/\/soymigrante.com\/revista\/wp-content\/uploads\/2024\/09\/candidatas-rabin-coban-angel-martin-tax-2-768x410.webp 768w, https:\/\/soymigrante.com\/revista\/wp-content\/uploads\/2024\/09\/candidatas-rabin-coban-angel-martin-tax-2-750x401.webp 750w, https:\/\/soymigrante.com\/revista\/wp-content\/uploads\/2024\/09\/candidatas-rabin-coban-angel-martin-tax-2-1140x609.webp 1140w, https:\/\/soymigrante.com\/revista\/wp-content\/uploads\/2024\/09\/candidatas-rabin-coban-angel-martin-tax-2.webp 1235w\" sizes=\"(max-width: 1024px) 100vw, 1024px\" title=\"Cada a\u00f1o es tradici\u00f3n la elecci\u00f3n de una joven representativa de la belleza y el talento Q&#039;eqchi&#039;, que es nombrada como Rab\u00edn Cob\u00e1n. (Fotograf\u00eda archivo de Angel Martin Tax, periodista de Alta Verapaz) \u2013 SoyMigrante.com REVISTA\" \/>\t\t\t\t\t\t\t\t\t\t\t<figcaption class=\"widget-image-caption wp-caption-text\">Cada a\u00f1o es tradici\u00f3n la elecci\u00f3n de una joven representativa de la belleza y el talento Q'eqchi', que es nombrada como Rab\u00edn Cob\u00e1n. (Fotograf\u00eda archivo de Angel Martin Tax, periodista de Alta Verapaz)<\/figcaption>\n\t\t\t\t\t\t\t\t\t\t<\/figure>\n\t\t\t\t\t\t\t\t\t<\/div>\n\t\t\t\t\t<\/div>\n\t\t\t\t<\/div>\n\t\t<div data-particle_enable=\"false\" data-particle-mobile-disabled=\"false\" class=\"elementor-element elementor-element-ef7a2a5 e-flex e-con-boxed e-con e-parent\" data-id=\"ef7a2a5\" data-element_type=\"container\" data-e-type=\"container\">\n\t\t\t\t\t<div class=\"e-con-inner\">\n\t\t\t\t<div class=\"elementor-element elementor-element-c5ac00f elementor-widget elementor-widget-heading\" data-id=\"c5ac00f\" data-element_type=\"widget\" data-e-type=\"widget\" data-widget_type=\"heading.default\">\n\t\t\t\t\t<h3 class=\"elementor-heading-title elementor-size-default\">El territorio Q'eqchi' <\/h3>\t\t\t\t<\/div>\n\t\t\t\t\t<\/div>\n\t\t\t\t<\/div>\n\t\t<div data-particle_enable=\"false\" data-particle-mobile-disabled=\"false\" class=\"elementor-element elementor-element-552db8f e-flex e-con-boxed e-con e-parent\" data-id=\"552db8f\" data-element_type=\"container\" data-e-type=\"container\">\n\t\t\t\t\t<div class=\"e-con-inner\">\n\t\t\t\t<div class=\"elementor-element elementor-element-be5b725 elementor-widget elementor-widget-text-editor\" data-id=\"be5b725\" data-element_type=\"widget\" data-e-type=\"widget\" data-widget_type=\"text-editor.default\">\n\t\t\t\t\t\t\t\t\t<p>Integran la regi\u00f3n Q\u2019eqchi\u2019 los siguientes municipios de:<\/p><ul><li>Chahal, Chisec, Cob\u00e1n, Fray Bartolom\u00e9 las Casas, Lanqu\u00edn, Panz\u00f3s, San Juan\u00a0 Chamelco, San Pedro Carch\u00e1, Santa Mar\u00eda Cahab\u00f3n, Senah\u00fa y Tucur\u00fa, del departamento de Alta Verapaz.<\/li><li>Purulh\u00e1, departamento del departamento de Baja Verapaz.<\/li><li>La Libertad, Popt\u00fan, San Luis y Sayaxch\u00e9, del departamento de Pet\u00e9n.<\/li><li>Ixc\u00e1n, Playa Grande y Uspant\u00e1n, del departamento de Quich\u00e9.<\/li><li>El Estor, Livingston y Morales, departamento de Izabal.<\/li><li>Distrito de Toledo, Belice.<\/li><\/ul><p>\u00a0<\/p><p>Ocupa una extensi\u00f3n territorial de: 24,662 kil\u00f3metros cuadrados en la zona n\u00facleo y 29,582 kil\u00f3metros cuadrados con la zona de avance. Fuente: Atlas Ling\u00fc\u00edstico de Guatemala. Instituto de Ling\u00fc\u00edstica y Educaci\u00f3n URL- Michael Richards. 2003<\/p>\t\t\t\t\t\t\t\t<\/div>\n\t\t\t\t\t<\/div>\n\t\t\t\t<\/div>\n\t\t<div data-particle_enable=\"false\" data-particle-mobile-disabled=\"false\" class=\"elementor-element elementor-element-c5ed681 e-flex e-con-boxed e-con e-parent\" data-id=\"c5ed681\" data-element_type=\"container\" data-e-type=\"container\">\n\t\t\t\t\t<div class=\"e-con-inner\">\n\t\t\t\t<div class=\"elementor-element elementor-element-e872854 elementor-widget elementor-widget-image\" data-id=\"e872854\" data-element_type=\"widget\" data-e-type=\"widget\" data-widget_type=\"image.default\">\n\t\t\t\t\t\t\t\t\t\t\t\t\t\t\t<img decoding=\"async\" width=\"604\" height=\"766\" src=\"https:\/\/soymigrante.com\/revista\/wp-content\/uploads\/2024\/09\/Mapa-linguistico-Qeqchi-Min-Educ-Digebi.webp\" class=\"attachment-large size-large wp-image-9171\" alt=\"Mapeo ling\u00fc\u00edstico de Guatemala de las lenguas mayas, Xinka y gar\u00edfuna en la Revista SoyMigrante, enfocado en cultura, idiomas ind\u00edgenas y comunidades migrantes en Guatemala.\" srcset=\"https:\/\/soymigrante.com\/revista\/wp-content\/uploads\/2024\/09\/Mapa-linguistico-Qeqchi-Min-Educ-Digebi.webp 604w, https:\/\/soymigrante.com\/revista\/wp-content\/uploads\/2024\/09\/Mapa-linguistico-Qeqchi-Min-Educ-Digebi-237x300.webp 237w\" sizes=\"(max-width: 604px) 100vw, 604px\" title=\"Mapa lingu\u0308i\u0301stico Qeqchi Min Educ Digebi \u2013 SoyMigrante.com REVISTA\" \/>\t\t\t\t\t\t\t\t\t\t\t\t\t\t\t<\/div>\n\t\t\t\t\t<\/div>\n\t\t\t\t<\/div>\n\t\t<div data-particle_enable=\"false\" data-particle-mobile-disabled=\"false\" class=\"elementor-element elementor-element-06b519d e-flex e-con-boxed e-con e-parent\" data-id=\"06b519d\" data-element_type=\"container\" data-e-type=\"container\">\n\t\t\t\t\t<div class=\"e-con-inner\">\n\t\t\t\t<div class=\"elementor-element elementor-element-b8cb0c0 elementor-widget elementor-widget-text-editor\" data-id=\"b8cb0c0\" data-element_type=\"widget\" data-e-type=\"widget\" data-widget_type=\"text-editor.default\">\n\t\t\t\t\t\t\t\t\t<p>Poblaci\u00f3n aproximada: 1 mill\u00f3n 370 mil\u00a0 habitantes. Es el idioma maya guatemalteco con mayor cantidad de hablantes, seg\u00fan el\u00a0\u00a0<span style=\"color: var( --e-global-color-text ); text-align: var(--text-align);\">Censo Nacional de\u00a0 Poblaci\u00f3n y VII de Vivienda. 2018. (<\/span><a style=\"text-align: var(--text-align);\" href=\"http:\/\/www.ine.gob.gt\" target=\"_blank\" rel=\"noopener\">www.ine.gob.gt<\/a><span style=\"color: var( --e-global-color-text ); text-align: var(--text-align);\">)<\/span><\/p>\t\t\t\t\t\t\t\t<\/div>\n\t\t\t\t\t<\/div>\n\t\t\t\t<\/div>\n\t\t<div data-particle_enable=\"false\" data-particle-mobile-disabled=\"false\" class=\"elementor-element elementor-element-7d6f0bf e-flex e-con-boxed e-con e-parent\" data-id=\"7d6f0bf\" data-element_type=\"container\" data-e-type=\"container\">\n\t\t\t\t\t<div class=\"e-con-inner\">\n\t\t\t\t<div class=\"elementor-element elementor-element-96637bc elementor-widget elementor-widget-text-editor\" data-id=\"96637bc\" data-element_type=\"widget\" data-e-type=\"widget\" data-widget_type=\"text-editor.default\">\n\t\t\t\t\t\t\t\t\t<p>En Estados Unidos se registra presencia Q\u2019eqchi\u2019 en varios Estados:\u00a0<\/p>\n<ul>\n<li><span style=\"color: var( --e-global-color-text ); text-align: var(--text-align);\">Seattle, Washington<\/span><\/li>\n<li>San Francisco, California<\/li>\n<li>Phoenix, Arizona<\/li>\n<li>Del R\u00edo, McCallen, Dallas y Houston, Texas<\/li>\n<li>Chicago, Illinois<\/li>\n<li>Atlanta, Giorgia<\/li>\n<li>Maryland city<\/li>\n<li>Providence, Rhode Island.<\/li>\n<\/ul>\t\t\t\t\t\t\t\t<\/div>\n\t\t\t\t\t<\/div>\n\t\t\t\t<\/div>\n\t\t<div data-particle_enable=\"false\" data-particle-mobile-disabled=\"false\" class=\"elementor-element elementor-element-4fa4eee e-flex e-con-boxed e-con e-parent\" data-id=\"4fa4eee\" data-element_type=\"container\" data-e-type=\"container\">\n\t\t\t\t\t<div class=\"e-con-inner\">\n\t\t\t\t<div class=\"elementor-element elementor-element-c3e424b elementor-widget elementor-widget-image\" data-id=\"c3e424b\" data-element_type=\"widget\" data-e-type=\"widget\" data-widget_type=\"image.default\">\n\t\t\t\t\t\t\t\t\t\t\t\t<figure class=\"wp-caption\">\n\t\t\t\t\t\t\t\t\t\t<img decoding=\"async\" width=\"917\" height=\"627\" src=\"https:\/\/soymigrante.com\/revista\/wp-content\/uploads\/2024\/06\/Captura-de-pantalla-2024-05-09-172200.webp\" class=\"attachment-large size-large wp-image-6855\" alt=\"Presencia pueblos mayas seg\u00fan red consular en 2024\" srcset=\"https:\/\/soymigrante.com\/revista\/wp-content\/uploads\/2024\/06\/Captura-de-pantalla-2024-05-09-172200.webp 917w, https:\/\/soymigrante.com\/revista\/wp-content\/uploads\/2024\/06\/Captura-de-pantalla-2024-05-09-172200-300x205.webp 300w, https:\/\/soymigrante.com\/revista\/wp-content\/uploads\/2024\/06\/Captura-de-pantalla-2024-05-09-172200-768x525.webp 768w, https:\/\/soymigrante.com\/revista\/wp-content\/uploads\/2024\/06\/Captura-de-pantalla-2024-05-09-172200-750x513.webp 750w\" sizes=\"(max-width: 917px) 100vw, 917px\" title=\"Presencia pueblos mayas seg\u00fan red consular en 2024 \u2013 SoyMigrante.com REVISTA\" \/>\t\t\t\t\t\t\t\t\t\t\t<figcaption class=\"widget-image-caption wp-caption-text\">Presencia pueblos mayas seg\u00fan red consular en 2024<\/figcaption>\n\t\t\t\t\t\t\t\t\t\t<\/figure>\n\t\t\t\t\t\t\t\t\t<\/div>\n\t\t\t\t\t<\/div>\n\t\t\t\t<\/div>\n\t\t<div data-particle_enable=\"false\" data-particle-mobile-disabled=\"false\" class=\"elementor-element elementor-element-f79f828 e-flex e-con-boxed e-con e-parent\" data-id=\"f79f828\" data-element_type=\"container\" data-e-type=\"container\">\n\t\t\t\t\t<div class=\"e-con-inner\">\n\t\t\t\t<div class=\"elementor-element elementor-element-c7ff9d7 elementor-widget elementor-widget-heading\" data-id=\"c7ff9d7\" data-element_type=\"widget\" data-e-type=\"widget\" data-widget_type=\"heading.default\">\n\t\t\t\t\t<h3 class=\"elementor-heading-title elementor-size-default\">Invencibles Q'eqchi'<\/h3>\t\t\t\t<\/div>\n\t\t\t\t\t<\/div>\n\t\t\t\t<\/div>\n\t\t<div data-particle_enable=\"false\" data-particle-mobile-disabled=\"false\" class=\"elementor-element elementor-element-9de0f95 e-flex e-con-boxed e-con e-parent\" data-id=\"9de0f95\" data-element_type=\"container\" data-e-type=\"container\">\n\t\t\t\t\t<div class=\"e-con-inner\">\n\t\t\t\t<div class=\"elementor-element elementor-element-722df65 elementor-widget elementor-widget-text-editor\" data-id=\"722df65\" data-element_type=\"widget\" data-e-type=\"widget\" data-widget_type=\"text-editor.default\">\n\t\t\t\t\t\t\t\t\t<p>Los primeros\u00a0 intentos de\u00a0 los\u00a0 espa\u00f1oles por invadir esta\u00a0 zona se dieron en 1528. \u00a0Por su parte los Q\u2019eqchi\u2019 ten\u00edan tropas defensivas muy organizadas con capitanes y sargentos expertos, ten\u00edan guerreros preparados para\u00a0 el combate, hasta designados para portar el estandarte o bandera, transportar flechas y armas, otros encargados de provisiones y oficiales dispuestos a cumplir las \u00f3rdenes. Esta organizaci\u00f3n militar y la secretividad con que actuaba el Consejo Supremo Q&#8217;eqchi&#8217;, les vali\u00f3 que sus ej\u00e9rcitos fueran invencibles.<\/p>\t\t\t\t\t\t\t\t<\/div>\n\t\t\t\t\t<\/div>\n\t\t\t\t<\/div>\n\t\t<div data-particle_enable=\"false\" data-particle-mobile-disabled=\"false\" class=\"elementor-element elementor-element-fac911d e-flex e-con-boxed e-con e-parent\" data-id=\"fac911d\" data-element_type=\"container\" data-e-type=\"container\">\n\t\t\t\t\t<div class=\"e-con-inner\">\n\t\t\t\t<div class=\"elementor-element elementor-element-c623d04 elementor-widget elementor-widget-video\" data-id=\"c623d04\" data-element_type=\"widget\" data-e-type=\"widget\" data-settings=\"{&quot;youtube_url&quot;:&quot;https:\\\/\\\/youtu.be\\\/Ael4fdJDpXw&quot;,&quot;start&quot;:16,&quot;video_type&quot;:&quot;youtube&quot;,&quot;controls&quot;:&quot;yes&quot;}\" data-widget_type=\"video.default\">\n\t\t\t\t\t\t\t<div class=\"elementor-wrapper elementor-open-inline\">\n\t\t\t<div class=\"elementor-video\"><\/div>\t\t<\/div>\n\t\t\t\t\t\t<\/div>\n\t\t\t\t\t<\/div>\n\t\t\t\t<\/div>\n\t\t<div data-particle_enable=\"false\" data-particle-mobile-disabled=\"false\" class=\"elementor-element elementor-element-22e73b9 e-flex e-con-boxed e-con e-parent\" data-id=\"22e73b9\" data-element_type=\"container\" data-e-type=\"container\">\n\t\t\t\t\t<div class=\"e-con-inner\">\n\t\t\t\t<div class=\"elementor-element elementor-element-da6c571 elementor-widget elementor-widget-text-editor\" data-id=\"da6c571\" data-element_type=\"widget\" data-e-type=\"widget\" data-widget_type=\"text-editor.default\">\n\t\t\t\t\t\t\t\t\t<p>Los Q&#8217;eqchi&#8217; eran gobernados por un cacique que actuaba con toda libertad y seg\u00fan su criterio, que propici\u00f3 leyes y costumbres diferentes a los dem\u00e1s pueblos de Guatemala. La segunda persona en importancia era el Sacerdote Mayor, cargo que nunca se daba por favoritismo ni suerte, sino por elecci\u00f3n de la poblaci\u00f3n que buscaba al mejor y m\u00e1s acreditado de todo aquel linaje.<\/p>\t\t\t\t\t\t\t\t<\/div>\n\t\t\t\t\t<\/div>\n\t\t\t\t<\/div>\n\t\t<div data-particle_enable=\"false\" data-particle-mobile-disabled=\"false\" class=\"elementor-element elementor-element-9a53d4c e-flex e-con-boxed e-con e-parent\" data-id=\"9a53d4c\" data-element_type=\"container\" data-e-type=\"container\">\n\t\t\t\t\t<div class=\"e-con-inner\">\n\t\t\t\t<div class=\"elementor-element elementor-element-8a03959 elementor-widget elementor-widget-image\" data-id=\"8a03959\" data-element_type=\"widget\" data-e-type=\"widget\" data-widget_type=\"image.default\">\n\t\t\t\t\t\t\t\t\t\t\t\t<figure class=\"wp-caption\">\n\t\t\t\t\t\t\t\t\t\t<img loading=\"lazy\" decoding=\"async\" width=\"1013\" height=\"749\" src=\"https:\/\/soymigrante.com\/revista\/wp-content\/uploads\/2024\/09\/FOTO-1-indigenas-Qeqchi.webp\" class=\"attachment-large size-large wp-image-9174\" alt=\"Pueblo indi\u0301genas Qeqchi.\" srcset=\"https:\/\/soymigrante.com\/revista\/wp-content\/uploads\/2024\/09\/FOTO-1-indigenas-Qeqchi.webp 1013w, https:\/\/soymigrante.com\/revista\/wp-content\/uploads\/2024\/09\/FOTO-1-indigenas-Qeqchi-300x222.webp 300w, https:\/\/soymigrante.com\/revista\/wp-content\/uploads\/2024\/09\/FOTO-1-indigenas-Qeqchi-768x568.webp 768w, https:\/\/soymigrante.com\/revista\/wp-content\/uploads\/2024\/09\/FOTO-1-indigenas-Qeqchi-750x555.webp 750w\" sizes=\"(max-width: 1013px) 100vw, 1013px\" title=\"Pueblo indi\u0301genas Qeqchi. \u2013 SoyMigrante.com REVISTA\" \/>\t\t\t\t\t\t\t\t\t\t\t<figcaption class=\"widget-image-caption wp-caption-text\">Pueblo indi\u0301genas Qeqchi. <\/figcaption>\n\t\t\t\t\t\t\t\t\t\t<\/figure>\n\t\t\t\t\t\t\t\t\t<\/div>\n\t\t\t\t\t<\/div>\n\t\t\t\t<\/div>\n\t\t<div data-particle_enable=\"false\" data-particle-mobile-disabled=\"false\" class=\"elementor-element elementor-element-35969ef e-flex e-con-boxed e-con e-parent\" data-id=\"35969ef\" data-element_type=\"container\" data-e-type=\"container\">\n\t\t\t\t\t<div class=\"e-con-inner\">\n\t\t\t\t<div class=\"elementor-element elementor-element-4fdfaf6 elementor-widget elementor-widget-text-editor\" data-id=\"4fdfaf6\" data-element_type=\"widget\" data-e-type=\"widget\" data-widget_type=\"text-editor.default\">\n\t\t\t\t\t\t\t\t\t<p>Hacia 1,529 el cacique Aj Pop B&#8217;atz&#8217;, de 29 a\u00f1os de edad, natural de las monta\u00f1as de Wajxak (Quaj Xac), fue electo el Aj Jolomna&#8217; (cabecilla) de Tezulutl\u00e1n la tierra de guerra. Este legado permiti\u00f3 que los habitantes de Wajxak, permanecieron independientes de las autoridades espa\u00f1olas y de Guatemala hasta el a\u00f1o de 1819. \u00a0\u00a0\u00a0Los Q&#8217;eqchi&#8217; bajo el mando del Cacique Aj Pop B&#8217;atz supieron aprovechar la ventaja de conocer las elevadas monta\u00f1as y profundos barrancos de su entorno tambi\u00e9n apoyados por los guerreros Tz&#8217;utujil, quienes conoc\u00edan las t\u00e1cticas de la caballer\u00eda espa\u00f1ola.\u00a0 El \u00faltimo intento hiispano fue en 1,530, mientras en otra parte de nuestro territorio se rend\u00edan los Kaqchikel.<\/p>\t\t\t\t\t\t\t\t<\/div>\n\t\t\t\t\t<\/div>\n\t\t\t\t<\/div>\n\t\t<div data-particle_enable=\"false\" data-particle-mobile-disabled=\"false\" class=\"elementor-element elementor-element-0201c5a e-flex e-con-boxed e-con e-parent\" data-id=\"0201c5a\" data-element_type=\"container\" data-e-type=\"container\">\n\t\t\t\t\t<div class=\"e-con-inner\">\n\t\t\t\t<div class=\"elementor-element elementor-element-827311e elementor-widget elementor-widget-video\" data-id=\"827311e\" data-element_type=\"widget\" data-e-type=\"widget\" data-settings=\"{&quot;youtube_url&quot;:&quot;https:\\\/\\\/www.youtube.com\\\/watch?v=89u-35VDpCw&quot;,&quot;video_type&quot;:&quot;youtube&quot;,&quot;controls&quot;:&quot;yes&quot;}\" data-widget_type=\"video.default\">\n\t\t\t\t\t\t\t<div class=\"elementor-wrapper elementor-open-inline\">\n\t\t\t<div class=\"elementor-video\"><\/div>\t\t<\/div>\n\t\t\t\t\t\t<\/div>\n\t\t\t\t\t<\/div>\n\t\t\t\t<\/div>\n\t\t<div data-particle_enable=\"false\" data-particle-mobile-disabled=\"false\" class=\"elementor-element elementor-element-18d7280 e-flex e-con-boxed e-con e-parent\" data-id=\"18d7280\" data-element_type=\"container\" data-e-type=\"container\">\n\t\t\t\t\t<div class=\"e-con-inner\">\n\t\t\t\t<div class=\"elementor-element elementor-element-a23a82c elementor-widget elementor-widget-heading\" data-id=\"a23a82c\" data-element_type=\"widget\" data-e-type=\"widget\" data-widget_type=\"heading.default\">\n\t\t\t\t\t<h3 class=\"elementor-heading-title elementor-size-default\">Una conversi\u00f3n pac\u00edfica<\/h3>\t\t\t\t<\/div>\n\t\t\t\t\t<\/div>\n\t\t\t\t<\/div>\n\t\t<div data-particle_enable=\"false\" data-particle-mobile-disabled=\"false\" class=\"elementor-element elementor-element-1872eec e-flex e-con-boxed e-con e-parent\" data-id=\"1872eec\" data-element_type=\"container\" data-e-type=\"container\">\n\t\t\t\t\t<div class=\"e-con-inner\">\n\t\t\t\t<div class=\"elementor-element elementor-element-8a87cfb elementor-widget elementor-widget-text-editor\" data-id=\"8a87cfb\" data-element_type=\"widget\" data-e-type=\"widget\" data-widget_type=\"text-editor.default\">\n\t\t\t\t\t\t\t\t\t<p>En 1532 y 1538, fray Bartolom\u00e9 de Las Casas y fray Rodrigo de Ladrada penetraron a Tezulutl\u00e1n.\u00a0 \u00a0En 1543 los dominicos bautizaron en la religi\u00f3n cat\u00f3lica al cacique Aj Pop B&#8217;atz&#8217;, a quien nombraron Juan Matal B&#8217;atz&#8217;. Asimismo, fundaron Santo Domingo Cob\u00e1n y San Agust\u00edn.<\/p><p>En 1544, Juan Matal B&#8217;atz&#8217; viaj\u00f3 a Espa\u00f1a, junto a otros dirigentes Q\u2019eqchi\u2019 y el fraile Pedro de Angulo, para reunirse con el rey Felipe II. Regresaron a estas tierras a mediados de 1546.\u00a0 Entre otros regalos, el cacique entreg\u00f3 dos mil plumas de quetzal. A su vez, el rey regal\u00f3 objetos religiosos y campanas para los templos cat\u00f3licos que se edificaban en el \u00e1rea Q\u2019eqchi\u2019, de las que todav\u00eda se conserva la de Juan Chamelco.<\/p>\t\t\t\t\t\t\t\t<\/div>\n\t\t\t\t\t<\/div>\n\t\t\t\t<\/div>\n\t\t<div data-particle_enable=\"false\" data-particle-mobile-disabled=\"false\" class=\"elementor-element elementor-element-6cf29ff e-flex e-con-boxed e-con e-parent\" data-id=\"6cf29ff\" data-element_type=\"container\" data-e-type=\"container\">\n\t\t\t\t\t<div class=\"e-con-inner\">\n\t\t\t\t<div class=\"elementor-element elementor-element-5f983b7 elementor-widget elementor-widget-video\" data-id=\"5f983b7\" data-element_type=\"widget\" data-e-type=\"widget\" data-settings=\"{&quot;youtube_url&quot;:&quot;https:\\\/\\\/youtu.be\\\/l7WrbfSyQv4?list=TLPQMzEwODIwMjS7gFOCJfG5uQ&quot;,&quot;video_type&quot;:&quot;youtube&quot;,&quot;controls&quot;:&quot;yes&quot;}\" data-widget_type=\"video.default\">\n\t\t\t\t\t\t\t<div class=\"elementor-wrapper elementor-open-inline\">\n\t\t\t<div class=\"elementor-video\"><\/div>\t\t<\/div>\n\t\t\t\t\t\t<\/div>\n\t\t\t\t\t<\/div>\n\t\t\t\t<\/div>\n\t\t<div data-particle_enable=\"false\" data-particle-mobile-disabled=\"false\" class=\"elementor-element elementor-element-c731692 e-flex e-con-boxed e-con e-parent\" data-id=\"c731692\" data-element_type=\"container\" data-e-type=\"container\">\n\t\t\t\t\t<div class=\"e-con-inner\">\n\t\t\t\t<div class=\"elementor-element elementor-element-c9a566a elementor-widget elementor-widget-heading\" data-id=\"c9a566a\" data-element_type=\"widget\" data-e-type=\"widget\" data-widget_type=\"heading.default\">\n\t\t\t\t\t<h3 class=\"elementor-heading-title elementor-size-default\">El gran l\u00edder Q'eqchi' Juan Matalbatz<\/h3>\t\t\t\t<\/div>\n\t\t\t\t\t<\/div>\n\t\t\t\t<\/div>\n\t\t<div data-particle_enable=\"false\" data-particle-mobile-disabled=\"false\" class=\"elementor-element elementor-element-5843ded e-flex e-con-boxed e-con e-parent\" data-id=\"5843ded\" data-element_type=\"container\" data-e-type=\"container\">\n\t\t\t\t\t<div class=\"e-con-inner\">\n\t\t\t\t<div class=\"elementor-element elementor-element-ff67b1f elementor-widget elementor-widget-text-editor\" data-id=\"ff67b1f\" data-element_type=\"widget\" data-e-type=\"widget\" data-widget_type=\"text-editor.default\">\n\t\t\t\t\t\t\t\t\t<p>Adem\u00e1s el rey Felipe II nombr\u00f3 a Juan Matal B&#8217;atz&#8217;, Gobernador Vitalicio de Verapaz, con autoridad para encarcelar a los espa\u00f1oles que cometieran delitos y aprob\u00f3 el sistema tradicional de gobierno de los Q&#8217;eqchi y qued\u00f3 prohibido el establecimiento en la Verapaz, de espa\u00f1oles que no fueran los religiosos dominicos.\u00a0 Pero las autoridades coloniales protestaron y en 1562 se estableci\u00f3 la Alcald\u00eda Mayor y se impusieron los primeros tributos a los ind\u00edgenas.\u00a0 Juan Matal B&#8217;atz muri\u00f3 en la aldea de Chamil hacia 1568.<\/p><p>En 1574, este territorio contaba unos 3000 tributarios, 13 a\u00f1os antes hab\u00edan 7000, este fuerte descenso se dio como consecuencia de epidemias y per\u00edodos de hambre.\u00a0 Se habilitaron extensi\u00f3n de tierra para la producci\u00f3n de cacao, algod\u00f3n y la ca\u00f1a de az\u00facar.\u00a0 Paulatinamente se abrieron escuelas para los ni\u00f1os, en el siglo XVIII todos los pueblos ten\u00edan una. Pero el n\u00famero de alumnos fue siempre reducido y el nivel de la ense\u00f1anza no pasaba de conocimientos b\u00e1sicos de aritm\u00e9tica, lectura y escritura. La catequizaci\u00f3n fue dirigida a eliminar las creencias y ritos ind\u00edgenas.<\/p>\t\t\t\t\t\t\t\t<\/div>\n\t\t\t\t\t<\/div>\n\t\t\t\t<\/div>\n\t\t<div data-particle_enable=\"false\" data-particle-mobile-disabled=\"false\" class=\"elementor-element elementor-element-8aeb5c5 e-flex e-con-boxed e-con e-parent\" data-id=\"8aeb5c5\" data-element_type=\"container\" data-e-type=\"container\">\n\t\t\t\t\t<div class=\"e-con-inner\">\n\t\t\t\t<div class=\"elementor-element elementor-element-6efd183 elementor-widget elementor-widget-image\" data-id=\"6efd183\" data-element_type=\"widget\" data-e-type=\"widget\" data-widget_type=\"image.default\">\n\t\t\t\t\t\t\t\t\t\t\t\t<figure class=\"wp-caption\">\n\t\t\t\t\t\t\t\t\t\t<img loading=\"lazy\" decoding=\"async\" width=\"1024\" height=\"715\" src=\"https:\/\/soymigrante.com\/revista\/wp-content\/uploads\/2024\/09\/FOTO-2-Musicos-Q\u00b4eqchi-1024x715.webp\" class=\"attachment-large size-large wp-image-9172\" alt=\"Pueblo Q&#039;eqchi&#039; es el idioma maya con m\u00e1s hablantes. Mantiene muchos de sus rasgos identitarios fundamentales, especialmente el uso diario de su idioma.\" srcset=\"https:\/\/soymigrante.com\/revista\/wp-content\/uploads\/2024\/09\/FOTO-2-Musicos-Q\u00b4eqchi-1024x715.webp 1024w, https:\/\/soymigrante.com\/revista\/wp-content\/uploads\/2024\/09\/FOTO-2-Musicos-Q\u00b4eqchi-300x209.webp 300w, https:\/\/soymigrante.com\/revista\/wp-content\/uploads\/2024\/09\/FOTO-2-Musicos-Q\u00b4eqchi-768x536.webp 768w, https:\/\/soymigrante.com\/revista\/wp-content\/uploads\/2024\/09\/FOTO-2-Musicos-Q\u00b4eqchi-750x524.webp 750w, https:\/\/soymigrante.com\/revista\/wp-content\/uploads\/2024\/09\/FOTO-2-Musicos-Q\u00b4eqchi.webp 1027w\" sizes=\"(max-width: 1024px) 100vw, 1024px\" title=\"Pueblo Q&#039;eqchi&#039; es el idioma maya con m\u00e1s hablantes. Mantiene muchos de sus rasgos identitarios fundamentales, especialmente el uso diario de su idioma. \u2013 SoyMigrante.com REVISTA\" \/>\t\t\t\t\t\t\t\t\t\t\t<figcaption class=\"widget-image-caption wp-caption-text\">Pueblo Q'eqchi' es el idioma maya con m\u00e1s hablantes. Mantiene muchos de sus rasgos identitarios fundamentales, especialmente el uso diario de su idioma.<\/figcaption>\n\t\t\t\t\t\t\t\t\t\t<\/figure>\n\t\t\t\t\t\t\t\t\t<\/div>\n\t\t\t\t\t<\/div>\n\t\t\t\t<\/div>\n\t\t<div data-particle_enable=\"false\" data-particle-mobile-disabled=\"false\" class=\"elementor-element elementor-element-e195613 e-flex e-con-boxed e-con e-parent\" data-id=\"e195613\" data-element_type=\"container\" data-e-type=\"container\">\n\t\t\t\t\t<div class=\"e-con-inner\">\n\t\t\t\t<div class=\"elementor-element elementor-element-5abd121 elementor-widget elementor-widget-text-editor\" data-id=\"5abd121\" data-element_type=\"widget\" data-e-type=\"widget\" data-widget_type=\"text-editor.default\">\n\t\t\t\t\t\t\t\t\t<p>En los a\u00f1os 1860-70, en\u00a0 las Verapaces el cultivo del caf\u00e9 reemplaz\u00f3 el cultivo de la cochinilla. Llegaron alemanes&#8217;.\u00a0 El r\u00e9gimen liberal al servicio de los intereses de los agroexportadores en su mayor\u00eda extranjeros suprimieron los derechos del los Q&#8217;eqchi&#8217;.\u00a0 En 1877, se impuso el trabajo forzoso, surgi\u00f3 una ley agraria que permit\u00eda al gobierno confiscar tierras sin t\u00edtulos legales de propiedad y las cedi\u00f3 a los germanos.<\/p>\n<p>\u00a0<\/p>\n<p>Mediante esta ley se promovi\u00f3 la expropiaci\u00f3n, apropiaci\u00f3n y la explotaci\u00f3n de grandes extensiones de tierras Q&#8217;eqchi&#8217; para convertirlas en grandes fincas cafetaleras. .\u00a0 En 1900, las compa\u00f1\u00edas alemanas controlaban casi todo el comercio de caf\u00e9 y para 1930, ya ten\u00edan el control completo de la Verapaz. \u00a0\u00a0<\/p>\n<p>Obligados a trabajos forzosos muchos Q&#8217;eqchi&#8217; huyeron de sus comunidades natales a otras regiones de Guatemala y Belice en donde se encuentran actualmente.\u00a0 Las tierras heredadas de los abuelos no tienen documentos de propiedad que las ampare.\u00a0 \u00a0Actualmente se est\u00e1 tratando de legalizar esta tenencia pero es dif\u00edcil ya que otros reclaman esas tierras.<\/p>\t\t\t\t\t\t\t\t<\/div>\n\t\t\t\t\t<\/div>\n\t\t\t\t<\/div>\n\t\t<div data-particle_enable=\"false\" data-particle-mobile-disabled=\"false\" class=\"elementor-element elementor-element-b1258a2 e-flex e-con-boxed e-con e-parent\" data-id=\"b1258a2\" data-element_type=\"container\" data-e-type=\"container\">\n\t\t\t\t\t<div class=\"e-con-inner\">\n\t\t\t\t<div class=\"elementor-element elementor-element-0562d79 elementor-widget elementor-widget-image\" data-id=\"0562d79\" data-element_type=\"widget\" data-e-type=\"widget\" data-widget_type=\"image.default\">\n\t\t\t\t\t\t\t\t\t\t\t\t\t\t\t<img loading=\"lazy\" decoding=\"async\" width=\"960\" height=\"720\" src=\"https:\/\/soymigrante.com\/revista\/wp-content\/uploads\/2024\/09\/rabin-doban.webp\" class=\"attachment-large size-large wp-image-9176\" alt=\"Pueblo Q&#039;eqchi&#039; es el idioma maya con m\u00e1s hablantes. Mantiene muchos de sus rasgos identitarios fundamentales, especialmente el uso diario de su idioma.\" srcset=\"https:\/\/soymigrante.com\/revista\/wp-content\/uploads\/2024\/09\/rabin-doban.webp 960w, https:\/\/soymigrante.com\/revista\/wp-content\/uploads\/2024\/09\/rabin-doban-300x225.webp 300w, https:\/\/soymigrante.com\/revista\/wp-content\/uploads\/2024\/09\/rabin-doban-768x576.webp 768w, https:\/\/soymigrante.com\/revista\/wp-content\/uploads\/2024\/09\/rabin-doban-750x563.webp 750w\" sizes=\"(max-width: 960px) 100vw, 960px\" title=\"Pueblo Q&#039;eqchi&#039; es el idioma maya con m\u00e1s hablantes \u2013 SoyMigrante.com REVISTA\" \/>\t\t\t\t\t\t\t\t\t\t\t\t\t\t\t<\/div>\n\t\t\t\t\t<\/div>\n\t\t\t\t<\/div>\n\t\t<div data-particle_enable=\"false\" data-particle-mobile-disabled=\"false\" class=\"elementor-element elementor-element-f614049 e-flex e-con-boxed e-con e-parent\" data-id=\"f614049\" data-element_type=\"container\" data-e-type=\"container\">\n\t\t\t\t\t<div class=\"e-con-inner\">\n\t\t\t\t<div class=\"elementor-element elementor-element-975b587 elementor-widget elementor-widget-heading\" data-id=\"975b587\" data-element_type=\"widget\" data-e-type=\"widget\" data-widget_type=\"heading.default\">\n\t\t\t\t\t<h3 class=\"elementor-heading-title elementor-size-default\">Atuendo ancestral<\/h3>\t\t\t\t<\/div>\n\t\t\t\t\t<\/div>\n\t\t\t\t<\/div>\n\t\t<div data-particle_enable=\"false\" data-particle-mobile-disabled=\"false\" class=\"elementor-element elementor-element-7a24ee3 e-flex e-con-boxed e-con e-parent\" data-id=\"7a24ee3\" data-element_type=\"container\" data-e-type=\"container\">\n\t\t\t\t\t<div class=\"e-con-inner\">\n\t\t\t\t<div class=\"elementor-element elementor-element-1643bff elementor-widget elementor-widget-text-editor\" data-id=\"1643bff\" data-element_type=\"widget\" data-e-type=\"widget\" data-widget_type=\"text-editor.default\">\n\t\t\t\t\t\t\t\t\t<p>Hacia principios del siglo XX, los hombres usaban pantal\u00f3n y camisa blanca elaborados de\u00a0 manta y chaqueta o saco oscuro. Sandalias de cuero. Algunos usaban un pa\u00f1uelo anudado al cuello. De uso com\u00fan era una faja enrollada alrededor de la cintura denominada \u201ck&#8217;aamalsaj\u201d, color rojo o amarillo. Actualmente, el hombre ya no viste traje maya distintivo. Usa pantal\u00f3n y camisa de confecci\u00f3n industrial.\u00a0 Calza zapatos de cuero o pl\u00e1sticos o botas de hule.<\/p><p>\u00a0<\/p><p>La mujer usa un corte plegado (especie de\u00a0 falda amplia), hecho de una sola pieza de tela de algod\u00f3n u otro material, mide entre 6 y 8 varas de longitud. Generalmente, es de color azul oscuro y l\u00edneas finas blancas y otras l\u00edneas m\u00e1s anchas en la parte inferior. El corte lo ajustan alrededor de la cintura con un cord\u00f3n del mismo largo del corte.\u00a0 En Chamelco, se usa una faja tejida a mano de color amarillo llamada k&#8217;aamalsa\u2019. Las ni\u00f1as empiezan a vestir corte y huipil a los tres a\u00f1os.<\/p>\t\t\t\t\t\t\t\t<\/div>\n\t\t\t\t\t<\/div>\n\t\t\t\t<\/div>\n\t\t<div data-particle_enable=\"false\" data-particle-mobile-disabled=\"false\" class=\"elementor-element elementor-element-12ff4cb e-flex e-con-boxed e-con e-parent\" data-id=\"12ff4cb\" data-element_type=\"container\" data-e-type=\"container\">\n\t\t\t\t\t<div class=\"e-con-inner\">\n\t\t\t\t<div class=\"elementor-element elementor-element-b6b8dc2 elementor-widget elementor-widget-image\" data-id=\"b6b8dc2\" data-element_type=\"widget\" data-e-type=\"widget\" data-widget_type=\"image.default\">\n\t\t\t\t\t\t\t\t\t\t\t\t\t\t\t<img loading=\"lazy\" decoding=\"async\" width=\"499\" height=\"1024\" src=\"https:\/\/soymigrante.com\/revista\/wp-content\/uploads\/2024\/09\/FOTO-3-Qeqchi-mujer-499x1024.webp\" class=\"attachment-large size-large wp-image-9173\" alt=\"Pueblo Q&#039;eqchi&#039; es el idioma maya con m\u00e1s hablantes. Mantiene muchos de sus rasgos identitarios fundamentales, especialmente el uso diario de su idioma.\" srcset=\"https:\/\/soymigrante.com\/revista\/wp-content\/uploads\/2024\/09\/FOTO-3-Qeqchi-mujer-499x1024.webp 499w, https:\/\/soymigrante.com\/revista\/wp-content\/uploads\/2024\/09\/FOTO-3-Qeqchi-mujer-146x300.webp 146w, https:\/\/soymigrante.com\/revista\/wp-content\/uploads\/2024\/09\/FOTO-3-Qeqchi-mujer-768x1575.webp 768w, https:\/\/soymigrante.com\/revista\/wp-content\/uploads\/2024\/09\/FOTO-3-Qeqchi-mujer-749x1536.webp 749w, https:\/\/soymigrante.com\/revista\/wp-content\/uploads\/2024\/09\/FOTO-3-Qeqchi-mujer-750x1538.webp 750w, https:\/\/soymigrante.com\/revista\/wp-content\/uploads\/2024\/09\/FOTO-3-Qeqchi-mujer-scaled.webp 936w\" sizes=\"(max-width: 499px) 100vw, 499px\" title=\"Pueblo Q&#039;eqchi&#039; es el idioma maya con m\u00e1s hablantes \u2013 SoyMigrante.com REVISTA\" \/>\t\t\t\t\t\t\t\t\t\t\t\t\t\t\t<\/div>\n\t\t\t\t\t<\/div>\n\t\t\t\t<\/div>\n\t\t<div data-particle_enable=\"false\" data-particle-mobile-disabled=\"false\" class=\"elementor-element elementor-element-1e5fd0e e-flex e-con-boxed e-con e-parent\" data-id=\"1e5fd0e\" data-element_type=\"container\" data-e-type=\"container\">\n\t\t\t\t\t<div class=\"e-con-inner\">\n\t\t\t\t<div class=\"elementor-element elementor-element-fc9c1fe elementor-widget elementor-widget-text-editor\" data-id=\"fc9c1fe\" data-element_type=\"widget\" data-e-type=\"widget\" data-widget_type=\"text-editor.default\">\n\t\t\t\t\t\t\t\t\t<p>El huipil es elaborado en telar de cintura, muchas veces por la mujer que lo usa.\u00a0 Se compone de tres lienzos de igual tama\u00f1o, los cuales se unen con puntadas, reservando espacios para introducir la cabeza y los brazos. Tiene brocado motivos inspirados en\u00a0 la\u00a0 naturaleza. En esta comunidad las mujeres regularmente portan el huipil sobre el corte.\u00a0 En Carch\u00e1 el corte es rojo<\/p><p>\u00a0<\/p><p>Se peinan el cabello partido por la mitad y trenzado con un list\u00f3n que cuelga por la espalda. Es de color rojo con terminaciones amarillo. Se adornan con aretes y collares de plata estos conocidos como \u201cchachal\u201d. La mujeres de m\u00e1s edad usan collares de monedas antiguas y cuentas rojas que llaman \u201ccoral\u201d. La mujer Q\u2019eqchi\u2019 representa un digno ejemplo de apego y orgullo a su cultura.<\/p><p>\u00a0<\/p>\t\t\t\t\t\t\t\t<\/div>\n\t\t\t\t\t<\/div>\n\t\t\t\t<\/div>\n\t\t<div data-particle_enable=\"false\" data-particle-mobile-disabled=\"false\" class=\"elementor-element elementor-element-adc4860 e-flex e-con-boxed e-con e-parent\" data-id=\"adc4860\" data-element_type=\"container\" data-e-type=\"container\">\n\t\t\t\t\t<div class=\"e-con-inner\">\n\t\t\t\t<div class=\"elementor-element elementor-element-393f267 elementor-widget elementor-widget-video\" data-id=\"393f267\" data-element_type=\"widget\" data-e-type=\"widget\" data-settings=\"{&quot;youtube_url&quot;:&quot;https:\\\/\\\/www.youtube.com\\\/watch?v=cVVfLo4_V5E&quot;,&quot;video_type&quot;:&quot;youtube&quot;,&quot;controls&quot;:&quot;yes&quot;}\" data-widget_type=\"video.default\">\n\t\t\t\t\t\t\t<div class=\"elementor-wrapper elementor-open-inline\">\n\t\t\t<div class=\"elementor-video\"><\/div>\t\t<\/div>\n\t\t\t\t\t\t<\/div>\n\t\t\t\t\t<\/div>\n\t\t\t\t<\/div>\n\t\t<div data-particle_enable=\"false\" data-particle-mobile-disabled=\"false\" class=\"elementor-element elementor-element-8738509 e-flex e-con-boxed e-con e-parent\" data-id=\"8738509\" data-element_type=\"container\" data-e-type=\"container\">\n\t\t\t\t\t<div class=\"e-con-inner\">\n\t\t\t\t<div class=\"elementor-element elementor-element-a52c04a elementor-widget elementor-widget-heading\" data-id=\"a52c04a\" data-element_type=\"widget\" data-e-type=\"widget\" data-widget_type=\"heading.default\">\n\t\t\t\t\t<h3 class=\"elementor-heading-title elementor-size-default\">Vida, valores y cosmovisi\u00f3n Q'eqchi'<\/h3>\t\t\t\t<\/div>\n\t\t\t\t\t<\/div>\n\t\t\t\t<\/div>\n\t\t<div data-particle_enable=\"false\" data-particle-mobile-disabled=\"false\" class=\"elementor-element elementor-element-6d3c709 e-flex e-con-boxed e-con e-parent\" data-id=\"6d3c709\" data-element_type=\"container\" data-e-type=\"container\">\n\t\t\t\t\t<div class=\"e-con-inner\">\n\t\t\t\t<div class=\"elementor-element elementor-element-aeb720c elementor-widget elementor-widget-text-editor\" data-id=\"aeb720c\" data-element_type=\"widget\" data-e-type=\"widget\" data-widget_type=\"text-editor.default\">\n\t\t\t\t\t\t\t\t\t<p>Cuando un ni\u00f1o nace se recibe con quema de copal y pom.\u00a0 El cord\u00f3n umbilical se coloca en la punta de un \u00e1rbol frutal. Esta pr\u00e1ctica significa el deseo de que la persona goce de salud, sea honesta, pr\u00f3spera y tenga descendencia.\u00a0 Al cumplir el ni\u00f1o cuarenta d\u00edas de nacido, se acostumbra llevarlo al templo el Calvario de Cob\u00e1n, a presentarlo a Dios y agradecer el nacimiento.\u00a0 A los varones se les corta el cabello por primera vez al cumplir un a\u00f1o de edad. Se cree que si se corta antes el infante tardar\u00e1 en empezar a hablar.<\/p>\n<p>\u00a0<\/p>\n<p>Al morir una persona se le colocan en el ataud los utensilios que us\u00f3 en vida. Tambi\u00e9n su distintivos de cargos importantes dentro de la comunidad, si los tuvo. \u00a0Tres d\u00edas despu\u00e9s del funeral se pide a una anciana realice\u00a0 el ritual de recoger el esp\u00edritu. Esta ceremonia empieza en el lugar de fallecimiento de la persona para despu\u00e9s, en compa\u00f1\u00eda de los familiares, dirigirse al lugar de sepultura.<\/p>\n<p>\u00a0<\/p>\n<p>Los abuelos refieren que El Calvario, de Cob\u00e1n, fue construido en un antiguo sitio ceremonial maya.\u00a0 Este lugar es visitado por las familias Q&#8217;eqchi&#8217;, para pedir permiso y protecci\u00f3n para la roza y la siembra del ma\u00edz. Los agricultores tambi\u00e9n oran a los esp\u00edritus de los cerros y valles, los \u201cloq&#8217;laj tzuultaq&#8217;a \u201c.\u00a0\u00a0<\/p>\n<p>\u201cEllos fueron nuestros antepasados, protegen los cerros y cuidan de nosotros, ellos est\u00e1n ah\u00ed\u2026\u201d dicen los abuelos y agregan con nostalgia: \u201cYa nadie se acuerda de ellos, nadie va a quemar sus candelas, ya nadie los visita, pero no es que la\u00a0 gente no lo sepa, ya no les interesa\u2026\u201d<\/p>\t\t\t\t\t\t\t\t<\/div>\n\t\t\t\t\t<\/div>\n\t\t\t\t<\/div>\n\t\t<div data-particle_enable=\"false\" data-particle-mobile-disabled=\"false\" class=\"elementor-element elementor-element-00d1ed4 e-flex e-con-boxed e-con e-parent\" data-id=\"00d1ed4\" data-element_type=\"container\" data-e-type=\"container\">\n\t\t\t\t\t<div class=\"e-con-inner\">\n\t\t\t\t<div class=\"elementor-element elementor-element-dd70155 elementor-widget elementor-widget-video\" data-id=\"dd70155\" data-element_type=\"widget\" data-e-type=\"widget\" data-settings=\"{&quot;youtube_url&quot;:&quot;https:\\\/\\\/youtu.be\\\/nqTAAvU9Q6E&quot;,&quot;video_type&quot;:&quot;youtube&quot;,&quot;controls&quot;:&quot;yes&quot;}\" data-widget_type=\"video.default\">\n\t\t\t\t\t\t\t<div class=\"elementor-wrapper elementor-open-inline\">\n\t\t\t<div class=\"elementor-video\"><\/div>\t\t<\/div>\n\t\t\t\t\t\t<\/div>\n\t\t\t\t\t<\/div>\n\t\t\t\t<\/div>\n\t\t<div data-particle_enable=\"false\" data-particle-mobile-disabled=\"false\" class=\"elementor-element elementor-element-06f67f8 e-flex e-con-boxed e-con e-parent\" data-id=\"06f67f8\" data-element_type=\"container\" data-e-type=\"container\">\n\t\t\t\t\t<div class=\"e-con-inner\">\n\t\t\t\t<div class=\"elementor-element elementor-element-5ecee3e elementor-widget elementor-widget-heading\" data-id=\"5ecee3e\" data-element_type=\"widget\" data-e-type=\"widget\" data-widget_type=\"heading.default\">\n\t\t\t\t\t<h3 class=\"elementor-heading-title elementor-size-default\">Danzas tradicionales<\/h3>\t\t\t\t<\/div>\n\t\t\t\t\t<\/div>\n\t\t\t\t<\/div>\n\t\t<div data-particle_enable=\"false\" data-particle-mobile-disabled=\"false\" class=\"elementor-element elementor-element-8f1711a e-flex e-con-boxed e-con e-parent\" data-id=\"8f1711a\" data-element_type=\"container\" data-e-type=\"container\">\n\t\t\t\t\t<div class=\"e-con-inner\">\n\t\t\t\t<div class=\"elementor-element elementor-element-a0fb12e elementor-widget elementor-widget-text-editor\" data-id=\"a0fb12e\" data-element_type=\"widget\" data-e-type=\"widget\" data-widget_type=\"text-editor.default\">\n\t\t\t\t\t\t\t\t\t<p>En el \u00e1rea Q\u2019eqchi\u2019 se representan las danzas tradicionales:<\/p>\n<p>Venados, Toritos, El Coste\u00f1o, La Catarina, El Espa\u00f1ol, Micos, Maus Kuin (La quema del diablo); Convite, Ma\u00b4Muun o Danza de las Guacamayas, Moros y Cristianos.<\/p>\n<p>\u201cEl Paabank\u201d es un ritual de origen maya Q\u2019eqchi\u2019, admirado por todos los guatemaltecos y a nivel internacional, significa \u201creafirmar nuestras creencias\u201d\u2019.\u00a0\u00a0<\/p>\n<p>Es una celebraci\u00f3n en honor a los santos patronos, que integra rezos en las cofrad\u00edas, con abundante quema de incienso, velas y cohetes, m\u00fasica de marimba, danzas tradicionales y degustaci\u00f3n de platillos tradicionales locales. La trascendencia de estos antiguos ritos es de tal magnitud, que el Ballet Moderno y Folcl\u00f3rico de Guatemala lo ha presentado en versi\u00f3n esc\u00e9nica durante los \u00faltimos 52 a\u00f1os consecutivamente.<\/p>\t\t\t\t\t\t\t\t<\/div>\n\t\t\t\t\t<\/div>\n\t\t\t\t<\/div>\n\t\t<div data-particle_enable=\"false\" data-particle-mobile-disabled=\"false\" class=\"elementor-element elementor-element-44ac368 e-flex e-con-boxed e-con e-parent\" data-id=\"44ac368\" data-element_type=\"container\" data-e-type=\"container\">\n\t\t\t\t\t<div class=\"e-con-inner\">\n\t\t\t\t<div class=\"elementor-element elementor-element-51911e5 elementor-widget elementor-widget-heading\" data-id=\"51911e5\" data-element_type=\"widget\" data-e-type=\"widget\" data-widget_type=\"heading.default\">\n\t\t\t\t\t<h4 class=\"elementor-heading-title elementor-size-default\">Es majestuoso ese son, pero la marimba cont\u00ednua es simplemente fascinante... esc\u00fachalo con los ojos cerrados...<\/h4>\t\t\t\t<\/div>\n\t\t\t\t\t<\/div>\n\t\t\t\t<\/div>\n\t\t<div data-particle_enable=\"false\" data-particle-mobile-disabled=\"false\" class=\"elementor-element elementor-element-77837d5 e-flex e-con-boxed e-con e-parent\" data-id=\"77837d5\" data-element_type=\"container\" data-e-type=\"container\">\n\t\t\t\t\t<div class=\"e-con-inner\">\n\t\t\t\t<div class=\"elementor-element elementor-element-3f408db elementor-widget elementor-widget-video\" data-id=\"3f408db\" data-element_type=\"widget\" data-e-type=\"widget\" data-settings=\"{&quot;youtube_url&quot;:&quot;https:\\\/\\\/www.youtube.com\\\/watch?v=OMiWj9Zwxsw&quot;,&quot;start&quot;:1800,&quot;video_type&quot;:&quot;youtube&quot;,&quot;controls&quot;:&quot;yes&quot;}\" data-widget_type=\"video.default\">\n\t\t\t\t\t\t\t<div class=\"elementor-wrapper elementor-open-inline\">\n\t\t\t<div class=\"elementor-video\"><\/div>\t\t<\/div>\n\t\t\t\t\t\t<\/div>\n\t\t\t\t\t<\/div>\n\t\t\t\t<\/div>\n\t\t<div data-particle_enable=\"false\" data-particle-mobile-disabled=\"false\" class=\"elementor-element elementor-element-9838dc7 e-flex e-con-boxed e-con e-parent\" data-id=\"9838dc7\" data-element_type=\"container\" data-e-type=\"container\">\n\t\t\t\t\t<div class=\"e-con-inner\">\n\t\t\t\t<div class=\"elementor-element elementor-element-463ff20 elementor-widget elementor-widget-heading\" data-id=\"463ff20\" data-element_type=\"widget\" data-e-type=\"widget\" data-widget_type=\"heading.default\">\n\t\t\t\t\t<h2 class=\"elementor-heading-title elementor-size-default\">Nuestra diversidad cultural es fortaleza <\/h2>\t\t\t\t<\/div>\n\t\t\t\t\t<\/div>\n\t\t\t\t<\/div>\n\t\t<div data-particle_enable=\"false\" data-particle-mobile-disabled=\"false\" class=\"elementor-element elementor-element-d88b146 e-flex e-con-boxed e-con e-parent\" data-id=\"d88b146\" data-element_type=\"container\" data-e-type=\"container\">\n\t\t\t\t\t<div class=\"e-con-inner\">\n\t\t\t\t<div class=\"elementor-element elementor-element-c1b4de4 elementor-widget elementor-widget-blfe-post-grid\" data-id=\"c1b4de4\" data-element_type=\"widget\" data-e-type=\"widget\" data-settings=\"{&quot;columns&quot;:&quot;3&quot;,&quot;columns_tablet&quot;:&quot;6&quot;,&quot;columns_mobile&quot;:&quot;12&quot;,&quot;hero1_layout_column_gap&quot;:{&quot;unit&quot;:&quot;px&quot;,&quot;size&quot;:30,&quot;sizes&quot;:[]},&quot;hero1_layout_column_gap_tablet&quot;:{&quot;unit&quot;:&quot;px&quot;,&quot;size&quot;:&quot;&quot;,&quot;sizes&quot;:[]},&quot;hero1_layout_column_gap_mobile&quot;:{&quot;unit&quot;:&quot;px&quot;,&quot;size&quot;:&quot;&quot;,&quot;sizes&quot;:[]},&quot;hero1_layout_row_gap&quot;:{&quot;unit&quot;:&quot;px&quot;,&quot;size&quot;:30,&quot;sizes&quot;:[]},&quot;hero1_layout_row_gap_tablet&quot;:{&quot;unit&quot;:&quot;px&quot;,&quot;size&quot;:&quot;&quot;,&quot;sizes&quot;:[]},&quot;hero1_layout_row_gap_mobile&quot;:{&quot;unit&quot;:&quot;px&quot;,&quot;size&quot;:&quot;&quot;,&quot;sizes&quot;:[]}}\" data-widget_type=\"blfe-post-grid.hero1\">\n\t\t\t\t<div class=\"elementor-widget-container\">\n\t\t\t\t\t\n                        <div class=\"blfe-post-grid-container \">\n            \n                <div data-skin=\"hero1\" class=\"blfe-row blfe-posts-inner blfe-hero1 blfe-posts-inner blfe-col-3 blfe-col-tab-6 blfe-col-mob-12     \">\n                            <div class=\"blfe-post-grid-item\">\n            <div class=\"blfe-post-grid-item-inner blfe-modern-zoom\">\n                        <div class=\"blfe-post-grid-bg-image\">\n            <a class=\"blfe-post-grid-image-inner\" href=\"https:\/\/soymigrante.com\/revista\/tzunun-tzii-es-el-nombre-prehispanico-del-pueblo-uspanteko-y-su-nahual-es-un-colibri\/\" title=\"Tz&#8217;unun Tziij es el nombre prehisp\u00e1nico del pueblo Uspanteko y su nahual es un colibr\u00ed\" rel=\"nofollow\" target=\"_blank\"><img decoding=\"async\" src=\"https:\/\/soymigrante.com\/revista\/wp-content\/uploads\/2024\/09\/uspanteko.webp\" alt=\"Tz&#8217;unun Tziij es el nombre prehisp\u00e1nico del pueblo Uspanteko y su nahual es un colibr\u00ed\"\/><\/a>        <\/div>\n                        <div class=\"blfe-post-grid-details\">\n                    <div class=\"blfe-post-grid-details-inner\">\n                        <span class=\"blfe-post-category\"><a href=\"https:\/\/soymigrante.com\/revista\/category\/guate-nuestra\/pueblos-de-guatemala\/\">Pueblos de Guatemala<\/a><\/span>                        <h3 class=\"blfe-post-grid-title\">\n            <a href=\"https:\/\/soymigrante.com\/revista\/tzunun-tzii-es-el-nombre-prehispanico-del-pueblo-uspanteko-y-su-nahual-es-un-colibri\/\" title=\"Tz&#8217;unun Tziij es el nombre prehisp\u00e1nico del pueblo Uspanteko y su nahual es un colibr\u00ed\" rel=\"nofollow\" target=\"_blank\">Tz&#8217;unun Tziij es el nombre prehisp\u00e1nico del pueblo Uspanteko y su nahual es un colibr\u00ed<\/a>\n            <\/h3>                                                            <div class=\"blfe-post-grid-meta\">\n                <span class=\"blfe-post-grid-time\"><i class=\"fas fa-book-reader\"><\/i>7 Min read<\/span>            <\/div>\n                                                        <\/div>\n                <\/div>\n\n            <\/div>\n        <\/div>\n                <div class=\"blfe-post-grid-item\">\n            <div class=\"blfe-post-grid-item-inner blfe-modern-zoom\">\n                        <div class=\"blfe-post-grid-bg-image\">\n            <a class=\"blfe-post-grid-image-inner\" href=\"https:\/\/soymigrante.com\/revista\/san-juan-comalapa-la-cuna-del-arte-popular-en-guatemala\/\" title=\"San Juan Comalapa, la cuna del arte popular en Guatemala\" rel=\"nofollow\" target=\"_blank\"><img decoding=\"async\" src=\"https:\/\/soymigrante.com\/revista\/wp-content\/uploads\/2025\/09\/San-Juan-Comalapa-5-e1757615970442.jpg\" alt=\"San Juan Comalapa, la cuna del arte popular en Guatemala\"\/><\/a>        <\/div>\n                        <div class=\"blfe-post-grid-details\">\n                    <div class=\"blfe-post-grid-details-inner\">\n                        <span class=\"blfe-post-category\"><a href=\"https:\/\/soymigrante.com\/revista\/category\/guate-nuestra\/\">Guate Nuestra<\/a><\/span>                        <h3 class=\"blfe-post-grid-title\">\n            <a href=\"https:\/\/soymigrante.com\/revista\/san-juan-comalapa-la-cuna-del-arte-popular-en-guatemala\/\" title=\"San Juan Comalapa, la cuna del arte popular en Guatemala\" rel=\"nofollow\" target=\"_blank\">San Juan Comalapa, la cuna del arte popular en Guatemala<\/a>\n            <\/h3>                                                            <div class=\"blfe-post-grid-meta\">\n                <span class=\"blfe-post-grid-time\"><i class=\"fas fa-book-reader\"><\/i>4 Min read<\/span>            <\/div>\n                                                        <\/div>\n                <\/div>\n\n            <\/div>\n        <\/div>\n                <div class=\"blfe-post-grid-item\">\n            <div class=\"blfe-post-grid-item-inner blfe-modern-zoom\">\n                        <div class=\"blfe-post-grid-bg-image\">\n            <a class=\"blfe-post-grid-image-inner\" href=\"https:\/\/soymigrante.com\/revista\/pueblo-kubul-vive-en-cubulco-baja-verapaz-y-busca-ser-reconocido-como-el-idioma-maya-23\/\" title=\"Pueblo K&#8217;ub&#8217;ul vive en Cubulco, Baja Verapaz y busca ser reconocido como el idioma maya 23\" rel=\"nofollow\" target=\"_blank\"><img decoding=\"async\" src=\"https:\/\/soymigrante.com\/revista\/wp-content\/uploads\/2025\/02\/pueblo-kubul-idioma-maya-1.webp\" alt=\"Pueblo K&#8217;ub&#8217;ul vive en Cubulco, Baja Verapaz y busca ser reconocido como el idioma maya 23\"\/><\/a>        <\/div>\n                        <div class=\"blfe-post-grid-details\">\n                    <div class=\"blfe-post-grid-details-inner\">\n                        <span class=\"blfe-post-category\"><a href=\"https:\/\/soymigrante.com\/revista\/category\/guate-nuestra\/pueblos-de-guatemala\/\">Pueblos de Guatemala<\/a><\/span>                        <h3 class=\"blfe-post-grid-title\">\n            <a href=\"https:\/\/soymigrante.com\/revista\/pueblo-kubul-vive-en-cubulco-baja-verapaz-y-busca-ser-reconocido-como-el-idioma-maya-23\/\" title=\"Pueblo K&#8217;ub&#8217;ul vive en Cubulco, Baja Verapaz y busca ser reconocido como el idioma maya 23\" rel=\"nofollow\" target=\"_blank\">Pueblo K&#8217;ub&#8217;ul vive en Cubulco, Baja Verapaz y busca ser reconocido como el idioma maya 23<\/a>\n            <\/h3>                                                            <div class=\"blfe-post-grid-meta\">\n                <span class=\"blfe-post-grid-time\"><i class=\"fas fa-book-reader\"><\/i>4 Min read<\/span>            <\/div>\n                                                        <\/div>\n                <\/div>\n\n            <\/div>\n        <\/div>\n                        <\/div>\n\n                        <\/div>\n            \n                        <div class=\"blfe-post-footer\">\n                        <\/div>\n            \t\t\t\t<\/div>\n\t\t\t\t<\/div>\n\t\t\t\t\t<\/div>\n\t\t\t\t<\/div>\n\t\t\t\t<\/div>\n\t\t","protected":false},"excerpt":{"rendered":"<p>En la actual regi\u00f3n de Las Verapaces se form\u00f3 el se\u00f1or\u00edo Cham\u00e1. En el a\u00f1o 1,500 exist\u00edan en esa \u00e1rea avanzadas comunidades gobernadas por caciques que plantaron f\u00e9rrea resistencia a la invasi\u00f3n espa\u00f1ola. Hoy es el pueblo Q&#8217;eqchi&#8217;. La mayor\u00eda de los hablantes del idioma Q\u2019eqchi\u2019 viven en el departamento de Alta Verapaz. Pero esta [&hellip;]<\/p>\n","protected":false},"author":17,"featured_media":9277,"comment_status":"open","ping_status":"open","sticky":false,"template":"","format":"standard","meta":{"_acf_changed":false,"_eb_attr":"","footnotes":""},"categories":[125],"tags":[],"class_list":["post-9169","post","type-post","status-publish","format-standard","has-post-thumbnail","hentry","category-pueblos-de-guatemala"],"acf":[],"aioseo_notices":[],"aioseo_head":"\n\t\t<!-- All in One SEO Pro 4.9.6.2 - aioseo.com -->\n\t<meta name=\"description\" content=\"Hace m\u00e1s de 800 a\u00f1os los K&#039;ub&#039;ul se separaron de los k&#039;iche&#039; y llegaron hasta el actual \u00e1rea de Cubulco, Baja Verapaz. Buscan ser reconocidos como idioma maya\" \/>\n\t<meta name=\"robots\" content=\"max-snippet:-1, max-image-preview:large, max-video-preview:-1\" \/>\n\t<meta name=\"author\" content=\"Gustavo Montenegro\"\/>\n\t<link rel=\"canonical\" href=\"https:\/\/soymigrante.com\/revista\/pueblo-kubul-vive-en-cubulco-baja-verapaz-y-busca-ser-reconocido-como-el-idioma-maya-23\/\" \/>\n\t<meta name=\"generator\" content=\"All in One SEO Pro (AIOSEO) 4.9.6.2\" \/>\n\n\t\t<link rel=\"preconnect\" href=\"https:\/\/fonts.googleapis.com\" crossorigin>\n<link rel=\"preconnect\" href=\"https:\/\/fonts.gstatic.com\" crossorigin>\n\t\t<meta property=\"og:locale\" content=\"es_ES\" \/>\n\t\t<meta property=\"og:site_name\" content=\"SoyMigrante.com REVISTA \u2013 Nuestra misi\u00f3n es reconocer y dignificar al migrante.\" \/>\n\t\t<meta property=\"og:type\" content=\"article\" \/>\n\t\t<meta property=\"og:title\" content=\"Pueblo K&#039;ub&#039;ul busca ser reconocido como el 23o. idioma maya\" \/>\n\t\t<meta property=\"og:description\" content=\"Hace m\u00e1s de 800 a\u00f1os los K&#039;ub&#039;ul se separaron de los k&#039;iche&#039; y llegaron hasta el actual \u00e1rea de Cubulco, Baja Verapaz. Buscan ser reconocidos como idioma maya\" \/>\n\t\t<meta property=\"og:url\" content=\"https:\/\/soymigrante.com\/revista\/pueblo-kubul-vive-en-cubulco-baja-verapaz-y-busca-ser-reconocido-como-el-idioma-maya-23\/\" \/>\n\t\t<meta property=\"og:image\" content=\"https:\/\/soymigrante.com\/revista\/wp-content\/uploads\/2025\/02\/pueblo-kubul-idioma-maya-1.webp\" \/>\n\t\t<meta property=\"og:image:secure_url\" content=\"https:\/\/soymigrante.com\/revista\/wp-content\/uploads\/2025\/02\/pueblo-kubul-idioma-maya-1.webp\" \/>\n\t\t<meta property=\"og:image:width\" content=\"589\" \/>\n\t\t<meta property=\"og:image:height\" content=\"589\" \/>\n\t\t<meta property=\"article:published_time\" content=\"2025-02-05T17:20:00+00:00\" \/>\n\t\t<meta property=\"article:modified_time\" content=\"2025-03-10T22:27:40+00:00\" \/>\n\t\t<meta property=\"article:publisher\" content=\"https:\/\/www.facebook.com\/soymigrantecom\" \/>\n\t\t<meta name=\"twitter:card\" content=\"summary_large_image\" \/>\n\t\t<meta name=\"twitter:site\" content=\"@SoyMigrante_com\" \/>\n\t\t<meta name=\"twitter:title\" content=\"Pueblo K&#039;ub&#039;ul busca ser reconocido como el 23o. idioma maya\" \/>\n\t\t<meta name=\"twitter:description\" content=\"Hace m\u00e1s de 800 a\u00f1os los K&#039;ub&#039;ul se separaron de los k&#039;iche&#039; y llegaron hasta el actual \u00e1rea de Cubulco, Baja Verapaz. Buscan ser reconocidos como idioma maya\" \/>\n\t\t<meta name=\"twitter:creator\" content=\"@SoyMigrante_com\" \/>\n\t\t<meta name=\"twitter:image\" content=\"https:\/\/soymigrante.com\/revista\/wp-content\/uploads\/2025\/02\/pueblo-kubul-idioma-maya-1.webp\" \/>\n\t\t<!-- All in One SEO Pro -->\r\n\t\t<title>Pueblo K'ub'ul busca ser reconocido como el 23o. idioma maya<\/title>\n\n","aioseo_head_json":{"title":"Pueblo K'ub'ul busca ser reconocido como el 23o. idioma maya","description":"Hace m\u00e1s de 800 a\u00f1os los K'ub'ul se separaron de los k'iche' y llegaron hasta el actual \u00e1rea de Cubulco, Baja Verapaz. Buscan ser reconocidos como idioma maya","canonical_url":"https:\/\/soymigrante.com\/revista\/pueblo-kubul-vive-en-cubulco-baja-verapaz-y-busca-ser-reconocido-como-el-idioma-maya-23\/","robots":"max-snippet:-1, max-image-preview:large, max-video-preview:-1","keywords":"","webmasterTools":{"miscellaneous":"&lt;link rel=\"preconnect\" href=\"https:\/\/fonts.googleapis.com\" crossorigin&gt;\n&lt;link rel=\"preconnect\" href=\"https:\/\/fonts.gstatic.com\" crossorigin&gt;"},"schema":null,"og:locale":"es_ES","og:site_name":"SoyMigrante.com REVISTA \u2013 Nuestra misi\u00f3n es reconocer y dignificar al migrante.","og:type":"article","og:title":"Pueblo K'ub'ul busca ser reconocido como el 23o. idioma maya","og:description":"Hace m\u00e1s de 800 a\u00f1os los K'ub'ul se separaron de los k'iche' y llegaron hasta el actual \u00e1rea de Cubulco, Baja Verapaz. Buscan ser reconocidos como idioma maya","og:url":"https:\/\/soymigrante.com\/revista\/pueblo-kubul-vive-en-cubulco-baja-verapaz-y-busca-ser-reconocido-como-el-idioma-maya-23\/","og:image":"https:\/\/soymigrante.com\/revista\/wp-content\/uploads\/2025\/02\/pueblo-kubul-idioma-maya-1.webp","og:image:secure_url":"https:\/\/soymigrante.com\/revista\/wp-content\/uploads\/2025\/02\/pueblo-kubul-idioma-maya-1.webp","og:image:width":589,"og:image:height":589,"article:published_time":"2025-02-05T17:20:00+00:00","article:modified_time":"2025-03-10T22:27:40+00:00","article:publisher":"https:\/\/www.facebook.com\/soymigrantecom","twitter:card":"summary_large_image","twitter:site":"@SoyMigrante_com","twitter:title":"Pueblo K'ub'ul busca ser reconocido como el 23o. idioma maya","twitter:description":"Hace m\u00e1s de 800 a\u00f1os los K'ub'ul se separaron de los k'iche' y llegaron hasta el actual \u00e1rea de Cubulco, Baja Verapaz. Buscan ser reconocidos como idioma maya","twitter:creator":"@SoyMigrante_com","twitter:image":"https:\/\/soymigrante.com\/revista\/wp-content\/uploads\/2025\/02\/pueblo-kubul-idioma-maya-1.webp"},"aioseo_meta_data":{"post_id":"9169","title":null,"description":"En la actual regi\u00f3n de Alta Verapaz se form\u00f3 el se\u00f1or\u00edo Cham\u00e1, que al momento de la conquista estaba muy bien organizado para resistir la invasi\u00f3n espa\u00f1ola.","keywords":null,"keyphrases":{"focus":{"keyphrase":"Q'eqchi'","score":82,"analysis":{"keyphraseInTitle":{"score":9,"maxScore":9,"error":0},"keyphraseInDescription":{"score":3,"maxScore":9,"error":1},"keyphraseLength":{"score":9,"maxScore":9,"error":0,"length":1},"keyphraseInURL":{"score":5,"maxScore":5,"error":0},"keyphraseInIntroduction":{"score":9,"maxScore":9,"error":0},"keyphraseInSubHeadings":{"score":9,"maxScore":9,"error":0},"keyphraseInImageAlt":{"score":3,"maxScore":9,"error":1},"keywordDensity":{"type":"best","score":9,"maxScore":9,"error":0}}},"additional":[{"keyphrase":"Maya","score":67,"analysis":{"keyphraseInDescription":{"score":3,"maxScore":9,"error":1},"keyphraseLength":{"score":9,"maxScore":9,"error":0,"length":1},"keyphraseInIntroduction":{"score":9,"maxScore":9,"error":0},"keyphraseInImageAlt":{"score":9,"maxScore":9,"error":0},"keywordDensity":{"score":0,"type":"low","maxScore":9,"error":1}}}]},"primary_term":null,"canonical_url":null,"og_title":null,"og_description":null,"og_object_type":"default","og_image_type":"default","og_image_url":null,"og_image_width":null,"og_image_height":null,"og_image_custom_url":null,"og_image_custom_fields":null,"og_video":"","og_custom_url":null,"og_article_section":null,"og_article_tags":null,"twitter_use_og":false,"twitter_card":"default","twitter_image_type":"default","twitter_image_url":null,"twitter_image_custom_url":null,"twitter_image_custom_fields":null,"twitter_title":null,"twitter_description":null,"schema":{"blockGraphs":[],"customGraphs":[],"default":{"data":{"Article":[],"Course":[],"Dataset":[],"FAQPage":[],"Movie":[],"Person":[],"Product":[],"ProductReview":[],"Car":[],"Recipe":[],"Service":[],"SoftwareApplication":[],"WebPage":[]},"graphName":"none","isEnabled":true},"graphs":[]},"schema_type":"default","schema_type_options":null,"pillar_content":false,"robots_default":true,"robots_noindex":false,"robots_noarchive":false,"robots_nosnippet":false,"robots_nofollow":false,"robots_noimageindex":false,"robots_noodp":false,"robots_notranslate":false,"robots_max_snippet":"-1","robots_max_videopreview":"-1","robots_max_imagepreview":"large","priority":null,"frequency":"default","local_seo":null,"seo_analyzer_scan_date":"2025-10-08 23:08:36","breadcrumb_settings":null,"limit_modified_date":false,"reviewed_by":"0","open_ai":"{\"title\":{\"suggestions\":[],\"usage\":0},\"description\":{\"suggestions\":[],\"usage\":0}}","ai":{"faqs":[],"keyPoints":[],"titles":[],"descriptions":[],"socialPosts":{"email":[],"linkedin":[],"twitter":[],"facebook":[],"instagram":[]}},"created":"2024-09-12 21:30:28","updated":"2026-02-04 13:30:03"},"aioseo_breadcrumb":"<div class=\"aioseo-breadcrumbs\"><span class=\"aioseo-breadcrumb\">\n\t<a href=\"https:\/\/soymigrante.com\/revista\" title=\"Home\">Home<\/a>\n<\/span><span class=\"aioseo-breadcrumb-separator\">\u00bb<\/span><span class=\"aioseo-breadcrumb\">\n\t<a href=\"https:\/\/soymigrante.com\/revista\/category\/guate-nuestra\/\" title=\"Guate Nuestra\">Guate Nuestra<\/a>\n<\/span><span class=\"aioseo-breadcrumb-separator\">\u00bb<\/span><span class=\"aioseo-breadcrumb\">\n\t<a href=\"https:\/\/soymigrante.com\/revista\/category\/guate-nuestra\/pueblos-de-guatemala\/\" title=\"Pueblos de Guatemala\">Pueblos de Guatemala<\/a>\n<\/span><span class=\"aioseo-breadcrumb-separator\">\u00bb<\/span><span class=\"aioseo-breadcrumb\">\n\tPueblo Q\u2019eqchi\u2019 es el idioma maya con mayor cifra de hablantes\n<\/span><\/div>","aioseo_breadcrumb_json":[{"label":"Home","link":"https:\/\/soymigrante.com\/revista"},{"label":"Guate Nuestra","link":"https:\/\/soymigrante.com\/revista\/category\/guate-nuestra\/"},{"label":"Pueblos de Guatemala","link":"https:\/\/soymigrante.com\/revista\/category\/guate-nuestra\/pueblos-de-guatemala\/"},{"label":"Pueblo Q&#8217;eqchi&#8217; es el idioma maya con mayor cifra de hablantes","link":"https:\/\/soymigrante.com\/revista\/pueblo-qeqchi-es-el-idioma-maya-con-mayor-cifra-de-hablantes\/"}],"_links":{"self":[{"href":"https:\/\/soymigrante.com\/revista\/wp-json\/wp\/v2\/posts\/9169","targetHints":{"allow":["GET"]}}],"collection":[{"href":"https:\/\/soymigrante.com\/revista\/wp-json\/wp\/v2\/posts"}],"about":[{"href":"https:\/\/soymigrante.com\/revista\/wp-json\/wp\/v2\/types\/post"}],"author":[{"embeddable":true,"href":"https:\/\/soymigrante.com\/revista\/wp-json\/wp\/v2\/users\/17"}],"replies":[{"embeddable":true,"href":"https:\/\/soymigrante.com\/revista\/wp-json\/wp\/v2\/comments?post=9169"}],"version-history":[{"count":7,"href":"https:\/\/soymigrante.com\/revista\/wp-json\/wp\/v2\/posts\/9169\/revisions"}],"predecessor-version":[{"id":45075,"href":"https:\/\/soymigrante.com\/revista\/wp-json\/wp\/v2\/posts\/9169\/revisions\/45075"}],"wp:featuredmedia":[{"embeddable":true,"href":"https:\/\/soymigrante.com\/revista\/wp-json\/wp\/v2\/media\/9277"}],"wp:attachment":[{"href":"https:\/\/soymigrante.com\/revista\/wp-json\/wp\/v2\/media?parent=9169"}],"wp:term":[{"taxonomy":"category","embeddable":true,"href":"https:\/\/soymigrante.com\/revista\/wp-json\/wp\/v2\/categories?post=9169"},{"taxonomy":"post_tag","embeddable":true,"href":"https:\/\/soymigrante.com\/revista\/wp-json\/wp\/v2\/tags?post=9169"}],"curies":[{"name":"wp","href":"https:\/\/api.w.org\/{rel}","templated":true}]}}