{"id":9166,"date":"2024-09-20T11:14:46","date_gmt":"2024-09-20T17:14:46","guid":{"rendered":"https:\/\/soymigrante.com\/revista\/?p=9166"},"modified":"2025-09-17T07:48:15","modified_gmt":"2025-09-17T13:48:15","slug":"pueblo-poqomchi-existe-y-vive-en-torno-al-mayijinic-y-el-kuxanik","status":"publish","type":"post","link":"https:\/\/soymigrante.com\/revista\/pueblo-poqomchi-existe-y-vive-en-torno-al-mayijinic-y-el-kuxanik\/","title":{"rendered":"Pueblo Poqomchi&#8217; existe y vive en torno al Mayijinic y el Kuxanik"},"content":{"rendered":"\t\t<div data-elementor-type=\"wp-post\" data-elementor-id=\"9166\" class=\"elementor elementor-9166\" data-elementor-post-type=\"post\">\n\t\t\t\t<div data-particle_enable=\"false\" data-particle-mobile-disabled=\"false\" class=\"elementor-element elementor-element-5eb0c31 e-flex e-con-boxed e-con e-parent\" data-id=\"5eb0c31\" data-element_type=\"container\" data-e-type=\"container\">\n\t\t\t\t\t<div class=\"e-con-inner\">\n\t\t\t\t<div class=\"elementor-element elementor-element-8796c39 elementor-widget elementor-widget-heading\" data-id=\"8796c39\" data-element_type=\"widget\" data-e-type=\"widget\" data-widget_type=\"heading.default\">\n\t\t\t\t\t<h2 class=\"elementor-heading-title elementor-size-default\">Cuentan los abuelos que los Poqomchi\u2019 viv\u00edan en Kaqyub\u2019 y Chuwitinamit. Eran buenos amigos de los Rab\u2019inaleb\u2019. Hoy habitan en el sur de Alta Verapaz y mantienen una cultura fuerte a trav\u00e9s de sus tradiciones.<\/h2>\t\t\t\t<\/div>\n\t\t\t\t\t<\/div>\n\t\t\t\t<\/div>\n\t\t<div data-particle_enable=\"false\" data-particle-mobile-disabled=\"false\" class=\"elementor-element elementor-element-69f9c31 e-flex e-con-boxed e-con e-parent\" data-id=\"69f9c31\" data-element_type=\"container\" data-e-type=\"container\">\n\t\t\t\t\t<div class=\"e-con-inner\">\n\t\t\t\t<div class=\"elementor-element elementor-element-ab556a6 elementor-widget elementor-widget-text-editor\" data-id=\"ab556a6\" data-element_type=\"widget\" data-e-type=\"widget\" data-widget_type=\"text-editor.default\">\n\t\t\t\t\t\t\t\t\t<p>En el siglo XVI, la comunidad Poqomchi\u2019 ocupaba el \u00e1rea comprendida desde el r\u00edo Chixoy, territorio entre&nbsp;<a href=\"https:\/\/soymigrante.com\/revista\/asi-refleja-quiche-tierra-de-eternos-celajes-el-lente-de-peter-hernandez\/\" target=\"_blank\" rel=\"noopener\">Quich\u00e9&nbsp;<\/a>y Alta Verapaz, hasta el pueblo de Panz\u00f3s. Esta cultura se extend\u00eda hasta el r\u00edo y valle del Polochic. Antes de la llegada de los espa\u00f1oles los Poqomchi\u2019 se dividieron en dos.&nbsp;<\/p>\n<p>Un grupo form\u00f3 el Poqomchi\u2019 oriental que se hablaba en Tactic, Purulh\u00e1, Tamah\u00fa y Tucur\u00fa. Otro, el grupo occidental, establecido en Santa Cruz, San Crist\u00f3bal y Belej\u00fa, que probablemente se extendi\u00f3 a Salam\u00e1 y Cob\u00e1n.<\/p>\t\t\t\t\t\t\t\t<\/div>\n\t\t\t\t\t<\/div>\n\t\t\t\t<\/div>\n\t\t<div data-particle_enable=\"false\" data-particle-mobile-disabled=\"false\" class=\"elementor-element elementor-element-6d3a83a e-flex e-con-boxed e-con e-parent\" data-id=\"6d3a83a\" data-element_type=\"container\" data-e-type=\"container\">\n\t\t\t\t\t<div class=\"e-con-inner\">\n\t\t\t\t<div class=\"elementor-element elementor-element-76906f2 elementor-widget elementor-widget-video\" data-id=\"76906f2\" data-element_type=\"widget\" data-e-type=\"widget\" data-settings=\"{&quot;youtube_url&quot;:&quot;https:\\\/\\\/youtu.be\\\/PB96B1ya2AA&quot;,&quot;video_type&quot;:&quot;youtube&quot;,&quot;controls&quot;:&quot;yes&quot;}\" data-widget_type=\"video.default\">\n\t\t\t\t\t\t\t<div class=\"elementor-wrapper elementor-open-inline\">\n\t\t\t<div class=\"elementor-video\"><\/div>\t\t<\/div>\n\t\t\t\t\t\t<\/div>\n\t\t\t\t\t<\/div>\n\t\t\t\t<\/div>\n\t\t<div data-particle_enable=\"false\" data-particle-mobile-disabled=\"false\" class=\"elementor-element elementor-element-2b97e8c e-flex e-con-boxed e-con e-parent\" data-id=\"2b97e8c\" data-element_type=\"container\" data-e-type=\"container\">\n\t\t\t\t\t<div class=\"e-con-inner\">\n\t\t\t\t<div class=\"elementor-element elementor-element-70c2a08 elementor-widget elementor-widget-heading\" data-id=\"70c2a08\" data-element_type=\"widget\" data-e-type=\"widget\" data-widget_type=\"heading.default\">\n\t\t\t\t\t<h3 class=\"elementor-heading-title elementor-size-default\">Desplazamiento hasta su actual ubicaci\u00f3n<br><\/h3>\t\t\t\t<\/div>\n\t\t\t\t\t<\/div>\n\t\t\t\t<\/div>\n\t\t<div data-particle_enable=\"false\" data-particle-mobile-disabled=\"false\" class=\"elementor-element elementor-element-e98f5de e-flex e-con-boxed e-con e-parent\" data-id=\"e98f5de\" data-element_type=\"container\" data-e-type=\"container\">\n\t\t\t\t\t<div class=\"e-con-inner\">\n\t\t\t\t<div class=\"elementor-element elementor-element-3705a8d elementor-widget elementor-widget-text-editor\" data-id=\"3705a8d\" data-element_type=\"widget\" data-e-type=\"widget\" data-widget_type=\"text-editor.default\">\n\t\t\t\t\t\t\t\t\t<p>El T\u00edtulo de los Se\u00f1ores de Kajqoj, escrito durante la segunda mitad del siglo XVI, sit\u00faa el origen de los Pocomchi\u2019, en Tezulutl\u00e1n; este documento contiene relatos mitol\u00f3gicos de conflictos con la gente de Kaqkoj, Tucur\u00fa y Tactic; la p\u00e9rdida territorial frente a los\u00a0<a href=\"https:\/\/soymigrante.com\/revista\/etnias-de-guatemala-los-achi\/\" target=\"_blank\" rel=\"noopener\">Rab\u2019inaleb<\/a>, la separaci\u00f3n en cuatro grupos y la conquista, sin armas, de los dominicos.<\/p><p>Estudios realizados en sitios arqueol\u00f3gicos en esta \u00e1rea indican que los Pocom construyeron Kaqjub\u2019 y Chuwitinamit, (Encima del poblado). Este lugar, por su tama\u00f1o y posici\u00f3n estrat\u00e9gica, situado a ocho kil\u00f3metros al noreste de Rabinal, se cree era la ciudad Nim Poqom, invadida por los K\u2019iche\u2019. En estos dos sitios se han encontrado restos de cer\u00e1mica pol\u00edcroma como la de Chinautla, lo que demuestra la relaci\u00f3n con los Poqomam del valle de Guatemala<\/p>\t\t\t\t\t\t\t\t<\/div>\n\t\t\t\t\t<\/div>\n\t\t\t\t<\/div>\n\t\t<div data-particle_enable=\"false\" data-particle-mobile-disabled=\"false\" class=\"elementor-element elementor-element-139fbd4 e-flex e-con-boxed e-con e-parent\" data-id=\"139fbd4\" data-element_type=\"container\" data-e-type=\"container\">\n\t\t\t\t\t<div class=\"e-con-inner\">\n\t\t\t\t<div class=\"elementor-element elementor-element-cc4be1f elementor-widget elementor-widget-image\" data-id=\"cc4be1f\" data-element_type=\"widget\" data-e-type=\"widget\" data-widget_type=\"image.default\">\n\t\t\t\t\t\t\t\t\t\t\t\t<figure class=\"wp-caption\">\n\t\t\t\t\t\t\t\t\t\t<img fetchpriority=\"high\" decoding=\"async\" width=\"584\" height=\"634\" src=\"https:\/\/soymigrante.com\/revista\/wp-content\/uploads\/2024\/09\/Mapa-linguistico-Poqomchi-Min-de-Edu.webp\" class=\"attachment-medium_large size-medium_large wp-image-9168\" alt=\"Mapa ling\u00fc\u00edstico Poqomchi Min de Edu\" srcset=\"https:\/\/soymigrante.com\/revista\/wp-content\/uploads\/2024\/09\/Mapa-linguistico-Poqomchi-Min-de-Edu.webp 584w, https:\/\/soymigrante.com\/revista\/wp-content\/uploads\/2024\/09\/Mapa-linguistico-Poqomchi-Min-de-Edu-276x300.webp 276w\" sizes=\"(max-width: 584px) 100vw, 584px\" title=\"Mapa ling\u00fc\u00edstico Poqomchi Min de Edu \u2013 SoyMigrante.com REVISTA\" \/>\t\t\t\t\t\t\t\t\t\t\t<figcaption class=\"widget-image-caption wp-caption-text\">Mapa ling\u00fc\u00edstico Poqomchi por Mineduc<\/figcaption>\n\t\t\t\t\t\t\t\t\t\t<\/figure>\n\t\t\t\t\t\t\t\t\t<\/div>\n\t\t\t\t\t<\/div>\n\t\t\t\t<\/div>\n\t\t<div data-particle_enable=\"false\" data-particle-mobile-disabled=\"false\" class=\"elementor-element elementor-element-f588f62 e-flex e-con-boxed e-con e-parent\" data-id=\"f588f62\" data-element_type=\"container\" data-e-type=\"container\">\n\t\t\t\t\t<div class=\"e-con-inner\">\n\t\t\t\t<div class=\"elementor-element elementor-element-b37b1a6 elementor-widget elementor-widget-heading\" data-id=\"b37b1a6\" data-element_type=\"widget\" data-e-type=\"widget\" data-widget_type=\"heading.default\">\n\t\t\t\t\t<h3 class=\"elementor-heading-title elementor-size-default\">Territorio Pocomchi\u00b4<\/h3>\t\t\t\t<\/div>\n\t\t\t\t\t<\/div>\n\t\t\t\t<\/div>\n\t\t<div data-particle_enable=\"false\" data-particle-mobile-disabled=\"false\" class=\"elementor-element elementor-element-ec06432 e-flex e-con-boxed e-con e-parent\" data-id=\"ec06432\" data-element_type=\"container\" data-e-type=\"container\">\n\t\t\t\t\t<div class=\"e-con-inner\">\n\t\t\t\t<div class=\"elementor-element elementor-element-336d642 elementor-widget elementor-widget-text-editor\" data-id=\"336d642\" data-element_type=\"widget\" data-e-type=\"widget\" data-widget_type=\"text-editor.default\">\n\t\t\t\t\t\t\t\t\t<p>San Crist\u00f3bal Verapaz, Santa Cruz Verapaz, Tactic, Tamah\u00fa y Tucur\u00fa y parte de Panz\u00f3s, departamento de Alta Verapaz,\u00a0<span style=\"color: var( --e-global-color-text ); text-align: var(--text-align);\">Purulh\u00e1, Baja Verapaz, p<\/span><span style=\"text-align: var(--text-align);\">arte de Uspant\u00e1n,\u00a0 departamento de <a href=\"https:\/\/soymigrante.com\/revista\/el-pueblo-kiche-es-heredero-y-continuador-de-la-tradicion-del-popol-vuh\/\">Quich\u00e9.<\/a><\/span><\/p><div><div><ul><li>Ocupa una extensi\u00f3n territorial de 1,444 kil\u00f3metros cuadrados aproximadamente, incluida la zona biling\u00fce con el idioma Q\u2019eqchi\u2019.<\/li><li>\u00a0Poblaci\u00f3n aproximada: 176,622 habitantes, seg\u00fan censo 2018 del INE.\u00a0<\/li><\/ul><\/div><\/div><div>\u00a0<\/div>\t\t\t\t\t\t\t\t<\/div>\n\t\t\t\t\t<\/div>\n\t\t\t\t<\/div>\n\t\t<div data-particle_enable=\"false\" data-particle-mobile-disabled=\"false\" class=\"elementor-element elementor-element-73a4b6a e-flex e-con-boxed e-con e-parent\" data-id=\"73a4b6a\" data-element_type=\"container\" data-e-type=\"container\">\n\t\t\t\t\t<div class=\"e-con-inner\">\n\t\t\t\t<div class=\"elementor-element elementor-element-a4ff3b8 elementor-widget elementor-widget-image\" data-id=\"a4ff3b8\" data-element_type=\"widget\" data-e-type=\"widget\" data-widget_type=\"image.default\">\n\t\t\t\t\t\t\t\t\t\t\t\t<figure class=\"wp-caption\">\n\t\t\t\t\t\t\t\t\t\t<img decoding=\"async\" width=\"768\" height=\"310\" src=\"https:\/\/soymigrante.com\/revista\/wp-content\/uploads\/2024\/09\/5-Venados-Sta-Cruz-Alta-Verapaz-2-768x310.webp\" class=\"attachment-medium_large size-medium_large wp-image-9192\" alt=\"Danza de Venados en Santa Cruz Verapaz, pueblo Poqomchi (Foto Edwin Castro)\" srcset=\"https:\/\/soymigrante.com\/revista\/wp-content\/uploads\/2024\/09\/5-Venados-Sta-Cruz-Alta-Verapaz-2-768x310.webp 768w, https:\/\/soymigrante.com\/revista\/wp-content\/uploads\/2024\/09\/5-Venados-Sta-Cruz-Alta-Verapaz-2-300x121.webp 300w, https:\/\/soymigrante.com\/revista\/wp-content\/uploads\/2024\/09\/5-Venados-Sta-Cruz-Alta-Verapaz-2-1024x413.webp 1024w, https:\/\/soymigrante.com\/revista\/wp-content\/uploads\/2024\/09\/5-Venados-Sta-Cruz-Alta-Verapaz-2-1536x620.webp 1536w, https:\/\/soymigrante.com\/revista\/wp-content\/uploads\/2024\/09\/5-Venados-Sta-Cruz-Alta-Verapaz-2-scaled.webp 1920w, https:\/\/soymigrante.com\/revista\/wp-content\/uploads\/2024\/09\/5-Venados-Sta-Cruz-Alta-Verapaz-2-750x303.webp 750w, https:\/\/soymigrante.com\/revista\/wp-content\/uploads\/2024\/09\/5-Venados-Sta-Cruz-Alta-Verapaz-2-1140x460.webp 1140w\" sizes=\"(max-width: 768px) 100vw, 768px\" title=\"Danza de Venados en Santa Cruz Verapaz, pueblo Poqomchi (Foto Edwin Castro) \u2013 SoyMigrante.com REVISTA\" \/>\t\t\t\t\t\t\t\t\t\t\t<figcaption class=\"widget-image-caption wp-caption-text\">Danza de Venados en Santa Cruz Verapaz, pueblo Poqomchi (Foto Edwin Castro)<\/figcaption>\n\t\t\t\t\t\t\t\t\t\t<\/figure>\n\t\t\t\t\t\t\t\t\t<\/div>\n\t\t\t\t\t<\/div>\n\t\t\t\t<\/div>\n\t\t<div data-particle_enable=\"false\" data-particle-mobile-disabled=\"false\" class=\"elementor-element elementor-element-5997d19 e-flex e-con-boxed e-con e-parent\" data-id=\"5997d19\" data-element_type=\"container\" data-e-type=\"container\">\n\t\t\t\t\t<div class=\"e-con-inner\">\n\t\t\t\t<div class=\"elementor-element elementor-element-d9c59ce elementor-widget elementor-widget-heading\" data-id=\"d9c59ce\" data-element_type=\"widget\" data-e-type=\"widget\" data-widget_type=\"heading.default\">\n\t\t\t\t\t<h3 class=\"elementor-heading-title elementor-size-default\">C\u00f3mo se viv\u00eda en la comunidad Poqomchi\u2019\n<\/h3>\t\t\t\t<\/div>\n\t\t\t\t\t<\/div>\n\t\t\t\t<\/div>\n\t\t<div data-particle_enable=\"false\" data-particle-mobile-disabled=\"false\" class=\"elementor-element elementor-element-bebe73d e-flex e-con-boxed e-con e-parent\" data-id=\"bebe73d\" data-element_type=\"container\" data-e-type=\"container\">\n\t\t\t\t\t<div class=\"e-con-inner\">\n\t\t\t\t<div class=\"elementor-element elementor-element-c644e3e elementor-widget elementor-widget-text-editor\" data-id=\"c644e3e\" data-element_type=\"widget\" data-e-type=\"widget\" data-widget_type=\"text-editor.default\">\n\t\t\t\t\t\t\t\t\t<p>La educaci\u00f3n que los abuelos recibieron de sus antepasados la transmit\u00edan a las nuevas generaciones. Esta ense\u00f1anza enfatizaba el respeto a los mayores de edad y a la propiedad ajena.<\/p><p>Cuando un ni\u00f1o nac\u00eda era recibido por la comadrona con quema de incienso y pom, ella cortaba el cord\u00f3n umbilical y lo colgaba en un \u00e1rbol alto y bonito. Se cre\u00eda que de este modo el ni\u00f1o al ser adulto gozar\u00eda de bienestar y abundancia. Despu\u00e9s del parto la madre se ba\u00f1aba y se le incensaba para \u201cevitar el susto\u201d.\u00a0<\/p><p>Seg\u00fan el calendario maya se rezaba en determinados d\u00edas para propiciar a la persona salud, abundancia, \u00e9xito personal, protecci\u00f3n contra enemigos y desgracias, tranquilidad en el hogar y bienestar en general.\u00a0<\/p><p>Para los Pocomchi&#8217; hay dos conceptos claves: el Mayajinic, que es el pedir permiso al Creador para comenzar la siembra y tambi\u00e9n para la cosecha, as\u00ed como el Kuxanik, el dar gracias siempre por todo lo recibido. Estas dos tradiciones son las que permiten que la vida siga girando para los Poqomchi&#8217;.<\/p>\t\t\t\t\t\t\t\t<\/div>\n\t\t\t\t\t<\/div>\n\t\t\t\t<\/div>\n\t\t<div data-particle_enable=\"false\" data-particle-mobile-disabled=\"false\" class=\"elementor-element elementor-element-2bc139b e-flex e-con-boxed e-con e-parent\" data-id=\"2bc139b\" data-element_type=\"container\" data-e-type=\"container\">\n\t\t\t\t\t<div class=\"e-con-inner\">\n\t\t\t\t<div class=\"elementor-element elementor-element-075f356 elementor-widget elementor-widget-image\" data-id=\"075f356\" data-element_type=\"widget\" data-e-type=\"widget\" data-widget_type=\"image.default\">\n\t\t\t\t\t\t\t\t\t\t\t\t<figure class=\"wp-caption\">\n\t\t\t\t\t\t\t\t\t\t<img decoding=\"async\" width=\"653\" height=\"414\" src=\"https:\/\/soymigrante.com\/revista\/wp-content\/uploads\/2024\/09\/senoras-poqomchi-dia-de-mercado.webp\" class=\"attachment-large size-large wp-image-9188\" alt=\"se\u00f1oras poqomchi dia de mercado\" srcset=\"https:\/\/soymigrante.com\/revista\/wp-content\/uploads\/2024\/09\/senoras-poqomchi-dia-de-mercado.webp 653w, https:\/\/soymigrante.com\/revista\/wp-content\/uploads\/2024\/09\/senoras-poqomchi-dia-de-mercado-300x190.webp 300w\" sizes=\"(max-width: 653px) 100vw, 653px\" title=\"se\u00f1oras poqomchi dia de mercado \u2013 SoyMigrante.com REVISTA\" \/>\t\t\t\t\t\t\t\t\t\t\t<figcaption class=\"widget-image-caption wp-caption-text\">se\u00f1oras poqomchi dia de mercado<\/figcaption>\n\t\t\t\t\t\t\t\t\t\t<\/figure>\n\t\t\t\t\t\t\t\t\t<\/div>\n\t\t\t\t\t<\/div>\n\t\t\t\t<\/div>\n\t\t<div data-particle_enable=\"false\" data-particle-mobile-disabled=\"false\" class=\"elementor-element elementor-element-2494303 e-flex e-con-boxed e-con e-parent\" data-id=\"2494303\" data-element_type=\"container\" data-e-type=\"container\">\n\t\t\t\t\t<div class=\"e-con-inner\">\n\t\t\t\t<div class=\"elementor-element elementor-element-21fe4c9 elementor-widget elementor-widget-heading\" data-id=\"21fe4c9\" data-element_type=\"widget\" data-e-type=\"widget\" data-widget_type=\"heading.default\">\n\t\t\t\t\t<h3 class=\"elementor-heading-title elementor-size-default\">Vida y costumbres<\/h3>\t\t\t\t<\/div>\n\t\t\t\t\t<\/div>\n\t\t\t\t<\/div>\n\t\t<div data-particle_enable=\"false\" data-particle-mobile-disabled=\"false\" class=\"elementor-element elementor-element-f88b338 e-flex e-con-boxed e-con e-parent\" data-id=\"f88b338\" data-element_type=\"container\" data-e-type=\"container\">\n\t\t\t\t\t<div class=\"e-con-inner\">\n\t\t\t\t<div class=\"elementor-element elementor-element-50f801d elementor-widget elementor-widget-text-editor\" data-id=\"50f801d\" data-element_type=\"widget\" data-e-type=\"widget\" data-widget_type=\"text-editor.default\">\n\t\t\t\t\t\t\t\t\t<p>Antiguamente las personas no contra\u00edan matrimonio, sino se un\u00edan por mutuo acuerdo. Pero tampoco exist\u00eda el divorcio, ya que al surgir problemas entre la pareja, estos acud\u00edan al consejo de ancianos para resolverlos, de esta forma se evitaba que se separaban y viv\u00edan en paz.\u00a0<\/p><p>Cuando un hombre quer\u00eda unirse a una mujer, este lo comunicaba a sus padres su intenci\u00f3n quienes se encargaban de todo el ritual \u201cde pedida\u201d. Al lograr la autorizaci\u00f3n el novio dorm\u00eda durante una semana en el corredor de la casa de la novia. Despu\u00e9s, dorm\u00eda dentro de la casa pero no con la novia. Llegado el momento el hombre se iba con su esposa a la casa que hab\u00eda construido en terreno proporcionados por sus padres.<\/p>\t\t\t\t\t\t\t\t<\/div>\n\t\t\t\t\t<\/div>\n\t\t\t\t<\/div>\n\t\t<div data-particle_enable=\"false\" data-particle-mobile-disabled=\"false\" class=\"elementor-element elementor-element-fbf2256 e-flex e-con-boxed e-con e-parent\" data-id=\"fbf2256\" data-element_type=\"container\" data-e-type=\"container\">\n\t\t\t\t\t<div class=\"e-con-inner\">\n\t\t\t\t<div class=\"elementor-element elementor-element-48d55bb elementor-grid-eael-col-1 elementor-grid-tablet-eael-col-2 elementor-grid-mobile-eael-col-1 elementor-widget elementor-widget-eael-post-grid\" data-id=\"48d55bb\" data-element_type=\"widget\" data-e-type=\"widget\" data-settings=\"{&quot;eael_post_grid_columns&quot;:&quot;eael-col-1&quot;,&quot;eael_post_grid_columns_tablet&quot;:&quot;eael-col-2&quot;,&quot;eael_post_grid_columns_mobile&quot;:&quot;eael-col-1&quot;}\" data-widget_type=\"eael-post-grid.default\">\n\t\t\t\t\t<div id=\"eael-post-grid-48d55bb\" class=\"eael-post-grid-container\">\n            <div class=\"eael-post-grid eael-post-appender eael-post-appender-48d55bb eael-post-grid-style-one\" data-layout-mode=\"masonry\"><article class=\"eael-grid-post  eael-post-grid-column eael-pg-post-1185 category-estamos-unidos\" data-id=\"1185\">\n        <div class=\"eael-grid-post-holder\">\n            <div class=\"eael-grid-post-holder-inner\"><div class=\"eael-entry-media\"><div class=\"eael-entry-overlay fade-in\"><i class=\"far fa-hand-pointer\" aria-hidden=\"true\"><\/i><a href=\"https:\/\/soymigrante.com\/revista\/danza-maya-de-las-guacamayas-impresiona-en-estados-unidos\/\"><\/a><\/div><div class=\"eael-entry-thumbnail \">\n                <img loading=\"lazy\" decoding=\"async\" width=\"949\" height=\"971\" src=\"https:\/\/soymigrante.com\/revista\/wp-content\/uploads\/2023\/06\/xixo-rax-danza-de-las-guacamayas-2.webp\" class=\"attachment-large size-large wp-image-29236\" alt=\"Artista en vestimenta tradicional ind\u00edgena mexicana en una presentaci\u00f3n cultural en SoyMigrante.com REVISTA.\" srcset=\"https:\/\/soymigrante.com\/revista\/wp-content\/uploads\/2023\/06\/xixo-rax-danza-de-las-guacamayas-2.webp 949w, https:\/\/soymigrante.com\/revista\/wp-content\/uploads\/2023\/06\/xixo-rax-danza-de-las-guacamayas-2-293x300.jpg 293w, https:\/\/soymigrante.com\/revista\/wp-content\/uploads\/2023\/06\/xixo-rax-danza-de-las-guacamayas-2-768x786.jpg 768w, https:\/\/soymigrante.com\/revista\/wp-content\/uploads\/2023\/06\/xixo-rax-danza-de-las-guacamayas-2-750x767.webp 750w\" sizes=\"(max-width: 949px) 100vw, 949px\" \/>\n            <\/div>\n        <\/div><div class=\"eael-entry-wrapper\"><header class=\"eael-entry-header\"><h2 class=\"eael-entry-title\"><a class=\"eael-grid-post-link\" href=\"https:\/\/soymigrante.com\/revista\/danza-maya-de-las-guacamayas-impresiona-en-estados-unidos\/\" title=\"Danza de las Guacamayas de Santa Cruz Verapaz vuela por 7 ciudades de Estados Unidos\">Danza de las Guacamayas de Santa Cruz Verapaz vuela por 7 ciudades de Estados Unidos<\/a><\/h2><\/header><div class=\"eael-entry-content\">\n                        <div class=\"eael-grid-post-excerpt\"><a href=\"https:\/\/soymigrante.com\/revista\/danza-maya-de-las-guacamayas-impresiona-en-estados-unidos\/\" class=\"eael-post-elements-readmore-btn\">CONOCE SU HISTORIA <\/a><\/div>\n                    <\/div><\/div><\/div>\n        <\/div>\n    <\/article><\/div>\n            <div class=\"clearfix\"><\/div>\n        <\/div>\t\t\t\t<\/div>\n\t\t\t\t\t<\/div>\n\t\t\t\t<\/div>\n\t\t<div data-particle_enable=\"false\" data-particle-mobile-disabled=\"false\" class=\"elementor-element elementor-element-759bb33 e-flex e-con-boxed e-con e-parent\" data-id=\"759bb33\" data-element_type=\"container\" data-e-type=\"container\">\n\t\t\t\t\t<div class=\"e-con-inner\">\n\t\t\t\t<div class=\"elementor-element elementor-element-695dc94 elementor-widget elementor-widget-text-editor\" data-id=\"695dc94\" data-element_type=\"widget\" data-e-type=\"widget\" data-widget_type=\"text-editor.default\">\n\t\t\t\t\t\t\t\t\t<p>En esta regi\u00f3n es costumbre elaborar bebidas rituales: el \u201cBoj\u201d o \u201cChicha\u201d, es jugo de ca\u00f1a y ma\u00edz quebrado. Su fermento se logra en olla de barro que se coloca en un agujero abierto en la tierra.&nbsp;<a href=\"https:\/\/soymigrante.com\/revista\/cafe-de-guatemala-9-datos-que-quiza-ya-sabias-o-tal-vez-no\/\" target=\"_blank\">El Cacao<\/a>: el grano se quebranta en piedra de moler y se tuesta. Se le a\u00f1ade pimienta, canela, vainilla y agua. Se bebe en guacalitos de morro durante las fiestas familiares o de cofrad\u00eda.&nbsp;<\/p>\n<p>La fruta del cacao se produce en el \u00e1rea Q\u2019eqchi\u2019, no en la Poqomchi\u2019. El atol shuco, se elabora con ma\u00edz negro, que se fermenta junto al fog\u00f3n de la cocina, para despu\u00e9s molerlo y hervirlo. Al servirlo se le ponen granitos de frijol negro cocido.<\/p>\t\t\t\t\t\t\t\t<\/div>\n\t\t\t\t\t<\/div>\n\t\t\t\t<\/div>\n\t\t<div data-particle_enable=\"false\" data-particle-mobile-disabled=\"false\" class=\"elementor-element elementor-element-21b41aa e-flex e-con-boxed e-con e-parent\" data-id=\"21b41aa\" data-element_type=\"container\" data-e-type=\"container\">\n\t\t\t\t\t<div class=\"e-con-inner\">\n\t\t\t\t<div class=\"elementor-element elementor-element-9447592 elementor-widget elementor-widget-video\" data-id=\"9447592\" data-element_type=\"widget\" data-e-type=\"widget\" data-settings=\"{&quot;youtube_url&quot;:&quot;https:\\\/\\\/youtu.be\\\/O71hBUYjoYQ&quot;,&quot;video_type&quot;:&quot;youtube&quot;,&quot;controls&quot;:&quot;yes&quot;}\" data-widget_type=\"video.default\">\n\t\t\t\t\t\t\t<div class=\"elementor-wrapper elementor-open-inline\">\n\t\t\t<div class=\"elementor-video\"><\/div>\t\t<\/div>\n\t\t\t\t\t\t<\/div>\n\t\t\t\t\t<\/div>\n\t\t\t\t<\/div>\n\t\t<div data-particle_enable=\"false\" data-particle-mobile-disabled=\"false\" class=\"elementor-element elementor-element-3b1c56a e-flex e-con-boxed e-con e-parent\" data-id=\"3b1c56a\" data-element_type=\"container\" data-e-type=\"container\">\n\t\t\t\t\t<div class=\"e-con-inner\">\n\t\t\t\t<div class=\"elementor-element elementor-element-d1c00c2 elementor-widget elementor-widget-heading\" data-id=\"d1c00c2\" data-element_type=\"widget\" data-e-type=\"widget\" data-widget_type=\"heading.default\">\n\t\t\t\t\t<h3 class=\"elementor-heading-title elementor-size-default\">Atuendo ancestral<\/h3>\t\t\t\t<\/div>\n\t\t\t\t\t<\/div>\n\t\t\t\t<\/div>\n\t\t<div data-particle_enable=\"false\" data-particle-mobile-disabled=\"false\" class=\"elementor-element elementor-element-8703832 e-flex e-con-boxed e-con e-parent\" data-id=\"8703832\" data-element_type=\"container\" data-e-type=\"container\">\n\t\t\t\t\t<div class=\"e-con-inner\">\n\t\t\t\t<div class=\"elementor-element elementor-element-de6a57b elementor-widget elementor-widget-text-editor\" data-id=\"de6a57b\" data-element_type=\"widget\" data-e-type=\"widget\" data-widget_type=\"text-editor.default\">\n\t\t\t\t\t\t\t\t\t<p>Los hombres elaboraban a mano sus propios trajes con hilo de algod\u00f3n blanco. El traje consist\u00eda en pantal\u00f3n corto y una especie de huipil cerrado por el frente, que paulatinamente se fue sustituyendo por camisa abotonada de corte occidental. Las sandalias se fabricaban de cuero de vaca y los sombreros de hoja de palma. Actualmente el hombre de la comunidad ya no viste el traje tradicional maya. Usa pantalones y camisas de cualquier tela de fabricaci\u00f3n industrial.<\/p><p>Las mujeres Pocomch\u2019i se dedicaban a tejer sus propios huipiles, oficio heredado y aprendido de las madres y abuelas. A\u00fan estas prendas las decoran con figuras brocadas o bordadas de: p\u00e1jaros, mariposas estrellas, rombos, venados, burros, figura humana.<\/p>\t\t\t\t\t\t\t\t<\/div>\n\t\t\t\t\t<\/div>\n\t\t\t\t<\/div>\n\t\t<div data-particle_enable=\"false\" data-particle-mobile-disabled=\"false\" class=\"elementor-element elementor-element-822b9fe e-flex e-con-boxed e-con e-parent\" data-id=\"822b9fe\" data-element_type=\"container\" data-e-type=\"container\">\n\t\t\t\t\t<div class=\"e-con-inner\">\n\t\t\t\t<div class=\"elementor-element elementor-element-4ab730d elementor-widget elementor-widget-image\" data-id=\"4ab730d\" data-element_type=\"widget\" data-e-type=\"widget\" data-widget_type=\"image.default\">\n\t\t\t\t\t\t\t\t\t\t\t\t\t\t\t<img loading=\"lazy\" decoding=\"async\" width=\"768\" height=\"1013\" src=\"https:\/\/soymigrante.com\/revista\/wp-content\/uploads\/2024\/09\/Foto-1-Tamahu-Poqomchi-768x1013.webp\" class=\"attachment-medium_large size-medium_large wp-image-9177\" alt=\"se\u00f1oras poqomchi dia de mercado\" srcset=\"https:\/\/soymigrante.com\/revista\/wp-content\/uploads\/2024\/09\/Foto-1-Tamahu-Poqomchi-768x1013.webp 768w, https:\/\/soymigrante.com\/revista\/wp-content\/uploads\/2024\/09\/Foto-1-Tamahu-Poqomchi-227x300.webp 227w, https:\/\/soymigrante.com\/revista\/wp-content\/uploads\/2024\/09\/Foto-1-Tamahu-Poqomchi-776x1024.webp 776w, https:\/\/soymigrante.com\/revista\/wp-content\/uploads\/2024\/09\/Foto-1-Tamahu-Poqomchi-1164x1536.webp 1164w, https:\/\/soymigrante.com\/revista\/wp-content\/uploads\/2024\/09\/Foto-1-Tamahu-Poqomchi-scaled.webp 1456w, https:\/\/soymigrante.com\/revista\/wp-content\/uploads\/2024\/09\/Foto-1-Tamahu-Poqomchi-750x989.webp 750w, https:\/\/soymigrante.com\/revista\/wp-content\/uploads\/2024\/09\/Foto-1-Tamahu-Poqomchi-1140x1504.webp 1140w\" sizes=\"(max-width: 768px) 100vw, 768px\" title=\"Foto 1 - Tamah\u00fa Poqomchi \u2013 SoyMigrante.com REVISTA\" \/>\t\t\t\t\t\t\t\t\t\t\t\t\t\t\t<\/div>\n\t\t\t\t\t<\/div>\n\t\t\t\t<\/div>\n\t\t<div data-particle_enable=\"false\" data-particle-mobile-disabled=\"false\" class=\"elementor-element elementor-element-4ee0d71 e-flex e-con-boxed e-con e-parent\" data-id=\"4ee0d71\" data-element_type=\"container\" data-e-type=\"container\">\n\t\t\t\t\t<div class=\"e-con-inner\">\n\t\t\t\t<div class=\"elementor-element elementor-element-593add0 elementor-widget elementor-widget-heading\" data-id=\"593add0\" data-element_type=\"widget\" data-e-type=\"widget\" data-widget_type=\"heading.default\">\n\t\t\t\t\t<h3 class=\"elementor-heading-title elementor-size-default\">Danzas tradicionales<\/h3>\t\t\t\t<\/div>\n\t\t\t\t\t<\/div>\n\t\t\t\t<\/div>\n\t\t<div data-particle_enable=\"false\" data-particle-mobile-disabled=\"false\" class=\"elementor-element elementor-element-039cc12 e-flex e-con-boxed e-con e-parent\" data-id=\"039cc12\" data-element_type=\"container\" data-e-type=\"container\">\n\t\t\t\t\t<div class=\"e-con-inner\">\n\t\t\t\t<div class=\"elementor-element elementor-element-f368c07 elementor-widget elementor-widget-text-editor\" data-id=\"f368c07\" data-element_type=\"widget\" data-e-type=\"widget\" data-widget_type=\"text-editor.default\">\n\t\t\t\t\t\t\t\t\t<p>En el \u00e1rea Poqomch\u00ed\u00a0 la danza m\u00e1s representativa es la de\u00a0<span style=\"color: var( --e-global-color-text ); text-align: var(--text-align);\">Ma\u2019 mun, o de Las Guacamayas, que se mantiene viva en Santa Cruz Verapaz gracias al entusiasmo de pobladores como Alejandro Xixo Rax, quien prosigue la tradici\u00f3n de su abuela Ana Rax, de 92 a\u00f1os, quien conserva a trav\u00e9s de memoria oral los movimientos y parlamentos de la obra.<\/span><\/p>\t\t\t\t\t\t\t\t<\/div>\n\t\t\t\t\t<\/div>\n\t\t\t\t<\/div>\n\t\t<div data-particle_enable=\"false\" data-particle-mobile-disabled=\"false\" class=\"elementor-element elementor-element-c9c2984 e-flex e-con-boxed e-con e-parent\" data-id=\"c9c2984\" data-element_type=\"container\" data-e-type=\"container\">\n\t\t\t\t\t<div class=\"e-con-inner\">\n\t\t\t\t<div class=\"elementor-element elementor-element-4a98c7b elementor-arrows-position-inside elementor-pagination-position-outside elementor-widget elementor-widget-image-carousel\" data-id=\"4a98c7b\" data-element_type=\"widget\" data-e-type=\"widget\" data-settings=\"{&quot;slides_to_show&quot;:&quot;1&quot;,&quot;navigation&quot;:&quot;both&quot;,&quot;autoplay&quot;:&quot;yes&quot;,&quot;pause_on_hover&quot;:&quot;yes&quot;,&quot;pause_on_interaction&quot;:&quot;yes&quot;,&quot;autoplay_speed&quot;:5000,&quot;infinite&quot;:&quot;yes&quot;,&quot;effect&quot;:&quot;slide&quot;,&quot;speed&quot;:500}\" data-widget_type=\"image-carousel.default\">\n\t\t\t\t\t\t\t<div class=\"elementor-image-carousel-wrapper swiper\" role=\"region\" aria-roledescription=\"carousel\" aria-label=\"Image Carousel\" dir=\"ltr\">\n\t\t\t<div class=\"elementor-image-carousel swiper-wrapper\" aria-live=\"off\">\n\t\t\t\t\t\t\t\t<div class=\"swiper-slide\" role=\"group\" aria-roledescription=\"slide\" aria-label=\"1 de 2\"><figure class=\"swiper-slide-inner\"><img decoding=\"async\" class=\"swiper-slide-image\" src=\"https:\/\/soymigrante.com\/revista\/wp-content\/uploads\/2024\/09\/danza-guacamayas-poqomchi-4-1024x704.webp\" alt=\"Alejandro &quot;Xixo&quot; Rax se ha dedicado a impulsar la Danza de las Guacamayas para conservar la tradici\u00f3n heredada de su abuela Ana Rax, de 92 a\u00f1os. Se han presentado en San Crist\u00f3bal Verapaz, pero tambi\u00e9n en Estados Unidos. (Foto FB. Xixo Rax)\" \/><figcaption class=\"elementor-image-carousel-caption\">Alejandro \"Xixo\" Rax se ha dedicado a impulsar la Danza de las Guacamayas para conservar la tradici\u00f3n heredada de su abuela Ana Rax, de 92 a\u00f1os. Se han presentado en San Crist\u00f3bal Verapaz, pero tambi\u00e9n en Estados Unidos. (Foto FB. Xixo Rax)<\/figcaption><\/figure><\/div><div class=\"swiper-slide\" role=\"group\" aria-roledescription=\"slide\" aria-label=\"2 de 2\"><figure class=\"swiper-slide-inner\"><img decoding=\"async\" class=\"swiper-slide-image\" src=\"https:\/\/soymigrante.com\/revista\/wp-content\/uploads\/2024\/09\/danza-guacamayas-poqomchi-5-1024x683.webp\" alt=\"Ancianas ind\u00edgenas con vestimenta tradicional en celebraci\u00f3n cultural, representando ra\u00edces, Alejandro &quot;Xixo&quot; Rax se ha dedicado a impulsar la Danza de las Guacamayas para conservar la tradici\u00f3n heredada de su abuela Ana Rax, de 92 a\u00f1os. Se han presentado en San Crist\u00f3bal Verapaz, pero tambi\u00e9n en Estados Unidos. (Foto FB. Xixo Rax)\" \/><figcaption class=\"elementor-image-carousel-caption\">Alejandro \"Xixo\" Rax se ha dedicado a impulsar la Danza de las Guacamayas para conservar la tradici\u00f3n heredada de su abuela Ana Rax, de 92 a\u00f1os. Se han presentado en San Crist\u00f3bal Verapaz, pero tambi\u00e9n en Estados Unidos. (Foto FB. Xixo Rax)<\/figcaption><\/figure><\/div>\t\t\t<\/div>\n\t\t\t\t\t\t\t\t\t\t\t\t<div class=\"elementor-swiper-button elementor-swiper-button-prev\" role=\"button\" tabindex=\"0\">\n\t\t\t\t\t\t<i aria-hidden=\"true\" class=\"eicon-chevron-left\"><\/i>\t\t\t\t\t<\/div>\n\t\t\t\t\t<div class=\"elementor-swiper-button elementor-swiper-button-next\" role=\"button\" tabindex=\"0\">\n\t\t\t\t\t\t<i aria-hidden=\"true\" class=\"eicon-chevron-right\"><\/i>\t\t\t\t\t<\/div>\n\t\t\t\t\n\t\t\t\t\t\t\t\t\t<div class=\"swiper-pagination\"><\/div>\n\t\t\t\t\t\t\t\t\t<\/div>\n\t\t\t\t\t\t<\/div>\n\t\t\t\t\t<\/div>\n\t\t\t\t<\/div>\n\t\t<div data-particle_enable=\"false\" data-particle-mobile-disabled=\"false\" class=\"elementor-element elementor-element-add2935 e-flex e-con-boxed e-con e-parent\" data-id=\"add2935\" data-element_type=\"container\" data-e-type=\"container\">\n\t\t\t\t\t<div class=\"e-con-inner\">\n\t\t\t\t<div class=\"elementor-element elementor-element-1f242c5 elementor-widget elementor-widget-heading\" data-id=\"1f242c5\" data-element_type=\"widget\" data-e-type=\"widget\" data-widget_type=\"heading.default\">\n\t\t\t\t\t<h3 class=\"elementor-heading-title elementor-size-default\">Pueblos por conocer<\/h3>\t\t\t\t<\/div>\n\t\t\t\t\t<\/div>\n\t\t\t\t<\/div>\n\t\t<div data-particle_enable=\"false\" data-particle-mobile-disabled=\"false\" class=\"elementor-element elementor-element-85bf099 e-flex e-con-boxed e-con e-parent\" data-id=\"85bf099\" data-element_type=\"container\" data-e-type=\"container\">\n\t\t\t\t\t<div class=\"e-con-inner\">\n\t\t\t\t<div class=\"elementor-element elementor-element-4ee07f3 elementor-grid-eael-col-3 elementor-grid-tablet-eael-col-2 elementor-grid-mobile-eael-col-1 elementor-widget elementor-widget-eael-post-grid\" data-id=\"4ee07f3\" data-element_type=\"widget\" data-e-type=\"widget\" data-settings=\"{&quot;eael_post_grid_columns&quot;:&quot;eael-col-3&quot;,&quot;eael_post_grid_columns_tablet&quot;:&quot;eael-col-2&quot;,&quot;eael_post_grid_columns_mobile&quot;:&quot;eael-col-1&quot;}\" data-widget_type=\"eael-post-grid.default\">\n\t\t\t\t\t<div id=\"eael-post-grid-4ee07f3\" class=\"eael-post-grid-container\">\n            <div class=\"eael-post-grid eael-post-appender eael-post-appender-4ee07f3 eael-post-grid-style-one\" data-layout-mode=\"masonry\"><article class=\"eael-grid-post  eael-post-grid-column eael-pg-post-8529 category-pueblos-de-guatemala\" data-id=\"8529\">\n        <div class=\"eael-grid-post-holder\">\n            <div class=\"eael-grid-post-holder-inner\"><div class=\"eael-entry-media\"><div class=\"eael-entry-overlay fade-in\"><i class=\"far fa-hand-pointer\" aria-hidden=\"true\"><\/i><a href=\"https:\/\/soymigrante.com\/revista\/etnias-de-guatemala-los-achi\/\"><\/a><\/div><div class=\"eael-entry-thumbnail \">\n                <img loading=\"lazy\" decoding=\"async\" width=\"1024\" height=\"1024\" src=\"https:\/\/soymigrante.com\/revista\/wp-content\/uploads\/2024\/08\/Achi-14-La-Conquista-e1724976866589-1024x1024.webp\" class=\"attachment-large size-large wp-image-8530\" alt=\"La danza de la Conquista de Rabina Baja Verapaz es una de las expresiones tradicionales del pueblo maya Achi\" srcset=\"https:\/\/soymigrante.com\/revista\/wp-content\/uploads\/2024\/08\/Achi-14-La-Conquista-e1724976866589-1024x1024.webp 1024w, https:\/\/soymigrante.com\/revista\/wp-content\/uploads\/2024\/08\/Achi-14-La-Conquista-e1724976866589-300x300.webp 300w, https:\/\/soymigrante.com\/revista\/wp-content\/uploads\/2024\/08\/Achi-14-La-Conquista-e1724976866589-150x150.webp 150w, https:\/\/soymigrante.com\/revista\/wp-content\/uploads\/2024\/08\/Achi-14-La-Conquista-e1724976866589-768x768.webp 768w, https:\/\/soymigrante.com\/revista\/wp-content\/uploads\/2024\/08\/Achi-14-La-Conquista-e1724976866589-75x75.webp 75w, https:\/\/soymigrante.com\/revista\/wp-content\/uploads\/2024\/08\/Achi-14-La-Conquista-e1724976866589-750x750.webp 750w, https:\/\/soymigrante.com\/revista\/wp-content\/uploads\/2024\/08\/Achi-14-La-Conquista-e1724976866589-1140x1140.webp 1140w, https:\/\/soymigrante.com\/revista\/wp-content\/uploads\/2024\/08\/Achi-14-La-Conquista-e1724976866589.webp 1280w\" sizes=\"(max-width: 1024px) 100vw, 1024px\" \/>\n            <\/div>\n        <\/div><div class=\"eael-entry-wrapper\"><header class=\"eael-entry-header\"><h2 class=\"eael-entry-title\"><a class=\"eael-grid-post-link\" href=\"https:\/\/soymigrante.com\/revista\/etnias-de-guatemala-los-achi\/\" title=\"El pueblo Achi&#8217; es descendiente de los se\u00f1ores Rabinaleb\">El pueblo Achi&#8217; es descendiente de los se\u00f1ores Rabinaleb<\/a><\/h2><\/header><div class=\"eael-entry-content\">\n                        <div class=\"eael-grid-post-excerpt\"><a href=\"https:\/\/soymigrante.com\/revista\/etnias-de-guatemala-los-achi\/\" class=\"eael-post-elements-readmore-btn\">CONOCE SU HISTORIA <\/a><\/div>\n                    <\/div><\/div><\/div>\n        <\/div>\n    <\/article><article class=\"eael-grid-post  eael-post-grid-column eael-pg-post-8616 category-pueblos-de-guatemala\" data-id=\"8616\">\n        <div class=\"eael-grid-post-holder\">\n            <div class=\"eael-grid-post-holder-inner\"><div class=\"eael-entry-media\"><div class=\"eael-entry-overlay fade-in\"><i class=\"far fa-hand-pointer\" aria-hidden=\"true\"><\/i><a href=\"https:\/\/soymigrante.com\/revista\/el-pueblo-chalchiteko-es-antiquisimo-pero-fue-reconocido-oficialmente-hasta-el-2003\/\"><\/a><\/div><div class=\"eael-entry-thumbnail \">\n                <img loading=\"lazy\" decoding=\"async\" width=\"746\" height=\"746\" src=\"https:\/\/soymigrante.com\/revista\/wp-content\/uploads\/2024\/08\/etnias-de-guatemala-chalchiteko-3.webp\" class=\"attachment-large size-large wp-image-8617\" alt=\"El pueblo Chalchiteko es antiqu\u00edsimo pero fue reconocido oficialmente hasta el 2003\" srcset=\"https:\/\/soymigrante.com\/revista\/wp-content\/uploads\/2024\/08\/etnias-de-guatemala-chalchiteko-3.webp 746w, https:\/\/soymigrante.com\/revista\/wp-content\/uploads\/2024\/08\/etnias-de-guatemala-chalchiteko-3-300x300.webp 300w, https:\/\/soymigrante.com\/revista\/wp-content\/uploads\/2024\/08\/etnias-de-guatemala-chalchiteko-3-150x150.webp 150w, https:\/\/soymigrante.com\/revista\/wp-content\/uploads\/2024\/08\/etnias-de-guatemala-chalchiteko-3-75x75.webp 75w\" sizes=\"(max-width: 746px) 100vw, 746px\" \/>\n            <\/div>\n        <\/div><div class=\"eael-entry-wrapper\"><header class=\"eael-entry-header\"><h2 class=\"eael-entry-title\"><a class=\"eael-grid-post-link\" href=\"https:\/\/soymigrante.com\/revista\/el-pueblo-chalchiteko-es-antiquisimo-pero-fue-reconocido-oficialmente-hasta-el-2003\/\" title=\"El pueblo Chalchiteko es  antiqu\u00edsimo pero fue reconocido oficialmente hasta el 2003\">El pueblo Chalchiteko es  antiqu\u00edsimo pero fue reconocido oficialmente hasta el 2003<\/a><\/h2><\/header><div class=\"eael-entry-content\">\n                        <div class=\"eael-grid-post-excerpt\"><a href=\"https:\/\/soymigrante.com\/revista\/el-pueblo-chalchiteko-es-antiquisimo-pero-fue-reconocido-oficialmente-hasta-el-2003\/\" class=\"eael-post-elements-readmore-btn\">CONOCE SU HISTORIA <\/a><\/div>\n                    <\/div><\/div><\/div>\n        <\/div>\n    <\/article><article class=\"eael-grid-post  eael-post-grid-column eael-pg-post-1909 category-guate-nuestra\" data-id=\"1909\">\n        <div class=\"eael-grid-post-holder\">\n            <div class=\"eael-grid-post-holder-inner\"><div class=\"eael-entry-media\"><div class=\"eael-entry-overlay fade-in\"><i class=\"far fa-hand-pointer\" aria-hidden=\"true\"><\/i><a href=\"https:\/\/soymigrante.com\/revista\/concepcion-chiquirichapa-agricultura-quetzaltenango\/\"><\/a><\/div><div class=\"eael-entry-thumbnail \">\n                <img loading=\"lazy\" decoding=\"async\" width=\"1024\" height=\"683\" src=\"https:\/\/soymigrante.com\/revista\/wp-content\/uploads\/2023\/07\/Paulina-Sanchez-trabaja-desde-los-17-anos-de-edad-trabajo-que-heredo-de-su-familia-1024x683.webp\" class=\"attachment-large size-large wp-image-1919\" alt=\"Paulina S\u00e1nchez trabaja desde los 17 a\u00f1os de edad trabajo que heredo de su familia\" srcset=\"https:\/\/soymigrante.com\/revista\/wp-content\/uploads\/2023\/07\/Paulina-Sanchez-trabaja-desde-los-17-anos-de-edad-trabajo-que-heredo-de-su-familia-1024x683.webp 1024w, https:\/\/soymigrante.com\/revista\/wp-content\/uploads\/2023\/07\/Paulina-Sanchez-trabaja-desde-los-17-anos-de-edad-trabajo-que-heredo-de-su-familia-300x200.webp 300w, https:\/\/soymigrante.com\/revista\/wp-content\/uploads\/2023\/07\/Paulina-Sanchez-trabaja-desde-los-17-anos-de-edad-trabajo-que-heredo-de-su-familia-768x512.webp 768w, https:\/\/soymigrante.com\/revista\/wp-content\/uploads\/2023\/07\/Paulina-Sanchez-trabaja-desde-los-17-anos-de-edad-trabajo-que-heredo-de-su-familia-1536x1024.webp 1536w, https:\/\/soymigrante.com\/revista\/wp-content\/uploads\/2023\/07\/Paulina-Sanchez-trabaja-desde-los-17-anos-de-edad-trabajo-que-heredo-de-su-familia-scaled.webp 1920w, https:\/\/soymigrante.com\/revista\/wp-content\/uploads\/2023\/07\/Paulina-Sanchez-trabaja-desde-los-17-anos-de-edad-trabajo-que-heredo-de-su-familia-750x500.webp 750w, https:\/\/soymigrante.com\/revista\/wp-content\/uploads\/2023\/07\/Paulina-Sanchez-trabaja-desde-los-17-anos-de-edad-trabajo-que-heredo-de-su-familia-1140x760.webp 1140w, https:\/\/soymigrante.com\/revista\/wp-content\/uploads\/2023\/07\/Paulina-Sanchez-trabaja-desde-los-17-anos-de-edad-trabajo-que-heredo-de-su-familia-600x400.webp 600w\" sizes=\"(max-width: 1024px) 100vw, 1024px\" \/>\n            <\/div>\n        <\/div><div class=\"eael-entry-wrapper\"><header class=\"eael-entry-header\"><h2 class=\"eael-entry-title\"><a class=\"eael-grid-post-link\" href=\"https:\/\/soymigrante.com\/revista\/concepcion-chiquirichapa-agricultura-quetzaltenango\/\" title=\"Concepci\u00f3n Chiquirichapa: un pueblo de hortalizas y grandes esperanzas\">Concepci\u00f3n Chiquirichapa: un pueblo de hortalizas y grandes esperanzas<\/a><\/h2><\/header><div class=\"eael-entry-content\">\n                        <div class=\"eael-grid-post-excerpt\"><a href=\"https:\/\/soymigrante.com\/revista\/concepcion-chiquirichapa-agricultura-quetzaltenango\/\" class=\"eael-post-elements-readmore-btn\">CONOCE SU HISTORIA <\/a><\/div>\n                    <\/div><\/div><\/div>\n        <\/div>\n    <\/article><\/div>\n            <div class=\"clearfix\"><\/div>\n        <\/div>\t\t\t\t<\/div>\n\t\t\t\t\t<\/div>\n\t\t\t\t<\/div>\n\t\t\t\t<\/div>\n\t\t","protected":false},"excerpt":{"rendered":"<p>Cuentan los abuelos que los Poqomchi\u2019 viv\u00edan en Kaqyub\u2019 y Chuwitinamit. Eran buenos amigos de los Rab\u2019inaleb\u2019. Hoy habitan en el sur de Alta Verapaz y mantienen una cultura fuerte a trav\u00e9s de sus tradiciones. En el siglo XVI, la comunidad Poqomchi\u2019 ocupaba el \u00e1rea comprendida desde el r\u00edo Chixoy, territorio entre&nbsp;Quich\u00e9&nbsp;y Alta Verapaz, hasta [&hellip;]<\/p>\n","protected":false},"author":17,"featured_media":9205,"comment_status":"open","ping_status":"open","sticky":false,"template":"","format":"standard","meta":{"_acf_changed":false,"_eb_attr":"","footnotes":""},"categories":[125],"tags":[],"class_list":["post-9166","post","type-post","status-publish","format-standard","has-post-thumbnail","hentry","category-pueblos-de-guatemala"],"acf":[],"aioseo_notices":[],"aioseo_head":"\n\t\t<!-- All in One SEO Pro 4.9.6.2 - aioseo.com -->\n\t<meta name=\"description\" content=\"Concepci\u00f3n Chiquirichapa se destaca por su producci\u00f3n agr\u00edcola, siendo un pilar econ\u00f3mico en Quetzaltenango y fuente de esperanza para sus habitantes.\" \/>\n\t<meta name=\"robots\" content=\"max-snippet:-1, max-image-preview:large, max-video-preview:-1\" \/>\n\t<meta name=\"author\" content=\"Diana Batz\"\/>\n\t<link rel=\"canonical\" href=\"https:\/\/soymigrante.com\/revista\/concepcion-chiquirichapa-agricultura-quetzaltenango\/\" \/>\n\t<meta name=\"generator\" content=\"All in One SEO Pro (AIOSEO) 4.9.6.2\" \/>\n\n\t\t<link rel=\"preconnect\" href=\"https:\/\/fonts.googleapis.com\" crossorigin>\n<link rel=\"preconnect\" href=\"https:\/\/fonts.gstatic.com\" crossorigin>\n\t\t<meta property=\"og:locale\" content=\"es_ES\" \/>\n\t\t<meta property=\"og:site_name\" content=\"SoyMigrante.com REVISTA \u2013 Nuestra misi\u00f3n es reconocer y dignificar al migrante.\" \/>\n\t\t<meta property=\"og:type\" content=\"article\" \/>\n\t\t<meta property=\"og:title\" content=\"Concepci\u00f3n Chiquirichapa: un pueblo de hortalizas y grandes esperanzas\" \/>\n\t\t<meta property=\"og:description\" content=\"Concepci\u00f3n Chiquirichapa se destaca por su producci\u00f3n agr\u00edcola, siendo un pilar econ\u00f3mico en Quetzaltenango y fuente de esperanza para sus habitantes.\" \/>\n\t\t<meta property=\"og:url\" content=\"https:\/\/soymigrante.com\/revista\/concepcion-chiquirichapa-agricultura-quetzaltenango\/\" \/>\n\t\t<meta property=\"og:image\" content=\"https:\/\/soymigrante.com\/revista\/wp-content\/uploads\/2023\/07\/Paulina-Sanchez-trabaja-desde-los-17-anos-de-edad-trabajo-que-heredo-de-su-familia-scaled.webp\" \/>\n\t\t<meta property=\"og:image:secure_url\" content=\"https:\/\/soymigrante.com\/revista\/wp-content\/uploads\/2023\/07\/Paulina-Sanchez-trabaja-desde-los-17-anos-de-edad-trabajo-que-heredo-de-su-familia-scaled.webp\" \/>\n\t\t<meta property=\"og:image:width\" content=\"1920\" \/>\n\t\t<meta property=\"og:image:height\" content=\"1280\" \/>\n\t\t<meta property=\"article:published_time\" content=\"2023-07-26T23:35:50+00:00\" \/>\n\t\t<meta property=\"article:modified_time\" content=\"2024-07-31T12:22:24+00:00\" \/>\n\t\t<meta property=\"article:publisher\" content=\"https:\/\/www.facebook.com\/soymigrantecom\" \/>\n\t\t<meta name=\"twitter:card\" content=\"summary_large_image\" \/>\n\t\t<meta name=\"twitter:site\" content=\"@SoyMigrante_com\" \/>\n\t\t<meta name=\"twitter:title\" content=\"Concepci\u00f3n Chiquirichapa: un pueblo de hortalizas y grandes esperanzas\" \/>\n\t\t<meta name=\"twitter:description\" content=\"Concepci\u00f3n Chiquirichapa se destaca por su producci\u00f3n agr\u00edcola, siendo un pilar econ\u00f3mico en Quetzaltenango y fuente de esperanza para sus habitantes.\" \/>\n\t\t<meta name=\"twitter:creator\" content=\"@SoyMigrante_com\" \/>\n\t\t<meta name=\"twitter:image\" content=\"https:\/\/soymigrante.com\/revista\/wp-content\/uploads\/2023\/07\/Paulina-Sanchez-trabaja-desde-los-17-anos-de-edad-trabajo-que-heredo-de-su-familia-scaled.webp\" \/>\n\t\t<!-- All in One SEO Pro -->\r\n\t\t<title>Concepci\u00f3n Chiquirichapa: un pueblo de hortalizas y grandes esperanzas<\/title>\n\n","aioseo_head_json":{"title":"Concepci\u00f3n Chiquirichapa: un pueblo de hortalizas y grandes esperanzas","description":"Concepci\u00f3n Chiquirichapa se destaca por su producci\u00f3n agr\u00edcola, siendo un pilar econ\u00f3mico en Quetzaltenango y fuente de esperanza para sus habitantes.","canonical_url":"https:\/\/soymigrante.com\/revista\/concepcion-chiquirichapa-agricultura-quetzaltenango\/","robots":"max-snippet:-1, max-image-preview:large, max-video-preview:-1","keywords":"","webmasterTools":{"miscellaneous":"&lt;link rel=\"preconnect\" href=\"https:\/\/fonts.googleapis.com\" crossorigin&gt;\n&lt;link rel=\"preconnect\" href=\"https:\/\/fonts.gstatic.com\" crossorigin&gt;"},"schema":null,"og:locale":"es_ES","og:site_name":"SoyMigrante.com REVISTA \u2013 Nuestra misi\u00f3n es reconocer y dignificar al migrante.","og:type":"article","og:title":"Concepci\u00f3n Chiquirichapa: un pueblo de hortalizas y grandes esperanzas","og:description":"Concepci\u00f3n Chiquirichapa se destaca por su producci\u00f3n agr\u00edcola, siendo un pilar econ\u00f3mico en Quetzaltenango y fuente de esperanza para sus habitantes.","og:url":"https:\/\/soymigrante.com\/revista\/concepcion-chiquirichapa-agricultura-quetzaltenango\/","og:image":"https:\/\/soymigrante.com\/revista\/wp-content\/uploads\/2023\/07\/Paulina-Sanchez-trabaja-desde-los-17-anos-de-edad-trabajo-que-heredo-de-su-familia-scaled.webp","og:image:secure_url":"https:\/\/soymigrante.com\/revista\/wp-content\/uploads\/2023\/07\/Paulina-Sanchez-trabaja-desde-los-17-anos-de-edad-trabajo-que-heredo-de-su-familia-scaled.webp","og:image:width":1920,"og:image:height":1280,"article:published_time":"2023-07-26T23:35:50+00:00","article:modified_time":"2024-07-31T12:22:24+00:00","article:publisher":"https:\/\/www.facebook.com\/soymigrantecom","twitter:card":"summary_large_image","twitter:site":"@SoyMigrante_com","twitter:title":"Concepci\u00f3n Chiquirichapa: un pueblo de hortalizas y grandes esperanzas","twitter:description":"Concepci\u00f3n Chiquirichapa se destaca por su producci\u00f3n agr\u00edcola, siendo un pilar econ\u00f3mico en Quetzaltenango y fuente de esperanza para sus habitantes.","twitter:creator":"@SoyMigrante_com","twitter:image":"https:\/\/soymigrante.com\/revista\/wp-content\/uploads\/2023\/07\/Paulina-Sanchez-trabaja-desde-los-17-anos-de-edad-trabajo-que-heredo-de-su-familia-scaled.webp"},"aioseo_meta_data":{"post_id":"9166","title":"Pocomchi\u00b4, el pueblo que habita el valle del Polochic","description":"Con alrededor de 90 mil habitantes, sobre todo en municipios del sur de Alta Verapaz, los poqomchi mantienen vivas tradiciones, identidad e idioma.","keywords":null,"keyphrases":{"focus":{"keyphrase":"Poqomchi","score":82,"analysis":{"keyphraseInTitle":{"score":3,"maxScore":9,"error":1},"keyphraseInDescription":{"score":9,"maxScore":9,"error":0},"keyphraseLength":{"score":9,"maxScore":9,"error":0,"length":1},"keyphraseInURL":{"score":5,"maxScore":5,"error":0},"keyphraseInIntroduction":{"score":9,"maxScore":9,"error":0},"keyphraseInSubHeadings":{"score":3,"maxScore":9,"error":1},"keyphraseInImageAlt":{"score":9,"maxScore":9,"error":0},"keywordDensity":{"type":"best","score":9,"maxScore":9,"error":0}}},"additional":[]},"primary_term":null,"canonical_url":null,"og_title":null,"og_description":null,"og_object_type":"default","og_image_type":"default","og_image_url":null,"og_image_width":null,"og_image_height":null,"og_image_custom_url":null,"og_image_custom_fields":null,"og_video":"","og_custom_url":null,"og_article_section":null,"og_article_tags":null,"twitter_use_og":false,"twitter_card":"default","twitter_image_type":"default","twitter_image_url":null,"twitter_image_custom_url":null,"twitter_image_custom_fields":null,"twitter_title":null,"twitter_description":null,"schema":{"blockGraphs":[],"customGraphs":[],"default":{"data":{"Article":[],"Course":[],"Dataset":[],"FAQPage":[],"Movie":[],"Person":[],"Product":[],"ProductReview":[],"Car":[],"Recipe":[],"Service":[],"SoftwareApplication":[],"WebPage":[]},"graphName":"none","isEnabled":true},"graphs":[]},"schema_type":"default","schema_type_options":null,"pillar_content":false,"robots_default":true,"robots_noindex":false,"robots_noarchive":false,"robots_nosnippet":false,"robots_nofollow":false,"robots_noimageindex":false,"robots_noodp":false,"robots_notranslate":false,"robots_max_snippet":"-1","robots_max_videopreview":"-1","robots_max_imagepreview":"large","priority":null,"frequency":"default","local_seo":null,"seo_analyzer_scan_date":"2025-10-08 23:08:37","breadcrumb_settings":null,"limit_modified_date":false,"reviewed_by":"0","open_ai":"{\"title\":{\"suggestions\":[],\"usage\":0},\"description\":{\"suggestions\":[],\"usage\":0}}","ai":{"faqs":[],"keyPoints":[],"titles":[],"descriptions":[],"socialPosts":{"email":[],"linkedin":[],"twitter":[],"facebook":[],"instagram":[]}},"created":"2024-09-12 21:20:58","updated":"2026-02-04 13:30:03"},"aioseo_breadcrumb":"<div class=\"aioseo-breadcrumbs\"><span class=\"aioseo-breadcrumb\">\n\t<a href=\"https:\/\/soymigrante.com\/revista\" title=\"Home\">Home<\/a>\n<\/span><span class=\"aioseo-breadcrumb-separator\">\u00bb<\/span><span class=\"aioseo-breadcrumb\">\n\t<a href=\"https:\/\/soymigrante.com\/revista\/category\/guate-nuestra\/\" title=\"Guate Nuestra\">Guate Nuestra<\/a>\n<\/span><span class=\"aioseo-breadcrumb-separator\">\u00bb<\/span><span class=\"aioseo-breadcrumb\">\n\t<a href=\"https:\/\/soymigrante.com\/revista\/category\/guate-nuestra\/pueblos-de-guatemala\/\" title=\"Pueblos de Guatemala\">Pueblos de Guatemala<\/a>\n<\/span><span class=\"aioseo-breadcrumb-separator\">\u00bb<\/span><span class=\"aioseo-breadcrumb\">\n\tPueblo Poqomchi\u2019 existe y vive en torno al Mayijinic y el Kuxanik\n<\/span><\/div>","aioseo_breadcrumb_json":[{"label":"Home","link":"https:\/\/soymigrante.com\/revista"},{"label":"Guate Nuestra","link":"https:\/\/soymigrante.com\/revista\/category\/guate-nuestra\/"},{"label":"Pueblos de Guatemala","link":"https:\/\/soymigrante.com\/revista\/category\/guate-nuestra\/pueblos-de-guatemala\/"},{"label":"Pueblo Poqomchi&#8217; existe y vive en torno al Mayijinic y el Kuxanik","link":"https:\/\/soymigrante.com\/revista\/pueblo-poqomchi-existe-y-vive-en-torno-al-mayijinic-y-el-kuxanik\/"}],"_links":{"self":[{"href":"https:\/\/soymigrante.com\/revista\/wp-json\/wp\/v2\/posts\/9166","targetHints":{"allow":["GET"]}}],"collection":[{"href":"https:\/\/soymigrante.com\/revista\/wp-json\/wp\/v2\/posts"}],"about":[{"href":"https:\/\/soymigrante.com\/revista\/wp-json\/wp\/v2\/types\/post"}],"author":[{"embeddable":true,"href":"https:\/\/soymigrante.com\/revista\/wp-json\/wp\/v2\/users\/17"}],"replies":[{"embeddable":true,"href":"https:\/\/soymigrante.com\/revista\/wp-json\/wp\/v2\/comments?post=9166"}],"version-history":[{"count":4,"href":"https:\/\/soymigrante.com\/revista\/wp-json\/wp\/v2\/posts\/9166\/revisions"}],"predecessor-version":[{"id":45088,"href":"https:\/\/soymigrante.com\/revista\/wp-json\/wp\/v2\/posts\/9166\/revisions\/45088"}],"wp:featuredmedia":[{"embeddable":true,"href":"https:\/\/soymigrante.com\/revista\/wp-json\/wp\/v2\/media\/9205"}],"wp:attachment":[{"href":"https:\/\/soymigrante.com\/revista\/wp-json\/wp\/v2\/media?parent=9166"}],"wp:term":[{"taxonomy":"category","embeddable":true,"href":"https:\/\/soymigrante.com\/revista\/wp-json\/wp\/v2\/categories?post=9166"},{"taxonomy":"post_tag","embeddable":true,"href":"https:\/\/soymigrante.com\/revista\/wp-json\/wp\/v2\/tags?post=9166"}],"curies":[{"name":"wp","href":"https:\/\/api.w.org\/{rel}","templated":true}]}}